{"id":485942,"date":"2025-12-16T05:50:34","date_gmt":"2025-12-16T04:50:34","guid":{"rendered":"https:\/\/www.radiopiu.net\/wordpress\/?p=485942"},"modified":"2025-12-16T09:05:46","modified_gmt":"2025-12-16T08:05:46","slug":"giornale-radiopiu-16-dicembre-2025-direttore-mirko-mezzacasa","status":"publish","type":"post","link":"https:\/\/www.radiopiu.net\/wordpress\/giornale-radiopiu-16-dicembre-2025-direttore-mirko-mezzacasa\/","title":{"rendered":"GIORNALE RADIOPIU 16 DICEMBRE 2025 DIRETTORE MIRKO MEZZACASA"},"content":{"rendered":"<p>********<\/p>\n<p>&nbsp;<\/p>\n<h1>LA NUOVA\u00a0 APP<\/h1>\n<p><strong><em><span style=\"color: #ff0000;\"><a class=\"dt-pswp-item\" href=\"https:\/\/www.radiopiu.net\/wordpress\/wp-content\/uploads\/2025\/11\/Screenshot-2025-11-14-052001.png\" data-dt-img-description=\"\" data-large_image_width=\"520\" data-large_image_height=\"356\"><img loading=\"lazy\" decoding=\"async\" class=\"size-medium wp-image-480474 alignleft\" src=\"https:\/\/www.radiopiu.net\/wordpress\/wp-content\/uploads\/2025\/11\/Screenshot-2025-11-14-052001-300x205.png\" alt=\"\" width=\"300\" height=\"205\" srcset=\"https:\/\/www.radiopiu.net\/wordpress\/wp-content\/uploads\/2025\/11\/Screenshot-2025-11-14-052001-300x205.png 300w, https:\/\/www.radiopiu.net\/wordpress\/wp-content\/uploads\/2025\/11\/Screenshot-2025-11-14-052001.png 520w\" sizes=\"auto, (max-width: 300px) 100vw, 300px\" \/><\/a> <\/span><\/em><\/strong><\/p>\n<p><strong><em><span style=\"color: #ff0000;\">\u00a0<\/span><\/em><\/strong><\/p>\n<p><strong><em><span style=\"color: #ff0000;\">LA\u00a0 APP PER IOS-IPHONE di Nicola Vettorello<\/span><\/em><\/strong><\/p>\n<p><strong><span style=\"color: #0000ff;\"><a style=\"color: #0000ff;\" href=\"https:\/\/apps.apple.com\/it\/app\/radio-pi%C3%B9-emittente-agordina\/id1515939845\">https:\/\/apps.apple.com\/it\/app\/radio-pi%C3%B9-emittente-agordina\/id1515939845<\/a><\/span><\/strong><\/p>\n<p><strong><em style=\"color: #ff0000;\">LA\u00a0 APP RADIO\u00a0 PER ANDROID di Nicola Vettorello<\/em><\/strong><\/p>\n<p><strong><span style=\"color: #0000ff;\"><a style=\"color: #0000ff;\" href=\"https:\/\/play.google.com\/store\/apps\/details?id=net.radiopiu.iniko\" target=\"_blank\" rel=\"noopener noreferrer\">https:\/\/<\/a><a style=\"color: #0000ff;\" href=\"https:\/\/play.google.com\/store\/apps\/details?id=net.radiopiu.iniko\" target=\"_blank\" rel=\"noopener noreferrer\">play.google.com\/store\/apps\/details?id=net.radiopiu.iniko\u00a0\u00a0\u00a0\u00a0\u00a0<\/a><\/span><\/strong><\/p>\n<p>&nbsp;<\/p>\n<p>&nbsp;<\/p>\n<p>&nbsp;<\/p>\n<hr \/>\n<p>&nbsp;<\/p>\n<blockquote>\n<div class=\"mceTemp\">\n<blockquote>\n<div class=\"mceTemp\">\n<h1 data-start=\"0\" data-end=\"60\"><strong data-start=\"0\" data-end=\"60\">OGGI SU RADIOPI\u00d9:\u00a0MUSICA, informazione\u00a0\u00a0e dirette\u00a0\u00a0<\/strong><\/h1>\n<\/div>\n<p><a class=\"dt-pswp-item\" href=\"https:\/\/www.radiopiu.net\/wordpress\/wp-content\/uploads\/2025\/12\/c139c647-33e3-410e-86d2-b3427c9adaa2.png\" data-dt-img-description=\"\" data-large_image_width=\"1024\" data-large_image_height=\"1536\"><img loading=\"lazy\" decoding=\"async\" class=\"alignnone wp-image-486177 alignleft\" src=\"https:\/\/www.radiopiu.net\/wordpress\/wp-content\/uploads\/2025\/12\/c139c647-33e3-410e-86d2-b3427c9adaa2-200x300.png\" alt=\"\" width=\"127\" height=\"191\" srcset=\"https:\/\/www.radiopiu.net\/wordpress\/wp-content\/uploads\/2025\/12\/c139c647-33e3-410e-86d2-b3427c9adaa2-200x300.png 200w, https:\/\/www.radiopiu.net\/wordpress\/wp-content\/uploads\/2025\/12\/c139c647-33e3-410e-86d2-b3427c9adaa2-683x1024.png 683w, https:\/\/www.radiopiu.net\/wordpress\/wp-content\/uploads\/2025\/12\/c139c647-33e3-410e-86d2-b3427c9adaa2-768x1152.png 768w, https:\/\/www.radiopiu.net\/wordpress\/wp-content\/uploads\/2025\/12\/c139c647-33e3-410e-86d2-b3427c9adaa2.png 1024w\" sizes=\"auto, (max-width: 127px) 100vw, 127px\" \/><\/a><\/p><\/blockquote>\n<p><strong class=\"photoswipe-wrapper\">ALLE 8.05 LA RASSEGNA STAMPA LOCALE 8.25 PIU SIAMO\u2026. DI MARINA DONA\u2019\u00a0 940 OGGI COME IERI CON SILVIA BALDO 9.50\u00a0 SPECIALE OLIMPIADI, RUBRICA SETTIMANALE A PUNTATE DI ANDREA CHICCA, PER LE TRE RADIO\u00a0 10.10 MUSLA LE NOVE IN LADIN OGGI CON MICHELA DELL&#8217;OSBEL <strong>10.30 SPECIALE IMAP LE INTERVISTE SULLE TRE RADIO L&#8217;INTERVISTA DI BARBARA PAOLAZZI CON STEFANO DAL POZZOLO RESPONSABILE PROGRAMMAZIONE\u00a0 \u00a011.00 FOGLIE E CASTAGNE\u00a0 11.30 CURIOSANDO L\u2019ANGOLO DELLE CURIOSITA\u2019 CON PAOLA LANCIATO 12 LISCIO NON TI LASCIO MIRCO BENCIVENNI 12.30 GIORNALE RADIO EDIZIONE PRINCIPALE 13.10 SPECIALE SIB INFORMA PER LE TRE RADIO&#8230; BARBARA PAOLAZZI\u00a0 \u00a013 30\u00a0 LA MUSICA COUNTRY DI ALEX NASCINBEN 14.00 TRE PER DUE PER TE E PIU&#8217; MUSICA\u00a0 \u00a01500 ARCADE SHOW CON ELIA CASAGRANDE\u00a0 <\/strong><\/strong><strong>\u00a016 45 LE HIT STORICHE DI MIRCO BENCIVENNI\u00a0\u00a019.05 LE ANTICIPAZIONI DAL TG DI ANTENNA 3 DA UN\u2019IDEA DI TIZIANA BOLOGNANI\u00a0 19.20 IL SALOTTO DELLA MUSICA A CENCENIGHE, NE PARLIAMO CON CLAUDIA E GIANPIERO, SABATO L&#8217;INAUGURAZIONE IN DIRETTA SUI CANALI SOCIAL DI RADIOPIU<\/strong><\/p>\n<p>&nbsp;<\/p>\n<\/div>\n<\/blockquote>\n<p>&nbsp;<\/p>\n<hr \/>\n<div class=\"x11i5rnm xat24cr x1mh8g0r x1vvkbs xtlvy1s x126k92a\">\n<blockquote>\n<h1><strong><br \/>\nN di parom &#8211; L Almanach de la nosta jent\u00a0 <\/strong><strong style=\"font-size: 14px;\"><span style=\"color: #ff0000;\">OGNI GIORNO ALLE CINQUE E ALLE NOVE E DIECI\u00a0 DEL MATTINO<\/span> LA PUNTATA DI OGGI, 16 DICEMBRE 2025<\/strong><\/h1>\n<\/blockquote>\n<audio class=\"wp-audio-shortcode\" id=\"audio-485942-1\" preload=\"none\" style=\"width: 100%;\" controls=\"controls\"><source type=\"audio\/mpeg\" src=\"https:\/\/www.radiopiu.net\/wordpress\/wp-content\/uploads\/2025\/12\/AL2-1.mp3?_=1\" \/><a href=\"https:\/\/www.radiopiu.net\/wordpress\/wp-content\/uploads\/2025\/12\/AL2-1.mp3\">https:\/\/www.radiopiu.net\/wordpress\/wp-content\/uploads\/2025\/12\/AL2-1.mp3<\/a><\/audio>\n<\/div>\n<p>&nbsp;<\/p>\n<hr \/>\n<div class=\"x11i5rnm xat24cr x1mh8g0r x1vvkbs xtlvy1s x126k92a\">\n<div dir=\"auto\">\n<div dir=\"auto\">\n<blockquote>\n<h2><strong><br \/>\nEL BAL DEL FIOR, DI GIULIANA DA RONCH\u00a0 <span style=\"color: #ff0000;\">ogni giorno alle sette e venti del mattino <\/span><\/strong><strong style=\"font-size: 14px;\">LA PUNTATA DI OGGI 16 DICEMBRE<\/strong><strong style=\"font-size: 14px;\">\u00a02025<\/strong><\/h2>\n<\/blockquote>\n<audio class=\"wp-audio-shortcode\" id=\"audio-485942-2\" preload=\"none\" style=\"width: 100%;\" controls=\"controls\"><source type=\"audio\/mpeg\" src=\"https:\/\/www.radiopiu.net\/wordpress\/wp-content\/uploads\/2025\/12\/GMA-1.mp3?_=2\" \/><a href=\"https:\/\/www.radiopiu.net\/wordpress\/wp-content\/uploads\/2025\/12\/GMA-1.mp3\">https:\/\/www.radiopiu.net\/wordpress\/wp-content\/uploads\/2025\/12\/GMA-1.mp3<\/a><\/audio>\n<\/div>\n<\/div>\n<\/div>\n<p>&nbsp;<\/p>\n<div class=\"x11i5rnm xat24cr x1mh8g0r x1vvkbs xtlvy1s x126k92a\">\n<div dir=\"auto\">\n<hr \/>\n<\/div>\n<\/div>\n<blockquote>\n<blockquote>\n<h1><span style=\"color: #ff0000;\">\u00a0<\/span><\/h1>\n<h1><span style=\"color: #ff0000;\">I podcast informativi del mattino &#8211; audio &#8211;\u00a0\u00a0<\/span><\/h1>\n<\/blockquote>\n<p><strong><a class=\"dt-pswp-item\" href=\"https:\/\/www.radiopiu.net\/wordpress\/wp-content\/uploads\/2024\/11\/6.jpg\" data-dt-img-description=\"\" data-large_image_width=\"177\" data-large_image_height=\"180\"><img loading=\"lazy\" decoding=\"async\" class=\"size-full wp-image-417911 alignleft\" src=\"https:\/\/www.radiopiu.net\/wordpress\/wp-content\/uploads\/2024\/11\/6.jpg\" alt=\"\" width=\"177\" height=\"180\" \/><\/a>LA RASSEGNA STAMPA NAZIONALE ALLA RADIO, OGNI GIORNO ALLE 5 E ALLE 6 DEL MATTINO <span style=\"color: #0000ff;\">viene pubblicata alle 6.00 <span style=\"color: #ff0000;\">DIRETTA RADIO\u00a0 \u00a0\u00a0<\/span><\/span><\/strong><\/p><\/blockquote>\n<h1><strong>NOTIZIE DELLA NOTTE<\/strong><\/h1>\n<p>&nbsp;<\/p>\n<p data-start=\"76\" data-end=\"274\"><strong>PACIFICO ORIENTALE<\/strong><br data-start=\"94\" data-end=\"97\" \/>Forze statunitensi hanno colpito tre imbarcazioni. Otto i morti. Le autorit\u00e0 Usa non hanno fornito dettagli sui bersagli n\u00e9 sul contesto operativo. Cresce la tensione nell\u2019area.<\/p>\n<p data-start=\"276\" data-end=\"458\"><strong>UCRAINA<\/strong><br data-start=\"283\" data-end=\"286\" \/>Il presidente Zelensky ribadisce che Kiev non riconoscer\u00e0 il Donbass come territorio russo. La dichiarazione arriva mentre proseguono i contatti diplomatici internazionali.<\/p>\n<p data-start=\"460\" data-end=\"639\"><strong>STATI UNITI \u2013 REGNO UNITO<\/strong><br data-start=\"485\" data-end=\"488\" \/>Secondo il Financial Times, Washington ha sospeso l\u2019accordo sulla cooperazione tecnologica con Londra. Possibili ripercussioni sui rapporti bilaterali.<\/p>\n<p data-start=\"641\" data-end=\"795\"><strong>STATI UNITI<\/strong><br data-start=\"652\" data-end=\"655\" \/>Donald Trump fa causa alla BBC chiedendo cinque miliardi di dollari per presunta diffamazione legata a servizi giornalistici dell\u2019emittente.<\/p>\n<p data-start=\"797\" data-end=\"943\"><strong>BOLIVIA \u2013 SANTA CRUZ<\/strong><br data-start=\"817\" data-end=\"820\" \/>Violente alluvioni hanno causato almeno 20 morti e 24 dispersi. In corso le operazioni di soccorso, dichiarata l\u2019emergenza.<\/p>\n<p data-start=\"945\" data-end=\"1081\"><strong>STATI UNITI<\/strong><br data-start=\"956\" data-end=\"959\" \/>Il Pentagono si prepara a un\u2019ampia riorganizzazione delle forze armate, secondo indiscrezioni interne all\u2019amministrazione.<\/p>\n<p data-start=\"1083\" data-end=\"1169\"><strong>ITALIA<\/strong><br data-start=\"1089\" data-end=\"1092\" \/>Sulla manovra economica il governo valuta modifiche per 3,5 miliardi di euro.<\/p>\n<h1>IL GIORNALE DELLE SEI DEL MATTINO<\/h1>\n<audio class=\"wp-audio-shortcode\" id=\"audio-485942-3\" preload=\"none\" style=\"width: 100%;\" controls=\"controls\"><source type=\"audio\/mpeg\" src=\"https:\/\/www.radiopiu.net\/wordpress\/wp-content\/uploads\/2025\/12\/GIORNALEDELLESEI-10.mp3?_=3\" \/><a href=\"https:\/\/www.radiopiu.net\/wordpress\/wp-content\/uploads\/2025\/12\/GIORNALEDELLESEI-10.mp3\">https:\/\/www.radiopiu.net\/wordpress\/wp-content\/uploads\/2025\/12\/GIORNALEDELLESEI-10.mp3<\/a><\/audio>\n<p>&nbsp;<\/p>\n<p>&nbsp;<\/p>\n<p>&nbsp;<\/p>\n<hr \/>\n<p>&nbsp;<\/p>\n<h1 style=\"text-align: center;\"><span style=\"color: #ff0000;\"><a class=\"dt-pswp-item\" href=\"https:\/\/www.radiopiu.net\/wordpress\/wp-content\/uploads\/2024\/11\/7.jpg\" data-dt-img-description=\"\" data-large_image_width=\"180\" data-large_image_height=\"180\"><img loading=\"lazy\" decoding=\"async\" class=\"size-full wp-image-417912 alignleft\" src=\"https:\/\/www.radiopiu.net\/wordpress\/wp-content\/uploads\/2024\/11\/7.jpg\" alt=\"\" width=\"180\" height=\"180\" srcset=\"https:\/\/www.radiopiu.net\/wordpress\/wp-content\/uploads\/2024\/11\/7.jpg 180w, https:\/\/www.radiopiu.net\/wordpress\/wp-content\/uploads\/2024\/11\/7-150x150.jpg 150w\" sizes=\"auto, (max-width: 180px) 100vw, 180px\" \/><\/a>I podcast informativi del mattino &#8211; audio &#8211;\u00a0<\/span><\/h1>\n<p><strong>OGNI GIORNO ALLE SETTE DEL MATTINO, LA RASSEGNA STAMPA LOCALE FLASH&#8230; PER CHI VA IN FRETTA. I TITOLI DAI GIORNALI E DAL SITO WWW.RADIOPIU.NET <span style=\"color: #0000ff;\">viene pubblicato alle 7.00<\/span> <span style=\"color: #ff0000;\">DIRETTA RADIO\u00a0<\/span><\/strong><\/p>\n<p><em><span style=\"color: #ff0000;\">per chi va in fretta&#8230; tante notizie in pochi minuti. L&#8217;informazione locale alla radio, ogni ora dalle 7 del mattino alle 19 della sera.\u00a0\u00a0<\/span><\/em><\/p>\n<p><strong data-start=\"0\" data-end=\"62\">Notizie locali dal Bellunese: tra cronaca, eventi e novit\u00e0<\/strong><\/p>\n<div class=\"flex flex-1 grow basis-auto flex-col overflow-hidden\">\n<div class=\"relative h-full\">\n<div class=\"flex h-full flex-col overflow-y-auto [scrollbar-gutter:stable]\">\n<div class=\"mt-1.5 flex flex-col text-sm @thread-xl\/thread:pt-header-height md:pb-9\">\n<article class=\"group\/turn w-full text-token-text-primary focus-visible:outline-none\" dir=\"auto\" tabindex=\"-1\" data-testid=\"conversation-turn-2\" data-scroll-anchor=\"true\">\n<div class=\"text-base my-auto mx-auto py-5 px-6\">\n<div class=\"mx-auto flex flex-1 text-base gap-4 md:gap-5 lg:gap-6 md:max-w-3xl\">\n<div class=\"group\/conversation-turn relative flex w-full min-w-0 flex-col agent-turn @xs\/thread:px-0 @sm\/thread:px-1.5 @md\/thread:px-4\">\n<div class=\"relative flex-col gap-1 md:gap-3\">\n<div class=\"flex max-w-full flex-col flex-grow\">\n<div class=\"min-h-8 text-message relative flex w-full flex-col items-end gap-2 whitespace-normal break-words text-start [.text-message+&amp;]:mt-5\" dir=\"auto\" data-message-author-role=\"assistant\" data-message-id=\"bff05fc0-dc7c-4ab7-9b20-d3eec753127b\" data-message-model-slug=\"gpt-4o-mini\">\n<div class=\"flex w-full flex-col gap-1 empty:hidden first:pt-[3px]\">\n<div class=\"markdown prose w-full break-words dark:prose-invert dark\">\n<p class=\"\" data-start=\"64\" data-end=\"329\"><em><strong>Radio Pi\u00f9 offre una panoramica sui principali eventi e notizie in provincia di Belluno, accompagnata dalla programmazione radiofonica. Tra le principali notizie<\/strong><\/em><\/p>\n<\/div>\n<\/div>\n<\/div>\n<\/div>\n<\/div>\n<\/div>\n<\/div>\n<\/div>\n<\/article>\n<\/div>\n<\/div>\n<\/div>\n<\/div>\n<h1>AUDIO dalle 7 del mattino<\/h1>\n<audio class=\"wp-audio-shortcode\" id=\"audio-485942-4\" preload=\"none\" style=\"width: 100%;\" controls=\"controls\"><source type=\"audio\/mpeg\" src=\"https:\/\/www.radiopiu.net\/wordpress\/wp-content\/uploads\/2025\/12\/GF07-12.mp3?_=4\" \/><a href=\"https:\/\/www.radiopiu.net\/wordpress\/wp-content\/uploads\/2025\/12\/GF07-12.mp3\">https:\/\/www.radiopiu.net\/wordpress\/wp-content\/uploads\/2025\/12\/GF07-12.mp3<\/a><\/audio>\n<p>&nbsp;<\/p>\n<p>&nbsp;<\/p>\n<p>&nbsp;<\/p>\n<hr \/>\n<p>&nbsp;<\/p>\n<h1><\/h1>\n<h1 style=\"text-align: center;\"><span style=\"color: #ff0000;\"><a class=\"dt-pswp-item\" href=\"https:\/\/www.radiopiu.net\/wordpress\/wp-content\/uploads\/2024\/11\/th.jpg\" data-dt-img-description=\"\" data-large_image_width=\"148\" data-large_image_height=\"179\"><img loading=\"lazy\" decoding=\"async\" class=\" wp-image-417913 alignleft\" src=\"https:\/\/www.radiopiu.net\/wordpress\/wp-content\/uploads\/2024\/11\/th.jpg\" alt=\"\" width=\"66\" height=\"80\" \/><\/a>I podcast informativi del mattino &#8211; audio &#8211;\u00a0<\/span><\/h1>\n<blockquote><p><strong>GIORNALE RADIO NAZIONALE, EDIZIONE DELLE SETTE <span style=\"color: #0000ff;\">viene pubblicato alle 7.05 <span style=\"color: #ff0000;\">DIRETTA RADIO\u00a0<\/span><\/span><\/strong><\/p><\/blockquote>\n<p><strong>il giornale radionazionale e&#8217; in onda ogni ora, dalle sette del mattino alle venti della sera\u00a0 \u00a0\u00a0<\/strong><\/p>\n<blockquote>\n<h2><em><a class=\"dt-pswp-item\" href=\"https:\/\/www.radiopiu.net\/wordpress\/wp-content\/uploads\/2025\/02\/download-7.jpg\" data-dt-img-description=\"\" data-large_image_width=\"211\" data-large_image_height=\"239\"><img loading=\"lazy\" decoding=\"async\" class=\" wp-image-435553 alignleft\" src=\"https:\/\/www.radiopiu.net\/wordpress\/wp-content\/uploads\/2025\/02\/download-7.jpg\" alt=\"\" width=\"186\" height=\"211\" \/><\/a><span style=\"color: #ff0000;\">RADIOPI\u00d9<\/span> \u2013 La voce del territorio, lo sguardo sul Paese.\u00a0<\/em><\/h2>\n<\/blockquote>\n<div class=\"flex basis-auto flex-col -mb-(--composer-overlap-px) [--composer-overlap-px:55px] grow overflow-hidden\">\n<div class=\"relative h-full\">\n<div class=\"flex h-full flex-col overflow-y-auto [scrollbar-gutter:stable_both-edges] @[84rem]\/thread:pt-(--header-height)\">\n<div class=\"@thread-xl\/thread:pt-header-height flex flex-col text-sm pb-25\">\n<article class=\"text-token-text-primary w-full focus:outline-none scroll-mt-[calc(var(--header-height)+min(200px,max(70px,20svh)))]\" dir=\"auto\" tabindex=\"-1\" data-testid=\"conversation-turn-68\" data-scroll-anchor=\"true\" data-turn=\"assistant\">\n<div class=\"text-base my-auto mx-auto pb-10 [--thread-content-margin:--spacing(4)] @[37rem]:[--thread-content-margin:--spacing(6)] @[72rem]:[--thread-content-margin:--spacing(16)] px-(--thread-content-margin)\">\n<div class=\"[--thread-content-max-width:32rem] @[34rem]:[--thread-content-max-width:40rem] @[64rem]:[--thread-content-max-width:48rem] mx-auto max-w-(--thread-content-max-width) flex-1 group\/turn-messages focus-visible:outline-hidden relative flex w-full min-w-0 flex-col agent-turn\" tabindex=\"-1\">\n<div class=\"flex max-w-full flex-col grow\">\n<div class=\"min-h-8 text-message relative flex w-full flex-col items-end gap-2 text-start break-words whitespace-normal [.text-message+&amp;]:mt-5\" dir=\"auto\" data-message-author-role=\"assistant\" data-message-id=\"44b2bab2-310d-4a9e-8ff2-f21a32a7d5b3\" data-message-model-slug=\"gpt-4-1-mini\">\n<div class=\"flex w-full flex-col gap-1 empty:hidden first:pt-[3px]\">\n<div class=\"markdown prose dark:prose-invert w-full break-words dark\">\n<p data-start=\"354\" data-end=\"576\"><strong>POZZUOLI \/ RIMINI<\/strong><br data-start=\"371\" data-end=\"374\" \/>Due ragazzini, Vincenzo e Martina, sono morti in due distinti incidenti stradali mentre andavano a scuola. In entrambi i casi lo scontro \u00e8 avvenuto tra un\u2019auto e uno scooter. Le due citt\u00e0 sono in lutto.<\/p>\n<p data-start=\"578\" data-end=\"747\"><strong>CATANIA<\/strong><br data-start=\"585\" data-end=\"588\" \/>Maxi operazione contro spaccio di droga ed estorsioni: 38 indagati. Impiegati 250 poliziotti. L\u2019inchiesta ha colpito un\u2019organizzazione radicata sul territorio.<\/p>\n<p data-start=\"749\" data-end=\"945\"><strong>NAPOLI<\/strong><br data-start=\"755\" data-end=\"758\" \/>Per la morte di una donna incinta, deceduta tre giorni dopo essere stata dimessa dal pronto soccorso, il pm ha chiesto due anni di condanna per il medico. La diagnosi era lombosciatalgia.<\/p>\n<p data-start=\"947\" data-end=\"1061\"><strong>LIVORNO<\/strong><br data-start=\"954\" data-end=\"957\" \/>Il corpo di un uomo di 40 anni \u00e8 stato trovato nelle acque dei fossi in centro citt\u00e0. Indagini in corso.<\/p>\n<p data-start=\"1063\" data-end=\"1182\"><strong>ANCONA<\/strong><br data-start=\"1069\" data-end=\"1072\" \/>Un camionista ha travolto e ucciso un operaio in bicicletta senza fermarsi. \u00c8 stato rintracciato e denunciato.<\/p>\n<p data-start=\"1184\" data-end=\"1315\"><strong>SARDEGNA<\/strong><br data-start=\"1192\" data-end=\"1195\" \/>Blitz antidroga tra l\u2019isola e la Penisola. Olbia indicata come snodo strategico. In azione due organizzazioni criminali.<\/p>\n<p data-start=\"1317\" data-end=\"1407\"><strong>BRESCIA<\/strong><br data-start=\"1324\" data-end=\"1327\" \/>Sgominata una gang di minorenni accusata di reati anche contro ragazzi disabili.<\/p>\n<p data-start=\"1409\" data-end=\"1498\"><strong>PIEMONTE<\/strong><br data-start=\"1417\" data-end=\"1420\" \/>Cinque misure cautelari per droga. Sequestrati tre Rolex e oltre 17 mila euro.<\/p>\n<p data-start=\"1695\" data-end=\"1829\"><strong>VARESE<\/strong><br data-start=\"1701\" data-end=\"1704\" \/>Nuova scritta \u201cSpara a Giorgia\u201d firmata Br su una sede della Lega. Indaga la Digos. \u00c8 il secondo episodio in poche settimane.<\/p>\n<\/div>\n<\/div>\n<\/div>\n<\/div>\n<\/div>\n<\/div>\n<\/article>\n<\/div>\n<\/div>\n<\/div>\n<\/div>\n<article class=\"text-token-text-primary w-full focus:outline-none scroll-mt-[calc(var(--header-height)+min(200px,max(70px,20svh)))]\" dir=\"auto\" tabindex=\"-1\" data-testid=\"conversation-turn-72\" data-scroll-anchor=\"true\" data-turn=\"assistant\">\n<div class=\"text-base my-auto mx-auto pb-10 [--thread-content-margin:--spacing(4)] @[37rem]:[--thread-content-margin:--spacing(6)] @[72rem]:[--thread-content-margin:--spacing(16)] px-(--thread-content-margin)\">\n<div class=\"[--thread-content-max-width:32rem] @[34rem]:[--thread-content-max-width:40rem] @[64rem]:[--thread-content-max-width:48rem] mx-auto max-w-(--thread-content-max-width) flex-1 group\/turn-messages focus-visible:outline-hidden relative flex w-full min-w-0 flex-col agent-turn\" tabindex=\"-1\">\n<div class=\"flex max-w-full flex-col grow\">\n<div class=\"min-h-8 text-message relative flex w-full flex-col items-end gap-2 text-start break-words whitespace-normal [.text-message+&amp;]:mt-5\" dir=\"auto\" data-message-author-role=\"assistant\" data-message-id=\"6ad35c52-e3d0-4186-88d9-35bb4972681f\" data-message-model-slug=\"gpt-4o\">\n<div class=\"flex w-full flex-col gap-1 empty:hidden first:pt-[3px]\">\n<div class=\"markdown prose dark:prose-invert w-full break-words dark\">\n<article class=\"text-token-text-primary w-full\" dir=\"auto\" data-testid=\"conversation-turn-163\" data-scroll-anchor=\"true\">\n<div class=\"text-base my-auto mx-auto pb-10 [--thread-content-margin:--spacing(4)] @[37rem]:[--thread-content-margin:--spacing(6)] @[72rem]:[--thread-content-margin:--spacing(16)] px-(--thread-content-margin)\">\n<div class=\"[--thread-content-max-width:32rem] @[34rem]:[--thread-content-max-width:40rem] @[64rem]:[--thread-content-max-width:48rem] mx-auto flex max-w-(--thread-content-max-width) flex-1 text-base gap-4 md:gap-5 lg:gap-6 group\/turn-messages focus-visible:outline-hidden\" tabindex=\"-1\">\n<div class=\"group\/conversation-turn relative flex w-full min-w-0 flex-col agent-turn\">\n<div class=\"relative flex-col gap-1 md:gap-3\">\n<div class=\"flex max-w-full flex-col grow\">\n<div class=\"min-h-8 text-message relative flex w-full flex-col items-end gap-2 text-start break-words whitespace-normal [.text-message+&amp;]:mt-5\" dir=\"auto\" data-message-author-role=\"assistant\" data-message-id=\"efdea043-c36a-42e6-8e01-aec593793ec1\" data-message-model-slug=\"gpt-4o\">\n<div class=\"flex w-full flex-col gap-1 empty:hidden first:pt-[3px]\">\n<div class=\"markdown prose dark:prose-invert w-full break-words dark\">\n<article class=\"text-token-text-primary w-full focus:outline-none scroll-mt-[calc(var(--header-height)+min(200px,max(70px,20svh)))]\" dir=\"auto\" tabindex=\"-1\" data-testid=\"conversation-turn-162\" data-scroll-anchor=\"true\" data-turn=\"assistant\">\n<div class=\"text-base my-auto mx-auto pb-10 [--thread-content-margin:--spacing(4)] @[37rem]:[--thread-content-margin:--spacing(6)] @[72rem]:[--thread-content-margin:--spacing(16)] px-(--thread-content-margin)\">\n<div class=\"[--thread-content-max-width:32rem] @[34rem]:[--thread-content-max-width:40rem] @[64rem]:[--thread-content-max-width:48rem] mx-auto max-w-(--thread-content-max-width) flex-1 group\/turn-messages focus-visible:outline-hidden relative flex w-full min-w-0 flex-col agent-turn\" tabindex=\"-1\">\n<div class=\"flex max-w-full flex-col grow\">\n<div class=\"min-h-8 text-message relative flex w-full flex-col items-end gap-2 text-start break-words whitespace-normal [.text-message+&amp;]:mt-5\" dir=\"auto\" data-message-author-role=\"assistant\" data-message-id=\"842efa5e-0b6b-4c68-b1eb-9dd894bae6c3\" data-message-model-slug=\"gpt-4o\">\n<div class=\"flex w-full flex-col gap-1 empty:hidden first:pt-[3px]\">\n<div class=\"markdown prose dark:prose-invert w-full break-words dark\">\n<div class=\"flex basis-auto flex-col -mb-(--composer-overlap-px) [--composer-overlap-px:55px] grow overflow-hidden\">\n<div class=\"relative h-full\">\n<div class=\"flex h-full flex-col overflow-y-auto [scrollbar-gutter:stable_both-edges] @[84rem]\/thread:pt-(--header-height)\">\n<div class=\"@thread-xl\/thread:pt-header-height flex flex-col text-sm pb-25\">\n<article class=\"text-token-text-primary w-full focus:outline-none scroll-mt-[calc(var(--header-height)+min(200px,max(70px,20svh)))]\" dir=\"auto\" tabindex=\"-1\" data-testid=\"conversation-turn-18\" data-scroll-anchor=\"true\" data-turn=\"assistant\">\n<div class=\"text-base my-auto mx-auto pb-10 [--thread-content-margin:--spacing(4)] @[37rem]:[--thread-content-margin:--spacing(6)] @[72rem]:[--thread-content-margin:--spacing(16)] px-(--thread-content-margin)\">\n<div class=\"[--thread-content-max-width:32rem] @[34rem]:[--thread-content-max-width:40rem] @[64rem]:[--thread-content-max-width:48rem] mx-auto max-w-(--thread-content-max-width) flex-1 group\/turn-messages focus-visible:outline-hidden relative flex w-full min-w-0 flex-col agent-turn\" tabindex=\"-1\">\n<div class=\"flex max-w-full flex-col grow\">\n<div class=\"min-h-8 text-message relative flex w-full flex-col items-end gap-2 text-start break-words whitespace-normal [.text-message+&amp;]:mt-5\" dir=\"auto\" data-message-author-role=\"assistant\" data-message-id=\"10a6d749-a0ed-478c-a66e-5f27b47e163c\" data-message-model-slug=\"gpt-5\">\n<div class=\"flex w-full flex-col gap-1 empty:hidden first:pt-[3px]\">\n<div class=\"markdown prose dark:prose-invert w-full break-words dark\">\n<hr data-start=\"1055\" data-end=\"1058\" \/>\n<\/div>\n<\/div>\n<\/div>\n<\/div>\n<\/div>\n<\/div>\n<\/article>\n<\/div>\n<\/div>\n<\/div>\n<\/div>\n<div id=\"thread-bottom-container\" class=\"content-fade relative isolate z-10 w-full basis-auto has-data-has-thread-error:pt-2 has-data-has-thread-error:[box-shadow:var(--sharp-edge-bottom-shadow)] md:border-transparent md:pt-0 dark:border-white\/20 md:dark:border-transparent flex flex-col\">\n<div id=\"thread-bottom\">\n<div class=\"text-base mx-auto [--thread-content-margin:--spacing(4)] @[37rem]:[--thread-content-margin:--spacing(6)] @[72rem]:[--thread-content-margin:--spacing(16)] px-(--thread-content-margin)\">\n<div class=\"[--thread-content-max-width:32rem] @[34rem]:[--thread-content-max-width:40rem] @[64rem]:[--thread-content-max-width:48rem] mx-auto max-w-(--thread-content-max-width) flex-1\">\n<div class=\"max-xs:[--force-hide-label:none] relative z-1 flex h-full max-w-full flex-1 flex-col\">\n<form class=\"w-full [view-transition-name:var(--vt-composer)]\" data-type=\"unified-composer\">\n<div class=\"bg-token-bg-primary shadow-short flex w-full cursor-text flex-col items-center justify-center overflow-clip bg-clip-padding contain-inline-size dark:bg-[#303030] rounded-[28px]\">\n<div class=\"relative flex min-h-14 w-full items-end\">\n<div class=\"relative flex w-full flex-auto flex-col\">\n<div class=\"relative mx-5 flex min-h-14 flex-auto bg-transparent items-start\">\n<div class=\"_prosemirror-parent_276o5_2 text-token-text-primary max-h-[25dvh] max-h-52 flex-1 overflow-auto [scrollbar-width:thin] default-browser vertical-scroll-fade-mask\">\n<div id=\"prompt-textarea\" class=\"ProseMirror\" contenteditable=\"true\" translate=\"no\" data-virtualkeyboard=\"true\"><\/div>\n<\/div>\n<\/div>\n<\/div>\n<\/div>\n<\/div>\n<\/form>\n<\/div>\n<\/div>\n<\/div>\n<\/div>\n<\/div>\n<\/div>\n<\/div>\n<\/div>\n<\/div>\n<\/div>\n<\/div>\n<\/article>\n<\/div>\n<\/div>\n<\/div>\n<\/div>\n<\/div>\n<\/div>\n<\/div>\n<\/div>\n<\/article>\n<\/div>\n<\/div>\n<\/div>\n<\/div>\n<\/div>\n<\/div>\n<\/article>\n<article class=\"text-token-text-primary w-full focus:outline-none scroll-mt-[calc(var(--header-height)+min(200px,max(70px,20svh)))]\" dir=\"auto\" tabindex=\"-1\" data-testid=\"conversation-turn-72\" data-scroll-anchor=\"true\" data-turn=\"assistant\">\n<div class=\"text-base my-auto mx-auto pb-10 [--thread-content-margin:--spacing(4)] @[37rem]:[--thread-content-margin:--spacing(6)] @[72rem]:[--thread-content-margin:--spacing(16)] px-(--thread-content-margin)\">\n<div class=\"[--thread-content-max-width:32rem] @[34rem]:[--thread-content-max-width:40rem] @[64rem]:[--thread-content-max-width:48rem] mx-auto max-w-(--thread-content-max-width) flex-1 group\/turn-messages focus-visible:outline-hidden relative flex w-full min-w-0 flex-col agent-turn\" tabindex=\"-1\">\n<div class=\"flex max-w-full flex-col grow\">\n<div class=\"min-h-8 text-message relative flex w-full flex-col items-end gap-2 text-start break-words whitespace-normal [.text-message+&amp;]:mt-5\" dir=\"auto\" data-message-author-role=\"assistant\" data-message-id=\"6ad35c52-e3d0-4186-88d9-35bb4972681f\" data-message-model-slug=\"gpt-4o\">\n<div class=\"flex w-full flex-col gap-1 empty:hidden first:pt-[3px]\">\n<div class=\"markdown prose dark:prose-invert w-full break-words dark\">\n<article class=\"text-token-text-primary w-full\" dir=\"auto\" data-testid=\"conversation-turn-163\" data-scroll-anchor=\"true\">\n<div class=\"text-base my-auto mx-auto pb-10 [--thread-content-margin:--spacing(4)] @[37rem]:[--thread-content-margin:--spacing(6)] @[72rem]:[--thread-content-margin:--spacing(16)] px-(--thread-content-margin)\">\n<div class=\"[--thread-content-max-width:32rem] @[34rem]:[--thread-content-max-width:40rem] @[64rem]:[--thread-content-max-width:48rem] mx-auto flex max-w-(--thread-content-max-width) flex-1 text-base gap-4 md:gap-5 lg:gap-6 group\/turn-messages focus-visible:outline-hidden\" tabindex=\"-1\">\n<div class=\"group\/conversation-turn relative flex w-full min-w-0 flex-col agent-turn\">\n<div class=\"flex items-center justify-center\"><\/div>\n<\/div>\n<\/div>\n<\/div>\n<\/article>\n<\/div>\n<\/div>\n<\/div>\n<\/div>\n<\/div>\n<\/div>\n<\/article>\n<blockquote>\n<h2><span style=\"color: #ff0000;\"><strong><a class=\"dt-pswp-item\" href=\"https:\/\/www.radiopiu.net\/wordpress\/wp-content\/uploads\/2025\/02\/download-3.jpg\" data-dt-img-description=\"\" data-large_image_width=\"223\" data-large_image_height=\"226\"><img loading=\"lazy\" decoding=\"async\" class=\"size-full wp-image-434732 alignleft\" src=\"https:\/\/www.radiopiu.net\/wordpress\/wp-content\/uploads\/2025\/02\/download-3.jpg\" alt=\"\" width=\"223\" height=\"226\" \/><\/a><\/strong>RADIOPI\u00d9<\/span> \u2013 Dalle Dolomiti alla pianura, i fatti che segnano la Regione.<\/h2>\n<\/blockquote>\n<article class=\"text-token-text-primary w-full focus:outline-none scroll-mt-[calc(var(--header-height)+min(200px,max(70px,20svh)))]\" dir=\"auto\" tabindex=\"-1\" data-testid=\"conversation-turn-112\" data-scroll-anchor=\"true\" data-turn=\"assistant\">\n<div class=\"text-base my-auto mx-auto pb-10 [--thread-content-margin:--spacing(4)] @[37rem]:[--thread-content-margin:--spacing(6)] @[72rem]:[--thread-content-margin:--spacing(16)] px-(--thread-content-margin)\">\n<div class=\"[--thread-content-max-width:32rem] @[34rem]:[--thread-content-max-width:40rem] @[64rem]:[--thread-content-max-width:48rem] mx-auto max-w-(--thread-content-max-width) flex-1 group\/turn-messages focus-visible:outline-hidden relative flex w-full min-w-0 flex-col agent-turn\" tabindex=\"-1\">\n<div class=\"flex max-w-full flex-col grow\">\n<div class=\"min-h-8 text-message relative flex w-full flex-col items-end gap-2 text-start break-words whitespace-normal [.text-message+&amp;]:mt-5\" dir=\"auto\" data-message-author-role=\"assistant\" data-message-id=\"74820017-8765-4ccc-b0c7-da916c45f87f\" data-message-model-slug=\"gpt-5\">\n<div class=\"flex w-full flex-col gap-1 empty:hidden first:pt-[3px]\">\n<div class=\"markdown prose dark:prose-invert w-full break-words dark\">\n<div class=\"relative basis-auto flex-col -mb-(--composer-overlap-px) [--composer-overlap-px:28px] grow flex overflow-hidden\">\n<div class=\"relative h-full\">\n<div class=\"flex h-full flex-col overflow-y-auto thread-xl:pt-(--header-height) [scrollbar-gutter:stable_both-edges]\">\n<div class=\"flex flex-col text-sm thread-xl:pt-header-height pb-25\">\n<article class=\"text-token-text-primary w-full focus:outline-none [--shadow-height:45px] has-data-writing-block:pointer-events-none has-data-writing-block:-mt-(--shadow-height) has-data-writing-block:pt-(--shadow-height) [&amp;:has([data-writing-block])&gt;*]:pointer-events-auto [content-visibility:auto] supports-[content-visibility:auto]:[contain-intrinsic-size:auto_100lvh] scroll-mt-[calc(var(--header-height)+min(200px,max(70px,20svh)))]\" dir=\"auto\" tabindex=\"-1\" data-turn-id=\"request-WEB:f8ffeb3c-baa0-48e0-8b17-3970ffbe6842-60\" data-testid=\"conversation-turn-122\" data-scroll-anchor=\"true\" data-turn=\"assistant\">\n<div class=\"text-base my-auto mx-auto pb-10 [--thread-content-margin:--spacing(4)] thread-sm:[--thread-content-margin:--spacing(6)] thread-lg:[--thread-content-margin:--spacing(16)] px-(--thread-content-margin)\">\n<div class=\"[--thread-content-max-width:40rem] thread-lg:[--thread-content-max-width:48rem] mx-auto max-w-(--thread-content-max-width) flex-1 group\/turn-messages focus-visible:outline-hidden relative flex w-full min-w-0 flex-col agent-turn\" tabindex=\"-1\">\n<div class=\"flex max-w-full flex-col grow\">\n<div class=\"min-h-8 text-message relative flex w-full flex-col items-end gap-2 text-start break-words whitespace-normal [.text-message+&amp;]:mt-1\" dir=\"auto\" data-message-author-role=\"assistant\" data-message-id=\"50092257-b8bc-4924-9476-23af7a5e8ef1\" data-message-model-slug=\"gpt-5-1\">\n<div class=\"flex w-full flex-col gap-1 empty:hidden first:pt-[1px]\">\n<article class=\"text-token-text-primary w-full focus:outline-none [--shadow-height:45px] has-data-writing-block:pointer-events-none has-data-writing-block:-mt-(--shadow-height) has-data-writing-block:pt-(--shadow-height) [&amp;:has([data-writing-block])&gt;*]:pointer-events-auto [content-visibility:auto] supports-[content-visibility:auto]:[contain-intrinsic-size:auto_100lvh] scroll-mt-[calc(var(--header-height)+min(200px,max(70px,20svh)))]\" dir=\"auto\" tabindex=\"-1\" data-turn-id=\"bcd57aae-c267-4c0d-931b-2471e6d3993b\" data-testid=\"conversation-turn-166\" data-scroll-anchor=\"true\" data-turn=\"assistant\">\n<div class=\"text-base my-auto mx-auto pb-10 [--thread-content-margin:--spacing(4)] thread-sm:[--thread-content-margin:--spacing(6)] thread-lg:[--thread-content-margin:--spacing(16)] px-(--thread-content-margin)\">\n<div class=\"[--thread-content-max-width:40rem] thread-lg:[--thread-content-max-width:48rem] mx-auto max-w-(--thread-content-max-width) flex-1 group\/turn-messages focus-visible:outline-hidden relative flex w-full min-w-0 flex-col agent-turn\" tabindex=\"-1\">\n<div class=\"flex max-w-full flex-col grow\">\n<div class=\"min-h-8 text-message relative flex w-full flex-col items-end gap-2 text-start break-words whitespace-normal [.text-message+&amp;]:mt-1\" dir=\"auto\" data-message-author-role=\"assistant\" data-message-id=\"d52fa3c3-3b59-47cd-897c-029ad206cdab\" data-message-model-slug=\"gpt-5-1\">\n<div class=\"flex w-full flex-col gap-1 empty:hidden first:pt-[1px]\">\n<div class=\"markdown prose dark:prose-invert w-full break-words dark markdown-new-styling\">\n<p data-start=\"184\" data-end=\"365\"><strong>PADOVA<\/strong><br data-start=\"190\" data-end=\"193\" \/>Svolta nell\u2019omicidio dell\u2019ex guardia carceraria: arrestato un operaio di 45 anni. L\u2019uomo \u00e8 stato portato in carcere. Domani l\u2019interrogatorio di garanzia davanti al giudice.<\/p>\n<p data-start=\"367\" data-end=\"569\"><strong>VICENZA<\/strong><br data-start=\"374\" data-end=\"377\" \/>Sgomberato all\u2019alba il centro sociale Bocciodromo. Durante l\u2019operazione tensioni con gruppi No Tav: lanciati fumogeni contro gli agenti. Nessun ferito grave, l\u2019area \u00e8 stata messa in sicurezza.<\/p>\n<p data-start=\"571\" data-end=\"737\"><strong>VENETO<\/strong><br data-start=\"577\" data-end=\"580\" \/>Violenza sessuale su una figliastra disabile: un uomo \u00e8 stato condannato a nove anni di reclusione. La vittima ha confermato gli abusi in audizione protetta.<\/p>\n<p data-start=\"917\" data-end=\"1087\"><strong>VENEZIA<\/strong><br data-start=\"924\" data-end=\"927\" \/>Quindici denunce nel 2025 per conversione di patenti estere con documenti falsi. L\u2019attivit\u00e0 \u00e8 stata svolta dalla polizia locale con Motorizzazione e Prefettura.<\/p>\n<p data-start=\"1230\" data-end=\"1379\"><strong>TREZZANO<\/strong><br data-start=\"1238\" data-end=\"1241\" \/>Insulto razzista a un ragazzino durante un torneo giovanile. La squadra inglese Queens Park Rangers ha abbandonato la Winter Cup Under 13. La Virtus Verona nega che ci sia di mezzo un insulto razzista e nessuno \u2014 se non le due squadre \u2014 era presente in quel momento. L&#8217;arbitro non si era accorto di nulla, gli organizzatori non avevano strumenti. E allora la squadra londinese ha preso una decisione in autonomia, abbandonando la competizione.<\/p>\n<\/div>\n<\/div>\n<\/div>\n<\/div>\n<\/div>\n<\/div>\n<\/article>\n<\/div>\n<\/div>\n<\/div>\n<\/div>\n<\/div>\n<\/article>\n<\/div>\n<\/div>\n<\/div>\n<\/div>\n<\/div>\n<\/div>\n<\/div>\n<\/div>\n<\/div>\n<\/div>\n<\/article>\n<h1><span style=\"color: #ff0000;\"><span style=\"color: #0000ff;\">ULTIM&#8217;ORA<\/span> <span style=\"color: #000000;\">AUDIO dalle sette del mattino, ogni ora alla radio EDIZIONE DELLE SETTE<\/span><\/span><\/h1>\n<audio class=\"wp-audio-shortcode\" id=\"audio-485942-5\" preload=\"none\" style=\"width: 100%;\" controls=\"controls\"><source type=\"audio\/mpeg\" src=\"https:\/\/www.radiopiu.net\/wordpress\/wp-content\/uploads\/2025\/12\/giornale07-14.mp3?_=5\" \/><a href=\"https:\/\/www.radiopiu.net\/wordpress\/wp-content\/uploads\/2025\/12\/giornale07-14.mp3\">https:\/\/www.radiopiu.net\/wordpress\/wp-content\/uploads\/2025\/12\/giornale07-14.mp3<\/a><\/audio>\n<p>&nbsp;<\/p>\n<p>&nbsp;<\/p>\n<p>&nbsp;<\/p>\n<hr \/>\n<p>&nbsp;<\/p>\n<h1><span style=\"color: #ff0000;\"><a class=\"dt-pswp-item\" href=\"https:\/\/www.radiopiu.net\/wordpress\/wp-content\/uploads\/2024\/11\/8.jpg\" data-dt-img-description=\"\" data-large_image_width=\"180\" data-large_image_height=\"180\"><img loading=\"lazy\" decoding=\"async\" class=\"size-full wp-image-417910 alignleft\" src=\"https:\/\/www.radiopiu.net\/wordpress\/wp-content\/uploads\/2024\/11\/8.jpg\" alt=\"\" width=\"180\" height=\"180\" srcset=\"https:\/\/www.radiopiu.net\/wordpress\/wp-content\/uploads\/2024\/11\/8.jpg 180w, https:\/\/www.radiopiu.net\/wordpress\/wp-content\/uploads\/2024\/11\/8-150x150.jpg 150w\" sizes=\"auto, (max-width: 180px) 100vw, 180px\" \/><\/a>I podcast informativi del mattino &#8211; video &#8211;\u00a0<\/span><\/h1>\n<h2 style=\"text-align: left;\"><strong>RASSEGNA STAMPA LOCALE, ORE OTTO<\/strong><\/h2>\n<h2><strong> <span style=\"color: #0000ff;\">viene\u00a0 <\/span><\/strong><strong><span style=\"color: #0000ff;\">pubblicata alle 8.05 <span style=\"color: #ff0000;\">DIRETTA RADIO\u00a0 \u00a0<\/span><\/span><\/strong><strong>DI MIRKO MEZZACASA<\/strong><\/h2>\n<h1><span style=\"color: #ff0000;\"><strong>VIDEO\u00a0 \u00a0in diretta AGGIORNAMENTO\u00a0 dalle 8 del mattino\u00a0 \u00a0<\/strong><\/span><\/h1>\n<p><iframe loading=\"lazy\" title=\"DAL 1983 LA RASSEGNA STAMPA LOCALE di mirko mezzacasa. L&#039;ORIGINALE\" width=\"1200\" height=\"675\" src=\"https:\/\/www.youtube.com\/embed\/GX2eX3nQgy0?feature=oembed\" frameborder=\"0\" allow=\"accelerometer; autoplay; clipboard-write; encrypted-media; gyroscope; picture-in-picture; web-share\" referrerpolicy=\"strict-origin-when-cross-origin\" allowfullscreen><\/iframe><\/p>\n\n\t\t\t<style type='text\/css'>\n\t\t\t\t#gallery-1 {\n\t\t\t\t\tmargin: auto;\n\t\t\t\t}\n\t\t\t\t#gallery-1 .gallery-item {\n\t\t\t\t\tfloat: left;\n\t\t\t\t\tmargin-top: 10px;\n\t\t\t\t\ttext-align: center;\n\t\t\t\t\twidth: 33%;\n\t\t\t\t}\n\t\t\t\t#gallery-1 img {\n\t\t\t\t\tborder: 2px solid #cfcfcf;\n\t\t\t\t}\n\t\t\t\t#gallery-1 .gallery-caption {\n\t\t\t\t\tmargin-left: 0;\n\t\t\t\t}\n\t\t\t\t\/* see gallery_shortcode() in wp-includes\/media.php *\/\n\t\t\t<\/style>\n\t\t<div id='gallery-1' class='dt-gallery-container gallery galleryid-485942 gallery-columns-3 gallery-size-medium'><dl class='gallery-item'>\n\t\t\t\t<dt class='gallery-icon landscape'>\n\t\t\t\t\t<a class=\"rollover rollover-zoom dt-pswp-item\" title=\"Screenshot 2025-12-16 050803\" data-dt-img-description=\"\" data-large_image_width=\"697\" data-large_image_height=\"297\"href='https:\/\/www.radiopiu.net\/wordpress\/wp-content\/uploads\/2025\/12\/Screenshot-2025-12-16-050803.png'><img loading=\"lazy\" decoding=\"async\" width=\"300\" height=\"128\" src=\"https:\/\/www.radiopiu.net\/wordpress\/wp-content\/uploads\/2025\/12\/Screenshot-2025-12-16-050803-300x128.png\" class=\"attachment-medium size-medium\" alt=\"\" srcset=\"https:\/\/www.radiopiu.net\/wordpress\/wp-content\/uploads\/2025\/12\/Screenshot-2025-12-16-050803-300x128.png 300w, https:\/\/www.radiopiu.net\/wordpress\/wp-content\/uploads\/2025\/12\/Screenshot-2025-12-16-050803.png 697w\" sizes=\"auto, (max-width: 300px) 100vw, 300px\" \/><\/a>\n\t\t\t\t<\/dt><\/dl><dl class='gallery-item'>\n\t\t\t\t<dt class='gallery-icon landscape'>\n\t\t\t\t\t<a class=\"rollover rollover-zoom dt-pswp-item\" title=\"Screenshot 2025-12-16 050700\" data-dt-img-description=\"\" data-large_image_width=\"682\" data-large_image_height=\"282\"href='https:\/\/www.radiopiu.net\/wordpress\/wp-content\/uploads\/2025\/12\/Screenshot-2025-12-16-050700.png'><img loading=\"lazy\" decoding=\"async\" width=\"300\" height=\"124\" src=\"https:\/\/www.radiopiu.net\/wordpress\/wp-content\/uploads\/2025\/12\/Screenshot-2025-12-16-050700-300x124.png\" class=\"attachment-medium size-medium\" alt=\"\" srcset=\"https:\/\/www.radiopiu.net\/wordpress\/wp-content\/uploads\/2025\/12\/Screenshot-2025-12-16-050700-300x124.png 300w, https:\/\/www.radiopiu.net\/wordpress\/wp-content\/uploads\/2025\/12\/Screenshot-2025-12-16-050700.png 682w\" sizes=\"auto, (max-width: 300px) 100vw, 300px\" \/><\/a>\n\t\t\t\t<\/dt><\/dl><dl class='gallery-item'>\n\t\t\t\t<dt class='gallery-icon landscape'>\n\t\t\t\t\t<a class=\"rollover rollover-zoom dt-pswp-item\" title=\"Screenshot 2025-12-16 050134\" data-dt-img-description=\"\" data-large_image_width=\"483\" data-large_image_height=\"257\"href='https:\/\/www.radiopiu.net\/wordpress\/wp-content\/uploads\/2025\/12\/Screenshot-2025-12-16-050134.png'><img loading=\"lazy\" decoding=\"async\" width=\"300\" height=\"160\" src=\"https:\/\/www.radiopiu.net\/wordpress\/wp-content\/uploads\/2025\/12\/Screenshot-2025-12-16-050134-300x160.png\" class=\"attachment-medium size-medium\" alt=\"\" srcset=\"https:\/\/www.radiopiu.net\/wordpress\/wp-content\/uploads\/2025\/12\/Screenshot-2025-12-16-050134-300x160.png 300w, https:\/\/www.radiopiu.net\/wordpress\/wp-content\/uploads\/2025\/12\/Screenshot-2025-12-16-050134.png 483w\" sizes=\"auto, (max-width: 300px) 100vw, 300px\" \/><\/a>\n\t\t\t\t<\/dt><\/dl><br style=\"clear: both\" \/>\n\t\t\t<\/div>\n\n<hr \/>\n<p>&nbsp;<\/p>\n<p><strong class=\"photoswipe-wrapper\"><a class=\"dt-pswp-item pspw-wrap-ready\" href=\"https:\/\/www.radiopiu.net\/wordpress\/wp-content\/uploads\/2024\/11\/th-17.jpg\" data-dt-img-description=\"\" data-large_image_width=\"224\" data-large_image_height=\"180\"><img loading=\"lazy\" decoding=\"async\" class=\" wp-image-421610 alignleft\" src=\"https:\/\/www.radiopiu.net\/wordpress\/wp-content\/uploads\/2024\/11\/th-17.jpg\" alt=\"\" width=\"167\" height=\"134\" \/><\/a>ogni sera alle 19 le anticipazioni alla radio, quello che poi seguirete nel TELEGIORNALE BELLUNESE\u00a0 in onda alle 19.30 sul CANALE 10 del digitale terrestre.\u00a0\u00a0<\/strong><\/p>\n<p><b>\u00a0<\/b><\/p>\n<p>&nbsp;<\/p>\n<p>&nbsp;<\/p>\n<blockquote>\n<h2>ANTICIPAZIONI, DI TIZIANA BOLOGNANI<\/h2>\n<audio class=\"wp-audio-shortcode\" id=\"audio-485942-6\" preload=\"none\" style=\"width: 100%;\" controls=\"controls\"><source type=\"audio\/mpeg\" src=\"https:\/\/www.radiopiu.net\/wordpress\/wp-content\/uploads\/2025\/12\/ANTENNA3-9.mp3?_=6\" \/><a href=\"https:\/\/www.radiopiu.net\/wordpress\/wp-content\/uploads\/2025\/12\/ANTENNA3-9.mp3\">https:\/\/www.radiopiu.net\/wordpress\/wp-content\/uploads\/2025\/12\/ANTENNA3-9.mp3<\/a><\/audio><\/blockquote>\n<p>&nbsp;<\/p>\n<p>&nbsp;<\/p>\n<hr \/>\n<p>&nbsp;<\/p>\n<blockquote>\n<h3>ACQUA NON POTABILE A VOLTAGO<\/h3>\n<\/blockquote>\n<p><strong><a class=\"dt-pswp-item\" href=\"https:\/\/www.radiopiu.net\/wordpress\/wp-content\/uploads\/2018\/08\/ACQUA.jpeg\" data-dt-img-description=\"\" data-large_image_width=\"1280\" data-large_image_height=\"768\"><img loading=\"lazy\" decoding=\"async\" class=\" wp-image-57052 alignleft\" src=\"https:\/\/www.radiopiu.net\/wordpress\/wp-content\/uploads\/2018\/08\/ACQUA-300x180.jpeg\" alt=\"\" width=\"108\" height=\"65\" srcset=\"https:\/\/www.radiopiu.net\/wordpress\/wp-content\/uploads\/2018\/08\/ACQUA-300x180.jpeg 300w, https:\/\/www.radiopiu.net\/wordpress\/wp-content\/uploads\/2018\/08\/ACQUA-768x461.jpeg 768w, https:\/\/www.radiopiu.net\/wordpress\/wp-content\/uploads\/2018\/08\/ACQUA-1024x614.jpeg 1024w, https:\/\/www.radiopiu.net\/wordpress\/wp-content\/uploads\/2018\/08\/ACQUA.jpeg 1280w\" sizes=\"auto, (max-width: 108px) 100vw, 108px\" \/><\/a>VOLTAGO<\/strong> Servizi Integrati Bellunesi comunica che in Via Struz, a Voltago Agordino, l\u2019acqua dell\u2019acquedotto non \u00e8 potabile e pu\u00f2 essere utilizzata a fini alimentari solo previa bollitura. \u00c8 attivo un servizio sostitutivo tramite cisterna posizionata in Via Struz. SIB informa inoltre di aver gi\u00e0 avviato le operazioni di pulizia e disinfezione dei serbatoi e della rete idrica.<\/p>\n<p>&nbsp;<\/p>\n<p>&nbsp;<\/p>\n<hr \/>\n<p>&nbsp;<\/p>\n<blockquote>\n<h3>INCIDENTE SULLA SS 50 A BELLUNO: UN FERITO<\/h3>\n<\/blockquote>\n<p><strong>BELLUNO<\/strong> Ieri mattina i Vigili del Fuoco di Belluno sono intervenuti sulla SS 50, in localit\u00e0 Boscon, nel comune di Belluno, a seguito di un incidente stradale causato dall\u2019uscita autonoma di un veicolo. La squadra, proveniente dalla sede centrale, ha messo in sicurezza il mezzo e l\u2019area circostante, garantendo l\u2019incolumit\u00e0 dei presenti e la regolare gestione del traffico. Il conducente coinvolto nell\u2019incidente \u00e8 stato preso in cura dal personale sanitario del SUEM 118, che ha provveduto a stabilizzarlo e a trasportarlo per ulteriori accertamenti, mentre la Polizia Stradale ha effettuato i rilievi necessari per ricostruire la dinamica dell\u2019evento. L\u2019intervento dei Vigili del Fuoco si \u00e8 concluso alle ore 9:30, consentendo la riapertura completa della carreggiata e il ritorno alla normale circolazione stradale. L\u2019episodio evidenzia l\u2019importanza della prontezza dei soccorsi in caso di incidenti sulle arterie principali.<\/p>\n\n\t\t\t<style type='text\/css'>\n\t\t\t\t#gallery-2 {\n\t\t\t\t\tmargin: auto;\n\t\t\t\t}\n\t\t\t\t#gallery-2 .gallery-item {\n\t\t\t\t\tfloat: left;\n\t\t\t\t\tmargin-top: 10px;\n\t\t\t\t\ttext-align: center;\n\t\t\t\t\twidth: 50%;\n\t\t\t\t}\n\t\t\t\t#gallery-2 img {\n\t\t\t\t\tborder: 2px solid #cfcfcf;\n\t\t\t\t}\n\t\t\t\t#gallery-2 .gallery-caption {\n\t\t\t\t\tmargin-left: 0;\n\t\t\t\t}\n\t\t\t\t\/* see gallery_shortcode() in wp-includes\/media.php *\/\n\t\t\t<\/style>\n\t\t<div id='gallery-2' class='dt-gallery-container gallery galleryid-485942 gallery-columns-2 gallery-size-medium'><dl class='gallery-item'>\n\t\t\t\t<dt class='gallery-icon landscape'>\n\t\t\t\t\t<a class=\"rollover rollover-zoom dt-pswp-item\" title=\"d12acf16-3c7d-499f-a056-258fb719a8ad\" data-dt-img-description=\"\" data-large_image_width=\"1280\" data-large_image_height=\"720\"href='https:\/\/www.radiopiu.net\/wordpress\/wp-content\/uploads\/2025\/12\/d12acf16-3c7d-499f-a056-258fb719a8ad.jpg'><img loading=\"lazy\" decoding=\"async\" width=\"300\" height=\"169\" src=\"https:\/\/www.radiopiu.net\/wordpress\/wp-content\/uploads\/2025\/12\/d12acf16-3c7d-499f-a056-258fb719a8ad-300x169.jpg\" class=\"attachment-medium size-medium\" alt=\"\" srcset=\"https:\/\/www.radiopiu.net\/wordpress\/wp-content\/uploads\/2025\/12\/d12acf16-3c7d-499f-a056-258fb719a8ad-300x169.jpg 300w, https:\/\/www.radiopiu.net\/wordpress\/wp-content\/uploads\/2025\/12\/d12acf16-3c7d-499f-a056-258fb719a8ad-1024x576.jpg 1024w, https:\/\/www.radiopiu.net\/wordpress\/wp-content\/uploads\/2025\/12\/d12acf16-3c7d-499f-a056-258fb719a8ad-768x432.jpg 768w, https:\/\/www.radiopiu.net\/wordpress\/wp-content\/uploads\/2025\/12\/d12acf16-3c7d-499f-a056-258fb719a8ad.jpg 1280w\" sizes=\"auto, (max-width: 300px) 100vw, 300px\" \/><\/a>\n\t\t\t\t<\/dt><\/dl><dl class='gallery-item'>\n\t\t\t\t<dt class='gallery-icon landscape'>\n\t\t\t\t\t<a class=\"rollover rollover-zoom dt-pswp-item\" title=\"27ff46c6-ecaf-4593-be8d-36d3401692a1\" data-dt-img-description=\"\" data-large_image_width=\"1280\" data-large_image_height=\"720\"href='https:\/\/www.radiopiu.net\/wordpress\/wp-content\/uploads\/2025\/12\/27ff46c6-ecaf-4593-be8d-36d3401692a1.jpg'><img loading=\"lazy\" decoding=\"async\" width=\"300\" height=\"169\" src=\"https:\/\/www.radiopiu.net\/wordpress\/wp-content\/uploads\/2025\/12\/27ff46c6-ecaf-4593-be8d-36d3401692a1-300x169.jpg\" class=\"attachment-medium size-medium\" alt=\"\" srcset=\"https:\/\/www.radiopiu.net\/wordpress\/wp-content\/uploads\/2025\/12\/27ff46c6-ecaf-4593-be8d-36d3401692a1-300x169.jpg 300w, https:\/\/www.radiopiu.net\/wordpress\/wp-content\/uploads\/2025\/12\/27ff46c6-ecaf-4593-be8d-36d3401692a1-1024x576.jpg 1024w, https:\/\/www.radiopiu.net\/wordpress\/wp-content\/uploads\/2025\/12\/27ff46c6-ecaf-4593-be8d-36d3401692a1-768x432.jpg 768w, https:\/\/www.radiopiu.net\/wordpress\/wp-content\/uploads\/2025\/12\/27ff46c6-ecaf-4593-be8d-36d3401692a1.jpg 1280w\" sizes=\"auto, (max-width: 300px) 100vw, 300px\" \/><\/a>\n\t\t\t\t<\/dt><\/dl><br style=\"clear: both\" \/>\n\t\t\t<\/div>\n\n<p>&nbsp;<\/p>\n<hr \/>\n<p>&nbsp;<\/p>\n<blockquote>\n<h3>LAVORO NERO, SCATTA LA SOSPENSIONE A FELTRE<\/h3>\n<\/blockquote>\n<p><strong><a class=\"dt-pswp-item\" href=\"https:\/\/www.radiopiu.net\/wordpress\/wp-content\/uploads\/2025\/12\/download-13.jpg\" data-dt-img-description=\"\" data-large_image_width=\"306\" data-large_image_height=\"165\"><img loading=\"lazy\" decoding=\"async\" class=\" wp-image-486057 alignleft\" src=\"https:\/\/www.radiopiu.net\/wordpress\/wp-content\/uploads\/2025\/12\/download-13-300x162.jpg\" alt=\"\" width=\"206\" height=\"111\" srcset=\"https:\/\/www.radiopiu.net\/wordpress\/wp-content\/uploads\/2025\/12\/download-13-300x162.jpg 300w, https:\/\/www.radiopiu.net\/wordpress\/wp-content\/uploads\/2025\/12\/download-13.jpg 306w\" sizes=\"auto, (max-width: 206px) 100vw, 206px\" \/><\/a>FELTRE<\/strong> Un bar di Feltre \u00e8 stato sospeso dai Carabinieri del NIL di Belluno dopo aver scoperto un lavoratore \u201cin nero\u201d, privo di qualsiasi copertura assicurativa e previdenziale, intento a servire la clientela. L\u2019intervento rientra in un\u2019ampia attivit\u00e0 ispettiva condotta dal NIL, con il supporto dell\u2019Arma Territoriale, volta a verificare il rispetto delle norme sul lavoro e sulla sicurezza. L\u2019operazione, basata su un\u2019analisi info-operativa approfondita, ha interessato l\u2019intera provincia, con particolare attenzione a pubblici esercizi, edilizia e agricoltura, coinvolgendo comuni come Alpago, Belluno, Livinallongo del Col di Lana, Limana, Pieve di Cadore, Pedavena, Tambre, Soverzene, Vigo di Cadore e Santo Stefano di Cadore. Complessivamente sono state riscontrate irregolarit\u00e0 in 14 aziende: quattro agricole, un cantiere edile, otto pubblici esercizi e un esercizio commerciale. Le violazioni riguardano formazione mancante, sorveglianza sanitaria assente, documenti di sicurezza non aggiornati e attrezzature non conformi, comprese impalcature insufficienti. L\u2019attivit\u00e0 ha portato a sanzioni e ammende superiori a 170 mila euro, confermando l\u2019impegno dei Carabinieri nel contrasto al lavoro irregolare e nella tutela della sicurezza dei lavoratori.<\/p>\n<p>&nbsp;<\/p>\n<p>&nbsp;<\/p>\n<hr \/>\n<p>&nbsp;<\/p>\n<blockquote>\n<h3>GDF BELLUNO: SEQUESTRATI OLTRE 6.500 PRODOTTI NON SICURI<\/h3>\n<\/blockquote>\n<p><strong>BELLUNO\/FELTRE<\/strong> La Guardia di Finanza di Belluno ha intensificato i controlli contro la diffusione di prodotti non conformi alle norme di sicurezza e tutela dei consumatori, sequestrando complessivamente oltre 6.500 articoli irregolari in due distinti interventi. Nel primo caso, il Gruppo di Belluno ha sequestrato pi\u00f9 di 5.000 prodotti a tema natalizio, tra decorazioni e articoli casalinghi, per un valore superiore a 24 mila euro, all\u2019interno di un esercizio commerciale del Bellunese gestito da un cittadino cinese. Nel secondo intervento, la Tenenza di Feltre ha sottoposto a sequestro circa 1.400 prodotti di largo consumo \u2013 tra fai da te, casalinghi, accessori, cancelleria e giocattoli \u2013 per un valore di oltre 71 mila euro, in un negozio del Feltrino gestito da un cittadino pakistano. In entrambi i casi, i prodotti erano privi delle informazioni obbligatorie in lingua italiana. I titolari sono stati segnalati alla Camera di Commercio e rischiano sanzioni fino a oltre 25 mila euro.<\/p>\n\n\t\t\t<style type='text\/css'>\n\t\t\t\t#gallery-3 {\n\t\t\t\t\tmargin: auto;\n\t\t\t\t}\n\t\t\t\t#gallery-3 .gallery-item {\n\t\t\t\t\tfloat: left;\n\t\t\t\t\tmargin-top: 10px;\n\t\t\t\t\ttext-align: center;\n\t\t\t\t\twidth: 50%;\n\t\t\t\t}\n\t\t\t\t#gallery-3 img {\n\t\t\t\t\tborder: 2px solid #cfcfcf;\n\t\t\t\t}\n\t\t\t\t#gallery-3 .gallery-caption {\n\t\t\t\t\tmargin-left: 0;\n\t\t\t\t}\n\t\t\t\t\/* see gallery_shortcode() in wp-includes\/media.php *\/\n\t\t\t<\/style>\n\t\t<div id='gallery-3' class='dt-gallery-container gallery galleryid-485942 gallery-columns-2 gallery-size-medium'><dl class='gallery-item'>\n\t\t\t\t<dt class='gallery-icon landscape'>\n\t\t\t\t\t<a class=\"rollover rollover-zoom dt-pswp-item\" title=\"Foto1\" data-dt-img-description=\"\" data-large_image_width=\"2560\" data-large_image_height=\"1925\"href='https:\/\/www.radiopiu.net\/wordpress\/wp-content\/uploads\/2025\/12\/Foto1-scaled.jpg'><img loading=\"lazy\" decoding=\"async\" width=\"300\" height=\"226\" src=\"https:\/\/www.radiopiu.net\/wordpress\/wp-content\/uploads\/2025\/12\/Foto1-300x226.jpg\" class=\"attachment-medium size-medium\" alt=\"\" srcset=\"https:\/\/www.radiopiu.net\/wordpress\/wp-content\/uploads\/2025\/12\/Foto1-300x226.jpg 300w, https:\/\/www.radiopiu.net\/wordpress\/wp-content\/uploads\/2025\/12\/Foto1-1024x770.jpg 1024w, https:\/\/www.radiopiu.net\/wordpress\/wp-content\/uploads\/2025\/12\/Foto1-768x578.jpg 768w, https:\/\/www.radiopiu.net\/wordpress\/wp-content\/uploads\/2025\/12\/Foto1-1536x1155.jpg 1536w, https:\/\/www.radiopiu.net\/wordpress\/wp-content\/uploads\/2025\/12\/Foto1-2048x1540.jpg 2048w\" sizes=\"auto, (max-width: 300px) 100vw, 300px\" \/><\/a>\n\t\t\t\t<\/dt><\/dl><dl class='gallery-item'>\n\t\t\t\t<dt class='gallery-icon landscape'>\n\t\t\t\t\t<a class=\"rollover rollover-zoom dt-pswp-item\" title=\"foto2\" data-dt-img-description=\"\" data-large_image_width=\"847\" data-large_image_height=\"478\"href='https:\/\/www.radiopiu.net\/wordpress\/wp-content\/uploads\/2025\/12\/foto2.jpg'><img loading=\"lazy\" decoding=\"async\" width=\"300\" height=\"169\" src=\"https:\/\/www.radiopiu.net\/wordpress\/wp-content\/uploads\/2025\/12\/foto2-300x169.jpg\" class=\"attachment-medium size-medium\" alt=\"\" srcset=\"https:\/\/www.radiopiu.net\/wordpress\/wp-content\/uploads\/2025\/12\/foto2-300x169.jpg 300w, https:\/\/www.radiopiu.net\/wordpress\/wp-content\/uploads\/2025\/12\/foto2-768x433.jpg 768w, https:\/\/www.radiopiu.net\/wordpress\/wp-content\/uploads\/2025\/12\/foto2.jpg 847w\" sizes=\"auto, (max-width: 300px) 100vw, 300px\" \/><\/a>\n\t\t\t\t<\/dt><\/dl><br style=\"clear: both\" \/>\n\t\t\t<\/div>\n\n<p>&nbsp;<\/p>\n<hr \/>\n<p>&nbsp;<\/p>\n<div class=\"flex flex-col text-sm @w-xl\/main:pt-header-height pb-25\">\n<article class=\"text-token-text-primary w-full focus:outline-none [--shadow-height:45px] has-data-writing-block:pointer-events-none has-data-writing-block:-mt-(--shadow-height) has-data-writing-block:pt-(--shadow-height) [&amp;:has([data-writing-block])&gt;*]:pointer-events-auto scroll-mt-[calc(var(--header-height)+min(200px,max(70px,20svh)))]\" dir=\"auto\" tabindex=\"-1\" data-turn-id=\"request-WEB:4b200c3c-d247-4191-988b-7f096f7b0d4f-35\" data-testid=\"conversation-turn-72\" data-scroll-anchor=\"true\" data-turn=\"assistant\">\n<div class=\"text-base my-auto mx-auto pb-10 [--thread-content-margin:--spacing(4)] @w-sm\/main:[--thread-content-margin:--spacing(6)] @w-lg\/main:[--thread-content-margin:--spacing(16)] px-(--thread-content-margin)\">\n<div class=\"[--thread-content-max-width:40rem] @w-lg\/main:[--thread-content-max-width:48rem] mx-auto max-w-(--thread-content-max-width) flex-1 group\/turn-messages focus-visible:outline-hidden relative flex w-full min-w-0 flex-col agent-turn\" tabindex=\"-1\">\n<div class=\"flex max-w-full flex-col grow\">\n<div class=\"min-h-8 text-message relative flex w-full flex-col items-end gap-2 text-start break-words whitespace-normal [.text-message+&amp;]:mt-1\" dir=\"auto\" data-message-author-role=\"assistant\" data-message-id=\"6eab1404-dfab-4a07-be14-6fc7413f6304\" data-message-model-slug=\"gpt-5-2\">\n<div class=\"flex w-full flex-col gap-1 empty:hidden first:pt-[1px]\">\n<div class=\"markdown prose dark:prose-invert w-full break-words dark markdown-new-styling\">\n<blockquote>\n<h2 data-start=\"0\" data-end=\"82\">STOP AI MEZZI PESANTI SULL\u2019ALEMAGNA: ALLO STUDIO DEROGHE DURANTE LE GARE OLIMPICHE<\/h2>\n<\/blockquote>\n<\/div>\n<\/div>\n<\/div>\n<\/div>\n<div class=\"mt-3 w-full empty:hidden\">\n<div class=\"text-center\"><\/div>\n<\/div>\n<\/div>\n<\/div>\n<\/article>\n<\/div>\n<div class=\"pointer-events-none h-px w-px absolute bottom-0\" aria-hidden=\"true\" data-edge=\"true\"><\/div>\n<p data-start=\"0\" data-end=\"288\"><img loading=\"lazy\" decoding=\"async\" class=\"alignleft\" src=\"https:\/\/www.radiopiu.net\/wordpress\/wp-content\/uploads\/2025\/12\/Screenshot-2025-12-16-051845.png\" width=\"389\" height=\"196\" \/>Lo stop al traffico pesante lungo l\u2019Alemagna nei giorni delle gare olimpiche rischia di creare criticit\u00e0 alla viabilit\u00e0 e ai rifornimenti. \u00c8 quanto emerso dal tavolo tecnico sulla viabilit\u00e0 riunito ieri in Provincia, che ha elaborato una serie di proposte da sottoporre alla Prefettura.<\/p>\n<p data-start=\"290\" data-end=\"597\" data-is-last-node=\"\" data-is-only-node=\"\">Tra le ipotesi allo studio anche possibili deroghe per i camion dei rifornimenti, per garantire servizi essenziali e continuit\u00e0 alle attivit\u00e0 economiche. Al confronto hanno partecipato Polizia stradale, forze dell\u2019ordine, Provincia, sindaci, Anas, Societ\u00e0 Autostrade, Veneto Strade, vigili del fuoco e Ulss.<\/p>\n<p><span style=\"color: #ff0000;\"><strong>FOTO: INCIDENTE A VALLE DI CADORE, DISAGI ANCHE IERI<\/strong><\/span><\/p>\n<article class=\"text-token-text-primary w-full focus:outline-none [--shadow-height:45px] has-data-writing-block:pointer-events-none has-data-writing-block:-mt-(--shadow-height) has-data-writing-block:pt-(--shadow-height) [&amp;:has([data-writing-block])&gt;*]:pointer-events-auto scroll-mt-[calc(var(--header-height)+min(200px,max(70px,20svh)))]\" dir=\"auto\" tabindex=\"-1\" data-turn-id=\"request-WEB:4b200c3c-d247-4191-988b-7f096f7b0d4f-36\" data-testid=\"conversation-turn-74\" data-scroll-anchor=\"false\" data-turn=\"assistant\">\n<div class=\"text-base my-auto mx-auto [--thread-content-margin:--spacing(4)] @w-sm\/main:[--thread-content-margin:--spacing(6)] @w-lg\/main:[--thread-content-margin:--spacing(16)] px-(--thread-content-margin)\">\n<div class=\"[--thread-content-max-width:40rem] @w-lg\/main:[--thread-content-max-width:48rem] mx-auto max-w-(--thread-content-max-width) flex-1 group\/turn-messages focus-visible:outline-hidden relative flex w-full min-w-0 flex-col agent-turn\" tabindex=\"-1\">\n<div class=\"flex max-w-full flex-col grow\">\n<div class=\"min-h-8 text-message relative flex w-full flex-col items-end gap-2 text-start break-words whitespace-normal [.text-message+&amp;]:mt-1\" dir=\"auto\" data-message-author-role=\"assistant\" data-message-id=\"004087ac-844f-4b3d-a18c-70b5b34423bd\" data-message-model-slug=\"gpt-5-2\">\n<div class=\"flex w-full flex-col gap-1 empty:hidden first:pt-[1px]\">\n<div class=\"streaming-animation markdown prose dark:prose-invert w-full break-words dark markdown-new-styling\">\n<h3 data-start=\"0\" data-end=\"110\"><\/h3>\n<h3 style=\"text-align: center;\" data-start=\"0\" data-end=\"110\">TRAFFICO IN TILT A VALLE DI CADORE: IL SINDACO TORNA IN STRADA, ATTESO IL RIPRISTINO DEL SEMAFORO INTELLIGENTE<\/h3>\n<\/div>\n<\/div>\n<\/div>\n<\/div>\n<div class=\"z-0 flex min-h-[46px] justify-start\">Scontro tra un camion e un\u2019auto lungo la strettoia di Costa ha mandato in tilt la viabilit\u00e0, con lunghe code. In strada anche il sindaco Marianna Hofer per gestire il traffico. Anas annuncia il ripristino a breve del semaforo intelligente per regolare il passaggio dei mezzi pesanti.<\/div>\n<\/div>\n<\/div>\n<\/article>\n<p>&nbsp;<\/p>\n<hr \/>\n<p>&nbsp;<\/p>\n<blockquote>\n<h3>VERTENZA HYDRO FELTRE: \u00c8 ATTESA PER IL TAVOLO REGIONALE<\/h3>\n<\/blockquote>\n<p><strong><a class=\"dt-pswp-item\" href=\"https:\/\/www.radiopiu.net\/wordpress\/wp-content\/uploads\/2025\/12\/Fusaro-con-lavoratori-Hydro.jpg\" data-dt-img-description=\"\" data-large_image_width=\"1440\" data-large_image_height=\"1080\"><img loading=\"lazy\" decoding=\"async\" class=\" wp-image-486129 alignleft\" src=\"https:\/\/www.radiopiu.net\/wordpress\/wp-content\/uploads\/2025\/12\/Fusaro-con-lavoratori-Hydro-300x225.jpg\" alt=\"\" width=\"189\" height=\"142\" srcset=\"https:\/\/www.radiopiu.net\/wordpress\/wp-content\/uploads\/2025\/12\/Fusaro-con-lavoratori-Hydro-300x225.jpg 300w, https:\/\/www.radiopiu.net\/wordpress\/wp-content\/uploads\/2025\/12\/Fusaro-con-lavoratori-Hydro-1024x768.jpg 1024w, https:\/\/www.radiopiu.net\/wordpress\/wp-content\/uploads\/2025\/12\/Fusaro-con-lavoratori-Hydro-768x576.jpg 768w, https:\/\/www.radiopiu.net\/wordpress\/wp-content\/uploads\/2025\/12\/Fusaro-con-lavoratori-Hydro.jpg 1440w\" sizes=\"auto, (max-width: 189px) 100vw, 189px\" \/><\/a>DI ALESSIA DALL&#8217;O&#8217;<\/strong><\/p>\n<p><strong>FELTRE <\/strong>Fiato sospeso, a poche ore dal tavolo convocato dalla Regione Veneto per oggi, 16 dicembre, a Mestre sulla vertenza Hydro Extrusions. In gioco il futuro dello stabilimento feltrino e di 115 lavoratori diretti, oltre a 35 addetti dell\u2019indotto. La sindaco Viviana Fusaro ribadisce la posizione del Comune: \u00abL\u2019azienda non avvii licenziamenti collettivi prima di aver esplorato ogni possibile alternativa, anche la cessione a terzi. Dietro i numeri ci sono persone e famiglie, non voci di bilancio\u00bb. La crisi si \u00e8 aperta lo scorso novembre, con l\u2019annuncio improvviso di una riorganizzazione che coinvolge anche Feltre. Fin da subito l\u2019amministrazione comunale ha espresso dissenso e vicinanza ai lavoratori, partecipando anche al presidio davanti allo stabilimento e dedicando un augurio speciale anche nel momento pubblico di accensione delle luminarie. Una questione che tocca i feltrini nel ventre:\u00abHydro \u00e8 parte della storia industriale di Feltre &#8211; ha sottolineato Fusaro in pi\u00f9 occasioni alla stampa &#8211; il suo futuro riguarda tutta la comunit\u00e0\u00bb. La sindaco sar\u00e0 presente al tavolo regionale e confida nel supporto della Regione Veneto e delle istituzioni a tutti i livelli per cercare soluzioni alternative ai licenziamenti.<\/p>\n<p>&nbsp;<\/p>\n<hr \/>\n<p>&nbsp;<\/p>\n<blockquote>\n<p data-start=\"0\" data-end=\"62\"><strong data-start=\"0\" data-end=\"62\"><a class=\"dt-pswp-item\" href=\"https:\/\/www.radiopiu.net\/wordpress\/wp-content\/uploads\/2025\/12\/DARIO-BOND.jpg\" data-dt-img-description=\"\" data-large_image_width=\"686\" data-large_image_height=\"386\"><img loading=\"lazy\" decoding=\"async\" class=\" wp-image-486059 alignleft\" src=\"https:\/\/www.radiopiu.net\/wordpress\/wp-content\/uploads\/2025\/12\/DARIO-BOND-300x169.jpg\" alt=\"\" width=\"215\" height=\"121\" srcset=\"https:\/\/www.radiopiu.net\/wordpress\/wp-content\/uploads\/2025\/12\/DARIO-BOND-300x169.jpg 300w, https:\/\/www.radiopiu.net\/wordpress\/wp-content\/uploads\/2025\/12\/DARIO-BOND.jpg 686w\" sizes=\"auto, (max-width: 215px) 100vw, 215px\" \/><\/a>FRATELLI D\u2019ITALIA RAFFORZA LA PRESENZA BELLUNESE A VENEZIA<\/strong><\/p>\n<\/blockquote>\n<p data-start=\"64\" data-end=\"456\">Dario Bond e Silvia Calligaro saranno i nuovi riferimenti del Bellunese in Regione Veneto. <a class=\"dt-pswp-item\" href=\"https:\/\/www.radiopiu.net\/wordpress\/wp-content\/uploads\/2025\/04\/SILVIA-CALLIGARO.jpg\" data-dt-img-description=\"\" data-large_image_width=\"469\" data-large_image_height=\"313\"><img loading=\"lazy\" decoding=\"async\" class=\"wp-image-446203 alignright\" src=\"https:\/\/www.radiopiu.net\/wordpress\/wp-content\/uploads\/2025\/04\/SILVIA-CALLIGARO-300x200.jpg\" alt=\"\" width=\"149\" height=\"99\" srcset=\"https:\/\/www.radiopiu.net\/wordpress\/wp-content\/uploads\/2025\/04\/SILVIA-CALLIGARO-300x200.jpg 300w, https:\/\/www.radiopiu.net\/wordpress\/wp-content\/uploads\/2025\/04\/SILVIA-CALLIGARO.jpg 469w\" sizes=\"auto, (max-width: 149px) 100vw, 149px\" \/><\/a>Bond entra in giunta come assessore con deleghe a montagna, agricoltura, caccia, pesca e demanio idrico; Calligaro subentra in consiglio regionale. Per Fratelli d\u2019Italia \u00e8 un risultato definito \u201cstraordinario\u201d, che segna la crescita del partito e garantisce attenzione costante ai territori montani.<\/p>\n<p data-start=\"458\" data-end=\"830\" data-is-last-node=\"\" data-is-only-node=\"\">Bond punta a costruire da zero politiche per la montagna, coordinare i fondi destinati a Belluno e cercare risorse anche europee, senza scontri legali sulle grandi concessioni idriche. Calligaro, tra le pi\u00f9 votate in provincia, promette impegno per le \u201cterre alte\u201d, chiedendo che la montagna sia centrale non solo nei finanziamenti, ma nell\u2019approccio politico complessivo.<\/p>\n<p>&nbsp;<\/p>\n<h2>L&#8217;ASSESSORE REGIONALE DARIO BOND A RADIO PIU&#8217;<\/h2>\n<p>64 anni, feltrino, laureato in Scienze agrarie, erborista, \u00e8 stato consigliere comunale a Feltre e presidente del Consiglio comunale; poi consigliere regionale per due mandati. E\u2019 stato eletto alla Camera nel 2018. Nel 2012 \u00e8 stato nominato come delegato nel Comitato paritetico per la gestione dell&#8217;intesa per il Fondo comuni confinanti, confermato poi nel 2023. Assume le deleghe all\u2019Agricoltura, politiche venatorie, aree alte.<\/p>\n<p>&nbsp;<\/p>\n<p><strong><a class=\"dt-pswp-item\" href=\"https:\/\/www.radiopiu.net\/wordpress\/wp-content\/uploads\/2025\/12\/DARIO-BOND.jpg\" data-dt-img-description=\"\" data-large_image_width=\"686\" data-large_image_height=\"386\"><img loading=\"lazy\" decoding=\"async\" class=\" wp-image-486059 alignleft\" src=\"https:\/\/www.radiopiu.net\/wordpress\/wp-content\/uploads\/2025\/12\/DARIO-BOND-300x169.jpg\" alt=\"\" width=\"179\" height=\"101\" srcset=\"https:\/\/www.radiopiu.net\/wordpress\/wp-content\/uploads\/2025\/12\/DARIO-BOND-300x169.jpg 300w, https:\/\/www.radiopiu.net\/wordpress\/wp-content\/uploads\/2025\/12\/DARIO-BOND.jpg 686w\" sizes=\"auto, (max-width: 179px) 100vw, 179px\" \/><\/a>DI MIRKO MEZZACASA<\/strong><\/p>\n<p>OSPITE: Dario Bond<\/p>\n<audio class=\"wp-audio-shortcode\" id=\"audio-485942-7\" preload=\"none\" style=\"width: 100%;\" controls=\"controls\"><source type=\"audio\/mpeg\" src=\"https:\/\/www.radiopiu.net\/wordpress\/wp-content\/uploads\/2025\/12\/BOND-IN-REGIONE-DICEMBRE.mp3?_=7\" \/><a href=\"https:\/\/www.radiopiu.net\/wordpress\/wp-content\/uploads\/2025\/12\/BOND-IN-REGIONE-DICEMBRE.mp3\">https:\/\/www.radiopiu.net\/wordpress\/wp-content\/uploads\/2025\/12\/BOND-IN-REGIONE-DICEMBRE.mp3<\/a><\/audio>\n<p>&nbsp;<\/p>\n<h1 class=\"_title post-title entry-title\">| FDI PRESENTA I SUOI \u2018ASSI\u2019: DOPPIETTA A VENEZIA PER IL PARTITO DI GIORGIA MELONI<\/h1>\n<p>\u2013 Intervistati SILVIA CALLIGARO (CONSIGLIERA REGIONALE FDI), DARIO BOND (ASSESSORE MONTAGNA REGIONE VENETO), LUCA DE CARLO (COORDINATORE FDI VENETO) (Servizio di\u00a0<a href=\"https:\/\/antennatre.medianordest.it\/redazione\/Tiziana-Bolognani\/\">Tiziana Bolognani<\/a>)<\/p>\n<p><iframe loading=\"lazy\" title=\"FDI PRESENTA I SUOI &#039;ASSI&#039;: DOPPIETTA A VENEZIA PER IL PARTITO DI GIORGIA MELONI | 15\/12\/2025\" width=\"1200\" height=\"675\" src=\"https:\/\/www.youtube.com\/embed\/A9WQv3MOlyg?feature=oembed\" frameborder=\"0\" allow=\"accelerometer; autoplay; clipboard-write; encrypted-media; gyroscope; picture-in-picture; web-share\" referrerpolicy=\"strict-origin-when-cross-origin\" allowfullscreen><\/iframe><\/p>\n<p>&nbsp;<\/p>\n<p>&nbsp;<\/p>\n<hr \/>\n<blockquote>\n<div class=\"page-title-head hgroup\">\n<h1 class=\"entry-title\"><\/h1>\n<h1 class=\"entry-title\">oggi: AGORDO PRESENTA IL VOLONTARIATO CIVICO<\/h1>\n<\/div>\n<\/blockquote>\n<p><strong><a class=\"dt-pswp-item\" href=\"https:\/\/www.radiopiu.net\/wordpress\/wp-content\/uploads\/2021\/07\/SALA-DON-TAMIS.png\" data-dt-img-description=\"\" data-large_image_width=\"1354\" data-large_image_height=\"920\"><img loading=\"lazy\" decoding=\"async\" class=\" wp-image-220859 alignleft\" src=\"https:\/\/www.radiopiu.net\/wordpress\/wp-content\/uploads\/2021\/07\/SALA-DON-TAMIS-300x204.png\" alt=\"\" width=\"151\" height=\"103\" srcset=\"https:\/\/www.radiopiu.net\/wordpress\/wp-content\/uploads\/2021\/07\/SALA-DON-TAMIS-300x204.png 300w, https:\/\/www.radiopiu.net\/wordpress\/wp-content\/uploads\/2021\/07\/SALA-DON-TAMIS-1024x696.png 1024w, https:\/\/www.radiopiu.net\/wordpress\/wp-content\/uploads\/2021\/07\/SALA-DON-TAMIS-768x522.png 768w, https:\/\/www.radiopiu.net\/wordpress\/wp-content\/uploads\/2021\/07\/SALA-DON-TAMIS.png 1354w\" sizes=\"auto, (max-width: 151px) 100vw, 151px\" \/><\/a>AGORDO <\/strong>Il Comune di Agordo informa la cittadinanza che oggi alle 17.30, presso la Biblioteca Civica, si terr\u00e0 la presentazione del nuovo regolamento per il servizio di volontariato civico e l\u2019istituzione dell\u2019Albo dei Volontari. L\u2019incontro, promosso dal sindaco, illustrer\u00e0 finalit\u00e0, modalit\u00e0 di adesione e ambiti di intervento, valorizzando la partecipazione attiva dei cittadini. Un\u2019occasione di confronto e informazione aperta a tutti, per rafforzare il senso di comunit\u00e0 e la collaborazione con l\u2019amministrazione comunale locale e solidale condivisa.<\/p>\n<p>&nbsp;<\/p>\n<p><a class=\"dt-pswp-item\" href=\"https:\/\/www.radiopiu.net\/wordpress\/wp-content\/uploads\/2025\/12\/Screenshot-2025-12-16-045718.png\" data-dt-img-description=\"\" data-large_image_width=\"104\" data-large_image_height=\"119\"><img loading=\"lazy\" decoding=\"async\" class=\" wp-image-486169 alignleft\" src=\"https:\/\/www.radiopiu.net\/wordpress\/wp-content\/uploads\/2025\/12\/Screenshot-2025-12-16-045718.png\" alt=\"\" width=\"84\" height=\"96\" \/><\/a>il sindaco, ROBERTO CHISSALE&#8217;<\/p>\n<audio class=\"wp-audio-shortcode\" id=\"audio-485942-8\" preload=\"none\" style=\"width: 100%;\" controls=\"controls\"><source type=\"audio\/mpeg\" src=\"https:\/\/www.radiopiu.net\/wordpress\/wp-content\/uploads\/2025\/12\/roberto-chissale.mp3?_=8\" \/><a href=\"https:\/\/www.radiopiu.net\/wordpress\/wp-content\/uploads\/2025\/12\/roberto-chissale.mp3\">https:\/\/www.radiopiu.net\/wordpress\/wp-content\/uploads\/2025\/12\/roberto-chissale.mp3<\/a><\/audio>\n<p><a class=\"dt-pswp-item\" href=\"https:\/\/www.radiopiu.net\/wordpress\/wp-content\/uploads\/2025\/12\/Screenshot-2025-12-16-045642.png\" data-dt-img-description=\"\" data-large_image_width=\"92\" data-large_image_height=\"102\"><img loading=\"lazy\" decoding=\"async\" class=\"size-full wp-image-486170 alignleft\" src=\"https:\/\/www.radiopiu.net\/wordpress\/wp-content\/uploads\/2025\/12\/Screenshot-2025-12-16-045642.png\" alt=\"\" width=\"92\" height=\"102\" \/><\/a>il consigliere comunale ROBERTO AGNOLET<\/p>\n<audio class=\"wp-audio-shortcode\" id=\"audio-485942-9\" preload=\"none\" style=\"width: 100%;\" controls=\"controls\"><source type=\"audio\/mpeg\" src=\"https:\/\/www.radiopiu.net\/wordpress\/wp-content\/uploads\/2025\/12\/roberto-agnolet.mp3?_=9\" \/><a href=\"https:\/\/www.radiopiu.net\/wordpress\/wp-content\/uploads\/2025\/12\/roberto-agnolet.mp3\">https:\/\/www.radiopiu.net\/wordpress\/wp-content\/uploads\/2025\/12\/roberto-agnolet.mp3<\/a><\/audio>\n<p>&nbsp;<\/p>\n<p>&nbsp;<\/p>\n<hr \/>\n<p>&nbsp;<\/p>\n<blockquote>\n<h3>GOSALDO: ASSEGNATA LA GESTIONE DEL RISTRUTTURATO BAR A DON<\/h3>\n<\/blockquote>\n<p><strong><img loading=\"lazy\" decoding=\"async\" class=\"alignleft\" src=\"https:\/\/www.radiopiu.net\/wordpress\/wp-content\/uploads\/2020\/11\/GOSALDO.jpg\" width=\"209\" height=\"118\" \/>GOSALDO<\/strong> \u00e8 stata ufficialmente assegnata la gestione del bar Don di Gosaldo, il nuovo locale di 133 metri quadrati completamente rinnovato grazie a 650 mila euro di finanziamenti pubblici. Il vicesindaco Florinda Cialdella ha confermato l\u2019approvazione del verbale di assegnazione, centrando l\u2019obiettivo di affidare il locale entro Natale. La gestione \u00e8 stata affidata a Luigia Marcon, scelta accolta con entusiasmo dai cittadini. Il bar rappresenta un punto di riferimento fondamentale per la comunit\u00e0, offrendo spazi accoglienti con 40 posti a sedere e arredi in stile montano, e costituisce anche una tappa apprezzata dai turisti in transito tra Agordino e Primiero. L\u2019iniziativa rientra nella strategia del Comune per contrastare lo spopolamento, puntando su interventi concreti e sostenibili. Il contratto di affitto durer\u00e0 sei anni pi\u00f9 sei, con canone graduale: 250 euro al mese i primi due anni, 300 il secondo biennio e 350 il terzo triennio, a sostegno dell\u2019imprenditoria locale e della vitalit\u00e0 sociale del paese.<\/p>\n<p>&nbsp;<\/p>\n<p>&nbsp;<\/p>\n<hr \/>\n<p>&nbsp;<\/p>\n<blockquote>\n<h3>UN NATALE DI SOLIDARIET\u00c0: IL ROTARY CLUB FELTRE AL FIANCO DI FAMIGLIE E RAGAZZI DEL TERRITORIO<\/h3>\n<\/blockquote>\n<p><strong><a class=\"dt-pswp-item\" href=\"https:\/\/www.radiopiu.net\/wordpress\/wp-content\/uploads\/2025\/12\/image00001-1-scaled.jpeg\" data-dt-img-description=\"\" data-large_image_width=\"2560\" data-large_image_height=\"1920\"><img loading=\"lazy\" decoding=\"async\" class=\" wp-image-486144 alignleft\" src=\"https:\/\/www.radiopiu.net\/wordpress\/wp-content\/uploads\/2025\/12\/image00001-1-300x225.jpeg\" alt=\"\" width=\"168\" height=\"126\" srcset=\"https:\/\/www.radiopiu.net\/wordpress\/wp-content\/uploads\/2025\/12\/image00001-1-300x225.jpeg 300w, https:\/\/www.radiopiu.net\/wordpress\/wp-content\/uploads\/2025\/12\/image00001-1-1024x768.jpeg 1024w, https:\/\/www.radiopiu.net\/wordpress\/wp-content\/uploads\/2025\/12\/image00001-1-768x576.jpeg 768w, https:\/\/www.radiopiu.net\/wordpress\/wp-content\/uploads\/2025\/12\/image00001-1-1536x1152.jpeg 1536w, https:\/\/www.radiopiu.net\/wordpress\/wp-content\/uploads\/2025\/12\/image00001-1-2048x1536.jpeg 2048w\" sizes=\"auto, (max-width: 168px) 100vw, 168px\" \/><\/a>DI ALESSIA DALL&#8217;O&#8217;<\/strong><\/p>\n<p><strong>FELTRE<\/strong> Un Natale di solidariet\u00e0 a Feltre grazie al Rotary Club. Il 15 dicembre, presso Azienda Feltrina, la consegna dei buoni destinati a famiglie e ragazzi del territorio: un aiuto concreto per l\u2019acquisto di materiale scolastico, giocattoli e generi di prima necessit\u00e0. Un\u2019iniziativa che coinvolge diversi Comuni del Feltrino e che punta a sostenere in particolare i pi\u00f9 giovani e le famiglie fragili.<\/p>\n<p><strong>ALESSIO CREMONESE, ROTARY CLUB FELTRE<\/strong><\/p>\n<audio class=\"wp-audio-shortcode\" id=\"audio-485942-10\" preload=\"none\" style=\"width: 100%;\" controls=\"controls\"><source type=\"audio\/mpeg\" src=\"https:\/\/www.radiopiu.net\/wordpress\/wp-content\/uploads\/2025\/12\/2-AUDIO-ALESSIO-CREMONESE.mp3?_=10\" \/><a href=\"https:\/\/www.radiopiu.net\/wordpress\/wp-content\/uploads\/2025\/12\/2-AUDIO-ALESSIO-CREMONESE.mp3\">https:\/\/www.radiopiu.net\/wordpress\/wp-content\/uploads\/2025\/12\/2-AUDIO-ALESSIO-CREMONESE.mp3<\/a><\/audio>\n<p>&nbsp;<\/p>\n<p><strong>IL SINDACO DI FELTRE VIVIANA FUSARO<\/strong><\/p>\n<audio class=\"wp-audio-shortcode\" id=\"audio-485942-11\" preload=\"none\" style=\"width: 100%;\" controls=\"controls\"><source type=\"audio\/mpeg\" src=\"https:\/\/www.radiopiu.net\/wordpress\/wp-content\/uploads\/2025\/12\/4AUDIO-VIVIANA-FUSARO.mp3?_=11\" \/><a href=\"https:\/\/www.radiopiu.net\/wordpress\/wp-content\/uploads\/2025\/12\/4AUDIO-VIVIANA-FUSARO.mp3\">https:\/\/www.radiopiu.net\/wordpress\/wp-content\/uploads\/2025\/12\/4AUDIO-VIVIANA-FUSARO.mp3<\/a><\/audio>\n<p>&nbsp;<\/p>\n<hr \/>\n<p>&nbsp;<\/p>\n<blockquote>\n<h3>SEDICO ADDIO AL DISTRIBUTORE IP: STA PER SCOMPARIRE UN PEZZO DI STORIA<\/h3>\n<\/blockquote>\n<p><strong><a class=\"dt-pswp-item\" href=\"https:\/\/www.radiopiu.net\/wordpress\/wp-content\/uploads\/2025\/12\/446317bd-e68b-4307-a904-da4072cbf663.jpg\" data-dt-img-description=\"\" data-large_image_width=\"1528\" data-large_image_height=\"1528\"><img loading=\"lazy\" decoding=\"async\" class=\" wp-image-485998 alignleft\" src=\"https:\/\/www.radiopiu.net\/wordpress\/wp-content\/uploads\/2025\/12\/446317bd-e68b-4307-a904-da4072cbf663-300x300.jpg\" alt=\"\" width=\"155\" height=\"155\" srcset=\"https:\/\/www.radiopiu.net\/wordpress\/wp-content\/uploads\/2025\/12\/446317bd-e68b-4307-a904-da4072cbf663-300x300.jpg 300w, https:\/\/www.radiopiu.net\/wordpress\/wp-content\/uploads\/2025\/12\/446317bd-e68b-4307-a904-da4072cbf663-1024x1024.jpg 1024w, https:\/\/www.radiopiu.net\/wordpress\/wp-content\/uploads\/2025\/12\/446317bd-e68b-4307-a904-da4072cbf663-150x150.jpg 150w, https:\/\/www.radiopiu.net\/wordpress\/wp-content\/uploads\/2025\/12\/446317bd-e68b-4307-a904-da4072cbf663-768x768.jpg 768w, https:\/\/www.radiopiu.net\/wordpress\/wp-content\/uploads\/2025\/12\/446317bd-e68b-4307-a904-da4072cbf663.jpg 1528w\" sizes=\"auto, (max-width: 155px) 100vw, 155px\" \/><\/a>SEDICO<\/strong> Sta per essere demolito lo storico distributore IP di Sedico, una vera istituzione che per decenni ha fatto parte della vita quotidiana del paese. Situato accanto all\u2019ex discoteca Paradiso, anch\u2019essa simbolo di un\u2019epoca passata, il distributore non era solo una stazione di servizio, ma un punto di ritrovo e di passaggio obbligato, soprattutto per i giovani con il motorino. Qui si preparava ancora la miscela \u201ccome una volta\u201d, con il benzinaio che dosava l\u2019olio al 2% e azionava la pompettina con il caratteristico suono metallico. Un gesto semplice e artigianale, oggi scomparso. Da quel luogo sono passati ragazzi, famiglie e lavoratori, trovando non solo carburante e assistenza, ma anche consigli e relazioni umane. La sua demolizione rappresenta pi\u00f9 di un cambiamento urbanistico: segna la scomparsa di un simbolo di socialit\u00e0, fiducia e quotidianit\u00e0 che resta vivo nella memoria collettiva di Sedico.<\/p>\n<p>&nbsp;<\/p>\n<p>&nbsp;<\/p>\n<hr \/>\n<p>&nbsp;<\/p>\n<blockquote>\n<h2>FUNGO FRESCO A DICEMBRE AL CIVETTA, LA SCOPERTA CHE FA RIFLETTERE<\/h2>\n<\/blockquote>\n<div class=\"flex max-w-full flex-col grow\">\n<div class=\"min-h-8 text-message relative flex w-full flex-col items-end gap-2 text-start break-words whitespace-normal [.text-message+&amp;]:mt-1\" dir=\"auto\" data-message-author-role=\"assistant\" data-message-id=\"37e33ec0-53ab-4374-a03f-96c1abc92982\" data-message-model-slug=\"gpt-5-2\">\n<div class=\"flex w-full flex-col gap-1 empty:hidden first:pt-[1px]\">\n<div class=\"markdown prose dark:prose-invert w-full break-words dark markdown-new-styling\">\n<p data-start=\"0\" data-end=\"266\"><img loading=\"lazy\" decoding=\"async\" class=\"alignleft\" src=\"https:\/\/www.radiopiu.net\/wordpress\/wp-content\/uploads\/2025\/12\/Screenshot-2025-12-16-052610.png\" width=\"315\" height=\"210\" \/>Dal rifugio Fertazza, nel comprensorio del Civetta a Selva di Cadore, arriva un video che sta facendo discutere e riflettere. A pubblicarlo \u00e8 Michela Torre, che con la sua famiglia gestisce il rifugio, raccontando una scoperta decisamente fuori stagione.<\/p>\n<p data-start=\"268\" data-end=\"557\">\u00ab\u00c8 sconvolgente\u00bb scrive sui social, spiegando che il 14 dicembre, nei boschi attorno al Fertazza, \u00e8 stato trovato un fungo gialletto, fresco e profumato, come se fosse piena stagione autunnale. Un\u2019immagine che colpisce, soprattutto considerando il periodo dell\u2019anno e l\u2019altitudine.<\/p>\n<p data-start=\"559\" data-end=\"820\">Il video mostra chiaramente il fungo appena raccolto, simbolo di un\u2019anomalia che molti collegano ai cambiamenti climatici e alle temperature insolitamente miti di queste settimane. Un dettaglio che, pi\u00f9 di tanti numeri, racconta come la montagna stia cambiando.<\/p>\n<p data-start=\"822\" data-end=\"988\" data-is-last-node=\"\" data-is-only-node=\"\">Una semplice curiosit\u00e0, diventata per\u00f2 uno spunto di riflessione: la natura lancia segnali evidenti, anche nei luoghi dove l\u2019inverno dovrebbe essere gi\u00e0 protagonista.<\/p>\n<\/div>\n<\/div>\n<\/div>\n<\/div>\n<div class=\"z-0 flex min-h-[46px] justify-start\"><\/div>\n<p>&nbsp;<\/p>\n<hr \/>\n<p>&nbsp;<\/p>\n<blockquote>\n<h3>VARIANTE DI CORTINA LOTTO 0: VIABILIT\u00c0 MODERNA IN VISTA OLIMPICA<\/h3>\n<\/blockquote>\n<p><strong><a class=\"dt-pswp-item\" href=\"https:\/\/www.radiopiu.net\/wordpress\/wp-content\/uploads\/2025\/12\/variante-Cortina-Lotto-1-930x620-1.jpg\" data-dt-img-description=\"\" data-large_image_width=\"930\" data-large_image_height=\"620\"><img loading=\"lazy\" decoding=\"async\" class=\" wp-image-486076 alignleft\" src=\"https:\/\/www.radiopiu.net\/wordpress\/wp-content\/uploads\/2025\/12\/variante-Cortina-Lotto-1-930x620-1-300x200.jpg\" alt=\"\" width=\"164\" height=\"109\" srcset=\"https:\/\/www.radiopiu.net\/wordpress\/wp-content\/uploads\/2025\/12\/variante-Cortina-Lotto-1-930x620-1-300x200.jpg 300w, https:\/\/www.radiopiu.net\/wordpress\/wp-content\/uploads\/2025\/12\/variante-Cortina-Lotto-1-930x620-1-768x512.jpg 768w, https:\/\/www.radiopiu.net\/wordpress\/wp-content\/uploads\/2025\/12\/variante-Cortina-Lotto-1-930x620-1.jpg 930w\" sizes=\"auto, (max-width: 164px) 100vw, 164px\" \/><\/a>CORTINA <\/strong>Prosegue il cantiere della Variante di Cortina \u2013 Lotto 0, intervento strategico per migliorare viabilit\u00e0 e mobilit\u00e0 in vista dei Giochi Milano Cortina 2026. Il progetto riqualifica il Lungo Boite, adegua la strada agli standard di sicurezza e pedonalizza via Cesare Battisti, con l\u2019obiettivo di decongestionare il centro e garantire ordine, sicurezza e continuit\u00e0 dei flussi. I lavori, in fase avanzata e rispettosi del cronoprogramma, mirano a un\u2019infrastruttura pronta per l\u2019evento. La Variante rappresenta anche un\u2019eredit\u00e0 duratura, offrendo una viabilit\u00e0 moderna, sicura e funzionale per residenti, turisti e atleti, rafforzando il territorio oltre il 2026.<\/p>\n<p>&nbsp;<\/p>\n<hr \/>\n<p>&nbsp;<\/p>\n<p><strong>OGGI LA GIUDIZIARIA<\/strong><br \/>\n<strong>DAL CORRIERE DELLE ALPI- SINTESI<\/strong><br \/>\n<strong>GIGI SOSSO<\/strong><\/p>\n<blockquote>\n<p data-start=\"0\" data-end=\"56\"><strong data-start=\"0\" data-end=\"56\">PICCHIA LA MADRE, ASSOLTO PER INSUFFICIENZA DI PROVE<\/strong><\/p>\n<\/blockquote>\n<p data-start=\"58\" data-end=\"357\"><strong>FELTRE<\/strong> Il giudice ha assolto un uomo accusato di maltrattamenti nei confronti della madre, ritenendo il fatto non sussistente per prove insufficienti o contraddittorie. La donna, pur vittima delle aggressioni, non ha mai sporto denuncia n\u00e9 si \u00e8 costituita parte civile, continuando a difendere il figlio. Contestate due violenze avvenute a luglio scorso a Feltre, con l\u2019intervento di carabinieri e Suem, allertati dai vicini. L\u2019uomo, assente in aula, ha parlato di semplici litigi e ha riferito di seguire un percorso al Serd per problemi di alcol. Revocato anche il divieto di avvicinamento. L\u2019auspicio \u00e8 che il percorso di cura possa evitare nuovi episodi.<\/p>\n<p>&nbsp;<\/p>\n<blockquote>\n<p data-start=\"0\" data-end=\"55\"><strong data-start=\"0\" data-end=\"55\">INFORTUNIO SUL LAVORO, CONDANNA AL DATORE DI LAVORO<\/strong><\/p>\n<\/blockquote>\n<p data-start=\"57\" data-end=\"706\" data-is-last-node=\"\" data-is-only-node=\"\"><strong>CANALE D&#8217;AGORDO<\/strong> Un operaio si \u00e8 infortunato gravemente il primo giorno di lavoro durante la demolizione di un muro, riportando fratture a una clavicola e a un dito della mano. Secondo il giudice, l\u2019incidente sarebbe stato evitabile adottando corrette procedure di sicurezza. Il datore di lavoro \u00e8 stato condannato a due mesi di reclusione con pena sospesa, dopo aver risarcito complessivamente quasi 50 mila euro tra indennizzi e danni.<\/p>\n<p>&nbsp;<\/p>\n<hr \/>\n<p>&nbsp;<\/p>\n<blockquote>\n<h3>DIK DIK A BELLUNO: VERSO IL TUTTO ESAURITO IL CONCERTO DEL 27 DICEMBRE<\/h3>\n<\/blockquote>\n<p><strong>BELLUNO<\/strong> Verso il tutto esaurito il concerto dei Dik Dik a Belluno. L&#8217;appuntamento, in calendario per la sera del 27 dicembre, \u00e8 promosso dall&#8217;AICS e dal Comune di Belluno; il ricavato sar\u00e0 devoluto all&#8217;Associazione Cucchini.<\/p>\n<p><strong>DI DANIELE DALVIT<\/strong><\/p>\n<audio class=\"wp-audio-shortcode\" id=\"audio-485942-12\" preload=\"none\" style=\"width: 100%;\" controls=\"controls\"><source type=\"audio\/mpeg\" src=\"https:\/\/www.radiopiu.net\/wordpress\/wp-content\/uploads\/2025\/12\/Servizio-Concerto-Dik-Dik.mp3?_=12\" \/><a href=\"https:\/\/www.radiopiu.net\/wordpress\/wp-content\/uploads\/2025\/12\/Servizio-Concerto-Dik-Dik.mp3\">https:\/\/www.radiopiu.net\/wordpress\/wp-content\/uploads\/2025\/12\/Servizio-Concerto-Dik-Dik.mp3<\/a><\/audio>\n<p>&nbsp;<\/p>\n\n\t\t\t<style type='text\/css'>\n\t\t\t\t#gallery-4 {\n\t\t\t\t\tmargin: auto;\n\t\t\t\t}\n\t\t\t\t#gallery-4 .gallery-item {\n\t\t\t\t\tfloat: left;\n\t\t\t\t\tmargin-top: 10px;\n\t\t\t\t\ttext-align: center;\n\t\t\t\t\twidth: 33%;\n\t\t\t\t}\n\t\t\t\t#gallery-4 img {\n\t\t\t\t\tborder: 2px solid #cfcfcf;\n\t\t\t\t}\n\t\t\t\t#gallery-4 .gallery-caption {\n\t\t\t\t\tmargin-left: 0;\n\t\t\t\t}\n\t\t\t\t\/* see gallery_shortcode() in wp-includes\/media.php *\/\n\t\t\t<\/style>\n\t\t<div id='gallery-4' class='dt-gallery-container gallery galleryid-485942 gallery-columns-3 gallery-size-medium'><dl class='gallery-item'>\n\t\t\t\t<dt class='gallery-icon landscape'>\n\t\t\t\t\t<a class=\"rollover rollover-zoom dt-pswp-item\" title=\"0deb896d-843f-4047-a7d7-578ce2085327\" data-dt-img-description=\"\" data-large_image_width=\"1600\" data-large_image_height=\"1200\"href='https:\/\/www.radiopiu.net\/wordpress\/wp-content\/uploads\/2025\/12\/0deb896d-843f-4047-a7d7-578ce2085327.jpg'><img loading=\"lazy\" decoding=\"async\" width=\"300\" height=\"225\" src=\"https:\/\/www.radiopiu.net\/wordpress\/wp-content\/uploads\/2025\/12\/0deb896d-843f-4047-a7d7-578ce2085327-300x225.jpg\" class=\"attachment-medium size-medium\" alt=\"\" srcset=\"https:\/\/www.radiopiu.net\/wordpress\/wp-content\/uploads\/2025\/12\/0deb896d-843f-4047-a7d7-578ce2085327-300x225.jpg 300w, https:\/\/www.radiopiu.net\/wordpress\/wp-content\/uploads\/2025\/12\/0deb896d-843f-4047-a7d7-578ce2085327-1024x768.jpg 1024w, https:\/\/www.radiopiu.net\/wordpress\/wp-content\/uploads\/2025\/12\/0deb896d-843f-4047-a7d7-578ce2085327-768x576.jpg 768w, https:\/\/www.radiopiu.net\/wordpress\/wp-content\/uploads\/2025\/12\/0deb896d-843f-4047-a7d7-578ce2085327-1536x1152.jpg 1536w, https:\/\/www.radiopiu.net\/wordpress\/wp-content\/uploads\/2025\/12\/0deb896d-843f-4047-a7d7-578ce2085327.jpg 1600w\" sizes=\"auto, (max-width: 300px) 100vw, 300px\" \/><\/a>\n\t\t\t\t<\/dt><\/dl><dl class='gallery-item'>\n\t\t\t\t<dt class='gallery-icon landscape'>\n\t\t\t\t\t<a class=\"rollover rollover-zoom dt-pswp-item\" title=\"c57fd177-1a75-4cfe-99bb-3c9d4c3fac98\" data-dt-img-description=\"\" data-large_image_width=\"1600\" data-large_image_height=\"900\"href='https:\/\/www.radiopiu.net\/wordpress\/wp-content\/uploads\/2025\/12\/c57fd177-1a75-4cfe-99bb-3c9d4c3fac98.jpg'><img loading=\"lazy\" decoding=\"async\" width=\"300\" height=\"169\" src=\"https:\/\/www.radiopiu.net\/wordpress\/wp-content\/uploads\/2025\/12\/c57fd177-1a75-4cfe-99bb-3c9d4c3fac98-300x169.jpg\" class=\"attachment-medium size-medium\" alt=\"\" srcset=\"https:\/\/www.radiopiu.net\/wordpress\/wp-content\/uploads\/2025\/12\/c57fd177-1a75-4cfe-99bb-3c9d4c3fac98-300x169.jpg 300w, https:\/\/www.radiopiu.net\/wordpress\/wp-content\/uploads\/2025\/12\/c57fd177-1a75-4cfe-99bb-3c9d4c3fac98-1024x576.jpg 1024w, https:\/\/www.radiopiu.net\/wordpress\/wp-content\/uploads\/2025\/12\/c57fd177-1a75-4cfe-99bb-3c9d4c3fac98-768x432.jpg 768w, https:\/\/www.radiopiu.net\/wordpress\/wp-content\/uploads\/2025\/12\/c57fd177-1a75-4cfe-99bb-3c9d4c3fac98-1536x864.jpg 1536w, https:\/\/www.radiopiu.net\/wordpress\/wp-content\/uploads\/2025\/12\/c57fd177-1a75-4cfe-99bb-3c9d4c3fac98.jpg 1600w\" sizes=\"auto, (max-width: 300px) 100vw, 300px\" \/><\/a>\n\t\t\t\t<\/dt><\/dl><dl class='gallery-item'>\n\t\t\t\t<dt class='gallery-icon landscape'>\n\t\t\t\t\t<a class=\"rollover rollover-zoom dt-pswp-item\" title=\"cb2d364d-4e2e-4b9e-88d4-72fc6d9d70d6\" data-dt-img-description=\"\" data-large_image_width=\"1070\" data-large_image_height=\"702\"href='https:\/\/www.radiopiu.net\/wordpress\/wp-content\/uploads\/2025\/12\/cb2d364d-4e2e-4b9e-88d4-72fc6d9d70d6.jpg'><img loading=\"lazy\" decoding=\"async\" width=\"300\" height=\"197\" src=\"https:\/\/www.radiopiu.net\/wordpress\/wp-content\/uploads\/2025\/12\/cb2d364d-4e2e-4b9e-88d4-72fc6d9d70d6-300x197.jpg\" class=\"attachment-medium size-medium\" alt=\"\" srcset=\"https:\/\/www.radiopiu.net\/wordpress\/wp-content\/uploads\/2025\/12\/cb2d364d-4e2e-4b9e-88d4-72fc6d9d70d6-300x197.jpg 300w, https:\/\/www.radiopiu.net\/wordpress\/wp-content\/uploads\/2025\/12\/cb2d364d-4e2e-4b9e-88d4-72fc6d9d70d6-1024x672.jpg 1024w, https:\/\/www.radiopiu.net\/wordpress\/wp-content\/uploads\/2025\/12\/cb2d364d-4e2e-4b9e-88d4-72fc6d9d70d6-768x504.jpg 768w, https:\/\/www.radiopiu.net\/wordpress\/wp-content\/uploads\/2025\/12\/cb2d364d-4e2e-4b9e-88d4-72fc6d9d70d6.jpg 1070w\" sizes=\"auto, (max-width: 300px) 100vw, 300px\" \/><\/a>\n\t\t\t\t<\/dt><\/dl><br style=\"clear: both\" \/>\n\t\t\t<\/div>\n\n<p>&nbsp;<\/p>\n<hr \/>\n<p>&nbsp;<\/p>\n<blockquote>\n<h3>TRASPARENZA E LEGACY DEI GIOCHI MILANO CORTINA 2026<\/h3>\n<\/blockquote>\n<p><strong><a class=\"dt-pswp-item\" href=\"https:\/\/www.radiopiu.net\/wordpress\/wp-content\/uploads\/2023\/03\/MUNCIPIO-CORTINA.png\" data-dt-img-description=\"\" data-large_image_width=\"423\" data-large_image_height=\"367\"><img loading=\"lazy\" decoding=\"async\" class=\" wp-image-327577 alignleft\" src=\"https:\/\/www.radiopiu.net\/wordpress\/wp-content\/uploads\/2023\/03\/MUNCIPIO-CORTINA-300x260.png\" alt=\"\" width=\"127\" height=\"110\" srcset=\"https:\/\/www.radiopiu.net\/wordpress\/wp-content\/uploads\/2023\/03\/MUNCIPIO-CORTINA-300x260.png 300w, https:\/\/www.radiopiu.net\/wordpress\/wp-content\/uploads\/2023\/03\/MUNCIPIO-CORTINA.png 423w\" sizes=\"auto, (max-width: 127px) 100vw, 127px\" \/><\/a>CORTINA <\/strong>Il terzo report di Open Olympics 2026 certifica la trasparenza di SIMICO nella realizzazione delle opere per i Giochi di Milano Cortina 2026. Da oltre un anno, la societ\u00e0 garantisce accesso totale ai dati dei cantieri tramite un portale unico nel suo genere, utile a cittadini, media e associazioni. \u00c8 in corso il Report di Sostenibilit\u00e0 ambientale, mentre le fonti di finanziamento sono pubbliche per legge. SIMICO conferma disponibilit\u00e0 al miglioramento continuo, lasciando una legacy immateriale virtuosa al Paese.<\/p>\n<p><strong>DI BARBARA PAOLAZZI<\/strong><\/p>\n<audio class=\"wp-audio-shortcode\" id=\"audio-485942-13\" preload=\"none\" style=\"width: 100%;\" controls=\"controls\"><source type=\"audio\/mpeg\" src=\"https:\/\/www.radiopiu.net\/wordpress\/wp-content\/uploads\/2025\/12\/PAOLAZZI-OPEN-OLYMPICS-2026.mp3?_=13\" \/><a href=\"https:\/\/www.radiopiu.net\/wordpress\/wp-content\/uploads\/2025\/12\/PAOLAZZI-OPEN-OLYMPICS-2026.mp3\">https:\/\/www.radiopiu.net\/wordpress\/wp-content\/uploads\/2025\/12\/PAOLAZZI-OPEN-OLYMPICS-2026.mp3<\/a><\/audio>\n<p>&nbsp;<\/p>\n<hr \/>\n<p>&nbsp;<\/p>\n<blockquote>\n<h3>IL GELATO DEL BENESSERE: NEUROGASTRONOMIA IN MOSTRA A LONGARONE<\/h3>\n<\/blockquote>\n<p><strong><a class=\"dt-pswp-item\" href=\"https:\/\/www.radiopiu.net\/wordpress\/wp-content\/uploads\/2025\/12\/Gelato-del-Benessere-inaugurazione.jpg\" data-dt-img-description=\"\" data-large_image_width=\"2500\" data-large_image_height=\"1603\"><img loading=\"lazy\" decoding=\"async\" class=\" wp-image-486091 alignleft\" src=\"https:\/\/www.radiopiu.net\/wordpress\/wp-content\/uploads\/2025\/12\/Gelato-del-Benessere-inaugurazione-300x192.jpg\" alt=\"\" width=\"177\" height=\"113\" srcset=\"https:\/\/www.radiopiu.net\/wordpress\/wp-content\/uploads\/2025\/12\/Gelato-del-Benessere-inaugurazione-300x192.jpg 300w, https:\/\/www.radiopiu.net\/wordpress\/wp-content\/uploads\/2025\/12\/Gelato-del-Benessere-inaugurazione-1024x657.jpg 1024w, https:\/\/www.radiopiu.net\/wordpress\/wp-content\/uploads\/2025\/12\/Gelato-del-Benessere-inaugurazione-768x492.jpg 768w, https:\/\/www.radiopiu.net\/wordpress\/wp-content\/uploads\/2025\/12\/Gelato-del-Benessere-inaugurazione-1536x985.jpg 1536w, https:\/\/www.radiopiu.net\/wordpress\/wp-content\/uploads\/2025\/12\/Gelato-del-Benessere-inaugurazione-2048x1313.jpg 2048w\" sizes=\"auto, (max-width: 177px) 100vw, 177px\" \/><\/a>LONGARONE <\/strong>Il CNR ha partecipato per il terzo anno a MIG Experience 2025 presentando il progetto \u201cGelato del Benessere\u201d, sviluppato dal gruppo Neurofood &amp; Neurogastronomia. L\u2019iniziativa unisce neuroscienze, gastronomia e salute, esplorando l\u2019impatto del cibo sulle funzioni cognitive ed emotive. Durante l\u2019evento, i ricercatori hanno illustrato gusti innovativi con ingredienti funzionali come omega-3, curcuma, ginkgo e mandorla attivata, capaci di stimolare la plasticit\u00e0 neuronale e supportare la salute cardiovascolare e cognitiva. Grazie a dispositivi indossabili, \u00e8 stato misurato in tempo reale il gradimento sensoriale. L\u2019esperimento ha coinvolto aziende e gelatieri artigiani, combinando innovazione scientifica, sostenibilit\u00e0 e bioeconomia circolare, con oltre 245 kg di gelato distribuiti al pubblico.<\/p>\n<p>&nbsp;<\/p>\n<p>&nbsp;<\/p>\n<hr \/>\n<p>&nbsp;<\/p>\n<blockquote>\n<h3>FINE SETTIMANA DI SOLIDARIET\u00c0 E MEMORIA A ROCCA PIETORE<\/h3>\n<\/blockquote>\n<p><strong>ROCCA PIETORE<\/strong> Fine settimana ricco di iniziative a Rocca Pietore con la Protezione Civile Ana e il Gruppo Alpini Marmolada. Sabato 13 dicembre, nella sede del gruppo, si \u00e8 svolta l\u2019annuale assemblea della Protezione Civile, alla presenza dei referenti locali e del coordinatore provinciale. Durante l\u2019incontro sono stati consegnati ai volontari 30 nuovi elmetti da intervento, acquistati grazie al contributo di Cortinabanca, riconosciuta per il costante sostegno al territorio. Domenica 14, la comunit\u00e0 si \u00e8 raccolta per la messa e la deposizione della corona al Monumento ai Caduti, ricordando i concittadini caduti nelle due guerre mondiali. Un ringraziamento speciale agli alpini, instancabili nel servizio alla popolazione durante tutto l\u2019anno.<\/p>\n\n\t\t\t<style type='text\/css'>\n\t\t\t\t#gallery-5 {\n\t\t\t\t\tmargin: auto;\n\t\t\t\t}\n\t\t\t\t#gallery-5 .gallery-item {\n\t\t\t\t\tfloat: left;\n\t\t\t\t\tmargin-top: 10px;\n\t\t\t\t\ttext-align: center;\n\t\t\t\t\twidth: 25%;\n\t\t\t\t}\n\t\t\t\t#gallery-5 img {\n\t\t\t\t\tborder: 2px solid #cfcfcf;\n\t\t\t\t}\n\t\t\t\t#gallery-5 .gallery-caption {\n\t\t\t\t\tmargin-left: 0;\n\t\t\t\t}\n\t\t\t\t\/* see gallery_shortcode() in wp-includes\/media.php *\/\n\t\t\t<\/style>\n\t\t<div id='gallery-5' class='dt-gallery-container gallery galleryid-485942 gallery-columns-4 gallery-size-medium'><dl class='gallery-item'>\n\t\t\t\t<dt class='gallery-icon portrait'>\n\t\t\t\t\t<a class=\"rollover rollover-zoom dt-pswp-item\" title=\"cd4459e9-a85c-49f8-b407-b64ad0703d4e\" data-dt-img-description=\"\" data-large_image_width=\"1143\" data-large_image_height=\"1429\"href='https:\/\/www.radiopiu.net\/wordpress\/wp-content\/uploads\/2025\/12\/cd4459e9-a85c-49f8-b407-b64ad0703d4e.jpg'><img loading=\"lazy\" decoding=\"async\" width=\"240\" height=\"300\" src=\"https:\/\/www.radiopiu.net\/wordpress\/wp-content\/uploads\/2025\/12\/cd4459e9-a85c-49f8-b407-b64ad0703d4e-240x300.jpg\" class=\"attachment-medium size-medium\" alt=\"\" srcset=\"https:\/\/www.radiopiu.net\/wordpress\/wp-content\/uploads\/2025\/12\/cd4459e9-a85c-49f8-b407-b64ad0703d4e-240x300.jpg 240w, https:\/\/www.radiopiu.net\/wordpress\/wp-content\/uploads\/2025\/12\/cd4459e9-a85c-49f8-b407-b64ad0703d4e-819x1024.jpg 819w, https:\/\/www.radiopiu.net\/wordpress\/wp-content\/uploads\/2025\/12\/cd4459e9-a85c-49f8-b407-b64ad0703d4e-768x960.jpg 768w, https:\/\/www.radiopiu.net\/wordpress\/wp-content\/uploads\/2025\/12\/cd4459e9-a85c-49f8-b407-b64ad0703d4e.jpg 1143w\" sizes=\"auto, (max-width: 240px) 100vw, 240px\" \/><\/a>\n\t\t\t\t<\/dt><\/dl><dl class='gallery-item'>\n\t\t\t\t<dt class='gallery-icon landscape'>\n\t\t\t\t\t<a class=\"rollover rollover-zoom dt-pswp-item\" title=\"e4b743cb-f0cc-4662-97a8-1b2232ec92f0\" data-dt-img-description=\"\" data-large_image_width=\"1600\" data-large_image_height=\"1200\"href='https:\/\/www.radiopiu.net\/wordpress\/wp-content\/uploads\/2025\/12\/e4b743cb-f0cc-4662-97a8-1b2232ec92f0.jpg'><img loading=\"lazy\" decoding=\"async\" width=\"300\" height=\"225\" src=\"https:\/\/www.radiopiu.net\/wordpress\/wp-content\/uploads\/2025\/12\/e4b743cb-f0cc-4662-97a8-1b2232ec92f0-300x225.jpg\" class=\"attachment-medium size-medium\" alt=\"\" srcset=\"https:\/\/www.radiopiu.net\/wordpress\/wp-content\/uploads\/2025\/12\/e4b743cb-f0cc-4662-97a8-1b2232ec92f0-300x225.jpg 300w, https:\/\/www.radiopiu.net\/wordpress\/wp-content\/uploads\/2025\/12\/e4b743cb-f0cc-4662-97a8-1b2232ec92f0-1024x768.jpg 1024w, https:\/\/www.radiopiu.net\/wordpress\/wp-content\/uploads\/2025\/12\/e4b743cb-f0cc-4662-97a8-1b2232ec92f0-768x576.jpg 768w, https:\/\/www.radiopiu.net\/wordpress\/wp-content\/uploads\/2025\/12\/e4b743cb-f0cc-4662-97a8-1b2232ec92f0-1536x1152.jpg 1536w, https:\/\/www.radiopiu.net\/wordpress\/wp-content\/uploads\/2025\/12\/e4b743cb-f0cc-4662-97a8-1b2232ec92f0.jpg 1600w\" sizes=\"auto, (max-width: 300px) 100vw, 300px\" \/><\/a>\n\t\t\t\t<\/dt><\/dl><dl class='gallery-item'>\n\t\t\t\t<dt class='gallery-icon portrait'>\n\t\t\t\t\t<a class=\"rollover rollover-zoom dt-pswp-item\" title=\"0c37670d-e825-4a9d-b72c-101e1cf1a5cb\" data-dt-img-description=\"\" data-large_image_width=\"1536\" data-large_image_height=\"2048\"href='https:\/\/www.radiopiu.net\/wordpress\/wp-content\/uploads\/2025\/12\/0c37670d-e825-4a9d-b72c-101e1cf1a5cb.jpg'><img loading=\"lazy\" decoding=\"async\" width=\"225\" height=\"300\" src=\"https:\/\/www.radiopiu.net\/wordpress\/wp-content\/uploads\/2025\/12\/0c37670d-e825-4a9d-b72c-101e1cf1a5cb-225x300.jpg\" class=\"attachment-medium size-medium\" alt=\"\" srcset=\"https:\/\/www.radiopiu.net\/wordpress\/wp-content\/uploads\/2025\/12\/0c37670d-e825-4a9d-b72c-101e1cf1a5cb-225x300.jpg 225w, https:\/\/www.radiopiu.net\/wordpress\/wp-content\/uploads\/2025\/12\/0c37670d-e825-4a9d-b72c-101e1cf1a5cb-768x1024.jpg 768w, https:\/\/www.radiopiu.net\/wordpress\/wp-content\/uploads\/2025\/12\/0c37670d-e825-4a9d-b72c-101e1cf1a5cb-1152x1536.jpg 1152w, https:\/\/www.radiopiu.net\/wordpress\/wp-content\/uploads\/2025\/12\/0c37670d-e825-4a9d-b72c-101e1cf1a5cb.jpg 1536w\" sizes=\"auto, (max-width: 225px) 100vw, 225px\" \/><\/a>\n\t\t\t\t<\/dt><\/dl><dl class='gallery-item'>\n\t\t\t\t<dt class='gallery-icon landscape'>\n\t\t\t\t\t<a class=\"rollover rollover-zoom dt-pswp-item\" title=\"940c9f8e-6539-4ada-a10f-8a3ba598226c\" data-dt-img-description=\"\" data-large_image_width=\"2048\" data-large_image_height=\"1536\"href='https:\/\/www.radiopiu.net\/wordpress\/wp-content\/uploads\/2025\/12\/940c9f8e-6539-4ada-a10f-8a3ba598226c.jpg'><img loading=\"lazy\" decoding=\"async\" width=\"300\" height=\"225\" src=\"https:\/\/www.radiopiu.net\/wordpress\/wp-content\/uploads\/2025\/12\/940c9f8e-6539-4ada-a10f-8a3ba598226c-300x225.jpg\" class=\"attachment-medium size-medium\" alt=\"\" srcset=\"https:\/\/www.radiopiu.net\/wordpress\/wp-content\/uploads\/2025\/12\/940c9f8e-6539-4ada-a10f-8a3ba598226c-300x225.jpg 300w, https:\/\/www.radiopiu.net\/wordpress\/wp-content\/uploads\/2025\/12\/940c9f8e-6539-4ada-a10f-8a3ba598226c-1024x768.jpg 1024w, https:\/\/www.radiopiu.net\/wordpress\/wp-content\/uploads\/2025\/12\/940c9f8e-6539-4ada-a10f-8a3ba598226c-768x576.jpg 768w, https:\/\/www.radiopiu.net\/wordpress\/wp-content\/uploads\/2025\/12\/940c9f8e-6539-4ada-a10f-8a3ba598226c-1536x1152.jpg 1536w, https:\/\/www.radiopiu.net\/wordpress\/wp-content\/uploads\/2025\/12\/940c9f8e-6539-4ada-a10f-8a3ba598226c.jpg 2048w\" sizes=\"auto, (max-width: 300px) 100vw, 300px\" \/><\/a>\n\t\t\t\t<\/dt><\/dl><br style=\"clear: both\" \/>\n\t\t\t<\/div>\n\n<p>&nbsp;<\/p>\n<hr \/>\n<p>&nbsp;<\/p>\n<div class=\"page-title-head hgroup\">\n<blockquote>\n<h3 class=\"entry-title\">NATALE PER TUTTI \u2013 MOUNTAIN EDITION: INCLUSIONE SULLA NEVE AD ALLEGHE<\/h3>\n<\/blockquote>\n<\/div>\n<p><a class=\"dt-pswp-item pspw-wrap-ready\" href=\"https:\/\/www.radiopiu.net\/wordpress\/wp-content\/uploads\/2025\/12\/Screenshot-2025-12-15-074710.png\" data-dt-img-description=\"\" data-large_image_width=\"1107\" data-large_image_height=\"441\"><img loading=\"lazy\" decoding=\"async\" class=\" wp-image-485981 alignleft\" src=\"https:\/\/www.radiopiu.net\/wordpress\/wp-content\/uploads\/2025\/12\/Screenshot-2025-12-15-074710-300x120.png\" sizes=\"auto, (max-width: 263px) 100vw, 263px\" srcset=\"https:\/\/www.radiopiu.net\/wordpress\/wp-content\/uploads\/2025\/12\/Screenshot-2025-12-15-074710-300x120.png 300w, https:\/\/www.radiopiu.net\/wordpress\/wp-content\/uploads\/2025\/12\/Screenshot-2025-12-15-074710-1024x408.png 1024w, https:\/\/www.radiopiu.net\/wordpress\/wp-content\/uploads\/2025\/12\/Screenshot-2025-12-15-074710-768x306.png 768w, https:\/\/www.radiopiu.net\/wordpress\/wp-content\/uploads\/2025\/12\/Screenshot-2025-12-15-074710.png 1107w\" alt=\"\" width=\"263\" height=\"105\" \/><\/a>Da domani\u00a0 a giovedi torna \u201cNatale per Tutti \u2013 Mountain Edition\u201d, l\u2019evento sulla neve che unisce spirito natalizio e inclusivit\u00e0 nella cornice delle Dolomiti. Per il secondo anno consecutivo, Alleghe ai Piani di Pezz\u00e8 ospiter\u00e0 un\u2019esperienza pensata per regalare emozioni e condivisione a tutti. Saranno 350 i beneficiari coinvolti, provenienti da 20 centri, associazioni e cooperative del Veneto: persone con disabilit\u00e0 insieme ad amici, familiari ed educatori, pronti a vivere tre giorni di festa sulla neve. Grazie a strutture accessibili e a un\u2019organizzazione attenta, ogni attivit\u00e0 \u00e8 progettata per essere fruibile in sicurezza e senza barriere. Il programma prevede motoslitte, snow bike, slittino, giri in cabinovia, pranzo in rifugio, animazione, battaglie di palle di neve e l\u2019immancabile visita di Babbo Natale con i suoi elfi. Un\u2019occasione per vivere l\u2019inverno in modo attivo e partecipato. L\u2019obiettivo dell\u2019iniziativa \u00e8 promuovere benessere, autonomia e inclusione, offrendo esperienze autentiche nel segno della normalit\u00e0 e della condivisione. L\u2019evento \u00e8 promosso dalla realt\u00e0 non profit CROSSabili by Mattia Cattapan insieme ad Alvaro Dal Farra, pilota di fama internazionale da sempre impegnato nel sociale.<\/p>\n<p>&nbsp;<\/p>\n<hr \/>\n<p>&nbsp;<\/p>\n<h1 class=\"_title post-title entry-title\">COMELICO SUPERIORE | NUOVO MEZZO ALLA SEAS: RICONOSCIUTA OPERA DEI VOLONTARI, ANIMA DELLE TERRE ALTE<\/h1>\n<p>. \u2013 Intervistati FABRIZIO SARENTI (PRESIDENTE ASSOCIAZIONE SEAS CADORE COMELICO), MARTA BRAMEZZA (VICE SINDACA COMELICO SUPERIORE), BARBARA ZANIN (DIRETTRICE SEDE VOLKSBANK AREA BELLUNO) (Servizio di\u00a0<a href=\"https:\/\/antennatre.medianordest.it\/redazione\/Tiziana-Bolognani\/\">Tiziana Bolognani<\/a>)<\/p>\n<p><iframe loading=\"lazy\" title=\"NUOVO MEZZO ALLA SEAS: RICONOSCIUTA OPERA DEI VOLONTARI, ANIMA DELLE TERRE ALTE | 15\/12\/2025\" width=\"1200\" height=\"675\" src=\"https:\/\/www.youtube.com\/embed\/OlqhszavhkQ?feature=oembed\" frameborder=\"0\" allow=\"accelerometer; autoplay; clipboard-write; encrypted-media; gyroscope; picture-in-picture; web-share\" referrerpolicy=\"strict-origin-when-cross-origin\" allowfullscreen><\/iframe><\/p>\n<p>&nbsp;<\/p>\n<p>&nbsp;<\/p>\n<hr \/>\n<p>&nbsp;<\/p>\n<blockquote>\n<h3>OMAGGIO A JANNACCI: SUCCESSO PER LO SPETTACOLO A FELTRE<\/h3>\n<\/blockquote>\n<p><strong>FELTRE<\/strong> Grande successo sabato 13 dicembre a Feltre per \u201cUn poeta da cantare\u201d, omaggio a Enzo Jannacci promosso dal Cilp ODV e dalla Scuola di Musica F. Sandi, con il patrocinio del Comune di Feltre. Gli allievi e i protagonisti del Libro Parlato hanno interpretato brani e personaggi del celebre medico-musicista milanese, tra ironia e sentimento, evidenziando gli ultimi e i disperati con sarcasmo e comicit\u00e0. Lo spettacolo ha coniugato parola, musica e mimica, attraversando generazioni e tematiche sociali attuali, offrendo al pubblico un\u2019esperienza artistica poliedrica. Le due repliche, alle 18 e alle 21, hanno confermato l\u2019apprezzamento per un evento che ha celebrato un gigante della musica italiana.<\/p>\n<div style=\"width: 848px;\" class=\"wp-video\"><video class=\"wp-video-shortcode\" id=\"video-485942-1\" width=\"848\" height=\"480\" preload=\"metadata\" controls=\"controls\"><source type=\"video\/mp4\" src=\"https:\/\/www.radiopiu.net\/wordpress\/wp-content\/uploads\/2025\/12\/WhatsApp-Video-2025-12-15-at-17.09.52.mp4?_=1\" \/><a href=\"https:\/\/www.radiopiu.net\/wordpress\/wp-content\/uploads\/2025\/12\/WhatsApp-Video-2025-12-15-at-17.09.52.mp4\">https:\/\/www.radiopiu.net\/wordpress\/wp-content\/uploads\/2025\/12\/WhatsApp-Video-2025-12-15-at-17.09.52.mp4<\/a><\/video><\/div>\n<p>&nbsp;<\/p>\n<hr \/>\n<p>&nbsp;<\/p>\n<blockquote>\n<h3>FRASSENE&#8217;: ANCHE QUEST&#8217;ANNO PRESEPE CHE INCANTA<\/h3>\n<\/blockquote>\n<p><strong>VOLTAGO<\/strong> Tradizione, vita quotidiana e memoria alpina si incontrano nel presepe allestito a Frassen\u00e8 di Voltago Agordino, in piazza Don Stefano Gorzegno, davanti alle ex scuole elementari. Non si tratta di una semplice rappresentazione della Nativit\u00e0, ma di un vero presepe delle Dolomiti che racconta la montagna e la sua gente. Le scene raffigurano un piccolo villaggio alpino animato da gesti antichi: bambini che giocano, sciatori con attrezzature d\u2019epoca, donne al bucato, uomini impegnati a segare la legna, trasportare tronchi o lavorare nelle casette in legno. Ogni dettaglio \u00e8 un omaggio alla vita semplice e laboriosa di un tempo. Le Dolomiti, gli abeti e le luci discrete completano una scenografia a cielo aperto che valorizza materiali autentici e memoria collettiva. Un presepe da osservare con calma, che parla di identit\u00e0, comunit\u00e0 e tradizioni. Un sentito grazie del paese ai coniugi Thierry e Morena.<\/p>\n\n\t\t\t<style type='text\/css'>\n\t\t\t\t#gallery-6 {\n\t\t\t\t\tmargin: auto;\n\t\t\t\t}\n\t\t\t\t#gallery-6 .gallery-item {\n\t\t\t\t\tfloat: left;\n\t\t\t\t\tmargin-top: 10px;\n\t\t\t\t\ttext-align: center;\n\t\t\t\t\twidth: 20%;\n\t\t\t\t}\n\t\t\t\t#gallery-6 img {\n\t\t\t\t\tborder: 2px solid #cfcfcf;\n\t\t\t\t}\n\t\t\t\t#gallery-6 .gallery-caption {\n\t\t\t\t\tmargin-left: 0;\n\t\t\t\t}\n\t\t\t\t\/* see gallery_shortcode() in wp-includes\/media.php *\/\n\t\t\t<\/style>\n\t\t<div id='gallery-6' class='dt-gallery-container gallery galleryid-485942 gallery-columns-5 gallery-size-thumbnail'><dl class='gallery-item'>\n\t\t\t\t<dt class='gallery-icon landscape'>\n\t\t\t\t\t<a class=\"rollover rollover-zoom dt-pswp-item\" title=\"9215e06c-ee83-4449-8868-1c80880984f7\" data-dt-img-description=\"\" data-large_image_width=\"2040\" data-large_image_height=\"1530\"href='https:\/\/www.radiopiu.net\/wordpress\/wp-content\/uploads\/2025\/12\/9215e06c-ee83-4449-8868-1c80880984f7.jpg'><img loading=\"lazy\" decoding=\"async\" width=\"150\" height=\"150\" src=\"https:\/\/www.radiopiu.net\/wordpress\/wp-content\/uploads\/2025\/12\/9215e06c-ee83-4449-8868-1c80880984f7-150x150.jpg\" class=\"attachment-thumbnail size-thumbnail\" alt=\"\" \/><\/a>\n\t\t\t\t<\/dt><\/dl><dl class='gallery-item'>\n\t\t\t\t<dt class='gallery-icon portrait'>\n\t\t\t\t\t<a class=\"rollover rollover-zoom dt-pswp-item\" title=\"ec831d99-4b2c-4db8-b04a-87aadc102655\" data-dt-img-description=\"\" data-large_image_width=\"1200\" data-large_image_height=\"2040\"href='https:\/\/www.radiopiu.net\/wordpress\/wp-content\/uploads\/2025\/12\/ec831d99-4b2c-4db8-b04a-87aadc102655.jpg'><img loading=\"lazy\" decoding=\"async\" width=\"150\" height=\"150\" src=\"https:\/\/www.radiopiu.net\/wordpress\/wp-content\/uploads\/2025\/12\/ec831d99-4b2c-4db8-b04a-87aadc102655-150x150.jpg\" class=\"attachment-thumbnail size-thumbnail\" alt=\"\" \/><\/a>\n\t\t\t\t<\/dt><\/dl><dl class='gallery-item'>\n\t\t\t\t<dt class='gallery-icon portrait'>\n\t\t\t\t\t<a class=\"rollover rollover-zoom dt-pswp-item\" title=\"543a4676-552c-4a74-967e-a41fc71bab8f\" data-dt-img-description=\"\" data-large_image_width=\"1530\" data-large_image_height=\"2040\"href='https:\/\/www.radiopiu.net\/wordpress\/wp-content\/uploads\/2025\/12\/543a4676-552c-4a74-967e-a41fc71bab8f.jpg'><img loading=\"lazy\" decoding=\"async\" width=\"150\" height=\"150\" src=\"https:\/\/www.radiopiu.net\/wordpress\/wp-content\/uploads\/2025\/12\/543a4676-552c-4a74-967e-a41fc71bab8f-150x150.jpg\" class=\"attachment-thumbnail size-thumbnail\" alt=\"\" \/><\/a>\n\t\t\t\t<\/dt><\/dl><dl class='gallery-item'>\n\t\t\t\t<dt class='gallery-icon portrait'>\n\t\t\t\t\t<a class=\"rollover rollover-zoom dt-pswp-item\" title=\"23a58a91-acaf-4b72-b84b-7267f25ed1c6\" data-dt-img-description=\"\" data-large_image_width=\"1530\" data-large_image_height=\"2040\"href='https:\/\/www.radiopiu.net\/wordpress\/wp-content\/uploads\/2025\/12\/23a58a91-acaf-4b72-b84b-7267f25ed1c6.jpg'><img loading=\"lazy\" decoding=\"async\" width=\"150\" height=\"150\" src=\"https:\/\/www.radiopiu.net\/wordpress\/wp-content\/uploads\/2025\/12\/23a58a91-acaf-4b72-b84b-7267f25ed1c6-150x150.jpg\" class=\"attachment-thumbnail size-thumbnail\" alt=\"\" \/><\/a>\n\t\t\t\t<\/dt><\/dl><dl class='gallery-item'>\n\t\t\t\t<dt class='gallery-icon portrait'>\n\t\t\t\t\t<a class=\"rollover rollover-zoom dt-pswp-item\" title=\"49bced47-2040-4369-a33d-61c34dd3c902\" data-dt-img-description=\"\" data-large_image_width=\"1530\" data-large_image_height=\"2040\"href='https:\/\/www.radiopiu.net\/wordpress\/wp-content\/uploads\/2025\/12\/49bced47-2040-4369-a33d-61c34dd3c902.jpg'><img loading=\"lazy\" decoding=\"async\" width=\"150\" height=\"150\" src=\"https:\/\/www.radiopiu.net\/wordpress\/wp-content\/uploads\/2025\/12\/49bced47-2040-4369-a33d-61c34dd3c902-150x150.jpg\" class=\"attachment-thumbnail size-thumbnail\" alt=\"\" \/><\/a>\n\t\t\t\t<\/dt><\/dl><br style=\"clear: both\" \/><dl class='gallery-item'>\n\t\t\t\t<dt class='gallery-icon landscape'>\n\t\t\t\t\t<a class=\"rollover rollover-zoom dt-pswp-item\" title=\"dc34f984-0749-4d8c-9e52-ad829573f86e\" data-dt-img-description=\"\" data-large_image_width=\"2048\" data-large_image_height=\"1827\"href='https:\/\/www.radiopiu.net\/wordpress\/wp-content\/uploads\/2025\/12\/dc34f984-0749-4d8c-9e52-ad829573f86e.jpg'><img loading=\"lazy\" decoding=\"async\" width=\"150\" height=\"150\" src=\"https:\/\/www.radiopiu.net\/wordpress\/wp-content\/uploads\/2025\/12\/dc34f984-0749-4d8c-9e52-ad829573f86e-150x150.jpg\" class=\"attachment-thumbnail size-thumbnail\" alt=\"\" \/><\/a>\n\t\t\t\t<\/dt><\/dl><dl class='gallery-item'>\n\t\t\t\t<dt class='gallery-icon landscape'>\n\t\t\t\t\t<a class=\"rollover rollover-zoom dt-pswp-item\" title=\"07a1f497-8e36-499e-b72f-d9197f15b99b\" data-dt-img-description=\"\" data-large_image_width=\"2040\" data-large_image_height=\"1530\"href='https:\/\/www.radiopiu.net\/wordpress\/wp-content\/uploads\/2025\/12\/07a1f497-8e36-499e-b72f-d9197f15b99b.jpg'><img loading=\"lazy\" decoding=\"async\" width=\"150\" height=\"150\" src=\"https:\/\/www.radiopiu.net\/wordpress\/wp-content\/uploads\/2025\/12\/07a1f497-8e36-499e-b72f-d9197f15b99b-150x150.jpg\" class=\"attachment-thumbnail size-thumbnail\" alt=\"\" \/><\/a>\n\t\t\t\t<\/dt><\/dl><dl class='gallery-item'>\n\t\t\t\t<dt class='gallery-icon portrait'>\n\t\t\t\t\t<a class=\"rollover rollover-zoom dt-pswp-item\" title=\"4829167a-c2e3-4a8e-b5cd-92761260d485\" data-dt-img-description=\"\" data-large_image_width=\"1530\" data-large_image_height=\"2040\"href='https:\/\/www.radiopiu.net\/wordpress\/wp-content\/uploads\/2025\/12\/4829167a-c2e3-4a8e-b5cd-92761260d485.jpg'><img loading=\"lazy\" decoding=\"async\" width=\"150\" height=\"150\" src=\"https:\/\/www.radiopiu.net\/wordpress\/wp-content\/uploads\/2025\/12\/4829167a-c2e3-4a8e-b5cd-92761260d485-150x150.jpg\" class=\"attachment-thumbnail size-thumbnail\" alt=\"\" \/><\/a>\n\t\t\t\t<\/dt><\/dl><dl class='gallery-item'>\n\t\t\t\t<dt class='gallery-icon portrait'>\n\t\t\t\t\t<a class=\"rollover rollover-zoom dt-pswp-item\" title=\"58713030-ffde-4b00-ba1e-d25241abb503\" data-dt-img-description=\"\" data-large_image_width=\"1530\" data-large_image_height=\"2040\"href='https:\/\/www.radiopiu.net\/wordpress\/wp-content\/uploads\/2025\/12\/58713030-ffde-4b00-ba1e-d25241abb503.jpg'><img loading=\"lazy\" decoding=\"async\" width=\"150\" height=\"150\" src=\"https:\/\/www.radiopiu.net\/wordpress\/wp-content\/uploads\/2025\/12\/58713030-ffde-4b00-ba1e-d25241abb503-150x150.jpg\" class=\"attachment-thumbnail size-thumbnail\" alt=\"\" \/><\/a>\n\t\t\t\t<\/dt><\/dl><dl class='gallery-item'>\n\t\t\t\t<dt class='gallery-icon landscape'>\n\t\t\t\t\t<a class=\"rollover rollover-zoom dt-pswp-item\" title=\"35de42f0-4c51-4099-a467-eb7a93a58899\" data-dt-img-description=\"\" data-large_image_width=\"2048\" data-large_image_height=\"1155\"href='https:\/\/www.radiopiu.net\/wordpress\/wp-content\/uploads\/2025\/12\/35de42f0-4c51-4099-a467-eb7a93a58899.jpg'><img loading=\"lazy\" decoding=\"async\" width=\"150\" height=\"150\" src=\"https:\/\/www.radiopiu.net\/wordpress\/wp-content\/uploads\/2025\/12\/35de42f0-4c51-4099-a467-eb7a93a58899-150x150.jpg\" class=\"attachment-thumbnail size-thumbnail\" alt=\"\" \/><\/a>\n\t\t\t\t<\/dt><\/dl><br style=\"clear: both\" \/>\n\t\t\t<\/div>\n\n<p>&nbsp;<\/p>\n<hr \/>\n<p>&nbsp;<\/p>\n<blockquote>\n<h3>GIOVE ALL&#8217;ALBA SUL MONTE AGNER: SPETTACOLO RARO NEL CIELO DOLOMITICO<\/h3>\n<\/blockquote>\n<p><strong>REDAZIONE\u00a0<\/strong>Uno scatto raro e suggestivo \u00e8 stato realizzato ieri mattina alle 7 da Voltago dal fotografo Mario De Marco, che ha immortalato il tramonto di Giove con le sue lune galileiane sopra il Monte Agner, in prossimit\u00e0 della croce di vetta. Grazie a un teleobiettivo da 800 millimetri, l\u2019immagine mostra il pianeta ancora luminoso nel cielo dell\u2019alba, affiancato dalle sue lune visibili come piccoli punti di luce. La scena \u00e8 resa ancora pi\u00f9 affascinante dalla luce radente del mattino, che accende le pareti dolomitiche dell\u2019Agner con toni caldi di oro e rame, creando un forte contrasto con il blu profondo del cielo. Uno scatto che unisce astronomia, paesaggio e sensibilit\u00e0 artistica, restituendo la magia di un momento irripetibile.<\/p>\n\n\t\t\t<style type='text\/css'>\n\t\t\t\t#gallery-7 {\n\t\t\t\t\tmargin: auto;\n\t\t\t\t}\n\t\t\t\t#gallery-7 .gallery-item {\n\t\t\t\t\tfloat: left;\n\t\t\t\t\tmargin-top: 10px;\n\t\t\t\t\ttext-align: center;\n\t\t\t\t\twidth: 33%;\n\t\t\t\t}\n\t\t\t\t#gallery-7 img {\n\t\t\t\t\tborder: 2px solid #cfcfcf;\n\t\t\t\t}\n\t\t\t\t#gallery-7 .gallery-caption {\n\t\t\t\t\tmargin-left: 0;\n\t\t\t\t}\n\t\t\t\t\/* see gallery_shortcode() in wp-includes\/media.php *\/\n\t\t\t<\/style>\n\t\t<div id='gallery-7' class='dt-gallery-container gallery galleryid-485942 gallery-columns-3 gallery-size-medium'><dl class='gallery-item'>\n\t\t\t\t<dt class='gallery-icon landscape'>\n\t\t\t\t\t<a class=\"rollover rollover-zoom dt-pswp-item\" title=\"5d78c398-91ff-4d20-aaf6-119d477c062a\" data-dt-img-description=\"\" data-large_image_width=\"1432\" data-large_image_height=\"1040\"href='https:\/\/www.radiopiu.net\/wordpress\/wp-content\/uploads\/2025\/12\/5d78c398-91ff-4d20-aaf6-119d477c062a.jpg'><img loading=\"lazy\" decoding=\"async\" width=\"300\" height=\"218\" src=\"https:\/\/www.radiopiu.net\/wordpress\/wp-content\/uploads\/2025\/12\/5d78c398-91ff-4d20-aaf6-119d477c062a-300x218.jpg\" class=\"attachment-medium size-medium\" alt=\"\" srcset=\"https:\/\/www.radiopiu.net\/wordpress\/wp-content\/uploads\/2025\/12\/5d78c398-91ff-4d20-aaf6-119d477c062a-300x218.jpg 300w, https:\/\/www.radiopiu.net\/wordpress\/wp-content\/uploads\/2025\/12\/5d78c398-91ff-4d20-aaf6-119d477c062a-1024x744.jpg 1024w, https:\/\/www.radiopiu.net\/wordpress\/wp-content\/uploads\/2025\/12\/5d78c398-91ff-4d20-aaf6-119d477c062a-768x558.jpg 768w, https:\/\/www.radiopiu.net\/wordpress\/wp-content\/uploads\/2025\/12\/5d78c398-91ff-4d20-aaf6-119d477c062a.jpg 1432w\" sizes=\"auto, (max-width: 300px) 100vw, 300px\" \/><\/a>\n\t\t\t\t<\/dt><\/dl><dl class='gallery-item'>\n\t\t\t\t<dt class='gallery-icon landscape'>\n\t\t\t\t\t<a class=\"rollover rollover-zoom dt-pswp-item\" title=\"1c724b70-4f74-401a-8092-a98f8e722b03\" data-dt-img-description=\"\" data-large_image_width=\"1600\" data-large_image_height=\"1210\"href='https:\/\/www.radiopiu.net\/wordpress\/wp-content\/uploads\/2025\/12\/1c724b70-4f74-401a-8092-a98f8e722b03.jpg'><img loading=\"lazy\" decoding=\"async\" width=\"300\" height=\"227\" src=\"https:\/\/www.radiopiu.net\/wordpress\/wp-content\/uploads\/2025\/12\/1c724b70-4f74-401a-8092-a98f8e722b03-300x227.jpg\" class=\"attachment-medium size-medium\" alt=\"\" srcset=\"https:\/\/www.radiopiu.net\/wordpress\/wp-content\/uploads\/2025\/12\/1c724b70-4f74-401a-8092-a98f8e722b03-300x227.jpg 300w, https:\/\/www.radiopiu.net\/wordpress\/wp-content\/uploads\/2025\/12\/1c724b70-4f74-401a-8092-a98f8e722b03-1024x774.jpg 1024w, https:\/\/www.radiopiu.net\/wordpress\/wp-content\/uploads\/2025\/12\/1c724b70-4f74-401a-8092-a98f8e722b03-768x581.jpg 768w, https:\/\/www.radiopiu.net\/wordpress\/wp-content\/uploads\/2025\/12\/1c724b70-4f74-401a-8092-a98f8e722b03-1536x1162.jpg 1536w, https:\/\/www.radiopiu.net\/wordpress\/wp-content\/uploads\/2025\/12\/1c724b70-4f74-401a-8092-a98f8e722b03.jpg 1600w\" sizes=\"auto, (max-width: 300px) 100vw, 300px\" \/><\/a>\n\t\t\t\t<\/dt><\/dl><dl class='gallery-item'>\n\t\t\t\t<dt class='gallery-icon landscape'>\n\t\t\t\t\t<a class=\"rollover rollover-zoom dt-pswp-item\" title=\"9132ed18-126c-488f-bb29-b063d1b9e1d0\" data-dt-img-description=\"\" data-large_image_width=\"1600\" data-large_image_height=\"1174\"href='https:\/\/www.radiopiu.net\/wordpress\/wp-content\/uploads\/2025\/12\/9132ed18-126c-488f-bb29-b063d1b9e1d0.jpg'><img loading=\"lazy\" decoding=\"async\" width=\"300\" height=\"220\" src=\"https:\/\/www.radiopiu.net\/wordpress\/wp-content\/uploads\/2025\/12\/9132ed18-126c-488f-bb29-b063d1b9e1d0-300x220.jpg\" class=\"attachment-medium size-medium\" alt=\"\" srcset=\"https:\/\/www.radiopiu.net\/wordpress\/wp-content\/uploads\/2025\/12\/9132ed18-126c-488f-bb29-b063d1b9e1d0-300x220.jpg 300w, https:\/\/www.radiopiu.net\/wordpress\/wp-content\/uploads\/2025\/12\/9132ed18-126c-488f-bb29-b063d1b9e1d0-1024x751.jpg 1024w, https:\/\/www.radiopiu.net\/wordpress\/wp-content\/uploads\/2025\/12\/9132ed18-126c-488f-bb29-b063d1b9e1d0-768x564.jpg 768w, https:\/\/www.radiopiu.net\/wordpress\/wp-content\/uploads\/2025\/12\/9132ed18-126c-488f-bb29-b063d1b9e1d0-1536x1127.jpg 1536w, https:\/\/www.radiopiu.net\/wordpress\/wp-content\/uploads\/2025\/12\/9132ed18-126c-488f-bb29-b063d1b9e1d0.jpg 1600w\" sizes=\"auto, (max-width: 300px) 100vw, 300px\" \/><\/a>\n\t\t\t\t<\/dt><\/dl><br style=\"clear: both\" \/>\n\t\t\t<\/div>\n\n<p>&nbsp;<\/p>\n<p>&nbsp;<\/p>\n<blockquote class=\"wp-embedded-content\" data-secret=\"ZgkPsmbo8K\"><p><a href=\"https:\/\/www.radiopiu.net\/wordpress\/puntata-59\/\">UN\u2019AMICIZIA SCOLPITA NEL TEMPO: IL RICORDO DI FRANCO FIABANE ATTRAVERSO LE FOTO DI ELIO<\/a><\/p><\/blockquote>\n<p><iframe loading=\"lazy\" class=\"wp-embedded-content\" sandbox=\"allow-scripts\" security=\"restricted\" style=\"position: absolute; visibility: hidden;\" title=\"&#8220;UN\u2019AMICIZIA SCOLPITA NEL TEMPO: IL RICORDO DI FRANCO FIABANE ATTRAVERSO LE FOTO DI ELIO&#8221; &#8212; Radio Pi\u00f9\" src=\"https:\/\/www.radiopiu.net\/wordpress\/puntata-59\/embed\/#?secret=UlJXTu4TkU#?secret=ZgkPsmbo8K\" data-secret=\"ZgkPsmbo8K\" width=\"600\" height=\"338\" frameborder=\"0\" marginwidth=\"0\" marginheight=\"0\" scrolling=\"no\"><\/iframe><\/p>\n<hr \/>\n<p>&nbsp;<\/p>\n<blockquote>\n<h3>LA MALATTIA SI TRASFORMA IN UN\u2019OPERA D\u2019ARTE: calendari in distribuzione<\/h3>\n<\/blockquote>\n<blockquote><p><em><a class=\"dt-pswp-item\" href=\"https:\/\/www.radiopiu.net\/wordpress\/wp-content\/uploads\/2025\/10\/c71a97c1-94f1-4cc2-9042-1e49f30c773d.jpg\" data-dt-img-description=\"\" data-large_image_width=\"720\" data-large_image_height=\"548\"><img loading=\"lazy\" decoding=\"async\" class=\"wp-image-474274 alignleft\" src=\"https:\/\/www.radiopiu.net\/wordpress\/wp-content\/uploads\/2025\/10\/c71a97c1-94f1-4cc2-9042-1e49f30c773d-300x228.jpg\" alt=\"\" width=\"186\" height=\"141\" srcset=\"https:\/\/www.radiopiu.net\/wordpress\/wp-content\/uploads\/2025\/10\/c71a97c1-94f1-4cc2-9042-1e49f30c773d-300x228.jpg 300w, https:\/\/www.radiopiu.net\/wordpress\/wp-content\/uploads\/2025\/10\/c71a97c1-94f1-4cc2-9042-1e49f30c773d.jpg 720w\" sizes=\"auto, (max-width: 186px) 100vw, 186px\" \/><\/a>La malattia si trasforma in un\u2019opera d\u2019arte \u2014 e ogni storia, in un inno alla vita.<\/em><\/p><\/blockquote>\n<p data-start=\"65\" data-end=\"472\">un messaggio potente di rinascita e bellezza che unisce arte, corpo e consapevolezza. Le immagini raccontano il progetto della Body Art Therapy Italia, associazione che sostiene le donne operate di tumore al seno attraverso la pittura sul corpo, trasformando le cicatrici in tele di forza e colore.<\/p>\n<p data-start=\"474\" data-end=\"819\">Nelle foto si riconosce l\u2019intensit\u00e0 di un\u2019esperienza che va oltre l\u2019aspetto estetico: i corpi dipinti si fondono con la natura, diventano parte del paesaggio e simbolo di armonia ritrovata. Il risultato \u00e8 racchiuso nel Calendario 2026, ideato per promuovere la prevenzione e raccogliere fondi a favore della lotta contro il cancro al seno.<\/p>\n<p data-start=\"821\" data-end=\"893\"><a class=\"dt-pswp-item\" href=\"https:\/\/www.radiopiu.net\/wordpress\/wp-content\/uploads\/2025\/10\/8f47219f-ea24-4507-883e-a72d35facb1c.jpg\" data-dt-img-description=\"\" data-large_image_width=\"1200\" data-large_image_height=\"1600\"><img loading=\"lazy\" decoding=\"async\" class=\" wp-image-474272 alignleft\" src=\"https:\/\/www.radiopiu.net\/wordpress\/wp-content\/uploads\/2025\/10\/8f47219f-ea24-4507-883e-a72d35facb1c-225x300.jpg\" alt=\"\" width=\"162\" height=\"216\" srcset=\"https:\/\/www.radiopiu.net\/wordpress\/wp-content\/uploads\/2025\/10\/8f47219f-ea24-4507-883e-a72d35facb1c-225x300.jpg 225w, https:\/\/www.radiopiu.net\/wordpress\/wp-content\/uploads\/2025\/10\/8f47219f-ea24-4507-883e-a72d35facb1c-768x1024.jpg 768w, https:\/\/www.radiopiu.net\/wordpress\/wp-content\/uploads\/2025\/10\/8f47219f-ea24-4507-883e-a72d35facb1c-1152x1536.jpg 1152w, https:\/\/www.radiopiu.net\/wordpress\/wp-content\/uploads\/2025\/10\/8f47219f-ea24-4507-883e-a72d35facb1c.jpg 1200w\" sizes=\"auto, (max-width: 162px) 100vw, 162px\" \/><\/a>A raccontare la propria partecipazione \u00e8 <strong data-start=\"862\" data-end=\"878\">Ilaria Zasso<\/strong>, che spiega:<\/p>\n<blockquote data-start=\"894\" data-end=\"1258\">\n<p data-start=\"896\" data-end=\"1258\"><em>\u00abTramite Facebook sono venuta a conoscenza di questa pittrice, operata anche lei, che mette la sua arte a disposizione per ridare alle donne la bellezza del loro corpo. \u00c8 stata un\u2019esperienza molto toccante e bellissima. Sul sito o tramite QR Code \u00e8 possibile prenotare il calendario 2026: tutto il ricavato andr\u00e0 a favore della prevenzione del tumore al seno\u00bb.<\/em><\/p>\n<\/blockquote>\n<p data-start=\"1260\" data-end=\"1518\">Le immagini e l\u2019iniziativa dimostrano come la malattia possa trasformarsi in arte, in un percorso di accettazione, coraggio e speranza. Un invito a ricordare che la prevenzione salva la vita, ma anche che la bellezza pu\u00f2 rinascere da ogni ferita. \u00a0Info e prenotazioni:\u00a0 <a class=\"decorated-link cursor-pointer\" target=\"_new\" rel=\"noopener\" data-start=\"1553\" data-end=\"1618\">www.bodyarttherapyitalia.it <\/a> <a class=\"decorated-link cursor-pointer\" rel=\"noopener\" data-start=\"1624\" data-end=\"1654\">bodyarttherapyitalia@gmail.com<\/a><\/p>\n<p>&nbsp;<\/p>\n<p>&nbsp;<\/p>\n<p>&nbsp;<\/p>\n<p>&nbsp;<\/p>\n<hr \/>\n<p>&nbsp;<\/p>\n<blockquote>\n<h3>CONCORSO PER ALLIEVI UFFICIALI DEI CARABINIERI<\/h3>\n<\/blockquote>\n<p><strong><a class=\"dt-pswp-item\" href=\"https:\/\/www.radiopiu.net\/wordpress\/wp-content\/uploads\/2025\/12\/Foto-1.jpeg\" data-dt-img-description=\"\" data-large_image_width=\"1600\" data-large_image_height=\"1200\"><img loading=\"lazy\" decoding=\"async\" class=\" wp-image-485777 alignleft\" src=\"https:\/\/www.radiopiu.net\/wordpress\/wp-content\/uploads\/2025\/12\/Foto-1-300x225.jpeg\" alt=\"\" width=\"127\" height=\"95\" srcset=\"https:\/\/www.radiopiu.net\/wordpress\/wp-content\/uploads\/2025\/12\/Foto-1-300x225.jpeg 300w, https:\/\/www.radiopiu.net\/wordpress\/wp-content\/uploads\/2025\/12\/Foto-1-1024x768.jpeg 1024w, https:\/\/www.radiopiu.net\/wordpress\/wp-content\/uploads\/2025\/12\/Foto-1-768x576.jpeg 768w, https:\/\/www.radiopiu.net\/wordpress\/wp-content\/uploads\/2025\/12\/Foto-1-1536x1152.jpeg 1536w, https:\/\/www.radiopiu.net\/wordpress\/wp-content\/uploads\/2025\/12\/Foto-1.jpeg 1600w\" sizes=\"auto, (max-width: 127px) 100vw, 127px\" \/><\/a>REDAZIONE <\/strong>Sono aperte le procedure per il concorso di selezione e arruolamento di 65 Allievi Ufficiali dei Carabinieri in servizio permanente. Le domande possono essere presentate online fino al 9 gennaio sul sito dell\u2019Arma. Il concorso prevede prove scritte, fisiche, psico-attitudinali, orali e un tirocinio. Possono partecipare giovani tra 17 e 22 anni con diploma. I vincitori frequenteranno un corso quinquennale con formazione militare e universitaria in giurisprudenza.<\/p>\n<p>&nbsp;<\/p>\n<p>&nbsp;<\/p>\n<hr \/>\n<p>&nbsp;<\/p>\n<h2><span style=\"color: #ff0000;\">CONSIGLI COMUNALI IN AGORDINO<\/span><\/h2>\n<p><strong><a class=\"dt-pswp-item\" href=\"https:\/\/www.radiopiu.net\/wordpress\/wp-content\/uploads\/2024\/07\/Musal-e-piazza-Luciani.jpg\" data-dt-img-description=\"\" data-large_image_width=\"2560\" data-large_image_height=\"1920\"><img loading=\"lazy\" decoding=\"async\" class=\" wp-image-399384 alignleft\" src=\"https:\/\/www.radiopiu.net\/wordpress\/wp-content\/uploads\/2024\/07\/Musal-e-piazza-Luciani-300x225.jpg\" alt=\"\" width=\"129\" height=\"97\" srcset=\"https:\/\/www.radiopiu.net\/wordpress\/wp-content\/uploads\/2024\/07\/Musal-e-piazza-Luciani-300x225.jpg 300w, https:\/\/www.radiopiu.net\/wordpress\/wp-content\/uploads\/2024\/07\/Musal-e-piazza-Luciani-1024x768.jpg 1024w, https:\/\/www.radiopiu.net\/wordpress\/wp-content\/uploads\/2024\/07\/Musal-e-piazza-Luciani-768x576.jpg 768w, https:\/\/www.radiopiu.net\/wordpress\/wp-content\/uploads\/2024\/07\/Musal-e-piazza-Luciani-1536x1152.jpg 1536w, https:\/\/www.radiopiu.net\/wordpress\/wp-content\/uploads\/2024\/07\/Musal-e-piazza-Luciani-2048x1536.jpg 2048w\" sizes=\"auto, (max-width: 129px) 100vw, 129px\" \/><\/a>CANALE D&#8217;AGORDO<\/strong> Consiglio Comunale convocato domani alle 20 nella Sala Lina Zand\u00f2 \u201cBolda\u201d. Tra i punti all\u2019ordine del giorno: conferma dell\u2019aliquota dell\u2019addizionale comunale IRPEF per il triennio 2026-2028; approvazione delle aliquote e detrazioni IMU 2026; modifica del grado di protezione di un edificio in localit\u00e0 Fregona; approvazione dell\u2019acquisto di aree comunali; concessione legname per fabbisogno 2025; verifica delle aree fabbricabili; revisione delle partecipazioni societarie al 31 dicembre 2024.<\/p>\n<p><strong>ALLEGHE<\/strong> Consiglio Comunale domani alle 20:30 nella sala consiliare. All\u2019ordine del giorno: ratifica della variazione al bilancio 2025\/2027; adozione del programma per il fondo delle opere di urbanizzazione 2026; piano di valorizzazione del patrimonio immobiliare 2026\/2028; approvazione del programma triennale dei lavori pubblici e degli acquisti; conferma aliquota IRPEF 2026; aliquote IMU 2026; bilancio di previsione 2026\/2028 e DUP; revisione delle partecipazioni comunali.<\/p>\n<p><strong>COLLE SANTA LUCIA<\/strong> Consiglio Comunale per sabato 20 dicembre alle 7:30 presso la Sala Consiliare. All\u2019ordine del giorno figurano l\u2019approvazione dei verbali della seduta precedente, il controllo di regolarit\u00e0 amministrativa, il piano delle alienazioni immobiliari 2026-2028 e il programma degli incarichi esterni 2026. Saranno inoltre discussi l\u2019aggiornamento del DUP, il bilancio di previsione, il regolamento sulla videosorveglianza e l\u2019accordo culturale con la Fondazione Cesa de Jan.<\/p>\n<p>&nbsp;<\/p>\n<p>&nbsp;<\/p>\n<p>&nbsp;<\/p>\n<hr \/>\n<p>&nbsp;<\/p>\n<blockquote>\n<blockquote>\n<h2 data-start=\"74\" data-end=\"249\">DUE APPUNTAMENTI A CANALE D\u2019AGORDO, ENTRAMBI IN DIRETTA SU RADIO PI\u00d9<\/h2>\n<p data-start=\"74\" data-end=\"249\"><strong><img loading=\"lazy\" decoding=\"async\" class=\"alignleft\" src=\"https:\/\/www.radiopiu.net\/wordpress\/wp-content\/uploads\/2025\/12\/SALA-EMIGRANTI-CANALE.jpg\" width=\"239\" height=\"170\" \/>Canale d\u2019Agordo propone due appuntamenti pubblici di grande interesse, entrambi ospitati nella Sala Emigranti e trasmessi in diretta su tutti i canali social di Radio Pi\u00f9.<\/strong><\/p>\n<\/blockquote>\n<p data-start=\"251\" data-end=\"564\">Il primo \u00e8 in programma <strong data-start=\"275\" data-end=\"294\">gioved\u00ec alle 20<\/strong> ed \u00e8 dedicato all\u2019incontro pubblico sulla <strong data-start=\"337\" data-end=\"384\">metanizzazione e sulla Variante urbanistica<\/strong>. Il Comune illustrer\u00e0 i lavori che Italgas realizzer\u00e0 nei prossimi mesi, le modalit\u00e0 di allaccio al gas e le prossime manifestazioni di interesse legate al Piano degli Interventi.<\/p>\n<p data-start=\"566\" data-end=\"1012\" data-is-last-node=\"\" data-is-only-node=\"\">Il secondo appuntamento sar\u00e0 <strong data-start=\"595\" data-end=\"614\">venerd\u00ec alle 20<\/strong>, con la <strong data-start=\"623\" data-end=\"674\">festa dei neo diciottenni della Valle del Biois<\/strong>, estesa quest\u2019anno anche a Falcade. I ragazzi riceveranno la Costituzione e la bandiera italiana, in una serata che unisce cittadinanza, solidariet\u00e0 e volontariato.\u00a0 Collabora, come da sempre, l&#8217;associazione donatori del sangue di Vallada-Canale d&#8217;Agordo e da quest&#8217;anno anche con la sezione di Falcadef Ospite speciale <strong data-start=\"856\" data-end=\"874\">Armand Thanasi<\/strong>, che parler\u00e0 di intelligenza artificiale ed etica. Entrambi gli incontri saranno seguibili anche online grazie alla diretta di Radio Pi\u00f9.<\/p>\n<\/blockquote>\n<p>&nbsp;<\/p>\n<hr \/>\n<p>&nbsp;<\/p>\n<blockquote>\n<h3>BANDO PER BORSE DI STUDIO COMUNALI 2024\/2025<\/h3>\n<\/blockquote>\n<p><strong><a class=\"dt-pswp-item\" href=\"https:\/\/www.radiopiu.net\/wordpress\/wp-content\/uploads\/2023\/12\/MUNICIPIO-ALLEGHE.jpeg\" data-dt-img-description=\"\" data-large_image_width=\"1744\" data-large_image_height=\"1076\"><img loading=\"lazy\" decoding=\"async\" class=\" wp-image-364583 alignleft\" src=\"https:\/\/www.radiopiu.net\/wordpress\/wp-content\/uploads\/2023\/12\/MUNICIPIO-ALLEGHE-300x185.jpeg\" alt=\"\" width=\"130\" height=\"80\" srcset=\"https:\/\/www.radiopiu.net\/wordpress\/wp-content\/uploads\/2023\/12\/MUNICIPIO-ALLEGHE-300x185.jpeg 300w, https:\/\/www.radiopiu.net\/wordpress\/wp-content\/uploads\/2023\/12\/MUNICIPIO-ALLEGHE-1024x632.jpeg 1024w, https:\/\/www.radiopiu.net\/wordpress\/wp-content\/uploads\/2023\/12\/MUNICIPIO-ALLEGHE-768x474.jpeg 768w, https:\/\/www.radiopiu.net\/wordpress\/wp-content\/uploads\/2023\/12\/MUNICIPIO-ALLEGHE-1536x948.jpeg 1536w, https:\/\/www.radiopiu.net\/wordpress\/wp-content\/uploads\/2023\/12\/MUNICIPIO-ALLEGHE.jpeg 1744w\" sizes=\"auto, (max-width: 130px) 100vw, 130px\" \/><\/a>ALLEGHE <\/strong>Il Comune di Alleghe ha pubblicato il bando per l\u2019assegnazione delle borse di studio destinate agli studenti meritevoli residenti, frequentanti le scuole superiori nell\u2019anno scolastico 2024\/2025 e diplomati nel 2025, oppure laureati entro ottobre 2025. Il regolamento e il modulo di domanda sono disponibili all\u2019albo pretorio online, sul sito comunale o presso l\u2019Ufficio Servizi Demografici. Le domande devono essere presentate entro il 19 dicembre 2025.<\/p>\n<p>&nbsp;<\/p>\n<p>&nbsp;<\/p>\n<hr \/>\n<p>&nbsp;<\/p>\n<blockquote>\n<h3>OPEN DAY ALLA SCUOLA DELL&#8217;INFANZIA DI AGORDO<\/h3>\n<\/blockquote>\n<p><strong><a class=\"dt-pswp-item\" href=\"https:\/\/www.radiopiu.net\/wordpress\/wp-content\/uploads\/2021\/03\/ed290f40-7d29-4675-8cf9-0210b20495e7.jpg\" data-dt-img-description=\"\" data-large_image_width=\"1984\" data-large_image_height=\"1120\"><img loading=\"lazy\" decoding=\"async\" class=\" wp-image-200591 alignleft\" src=\"https:\/\/www.radiopiu.net\/wordpress\/wp-content\/uploads\/2021\/03\/ed290f40-7d29-4675-8cf9-0210b20495e7-300x169.jpg\" alt=\"\" width=\"201\" height=\"113\" srcset=\"https:\/\/www.radiopiu.net\/wordpress\/wp-content\/uploads\/2021\/03\/ed290f40-7d29-4675-8cf9-0210b20495e7-300x169.jpg 300w, https:\/\/www.radiopiu.net\/wordpress\/wp-content\/uploads\/2021\/03\/ed290f40-7d29-4675-8cf9-0210b20495e7-1024x578.jpg 1024w, https:\/\/www.radiopiu.net\/wordpress\/wp-content\/uploads\/2021\/03\/ed290f40-7d29-4675-8cf9-0210b20495e7-768x434.jpg 768w, https:\/\/www.radiopiu.net\/wordpress\/wp-content\/uploads\/2021\/03\/ed290f40-7d29-4675-8cf9-0210b20495e7-1536x867.jpg 1536w, https:\/\/www.radiopiu.net\/wordpress\/wp-content\/uploads\/2021\/03\/ed290f40-7d29-4675-8cf9-0210b20495e7.jpg 1984w\" sizes=\"auto, (max-width: 201px) 100vw, 201px\" \/><\/a>AGORDO<\/strong> La Scuola dell\u2019Infanzia di Agordo apre le porte alle famiglie con un Open Day speciale oggi, dalle 15 alle 17. Un\u2019occasione per visitare gli spazi dedicati ai pi\u00f9 piccoli, conoscere le insegnanti e permettere ai bambini di vivere in anticipo l\u2019atmosfera accogliente della scuola. Durante l\u2019incontro sar\u00e0 possibile effettuare la preiscrizione per l\u2019anno scolastico 2026\/2027 e ricevere tutte le informazioni utili. Per chiarimenti o dettagli \u00e8 possibile contattare il numero 0437 62261. La Scuola dell\u2019Infanzia di Agordo si conferma un luogo dove crescere insieme, tra serenit\u00e0, cura e gioco quotidiano.<\/p>\n<p>&nbsp;<\/p>\n<p>&nbsp;<\/p>\n<hr \/>\n<p>&nbsp;<\/p>\n<blockquote>\n<h3>INCONTRI SULLA SALUTE E LONGEVIT\u00c0 PER I SENIOR DI CORTINA<\/h3>\n<\/blockquote>\n<p><strong><a class=\"dt-pswp-item\" href=\"https:\/\/www.radiopiu.net\/wordpress\/wp-content\/uploads\/2025\/12\/JLSAGHLJGHAO.jpg\" data-dt-img-description=\"\" data-large_image_width=\"905\" data-large_image_height=\"685\"><img loading=\"lazy\" decoding=\"async\" class=\" wp-image-483736 alignleft\" src=\"https:\/\/www.radiopiu.net\/wordpress\/wp-content\/uploads\/2025\/12\/JLSAGHLJGHAO-300x227.jpg\" alt=\"\" width=\"137\" height=\"104\" srcset=\"https:\/\/www.radiopiu.net\/wordpress\/wp-content\/uploads\/2025\/12\/JLSAGHLJGHAO-300x227.jpg 300w, https:\/\/www.radiopiu.net\/wordpress\/wp-content\/uploads\/2025\/12\/JLSAGHLJGHAO-768x581.jpg 768w, https:\/\/www.radiopiu.net\/wordpress\/wp-content\/uploads\/2025\/12\/JLSAGHLJGHAO.jpg 905w\" sizes=\"auto, (max-width: 137px) 100vw, 137px\" \/><\/a>CORTINA <\/strong>Prosegue a dicembre il ciclo di incontri promossi da Ulss Dolomiti, Comune e Azienda Speciale Servizi alla Persona di Cortina, dedicato ai senior del territorio. Dopo gli appuntamenti su Fascicolo Sanitario Elettronico, disturbi neurocognitivi e osteoporosi, le nuove serate si terranno alla Casa delle Regole dalle 20.30 alle 21.30, con focus su invecchiamento e longevit\u00e0. Il 18 dicembre 2025 il cardiologo Carlo Ammendolea affronter\u00e0 il tema della salute cardiovascolare negli anziani. Gli incontri offriranno momenti di informazione, dialogo e socialit\u00e0, aperti a tutta la cittadinanza.<\/p>\n<p>&nbsp;<\/p>\n<p>&nbsp;<\/p>\n<hr \/>\n<p>&nbsp;<\/p>\n<h3 data-start=\"0\" data-end=\"61\"><strong data-start=\"0\" data-end=\"61\"><a class=\"dt-pswp-item\" href=\"https:\/\/www.radiopiu.net\/wordpress\/wp-content\/uploads\/2025\/12\/Screenshot-2025-12-09-104618.png\" data-dt-img-description=\"\" data-large_image_width=\"521\" data-large_image_height=\"236\"><img loading=\"lazy\" decoding=\"async\" class=\" wp-image-484960 alignleft\" src=\"https:\/\/www.radiopiu.net\/wordpress\/wp-content\/uploads\/2025\/12\/Screenshot-2025-12-09-104618-300x136.png\" alt=\"\" width=\"199\" height=\"90\" srcset=\"https:\/\/www.radiopiu.net\/wordpress\/wp-content\/uploads\/2025\/12\/Screenshot-2025-12-09-104618-300x136.png 300w, https:\/\/www.radiopiu.net\/wordpress\/wp-content\/uploads\/2025\/12\/Screenshot-2025-12-09-104618.png 521w\" sizes=\"auto, (max-width: 199px) 100vw, 199px\" \/><\/a><\/strong>POESIA E MUSICA PER ATTENDERE IL NATALE<\/h3>\n<p><strong data-start=\"0\" data-end=\"61\"> PIEVE DI CADORE <\/strong>Gioved\u00ec 18 dicembre alle 17.30 Pieve di Cadore ospita un appuntamento speciale: <em data-start=\"143\" data-end=\"181\">Poesia e Musica aspettando il Natale<\/em>, presso La Loda della Cartoleria Tiziano. Protagonisti della serata il <strong data-start=\"256\" data-end=\"291\">Laboratorio di Scrittura Cadore<\/strong> e <strong data-start=\"294\" data-end=\"313\">Andrea Da Cort\u00e0<\/strong>, in un incontro che unisce parole, musica e atmosfera natalizia. L\u2019evento si svolge all\u2019interno della mostra <em data-start=\"423\" data-end=\"462\">Ritratti di famiglia e altri ritratti<\/em> di Giovanna Deppi, che raccoglie disegni, poesie e sculture. Ingresso libero, con brindisi offerto al termine. Un momento di cultura e comunit\u00e0 nel cuore del Cadore.<\/p>\n<p>&nbsp;<\/p>\n<p>&nbsp;<\/p>\n<hr \/>\n<p>&nbsp;<\/p>\n<blockquote>\n<h3>FESTA DELLA MAGGIORE ET\u00c0 IN VALLE DEL BIOIS<\/h3>\n<\/blockquote>\n<p><strong><a class=\"dt-pswp-item\" href=\"https:\/\/www.radiopiu.net\/wordpress\/wp-content\/uploads\/2025\/12\/volantino-neodiciottenni.jpg\" data-dt-img-description=\"\" data-large_image_width=\"1131\" data-large_image_height=\"1600\"><img loading=\"lazy\" decoding=\"async\" class=\" wp-image-485843 alignleft\" src=\"https:\/\/www.radiopiu.net\/wordpress\/wp-content\/uploads\/2025\/12\/volantino-neodiciottenni-212x300.jpg\" alt=\"\" width=\"115\" height=\"163\" srcset=\"https:\/\/www.radiopiu.net\/wordpress\/wp-content\/uploads\/2025\/12\/volantino-neodiciottenni-212x300.jpg 212w, https:\/\/www.radiopiu.net\/wordpress\/wp-content\/uploads\/2025\/12\/volantino-neodiciottenni-724x1024.jpg 724w, https:\/\/www.radiopiu.net\/wordpress\/wp-content\/uploads\/2025\/12\/volantino-neodiciottenni-768x1086.jpg 768w, https:\/\/www.radiopiu.net\/wordpress\/wp-content\/uploads\/2025\/12\/volantino-neodiciottenni-1086x1536.jpg 1086w, https:\/\/www.radiopiu.net\/wordpress\/wp-content\/uploads\/2025\/12\/volantino-neodiciottenni.jpg 1131w\" sizes=\"auto, (max-width: 115px) 100vw, 115px\" \/><\/a>CANALE D&#8217;AGORDO<\/strong> Venerd\u00ec 19 dicembre, alle ore 20.00, nella Sala Emigranti di Canale d\u2019Agordo, le Amministrazioni Comunali della Valle del Biois celebreranno i concittadini che hanno raggiunto la maggiore et\u00e0. L\u2019iniziativa, ormai una tradizione consolidata, \u00e8 realizzata con la collaborazione delle sezioni donatori di sangue di Canale-Vallada e, da quest\u2019anno, anche del Comune di Falcade e della locale sezione. Durante la serata i Sindaci consegneranno ai giovani una copia della Costituzione italiana e la bandiera tricolore, simboli di diritti e responsabilit\u00e0 civiche. I rappresentanti delle sezioni donatori illustreranno inoltre il valore della solidariet\u00e0, del volontariato e della donazione del sangue. L\u2019evento sar\u00e0 arricchito dall\u2019intervento di Armand Thanasi, YouTuber ed esperto di Intelligenza Artificiale, che affronter\u00e0 il tema delle opportunit\u00e0 e delle pratiche etiche nell\u2019uso dell\u2019IA. L\u2019incontro \u00e8 aperto a tutta la cittadinanza.<\/p>\n<p>&nbsp;<\/p>\n<p>&nbsp;<\/p>\n<hr \/>\n<p>&nbsp;<\/p>\n<blockquote>\n<h3>VOLTAGO AGORDINO: 20 ANNI DI SERVIZIO DELLA PROTEZIONE CIVILE<\/h3>\n<\/blockquote>\n<p><strong class=\"photoswipe-wrapper\"><a class=\"dt-pswp-item pspw-wrap-ready\" href=\"https:\/\/www.radiopiu.net\/wordpress\/wp-content\/uploads\/2023\/07\/MUNICIPIO-VOLTAGO.jpeg\" data-dt-img-description=\"\" data-large_image_width=\"1504\" data-large_image_height=\"1116\"><img loading=\"lazy\" decoding=\"async\" class=\" wp-image-344319 alignleft\" src=\"https:\/\/www.radiopiu.net\/wordpress\/wp-content\/uploads\/2023\/07\/MUNICIPIO-VOLTAGO-300x223.jpeg\" sizes=\"auto, (max-width: 126px) 100vw, 126px\" srcset=\"https:\/\/www.radiopiu.net\/wordpress\/wp-content\/uploads\/2023\/07\/MUNICIPIO-VOLTAGO-300x223.jpeg 300w, https:\/\/www.radiopiu.net\/wordpress\/wp-content\/uploads\/2023\/07\/MUNICIPIO-VOLTAGO-1024x760.jpeg 1024w, https:\/\/www.radiopiu.net\/wordpress\/wp-content\/uploads\/2023\/07\/MUNICIPIO-VOLTAGO-768x570.jpeg 768w, https:\/\/www.radiopiu.net\/wordpress\/wp-content\/uploads\/2023\/07\/MUNICIPIO-VOLTAGO.jpeg 1504w\" alt=\"\" width=\"126\" height=\"94\" \/><\/a>VOLTAGO\u00a0<\/strong>Voltago Agordino celebra il 20\u00b0 anniversario della fondazione del Gruppo Comunale di Protezione Civile, istituito nel 2005. Da due decenni i volontari rappresentano un punto di riferimento per la sicurezza e il servizio alla comunit\u00e0, operando con dedizione e senso civico. La cerimonia, in programma sabato 20 dicembre 2025 , prevede alle 9.30 un momento di preghiera in memoria dei volontari scomparsi e la benedizione del nuovo mezzo Jeep Renegade donato dalla Regione del Veneto. Alle 10, in sala Maestro Gianni De Col, seguir\u00e0 la cerimonia istituzionale con la consegna di riconoscimenti a volontari, ex coordinatori e enti che si sono distinti per il loro contributo. L\u2019evento si concluder\u00e0 alle 12.00 con un rinfresco per celebrare insieme alla comunit\u00e0 l\u2019impegno costante del Gruppo.<\/p>\n<p>&nbsp;<\/p>\n<p>&nbsp;<\/p>\n<hr \/>\n<p>&nbsp;<\/p>\n<blockquote>\n<h3>ARABBA, TORNA LA SFILATA DEI KRAMPUS: TRADIZIONE ANTICA TRA MISTERO E SUGGESTIONE<\/h3>\n<\/blockquote>\n<p><strong><a class=\"dt-pswp-item\" href=\"https:\/\/www.radiopiu.net\/wordpress\/wp-content\/uploads\/2025\/12\/Screenshot-2025-12-11-071643.png\" data-dt-img-description=\"\" data-large_image_width=\"1302\" data-large_image_height=\"492\"><img loading=\"lazy\" decoding=\"async\" class=\" wp-image-485353 alignleft\" src=\"https:\/\/www.radiopiu.net\/wordpress\/wp-content\/uploads\/2025\/12\/Screenshot-2025-12-11-071643-300x113.png\" alt=\"\" width=\"250\" height=\"94\" srcset=\"https:\/\/www.radiopiu.net\/wordpress\/wp-content\/uploads\/2025\/12\/Screenshot-2025-12-11-071643-300x113.png 300w, https:\/\/www.radiopiu.net\/wordpress\/wp-content\/uploads\/2025\/12\/Screenshot-2025-12-11-071643-1024x387.png 1024w, https:\/\/www.radiopiu.net\/wordpress\/wp-content\/uploads\/2025\/12\/Screenshot-2025-12-11-071643-768x290.png 768w, https:\/\/www.radiopiu.net\/wordpress\/wp-content\/uploads\/2025\/12\/Screenshot-2025-12-11-071643.png 1302w\" sizes=\"auto, (max-width: 250px) 100vw, 250px\" \/><\/a>LIVINALLONGO<\/strong> Sabato 20 dicembre Arabba rivive la tradizione dei Krampus, figure antiche legate ai riti alpini precristiani del solstizio d\u2019inverno. La sfilata partir\u00e0 alle 18 da via Freine, attraverser\u00e0 il centro e raggiunger\u00e0 lo Showplatz, per concludersi nel parcheggio della casa cantoniera con un ultimo spettacolare passaggio. I Krampus, collegati al culto di San Nicol\u00f2, rappresentano il confine tra ordine e caos, bene e male. I partecipanti indossano maschere di legno intagliate, pellicce, campanacci e ceppi metallici, evocando spiriti selvatici e riti comunitari secolari. Il nome deriva probabilmente dal tedesco \u201cKramp\u201d (artiglio) o dal bavarese \u201cKrampn\u201d (morto), e in alcune zone alpine sono chiamati \u201cTeufel\u201d, i diavoli. Le sfilate moderne conservano elementi arcaici di purificazione e celebrazione dell\u2019inverno, mantenendo viva una tradizione affascinante e identitaria.<\/p>\n<p><strong>ALLA RADIO&#8230;PIU&#8217;<\/strong><\/p>\n<audio class=\"wp-audio-shortcode\" id=\"audio-485942-14\" preload=\"none\" style=\"width: 100%;\" controls=\"controls\"><source type=\"audio\/mpeg\" src=\"https:\/\/www.radiopiu.net\/wordpress\/wp-content\/uploads\/2025\/12\/Arabba.mp3?_=14\" \/><a href=\"https:\/\/www.radiopiu.net\/wordpress\/wp-content\/uploads\/2025\/12\/Arabba.mp3\">https:\/\/www.radiopiu.net\/wordpress\/wp-content\/uploads\/2025\/12\/Arabba.mp3<\/a><\/audio>\n<p>&nbsp;<\/p>\n<hr \/>\n<p>&nbsp;<\/p>\n<blockquote>\n<h3><strong data-start=\"65\" data-end=\"119\">ARCHEOTRACCE: PERCORSI DI ARCHEOLOGIA NEL FELTRINO<\/strong><\/h3>\n<\/blockquote>\n<p><strong><a class=\"dt-pswp-item\" href=\"https:\/\/www.radiopiu.net\/wordpress\/wp-content\/uploads\/2025\/12\/LFKoHLD.jpg\" data-dt-img-description=\"\" data-large_image_width=\"1127\" data-large_image_height=\"437\"><img loading=\"lazy\" decoding=\"async\" class=\" wp-image-486093 alignleft\" src=\"https:\/\/www.radiopiu.net\/wordpress\/wp-content\/uploads\/2025\/12\/LFKoHLD-300x116.jpg\" alt=\"\" width=\"204\" height=\"79\" srcset=\"https:\/\/www.radiopiu.net\/wordpress\/wp-content\/uploads\/2025\/12\/LFKoHLD-300x116.jpg 300w, https:\/\/www.radiopiu.net\/wordpress\/wp-content\/uploads\/2025\/12\/LFKoHLD-1024x397.jpg 1024w, https:\/\/www.radiopiu.net\/wordpress\/wp-content\/uploads\/2025\/12\/LFKoHLD-768x298.jpg 768w, https:\/\/www.radiopiu.net\/wordpress\/wp-content\/uploads\/2025\/12\/LFKoHLD.jpg 1127w\" sizes=\"auto, (max-width: 204px) 100vw, 204px\" \/><\/a>FELTRE <\/strong>Il Fondaco per Feltre chiude l\u2019anno promuovendo l\u2019archeologia bellunese con il ciclo \u201cArcheotracce. Percorsi di archeologia in provincia di Belluno\u201d. Il 20 dicembre, presso la Sala Polifunzionale di Pradenich, Cesiomaggiore, si terr\u00e0 l\u2019incontro \u201cArcheologia fra Lamon e Sovramonte\u201d, con presentazioni di ricerche recenti sui siti di Lamon e la Val Rosna. I relatori, tra archeologi e rappresentanti delle Pro Loco locali, illustreranno risultati scientifici e iniziative di valorizzazione del territorio. Il progetto mira a coniugare studio, divulgazione e promozione culturale, con future attivit\u00e0 di Archeotrekking e diretta streaming dell\u2019evento per il pubblico.<\/p>\n<p>&nbsp;<\/p>\n<p>&nbsp;<\/p>\n<hr \/>\n<p>&nbsp;<\/p>\n<blockquote>\n<h3>ASPETTANDO IL NATALE: CONCERTO CORALE A FELTRE<\/h3>\n<\/blockquote>\n<p><strong><a class=\"dt-pswp-item\" href=\"https:\/\/www.radiopiu.net\/wordpress\/wp-content\/uploads\/2025\/12\/VOCI-IN-CANTO.png\" data-dt-img-description=\"\" data-large_image_width=\"676\" data-large_image_height=\"290\"><img loading=\"lazy\" decoding=\"async\" class=\" wp-image-484563 alignleft\" src=\"https:\/\/www.radiopiu.net\/wordpress\/wp-content\/uploads\/2025\/12\/VOCI-IN-CANTO-300x129.png\" alt=\"\" width=\"184\" height=\"79\" srcset=\"https:\/\/www.radiopiu.net\/wordpress\/wp-content\/uploads\/2025\/12\/VOCI-IN-CANTO-300x129.png 300w, https:\/\/www.radiopiu.net\/wordpress\/wp-content\/uploads\/2025\/12\/VOCI-IN-CANTO.png 676w\" sizes=\"auto, (max-width: 184px) 100vw, 184px\" \/><\/a>FELTRE <\/strong>Il Coro \u201cVocincanto\u201d di Feltre organizza il concerto <em>Aspettando il Natale<\/em>, in programma sabato 20 dicembre alle 20.30 nella Chiesa di Santa Maria degli Angeli. Insieme al coro femminile ospite il Coro \u201cGli Ant\u00e8nori\u201d di Padova. L\u2019evento, patrocinato dal Comune di Feltre e inserito nel ciclo \u201cNativitas\u201d, proporr\u00e0 musiche dal XIII secolo al Novecento dedicate all\u2019Avvento e alla tradizione natalizia, per una serata ricca di armonie e atmosfera.<\/p>\n<p>&nbsp;<\/p>\n<p>&nbsp;<\/p>\n<hr \/>\n<p>&nbsp;<\/p>\n<blockquote>\n<h3><a class=\"dt-pswp-item\" href=\"https:\/\/www.radiopiu.net\/wordpress\/wp-content\/uploads\/2025\/12\/f2_POLLICINO-SHOW.jpg\" data-dt-img-description=\"\" data-large_image_width=\"1157\" data-large_image_height=\"1544\"><img loading=\"lazy\" decoding=\"async\" class=\" wp-image-486095 alignleft\" src=\"https:\/\/www.radiopiu.net\/wordpress\/wp-content\/uploads\/2025\/12\/f2_POLLICINO-SHOW-225x300.jpg\" alt=\"\" width=\"103\" height=\"138\" srcset=\"https:\/\/www.radiopiu.net\/wordpress\/wp-content\/uploads\/2025\/12\/f2_POLLICINO-SHOW-225x300.jpg 225w, https:\/\/www.radiopiu.net\/wordpress\/wp-content\/uploads\/2025\/12\/f2_POLLICINO-SHOW-767x1024.jpg 767w, https:\/\/www.radiopiu.net\/wordpress\/wp-content\/uploads\/2025\/12\/f2_POLLICINO-SHOW-768x1025.jpg 768w, https:\/\/www.radiopiu.net\/wordpress\/wp-content\/uploads\/2025\/12\/f2_POLLICINO-SHOW-1151x1536.jpg 1151w, https:\/\/www.radiopiu.net\/wordpress\/wp-content\/uploads\/2025\/12\/f2_POLLICINO-SHOW.jpg 1157w\" sizes=\"auto, (max-width: 103px) 100vw, 103px\" \/><\/a>ANCHE IL PI\u00d9 PICCOLO PU\u00d2 DIVENTARE UN GRANDE EROE: POLLICINO SHOW ARRIVA AL BUZZATI CON TIB TEATRO<\/h3>\n<\/blockquote>\n<p><strong>DI ALESSIA DALL&#8217;O&#8217;<\/strong><\/p>\n<p><strong>BELLUNO <\/strong>Dopo il sold out dell\u2019inaugurazione, torna al Teatro Dino Buzzati la stagione \u201cComincio dai 3\u201d, dedicata alle nuove generazioni da Tib Teatro. Domenica 21 dicembre alle 17 va in scena Pollicino Show, spettacolo di teatro-danza firmato da Gruppo Ibrido e Artemis Danza. Una rilettura contemporanea della celebre fiaba, tra coreografie, video, teatro d\u2019ombre e musica, che racconta la forza dell\u2019astuzia e dell\u2019immaginazione. Uno spettacolo poetico e coinvolgente, pensato per bambini e famiglie, capace di emozionare e far sognare.<\/p>\n<p>&nbsp;<\/p>\n<p>&nbsp;<\/p>\n<hr \/>\n<p>&nbsp;<\/p>\n<blockquote>\n<h3>VENT\u2019ANNI DOPO TORNA IN SALA IL CORTOMETRAGGIO REALIZZATO DA PERSONE CON DISABILIT\u00c0 UMANICHINI<\/h3>\n<\/blockquote>\n<p><b><a class=\"dt-pswp-item\" href=\"https:\/\/www.radiopiu.net\/wordpress\/wp-content\/uploads\/2025\/12\/Umanichini.png\" data-dt-img-description=\"\" data-large_image_width=\"1748\" data-large_image_height=\"1240\"><img loading=\"lazy\" decoding=\"async\" class=\" wp-image-485020 alignleft\" src=\"https:\/\/www.radiopiu.net\/wordpress\/wp-content\/uploads\/2025\/12\/Umanichini-300x213.png\" alt=\"\" width=\"182\" height=\"129\" srcset=\"https:\/\/www.radiopiu.net\/wordpress\/wp-content\/uploads\/2025\/12\/Umanichini-300x213.png 300w, https:\/\/www.radiopiu.net\/wordpress\/wp-content\/uploads\/2025\/12\/Umanichini-1024x726.png 1024w, https:\/\/www.radiopiu.net\/wordpress\/wp-content\/uploads\/2025\/12\/Umanichini-768x545.png 768w, https:\/\/www.radiopiu.net\/wordpress\/wp-content\/uploads\/2025\/12\/Umanichini-1536x1090.png 1536w, https:\/\/www.radiopiu.net\/wordpress\/wp-content\/uploads\/2025\/12\/Umanichini.png 1748w\" sizes=\"auto, (max-width: 182px) 100vw, 182px\" \/><\/a>DI ALESSIA DALL&#8217;O&#8217;<\/b><\/p>\n<p><strong>BELLUNO <\/strong>A esatti vent\u2019anni dalla realizzazione, torna in sala \u201cUmanichini\u201d, il cortometraggio creato nel 2005 dalle persone con disabilit\u00e0 dei Centri Diurni della Cooperativa bellunese Societ\u00e0 Nuova. Il film, che all\u2019epoca riscosse molti apprezzamenti, racconta una storia d\u2019amore universale e segn\u00f2 non solo un momento di comunit\u00e0, ma soprattutto una svolta nel modo di vedere le abilit\u00e0 degli ospiti della cooperativa. La proiezione, con un momento di approfondimento su l&#8217;autodeterminazione della persona con disabilit\u00e0, \u00e8 in programma luned\u00ec 22 dicembre alle 18 a Palazzo Crepadona. Evento gratuito, prenotazione obbligatoria.<\/p>\n<p>&nbsp;<\/p>\n<p>&nbsp;<\/p>\n<hr \/>\n<p>&nbsp;<\/p>\n<blockquote>\n<h3><a class=\"dt-pswp-item\" href=\"https:\/\/www.radiopiu.net\/wordpress\/wp-content\/uploads\/2025\/12\/Locandina-Natale-sotto-scacco.jpg\" data-dt-img-description=\"\" data-large_image_width=\"1080\" data-large_image_height=\"1350\"><img loading=\"lazy\" decoding=\"async\" class=\" wp-image-486154 alignleft\" src=\"https:\/\/www.radiopiu.net\/wordpress\/wp-content\/uploads\/2025\/12\/Locandina-Natale-sotto-scacco-240x300.jpg\" alt=\"\" width=\"136\" height=\"170\" srcset=\"https:\/\/www.radiopiu.net\/wordpress\/wp-content\/uploads\/2025\/12\/Locandina-Natale-sotto-scacco-240x300.jpg 240w, https:\/\/www.radiopiu.net\/wordpress\/wp-content\/uploads\/2025\/12\/Locandina-Natale-sotto-scacco-819x1024.jpg 819w, https:\/\/www.radiopiu.net\/wordpress\/wp-content\/uploads\/2025\/12\/Locandina-Natale-sotto-scacco-768x960.jpg 768w, https:\/\/www.radiopiu.net\/wordpress\/wp-content\/uploads\/2025\/12\/Locandina-Natale-sotto-scacco.jpg 1080w\" sizes=\"auto, (max-width: 136px) 100vw, 136px\" \/><\/a>NATALE SOTTO SCACCO: A FONZASO IL 24 DICEMBRE SI GIOCA A SCACCHI<\/h3>\n<\/blockquote>\n<p><strong>DI ALESSIA DALL&#8217;O&#8217;<\/strong><\/p>\n<p><strong>FONZASO<\/strong> Un Natale all\u2019insegna della strategia e della mente. Mercoled\u00ec 24 dicembre, a partire dalle 10, la Sala del Municipio di Fonzaso ospiter\u00e0 \u201cNatale sotto scacco\u201d, il torneo di scacchi promosso dal Comune in collaborazione con il Circolo Scacchistico Feltrino \u201cL\u2019Avamposto\u201d.<br \/>\nUna competizione aperta a tutti gli appassionati, con cinque turni di gioco, pensata per valorizzare uno sport capace di unire generazioni e sviluppare concentrazione e abilit\u00e0 mentali. Iscrizioni gratuite, posti limitati.<\/p>\n<p>&nbsp;<\/p>\n<p>&nbsp;<\/p>\n<hr \/>\n<p>&nbsp;<\/p>\n<blockquote>\n<h3>PRESEPIO VIVENTE A CALALZO: TRADIZIONE NATALIZIA<\/h3>\n<\/blockquote>\n<p><strong><a class=\"dt-pswp-item\" href=\"https:\/\/www.radiopiu.net\/wordpress\/wp-content\/uploads\/2025\/12\/PRESEPE-CALALZO.jpg\" data-dt-img-description=\"\" data-large_image_width=\"1080\" data-large_image_height=\"813\"><img loading=\"lazy\" decoding=\"async\" class=\" wp-image-485414 alignleft\" src=\"https:\/\/www.radiopiu.net\/wordpress\/wp-content\/uploads\/2025\/12\/PRESEPE-CALALZO-300x226.jpg\" alt=\"\" width=\"142\" height=\"107\" srcset=\"https:\/\/www.radiopiu.net\/wordpress\/wp-content\/uploads\/2025\/12\/PRESEPE-CALALZO-300x226.jpg 300w, https:\/\/www.radiopiu.net\/wordpress\/wp-content\/uploads\/2025\/12\/PRESEPE-CALALZO-1024x771.jpg 1024w, https:\/\/www.radiopiu.net\/wordpress\/wp-content\/uploads\/2025\/12\/PRESEPE-CALALZO-768x578.jpg 768w, https:\/\/www.radiopiu.net\/wordpress\/wp-content\/uploads\/2025\/12\/PRESEPE-CALALZO.jpg 1080w\" sizes=\"auto, (max-width: 142px) 100vw, 142px\" \/><\/a>CALALZO DI CADORE <\/strong>Sabato 27 dicembre a Calalzo di Cadore torna il presepio vivente in Via Montanel, vicino alla chiesa parrocchiale. L\u2019evento, tra i pi\u00f9 attesi delle festivit\u00e0, attira centinaia di visitatori e turisti. Dalle 15:30 sar\u00e0 possibile esplorare il villaggio, osservare i figuranti e gustare bevande e cibi caldi. Alle 16:30 prender\u00e0 il via la rappresentazione della Nativit\u00e0, seguendo il racconto evangelico. In caso di maltempo, lo spettacolo sar\u00e0 rinviato a sabato 3 gennaio 2026. L\u2019iniziativa \u00e8 resa possibile grazie ai volontari e gode del patrocinio della parrocchia di San Biagio e del Comune.<\/p>\n<p>&nbsp;<\/p>\n<p>&nbsp;<\/p>\n<p>&nbsp;<\/p>\n<p>&nbsp;<\/p>\n<hr \/>\n<p>&nbsp;<\/p>\n<h2><span style=\"color: #cc99ff;\">OGGI COME IERI, TERZO ANNO. CON SILVIA BALDO<\/span><\/h2>\n<p><strong><a class=\"dt-pswp-item\" href=\"https:\/\/www.radiopiu.net\/wordpress\/wp-content\/uploads\/2025\/12\/basket.jpg\" data-dt-img-description=\"\" data-large_image_width=\"1280\" data-large_image_height=\"853\"><img loading=\"lazy\" decoding=\"async\" class=\" wp-image-486096 alignleft\" src=\"https:\/\/www.radiopiu.net\/wordpress\/wp-content\/uploads\/2025\/12\/basket-300x200.jpg\" alt=\"\" width=\"170\" height=\"113\" srcset=\"https:\/\/www.radiopiu.net\/wordpress\/wp-content\/uploads\/2025\/12\/basket-300x200.jpg 300w, https:\/\/www.radiopiu.net\/wordpress\/wp-content\/uploads\/2025\/12\/basket-1024x682.jpg 1024w, https:\/\/www.radiopiu.net\/wordpress\/wp-content\/uploads\/2025\/12\/basket-768x512.jpg 768w, https:\/\/www.radiopiu.net\/wordpress\/wp-content\/uploads\/2025\/12\/basket.jpg 1280w\" sizes=\"auto, (max-width: 170px) 100vw, 170px\" \/><\/a>15 DICEMBRE<\/strong><\/p>\n<audio class=\"wp-audio-shortcode\" id=\"audio-485942-15\" preload=\"none\" style=\"width: 100%;\" controls=\"controls\"><source type=\"audio\/mpeg\" src=\"https:\/\/www.radiopiu.net\/wordpress\/wp-content\/uploads\/2025\/12\/SIBI1-1.mp3?_=15\" \/><a href=\"https:\/\/www.radiopiu.net\/wordpress\/wp-content\/uploads\/2025\/12\/SIBI1-1.mp3\">https:\/\/www.radiopiu.net\/wordpress\/wp-content\/uploads\/2025\/12\/SIBI1-1.mp3<\/a><\/audio>\n<p>&nbsp;<\/p>\n<h2><strong>LA RACCOLTA COMPLETA <a href=\"https:\/\/www.radiopiu.net\/wordpress\/oggi-come-ieri-terzo-anno-con-silvia-baldo-15-dic\/\"><span style=\"color: #3366ff;\">CLICCA QUI<\/span><\/a><\/strong><\/h2>\n<p>&nbsp;<\/p>\n<hr \/>\n<p>&nbsp;<\/p>\n<h2><span style=\"color: #993300;\">PERITI MINERARI DALL&#8217;AGORDINO AL MONDO SECONDA EDIZIONE<\/span><\/h2>\n<p><strong>14 RAFFAELE DE COL<\/strong><\/p>\n<p><iframe loading=\"lazy\" title=\"14 RAFFAELE DE COL\" width=\"1200\" height=\"675\" src=\"https:\/\/www.youtube.com\/embed\/8rou5hXk4Y4?feature=oembed\" frameborder=\"0\" allow=\"accelerometer; autoplay; clipboard-write; encrypted-media; gyroscope; picture-in-picture; web-share\" referrerpolicy=\"strict-origin-when-cross-origin\" allowfullscreen><\/iframe><\/p>\n<p>&nbsp;<\/p>\n<h2><strong>LA RACCOLTA COMPLETA <span style=\"color: #3366ff;\"><a style=\"color: #3366ff;\" href=\"https:\/\/www.radiopiu.net\/wordpress\/periti-minerari-dallagordino-al-mondo\/\">CLICCA QUI<\/a><\/span><\/strong><\/h2>\n<p>&nbsp;<\/p>\n<hr \/>\n<p>&nbsp;<\/p>\n<h2><span style=\"color: #ff99cc;\">SALUTE &amp; SOCIETA&#8217;<\/span><\/h2>\n<p><strong><a class=\"dt-pswp-item\" href=\"https:\/\/www.radiopiu.net\/wordpress\/wp-content\/uploads\/2025\/12\/WhatsApp-Image-2025-12-15-at-09.22.42.jpeg\" data-dt-img-description=\"\" data-large_image_width=\"1200\" data-large_image_height=\"675\"><img loading=\"lazy\" decoding=\"async\" class=\" wp-image-485994 alignleft\" src=\"https:\/\/www.radiopiu.net\/wordpress\/wp-content\/uploads\/2025\/12\/WhatsApp-Image-2025-12-15-at-09.22.42-300x169.jpeg\" alt=\"\" width=\"202\" height=\"114\" srcset=\"https:\/\/www.radiopiu.net\/wordpress\/wp-content\/uploads\/2025\/12\/WhatsApp-Image-2025-12-15-at-09.22.42-300x169.jpeg 300w, https:\/\/www.radiopiu.net\/wordpress\/wp-content\/uploads\/2025\/12\/WhatsApp-Image-2025-12-15-at-09.22.42-1024x576.jpeg 1024w, https:\/\/www.radiopiu.net\/wordpress\/wp-content\/uploads\/2025\/12\/WhatsApp-Image-2025-12-15-at-09.22.42-768x432.jpeg 768w, https:\/\/www.radiopiu.net\/wordpress\/wp-content\/uploads\/2025\/12\/WhatsApp-Image-2025-12-15-at-09.22.42.jpeg 1200w\" sizes=\"auto, (max-width: 202px) 100vw, 202px\" \/><\/a>PUNTATA DEL 15 DICEMBRE 2025<\/strong><\/p>\n<p><span style=\"color: #ff0000;\"><strong>Sfida alle MICI \u2013 XVI Congresso Nazionale IG-IBD <\/strong><\/span>Un cambio di passo nella lotta alle malattie infiammatorie croniche intestinali. A Riccione si \u00e8 tenuto il XVI Congresso Nazionale IG-IBD \u201cAdvances in IBD\u201d, che ha riunito oltre mille specialisti per celebrare il ventesimo anniversario della Societ\u00e0 Scientifica e soprattutto per guardare al futuro di queste patologie che in Italia colpiscono circa 250.000 persone.<\/p>\n<audio class=\"wp-audio-shortcode\" id=\"audio-485942-16\" preload=\"none\" style=\"width: 100%;\" controls=\"controls\"><source type=\"audio\/mpeg\" src=\"https:\/\/www.radiopiu.net\/wordpress\/wp-content\/uploads\/2025\/12\/SALUTE-2.mp3?_=16\" \/><a href=\"https:\/\/www.radiopiu.net\/wordpress\/wp-content\/uploads\/2025\/12\/SALUTE-2.mp3\">https:\/\/www.radiopiu.net\/wordpress\/wp-content\/uploads\/2025\/12\/SALUTE-2.mp3<\/a><\/audio>\n<p>&nbsp;<\/p>\n<hr \/>\n<p>&nbsp;<\/p>\n<h2><span style=\"color: #ff99cc;\">L&#8217;ADS SKATING CLUB, ARTE DEL PATTINAGGIO<\/span><\/h2>\n<p><strong><a class=\"dt-pswp-item\" href=\"https:\/\/www.radiopiu.net\/wordpress\/wp-content\/uploads\/2025\/12\/PATTINI-A-ROTELLE.jpg\" data-dt-img-description=\"\" data-large_image_width=\"1280\" data-large_image_height=\"853\"><img loading=\"lazy\" decoding=\"async\" class=\" wp-image-486113 alignleft\" src=\"https:\/\/www.radiopiu.net\/wordpress\/wp-content\/uploads\/2025\/12\/PATTINI-A-ROTELLE-300x200.jpg\" alt=\"\" width=\"161\" height=\"107\" srcset=\"https:\/\/www.radiopiu.net\/wordpress\/wp-content\/uploads\/2025\/12\/PATTINI-A-ROTELLE-300x200.jpg 300w, https:\/\/www.radiopiu.net\/wordpress\/wp-content\/uploads\/2025\/12\/PATTINI-A-ROTELLE-1024x682.jpg 1024w, https:\/\/www.radiopiu.net\/wordpress\/wp-content\/uploads\/2025\/12\/PATTINI-A-ROTELLE-768x512.jpg 768w, https:\/\/www.radiopiu.net\/wordpress\/wp-content\/uploads\/2025\/12\/PATTINI-A-ROTELLE.jpg 1280w\" sizes=\"auto, (max-width: 161px) 100vw, 161px\" \/><\/a>DI MARINA DONA&#8217;<\/strong><\/p>\n<p>OSPITE: Dario Mezzacasa<\/p>\n<audio class=\"wp-audio-shortcode\" id=\"audio-485942-17\" preload=\"none\" style=\"width: 100%;\" controls=\"controls\"><source type=\"audio\/mpeg\" src=\"https:\/\/www.radiopiu.net\/wordpress\/wp-content\/uploads\/2025\/12\/REPORTER-DARIO-MEZZACASA-PATTINI-A-ROTELLE-PER-RAGAZZI-E-BAMBINI-AD-AGORDO-E-BELLUNO.mp3?_=17\" \/><a href=\"https:\/\/www.radiopiu.net\/wordpress\/wp-content\/uploads\/2025\/12\/REPORTER-DARIO-MEZZACASA-PATTINI-A-ROTELLE-PER-RAGAZZI-E-BAMBINI-AD-AGORDO-E-BELLUNO.mp3\">https:\/\/www.radiopiu.net\/wordpress\/wp-content\/uploads\/2025\/12\/REPORTER-DARIO-MEZZACASA-PATTINI-A-ROTELLE-PER-RAGAZZI-E-BAMBINI-AD-AGORDO-E-BELLUNO.mp3<\/a><\/audio>\n<p>&nbsp;<\/p>\n<hr \/>\n<p>&nbsp;<\/p>\n<h2><span style=\"color: #008080;\">I RACCONTI DI PAOLO SOPPELSA<\/span><\/h2>\n<p><strong>TEMPO D&#8217;INVERNO (PENSIERI A CASO)<\/strong><\/p>\n<p><strong>AUDIO<\/strong><\/p>\n<audio class=\"wp-audio-shortcode\" id=\"audio-485942-18\" preload=\"none\" style=\"width: 100%;\" controls=\"controls\"><source type=\"audio\/mpeg\" src=\"https:\/\/www.radiopiu.net\/wordpress\/wp-content\/uploads\/2025\/12\/PAOLOS-1.mp3?_=18\" \/><a href=\"https:\/\/www.radiopiu.net\/wordpress\/wp-content\/uploads\/2025\/12\/PAOLOS-1.mp3\">https:\/\/www.radiopiu.net\/wordpress\/wp-content\/uploads\/2025\/12\/PAOLOS-1.mp3<\/a><\/audio>\n<p>&nbsp;<\/p>\n<p><a class=\"dt-pswp-item\" href=\"https:\/\/www.radiopiu.net\/wordpress\/wp-content\/uploads\/2025\/12\/10fcc601-0002-4b93-b8d0-c1888ecb3a12.jpg\" data-dt-img-description=\"\" data-large_image_width=\"1080\" data-large_image_height=\"810\"><img loading=\"lazy\" decoding=\"async\" class=\" wp-image-485886 alignleft\" src=\"https:\/\/www.radiopiu.net\/wordpress\/wp-content\/uploads\/2025\/12\/10fcc601-0002-4b93-b8d0-c1888ecb3a12-300x225.jpg\" alt=\"\" width=\"177\" height=\"133\" srcset=\"https:\/\/www.radiopiu.net\/wordpress\/wp-content\/uploads\/2025\/12\/10fcc601-0002-4b93-b8d0-c1888ecb3a12-300x225.jpg 300w, https:\/\/www.radiopiu.net\/wordpress\/wp-content\/uploads\/2025\/12\/10fcc601-0002-4b93-b8d0-c1888ecb3a12-1024x768.jpg 1024w, https:\/\/www.radiopiu.net\/wordpress\/wp-content\/uploads\/2025\/12\/10fcc601-0002-4b93-b8d0-c1888ecb3a12-768x576.jpg 768w, https:\/\/www.radiopiu.net\/wordpress\/wp-content\/uploads\/2025\/12\/10fcc601-0002-4b93-b8d0-c1888ecb3a12.jpg 1080w\" sizes=\"auto, (max-width: 177px) 100vw, 177px\" \/><\/a>Di quelle lontane domeniche d&#8217;inizio dicembre ricordo il freddo, le albe lente e i tramonti improvvisi. E poi i silenzi che vivevo di fronte al Pelsa carico della prima neve. Se penso a quei giorni gelidi e brevi d&#8217;inizio inverno sento sulla pelle il pizzicare delle dolcevite acriliche, il profumo di gomma degli stivali blu ed il frusciare della pesante giacca a vento rossa e nera. Di quei tempi di quasi Natale rammento i cieli grigi che chiamavano neve, le righe di luminarie intermittenti che adornavano i profili di tetti e terrazzi, e poi l&#8217;acqua gelata delle fontane e la neve sporca di ghiaino ammucchiata sotto i guardrail. Di quelle lunghe sere di montagna ricordo la porta azzurra della cantina e le infinite stelle sopra lo Spiz de Medod\u00ec. La luce fioca della lampadina e l\u2019ingrigire dei salami appesi da poco ai bastoni. Rammento le mani di pap\u00e0 che tastavano quei salami costati freddo e fatica di fine novembre, ricordo il ronzio monotono del congelatore colmo fino al coperchio di carne nuova. Memoria dei sedili beige della Ritmo che correva lungo la 203 in direzione San Tomaso, ricordi della neve che si incontrava appena superato il Ponte dei Castei. Ricordi del cielo colorato di un azzurro stinto durante le giornate serene, presagio di notti gelide. Di quei corti pomeriggi di met\u00e0 dicembre rammento lo scricchiolare del ghiaccio lungo la scalinata che conduceva di fronte alla porta della stalla, ricordo l\u2019afferrare la ringhiera di legno che aiutava a mantenere l&#8217;equilibrio su quel ghiaccio severo e lucente. Poi la porta bianca della cucina, con i due vetri zigrinati sulla meta superiore, e il calore potente che ci accoglieva e ristorava appena entrati. La Fiesta che mi offriva la nonna, che poi diventavano due Fieste, il bicchiere di bianco che il nonno offriva a pap\u00e0. Rammento il timido gocciolare del mezzogiorno della neve sul tetto del tabi\u00e0, ricordo i ghiaccioli lunghi e puntuti che si formavano mentre la sera scendeva sulla valle. E poi il calore pesante sprigionato dal fornel, il manico nodoso e annerito della forca a due denti, quella che al mattino spingeva i fas\u00ecn all&#8217;interno della bocca vorace del fornel. Rammento quel caldo forte che entrava nella schiena e sgelava le dita gelate dai giochi con la neve, ricordo le parole in dialetto e i saluti di quando era giunta l&#8217;ora di fare ritorno in citt\u00e0. Profumo di minestra che bolliva sul gas mentre noi eravamo con le borse in mano pronti a partire. E poi, appena usciti fuori casa, il buio profondo delle sere d&#8217;inverno e aldil\u00e0 della valle il brillare delle due Stelle del Pelsa. Quaranta minuti scarsi di viaggio, e poi quel sentore malinconico di fine settimana finito e profumo di un&#8217;altra minestra cucinata su di un gas di citt\u00e0. Novantesimo Minuto, la schedina del Tototocalcio, le quote popolari e il pensiero per loro rimasti lass\u00f9, che a quell&#8217;ora erano gi\u00e0 a letto mentre il fuoco lentamente moriva. Parole, gesti e neve, freddo e silenzi. Calore di fuoco e di affetti, viaggi in macchina e profumo di salami nuovi. E poi stelle d&#8217;inverno e abiti pesanti, guanti e berretti e boschi addormentati.<br \/>\nDi quel tempo ormai andato \u00e8 rimasto tutto, nulla \u00e8 andato perduto.<\/p>\n<p>&nbsp;<\/p>\n<p>&nbsp;<\/p>\n<hr \/>\n<p>&nbsp;<\/p>\n<blockquote class=\"wp-embedded-content\" data-secret=\"nFO6ZQIR2C\"><p><a href=\"https:\/\/www.radiopiu.net\/wordpress\/curiosando-il-programmaa\/\">CURIOSANDO&#8230; IL PROGRAMMA DI PAOLA LANCIATO<\/a><\/p><\/blockquote>\n<p><iframe loading=\"lazy\" class=\"wp-embedded-content\" sandbox=\"allow-scripts\" security=\"restricted\" style=\"position: absolute; visibility: hidden;\" title=\"&#8220;CURIOSANDO&#8230; IL PROGRAMMA DI PAOLA LANCIATO&#8221; &#8212; Radio Pi\u00f9\" src=\"https:\/\/www.radiopiu.net\/wordpress\/curiosando-il-programmaa\/embed\/#?secret=EhLsUCZXLg#?secret=nFO6ZQIR2C\" data-secret=\"nFO6ZQIR2C\" width=\"600\" height=\"338\" frameborder=\"0\" marginwidth=\"0\" marginheight=\"0\" scrolling=\"no\"><\/iframe><\/p>\n<p>&nbsp;<\/p>\n<hr \/>\n<p>&nbsp;<\/p>\n<h2><span style=\"color: #00ffff;\">A CENCENIGHE ARRIVA IL SALOTTO DELLA MUSICA<\/span><\/h2>\n<p><strong><a class=\"dt-pswp-item\" href=\"https:\/\/www.radiopiu.net\/wordpress\/wp-content\/uploads\/2018\/02\/musica.jpg\" data-dt-img-description=\"\" data-large_image_width=\"644\" data-large_image_height=\"347\"><img loading=\"lazy\" decoding=\"async\" class=\" wp-image-42941 alignleft\" src=\"https:\/\/www.radiopiu.net\/wordpress\/wp-content\/uploads\/2018\/02\/musica-300x162.jpg\" alt=\"\" width=\"176\" height=\"95\" srcset=\"https:\/\/www.radiopiu.net\/wordpress\/wp-content\/uploads\/2018\/02\/musica-300x162.jpg 300w, https:\/\/www.radiopiu.net\/wordpress\/wp-content\/uploads\/2018\/02\/musica.jpg 644w\" sizes=\"auto, (max-width: 176px) 100vw, 176px\" \/><\/a>DI MIRKO MEZZACASA<\/strong><\/p>\n<p>OSPITI: Claudia e Gianpiero<\/p>\n<audio class=\"wp-audio-shortcode\" id=\"audio-485942-19\" preload=\"none\" style=\"width: 100%;\" controls=\"controls\"><source type=\"audio\/mpeg\" src=\"https:\/\/www.radiopiu.net\/wordpress\/wp-content\/uploads\/2025\/12\/CLAUDIA-E-GIANPIERO.mp3?_=19\" \/><a href=\"https:\/\/www.radiopiu.net\/wordpress\/wp-content\/uploads\/2025\/12\/CLAUDIA-E-GIANPIERO.mp3\">https:\/\/www.radiopiu.net\/wordpress\/wp-content\/uploads\/2025\/12\/CLAUDIA-E-GIANPIERO.mp3<\/a><\/audio>\n<p>&nbsp;<\/p>\n<hr \/>\n<p>&nbsp;<\/p>\n<h2><span style=\"color: #ff0000;\">LE MIGLIA DEI BABBI NATALE AD AGORDO<\/span><\/h2>\n<p><strong><a class=\"dt-pswp-item\" href=\"https:\/\/www.radiopiu.net\/wordpress\/wp-content\/uploads\/2025\/12\/5a67ed97-301f-4561-b82f-1fee7950c255.jpg\" data-dt-img-description=\"\" data-large_image_width=\"2048\" data-large_image_height=\"1152\"><img loading=\"lazy\" decoding=\"async\" class=\"size-medium wp-image-485631 alignleft\" src=\"https:\/\/www.radiopiu.net\/wordpress\/wp-content\/uploads\/2025\/12\/5a67ed97-301f-4561-b82f-1fee7950c255-300x169.jpg\" alt=\"\" width=\"300\" height=\"169\" srcset=\"https:\/\/www.radiopiu.net\/wordpress\/wp-content\/uploads\/2025\/12\/5a67ed97-301f-4561-b82f-1fee7950c255-300x169.jpg 300w, https:\/\/www.radiopiu.net\/wordpress\/wp-content\/uploads\/2025\/12\/5a67ed97-301f-4561-b82f-1fee7950c255-1024x576.jpg 1024w, https:\/\/www.radiopiu.net\/wordpress\/wp-content\/uploads\/2025\/12\/5a67ed97-301f-4561-b82f-1fee7950c255-768x432.jpg 768w, https:\/\/www.radiopiu.net\/wordpress\/wp-content\/uploads\/2025\/12\/5a67ed97-301f-4561-b82f-1fee7950c255-1536x864.jpg 1536w, https:\/\/www.radiopiu.net\/wordpress\/wp-content\/uploads\/2025\/12\/5a67ed97-301f-4561-b82f-1fee7950c255.jpg 2048w\" sizes=\"auto, (max-width: 300px) 100vw, 300px\" \/><\/a>DI MARCO GAZ<\/strong><\/p>\n<p>OSPITI: Roberto Agnolet, Alessandra Da Ronch e Fernando Soccol<\/p>\n<audio class=\"wp-audio-shortcode\" id=\"audio-485942-20\" preload=\"none\" style=\"width: 100%;\" controls=\"controls\"><source type=\"audio\/mpeg\" src=\"https:\/\/www.radiopiu.net\/wordpress\/wp-content\/uploads\/2025\/12\/LE-MIGLIA-DEI-BABBI-AGNOLET-DA-RONCH-SOCCOL.mp3?_=20\" \/><a href=\"https:\/\/www.radiopiu.net\/wordpress\/wp-content\/uploads\/2025\/12\/LE-MIGLIA-DEI-BABBI-AGNOLET-DA-RONCH-SOCCOL.mp3\">https:\/\/www.radiopiu.net\/wordpress\/wp-content\/uploads\/2025\/12\/LE-MIGLIA-DEI-BABBI-AGNOLET-DA-RONCH-SOCCOL.mp3<\/a><\/audio>\n<p>&nbsp;<\/p>\n<hr \/>\n<p>&nbsp;<\/p>\n<h2><span style=\"color: #99cc00;\">I CONSIGLI DI GIANLUCA&#8230;DA DOLOMITI BEER &amp; WINE SHOP<\/span><\/h2>\n<p><strong>15 DICEMBRE GIN WINT 6 LILA<\/strong><\/p>\n<p><span style=\"font-size: large;\"><img loading=\"lazy\" decoding=\"async\" class=\"alignleft\" src=\"https:\/\/www.radiopiu.net\/wordpress\/wp-content\/uploads\/2025\/12\/Screenshot-2025-12-15-063426.png\" width=\"241\" height=\"196\" \/>Gin Wint &amp; Lila nasce in Andalusia, nella zona di Cadice, e porta con s\u00e9 l\u2019anima luminosa e agrumata del sud della Spagna. \u00c8 un London Dry distillato con botaniche selezionate come scorze fresche di agrumi mediterranei, ginepro, coriandolo, cardamomo, cannella, menta e un tocco di fiori d\u2019arancio che regalano un profilo aromatico delicato e profondo. Al naso emergono note fresche e dolci, con richiami alla zagara e agli agrumi maturi. In bocca si presenta morbido, equilibrato, con una freschezza balsamica piacevole e persistente. Il finale \u00e8 pulito, floreale, con una leggera speziatura che arricchisce il sorso senza appesantirlo. \u00c8 un gin elegante, versatile, ideale per gin tonic aromatici e cocktail mediterranei.<\/span><\/p>\n<p><strong>PAROLA DI GIANLUCA,\u00a0 E&#8217; LA RUBRICA IN ONDA SU RADIOPIU OGNI GIORNO ALLE 7.10, 18.10, 21.50&#8230;NOTIZIE CONSIGLI E MOLTA CORDIALIT\u00e0 NEGLI INTERVENTI DI GIANLUCA DAI PUNTI VENDITA DI TAIBON, SEDICO E FELTRE<\/strong><\/p>\n<p>AUDIO<\/p>\n<audio class=\"wp-audio-shortcode\" id=\"audio-485942-21\" preload=\"none\" style=\"width: 100%;\" controls=\"controls\"><source type=\"audio\/mpeg\" src=\"https:\/\/www.radiopiu.net\/wordpress\/wp-content\/uploads\/2025\/12\/gin-wint-lila.mp3?_=21\" \/><a href=\"https:\/\/www.radiopiu.net\/wordpress\/wp-content\/uploads\/2025\/12\/gin-wint-lila.mp3\">https:\/\/www.radiopiu.net\/wordpress\/wp-content\/uploads\/2025\/12\/gin-wint-lila.mp3<\/a><\/audio>\n<p>&nbsp;<\/p>\n<h2><strong>LA RACCOLTA COMPLETA <a href=\"https:\/\/www.radiopiu.net\/wordpress\/paroladic15\/\"><span style=\"color: #3366ff;\">CLICCA QUI<\/span><\/a><\/strong><\/h2>\n<p>&nbsp;<\/p>\n<hr \/>\n<p>&nbsp;<\/p>\n<p><span style=\"color: #ff0000;\"><img loading=\"lazy\" decoding=\"async\" class=\"wp-image-61958 size-full aligncenter\" src=\"https:\/\/www.radiopiu.net\/wordpress\/wp-content\/uploads\/2018\/09\/appuntamenti.jpeg\" alt=\"\" width=\"800\" height=\"100\" srcset=\"https:\/\/www.radiopiu.net\/wordpress\/wp-content\/uploads\/2018\/09\/appuntamenti.jpeg 800w, https:\/\/www.radiopiu.net\/wordpress\/wp-content\/uploads\/2018\/09\/appuntamenti-300x38.jpeg 300w, https:\/\/www.radiopiu.net\/wordpress\/wp-content\/uploads\/2018\/09\/appuntamenti-768x96.jpeg 768w\" sizes=\"auto, (max-width: 800px) 100vw, 800px\" \/><\/span><\/p>\n<p>&nbsp;<\/p>\n\n\t\t\t<style type='text\/css'>\n\t\t\t\t#gallery-8 {\n\t\t\t\t\tmargin: auto;\n\t\t\t\t}\n\t\t\t\t#gallery-8 .gallery-item {\n\t\t\t\t\tfloat: left;\n\t\t\t\t\tmargin-top: 10px;\n\t\t\t\t\ttext-align: center;\n\t\t\t\t\twidth: 25%;\n\t\t\t\t}\n\t\t\t\t#gallery-8 img {\n\t\t\t\t\tborder: 2px solid #cfcfcf;\n\t\t\t\t}\n\t\t\t\t#gallery-8 .gallery-caption {\n\t\t\t\t\tmargin-left: 0;\n\t\t\t\t}\n\t\t\t\t\/* see gallery_shortcode() in wp-includes\/media.php *\/\n\t\t\t<\/style>\n\t\t<div id='gallery-8' class='dt-gallery-container gallery galleryid-485942 gallery-columns-4 gallery-size-thumbnail'><dl class='gallery-item'>\n\t\t\t\t<dt class='gallery-icon landscape'>\n\t\t\t\t\t<a class=\"rollover rollover-zoom dt-pswp-item\" title=\"542759768_1187692263404454_707530732478693509_n\" data-dt-img-description=\"\" data-large_image_width=\"1440\" data-large_image_height=\"1440\"href='https:\/\/www.radiopiu.net\/wordpress\/wp-content\/uploads\/2025\/10\/542759768_1187692263404454_707530732478693509_n.jpg'><img loading=\"lazy\" decoding=\"async\" width=\"150\" height=\"150\" src=\"https:\/\/www.radiopiu.net\/wordpress\/wp-content\/uploads\/2025\/10\/542759768_1187692263404454_707530732478693509_n-150x150.jpg\" class=\"attachment-thumbnail size-thumbnail\" alt=\"\" srcset=\"https:\/\/www.radiopiu.net\/wordpress\/wp-content\/uploads\/2025\/10\/542759768_1187692263404454_707530732478693509_n-150x150.jpg 150w, https:\/\/www.radiopiu.net\/wordpress\/wp-content\/uploads\/2025\/10\/542759768_1187692263404454_707530732478693509_n-300x300.jpg 300w, https:\/\/www.radiopiu.net\/wordpress\/wp-content\/uploads\/2025\/10\/542759768_1187692263404454_707530732478693509_n-1024x1024.jpg 1024w, https:\/\/www.radiopiu.net\/wordpress\/wp-content\/uploads\/2025\/10\/542759768_1187692263404454_707530732478693509_n-768x768.jpg 768w, https:\/\/www.radiopiu.net\/wordpress\/wp-content\/uploads\/2025\/10\/542759768_1187692263404454_707530732478693509_n.jpg 1440w\" sizes=\"auto, (max-width: 150px) 100vw, 150px\" \/><\/a>\n\t\t\t\t<\/dt><\/dl><dl class='gallery-item'>\n\t\t\t\t<dt class='gallery-icon portrait'>\n\t\t\t\t\t<a class=\"rollover rollover-zoom dt-pswp-item\" title=\"41ae8cc6-1016-46be-9558-ad085b650586\" data-dt-img-description=\"\" data-large_image_width=\"1041\" data-large_image_height=\"1434\"href='https:\/\/www.radiopiu.net\/wordpress\/wp-content\/uploads\/2025\/12\/41ae8cc6-1016-46be-9558-ad085b650586.jpeg'><img loading=\"lazy\" decoding=\"async\" width=\"150\" height=\"150\" src=\"https:\/\/www.radiopiu.net\/wordpress\/wp-content\/uploads\/2025\/12\/41ae8cc6-1016-46be-9558-ad085b650586-150x150.jpeg\" class=\"attachment-thumbnail size-thumbnail\" alt=\"\" \/><\/a>\n\t\t\t\t<\/dt><\/dl><dl class='gallery-item'>\n\t\t\t\t<dt class='gallery-icon portrait'>\n\t\t\t\t\t<a class=\"rollover rollover-zoom dt-pswp-item\" title=\"locandina mostra Castellavazzo\" data-dt-img-description=\"\" data-large_image_width=\"1810\" data-large_image_height=\"2560\"href='https:\/\/www.radiopiu.net\/wordpress\/wp-content\/uploads\/2025\/11\/locandina-mostra-Castellavazzo-scaled.jpg'><img loading=\"lazy\" decoding=\"async\" width=\"150\" height=\"150\" src=\"https:\/\/www.radiopiu.net\/wordpress\/wp-content\/uploads\/2025\/11\/locandina-mostra-Castellavazzo-150x150.jpg\" class=\"attachment-thumbnail size-thumbnail\" alt=\"\" \/><\/a>\n\t\t\t\t<\/dt><\/dl><dl class='gallery-item'>\n\t\t\t\t<dt class='gallery-icon portrait'>\n\t\t\t\t\t<a class=\"rollover rollover-zoom dt-pswp-item\" title=\"803dde58-9f48-4809-89fc-1f29d2b69f8e\" data-dt-img-description=\"\" data-large_image_width=\"1200\" data-large_image_height=\"1600\"href='https:\/\/www.radiopiu.net\/wordpress\/wp-content\/uploads\/2025\/12\/803dde58-9f48-4809-89fc-1f29d2b69f8e.jpg'><img loading=\"lazy\" decoding=\"async\" width=\"150\" height=\"150\" src=\"https:\/\/www.radiopiu.net\/wordpress\/wp-content\/uploads\/2025\/12\/803dde58-9f48-4809-89fc-1f29d2b69f8e-150x150.jpg\" class=\"attachment-thumbnail size-thumbnail\" alt=\"\" \/><\/a>\n\t\t\t\t<\/dt><\/dl><br style=\"clear: both\" \/><dl class='gallery-item'>\n\t\t\t\t<dt class='gallery-icon portrait'>\n\t\t\t\t\t<a class=\"rollover rollover-zoom dt-pswp-item\" title=\"40fc71c4-2534-425a-b717-cc3f8c5033c8\" data-dt-img-description=\"\" data-large_image_width=\"1131\" data-large_image_height=\"1600\"href='https:\/\/www.radiopiu.net\/wordpress\/wp-content\/uploads\/2025\/11\/40fc71c4-2534-425a-b717-cc3f8c5033c8.jpg'><img loading=\"lazy\" decoding=\"async\" width=\"150\" height=\"150\" src=\"https:\/\/www.radiopiu.net\/wordpress\/wp-content\/uploads\/2025\/11\/40fc71c4-2534-425a-b717-cc3f8c5033c8-150x150.jpg\" class=\"attachment-thumbnail size-thumbnail\" alt=\"\" \/><\/a>\n\t\t\t\t<\/dt><\/dl><dl class='gallery-item'>\n\t\t\t\t<dt class='gallery-icon portrait'>\n\t\t\t\t\t<a class=\"rollover rollover-zoom dt-pswp-item\" title=\"Concerto di Natale a Carve di Mel\" data-dt-img-description=\"\" data-large_image_width=\"1131\" data-large_image_height=\"1600\"href='https:\/\/www.radiopiu.net\/wordpress\/wp-content\/uploads\/2025\/12\/Concerto-di-Natale-a-Carve-di-Mel.jpeg'><img loading=\"lazy\" decoding=\"async\" width=\"150\" height=\"150\" src=\"https:\/\/www.radiopiu.net\/wordpress\/wp-content\/uploads\/2025\/12\/Concerto-di-Natale-a-Carve-di-Mel-150x150.jpeg\" class=\"attachment-thumbnail size-thumbnail\" alt=\"\" \/><\/a>\n\t\t\t\t<\/dt><\/dl><dl class='gallery-item'>\n\t\t\t\t<dt class='gallery-icon portrait'>\n\t\t\t\t\t<a class=\"rollover rollover-zoom dt-pswp-item\" title=\"IMG-20251203-WA0003\" data-dt-img-description=\"\" data-large_image_width=\"900\" data-large_image_height=\"1600\"href='https:\/\/www.radiopiu.net\/wordpress\/wp-content\/uploads\/2025\/12\/IMG-20251203-WA0003.jpg'><img loading=\"lazy\" decoding=\"async\" width=\"150\" height=\"150\" src=\"https:\/\/www.radiopiu.net\/wordpress\/wp-content\/uploads\/2025\/12\/IMG-20251203-WA0003-150x150.jpg\" class=\"attachment-thumbnail size-thumbnail\" alt=\"\" \/><\/a>\n\t\t\t\t<\/dt><\/dl><dl class='gallery-item'>\n\t\t\t\t<dt class='gallery-icon portrait'>\n\t\t\t\t\t<a class=\"rollover rollover-zoom dt-pswp-item\" title=\"782feede-fd14-464f-8a18-cc30a8a6e342\" data-dt-img-description=\"\" data-large_image_width=\"486\" data-large_image_height=\"971\"href='https:\/\/www.radiopiu.net\/wordpress\/wp-content\/uploads\/2025\/11\/782feede-fd14-464f-8a18-cc30a8a6e342.jpg'><img loading=\"lazy\" decoding=\"async\" width=\"150\" height=\"150\" src=\"https:\/\/www.radiopiu.net\/wordpress\/wp-content\/uploads\/2025\/11\/782feede-fd14-464f-8a18-cc30a8a6e342-150x150.jpg\" class=\"attachment-thumbnail size-thumbnail\" alt=\"\" \/><\/a>\n\t\t\t\t<\/dt><\/dl><br style=\"clear: both\" \/><dl class='gallery-item'>\n\t\t\t\t<dt class='gallery-icon portrait'>\n\t\t\t\t\t<a class=\"rollover rollover-zoom dt-pswp-item\" title=\"2d577141-47bc-4bfc-87a8-699843effd99\" data-dt-img-description=\"\" data-large_image_width=\"1131\" data-large_image_height=\"1600\"href='https:\/\/www.radiopiu.net\/wordpress\/wp-content\/uploads\/2025\/12\/2d577141-47bc-4bfc-87a8-699843effd99.jpg'><img loading=\"lazy\" decoding=\"async\" width=\"150\" height=\"150\" src=\"https:\/\/www.radiopiu.net\/wordpress\/wp-content\/uploads\/2025\/12\/2d577141-47bc-4bfc-87a8-699843effd99-150x150.jpg\" class=\"attachment-thumbnail size-thumbnail\" alt=\"\" \/><\/a>\n\t\t\t\t<\/dt><\/dl><dl class='gallery-item'>\n\t\t\t\t<dt class='gallery-icon portrait'>\n\t\t\t\t\t<a class=\"rollover rollover-zoom dt-pswp-item\" title=\"cd271853-eef2-21e7-1725-3788fe8a6a3f\" data-dt-img-description=\"\" data-large_image_width=\"1755\" data-large_image_height=\"2482\"href='https:\/\/www.radiopiu.net\/wordpress\/wp-content\/uploads\/2025\/12\/cd271853-eef2-21e7-1725-3788fe8a6a3f.jpg'><img loading=\"lazy\" decoding=\"async\" width=\"150\" height=\"150\" src=\"https:\/\/www.radiopiu.net\/wordpress\/wp-content\/uploads\/2025\/12\/cd271853-eef2-21e7-1725-3788fe8a6a3f-150x150.jpg\" class=\"attachment-thumbnail size-thumbnail\" alt=\"\" \/><\/a>\n\t\t\t\t<\/dt><\/dl><dl class='gallery-item'>\n\t\t\t\t<dt class='gallery-icon portrait'>\n\t\t\t\t\t<a class=\"rollover rollover-zoom dt-pswp-item\" title=\"5651b3cd-9d11-41ba-8695-346e8c6c8574\" data-dt-img-description=\"\" data-large_image_width=\"1080\" data-large_image_height=\"1350\"href='https:\/\/www.radiopiu.net\/wordpress\/wp-content\/uploads\/2025\/12\/5651b3cd-9d11-41ba-8695-346e8c6c8574.jpg'><img loading=\"lazy\" decoding=\"async\" width=\"150\" height=\"150\" src=\"https:\/\/www.radiopiu.net\/wordpress\/wp-content\/uploads\/2025\/12\/5651b3cd-9d11-41ba-8695-346e8c6c8574-150x150.jpg\" class=\"attachment-thumbnail size-thumbnail\" alt=\"\" \/><\/a>\n\t\t\t\t<\/dt><\/dl><dl class='gallery-item'>\n\t\t\t\t<dt class='gallery-icon portrait'>\n\t\t\t\t\t<a class=\"rollover rollover-zoom dt-pswp-item\" title=\"NATALE LIMANA locandina definitiva ricorretta 3 dicembre 2025\" data-dt-img-description=\"\" data-large_image_width=\"1080\" data-large_image_height=\"1498\"href='https:\/\/www.radiopiu.net\/wordpress\/wp-content\/uploads\/2025\/12\/NATALE-LIMANA-locandina-definitiva-ricorretta-3-dicembre-2025.jpg'><img loading=\"lazy\" decoding=\"async\" width=\"150\" height=\"150\" src=\"https:\/\/www.radiopiu.net\/wordpress\/wp-content\/uploads\/2025\/12\/NATALE-LIMANA-locandina-definitiva-ricorretta-3-dicembre-2025-150x150.jpg\" class=\"attachment-thumbnail size-thumbnail\" alt=\"\" \/><\/a>\n\t\t\t\t<\/dt><\/dl><br style=\"clear: both\" \/><dl class='gallery-item'>\n\t\t\t\t<dt class='gallery-icon portrait'>\n\t\t\t\t\t<a class=\"rollover rollover-zoom dt-pswp-item\" title=\"JKLBAGBJK\" data-dt-img-description=\"\" data-large_image_width=\"713\" data-large_image_height=\"736\"href='https:\/\/www.radiopiu.net\/wordpress\/wp-content\/uploads\/2025\/12\/JKLBAGBJK.jpg'><img loading=\"lazy\" decoding=\"async\" width=\"150\" height=\"150\" src=\"https:\/\/www.radiopiu.net\/wordpress\/wp-content\/uploads\/2025\/12\/JKLBAGBJK-150x150.jpg\" class=\"attachment-thumbnail size-thumbnail\" alt=\"\" \/><\/a>\n\t\t\t\t<\/dt><\/dl><dl class='gallery-item'>\n\t\t\t\t<dt class='gallery-icon portrait'>\n\t\t\t\t\t<a class=\"rollover rollover-zoom dt-pswp-item\" title=\"IMG-20251129-WA0015\" data-dt-img-description=\"\" data-large_image_width=\"1131\" data-large_image_height=\"1600\"href='https:\/\/www.radiopiu.net\/wordpress\/wp-content\/uploads\/2025\/12\/IMG-20251129-WA0015.jpg'><img loading=\"lazy\" decoding=\"async\" width=\"150\" height=\"150\" src=\"https:\/\/www.radiopiu.net\/wordpress\/wp-content\/uploads\/2025\/12\/IMG-20251129-WA0015-150x150.jpg\" class=\"attachment-thumbnail size-thumbnail\" alt=\"\" \/><\/a>\n\t\t\t\t<\/dt><\/dl><dl class='gallery-item'>\n\t\t\t\t<dt class='gallery-icon portrait'>\n\t\t\t\t\t<a class=\"rollover rollover-zoom dt-pswp-item\" title=\"e1a52110-73a7-4688-9c6b-dd3363125044\" data-dt-img-description=\"\" data-large_image_width=\"1131\" data-large_image_height=\"1600\"href='https:\/\/www.radiopiu.net\/wordpress\/wp-content\/uploads\/2025\/12\/e1a52110-73a7-4688-9c6b-dd3363125044.jpg'><img loading=\"lazy\" decoding=\"async\" width=\"150\" height=\"150\" src=\"https:\/\/www.radiopiu.net\/wordpress\/wp-content\/uploads\/2025\/12\/e1a52110-73a7-4688-9c6b-dd3363125044-150x150.jpg\" class=\"attachment-thumbnail size-thumbnail\" alt=\"\" \/><\/a>\n\t\t\t\t<\/dt><\/dl><dl class='gallery-item'>\n\t\t\t\t<dt class='gallery-icon portrait'>\n\t\t\t\t\t<a class=\"rollover rollover-zoom dt-pswp-item\" title=\"586740953_1283004097175673_3623727418094522816_n\" data-dt-img-description=\"\" data-large_image_width=\"514\" data-large_image_height=\"720\"href='https:\/\/www.radiopiu.net\/wordpress\/wp-content\/uploads\/2025\/11\/586740953_1283004097175673_3623727418094522816_n.jpg'><img loading=\"lazy\" decoding=\"async\" width=\"150\" height=\"150\" src=\"https:\/\/www.radiopiu.net\/wordpress\/wp-content\/uploads\/2025\/11\/586740953_1283004097175673_3623727418094522816_n-150x150.jpg\" class=\"attachment-thumbnail size-thumbnail\" alt=\"\" \/><\/a>\n\t\t\t\t<\/dt><\/dl><br style=\"clear: both\" \/><dl class='gallery-item'>\n\t\t\t\t<dt class='gallery-icon portrait'>\n\t\t\t\t\t<a class=\"rollover rollover-zoom dt-pswp-item\" title=\"584332528_1279625560846860_1524691345192499574_n\" data-dt-img-description=\"\" data-large_image_width=\"417\" data-large_image_height=\"590\"href='https:\/\/www.radiopiu.net\/wordpress\/wp-content\/uploads\/2025\/11\/584332528_1279625560846860_1524691345192499574_n.jpg'><img loading=\"lazy\" decoding=\"async\" width=\"150\" height=\"150\" src=\"https:\/\/www.radiopiu.net\/wordpress\/wp-content\/uploads\/2025\/11\/584332528_1279625560846860_1524691345192499574_n-150x150.jpg\" class=\"attachment-thumbnail size-thumbnail\" alt=\"\" \/><\/a>\n\t\t\t\t<\/dt><\/dl><dl class='gallery-item'>\n\t\t\t\t<dt class='gallery-icon portrait'>\n\t\t\t\t\t<a class=\"rollover rollover-zoom dt-pswp-item\" title=\"Locandina Babbo Natale\" data-dt-img-description=\"\" data-large_image_width=\"1414\" data-large_image_height=\"2000\"href='https:\/\/www.radiopiu.net\/wordpress\/wp-content\/uploads\/2025\/12\/Locandina-Babbo-Natale.jpg'><img loading=\"lazy\" decoding=\"async\" width=\"150\" height=\"150\" src=\"https:\/\/www.radiopiu.net\/wordpress\/wp-content\/uploads\/2025\/12\/Locandina-Babbo-Natale-150x150.jpg\" class=\"attachment-thumbnail size-thumbnail\" alt=\"\" \/><\/a>\n\t\t\t\t<\/dt><\/dl><dl class='gallery-item'>\n\t\t\t\t<dt class='gallery-icon portrait'>\n\t\t\t\t\t<a class=\"rollover rollover-zoom dt-pswp-item\" title=\"Locandina Tombola di Natale\" data-dt-img-description=\"\" data-large_image_width=\"1414\" data-large_image_height=\"2000\"href='https:\/\/www.radiopiu.net\/wordpress\/wp-content\/uploads\/2025\/12\/Locandina-Tombola-di-Natale.jpg'><img loading=\"lazy\" decoding=\"async\" width=\"150\" height=\"150\" src=\"https:\/\/www.radiopiu.net\/wordpress\/wp-content\/uploads\/2025\/12\/Locandina-Tombola-di-Natale-150x150.jpg\" class=\"attachment-thumbnail size-thumbnail\" alt=\"\" \/><\/a>\n\t\t\t\t<\/dt><\/dl><dl class='gallery-item'>\n\t\t\t\t<dt class='gallery-icon portrait'>\n\t\t\t\t\t<a class=\"rollover rollover-zoom dt-pswp-item\" title=\"Locandina Concerto di Natale\" data-dt-img-description=\"\" data-large_image_width=\"1414\" data-large_image_height=\"2000\"href='https:\/\/www.radiopiu.net\/wordpress\/wp-content\/uploads\/2025\/12\/Locandina-Concerto-di-Natale.jpg'><img loading=\"lazy\" decoding=\"async\" width=\"150\" height=\"150\" src=\"https:\/\/www.radiopiu.net\/wordpress\/wp-content\/uploads\/2025\/12\/Locandina-Concerto-di-Natale-150x150.jpg\" class=\"attachment-thumbnail size-thumbnail\" alt=\"\" \/><\/a>\n\t\t\t\t<\/dt><\/dl><br style=\"clear: both\" \/><dl class='gallery-item'>\n\t\t\t\t<dt class='gallery-icon portrait'>\n\t\t\t\t\t<a class=\"rollover rollover-zoom dt-pswp-item\" title=\"Locandina premiazioni presepi\" data-dt-img-description=\"\" data-large_image_width=\"1414\" data-large_image_height=\"2000\"href='https:\/\/www.radiopiu.net\/wordpress\/wp-content\/uploads\/2025\/12\/Locandina-premiazioni-presepi.jpg'><img loading=\"lazy\" decoding=\"async\" width=\"150\" height=\"150\" src=\"https:\/\/www.radiopiu.net\/wordpress\/wp-content\/uploads\/2025\/12\/Locandina-premiazioni-presepi-150x150.jpg\" class=\"attachment-thumbnail size-thumbnail\" alt=\"\" \/><\/a>\n\t\t\t\t<\/dt><\/dl>\n\t\t\t\t<br style='clear: both' \/>\n\t\t\t<\/div>\n\n<p>&nbsp;<\/p>\n<p>&nbsp;<\/p>\n<hr \/>\n<p>&nbsp;<\/p>\n<p class=\"mceTemp\"><a class=\"dt-pswp-item\" href=\"https:\/\/www.radiopiu.net\/wordpress\/wp-content\/uploads\/2018\/09\/WhatsApp-Image-2018-09-20-at-16.04.06.jpeg\" data-dt-img-description=\"\" data-large_image_width=\"800\" data-large_image_height=\"100\"><img loading=\"lazy\" decoding=\"async\" class=\"wp-image-61378 size-full aligncenter\" src=\"https:\/\/www.radiopiu.net\/wordpress\/wp-content\/uploads\/2018\/09\/WhatsApp-Image-2018-09-20-at-16.04.06.jpeg\" alt=\"\" width=\"800\" height=\"100\" srcset=\"https:\/\/www.radiopiu.net\/wordpress\/wp-content\/uploads\/2018\/09\/WhatsApp-Image-2018-09-20-at-16.04.06.jpeg 800w, https:\/\/www.radiopiu.net\/wordpress\/wp-content\/uploads\/2018\/09\/WhatsApp-Image-2018-09-20-at-16.04.06-300x38.jpeg 300w, https:\/\/www.radiopiu.net\/wordpress\/wp-content\/uploads\/2018\/09\/WhatsApp-Image-2018-09-20-at-16.04.06-768x96.jpeg 768w\" sizes=\"auto, (max-width: 800px) 100vw, 800px\" \/><\/a><\/p>\n<p>&nbsp;<\/p>\n<p><center><b>OGGI<\/b><\/center>Tempo variabile; tra la notte e le prime ore del mattino in genere nuvoloso o parzialmente nuvoloso per l&#8217;arrivo di nubi medio-alte ad iniziare dai settori prealpini occidentali in estensione in mattinata anche al Bellunese, mentre nel corso del pomeriggio il cielo tender\u00e0 a divenire molto nuvoloso ovunque fino a coperto dopo il tramonto.<br \/>\n<b>Precipitazioni: <\/b>Sulle Dolomiti fino al tardo pomeriggio generalmente assenti, mentre verso sera sar\u00e0 possibilequalche debole precipitazione e fiocco di neve oltre i 1500-1700 m. Dal pomeriggio\/sera saranno pi\u00f9 probabili ma ancora di modesta entit\u00e0<br \/>\n<b>Temperature: <\/b>Minime stazionarie o in lieve aumento nelle valli, in diminuzione in alta montagna dove saranno misurate a fine giornata; massime in generale diminuzione specie in alta montagna; attenuazione del fenomeno dell&#8217;inversione termica.<\/p>\n<hr \/>\n<p><center><b>DOMANI<\/b><\/center>Tempo variabile a tratti instabile con presenza di molta nuvolosit\u00e0, associata a modesti fenomeni.<br \/>\n<b>Precipitazioni: <\/b>Probabili precipitazioni a carattere intermittente da sparse a diffuse e in prevalenza di debole intensit\u00e0; la quota delle modeste nevicate sar\u00e0 oltre i 1500-1700 m sulle Dolomiti, leggermente inferiori a tali quote tra la notte e le prime ore del mattino e alla sera.<br \/>\n<b>Temperature: <\/b>Minime in lieve o contenuto aumento specie nelle valli salvo qualche lieve calo in quota, massime senza notevoli variazioni o in lieve diminuzione soprattutto nelle valli<\/p>\n<hr \/>\n<p><center><b>GIOVEDI<\/b><\/center>Salvo delle residue e deboli precipitazioni tra la notte e l&#8217;alba, eventualmente nevose oltre i 1500-1800 m, tempo pi\u00f9 stabile e pi\u00f9 soleggiato rispetto a mercoled\u00ec soprattutto in alta montagna mentre in molte valli e altipiani il sole sar\u00e0 in parte disturbato dalla presenza di nubi medio basse specie nella mattinata ma con fenomeni assenti. Temperature in calo le minime, in contenuto aumento le massime.<\/p>\n<hr \/>\n<p><center><b>VENERDI<\/b><\/center>Tempo stabile e soleggiato, salvo formazioni di nubi basse e di banchi di nebbie tra la notte e l&#8217;alba in alcune valli, in lento dissolvimento dopo l&#8217;alba. Temperature minime nelle valli in ulteriore calo, in lieve o contenuto aumento in alta montagna con lieve ripresa del fenomeno dell&#8217;inversione termica, massime in ulteriore lieve aumento a tutte le quote<\/p>\n<p>&nbsp;<\/p>\n<p>&nbsp;<\/p>\n<hr \/>\n<p>&nbsp;<\/p>\n<p class=\"mceTemp\"><a class=\"dt-pswp-item\" href=\"https:\/\/www.radiopiu.net\/wordpress\/wp-content\/uploads\/2018\/09\/sport.jpg\" data-dt-img-description=\"\" data-large_image_width=\"800\" data-large_image_height=\"100\"><img loading=\"lazy\" decoding=\"async\" class=\"aligncenter wp-image-60761 size-full\" src=\"https:\/\/www.radiopiu.net\/wordpress\/wp-content\/uploads\/2018\/09\/sport.jpg\" alt=\"\" width=\"800\" height=\"100\" srcset=\"https:\/\/www.radiopiu.net\/wordpress\/wp-content\/uploads\/2018\/09\/sport.jpg 800w, https:\/\/www.radiopiu.net\/wordpress\/wp-content\/uploads\/2018\/09\/sport-300x38.jpg 300w, https:\/\/www.radiopiu.net\/wordpress\/wp-content\/uploads\/2018\/09\/sport-768x96.jpg 768w\" sizes=\"auto, (max-width: 800px) 100vw, 800px\" \/> <\/a><\/p>\n<p>&nbsp;<\/p>\n<p><strong><span style=\"color: #0000ff;\">HOCKEY SU GHIACCIO<\/span><\/strong><\/p>\n<blockquote>\n<h3>GRANDE RIMONTA DEL HC CANALE CHE BATTE IL PINE&#8217; DI MISURA<\/h3>\n<\/blockquote>\n<p><strong><a class=\"dt-pswp-item\" href=\"https:\/\/www.radiopiu.net\/wordpress\/wp-content\/uploads\/2025\/10\/alpin-hockey-cup.jpg\" data-dt-img-description=\"\" data-large_image_width=\"1179\" data-large_image_height=\"644\"><img loading=\"lazy\" decoding=\"async\" class=\" wp-image-475559 alignleft\" src=\"https:\/\/www.radiopiu.net\/wordpress\/wp-content\/uploads\/2025\/10\/alpin-hockey-cup-300x164.jpg\" alt=\"\" width=\"205\" height=\"112\" srcset=\"https:\/\/www.radiopiu.net\/wordpress\/wp-content\/uploads\/2025\/10\/alpin-hockey-cup-300x164.jpg 300w, https:\/\/www.radiopiu.net\/wordpress\/wp-content\/uploads\/2025\/10\/alpin-hockey-cup-1024x559.jpg 1024w, https:\/\/www.radiopiu.net\/wordpress\/wp-content\/uploads\/2025\/10\/alpin-hockey-cup-768x420.jpg 768w, https:\/\/www.radiopiu.net\/wordpress\/wp-content\/uploads\/2025\/10\/alpin-hockey-cup.jpg 1179w\" sizes=\"auto, (max-width: 205px) 100vw, 205px\" \/><\/a>PINE&#8217; &#8211; HC CANALE 2-3<\/strong><\/p>\n<p>Successo di prestigio per l\u2019HC Canale che espugna Pergine superando il Pin\u00e8 per 3-2 nello scontro diretto tra seconda e terza in classifica della AHC. Avvio intenso e giocato a viso aperto, con il Pin\u00e8 che sblocca il risultato a fine primo tempo grazie al tap-in di Ossemer dopo un\u2019azione avviata da Gottardi. Nel secondo periodo i padroni di casa raddoppiano con Tecilla, ancora su assist di Gottardi. L\u2019infortunio di Mazzarol costringe coach Ramazzina a rivedere le linee e il Canale accorcia con Vattai, bravo a finalizzare un contropiede orchestrato da Delazer. Nella terza frazione gli agordini alzano il ritmo e trovano il pari con una conclusione dalla blu di Mirco Tancon. A meno di due minuti dal termine \u00e8 Moretti a firmare il gol vittoria. Prossimo impegno domenica 21 a Pieve di Cadore.<\/p>\n<p>&nbsp;<\/p>\n<p><span style=\"color: #0000ff;\"><strong>NUOTO<\/strong><\/span><\/p>\n<blockquote>\n<h3>ATTIVAMENTE AGORDINO PROTAGONISTA AL CAMPIONATO PROVINCIALE SWIM TEEN<\/h3>\n<\/blockquote>\n<p><strong><a class=\"dt-pswp-item\" href=\"https:\/\/www.radiopiu.net\/wordpress\/wp-content\/uploads\/2025\/12\/0bb4b0ea-49b5-440b-a565-60ea603399ba.jpg\" data-dt-img-description=\"\" data-large_image_width=\"1600\" data-large_image_height=\"900\"><img loading=\"lazy\" decoding=\"async\" class=\" wp-image-486063 alignleft\" src=\"https:\/\/www.radiopiu.net\/wordpress\/wp-content\/uploads\/2025\/12\/0bb4b0ea-49b5-440b-a565-60ea603399ba-300x169.jpg\" alt=\"\" width=\"233\" height=\"131\" srcset=\"https:\/\/www.radiopiu.net\/wordpress\/wp-content\/uploads\/2025\/12\/0bb4b0ea-49b5-440b-a565-60ea603399ba-300x169.jpg 300w, https:\/\/www.radiopiu.net\/wordpress\/wp-content\/uploads\/2025\/12\/0bb4b0ea-49b5-440b-a565-60ea603399ba-1024x576.jpg 1024w, https:\/\/www.radiopiu.net\/wordpress\/wp-content\/uploads\/2025\/12\/0bb4b0ea-49b5-440b-a565-60ea603399ba-768x432.jpg 768w, https:\/\/www.radiopiu.net\/wordpress\/wp-content\/uploads\/2025\/12\/0bb4b0ea-49b5-440b-a565-60ea603399ba-1536x864.jpg 1536w, https:\/\/www.radiopiu.net\/wordpress\/wp-content\/uploads\/2025\/12\/0bb4b0ea-49b5-440b-a565-60ea603399ba.jpg 1600w\" sizes=\"auto, (max-width: 233px) 100vw, 233px\" \/><\/a>AGORDO <\/strong>Si \u00e8 svolta domenica 14 dicembre ad Agordo la prima giornata del Campionato Provinciale Swim Teen, riservato ai ragazzi delle scuole medie inferiori e superiori. La manifestazione ha visto la partecipazione di oltre 150 atleti, confermandosi un importante appuntamento sportivo a livello provinciale. Oltre alla squadra di casa Attivamente Agordino, erano presenti le societ\u00e0 Sportivamente Belluno, Ondablu, Dolomiti Nuoto, Swim Project e Sporting Club Lessinia. Ottimi i risultati ottenuti dagli atleti di Attivamente Agordino, che hanno fatto registrare tempi di rilievo e dimostrato grande impegno e preparazione. Il bottino finale parla di 11 medaglie d\u2019oro, 8 d\u2019argento e 6 di bronzo, conquistate da Marta Masoch, Cosimo Di Chiera, Alessio Savio, Martino De Toffol, Alessia Scussel, Dalia Fadig\u00e0, Livia Ren, Ilenia Venialetti, Nicola Bernardi, Rebecca Buxai, Ginevra Longo, Omar Soppelsa, Samuele Zasso Cucchini, Nicola Fadig\u00e0, Marco Cadorin, Fabio Deon, Giulia Carlin, Marta Chiea e Giulia Carrera. Gli allenamenti proseguiranno fino alle festivit\u00e0 natalizie per poi riprendere dopo l\u2019Epifania, in vista della seconda giornata del campionato.<\/p>\n<p>&nbsp;<\/p>\n","protected":false},"excerpt":{"rendered":"<p>******** &nbsp; LA NUOVA\u00a0 APP \u00a0 LA\u00a0 APP PER IOS-IPHONE di Nicola Vettorello https:\/\/apps.apple.com\/it\/app\/radio-pi%C3%B9-emittente-agordina\/id1515939845 LA\u00a0 APP RADIO\u00a0 PER ANDROID di Nicola Vettorello https:\/\/play.google.com\/store\/apps\/details?id=net.radiopiu.iniko\u00a0\u00a0\u00a0\u00a0\u00a0 &nbsp; &nbsp; &nbsp; &nbsp; OGGI SU RADIOPI\u00d9:\u00a0MUSICA, informazione\u00a0\u00a0e dirette\u00a0\u00a0 ALLE 8.05 LA RASSEGNA STAMPA LOCALE 8.25 PIU SIAMO\u2026. DI MARINA DONA\u2019\u00a0 940 OGGI COME IERI CON SILVIA BALDO 9.50\u00a0 SPECIALE OLIMPIADI, RUBRICA&hellip;<\/p>\n","protected":false},"author":4,"featured_media":486179,"comment_status":"closed","ping_status":"closed","sticky":false,"template":"","format":"standard","meta":{"_monsterinsights_skip_tracking":false,"_monsterinsights_sitenote_active":false,"_monsterinsights_sitenote_note":"","_monsterinsights_sitenote_category":0,"footnotes":""},"categories":[51,86,49],"tags":[],"class_list":["post-485942","post","type-post","status-publish","format-standard","has-post-thumbnail","hentry","category-evidenza-top","category-gr","category-news-18","category-51","category-86","category-49","description-off"],"img_url":"https:\/\/www.radiopiu.net\/wordpress\/wp-content\/uploads\/2025\/12\/Screenshot-2025-12-16-051845.png","_links":{"self":[{"href":"https:\/\/www.radiopiu.net\/wordpress\/wp-json\/wp\/v2\/posts\/485942","targetHints":{"allow":["GET"]}}],"collection":[{"href":"https:\/\/www.radiopiu.net\/wordpress\/wp-json\/wp\/v2\/posts"}],"about":[{"href":"https:\/\/www.radiopiu.net\/wordpress\/wp-json\/wp\/v2\/types\/post"}],"author":[{"embeddable":true,"href":"https:\/\/www.radiopiu.net\/wordpress\/wp-json\/wp\/v2\/users\/4"}],"replies":[{"embeddable":true,"href":"https:\/\/www.radiopiu.net\/wordpress\/wp-json\/wp\/v2\/comments?post=485942"}],"version-history":[{"count":39,"href":"https:\/\/www.radiopiu.net\/wordpress\/wp-json\/wp\/v2\/posts\/485942\/revisions"}],"predecessor-version":[{"id":486234,"href":"https:\/\/www.radiopiu.net\/wordpress\/wp-json\/wp\/v2\/posts\/485942\/revisions\/486234"}],"wp:featuredmedia":[{"embeddable":true,"href":"https:\/\/www.radiopiu.net\/wordpress\/wp-json\/wp\/v2\/media\/486179"}],"wp:attachment":[{"href":"https:\/\/www.radiopiu.net\/wordpress\/wp-json\/wp\/v2\/media?parent=485942"}],"wp:term":[{"taxonomy":"category","embeddable":true,"href":"https:\/\/www.radiopiu.net\/wordpress\/wp-json\/wp\/v2\/categories?post=485942"},{"taxonomy":"post_tag","embeddable":true,"href":"https:\/\/www.radiopiu.net\/wordpress\/wp-json\/wp\/v2\/tags?post=485942"}],"curies":[{"name":"wp","href":"https:\/\/api.w.org\/{rel}","templated":true}]}}