{"id":485980,"date":"2025-12-15T07:47:49","date_gmt":"2025-12-15T06:47:49","guid":{"rendered":"https:\/\/www.radiopiu.net\/wordpress\/?p=485980"},"modified":"2025-12-15T07:47:49","modified_gmt":"2025-12-15T06:47:49","slug":"natale-per-tutti-mountain-edition-inclusione-sulla-neve-ad-alleghe","status":"publish","type":"post","link":"https:\/\/www.radiopiu.net\/wordpress\/natale-per-tutti-mountain-edition-inclusione-sulla-neve-ad-alleghe\/","title":{"rendered":"NATALE PER TUTTI \u2013 MOUNTAIN EDITION: INCLUSIONE SULLA NEVE AD ALLEGHE"},"content":{"rendered":"<p>***<\/p>\n<p data-start=\"75\" data-end=\"370\"><a class=\"dt-pswp-item\" href=\"https:\/\/www.radiopiu.net\/wordpress\/wp-content\/uploads\/2025\/12\/Screenshot-2025-12-15-074710.png\" data-dt-img-description=\"\" data-large_image_width=\"1107\" data-large_image_height=\"441\"><img loading=\"lazy\" decoding=\"async\" class=\" wp-image-485981 alignleft\" src=\"https:\/\/www.radiopiu.net\/wordpress\/wp-content\/uploads\/2025\/12\/Screenshot-2025-12-15-074710-300x120.png\" alt=\"\" width=\"263\" height=\"105\" srcset=\"https:\/\/www.radiopiu.net\/wordpress\/wp-content\/uploads\/2025\/12\/Screenshot-2025-12-15-074710-300x120.png 300w, https:\/\/www.radiopiu.net\/wordpress\/wp-content\/uploads\/2025\/12\/Screenshot-2025-12-15-074710-1024x408.png 1024w, https:\/\/www.radiopiu.net\/wordpress\/wp-content\/uploads\/2025\/12\/Screenshot-2025-12-15-074710-768x306.png 768w, https:\/\/www.radiopiu.net\/wordpress\/wp-content\/uploads\/2025\/12\/Screenshot-2025-12-15-074710.png 1107w\" sizes=\"auto, (max-width: 263px) 100vw, 263px\" \/><\/a>Da domani\u00a0 a giovedi torna \u201cNatale per Tutti \u2013 Mountain Edition\u201d, l\u2019evento sulla neve che unisce spirito natalizio e inclusivit\u00e0 nella cornice delle Dolomiti. Per il secondo anno consecutivo, Alleghe ai Piani di Pezz\u00e8 ospiter\u00e0 un\u2019esperienza pensata per regalare emozioni e condivisione a tutti. Saranno 350 i beneficiari coinvolti, provenienti da 20 centri, associazioni e cooperative del Veneto: persone con disabilit\u00e0 insieme ad amici, familiari ed educatori, pronti a vivere tre giorni di festa sulla neve. Grazie a strutture accessibili e a un\u2019organizzazione attenta, ogni attivit\u00e0 \u00e8 progettata per essere fruibile in sicurezza e senza barriere. Il programma prevede motoslitte, snow bike, slittino, giri in cabinovia, pranzo in rifugio, animazione, battaglie di palle di neve e l\u2019immancabile visita di Babbo Natale con i suoi elfi. Un\u2019occasione per vivere l\u2019inverno in modo attivo e partecipato. L\u2019obiettivo dell\u2019iniziativa \u00e8 promuovere benessere, autonomia e inclusione, offrendo esperienze autentiche nel segno della normalit\u00e0 e della condivisione. L\u2019evento \u00e8 promosso dalla realt\u00e0 non profit CROSSabili by Mattia Cattapan insieme ad Alvaro Dal Farra, pilota di fama internazionale da sempre impegnato nel sociale.<\/p>\n<p>___<\/p>\n","protected":false},"excerpt":{"rendered":"<p>*** Da domani\u00a0 a giovedi torna \u201cNatale per Tutti \u2013 Mountain Edition\u201d, l\u2019evento sulla neve che unisce spirito natalizio e inclusivit\u00e0 nella cornice delle Dolomiti. Per il secondo anno consecutivo, Alleghe ai Piani di Pezz\u00e8 ospiter\u00e0 un\u2019esperienza pensata per regalare emozioni e condivisione a tutti. Saranno 350 i beneficiari coinvolti, provenienti da 20 centri, associazioni&hellip;<\/p>\n","protected":false},"author":4,"featured_media":485982,"comment_status":"closed","ping_status":"closed","sticky":false,"template":"","format":"standard","meta":{"_monsterinsights_skip_tracking":false,"_monsterinsights_sitenote_active":false,"_monsterinsights_sitenote_note":"","_monsterinsights_sitenote_category":0,"footnotes":""},"categories":[49],"tags":[],"class_list":["post-485980","post","type-post","status-publish","format-standard","has-post-thumbnail","hentry","category-news-18","category-49","description-off"],"img_url":"https:\/\/www.radiopiu.net\/wordpress\/wp-content\/uploads\/2025\/12\/Screenshot-2025-12-15-074735.png","_links":{"self":[{"href":"https:\/\/www.radiopiu.net\/wordpress\/wp-json\/wp\/v2\/posts\/485980","targetHints":{"allow":["GET"]}}],"collection":[{"href":"https:\/\/www.radiopiu.net\/wordpress\/wp-json\/wp\/v2\/posts"}],"about":[{"href":"https:\/\/www.radiopiu.net\/wordpress\/wp-json\/wp\/v2\/types\/post"}],"author":[{"embeddable":true,"href":"https:\/\/www.radiopiu.net\/wordpress\/wp-json\/wp\/v2\/users\/4"}],"replies":[{"embeddable":true,"href":"https:\/\/www.radiopiu.net\/wordpress\/wp-json\/wp\/v2\/comments?post=485980"}],"version-history":[{"count":1,"href":"https:\/\/www.radiopiu.net\/wordpress\/wp-json\/wp\/v2\/posts\/485980\/revisions"}],"predecessor-version":[{"id":485983,"href":"https:\/\/www.radiopiu.net\/wordpress\/wp-json\/wp\/v2\/posts\/485980\/revisions\/485983"}],"wp:featuredmedia":[{"embeddable":true,"href":"https:\/\/www.radiopiu.net\/wordpress\/wp-json\/wp\/v2\/media\/485982"}],"wp:attachment":[{"href":"https:\/\/www.radiopiu.net\/wordpress\/wp-json\/wp\/v2\/media?parent=485980"}],"wp:term":[{"taxonomy":"category","embeddable":true,"href":"https:\/\/www.radiopiu.net\/wordpress\/wp-json\/wp\/v2\/categories?post=485980"},{"taxonomy":"post_tag","embeddable":true,"href":"https:\/\/www.radiopiu.net\/wordpress\/wp-json\/wp\/v2\/tags?post=485980"}],"curies":[{"name":"wp","href":"https:\/\/api.w.org\/{rel}","templated":true}]}}