{"id":486128,"date":"2025-12-16T05:41:53","date_gmt":"2025-12-16T04:41:53","guid":{"rendered":"https:\/\/www.radiopiu.net\/wordpress\/?p=486128"},"modified":"2025-12-16T05:55:40","modified_gmt":"2025-12-16T04:55:40","slug":"vertenza-hydro-feltre-e-attesa-per-il-tavolo-regionale","status":"publish","type":"post","link":"https:\/\/www.radiopiu.net\/wordpress\/vertenza-hydro-feltre-e-attesa-per-il-tavolo-regionale\/","title":{"rendered":"VERTENZA HYDRO FELTRE: \u00c8 ATTESA PER IL TAVOLO REGIONALE"},"content":{"rendered":"<p>*********<\/p>\n<p>&nbsp;<\/p>\n<p><strong><a class=\"dt-pswp-item\" href=\"https:\/\/www.radiopiu.net\/wordpress\/wp-content\/uploads\/2025\/12\/Fusaro-con-lavoratori-Hydro.jpg\" data-dt-img-description=\"\" data-large_image_width=\"1440\" data-large_image_height=\"1080\"><img loading=\"lazy\" decoding=\"async\" class=\" wp-image-486129 alignleft\" src=\"https:\/\/www.radiopiu.net\/wordpress\/wp-content\/uploads\/2025\/12\/Fusaro-con-lavoratori-Hydro-300x225.jpg\" alt=\"\" width=\"204\" height=\"153\" srcset=\"https:\/\/www.radiopiu.net\/wordpress\/wp-content\/uploads\/2025\/12\/Fusaro-con-lavoratori-Hydro-300x225.jpg 300w, https:\/\/www.radiopiu.net\/wordpress\/wp-content\/uploads\/2025\/12\/Fusaro-con-lavoratori-Hydro-1024x768.jpg 1024w, https:\/\/www.radiopiu.net\/wordpress\/wp-content\/uploads\/2025\/12\/Fusaro-con-lavoratori-Hydro-768x576.jpg 768w, https:\/\/www.radiopiu.net\/wordpress\/wp-content\/uploads\/2025\/12\/Fusaro-con-lavoratori-Hydro.jpg 1440w\" sizes=\"auto, (max-width: 204px) 100vw, 204px\" \/><\/a>DI ALESSIA DALL&#8217;O&#8217;<\/strong><\/p>\n<p><strong>FELTRE <\/strong>Feltre resta con il fiato sospeso alla vigilia del tavolo convocato dalla Regione Veneto per domani, marted\u00ec 16 dicembre, nella sede di Veneto Lavoro a Mestre. Al centro del confronto, la vertenza Hydro Extrusions e il futuro dello stabilimento feltrino, da decenni parte integrante del tessuto produttivo cittadino. A ribadire la posizione dell\u2019amministrazione comunale \u00e8 la sindaco di Feltre, Viviana Fusaro, che in una nota sottolinea con forza l\u2019impegno delle istituzioni locali a tutela dei lavoratori: \u00ab<em>L\u2019auspicio \u00e8 che l\u2019azienda non avvii alcuna procedura di licenziamento collettivo prima di aver esplorato fino in fondo ogni possibile alternativa, che potrebbe passare anche per la cessione dell\u2019azienda a terzi<\/em>\u00bb. Netto il taglio del discorso, che da sempre, dal tessuto amministrativo mette al centro le persone coinvolte dalla crisi: 115 lavoratori diretti e altri 35 impiegati tramite appalto. <em>\u00abDietro questi numeri ci sono persone, famiglie, storie di vita e di lavoro che non possono essere liquidate come una semplice voce di bilancio\u00bb<\/em>. conclude Fusaro. La vicenda ha avuto un\u2019accelerazione lo scorso novembre, quando Hydro Extrusions ha annunciato improvvisamente, tramite un comunicato stampa, la volont\u00e0 di avviare la fase consultiva per la riorganizzazione di diversi stabilimenti, tra cui quello di Feltre. Una decisione che ha suscitato immediate reazioni sul territorio. Fin da subito la sindaco e gli assessori hanno manifestato il proprio dissenso rispetto all\u2019ipotesi di chiusura di un\u2019azienda storica, presente da decenni in citt\u00e0 e punto di riferimento occupazionale per molte famiglie. Nei giorni successivi all\u2019annuncio, la prima cittadina aveva anche partecipato al presidio dei lavoratori, portando la solidariet\u00e0 dell\u2019amministrazione comunale: <em>\u00abIl territorio e la nostra comunit\u00e0 hanno dato tanto a questa azienda e ora noi faremo tutto quanto possibile per salvare i posti di lavoro<\/em>\u00bb, aveva dichiarato. Guardando all\u2019appuntamento di Mestre, Fusaro sottolinea come la partita in gioco vada oltre l\u2019emergenza immediata. \u00ab<em>Riguarda non solo il presente, ma soprattutto il futuro di Feltre. Hydro rappresenta un pezzo importante della storia industriale della nostra citt\u00e0: generazioni di lavoratori hanno costruito qui il proprio futuro, contribuendo allo sviluppo dell\u2019azienda e ai risultati economici che ne sono derivati<\/em>\u00bb. Un patrimonio umano e professionale che, secondo Fusaro, deve essere difeso dall\u2019intero territorio, con il coinvolgimento della politica regionale e nazionale, confermando la propria presenza al tavolo regionale e affidando un ruolo chiave alle istituzioni: \u00ab<em>Confidiamo nel supporto della Regione Veneto, dell\u2019assessore regionale al lavoro e dei rappresentanti poli<\/em>t<em>ici a tutti i livelli, in particolare dell\u2019assessore Dario Bond, che conosce bene il tessuto bellunese e feltrino<\/em>\u00bb. L\u2019obiettivo \u00e8 mantenere alta l\u2019attenzione e accompagnare la ricerca di soluzioni alternative ai licenziamenti. \u00ab<em>Da parte nostra faremo tutto ci\u00f2 che \u00e8 nelle nostre possibilit\u00e0, e anche oltre. \u00c8 una responsabilit\u00e0 che sentiamo fino in fondo<\/em>\u00bb chiude la sindaco.<br \/>\nDomani nuovi aggiornamenti sulla questione Hydro Feltre al termine del tavolo di lavoro.<\/p>\n<p>&nbsp;<\/p>\n<p>&nbsp;<\/p>\n<p>&nbsp;<\/p>\n<p>&nbsp;<\/p>\n<p>********<\/p>\n","protected":false},"excerpt":{"rendered":"<p>********* &nbsp; DI ALESSIA DALL&#8217;O&#8217; FELTRE Feltre resta con il fiato sospeso alla vigilia del tavolo convocato dalla Regione Veneto per domani, marted\u00ec 16 dicembre, nella sede di Veneto Lavoro a Mestre. Al centro del confronto, la vertenza Hydro Extrusions e il futuro dello stabilimento feltrino, da decenni parte integrante del tessuto produttivo cittadino. A&hellip;<\/p>\n","protected":false},"author":4,"featured_media":486129,"comment_status":"closed","ping_status":"closed","sticky":false,"template":"","format":"standard","meta":{"_monsterinsights_skip_tracking":false,"_monsterinsights_sitenote_active":false,"_monsterinsights_sitenote_note":"","_monsterinsights_sitenote_category":0,"footnotes":""},"categories":[51,49],"tags":[],"class_list":["post-486128","post","type-post","status-publish","format-standard","has-post-thumbnail","hentry","category-evidenza-top","category-news-18","category-51","category-49","description-off"],"img_url":"https:\/\/www.radiopiu.net\/wordpress\/wp-content\/uploads\/2025\/12\/Fusaro-con-lavoratori-Hydro.jpg","_links":{"self":[{"href":"https:\/\/www.radiopiu.net\/wordpress\/wp-json\/wp\/v2\/posts\/486128","targetHints":{"allow":["GET"]}}],"collection":[{"href":"https:\/\/www.radiopiu.net\/wordpress\/wp-json\/wp\/v2\/posts"}],"about":[{"href":"https:\/\/www.radiopiu.net\/wordpress\/wp-json\/wp\/v2\/types\/post"}],"author":[{"embeddable":true,"href":"https:\/\/www.radiopiu.net\/wordpress\/wp-json\/wp\/v2\/users\/4"}],"replies":[{"embeddable":true,"href":"https:\/\/www.radiopiu.net\/wordpress\/wp-json\/wp\/v2\/comments?post=486128"}],"version-history":[{"count":1,"href":"https:\/\/www.radiopiu.net\/wordpress\/wp-json\/wp\/v2\/posts\/486128\/revisions"}],"predecessor-version":[{"id":486130,"href":"https:\/\/www.radiopiu.net\/wordpress\/wp-json\/wp\/v2\/posts\/486128\/revisions\/486130"}],"wp:featuredmedia":[{"embeddable":true,"href":"https:\/\/www.radiopiu.net\/wordpress\/wp-json\/wp\/v2\/media\/486129"}],"wp:attachment":[{"href":"https:\/\/www.radiopiu.net\/wordpress\/wp-json\/wp\/v2\/media?parent=486128"}],"wp:term":[{"taxonomy":"category","embeddable":true,"href":"https:\/\/www.radiopiu.net\/wordpress\/wp-json\/wp\/v2\/categories?post=486128"},{"taxonomy":"post_tag","embeddable":true,"href":"https:\/\/www.radiopiu.net\/wordpress\/wp-json\/wp\/v2\/tags?post=486128"}],"curies":[{"name":"wp","href":"https:\/\/api.w.org\/{rel}","templated":true}]}}