{"id":486149,"date":"2025-12-15T19:54:24","date_gmt":"2025-12-15T18:54:24","guid":{"rendered":"https:\/\/www.radiopiu.net\/wordpress\/?p=486149"},"modified":"2025-12-15T19:54:24","modified_gmt":"2025-12-15T18:54:24","slug":"anche-il-piu-piccolo-puo-diventare-un-grande-eroe-pollicino-show-arriva-al-buzzati-con-tib-teatro","status":"publish","type":"post","link":"https:\/\/www.radiopiu.net\/wordpress\/anche-il-piu-piccolo-puo-diventare-un-grande-eroe-pollicino-show-arriva-al-buzzati-con-tib-teatro\/","title":{"rendered":"ANCHE IL PI\u00d9 PICCOLO PU\u00d2 DIVENTARE UN GRANDE EROE: POLLICINO SHOW ARRIVA AL BUZZATI CON TIB TEATRO"},"content":{"rendered":"<p>**********<\/p>\n<p>&nbsp;<\/p>\n<p><strong><a class=\"dt-pswp-item\" href=\"https:\/\/www.radiopiu.net\/wordpress\/wp-content\/uploads\/2025\/12\/f2_POLLICINO-SHOW-1.jpg\" data-dt-img-description=\"\" data-large_image_width=\"1157\" data-large_image_height=\"1544\"><img loading=\"lazy\" decoding=\"async\" class=\" wp-image-486150 alignleft\" src=\"https:\/\/www.radiopiu.net\/wordpress\/wp-content\/uploads\/2025\/12\/f2_POLLICINO-SHOW-1-225x300.jpg\" alt=\"\" width=\"145\" height=\"193\" srcset=\"https:\/\/www.radiopiu.net\/wordpress\/wp-content\/uploads\/2025\/12\/f2_POLLICINO-SHOW-1-225x300.jpg 225w, https:\/\/www.radiopiu.net\/wordpress\/wp-content\/uploads\/2025\/12\/f2_POLLICINO-SHOW-1-767x1024.jpg 767w, https:\/\/www.radiopiu.net\/wordpress\/wp-content\/uploads\/2025\/12\/f2_POLLICINO-SHOW-1-768x1025.jpg 768w, https:\/\/www.radiopiu.net\/wordpress\/wp-content\/uploads\/2025\/12\/f2_POLLICINO-SHOW-1-1151x1536.jpg 1151w, https:\/\/www.radiopiu.net\/wordpress\/wp-content\/uploads\/2025\/12\/f2_POLLICINO-SHOW-1.jpg 1157w\" sizes=\"auto, (max-width: 145px) 100vw, 145px\" \/><\/a>DI ALESSIA DALL&#8217;O&#8217;<\/strong><\/p>\n<p><strong>BELLUNO<\/strong> Dopo il tutto esaurito che ha inaugurato la stagione, \u201cComincio dai 3\u201d torna al Teatro Dino Buzzati di Belluno con un secondo appuntamento pensato per incantare ancora una volta bambini e famiglie. La Stagione di Teatro per le nuove generazioni, giunta alla sua trentatreesima edizione, \u00e8 realizzata da TIB Teatro con la direzione artistica di Daniela Nicosia e Vassilij Gianmaria Mangheras, in collaborazione con Fondazione Teatri delle Dolomiti e Comune di Belluno, con il sostegno del Ministero della Cultura, della Regione del Veneto e di Rete Eventi della Provincia di Belluno. Domenica 21 dicembre, alle ore 17.00, il palcoscenico del Buzzati ospiter\u00e0 il secondo atto con \u201cPollicino Show\u201d, spettacolo firmato da Gruppo Ibrido e Artemis Danza, in collaborazione con Compagnia Pietribiasi Tedeschi. Una rilettura contemporanea della celebre fiaba, affidata al linguaggio del teatro-danza, che promette di sorprendere e coinvolgere spettatori di ogni et\u00e0. Con <em>Pollicino Show<\/em>, \u201cComincio dai 3\u201d conferma la preannunciata e riconosciuta sua vocazione: offrire alle nuove generazioni un teatro di qualit\u00e0, che sappia parlare al presente e lasciare un segno. Come ricorda la storia di Pollicino, anche il pi\u00f9 piccolo pu\u00f2 diventare un grande eroe. Lo spettacolo \u00e8 diretto da Cinzia Pietribiasi e interpretato da Davide Tagliavini, ed ha gi\u00e0 conquistato pubblico e critica a livello nazionale: finalista In-Box Verde, ha superato le 40 repliche in tutta Italia, confermandosi come una delle proposte pi\u00f9 apprezzate del teatro ragazzi contemporaneo. Al centro della scena c\u2019\u00e8 Pollicino, piccolo di statura ma grande d\u2019ingegno. Figlio di una famiglia poverissima, costretto insieme ai fratelli ad affrontare l\u2019abbandono e i pericoli del bosco, il giovane protagonista trova nell\u2019astuzia, nell\u2019immaginazione e nel coraggio la forza per ribaltare il proprio destino. Un viaggio iniziatico che parla ai bambini, ma anche agli adulti, attraverso temi universali come la paura, la resilienza e la speranza. La forza dello spettacolo risiede in una messa in scena ricca e stratificata: coreografie dinamiche, video, illustrazioni animate, teatro d\u2019ombre e una colonna sonora costruita su grandi classici si fondono in un racconto visivo e poetico, capace di divertire, emozionare e far sognare. Un linguaggio contemporaneo che rinnova la fiaba senza tradirne l\u2019essenza e che attende di incantare i pi\u00f9 piccoli bellunesi poco prima della pausa natalizia.<\/p>\n<p>&nbsp;<\/p>\n<p>&nbsp;<\/p>\n<p>&nbsp;<\/p>\n<p>&nbsp;<\/p>\n<p>***********<\/p>\n","protected":false},"excerpt":{"rendered":"<p>********** &nbsp; DI ALESSIA DALL&#8217;O&#8217; BELLUNO Dopo il tutto esaurito che ha inaugurato la stagione, \u201cComincio dai 3\u201d torna al Teatro Dino Buzzati di Belluno con un secondo appuntamento pensato per incantare ancora una volta bambini e famiglie. La Stagione di Teatro per le nuove generazioni, giunta alla sua trentatreesima edizione, \u00e8 realizzata da TIB&hellip;<\/p>\n","protected":false},"author":4,"featured_media":486150,"comment_status":"closed","ping_status":"closed","sticky":false,"template":"","format":"standard","meta":{"_monsterinsights_skip_tracking":false,"_monsterinsights_sitenote_active":false,"_monsterinsights_sitenote_note":"","_monsterinsights_sitenote_category":0,"footnotes":""},"categories":[49],"tags":[],"class_list":["post-486149","post","type-post","status-publish","format-standard","has-post-thumbnail","hentry","category-news-18","category-49","description-off"],"img_url":"https:\/\/www.radiopiu.net\/wordpress\/wp-content\/uploads\/2025\/12\/f2_POLLICINO-SHOW-1.jpg","_links":{"self":[{"href":"https:\/\/www.radiopiu.net\/wordpress\/wp-json\/wp\/v2\/posts\/486149","targetHints":{"allow":["GET"]}}],"collection":[{"href":"https:\/\/www.radiopiu.net\/wordpress\/wp-json\/wp\/v2\/posts"}],"about":[{"href":"https:\/\/www.radiopiu.net\/wordpress\/wp-json\/wp\/v2\/types\/post"}],"author":[{"embeddable":true,"href":"https:\/\/www.radiopiu.net\/wordpress\/wp-json\/wp\/v2\/users\/4"}],"replies":[{"embeddable":true,"href":"https:\/\/www.radiopiu.net\/wordpress\/wp-json\/wp\/v2\/comments?post=486149"}],"version-history":[{"count":1,"href":"https:\/\/www.radiopiu.net\/wordpress\/wp-json\/wp\/v2\/posts\/486149\/revisions"}],"predecessor-version":[{"id":486151,"href":"https:\/\/www.radiopiu.net\/wordpress\/wp-json\/wp\/v2\/posts\/486149\/revisions\/486151"}],"wp:featuredmedia":[{"embeddable":true,"href":"https:\/\/www.radiopiu.net\/wordpress\/wp-json\/wp\/v2\/media\/486150"}],"wp:attachment":[{"href":"https:\/\/www.radiopiu.net\/wordpress\/wp-json\/wp\/v2\/media?parent=486149"}],"wp:term":[{"taxonomy":"category","embeddable":true,"href":"https:\/\/www.radiopiu.net\/wordpress\/wp-json\/wp\/v2\/categories?post=486149"},{"taxonomy":"post_tag","embeddable":true,"href":"https:\/\/www.radiopiu.net\/wordpress\/wp-json\/wp\/v2\/tags?post=486149"}],"curies":[{"name":"wp","href":"https:\/\/api.w.org\/{rel}","templated":true}]}}