{"id":486162,"date":"2025-12-17T05:46:26","date_gmt":"2025-12-17T04:46:26","guid":{"rendered":"https:\/\/www.radiopiu.net\/wordpress\/?p=486162"},"modified":"2025-12-18T06:22:52","modified_gmt":"2025-12-18T05:22:52","slug":"giornale-radiopiu-17-dicembre-2025-direttore-mirko-mezzacasa","status":"publish","type":"post","link":"https:\/\/www.radiopiu.net\/wordpress\/giornale-radiopiu-17-dicembre-2025-direttore-mirko-mezzacasa\/","title":{"rendered":"GIORNALE RADIOPIU 17 DICEMBRE 2025 DIRETTORE MIRKO MEZZACASA"},"content":{"rendered":"<p>&nbsp;<\/p>\n<p>*********<\/p>\n<h1>LA NUOVA\u00a0 APP<\/h1>\n<p><strong><em><span style=\"color: #ff0000;\"><a class=\"dt-pswp-item\" href=\"https:\/\/www.radiopiu.net\/wordpress\/wp-content\/uploads\/2025\/11\/Screenshot-2025-11-14-052001.png\" data-dt-img-description=\"\" data-large_image_width=\"520\" data-large_image_height=\"356\"><img loading=\"lazy\" decoding=\"async\" class=\"size-medium wp-image-480474 alignleft\" src=\"https:\/\/www.radiopiu.net\/wordpress\/wp-content\/uploads\/2025\/11\/Screenshot-2025-11-14-052001-300x205.png\" alt=\"\" width=\"300\" height=\"205\" srcset=\"https:\/\/www.radiopiu.net\/wordpress\/wp-content\/uploads\/2025\/11\/Screenshot-2025-11-14-052001-300x205.png 300w, https:\/\/www.radiopiu.net\/wordpress\/wp-content\/uploads\/2025\/11\/Screenshot-2025-11-14-052001.png 520w\" sizes=\"auto, (max-width: 300px) 100vw, 300px\" \/><\/a> <\/span><\/em><\/strong><\/p>\n<p><strong><em><span style=\"color: #ff0000;\">\u00a0<\/span><\/em><\/strong><\/p>\n<p><strong><em><span style=\"color: #ff0000;\">LA\u00a0 APP PER IOS-IPHONE di Nicola Vettorello<\/span><\/em><\/strong><\/p>\n<p><strong><span style=\"color: #0000ff;\"><a style=\"color: #0000ff;\" href=\"https:\/\/apps.apple.com\/it\/app\/radio-pi%C3%B9-emittente-agordina\/id1515939845\">https:\/\/apps.apple.com\/it\/app\/radio-pi%C3%B9-emittente-agordina\/id1515939845<\/a><\/span><\/strong><\/p>\n<p><strong><em style=\"color: #ff0000;\">LA\u00a0 APP RADIO\u00a0 PER ANDROID di Nicola Vettorello<\/em><\/strong><\/p>\n<p><strong><span style=\"color: #0000ff;\"><a style=\"color: #0000ff;\" href=\"https:\/\/play.google.com\/store\/apps\/details?id=net.radiopiu.iniko\" target=\"_blank\" rel=\"noopener noreferrer\">https:\/\/<\/a><a style=\"color: #0000ff;\" href=\"https:\/\/play.google.com\/store\/apps\/details?id=net.radiopiu.iniko\" target=\"_blank\" rel=\"noopener noreferrer\">play.google.com\/store\/apps\/details?id=net.radiopiu.iniko\u00a0\u00a0\u00a0\u00a0\u00a0<\/a><\/span><\/strong><\/p>\n<p>&nbsp;<\/p>\n<p>&nbsp;<\/p>\n<p>&nbsp;<\/p>\n<hr \/>\n<p>&nbsp;<\/p>\n<blockquote>\n<div class=\"mceTemp\">\n<h1 data-start=\"0\" data-end=\"60\"><strong data-start=\"0\" data-end=\"60\">OGGI SU RADIOPI\u00d9: <span style=\"color: #000000;\">MUSICA, informazione\u00a0<\/span> e dirette\u00a0\u00a0<\/strong><\/h1>\n<\/div>\n<\/blockquote>\n<p style=\"text-align: left;\"><span style=\"color: #ff0000;\"><a class=\"dt-pswp-item\" href=\"https:\/\/www.radiopiu.net\/wordpress\/wp-content\/uploads\/2025\/12\/5ee4d58c-d65b-4e21-9127-5c5cedb15f7b.jpg\" data-dt-img-description=\"\" data-large_image_width=\"1224\" data-large_image_height=\"1107\"><img loading=\"lazy\" decoding=\"async\" class=\"size-medium wp-image-486514 alignleft\" src=\"https:\/\/www.radiopiu.net\/wordpress\/wp-content\/uploads\/2025\/12\/5ee4d58c-d65b-4e21-9127-5c5cedb15f7b-300x271.jpg\" alt=\"\" width=\"300\" height=\"271\" srcset=\"https:\/\/www.radiopiu.net\/wordpress\/wp-content\/uploads\/2025\/12\/5ee4d58c-d65b-4e21-9127-5c5cedb15f7b-300x271.jpg 300w, https:\/\/www.radiopiu.net\/wordpress\/wp-content\/uploads\/2025\/12\/5ee4d58c-d65b-4e21-9127-5c5cedb15f7b-1024x926.jpg 1024w, https:\/\/www.radiopiu.net\/wordpress\/wp-content\/uploads\/2025\/12\/5ee4d58c-d65b-4e21-9127-5c5cedb15f7b-768x695.jpg 768w, https:\/\/www.radiopiu.net\/wordpress\/wp-content\/uploads\/2025\/12\/5ee4d58c-d65b-4e21-9127-5c5cedb15f7b.jpg 1224w\" sizes=\"auto, (max-width: 300px) 100vw, 300px\" \/><\/a>ALLE 7.00 DEL MATTINO OGNI GIORNO, LA RASSEGNA STAMPA LOCALE FLASH PER CHI VA DI FRETTA, IN POCHI MINUTI LE NOTIZIE DALLA PROVINCIA DAL SITO DI RADIOPIU, CORRIERE DELLE ALPI, ANTENNA 3&#8230; E ALTRI SITI ON LINE DELLA REGIONE VENETO. ogni giorno dal lunedi al sabato, puntuali con mirko mezzacasa\u00a0<\/span><\/p>\n<p>8.05 LA RASSEGNA STAMPA LOCALE STORICO APPUNTAMENTO DAL 1983, LA PRIMA RASSEGNA STAMPA LOCALE ALLE OTTO DEL MATTINO\u00a0 8.25 PIU SIAMO\u00a0 \u00a09.40\u00a0 SULLE ORME DI LIANA CAVALLET, Antonella Galli recensisce &#8220;Le notti senza sonno&#8221; di Gian Andrea Cerone 10.10 REPORTER SERATA DEL 18 DICEMBRE 2025 CON LE FOTO DI ANTONELLO CIBIEN E CIRCOLO FOT AG <strong>10.30\u00a0 \u00a0SE\u00a0 NON LA SMETTI DI MANDO DAL PRESIDE CON LA PROF. MARIA ROSA SALMAZO 11.00\u00a0 FOGLIE E CASTAGNE DI MARINA DONA&#8217; 11.30 L&#8217;ANGOLO DI PAOLA LANCIATO, CURIOSANDO 13 10 TRE PER DUE PER TE DI MARINA DONA&#8217; 13 30 LA MUSICA COUNTRY DI ALEX NASCINBEN 14.00 CLASSIFICA UFFICIALE DI RADIOPIU CON MARCO GAZ 15.10 BATTICINQUE SCONTRI GENERAZIONALI IN STUDIO MARINA DONA&#8217; CON LA VOCE PIU&#8217; GIOVANE DI RADIOPIU: ALESSIO DA ROLD <\/strong><strong>\u00a016 45 LE HIT STORICHE DI MIRCO BENCIVENNI\u00a0\u00a019.05 LE ANTICIPAZIONI DAL TG DI ANTENNA 3 DA UN\u2019IDEA DI TIZIANA BOLOGNANI E\u00a0 DALLE 19.20\u00a0 REPORTER DARIO MEZZACASA PATTINI A ROTELLE PER RAGAZZI E BAMBINI AD AGORDO E BELLUNO<\/strong><\/p>\n<p>&nbsp;<\/p>\n<p>&nbsp;<\/p>\n<p>&nbsp;<\/p>\n<p>&nbsp;<\/p>\n<p>&nbsp;<\/p>\n<hr \/>\n<div class=\"x11i5rnm xat24cr x1mh8g0r x1vvkbs xtlvy1s x126k92a\">\n<blockquote>\n<h1><strong><br \/>\nN di parom &#8211; L Almanach de la nosta jent\u00a0 <\/strong><strong style=\"font-size: 14px;\"><span style=\"color: #ff0000;\">OGNI GIORNO ALLE CINQUE E ALLE NOVE E DIECI\u00a0 DEL MATTINO<\/span> LA PUNTATA DI OGGI, 17 DICEMBRE 2025<\/strong><\/h1>\n<\/blockquote>\n<audio class=\"wp-audio-shortcode\" id=\"audio-486162-1\" preload=\"none\" style=\"width: 100%;\" controls=\"controls\"><source type=\"audio\/mpeg\" src=\"https:\/\/www.radiopiu.net\/wordpress\/wp-content\/uploads\/2025\/12\/AL3-1.mp3?_=1\" \/><a href=\"https:\/\/www.radiopiu.net\/wordpress\/wp-content\/uploads\/2025\/12\/AL3-1.mp3\">https:\/\/www.radiopiu.net\/wordpress\/wp-content\/uploads\/2025\/12\/AL3-1.mp3<\/a><\/audio>\n<\/div>\n<p>&nbsp;<\/p>\n<hr \/>\n<div class=\"x11i5rnm xat24cr x1mh8g0r x1vvkbs xtlvy1s x126k92a\">\n<div dir=\"auto\">\n<div dir=\"auto\">\n<blockquote>\n<h2><strong><br \/>\nEL BAL DEL FIOR, DI GIULIANA DA RONCH\u00a0 <span style=\"color: #ff0000;\">ogni giorno alle sette e venti del mattino <\/span><\/strong><strong style=\"font-size: 14px;\">LA PUNTATA DI OGGI 17 DICEMBRE<\/strong><strong style=\"font-size: 14px;\">\u00a02025<\/strong><\/h2>\n<\/blockquote>\n<audio class=\"wp-audio-shortcode\" id=\"audio-486162-2\" preload=\"none\" style=\"width: 100%;\" controls=\"controls\"><source type=\"audio\/mpeg\" src=\"https:\/\/www.radiopiu.net\/wordpress\/wp-content\/uploads\/2025\/12\/GME-1.mp3?_=2\" \/><a href=\"https:\/\/www.radiopiu.net\/wordpress\/wp-content\/uploads\/2025\/12\/GME-1.mp3\">https:\/\/www.radiopiu.net\/wordpress\/wp-content\/uploads\/2025\/12\/GME-1.mp3<\/a><\/audio>\n<\/div>\n<\/div>\n<\/div>\n<p>&nbsp;<\/p>\n<div class=\"x11i5rnm xat24cr x1mh8g0r x1vvkbs xtlvy1s x126k92a\">\n<div dir=\"auto\">\n<hr \/>\n<\/div>\n<\/div>\n<blockquote>\n<blockquote>\n<h1><span style=\"color: #ff0000;\">\u00a0<\/span><\/h1>\n<h1><span style=\"color: #ff0000;\">I podcast informativi del mattino &#8211; audio &#8211;\u00a0\u00a0<\/span><\/h1>\n<\/blockquote>\n<p><strong><a class=\"dt-pswp-item\" href=\"https:\/\/www.radiopiu.net\/wordpress\/wp-content\/uploads\/2024\/11\/6.jpg\" data-dt-img-description=\"\" data-large_image_width=\"177\" data-large_image_height=\"180\"><img loading=\"lazy\" decoding=\"async\" class=\"size-full wp-image-417911 alignleft\" src=\"https:\/\/www.radiopiu.net\/wordpress\/wp-content\/uploads\/2024\/11\/6.jpg\" alt=\"\" width=\"177\" height=\"180\" \/><\/a>LA RASSEGNA STAMPA NAZIONALE ALLA RADIO, OGNI GIORNO ALLE 5 E ALLE 6 DEL MATTINO <span style=\"color: #0000ff;\">viene pubblicata alle 6.00 <span style=\"color: #ff0000;\">DIRETTA RADIO\u00a0 \u00a0\u00a0<\/span><\/span><\/strong><\/p><\/blockquote>\n<h1><strong>NOTIZIE DELLA NOTTE\u00a0<\/strong><\/h1>\n<p data-start=\"232\" data-end=\"668\"><strong>UCRAINA<\/strong><br data-start=\"239\" data-end=\"242\" \/>Resta alta la tensione sul fronte ucraino. Vladimir Putin non cede sul Donbass e respinge l\u2019ipotesi di una tregua di Natale. Donald Trump afferma che la pace \u00e8 \u201cpi\u00f9 vicina che mai\u201d, mentre Volodymyr Zelensky parla dei negoziati pi\u00f9 intensi dall\u2019inizio della guerra. Intanto continuano gli attacchi: droni ucraini avrebbero colpito una raffineria in Russia, mentre a Kiev nella notte si segnalano esplosioni dopo un nuovo raid.<\/p>\n<p data-start=\"670\" data-end=\"952\"><strong>CRISI USA VENEZUELA<\/strong><br data-start=\"689\" data-end=\"692\" \/>Nuovo scontro diplomatico tra Washington e Caracas. Donald Trump annuncia il blocco totale delle petroliere sanzionate dirette in Venezuela. Il governo venezuelano accusa gli Stati Uniti di voler sottrarre le risorse del Paese attraverso il blocco petrolifero.<\/p>\n<p data-start=\"954\" data-end=\"1204\"><strong>TERRORISMO IN AUSTRALIA<\/strong><br data-start=\"977\" data-end=\"980\" \/>A Sydney si sono svolti i primi funerali delle vittime dell\u2019attacco a Bondi Beach. Il primo ministro australiano definisce quella dello Stato islamico un\u2019ideologia anti-umanit\u00e0 e ribadisce la linea dura contro il terrorismo.<\/p>\n<p data-start=\"1206\" data-end=\"1385\"><strong>CRONACA USA<\/strong><br data-start=\"1217\" data-end=\"1220\" \/>Un professore del Mit \u00e8 stato ucciso a colpi d\u2019arma da fuoco vicino a Boston. In un altro caso, il figlio dei Reiner \u00e8 stato incriminato per l\u2019omicidio dei genitori.<\/p>\n<p data-start=\"1387\" data-end=\"1594\"><strong>ITALIA<\/strong><br data-start=\"1393\" data-end=\"1396\" \/>A Roma inaugurate le fermate Colosseo e Porta Metronia della metro C. All\u2019universit\u00e0, la ministra Bernini valuta una revisione dell\u2019accesso a Medicina con programmi ridotti e pi\u00f9 tempo per le prove.<\/p>\n<h1>IL GIORNALE DELLE SEI DEL MATTINO<\/h1>\n<audio class=\"wp-audio-shortcode\" id=\"audio-486162-3\" preload=\"none\" style=\"width: 100%;\" controls=\"controls\"><source type=\"audio\/mpeg\" src=\"https:\/\/www.radiopiu.net\/wordpress\/wp-content\/uploads\/2025\/12\/GIORNALEDELLESEI-11.mp3?_=3\" \/><a href=\"https:\/\/www.radiopiu.net\/wordpress\/wp-content\/uploads\/2025\/12\/GIORNALEDELLESEI-11.mp3\">https:\/\/www.radiopiu.net\/wordpress\/wp-content\/uploads\/2025\/12\/GIORNALEDELLESEI-11.mp3<\/a><\/audio>\n<p>&nbsp;<\/p>\n<p>&nbsp;<\/p>\n<p>&nbsp;<\/p>\n<hr \/>\n<p>&nbsp;<\/p>\n<h1 style=\"text-align: center;\"><span style=\"color: #ff0000;\"><a class=\"dt-pswp-item\" href=\"https:\/\/www.radiopiu.net\/wordpress\/wp-content\/uploads\/2024\/11\/7.jpg\" data-dt-img-description=\"\" data-large_image_width=\"180\" data-large_image_height=\"180\"><img loading=\"lazy\" decoding=\"async\" class=\"size-full wp-image-417912 alignleft\" src=\"https:\/\/www.radiopiu.net\/wordpress\/wp-content\/uploads\/2024\/11\/7.jpg\" alt=\"\" width=\"180\" height=\"180\" srcset=\"https:\/\/www.radiopiu.net\/wordpress\/wp-content\/uploads\/2024\/11\/7.jpg 180w, https:\/\/www.radiopiu.net\/wordpress\/wp-content\/uploads\/2024\/11\/7-150x150.jpg 150w\" sizes=\"auto, (max-width: 180px) 100vw, 180px\" \/><\/a>I podcast informativi del mattino &#8211; audio &#8211;\u00a0<\/span><\/h1>\n<p><strong>OGNI GIORNO ALLE SETTE DEL MATTINO, LA RASSEGNA STAMPA LOCALE FLASH&#8230; PER CHI VA IN FRETTA. I TITOLI DAI GIORNALI E DAL SITO WWW.RADIOPIU.NET <span style=\"color: #0000ff;\">viene pubblicato alle 7.00<\/span> <span style=\"color: #ff0000;\">DIRETTA RADIO\u00a0<\/span><\/strong><\/p>\n<p><em><span style=\"color: #ff0000;\">per chi va in fretta&#8230; tante notizie in pochi minuti. L&#8217;informazione locale alla radio, ogni ora dalle 7 del mattino alle 19 della sera.\u00a0\u00a0<\/span><\/em><\/p>\n<p><strong data-start=\"0\" data-end=\"62\">Notizie locali dal Bellunese: tra cronaca, eventi e novit\u00e0<\/strong><\/p>\n<div class=\"flex flex-1 grow basis-auto flex-col overflow-hidden\">\n<div class=\"relative h-full\">\n<div class=\"flex h-full flex-col overflow-y-auto [scrollbar-gutter:stable]\">\n<div class=\"mt-1.5 flex flex-col text-sm @thread-xl\/thread:pt-header-height md:pb-9\">\n<article class=\"group\/turn w-full text-token-text-primary focus-visible:outline-none\" dir=\"auto\" tabindex=\"-1\" data-testid=\"conversation-turn-2\" data-scroll-anchor=\"true\">\n<div class=\"text-base my-auto mx-auto py-5 px-6\">\n<div class=\"mx-auto flex flex-1 text-base gap-4 md:gap-5 lg:gap-6 md:max-w-3xl\">\n<div class=\"group\/conversation-turn relative flex w-full min-w-0 flex-col agent-turn @xs\/thread:px-0 @sm\/thread:px-1.5 @md\/thread:px-4\">\n<div class=\"relative flex-col gap-1 md:gap-3\">\n<div class=\"flex max-w-full flex-col flex-grow\">\n<div class=\"min-h-8 text-message relative flex w-full flex-col items-end gap-2 whitespace-normal break-words text-start [.text-message+&amp;]:mt-5\" dir=\"auto\" data-message-author-role=\"assistant\" data-message-id=\"bff05fc0-dc7c-4ab7-9b20-d3eec753127b\" data-message-model-slug=\"gpt-4o-mini\">\n<div class=\"flex w-full flex-col gap-1 empty:hidden first:pt-[3px]\">\n<div class=\"markdown prose w-full break-words dark:prose-invert dark\">\n<p class=\"\" data-start=\"64\" data-end=\"329\"><em><strong>Radio Pi\u00f9 offre una panoramica sui principali eventi e notizie in provincia di Belluno, accompagnata dalla programmazione radiofonica. Tra le principali notizie<\/strong><\/em><\/p>\n<\/div>\n<\/div>\n<\/div>\n<\/div>\n<\/div>\n<\/div>\n<\/div>\n<\/div>\n<\/article>\n<\/div>\n<\/div>\n<\/div>\n<\/div>\n<h1>AUDIO dalle 7 del mattino<\/h1>\n<audio class=\"wp-audio-shortcode\" id=\"audio-486162-4\" preload=\"none\" style=\"width: 100%;\" controls=\"controls\"><source type=\"audio\/mpeg\" src=\"https:\/\/www.radiopiu.net\/wordpress\/wp-content\/uploads\/2025\/12\/GF07-13.mp3?_=4\" \/><a href=\"https:\/\/www.radiopiu.net\/wordpress\/wp-content\/uploads\/2025\/12\/GF07-13.mp3\">https:\/\/www.radiopiu.net\/wordpress\/wp-content\/uploads\/2025\/12\/GF07-13.mp3<\/a><\/audio>\n<p>&nbsp;<\/p>\n<p>&nbsp;<\/p>\n<p>&nbsp;<\/p>\n<hr \/>\n<p>&nbsp;<\/p>\n<h1><\/h1>\n<h1 style=\"text-align: center;\"><span style=\"color: #ff0000;\"><a class=\"dt-pswp-item\" href=\"https:\/\/www.radiopiu.net\/wordpress\/wp-content\/uploads\/2024\/11\/th.jpg\" data-dt-img-description=\"\" data-large_image_width=\"148\" data-large_image_height=\"179\"><img loading=\"lazy\" decoding=\"async\" class=\" wp-image-417913 alignleft\" src=\"https:\/\/www.radiopiu.net\/wordpress\/wp-content\/uploads\/2024\/11\/th.jpg\" alt=\"\" width=\"66\" height=\"80\" \/><\/a>I podcast informativi del mattino &#8211; audio &#8211;\u00a0<\/span><\/h1>\n<blockquote><p><strong>GIORNALE RADIO NAZIONALE, EDIZIONE DELLE SETTE <span style=\"color: #0000ff;\">viene pubblicato alle 7.05 <span style=\"color: #ff0000;\">DIRETTA RADIO\u00a0<\/span><\/span><\/strong><\/p><\/blockquote>\n<p><strong>il giornale radionazionale e&#8217; in onda ogni ora, dalle sette del mattino alle venti della sera\u00a0 \u00a0\u00a0<\/strong><\/p>\n<blockquote>\n<h2><em><a class=\"dt-pswp-item\" href=\"https:\/\/www.radiopiu.net\/wordpress\/wp-content\/uploads\/2025\/02\/download-7.jpg\" data-dt-img-description=\"\" data-large_image_width=\"211\" data-large_image_height=\"239\"><img loading=\"lazy\" decoding=\"async\" class=\" wp-image-435553 alignleft\" src=\"https:\/\/www.radiopiu.net\/wordpress\/wp-content\/uploads\/2025\/02\/download-7.jpg\" alt=\"\" width=\"186\" height=\"211\" \/><\/a><span style=\"color: #ff0000;\">RADIOPI\u00d9<\/span> \u2013 La voce del territorio, lo sguardo sul Paese.\u00a0<\/em><\/h2>\n<\/blockquote>\n<div class=\"flex basis-auto flex-col -mb-(--composer-overlap-px) [--composer-overlap-px:55px] grow overflow-hidden\">\n<div class=\"relative h-full\">\n<div class=\"flex h-full flex-col overflow-y-auto [scrollbar-gutter:stable_both-edges] @[84rem]\/thread:pt-(--header-height)\">\n<div class=\"@thread-xl\/thread:pt-header-height flex flex-col text-sm pb-25\">\n<article class=\"text-token-text-primary w-full focus:outline-none scroll-mt-[calc(var(--header-height)+min(200px,max(70px,20svh)))]\" dir=\"auto\" tabindex=\"-1\" data-testid=\"conversation-turn-68\" data-scroll-anchor=\"true\" data-turn=\"assistant\">\n<div class=\"text-base my-auto mx-auto pb-10 [--thread-content-margin:--spacing(4)] @[37rem]:[--thread-content-margin:--spacing(6)] @[72rem]:[--thread-content-margin:--spacing(16)] px-(--thread-content-margin)\">\n<div class=\"[--thread-content-max-width:32rem] @[34rem]:[--thread-content-max-width:40rem] @[64rem]:[--thread-content-max-width:48rem] mx-auto max-w-(--thread-content-max-width) flex-1 group\/turn-messages focus-visible:outline-hidden relative flex w-full min-w-0 flex-col agent-turn\" tabindex=\"-1\">\n<div class=\"flex max-w-full flex-col grow\">\n<div class=\"min-h-8 text-message relative flex w-full flex-col items-end gap-2 text-start break-words whitespace-normal [.text-message+&amp;]:mt-5\" dir=\"auto\" data-message-author-role=\"assistant\" data-message-id=\"44b2bab2-310d-4a9e-8ff2-f21a32a7d5b3\" data-message-model-slug=\"gpt-4-1-mini\">\n<div class=\"flex w-full flex-col gap-1 empty:hidden first:pt-[3px]\">\n<div class=\"markdown prose dark:prose-invert w-full break-words dark\">\n<p data-start=\"168\" data-end=\"440\"><strong>OMICIDIO VERZENI<\/strong><br data-start=\"184\" data-end=\"187\" \/>Chiesto l\u2019ergastolo per l\u2019uomo accusato dell\u2019omicidio di Sharon Verzeni, uccisa \u201cper noia\u201d mentre faceva jogging nella notte tra il 29 e il 30 luglio 2024 a Terno d\u2019Isola. Per la procura si tratta di un delitto senza movente, di particolare efferatezza.<\/p>\n<p data-start=\"442\" data-end=\"669\"><strong>OMICIDI NEL BRESCIANO<\/strong><br data-start=\"463\" data-end=\"466\" \/>Nel Bresciano un barista di 55 anni \u00e8 stato accoltellato a morte fuori dal locale dove lavorava, a Sarezzo. Diffuse le immagini dell\u2019aggressione, indagini in corso per chiarire dinamica e responsabilit\u00e0.<\/p>\n<p data-start=\"671\" data-end=\"834\"><strong>MINORI<\/strong><br data-start=\"677\" data-end=\"680\" \/>Rinviata la decisione della Corte sul ricorso dei genitori della famiglia trovata nel bosco, che chiedono di riavere i figli. I giudici si sono riservati.<\/p>\n<p data-start=\"836\" data-end=\"1034\"><strong>INCHIESTA ULTR\u00c0<\/strong><br data-start=\"851\" data-end=\"854\" \/>Nuovi sviluppi sull\u2019inchiesta sulle curve di San Siro. Secondo la gup, la curva milanista lucrava sulla rivendita dei biglietti, mentre quella interista aveva collegamenti mafiosi.<\/p>\n<p data-start=\"1036\" data-end=\"1220\"><strong>LAVORO<\/strong><br data-start=\"1042\" data-end=\"1045\" \/>Ancora una morte sul lavoro. A Napoli un operaio di 49 anni \u00e8 deceduto durante operazioni di carico container. L\u2019Ugl ha ricordato le vittime con mille sagome bianche in citt\u00e0.<\/p>\n<p data-start=\"1222\" data-end=\"1451\"><strong>SICUREZZA<\/strong><br data-start=\"1231\" data-end=\"1234\" \/>Proseguono anche all\u2019estero, in particolare in Slovenia, le ricerche dell\u2019uomo evaso dal carcere di Trieste. Arrestato intanto un uomo gi\u00e0 indagato per maltrattamenti, accusato di perseguitare anche la nuova compagna.<\/p>\n<p data-start=\"1453\" data-end=\"1600\"><strong>ROMA<\/strong><br data-start=\"1458\" data-end=\"1461\" \/>Dal 7 gennaio possibile ticket di due euro per l\u2019accesso alla Fontana di Trevi. L\u2019ipotesi prevede ingresso gratuito per i residenti romani.<\/p>\n<p data-start=\"1523\" data-end=\"1653\">\n<\/div>\n<\/div>\n<\/div>\n<\/div>\n<\/div>\n<\/div>\n<\/article>\n<\/div>\n<\/div>\n<\/div>\n<\/div>\n<article class=\"text-token-text-primary w-full focus:outline-none scroll-mt-[calc(var(--header-height)+min(200px,max(70px,20svh)))]\" dir=\"auto\" tabindex=\"-1\" data-testid=\"conversation-turn-72\" data-scroll-anchor=\"true\" data-turn=\"assistant\">\n<div class=\"text-base my-auto mx-auto pb-10 [--thread-content-margin:--spacing(4)] @[37rem]:[--thread-content-margin:--spacing(6)] @[72rem]:[--thread-content-margin:--spacing(16)] px-(--thread-content-margin)\">\n<div class=\"[--thread-content-max-width:32rem] @[34rem]:[--thread-content-max-width:40rem] @[64rem]:[--thread-content-max-width:48rem] mx-auto max-w-(--thread-content-max-width) flex-1 group\/turn-messages focus-visible:outline-hidden relative flex w-full min-w-0 flex-col agent-turn\" tabindex=\"-1\">\n<div class=\"flex max-w-full flex-col grow\">\n<div class=\"min-h-8 text-message relative flex w-full flex-col items-end gap-2 text-start break-words whitespace-normal [.text-message+&amp;]:mt-5\" dir=\"auto\" data-message-author-role=\"assistant\" data-message-id=\"6ad35c52-e3d0-4186-88d9-35bb4972681f\" data-message-model-slug=\"gpt-4o\">\n<div class=\"flex w-full flex-col gap-1 empty:hidden first:pt-[3px]\">\n<div class=\"markdown prose dark:prose-invert w-full break-words dark\">\n<article class=\"text-token-text-primary w-full\" dir=\"auto\" data-testid=\"conversation-turn-163\" data-scroll-anchor=\"true\">\n<div class=\"text-base my-auto mx-auto pb-10 [--thread-content-margin:--spacing(4)] @[37rem]:[--thread-content-margin:--spacing(6)] @[72rem]:[--thread-content-margin:--spacing(16)] px-(--thread-content-margin)\">\n<div class=\"[--thread-content-max-width:32rem] @[34rem]:[--thread-content-max-width:40rem] @[64rem]:[--thread-content-max-width:48rem] mx-auto flex max-w-(--thread-content-max-width) flex-1 text-base gap-4 md:gap-5 lg:gap-6 group\/turn-messages focus-visible:outline-hidden\" tabindex=\"-1\">\n<div class=\"group\/conversation-turn relative flex w-full min-w-0 flex-col agent-turn\">\n<div class=\"relative flex-col gap-1 md:gap-3\">\n<div class=\"flex max-w-full flex-col grow\">\n<div class=\"min-h-8 text-message relative flex w-full flex-col items-end gap-2 text-start break-words whitespace-normal [.text-message+&amp;]:mt-5\" dir=\"auto\" data-message-author-role=\"assistant\" data-message-id=\"efdea043-c36a-42e6-8e01-aec593793ec1\" data-message-model-slug=\"gpt-4o\">\n<div class=\"flex w-full flex-col gap-1 empty:hidden first:pt-[3px]\">\n<div class=\"markdown prose dark:prose-invert w-full break-words dark\">\n<article class=\"text-token-text-primary w-full focus:outline-none scroll-mt-[calc(var(--header-height)+min(200px,max(70px,20svh)))]\" dir=\"auto\" tabindex=\"-1\" data-testid=\"conversation-turn-162\" data-scroll-anchor=\"true\" data-turn=\"assistant\">\n<div class=\"text-base my-auto mx-auto pb-10 [--thread-content-margin:--spacing(4)] @[37rem]:[--thread-content-margin:--spacing(6)] @[72rem]:[--thread-content-margin:--spacing(16)] px-(--thread-content-margin)\">\n<div class=\"[--thread-content-max-width:32rem] @[34rem]:[--thread-content-max-width:40rem] @[64rem]:[--thread-content-max-width:48rem] mx-auto max-w-(--thread-content-max-width) flex-1 group\/turn-messages focus-visible:outline-hidden relative flex w-full min-w-0 flex-col agent-turn\" tabindex=\"-1\">\n<div class=\"flex max-w-full flex-col grow\">\n<div class=\"min-h-8 text-message relative flex w-full flex-col items-end gap-2 text-start break-words whitespace-normal [.text-message+&amp;]:mt-5\" dir=\"auto\" data-message-author-role=\"assistant\" data-message-id=\"842efa5e-0b6b-4c68-b1eb-9dd894bae6c3\" data-message-model-slug=\"gpt-4o\">\n<div class=\"flex w-full flex-col gap-1 empty:hidden first:pt-[3px]\">\n<div class=\"markdown prose dark:prose-invert w-full break-words dark\">\n<div class=\"flex basis-auto flex-col -mb-(--composer-overlap-px) [--composer-overlap-px:55px] grow overflow-hidden\">\n<div class=\"relative h-full\">\n<div class=\"flex h-full flex-col overflow-y-auto [scrollbar-gutter:stable_both-edges] @[84rem]\/thread:pt-(--header-height)\">\n<div class=\"@thread-xl\/thread:pt-header-height flex flex-col text-sm pb-25\">\n<article class=\"text-token-text-primary w-full focus:outline-none scroll-mt-[calc(var(--header-height)+min(200px,max(70px,20svh)))]\" dir=\"auto\" tabindex=\"-1\" data-testid=\"conversation-turn-18\" data-scroll-anchor=\"true\" data-turn=\"assistant\">\n<div class=\"text-base my-auto mx-auto pb-10 [--thread-content-margin:--spacing(4)] @[37rem]:[--thread-content-margin:--spacing(6)] @[72rem]:[--thread-content-margin:--spacing(16)] px-(--thread-content-margin)\">\n<div class=\"[--thread-content-max-width:32rem] @[34rem]:[--thread-content-max-width:40rem] @[64rem]:[--thread-content-max-width:48rem] mx-auto max-w-(--thread-content-max-width) flex-1 group\/turn-messages focus-visible:outline-hidden relative flex w-full min-w-0 flex-col agent-turn\" tabindex=\"-1\">\n<div class=\"flex max-w-full flex-col grow\">\n<div class=\"min-h-8 text-message relative flex w-full flex-col items-end gap-2 text-start break-words whitespace-normal [.text-message+&amp;]:mt-5\" dir=\"auto\" data-message-author-role=\"assistant\" data-message-id=\"10a6d749-a0ed-478c-a66e-5f27b47e163c\" data-message-model-slug=\"gpt-5\">\n<div class=\"flex w-full flex-col gap-1 empty:hidden first:pt-[3px]\">\n<div class=\"markdown prose dark:prose-invert w-full break-words dark\">\n<hr data-start=\"1055\" data-end=\"1058\" \/>\n<\/div>\n<\/div>\n<\/div>\n<\/div>\n<\/div>\n<\/div>\n<\/article>\n<\/div>\n<\/div>\n<\/div>\n<\/div>\n<div id=\"thread-bottom-container\" class=\"content-fade relative isolate z-10 w-full basis-auto has-data-has-thread-error:pt-2 has-data-has-thread-error:[box-shadow:var(--sharp-edge-bottom-shadow)] md:border-transparent md:pt-0 dark:border-white\/20 md:dark:border-transparent flex flex-col\">\n<div id=\"thread-bottom\">\n<div class=\"text-base mx-auto [--thread-content-margin:--spacing(4)] @[37rem]:[--thread-content-margin:--spacing(6)] @[72rem]:[--thread-content-margin:--spacing(16)] px-(--thread-content-margin)\">\n<div class=\"[--thread-content-max-width:32rem] @[34rem]:[--thread-content-max-width:40rem] @[64rem]:[--thread-content-max-width:48rem] mx-auto max-w-(--thread-content-max-width) flex-1\">\n<div class=\"max-xs:[--force-hide-label:none] relative z-1 flex h-full max-w-full flex-1 flex-col\">\n<form class=\"w-full [view-transition-name:var(--vt-composer)]\" data-type=\"unified-composer\">\n<div class=\"bg-token-bg-primary shadow-short flex w-full cursor-text flex-col items-center justify-center overflow-clip bg-clip-padding contain-inline-size dark:bg-[#303030] rounded-[28px]\">\n<div class=\"relative flex min-h-14 w-full items-end\">\n<div class=\"relative flex w-full flex-auto flex-col\">\n<div class=\"relative mx-5 flex min-h-14 flex-auto bg-transparent items-start\">\n<div class=\"_prosemirror-parent_276o5_2 text-token-text-primary max-h-[25dvh] max-h-52 flex-1 overflow-auto [scrollbar-width:thin] default-browser vertical-scroll-fade-mask\">\n<div id=\"prompt-textarea\" class=\"ProseMirror\" contenteditable=\"true\" translate=\"no\" data-virtualkeyboard=\"true\"><\/div>\n<\/div>\n<\/div>\n<\/div>\n<\/div>\n<\/div>\n<\/form>\n<\/div>\n<\/div>\n<\/div>\n<\/div>\n<\/div>\n<\/div>\n<\/div>\n<\/div>\n<\/div>\n<\/div>\n<\/div>\n<\/article>\n<\/div>\n<\/div>\n<\/div>\n<\/div>\n<\/div>\n<\/div>\n<\/div>\n<\/div>\n<\/article>\n<\/div>\n<\/div>\n<\/div>\n<\/div>\n<\/div>\n<\/div>\n<\/article>\n<article class=\"text-token-text-primary w-full focus:outline-none scroll-mt-[calc(var(--header-height)+min(200px,max(70px,20svh)))]\" dir=\"auto\" tabindex=\"-1\" data-testid=\"conversation-turn-72\" data-scroll-anchor=\"true\" data-turn=\"assistant\">\n<div class=\"text-base my-auto mx-auto pb-10 [--thread-content-margin:--spacing(4)] @[37rem]:[--thread-content-margin:--spacing(6)] @[72rem]:[--thread-content-margin:--spacing(16)] px-(--thread-content-margin)\">\n<div class=\"[--thread-content-max-width:32rem] @[34rem]:[--thread-content-max-width:40rem] @[64rem]:[--thread-content-max-width:48rem] mx-auto max-w-(--thread-content-max-width) flex-1 group\/turn-messages focus-visible:outline-hidden relative flex w-full min-w-0 flex-col agent-turn\" tabindex=\"-1\">\n<div class=\"flex max-w-full flex-col grow\">\n<div class=\"min-h-8 text-message relative flex w-full flex-col items-end gap-2 text-start break-words whitespace-normal [.text-message+&amp;]:mt-5\" dir=\"auto\" data-message-author-role=\"assistant\" data-message-id=\"6ad35c52-e3d0-4186-88d9-35bb4972681f\" data-message-model-slug=\"gpt-4o\">\n<div class=\"flex w-full flex-col gap-1 empty:hidden first:pt-[3px]\">\n<div class=\"markdown prose dark:prose-invert w-full break-words dark\">\n<article class=\"text-token-text-primary w-full\" dir=\"auto\" data-testid=\"conversation-turn-163\" data-scroll-anchor=\"true\">\n<div class=\"text-base my-auto mx-auto pb-10 [--thread-content-margin:--spacing(4)] @[37rem]:[--thread-content-margin:--spacing(6)] @[72rem]:[--thread-content-margin:--spacing(16)] px-(--thread-content-margin)\">\n<div class=\"[--thread-content-max-width:32rem] @[34rem]:[--thread-content-max-width:40rem] @[64rem]:[--thread-content-max-width:48rem] mx-auto flex max-w-(--thread-content-max-width) flex-1 text-base gap-4 md:gap-5 lg:gap-6 group\/turn-messages focus-visible:outline-hidden\" tabindex=\"-1\">\n<div class=\"group\/conversation-turn relative flex w-full min-w-0 flex-col agent-turn\">\n<div class=\"flex items-center justify-center\"><\/div>\n<\/div>\n<\/div>\n<\/div>\n<\/article>\n<\/div>\n<\/div>\n<\/div>\n<\/div>\n<\/div>\n<\/div>\n<\/article>\n<blockquote>\n<h2><span style=\"color: #ff0000;\"><strong><a class=\"dt-pswp-item\" href=\"https:\/\/www.radiopiu.net\/wordpress\/wp-content\/uploads\/2025\/02\/download-3.jpg\" data-dt-img-description=\"\" data-large_image_width=\"223\" data-large_image_height=\"226\"><img loading=\"lazy\" decoding=\"async\" class=\"size-full wp-image-434732 alignleft\" src=\"https:\/\/www.radiopiu.net\/wordpress\/wp-content\/uploads\/2025\/02\/download-3.jpg\" alt=\"\" width=\"223\" height=\"226\" \/><\/a><\/strong>RADIOPI\u00d9<\/span> \u2013 Dalle Dolomiti alla pianura, i fatti che segnano la Regione.<\/h2>\n<\/blockquote>\n<article class=\"text-token-text-primary w-full focus:outline-none scroll-mt-[calc(var(--header-height)+min(200px,max(70px,20svh)))]\" dir=\"auto\" tabindex=\"-1\" data-testid=\"conversation-turn-112\" data-scroll-anchor=\"true\" data-turn=\"assistant\">\n<div class=\"text-base my-auto mx-auto pb-10 [--thread-content-margin:--spacing(4)] @[37rem]:[--thread-content-margin:--spacing(6)] @[72rem]:[--thread-content-margin:--spacing(16)] px-(--thread-content-margin)\">\n<div class=\"[--thread-content-max-width:32rem] @[34rem]:[--thread-content-max-width:40rem] @[64rem]:[--thread-content-max-width:48rem] mx-auto max-w-(--thread-content-max-width) flex-1 group\/turn-messages focus-visible:outline-hidden relative flex w-full min-w-0 flex-col agent-turn\" tabindex=\"-1\">\n<div class=\"flex max-w-full flex-col grow\">\n<div class=\"min-h-8 text-message relative flex w-full flex-col items-end gap-2 text-start break-words whitespace-normal [.text-message+&amp;]:mt-5\" dir=\"auto\" data-message-author-role=\"assistant\" data-message-id=\"74820017-8765-4ccc-b0c7-da916c45f87f\" data-message-model-slug=\"gpt-5\">\n<div class=\"flex w-full flex-col gap-1 empty:hidden first:pt-[3px]\">\n<div class=\"markdown prose dark:prose-invert w-full break-words dark\">\n<div class=\"relative basis-auto flex-col -mb-(--composer-overlap-px) [--composer-overlap-px:28px] grow flex overflow-hidden\">\n<div class=\"relative h-full\">\n<div class=\"flex h-full flex-col overflow-y-auto thread-xl:pt-(--header-height) [scrollbar-gutter:stable_both-edges]\">\n<div class=\"flex flex-col text-sm thread-xl:pt-header-height pb-25\">\n<article class=\"text-token-text-primary w-full focus:outline-none [--shadow-height:45px] has-data-writing-block:pointer-events-none has-data-writing-block:-mt-(--shadow-height) has-data-writing-block:pt-(--shadow-height) [&amp;:has([data-writing-block])&gt;*]:pointer-events-auto [content-visibility:auto] supports-[content-visibility:auto]:[contain-intrinsic-size:auto_100lvh] scroll-mt-[calc(var(--header-height)+min(200px,max(70px,20svh)))]\" dir=\"auto\" tabindex=\"-1\" data-turn-id=\"request-WEB:f8ffeb3c-baa0-48e0-8b17-3970ffbe6842-60\" data-testid=\"conversation-turn-122\" data-scroll-anchor=\"true\" data-turn=\"assistant\">\n<div class=\"text-base my-auto mx-auto pb-10 [--thread-content-margin:--spacing(4)] thread-sm:[--thread-content-margin:--spacing(6)] thread-lg:[--thread-content-margin:--spacing(16)] px-(--thread-content-margin)\">\n<div class=\"[--thread-content-max-width:40rem] thread-lg:[--thread-content-max-width:48rem] mx-auto max-w-(--thread-content-max-width) flex-1 group\/turn-messages focus-visible:outline-hidden relative flex w-full min-w-0 flex-col agent-turn\" tabindex=\"-1\">\n<div class=\"flex max-w-full flex-col grow\">\n<div class=\"min-h-8 text-message relative flex w-full flex-col items-end gap-2 text-start break-words whitespace-normal [.text-message+&amp;]:mt-1\" dir=\"auto\" data-message-author-role=\"assistant\" data-message-id=\"50092257-b8bc-4924-9476-23af7a5e8ef1\" data-message-model-slug=\"gpt-5-1\">\n<div class=\"flex w-full flex-col gap-1 empty:hidden first:pt-[1px]\">\n<article class=\"text-token-text-primary w-full focus:outline-none [--shadow-height:45px] has-data-writing-block:pointer-events-none has-data-writing-block:-mt-(--shadow-height) has-data-writing-block:pt-(--shadow-height) [&amp;:has([data-writing-block])&gt;*]:pointer-events-auto [content-visibility:auto] supports-[content-visibility:auto]:[contain-intrinsic-size:auto_100lvh] scroll-mt-[calc(var(--header-height)+min(200px,max(70px,20svh)))]\" dir=\"auto\" tabindex=\"-1\" data-turn-id=\"bcd57aae-c267-4c0d-931b-2471e6d3993b\" data-testid=\"conversation-turn-166\" data-scroll-anchor=\"true\" data-turn=\"assistant\">\n<div class=\"text-base my-auto mx-auto pb-10 [--thread-content-margin:--spacing(4)] thread-sm:[--thread-content-margin:--spacing(6)] thread-lg:[--thread-content-margin:--spacing(16)] px-(--thread-content-margin)\">\n<div class=\"[--thread-content-max-width:40rem] thread-lg:[--thread-content-max-width:48rem] mx-auto max-w-(--thread-content-max-width) flex-1 group\/turn-messages focus-visible:outline-hidden relative flex w-full min-w-0 flex-col agent-turn\" tabindex=\"-1\">\n<div class=\"flex max-w-full flex-col grow\">\n<div class=\"min-h-8 text-message relative flex w-full flex-col items-end gap-2 text-start break-words whitespace-normal [.text-message+&amp;]:mt-1\" dir=\"auto\" data-message-author-role=\"assistant\" data-message-id=\"d52fa3c3-3b59-47cd-897c-029ad206cdab\" data-message-model-slug=\"gpt-5-1\">\n<div class=\"flex w-full flex-col gap-1 empty:hidden first:pt-[1px]\">\n<div class=\"markdown prose dark:prose-invert w-full break-words dark markdown-new-styling\">\n<p>&nbsp;<\/p>\n<p data-start=\"12\" data-end=\"249\"><strong>CRONACA GIUDIZIARIA<\/strong><br data-start=\"31\" data-end=\"34\" \/>Svolta nell\u2019omicidio dell\u2019ex guardia carceraria a Padova. Arrestato un operaio di 45 anni, ora in carcere. L\u2019interrogatorio \u00e8 previsto per domani, mentre gli inquirenti ricostruiscono movente e dinamica del delitto.<\/p>\n<p data-start=\"251\" data-end=\"591\"><strong>SICUREZZA E ORDINE PUBBLICO<\/strong><br data-start=\"278\" data-end=\"281\" \/>Tensioni a Vicenza durante lo sgombero del centro sociale Bocciodromo. La polizia \u00e8 intervenuta all\u2019alba, lanciati fumogeni contro gli agenti. Operazione conclusa senza feriti gravi.<br data-start=\"463\" data-end=\"466\" \/><strong>VIABILIT\u00c0 E SICUREZZA STRADALE<\/strong><br data-start=\"623\" data-end=\"626\" \/>Secondo i dati Istat, in Veneto nel 2024 si sono registrati 12.864 incidenti stradali con 269 vittime. Calano i morti rispetto all\u2019anno precedente, aumentano i feriti, ma meno della media nazionale.<\/p>\n<p data-start=\"826\" data-end=\"1032\"><strong>SOCCORSI<\/strong><br data-start=\"834\" data-end=\"837\" \/>I Vigili del Fuoco del Veneto hanno effettuato oltre 46.260 interventi nel 2025. In vista delle Olimpiadi Milano Cortina 2026 previsti rinforzi da altre regioni per la gestione dei grandi eventi.<\/p>\n<p data-start=\"1457\" data-end=\"1574\"><strong>AMBIENTE<\/strong><br data-start=\"1465\" data-end=\"1468\" \/>In Laguna di Venezia, dopo il delfino Mimmo, avvistata anche una foca monaca alla Bocca di Porto del Lido.<\/p>\n<p data-start=\"1096\" data-end=\"1261\"><strong>CULTURA<\/strong><br data-start=\"1103\" data-end=\"1106\" \/>Successo per la mostra \u201cCaravaggio\u201d a Palazzo Barberini, che ha superato i 445mila visitatori. Alla rassegna \u00e8 stato assegnato il premio Villa della Torre.<\/p>\n<p data-start=\"1263\" data-end=\"1461\"><strong>ISTITUZIONI<\/strong><br data-start=\"1274\" data-end=\"1277\" \/>Il ministro Nordio era a Venezia per la proiezione di un documentario sul carcere della Giudecca. Venerd\u00ec \u00e8 in programma la visita alla struttura e la messa natalizia con il Patriarca.<\/p>\n<\/div>\n<\/div>\n<\/div>\n<\/div>\n<\/div>\n<\/div>\n<\/article>\n<\/div>\n<\/div>\n<\/div>\n<\/div>\n<\/div>\n<\/article>\n<\/div>\n<\/div>\n<\/div>\n<\/div>\n<\/div>\n<\/div>\n<\/div>\n<\/div>\n<\/div>\n<\/div>\n<\/article>\n<h1><span style=\"color: #ff0000;\"><span style=\"color: #0000ff;\">ULTIM&#8217;ORA<\/span> <span style=\"color: #000000;\">AUDIO dalle sette del mattino, ogni ora alla radio EDIZIONE DELLE SETTE<\/span><\/span><\/h1>\n<audio class=\"wp-audio-shortcode\" id=\"audio-486162-5\" preload=\"none\" style=\"width: 100%;\" controls=\"controls\"><source type=\"audio\/mpeg\" src=\"https:\/\/www.radiopiu.net\/wordpress\/wp-content\/uploads\/2025\/12\/giornale07-15.mp3?_=5\" \/><a href=\"https:\/\/www.radiopiu.net\/wordpress\/wp-content\/uploads\/2025\/12\/giornale07-15.mp3\">https:\/\/www.radiopiu.net\/wordpress\/wp-content\/uploads\/2025\/12\/giornale07-15.mp3<\/a><\/audio>\n<p>&nbsp;<\/p>\n<p>&nbsp;<\/p>\n<p>&nbsp;<\/p>\n<hr \/>\n<p>&nbsp;<\/p>\n<h1><span style=\"color: #ff0000;\"><a class=\"dt-pswp-item\" href=\"https:\/\/www.radiopiu.net\/wordpress\/wp-content\/uploads\/2024\/11\/8.jpg\" data-dt-img-description=\"\" data-large_image_width=\"180\" data-large_image_height=\"180\"><img loading=\"lazy\" decoding=\"async\" class=\"size-full wp-image-417910 alignleft\" src=\"https:\/\/www.radiopiu.net\/wordpress\/wp-content\/uploads\/2024\/11\/8.jpg\" alt=\"\" width=\"180\" height=\"180\" srcset=\"https:\/\/www.radiopiu.net\/wordpress\/wp-content\/uploads\/2024\/11\/8.jpg 180w, https:\/\/www.radiopiu.net\/wordpress\/wp-content\/uploads\/2024\/11\/8-150x150.jpg 150w\" sizes=\"auto, (max-width: 180px) 100vw, 180px\" \/><\/a>I podcast informativi del mattino &#8211; video &#8211;\u00a0<\/span><\/h1>\n<h2 style=\"text-align: left;\"><strong>RASSEGNA STAMPA LOCALE, ORE OTTO<\/strong><\/h2>\n<h2><strong> <span style=\"color: #0000ff;\">viene\u00a0 <\/span><\/strong><strong><span style=\"color: #0000ff;\">pubblicata alle 8.05 <span style=\"color: #ff0000;\">DIRETTA RADIO\u00a0 \u00a0<\/span><\/span><\/strong><strong>DI MIRKO MEZZACASA<\/strong><\/h2>\n<h1><span style=\"color: #ff0000;\"><strong>VIDEO\u00a0 \u00a0in diretta AGGIORNAMENTO\u00a0 dalle 8 del mattino\u00a0 \u00a0<\/strong><\/span><\/h1>\n<p><iframe loading=\"lazy\" title=\"DAL 1983 LA RASSEGNA STAMPA LOCALE di mirko mezzacasa. L&#039;ORIGINALE\" width=\"1200\" height=\"675\" src=\"https:\/\/www.youtube.com\/embed\/dUCAZZAyFjg?feature=oembed\" frameborder=\"0\" allow=\"accelerometer; autoplay; clipboard-write; encrypted-media; gyroscope; picture-in-picture; web-share\" referrerpolicy=\"strict-origin-when-cross-origin\" allowfullscreen><\/iframe><\/p>\n<hr \/>\n<p>&nbsp;<\/p>\n<p><strong class=\"photoswipe-wrapper\"><a class=\"dt-pswp-item pspw-wrap-ready\" href=\"https:\/\/www.radiopiu.net\/wordpress\/wp-content\/uploads\/2024\/11\/th-17.jpg\" data-dt-img-description=\"\" data-large_image_width=\"224\" data-large_image_height=\"180\"><img loading=\"lazy\" decoding=\"async\" class=\" wp-image-421610 alignleft\" src=\"https:\/\/www.radiopiu.net\/wordpress\/wp-content\/uploads\/2024\/11\/th-17.jpg\" alt=\"\" width=\"167\" height=\"134\" \/><\/a>ogni sera alle 19 le anticipazioni alla radio, quello che poi seguirete nel TELEGIORNALE BELLUNESE\u00a0 in onda alle 19.30 sul CANALE 10 del digitale terrestre.\u00a0\u00a0<\/strong><\/p>\n<p><b>\u00a0<\/b><\/p>\n<p>&nbsp;<\/p>\n<p>&nbsp;<\/p>\n<blockquote>\n<h2>ANTICIPAZIONI, DI TIZIANA BOLOGNANI<\/h2>\n<audio class=\"wp-audio-shortcode\" id=\"audio-486162-6\" preload=\"none\" style=\"width: 100%;\" controls=\"controls\"><source type=\"audio\/mpeg\" src=\"https:\/\/www.radiopiu.net\/wordpress\/wp-content\/uploads\/2025\/12\/ANTENNA3-10.mp3?_=6\" \/><a href=\"https:\/\/www.radiopiu.net\/wordpress\/wp-content\/uploads\/2025\/12\/ANTENNA3-10.mp3\">https:\/\/www.radiopiu.net\/wordpress\/wp-content\/uploads\/2025\/12\/ANTENNA3-10.mp3<\/a><\/audio><\/blockquote>\n<p>&nbsp;<\/p>\n<p>&nbsp;<\/p>\n<hr \/>\n<p>&nbsp;<\/p>\n<blockquote>\n<h3>ACQUA NON POTABILE A VOLTAGO<\/h3>\n<\/blockquote>\n<p><strong><a class=\"dt-pswp-item\" href=\"https:\/\/www.radiopiu.net\/wordpress\/wp-content\/uploads\/2018\/08\/ACQUA.jpeg\" data-dt-img-description=\"\" data-large_image_width=\"1280\" data-large_image_height=\"768\"><img loading=\"lazy\" decoding=\"async\" class=\" wp-image-57052 alignleft\" src=\"https:\/\/www.radiopiu.net\/wordpress\/wp-content\/uploads\/2018\/08\/ACQUA-300x180.jpeg\" alt=\"\" width=\"108\" height=\"65\" srcset=\"https:\/\/www.radiopiu.net\/wordpress\/wp-content\/uploads\/2018\/08\/ACQUA-300x180.jpeg 300w, https:\/\/www.radiopiu.net\/wordpress\/wp-content\/uploads\/2018\/08\/ACQUA-768x461.jpeg 768w, https:\/\/www.radiopiu.net\/wordpress\/wp-content\/uploads\/2018\/08\/ACQUA-1024x614.jpeg 1024w, https:\/\/www.radiopiu.net\/wordpress\/wp-content\/uploads\/2018\/08\/ACQUA.jpeg 1280w\" sizes=\"auto, (max-width: 108px) 100vw, 108px\" \/><\/a>VOLTAGO<\/strong>\u00a0 in Via Struz, a Voltago Agordino, l\u2019acqua dell\u2019acquedotto non \u00e8 potabile e pu\u00f2 essere utilizzata a fini alimentari solo previa bollitura. \u00c8 attivo un servizio sostitutivo tramite cisterna posizionata in Via Struz.<\/p>\n<p><strong>TAIBON<\/strong> a causa di una perdita sulla rete idrica di TAIBON AGORDINO, potranno verificarsi casi di cali di pressione e\/o assenze temporanee d&#8217;acqua in via AL FORTE ed in LOCALITA&#8217; PEDEN.<\/p>\n<p>&nbsp;<\/p>\n<hr \/>\n<p>&nbsp;<\/p>\n<blockquote>\n<h3>AUTO IN FIAMME A COLLE SANTA LUCIA<\/h3>\n<\/blockquote>\n<p><strong><a class=\"dt-pswp-item\" href=\"https:\/\/www.radiopiu.net\/wordpress\/wp-content\/uploads\/2025\/12\/IMG_6924.jpeg\" data-dt-img-description=\"\" data-large_image_width=\"1280\" data-large_image_height=\"720\"><img loading=\"lazy\" decoding=\"async\" class=\" wp-image-486352 alignleft\" src=\"https:\/\/www.radiopiu.net\/wordpress\/wp-content\/uploads\/2025\/12\/IMG_6924-300x169.jpeg\" alt=\"\" width=\"217\" height=\"122\" srcset=\"https:\/\/www.radiopiu.net\/wordpress\/wp-content\/uploads\/2025\/12\/IMG_6924-300x169.jpeg 300w, https:\/\/www.radiopiu.net\/wordpress\/wp-content\/uploads\/2025\/12\/IMG_6924-1024x576.jpeg 1024w, https:\/\/www.radiopiu.net\/wordpress\/wp-content\/uploads\/2025\/12\/IMG_6924-768x432.jpeg 768w, https:\/\/www.radiopiu.net\/wordpress\/wp-content\/uploads\/2025\/12\/IMG_6924.jpeg 1280w\" sizes=\"auto, (max-width: 217px) 100vw, 217px\" \/><\/a>COLLE SANTA LUCIA<\/strong> Ieri alle ore 17.45, i Vigili del Fuoco di Agordo e i pompieri volontari di Colle Santa Lucia sono intervenuti a Colle Santa Lucia, frazione Rucav\u00e0, lungo la SR 203, per un incendio che ha coinvolto un\u2019autovettura. Le squadre hanno prontamente domato le fiamme e messo in sicurezza il veicolo, che purtroppo \u00e8 andato completamente distrutto. La strada \u00e8 stata riaperta al traffico alle ore 18.40. Non si registrano persone ferite. Le operazioni di bonifica e controllo sono terminate alle ore 19.30. Sul posto erano presenti anche i Carabinieri e personale di Veneto Strade per la gestione della viabilit\u00e0 e della sicurezza.<\/p>\n<p>&nbsp;<\/p>\n<blockquote>\n<h3 data-start=\"0\" data-end=\"47\">AUTO SI CAPOTTA SULLA SP1, FERITO IL CONDUCENTE<\/h3>\n<\/blockquote>\n<p data-start=\"49\" data-end=\"237\"><strong>BELLUNO <\/strong>Incidente stradale ieri sera intorno alle 21.30 lungo la Provinciale 1, all\u2019altezza del bar La Miniera. Una Citroen C5 \u00e8 uscita di strada e si \u00e8 capottata, restando su un fianco. Il conducente \u00e8 rimasto bloccato all\u2019interno dell\u2019abitacolo ma \u00e8 sempre rimasto cosciente. Soccorso dai vigili del fuoco di Feltre e del Basso Feltrino e dal personale sanitario, \u00e8 stato trasportato in ospedale. In corso gli accertamenti sulle cause dell\u2019incidente.<\/p>\n<p>&nbsp;<\/p>\n<p>&nbsp;<\/p>\n<hr \/>\n<p>&nbsp;<\/p>\n<blockquote>\n<h3>INCIDENTE STRADALE A SETTEVILLE, UN FERITO<\/h3>\n<\/blockquote>\n<p><strong><a class=\"dt-pswp-item\" href=\"https:\/\/www.radiopiu.net\/wordpress\/wp-content\/uploads\/2025\/12\/19dd2d0c-d3c3-4cf8-a21d-5dca91493cdd.jpg\" data-dt-img-description=\"\" data-large_image_width=\"960\" data-large_image_height=\"1280\"><img loading=\"lazy\" decoding=\"async\" class=\" wp-image-486367 alignleft\" src=\"https:\/\/www.radiopiu.net\/wordpress\/wp-content\/uploads\/2025\/12\/19dd2d0c-d3c3-4cf8-a21d-5dca91493cdd-225x300.jpg\" alt=\"\" width=\"167\" height=\"223\" srcset=\"https:\/\/www.radiopiu.net\/wordpress\/wp-content\/uploads\/2025\/12\/19dd2d0c-d3c3-4cf8-a21d-5dca91493cdd-225x300.jpg 225w, https:\/\/www.radiopiu.net\/wordpress\/wp-content\/uploads\/2025\/12\/19dd2d0c-d3c3-4cf8-a21d-5dca91493cdd-768x1024.jpg 768w, https:\/\/www.radiopiu.net\/wordpress\/wp-content\/uploads\/2025\/12\/19dd2d0c-d3c3-4cf8-a21d-5dca91493cdd.jpg 960w\" sizes=\"auto, (max-width: 167px) 100vw, 167px\" \/><\/a>SETTEVILLE <\/strong>Nella serata di ieri, i Vigili del Fuoco sono intervenuti lungo la SP 1 bis, nel territorio comunale di Setteville, a seguito di un\u2019uscita autonoma di un\u2019autovettura. Le squadre operative, giunte dal distaccamento di Feltre e dal distaccamento volontario del Basso Feltrino, hanno lavorato per estrarre l\u2019occupante del mezzo, rimasto incastrato tra le lamiere. Una volta liberata, la persona \u00e8 stata affidata alle cure del personale sanitario del SUEM per le necessarie valutazioni. Per consentire le operazioni di soccorso e la messa in sicurezza dell\u2019area, la strada \u00e8 rimasta chiusa al traffico per circa un\u2019ora. Presenti sul posto anche i Carabinieri per i rilievi di competenza. Le operazioni di ripristino della viabilit\u00e0 si sono concluse intorno alle ore 23:30.<\/p>\n<p>&nbsp;<\/p>\n<p>&nbsp;<\/p>\n<p>&nbsp;<\/p>\n<hr \/>\n<p>&nbsp;<\/p>\n<blockquote>\n<h3>MALORE SULLA PISTA DA SCI DI ARABBA: 40ENNE TRASPORTATO IN ELICOTTERO A TREVISO<\/h3>\n<\/blockquote>\n<p><strong><a class=\"dt-pswp-item\" href=\"https:\/\/www.radiopiu.net\/wordpress\/wp-content\/uploads\/2025\/01\/salt.png\" data-dt-img-description=\"\" data-large_image_width=\"707\" data-large_image_height=\"362\"><img loading=\"lazy\" decoding=\"async\" class=\" wp-image-430223 alignleft\" src=\"https:\/\/www.radiopiu.net\/wordpress\/wp-content\/uploads\/2025\/01\/salt-300x154.png\" alt=\"\" width=\"234\" height=\"120\" srcset=\"https:\/\/www.radiopiu.net\/wordpress\/wp-content\/uploads\/2025\/01\/salt-300x154.png 300w, https:\/\/www.radiopiu.net\/wordpress\/wp-content\/uploads\/2025\/01\/salt.png 707w\" sizes=\"auto, (max-width: 234px) 100vw, 234px\" \/><\/a>LIVINALLONGO <\/strong>Malore sulla pista da sci di Arabba nella tarda mattinata di ieri. Un uomo di 40 anni, di nazionalit\u00e0 ceca, si \u00e8 sentito improvvisamente male intorno alle ore 11 mentre sciava, andando a scontrarsi con un altro sciatore. I primi a intervenire sono stati gli agenti della Polizia di Stato, seguiti dal Soccorso piste che ha prestato le prime cure sul posto. Considerate le condizioni dello sciatore, \u00e8 stato richiesto l\u2019intervento dell\u2019eliambulanza Falco, che ha provveduto al trasporto all\u2019ospedale Ca\u2019 Foncello di Treviso. L\u2019uomo ha riportato un politrauma grave e un trauma cranico, nonostante l\u2019utilizzo del casco.<\/p>\n<p>&nbsp;<\/p>\n<p>&nbsp;<\/p>\n<hr \/>\n<p>&nbsp;<\/p>\n<div class=\"page-title-head hgroup\">\n<blockquote>\n<h3 class=\"entry-title\">RUBATA UNA PEUGEOT 206 A LENTIAI<\/h3>\n<\/blockquote>\n<\/div>\n<p><strong><img loading=\"lazy\" decoding=\"async\" class=\"alignleft\" src=\"https:\/\/www.radiopiu.net\/wordpress\/wp-content\/uploads\/2025\/12\/598309770_3291329051037143_796298362681557018_n.jpg\" width=\"151\" height=\"241\" \/>BORGO VALBELLUNA<\/strong><br data-start=\"69\" data-end=\"72\" \/>Rubata una Peugeot 206 posteggiata a Lentiai.\u00a0Brutta sorpresa ieri mattina per una residente, che non ha pi\u00f9 trovato la propria auto dove l\u2019aveva lasciata parcheggiata sotto casa, in localit\u00e0\u00a0Centore.Il veicolo, una Peugeot 206 di colore chiaro e modello datato ma in buone condizioni, \u00e8 stato probabilmente preso di mira durante la notte. La proprietaria ha immediatamente segnalato il furto e ha lanciato un appello sui social, invitando chiunque noti l\u2019auto, targata\u00a0BM, a contattare i carabinieri della Compagnia di Feltre.Nella stessa notte sarebbero stati segnalati anche\u00a0furti su due auto a Busche, poco distante. Al momento non ci sono conferme ufficiali, ma non si esclude che gli episodi possano essere collegati.Sono attese eventuali denunce formali che potrebbero fornire ulteriori elementi utili alle indagini. Qualsiasi segnalazione da parte dei cittadini potrebbe rivelarsi preziosa.<\/p>\n<p>&nbsp;<\/p>\n<p>&nbsp;<\/p>\n<hr \/>\n<p>&nbsp;<\/p>\n<p><span style=\"color: #ff0000;\"><strong>LA GIUDIZIARIA OGGI<\/strong><\/span><br \/>\n<span style=\"color: #ff0000;\"><strong>DAL CORRIERE DELLE ALPI<\/strong><\/span><br \/>\n<span style=\"color: #ff0000;\"><strong>GIGI SOSSO<\/strong><\/span><\/p>\n<blockquote>\n<h3 data-start=\"0\" data-end=\"48\">STUPRO IN CASA A BELLUNO, A PROCESSO L\u2019EX MARITO<\/h3>\n<\/blockquote>\n<p data-start=\"50\" data-end=\"401\"><strong>BELLUNO <\/strong>Una madre di famiglia ha denunciato l\u2019ex marito per violenza sessuale aggravata. I fatti risalgono alla notte tra il 22 e il 23 luglio: l\u2019uomo, andato a casa per vedere i figli, si sarebbe trattenuto oltre il tempo consentito e avrebbe costretto la donna a un rapporto non consensuale sul divano di casa, nonostante il suo chiaro dissenso.La denuncia \u00e8 stata presentata poche ore dopo. La Procura contesta anche la recidiva. La donna si costituir\u00e0 parte civile. Prime decisioni attese a febbraio.<\/p>\n<blockquote>\n<h3 data-start=\"0\" data-end=\"53\">MALTRATTAMENTI E VIOLENZE SESSUALI, MARITO A PROCESSO<\/h3>\n<\/blockquote>\n<p data-start=\"55\" data-end=\"356\"><strong>BELLUNO <\/strong>Un cittadino marocchino \u00e8 stato rinviato a giudizio per maltrattamenti in famiglia e violenze sessuali nei confronti della moglie. L\u2019udienza di apertura del processo \u00e8 fissata per l\u201911 febbraio. L\u2019uomo, che respinge le accuse parlando di comportamenti reciproci, ha scelto il rito ordinario. La donna si \u00e8 costituita parte civile. A sostegno dell\u2019accusa ci sono anche immagini registrate da una telecamera installata dai carabinieri sotto copertura nell\u2019abitazione, che documenterebbero episodi di violenza avvenuti anche davanti alla figlia di tre anni, elemento considerato aggravante.<\/p>\n<blockquote>\n<h3 data-start=\"0\" data-end=\"96\">CORTINA, RIG\u00d2 AUTO IN SOSTA: ASSOLTO<\/h3>\n<\/blockquote>\n<p data-start=\"98\" data-end=\"634\" data-is-last-node=\"\" data-is-only-node=\"\"><strong>CORTINA <\/strong>A Cortina un uomo accusato di aver rigato alcune auto parcheggiate \u00e8 stato assolto per la particolare tenuit\u00e0 del fatto.\u00a0 Era finito a processo dopo essere stato ripreso da una telecamera di videosorveglianza mentre si aggirava tra le vetture. La Procura aveva chiesto otto mesi di reclusione per danneggiamento aggravato, ma la difesa ha contestato la ricostruzione e chiesto l\u2019assoluzione. Il giudice Federico Montalto ha ritenuto il fatto di lieve entit\u00e0 e ha pronunciato sentenza di assoluzione.<\/p>\n<div class=\"flex flex-col text-sm pb-25\">\n<article class=\"text-token-text-primary w-full focus:outline-none [--shadow-height:45px] has-data-writing-block:pointer-events-none has-data-writing-block:-mt-(--shadow-height) has-data-writing-block:pt-(--shadow-height) [&amp;:has([data-writing-block])&gt;*]:pointer-events-auto [content-visibility:auto] supports-[content-visibility:auto]:[contain-intrinsic-size:auto_100lvh] scroll-mt-[calc(var(--header-height)+min(200px,max(70px,20svh)))]\" dir=\"auto\" tabindex=\"-1\" data-turn-id=\"461143de-892d-4a06-9a48-aa6eb1faaf6a\" data-testid=\"conversation-turn-2\" data-scroll-anchor=\"true\" data-turn=\"assistant\">\n<div class=\"text-base my-auto mx-auto pb-10 [--thread-content-margin:--spacing(4)] @w-sm\/main:[--thread-content-margin:--spacing(6)] @w-lg\/main:[--thread-content-margin:--spacing(16)] px-(--thread-content-margin)\">\n<div class=\"[--thread-content-max-width:40rem] @w-lg\/main:[--thread-content-max-width:48rem] mx-auto max-w-(--thread-content-max-width) flex-1 group\/turn-messages focus-visible:outline-hidden relative flex w-full min-w-0 flex-col agent-turn\" tabindex=\"-1\">\n<div class=\"z-0 flex min-h-[46px] justify-start\">\n<blockquote>\n<h3 data-start=\"0\" data-end=\"88\">CICLISTA VENEZIANO TRAVOLTO AL FALZAREGO, PATTEGGIATI 11 MESI<\/h3>\n<\/blockquote>\n<p data-start=\"90\" data-end=\"632\" data-is-last-node=\"\" data-is-only-node=\"\"><strong>CORTINA<\/strong> Ha patteggiato undici mesi di reclusione, con pena sospesa, il cittadino tedesco e per l\u2019omicidio stradale del ciclista veneziano Norberto Nardelli, morto dopo essere stato investito sul passo Falzarego. L\u2019incidente risale al 2 agosto scorso: secondo i carabinieri, durante un sorpasso l\u2019auto rientr\u00f2 troppo presto urtando il 69enne, poi finito contro il guardrail. Nardelli \u00e8 morto dopo un mese di agonia. L\u2019accordo con la Procura sar\u00e0 ratificato dal gup il 13 gennaio, in attesa del risarcimento danni.<\/p>\n<div class=\"flex flex-col text-sm pb-25\">\n<article class=\"text-token-text-primary w-full focus:outline-none [--shadow-height:45px] has-data-writing-block:pointer-events-none has-data-writing-block:-mt-(--shadow-height) has-data-writing-block:pt-(--shadow-height) [&amp;:has([data-writing-block])&gt;*]:pointer-events-auto scroll-mt-[calc(var(--header-height)+min(200px,max(70px,20svh)))]\" dir=\"auto\" tabindex=\"-1\" data-turn-id=\"request-WEB:72206e52-7047-4786-85ca-91ca7df297eb-1\" data-testid=\"conversation-turn-4\" data-scroll-anchor=\"true\" data-turn=\"assistant\">\n<div class=\"text-base my-auto mx-auto pb-10 [--thread-content-margin:--spacing(4)] @w-sm\/main:[--thread-content-margin:--spacing(6)] @w-lg\/main:[--thread-content-margin:--spacing(16)] px-(--thread-content-margin)\">\n<div class=\"[--thread-content-max-width:40rem] @w-lg\/main:[--thread-content-max-width:48rem] mx-auto max-w-(--thread-content-max-width) flex-1 group\/turn-messages focus-visible:outline-hidden relative flex w-full min-w-0 flex-col agent-turn\" tabindex=\"-1\">\n<div class=\"z-0 flex min-h-[46px] justify-start\"><\/div>\n<div class=\"mt-3 w-full empty:hidden\">\n<div class=\"text-center\"><\/div>\n<\/div>\n<\/div>\n<\/div>\n<\/article>\n<\/div>\n<\/div>\n<\/div>\n<\/div>\n<\/article>\n<\/div>\n<p>&nbsp;<\/p>\n<hr \/>\n<p>&nbsp;<\/p>\n<blockquote>\n<h1>HYDRO, TREGUA FINO A FEBBRAIO: STOP AI LICENZIAMENTI, SI CERCA UN COMPRATORE<\/h1>\n<div class=\"flex flex-col text-sm pb-25\">\n<article class=\"text-token-text-primary w-full focus:outline-none [--shadow-height:45px] has-data-writing-block:pointer-events-none has-data-writing-block:-mt-(--shadow-height) has-data-writing-block:pt-(--shadow-height) [&amp;:has([data-writing-block])&gt;*]:pointer-events-auto scroll-mt-[calc(var(--header-height)+min(200px,max(70px,20svh)))]\" dir=\"auto\" tabindex=\"-1\" data-turn-id=\"request-WEB:72206e52-7047-4786-85ca-91ca7df297eb-2\" data-testid=\"conversation-turn-6\" data-scroll-anchor=\"true\" data-turn=\"assistant\">\n<div class=\"text-base my-auto mx-auto pb-10 [--thread-content-margin:--spacing(4)] @w-sm\/main:[--thread-content-margin:--spacing(6)] @w-lg\/main:[--thread-content-margin:--spacing(16)] px-(--thread-content-margin)\">\n<div class=\"[--thread-content-max-width:40rem] @w-lg\/main:[--thread-content-max-width:48rem] mx-auto max-w-(--thread-content-max-width) flex-1 group\/turn-messages focus-visible:outline-hidden relative flex w-full min-w-0 flex-col agent-turn\" tabindex=\"-1\">\n<div class=\"flex max-w-full flex-col grow\">\n<div class=\"min-h-8 text-message relative flex w-full flex-col items-end gap-2 text-start break-words whitespace-normal [.text-message+&amp;]:mt-1\" dir=\"auto\" data-message-author-role=\"assistant\" data-message-id=\"f3494f3d-a822-459a-9795-410fb9e22be9\" data-message-model-slug=\"gpt-5-2\">\n<div class=\"flex w-full flex-col gap-1 empty:hidden first:pt-[1px]\">\n<div class=\"markdown prose dark:prose-invert w-full break-words dark markdown-new-styling\">\n<p data-start=\"105\" data-end=\"1221\" data-is-last-node=\"\" data-is-only-node=\"\"><img loading=\"lazy\" decoding=\"async\" class=\"alignleft\" src=\"https:\/\/www.radiopiu.net\/wordpress\/wp-content\/uploads\/2025\/12\/hydro-stabilimento.jpeg\" width=\"312\" height=\"234\" \/>Quattro ore di confronto a Mestre tra Hydro, sindacati, istituzioni e Rsu si sono concluse con una tregua sulla crisi dell\u2019ex metallurgica di Feltre, che la multinazionale norvegese intende chiudere nel 2026. L\u2019azienda ha confermato senza ripensamenti la volont\u00e0 di cessare l\u2019attivit\u00e0, spegnendo le speranze di un cambio di strategia. Tuttavia, la pressione dei lavoratori ha portato a un primo risultato: Hydro non avvier\u00e0 nell\u2019immediato procedure unilaterali n\u00e9 licenziamenti collettivi. Fino4 ai primi di febbraio lo stabilimento rester\u00e0 pienamente operativo e non ci saranno \u201ccolpi di mano\u201d. Questo periodo servir\u00e0 a esplorare soluzioni alternative, in particolare la cessione del sito. Hydro si \u00e8 impegnata a valutare concretamente l\u2019ipotesi di vendita e a consentire l\u2019accesso a eventuali soggetti interessati alla reindustrializzazione, considerata l\u2019opzione pi\u00f9 solida per garantire continuit\u00e0 produttiva e occupazionale.<br data-start=\"1060\" data-end=\"1063\" \/>I sindacati parlano di tempo prezioso guadagnato, ma restano prudenti: la partita \u00e8 aperta e molto dipender\u00e0 dalle decisioni finali dei vertici Hydro di Oslo.<\/p>\n<\/div>\n<\/div>\n<\/div>\n<\/div>\n<\/div>\n<\/div>\n<\/article>\n<\/div>\n<div class=\"pointer-events-none h-px w-px absolute bottom-0\" aria-hidden=\"true\" data-edge=\"true\"><\/div>\n<div aria-hidden=\"true\" data-edge=\"true\"><\/div>\n<blockquote>\n<h2>CONTINUIT\u00c0 INDUSTRIALE E TUTELE PER I LAVORATORI DELLA HYDRO<\/h2>\n<\/blockquote>\n<p><strong>FELTRE <\/strong>\u201cLa responsabilit\u00e0 sociale non va dichiarata, ma esercitata\u201d, ha affermato il sindaco di Feltre, Viviana Fusaro, al termine dell\u2019incontro con sindacati e rappresentanti della Hydro, tenutosi oggi nella sede di Veneto Lavoro a Mestre. Durante oltre tre ore di confronto sono stati fissati paletti chiari: nessuna procedura di licenziamento verr\u00e0 avviata e la piena operativit\u00e0 degli impianti sar\u00e0 garantita. Un passaggio fondamentale per tutelare i lavoratori e mantenere il valore industriale dello stabilimento, rendendolo credibile per eventuali futuri acquirenti. Il prossimo incontro, previsto all\u2019inizio di febbraio, servir\u00e0 a verificare i progressi e valutare possibili soggetti interessati a subentrare. Fusaro ha sottolineato l\u2019importanza dello stabilimento per la storia economica e sociale di Feltre: \u201cDare continuit\u00e0 significa preservare posti di lavoro qualificati e mantenere un presidio produttivo strategico per la citt\u00e0\u201d. L\u2019Amministrazione comunale seguir\u00e0 attentamente l\u2019evoluzione della vertenza, in stretto raccordo con Regione e parti coinvolte.<\/p>\n<p>&nbsp;<\/p><\/blockquote>\n<p>&nbsp;<\/p>\n<hr \/>\n<p>&nbsp;<\/p>\n<blockquote>\n<h3>IL BELLUNESE FA INCETTA DI RICONOSCIMENTI ALL\u2019OTTAVA EDIZIONE DEL PREMIO IMPRENDITORIA FEMMINILE<\/h3>\n<\/blockquote>\n<p><strong><a class=\"dt-pswp-item\" href=\"https:\/\/www.radiopiu.net\/wordpress\/wp-content\/uploads\/2025\/12\/46b42e03-f521-4cc6-a543-692bf4402a5b.jpg\" data-dt-img-description=\"\" data-large_image_width=\"1600\" data-large_image_height=\"1200\"><img loading=\"lazy\" decoding=\"async\" class=\" wp-image-486278 alignleft\" src=\"https:\/\/www.radiopiu.net\/wordpress\/wp-content\/uploads\/2025\/12\/46b42e03-f521-4cc6-a543-692bf4402a5b-300x225.jpg\" alt=\"\" width=\"164\" height=\"123\" srcset=\"https:\/\/www.radiopiu.net\/wordpress\/wp-content\/uploads\/2025\/12\/46b42e03-f521-4cc6-a543-692bf4402a5b-300x225.jpg 300w, https:\/\/www.radiopiu.net\/wordpress\/wp-content\/uploads\/2025\/12\/46b42e03-f521-4cc6-a543-692bf4402a5b-1024x768.jpg 1024w, https:\/\/www.radiopiu.net\/wordpress\/wp-content\/uploads\/2025\/12\/46b42e03-f521-4cc6-a543-692bf4402a5b-768x576.jpg 768w, https:\/\/www.radiopiu.net\/wordpress\/wp-content\/uploads\/2025\/12\/46b42e03-f521-4cc6-a543-692bf4402a5b-1536x1152.jpg 1536w, https:\/\/www.radiopiu.net\/wordpress\/wp-content\/uploads\/2025\/12\/46b42e03-f521-4cc6-a543-692bf4402a5b.jpg 1600w\" sizes=\"auto, (max-width: 164px) 100vw, 164px\" \/><\/a>BELLUNO<\/strong> Primo premio assoluto e premio speciale: il Bellunese fa incetta di riconoscimenti all\u2019ottava edizione del Premio Imprenditoria Femminile, promosso dal Comitato Imprenditoria Femminile della Camera di Commercio di Treviso Belluno|Dolomiti.<\/p>\n<p><strong>DI DANIELE DALVIT<\/strong><\/p>\n<audio class=\"wp-audio-shortcode\" id=\"audio-486162-7\" preload=\"none\" style=\"width: 100%;\" controls=\"controls\"><source type=\"audio\/mpeg\" src=\"https:\/\/www.radiopiu.net\/wordpress\/wp-content\/uploads\/2025\/12\/Servizio-Premio-impresa-femminile-Camera-Commercio.mp3?_=7\" \/><a href=\"https:\/\/www.radiopiu.net\/wordpress\/wp-content\/uploads\/2025\/12\/Servizio-Premio-impresa-femminile-Camera-Commercio.mp3\">https:\/\/www.radiopiu.net\/wordpress\/wp-content\/uploads\/2025\/12\/Servizio-Premio-impresa-femminile-Camera-Commercio.mp3<\/a><\/audio>\n<p>&nbsp;<\/p>\n<hr \/>\n<p>&nbsp;<\/p>\n<blockquote>\n<h3>SERRAI DI SOTTOGUDA RIAPERTI AL PUBBLICO CON MISURE DI SICUREZZA STRINGENTI<\/h3>\n<\/blockquote>\n<p><strong><a class=\"dt-pswp-item\" href=\"https:\/\/www.radiopiu.net\/wordpress\/wp-content\/uploads\/2025\/12\/SERRAI.jpg\" data-dt-img-description=\"\" data-large_image_width=\"632\" data-large_image_height=\"945\"><img loading=\"lazy\" decoding=\"async\" class=\" wp-image-486257 alignleft\" src=\"https:\/\/www.radiopiu.net\/wordpress\/wp-content\/uploads\/2025\/12\/SERRAI-201x300.jpg\" alt=\"\" width=\"103\" height=\"154\" srcset=\"https:\/\/www.radiopiu.net\/wordpress\/wp-content\/uploads\/2025\/12\/SERRAI-201x300.jpg 201w, https:\/\/www.radiopiu.net\/wordpress\/wp-content\/uploads\/2025\/12\/SERRAI.jpg 632w\" sizes=\"auto, (max-width: 103px) 100vw, 103px\" \/><\/a>ROCCA PIETORE<\/strong> I Serrai di Sottoguda tornano ad essere frequentabili, seppur con inderogabili accortezze legate alla sicurezza. La riapertura \u00e8 il risultato di un lavoro durato molti mesi che ha coinvolto l\u2019intera struttura comunale, con il coordinamento della segretaria comunale Maddalena Paro, il Centro Valanghe ARPAV di Arabba, il Soccorso Alpino e i legali incaricati dall\u2019amministrazione. Durante la stagione invernale il sito sar\u00e0 percorribile esclusivamente a piedi: \u00e8 vietata la discesa con sci o altri mezzi. Il Parco Naturale non sar\u00e0 gestito e l\u2019accesso avverr\u00e0 sotto esclusiva responsabilit\u00e0 dei visitatori, con l\u2019obbligo di specifici dispositivi di protezione individuale. Installata apposita cartellonistica bilingue. In caso di peggioramento delle condizioni meteo, l\u2019area potr\u00e0 essere chiusa con ordinanza.<\/p>\n<p>&nbsp;<\/p>\n<p>&nbsp;<\/p>\n<hr \/>\n<h1><\/h1>\n<h1 class=\"_title post-title entry-title\">STORIE E DRAMMI DI INCIDENTI SULLE STRADE, LA POLIZIA SI RACCONTA AI RAGAZZI<\/h1>\n<p>\u2013 Intervistati ROBERTO DELLA ROCCA (QUESTORE DI BELLUNO), SILVIO BUTTAZZONI (EX AGENTE POLIZIA DI STATO), ADELE GESSO (EX AGENTE POLIZIA DI STATO) (Servizio di\u00a0<a href=\"https:\/\/antennatre.medianordest.it\/redazione\/Stefano-Bozzi\/\">Stefano Bozzi<\/a>)<\/p>\n<p><iframe loading=\"lazy\" title=\"STORIE E DRAMMI DI INCIDENTI SULLE STRADE, LA POLIZIA SI RACCONTA AI RAGAZZI | 16\/12\/2025\" width=\"1200\" height=\"675\" src=\"https:\/\/www.youtube.com\/embed\/eTPR-mqpNpE?feature=oembed\" frameborder=\"0\" allow=\"accelerometer; autoplay; clipboard-write; encrypted-media; gyroscope; picture-in-picture; web-share\" referrerpolicy=\"strict-origin-when-cross-origin\" allowfullscreen><\/iframe><\/p>\n<p>&nbsp;<\/p>\n<hr \/>\n<p>&nbsp;<\/p>\n<div class=\"page-title title-left solid-bg breadcrumbs-mobile-off page-title-responsive-enabled\">\n<div class=\"wf-wrap\">\n<div class=\"page-title-head hgroup\">\n<blockquote>\n<h3 class=\"entry-title\">SNOWMIKE 2025, SUCCESSO TRA SPORT E PROMOZIONE DEL TERRITORIO A FALCADE E SAN PELLEGRINO<\/h3>\n<\/blockquote>\n<\/div>\n<\/div>\n<\/div>\n<div id=\"main\" class=\"sidebar-right sidebar-divider-vertical\">\n<div class=\"wf-wrap\">\n<div class=\"wf-container-main\">\n<div id=\"content\" class=\"content\" role=\"main\">\n<article id=\"post-486377\" class=\"single-postlike horizontal-fancy-style post-486377 post type-post status-publish format-standard has-post-thumbnail category-news-18 category-49 description-off\">\n<div class=\"entry-content\">\n<p><strong><img loading=\"lazy\" decoding=\"async\" class=\"alignleft\" src=\"https:\/\/www.radiopiu.net\/wordpress\/wp-content\/uploads\/2025\/12\/Screenshot-2025-12-17-050959.png\" width=\"350\" height=\"182\" \/>FALCADE<\/strong><\/p>\n<p data-start=\"0\" data-end=\"252\">Conclusa con un bilancio positivo l\u2019edizione 2025 di SnowMike, andata in scena tra Falcade e la Ski Area San Pellegrino. L\u2019evento ha unito sport, passione e promozione del territorio, portando il mondo del ciclismo e dello sport sulla neve. Molto soddisfatti gli organizzatori per la partecipazione e il clima informale che ha favorito l\u2019incontro tra atleti, giornalisti e appassionati. Tra i protagonisti anche campioni del mondo come Paolo Bettini e Alessandro Ballan. SnowMike si conferma cos\u00ec un format vincente, capace di valorizzare la montagna, creare relazioni autentiche e rafforzare l\u2019identit\u00e0 turistica di Falcade e del Passo San Pellegrino.<\/p>\n<\/div>\n<\/article>\n<\/div>\n<\/div>\n<\/div>\n<\/div>\n<p>&nbsp;<\/p>\n<hr \/>\n<p>&nbsp;<\/p>\n<blockquote>\n<h3>VELLAI, AL VIA IL RECUPERO DELLO STORICO LAVATOIO<\/h3>\n<\/blockquote>\n<p><strong><a class=\"dt-pswp-item\" href=\"https:\/\/www.radiopiu.net\/wordpress\/wp-content\/uploads\/2025\/12\/Immagine-da-Wikipedia-di-vellai.jpg\" data-dt-img-description=\"\" data-large_image_width=\"1085\" data-large_image_height=\"1276\"><img loading=\"lazy\" decoding=\"async\" class=\" wp-image-486267 alignleft\" src=\"https:\/\/www.radiopiu.net\/wordpress\/wp-content\/uploads\/2025\/12\/Immagine-da-Wikipedia-di-vellai-255x300.jpg\" alt=\"\" width=\"141\" height=\"165\" srcset=\"https:\/\/www.radiopiu.net\/wordpress\/wp-content\/uploads\/2025\/12\/Immagine-da-Wikipedia-di-vellai-255x300.jpg 255w, https:\/\/www.radiopiu.net\/wordpress\/wp-content\/uploads\/2025\/12\/Immagine-da-Wikipedia-di-vellai-871x1024.jpg 871w, https:\/\/www.radiopiu.net\/wordpress\/wp-content\/uploads\/2025\/12\/Immagine-da-Wikipedia-di-vellai-768x903.jpg 768w, https:\/\/www.radiopiu.net\/wordpress\/wp-content\/uploads\/2025\/12\/Immagine-da-Wikipedia-di-vellai.jpg 1085w\" sizes=\"auto, (max-width: 141px) 100vw, 141px\" \/><\/a>DI ALESSIA DALL&#8217;O&#8217;<\/strong><\/p>\n<p><strong>FELTRE<\/strong> Sono iniziati nei giorni scorsi i lavori di recupero del lavatoio di Vellai, storico manufatto della frazione feltrina. Le prime opere riguardano la sistemazione e la stabilizzazione del terreno. Seguiranno la ridefinizione della scarpata e dell\u2019incrocio dove il lavatoio \u00e8 locato, la posa della recinzione di cantiere e il collegamento con l\u2019acquedotto, in vista dell\u2019installazione di una fontana. L\u2019area diventer\u00e0 uno spazio di sosta e d&#8217;incontro per residenti e turisti. L\u2019intervento, del valore di poco pi\u00f9 di 56 mila euro, rientra nel progetto di valorizzazione della Claudia Augusta Altinate, che collega Feltre a Cesiomaggiore lungo l\u2019antica via romana.<\/p>\n<p>&nbsp;<\/p>\n<p>&nbsp;<\/p>\n<hr \/>\n<p>&nbsp;<\/p>\n<blockquote>\n<h3>NATALE SOLIDALE, IL VOLONTARIATO PROTAGONISTA IN PIAZZA DEI MARTIRI<\/h3>\n<\/blockquote>\n<p><strong><a class=\"dt-pswp-item\" href=\"https:\/\/www.radiopiu.net\/wordpress\/wp-content\/uploads\/2020\/04\/PIAZZA-MARTIRI-BELLUNO.jpg\" data-dt-img-description=\"\" data-large_image_width=\"550\" data-large_image_height=\"388\"><img loading=\"lazy\" decoding=\"async\" class=\" wp-image-130647 alignleft\" src=\"https:\/\/www.radiopiu.net\/wordpress\/wp-content\/uploads\/2020\/04\/PIAZZA-MARTIRI-BELLUNO-300x212.jpg\" alt=\"\" width=\"191\" height=\"135\" srcset=\"https:\/\/www.radiopiu.net\/wordpress\/wp-content\/uploads\/2020\/04\/PIAZZA-MARTIRI-BELLUNO-300x212.jpg 300w, https:\/\/www.radiopiu.net\/wordpress\/wp-content\/uploads\/2020\/04\/PIAZZA-MARTIRI-BELLUNO.jpg 550w\" sizes=\"auto, (max-width: 191px) 100vw, 191px\" \/><\/a>BELLUNO <\/strong>Torna anche quest\u2019anno il Natale Solidale in Piazza dei Martiri, uno degli appuntamenti pi\u00f9 attesi del periodo natalizio. L\u2019iniziativa \u00e8 in programma sabato 20 dicembre, dalle 9 alle 13, e offrir\u00e0 una mattinata dedicata all\u2019incontro, alla partecipazione e alla valorizzazione del volontariato locale. Le associazioni del territorio saranno presenti con i loro gazebo, materiale informativo, oggettistica artigianale e proposte per avvicinarsi alle attivit\u00e0 solidali. Un\u2019occasione per conoscere da vicino un patrimonio fondamentale della comunit\u00e0 bellunese, caratterizzato da un forte coinvolgimento anche dei giovani. La data coincide con la Giornata Internazionale della Solidariet\u00e0, richiamando il valore del prendersi cura degli altri e del costruire reti di collaborazione per il bene comune.<\/p>\n<p>&nbsp;<\/p>\n<p>&nbsp;<\/p>\n<hr \/>\n<p>&nbsp;<\/p>\n<blockquote>\n<h3>APPROVATO IL PROGETTO PER IL NUOVO SKATE PARK SOTTO IL PONTE DEGLI ALPINI<\/h3>\n<\/blockquote>\n<p><strong><a class=\"dt-pswp-item\" href=\"https:\/\/www.radiopiu.net\/wordpress\/wp-content\/uploads\/2025\/12\/SKATEBOARD-scaled.jpg\" data-dt-img-description=\"\" data-large_image_width=\"2560\" data-large_image_height=\"1707\"><img loading=\"lazy\" decoding=\"async\" class=\" wp-image-486260 alignleft\" src=\"https:\/\/www.radiopiu.net\/wordpress\/wp-content\/uploads\/2025\/12\/SKATEBOARD-300x200.jpg\" alt=\"\" width=\"173\" height=\"115\" srcset=\"https:\/\/www.radiopiu.net\/wordpress\/wp-content\/uploads\/2025\/12\/SKATEBOARD-300x200.jpg 300w, https:\/\/www.radiopiu.net\/wordpress\/wp-content\/uploads\/2025\/12\/SKATEBOARD-1024x683.jpg 1024w, https:\/\/www.radiopiu.net\/wordpress\/wp-content\/uploads\/2025\/12\/SKATEBOARD-768x512.jpg 768w, https:\/\/www.radiopiu.net\/wordpress\/wp-content\/uploads\/2025\/12\/SKATEBOARD-1536x1024.jpg 1536w, https:\/\/www.radiopiu.net\/wordpress\/wp-content\/uploads\/2025\/12\/SKATEBOARD-2048x1365.jpg 2048w\" sizes=\"auto, (max-width: 173px) 100vw, 173px\" \/><\/a>BELLUNO <\/strong>La Giunta comunale ha approvato il progetto esecutivo per la realizzazione della nuova pista da skateboard, che sorger\u00e0 sotto il Ponte degli Alpini, all\u2019interno dell\u2019area verde del piazzale dell\u2019Associazione Bellunese Volontari del Sangue. Un intervento da circa 150 mila euro, frutto di un lungo percorso di progettazione condivisa con i giovani. L\u2019obiettivo \u00e8 offrire uno spazio urbano sicuro, attrezzato e accessibile, dedicato allo sport e all\u2019aggregazione a pochi passi dal centro. Il nuovo skate park, in calcestruzzo strutturale, occuper\u00e0 una superficie di circa 290 metri quadrati e sar\u00e0 adatto a skater e BMX di ogni livello. Particolare attenzione \u00e8 stata riservata alla sostenibilit\u00e0 ambientale e alla riduzione dell\u2019impatto acustico, nell\u2019ottica di una rigenerazione urbana attenta e inclusiva.<\/p>\n<p><strong>MARCO DONNO, LEGA GIOVANI BELLUNO<\/strong><\/p>\n<audio class=\"wp-audio-shortcode\" id=\"audio-486162-8\" preload=\"none\" style=\"width: 100%;\" controls=\"controls\"><source type=\"audio\/mpeg\" src=\"https:\/\/www.radiopiu.net\/wordpress\/wp-content\/uploads\/2025\/12\/MARCO-DONNO-LEGA-GIOVANI-SKATEPARK-BELLUNO.mp3?_=8\" \/><a href=\"https:\/\/www.radiopiu.net\/wordpress\/wp-content\/uploads\/2025\/12\/MARCO-DONNO-LEGA-GIOVANI-SKATEPARK-BELLUNO.mp3\">https:\/\/www.radiopiu.net\/wordpress\/wp-content\/uploads\/2025\/12\/MARCO-DONNO-LEGA-GIOVANI-SKATEPARK-BELLUNO.mp3<\/a><\/audio>\n<p>&nbsp;<\/p>\n<hr \/>\n<p>&nbsp;<\/p>\n<blockquote>\n<h3><strong>ASSEMBLEA FRAZIONALE DI BALDENICH SULLO STADIO POLISPORTIVO E PIAZZALE DELLA RESISTENZA<\/strong><\/h3>\n<\/blockquote>\n<p><strong><a class=\"dt-pswp-item\" href=\"https:\/\/www.radiopiu.net\/wordpress\/wp-content\/uploads\/2025\/12\/STADIO-BELLUNO.jpg\" data-dt-img-description=\"\" data-large_image_width=\"686\" data-large_image_height=\"386\"><img loading=\"lazy\" decoding=\"async\" class=\" wp-image-486283 alignleft\" src=\"https:\/\/www.radiopiu.net\/wordpress\/wp-content\/uploads\/2025\/12\/STADIO-BELLUNO-300x169.jpg\" alt=\"\" width=\"179\" height=\"101\" srcset=\"https:\/\/www.radiopiu.net\/wordpress\/wp-content\/uploads\/2025\/12\/STADIO-BELLUNO-300x169.jpg 300w, https:\/\/www.radiopiu.net\/wordpress\/wp-content\/uploads\/2025\/12\/STADIO-BELLUNO.jpg 686w\" sizes=\"auto, (max-width: 179px) 100vw, 179px\" \/><\/a>BELLUNO <\/strong>Venerd\u00ec, alle 20.00 nella Sala Meeting dell\u2019Hotel Europa, si terr\u00e0 l\u2019assemblea frazionale di Baldenich per presentare il progetto di riqualificazione dello Stadio Polisportivo e di Piazzale della Resistenza. L\u2019incontro, aperto a tutti i residenti over 16, consentir\u00e0 di vedere il progetto, ascoltare i progettisti della SERTECO e interagire con il Sindaco facente funzioni Paolo Gamba e l\u2019amministrazione. Si discuteranno urbanistica, viabilit\u00e0, parcheggi, inserimento paesaggistico e gestione di eventi sportivi. L\u2019assemblea \u00e8 un\u2019occasione concreta per chiarire dubbi pratici su flussi, parcheggi e impatto sulla vita quotidiana del quartiere.<\/p>\n<p>&nbsp;<\/p>\n<p>&nbsp;<\/p>\n<hr \/>\n<p>&nbsp;<\/p>\n<blockquote>\n<h3>NUOVO SPORTELLO POSTAMAT A VOLTAGO<\/h3>\n<\/blockquote>\n<p><strong><a class=\"dt-pswp-item\" href=\"https:\/\/www.radiopiu.net\/wordpress\/wp-content\/uploads\/2025\/12\/Postamat-nuova-generazione-scaled.jpg\" data-dt-img-description=\"\" data-large_image_width=\"1704\" data-large_image_height=\"2560\"><img loading=\"lazy\" decoding=\"async\" class=\" wp-image-486254 alignleft\" src=\"https:\/\/www.radiopiu.net\/wordpress\/wp-content\/uploads\/2025\/12\/Postamat-nuova-generazione-200x300.jpg\" alt=\"\" width=\"71\" height=\"107\" srcset=\"https:\/\/www.radiopiu.net\/wordpress\/wp-content\/uploads\/2025\/12\/Postamat-nuova-generazione-200x300.jpg 200w, https:\/\/www.radiopiu.net\/wordpress\/wp-content\/uploads\/2025\/12\/Postamat-nuova-generazione-682x1024.jpg 682w, https:\/\/www.radiopiu.net\/wordpress\/wp-content\/uploads\/2025\/12\/Postamat-nuova-generazione-768x1154.jpg 768w, https:\/\/www.radiopiu.net\/wordpress\/wp-content\/uploads\/2025\/12\/Postamat-nuova-generazione-1022x1536.jpg 1022w, https:\/\/www.radiopiu.net\/wordpress\/wp-content\/uploads\/2025\/12\/Postamat-nuova-generazione-1363x2048.jpg 1363w, https:\/\/www.radiopiu.net\/wordpress\/wp-content\/uploads\/2025\/12\/Postamat-nuova-generazione-scaled.jpg 1704w\" sizes=\"auto, (max-width: 71px) 100vw, 71px\" \/><\/a>BELLUNO <\/strong>La rete degli sportelli automatici di Poste Italiane, continua a crescere. Nei giorni scorsi sono stati installati due nuovi Postamat: \u00e8 gi\u00e0 in funzione quello di Voltago Agordino ed entrer\u00e0 in funzione entro breve quello di Vodo di Cadore, portando a 49 il totale delle unit\u00e0 operative in tutta la provincia di Belluno. I due uffici postali erano gi\u00e0 stati completamente rinnovati e dotati dei nuovi servizi della Pubblica Amministrazione nell\u2019ambito del progetto \u201cPolis\u201d. Il piano di sostituzione ed installazione di nuovi\u00a0Postamat conferma la capillarit\u00e0 della presenza di Poste Italiane sul territorio e l\u2019attenzione che l\u2019Azienda riserva alle realt\u00e0 locali.<\/p>\n<p>&nbsp;<\/p>\n<p>&nbsp;<\/p>\n<hr \/>\n<p>&nbsp;<\/p>\n<blockquote>\n<h3>CORTINA WELCOME 2026: L\u2019ACCOGLIENZA DIVENTA PROGETTO DI COMUNIT\u00c0<\/h3>\n<\/blockquote>\n<p><strong><a class=\"dt-pswp-item\" href=\"https:\/\/www.radiopiu.net\/wordpress\/wp-content\/uploads\/2025\/10\/CORTINA-scaled.jpeg\" data-dt-img-description=\"\" data-large_image_width=\"2560\" data-large_image_height=\"1760\"><img loading=\"lazy\" decoding=\"async\" class=\" wp-image-476894 alignleft\" src=\"https:\/\/www.radiopiu.net\/wordpress\/wp-content\/uploads\/2025\/10\/CORTINA-300x206.jpeg\" alt=\"\" width=\"198\" height=\"136\" srcset=\"https:\/\/www.radiopiu.net\/wordpress\/wp-content\/uploads\/2025\/10\/CORTINA-300x206.jpeg 300w, https:\/\/www.radiopiu.net\/wordpress\/wp-content\/uploads\/2025\/10\/CORTINA-1024x704.jpeg 1024w, https:\/\/www.radiopiu.net\/wordpress\/wp-content\/uploads\/2025\/10\/CORTINA-768x528.jpeg 768w, https:\/\/www.radiopiu.net\/wordpress\/wp-content\/uploads\/2025\/10\/CORTINA-1536x1056.jpeg 1536w, https:\/\/www.radiopiu.net\/wordpress\/wp-content\/uploads\/2025\/10\/CORTINA-2048x1408.jpeg 2048w\" sizes=\"auto, (max-width: 198px) 100vw, 198px\" \/><\/a>CORTINA <\/strong>Cortina d\u2019Ampezzo si prepara ai Giochi Olimpici e Paralimpici Invernali di Milano-Cortina 2026 con Cortina Welcome 2026, un programma integrato dedicato all\u2019accoglienza turistica e alla valorizzazione dell\u2019identit\u00e0 locale. Presentato in Sala Consiliare dal Vicesindaco Roberta Alver\u00e0 e da Josep Ejarque, il progetto punta a trasformare l\u2019ospitalit\u00e0 in un\u2019esperienza riconoscibile, elegante e autentica, coinvolgendo cittadini, operatori e volontari. Tra le iniziative principali spicca il Cortina Welcome Team, composto da 150 volontari multigenerazionali, e il programma Welcome 2026 Host City, che uniformer\u00e0 visivamente la citt\u00e0 durante i Giochi. Ampio spazio \u00e8 riservato a Cortina Welcome Hospitality per supportare hotel, negozi e ristoranti, e al Media Center, punto di riferimento per giornalisti e creator. Gli Ambassador del territorio rappresenteranno i valori locali, contribuendo alla comunicazione e alla promozione della citt\u00e0.<\/p>\n<p>&nbsp;<\/p>\n<p>&nbsp;<\/p>\n<hr \/>\n<p>&nbsp;<\/p>\n<blockquote>\n<h3>MILANO CORTINA 2026: INFRASTRUTTURE E MOBILIT\u00c0 PER IL FUTURO<\/h3>\n<\/blockquote>\n<p><strong><a class=\"dt-pswp-item\" href=\"https:\/\/www.radiopiu.net\/wordpress\/wp-content\/uploads\/2025\/12\/2024-12-Imbocco-Valle-di-Cadore-ovest-scaled.jpg\" data-dt-img-description=\"\" data-large_image_width=\"2560\" data-large_image_height=\"1438\"><img loading=\"lazy\" decoding=\"async\" class=\" wp-image-485035 alignleft\" src=\"https:\/\/www.radiopiu.net\/wordpress\/wp-content\/uploads\/2025\/12\/2024-12-Imbocco-Valle-di-Cadore-ovest-300x168.jpg\" alt=\"\" width=\"157\" height=\"88\" srcset=\"https:\/\/www.radiopiu.net\/wordpress\/wp-content\/uploads\/2025\/12\/2024-12-Imbocco-Valle-di-Cadore-ovest-300x168.jpg 300w, https:\/\/www.radiopiu.net\/wordpress\/wp-content\/uploads\/2025\/12\/2024-12-Imbocco-Valle-di-Cadore-ovest-1024x575.jpg 1024w, https:\/\/www.radiopiu.net\/wordpress\/wp-content\/uploads\/2025\/12\/2024-12-Imbocco-Valle-di-Cadore-ovest-768x431.jpg 768w, https:\/\/www.radiopiu.net\/wordpress\/wp-content\/uploads\/2025\/12\/2024-12-Imbocco-Valle-di-Cadore-ovest-1536x863.jpg 1536w, https:\/\/www.radiopiu.net\/wordpress\/wp-content\/uploads\/2025\/12\/2024-12-Imbocco-Valle-di-Cadore-ovest-2048x1150.jpg 2048w\" sizes=\"auto, (max-width: 157px) 100vw, 157px\" \/><\/a>REDAZIONE <\/strong>A 50 giorni dall\u2019inizio delle Olimpiadi, MIT e SIMICO, insieme alle amministrazioni locali, confermano l\u2019impegno per completare interventi essenziali e realizzare infrastrutture durature. Il vicepresidente del Consiglio e ministro Salvini monitora costantemente i lavori sulle vallate alpine, garantendo il rispetto dei cronoprogrammi. Strade riqualificate, varianti viarie, parcheggi di interscambio e collegamenti pi\u00f9 efficienti stanno migliorando la mobilit\u00e0, con benefici concreti per residenti e visitatori. Molte opere funzionali ai Giochi sono gi\u00e0 in corso, mentre altre, programmate post-evento, rafforzano la legacy. Milano Cortina 2026 accelera interventi attesi da anni, aumentando sicurezza, accessibilit\u00e0 e connessione dei territori, lasciando un sistema di mobilit\u00e0 moderno, sostenibile e strategico per il futuro.<\/p>\n<p>&nbsp;<\/p>\n<hr \/>\n<div class=\"bd_header_single bd_header_single_template_2\">\n<div class=\"bd-container\">\n<div class=\"bd_header_single_holder\">\n<h1 class=\"_title post-title entry-title\"><\/h1>\n<h1 class=\"_title post-title entry-title\">BELLUNO | SCAMBIO DI AUGURI IN CCIAA, POZZA: \u00abAFFRONTARE I MERCATI CON VISIONE DI SISTEMA\u00bb<\/h1>\n<div class=\"article-meta-info\">\n<div class=\"cfix\"><\/div>\n<\/div>\n<\/div>\n<\/div>\n<\/div>\n<p>Intervistati MARIO POZZA (PRESIDENTE CCIAA BELLUNO TREVISO) (Servizio di\u00a0<a href=\"https:\/\/antennatre.medianordest.it\/redazione\/Tiziana-Bolognani\/\">Tiziana Bolognani<\/a>)<\/p>\n<p><iframe loading=\"lazy\" title=\"SCAMBIO DI AUGURI IN CCIAA, POZZA: \u00abAFFRONTARE I MERCATI CON VISIONE DI SISTEMA\u00bb | 16\/12\/2025\" width=\"1200\" height=\"675\" src=\"https:\/\/www.youtube.com\/embed\/gMItsYxE3tU?feature=oembed\" frameborder=\"0\" allow=\"accelerometer; autoplay; clipboard-write; encrypted-media; gyroscope; picture-in-picture; web-share\" referrerpolicy=\"strict-origin-when-cross-origin\" allowfullscreen><\/iframe><\/p>\n<p>&nbsp;<\/p>\n<hr \/>\n<p>&nbsp;<\/p>\n<blockquote>\n<h3>AGORDO PRESENTA IL VOLONTARIATO CIVICO<\/h3>\n<\/blockquote>\n<p><strong><a class=\"dt-pswp-item\" href=\"https:\/\/www.radiopiu.net\/wordpress\/wp-content\/uploads\/2025\/12\/b3455062-a9c1-4777-ac20-1870c50e09fa.jpg\" data-dt-img-description=\"\" data-large_image_width=\"2048\" data-large_image_height=\"1152\"><img loading=\"lazy\" decoding=\"async\" class=\" wp-image-486311 alignleft\" src=\"https:\/\/www.radiopiu.net\/wordpress\/wp-content\/uploads\/2025\/12\/b3455062-a9c1-4777-ac20-1870c50e09fa-300x169.jpg\" alt=\"\" width=\"202\" height=\"114\" srcset=\"https:\/\/www.radiopiu.net\/wordpress\/wp-content\/uploads\/2025\/12\/b3455062-a9c1-4777-ac20-1870c50e09fa-300x169.jpg 300w, https:\/\/www.radiopiu.net\/wordpress\/wp-content\/uploads\/2025\/12\/b3455062-a9c1-4777-ac20-1870c50e09fa-1024x576.jpg 1024w, https:\/\/www.radiopiu.net\/wordpress\/wp-content\/uploads\/2025\/12\/b3455062-a9c1-4777-ac20-1870c50e09fa-768x432.jpg 768w, https:\/\/www.radiopiu.net\/wordpress\/wp-content\/uploads\/2025\/12\/b3455062-a9c1-4777-ac20-1870c50e09fa-1536x864.jpg 1536w, https:\/\/www.radiopiu.net\/wordpress\/wp-content\/uploads\/2025\/12\/b3455062-a9c1-4777-ac20-1870c50e09fa.jpg 2048w\" sizes=\"auto, (max-width: 202px) 100vw, 202px\" \/><\/a>AGORDO<\/strong> Alla Biblioteca Civica, la presentazione del nuovo regolamento per il servizio di volontariato civico e l\u2019istituzione dell\u2019Albo dei Volontari. L\u2019incontro, promosso dal sindaco, illustrer\u00e0 finalit\u00e0, modalit\u00e0 di adesione e ambiti di intervento, valorizzando la partecipazione attiva dei cittadini. Un\u2019occasione di confronto e informazione aperta a tutti, per rafforzare il senso di comunit\u00e0 e la collaborazione con l\u2019amministrazione comunale locale e solidale condivisa.<\/p>\n<p><strong>LA DIRETTA RADIO PIU&#8217;<\/strong><\/p>\n<p><iframe loading=\"lazy\" title=\"AGORDO PRESENTA IL VOLONTARIATO CIVICO\" width=\"1200\" height=\"675\" src=\"https:\/\/www.youtube.com\/embed\/aCfyDlYY710?feature=oembed\" frameborder=\"0\" allow=\"accelerometer; autoplay; clipboard-write; encrypted-media; gyroscope; picture-in-picture; web-share\" referrerpolicy=\"strict-origin-when-cross-origin\" allowfullscreen><\/iframe><\/p>\n<p>&nbsp;<\/p>\n<hr \/>\n<p>&nbsp;<\/p>\n<blockquote>\n<h3>RICERCA, IMPRESE E GIOVANI: 1,2 MILIONI PER L\u2019INNOVAZIONE SOSTENIBILE<\/h3>\n<\/blockquote>\n<p><strong><a class=\"dt-pswp-item\" href=\"https:\/\/www.radiopiu.net\/wordpress\/wp-content\/uploads\/2024\/05\/CARIVERONA.jpg\" data-dt-img-description=\"\" data-large_image_width=\"2048\" data-large_image_height=\"2048\"><img loading=\"lazy\" decoding=\"async\" class=\" wp-image-389215 alignleft\" src=\"https:\/\/www.radiopiu.net\/wordpress\/wp-content\/uploads\/2024\/05\/CARIVERONA-300x300.jpg\" alt=\"\" width=\"123\" height=\"123\" srcset=\"https:\/\/www.radiopiu.net\/wordpress\/wp-content\/uploads\/2024\/05\/CARIVERONA-300x300.jpg 300w, https:\/\/www.radiopiu.net\/wordpress\/wp-content\/uploads\/2024\/05\/CARIVERONA-1024x1024.jpg 1024w, https:\/\/www.radiopiu.net\/wordpress\/wp-content\/uploads\/2024\/05\/CARIVERONA-150x150.jpg 150w, https:\/\/www.radiopiu.net\/wordpress\/wp-content\/uploads\/2024\/05\/CARIVERONA-768x768.jpg 768w, https:\/\/www.radiopiu.net\/wordpress\/wp-content\/uploads\/2024\/05\/CARIVERONA-1536x1536.jpg 1536w, https:\/\/www.radiopiu.net\/wordpress\/wp-content\/uploads\/2024\/05\/CARIVERONA.jpg 2048w\" sizes=\"auto, (max-width: 123px) 100vw, 123px\" \/><\/a>VERONA <\/strong>Fondazione Cariverona, in partnership con Fondazione Caritro, lancia il Bando Ricerca &amp; Sviluppo mettendo a disposizione 1,2 milioni di euro per sostenere progetti congiunti tra imprese e centri di ricerca nei territori di Verona, Vicenza, Belluno, Mantova e Ancona. L\u2019iniziativa punta su economia circolare, transizione verde, tecnologie Industria 5.0 e intelligenza artificiale, con un\u2019attenzione particolare ai giovani ricercatori under 35. I contributi, fino a 100 mila euro per progetto, finanzieranno esclusivamente contratti e attivit\u00e0 di ricerca, favorendo occupazione qualificata e sostenibilit\u00e0 delle filiere locali. Le imprese dovranno cofinanziare almeno il 30%. Le candidature vanno presentate online entro il 6 marzo 2026.<\/p>\n<p>&nbsp;<\/p>\n<p>&nbsp;<\/p>\n<hr \/>\n<p>&nbsp;<\/p>\n<blockquote>\n<h3>CONCORSO PER ALLIEVI UFFICIALI DEI CARABINIERI<\/h3>\n<\/blockquote>\n<p><strong><a class=\"dt-pswp-item\" href=\"https:\/\/www.radiopiu.net\/wordpress\/wp-content\/uploads\/2025\/12\/Foto-1.jpeg\" data-dt-img-description=\"\" data-large_image_width=\"1600\" data-large_image_height=\"1200\"><img loading=\"lazy\" decoding=\"async\" class=\" wp-image-485777 alignleft\" src=\"https:\/\/www.radiopiu.net\/wordpress\/wp-content\/uploads\/2025\/12\/Foto-1-300x225.jpeg\" alt=\"\" width=\"127\" height=\"95\" srcset=\"https:\/\/www.radiopiu.net\/wordpress\/wp-content\/uploads\/2025\/12\/Foto-1-300x225.jpeg 300w, https:\/\/www.radiopiu.net\/wordpress\/wp-content\/uploads\/2025\/12\/Foto-1-1024x768.jpeg 1024w, https:\/\/www.radiopiu.net\/wordpress\/wp-content\/uploads\/2025\/12\/Foto-1-768x576.jpeg 768w, https:\/\/www.radiopiu.net\/wordpress\/wp-content\/uploads\/2025\/12\/Foto-1-1536x1152.jpeg 1536w, https:\/\/www.radiopiu.net\/wordpress\/wp-content\/uploads\/2025\/12\/Foto-1.jpeg 1600w\" sizes=\"auto, (max-width: 127px) 100vw, 127px\" \/><\/a>REDAZIONE <\/strong>Sono aperte le procedure per il concorso di selezione e arruolamento di 65 Allievi Ufficiali dei Carabinieri in servizio permanente. Le domande possono essere presentate online fino al 9 gennaio sul sito dell\u2019Arma. Il concorso prevede prove scritte, fisiche, psico-attitudinali, orali e un tirocinio. Possono partecipare giovani tra 17 e 22 anni con diploma. I vincitori frequenteranno un corso quinquennale con formazione militare e universitaria in giurisprudenza.<\/p>\n<p>&nbsp;<\/p>\n<p>&nbsp;<\/p>\n<hr \/>\n<p>&nbsp;<\/p>\n<blockquote>\n<h3>CONCORSO POLIZIA DI STATO PER ATLETI PARALIMPICI<\/h3>\n<\/blockquote>\n<p><strong>BELLUNO <\/strong>\u00c8 stato pubblicato l\u201911 dicembre 2025 il bando di concorso pubblico, per titoli, per l\u2019assunzione di 4 atleti paralimpici di interesse nazionale nei gruppi sportivi della Polizia di Stato, Sezione paralimpica Fiamme Oro. Il concorso \u00e8 rivolto ad atleti riconosciuti dal Comitato Italiano Paralimpico. Il bando \u00e8 disponibile sul Portale Unico del Reclutamento InPA e sul sito della Polizia di Stato. Le domande di partecipazione devono essere presentate entro 30 giorni dalla pubblicazione, esclusivamente online tramite i portali indicati.<\/p>\n<p>&nbsp;<\/p>\n<p>&nbsp;<\/p>\n<hr \/>\n<p>&nbsp;<\/p>\n<blockquote>\n<h3>IL CENTRO INTERNAZIONALE DEL LIBRO PARLATO PROMUOVE UNA MARATONA DI LETTURA PER LE PARALIMPIADI 2026<\/h3>\n<\/blockquote>\n<p><strong><a class=\"dt-pswp-item\" href=\"https:\/\/www.radiopiu.net\/wordpress\/wp-content\/uploads\/2025\/12\/CILP.jpg\" data-dt-img-description=\"\" data-large_image_width=\"512\" data-large_image_height=\"250\"><img loading=\"lazy\" decoding=\"async\" class=\" wp-image-486295 alignleft\" src=\"https:\/\/www.radiopiu.net\/wordpress\/wp-content\/uploads\/2025\/12\/CILP-300x146.jpg\" alt=\"\" width=\"197\" height=\"96\" srcset=\"https:\/\/www.radiopiu.net\/wordpress\/wp-content\/uploads\/2025\/12\/CILP-300x146.jpg 300w, https:\/\/www.radiopiu.net\/wordpress\/wp-content\/uploads\/2025\/12\/CILP.jpg 512w\" sizes=\"auto, (max-width: 197px) 100vw, 197px\" \/><\/a>FELTRE <\/strong>In vista delle Paralimpiadi Invernali di Milano-Cortina 2026, il Centro Internazionale del Libro Parlato lancia un\u2019iniziativa culturale dedicata alla valorizzazione della memoria sportiva e alla partecipazione attiva della comunit\u00e0. L\u2019evento principale sar\u00e0 una maratona di lettura che coinvolger\u00e0 in particolare i giovani, invitati a leggere ad alta voce brani ispirati o legati alle Olimpiadi del 1956, creando un ponte tra passato e presente delle competizioni sportive. L\u2019iniziativa punta a trasformare la lettura in un evento corale, aperto a chiunque desideri contribuire come lettore o lettrice. Nei prossimi mesi saranno comunicati i dettagli organizzativi relativi a luogo, data e modalit\u00e0 di partecipazione. Inoltre, nel mese di gennaio verranno proposti incontri gratuiti di lettura espressiva, anche online, rivolti a tutti i partecipanti della maratona, prevista per marzo 2026. Per informazioni o adesioni: <a class=\"decorated-link cursor-pointer\" rel=\"noopener\" data-start=\"1130\" data-end=\"1151\">info@libroparlato.org<\/a>.<\/p>\n<p>&nbsp;<\/p>\n<p>&nbsp;<\/p>\n<hr \/>\n<p>&nbsp;<\/p>\n<blockquote>\n<h3>\u201cUN LIBRO IN CORSIA\u201d: 90 STORIE PER PORTARE GIOIA AI BAMBINI RICOVERATI<\/h3>\n<\/blockquote>\n<p><strong>FELTRE <\/strong>Grande partecipazione per \u201cUn libro in corsia\u201d, progetto che ha permesso di raccogliere e donare 90 libri ai reparti pediatrici di Feltre e Trento. La consegna avverr\u00e0 oggi a Feltre, con 37 volumi destinati alla pediatria, e il 22 dicembre a Trento. I libri saranno distribuiti tra prototerapia, chirurgia pediatrica e pediatria per rispondere alle esigenze dei diversi reparti. L\u2019iniziativa nasce dall\u2019Associazione 6 luglio, fondata nel gennaio 2023 da Silvia e Diego in memoria della piccola Giorgia, la cui gioia di vivere ispira progetti volti a portare serenit\u00e0 ai bambini ricoverati. Tra le attivit\u00e0 dell\u2019associazione c\u2019\u00e8 anche il \u201cProgetto Giorgia\u201d, dedicato al supporto dei piccoli pazienti oncoematologici. \u201cOgni libro donato ha un valore immenso \u2013 spiegano i promotori \u2013 perch\u00e9 pu\u00f2 rendere pi\u00f9 leggero un Natale trascorso in corsia e regalare sorrisi ai bambini e alle loro famiglie\u201d. Per informazioni: <a class=\"decorated-link cursor-pointer\" rel=\"noopener\" data-start=\"1109\" data-end=\"1136\">info@associazione6luglio.it<\/a><\/p>\n\n\t\t\t<style type='text\/css'>\n\t\t\t\t#gallery-1 {\n\t\t\t\t\tmargin: auto;\n\t\t\t\t}\n\t\t\t\t#gallery-1 .gallery-item {\n\t\t\t\t\tfloat: left;\n\t\t\t\t\tmargin-top: 10px;\n\t\t\t\t\ttext-align: center;\n\t\t\t\t\twidth: 14%;\n\t\t\t\t}\n\t\t\t\t#gallery-1 img {\n\t\t\t\t\tborder: 2px solid #cfcfcf;\n\t\t\t\t}\n\t\t\t\t#gallery-1 .gallery-caption {\n\t\t\t\t\tmargin-left: 0;\n\t\t\t\t}\n\t\t\t\t\/* see gallery_shortcode() in wp-includes\/media.php *\/\n\t\t\t<\/style>\n\t\t<div id='gallery-1' class='dt-gallery-container gallery galleryid-486162 gallery-columns-7 gallery-size-medium'><dl class='gallery-item'>\n\t\t\t\t<dt class='gallery-icon portrait'>\n\t\t\t\t\t<a class=\"rollover rollover-zoom dt-pswp-item\" title=\"771eb042-298e-49cc-b609-b1ff6c6a550d\" data-dt-img-description=\"\" data-large_image_width=\"762\" data-large_image_height=\"1600\"href='https:\/\/www.radiopiu.net\/wordpress\/wp-content\/uploads\/2025\/12\/771eb042-298e-49cc-b609-b1ff6c6a550d.jpg'><img loading=\"lazy\" decoding=\"async\" width=\"143\" height=\"300\" src=\"https:\/\/www.radiopiu.net\/wordpress\/wp-content\/uploads\/2025\/12\/771eb042-298e-49cc-b609-b1ff6c6a550d-143x300.jpg\" class=\"attachment-medium size-medium\" alt=\"\" srcset=\"https:\/\/www.radiopiu.net\/wordpress\/wp-content\/uploads\/2025\/12\/771eb042-298e-49cc-b609-b1ff6c6a550d-143x300.jpg 143w, https:\/\/www.radiopiu.net\/wordpress\/wp-content\/uploads\/2025\/12\/771eb042-298e-49cc-b609-b1ff6c6a550d-488x1024.jpg 488w, https:\/\/www.radiopiu.net\/wordpress\/wp-content\/uploads\/2025\/12\/771eb042-298e-49cc-b609-b1ff6c6a550d-732x1536.jpg 732w, https:\/\/www.radiopiu.net\/wordpress\/wp-content\/uploads\/2025\/12\/771eb042-298e-49cc-b609-b1ff6c6a550d.jpg 762w\" sizes=\"auto, (max-width: 143px) 100vw, 143px\" \/><\/a>\n\t\t\t\t<\/dt><\/dl><dl class='gallery-item'>\n\t\t\t\t<dt class='gallery-icon portrait'>\n\t\t\t\t\t<a class=\"rollover rollover-zoom dt-pswp-item\" title=\"07d78e09-28a9-4dd9-bb84-85aa8d26bf29\" data-dt-img-description=\"\" data-large_image_width=\"1232\" data-large_image_height=\"1600\"href='https:\/\/www.radiopiu.net\/wordpress\/wp-content\/uploads\/2025\/12\/07d78e09-28a9-4dd9-bb84-85aa8d26bf29.jpg'><img loading=\"lazy\" decoding=\"async\" width=\"231\" height=\"300\" src=\"https:\/\/www.radiopiu.net\/wordpress\/wp-content\/uploads\/2025\/12\/07d78e09-28a9-4dd9-bb84-85aa8d26bf29-231x300.jpg\" class=\"attachment-medium size-medium\" alt=\"\" srcset=\"https:\/\/www.radiopiu.net\/wordpress\/wp-content\/uploads\/2025\/12\/07d78e09-28a9-4dd9-bb84-85aa8d26bf29-231x300.jpg 231w, https:\/\/www.radiopiu.net\/wordpress\/wp-content\/uploads\/2025\/12\/07d78e09-28a9-4dd9-bb84-85aa8d26bf29-788x1024.jpg 788w, https:\/\/www.radiopiu.net\/wordpress\/wp-content\/uploads\/2025\/12\/07d78e09-28a9-4dd9-bb84-85aa8d26bf29-768x997.jpg 768w, https:\/\/www.radiopiu.net\/wordpress\/wp-content\/uploads\/2025\/12\/07d78e09-28a9-4dd9-bb84-85aa8d26bf29-1183x1536.jpg 1183w, https:\/\/www.radiopiu.net\/wordpress\/wp-content\/uploads\/2025\/12\/07d78e09-28a9-4dd9-bb84-85aa8d26bf29.jpg 1232w\" sizes=\"auto, (max-width: 231px) 100vw, 231px\" \/><\/a>\n\t\t\t\t<\/dt><\/dl><dl class='gallery-item'>\n\t\t\t\t<dt class='gallery-icon portrait'>\n\t\t\t\t\t<a class=\"rollover rollover-zoom dt-pswp-item\" title=\"a37cb292-4aad-4c01-a39f-03b24881d745\" data-dt-img-description=\"\" data-large_image_width=\"1175\" data-large_image_height=\"1600\"href='https:\/\/www.radiopiu.net\/wordpress\/wp-content\/uploads\/2025\/12\/a37cb292-4aad-4c01-a39f-03b24881d745.jpg'><img loading=\"lazy\" decoding=\"async\" width=\"220\" height=\"300\" src=\"https:\/\/www.radiopiu.net\/wordpress\/wp-content\/uploads\/2025\/12\/a37cb292-4aad-4c01-a39f-03b24881d745-220x300.jpg\" class=\"attachment-medium size-medium\" alt=\"\" srcset=\"https:\/\/www.radiopiu.net\/wordpress\/wp-content\/uploads\/2025\/12\/a37cb292-4aad-4c01-a39f-03b24881d745-220x300.jpg 220w, https:\/\/www.radiopiu.net\/wordpress\/wp-content\/uploads\/2025\/12\/a37cb292-4aad-4c01-a39f-03b24881d745-752x1024.jpg 752w, https:\/\/www.radiopiu.net\/wordpress\/wp-content\/uploads\/2025\/12\/a37cb292-4aad-4c01-a39f-03b24881d745-768x1046.jpg 768w, https:\/\/www.radiopiu.net\/wordpress\/wp-content\/uploads\/2025\/12\/a37cb292-4aad-4c01-a39f-03b24881d745-1128x1536.jpg 1128w, https:\/\/www.radiopiu.net\/wordpress\/wp-content\/uploads\/2025\/12\/a37cb292-4aad-4c01-a39f-03b24881d745.jpg 1175w\" sizes=\"auto, (max-width: 220px) 100vw, 220px\" \/><\/a>\n\t\t\t\t<\/dt><\/dl><dl class='gallery-item'>\n\t\t\t\t<dt class='gallery-icon portrait'>\n\t\t\t\t\t<a class=\"rollover rollover-zoom dt-pswp-item\" title=\"84db2979-26c3-48a7-88e8-d4619116f4bc\" data-dt-img-description=\"\" data-large_image_width=\"896\" data-large_image_height=\"1544\"href='https:\/\/www.radiopiu.net\/wordpress\/wp-content\/uploads\/2025\/12\/84db2979-26c3-48a7-88e8-d4619116f4bc.jpg'><img loading=\"lazy\" decoding=\"async\" width=\"174\" height=\"300\" src=\"https:\/\/www.radiopiu.net\/wordpress\/wp-content\/uploads\/2025\/12\/84db2979-26c3-48a7-88e8-d4619116f4bc-174x300.jpg\" class=\"attachment-medium size-medium\" alt=\"\" srcset=\"https:\/\/www.radiopiu.net\/wordpress\/wp-content\/uploads\/2025\/12\/84db2979-26c3-48a7-88e8-d4619116f4bc-174x300.jpg 174w, https:\/\/www.radiopiu.net\/wordpress\/wp-content\/uploads\/2025\/12\/84db2979-26c3-48a7-88e8-d4619116f4bc-594x1024.jpg 594w, https:\/\/www.radiopiu.net\/wordpress\/wp-content\/uploads\/2025\/12\/84db2979-26c3-48a7-88e8-d4619116f4bc-768x1323.jpg 768w, https:\/\/www.radiopiu.net\/wordpress\/wp-content\/uploads\/2025\/12\/84db2979-26c3-48a7-88e8-d4619116f4bc-891x1536.jpg 891w, https:\/\/www.radiopiu.net\/wordpress\/wp-content\/uploads\/2025\/12\/84db2979-26c3-48a7-88e8-d4619116f4bc.jpg 896w\" sizes=\"auto, (max-width: 174px) 100vw, 174px\" \/><\/a>\n\t\t\t\t<\/dt><\/dl><dl class='gallery-item'>\n\t\t\t\t<dt class='gallery-icon portrait'>\n\t\t\t\t\t<a class=\"rollover rollover-zoom dt-pswp-item\" title=\"cb49642a-e6ea-4bab-bfe6-f85b7b02b706\" data-dt-img-description=\"\" data-large_image_width=\"865\" data-large_image_height=\"1600\"href='https:\/\/www.radiopiu.net\/wordpress\/wp-content\/uploads\/2025\/12\/cb49642a-e6ea-4bab-bfe6-f85b7b02b706.jpg'><img loading=\"lazy\" decoding=\"async\" width=\"162\" height=\"300\" src=\"https:\/\/www.radiopiu.net\/wordpress\/wp-content\/uploads\/2025\/12\/cb49642a-e6ea-4bab-bfe6-f85b7b02b706-162x300.jpg\" class=\"attachment-medium size-medium\" alt=\"\" srcset=\"https:\/\/www.radiopiu.net\/wordpress\/wp-content\/uploads\/2025\/12\/cb49642a-e6ea-4bab-bfe6-f85b7b02b706-162x300.jpg 162w, https:\/\/www.radiopiu.net\/wordpress\/wp-content\/uploads\/2025\/12\/cb49642a-e6ea-4bab-bfe6-f85b7b02b706-554x1024.jpg 554w, https:\/\/www.radiopiu.net\/wordpress\/wp-content\/uploads\/2025\/12\/cb49642a-e6ea-4bab-bfe6-f85b7b02b706-768x1421.jpg 768w, https:\/\/www.radiopiu.net\/wordpress\/wp-content\/uploads\/2025\/12\/cb49642a-e6ea-4bab-bfe6-f85b7b02b706-830x1536.jpg 830w, https:\/\/www.radiopiu.net\/wordpress\/wp-content\/uploads\/2025\/12\/cb49642a-e6ea-4bab-bfe6-f85b7b02b706.jpg 865w\" sizes=\"auto, (max-width: 162px) 100vw, 162px\" \/><\/a>\n\t\t\t\t<\/dt><\/dl><dl class='gallery-item'>\n\t\t\t\t<dt class='gallery-icon portrait'>\n\t\t\t\t\t<a class=\"rollover rollover-zoom dt-pswp-item\" title=\"b7a0c679-75da-4699-afdd-dbb692820b04\" data-dt-img-description=\"\" data-large_image_width=\"1200\" data-large_image_height=\"1600\"href='https:\/\/www.radiopiu.net\/wordpress\/wp-content\/uploads\/2025\/12\/b7a0c679-75da-4699-afdd-dbb692820b04.jpg'><img loading=\"lazy\" decoding=\"async\" width=\"225\" height=\"300\" src=\"https:\/\/www.radiopiu.net\/wordpress\/wp-content\/uploads\/2025\/12\/b7a0c679-75da-4699-afdd-dbb692820b04-225x300.jpg\" class=\"attachment-medium size-medium\" alt=\"\" srcset=\"https:\/\/www.radiopiu.net\/wordpress\/wp-content\/uploads\/2025\/12\/b7a0c679-75da-4699-afdd-dbb692820b04-225x300.jpg 225w, https:\/\/www.radiopiu.net\/wordpress\/wp-content\/uploads\/2025\/12\/b7a0c679-75da-4699-afdd-dbb692820b04-768x1024.jpg 768w, https:\/\/www.radiopiu.net\/wordpress\/wp-content\/uploads\/2025\/12\/b7a0c679-75da-4699-afdd-dbb692820b04-1152x1536.jpg 1152w, https:\/\/www.radiopiu.net\/wordpress\/wp-content\/uploads\/2025\/12\/b7a0c679-75da-4699-afdd-dbb692820b04.jpg 1200w\" sizes=\"auto, (max-width: 225px) 100vw, 225px\" \/><\/a>\n\t\t\t\t<\/dt><\/dl><dl class='gallery-item'>\n\t\t\t\t<dt class='gallery-icon portrait'>\n\t\t\t\t\t<a class=\"rollover rollover-zoom dt-pswp-item\" title=\"f1cb6928-f4cd-4a07-9255-cd125a3ed105\" data-dt-img-description=\"\" data-large_image_width=\"1200\" data-large_image_height=\"1600\"href='https:\/\/www.radiopiu.net\/wordpress\/wp-content\/uploads\/2025\/12\/f1cb6928-f4cd-4a07-9255-cd125a3ed105.jpg'><img loading=\"lazy\" decoding=\"async\" width=\"225\" height=\"300\" src=\"https:\/\/www.radiopiu.net\/wordpress\/wp-content\/uploads\/2025\/12\/f1cb6928-f4cd-4a07-9255-cd125a3ed105-225x300.jpg\" class=\"attachment-medium size-medium\" alt=\"\" srcset=\"https:\/\/www.radiopiu.net\/wordpress\/wp-content\/uploads\/2025\/12\/f1cb6928-f4cd-4a07-9255-cd125a3ed105-225x300.jpg 225w, https:\/\/www.radiopiu.net\/wordpress\/wp-content\/uploads\/2025\/12\/f1cb6928-f4cd-4a07-9255-cd125a3ed105-768x1024.jpg 768w, https:\/\/www.radiopiu.net\/wordpress\/wp-content\/uploads\/2025\/12\/f1cb6928-f4cd-4a07-9255-cd125a3ed105-1152x1536.jpg 1152w, https:\/\/www.radiopiu.net\/wordpress\/wp-content\/uploads\/2025\/12\/f1cb6928-f4cd-4a07-9255-cd125a3ed105.jpg 1200w\" sizes=\"auto, (max-width: 225px) 100vw, 225px\" \/><\/a>\n\t\t\t\t<\/dt><\/dl><br style=\"clear: both\" \/>\n\t\t\t<\/div>\n\n<p>&nbsp;<\/p>\n<hr \/>\n<p>&nbsp;<\/p>\n<blockquote>\n<h3>OPEN DAY ALLA SCUOLA MATERNA DI AGORDO<\/h3>\n<\/blockquote>\n<p><strong>DI MARINA DONA&#8217;<\/strong><\/p>\n<p><strong>AGORDO<\/strong> Nel pomeriggio del 16 dicembre 2025 dalle ore 15:00 alle ore 17:00 si sono aperte le porte per genitori e bambini per conoscere la struttura e le maestre e per avere qualsiasi tipo di informazione inerente al servizio con possibilit\u00e0 anche di fare una prescrizione per il prossimo anno scolastico. Federica Zasso in rappresentanza di Agordo Servizi, Azienda Speciale con socio unico e il Comune di Agordo, che ha in carico da circa un anno la struttura. Questo luogo ospita bambini dai 2 anni e mezzo se sono anticipatari, ovvero se sono nati nei primi quattro mesi dell&#8217;anno. L&#8217;accoglienza viene fatta alle 7:30 del mattino con possibilit\u00e0 di prolungamento fino alle ore 17:30.<\/p>\n<div style=\"width: 848px;\" class=\"wp-video\"><video class=\"wp-video-shortcode\" id=\"video-486162-1\" width=\"848\" height=\"480\" preload=\"metadata\" controls=\"controls\"><source type=\"video\/mp4\" src=\"https:\/\/www.radiopiu.net\/wordpress\/wp-content\/uploads\/2025\/12\/WhatsApp-Video-2025-12-16-at-17.39.57.mp4?_=1\" \/><a href=\"https:\/\/www.radiopiu.net\/wordpress\/wp-content\/uploads\/2025\/12\/WhatsApp-Video-2025-12-16-at-17.39.57.mp4\">https:\/\/www.radiopiu.net\/wordpress\/wp-content\/uploads\/2025\/12\/WhatsApp-Video-2025-12-16-at-17.39.57.mp4<\/a><\/video><\/div>\n<p>&nbsp;<\/p>\n\n\t\t\t<style type='text\/css'>\n\t\t\t\t#gallery-2 {\n\t\t\t\t\tmargin: auto;\n\t\t\t\t}\n\t\t\t\t#gallery-2 .gallery-item {\n\t\t\t\t\tfloat: left;\n\t\t\t\t\tmargin-top: 10px;\n\t\t\t\t\ttext-align: center;\n\t\t\t\t\twidth: 16%;\n\t\t\t\t}\n\t\t\t\t#gallery-2 img {\n\t\t\t\t\tborder: 2px solid #cfcfcf;\n\t\t\t\t}\n\t\t\t\t#gallery-2 .gallery-caption {\n\t\t\t\t\tmargin-left: 0;\n\t\t\t\t}\n\t\t\t\t\/* see gallery_shortcode() in wp-includes\/media.php *\/\n\t\t\t<\/style>\n\t\t<div id='gallery-2' class='dt-gallery-container gallery galleryid-486162 gallery-columns-6 gallery-size-thumbnail'><dl class='gallery-item'>\n\t\t\t\t<dt class='gallery-icon landscape'>\n\t\t\t\t\t<a class=\"rollover rollover-zoom dt-pswp-item\" title=\"115f8118-6bc5-4f0a-9674-750b9b64df3d\" data-dt-img-description=\"\" data-large_image_width=\"2000\" data-large_image_height=\"1500\"href='https:\/\/www.radiopiu.net\/wordpress\/wp-content\/uploads\/2025\/12\/115f8118-6bc5-4f0a-9674-750b9b64df3d.jpg'><img loading=\"lazy\" decoding=\"async\" width=\"150\" height=\"150\" src=\"https:\/\/www.radiopiu.net\/wordpress\/wp-content\/uploads\/2025\/12\/115f8118-6bc5-4f0a-9674-750b9b64df3d-150x150.jpg\" class=\"attachment-thumbnail size-thumbnail\" alt=\"\" \/><\/a>\n\t\t\t\t<\/dt><\/dl><dl class='gallery-item'>\n\t\t\t\t<dt class='gallery-icon landscape'>\n\t\t\t\t\t<a class=\"rollover rollover-zoom dt-pswp-item\" title=\"214e65ef-e961-4014-a071-567547f49e38\" data-dt-img-description=\"\" data-large_image_width=\"2048\" data-large_image_height=\"1536\"href='https:\/\/www.radiopiu.net\/wordpress\/wp-content\/uploads\/2025\/12\/214e65ef-e961-4014-a071-567547f49e38.jpg'><img loading=\"lazy\" decoding=\"async\" width=\"150\" height=\"150\" src=\"https:\/\/www.radiopiu.net\/wordpress\/wp-content\/uploads\/2025\/12\/214e65ef-e961-4014-a071-567547f49e38-150x150.jpg\" class=\"attachment-thumbnail size-thumbnail\" alt=\"\" \/><\/a>\n\t\t\t\t<\/dt><\/dl><dl class='gallery-item'>\n\t\t\t\t<dt class='gallery-icon landscape'>\n\t\t\t\t\t<a class=\"rollover rollover-zoom dt-pswp-item\" title=\"30811409-c007-4e1b-84e0-a7ee93eb9f20\" data-dt-img-description=\"\" data-large_image_width=\"2000\" data-large_image_height=\"1500\"href='https:\/\/www.radiopiu.net\/wordpress\/wp-content\/uploads\/2025\/12\/30811409-c007-4e1b-84e0-a7ee93eb9f20.jpg'><img loading=\"lazy\" decoding=\"async\" width=\"150\" height=\"150\" src=\"https:\/\/www.radiopiu.net\/wordpress\/wp-content\/uploads\/2025\/12\/30811409-c007-4e1b-84e0-a7ee93eb9f20-150x150.jpg\" class=\"attachment-thumbnail size-thumbnail\" alt=\"\" \/><\/a>\n\t\t\t\t<\/dt><\/dl><dl class='gallery-item'>\n\t\t\t\t<dt class='gallery-icon landscape'>\n\t\t\t\t\t<a class=\"rollover rollover-zoom dt-pswp-item\" title=\"9a90b42f-9925-406e-9c86-3aeb6f1b4f50\" data-dt-img-description=\"\" data-large_image_width=\"2000\" data-large_image_height=\"1500\"href='https:\/\/www.radiopiu.net\/wordpress\/wp-content\/uploads\/2025\/12\/9a90b42f-9925-406e-9c86-3aeb6f1b4f50.jpg'><img loading=\"lazy\" decoding=\"async\" width=\"150\" height=\"150\" src=\"https:\/\/www.radiopiu.net\/wordpress\/wp-content\/uploads\/2025\/12\/9a90b42f-9925-406e-9c86-3aeb6f1b4f50-150x150.jpg\" class=\"attachment-thumbnail size-thumbnail\" alt=\"\" \/><\/a>\n\t\t\t\t<\/dt><\/dl><dl class='gallery-item'>\n\t\t\t\t<dt class='gallery-icon landscape'>\n\t\t\t\t\t<a class=\"rollover rollover-zoom dt-pswp-item\" title=\"a3b95930-207e-4119-8fa0-707d3335b0f4\" data-dt-img-description=\"\" data-large_image_width=\"2048\" data-large_image_height=\"1536\"href='https:\/\/www.radiopiu.net\/wordpress\/wp-content\/uploads\/2025\/12\/a3b95930-207e-4119-8fa0-707d3335b0f4.jpg'><img loading=\"lazy\" decoding=\"async\" width=\"150\" height=\"150\" src=\"https:\/\/www.radiopiu.net\/wordpress\/wp-content\/uploads\/2025\/12\/a3b95930-207e-4119-8fa0-707d3335b0f4-150x150.jpg\" class=\"attachment-thumbnail size-thumbnail\" alt=\"\" \/><\/a>\n\t\t\t\t<\/dt><\/dl><dl class='gallery-item'>\n\t\t\t\t<dt class='gallery-icon landscape'>\n\t\t\t\t\t<a class=\"rollover rollover-zoom dt-pswp-item\" title=\"58767198-5e38-4321-a893-367d9ced24f0\" data-dt-img-description=\"\" data-large_image_width=\"2000\" data-large_image_height=\"1500\"href='https:\/\/www.radiopiu.net\/wordpress\/wp-content\/uploads\/2025\/12\/58767198-5e38-4321-a893-367d9ced24f0.jpg'><img loading=\"lazy\" decoding=\"async\" width=\"150\" height=\"150\" src=\"https:\/\/www.radiopiu.net\/wordpress\/wp-content\/uploads\/2025\/12\/58767198-5e38-4321-a893-367d9ced24f0-150x150.jpg\" class=\"attachment-thumbnail size-thumbnail\" alt=\"\" \/><\/a>\n\t\t\t\t<\/dt><\/dl><br style=\"clear: both\" \/><dl class='gallery-item'>\n\t\t\t\t<dt class='gallery-icon landscape'>\n\t\t\t\t\t<a class=\"rollover rollover-zoom dt-pswp-item\" title=\"56a4e28d-7349-4d4b-9316-7416e50dd8b6\" data-dt-img-description=\"\" data-large_image_width=\"2000\" data-large_image_height=\"1500\"href='https:\/\/www.radiopiu.net\/wordpress\/wp-content\/uploads\/2025\/12\/56a4e28d-7349-4d4b-9316-7416e50dd8b6.jpg'><img loading=\"lazy\" decoding=\"async\" width=\"150\" height=\"150\" src=\"https:\/\/www.radiopiu.net\/wordpress\/wp-content\/uploads\/2025\/12\/56a4e28d-7349-4d4b-9316-7416e50dd8b6-150x150.jpg\" class=\"attachment-thumbnail size-thumbnail\" alt=\"\" \/><\/a>\n\t\t\t\t<\/dt><\/dl><dl class='gallery-item'>\n\t\t\t\t<dt class='gallery-icon landscape'>\n\t\t\t\t\t<a class=\"rollover rollover-zoom dt-pswp-item\" title=\"426b8a5e-73af-449a-9d9e-00e8764c18e7\" data-dt-img-description=\"\" data-large_image_width=\"2000\" data-large_image_height=\"1500\"href='https:\/\/www.radiopiu.net\/wordpress\/wp-content\/uploads\/2025\/12\/426b8a5e-73af-449a-9d9e-00e8764c18e7.jpg'><img loading=\"lazy\" decoding=\"async\" width=\"150\" height=\"150\" src=\"https:\/\/www.radiopiu.net\/wordpress\/wp-content\/uploads\/2025\/12\/426b8a5e-73af-449a-9d9e-00e8764c18e7-150x150.jpg\" class=\"attachment-thumbnail size-thumbnail\" alt=\"\" \/><\/a>\n\t\t\t\t<\/dt><\/dl><dl class='gallery-item'>\n\t\t\t\t<dt class='gallery-icon landscape'>\n\t\t\t\t\t<a class=\"rollover rollover-zoom dt-pswp-item\" title=\"2db589f0-7deb-4c5e-bbe3-fe097e7fe081\" data-dt-img-description=\"\" data-large_image_width=\"2000\" data-large_image_height=\"1500\"href='https:\/\/www.radiopiu.net\/wordpress\/wp-content\/uploads\/2025\/12\/2db589f0-7deb-4c5e-bbe3-fe097e7fe081.jpg'><img loading=\"lazy\" decoding=\"async\" width=\"150\" height=\"150\" src=\"https:\/\/www.radiopiu.net\/wordpress\/wp-content\/uploads\/2025\/12\/2db589f0-7deb-4c5e-bbe3-fe097e7fe081-150x150.jpg\" class=\"attachment-thumbnail size-thumbnail\" alt=\"\" \/><\/a>\n\t\t\t\t<\/dt><\/dl><dl class='gallery-item'>\n\t\t\t\t<dt class='gallery-icon landscape'>\n\t\t\t\t\t<a class=\"rollover rollover-zoom dt-pswp-item\" title=\"d3f40167-c059-4b23-8995-8e3772ca335b\" data-dt-img-description=\"\" data-large_image_width=\"2000\" data-large_image_height=\"1500\"href='https:\/\/www.radiopiu.net\/wordpress\/wp-content\/uploads\/2025\/12\/d3f40167-c059-4b23-8995-8e3772ca335b.jpg'><img loading=\"lazy\" decoding=\"async\" width=\"150\" height=\"150\" src=\"https:\/\/www.radiopiu.net\/wordpress\/wp-content\/uploads\/2025\/12\/d3f40167-c059-4b23-8995-8e3772ca335b-150x150.jpg\" class=\"attachment-thumbnail size-thumbnail\" alt=\"\" \/><\/a>\n\t\t\t\t<\/dt><\/dl><dl class='gallery-item'>\n\t\t\t\t<dt class='gallery-icon landscape'>\n\t\t\t\t\t<a class=\"rollover rollover-zoom dt-pswp-item\" title=\"ee503393-4b51-457e-8a27-70dcd792e259\" data-dt-img-description=\"\" data-large_image_width=\"2000\" data-large_image_height=\"1500\"href='https:\/\/www.radiopiu.net\/wordpress\/wp-content\/uploads\/2025\/12\/ee503393-4b51-457e-8a27-70dcd792e259.jpg'><img loading=\"lazy\" decoding=\"async\" width=\"150\" height=\"150\" src=\"https:\/\/www.radiopiu.net\/wordpress\/wp-content\/uploads\/2025\/12\/ee503393-4b51-457e-8a27-70dcd792e259-150x150.jpg\" class=\"attachment-thumbnail size-thumbnail\" alt=\"\" \/><\/a>\n\t\t\t\t<\/dt><\/dl><dl class='gallery-item'>\n\t\t\t\t<dt class='gallery-icon landscape'>\n\t\t\t\t\t<a class=\"rollover rollover-zoom dt-pswp-item\" title=\"e34c6fca-ca28-469e-ae91-cd06bf25e0fe\" data-dt-img-description=\"\" data-large_image_width=\"2048\" data-large_image_height=\"1536\"href='https:\/\/www.radiopiu.net\/wordpress\/wp-content\/uploads\/2025\/12\/e34c6fca-ca28-469e-ae91-cd06bf25e0fe.jpg'><img loading=\"lazy\" decoding=\"async\" width=\"150\" height=\"150\" src=\"https:\/\/www.radiopiu.net\/wordpress\/wp-content\/uploads\/2025\/12\/e34c6fca-ca28-469e-ae91-cd06bf25e0fe-150x150.jpg\" class=\"attachment-thumbnail size-thumbnail\" alt=\"\" \/><\/a>\n\t\t\t\t<\/dt><\/dl><br style=\"clear: both\" \/>\n\t\t\t<\/div>\n\n<p>&nbsp;<\/p>\n<hr \/>\n<p>&nbsp;<\/p>\n<blockquote>\n<h3>DA BARDIN E&#8217; PIU&#8217; NATALE CHE MAI CON LA CHRISTMAS TOWN<\/h3>\n<\/blockquote>\n<p><strong>DI MARINA DONA&#8217;<\/strong><\/p>\n<p><strong>SANTA GIUSTINA<\/strong> E&#8217; arrivato il Natale da Bardin. All\u2019interno del negozio, i visitatori possono immergersi nella Christmas Town, la citt\u00e0 del Natale, un vero paradiso per chi ama la magia delle feste. Dalle decorazioni tradizionali agli addobbi pi\u00f9 originali, dai presepi ai piccoli regali, ogni angolo del negozio racconta storie di festa e allegria. Bambini e adulti possono scoprire novit\u00e0 e classici, trovare ispirazioni per addobbare casa e sorprendere amici e familiari. Bardin diventa cos\u00ec non solo un punto vendita, ma un luogo dove vivere l\u2019atmosfera natalizia, respirare gioia e lasciarsi avvolgere dall\u2019incanto del periodo pi\u00f9 bello dell\u2019anno.<\/p>\n<div style=\"width: 848px;\" class=\"wp-video\"><video class=\"wp-video-shortcode\" id=\"video-486162-2\" width=\"848\" height=\"480\" preload=\"metadata\" controls=\"controls\"><source type=\"video\/mp4\" src=\"https:\/\/www.radiopiu.net\/wordpress\/wp-content\/uploads\/2025\/12\/WhatsApp-Video-2025-12-16-at-16.52.47.mp4?_=2\" \/><a href=\"https:\/\/www.radiopiu.net\/wordpress\/wp-content\/uploads\/2025\/12\/WhatsApp-Video-2025-12-16-at-16.52.47.mp4\">https:\/\/www.radiopiu.net\/wordpress\/wp-content\/uploads\/2025\/12\/WhatsApp-Video-2025-12-16-at-16.52.47.mp4<\/a><\/video><\/div>\n<p>&nbsp;<\/p>\n<hr \/>\n<p>&nbsp;<\/p>\n<h2><span style=\"color: #ff0000;\">CONSIGLI COMUNALI IN AGORDINO<\/span><\/h2>\n<p><strong><a class=\"dt-pswp-item\" href=\"https:\/\/www.radiopiu.net\/wordpress\/wp-content\/uploads\/2024\/07\/Musal-e-piazza-Luciani.jpg\" data-dt-img-description=\"\" data-large_image_width=\"2560\" data-large_image_height=\"1920\"><img loading=\"lazy\" decoding=\"async\" class=\" wp-image-399384 alignleft\" src=\"https:\/\/www.radiopiu.net\/wordpress\/wp-content\/uploads\/2024\/07\/Musal-e-piazza-Luciani-300x225.jpg\" alt=\"\" width=\"129\" height=\"97\" srcset=\"https:\/\/www.radiopiu.net\/wordpress\/wp-content\/uploads\/2024\/07\/Musal-e-piazza-Luciani-300x225.jpg 300w, https:\/\/www.radiopiu.net\/wordpress\/wp-content\/uploads\/2024\/07\/Musal-e-piazza-Luciani-1024x768.jpg 1024w, https:\/\/www.radiopiu.net\/wordpress\/wp-content\/uploads\/2024\/07\/Musal-e-piazza-Luciani-768x576.jpg 768w, https:\/\/www.radiopiu.net\/wordpress\/wp-content\/uploads\/2024\/07\/Musal-e-piazza-Luciani-1536x1152.jpg 1536w, https:\/\/www.radiopiu.net\/wordpress\/wp-content\/uploads\/2024\/07\/Musal-e-piazza-Luciani-2048x1536.jpg 2048w\" sizes=\"auto, (max-width: 129px) 100vw, 129px\" \/><\/a>CANALE D&#8217;AGORDO<\/strong> Consiglio Comunale convocato oggi alle 20 nella Sala Lina Zand\u00f2 \u201cBolda\u201d. Tra i punti all\u2019ordine del giorno: conferma dell\u2019aliquota dell\u2019addizionale comunale IRPEF per il triennio 2026-2028; approvazione delle aliquote e detrazioni IMU 2026; modifica del grado di protezione di un edificio in localit\u00e0 Fregona; approvazione dell\u2019acquisto di aree comunali; concessione legname per fabbisogno 2025; verifica delle aree fabbricabili; revisione delle partecipazioni societarie al 31 dicembre 2024.<\/p>\n<p><strong>ALLEGHE<\/strong> Consiglio Comunale oggi alle 20:30 nella sala consiliare. All\u2019ordine del giorno: ratifica della variazione al bilancio 2025\/2027; adozione del programma per il fondo delle opere di urbanizzazione 2026; piano di valorizzazione del patrimonio immobiliare 2026\/2028; approvazione del programma triennale dei lavori pubblici e degli acquisti; conferma aliquota IRPEF 2026; aliquote IMU 2026; bilancio di previsione 2026\/2028 e DUP; revisione delle partecipazioni comunali.<\/p>\n<p><strong>COLLE SANTA LUCIA<\/strong> Consiglio Comunale per sabato 20 dicembre alle 7:30 presso la Sala Consiliare. All\u2019ordine del giorno figurano l\u2019approvazione dei verbali della seduta precedente, il controllo di regolarit\u00e0 amministrativa, il piano delle alienazioni immobiliari 2026-2028 e il programma degli incarichi esterni 2026. Saranno inoltre discussi l\u2019aggiornamento del DUP, il bilancio di previsione, il regolamento sulla videosorveglianza e l\u2019accordo culturale con la Fondazione Cesa de Jan.<\/p>\n<p>&nbsp;<\/p>\n<p>&nbsp;<\/p>\n<hr \/>\n<p>&nbsp;<\/p>\n<blockquote>\n<blockquote>\n<h2 data-start=\"74\" data-end=\"249\">DUE APPUNTAMENTI A CANALE D\u2019AGORDO, ENTRAMBI IN DIRETTA SU RADIO PI\u00d9<\/h2>\n<p data-start=\"74\" data-end=\"249\"><strong><img loading=\"lazy\" decoding=\"async\" class=\"alignleft\" src=\"https:\/\/www.radiopiu.net\/wordpress\/wp-content\/uploads\/2025\/12\/SALA-EMIGRANTI-CANALE.jpg\" width=\"239\" height=\"170\" \/>Canale d\u2019Agordo propone due appuntamenti pubblici di grande interesse, entrambi ospitati nella Sala Emigranti e trasmessi in diretta su tutti i canali social di Radio Pi\u00f9.<\/strong><\/p>\n<\/blockquote>\n<p data-start=\"251\" data-end=\"564\">Il primo \u00e8 in programma domani<strong data-start=\"275\" data-end=\"294\">\u00a0alle 20<\/strong>\u00a0ed \u00e8 dedicato all\u2019incontro pubblico sulla\u00a0<strong data-start=\"337\" data-end=\"384\">metanizzazione e sulla Variante urbanistica<\/strong>. Il Comune illustrer\u00e0 i lavori che Italgas realizzer\u00e0 nei prossimi mesi, le modalit\u00e0 di allaccio al gas e le prossime manifestazioni di interesse legate al Piano degli Interventi.<\/p>\n<p data-start=\"566\" data-end=\"1012\" data-is-last-node=\"\" data-is-only-node=\"\">Il secondo appuntamento sar\u00e0\u00a0<strong data-start=\"595\" data-end=\"614\">venerd\u00ec alle 20<\/strong>, con la\u00a0<strong data-start=\"623\" data-end=\"674\">festa dei neo diciottenni della Valle del Biois<\/strong>, estesa quest\u2019anno anche a Falcade. I ragazzi riceveranno la Costituzione e la bandiera italiana, in una serata che unisce cittadinanza, solidariet\u00e0 e volontariato.\u00a0 Collabora, come da sempre, l\u2019associazione donatori del sangue di Vallada-Canale d\u2019Agordo e da quest\u2019anno anche con la sezione di Falcade Ospite speciale <strong data-start=\"856\" data-end=\"874\">Armand Thanasi<\/strong>, che parler\u00e0 di intelligenza artificiale ed etica. Entrambi gli incontri saranno seguibili anche online grazie alla diretta di Radio Pi\u00f9.<\/p>\n<\/blockquote>\n<p>&nbsp;<\/p>\n<p>&nbsp;<\/p>\n<hr \/>\n<p>&nbsp;<\/p>\n<blockquote>\n<h3>BANDO PER BORSE DI STUDIO COMUNALI 2024\/2025<\/h3>\n<\/blockquote>\n<p><strong><a class=\"dt-pswp-item\" href=\"https:\/\/www.radiopiu.net\/wordpress\/wp-content\/uploads\/2023\/12\/MUNICIPIO-ALLEGHE.jpeg\" data-dt-img-description=\"\" data-large_image_width=\"1744\" data-large_image_height=\"1076\"><img loading=\"lazy\" decoding=\"async\" class=\" wp-image-364583 alignleft\" src=\"https:\/\/www.radiopiu.net\/wordpress\/wp-content\/uploads\/2023\/12\/MUNICIPIO-ALLEGHE-300x185.jpeg\" alt=\"\" width=\"130\" height=\"80\" srcset=\"https:\/\/www.radiopiu.net\/wordpress\/wp-content\/uploads\/2023\/12\/MUNICIPIO-ALLEGHE-300x185.jpeg 300w, https:\/\/www.radiopiu.net\/wordpress\/wp-content\/uploads\/2023\/12\/MUNICIPIO-ALLEGHE-1024x632.jpeg 1024w, https:\/\/www.radiopiu.net\/wordpress\/wp-content\/uploads\/2023\/12\/MUNICIPIO-ALLEGHE-768x474.jpeg 768w, https:\/\/www.radiopiu.net\/wordpress\/wp-content\/uploads\/2023\/12\/MUNICIPIO-ALLEGHE-1536x948.jpeg 1536w, https:\/\/www.radiopiu.net\/wordpress\/wp-content\/uploads\/2023\/12\/MUNICIPIO-ALLEGHE.jpeg 1744w\" sizes=\"auto, (max-width: 130px) 100vw, 130px\" \/><\/a>ALLEGHE <\/strong>Il Comune di Alleghe ha pubblicato il bando per l\u2019assegnazione delle borse di studio destinate agli studenti meritevoli residenti, frequentanti le scuole superiori nell\u2019anno scolastico 2024\/2025 e diplomati nel 2025, oppure laureati entro ottobre 2025. Il regolamento e il modulo di domanda sono disponibili all\u2019albo pretorio online, sul sito comunale o presso l\u2019Ufficio Servizi Demografici. Le domande devono essere presentate entro il 19 dicembre 2025.<\/p>\n<p>&nbsp;<\/p>\n<p>&nbsp;<\/p>\n<hr \/>\n<p>&nbsp;<\/p>\n<blockquote>\n<h3>INCONTRI SULLA SALUTE E LONGEVIT\u00c0 PER I SENIOR DI CORTINA<\/h3>\n<\/blockquote>\n<p><strong><a class=\"dt-pswp-item\" href=\"https:\/\/www.radiopiu.net\/wordpress\/wp-content\/uploads\/2025\/12\/JLSAGHLJGHAO.jpg\" data-dt-img-description=\"\" data-large_image_width=\"905\" data-large_image_height=\"685\"><img loading=\"lazy\" decoding=\"async\" class=\" wp-image-483736 alignleft\" src=\"https:\/\/www.radiopiu.net\/wordpress\/wp-content\/uploads\/2025\/12\/JLSAGHLJGHAO-300x227.jpg\" alt=\"\" width=\"137\" height=\"104\" srcset=\"https:\/\/www.radiopiu.net\/wordpress\/wp-content\/uploads\/2025\/12\/JLSAGHLJGHAO-300x227.jpg 300w, https:\/\/www.radiopiu.net\/wordpress\/wp-content\/uploads\/2025\/12\/JLSAGHLJGHAO-768x581.jpg 768w, https:\/\/www.radiopiu.net\/wordpress\/wp-content\/uploads\/2025\/12\/JLSAGHLJGHAO.jpg 905w\" sizes=\"auto, (max-width: 137px) 100vw, 137px\" \/><\/a>CORTINA <\/strong>Prosegue a dicembre il ciclo di incontri promossi da Ulss Dolomiti, Comune e Azienda Speciale Servizi alla Persona di Cortina, dedicato ai senior del territorio. Dopo gli appuntamenti su Fascicolo Sanitario Elettronico, disturbi neurocognitivi e osteoporosi, le nuove serate si terranno alla Casa delle Regole dalle 20.30 alle 21.30, con focus su invecchiamento e longevit\u00e0. Domani il cardiologo Carlo Ammendolea affronter\u00e0 il tema della salute cardiovascolare negli anziani. Gli incontri offriranno momenti di informazione, dialogo e socialit\u00e0, aperti a tutta la cittadinanza.<\/p>\n<p>&nbsp;<\/p>\n<p>&nbsp;<\/p>\n<hr \/>\n<p>&nbsp;<\/p>\n<h3 data-start=\"0\" data-end=\"61\"><strong data-start=\"0\" data-end=\"61\"><a class=\"dt-pswp-item\" href=\"https:\/\/www.radiopiu.net\/wordpress\/wp-content\/uploads\/2025\/12\/Screenshot-2025-12-09-104618.png\" data-dt-img-description=\"\" data-large_image_width=\"521\" data-large_image_height=\"236\"><img loading=\"lazy\" decoding=\"async\" class=\" wp-image-484960 alignleft\" src=\"https:\/\/www.radiopiu.net\/wordpress\/wp-content\/uploads\/2025\/12\/Screenshot-2025-12-09-104618-300x136.png\" alt=\"\" width=\"199\" height=\"90\" srcset=\"https:\/\/www.radiopiu.net\/wordpress\/wp-content\/uploads\/2025\/12\/Screenshot-2025-12-09-104618-300x136.png 300w, https:\/\/www.radiopiu.net\/wordpress\/wp-content\/uploads\/2025\/12\/Screenshot-2025-12-09-104618.png 521w\" sizes=\"auto, (max-width: 199px) 100vw, 199px\" \/><\/a><\/strong>POESIA E MUSICA PER ATTENDERE IL NATALE<\/h3>\n<p><strong data-start=\"0\" data-end=\"61\"> PIEVE DI CADORE <\/strong>Domani alle 17.30 Pieve di Cadore ospita un appuntamento speciale: <em data-start=\"143\" data-end=\"181\">Poesia e Musica aspettando il Natale<\/em>, presso La Loda della Cartoleria Tiziano. Protagonisti della serata il <strong data-start=\"256\" data-end=\"291\">Laboratorio di Scrittura Cadore<\/strong> e <strong data-start=\"294\" data-end=\"313\">Andrea Da Cort\u00e0<\/strong>, in un incontro che unisce parole, musica e atmosfera natalizia. L\u2019evento si svolge all\u2019interno della mostra <em data-start=\"423\" data-end=\"462\">Ritratti di famiglia e altri ritratti<\/em> di Giovanna Deppi, che raccoglie disegni, poesie e sculture. Ingresso libero, con brindisi offerto al termine. Un momento di cultura e comunit\u00e0 nel cuore del Cadore.<\/p>\n<p>&nbsp;<\/p>\n<p>&nbsp;<\/p>\n<hr \/>\n<p>&nbsp;<\/p>\n<blockquote>\n<h3>FESTA DELLA MAGGIORE ET\u00c0 IN VALLE DEL BIOIS<\/h3>\n<\/blockquote>\n<p><strong><a class=\"dt-pswp-item\" href=\"https:\/\/www.radiopiu.net\/wordpress\/wp-content\/uploads\/2025\/12\/volantino-neodiciottenni.jpg\" data-dt-img-description=\"\" data-large_image_width=\"1131\" data-large_image_height=\"1600\"><img loading=\"lazy\" decoding=\"async\" class=\" wp-image-485843 alignleft\" src=\"https:\/\/www.radiopiu.net\/wordpress\/wp-content\/uploads\/2025\/12\/volantino-neodiciottenni-212x300.jpg\" alt=\"\" width=\"115\" height=\"163\" srcset=\"https:\/\/www.radiopiu.net\/wordpress\/wp-content\/uploads\/2025\/12\/volantino-neodiciottenni-212x300.jpg 212w, https:\/\/www.radiopiu.net\/wordpress\/wp-content\/uploads\/2025\/12\/volantino-neodiciottenni-724x1024.jpg 724w, https:\/\/www.radiopiu.net\/wordpress\/wp-content\/uploads\/2025\/12\/volantino-neodiciottenni-768x1086.jpg 768w, https:\/\/www.radiopiu.net\/wordpress\/wp-content\/uploads\/2025\/12\/volantino-neodiciottenni-1086x1536.jpg 1086w, https:\/\/www.radiopiu.net\/wordpress\/wp-content\/uploads\/2025\/12\/volantino-neodiciottenni.jpg 1131w\" sizes=\"auto, (max-width: 115px) 100vw, 115px\" \/><\/a>CANALE D&#8217;AGORDO<\/strong> Venerd\u00ec 19 dicembre, alle ore 20.00, nella Sala Emigranti di Canale d\u2019Agordo, le Amministrazioni Comunali della Valle del Biois celebreranno i concittadini che hanno raggiunto la maggiore et\u00e0. L\u2019iniziativa, ormai una tradizione consolidata, \u00e8 realizzata con la collaborazione delle sezioni donatori di sangue di Canale-Vallada e, da quest\u2019anno, anche del Comune di Falcade e della locale sezione. Durante la serata i Sindaci consegneranno ai giovani una copia della Costituzione italiana e la bandiera tricolore, simboli di diritti e responsabilit\u00e0 civiche. I rappresentanti delle sezioni donatori illustreranno inoltre il valore della solidariet\u00e0, del volontariato e della donazione del sangue. L\u2019evento sar\u00e0 arricchito dall\u2019intervento di Armand Thanasi, YouTuber ed esperto di Intelligenza Artificiale, che affronter\u00e0 il tema delle opportunit\u00e0 e delle pratiche etiche nell\u2019uso dell\u2019IA. L\u2019incontro \u00e8 aperto a tutta la cittadinanza.<\/p>\n<p>&nbsp;<\/p>\n<p>&nbsp;<\/p>\n<hr \/>\n<p>&nbsp;<\/p>\n<blockquote>\n<h3>\u201cLA CASA DI SVETI VID\u201d, UNA STORIA DI DONNE TRA MEMORIA E RESISTENZA<\/h3>\n<\/blockquote>\n<p><strong> <a class=\"dt-pswp-item\" href=\"https:\/\/www.radiopiu.net\/wordpress\/wp-content\/uploads\/2025\/12\/CENTRO-GIOVANNI-23-BELLUNO.jpg\" data-dt-img-description=\"\" data-large_image_width=\"318\" data-large_image_height=\"208\"><img loading=\"lazy\" decoding=\"async\" class=\" wp-image-486263 alignleft\" src=\"https:\/\/www.radiopiu.net\/wordpress\/wp-content\/uploads\/2025\/12\/CENTRO-GIOVANNI-23-BELLUNO-300x196.jpg\" alt=\"\" width=\"161\" height=\"105\" srcset=\"https:\/\/www.radiopiu.net\/wordpress\/wp-content\/uploads\/2025\/12\/CENTRO-GIOVANNI-23-BELLUNO-300x196.jpg 300w, https:\/\/www.radiopiu.net\/wordpress\/wp-content\/uploads\/2025\/12\/CENTRO-GIOVANNI-23-BELLUNO.jpg 318w\" sizes=\"auto, (max-width: 161px) 100vw, 161px\" \/><\/a>BELLUNO<\/strong> L\u2019Associazione culturale Tina Merlin presenter\u00e0 venerd\u00ec 19 dicembre 2025 alle 18, nella Sala Muccin del Centro Giovanni XXIII, il libro <em data-start=\"136\" data-end=\"158\">La casa di Sveti Vid<\/em> di Adriana Lotto. Il romanzo storico, ispirato a fatti reali, racconta storie di donne tra guerra, Resistenza, prigionia e dopoguerra, mettendo al centro la memoria femminile e il vissuto personale e collettivo. Dialogher\u00e0 con l\u2019autrice Mirta Amanda Barbonetti (Isbrec).<\/p>\n<p>&nbsp;<\/p>\n<p>&nbsp;<\/p>\n<hr \/>\n<p>&nbsp;<\/p>\n<blockquote>\n<h3><a class=\"dt-pswp-item\" href=\"https:\/\/www.radiopiu.net\/wordpress\/wp-content\/uploads\/2025\/12\/25dic-Concerto-di-Natale.jpg\" data-dt-img-description=\"\" data-large_image_width=\"828\" data-large_image_height=\"1173\"><img loading=\"lazy\" decoding=\"async\" class=\" wp-image-486251 alignleft\" src=\"https:\/\/www.radiopiu.net\/wordpress\/wp-content\/uploads\/2025\/12\/25dic-Concerto-di-Natale-212x300.jpg\" alt=\"\" width=\"111\" height=\"157\" srcset=\"https:\/\/www.radiopiu.net\/wordpress\/wp-content\/uploads\/2025\/12\/25dic-Concerto-di-Natale-212x300.jpg 212w, https:\/\/www.radiopiu.net\/wordpress\/wp-content\/uploads\/2025\/12\/25dic-Concerto-di-Natale-723x1024.jpg 723w, https:\/\/www.radiopiu.net\/wordpress\/wp-content\/uploads\/2025\/12\/25dic-Concerto-di-Natale-768x1088.jpg 768w, https:\/\/www.radiopiu.net\/wordpress\/wp-content\/uploads\/2025\/12\/25dic-Concerto-di-Natale.jpg 828w\" sizes=\"auto, (max-width: 111px) 100vw, 111px\" \/><\/a>A GRON DI SOSPIROLO IL CONCERTO DI NATALE<\/h3>\n<\/blockquote>\n<p><strong>SOSPIROLO<\/strong><\/p>\n<p>DI ROBERTO BONA<\/p>\n<audio class=\"wp-audio-shortcode\" id=\"audio-486162-9\" preload=\"none\" style=\"width: 100%;\" controls=\"controls\"><source type=\"audio\/mpeg\" src=\"https:\/\/www.radiopiu.net\/wordpress\/wp-content\/uploads\/2025\/12\/BONA-CORO-CDG-A-SOSPIROLO-SCADE-19-DIC.mp3?_=9\" \/><a href=\"https:\/\/www.radiopiu.net\/wordpress\/wp-content\/uploads\/2025\/12\/BONA-CORO-CDG-A-SOSPIROLO-SCADE-19-DIC.mp3\">https:\/\/www.radiopiu.net\/wordpress\/wp-content\/uploads\/2025\/12\/BONA-CORO-CDG-A-SOSPIROLO-SCADE-19-DIC.mp3<\/a><\/audio>\n<p>&nbsp;<\/p>\n<hr \/>\n<p>&nbsp;<\/p>\n<blockquote>\n<h3>VOLTAGO AGORDINO: 20 ANNI DI SERVIZIO DELLA PROTEZIONE CIVILE<\/h3>\n<\/blockquote>\n<p><strong class=\"photoswipe-wrapper\"><a class=\"dt-pswp-item pspw-wrap-ready\" href=\"https:\/\/www.radiopiu.net\/wordpress\/wp-content\/uploads\/2023\/07\/MUNICIPIO-VOLTAGO.jpeg\" data-dt-img-description=\"\" data-large_image_width=\"1504\" data-large_image_height=\"1116\"><img loading=\"lazy\" decoding=\"async\" class=\" wp-image-344319 alignleft\" src=\"https:\/\/www.radiopiu.net\/wordpress\/wp-content\/uploads\/2023\/07\/MUNICIPIO-VOLTAGO-300x223.jpeg\" sizes=\"auto, (max-width: 126px) 100vw, 126px\" srcset=\"https:\/\/www.radiopiu.net\/wordpress\/wp-content\/uploads\/2023\/07\/MUNICIPIO-VOLTAGO-300x223.jpeg 300w, https:\/\/www.radiopiu.net\/wordpress\/wp-content\/uploads\/2023\/07\/MUNICIPIO-VOLTAGO-1024x760.jpeg 1024w, https:\/\/www.radiopiu.net\/wordpress\/wp-content\/uploads\/2023\/07\/MUNICIPIO-VOLTAGO-768x570.jpeg 768w, https:\/\/www.radiopiu.net\/wordpress\/wp-content\/uploads\/2023\/07\/MUNICIPIO-VOLTAGO.jpeg 1504w\" alt=\"\" width=\"126\" height=\"94\" \/><\/a>VOLTAGO\u00a0<\/strong>Voltago Agordino celebra il 20\u00b0 anniversario della fondazione del Gruppo Comunale di Protezione Civile, istituito nel 2005. Da due decenni i volontari rappresentano un punto di riferimento per la sicurezza e il servizio alla comunit\u00e0, operando con dedizione e senso civico. La cerimonia, in programma sabato 20 dicembre 2025 , prevede alle 9.30 un momento di preghiera in memoria dei volontari scomparsi e la benedizione del nuovo mezzo Jeep Renegade donato dalla Regione del Veneto. Alle 10, in sala Maestro Gianni De Col, seguir\u00e0 la cerimonia istituzionale con la consegna di riconoscimenti a volontari, ex coordinatori e enti che si sono distinti per il loro contributo. L\u2019evento si concluder\u00e0 alle 12.00 con un rinfresco per celebrare insieme alla comunit\u00e0 l\u2019impegno costante del Gruppo.<\/p>\n<p>&nbsp;<\/p>\n<p>&nbsp;<\/p>\n<hr \/>\n<p>&nbsp;<\/p>\n<blockquote>\n<h3>ARABBA, TORNA LA SFILATA DEI KRAMPUS: TRADIZIONE ANTICA TRA MISTERO E SUGGESTIONE<\/h3>\n<\/blockquote>\n<p><strong><a class=\"dt-pswp-item\" href=\"https:\/\/www.radiopiu.net\/wordpress\/wp-content\/uploads\/2025\/12\/Screenshot-2025-12-11-071643.png\" data-dt-img-description=\"\" data-large_image_width=\"1302\" data-large_image_height=\"492\"><img loading=\"lazy\" decoding=\"async\" class=\" wp-image-485353 alignleft\" src=\"https:\/\/www.radiopiu.net\/wordpress\/wp-content\/uploads\/2025\/12\/Screenshot-2025-12-11-071643-300x113.png\" alt=\"\" width=\"250\" height=\"94\" srcset=\"https:\/\/www.radiopiu.net\/wordpress\/wp-content\/uploads\/2025\/12\/Screenshot-2025-12-11-071643-300x113.png 300w, https:\/\/www.radiopiu.net\/wordpress\/wp-content\/uploads\/2025\/12\/Screenshot-2025-12-11-071643-1024x387.png 1024w, https:\/\/www.radiopiu.net\/wordpress\/wp-content\/uploads\/2025\/12\/Screenshot-2025-12-11-071643-768x290.png 768w, https:\/\/www.radiopiu.net\/wordpress\/wp-content\/uploads\/2025\/12\/Screenshot-2025-12-11-071643.png 1302w\" sizes=\"auto, (max-width: 250px) 100vw, 250px\" \/><\/a>LIVINALLONGO<\/strong> Sabato 20 dicembre Arabba rivive la tradizione dei Krampus, figure antiche legate ai riti alpini precristiani del solstizio d\u2019inverno. La sfilata partir\u00e0 alle 18 da via Freine, attraverser\u00e0 il centro e raggiunger\u00e0 lo Showplatz, per concludersi nel parcheggio della casa cantoniera con un ultimo spettacolare passaggio. I Krampus, collegati al culto di San Nicol\u00f2, rappresentano il confine tra ordine e caos, bene e male. I partecipanti indossano maschere di legno intagliate, pellicce, campanacci e ceppi metallici, evocando spiriti selvatici e riti comunitari secolari. Il nome deriva probabilmente dal tedesco \u201cKramp\u201d (artiglio) o dal bavarese \u201cKrampn\u201d (morto), e in alcune zone alpine sono chiamati \u201cTeufel\u201d, i diavoli. Le sfilate moderne conservano elementi arcaici di purificazione e celebrazione dell\u2019inverno, mantenendo viva una tradizione affascinante e identitaria.<\/p>\n<p><strong>ALLA RADIO&#8230;PIU&#8217;<\/strong><\/p>\n<audio class=\"wp-audio-shortcode\" id=\"audio-486162-10\" preload=\"none\" style=\"width: 100%;\" controls=\"controls\"><source type=\"audio\/mpeg\" src=\"https:\/\/www.radiopiu.net\/wordpress\/wp-content\/uploads\/2025\/12\/Arabba.mp3?_=10\" \/><a href=\"https:\/\/www.radiopiu.net\/wordpress\/wp-content\/uploads\/2025\/12\/Arabba.mp3\">https:\/\/www.radiopiu.net\/wordpress\/wp-content\/uploads\/2025\/12\/Arabba.mp3<\/a><\/audio>\n<p>&nbsp;<\/p>\n<hr \/>\n<p>&nbsp;<\/p>\n<blockquote>\n<h3><strong data-start=\"65\" data-end=\"119\">ARCHEOTRACCE: PERCORSI DI ARCHEOLOGIA NEL FELTRINO<\/strong><\/h3>\n<\/blockquote>\n<p><strong><a class=\"dt-pswp-item\" href=\"https:\/\/www.radiopiu.net\/wordpress\/wp-content\/uploads\/2025\/12\/LFKoHLD.jpg\" data-dt-img-description=\"\" data-large_image_width=\"1127\" data-large_image_height=\"437\"><img loading=\"lazy\" decoding=\"async\" class=\" wp-image-486093 alignleft\" src=\"https:\/\/www.radiopiu.net\/wordpress\/wp-content\/uploads\/2025\/12\/LFKoHLD-300x116.jpg\" alt=\"\" width=\"204\" height=\"79\" srcset=\"https:\/\/www.radiopiu.net\/wordpress\/wp-content\/uploads\/2025\/12\/LFKoHLD-300x116.jpg 300w, https:\/\/www.radiopiu.net\/wordpress\/wp-content\/uploads\/2025\/12\/LFKoHLD-1024x397.jpg 1024w, https:\/\/www.radiopiu.net\/wordpress\/wp-content\/uploads\/2025\/12\/LFKoHLD-768x298.jpg 768w, https:\/\/www.radiopiu.net\/wordpress\/wp-content\/uploads\/2025\/12\/LFKoHLD.jpg 1127w\" sizes=\"auto, (max-width: 204px) 100vw, 204px\" \/><\/a>FELTRE <\/strong>Il Fondaco per Feltre chiude l\u2019anno promuovendo l\u2019archeologia bellunese con il ciclo \u201cArcheotracce. Percorsi di archeologia in provincia di Belluno\u201d. Il 20 dicembre, presso la Sala Polifunzionale di Pradenich, Cesiomaggiore, si terr\u00e0 l\u2019incontro \u201cArcheologia fra Lamon e Sovramonte\u201d, con presentazioni di ricerche recenti sui siti di Lamon e la Val Rosna. I relatori, tra archeologi e rappresentanti delle Pro Loco locali, illustreranno risultati scientifici e iniziative di valorizzazione del territorio. Il progetto mira a coniugare studio, divulgazione e promozione culturale, con future attivit\u00e0 di Archeotrekking e diretta streaming dell\u2019evento per il pubblico.<\/p>\n<p>&nbsp;<\/p>\n<p>&nbsp;<\/p>\n<hr \/>\n<p>&nbsp;<\/p>\n<blockquote>\n<h3>ASPETTANDO IL NATALE: CONCERTO CORALE A FELTRE<\/h3>\n<\/blockquote>\n<p><strong><a class=\"dt-pswp-item\" href=\"https:\/\/www.radiopiu.net\/wordpress\/wp-content\/uploads\/2025\/12\/VOCI-IN-CANTO.png\" data-dt-img-description=\"\" data-large_image_width=\"676\" data-large_image_height=\"290\"><img loading=\"lazy\" decoding=\"async\" class=\" wp-image-484563 alignleft\" src=\"https:\/\/www.radiopiu.net\/wordpress\/wp-content\/uploads\/2025\/12\/VOCI-IN-CANTO-300x129.png\" alt=\"\" width=\"184\" height=\"79\" srcset=\"https:\/\/www.radiopiu.net\/wordpress\/wp-content\/uploads\/2025\/12\/VOCI-IN-CANTO-300x129.png 300w, https:\/\/www.radiopiu.net\/wordpress\/wp-content\/uploads\/2025\/12\/VOCI-IN-CANTO.png 676w\" sizes=\"auto, (max-width: 184px) 100vw, 184px\" \/><\/a>FELTRE <\/strong>Il Coro \u201cVocincanto\u201d di Feltre organizza il concerto <em>Aspettando il Natale<\/em>, in programma sabato 20 dicembre alle 20.30 nella Chiesa di Santa Maria degli Angeli. Insieme al coro femminile ospite il Coro \u201cGli Ant\u00e8nori\u201d di Padova. L\u2019evento, patrocinato dal Comune di Feltre e inserito nel ciclo \u201cNativitas\u201d, proporr\u00e0 musiche dal XIII secolo al Novecento dedicate all\u2019Avvento e alla tradizione natalizia, per una serata ricca di armonie e atmosfera.<\/p>\n<p>&nbsp;<\/p>\n<p>&nbsp;<\/p>\n<hr \/>\n<p>&nbsp;<\/p>\n<blockquote>\n<h3>CONCERTO DI NATALE E PRESENTAZIONE DEL CD \u201cCANTO DI NATALE\u201d<\/h3>\n<\/blockquote>\n<p><strong><a class=\"dt-pswp-item\" href=\"https:\/\/www.radiopiu.net\/wordpress\/wp-content\/uploads\/2025\/12\/coro-di-codissago.png\" data-dt-img-description=\"\" data-large_image_width=\"1290\" data-large_image_height=\"879\"><img loading=\"lazy\" decoding=\"async\" class=\" wp-image-486281 alignleft\" src=\"https:\/\/www.radiopiu.net\/wordpress\/wp-content\/uploads\/2025\/12\/coro-di-codissago-300x204.png\" alt=\"\" width=\"154\" height=\"105\" srcset=\"https:\/\/www.radiopiu.net\/wordpress\/wp-content\/uploads\/2025\/12\/coro-di-codissago-300x204.png 300w, https:\/\/www.radiopiu.net\/wordpress\/wp-content\/uploads\/2025\/12\/coro-di-codissago-1024x698.png 1024w, https:\/\/www.radiopiu.net\/wordpress\/wp-content\/uploads\/2025\/12\/coro-di-codissago-768x523.png 768w, https:\/\/www.radiopiu.net\/wordpress\/wp-content\/uploads\/2025\/12\/coro-di-codissago.png 1290w\" sizes=\"auto, (max-width: 154px) 100vw, 154px\" \/><\/a>LONGARONE <\/strong>Sabato il Coro di Codissago propone un appuntamento di grande rilievo: il Concerto di Natale con la presentazione del primo CD natalizio inedito, \u201cCanto di Natale\u201d. Fondato nel 1988 per animare la Messa di Natale, il coro ha sempre offerto alla comunit\u00e0 un concerto di fine anno con ospiti speciali. Quest\u2019anno l\u2019evento sar\u00e0 dedicato esclusivamente alla compagine locale, che presenter\u00e0 dieci brani capaci di raccontare la magia delle feste. Il concerto si terr\u00e0 alle 20.45 nella chiesa di Codissago, con le 18 coriste dirette dal Maestro Igor Sommavilla.<\/p>\n<p>&nbsp;<\/p>\n<p>&nbsp;<\/p>\n<hr \/>\n<p>&nbsp;<\/p>\n<blockquote>\n<h3><a class=\"dt-pswp-item\" href=\"https:\/\/www.radiopiu.net\/wordpress\/wp-content\/uploads\/2025\/12\/f2_POLLICINO-SHOW.jpg\" data-dt-img-description=\"\" data-large_image_width=\"1157\" data-large_image_height=\"1544\"><img loading=\"lazy\" decoding=\"async\" class=\" wp-image-486095 alignleft\" src=\"https:\/\/www.radiopiu.net\/wordpress\/wp-content\/uploads\/2025\/12\/f2_POLLICINO-SHOW-225x300.jpg\" alt=\"\" width=\"103\" height=\"138\" srcset=\"https:\/\/www.radiopiu.net\/wordpress\/wp-content\/uploads\/2025\/12\/f2_POLLICINO-SHOW-225x300.jpg 225w, https:\/\/www.radiopiu.net\/wordpress\/wp-content\/uploads\/2025\/12\/f2_POLLICINO-SHOW-767x1024.jpg 767w, https:\/\/www.radiopiu.net\/wordpress\/wp-content\/uploads\/2025\/12\/f2_POLLICINO-SHOW-768x1025.jpg 768w, https:\/\/www.radiopiu.net\/wordpress\/wp-content\/uploads\/2025\/12\/f2_POLLICINO-SHOW-1151x1536.jpg 1151w, https:\/\/www.radiopiu.net\/wordpress\/wp-content\/uploads\/2025\/12\/f2_POLLICINO-SHOW.jpg 1157w\" sizes=\"auto, (max-width: 103px) 100vw, 103px\" \/><\/a>ANCHE IL PI\u00d9 PICCOLO PU\u00d2 DIVENTARE UN GRANDE EROE: POLLICINO SHOW ARRIVA AL BUZZATI CON TIB TEATRO<\/h3>\n<\/blockquote>\n<p><strong>DI ALESSIA DALL&#8217;O&#8217;<\/strong><\/p>\n<p><strong>BELLUNO <\/strong>Dopo il sold out dell\u2019inaugurazione, torna al Teatro Dino Buzzati la stagione \u201cComincio dai 3\u201d, dedicata alle nuove generazioni da Tib Teatro. Domenica 21 dicembre alle 17 va in scena Pollicino Show, spettacolo di teatro-danza firmato da Gruppo Ibrido e Artemis Danza. Una rilettura contemporanea della celebre fiaba, tra coreografie, video, teatro d\u2019ombre e musica, che racconta la forza dell\u2019astuzia e dell\u2019immaginazione. Uno spettacolo poetico e coinvolgente, pensato per bambini e famiglie, capace di emozionare e far sognare.<\/p>\n<p>&nbsp;<\/p>\n<p>&nbsp;<\/p>\n<hr \/>\n<p>&nbsp;<\/p>\n<blockquote>\n<h3>VENT\u2019ANNI DOPO TORNA IN SALA IL CORTOMETRAGGIO REALIZZATO DA PERSONE CON DISABILIT\u00c0 UMANICHINI<\/h3>\n<\/blockquote>\n<p><b><a class=\"dt-pswp-item\" href=\"https:\/\/www.radiopiu.net\/wordpress\/wp-content\/uploads\/2025\/12\/Umanichini.png\" data-dt-img-description=\"\" data-large_image_width=\"1748\" data-large_image_height=\"1240\"><img loading=\"lazy\" decoding=\"async\" class=\" wp-image-485020 alignleft\" src=\"https:\/\/www.radiopiu.net\/wordpress\/wp-content\/uploads\/2025\/12\/Umanichini-300x213.png\" alt=\"\" width=\"182\" height=\"129\" srcset=\"https:\/\/www.radiopiu.net\/wordpress\/wp-content\/uploads\/2025\/12\/Umanichini-300x213.png 300w, https:\/\/www.radiopiu.net\/wordpress\/wp-content\/uploads\/2025\/12\/Umanichini-1024x726.png 1024w, https:\/\/www.radiopiu.net\/wordpress\/wp-content\/uploads\/2025\/12\/Umanichini-768x545.png 768w, https:\/\/www.radiopiu.net\/wordpress\/wp-content\/uploads\/2025\/12\/Umanichini-1536x1090.png 1536w, https:\/\/www.radiopiu.net\/wordpress\/wp-content\/uploads\/2025\/12\/Umanichini.png 1748w\" sizes=\"auto, (max-width: 182px) 100vw, 182px\" \/><\/a>DI ALESSIA DALL&#8217;O&#8217;<\/b><\/p>\n<p><strong>BELLUNO <\/strong>A esatti vent\u2019anni dalla realizzazione, torna in sala \u201cUmanichini\u201d, il cortometraggio creato nel 2005 dalle persone con disabilit\u00e0 dei Centri Diurni della Cooperativa bellunese Societ\u00e0 Nuova. Il film, che all\u2019epoca riscosse molti apprezzamenti, racconta una storia d\u2019amore universale e segn\u00f2 non solo un momento di comunit\u00e0, ma soprattutto una svolta nel modo di vedere le abilit\u00e0 degli ospiti della cooperativa. La proiezione, con un momento di approfondimento su l&#8217;autodeterminazione della persona con disabilit\u00e0, \u00e8 in programma luned\u00ec 22 dicembre alle 18 a Palazzo Crepadona. Evento gratuito, prenotazione obbligatoria.<\/p>\n<p>&nbsp;<\/p>\n<p>&nbsp;<\/p>\n<hr \/>\n<p>&nbsp;<\/p>\n<blockquote>\n<h3>NATALE IN PIAZZA A FONZASO: UNA GIORNATA DI EVENTI PER GRANDI E PICCOLI<\/h3>\n<\/blockquote>\n<p><strong><a class=\"dt-pswp-item\" href=\"https:\/\/www.radiopiu.net\/wordpress\/wp-content\/uploads\/2025\/12\/JNSHG.jpg\" data-dt-img-description=\"\" data-large_image_width=\"1755\" data-large_image_height=\"1093\"><img loading=\"lazy\" decoding=\"async\" class=\" wp-image-486273 alignleft\" src=\"https:\/\/www.radiopiu.net\/wordpress\/wp-content\/uploads\/2025\/12\/JNSHG-300x187.jpg\" alt=\"\" width=\"132\" height=\"82\" srcset=\"https:\/\/www.radiopiu.net\/wordpress\/wp-content\/uploads\/2025\/12\/JNSHG-300x187.jpg 300w, https:\/\/www.radiopiu.net\/wordpress\/wp-content\/uploads\/2025\/12\/JNSHG-1024x638.jpg 1024w, https:\/\/www.radiopiu.net\/wordpress\/wp-content\/uploads\/2025\/12\/JNSHG-768x478.jpg 768w, https:\/\/www.radiopiu.net\/wordpress\/wp-content\/uploads\/2025\/12\/JNSHG-1536x957.jpg 1536w, https:\/\/www.radiopiu.net\/wordpress\/wp-content\/uploads\/2025\/12\/JNSHG.jpg 1755w\" sizes=\"auto, (max-width: 132px) 100vw, 132px\" \/><\/a>DI ALESSIA DALL&#8217;O&#8217;<\/strong><\/p>\n<p><strong>FONZASO <\/strong>Natale in piazza arriva nel centro fonzasino, mercoled\u00ec 24 dicembre, dalle 10 alle 18, in Piazza I Novembre, vestita a festa per l\u2019occasione. Per la prima volta, una vigilia che prevede un\u2019intera giornata di eventi per vivere l\u2019attesa del Natale in un\u2019atmosfera calda e accogliente, pensata per tutte le et\u00e0 ed in particolare per le famiglie.<\/p>\n<p>&nbsp;<\/p>\n<p>&nbsp;<\/p>\n<hr \/>\n<p>&nbsp;<\/p>\n<blockquote>\n<h3><a class=\"dt-pswp-item\" href=\"https:\/\/www.radiopiu.net\/wordpress\/wp-content\/uploads\/2025\/12\/Locandina-Natale-sotto-scacco.jpg\" data-dt-img-description=\"\" data-large_image_width=\"1080\" data-large_image_height=\"1350\"><img loading=\"lazy\" decoding=\"async\" class=\" wp-image-486154 alignleft\" src=\"https:\/\/www.radiopiu.net\/wordpress\/wp-content\/uploads\/2025\/12\/Locandina-Natale-sotto-scacco-240x300.jpg\" alt=\"\" width=\"136\" height=\"170\" srcset=\"https:\/\/www.radiopiu.net\/wordpress\/wp-content\/uploads\/2025\/12\/Locandina-Natale-sotto-scacco-240x300.jpg 240w, https:\/\/www.radiopiu.net\/wordpress\/wp-content\/uploads\/2025\/12\/Locandina-Natale-sotto-scacco-819x1024.jpg 819w, https:\/\/www.radiopiu.net\/wordpress\/wp-content\/uploads\/2025\/12\/Locandina-Natale-sotto-scacco-768x960.jpg 768w, https:\/\/www.radiopiu.net\/wordpress\/wp-content\/uploads\/2025\/12\/Locandina-Natale-sotto-scacco.jpg 1080w\" sizes=\"auto, (max-width: 136px) 100vw, 136px\" \/><\/a>NATALE SOTTO SCACCO: A FONZASO IL 24 DICEMBRE SI GIOCA A SCACCHI<\/h3>\n<\/blockquote>\n<p><strong>DI ALESSIA DALL&#8217;O&#8217;<\/strong><\/p>\n<p><strong>FONZASO<\/strong> Un Natale all\u2019insegna della strategia e della mente. Mercoled\u00ec 24 dicembre, a partire dalle 10, la Sala del Municipio di Fonzaso ospiter\u00e0 \u201cNatale sotto scacco\u201d, il torneo di scacchi promosso dal Comune in collaborazione con il Circolo Scacchistico Feltrino \u201cL\u2019Avamposto\u201d.<br \/>\nUna competizione aperta a tutti gli appassionati, con cinque turni di gioco, pensata per valorizzare uno sport capace di unire generazioni e sviluppare concentrazione e abilit\u00e0 mentali. Iscrizioni gratuite, posti limitati.<\/p>\n<p>&nbsp;<\/p>\n<p>&nbsp;<\/p>\n<hr \/>\n<p>&nbsp;<\/p>\n<blockquote>\n<h3>PRESEPIO VIVENTE A CALALZO: TRADIZIONE NATALIZIA<\/h3>\n<\/blockquote>\n<p><strong><a class=\"dt-pswp-item\" href=\"https:\/\/www.radiopiu.net\/wordpress\/wp-content\/uploads\/2025\/12\/PRESEPE-CALALZO.jpg\" data-dt-img-description=\"\" data-large_image_width=\"1080\" data-large_image_height=\"813\"><img loading=\"lazy\" decoding=\"async\" class=\" wp-image-485414 alignleft\" src=\"https:\/\/www.radiopiu.net\/wordpress\/wp-content\/uploads\/2025\/12\/PRESEPE-CALALZO-300x226.jpg\" alt=\"\" width=\"142\" height=\"107\" srcset=\"https:\/\/www.radiopiu.net\/wordpress\/wp-content\/uploads\/2025\/12\/PRESEPE-CALALZO-300x226.jpg 300w, https:\/\/www.radiopiu.net\/wordpress\/wp-content\/uploads\/2025\/12\/PRESEPE-CALALZO-1024x771.jpg 1024w, https:\/\/www.radiopiu.net\/wordpress\/wp-content\/uploads\/2025\/12\/PRESEPE-CALALZO-768x578.jpg 768w, https:\/\/www.radiopiu.net\/wordpress\/wp-content\/uploads\/2025\/12\/PRESEPE-CALALZO.jpg 1080w\" sizes=\"auto, (max-width: 142px) 100vw, 142px\" \/><\/a>CALALZO DI CADORE <\/strong>Sabato 27 dicembre a Calalzo di Cadore torna il presepio vivente in Via Montanel, vicino alla chiesa parrocchiale. L\u2019evento, tra i pi\u00f9 attesi delle festivit\u00e0, attira centinaia di visitatori e turisti. Dalle 15:30 sar\u00e0 possibile esplorare il villaggio, osservare i figuranti e gustare bevande e cibi caldi. Alle 16:30 prender\u00e0 il via la rappresentazione della Nativit\u00e0, seguendo il racconto evangelico. In caso di maltempo, lo spettacolo sar\u00e0 rinviato a sabato 3 gennaio 2026. L\u2019iniziativa \u00e8 resa possibile grazie ai volontari e gode del patrocinio della parrocchia di San Biagio e del Comune.<\/p>\n<p>&nbsp;<\/p>\n<p>&nbsp;<\/p>\n<hr \/>\n<p>&nbsp;<\/p>\n<h1><span style=\"color: #ff6600;\">IERI ALLA RADIO<\/span><\/h1>\n<h2><span style=\"color: #00ccff;\">L&#8217;EREDITA&#8217; DELLE OLIMPIADI 1956<\/span><\/h2>\n<h1 class=\"entry-title\"><a class=\"dt-pswp-item\" href=\"https:\/\/www.radiopiu.net\/wordpress\/wp-content\/uploads\/2024\/12\/WhatsApp-Image-2024-12-13-at-11.29.03-1.jpg\" data-dt-img-description=\"\" data-large_image_width=\"800\" data-large_image_height=\"382\"><img loading=\"lazy\" decoding=\"async\" class=\" wp-image-426333 alignleft\" src=\"https:\/\/www.radiopiu.net\/wordpress\/wp-content\/uploads\/2024\/12\/WhatsApp-Image-2024-12-13-at-11.29.03-1-300x143.jpg\" alt=\"\" width=\"155\" height=\"74\" srcset=\"https:\/\/www.radiopiu.net\/wordpress\/wp-content\/uploads\/2024\/12\/WhatsApp-Image-2024-12-13-at-11.29.03-1-300x143.jpg 300w, https:\/\/www.radiopiu.net\/wordpress\/wp-content\/uploads\/2024\/12\/WhatsApp-Image-2024-12-13-at-11.29.03-1-768x367.jpg 768w, https:\/\/www.radiopiu.net\/wordpress\/wp-content\/uploads\/2024\/12\/WhatsApp-Image-2024-12-13-at-11.29.03-1.jpg 800w\" sizes=\"auto, (max-width: 155px) 100vw, 155px\" \/><\/a><\/h1>\n<p class=\"has-text-align-center\">Un viaggio nel passato che dal\u00a017 dicembre e\u00a0per\u00a0due mesi\u00a0e\u00a0mezzo, accompagner\u00e0 alla\u00a0riscoperta\u00a0delle\u00a0storiche\u00a0Olimpiadi\u00a0Invernali di\u00a0Cortina\u00a0d\u2019Ampezzo\u00a0del\u00a01956, un evento che ha segnato la storia di\u00a0Cortina\u00a0e\u00a0dell\u2019Italia tutta.<\/p>\n<p><strong>PUNTATA 01<\/strong><\/p>\n<audio class=\"wp-audio-shortcode\" id=\"audio-486162-11\" preload=\"none\" style=\"width: 100%;\" controls=\"controls\"><source type=\"audio\/mpeg\" src=\"https:\/\/www.radiopiu.net\/wordpress\/wp-content\/uploads\/2024\/12\/TX_NR1_REMIX_12_12_24_OK99zm7.mp3?_=11\" \/><a href=\"https:\/\/www.radiopiu.net\/wordpress\/wp-content\/uploads\/2024\/12\/TX_NR1_REMIX_12_12_24_OK99zm7.mp3\">https:\/\/www.radiopiu.net\/wordpress\/wp-content\/uploads\/2024\/12\/TX_NR1_REMIX_12_12_24_OK99zm7.mp3<\/a><\/audio>\n<p>&nbsp;<\/p>\n<h2><strong>LA RACCOLTA COMPLETA <a href=\"https:\/\/www.radiopiu.net\/wordpress\/tre-radio-ununica-voce-tra-le-dolomiti-il-programma-olimpico\/\"><span style=\"color: #3366ff;\">CLICCA QUI<\/span><\/a><\/strong><\/h2>\n<p>&nbsp;<\/p>\n<hr \/>\n<p>&nbsp;<\/p>\n<h2><span style=\"color: #ff00ff;\">DINTORN E FORA VIA&#8221;\u00a0 IL PROGRAMMA\u00a0 A CURA DEL MUSLA\u00a0\u00a0<strong>\u00a0 \u00a0<\/strong><\/span><\/h2>\n<p><strong><a class=\"dt-pswp-item\" href=\"https:\/\/www.radiopiu.net\/wordpress\/wp-content\/uploads\/2020\/04\/giornali.jpg\" data-dt-img-description=\"\" data-large_image_width=\"1920\" data-large_image_height=\"1280\"><img loading=\"lazy\" decoding=\"async\" class=\" wp-image-126692 alignleft\" src=\"https:\/\/www.radiopiu.net\/wordpress\/wp-content\/uploads\/2020\/04\/giornali-300x200.jpg\" alt=\"\" width=\"176\" height=\"117\" srcset=\"https:\/\/www.radiopiu.net\/wordpress\/wp-content\/uploads\/2020\/04\/giornali-300x200.jpg 300w, https:\/\/www.radiopiu.net\/wordpress\/wp-content\/uploads\/2020\/04\/giornali-1024x683.jpg 1024w, https:\/\/www.radiopiu.net\/wordpress\/wp-content\/uploads\/2020\/04\/giornali-768x512.jpg 768w, https:\/\/www.radiopiu.net\/wordpress\/wp-content\/uploads\/2020\/04\/giornali-1536x1024.jpg 1536w, https:\/\/www.radiopiu.net\/wordpress\/wp-content\/uploads\/2020\/04\/giornali.jpg 1920w\" sizes=\"auto, (max-width: 176px) 100vw, 176px\" \/><\/a>PUNTATA DEL 16 DICEMBRE 2025 MICHELA DELL&#8217;OSBEL<\/strong><\/p>\n<audio class=\"wp-audio-shortcode\" id=\"audio-486162-12\" preload=\"none\" style=\"width: 100%;\" controls=\"controls\"><source type=\"audio\/mpeg\" src=\"https:\/\/www.radiopiu.net\/wordpress\/wp-content\/uploads\/2025\/12\/MUSLA-5.mp3?_=12\" \/><a href=\"https:\/\/www.radiopiu.net\/wordpress\/wp-content\/uploads\/2025\/12\/MUSLA-5.mp3\">https:\/\/www.radiopiu.net\/wordpress\/wp-content\/uploads\/2025\/12\/MUSLA-5.mp3<\/a><\/audio>\n<p>&nbsp;<\/p>\n<h2><strong>LA RACCOLTA COMPLETA <a href=\"https:\/\/www.radiopiu.net\/wordpress\/musla\/\"><span style=\"color: #3366ff;\">CLICCA QUI<\/span><\/a><\/strong><\/h2>\n<p>&nbsp;<\/p>\n<hr \/>\n<p>&nbsp;<\/p>\n<h2><span style=\"color: #ffcc00;\">OGGI COME IERI, TERZO ANNO. CON SILVIA BALDO<\/span><\/h2>\n<p><strong><a class=\"dt-pswp-item\" href=\"https:\/\/www.radiopiu.net\/wordpress\/wp-content\/uploads\/2025\/12\/IVA-SPA.jpg\" data-dt-img-description=\"\" data-large_image_width=\"380\" data-large_image_height=\"208\"><img loading=\"lazy\" decoding=\"async\" class=\" wp-image-486305 alignleft\" src=\"https:\/\/www.radiopiu.net\/wordpress\/wp-content\/uploads\/2025\/12\/IVA-SPA-300x164.jpg\" alt=\"\" width=\"177\" height=\"97\" srcset=\"https:\/\/www.radiopiu.net\/wordpress\/wp-content\/uploads\/2025\/12\/IVA-SPA-300x164.jpg 300w, https:\/\/www.radiopiu.net\/wordpress\/wp-content\/uploads\/2025\/12\/IVA-SPA.jpg 380w\" sizes=\"auto, (max-width: 177px) 100vw, 177px\" \/><\/a>16 DICEMBRE<\/strong><\/p>\n<audio class=\"wp-audio-shortcode\" id=\"audio-486162-13\" preload=\"none\" style=\"width: 100%;\" controls=\"controls\"><source type=\"audio\/mpeg\" src=\"https:\/\/www.radiopiu.net\/wordpress\/wp-content\/uploads\/2025\/12\/SIBI2-3.mp3?_=13\" \/><a href=\"https:\/\/www.radiopiu.net\/wordpress\/wp-content\/uploads\/2025\/12\/SIBI2-3.mp3\">https:\/\/www.radiopiu.net\/wordpress\/wp-content\/uploads\/2025\/12\/SIBI2-3.mp3<\/a><\/audio>\n<p>&nbsp;<\/p>\n<h2><strong>LA RACCOLTA COMPLETA <a href=\"https:\/\/www.radiopiu.net\/wordpress\/oggi-come-ieri-terzo-anno-con-silvia-baldo-16-dic\/\"><span style=\"color: #3366ff;\">CLICCA QUI<\/span><\/a><\/strong><\/h2>\n<p>&nbsp;<\/p>\n<hr \/>\n<p>&nbsp;<\/p>\n<h2><span style=\"color: #008000;\">IMAP ALLA RADIO <\/span><\/h2>\n<p><strong><a class=\"dt-pswp-item\" href=\"https:\/\/www.radiopiu.net\/wordpress\/wp-content\/uploads\/2025\/06\/IMAP.png\" data-dt-img-description=\"\" data-large_image_width=\"800\" data-large_image_height=\"545\"><img loading=\"lazy\" decoding=\"async\" class=\" wp-image-454444 alignleft\" src=\"https:\/\/www.radiopiu.net\/wordpress\/wp-content\/uploads\/2025\/06\/IMAP-300x204.png\" alt=\"\" width=\"160\" height=\"109\" srcset=\"https:\/\/www.radiopiu.net\/wordpress\/wp-content\/uploads\/2025\/06\/IMAP-300x204.png 300w, https:\/\/www.radiopiu.net\/wordpress\/wp-content\/uploads\/2025\/06\/IMAP-768x523.png 768w, https:\/\/www.radiopiu.net\/wordpress\/wp-content\/uploads\/2025\/06\/IMAP.png 800w\" sizes=\"auto, (max-width: 160px) 100vw, 160px\" \/><\/a>REDAZIONE<\/strong> IMAP Srl, con sede a Sedico, \u00e8 leader nelle tecnologie plastiche e poliuretaniche. Dispone di 12 linee di estrusione per tecnopolimeri (ABS, PVC, Policarbonato, Metacrilato, Polipropilene) impiegati in settori come refrigerazione, illuminazione, arredamento, alimentare ed edilizia. L\u2019azienda offre lavorazioni speciali (taglio, saldatura, foratura) e sviluppa attrezzature su misura per i clienti. Un laboratorio attrezzato garantisce assistenza tecnica qualificata.<\/p>\n<p>&nbsp;<\/p>\n<p><strong>PUNTATA 06 &#8211; STEFANO DAL POZZOLO &#8211; responsabile programmazione<\/strong><\/p>\n<audio class=\"wp-audio-shortcode\" id=\"audio-486162-14\" preload=\"none\" style=\"width: 100%;\" controls=\"controls\"><source type=\"audio\/mpeg\" src=\"https:\/\/www.radiopiu.net\/wordpress\/wp-content\/uploads\/2025\/11\/INTERVISTA-IMAP-BARBARA.mp3?_=14\" \/><a href=\"https:\/\/www.radiopiu.net\/wordpress\/wp-content\/uploads\/2025\/11\/INTERVISTA-IMAP-BARBARA.mp3\">https:\/\/www.radiopiu.net\/wordpress\/wp-content\/uploads\/2025\/11\/INTERVISTA-IMAP-BARBARA.mp3<\/a><\/audio>\n<p>&nbsp;<\/p>\n<h2><strong>LA RACCOLTA COMPLETA <a href=\"https:\/\/www.radiopiu.net\/wordpress\/imap-alla-radio-il-podcast\/\"><span style=\"color: #3366ff;\">CLICCA QUI<\/span><\/a><\/strong><\/h2>\n<p>&nbsp;<\/p>\n<hr \/>\n<p>&nbsp;<\/p>\n<blockquote class=\"wp-embedded-content\" data-secret=\"rgE5Cc6rYm\"><p><a href=\"https:\/\/www.radiopiu.net\/wordpress\/curiosando-il-programmaa\/\">CURIOSANDO&#8230; IL PROGRAMMA DI PAOLA LANCIATO<\/a><\/p><\/blockquote>\n<p><iframe loading=\"lazy\" class=\"wp-embedded-content\" sandbox=\"allow-scripts\" security=\"restricted\" style=\"position: absolute; visibility: hidden;\" title=\"&#8220;CURIOSANDO&#8230; IL PROGRAMMA DI PAOLA LANCIATO&#8221; &#8212; Radio Pi\u00f9\" src=\"https:\/\/www.radiopiu.net\/wordpress\/curiosando-il-programmaa\/embed\/#?secret=8Uu4UfkAnK#?secret=rgE5Cc6rYm\" data-secret=\"rgE5Cc6rYm\" width=\"600\" height=\"338\" frameborder=\"0\" marginwidth=\"0\" marginheight=\"0\" scrolling=\"no\"><\/iframe><\/p>\n<p>&nbsp;<\/p>\n<hr \/>\n<p>&nbsp;<\/p>\n<h2><span style=\"color: #00ffff;\">A CENCENIGHE ARRIVA IL SALOTTO DELLA MUSICA<\/span><\/h2>\n<p><strong><a class=\"dt-pswp-item\" href=\"https:\/\/www.radiopiu.net\/wordpress\/wp-content\/uploads\/2018\/02\/musica.jpg\" data-dt-img-description=\"\" data-large_image_width=\"644\" data-large_image_height=\"347\"><img loading=\"lazy\" decoding=\"async\" class=\" wp-image-42941 alignleft\" src=\"https:\/\/www.radiopiu.net\/wordpress\/wp-content\/uploads\/2018\/02\/musica-300x162.jpg\" alt=\"\" width=\"176\" height=\"95\" srcset=\"https:\/\/www.radiopiu.net\/wordpress\/wp-content\/uploads\/2018\/02\/musica-300x162.jpg 300w, https:\/\/www.radiopiu.net\/wordpress\/wp-content\/uploads\/2018\/02\/musica.jpg 644w\" sizes=\"auto, (max-width: 176px) 100vw, 176px\" \/><\/a>DI MIRKO MEZZACASA<\/strong><\/p>\n<p>OSPITI: Claudia e Gianpiero<\/p>\n<audio class=\"wp-audio-shortcode\" id=\"audio-486162-15\" preload=\"none\" style=\"width: 100%;\" controls=\"controls\"><source type=\"audio\/mpeg\" src=\"https:\/\/www.radiopiu.net\/wordpress\/wp-content\/uploads\/2025\/12\/CLAUDIA-E-GIANPIERO.mp3?_=15\" \/><a href=\"https:\/\/www.radiopiu.net\/wordpress\/wp-content\/uploads\/2025\/12\/CLAUDIA-E-GIANPIERO.mp3\">https:\/\/www.radiopiu.net\/wordpress\/wp-content\/uploads\/2025\/12\/CLAUDIA-E-GIANPIERO.mp3<\/a><\/audio>\n<p>&nbsp;<\/p>\n<hr \/>\n<p>&nbsp;<\/p>\n<h2><span style=\"color: #ff0000;\">LE MIGLIA DEI BABBI NATALE AD AGORDO<\/span><\/h2>\n<p><strong><a class=\"dt-pswp-item\" href=\"https:\/\/www.radiopiu.net\/wordpress\/wp-content\/uploads\/2025\/12\/5a67ed97-301f-4561-b82f-1fee7950c255.jpg\" data-dt-img-description=\"\" data-large_image_width=\"2048\" data-large_image_height=\"1152\"><img loading=\"lazy\" decoding=\"async\" class=\"size-medium wp-image-485631 alignleft\" src=\"https:\/\/www.radiopiu.net\/wordpress\/wp-content\/uploads\/2025\/12\/5a67ed97-301f-4561-b82f-1fee7950c255-300x169.jpg\" alt=\"\" width=\"300\" height=\"169\" srcset=\"https:\/\/www.radiopiu.net\/wordpress\/wp-content\/uploads\/2025\/12\/5a67ed97-301f-4561-b82f-1fee7950c255-300x169.jpg 300w, https:\/\/www.radiopiu.net\/wordpress\/wp-content\/uploads\/2025\/12\/5a67ed97-301f-4561-b82f-1fee7950c255-1024x576.jpg 1024w, https:\/\/www.radiopiu.net\/wordpress\/wp-content\/uploads\/2025\/12\/5a67ed97-301f-4561-b82f-1fee7950c255-768x432.jpg 768w, https:\/\/www.radiopiu.net\/wordpress\/wp-content\/uploads\/2025\/12\/5a67ed97-301f-4561-b82f-1fee7950c255-1536x864.jpg 1536w, https:\/\/www.radiopiu.net\/wordpress\/wp-content\/uploads\/2025\/12\/5a67ed97-301f-4561-b82f-1fee7950c255.jpg 2048w\" sizes=\"auto, (max-width: 300px) 100vw, 300px\" \/><\/a>DI MARCO GAZ<\/strong><\/p>\n<p>OSPITI: Roberto Agnolet, Alessandra Da Ronch e Fernando Soccol<\/p>\n<audio class=\"wp-audio-shortcode\" id=\"audio-486162-16\" preload=\"none\" style=\"width: 100%;\" controls=\"controls\"><source type=\"audio\/mpeg\" src=\"https:\/\/www.radiopiu.net\/wordpress\/wp-content\/uploads\/2025\/12\/LE-MIGLIA-DEI-BABBI-AGNOLET-DA-RONCH-SOCCOL.mp3?_=16\" \/><a href=\"https:\/\/www.radiopiu.net\/wordpress\/wp-content\/uploads\/2025\/12\/LE-MIGLIA-DEI-BABBI-AGNOLET-DA-RONCH-SOCCOL.mp3\">https:\/\/www.radiopiu.net\/wordpress\/wp-content\/uploads\/2025\/12\/LE-MIGLIA-DEI-BABBI-AGNOLET-DA-RONCH-SOCCOL.mp3<\/a><\/audio>\n<p>&nbsp;<\/p>\n<hr \/>\n<p>&nbsp;<\/p>\n<h2><span style=\"color: #99cc00;\">I CONSIGLI DI GIANLUCA&#8230;DA DOLOMITI BEER &amp; WINE SHOP<\/span><\/h2>\n<p><strong>16 DICEMBRE POLI TAIADEA<\/strong><\/p>\n<p><img loading=\"lazy\" decoding=\"async\" class=\"alignleft\" src=\"https:\/\/www.radiopiu.net\/wordpress\/wp-content\/uploads\/2025\/12\/Screenshot-2025-12-16-065133.png\" width=\"203\" height=\"174\" \/>La Poli Taiad\u00e9a \u00e8 una grappa che nasce dall\u2019incontro tra la tradizione artigianale veneta e l\u2019eleganza aromatica delle vinacce fresche provenienti da uve selezionate. \u00c8 una grappa che si distingue immediatamente per la sua morbidezza naturale, frutto di una distillazione lenta in alambicco a bagnomaria, metodo che permette di estrarre solo le parti pi\u00f9 nobili del cuore del distillato. Al naso si apre con profumi puliti e luminosi: note floreali, piccoli frutti a polpa bianca e una delicata vena erbacea che racconta l\u2019origine agricola della materia prima. In bocca mostra struttura, finezza e una rotondit\u00e0 che avvolge senza mai appesantire. L\u2019ingresso \u00e8 morbido, lo sviluppo equilibrato, il finale lungo e fragrante, con un ritorno leggermente mandorlato. Taiad\u00e9a \u00e8 una grappa pensata per chi cerca autenticit\u00e0, precisione e un sorso che sappia unire eleganza e identit\u00e0 veneta.<\/p>\n<p><strong>PAROLA DI GIANLUCA,\u00a0 E&#8217; LA RUBRICA IN ONDA SU RADIOPIU OGNI GIORNO ALLE 7.10, 18.10, 21.50&#8230;NOTIZIE CONSIGLI E MOLTA CORDIALIT\u00e0 NEGLI INTERVENTI DI GIANLUCA DAI PUNTI VENDITA DI TAIBON, SEDICO E FELTRE<\/strong><\/p>\n<p>AUDIO<\/p>\n<audio class=\"wp-audio-shortcode\" id=\"audio-486162-17\" preload=\"none\" style=\"width: 100%;\" controls=\"controls\"><source type=\"audio\/mpeg\" src=\"https:\/\/www.radiopiu.net\/wordpress\/wp-content\/uploads\/2025\/12\/GWINE1A-8.mp3?_=17\" \/><a href=\"https:\/\/www.radiopiu.net\/wordpress\/wp-content\/uploads\/2025\/12\/GWINE1A-8.mp3\">https:\/\/www.radiopiu.net\/wordpress\/wp-content\/uploads\/2025\/12\/GWINE1A-8.mp3<\/a><\/audio>\n<p>&nbsp;<\/p>\n<h2><strong>LA RACCOLTA COMPLETA <a href=\"https:\/\/www.radiopiu.net\/wordpress\/paroladic15\/\"><span style=\"color: #3366ff;\">CLICCA QUI<\/span><\/a><\/strong><\/h2>\n<p>&nbsp;<\/p>\n<hr \/>\n<p>&nbsp;<\/p>\n<p><span style=\"color: #ff0000;\"><img loading=\"lazy\" decoding=\"async\" class=\"wp-image-61958 size-full aligncenter\" src=\"https:\/\/www.radiopiu.net\/wordpress\/wp-content\/uploads\/2018\/09\/appuntamenti.jpeg\" alt=\"\" width=\"800\" height=\"100\" srcset=\"https:\/\/www.radiopiu.net\/wordpress\/wp-content\/uploads\/2018\/09\/appuntamenti.jpeg 800w, https:\/\/www.radiopiu.net\/wordpress\/wp-content\/uploads\/2018\/09\/appuntamenti-300x38.jpeg 300w, https:\/\/www.radiopiu.net\/wordpress\/wp-content\/uploads\/2018\/09\/appuntamenti-768x96.jpeg 768w\" sizes=\"auto, (max-width: 800px) 100vw, 800px\" \/><\/span><\/p>\n<p>&nbsp;<\/p>\n\n\t\t\t<style type='text\/css'>\n\t\t\t\t#gallery-3 {\n\t\t\t\t\tmargin: auto;\n\t\t\t\t}\n\t\t\t\t#gallery-3 .gallery-item {\n\t\t\t\t\tfloat: left;\n\t\t\t\t\tmargin-top: 10px;\n\t\t\t\t\ttext-align: center;\n\t\t\t\t\twidth: 25%;\n\t\t\t\t}\n\t\t\t\t#gallery-3 img {\n\t\t\t\t\tborder: 2px solid #cfcfcf;\n\t\t\t\t}\n\t\t\t\t#gallery-3 .gallery-caption {\n\t\t\t\t\tmargin-left: 0;\n\t\t\t\t}\n\t\t\t\t\/* see gallery_shortcode() in wp-includes\/media.php *\/\n\t\t\t<\/style>\n\t\t<div id='gallery-3' class='dt-gallery-container gallery galleryid-486162 gallery-columns-4 gallery-size-thumbnail'><dl class='gallery-item'>\n\t\t\t\t<dt class='gallery-icon landscape'>\n\t\t\t\t\t<a class=\"rollover rollover-zoom dt-pswp-item\" title=\"542759768_1187692263404454_707530732478693509_n\" data-dt-img-description=\"\" data-large_image_width=\"1440\" data-large_image_height=\"1440\"href='https:\/\/www.radiopiu.net\/wordpress\/wp-content\/uploads\/2025\/10\/542759768_1187692263404454_707530732478693509_n.jpg'><img loading=\"lazy\" decoding=\"async\" width=\"150\" height=\"150\" src=\"https:\/\/www.radiopiu.net\/wordpress\/wp-content\/uploads\/2025\/10\/542759768_1187692263404454_707530732478693509_n-150x150.jpg\" class=\"attachment-thumbnail size-thumbnail\" alt=\"\" srcset=\"https:\/\/www.radiopiu.net\/wordpress\/wp-content\/uploads\/2025\/10\/542759768_1187692263404454_707530732478693509_n-150x150.jpg 150w, https:\/\/www.radiopiu.net\/wordpress\/wp-content\/uploads\/2025\/10\/542759768_1187692263404454_707530732478693509_n-300x300.jpg 300w, https:\/\/www.radiopiu.net\/wordpress\/wp-content\/uploads\/2025\/10\/542759768_1187692263404454_707530732478693509_n-1024x1024.jpg 1024w, https:\/\/www.radiopiu.net\/wordpress\/wp-content\/uploads\/2025\/10\/542759768_1187692263404454_707530732478693509_n-768x768.jpg 768w, https:\/\/www.radiopiu.net\/wordpress\/wp-content\/uploads\/2025\/10\/542759768_1187692263404454_707530732478693509_n.jpg 1440w\" sizes=\"auto, (max-width: 150px) 100vw, 150px\" \/><\/a>\n\t\t\t\t<\/dt><\/dl><dl class='gallery-item'>\n\t\t\t\t<dt class='gallery-icon portrait'>\n\t\t\t\t\t<a class=\"rollover rollover-zoom dt-pswp-item\" title=\"41ae8cc6-1016-46be-9558-ad085b650586\" data-dt-img-description=\"\" data-large_image_width=\"1041\" data-large_image_height=\"1434\"href='https:\/\/www.radiopiu.net\/wordpress\/wp-content\/uploads\/2025\/12\/41ae8cc6-1016-46be-9558-ad085b650586.jpeg'><img loading=\"lazy\" decoding=\"async\" width=\"150\" height=\"150\" src=\"https:\/\/www.radiopiu.net\/wordpress\/wp-content\/uploads\/2025\/12\/41ae8cc6-1016-46be-9558-ad085b650586-150x150.jpeg\" class=\"attachment-thumbnail size-thumbnail\" alt=\"\" \/><\/a>\n\t\t\t\t<\/dt><\/dl><dl class='gallery-item'>\n\t\t\t\t<dt class='gallery-icon portrait'>\n\t\t\t\t\t<a class=\"rollover rollover-zoom dt-pswp-item\" title=\"locandina mostra Castellavazzo\" data-dt-img-description=\"\" data-large_image_width=\"1810\" data-large_image_height=\"2560\"href='https:\/\/www.radiopiu.net\/wordpress\/wp-content\/uploads\/2025\/11\/locandina-mostra-Castellavazzo-scaled.jpg'><img loading=\"lazy\" decoding=\"async\" width=\"150\" height=\"150\" src=\"https:\/\/www.radiopiu.net\/wordpress\/wp-content\/uploads\/2025\/11\/locandina-mostra-Castellavazzo-150x150.jpg\" class=\"attachment-thumbnail size-thumbnail\" alt=\"\" \/><\/a>\n\t\t\t\t<\/dt><\/dl><dl class='gallery-item'>\n\t\t\t\t<dt class='gallery-icon portrait'>\n\t\t\t\t\t<a class=\"rollover rollover-zoom dt-pswp-item\" title=\"803dde58-9f48-4809-89fc-1f29d2b69f8e\" data-dt-img-description=\"\" data-large_image_width=\"1200\" data-large_image_height=\"1600\"href='https:\/\/www.radiopiu.net\/wordpress\/wp-content\/uploads\/2025\/12\/803dde58-9f48-4809-89fc-1f29d2b69f8e.jpg'><img loading=\"lazy\" decoding=\"async\" width=\"150\" height=\"150\" src=\"https:\/\/www.radiopiu.net\/wordpress\/wp-content\/uploads\/2025\/12\/803dde58-9f48-4809-89fc-1f29d2b69f8e-150x150.jpg\" class=\"attachment-thumbnail size-thumbnail\" alt=\"\" \/><\/a>\n\t\t\t\t<\/dt><\/dl><br style=\"clear: both\" \/><dl class='gallery-item'>\n\t\t\t\t<dt class='gallery-icon portrait'>\n\t\t\t\t\t<a class=\"rollover rollover-zoom dt-pswp-item\" title=\"40fc71c4-2534-425a-b717-cc3f8c5033c8\" data-dt-img-description=\"\" data-large_image_width=\"1131\" data-large_image_height=\"1600\"href='https:\/\/www.radiopiu.net\/wordpress\/wp-content\/uploads\/2025\/11\/40fc71c4-2534-425a-b717-cc3f8c5033c8.jpg'><img loading=\"lazy\" decoding=\"async\" width=\"150\" height=\"150\" src=\"https:\/\/www.radiopiu.net\/wordpress\/wp-content\/uploads\/2025\/11\/40fc71c4-2534-425a-b717-cc3f8c5033c8-150x150.jpg\" class=\"attachment-thumbnail size-thumbnail\" alt=\"\" \/><\/a>\n\t\t\t\t<\/dt><\/dl><dl class='gallery-item'>\n\t\t\t\t<dt class='gallery-icon portrait'>\n\t\t\t\t\t<a class=\"rollover rollover-zoom dt-pswp-item\" title=\"Concerto di Natale a Carve di Mel\" data-dt-img-description=\"\" data-large_image_width=\"1131\" data-large_image_height=\"1600\"href='https:\/\/www.radiopiu.net\/wordpress\/wp-content\/uploads\/2025\/12\/Concerto-di-Natale-a-Carve-di-Mel.jpeg'><img loading=\"lazy\" decoding=\"async\" width=\"150\" height=\"150\" src=\"https:\/\/www.radiopiu.net\/wordpress\/wp-content\/uploads\/2025\/12\/Concerto-di-Natale-a-Carve-di-Mel-150x150.jpeg\" class=\"attachment-thumbnail size-thumbnail\" alt=\"\" \/><\/a>\n\t\t\t\t<\/dt><\/dl><dl class='gallery-item'>\n\t\t\t\t<dt class='gallery-icon portrait'>\n\t\t\t\t\t<a class=\"rollover rollover-zoom dt-pswp-item\" title=\"IMG-20251203-WA0003\" data-dt-img-description=\"\" data-large_image_width=\"900\" data-large_image_height=\"1600\"href='https:\/\/www.radiopiu.net\/wordpress\/wp-content\/uploads\/2025\/12\/IMG-20251203-WA0003.jpg'><img loading=\"lazy\" decoding=\"async\" width=\"150\" height=\"150\" src=\"https:\/\/www.radiopiu.net\/wordpress\/wp-content\/uploads\/2025\/12\/IMG-20251203-WA0003-150x150.jpg\" class=\"attachment-thumbnail size-thumbnail\" alt=\"\" \/><\/a>\n\t\t\t\t<\/dt><\/dl><dl class='gallery-item'>\n\t\t\t\t<dt class='gallery-icon portrait'>\n\t\t\t\t\t<a class=\"rollover rollover-zoom dt-pswp-item\" title=\"782feede-fd14-464f-8a18-cc30a8a6e342\" data-dt-img-description=\"\" data-large_image_width=\"486\" data-large_image_height=\"971\"href='https:\/\/www.radiopiu.net\/wordpress\/wp-content\/uploads\/2025\/11\/782feede-fd14-464f-8a18-cc30a8a6e342.jpg'><img loading=\"lazy\" decoding=\"async\" width=\"150\" height=\"150\" src=\"https:\/\/www.radiopiu.net\/wordpress\/wp-content\/uploads\/2025\/11\/782feede-fd14-464f-8a18-cc30a8a6e342-150x150.jpg\" class=\"attachment-thumbnail size-thumbnail\" alt=\"\" \/><\/a>\n\t\t\t\t<\/dt><\/dl><br style=\"clear: both\" \/><dl class='gallery-item'>\n\t\t\t\t<dt class='gallery-icon portrait'>\n\t\t\t\t\t<a class=\"rollover rollover-zoom dt-pswp-item\" title=\"2d577141-47bc-4bfc-87a8-699843effd99\" data-dt-img-description=\"\" data-large_image_width=\"1131\" data-large_image_height=\"1600\"href='https:\/\/www.radiopiu.net\/wordpress\/wp-content\/uploads\/2025\/12\/2d577141-47bc-4bfc-87a8-699843effd99.jpg'><img loading=\"lazy\" decoding=\"async\" width=\"150\" height=\"150\" src=\"https:\/\/www.radiopiu.net\/wordpress\/wp-content\/uploads\/2025\/12\/2d577141-47bc-4bfc-87a8-699843effd99-150x150.jpg\" class=\"attachment-thumbnail size-thumbnail\" alt=\"\" \/><\/a>\n\t\t\t\t<\/dt><\/dl><dl class='gallery-item'>\n\t\t\t\t<dt class='gallery-icon portrait'>\n\t\t\t\t\t<a class=\"rollover rollover-zoom dt-pswp-item\" title=\"25dic-Concerto di Natale\" data-dt-img-description=\"\" data-large_image_width=\"828\" data-large_image_height=\"1173\"href='https:\/\/www.radiopiu.net\/wordpress\/wp-content\/uploads\/2025\/12\/25dic-Concerto-di-Natale.jpg'><img loading=\"lazy\" decoding=\"async\" width=\"150\" height=\"150\" src=\"https:\/\/www.radiopiu.net\/wordpress\/wp-content\/uploads\/2025\/12\/25dic-Concerto-di-Natale-150x150.jpg\" class=\"attachment-thumbnail size-thumbnail\" alt=\"\" \/><\/a>\n\t\t\t\t<\/dt><\/dl><dl class='gallery-item'>\n\t\t\t\t<dt class='gallery-icon portrait'>\n\t\t\t\t\t<a class=\"rollover rollover-zoom dt-pswp-item\" title=\"ALB BUO CENCE\" data-dt-img-description=\"\" data-large_image_width=\"607\" data-large_image_height=\"859\"href='https:\/\/www.radiopiu.net\/wordpress\/wp-content\/uploads\/2025\/12\/ALB-BUO-CENCE.jpg'><img loading=\"lazy\" decoding=\"async\" width=\"150\" height=\"150\" src=\"https:\/\/www.radiopiu.net\/wordpress\/wp-content\/uploads\/2025\/12\/ALB-BUO-CENCE-150x150.jpg\" class=\"attachment-thumbnail size-thumbnail\" alt=\"\" \/><\/a>\n\t\t\t\t<\/dt><\/dl><dl class='gallery-item'>\n\t\t\t\t<dt class='gallery-icon portrait'>\n\t\t\t\t\t<a class=\"rollover rollover-zoom dt-pswp-item\" title=\"cd271853-eef2-21e7-1725-3788fe8a6a3f\" data-dt-img-description=\"\" data-large_image_width=\"1755\" data-large_image_height=\"2482\"href='https:\/\/www.radiopiu.net\/wordpress\/wp-content\/uploads\/2025\/12\/cd271853-eef2-21e7-1725-3788fe8a6a3f.jpg'><img loading=\"lazy\" decoding=\"async\" width=\"150\" height=\"150\" src=\"https:\/\/www.radiopiu.net\/wordpress\/wp-content\/uploads\/2025\/12\/cd271853-eef2-21e7-1725-3788fe8a6a3f-150x150.jpg\" class=\"attachment-thumbnail size-thumbnail\" alt=\"\" \/><\/a>\n\t\t\t\t<\/dt><\/dl><br style=\"clear: both\" \/><dl class='gallery-item'>\n\t\t\t\t<dt class='gallery-icon portrait'>\n\t\t\t\t\t<a class=\"rollover rollover-zoom dt-pswp-item\" title=\"5651b3cd-9d11-41ba-8695-346e8c6c8574\" data-dt-img-description=\"\" data-large_image_width=\"1080\" data-large_image_height=\"1350\"href='https:\/\/www.radiopiu.net\/wordpress\/wp-content\/uploads\/2025\/12\/5651b3cd-9d11-41ba-8695-346e8c6c8574.jpg'><img loading=\"lazy\" decoding=\"async\" width=\"150\" height=\"150\" src=\"https:\/\/www.radiopiu.net\/wordpress\/wp-content\/uploads\/2025\/12\/5651b3cd-9d11-41ba-8695-346e8c6c8574-150x150.jpg\" class=\"attachment-thumbnail size-thumbnail\" alt=\"\" \/><\/a>\n\t\t\t\t<\/dt><\/dl><dl class='gallery-item'>\n\t\t\t\t<dt class='gallery-icon portrait'>\n\t\t\t\t\t<a class=\"rollover rollover-zoom dt-pswp-item\" title=\"NATALE LIMANA locandina definitiva ricorretta 3 dicembre 2025\" data-dt-img-description=\"\" data-large_image_width=\"1080\" data-large_image_height=\"1498\"href='https:\/\/www.radiopiu.net\/wordpress\/wp-content\/uploads\/2025\/12\/NATALE-LIMANA-locandina-definitiva-ricorretta-3-dicembre-2025.jpg'><img loading=\"lazy\" decoding=\"async\" width=\"150\" height=\"150\" src=\"https:\/\/www.radiopiu.net\/wordpress\/wp-content\/uploads\/2025\/12\/NATALE-LIMANA-locandina-definitiva-ricorretta-3-dicembre-2025-150x150.jpg\" class=\"attachment-thumbnail size-thumbnail\" alt=\"\" \/><\/a>\n\t\t\t\t<\/dt><\/dl><dl class='gallery-item'>\n\t\t\t\t<dt class='gallery-icon portrait'>\n\t\t\t\t\t<a class=\"rollover rollover-zoom dt-pswp-item\" title=\"JKLBAGBJK\" data-dt-img-description=\"\" data-large_image_width=\"713\" data-large_image_height=\"736\"href='https:\/\/www.radiopiu.net\/wordpress\/wp-content\/uploads\/2025\/12\/JKLBAGBJK.jpg'><img loading=\"lazy\" decoding=\"async\" width=\"150\" height=\"150\" src=\"https:\/\/www.radiopiu.net\/wordpress\/wp-content\/uploads\/2025\/12\/JKLBAGBJK-150x150.jpg\" class=\"attachment-thumbnail size-thumbnail\" alt=\"\" \/><\/a>\n\t\t\t\t<\/dt><\/dl><dl class='gallery-item'>\n\t\t\t\t<dt class='gallery-icon portrait'>\n\t\t\t\t\t<a class=\"rollover rollover-zoom dt-pswp-item\" title=\"IMG-20251129-WA0015\" data-dt-img-description=\"\" data-large_image_width=\"1131\" data-large_image_height=\"1600\"href='https:\/\/www.radiopiu.net\/wordpress\/wp-content\/uploads\/2025\/12\/IMG-20251129-WA0015.jpg'><img loading=\"lazy\" decoding=\"async\" width=\"150\" height=\"150\" src=\"https:\/\/www.radiopiu.net\/wordpress\/wp-content\/uploads\/2025\/12\/IMG-20251129-WA0015-150x150.jpg\" class=\"attachment-thumbnail size-thumbnail\" alt=\"\" \/><\/a>\n\t\t\t\t<\/dt><\/dl><br style=\"clear: both\" \/><dl class='gallery-item'>\n\t\t\t\t<dt class='gallery-icon portrait'>\n\t\t\t\t\t<a class=\"rollover rollover-zoom dt-pswp-item\" title=\"e1a52110-73a7-4688-9c6b-dd3363125044\" data-dt-img-description=\"\" data-large_image_width=\"1131\" data-large_image_height=\"1600\"href='https:\/\/www.radiopiu.net\/wordpress\/wp-content\/uploads\/2025\/12\/e1a52110-73a7-4688-9c6b-dd3363125044.jpg'><img loading=\"lazy\" decoding=\"async\" width=\"150\" height=\"150\" src=\"https:\/\/www.radiopiu.net\/wordpress\/wp-content\/uploads\/2025\/12\/e1a52110-73a7-4688-9c6b-dd3363125044-150x150.jpg\" class=\"attachment-thumbnail size-thumbnail\" alt=\"\" \/><\/a>\n\t\t\t\t<\/dt><\/dl><dl class='gallery-item'>\n\t\t\t\t<dt class='gallery-icon portrait'>\n\t\t\t\t\t<a class=\"rollover rollover-zoom dt-pswp-item\" title=\"9b6ee715-cc68-46d8-9ff6-b422c4b1c213\" data-dt-img-description=\"\" data-large_image_width=\"905\" data-large_image_height=\"1280\"href='https:\/\/www.radiopiu.net\/wordpress\/wp-content\/uploads\/2025\/12\/9b6ee715-cc68-46d8-9ff6-b422c4b1c213.jpg'><img loading=\"lazy\" decoding=\"async\" width=\"150\" height=\"150\" src=\"https:\/\/www.radiopiu.net\/wordpress\/wp-content\/uploads\/2025\/12\/9b6ee715-cc68-46d8-9ff6-b422c4b1c213-150x150.jpg\" class=\"attachment-thumbnail size-thumbnail\" alt=\"\" \/><\/a>\n\t\t\t\t<\/dt><\/dl><dl class='gallery-item'>\n\t\t\t\t<dt class='gallery-icon portrait'>\n\t\t\t\t\t<a class=\"rollover rollover-zoom dt-pswp-item\" title=\"586740953_1283004097175673_3623727418094522816_n\" data-dt-img-description=\"\" data-large_image_width=\"514\" data-large_image_height=\"720\"href='https:\/\/www.radiopiu.net\/wordpress\/wp-content\/uploads\/2025\/11\/586740953_1283004097175673_3623727418094522816_n.jpg'><img loading=\"lazy\" decoding=\"async\" width=\"150\" height=\"150\" src=\"https:\/\/www.radiopiu.net\/wordpress\/wp-content\/uploads\/2025\/11\/586740953_1283004097175673_3623727418094522816_n-150x150.jpg\" class=\"attachment-thumbnail size-thumbnail\" alt=\"\" \/><\/a>\n\t\t\t\t<\/dt><\/dl><dl class='gallery-item'>\n\t\t\t\t<dt class='gallery-icon portrait'>\n\t\t\t\t\t<a class=\"rollover rollover-zoom dt-pswp-item\" title=\"584332528_1279625560846860_1524691345192499574_n\" data-dt-img-description=\"\" data-large_image_width=\"417\" data-large_image_height=\"590\"href='https:\/\/www.radiopiu.net\/wordpress\/wp-content\/uploads\/2025\/11\/584332528_1279625560846860_1524691345192499574_n.jpg'><img loading=\"lazy\" decoding=\"async\" width=\"150\" height=\"150\" src=\"https:\/\/www.radiopiu.net\/wordpress\/wp-content\/uploads\/2025\/11\/584332528_1279625560846860_1524691345192499574_n-150x150.jpg\" class=\"attachment-thumbnail size-thumbnail\" alt=\"\" \/><\/a>\n\t\t\t\t<\/dt><\/dl><br style=\"clear: both\" \/><dl class='gallery-item'>\n\t\t\t\t<dt class='gallery-icon portrait'>\n\t\t\t\t\t<a class=\"rollover rollover-zoom dt-pswp-item\" title=\"Locandina Babbo Natale\" data-dt-img-description=\"\" data-large_image_width=\"1414\" data-large_image_height=\"2000\"href='https:\/\/www.radiopiu.net\/wordpress\/wp-content\/uploads\/2025\/12\/Locandina-Babbo-Natale.jpg'><img loading=\"lazy\" decoding=\"async\" width=\"150\" height=\"150\" src=\"https:\/\/www.radiopiu.net\/wordpress\/wp-content\/uploads\/2025\/12\/Locandina-Babbo-Natale-150x150.jpg\" class=\"attachment-thumbnail size-thumbnail\" alt=\"\" \/><\/a>\n\t\t\t\t<\/dt><\/dl><dl class='gallery-item'>\n\t\t\t\t<dt class='gallery-icon portrait'>\n\t\t\t\t\t<a class=\"rollover rollover-zoom dt-pswp-item\" title=\"Locandina Tombola di Natale\" data-dt-img-description=\"\" data-large_image_width=\"1414\" data-large_image_height=\"2000\"href='https:\/\/www.radiopiu.net\/wordpress\/wp-content\/uploads\/2025\/12\/Locandina-Tombola-di-Natale.jpg'><img loading=\"lazy\" decoding=\"async\" width=\"150\" height=\"150\" src=\"https:\/\/www.radiopiu.net\/wordpress\/wp-content\/uploads\/2025\/12\/Locandina-Tombola-di-Natale-150x150.jpg\" class=\"attachment-thumbnail size-thumbnail\" alt=\"\" \/><\/a>\n\t\t\t\t<\/dt><\/dl><dl class='gallery-item'>\n\t\t\t\t<dt class='gallery-icon portrait'>\n\t\t\t\t\t<a class=\"rollover rollover-zoom dt-pswp-item\" title=\"Locandina Concerto di Natale\" data-dt-img-description=\"\" data-large_image_width=\"1414\" data-large_image_height=\"2000\"href='https:\/\/www.radiopiu.net\/wordpress\/wp-content\/uploads\/2025\/12\/Locandina-Concerto-di-Natale.jpg'><img loading=\"lazy\" decoding=\"async\" width=\"150\" height=\"150\" src=\"https:\/\/www.radiopiu.net\/wordpress\/wp-content\/uploads\/2025\/12\/Locandina-Concerto-di-Natale-150x150.jpg\" class=\"attachment-thumbnail size-thumbnail\" alt=\"\" \/><\/a>\n\t\t\t\t<\/dt><\/dl><dl class='gallery-item'>\n\t\t\t\t<dt class='gallery-icon portrait'>\n\t\t\t\t\t<a class=\"rollover rollover-zoom dt-pswp-item\" title=\"Locandina premiazioni presepi\" data-dt-img-description=\"\" data-large_image_width=\"1414\" data-large_image_height=\"2000\"href='https:\/\/www.radiopiu.net\/wordpress\/wp-content\/uploads\/2025\/12\/Locandina-premiazioni-presepi.jpg'><img loading=\"lazy\" decoding=\"async\" width=\"150\" height=\"150\" src=\"https:\/\/www.radiopiu.net\/wordpress\/wp-content\/uploads\/2025\/12\/Locandina-premiazioni-presepi-150x150.jpg\" class=\"attachment-thumbnail size-thumbnail\" alt=\"\" \/><\/a>\n\t\t\t\t<\/dt><\/dl><br style=\"clear: both\" \/>\n\t\t\t<\/div>\n\n<p>&nbsp;<\/p>\n<p>&nbsp;<\/p>\n<hr \/>\n<p>&nbsp;<\/p>\n<p class=\"mceTemp\"><a class=\"dt-pswp-item\" href=\"https:\/\/www.radiopiu.net\/wordpress\/wp-content\/uploads\/2018\/09\/WhatsApp-Image-2018-09-20-at-16.04.06.jpeg\" data-dt-img-description=\"\" data-large_image_width=\"800\" data-large_image_height=\"100\"><img loading=\"lazy\" decoding=\"async\" class=\"wp-image-61378 size-full aligncenter\" src=\"https:\/\/www.radiopiu.net\/wordpress\/wp-content\/uploads\/2018\/09\/WhatsApp-Image-2018-09-20-at-16.04.06.jpeg\" alt=\"\" width=\"800\" height=\"100\" srcset=\"https:\/\/www.radiopiu.net\/wordpress\/wp-content\/uploads\/2018\/09\/WhatsApp-Image-2018-09-20-at-16.04.06.jpeg 800w, https:\/\/www.radiopiu.net\/wordpress\/wp-content\/uploads\/2018\/09\/WhatsApp-Image-2018-09-20-at-16.04.06-300x38.jpeg 300w, https:\/\/www.radiopiu.net\/wordpress\/wp-content\/uploads\/2018\/09\/WhatsApp-Image-2018-09-20-at-16.04.06-768x96.jpeg 768w\" sizes=\"auto, (max-width: 800px) 100vw, 800px\" \/><\/a><\/p>\n<p>&nbsp;<\/p>\n<p><center><b>OGGI<\/b><\/center>Tempo variabile a tratti instabile con presenza di molta nuvolosit\u00e0, associata a modesti fenomeni.<br \/>\n<b>Precipitazioni: <\/b>Probabili precipitazioni a carattere intermittente da sparse a diffuse e in prevalenza di debole intensit\u00e0; la quota delle modeste nevicate sar\u00e0 oltre i 1500-1700 m sulle Dolomiti, leggermente inferiori a tali quote tra la notte e le prime ore del mattino e alla sera.<br \/>\n<b>Temperature: <\/b>Minime in lieve o contenuto aumento specie nelle valli salvo qualche lieve calo in quota, massime senza notevoli variazioni o in lieve diminuzione soprattutto nelle valli<\/p>\n<hr \/>\n<p><center><b>DOMANI<\/b><\/center>Dopo una residua nuvolosit\u00e0 tra la notte e l&#8217;alba associata a qualche modesto fenomeno eventualmente nevoso oltre i 1500-1800 m, tempo in prevalenza stabile e soleggiato soprattutto in alta montagna mentre in molte valli e altipiani il sole sar\u00e0 in parte disturbato dalla presenza di nubi medio-basse soprattutto nella mattinata e dopo il tramonto con possibili parziali schiarite tra la tarda mattinata e il pomeriggio.<br \/>\n<b>Precipitazioni: <\/b>Salvo delle residue e deboli precipitazioni tra la notte e l&#8217;alba, le precipitazioni saranno in seguito assenti<br \/>\n<b>Temperature: <\/b>In contenuto calo le minime, in contenuto aumento le massime.<\/p>\n<hr \/>\n<p><center><b>VENERDI<\/b><\/center>Tempo stabile e soleggiato, salvo formazioni di nubi basse e di banchi di nebbie tra la notte e l&#8217;alba in alcune valli, in lento dissolvimento dopo l&#8217;alba. Temperature minime nelle valli in ulteriore calo, stazionarie o aumento in alta montagna, massime in ulteriore aumento specie in alta montagna a tutte le quote<\/p>\n<hr \/>\n<p><center><b>SABATO<\/b><\/center>Tempo stabile e ben soleggiato con aria asciutta ed ottima visibilit\u00e0, salvo locali foschie nelle ore fredde in qualche valle specie in prossimit\u00e0 dei corsi d&#8217;acqua. Temperature minime in contenuta diminuzione, massime stazionarie o in lieve aumento<\/p>\n<p>&nbsp;<\/p>\n<p>&nbsp;<\/p>\n<hr \/>\n<p>&nbsp;<\/p>\n<p class=\"mceTemp\"><a class=\"dt-pswp-item\" href=\"https:\/\/www.radiopiu.net\/wordpress\/wp-content\/uploads\/2018\/09\/sport.jpg\" data-dt-img-description=\"\" data-large_image_width=\"800\" data-large_image_height=\"100\"><img loading=\"lazy\" decoding=\"async\" class=\"aligncenter wp-image-60761 size-full\" src=\"https:\/\/www.radiopiu.net\/wordpress\/wp-content\/uploads\/2018\/09\/sport.jpg\" alt=\"\" width=\"800\" height=\"100\" srcset=\"https:\/\/www.radiopiu.net\/wordpress\/wp-content\/uploads\/2018\/09\/sport.jpg 800w, https:\/\/www.radiopiu.net\/wordpress\/wp-content\/uploads\/2018\/09\/sport-300x38.jpg 300w, https:\/\/www.radiopiu.net\/wordpress\/wp-content\/uploads\/2018\/09\/sport-768x96.jpg 768w\" sizes=\"auto, (max-width: 800px) 100vw, 800px\" \/> <\/a><\/p>\n<p>&nbsp;<\/p>\n<p><strong><span style=\"color: #0000ff;\">CALCIO<\/span><\/strong><\/p>\n<blockquote>\n<h3>L&#8217;AGORDINA CALCIO TORNA A VINCERE<\/h3>\n<\/blockquote>\n<p><a class=\"dt-pswp-item\" href=\"https:\/\/www.radiopiu.net\/wordpress\/wp-content\/uploads\/2019\/01\/CALCIO-GOL.jpg\" data-dt-img-description=\"\" data-large_image_width=\"800\" data-large_image_height=\"400\"><img loading=\"lazy\" decoding=\"async\" class=\" wp-image-73083 alignleft\" src=\"https:\/\/www.radiopiu.net\/wordpress\/wp-content\/uploads\/2019\/01\/CALCIO-GOL-300x150.jpg\" alt=\"\" width=\"204\" height=\"102\" srcset=\"https:\/\/www.radiopiu.net\/wordpress\/wp-content\/uploads\/2019\/01\/CALCIO-GOL-300x150.jpg 300w, https:\/\/www.radiopiu.net\/wordpress\/wp-content\/uploads\/2019\/01\/CALCIO-GOL-768x384.jpg 768w, https:\/\/www.radiopiu.net\/wordpress\/wp-content\/uploads\/2019\/01\/CALCIO-GOL.jpg 800w\" sizes=\"auto, (max-width: 204px) 100vw, 204px\" \/><\/a>L\u2019Agordina Calcio conquista tre punti fondamentali nel campionato di Seconda Categoria, girone R del Veneto, interrompendo un periodo difficile. La squadra ha mostrato determinazione e carattere, riuscendo a imporsi sugli avversari grazie a una prestazione solida sia in difesa che in attacco. La vittoria rilancia le speranze di salvezza, portando la formazione vicina alla zona utile per evitare i play-out. Domenica, infatti, i rossobl\u00f9 affronteranno l\u2019ultima sfida del 2025 con la possibilit\u00e0 di ottenere altri punti cruciali. Mancano solo tre punti alla quota salvezza, e l\u2019entusiasmo tra i tifosi cresce.<\/p>\n<p><strong>PIETRO CASERA, GIOCATORE DELL&#8217;AGORDINA<\/strong><\/p>\n<audio class=\"wp-audio-shortcode\" id=\"audio-486162-18\" preload=\"none\" style=\"width: 100%;\" controls=\"controls\"><source type=\"audio\/mpeg\" src=\"https:\/\/www.radiopiu.net\/wordpress\/wp-content\/uploads\/2025\/12\/PIETRO-CASERA.mp3?_=18\" \/><a href=\"https:\/\/www.radiopiu.net\/wordpress\/wp-content\/uploads\/2025\/12\/PIETRO-CASERA.mp3\">https:\/\/www.radiopiu.net\/wordpress\/wp-content\/uploads\/2025\/12\/PIETRO-CASERA.mp3<\/a><\/audio>\n<p>&nbsp;<\/p>\n<p>&nbsp;<\/p>\n<p>&nbsp;<\/p>\n<p>&nbsp;<\/p>\n","protected":false},"excerpt":{"rendered":"<p>&nbsp; ********* LA NUOVA\u00a0 APP \u00a0 LA\u00a0 APP PER IOS-IPHONE di Nicola Vettorello https:\/\/apps.apple.com\/it\/app\/radio-pi%C3%B9-emittente-agordina\/id1515939845 LA\u00a0 APP RADIO\u00a0 PER ANDROID di Nicola Vettorello https:\/\/play.google.com\/store\/apps\/details?id=net.radiopiu.iniko\u00a0\u00a0\u00a0\u00a0\u00a0 &nbsp; &nbsp; &nbsp; &nbsp; OGGI SU RADIOPI\u00d9: MUSICA, informazione\u00a0 e dirette\u00a0\u00a0 ALLE 7.00 DEL MATTINO OGNI GIORNO, LA RASSEGNA STAMPA LOCALE FLASH PER CHI VA DI FRETTA, IN POCHI MINUTI LE NOTIZIE&hellip;<\/p>\n","protected":false},"author":4,"featured_media":486352,"comment_status":"closed","ping_status":"closed","sticky":false,"template":"","format":"standard","meta":{"_monsterinsights_skip_tracking":false,"_monsterinsights_sitenote_active":false,"_monsterinsights_sitenote_note":"","_monsterinsights_sitenote_category":0,"footnotes":""},"categories":[51,86,49],"tags":[],"class_list":["post-486162","post","type-post","status-publish","format-standard","has-post-thumbnail","hentry","category-evidenza-top","category-gr","category-news-18","category-51","category-86","category-49","description-off"],"img_url":"https:\/\/www.radiopiu.net\/wordpress\/wp-content\/uploads\/2025\/12\/IMG_6924.jpeg","_links":{"self":[{"href":"https:\/\/www.radiopiu.net\/wordpress\/wp-json\/wp\/v2\/posts\/486162","targetHints":{"allow":["GET"]}}],"collection":[{"href":"https:\/\/www.radiopiu.net\/wordpress\/wp-json\/wp\/v2\/posts"}],"about":[{"href":"https:\/\/www.radiopiu.net\/wordpress\/wp-json\/wp\/v2\/types\/post"}],"author":[{"embeddable":true,"href":"https:\/\/www.radiopiu.net\/wordpress\/wp-json\/wp\/v2\/users\/4"}],"replies":[{"embeddable":true,"href":"https:\/\/www.radiopiu.net\/wordpress\/wp-json\/wp\/v2\/comments?post=486162"}],"version-history":[{"count":41,"href":"https:\/\/www.radiopiu.net\/wordpress\/wp-json\/wp\/v2\/posts\/486162\/revisions"}],"predecessor-version":[{"id":486515,"href":"https:\/\/www.radiopiu.net\/wordpress\/wp-json\/wp\/v2\/posts\/486162\/revisions\/486515"}],"wp:featuredmedia":[{"embeddable":true,"href":"https:\/\/www.radiopiu.net\/wordpress\/wp-json\/wp\/v2\/media\/486352"}],"wp:attachment":[{"href":"https:\/\/www.radiopiu.net\/wordpress\/wp-json\/wp\/v2\/media?parent=486162"}],"wp:term":[{"taxonomy":"category","embeddable":true,"href":"https:\/\/www.radiopiu.net\/wordpress\/wp-json\/wp\/v2\/categories?post=486162"},{"taxonomy":"post_tag","embeddable":true,"href":"https:\/\/www.radiopiu.net\/wordpress\/wp-json\/wp\/v2\/tags?post=486162"}],"curies":[{"name":"wp","href":"https:\/\/api.w.org\/{rel}","templated":true}]}}