{"id":486166,"date":"2025-12-16T05:43:56","date_gmt":"2025-12-16T04:43:56","guid":{"rendered":"https:\/\/www.radiopiu.net\/wordpress\/?p=486166"},"modified":"2025-12-16T05:55:00","modified_gmt":"2025-12-16T04:55:00","slug":"oggi-agordo-presenta-il-volontariato-civico","status":"publish","type":"post","link":"https:\/\/www.radiopiu.net\/wordpress\/oggi-agordo-presenta-il-volontariato-civico\/","title":{"rendered":"oggi: AGORDO PRESENTA IL VOLONTARIATO CIVICO"},"content":{"rendered":"<p>***<\/p>\n<p><strong><a class=\"dt-pswp-item\" href=\"https:\/\/www.radiopiu.net\/wordpress\/wp-content\/uploads\/2021\/07\/SALA-DON-TAMIS.png\" data-dt-img-description=\"\" data-large_image_width=\"1354\" data-large_image_height=\"920\"><img loading=\"lazy\" decoding=\"async\" class=\" wp-image-220859 alignleft\" src=\"https:\/\/www.radiopiu.net\/wordpress\/wp-content\/uploads\/2021\/07\/SALA-DON-TAMIS-300x204.png\" alt=\"\" width=\"151\" height=\"103\" srcset=\"https:\/\/www.radiopiu.net\/wordpress\/wp-content\/uploads\/2021\/07\/SALA-DON-TAMIS-300x204.png 300w, https:\/\/www.radiopiu.net\/wordpress\/wp-content\/uploads\/2021\/07\/SALA-DON-TAMIS-1024x696.png 1024w, https:\/\/www.radiopiu.net\/wordpress\/wp-content\/uploads\/2021\/07\/SALA-DON-TAMIS-768x522.png 768w, https:\/\/www.radiopiu.net\/wordpress\/wp-content\/uploads\/2021\/07\/SALA-DON-TAMIS.png 1354w\" sizes=\"auto, (max-width: 151px) 100vw, 151px\" \/><\/a>AGORDO <\/strong>Il Comune di Agordo informa la cittadinanza che oggi alle 17.30, presso la Biblioteca Civica, si terr\u00e0 la presentazione del nuovo regolamento per il servizio di volontariato civico e l\u2019istituzione dell\u2019Albo dei Volontari. L\u2019incontro, promosso dal sindaco, illustrer\u00e0 finalit\u00e0, modalit\u00e0 di adesione e ambiti di intervento, valorizzando la partecipazione attiva dei cittadini. Un\u2019occasione di confronto e informazione aperta a tutti, per rafforzare il senso di comunit\u00e0 e la collaborazione con l\u2019amministrazione comunale locale e solidale condivisa.<\/p>\n<p>&nbsp;<\/p>\n<p><a class=\"dt-pswp-item\" href=\"https:\/\/www.radiopiu.net\/wordpress\/wp-content\/uploads\/2025\/12\/Screenshot-2025-12-16-045718.png\" data-dt-img-description=\"\" data-large_image_width=\"104\" data-large_image_height=\"119\"><img loading=\"lazy\" decoding=\"async\" class=\" wp-image-486169 alignleft\" src=\"https:\/\/www.radiopiu.net\/wordpress\/wp-content\/uploads\/2025\/12\/Screenshot-2025-12-16-045718.png\" alt=\"\" width=\"84\" height=\"96\" \/><\/a>il sindaco, ROBERTO CHISSALE&#8217;<\/p>\n<audio class=\"wp-audio-shortcode\" id=\"audio-486166-1\" preload=\"none\" style=\"width: 100%;\" controls=\"controls\"><source type=\"audio\/mpeg\" src=\"https:\/\/www.radiopiu.net\/wordpress\/wp-content\/uploads\/2025\/12\/roberto-chissale.mp3?_=1\" \/><a href=\"https:\/\/www.radiopiu.net\/wordpress\/wp-content\/uploads\/2025\/12\/roberto-chissale.mp3\">https:\/\/www.radiopiu.net\/wordpress\/wp-content\/uploads\/2025\/12\/roberto-chissale.mp3<\/a><\/audio>\n<p><a class=\"dt-pswp-item\" href=\"https:\/\/www.radiopiu.net\/wordpress\/wp-content\/uploads\/2025\/12\/Screenshot-2025-12-16-045642.png\" data-dt-img-description=\"\" data-large_image_width=\"92\" data-large_image_height=\"102\"><img loading=\"lazy\" decoding=\"async\" class=\"size-full wp-image-486170 alignleft\" src=\"https:\/\/www.radiopiu.net\/wordpress\/wp-content\/uploads\/2025\/12\/Screenshot-2025-12-16-045642.png\" alt=\"\" width=\"92\" height=\"102\" \/><\/a>il consigliere comunale ROBERTO AGNOLET<\/p>\n<audio class=\"wp-audio-shortcode\" id=\"audio-486166-2\" preload=\"none\" style=\"width: 100%;\" controls=\"controls\"><source type=\"audio\/mpeg\" src=\"https:\/\/www.radiopiu.net\/wordpress\/wp-content\/uploads\/2025\/12\/roberto-agnolet.mp3?_=2\" \/><a href=\"https:\/\/www.radiopiu.net\/wordpress\/wp-content\/uploads\/2025\/12\/roberto-agnolet.mp3\">https:\/\/www.radiopiu.net\/wordpress\/wp-content\/uploads\/2025\/12\/roberto-agnolet.mp3<\/a><\/audio>\n<p>&nbsp;<\/p>\n<p>&nbsp;<\/p>\n<hr \/>\n<p>&nbsp;<\/p>\n","protected":false},"excerpt":{"rendered":"<p>*** AGORDO Il Comune di Agordo informa la cittadinanza che oggi alle 17.30, presso la Biblioteca Civica, si terr\u00e0 la presentazione del nuovo regolamento per il servizio di volontariato civico e l\u2019istituzione dell\u2019Albo dei Volontari. L\u2019incontro, promosso dal sindaco, illustrer\u00e0 finalit\u00e0, modalit\u00e0 di adesione e ambiti di intervento, valorizzando la partecipazione attiva dei cittadini. Un\u2019occasione&hellip;<\/p>\n","protected":false},"author":4,"featured_media":477596,"comment_status":"closed","ping_status":"closed","sticky":false,"template":"","format":"standard","meta":{"_monsterinsights_skip_tracking":false,"_monsterinsights_sitenote_active":false,"_monsterinsights_sitenote_note":"","_monsterinsights_sitenote_category":0,"footnotes":""},"categories":[51,49],"tags":[],"class_list":["post-486166","post","type-post","status-publish","format-standard","has-post-thumbnail","hentry","category-evidenza-top","category-news-18","category-51","category-49","description-off"],"img_url":"https:\/\/www.radiopiu.net\/wordpress\/wp-content\/uploads\/2025\/10\/municipio_di_agordo.jpg","_links":{"self":[{"href":"https:\/\/www.radiopiu.net\/wordpress\/wp-json\/wp\/v2\/posts\/486166","targetHints":{"allow":["GET"]}}],"collection":[{"href":"https:\/\/www.radiopiu.net\/wordpress\/wp-json\/wp\/v2\/posts"}],"about":[{"href":"https:\/\/www.radiopiu.net\/wordpress\/wp-json\/wp\/v2\/types\/post"}],"author":[{"embeddable":true,"href":"https:\/\/www.radiopiu.net\/wordpress\/wp-json\/wp\/v2\/users\/4"}],"replies":[{"embeddable":true,"href":"https:\/\/www.radiopiu.net\/wordpress\/wp-json\/wp\/v2\/comments?post=486166"}],"version-history":[{"count":1,"href":"https:\/\/www.radiopiu.net\/wordpress\/wp-json\/wp\/v2\/posts\/486166\/revisions"}],"predecessor-version":[{"id":486171,"href":"https:\/\/www.radiopiu.net\/wordpress\/wp-json\/wp\/v2\/posts\/486166\/revisions\/486171"}],"wp:featuredmedia":[{"embeddable":true,"href":"https:\/\/www.radiopiu.net\/wordpress\/wp-json\/wp\/v2\/media\/477596"}],"wp:attachment":[{"href":"https:\/\/www.radiopiu.net\/wordpress\/wp-json\/wp\/v2\/media?parent=486166"}],"wp:term":[{"taxonomy":"category","embeddable":true,"href":"https:\/\/www.radiopiu.net\/wordpress\/wp-json\/wp\/v2\/categories?post=486166"},{"taxonomy":"post_tag","embeddable":true,"href":"https:\/\/www.radiopiu.net\/wordpress\/wp-json\/wp\/v2\/tags?post=486166"}],"curies":[{"name":"wp","href":"https:\/\/api.w.org\/{rel}","templated":true}]}}