{"id":486175,"date":"2025-12-16T05:44:37","date_gmt":"2025-12-16T04:44:37","guid":{"rendered":"https:\/\/www.radiopiu.net\/wordpress\/?p=486175"},"modified":"2025-12-16T07:04:02","modified_gmt":"2025-12-16T06:04:02","slug":"due-appuntamenti-a-canale-dagordo-entrambi-in-diretta-su-radio-piu","status":"publish","type":"post","link":"https:\/\/www.radiopiu.net\/wordpress\/due-appuntamenti-a-canale-dagordo-entrambi-in-diretta-su-radio-piu\/","title":{"rendered":"DUE APPUNTAMENTI A CANALE D\u2019AGORDO, ENTRAMBI IN DIRETTA SU RADIO PI\u00d9"},"content":{"rendered":"<p>***<\/p>\n<blockquote>\n<p data-start=\"74\" data-end=\"249\"><strong>\u00a0<\/strong><\/p>\n<p data-start=\"74\" data-end=\"249\"><strong><img loading=\"lazy\" decoding=\"async\" class=\"alignleft\" src=\"https:\/\/www.radiopiu.net\/wordpress\/wp-content\/uploads\/2025\/12\/SALA-EMIGRANTI-CANALE.jpg\" width=\"239\" height=\"170\" \/>Canale d\u2019Agordo propone due appuntamenti pubblici di grande interesse, entrambi ospitati nella Sala Emigranti e trasmessi in diretta su tutti i canali social di Radio Pi\u00f9.<\/strong><\/p>\n<\/blockquote>\n<p data-start=\"251\" data-end=\"564\">Il primo \u00e8 in programma <strong data-start=\"275\" data-end=\"294\">gioved\u00ec alle 20<\/strong> ed \u00e8 dedicato all\u2019incontro pubblico sulla <strong data-start=\"337\" data-end=\"384\">metanizzazione e sulla Variante urbanistica<\/strong>. Il Comune illustrer\u00e0 i lavori che Italgas realizzer\u00e0 nei prossimi mesi, le modalit\u00e0 di allaccio al gas e le prossime manifestazioni di interesse legate al Piano degli Interventi.<\/p>\n<p data-start=\"566\" data-end=\"1012\" data-is-last-node=\"\" data-is-only-node=\"\">Il secondo appuntamento sar\u00e0 <strong data-start=\"595\" data-end=\"614\">venerd\u00ec alle 20<\/strong>, con la <strong data-start=\"623\" data-end=\"674\">festa dei neo diciottenni della Valle del Biois<\/strong>, estesa quest\u2019anno anche a Falcade. I ragazzi riceveranno la Costituzione e la bandiera italiana, in una serata che unisce cittadinanza, solidariet\u00e0 e volontariato.\u00a0 Collabora, come da sempre, l&#8217;associazione donatori del sangue di Vallada-Canale d&#8217;Agordo e da quest&#8217;anno anche con la sezione di Falcadef Ospite speciale <strong data-start=\"856\" data-end=\"874\">Armand Thanasi<\/strong>, che parler\u00e0 di intelligenza artificiale ed etica. Entrambi gli incontri saranno seguibili anche online grazie alla diretta di Radio Pi\u00f9.<\/p>\n<div class=\"page-title-head hgroup\"><\/div>\n\n\t\t\t<style type='text\/css'>\n\t\t\t\t#gallery-1 {\n\t\t\t\t\tmargin: auto;\n\t\t\t\t}\n\t\t\t\t#gallery-1 .gallery-item {\n\t\t\t\t\tfloat: left;\n\t\t\t\t\tmargin-top: 10px;\n\t\t\t\t\ttext-align: center;\n\t\t\t\t\twidth: 50%;\n\t\t\t\t}\n\t\t\t\t#gallery-1 img {\n\t\t\t\t\tborder: 2px solid #cfcfcf;\n\t\t\t\t}\n\t\t\t\t#gallery-1 .gallery-caption {\n\t\t\t\t\tmargin-left: 0;\n\t\t\t\t}\n\t\t\t\t\/* see gallery_shortcode() in wp-includes\/media.php *\/\n\t\t\t<\/style>\n\t\t<div id='gallery-1' class='dt-gallery-container gallery galleryid-486175 gallery-columns-2 gallery-size-medium'><dl class='gallery-item'>\n\t\t\t\t<dt class='gallery-icon portrait'>\n\t\t\t\t\t<a class=\"rollover rollover-zoom dt-pswp-item\" title=\"2d2af716-b293-486d-8120-0bf06bd6f1e9\" data-dt-img-description=\"\" data-large_image_width=\"1131\" data-large_image_height=\"1600\"href='https:\/\/www.radiopiu.net\/wordpress\/wp-content\/uploads\/2025\/12\/2d2af716-b293-486d-8120-0bf06bd6f1e9.jpg'><img loading=\"lazy\" decoding=\"async\" width=\"212\" height=\"300\" src=\"https:\/\/www.radiopiu.net\/wordpress\/wp-content\/uploads\/2025\/12\/2d2af716-b293-486d-8120-0bf06bd6f1e9-212x300.jpg\" class=\"attachment-medium size-medium\" alt=\"\" srcset=\"https:\/\/www.radiopiu.net\/wordpress\/wp-content\/uploads\/2025\/12\/2d2af716-b293-486d-8120-0bf06bd6f1e9-212x300.jpg 212w, https:\/\/www.radiopiu.net\/wordpress\/wp-content\/uploads\/2025\/12\/2d2af716-b293-486d-8120-0bf06bd6f1e9-724x1024.jpg 724w, https:\/\/www.radiopiu.net\/wordpress\/wp-content\/uploads\/2025\/12\/2d2af716-b293-486d-8120-0bf06bd6f1e9-768x1086.jpg 768w, https:\/\/www.radiopiu.net\/wordpress\/wp-content\/uploads\/2025\/12\/2d2af716-b293-486d-8120-0bf06bd6f1e9-1086x1536.jpg 1086w, https:\/\/www.radiopiu.net\/wordpress\/wp-content\/uploads\/2025\/12\/2d2af716-b293-486d-8120-0bf06bd6f1e9.jpg 1131w\" sizes=\"auto, (max-width: 212px) 100vw, 212px\" \/><\/a>\n\t\t\t\t<\/dt><\/dl><dl class='gallery-item'>\n\t\t\t\t<dt class='gallery-icon portrait'>\n\t\t\t\t\t<a class=\"rollover rollover-zoom dt-pswp-item\" title=\"c139c647-33e3-410e-86d2-b3427c9adaa2\" data-dt-img-description=\"\" data-large_image_width=\"1024\" data-large_image_height=\"1536\"href='https:\/\/www.radiopiu.net\/wordpress\/wp-content\/uploads\/2025\/12\/c139c647-33e3-410e-86d2-b3427c9adaa2.png'><img loading=\"lazy\" decoding=\"async\" width=\"200\" height=\"300\" src=\"https:\/\/www.radiopiu.net\/wordpress\/wp-content\/uploads\/2025\/12\/c139c647-33e3-410e-86d2-b3427c9adaa2-200x300.png\" class=\"attachment-medium size-medium\" alt=\"\" srcset=\"https:\/\/www.radiopiu.net\/wordpress\/wp-content\/uploads\/2025\/12\/c139c647-33e3-410e-86d2-b3427c9adaa2-200x300.png 200w, https:\/\/www.radiopiu.net\/wordpress\/wp-content\/uploads\/2025\/12\/c139c647-33e3-410e-86d2-b3427c9adaa2-683x1024.png 683w, https:\/\/www.radiopiu.net\/wordpress\/wp-content\/uploads\/2025\/12\/c139c647-33e3-410e-86d2-b3427c9adaa2-768x1152.png 768w, https:\/\/www.radiopiu.net\/wordpress\/wp-content\/uploads\/2025\/12\/c139c647-33e3-410e-86d2-b3427c9adaa2.png 1024w\" sizes=\"auto, (max-width: 200px) 100vw, 200px\" \/><\/a>\n\t\t\t\t<\/dt><\/dl><br style=\"clear: both\" \/>\n\t\t\t<\/div>\n\n<p>___<\/p>\n","protected":false},"excerpt":{"rendered":"<p>*** \u00a0 Canale d\u2019Agordo propone due appuntamenti pubblici di grande interesse, entrambi ospitati nella Sala Emigranti e trasmessi in diretta su tutti i canali social di Radio Pi\u00f9. Il primo \u00e8 in programma gioved\u00ec alle 20 ed \u00e8 dedicato all\u2019incontro pubblico sulla metanizzazione e sulla Variante urbanistica. Il Comune illustrer\u00e0 i lavori che Italgas realizzer\u00e0&hellip;<\/p>\n","protected":false},"author":4,"featured_media":485844,"comment_status":"closed","ping_status":"closed","sticky":false,"template":"","format":"standard","meta":{"_monsterinsights_skip_tracking":false,"_monsterinsights_sitenote_active":false,"_monsterinsights_sitenote_note":"","_monsterinsights_sitenote_category":0,"footnotes":""},"categories":[51,49],"tags":[],"class_list":["post-486175","post","type-post","status-publish","format-standard","has-post-thumbnail","hentry","category-evidenza-top","category-news-18","category-51","category-49","description-off"],"img_url":"https:\/\/www.radiopiu.net\/wordpress\/wp-content\/uploads\/2025\/12\/SALA-EMIGRANTI-CANALE.jpg","_links":{"self":[{"href":"https:\/\/www.radiopiu.net\/wordpress\/wp-json\/wp\/v2\/posts\/486175","targetHints":{"allow":["GET"]}}],"collection":[{"href":"https:\/\/www.radiopiu.net\/wordpress\/wp-json\/wp\/v2\/posts"}],"about":[{"href":"https:\/\/www.radiopiu.net\/wordpress\/wp-json\/wp\/v2\/types\/post"}],"author":[{"embeddable":true,"href":"https:\/\/www.radiopiu.net\/wordpress\/wp-json\/wp\/v2\/users\/4"}],"replies":[{"embeddable":true,"href":"https:\/\/www.radiopiu.net\/wordpress\/wp-json\/wp\/v2\/comments?post=486175"}],"version-history":[{"count":4,"href":"https:\/\/www.radiopiu.net\/wordpress\/wp-json\/wp\/v2\/posts\/486175\/revisions"}],"predecessor-version":[{"id":486231,"href":"https:\/\/www.radiopiu.net\/wordpress\/wp-json\/wp\/v2\/posts\/486175\/revisions\/486231"}],"wp:featuredmedia":[{"embeddable":true,"href":"https:\/\/www.radiopiu.net\/wordpress\/wp-json\/wp\/v2\/media\/485844"}],"wp:attachment":[{"href":"https:\/\/www.radiopiu.net\/wordpress\/wp-json\/wp\/v2\/media?parent=486175"}],"wp:term":[{"taxonomy":"category","embeddable":true,"href":"https:\/\/www.radiopiu.net\/wordpress\/wp-json\/wp\/v2\/categories?post=486175"},{"taxonomy":"post_tag","embeddable":true,"href":"https:\/\/www.radiopiu.net\/wordpress\/wp-json\/wp\/v2\/tags?post=486175"}],"curies":[{"name":"wp","href":"https:\/\/api.w.org\/{rel}","templated":true}]}}