{"id":486236,"date":"2025-12-16T11:01:11","date_gmt":"2025-12-16T10:01:11","guid":{"rendered":"https:\/\/www.radiopiu.net\/wordpress\/?p=486236"},"modified":"2025-12-17T06:03:11","modified_gmt":"2025-12-17T05:03:11","slug":"luca-zaia-eletto-presidente-del-consiglio-regionale-del-veneto","status":"publish","type":"post","link":"https:\/\/www.radiopiu.net\/wordpress\/luca-zaia-eletto-presidente-del-consiglio-regionale-del-veneto\/","title":{"rendered":"LUCA ZAIA ELETTO PRESIDENTE DEL CONSIGLIO REGIONALE DEL VENETO"},"content":{"rendered":"<p>**<\/p>\n<p data-start=\"0\" data-end=\"178\"><strong>VENEZIA<\/strong><br data-start=\"7\" data-end=\"10\" \/>Luca Zaia \u00e8 stato eletto presidente del Consiglio regionale del Veneto. La fiducia \u00e8 arrivata dall\u2019Assemblea, che gli ha affidato la guida dell\u2019organo legislativo. Zaia ha ringraziato i consiglieri e il presidente della Regione Alberto Stefani, sottolineando che il ruolo non sar\u00e0 onorifico ma di servizio. Ha ribadito di voler essere presidente di tutti, maggioranza e opposizione, garantendo imparzialit\u00e0 e corretto funzionamento dei lavori. Il neo presidente ha annunciato che non voter\u00e0 i provvedimenti, per mantenere una posizione di garanzia e terziet\u00e0, confermando il proprio impegno al servizio dell\u2019istituzione e dei veneti.<\/p>\n<p><iframe loading=\"lazy\" style=\"border: none; overflow: hidden;\" src=\"https:\/\/www.facebook.com\/plugins\/video.php?height=316&amp;href=https%3A%2F%2Fwww.facebook.com%2Freel%2F1641479796835201%2F&amp;show_text=false&amp;width=560&amp;t=0\" width=\"560\" height=\"316\" frameborder=\"0\" scrolling=\"no\" allowfullscreen=\"allowfullscreen\"><\/iframe><\/p>\n<p>___<\/p>\n","protected":false},"excerpt":{"rendered":"<p>** VENEZIALuca Zaia \u00e8 stato eletto presidente del Consiglio regionale del Veneto. La fiducia \u00e8 arrivata dall\u2019Assemblea, che gli ha affidato la guida dell\u2019organo legislativo. Zaia ha ringraziato i consiglieri e il presidente della Regione Alberto Stefani, sottolineando che il ruolo non sar\u00e0 onorifico ma di servizio. Ha ribadito di voler essere presidente di tutti,&hellip;<\/p>\n","protected":false},"author":4,"featured_media":467772,"comment_status":"closed","ping_status":"closed","sticky":false,"template":"","format":"standard","meta":{"_monsterinsights_skip_tracking":false,"_monsterinsights_sitenote_active":false,"_monsterinsights_sitenote_note":"","_monsterinsights_sitenote_category":0,"footnotes":""},"categories":[51,49],"tags":[],"class_list":["post-486236","post","type-post","status-publish","format-standard","has-post-thumbnail","hentry","category-evidenza-top","category-news-18","category-51","category-49","description-off"],"img_url":"https:\/\/www.radiopiu.net\/wordpress\/wp-content\/uploads\/2025\/09\/zaia.jpg","_links":{"self":[{"href":"https:\/\/www.radiopiu.net\/wordpress\/wp-json\/wp\/v2\/posts\/486236","targetHints":{"allow":["GET"]}}],"collection":[{"href":"https:\/\/www.radiopiu.net\/wordpress\/wp-json\/wp\/v2\/posts"}],"about":[{"href":"https:\/\/www.radiopiu.net\/wordpress\/wp-json\/wp\/v2\/types\/post"}],"author":[{"embeddable":true,"href":"https:\/\/www.radiopiu.net\/wordpress\/wp-json\/wp\/v2\/users\/4"}],"replies":[{"embeddable":true,"href":"https:\/\/www.radiopiu.net\/wordpress\/wp-json\/wp\/v2\/comments?post=486236"}],"version-history":[{"count":3,"href":"https:\/\/www.radiopiu.net\/wordpress\/wp-json\/wp\/v2\/posts\/486236\/revisions"}],"predecessor-version":[{"id":486239,"href":"https:\/\/www.radiopiu.net\/wordpress\/wp-json\/wp\/v2\/posts\/486236\/revisions\/486239"}],"wp:featuredmedia":[{"embeddable":true,"href":"https:\/\/www.radiopiu.net\/wordpress\/wp-json\/wp\/v2\/media\/467772"}],"wp:attachment":[{"href":"https:\/\/www.radiopiu.net\/wordpress\/wp-json\/wp\/v2\/media?parent=486236"}],"wp:term":[{"taxonomy":"category","embeddable":true,"href":"https:\/\/www.radiopiu.net\/wordpress\/wp-json\/wp\/v2\/categories?post=486236"},{"taxonomy":"post_tag","embeddable":true,"href":"https:\/\/www.radiopiu.net\/wordpress\/wp-json\/wp\/v2\/tags?post=486236"}],"curies":[{"name":"wp","href":"https:\/\/api.w.org\/{rel}","templated":true}]}}