{"id":486243,"date":"2025-12-16T15:43:56","date_gmt":"2025-12-16T14:43:56","guid":{"rendered":"https:\/\/www.radiopiu.net\/wordpress\/?p=486243"},"modified":"2025-12-16T15:43:56","modified_gmt":"2025-12-16T14:43:56","slug":"aspettando-il-natale-tra-musica-e-riflessione-a-valdobbiadene","status":"publish","type":"post","link":"https:\/\/www.radiopiu.net\/wordpress\/aspettando-il-natale-tra-musica-e-riflessione-a-valdobbiadene\/","title":{"rendered":"ASPETTANDO IL NATALE TRA MUSICA E RIFLESSIONE A VALDOBBIADENE"},"content":{"rendered":"<p>*******<\/p>\n<p>&nbsp;<\/p>\n<p><strong><a class=\"dt-pswp-item\" href=\"https:\/\/www.radiopiu.net\/wordpress\/wp-content\/uploads\/2025\/12\/28219f3a-d787-49a8-a4e0-90d5fd3eefc2.jpg\" data-dt-img-description=\"\" data-large_image_width=\"1081\" data-large_image_height=\"1600\"><img loading=\"lazy\" decoding=\"async\" class=\" wp-image-486246 alignleft\" src=\"https:\/\/www.radiopiu.net\/wordpress\/wp-content\/uploads\/2025\/12\/28219f3a-d787-49a8-a4e0-90d5fd3eefc2-203x300.jpg\" alt=\"\" width=\"97\" height=\"143\" srcset=\"https:\/\/www.radiopiu.net\/wordpress\/wp-content\/uploads\/2025\/12\/28219f3a-d787-49a8-a4e0-90d5fd3eefc2-203x300.jpg 203w, https:\/\/www.radiopiu.net\/wordpress\/wp-content\/uploads\/2025\/12\/28219f3a-d787-49a8-a4e0-90d5fd3eefc2-692x1024.jpg 692w, https:\/\/www.radiopiu.net\/wordpress\/wp-content\/uploads\/2025\/12\/28219f3a-d787-49a8-a4e0-90d5fd3eefc2-768x1137.jpg 768w, https:\/\/www.radiopiu.net\/wordpress\/wp-content\/uploads\/2025\/12\/28219f3a-d787-49a8-a4e0-90d5fd3eefc2-1038x1536.jpg 1038w, https:\/\/www.radiopiu.net\/wordpress\/wp-content\/uploads\/2025\/12\/28219f3a-d787-49a8-a4e0-90d5fd3eefc2.jpg 1081w\" sizes=\"auto, (max-width: 97px) 100vw, 97px\" \/><\/a>VALDOBBIADENE (TV) <\/strong>Torna a Valdobbiadene l\u2019appuntamento con \u201cAspettando il Natale\u201d, rassegna corale giunta alla dodicesima edizione e promossa dal Coro Voci Plavis con il patrocinio del Comune. Sabato 20 dicembre 2025 la musica accompagner\u00e0 il pubblico in un percorso di canti e riflessioni in attesa delle festivit\u00e0. Il primo momento \u00e8 in programma alle ore 18 a Palazzo Piva, con l\u2019iniziativa \u201cAuguri alla Scala\u201d, occasione conviviale aperta alla cittadinanza. Alle 20.45 l\u2019evento proseguir\u00e0 nella chiesa di San Pietro di Barbozza con il tradizionale Concerto di Natale. Sul palco il Coro Anzano di Cappella Maggiore, diretto dal maestro Paolo Stefan, e il Coro Voci Plavis di Valdobbiadene, guidato dalla maestra Nadia Da Pra. Una serata di musica sacra e condivisione.<\/p>\n<p>&nbsp;<\/p>\n<p>&nbsp;<\/p>\n<p>&nbsp;<\/p>\n<p>*********<\/p>\n","protected":false},"excerpt":{"rendered":"<p>******* &nbsp; VALDOBBIADENE (TV) Torna a Valdobbiadene l\u2019appuntamento con \u201cAspettando il Natale\u201d, rassegna corale giunta alla dodicesima edizione e promossa dal Coro Voci Plavis con il patrocinio del Comune. Sabato 20 dicembre 2025 la musica accompagner\u00e0 il pubblico in un percorso di canti e riflessioni in attesa delle festivit\u00e0. Il primo momento \u00e8 in programma&hellip;<\/p>\n","protected":false},"author":4,"featured_media":486247,"comment_status":"closed","ping_status":"closed","sticky":false,"template":"","format":"standard","meta":{"_monsterinsights_skip_tracking":false,"_monsterinsights_sitenote_active":false,"_monsterinsights_sitenote_note":"","_monsterinsights_sitenote_category":0,"footnotes":""},"categories":[49],"tags":[],"class_list":["post-486243","post","type-post","status-publish","format-standard","has-post-thumbnail","hentry","category-news-18","category-49","description-off"],"img_url":"https:\/\/www.radiopiu.net\/wordpress\/wp-content\/uploads\/2025\/12\/KHSGHKLA.jpg","_links":{"self":[{"href":"https:\/\/www.radiopiu.net\/wordpress\/wp-json\/wp\/v2\/posts\/486243","targetHints":{"allow":["GET"]}}],"collection":[{"href":"https:\/\/www.radiopiu.net\/wordpress\/wp-json\/wp\/v2\/posts"}],"about":[{"href":"https:\/\/www.radiopiu.net\/wordpress\/wp-json\/wp\/v2\/types\/post"}],"author":[{"embeddable":true,"href":"https:\/\/www.radiopiu.net\/wordpress\/wp-json\/wp\/v2\/users\/4"}],"replies":[{"embeddable":true,"href":"https:\/\/www.radiopiu.net\/wordpress\/wp-json\/wp\/v2\/comments?post=486243"}],"version-history":[{"count":1,"href":"https:\/\/www.radiopiu.net\/wordpress\/wp-json\/wp\/v2\/posts\/486243\/revisions"}],"predecessor-version":[{"id":486248,"href":"https:\/\/www.radiopiu.net\/wordpress\/wp-json\/wp\/v2\/posts\/486243\/revisions\/486248"}],"wp:featuredmedia":[{"embeddable":true,"href":"https:\/\/www.radiopiu.net\/wordpress\/wp-json\/wp\/v2\/media\/486247"}],"wp:attachment":[{"href":"https:\/\/www.radiopiu.net\/wordpress\/wp-json\/wp\/v2\/media?parent=486243"}],"wp:term":[{"taxonomy":"category","embeddable":true,"href":"https:\/\/www.radiopiu.net\/wordpress\/wp-json\/wp\/v2\/categories?post=486243"},{"taxonomy":"post_tag","embeddable":true,"href":"https:\/\/www.radiopiu.net\/wordpress\/wp-json\/wp\/v2\/tags?post=486243"}],"curies":[{"name":"wp","href":"https:\/\/api.w.org\/{rel}","templated":true}]}}