{"id":486256,"date":"2025-12-17T05:39:36","date_gmt":"2025-12-17T04:39:36","guid":{"rendered":"https:\/\/www.radiopiu.net\/wordpress\/?p=486256"},"modified":"2025-12-17T06:01:15","modified_gmt":"2025-12-17T05:01:15","slug":"serrai-di-sottoguda-riaperti-al-pubblico-con-misure-di-sicurezza-stringenti","status":"publish","type":"post","link":"https:\/\/www.radiopiu.net\/wordpress\/serrai-di-sottoguda-riaperti-al-pubblico-con-misure-di-sicurezza-stringenti\/","title":{"rendered":"SERRAI DI SOTTOGUDA RIAPERTI AL PUBBLICO CON MISURE DI SICUREZZA STRINGENTI"},"content":{"rendered":"<p>*******<\/p>\n<p>&nbsp;<\/p>\n<p><strong><a class=\"dt-pswp-item\" href=\"https:\/\/www.radiopiu.net\/wordpress\/wp-content\/uploads\/2025\/12\/SERRAI.jpg\" data-dt-img-description=\"\" data-large_image_width=\"632\" data-large_image_height=\"945\"><img loading=\"lazy\" decoding=\"async\" class=\" wp-image-486257 alignleft\" src=\"https:\/\/www.radiopiu.net\/wordpress\/wp-content\/uploads\/2025\/12\/SERRAI-201x300.jpg\" alt=\"\" width=\"103\" height=\"154\" srcset=\"https:\/\/www.radiopiu.net\/wordpress\/wp-content\/uploads\/2025\/12\/SERRAI-201x300.jpg 201w, https:\/\/www.radiopiu.net\/wordpress\/wp-content\/uploads\/2025\/12\/SERRAI.jpg 632w\" sizes=\"auto, (max-width: 103px) 100vw, 103px\" \/><\/a>ROCCA PIETORE<\/strong> Da oggi i Serrai di Sottoguda tornano ad essere frequentabili, seppur con inderogabili accortezze legate alla sicurezza. La riapertura \u00e8 il risultato di un lavoro durato molti mesi che ha coinvolto l\u2019intera struttura comunale, con il coordinamento della segretaria comunale Maddalena Paro, il Centro Valanghe ARPAV di Arabba, il Soccorso Alpino e i legali incaricati dall\u2019amministrazione. Durante la stagione invernale il sito sar\u00e0 percorribile esclusivamente a piedi: \u00e8 vietata la discesa con sci o altri mezzi. Il Parco Naturale non sar\u00e0 gestito e l\u2019accesso avverr\u00e0 sotto esclusiva responsabilit\u00e0 dei visitatori, con l\u2019obbligo di specifici dispositivi di protezione individuale. Installata apposita cartellonistica bilingue. In caso di peggioramento delle condizioni meteo, l\u2019area potr\u00e0 essere chiusa con ordinanza. Si ricorda inoltre che \u00e8 aperto solo il lato da Sottoguda<\/p>\n<p>&nbsp;<\/p>\n<p>&nbsp;<\/p>\n<p>**********<\/p>\n","protected":false},"excerpt":{"rendered":"<p>******* &nbsp; ROCCA PIETORE Da oggi i Serrai di Sottoguda tornano ad essere frequentabili, seppur con inderogabili accortezze legate alla sicurezza. La riapertura \u00e8 il risultato di un lavoro durato molti mesi che ha coinvolto l\u2019intera struttura comunale, con il coordinamento della segretaria comunale Maddalena Paro, il Centro Valanghe ARPAV di Arabba, il Soccorso Alpino&hellip;<\/p>\n","protected":false},"author":4,"featured_media":402572,"comment_status":"closed","ping_status":"closed","sticky":false,"template":"","format":"standard","meta":{"_monsterinsights_skip_tracking":false,"_monsterinsights_sitenote_active":false,"_monsterinsights_sitenote_note":"","_monsterinsights_sitenote_category":0,"footnotes":""},"categories":[51,49],"tags":[],"class_list":["post-486256","post","type-post","status-publish","format-standard","has-post-thumbnail","hentry","category-evidenza-top","category-news-18","category-51","category-49","description-off"],"img_url":"https:\/\/www.radiopiu.net\/wordpress\/wp-content\/uploads\/2024\/07\/31-07-2024-SERRAI-SOTTOGUDA-5738-scaled.jpg","_links":{"self":[{"href":"https:\/\/www.radiopiu.net\/wordpress\/wp-json\/wp\/v2\/posts\/486256","targetHints":{"allow":["GET"]}}],"collection":[{"href":"https:\/\/www.radiopiu.net\/wordpress\/wp-json\/wp\/v2\/posts"}],"about":[{"href":"https:\/\/www.radiopiu.net\/wordpress\/wp-json\/wp\/v2\/types\/post"}],"author":[{"embeddable":true,"href":"https:\/\/www.radiopiu.net\/wordpress\/wp-json\/wp\/v2\/users\/4"}],"replies":[{"embeddable":true,"href":"https:\/\/www.radiopiu.net\/wordpress\/wp-json\/wp\/v2\/comments?post=486256"}],"version-history":[{"count":2,"href":"https:\/\/www.radiopiu.net\/wordpress\/wp-json\/wp\/v2\/posts\/486256\/revisions"}],"predecessor-version":[{"id":486332,"href":"https:\/\/www.radiopiu.net\/wordpress\/wp-json\/wp\/v2\/posts\/486256\/revisions\/486332"}],"wp:featuredmedia":[{"embeddable":true,"href":"https:\/\/www.radiopiu.net\/wordpress\/wp-json\/wp\/v2\/media\/402572"}],"wp:attachment":[{"href":"https:\/\/www.radiopiu.net\/wordpress\/wp-json\/wp\/v2\/media?parent=486256"}],"wp:term":[{"taxonomy":"category","embeddable":true,"href":"https:\/\/www.radiopiu.net\/wordpress\/wp-json\/wp\/v2\/categories?post=486256"},{"taxonomy":"post_tag","embeddable":true,"href":"https:\/\/www.radiopiu.net\/wordpress\/wp-json\/wp\/v2\/tags?post=486256"}],"curies":[{"name":"wp","href":"https:\/\/api.w.org\/{rel}","templated":true}]}}