{"id":486271,"date":"2025-12-16T16:10:14","date_gmt":"2025-12-16T15:10:14","guid":{"rendered":"https:\/\/www.radiopiu.net\/wordpress\/?p=486271"},"modified":"2025-12-17T06:02:56","modified_gmt":"2025-12-17T05:02:56","slug":"natale-in-piazza-a-fonzaso-una-giornata-di-eventi-per-grandi-e-piccoli","status":"publish","type":"post","link":"https:\/\/www.radiopiu.net\/wordpress\/natale-in-piazza-a-fonzaso-una-giornata-di-eventi-per-grandi-e-piccoli\/","title":{"rendered":"NATALE IN PIAZZA A FONZASO: UNA GIORNATA DI EVENTI PER GRANDI E PICCOLI"},"content":{"rendered":"<p>*********<\/p>\n<p>&nbsp;<\/p>\n<p><strong><a class=\"dt-pswp-item\" href=\"https:\/\/www.radiopiu.net\/wordpress\/wp-content\/uploads\/2025\/12\/Locandina-Natale-in-Piazza-2025_page-0001.jpg\" data-dt-img-description=\"\" data-large_image_width=\"1755\" data-large_image_height=\"2481\"><img loading=\"lazy\" decoding=\"async\" class=\" wp-image-486272 alignleft\" src=\"https:\/\/www.radiopiu.net\/wordpress\/wp-content\/uploads\/2025\/12\/Locandina-Natale-in-Piazza-2025_page-0001-212x300.jpg\" alt=\"\" width=\"131\" height=\"185\" srcset=\"https:\/\/www.radiopiu.net\/wordpress\/wp-content\/uploads\/2025\/12\/Locandina-Natale-in-Piazza-2025_page-0001-212x300.jpg 212w, https:\/\/www.radiopiu.net\/wordpress\/wp-content\/uploads\/2025\/12\/Locandina-Natale-in-Piazza-2025_page-0001-724x1024.jpg 724w, https:\/\/www.radiopiu.net\/wordpress\/wp-content\/uploads\/2025\/12\/Locandina-Natale-in-Piazza-2025_page-0001-768x1086.jpg 768w, https:\/\/www.radiopiu.net\/wordpress\/wp-content\/uploads\/2025\/12\/Locandina-Natale-in-Piazza-2025_page-0001-1087x1536.jpg 1087w, https:\/\/www.radiopiu.net\/wordpress\/wp-content\/uploads\/2025\/12\/Locandina-Natale-in-Piazza-2025_page-0001-1449x2048.jpg 1449w, https:\/\/www.radiopiu.net\/wordpress\/wp-content\/uploads\/2025\/12\/Locandina-Natale-in-Piazza-2025_page-0001.jpg 1755w\" sizes=\"auto, (max-width: 131px) 100vw, 131px\" \/><\/a>DI ALESSIA DALL&#8217;O&#8217;<\/strong><\/p>\n<p><strong>FONZASO<\/strong> Un\u2019intera giornata per vivere l\u2019attesa del Natale tra luci, musica, gioco e condivisione. Durante il\u00f2 mercoled\u00ec della vigilia di Natale, dalle 10 alle 18, Piazza I Novembre si trasformer\u00e0 in un suggestivo palcoscenico a cielo aperto per la prima edizione di \u201cNatale in Piazza\u201d, iniziativa promossa dall\u2019Amministrazione comunale in collaborazione con la Biblioteca civica, pensata per coinvolgere famiglie ed in particolare i bambini del circondario. In un periodo dell\u2019anno che invita a rallentare e a ritrovare il senso dello stare insieme, anche in comunit\u00e0, il centro di Fonzaso si \u201cvestir\u00e0 a festa\u201d, offrendo un ricco e variegato palinsesto di appuntamenti. Il programma prender\u00e0 il via al mattino con la prima edizione di \u201cNatale sotto Scacco\u201d: dalle 10 alle 15, nella Sala del Municipio, spazio agli appassionati di scacchi con il Torneo di Natale aperto a giocatori di tutte le et\u00e0, realizzato in collaborazione con il Circolo Scacchistico Feltrino L\u2019Avamposto ASD.\u00a0 Nel pomeriggio, dalle 15 alle 18, la scena si sposter\u00e0 in Piazza I Novembre con \u201cUn selfie con Babbo Natale\u201d, appuntamento per creare una foto ricordo con il vero Babbo Natale, che anzich\u00e8 essere al Polo Nord, approder\u00e0 sotto al Monte Aurin. Sempre in piazza, dalle 15 alle 16, spazio al movimento e al divertimento con la Christmas Baby Dance con coreografie semplici, musica, giochi e animazione adatte ai pi\u00f9 piccoli. Proseguir\u00e0 il palinsesto pomeridiano l\u2019iniziativa \u201cNatale\u2026 in Rosso!\u201d con protagonisti i volontari della Croce Rossa Italiana di Feltre, che proporranno un servizio di truccabimbi a offerta libera e saranno presenti per far conoscere le numerose attivit\u00e0 svolte sul territorio e all\u2019estero, dalla tutela della salute all\u2019assistenza alle persone fragili, fino alla gestione delle emergenze e alla promozione dei principi umanitari. A chiudere la giornata,un concerto natalizio con le pi\u00f9 belle canzoni della tradizione, interpretate da giovani allievi della Scuola di Musica Sandi di Feltre, diretti dagli insegnanti Nelso Salton e Luisa Nalato. In caso di maltempo, l\u2019esibizione si terr\u00e0 nella Sala del Municipio. Per tutta la giornata l\u2019Amministrazione comunale offrir\u00e0 alla comunit\u00e0 un momento di convivialit\u00e0 e scambio di auguri aperto a tutti, con panettone, vin brul\u00e8 e cioccolata calda.<\/p>\n<p>&nbsp;<\/p>\n<p>&nbsp;<\/p>\n<p>&nbsp;<\/p>\n<p>***********<\/p>\n","protected":false},"excerpt":{"rendered":"<p>********* &nbsp; DI ALESSIA DALL&#8217;O&#8217; FONZASO Un\u2019intera giornata per vivere l\u2019attesa del Natale tra luci, musica, gioco e condivisione. Durante il\u00f2 mercoled\u00ec della vigilia di Natale, dalle 10 alle 18, Piazza I Novembre si trasformer\u00e0 in un suggestivo palcoscenico a cielo aperto per la prima edizione di \u201cNatale in Piazza\u201d, iniziativa promossa dall\u2019Amministrazione comunale in&hellip;<\/p>\n","protected":false},"author":4,"featured_media":486273,"comment_status":"closed","ping_status":"closed","sticky":false,"template":"","format":"standard","meta":{"_monsterinsights_skip_tracking":false,"_monsterinsights_sitenote_active":false,"_monsterinsights_sitenote_note":"","_monsterinsights_sitenote_category":0,"footnotes":""},"categories":[104,49],"tags":[],"class_list":["post-486271","post","type-post","status-publish","format-standard","has-post-thumbnail","hentry","category-evidenza_3","category-news-18","category-104","category-49","description-off"],"img_url":"https:\/\/www.radiopiu.net\/wordpress\/wp-content\/uploads\/2025\/12\/JNSHG.jpg","_links":{"self":[{"href":"https:\/\/www.radiopiu.net\/wordpress\/wp-json\/wp\/v2\/posts\/486271","targetHints":{"allow":["GET"]}}],"collection":[{"href":"https:\/\/www.radiopiu.net\/wordpress\/wp-json\/wp\/v2\/posts"}],"about":[{"href":"https:\/\/www.radiopiu.net\/wordpress\/wp-json\/wp\/v2\/types\/post"}],"author":[{"embeddable":true,"href":"https:\/\/www.radiopiu.net\/wordpress\/wp-json\/wp\/v2\/users\/4"}],"replies":[{"embeddable":true,"href":"https:\/\/www.radiopiu.net\/wordpress\/wp-json\/wp\/v2\/comments?post=486271"}],"version-history":[{"count":1,"href":"https:\/\/www.radiopiu.net\/wordpress\/wp-json\/wp\/v2\/posts\/486271\/revisions"}],"predecessor-version":[{"id":486274,"href":"https:\/\/www.radiopiu.net\/wordpress\/wp-json\/wp\/v2\/posts\/486271\/revisions\/486274"}],"wp:featuredmedia":[{"embeddable":true,"href":"https:\/\/www.radiopiu.net\/wordpress\/wp-json\/wp\/v2\/media\/486273"}],"wp:attachment":[{"href":"https:\/\/www.radiopiu.net\/wordpress\/wp-json\/wp\/v2\/media?parent=486271"}],"wp:term":[{"taxonomy":"category","embeddable":true,"href":"https:\/\/www.radiopiu.net\/wordpress\/wp-json\/wp\/v2\/categories?post=486271"},{"taxonomy":"post_tag","embeddable":true,"href":"https:\/\/www.radiopiu.net\/wordpress\/wp-json\/wp\/v2\/tags?post=486271"}],"curies":[{"name":"wp","href":"https:\/\/api.w.org\/{rel}","templated":true}]}}