{"id":486286,"date":"2025-12-17T05:40:23","date_gmt":"2025-12-17T04:40:23","guid":{"rendered":"https:\/\/www.radiopiu.net\/wordpress\/?p=486286"},"modified":"2025-12-17T06:00:58","modified_gmt":"2025-12-17T05:00:58","slug":"agordo-presenta-il-volontariato-civico-diretta","status":"publish","type":"post","link":"https:\/\/www.radiopiu.net\/wordpress\/agordo-presenta-il-volontariato-civico-diretta\/","title":{"rendered":"AGORDO PRESENTA IL VOLONTARIATO CIVICO &#8211; LA DIRETTA"},"content":{"rendered":"<p>********<\/p>\n<p>&nbsp;<\/p>\n<p><strong><a class=\"dt-pswp-item\" href=\"https:\/\/www.radiopiu.net\/wordpress\/wp-content\/uploads\/2025\/12\/b3455062-a9c1-4777-ac20-1870c50e09fa.jpg\" data-dt-img-description=\"\" data-large_image_width=\"2048\" data-large_image_height=\"1152\"><img loading=\"lazy\" decoding=\"async\" class=\" wp-image-486311 alignleft\" src=\"https:\/\/www.radiopiu.net\/wordpress\/wp-content\/uploads\/2025\/12\/b3455062-a9c1-4777-ac20-1870c50e09fa-300x169.jpg\" alt=\"\" width=\"202\" height=\"114\" srcset=\"https:\/\/www.radiopiu.net\/wordpress\/wp-content\/uploads\/2025\/12\/b3455062-a9c1-4777-ac20-1870c50e09fa-300x169.jpg 300w, https:\/\/www.radiopiu.net\/wordpress\/wp-content\/uploads\/2025\/12\/b3455062-a9c1-4777-ac20-1870c50e09fa-1024x576.jpg 1024w, https:\/\/www.radiopiu.net\/wordpress\/wp-content\/uploads\/2025\/12\/b3455062-a9c1-4777-ac20-1870c50e09fa-768x432.jpg 768w, https:\/\/www.radiopiu.net\/wordpress\/wp-content\/uploads\/2025\/12\/b3455062-a9c1-4777-ac20-1870c50e09fa-1536x864.jpg 1536w, https:\/\/www.radiopiu.net\/wordpress\/wp-content\/uploads\/2025\/12\/b3455062-a9c1-4777-ac20-1870c50e09fa.jpg 2048w\" sizes=\"auto, (max-width: 202px) 100vw, 202px\" \/><\/a>AGORDO<\/strong> Alla Biblioteca Civica, la presentazione del nuovo regolamento per il servizio di volontariato civico e l\u2019istituzione dell\u2019Albo dei Volontari. L\u2019incontro, promosso dal sindaco, illustrer\u00e0 finalit\u00e0, modalit\u00e0 di adesione e ambiti di intervento, valorizzando la partecipazione attiva dei cittadini. Un\u2019occasione di confronto e informazione aperta a tutti, per rafforzare il senso di comunit\u00e0 e la collaborazione con l\u2019amministrazione comunale locale e solidale condivisa.<\/p>\n<p><strong>LA DIRETTA RADIO PIU&#8217;<\/strong><\/p>\n<p><iframe loading=\"lazy\" title=\"AGORDO PRESENTA IL VOLONTARIATO CIVICO\" width=\"1200\" height=\"900\" src=\"https:\/\/www.youtube.com\/embed\/aCfyDlYY710?feature=oembed\" frameborder=\"0\" allow=\"accelerometer; autoplay; clipboard-write; encrypted-media; gyroscope; picture-in-picture; web-share\" referrerpolicy=\"strict-origin-when-cross-origin\" allowfullscreen><\/iframe><\/p>\n<p>&nbsp;<\/p>\n<p>&nbsp;<\/p>\n<p>***********<\/p>\n","protected":false},"excerpt":{"rendered":"<p>******** &nbsp; AGORDO Alla Biblioteca Civica, la presentazione del nuovo regolamento per il servizio di volontariato civico e l\u2019istituzione dell\u2019Albo dei Volontari. L\u2019incontro, promosso dal sindaco, illustrer\u00e0 finalit\u00e0, modalit\u00e0 di adesione e ambiti di intervento, valorizzando la partecipazione attiva dei cittadini. Un\u2019occasione di confronto e informazione aperta a tutti, per rafforzare il senso di comunit\u00e0&hellip;<\/p>\n","protected":false},"author":4,"featured_media":486311,"comment_status":"closed","ping_status":"closed","sticky":false,"template":"","format":"standard","meta":{"_monsterinsights_skip_tracking":false,"_monsterinsights_sitenote_active":false,"_monsterinsights_sitenote_note":"","_monsterinsights_sitenote_category":0,"footnotes":""},"categories":[51,49],"tags":[],"class_list":["post-486286","post","type-post","status-publish","format-standard","has-post-thumbnail","hentry","category-evidenza-top","category-news-18","category-51","category-49","description-off"],"img_url":"https:\/\/www.radiopiu.net\/wordpress\/wp-content\/uploads\/2025\/12\/b3455062-a9c1-4777-ac20-1870c50e09fa.jpg","_links":{"self":[{"href":"https:\/\/www.radiopiu.net\/wordpress\/wp-json\/wp\/v2\/posts\/486286","targetHints":{"allow":["GET"]}}],"collection":[{"href":"https:\/\/www.radiopiu.net\/wordpress\/wp-json\/wp\/v2\/posts"}],"about":[{"href":"https:\/\/www.radiopiu.net\/wordpress\/wp-json\/wp\/v2\/types\/post"}],"author":[{"embeddable":true,"href":"https:\/\/www.radiopiu.net\/wordpress\/wp-json\/wp\/v2\/users\/4"}],"replies":[{"embeddable":true,"href":"https:\/\/www.radiopiu.net\/wordpress\/wp-json\/wp\/v2\/comments?post=486286"}],"version-history":[{"count":3,"href":"https:\/\/www.radiopiu.net\/wordpress\/wp-json\/wp\/v2\/posts\/486286\/revisions"}],"predecessor-version":[{"id":486313,"href":"https:\/\/www.radiopiu.net\/wordpress\/wp-json\/wp\/v2\/posts\/486286\/revisions\/486313"}],"wp:featuredmedia":[{"embeddable":true,"href":"https:\/\/www.radiopiu.net\/wordpress\/wp-json\/wp\/v2\/media\/486311"}],"wp:attachment":[{"href":"https:\/\/www.radiopiu.net\/wordpress\/wp-json\/wp\/v2\/media?parent=486286"}],"wp:term":[{"taxonomy":"category","embeddable":true,"href":"https:\/\/www.radiopiu.net\/wordpress\/wp-json\/wp\/v2\/categories?post=486286"},{"taxonomy":"post_tag","embeddable":true,"href":"https:\/\/www.radiopiu.net\/wordpress\/wp-json\/wp\/v2\/tags?post=486286"}],"curies":[{"name":"wp","href":"https:\/\/api.w.org\/{rel}","templated":true}]}}