{"id":486366,"date":"2025-12-17T05:44:48","date_gmt":"2025-12-17T04:44:48","guid":{"rendered":"https:\/\/www.radiopiu.net\/wordpress\/?p=486366"},"modified":"2025-12-17T06:00:06","modified_gmt":"2025-12-17T05:00:06","slug":"incidente-stradale-a-setteville-un-ferito","status":"publish","type":"post","link":"https:\/\/www.radiopiu.net\/wordpress\/incidente-stradale-a-setteville-un-ferito\/","title":{"rendered":"INCIDENTE STRADALE A SETTEVILLE, UN FERITO"},"content":{"rendered":"<p>*******<\/p>\n<p>&nbsp;<\/p>\n<p><strong><a class=\"dt-pswp-item\" href=\"https:\/\/www.radiopiu.net\/wordpress\/wp-content\/uploads\/2025\/12\/19dd2d0c-d3c3-4cf8-a21d-5dca91493cdd.jpg\" data-dt-img-description=\"\" data-large_image_width=\"960\" data-large_image_height=\"1280\"><img loading=\"lazy\" decoding=\"async\" class=\" wp-image-486367 alignleft\" src=\"https:\/\/www.radiopiu.net\/wordpress\/wp-content\/uploads\/2025\/12\/19dd2d0c-d3c3-4cf8-a21d-5dca91493cdd-225x300.jpg\" alt=\"\" width=\"95\" height=\"127\" srcset=\"https:\/\/www.radiopiu.net\/wordpress\/wp-content\/uploads\/2025\/12\/19dd2d0c-d3c3-4cf8-a21d-5dca91493cdd-225x300.jpg 225w, https:\/\/www.radiopiu.net\/wordpress\/wp-content\/uploads\/2025\/12\/19dd2d0c-d3c3-4cf8-a21d-5dca91493cdd-768x1024.jpg 768w, https:\/\/www.radiopiu.net\/wordpress\/wp-content\/uploads\/2025\/12\/19dd2d0c-d3c3-4cf8-a21d-5dca91493cdd.jpg 960w\" sizes=\"auto, (max-width: 95px) 100vw, 95px\" \/><\/a>SETTEVILLE <\/strong>Nella serata di oggi intorno alle ore 21:15, i Vigili del Fuoco sono intervenuti lungo la SP 1 bis, nel territorio comunale di Setteville, a seguito di un\u2019uscita autonoma di un\u2019autovettura. Le squadre operative, giunte dal distaccamento di Feltre e dal distaccamento volontario del Basso Feltrino, hanno lavorato per estrarre l\u2019occupante del mezzo, rimasto incastrato tra le lamiere. Una volta liberata, la persona \u00e8 stata affidata alle cure del personale sanitario del SUEM per le necessarie valutazioni. Per consentire le operazioni di soccorso e la messa in sicurezza dell\u2019area, la strada \u00e8 rimasta chiusa al traffico per circa un\u2019ora. Presenti sul posto anche i Carabinieri per i rilievi di competenza. Le operazioni di ripristino della viabilit\u00e0 si sono concluse intorno alle ore 23:30.<\/p>\n<p>&nbsp;<\/p>\n<blockquote>\n<h3 data-start=\"0\" data-end=\"47\">AUTO SI CAPOTTA SULLA SP1, FERITO IL CONDUCENTE<\/h3>\n<\/blockquote>\n<p data-start=\"49\" data-end=\"237\"><strong>BELLUNO <\/strong>Incidente stradale ieri sera intorno alle 21.30 lungo la Provinciale 1, all\u2019altezza del bar La Miniera. Una Citroen C5 \u00e8 uscita di strada e si \u00e8 capottata, restando su un fianco. Il conducente \u00e8 rimasto bloccato all\u2019interno dell\u2019abitacolo ma \u00e8 sempre rimasto cosciente. Soccorso dai vigili del fuoco di Feltre e del Basso Feltrino e dal personale sanitario, \u00e8 stato trasportato in ospedale. In corso gli accertamenti sulle cause dell\u2019incidente.<\/p>\n<p>&nbsp;<\/p>\n<p>*******<\/p>\n","protected":false},"excerpt":{"rendered":"<p>******* &nbsp; SETTEVILLE Nella serata di oggi intorno alle ore 21:15, i Vigili del Fuoco sono intervenuti lungo la SP 1 bis, nel territorio comunale di Setteville, a seguito di un\u2019uscita autonoma di un\u2019autovettura. Le squadre operative, giunte dal distaccamento di Feltre e dal distaccamento volontario del Basso Feltrino, hanno lavorato per estrarre l\u2019occupante del&hellip;<\/p>\n","protected":false},"author":4,"featured_media":486368,"comment_status":"closed","ping_status":"closed","sticky":false,"template":"","format":"standard","meta":{"_monsterinsights_skip_tracking":false,"_monsterinsights_sitenote_active":false,"_monsterinsights_sitenote_note":"","_monsterinsights_sitenote_category":0,"footnotes":""},"categories":[51,49],"tags":[],"class_list":["post-486366","post","type-post","status-publish","format-standard","has-post-thumbnail","hentry","category-evidenza-top","category-news-18","category-51","category-49","description-off"],"img_url":"https:\/\/www.radiopiu.net\/wordpress\/wp-content\/uploads\/2025\/12\/SCR-20251216-ulay.jpeg","_links":{"self":[{"href":"https:\/\/www.radiopiu.net\/wordpress\/wp-json\/wp\/v2\/posts\/486366","targetHints":{"allow":["GET"]}}],"collection":[{"href":"https:\/\/www.radiopiu.net\/wordpress\/wp-json\/wp\/v2\/posts"}],"about":[{"href":"https:\/\/www.radiopiu.net\/wordpress\/wp-json\/wp\/v2\/types\/post"}],"author":[{"embeddable":true,"href":"https:\/\/www.radiopiu.net\/wordpress\/wp-json\/wp\/v2\/users\/4"}],"replies":[{"embeddable":true,"href":"https:\/\/www.radiopiu.net\/wordpress\/wp-json\/wp\/v2\/comments?post=486366"}],"version-history":[{"count":2,"href":"https:\/\/www.radiopiu.net\/wordpress\/wp-json\/wp\/v2\/posts\/486366\/revisions"}],"predecessor-version":[{"id":486373,"href":"https:\/\/www.radiopiu.net\/wordpress\/wp-json\/wp\/v2\/posts\/486366\/revisions\/486373"}],"wp:featuredmedia":[{"embeddable":true,"href":"https:\/\/www.radiopiu.net\/wordpress\/wp-json\/wp\/v2\/media\/486368"}],"wp:attachment":[{"href":"https:\/\/www.radiopiu.net\/wordpress\/wp-json\/wp\/v2\/media?parent=486366"}],"wp:term":[{"taxonomy":"category","embeddable":true,"href":"https:\/\/www.radiopiu.net\/wordpress\/wp-json\/wp\/v2\/categories?post=486366"},{"taxonomy":"post_tag","embeddable":true,"href":"https:\/\/www.radiopiu.net\/wordpress\/wp-json\/wp\/v2\/tags?post=486366"}],"curies":[{"name":"wp","href":"https:\/\/api.w.org\/{rel}","templated":true}]}}