{"id":486432,"date":"2025-12-17T17:06:28","date_gmt":"2025-12-17T16:06:28","guid":{"rendered":"https:\/\/www.radiopiu.net\/wordpress\/?p=486432"},"modified":"2025-12-17T17:06:28","modified_gmt":"2025-12-17T16:06:28","slug":"bambini-di-tignes-memoria-comunita-e-solidarieta-in-mostra","status":"publish","type":"post","link":"https:\/\/www.radiopiu.net\/wordpress\/bambini-di-tignes-memoria-comunita-e-solidarieta-in-mostra\/","title":{"rendered":"BAMBINI DI TIGNES: MEMORIA, COMUNIT\u00c0 E SOLIDARIET\u00c0 IN MOSTRA"},"content":{"rendered":"<p>******<\/p>\n<p>&nbsp;<\/p>\n<p><strong>ALPAGO <\/strong>La mostra fotografica, allestita su iniziativa di alcuni volontari, raccoglie quasi mezzo secolo di immagini dei bambini di Tignes d\u2019Alpago dai primi anni \u201960 ai primi anni 2000, in cui ritroviamo tutto il sapore della vita di paese. \u00a0Le fotografie tutte scattate da Adriano Bortoluzzi Paneti, \u00a0rigorosamente in bianco e nero,\u00a0 sono state fornite da oltre 100 famiglie di Tignes. Immagini che ci riportano davanti agli occhi i valori con cui siamo cresciuti:\u00a0 la famiglia, ma anche l\u2019amicizia, la solidariet\u00e0, il rispetto per gli altri, per la nostra storia e per la nostra identit\u00e0 culturale. Immagini che commuovono per la semplicit\u00e0 e spontaneit\u00e0 delle situazioni e dei bambini che una volta riempivano i cortili e le piazze di gioia, di giochi e di vita, nel tempo in cui stare insieme era semplicemente naturale. La mostra sta riscuotendo un notevole successo con centinaia di visitatori che hanno potuto immergersi in un\u2019atmosfera, che suscita emozioni e ricordi di un mondo in cui avevamo e apparivamo meno, ma\u00a0 eravamo spesso pi\u00f9 sereni. Le offerte raccolte saranno devolute al restauro del campanile di Tignes.<\/p>\n<p><strong>\u00a0<\/strong><strong><u>Adriano Bortoluzzi Paneti \u2013 il fotografo<\/u><\/strong><\/p>\n<p>Nato a Tignes d\u2019Alpago nel 1932, ci ha lasciati nel 2007. Dal matrimonio con Uliana Caneve Adriano ebbe i due figli Iginio e Antonio. Ragioniere e padre rigoroso,\u00a0 Adriano sapeva essere al contempo estroverso e ironico,\u00a0 amava uscire dagli schemi, spaziando in campi diversi: lo ricordiamo paracadutista e scalatore appassionato della montagna, impegnato nel sociale, donatore del sangue, alpino, ma anche sommelier e, naturalmente, fotografo. Una personalit\u00e0 eclettica ricca di contrasti e sfumature come le sue suggestive fotografie in bianco e nero, dove, dai primi anni \u201860,\u00a0 ha immortalato generazioni di bambini in tutta la loro strabiliante spontaneit\u00e0. George Bernard Shaw scriveva: <em>\u201cLa vita \u00e8 una fiamma che via via si consuma, ma che riprende fuoco ogni volta che nasce un bambino.\u201d <\/em>Adriano ne \u00e8 stato il perfetto interprete; ogni volta che ha colto i bambini nelle piazze e nei cortili di Tignes, ogni volta che li ha messi in posa da soli o con i compagni di gioco, ogni volta che ha immortalato un sorriso o un\u2019espressione di contrariet\u00e0, spesso suscitata da quel suo particolare, provocatorio senso dell\u2019umorismo che un bambino ancora non pu\u00f2 afferrare. Ogni click con la sua Rolleiflex 6&#215;6 \u00e8 stato un omaggio ai bambini, alla loro spensieratezza, alla loro gioia di vivere, alla loro capacit\u00e0 di trovare un senso alle cose, che sfugge a noi adulti. Per questo lo vogliamo ricordare con una mostra delle sue fotografie e del suo soggetto preferito, i bambini. Queste immagini, immuni dall\u2019evoluzione tecnologica e dalle sue manipolazioni rappresentano per la nostra comunit\u00e0 un prezioso archivio\u00a0 della memoria. Attraverso la sua passione Adriano ha contribuito, forse inconsapevolmente, a raccontare e preservare un pezzettino del nostro passato e delle sue emozioni, un \u201ccom\u2019eravamo\u201d da lasciare in eredit\u00e0 alle future generazioni.<\/p>\n<p><strong><u>Il campanile di Tignes<\/u><\/strong><\/p>\n<p>Il campanile della chiesa parrocchiale di Tignes, ricostruito unitamente alla chiesa a partire dal 1600, successivamente ad evento sismico, di fattura elegante simile a quello della chiesa madre di Pieve d\u2019Alpago, anche se in forme ridotte, nei secoli \u00e8 stato pi\u00f9 volte oggetto di interventi di restauro soprattutto a causa dei terremoti succedutisi negli anni. Recentemente, nel 2001, \u00e8 stato oggetto di intervento di consolidamento e restauro. Trascorsi alcuni anni, si \u00e8 presentato un nuovo problema: sullo spiovente sopra la cella campanaria, negli interspazi tra le pietre di copertura, hanno iniziato a radicarsi piante infestanti, tanto da aver ricoperto la quasi totalit\u00e0 della copertura rendendo instabili le pietre, inoltre le infiltrazioni d\u2019acqua hanno compromesso buona parte dell\u2019intonaco. Si rende indispensabile perci\u00f2 procedere ad un intervento risolutivo, che prevede il montaggio di impalcatue idonee al fine di rimuovere la copertura e procedere al ricollocamento delle pietre e al rifacimento degli intonaci degradati.<\/p>\n<p><strong><u>Finalit\u00e0 benefica:<\/u><\/strong><\/p>\n<p>Il restauro del campanile ha stimolato grande partecipazione e solidariet\u00e0 nella nostra comunit\u00e0, che ha gi\u00e0 devoluto alla Parrocchia di Tignes oltre 4.000 euro frutto di varie iniziative di volontariato, somma che sar\u00e0\u00a0 incrementata dalle prossime offerte raccolte con la mostra fotografica.<\/p>\n\n\t\t\t<style type='text\/css'>\n\t\t\t\t#gallery-1 {\n\t\t\t\t\tmargin: auto;\n\t\t\t\t}\n\t\t\t\t#gallery-1 .gallery-item {\n\t\t\t\t\tfloat: left;\n\t\t\t\t\tmargin-top: 10px;\n\t\t\t\t\ttext-align: center;\n\t\t\t\t\twidth: 25%;\n\t\t\t\t}\n\t\t\t\t#gallery-1 img {\n\t\t\t\t\tborder: 2px solid #cfcfcf;\n\t\t\t\t}\n\t\t\t\t#gallery-1 .gallery-caption {\n\t\t\t\t\tmargin-left: 0;\n\t\t\t\t}\n\t\t\t\t\/* see gallery_shortcode() in wp-includes\/media.php *\/\n\t\t\t<\/style>\n\t\t<div id='gallery-1' class='dt-gallery-container gallery galleryid-486432 gallery-columns-4 gallery-size-medium'><dl class='gallery-item'>\n\t\t\t\t<dt class='gallery-icon landscape'>\n\t\t\t\t\t<a class=\"rollover rollover-zoom dt-pswp-item\" title=\"1\" data-dt-img-description=\"\" data-large_image_width=\"2560\" data-large_image_height=\"1888\"href='https:\/\/www.radiopiu.net\/wordpress\/wp-content\/uploads\/2025\/12\/1-1-scaled.jpg'><img loading=\"lazy\" decoding=\"async\" width=\"300\" height=\"221\" src=\"https:\/\/www.radiopiu.net\/wordpress\/wp-content\/uploads\/2025\/12\/1-1-300x221.jpg\" class=\"attachment-medium size-medium\" alt=\"\" srcset=\"https:\/\/www.radiopiu.net\/wordpress\/wp-content\/uploads\/2025\/12\/1-1-300x221.jpg 300w, https:\/\/www.radiopiu.net\/wordpress\/wp-content\/uploads\/2025\/12\/1-1-1024x755.jpg 1024w, https:\/\/www.radiopiu.net\/wordpress\/wp-content\/uploads\/2025\/12\/1-1-768x566.jpg 768w, https:\/\/www.radiopiu.net\/wordpress\/wp-content\/uploads\/2025\/12\/1-1-1536x1133.jpg 1536w, https:\/\/www.radiopiu.net\/wordpress\/wp-content\/uploads\/2025\/12\/1-1-2048x1511.jpg 2048w\" sizes=\"auto, (max-width: 300px) 100vw, 300px\" \/><\/a>\n\t\t\t\t<\/dt><\/dl><dl class='gallery-item'>\n\t\t\t\t<dt class='gallery-icon landscape'>\n\t\t\t\t\t<a class=\"rollover rollover-zoom dt-pswp-item\" title=\"2\" data-dt-img-description=\"\" data-large_image_width=\"1259\" data-large_image_height=\"946\"href='https:\/\/www.radiopiu.net\/wordpress\/wp-content\/uploads\/2025\/12\/2.jpg'><img loading=\"lazy\" decoding=\"async\" width=\"300\" height=\"225\" src=\"https:\/\/www.radiopiu.net\/wordpress\/wp-content\/uploads\/2025\/12\/2-300x225.jpg\" class=\"attachment-medium size-medium\" alt=\"\" srcset=\"https:\/\/www.radiopiu.net\/wordpress\/wp-content\/uploads\/2025\/12\/2-300x225.jpg 300w, https:\/\/www.radiopiu.net\/wordpress\/wp-content\/uploads\/2025\/12\/2-1024x769.jpg 1024w, https:\/\/www.radiopiu.net\/wordpress\/wp-content\/uploads\/2025\/12\/2-768x577.jpg 768w, https:\/\/www.radiopiu.net\/wordpress\/wp-content\/uploads\/2025\/12\/2.jpg 1259w\" sizes=\"auto, (max-width: 300px) 100vw, 300px\" \/><\/a>\n\t\t\t\t<\/dt><\/dl><dl class='gallery-item'>\n\t\t\t\t<dt class='gallery-icon portrait'>\n\t\t\t\t\t<a class=\"rollover rollover-zoom dt-pswp-item\" title=\"3\" data-dt-img-description=\"\" data-large_image_width=\"848\" data-large_image_height=\"1150\"href='https:\/\/www.radiopiu.net\/wordpress\/wp-content\/uploads\/2025\/12\/3.jpg'><img loading=\"lazy\" decoding=\"async\" width=\"221\" height=\"300\" src=\"https:\/\/www.radiopiu.net\/wordpress\/wp-content\/uploads\/2025\/12\/3-221x300.jpg\" class=\"attachment-medium size-medium\" alt=\"\" srcset=\"https:\/\/www.radiopiu.net\/wordpress\/wp-content\/uploads\/2025\/12\/3-221x300.jpg 221w, https:\/\/www.radiopiu.net\/wordpress\/wp-content\/uploads\/2025\/12\/3-755x1024.jpg 755w, https:\/\/www.radiopiu.net\/wordpress\/wp-content\/uploads\/2025\/12\/3-768x1042.jpg 768w, https:\/\/www.radiopiu.net\/wordpress\/wp-content\/uploads\/2025\/12\/3.jpg 848w\" sizes=\"auto, (max-width: 221px) 100vw, 221px\" \/><\/a>\n\t\t\t\t<\/dt><\/dl><dl class='gallery-item'>\n\t\t\t\t<dt class='gallery-icon portrait'>\n\t\t\t\t\t<a class=\"rollover rollover-zoom dt-pswp-item\" title=\"4\" data-dt-img-description=\"\" data-large_image_width=\"307\" data-large_image_height=\"375\"href='https:\/\/www.radiopiu.net\/wordpress\/wp-content\/uploads\/2025\/12\/4.jpg'><img loading=\"lazy\" decoding=\"async\" width=\"246\" height=\"300\" src=\"https:\/\/www.radiopiu.net\/wordpress\/wp-content\/uploads\/2025\/12\/4-246x300.jpg\" class=\"attachment-medium size-medium\" alt=\"\" srcset=\"https:\/\/www.radiopiu.net\/wordpress\/wp-content\/uploads\/2025\/12\/4-246x300.jpg 246w, https:\/\/www.radiopiu.net\/wordpress\/wp-content\/uploads\/2025\/12\/4.jpg 307w\" sizes=\"auto, (max-width: 246px) 100vw, 246px\" \/><\/a>\n\t\t\t\t<\/dt><\/dl><br style=\"clear: both\" \/>\n\t\t\t<\/div>\n\n<p>&nbsp;<\/p>\n<p>&nbsp;<\/p>\n<p>&nbsp;<\/p>\n<p>***********<\/p>\n","protected":false},"excerpt":{"rendered":"<p>****** &nbsp; ALPAGO La mostra fotografica, allestita su iniziativa di alcuni volontari, raccoglie quasi mezzo secolo di immagini dei bambini di Tignes d\u2019Alpago dai primi anni \u201960 ai primi anni 2000, in cui ritroviamo tutto il sapore della vita di paese. \u00a0Le fotografie tutte scattate da Adriano Bortoluzzi Paneti, \u00a0rigorosamente in bianco e nero,\u00a0 sono&hellip;<\/p>\n","protected":false},"author":4,"featured_media":486433,"comment_status":"closed","ping_status":"closed","sticky":false,"template":"","format":"standard","meta":{"_monsterinsights_skip_tracking":false,"_monsterinsights_sitenote_active":false,"_monsterinsights_sitenote_note":"","_monsterinsights_sitenote_category":0,"footnotes":""},"categories":[51,49],"tags":[],"class_list":["post-486432","post","type-post","status-publish","format-standard","has-post-thumbnail","hentry","category-evidenza-top","category-news-18","category-51","category-49","description-off"],"img_url":"https:\/\/www.radiopiu.net\/wordpress\/wp-content\/uploads\/2025\/12\/1-1-scaled.jpg","_links":{"self":[{"href":"https:\/\/www.radiopiu.net\/wordpress\/wp-json\/wp\/v2\/posts\/486432","targetHints":{"allow":["GET"]}}],"collection":[{"href":"https:\/\/www.radiopiu.net\/wordpress\/wp-json\/wp\/v2\/posts"}],"about":[{"href":"https:\/\/www.radiopiu.net\/wordpress\/wp-json\/wp\/v2\/types\/post"}],"author":[{"embeddable":true,"href":"https:\/\/www.radiopiu.net\/wordpress\/wp-json\/wp\/v2\/users\/4"}],"replies":[{"embeddable":true,"href":"https:\/\/www.radiopiu.net\/wordpress\/wp-json\/wp\/v2\/comments?post=486432"}],"version-history":[{"count":1,"href":"https:\/\/www.radiopiu.net\/wordpress\/wp-json\/wp\/v2\/posts\/486432\/revisions"}],"predecessor-version":[{"id":486437,"href":"https:\/\/www.radiopiu.net\/wordpress\/wp-json\/wp\/v2\/posts\/486432\/revisions\/486437"}],"wp:featuredmedia":[{"embeddable":true,"href":"https:\/\/www.radiopiu.net\/wordpress\/wp-json\/wp\/v2\/media\/486433"}],"wp:attachment":[{"href":"https:\/\/www.radiopiu.net\/wordpress\/wp-json\/wp\/v2\/media?parent=486432"}],"wp:term":[{"taxonomy":"category","embeddable":true,"href":"https:\/\/www.radiopiu.net\/wordpress\/wp-json\/wp\/v2\/categories?post=486432"},{"taxonomy":"post_tag","embeddable":true,"href":"https:\/\/www.radiopiu.net\/wordpress\/wp-json\/wp\/v2\/tags?post=486432"}],"curies":[{"name":"wp","href":"https:\/\/api.w.org\/{rel}","templated":true}]}}