{"id":492693,"date":"2026-01-26T05:40:18","date_gmt":"2026-01-26T04:40:18","guid":{"rendered":"https:\/\/www.radiopiu.net\/wordpress\/?p=492693"},"modified":"2026-01-26T08:00:53","modified_gmt":"2026-01-26T07:00:53","slug":"giornale-radiopiu-26-gennaio-2026-direttore-mirko-mezzacasa","status":"publish","type":"post","link":"https:\/\/www.radiopiu.net\/wordpress\/giornale-radiopiu-26-gennaio-2026-direttore-mirko-mezzacasa\/","title":{"rendered":"GIORNALE RADIOPIU 26 GENNAIO 2026 DIRETTORE MIRKO MEZZACASA"},"content":{"rendered":"<div class=\"flex flex-col text-sm pb-25\">\n<article class=\"text-token-text-primary w-full focus:outline-none [--shadow-height:45px] has-data-writing-block:pointer-events-none has-data-writing-block:-mt-(--shadow-height) has-data-writing-block:pt-(--shadow-height) [&amp;:has([data-writing-block])&gt;*]:pointer-events-auto scroll-mt-[calc(var(--header-height)+min(200px,max(70px,20svh)))]\" dir=\"auto\" tabindex=\"-1\" data-turn-id=\"request-WEB:545a5307-a0c9-41c7-9a5f-bf65aefdb8ec-5\" data-testid=\"conversation-turn-12\" data-scroll-anchor=\"true\" data-turn=\"assistant\">\n<div class=\"text-base my-auto mx-auto pb-10 [--thread-content-margin:--spacing(4)] @w-sm\/main:[--thread-content-margin:--spacing(6)] @w-lg\/main:[--thread-content-margin:--spacing(16)] px-(--thread-content-margin)\">\n<div class=\"[--thread-content-max-width:40rem] @w-lg\/main:[--thread-content-max-width:48rem] mx-auto max-w-(--thread-content-max-width) flex-1 group\/turn-messages focus-visible:outline-hidden relative flex w-full min-w-0 flex-col agent-turn\" tabindex=\"-1\">\n<div class=\"z-0 flex min-h-[46px] justify-start\">\n<p>\u00a0****<\/p>\n<\/div>\n<\/div>\n<div dir=\"auto\"><strong><span style=\"color: #ff0000;\">GELICIDIO&#8230;<\/span><\/strong><\/div>\n<h1 dir=\"auto\">ATTENZIONE, PARCHEGGI LUXOTTICA, OGGI SI SCIVOLA<br \/>\n<a class=\"dt-pswp-item\" href=\"https:\/\/www.radiopiu.net\/wordpress\/wp-content\/uploads\/2026\/01\/Screenshot-2026-01-26-061809.png\" data-dt-img-description=\"\" data-large_image_width=\"492\" data-large_image_height=\"288\"><img loading=\"lazy\" decoding=\"async\" class=\"size-medium wp-image-492946 aligncenter\" src=\"https:\/\/www.radiopiu.net\/wordpress\/wp-content\/uploads\/2026\/01\/Screenshot-2026-01-26-061809-300x176.png\" alt=\"\" width=\"300\" height=\"176\" srcset=\"https:\/\/www.radiopiu.net\/wordpress\/wp-content\/uploads\/2026\/01\/Screenshot-2026-01-26-061809-300x176.png 300w, https:\/\/www.radiopiu.net\/wordpress\/wp-content\/uploads\/2026\/01\/Screenshot-2026-01-26-061809.png 492w\" sizes=\"auto, (max-width: 300px) 100vw, 300px\" \/><\/a><\/h1>\n<div class=\"[--thread-content-max-width:40rem] @w-lg\/main:[--thread-content-max-width:48rem] mx-auto max-w-(--thread-content-max-width) flex-1 group\/turn-messages focus-visible:outline-hidden relative flex w-full min-w-0 flex-col agent-turn\" tabindex=\"-1\">\n<div class=\"z-0 flex min-h-[46px] justify-start\">\n<h1>LA\u00a0 \u00a0 APP<\/h1>\n<p><strong><em><span style=\"color: #ff0000;\">LA\u00a0 APP PER IOS-IPHONE di Nicola Vettorello<\/span><\/em><\/strong><\/p>\n<p><strong><span style=\"color: #0000ff;\"><a style=\"color: #0000ff;\" href=\"https:\/\/apps.apple.com\/it\/app\/radio-pi%C3%B9-emittente-agordina\/id1515939845\">https:\/\/apps.apple.com\/it\/app\/radio-pi%C3%B9-emittente-agordina\/id1515939845<\/a><\/span><\/strong><\/p>\n<p><strong><em style=\"color: #ff0000;\">LA\u00a0 APP RADIO\u00a0 PER ANDROID di Nicola Vettorello<\/em><\/strong><\/p>\n<p><strong><span style=\"color: #0000ff;\"><a style=\"color: #0000ff;\" href=\"https:\/\/play.google.com\/store\/apps\/details?id=net.radiopiu.iniko\" target=\"_blank\" rel=\"noopener noreferrer\">https:\/\/<\/a><a style=\"color: #0000ff;\" href=\"https:\/\/play.google.com\/store\/apps\/details?id=net.radiopiu.iniko\" target=\"_blank\" rel=\"noopener noreferrer\">play.google.com\/store\/apps\/details?id=net.radiopiu.iniko\u00a0\u00a0\u00a0\u00a0\u00a0<\/a><\/span><\/strong><\/p>\n<p>&nbsp;<\/p>\n<div class=\"page-title-head hgroup\"><\/div>\n<p>&nbsp;<\/p>\n<hr \/>\n<blockquote><p>&nbsp;<\/p>\n<div class=\"mceTemp\">\n<h1 data-start=\"0\" data-end=\"60\"><strong data-start=\"0\" data-end=\"60\">OGGI SU RADIOPI\u00d9: <span style=\"color: #000000;\">MUSICA, informazione\u00a0<\/span> e dirette\u00a0 <\/strong><\/h1>\n<\/div>\n<\/blockquote>\n<div class=\"flex flex-col text-sm pb-25\">\n<article class=\"text-token-text-primary w-full focus:outline-none [--shadow-height:45px] has-data-writing-block:pointer-events-none has-data-writing-block:-mt-(--shadow-height) has-data-writing-block:pt-(--shadow-height) [&amp;:has([data-writing-block])&gt;*]:pointer-events-auto scroll-mt-[calc(var(--header-height)+min(200px,max(70px,20svh)))]\" dir=\"auto\" tabindex=\"-1\" data-turn-id=\"da2f8a29-4751-44ac-b06a-20d94aeccf8b\" data-testid=\"conversation-turn-28\" data-scroll-anchor=\"true\" data-turn=\"assistant\">\n<div class=\"text-base my-auto mx-auto pb-10 [--thread-content-margin:--spacing(4)] @w-sm\/main:[--thread-content-margin:--spacing(6)] @w-lg\/main:[--thread-content-margin:--spacing(16)] px-(--thread-content-margin)\">\n<div class=\"[--thread-content-max-width:40rem] @w-lg\/main:[--thread-content-max-width:48rem] mx-auto max-w-(--thread-content-max-width) flex-1 group\/turn-messages focus-visible:outline-hidden relative flex w-full min-w-0 flex-col agent-turn\" tabindex=\"-1\">\n<div class=\"flex max-w-full flex-col grow\">\n<div class=\"min-h-8 text-message relative flex w-full flex-col items-end gap-2 text-start break-words whitespace-normal [.text-message+&amp;]:mt-1\" dir=\"auto\" data-message-author-role=\"assistant\" data-message-id=\"77cb542f-301b-441f-9a5c-c89ea331616b\" data-message-model-slug=\"gpt-5-2\">\n<div class=\"flex w-full flex-col gap-1 empty:hidden first:pt-[1px]\">\n<div class=\"markdown prose dark:prose-invert w-full break-words dark markdown-new-styling\">\n<div id=\"writing-block-77cb542f-301b-441f-9a5c-c89ea331616b\" class=\"group relative z-0 my-4 w-full overflow-visible rounded-2xl bg-token-bg-primary dark:bg-[#2a2a2a] shadow-[0px_0px_0px_1px_rgba(0,0,0,0.07),0px_4px_80px_rgba(0,0,0,0.02)]\" data-writing-block=\"true\">\n<div class=\"writing-block-editor markdown-new-styling relative flow-root pt-(--writing-block-editor-pt) pe-(--writing-block-editor-pr) pb-(--writing-block-editor-pb) ps-(--writing-block-editor-pl)\">\n<div class=\"ProseMirror markdown prose dark:prose-invert w-full min-h-6 break-words focus:outline-none\" contenteditable=\"true\" translate=\"no\" aria-disabled=\"false\">\n<blockquote>\n<p data-start=\"96\" data-end=\"164\"><strong data-start=\"96\" data-end=\"164\">IL PALINSESTO DI OGGI SU RADIO PI\u00d9: INFORMAZIONE, MUSICA E SPORT<\/strong><\/p>\n<\/blockquote>\n<\/div>\n<\/div>\n<\/div>\n<\/div>\n<\/div>\n<\/div>\n<\/div>\n<div class=\"z-0 flex min-h-[46px] justify-start\">\n<p data-start=\"136\" data-end=\"666\"><a class=\"dt-pswp-item\" href=\"https:\/\/www.radiopiu.net\/wordpress\/wp-content\/uploads\/2026\/01\/e4aa0742-6a0f-49d8-8665-ea4092563cbc.png\" data-dt-img-description=\"\" data-large_image_width=\"1536\" data-large_image_height=\"1024\"><img loading=\"lazy\" decoding=\"async\" class=\"size-medium wp-image-492919 alignleft\" src=\"https:\/\/www.radiopiu.net\/wordpress\/wp-content\/uploads\/2026\/01\/e4aa0742-6a0f-49d8-8665-ea4092563cbc-300x200.png\" alt=\"\" width=\"300\" height=\"200\" srcset=\"https:\/\/www.radiopiu.net\/wordpress\/wp-content\/uploads\/2026\/01\/e4aa0742-6a0f-49d8-8665-ea4092563cbc-300x200.png 300w, https:\/\/www.radiopiu.net\/wordpress\/wp-content\/uploads\/2026\/01\/e4aa0742-6a0f-49d8-8665-ea4092563cbc-1024x683.png 1024w, https:\/\/www.radiopiu.net\/wordpress\/wp-content\/uploads\/2026\/01\/e4aa0742-6a0f-49d8-8665-ea4092563cbc-768x512.png 768w, https:\/\/www.radiopiu.net\/wordpress\/wp-content\/uploads\/2026\/01\/e4aa0742-6a0f-49d8-8665-ea4092563cbc.png 1536w\" sizes=\"auto, (max-width: 300px) 100vw, 300px\" \/><\/a>Oggi \u00e8 una giornata speciale per il Gruppo 3 Radio, una di quelle che si ricordano. La radio si muove, esce dagli studi e incontra il territorio. Dalle undici saremo in diretta da Pieve di Cadore con Gianfranco Tom\u00e8, per raccontare l\u2019arrivo della fiaccolata: con Natasha, Marina, Marco e Andrea, un passaggio carico di emozione, simbolo di cammino, comunit\u00e0 e futuro. In studio, a Valle di Cadore e a Taibon, Barbara Paolazzi e Mirko Mezzacasa seguiranno la diretta, pronti a collegarsi, commentare, dare voce a quello che accade.<\/p>\n<p data-start=\"668\" data-end=\"1166\">La giornata inizia presto, alle otto e cinque, con la rassegna stampa locale, per capire dove siamo e cosa succede intorno a noi. Alle otto e trenta Pi\u00f9 Siamo con Marina, poi alle nove e trenta Oggi come ieri con Silvia Baldo, per tenere insieme memoria e attualit\u00e0. Alle nove e quarantacinque arrivano i racconti di Paolo Soppelsa, parole che sanno fermare il tempo. Alle dieci e trenta spazio a Periti minerari nel mondo, con Eugenio Forcellini, uno sguardo che va lontano ma parte sempre da qui.<\/p>\n<p data-start=\"1168\" data-end=\"1631\">Dal primo pomeriggio la musica prende il testimone: dalle tredici e trenta Collage \u2013 Operazione Nostalgia con Loris Scussel, poi ancora Pi\u00f9 Musica con Marina. Alle quindici un altro momento speciale, il collegamento da San Vito di Cadore per il passaggio della fiaccola, perch\u00e9 oggi la fiamma corre davvero sulle nostre strade. E nel tardo pomeriggio, alle sedici e quarantacinque, le hit di Mirco Bencivenni chiudono una giornata intensa, piena, vissuta insieme.<\/p>\n<p data-start=\"1633\" data-end=\"1777\">\u00c8 cos\u00ec che oggi la radio diventa racconto, presenza, voce condivisa. \u00c8 cos\u00ec che il Gruppo 3 Radio accompagna un giorno che non \u00e8 come gli altri.<\/p>\n<h1>1 febbraio&#8230; le agordiniadi, i nostri tedofori&#8230;<\/h1>\n<div dir=\"auto\"><span style=\"color: #ff0000;\"><strong>stiamo preparando la festa con radiopiu e la proloco di taibon e botol group<\/strong><\/span><\/div>\n\n\t\t\t<style type='text\/css'>\n\t\t\t\t#gallery-1 {\n\t\t\t\t\tmargin: auto;\n\t\t\t\t}\n\t\t\t\t#gallery-1 .gallery-item {\n\t\t\t\t\tfloat: left;\n\t\t\t\t\tmargin-top: 10px;\n\t\t\t\t\ttext-align: center;\n\t\t\t\t\twidth: 33%;\n\t\t\t\t}\n\t\t\t\t#gallery-1 img {\n\t\t\t\t\tborder: 2px solid #cfcfcf;\n\t\t\t\t}\n\t\t\t\t#gallery-1 .gallery-caption {\n\t\t\t\t\tmargin-left: 0;\n\t\t\t\t}\n\t\t\t\t\/* see gallery_shortcode() in wp-includes\/media.php *\/\n\t\t\t<\/style>\n\t\t<div id='gallery-1' class='dt-gallery-container gallery galleryid-492693 gallery-columns-3 gallery-size-thumbnail'><dl class='gallery-item'>\n\t\t\t\t<dt class='gallery-icon landscape'>\n\t\t\t\t\t<a class=\"rollover rollover-zoom dt-pswp-item\" title=\"4331961937675996920\" data-dt-img-description=\"\" data-large_image_width=\"500\" data-large_image_height=\"261\"href='https:\/\/www.radiopiu.net\/wordpress\/wp-content\/uploads\/2026\/01\/4331961937675996920.jpg'><img loading=\"lazy\" decoding=\"async\" width=\"150\" height=\"150\" src=\"https:\/\/www.radiopiu.net\/wordpress\/wp-content\/uploads\/2026\/01\/4331961937675996920-150x150.jpg\" class=\"attachment-thumbnail size-thumbnail\" alt=\"\" \/><\/a>\n\t\t\t\t<\/dt><\/dl><dl class='gallery-item'>\n\t\t\t\t<dt class='gallery-icon landscape'>\n\t\t\t\t\t<a class=\"rollover rollover-zoom dt-pswp-item\" title=\"AGORDINIADI\" data-dt-img-description=\"\" data-large_image_width=\"526\" data-large_image_height=\"526\"href='https:\/\/www.radiopiu.net\/wordpress\/wp-content\/uploads\/2026\/01\/616479862_1307542348057575_3179022967278239786_n.jpg'><img loading=\"lazy\" decoding=\"async\" width=\"150\" height=\"150\" src=\"https:\/\/www.radiopiu.net\/wordpress\/wp-content\/uploads\/2026\/01\/616479862_1307542348057575_3179022967278239786_n-150x150.jpg\" class=\"attachment-thumbnail size-thumbnail\" alt=\"\" srcset=\"https:\/\/www.radiopiu.net\/wordpress\/wp-content\/uploads\/2026\/01\/616479862_1307542348057575_3179022967278239786_n-150x150.jpg 150w, https:\/\/www.radiopiu.net\/wordpress\/wp-content\/uploads\/2026\/01\/616479862_1307542348057575_3179022967278239786_n-300x300.jpg 300w, https:\/\/www.radiopiu.net\/wordpress\/wp-content\/uploads\/2026\/01\/616479862_1307542348057575_3179022967278239786_n.jpg 526w\" sizes=\"auto, (max-width: 150px) 100vw, 150px\" \/><\/a>\n\t\t\t\t<\/dt><\/dl><dl class='gallery-item'>\n\t\t\t\t<dt class='gallery-icon landscape'>\n\t\t\t\t\t<a class=\"rollover rollover-zoom dt-pswp-item\" title=\"512b7811-36a9-4de6-b618-08a2e144850c\" data-dt-img-description=\"\" data-large_image_width=\"2560\" data-large_image_height=\"1920\"href='https:\/\/www.radiopiu.net\/wordpress\/wp-content\/uploads\/2026\/01\/512b7811-36a9-4de6-b618-08a2e144850c-scaled.jpg'><img loading=\"lazy\" decoding=\"async\" width=\"150\" height=\"150\" src=\"https:\/\/www.radiopiu.net\/wordpress\/wp-content\/uploads\/2026\/01\/512b7811-36a9-4de6-b618-08a2e144850c-150x150.jpg\" class=\"attachment-thumbnail size-thumbnail\" alt=\"\" \/><\/a>\n\t\t\t\t<\/dt><\/dl><br style=\"clear: both\" \/>\n\t\t\t<\/div>\n\n<p>&nbsp;<\/p>\n<\/div>\n<div class=\"mt-3 w-full empty:hidden\">\n<div class=\"text-center\"><\/div>\n<\/div>\n<\/div>\n<\/div>\n<\/article>\n<\/div>\n<hr \/>\n<div class=\"x11i5rnm xat24cr x1mh8g0r x1vvkbs xtlvy1s x126k92a\">\n<h1><strong><br \/>\n<span style=\"color: #0000ff;\">N di parom &#8211; L Almanach de la nosta jent<\/span>\u00a0 <\/strong><strong style=\"font-size: 14px;\"><span style=\"color: #ff0000;\">OGNI GIORNO ALLE CINQUE E ALLE NOVE E DIECI\u00a0 DEL MATTINO<\/span> <\/strong><\/h1>\n<h1><strong style=\"font-size: 14px;\">LA PUNTATA DI OGGI, 26 GENNAIO 2026<\/strong><\/h1>\n<audio class=\"wp-audio-shortcode\" id=\"audio-492693-1\" preload=\"none\" style=\"width: 100%;\" controls=\"controls\"><source type=\"audio\/mpeg\" src=\"https:\/\/www.radiopiu.net\/wordpress\/wp-content\/uploads\/2026\/01\/AL1-4.mp3?_=1\" \/><a href=\"https:\/\/www.radiopiu.net\/wordpress\/wp-content\/uploads\/2026\/01\/AL1-4.mp3\">https:\/\/www.radiopiu.net\/wordpress\/wp-content\/uploads\/2026\/01\/AL1-4.mp3<\/a><\/audio>\n<p>&nbsp;<\/p>\n<p>&nbsp;<\/p>\n<\/div>\n<hr \/>\n<div class=\"x11i5rnm xat24cr x1mh8g0r x1vvkbs xtlvy1s x126k92a\">\n<div dir=\"auto\">\n<div dir=\"auto\">\n<h2><strong><span style=\"color: #0000ff;\">EL BAL DEL FIOR, DI GIULIANA DA RONCH<\/span>\u00a0 <span style=\"color: #ff0000;\">ogni giorno alle sette e venti del mattino<\/span><\/strong><\/h2>\n<h2><strong style=\"font-size: 14px;\">LA PUNTATA DI OGGI 26 GENNAIO 2026<\/strong><\/h2>\n<audio class=\"wp-audio-shortcode\" id=\"audio-492693-2\" preload=\"none\" style=\"width: 100%;\" controls=\"controls\"><source type=\"audio\/mpeg\" src=\"https:\/\/www.radiopiu.net\/wordpress\/wp-content\/uploads\/2026\/01\/GLU-3.mp3?_=2\" \/><a href=\"https:\/\/www.radiopiu.net\/wordpress\/wp-content\/uploads\/2026\/01\/GLU-3.mp3\">https:\/\/www.radiopiu.net\/wordpress\/wp-content\/uploads\/2026\/01\/GLU-3.mp3<\/a><\/audio>\n<\/div>\n<\/div>\n<\/div>\n<p>&nbsp;<\/p>\n<p>&nbsp;<\/p>\n<div class=\"x11i5rnm xat24cr x1mh8g0r x1vvkbs xtlvy1s x126k92a\">\n<div dir=\"auto\">\n<hr \/>\n<\/div>\n<\/div>\n<blockquote>\n<h1><\/h1>\n<\/blockquote>\n<h1 style=\"text-align: center;\"><strong>NOTIZIE DELLA NOTTE LA RASSEGNA STAMPA NAZIONALE, AGGIORNAMENTO OGNI GIORNO ALLE SEI DEL MATTINO\u00a0\u00a0<\/strong><\/h1>\n<p data-start=\"229\" data-end=\"677\"><strong><a class=\"dt-pswp-item\" href=\"https:\/\/www.radiopiu.net\/wordpress\/wp-content\/uploads\/2026\/01\/348813a3-683c-4008-b1db-d7ab083a2293.png\" data-dt-img-description=\"\" data-large_image_width=\"1536\" data-large_image_height=\"1024\"><img loading=\"lazy\" decoding=\"async\" class=\"size-medium wp-image-492940 alignleft\" src=\"https:\/\/www.radiopiu.net\/wordpress\/wp-content\/uploads\/2026\/01\/348813a3-683c-4008-b1db-d7ab083a2293-300x200.png\" alt=\"\" width=\"300\" height=\"200\" srcset=\"https:\/\/www.radiopiu.net\/wordpress\/wp-content\/uploads\/2026\/01\/348813a3-683c-4008-b1db-d7ab083a2293-300x200.png 300w, https:\/\/www.radiopiu.net\/wordpress\/wp-content\/uploads\/2026\/01\/348813a3-683c-4008-b1db-d7ab083a2293-1024x683.png 1024w, https:\/\/www.radiopiu.net\/wordpress\/wp-content\/uploads\/2026\/01\/348813a3-683c-4008-b1db-d7ab083a2293-768x512.png 768w, https:\/\/www.radiopiu.net\/wordpress\/wp-content\/uploads\/2026\/01\/348813a3-683c-4008-b1db-d7ab083a2293.png 1536w\" sizes=\"auto, (max-width: 300px) 100vw, 300px\" \/><\/a>MINNEAPOLIS<\/strong> \u2013 \u00c8 alta la tensione negli Stati Uniti dopo l\u2019uccisione di due cittadini americani durante operazioni delle forze federali. A Minneapolis sono scoppiate proteste e disordini, con il sindaco che ha disposto la mobilitazione della Guardia Nazionale. Il presidente Donald Trump ha attribuito le responsabilit\u00e0 al \u201ccaos dei Democratici\u201d, mentre l\u2019ex presidente Barack Obama ha definito l\u2019episodio un campanello d\u2019allarme per l\u2019intero Paese.<\/p>\n<p data-start=\"679\" data-end=\"930\"><strong>SICILIA \u2013<\/strong> Cinquecento persone sono state evacuate a Niscemi a causa di una frana che ha interessato un\u2019area abitata. L\u2019intervento della Protezione civile \u00e8 scattato in via precauzionale per il rischio di ulteriori smottamenti. Non si segnalano feriti.<\/p>\n<p data-start=\"932\" data-end=\"1174\"><strong>RAFAH<\/strong> \u2013 Il premier israeliano Benjamin Netanyahu ha annunciato l\u2019accettazione della riapertura del valico di Rafah, ma con pieno controllo israeliano. La decisione arriva in un contesto di forte tensione regionale e negoziati ancora in corso.<\/p>\n<p data-start=\"1176\" data-end=\"1397\"><strong>MOSCA<\/strong> \u2013 Il Cremlino ha escluso qualsiasi dialogo con la nuova leadership europea, definendo \u201cinermi e incompetenti\u201d i vertici dell\u2019Unione europea. Dure le parole rivolte in particolare all\u2019Alto rappresentante Kaja Kallas.<\/p>\n<p data-start=\"1399\" data-end=\"1628\"><strong>IRAN \u2013<\/strong> Secondo fonti dell\u2019opposizione, la repressione delle proteste in corso potrebbe aver causato fino a 36 mila morti. Le autorit\u00e0 iraniane non confermano i numeri, ma le immagini diffuse mostrano un uso massiccio della forza.<\/p>\n<p data-start=\"1630\" data-end=\"1787\"><strong>ANGUILLARA<\/strong> \u2013 Claudio Carlomagno \u00e8 sorvegliato a vista dopo aver appreso della morte dei genitori. Gli inquirenti mantengono il massimo riserbo sull\u2019indagine.<\/p>\n<p data-start=\"1789\" data-end=\"1914\"><strong>TOKYO<\/strong> \u2013 Apertura in forte ribasso per la Borsa giapponese, che perde oltre l\u2019uno e mezzo per cento. Negativa anche Hong Kong.<\/p>\n<p data-start=\"1916\" data-end=\"2063\"><strong>MERCATI<\/strong> \u2013 L\u2019oro supera per la prima volta la soglia dei 5.000 dollari l\u2019oncia, spinto dall\u2019incertezza politica legata allo scenario internazionale.<\/p>\n<div class=\"relative basis-auto flex-col -mb-(--composer-overlap-px) [--composer-overlap-px:28px] grow flex\">\n<div class=\"flex flex-col text-sm pb-25\">\n<article class=\"text-token-text-primary w-full focus:outline-none [--shadow-height:45px] has-data-writing-block:pointer-events-none has-data-writing-block:-mt-(--shadow-height) has-data-writing-block:pt-(--shadow-height) [&amp;:has([data-writing-block])&gt;*]:pointer-events-auto scroll-mt-[calc(var(--header-height)+min(200px,max(70px,20svh)))]\" dir=\"auto\" tabindex=\"-1\" data-turn-id=\"request-WEB:bdd07847-a354-46c9-b0f3-ffeda7b6f0d2-17\" data-testid=\"conversation-turn-36\" data-scroll-anchor=\"true\" data-turn=\"assistant\">\n<div class=\"text-base my-auto mx-auto pb-10 [--thread-content-margin:--spacing(4)] @w-sm\/main:[--thread-content-margin:--spacing(6)] @w-lg\/main:[--thread-content-margin:--spacing(16)] px-(--thread-content-margin)\">\n<div class=\"[--thread-content-max-width:40rem] @w-lg\/main:[--thread-content-max-width:48rem] mx-auto max-w-(--thread-content-max-width) flex-1 group\/turn-messages focus-visible:outline-hidden relative flex w-full min-w-0 flex-col agent-turn\" tabindex=\"-1\">\n<div class=\"flex max-w-full flex-col grow\">\n<div class=\"min-h-8 text-message relative flex w-full flex-col items-end gap-2 text-start break-words whitespace-normal [.text-message+&amp;]:mt-1\" dir=\"auto\" data-message-author-role=\"assistant\" data-message-id=\"10e86581-b938-4371-9357-8338c94aea25\" data-message-model-slug=\"gpt-5-2\">\n<div class=\"flex w-full flex-col gap-1 empty:hidden first:pt-[1px]\">\n<div class=\"markdown prose dark:prose-invert w-full break-words dark markdown-new-styling\"><\/div>\n<\/div>\n<\/div>\n<\/div>\n<\/div>\n<\/div>\n<\/article>\n<\/div>\n<\/div>\n<h1>IL GIORNALE DELLE SEI DEL MATTINO<\/h1>\n<audio class=\"wp-audio-shortcode\" id=\"audio-492693-3\" preload=\"none\" style=\"width: 100%;\" controls=\"controls\"><source type=\"audio\/mpeg\" src=\"https:\/\/www.radiopiu.net\/wordpress\/wp-content\/uploads\/2026\/01\/GIORNALEDELLESEI-20.mp3?_=3\" \/><a href=\"https:\/\/www.radiopiu.net\/wordpress\/wp-content\/uploads\/2026\/01\/GIORNALEDELLESEI-20.mp3\">https:\/\/www.radiopiu.net\/wordpress\/wp-content\/uploads\/2026\/01\/GIORNALEDELLESEI-20.mp3<\/a><\/audio>\n<p>&nbsp;<\/p>\n<p>&nbsp;<\/p>\n<p>&nbsp;<\/p>\n<p>&nbsp;<\/p>\n<hr \/>\n<p>&nbsp;<\/p>\n<h1 style=\"text-align: center;\"><span style=\"color: #ff0000;\">I podcast informativi del mattino &#8211; audio &#8211;\u00a0<\/span><\/h1>\n<p><strong>OGNI GIORNO ALLE SETTE DEL MATTINO, LA RASSEGNA STAMPA LOCALE FLASH&#8230; PER CHI VA IN FRETTA. I TITOLI DAI GIORNALI E DAL SITO WWW.RADIOPIU.NET <span style=\"color: #0000ff;\">viene pubblicato alle 7.00<\/span> <span style=\"color: #ff0000;\">DIRETTA RADIO\u00a0 <\/span><\/strong><em><span style=\"color: #ff0000;\">per chi va in fretta&#8230; tante notizie in pochi minuti. L&#8217;informazione locale alla radio, ogni ora dalle 7 del mattino alle 19 della sera.<\/span><\/em><\/p>\n<p>&nbsp;<\/p>\n<h1 style=\"text-align: center;\">DALL&#8217;ITALIA<\/h1>\n<p>&nbsp;<\/p>\n<div class=\"flex flex-col text-sm pb-25\">\n<article class=\"text-token-text-primary w-full focus:outline-none [--shadow-height:45px] has-data-writing-block:pointer-events-none has-data-writing-block:-mt-(--shadow-height) has-data-writing-block:pt-(--shadow-height) [&amp;:has([data-writing-block])&gt;*]:pointer-events-auto scroll-mt-[calc(var(--header-height)+min(200px,max(70px,20svh)))]\" dir=\"auto\" tabindex=\"-1\" data-turn-id=\"e44434e6-7a57-4ffb-920b-c99d3731155a\" data-testid=\"conversation-turn-48\" data-scroll-anchor=\"true\" data-turn=\"assistant\">\n<div class=\"text-base my-auto mx-auto pb-10 [--thread-content-margin:--spacing(4)] @w-sm\/main:[--thread-content-margin:--spacing(6)] @w-lg\/main:[--thread-content-margin:--spacing(16)] px-(--thread-content-margin)\">\n<div class=\"[--thread-content-max-width:40rem] @w-lg\/main:[--thread-content-max-width:48rem] mx-auto max-w-(--thread-content-max-width) flex-1 group\/turn-messages focus-visible:outline-hidden relative flex w-full min-w-0 flex-col agent-turn\" tabindex=\"-1\">\n<div class=\"flex max-w-full flex-col grow\">\n<div class=\"min-h-8 text-message relative flex w-full flex-col items-end gap-2 text-start break-words whitespace-normal [.text-message+&amp;]:mt-1\" dir=\"auto\" data-message-author-role=\"assistant\" data-message-id=\"197ba8fa-f0b5-40f4-8b3d-8382e1fa9029\" data-message-model-slug=\"gpt-5-2\">\n<div class=\"flex w-full flex-col gap-1 empty:hidden first:pt-[1px]\">\n<div class=\"markdown prose dark:prose-invert w-full wrap-break-word dark markdown-new-styling\">\n<p data-start=\"165\" data-end=\"388\"><strong><a class=\"dt-pswp-item\" href=\"https:\/\/www.radiopiu.net\/wordpress\/wp-content\/uploads\/2026\/01\/67a5752b-4287-48e6-9aa7-f7cdc7b98294.png\" data-dt-img-description=\"\" data-large_image_width=\"1536\" data-large_image_height=\"1024\"><img loading=\"lazy\" decoding=\"async\" class=\"size-medium wp-image-492941 alignleft\" src=\"https:\/\/www.radiopiu.net\/wordpress\/wp-content\/uploads\/2026\/01\/67a5752b-4287-48e6-9aa7-f7cdc7b98294-300x200.png\" alt=\"\" width=\"300\" height=\"200\" srcset=\"https:\/\/www.radiopiu.net\/wordpress\/wp-content\/uploads\/2026\/01\/67a5752b-4287-48e6-9aa7-f7cdc7b98294-300x200.png 300w, https:\/\/www.radiopiu.net\/wordpress\/wp-content\/uploads\/2026\/01\/67a5752b-4287-48e6-9aa7-f7cdc7b98294-1024x683.png 1024w, https:\/\/www.radiopiu.net\/wordpress\/wp-content\/uploads\/2026\/01\/67a5752b-4287-48e6-9aa7-f7cdc7b98294-768x512.png 768w, https:\/\/www.radiopiu.net\/wordpress\/wp-content\/uploads\/2026\/01\/67a5752b-4287-48e6-9aa7-f7cdc7b98294.png 1536w\" sizes=\"auto, (max-width: 300px) 100vw, 300px\" \/><\/a>MANCHESTER \u2013<\/strong> Una donna italiana \u00e8 stata uccisa in Inghilterra. La polizia britannica ha arrestato il presunto omicida. Le indagini sono in corso per chiarire il movente e la dinamica del delitto. La Farnesina segue il caso.<\/p>\n<p data-start=\"390\" data-end=\"602\"><strong>TORINO<\/strong> \u2013 Un ragazzo di 19 anni \u00e8 morto in un incidente stradale mentre rientrava a casa in bicicletta dopo una serata in discoteca. L\u2019impatto \u00e8 stato fatale. Accertamenti in corso per ricostruire quanto accaduto.<\/p>\n<p data-start=\"604\" data-end=\"833\"><strong>A1<\/strong> \u2013 Ancora violenze tra tifosi in autostrada. All\u2019alba si sono verificati scontri tra gruppi organizzati: bloccati circa 80 tifosi laziali, sequestrate mazze e coltelli. Centinaia le persone identificate dalle forze dell\u2019ordine.<\/p>\n<p data-start=\"1079\" data-end=\"1231\"><strong>MANTOVANO<\/strong> \u2013 Un uomo di 46 anni \u00e8 morto annegato in un canale dopo essersi tuffato per salvare il proprio cane. L\u2019animale \u00e8 riuscito a mettersi in salvo.<\/p>\n<p data-start=\"1233\" data-end=\"1429\"><strong>FIRENZE<\/strong> \u2013 \u00c8 ripresa regolarmente la circolazione ferroviaria tra Campo Marte e Rifredi dopo la conclusione della prima fase dei lavori al cavalcavia di Ponte al Pino, terminati nei tempi previsti.<\/p>\n<p data-start=\"1431\" data-end=\"1633\"><strong>FERRARA<\/strong> \u2013 Una donna \u00e8 in fin di vita dopo essere stata colpita in casa con una pistola sparachiodi. Il figlio, che l\u2019avrebbe aggredita al termine di una lite, \u00e8 stato portato in caserma dai carabinieri.<\/p>\n<p data-start=\"1635\" data-end=\"1828\"><strong>FIUMICELLO<\/strong> \u2013 A dieci anni dalla scomparsa di Giulio Regeni, il paese natale si tinge di giallo per ricordarlo. Il padre ribadisce: \u201cDieci anni sono solo una tappa di un percorso ancora aperto\u201d.<\/p>\n<p data-start=\"1830\" data-end=\"1956\" data-is-last-node=\"\" data-is-only-node=\"\">\n<\/div>\n<\/div>\n<\/div>\n<\/div>\n<\/div>\n<\/div>\n<\/article>\n<\/div>\n<div class=\"flex flex-col text-sm pb-25\">\n<article class=\"text-token-text-primary w-full focus:outline-none [--shadow-height:45px] has-data-writing-block:pointer-events-none has-data-writing-block:-mt-(--shadow-height) has-data-writing-block:pt-(--shadow-height) [&amp;:has([data-writing-block])&gt;*]:pointer-events-auto scroll-mt-[calc(var(--header-height)+min(200px,max(70px,20svh)))]\" dir=\"auto\" tabindex=\"-1\" data-turn-id=\"4725b8e7-448d-49ef-90cd-737bcdd880f6\" data-testid=\"conversation-turn-10\" data-scroll-anchor=\"true\" data-turn=\"assistant\">\n<div class=\"text-base my-auto mx-auto pb-10 [--thread-content-margin:--spacing(4)] @w-sm\/main:[--thread-content-margin:--spacing(6)] @w-lg\/main:[--thread-content-margin:--spacing(16)] px-(--thread-content-margin)\">\n<div class=\"[--thread-content-max-width:40rem] @w-lg\/main:[--thread-content-max-width:48rem] mx-auto max-w-(--thread-content-max-width) flex-1 group\/turn-messages focus-visible:outline-hidden relative flex w-full min-w-0 flex-col agent-turn\" tabindex=\"-1\">\n<hr \/>\n<h1><\/h1>\n<h1><\/h1>\n<h1 style=\"text-align: center;\">DALLA REGIONE VENETO<\/h1>\n<p>&nbsp;<\/p>\n<div class=\"flex flex-col text-sm pb-25\">\n<article class=\"text-token-text-primary w-full focus:outline-none [--shadow-height:45px] has-data-writing-block:pointer-events-none has-data-writing-block:-mt-(--shadow-height) has-data-writing-block:pt-(--shadow-height) [&amp;:has([data-writing-block])&gt;*]:pointer-events-auto scroll-mt-[calc(var(--header-height)+min(200px,max(70px,20svh)))]\" dir=\"auto\" tabindex=\"-1\" data-turn-id=\"ceafa2dc-5630-4cb1-ae11-8fc1ca00816b\" data-testid=\"conversation-turn-52\" data-scroll-anchor=\"true\" data-turn=\"assistant\">\n<div class=\"text-base my-auto mx-auto pb-10 [--thread-content-margin:--spacing(4)] @w-sm\/main:[--thread-content-margin:--spacing(6)] @w-lg\/main:[--thread-content-margin:--spacing(16)] px-(--thread-content-margin)\">\n<div class=\"[--thread-content-max-width:40rem] @w-lg\/main:[--thread-content-max-width:48rem] mx-auto max-w-(--thread-content-max-width) flex-1 group\/turn-messages focus-visible:outline-hidden relative flex w-full min-w-0 flex-col agent-turn\" tabindex=\"-1\">\n<div class=\"flex max-w-full flex-col grow\">\n<div class=\"min-h-8 text-message relative flex w-full flex-col items-end gap-2 text-start break-words whitespace-normal [.text-message+&amp;]:mt-1\" dir=\"auto\" data-message-author-role=\"assistant\" data-message-id=\"3b1c033e-935c-4418-8325-88de27007e4e\" data-message-model-slug=\"gpt-5-2\">\n<div class=\"flex w-full flex-col gap-1 empty:hidden first:pt-[1px]\">\n<div class=\"markdown prose dark:prose-invert w-full wrap-break-word dark markdown-new-styling\">\n<p data-start=\"165\" data-end=\"496\"><strong><a class=\"dt-pswp-item\" href=\"https:\/\/www.radiopiu.net\/wordpress\/wp-content\/uploads\/2026\/01\/da852e94-d2d0-487d-83ee-ce7fc30d8997.png\" data-dt-img-description=\"\" data-large_image_width=\"1536\" data-large_image_height=\"1024\"><img loading=\"lazy\" decoding=\"async\" class=\"size-medium wp-image-492942 alignleft\" src=\"https:\/\/www.radiopiu.net\/wordpress\/wp-content\/uploads\/2026\/01\/da852e94-d2d0-487d-83ee-ce7fc30d8997-300x200.png\" alt=\"\" width=\"300\" height=\"200\" srcset=\"https:\/\/www.radiopiu.net\/wordpress\/wp-content\/uploads\/2026\/01\/da852e94-d2d0-487d-83ee-ce7fc30d8997-300x200.png 300w, https:\/\/www.radiopiu.net\/wordpress\/wp-content\/uploads\/2026\/01\/da852e94-d2d0-487d-83ee-ce7fc30d8997-1024x683.png 1024w, https:\/\/www.radiopiu.net\/wordpress\/wp-content\/uploads\/2026\/01\/da852e94-d2d0-487d-83ee-ce7fc30d8997-768x512.png 768w, https:\/\/www.radiopiu.net\/wordpress\/wp-content\/uploads\/2026\/01\/da852e94-d2d0-487d-83ee-ce7fc30d8997.png 1536w\" sizes=\"auto, (max-width: 300px) 100vw, 300px\" \/><\/a>BELLUNESE<\/strong> \u2013 Maltempo intenso sulle Dolomiti con nevicate diffuse che hanno causato disagi alla circolazione. I Vigili del fuoco hanno effettuato circa quaranta interventi per auto e pullman in difficolt\u00e0. Sei gli incidenti stradali segnalati, senza gravi conseguenze. A Cortina sono caduti fino a 15 centimetri di neve nella notte.<\/p>\n<p data-start=\"498\" data-end=\"697\"><strong>CORTINA D\u2019AMPEZZO<\/strong> \u2013 Mancano dodici giorni ai Giochi invernali e domani la Fiamma Olimpica arriver\u00e0 in citt\u00e0. Un passaggio simbolico molto atteso, che precede l\u2019avvio ufficiale di Milano-Cortina 2026. Oggi in diretta si RADIOPIU E RADIOCLUB 103<\/p>\n<p data-start=\"699\" data-end=\"925\"><strong>MANCHESTER<\/strong> \u2013 Una donna italiana, Gloria De Lazzari, originaria del Trevigiano, \u00e8 stata uccisa in Inghilterra. La polizia britannica ha arrestato il presunto omicida. Le indagini sono in corso, segue il caso anche la Farnesina.<\/p>\n<p data-start=\"927\" data-end=\"1117\"><strong>VENEZIA<\/strong> \u2013 Il sindaco Luigi Brugnaro interviene sul tema dell\u2019antisemitismo: \u201cNon possiamo permetterci ambiguit\u00e0\u201d, ha dichiarato, ribadendo la linea di fermezza dell\u2019amministrazione comunale.<\/p>\n<p data-start=\"1119\" data-end=\"1363\"><strong>PADOVA \u2013<\/strong> Un uomo \u00e8 stato arrestato dopo aver tentato di ingerire un panetto di hashish per sfuggire al controllo dei carabinieri. Sempre a Padova, quattro persone sono state fermate su un autobus: erano ubriache e una di loro aveva un coltello.<\/p>\n<p data-start=\"1365\" data-end=\"1535\"><strong>VERONA \u2013<\/strong> Al Motor Bike Expo spazio anche ai protagonisti della Dakar, con la presenza di grandi nomi del motociclismo come Tony Cairoli, Franco Uncini e Andrea Dovizioso.<\/p>\n<p data-start=\"1537\" data-end=\"1728\"><strong>CORTINA D\u2019AMPEZZO<\/strong> \u2013 \u00c8 stata inaugurata la seconda edizione dell\u2019Arma1814 Ski Challenge dei Carabinieri: oggi l\u2019omaggio al sacrario militare di Pocol,\u00a0 le gare fino al primo febbraio.<\/p>\n<p data-start=\"1730\" data-end=\"1877\" data-is-last-node=\"\" data-is-only-node=\"\"><strong>DUBAI<\/strong> \u2013 Catturato un narcotrafficante latitante dal 2019, ritenuto al vertice di un\u2019organizzazione criminale internazionale attiva anche a Venezia.<\/p>\n<\/div>\n<\/div>\n<\/div>\n<\/div>\n<div class=\"z-0 flex min-h-[46px] justify-start\"><\/div>\n<\/div>\n<\/div>\n<\/article>\n<\/div>\n<p>&nbsp;<\/p>\n<p>&nbsp;<\/p>\n<\/div>\n<\/div>\n<\/article>\n<\/div>\n<hr \/>\n<p>&nbsp;<\/p>\n<blockquote>\n<h1><\/h1>\n<h1><a class=\"dt-pswp-item\" href=\"https:\/\/www.radiopiu.net\/wordpress\/wp-content\/uploads\/2024\/05\/La-Val-che-Urla-Mirko-300x169-1.jpg\" data-dt-img-description=\"\" data-large_image_width=\"300\" data-large_image_height=\"169\"><img loading=\"lazy\" decoding=\"async\" class=\" wp-image-388263 alignleft\" src=\"https:\/\/www.radiopiu.net\/wordpress\/wp-content\/uploads\/2024\/05\/La-Val-che-Urla-Mirko-300x169-1.jpg\" alt=\"\" width=\"215\" height=\"121\" \/><\/a>RASSEGNA STAMPA, ORE 7 DEL MATTINO. LE ANTICIPAZIONI<\/h1>\n<p>DI MIRKO MEZZACASA<\/p><\/blockquote>\n<\/div>\n<\/div>\n<\/div>\n<\/article>\n<\/div>\n<div class=\"flex flex-col text-sm pb-25\">\n<article class=\"text-token-text-primary w-full focus:outline-none [--shadow-height:45px] has-data-writing-block:pointer-events-none has-data-writing-block:-mt-(--shadow-height) has-data-writing-block:pt-(--shadow-height) [&amp;:has([data-writing-block])&gt;*]:pointer-events-auto scroll-mt-[calc(var(--header-height)+min(200px,max(70px,20svh)))]\" dir=\"auto\" tabindex=\"-1\" data-turn-id=\"request-WEB:545a5307-a0c9-41c7-9a5f-bf65aefdb8ec-5\" data-testid=\"conversation-turn-12\" data-scroll-anchor=\"true\" data-turn=\"assistant\">\n<div class=\"text-base my-auto mx-auto pb-10 [--thread-content-margin:--spacing(4)] @w-sm\/main:[--thread-content-margin:--spacing(6)] @w-lg\/main:[--thread-content-margin:--spacing(16)] px-(--thread-content-margin)\">\n<div class=\"[--thread-content-max-width:40rem] @w-lg\/main:[--thread-content-max-width:48rem] mx-auto max-w-(--thread-content-max-width) flex-1 group\/turn-messages focus-visible:outline-hidden relative flex w-full min-w-0 flex-col agent-turn\" tabindex=\"-1\">\n<div class=\"z-0 flex min-h-[46px] justify-start\">\n<audio class=\"wp-audio-shortcode\" id=\"audio-492693-4\" preload=\"none\" style=\"width: 100%;\" controls=\"controls\"><source type=\"audio\/mpeg\" src=\"https:\/\/www.radiopiu.net\/wordpress\/wp-content\/uploads\/2026\/01\/GF07-20.mp3?_=4\" \/><a href=\"https:\/\/www.radiopiu.net\/wordpress\/wp-content\/uploads\/2026\/01\/GF07-20.mp3\">https:\/\/www.radiopiu.net\/wordpress\/wp-content\/uploads\/2026\/01\/GF07-20.mp3<\/a><\/audio>\n<p>&nbsp;<\/p>\n<p>&nbsp;<\/p>\n<\/div>\n<\/div>\n<\/div>\n<\/article>\n<\/div>\n<div class=\"flex flex-col text-sm pb-25\">\n<article class=\"text-token-text-primary w-full focus:outline-none [--shadow-height:45px] has-data-writing-block:pointer-events-none has-data-writing-block:-mt-(--shadow-height) has-data-writing-block:pt-(--shadow-height) [&amp;:has([data-writing-block])&gt;*]:pointer-events-auto scroll-mt-[calc(var(--header-height)+min(200px,max(70px,20svh)))]\" dir=\"auto\" tabindex=\"-1\" data-turn-id=\"request-WEB:545a5307-a0c9-41c7-9a5f-bf65aefdb8ec-5\" data-testid=\"conversation-turn-12\" data-scroll-anchor=\"true\" data-turn=\"assistant\">\n<div class=\"text-base my-auto mx-auto pb-10 [--thread-content-margin:--spacing(4)] @w-sm\/main:[--thread-content-margin:--spacing(6)] @w-lg\/main:[--thread-content-margin:--spacing(16)] px-(--thread-content-margin)\">\n<div class=\"[--thread-content-max-width:40rem] @w-lg\/main:[--thread-content-max-width:48rem] mx-auto max-w-(--thread-content-max-width) flex-1 group\/turn-messages focus-visible:outline-hidden relative flex w-full min-w-0 flex-col agent-turn\" tabindex=\"-1\">\n<div class=\"z-0 flex min-h-[46px] justify-start\">\n<hr \/>\n<p>&nbsp;<\/p>\n<h1><span style=\"color: #ff0000;\"><a class=\"dt-pswp-item\" href=\"https:\/\/www.radiopiu.net\/wordpress\/wp-content\/uploads\/2024\/11\/8.jpg\" data-dt-img-description=\"\" data-large_image_width=\"180\" data-large_image_height=\"180\"><img loading=\"lazy\" decoding=\"async\" class=\"size-full wp-image-417910 alignleft\" src=\"https:\/\/www.radiopiu.net\/wordpress\/wp-content\/uploads\/2024\/11\/8.jpg\" alt=\"\" width=\"180\" height=\"180\" srcset=\"https:\/\/www.radiopiu.net\/wordpress\/wp-content\/uploads\/2024\/11\/8.jpg 180w, https:\/\/www.radiopiu.net\/wordpress\/wp-content\/uploads\/2024\/11\/8-150x150.jpg 150w\" sizes=\"auto, (max-width: 180px) 100vw, 180px\" \/><\/a>I podcast informativi del mattino &#8211; video &#8211;\u00a0<\/span><\/h1>\n<h2 style=\"text-align: left;\"><strong>RASSEGNA STAMPA LOCALE, ORE OTTO<\/strong><\/h2>\n<h2><strong><span style=\"color: #0000ff;\">viene\u00a0 <\/span><\/strong><strong><span style=\"color: #0000ff;\">pubblicata alle 8.05 <span style=\"color: #ff0000;\">DIRETTA RADIO\u00a0 \u00a0<\/span><\/span><\/strong><strong>DI MIRKO MEZZACASA<\/strong><\/h2>\n<h1><span style=\"color: #ff0000;\"><strong>VIDEO\u00a0 \u00a0in diretta AGGIORNAMENTO\u00a0 dalle 8 del mattino<\/strong><\/span><\/h1>\n<p>&nbsp;<\/p>\n<div class=\"flex flex-col text-sm pb-25\">\n<article class=\"text-token-text-primary w-full focus:outline-none [--shadow-height:45px] has-data-writing-block:pointer-events-none has-data-writing-block:-mt-(--shadow-height) has-data-writing-block:pt-(--shadow-height) [&amp;:has([data-writing-block])&gt;*]:pointer-events-auto scroll-mt-[calc(var(--header-height)+min(200px,max(70px,20svh)))]\" dir=\"auto\" tabindex=\"-1\" data-turn-id=\"request-WEB:545a5307-a0c9-41c7-9a5f-bf65aefdb8ec-5\" data-testid=\"conversation-turn-12\" data-scroll-anchor=\"true\" data-turn=\"assistant\">\n<div class=\"text-base my-auto mx-auto pb-10 [--thread-content-margin:--spacing(4)] @w-sm\/main:[--thread-content-margin:--spacing(6)] @w-lg\/main:[--thread-content-margin:--spacing(16)] px-(--thread-content-margin)\">\n<div class=\"[--thread-content-max-width:40rem] @w-lg\/main:[--thread-content-max-width:48rem] mx-auto max-w-(--thread-content-max-width) flex-1 group\/turn-messages focus-visible:outline-hidden relative flex w-full min-w-0 flex-col agent-turn\" tabindex=\"-1\">\n<div class=\"z-0 flex min-h-[46px] justify-start\">\n\n\t\t\t<style type='text\/css'>\n\t\t\t\t#gallery-2 {\n\t\t\t\t\tmargin: auto;\n\t\t\t\t}\n\t\t\t\t#gallery-2 .gallery-item {\n\t\t\t\t\tfloat: left;\n\t\t\t\t\tmargin-top: 10px;\n\t\t\t\t\ttext-align: center;\n\t\t\t\t\twidth: 33%;\n\t\t\t\t}\n\t\t\t\t#gallery-2 img {\n\t\t\t\t\tborder: 2px solid #cfcfcf;\n\t\t\t\t}\n\t\t\t\t#gallery-2 .gallery-caption {\n\t\t\t\t\tmargin-left: 0;\n\t\t\t\t}\n\t\t\t\t\/* see gallery_shortcode() in wp-includes\/media.php *\/\n\t\t\t<\/style>\n\t\t<div id='gallery-2' class='dt-gallery-container gallery galleryid-492693 gallery-columns-3 gallery-size-medium'><dl class='gallery-item'>\n\t\t\t\t<dt class='gallery-icon landscape'>\n\t\t\t\t\t<a class=\"rollover rollover-zoom dt-pswp-item\" title=\"Screenshot 2026-01-26 050819\" data-dt-img-description=\"\" data-large_image_width=\"414\" data-large_image_height=\"257\"href='https:\/\/www.radiopiu.net\/wordpress\/wp-content\/uploads\/2026\/01\/Screenshot-2026-01-26-050819.png'><img loading=\"lazy\" decoding=\"async\" width=\"300\" height=\"186\" src=\"https:\/\/www.radiopiu.net\/wordpress\/wp-content\/uploads\/2026\/01\/Screenshot-2026-01-26-050819-300x186.png\" class=\"attachment-medium size-medium\" alt=\"\" srcset=\"https:\/\/www.radiopiu.net\/wordpress\/wp-content\/uploads\/2026\/01\/Screenshot-2026-01-26-050819-300x186.png 300w, https:\/\/www.radiopiu.net\/wordpress\/wp-content\/uploads\/2026\/01\/Screenshot-2026-01-26-050819.png 414w\" sizes=\"auto, (max-width: 300px) 100vw, 300px\" \/><\/a>\n\t\t\t\t<\/dt><\/dl><dl class='gallery-item'>\n\t\t\t\t<dt class='gallery-icon landscape'>\n\t\t\t\t\t<a class=\"rollover rollover-zoom dt-pswp-item\" title=\"Screenshot 2026-01-26 051147\" data-dt-img-description=\"\" data-large_image_width=\"474\" data-large_image_height=\"229\"href='https:\/\/www.radiopiu.net\/wordpress\/wp-content\/uploads\/2026\/01\/Screenshot-2026-01-26-051147.png'><img loading=\"lazy\" decoding=\"async\" width=\"300\" height=\"145\" src=\"https:\/\/www.radiopiu.net\/wordpress\/wp-content\/uploads\/2026\/01\/Screenshot-2026-01-26-051147-300x145.png\" class=\"attachment-medium size-medium\" alt=\"\" srcset=\"https:\/\/www.radiopiu.net\/wordpress\/wp-content\/uploads\/2026\/01\/Screenshot-2026-01-26-051147-300x145.png 300w, https:\/\/www.radiopiu.net\/wordpress\/wp-content\/uploads\/2026\/01\/Screenshot-2026-01-26-051147.png 474w\" sizes=\"auto, (max-width: 300px) 100vw, 300px\" \/><\/a>\n\t\t\t\t<\/dt><\/dl><dl class='gallery-item'>\n\t\t\t\t<dt class='gallery-icon landscape'>\n\t\t\t\t\t<a class=\"rollover rollover-zoom dt-pswp-item\" title=\"Screenshot 2026-01-26 050815\" data-dt-img-description=\"\" data-large_image_width=\"633\" data-large_image_height=\"324\"href='https:\/\/www.radiopiu.net\/wordpress\/wp-content\/uploads\/2026\/01\/Screenshot-2026-01-26-050815.png'><img loading=\"lazy\" decoding=\"async\" width=\"300\" height=\"154\" src=\"https:\/\/www.radiopiu.net\/wordpress\/wp-content\/uploads\/2026\/01\/Screenshot-2026-01-26-050815-300x154.png\" class=\"attachment-medium size-medium\" alt=\"\" srcset=\"https:\/\/www.radiopiu.net\/wordpress\/wp-content\/uploads\/2026\/01\/Screenshot-2026-01-26-050815-300x154.png 300w, https:\/\/www.radiopiu.net\/wordpress\/wp-content\/uploads\/2026\/01\/Screenshot-2026-01-26-050815.png 633w\" sizes=\"auto, (max-width: 300px) 100vw, 300px\" \/><\/a>\n\t\t\t\t<\/dt><\/dl><br style=\"clear: both\" \/>\n\t\t\t<\/div>\n\n<\/div>\n<div><\/div>\n<\/div>\n<\/div>\n<\/article>\n<\/div>\n<\/div>\n<div>\n<p><iframe loading=\"lazy\" title=\"DAL 1983 LA RASSEGNA STAMPA LOCALE di mirko mezzacasa. L&#039;ORIGINALE\" width=\"1200\" height=\"675\" src=\"https:\/\/www.youtube.com\/embed\/ae3q8ReRHm4?feature=oembed\" frameborder=\"0\" allow=\"accelerometer; autoplay; clipboard-write; encrypted-media; gyroscope; picture-in-picture; web-share\" referrerpolicy=\"strict-origin-when-cross-origin\" allowfullscreen><\/iframe><\/p>\n<\/div>\n<div><\/div>\n<\/div>\n<\/div>\n<\/article>\n<\/div>\n<hr \/>\n<p>&nbsp;<\/p>\n<blockquote>\n<h3>NEVE FINO A 600 METRI NEL BELLUNESE: STRADE GHIACCIATE E NUMEROSI INCIDENTI<\/h3>\n<\/blockquote>\n<p><strong><a class=\"dt-pswp-item\" href=\"https:\/\/www.radiopiu.net\/wordpress\/wp-content\/uploads\/2026\/01\/caa0d97a-e253-4a7a-84ac-8d8936ca98c4.jpg\" data-dt-img-description=\"\" data-large_image_width=\"915\" data-large_image_height=\"654\"><img loading=\"lazy\" decoding=\"async\" class=\" wp-image-492856 alignleft\" src=\"https:\/\/www.radiopiu.net\/wordpress\/wp-content\/uploads\/2026\/01\/caa0d97a-e253-4a7a-84ac-8d8936ca98c4-300x214.jpg\" alt=\"\" width=\"199\" height=\"142\" srcset=\"https:\/\/www.radiopiu.net\/wordpress\/wp-content\/uploads\/2026\/01\/caa0d97a-e253-4a7a-84ac-8d8936ca98c4-300x214.jpg 300w, https:\/\/www.radiopiu.net\/wordpress\/wp-content\/uploads\/2026\/01\/caa0d97a-e253-4a7a-84ac-8d8936ca98c4-768x549.jpg 768w, https:\/\/www.radiopiu.net\/wordpress\/wp-content\/uploads\/2026\/01\/caa0d97a-e253-4a7a-84ac-8d8936ca98c4.jpg 915w\" sizes=\"auto, (max-width: 199px) 100vw, 199px\" \/><\/a>REDAZIONE <\/strong>Un\u2019ondata di maltempo ha riportato la neve fino a quota 600 metri nel Bellunese, creando disagi alla circolazione e numerosi interventi di soccorso. Nel corso del pomeriggio e della serata i Vigili del fuoco sono stati impegnati in diverse operazioni per assistere automobilisti in difficolt\u00e0, rimasti bloccati o finiti fuori strada a causa del fondo scivoloso e delle precipitazioni nevose. Con il passare delle ore, la situazione meteorologica \u00e8 andata gradualmente migliorando: in serata il cielo \u00e8 tornato sereno, ma il brusco abbassamento delle temperature ha favorito la formazione di ghiaccio sulle carreggiate, rendendo le strade particolarmente insidiose. Il fenomeno del gelicidio ha interessato soprattutto la Valbelluna, risultata l\u2019area pi\u00f9 colpita dal calo termico. Incidenti stradali si sono registrati a Borgo Valbelluna, ai Casoni di Belluno e a Vignole di Sedico. Le autorit\u00e0 raccomandano la massima prudenza alla guida, l\u2019uso di pneumatici invernali e di limitare gli spostamenti non necessari nelle ore pi\u00f9 fredde.<\/p>\n<p>&nbsp;<\/p>\n<p>&nbsp;<\/p>\n<hr \/>\n<p>&nbsp;<\/p>\n<blockquote>\n<h3>MALTEMPO NELL\u2019ALTO BELLUNESE, OLTRE 40 INTERVENTI DEI VIGILI DEL FUOCO<\/h3>\n<\/blockquote>\n<p><strong>REDAZIONE <\/strong>Le copiose nevicate che nelle ultime ore hanno interessato l\u2019Alto Bellunese, in particolare l\u2019area compresa tra Cortina d\u2019Ampezzo e la Valle del Comelico, hanno creato notevoli disagi alla viabilit\u00e0. Le avverse condizioni meteo hanno provocato numerosi incidenti e uscite di strada, rendendo necessario l\u2019intervento costante dei Vigili del fuoco. Sono oltre 40 i soccorsi gi\u00e0 effettuati a favore di automobilisti e pullman rimasti bloccati o in difficolt\u00e0 lungo le principali arterie stradali. Nel dettaglio si contano sei incidenti stradali, fortunatamente senza gravi conseguenze per le persone coinvolte. Numerosi anche gli interventi per la rimozione di alberi abbattuti dalla neve e dal vento. Particolarmente critiche le operazioni di recupero di circa 20 autovetture e mezzi pesanti, rimasti intrappolati a causa della rottura delle catene o della loro assenza a bordo. Le autorit\u00e0 raccomandano la massima prudenza negli spostamenti.<\/p>\n\n\t\t\t<style type='text\/css'>\n\t\t\t\t#gallery-3 {\n\t\t\t\t\tmargin: auto;\n\t\t\t\t}\n\t\t\t\t#gallery-3 .gallery-item {\n\t\t\t\t\tfloat: left;\n\t\t\t\t\tmargin-top: 10px;\n\t\t\t\t\ttext-align: center;\n\t\t\t\t\twidth: 33%;\n\t\t\t\t}\n\t\t\t\t#gallery-3 img {\n\t\t\t\t\tborder: 2px solid #cfcfcf;\n\t\t\t\t}\n\t\t\t\t#gallery-3 .gallery-caption {\n\t\t\t\t\tmargin-left: 0;\n\t\t\t\t}\n\t\t\t\t\/* see gallery_shortcode() in wp-includes\/media.php *\/\n\t\t\t<\/style>\n\t\t<div id='gallery-3' class='dt-gallery-container gallery galleryid-492693 gallery-columns-3 gallery-size-medium'><dl class='gallery-item'>\n\t\t\t\t<dt class='gallery-icon landscape'>\n\t\t\t\t\t<a class=\"rollover rollover-zoom dt-pswp-item\" title=\"5885a79a-cdac-49f0-b0ed-93f2a79037b8\" data-dt-img-description=\"\" data-large_image_width=\"800\" data-large_image_height=\"600\"href='https:\/\/www.radiopiu.net\/wordpress\/wp-content\/uploads\/2026\/01\/5885a79a-cdac-49f0-b0ed-93f2a79037b8.jpg'><img loading=\"lazy\" decoding=\"async\" width=\"300\" height=\"225\" src=\"https:\/\/www.radiopiu.net\/wordpress\/wp-content\/uploads\/2026\/01\/5885a79a-cdac-49f0-b0ed-93f2a79037b8-300x225.jpg\" class=\"attachment-medium size-medium\" alt=\"\" srcset=\"https:\/\/www.radiopiu.net\/wordpress\/wp-content\/uploads\/2026\/01\/5885a79a-cdac-49f0-b0ed-93f2a79037b8-300x225.jpg 300w, https:\/\/www.radiopiu.net\/wordpress\/wp-content\/uploads\/2026\/01\/5885a79a-cdac-49f0-b0ed-93f2a79037b8-768x576.jpg 768w, https:\/\/www.radiopiu.net\/wordpress\/wp-content\/uploads\/2026\/01\/5885a79a-cdac-49f0-b0ed-93f2a79037b8.jpg 800w\" sizes=\"auto, (max-width: 300px) 100vw, 300px\" \/><\/a>\n\t\t\t\t<\/dt><\/dl><dl class='gallery-item'>\n\t\t\t\t<dt class='gallery-icon landscape'>\n\t\t\t\t\t<a class=\"rollover rollover-zoom dt-pswp-item\" title=\"ec9b098b-f373-41cc-ab90-45548f5c36ac\" data-dt-img-description=\"\" data-large_image_width=\"800\" data-large_image_height=\"600\"href='https:\/\/www.radiopiu.net\/wordpress\/wp-content\/uploads\/2026\/01\/ec9b098b-f373-41cc-ab90-45548f5c36ac.jpg'><img loading=\"lazy\" decoding=\"async\" width=\"300\" height=\"225\" src=\"https:\/\/www.radiopiu.net\/wordpress\/wp-content\/uploads\/2026\/01\/ec9b098b-f373-41cc-ab90-45548f5c36ac-300x225.jpg\" class=\"attachment-medium size-medium\" alt=\"\" srcset=\"https:\/\/www.radiopiu.net\/wordpress\/wp-content\/uploads\/2026\/01\/ec9b098b-f373-41cc-ab90-45548f5c36ac-300x225.jpg 300w, https:\/\/www.radiopiu.net\/wordpress\/wp-content\/uploads\/2026\/01\/ec9b098b-f373-41cc-ab90-45548f5c36ac-768x576.jpg 768w, https:\/\/www.radiopiu.net\/wordpress\/wp-content\/uploads\/2026\/01\/ec9b098b-f373-41cc-ab90-45548f5c36ac.jpg 800w\" sizes=\"auto, (max-width: 300px) 100vw, 300px\" \/><\/a>\n\t\t\t\t<\/dt><\/dl><dl class='gallery-item'>\n\t\t\t\t<dt class='gallery-icon landscape'>\n\t\t\t\t\t<a class=\"rollover rollover-zoom dt-pswp-item\" title=\"71b9a184-d777-48ea-a7b5-2f694c8b7388\" data-dt-img-description=\"\" data-large_image_width=\"416\" data-large_image_height=\"297\"href='https:\/\/www.radiopiu.net\/wordpress\/wp-content\/uploads\/2026\/01\/71b9a184-d777-48ea-a7b5-2f694c8b7388.jpg'><img loading=\"lazy\" decoding=\"async\" width=\"300\" height=\"214\" src=\"https:\/\/www.radiopiu.net\/wordpress\/wp-content\/uploads\/2026\/01\/71b9a184-d777-48ea-a7b5-2f694c8b7388-300x214.jpg\" class=\"attachment-medium size-medium\" alt=\"\" srcset=\"https:\/\/www.radiopiu.net\/wordpress\/wp-content\/uploads\/2026\/01\/71b9a184-d777-48ea-a7b5-2f694c8b7388-300x214.jpg 300w, https:\/\/www.radiopiu.net\/wordpress\/wp-content\/uploads\/2026\/01\/71b9a184-d777-48ea-a7b5-2f694c8b7388.jpg 416w\" sizes=\"auto, (max-width: 300px) 100vw, 300px\" \/><\/a>\n\t\t\t\t<\/dt><\/dl><br style=\"clear: both\" \/><dl class='gallery-item'>\n\t\t\t\t<dt class='gallery-icon portrait'>\n\t\t\t\t\t<a class=\"rollover rollover-zoom dt-pswp-item\" title=\"8420ed53-d5aa-452e-a9e3-50546377f180\" data-dt-img-description=\"\" data-large_image_width=\"961\" data-large_image_height=\"1280\"href='https:\/\/www.radiopiu.net\/wordpress\/wp-content\/uploads\/2026\/01\/8420ed53-d5aa-452e-a9e3-50546377f180.jpg'><img loading=\"lazy\" decoding=\"async\" width=\"225\" height=\"300\" src=\"https:\/\/www.radiopiu.net\/wordpress\/wp-content\/uploads\/2026\/01\/8420ed53-d5aa-452e-a9e3-50546377f180-225x300.jpg\" class=\"attachment-medium size-medium\" alt=\"\" srcset=\"https:\/\/www.radiopiu.net\/wordpress\/wp-content\/uploads\/2026\/01\/8420ed53-d5aa-452e-a9e3-50546377f180-225x300.jpg 225w, https:\/\/www.radiopiu.net\/wordpress\/wp-content\/uploads\/2026\/01\/8420ed53-d5aa-452e-a9e3-50546377f180-769x1024.jpg 769w, https:\/\/www.radiopiu.net\/wordpress\/wp-content\/uploads\/2026\/01\/8420ed53-d5aa-452e-a9e3-50546377f180-768x1023.jpg 768w, https:\/\/www.radiopiu.net\/wordpress\/wp-content\/uploads\/2026\/01\/8420ed53-d5aa-452e-a9e3-50546377f180.jpg 961w\" sizes=\"auto, (max-width: 225px) 100vw, 225px\" \/><\/a>\n\t\t\t\t<\/dt><\/dl><dl class='gallery-item'>\n\t\t\t\t<dt class='gallery-icon landscape'>\n\t\t\t\t\t<a class=\"rollover rollover-zoom dt-pswp-item\" title=\"caa0d97a-e253-4a7a-84ac-8d8936ca98c4\" data-dt-img-description=\"\" data-large_image_width=\"915\" data-large_image_height=\"654\"href='https:\/\/www.radiopiu.net\/wordpress\/wp-content\/uploads\/2026\/01\/caa0d97a-e253-4a7a-84ac-8d8936ca98c4.jpg'><img loading=\"lazy\" decoding=\"async\" width=\"300\" height=\"214\" src=\"https:\/\/www.radiopiu.net\/wordpress\/wp-content\/uploads\/2026\/01\/caa0d97a-e253-4a7a-84ac-8d8936ca98c4-300x214.jpg\" class=\"attachment-medium size-medium\" alt=\"\" srcset=\"https:\/\/www.radiopiu.net\/wordpress\/wp-content\/uploads\/2026\/01\/caa0d97a-e253-4a7a-84ac-8d8936ca98c4-300x214.jpg 300w, https:\/\/www.radiopiu.net\/wordpress\/wp-content\/uploads\/2026\/01\/caa0d97a-e253-4a7a-84ac-8d8936ca98c4-768x549.jpg 768w, https:\/\/www.radiopiu.net\/wordpress\/wp-content\/uploads\/2026\/01\/caa0d97a-e253-4a7a-84ac-8d8936ca98c4.jpg 915w\" sizes=\"auto, (max-width: 300px) 100vw, 300px\" \/><\/a>\n\t\t\t\t<\/dt><\/dl><dl class='gallery-item'>\n\t\t\t\t<dt class='gallery-icon landscape'>\n\t\t\t\t\t<a class=\"rollover rollover-zoom dt-pswp-item\" title=\"003c2230-b3d4-4fe7-be46-d833d203fcc9\" data-dt-img-description=\"\" data-large_image_width=\"960\" data-large_image_height=\"720\"href='https:\/\/www.radiopiu.net\/wordpress\/wp-content\/uploads\/2026\/01\/003c2230-b3d4-4fe7-be46-d833d203fcc9.jpg'><img loading=\"lazy\" decoding=\"async\" width=\"300\" height=\"225\" src=\"https:\/\/www.radiopiu.net\/wordpress\/wp-content\/uploads\/2026\/01\/003c2230-b3d4-4fe7-be46-d833d203fcc9-300x225.jpg\" class=\"attachment-medium size-medium\" alt=\"\" srcset=\"https:\/\/www.radiopiu.net\/wordpress\/wp-content\/uploads\/2026\/01\/003c2230-b3d4-4fe7-be46-d833d203fcc9-300x225.jpg 300w, https:\/\/www.radiopiu.net\/wordpress\/wp-content\/uploads\/2026\/01\/003c2230-b3d4-4fe7-be46-d833d203fcc9-768x576.jpg 768w, https:\/\/www.radiopiu.net\/wordpress\/wp-content\/uploads\/2026\/01\/003c2230-b3d4-4fe7-be46-d833d203fcc9.jpg 960w\" sizes=\"auto, (max-width: 300px) 100vw, 300px\" \/><\/a>\n\t\t\t\t<\/dt><\/dl><br style=\"clear: both\" \/>\n\t\t\t<\/div>\n\n<p>&nbsp;<\/p>\n<hr \/>\n<p>&nbsp;<\/p>\n<blockquote>\n<h3>NEVE E GHIACCIO SULLE STATALI: CRITICHE ALLA GESTIONE ANAS<\/h3>\n<\/blockquote>\n<p><strong><a class=\"dt-pswp-item\" href=\"https:\/\/www.radiopiu.net\/wordpress\/wp-content\/uploads\/2024\/06\/filt-cgil.png\" data-dt-img-description=\"\" data-large_image_width=\"182\" data-large_image_height=\"236\"><img loading=\"lazy\" decoding=\"async\" class=\" wp-image-393766 alignleft\" src=\"https:\/\/www.radiopiu.net\/wordpress\/wp-content\/uploads\/2024\/06\/filt-cgil.png\" alt=\"\" width=\"96\" height=\"124\" \/><\/a>BELLUNO <\/strong>La neve caduta in montagna e le difficili condizioni della Statale 51 a Ponte Cadore, con carreggiata ghiacciata e auto finite fuori strada, riaccendono le critiche alla gestione Anas dello sgombero neve e della prevenzione. Secondo la Filt Cgil Veneto, nemmeno l\u2019avvicinarsi delle Olimpiadi ha portato a un cambio di modello, basato su appalti esterni ritenuti inefficaci. Viene contrapposto il modello \u201cvirtuoso\u201d di Veneto Strade, fondato su personale interno qualificato, conoscenza del territorio e corretta applicazione contrattuale. Preoccupazione anche per la riclassificazione delle strade, che rischia di estendere la gestione Anas ad arterie strategiche della provincia. L\u2019auspicio \u00e8 mantenere almeno la gestione locale, evitando ulteriori peggioramenti della sicurezza viaria.<\/p>\n<p>&nbsp;<\/p>\n<hr \/>\n<p>&nbsp;<\/p>\n<div class=\"flex flex-col text-sm pb-25\">\n<article class=\"text-token-text-primary w-full focus:outline-none [--shadow-height:45px] has-data-writing-block:pointer-events-none has-data-writing-block:-mt-(--shadow-height) has-data-writing-block:pt-(--shadow-height) [&amp;:has([data-writing-block])&gt;*]:pointer-events-auto scroll-mt-[calc(var(--header-height)+min(200px,max(70px,20svh)))]\" dir=\"auto\" tabindex=\"-1\" data-turn-id=\"e55d4d37-8b92-4297-8602-bc49cb3bc0a5\" data-testid=\"conversation-turn-40\" data-scroll-anchor=\"true\" data-turn=\"assistant\">\n<div class=\"text-base my-auto mx-auto pb-10 [--thread-content-margin:--spacing(4)] @w-sm\/main:[--thread-content-margin:--spacing(6)] @w-lg\/main:[--thread-content-margin:--spacing(16)] px-(--thread-content-margin)\">\n<div class=\"[--thread-content-max-width:40rem] @w-lg\/main:[--thread-content-max-width:48rem] mx-auto max-w-(--thread-content-max-width) flex-1 group\/turn-messages focus-visible:outline-hidden relative flex w-full min-w-0 flex-col agent-turn\" tabindex=\"-1\">\n<div class=\"flex max-w-full flex-col grow\">\n<div class=\"min-h-8 text-message relative flex w-full flex-col items-end gap-2 text-start break-words whitespace-normal [.text-message+&amp;]:mt-1\" dir=\"auto\" data-message-author-role=\"assistant\" data-message-id=\"bb40600c-41ec-418a-ad7b-5e1335ed4b21\" data-message-model-slug=\"gpt-5-2\">\n<div class=\"flex w-full flex-col gap-1 empty:hidden first:pt-[1px]\">\n<div class=\"markdown prose dark:prose-invert w-full wrap-break-word dark markdown-new-styling\">\n<blockquote>\n<p data-start=\"0\" data-end=\"81\"><strong data-start=\"0\" data-end=\"81\">SICCIT\u00c0 A ROCCA PIETORE: APPELLO DEL SINDACO A UN USO RESPONSABILE DELL\u2019ACQUA<\/strong><\/p>\n<\/blockquote>\n<p data-start=\"83\" data-end=\"482\"><a class=\"dt-pswp-item\" href=\"https:\/\/www.radiopiu.net\/wordpress\/wp-content\/uploads\/2025\/12\/valerio-davare.jpg\" data-dt-img-description=\"\" data-large_image_width=\"686\" data-large_image_height=\"386\"><img loading=\"lazy\" decoding=\"async\" class=\"size-medium wp-image-485045 alignleft\" src=\"https:\/\/www.radiopiu.net\/wordpress\/wp-content\/uploads\/2025\/12\/valerio-davare-300x169.jpg\" alt=\"\" width=\"300\" height=\"169\" srcset=\"https:\/\/www.radiopiu.net\/wordpress\/wp-content\/uploads\/2025\/12\/valerio-davare-300x169.jpg 300w, https:\/\/www.radiopiu.net\/wordpress\/wp-content\/uploads\/2025\/12\/valerio-davare.jpg 686w\" sizes=\"auto, (max-width: 300px) 100vw, 300px\" \/><\/a>Il protrarsi della siccit\u00e0 e la conseguente riduzione delle risorse idriche disponibili spingono il Comune di Rocca Pietore a lanciare un appello alla responsabilit\u00e0 collettiva. Con una comunicazione ufficiale, il sindaco <strong data-start=\"305\" data-end=\"323\">Valerio Davare<\/strong> invita residenti, turisti e villeggianti a fare un uso attento e parsimonioso dell\u2019acqua potabile fornita dall\u2019acquedotto pubblico, evitando qualsiasi spreco.<\/p>\n<p data-start=\"484\" data-end=\"834\">L\u2019amministrazione comunale raccomanda di limitare il consumo dell\u2019acqua agli usi strettamente necessari e di verificare con attenzione la presenza di eventuali perdite negli impianti domestici, che potrebbero aggravare ulteriormente la situazione. In caso di problemi o anomalie, \u00e8 possibile segnalarle tempestivamente al numero verde <strong data-start=\"819\" data-end=\"833\">800 757678<\/strong>.<\/p>\n<p data-start=\"836\" data-end=\"1092\">La situazione, viene precisato, \u00e8 costantemente monitorata dall\u2019ente gestore, ma la collaborazione di tutti resta fondamentale per prevenire interruzioni del servizio e garantire l\u2019approvvigionamento idrico per le necessit\u00e0 essenziali dell\u2019intera comunit\u00e0.<\/p>\n<p data-start=\"1094\" data-end=\"1277\" data-is-last-node=\"\" data-is-only-node=\"\">Il Comune confida nel senso civico e nella responsabilit\u00e0 di ciascuno, ringraziando anticipatamente cittadini e ospiti per l\u2019attenzione e la collaborazione in questo momento delicato.<\/p>\n<\/div>\n<\/div>\n<\/div>\n<\/div>\n<div class=\"z-0 flex min-h-[46px] justify-start\"><\/div>\n<div class=\"mt-3 w-full empty:hidden\">\n<div class=\"text-center\"><\/div>\n<\/div>\n<\/div>\n<\/div>\n<\/article>\n<\/div>\n<p>&nbsp;<\/p>\n<hr \/>\n<p>&nbsp;<\/p>\n<blockquote>\n<p data-start=\"0\" data-end=\"54\"><strong data-start=\"0\" data-end=\"54\">LUTTO A LAMON: \u00c8 MORTO L\u2019ALBERGATORE IGOR TOLLARDO<\/strong><\/p>\n<\/blockquote>\n<p data-start=\"56\" data-end=\"406\"><strong><a class=\"dt-pswp-item\" href=\"https:\/\/www.radiopiu.net\/wordpress\/wp-content\/uploads\/2026\/01\/Screenshot-2026-01-26-051245.png\" data-dt-img-description=\"\" data-large_image_width=\"233\" data-large_image_height=\"177\"><img loading=\"lazy\" decoding=\"async\" class=\"size-full wp-image-492922 alignleft\" src=\"https:\/\/www.radiopiu.net\/wordpress\/wp-content\/uploads\/2026\/01\/Screenshot-2026-01-26-051245.png\" alt=\"\" width=\"233\" height=\"177\" \/><\/a>LAMON<\/strong> Profondo cordoglio a Lamon per la morte di <strong data-start=\"99\" data-end=\"116\">Igor Tollardo<\/strong>, albergatore noto tra Bibione e Lignano Sabbiadoro, dove sabato mattina \u00e8 avvenuto il decesso. Aveva 54 anni. Un anno fa era stato colpito da una grave malattia, affrontata con un intervento chirurgico che si sperava risolutivo. Quest\u2019anno la recidiva, con un decorso rapido e inesorabile. Figlio di Giuseppe e Angelina, storici edicolanti di Lamon, Igor aveva seguito l\u2019attivit\u00e0 di famiglia prima di trasferirsi nel Veneziano, dove aveva contribuito allo sviluppo dell\u2019hotel Parigi a Bibione e, successivamente, dell\u2019hotel Esperya a Lignano Sabbiadoro. Era rimasto per\u00f2 sempre profondamente legato alla sua comunit\u00e0 d\u2019origine. Lascia la moglie e tre figli. La notizia ha colto tutti di sorpresa, suscitando grande commozione in paese e nel mondo turistico. Igor Tollardo viene ricordato come un imprenditore capace, determinato e appassionato, amante dello sport e della vela. Un dolore che unisce Lamon e le localit\u00e0 dove aveva costruito il suo percorso di vita e lavoro.<\/p>\n<p>&nbsp;<\/p>\n<p>&nbsp;<\/p>\n<hr \/>\n<p>&nbsp;<\/p>\n<blockquote>\n<h3>ICECLIMBER PRECIPITA DA UNA CASCATA DI GHIACCIO A PERAROLO<\/h3>\n<\/blockquote>\n<p><strong>PERAROLO DI CADORE<\/strong> Sono gravi le conizioni di un iceclimber, precipitato da una cascata di ghiaccio a Perarolo e recuperato grazie a un complesso intervento di soccorso. Verso le 10.50 di sabato il Soccorso alpino di Pieve di Cadore \u00e8 stato allertato dalla centrale del 118, che aveva ricevuto la chiamata dei due compagni del 37enne di Vigo di Cadore, volato da primo mentre stava scalando la colata e caduto per circa 8 metri, perdendo coscienza a seguito dei traumi causati dall&#8217;urto con il ghiaccio. Rimasto sospeso in parete, l&#8217;uomo, privo di coscienza, \u00e8 stato portato dagli amici alla base della cascata. Poich\u00e9 Falco non poteva decollare ostacolato dal maltempo, equipe medica e tecnico di elisoccorso dell&#8217;equipaggio si sono uniti alle squadre in movimento. Presenti inoltre un altro medico di Stazione, due soccorritori di Cortina e tre della Guardia di finanza. Le squadre si non avvicinate con i mezzi sulla strada innevata, per poi proseguire l&#8217;avvicinamento a piedi lungo il sentiero e raggiungere in una mezz&#8217;ora il luogo dell&#8217;incidente, tra i Piani di Dubiea e il Boite. Una volta l\u00ec, sono state subito prestate le prime cure urgenti all&#8217;infortunato, per il possibile politrauma riportato. Caricato sulla barella assicurata con la corda, l&#8217;uomo \u00e8 stato calato a ritroso lungo l&#8217;itinerario e trasportato all&#8217;ambulanza, partita poi in direzione dell&#8217;ospedale di Treviso.<\/p>\n\n\t\t\t<style type='text\/css'>\n\t\t\t\t#gallery-4 {\n\t\t\t\t\tmargin: auto;\n\t\t\t\t}\n\t\t\t\t#gallery-4 .gallery-item {\n\t\t\t\t\tfloat: left;\n\t\t\t\t\tmargin-top: 10px;\n\t\t\t\t\ttext-align: center;\n\t\t\t\t\twidth: 20%;\n\t\t\t\t}\n\t\t\t\t#gallery-4 img {\n\t\t\t\t\tborder: 2px solid #cfcfcf;\n\t\t\t\t}\n\t\t\t\t#gallery-4 .gallery-caption {\n\t\t\t\t\tmargin-left: 0;\n\t\t\t\t}\n\t\t\t\t\/* see gallery_shortcode() in wp-includes\/media.php *\/\n\t\t\t<\/style>\n\t\t<div id='gallery-4' class='dt-gallery-container gallery galleryid-492693 gallery-columns-5 gallery-size-medium'><dl class='gallery-item'>\n\t\t\t\t<dt class='gallery-icon portrait'>\n\t\t\t\t\t<a class=\"rollover rollover-zoom dt-pswp-item\" title=\"1000241330\" data-dt-img-description=\"\" data-large_image_width=\"1536\" data-large_image_height=\"2048\"href='https:\/\/www.radiopiu.net\/wordpress\/wp-content\/uploads\/2026\/01\/1000241330.jpg'><img loading=\"lazy\" decoding=\"async\" width=\"225\" height=\"300\" src=\"https:\/\/www.radiopiu.net\/wordpress\/wp-content\/uploads\/2026\/01\/1000241330-225x300.jpg\" class=\"attachment-medium size-medium\" alt=\"\" srcset=\"https:\/\/www.radiopiu.net\/wordpress\/wp-content\/uploads\/2026\/01\/1000241330-225x300.jpg 225w, https:\/\/www.radiopiu.net\/wordpress\/wp-content\/uploads\/2026\/01\/1000241330-768x1024.jpg 768w, https:\/\/www.radiopiu.net\/wordpress\/wp-content\/uploads\/2026\/01\/1000241330-1152x1536.jpg 1152w, https:\/\/www.radiopiu.net\/wordpress\/wp-content\/uploads\/2026\/01\/1000241330.jpg 1536w\" sizes=\"auto, (max-width: 225px) 100vw, 225px\" \/><\/a>\n\t\t\t\t<\/dt><\/dl><dl class='gallery-item'>\n\t\t\t\t<dt class='gallery-icon portrait'>\n\t\t\t\t\t<a class=\"rollover rollover-zoom dt-pswp-item\" title=\"1000241301\" data-dt-img-description=\"\" data-large_image_width=\"1200\" data-large_image_height=\"1600\"href='https:\/\/www.radiopiu.net\/wordpress\/wp-content\/uploads\/2026\/01\/1000241301.jpg'><img loading=\"lazy\" decoding=\"async\" width=\"225\" height=\"300\" src=\"https:\/\/www.radiopiu.net\/wordpress\/wp-content\/uploads\/2026\/01\/1000241301-225x300.jpg\" class=\"attachment-medium size-medium\" alt=\"\" srcset=\"https:\/\/www.radiopiu.net\/wordpress\/wp-content\/uploads\/2026\/01\/1000241301-225x300.jpg 225w, https:\/\/www.radiopiu.net\/wordpress\/wp-content\/uploads\/2026\/01\/1000241301-768x1024.jpg 768w, https:\/\/www.radiopiu.net\/wordpress\/wp-content\/uploads\/2026\/01\/1000241301-1152x1536.jpg 1152w, https:\/\/www.radiopiu.net\/wordpress\/wp-content\/uploads\/2026\/01\/1000241301.jpg 1200w\" sizes=\"auto, (max-width: 225px) 100vw, 225px\" \/><\/a>\n\t\t\t\t<\/dt><\/dl><dl class='gallery-item'>\n\t\t\t\t<dt class='gallery-icon portrait'>\n\t\t\t\t\t<a class=\"rollover rollover-zoom dt-pswp-item\" title=\"1000241304\" data-dt-img-description=\"\" data-large_image_width=\"1200\" data-large_image_height=\"1600\"href='https:\/\/www.radiopiu.net\/wordpress\/wp-content\/uploads\/2026\/01\/1000241304.jpg'><img loading=\"lazy\" decoding=\"async\" width=\"225\" height=\"300\" src=\"https:\/\/www.radiopiu.net\/wordpress\/wp-content\/uploads\/2026\/01\/1000241304-225x300.jpg\" class=\"attachment-medium size-medium\" alt=\"\" srcset=\"https:\/\/www.radiopiu.net\/wordpress\/wp-content\/uploads\/2026\/01\/1000241304-225x300.jpg 225w, https:\/\/www.radiopiu.net\/wordpress\/wp-content\/uploads\/2026\/01\/1000241304-768x1024.jpg 768w, https:\/\/www.radiopiu.net\/wordpress\/wp-content\/uploads\/2026\/01\/1000241304-1152x1536.jpg 1152w, https:\/\/www.radiopiu.net\/wordpress\/wp-content\/uploads\/2026\/01\/1000241304.jpg 1200w\" sizes=\"auto, (max-width: 225px) 100vw, 225px\" \/><\/a>\n\t\t\t\t<\/dt><\/dl><dl class='gallery-item'>\n\t\t\t\t<dt class='gallery-icon portrait'>\n\t\t\t\t\t<a class=\"rollover rollover-zoom dt-pswp-item\" title=\"1000241310\" data-dt-img-description=\"\" data-large_image_width=\"1200\" data-large_image_height=\"1600\"href='https:\/\/www.radiopiu.net\/wordpress\/wp-content\/uploads\/2026\/01\/1000241310.jpg'><img loading=\"lazy\" decoding=\"async\" width=\"225\" height=\"300\" src=\"https:\/\/www.radiopiu.net\/wordpress\/wp-content\/uploads\/2026\/01\/1000241310-225x300.jpg\" class=\"attachment-medium size-medium\" alt=\"\" srcset=\"https:\/\/www.radiopiu.net\/wordpress\/wp-content\/uploads\/2026\/01\/1000241310-225x300.jpg 225w, https:\/\/www.radiopiu.net\/wordpress\/wp-content\/uploads\/2026\/01\/1000241310-768x1024.jpg 768w, https:\/\/www.radiopiu.net\/wordpress\/wp-content\/uploads\/2026\/01\/1000241310-1152x1536.jpg 1152w, https:\/\/www.radiopiu.net\/wordpress\/wp-content\/uploads\/2026\/01\/1000241310.jpg 1200w\" sizes=\"auto, (max-width: 225px) 100vw, 225px\" \/><\/a>\n\t\t\t\t<\/dt><\/dl><dl class='gallery-item'>\n\t\t\t\t<dt class='gallery-icon portrait'>\n\t\t\t\t\t<a class=\"rollover rollover-zoom dt-pswp-item\" title=\"1000241313\" data-dt-img-description=\"\" data-large_image_width=\"1200\" data-large_image_height=\"1600\"href='https:\/\/www.radiopiu.net\/wordpress\/wp-content\/uploads\/2026\/01\/1000241313.jpg'><img loading=\"lazy\" decoding=\"async\" width=\"225\" height=\"300\" src=\"https:\/\/www.radiopiu.net\/wordpress\/wp-content\/uploads\/2026\/01\/1000241313-225x300.jpg\" class=\"attachment-medium size-medium\" alt=\"\" srcset=\"https:\/\/www.radiopiu.net\/wordpress\/wp-content\/uploads\/2026\/01\/1000241313-225x300.jpg 225w, https:\/\/www.radiopiu.net\/wordpress\/wp-content\/uploads\/2026\/01\/1000241313-768x1024.jpg 768w, https:\/\/www.radiopiu.net\/wordpress\/wp-content\/uploads\/2026\/01\/1000241313-1152x1536.jpg 1152w, https:\/\/www.radiopiu.net\/wordpress\/wp-content\/uploads\/2026\/01\/1000241313.jpg 1200w\" sizes=\"auto, (max-width: 225px) 100vw, 225px\" \/><\/a>\n\t\t\t\t<\/dt><\/dl><br style=\"clear: both\" \/>\n\t\t\t<\/div>\n\n<p>&nbsp;<\/p>\n<hr \/>\n<p>&nbsp;<\/p>\n<blockquote>\n<h3>AUTO FUORI STRADA PER LA NEVE A MELERES<\/h3>\n<\/blockquote>\n<p><strong><a class=\"dt-pswp-item\" href=\"https:\/\/www.radiopiu.net\/wordpress\/wp-content\/uploads\/2025\/07\/LOGO_NEW_BELLUNO.jpg\" data-dt-img-description=\"\" data-large_image_width=\"1600\" data-large_image_height=\"1131\"><img loading=\"lazy\" decoding=\"async\" class=\" wp-image-461728 alignleft\" src=\"https:\/\/www.radiopiu.net\/wordpress\/wp-content\/uploads\/2025\/07\/LOGO_NEW_BELLUNO-300x212.jpg\" alt=\"\" width=\"211\" height=\"149\" srcset=\"https:\/\/www.radiopiu.net\/wordpress\/wp-content\/uploads\/2025\/07\/LOGO_NEW_BELLUNO-300x212.jpg 300w, https:\/\/www.radiopiu.net\/wordpress\/wp-content\/uploads\/2025\/07\/LOGO_NEW_BELLUNO-1024x724.jpg 1024w, https:\/\/www.radiopiu.net\/wordpress\/wp-content\/uploads\/2025\/07\/LOGO_NEW_BELLUNO-768x543.jpg 768w, https:\/\/www.radiopiu.net\/wordpress\/wp-content\/uploads\/2025\/07\/LOGO_NEW_BELLUNO-1536x1086.jpg 1536w, https:\/\/www.radiopiu.net\/wordpress\/wp-content\/uploads\/2025\/07\/LOGO_NEW_BELLUNO.jpg 1600w\" sizes=\"auto, (max-width: 211px) 100vw, 211px\" \/><\/a>CORTINA<\/strong> Attorno a mezzogiorno di sabato la Centrale del Suem ha attivato il Soccorso alpino di Cortina per intervenire in supporto all&#8217;ambulanza e ai Vigili del fuoco, per un&#8217;auto, con a bordo quattro persone, uscita di strada all&#8217;altezza della frazione di Meleres. Una squadra ha raggiunto il mezzo, che aveva proseguito dritto a causa della neve a una curva, finendo cento metri pi\u00f9 sotto in mezzo alla boscaglia: tre degli occupanti erano riusciti a scendere autonomamente. Il quarto, un 28enne di Monte San Pietro (BO), che aveva riportato un probabile trauma cranico ed era rimasto nell&#8217;abitacolo, \u00e8 stato estratto, trasportato sulla strada comunale e affidato all&#8217;ambulanza, diretta all&#8217;ospedale di Pieve di Cadore.<\/p>\n<p>&nbsp;<\/p>\n<p>&nbsp;<\/p>\n<hr \/>\n<p>&nbsp;<\/p>\n<blockquote>\n<h3>FURGONE RUBATO E BICICLETTE SPARITE: ANCORA COLPI A PEDAVENA<\/h3>\n<\/blockquote>\n<p><strong><a href=\"https:\/\/www.radiopiu.net\/wordpress\/wp-content\/uploads\/2026\/01\/negoziogrbike.webp\"><img loading=\"lazy\" decoding=\"async\" class=\" wp-image-492780 alignleft\" src=\"https:\/\/www.radiopiu.net\/wordpress\/wp-content\/uploads\/2026\/01\/negoziogrbike-300x169.webp\" alt=\"\" width=\"257\" height=\"145\" srcset=\"https:\/\/www.radiopiu.net\/wordpress\/wp-content\/uploads\/2026\/01\/negoziogrbike-300x169.webp 300w, https:\/\/www.radiopiu.net\/wordpress\/wp-content\/uploads\/2026\/01\/negoziogrbike-768x432.webp 768w, https:\/\/www.radiopiu.net\/wordpress\/wp-content\/uploads\/2026\/01\/negoziogrbike.webp 840w\" sizes=\"auto, (max-width: 257px) 100vw, 257px\" \/><\/a>DI ALESSIA DALL&#8217;O&#8217;<\/strong><\/p>\n<p><strong>PEDAVENA <\/strong>Nella notte tra venerd\u00ec e sabato, poco dopo le due, doppio colpo a Feltre: prima il furto di un furgone e di attrezzature dalla falegnameria De Carli, poi l\u2019assalto al negozio di biciclette GR Bike in viale Pedavena. I ladri hanno sfondato la porta principale e caricato 14 biciclette sul furgone, per un valore stimato di circa centomila euro. Immediato l\u2019intervento dei Carabinieri di Feltre, allertati dall\u2019allarme del negozio. Scattata la rete di controlli, il furgone \u00e8 stato individuato nella zona di Mugnai. Gli accertamenti hanno portato a ipotizzare che la refurtiva fosse stata nascosta per essere recuperata in un secondo momento. Cos\u00ec \u00e8 stato: i militari hanno scoperto il luogo dove le biciclette erano state occultate e le hanno riconsegnate al titolare Gregorio Rech. Restano i danni al negozio, gi\u00e0 pi\u00f9 volte preso di mira, ma il bilancio si chiude con un recupero completo della refurtiva e un sospiro di sollievo per il commerciante.<\/p>\n<div class=\"flex flex-col text-sm pb-25\">\n<article class=\"text-token-text-primary w-full focus:outline-none [--shadow-height:45px] has-data-writing-block:pointer-events-none has-data-writing-block:-mt-(--shadow-height) has-data-writing-block:pt-(--shadow-height) [&amp;:has([data-writing-block])&gt;*]:pointer-events-auto scroll-mt-[calc(var(--header-height)+min(200px,max(70px,20svh)))]\" dir=\"auto\" tabindex=\"-1\" data-turn-id=\"e1134c4f-4c76-4a74-8893-760a918c9d35\" data-testid=\"conversation-turn-26\" data-scroll-anchor=\"true\" data-turn=\"assistant\">\n<div class=\"text-base my-auto mx-auto pb-10 [--thread-content-margin:--spacing(4)] @w-sm\/main:[--thread-content-margin:--spacing(6)] @w-lg\/main:[--thread-content-margin:--spacing(16)] px-(--thread-content-margin)\">\n<div class=\"[--thread-content-max-width:40rem] @w-lg\/main:[--thread-content-max-width:48rem] mx-auto max-w-(--thread-content-max-width) flex-1 group\/turn-messages focus-visible:outline-hidden relative flex w-full min-w-0 flex-col agent-turn\" tabindex=\"-1\">\n<div class=\"z-0 flex min-h-[46px] justify-start\"><\/div>\n<\/div>\n<\/div>\n<\/article>\n<\/div>\n<p>&nbsp;<\/p>\n<hr \/>\n<p>&nbsp;<\/p>\n<blockquote>\n<p data-start=\"0\" data-end=\"58\"><strong data-start=\"0\" data-end=\"58\">DIMESSA ANNARITA DE ZORDO DOPO IL TENTATO FEMMINICIDIO<\/strong><\/p>\n<\/blockquote>\n<p data-start=\"60\" data-end=\"399\"><strong>CORTINA<\/strong> \u00c8 tornata a casa Annarita De Zordo, la donna accoltellata dall\u2019ex marito l\u20198 gennaio scorso a Cortina. Dopo circa quindici giorni di ricovero all\u2019ospedale San Martino, \u00e8 stata dimessa: le sue condizioni fisiche sono in miglioramento, ma il percorso di recupero psicologico sar\u00e0 lungo, cos\u00ec come per i due figli che hanno evitato il peggio. La donna era stata colpita con un coltello da caccia con otto fendenti, soprattutto alla schiena e al collo, in un\u2019aggressione di estrema violenza avvenuta nel locale caldaia. Ferite gravi anche a un braccio e alla mano, nel tentativo di difendersi. Decisivo l\u2019intervento dei figli e il primo soccorso prestato da un vicino. \u00ab\u00c8 tornata a casa con grandi difficolt\u00e0 fisiche e interiori\u00bb, conferma l\u2019avvocata Laura De Biasi al Corriere delle Alpi. Resta forte il timore che l\u2019uomo possa uscire dal carcere, anche se al momento non sarebbe previsto il Riesame. L\u2019ex marito \u00e8 accusato di tentato femminicidio. Annarita \u00e8 ora circondata dall\u2019affetto dei figli e di chi le \u00e8 vicino.<\/p>\n<p><strong>archivio radiopiu<\/strong><\/p>\n<p><strong class=\"photoswipe-wrapper\"><a class=\"dt-pswp-item pspw-wrap-ready\" href=\"https:\/\/www.radiopiu.net\/wordpress\/wp-content\/uploads\/2025\/06\/image003.jpg\" data-dt-img-description=\"\" data-large_image_width=\"1920\" data-large_image_height=\"1080\"><img loading=\"lazy\" decoding=\"async\" class=\" wp-image-455333 alignleft\" src=\"https:\/\/www.radiopiu.net\/wordpress\/wp-content\/uploads\/2025\/06\/image003-300x169.jpg\" sizes=\"auto, (max-width: 247px) 100vw, 247px\" srcset=\"https:\/\/www.radiopiu.net\/wordpress\/wp-content\/uploads\/2025\/06\/image003-300x169.jpg 300w, https:\/\/www.radiopiu.net\/wordpress\/wp-content\/uploads\/2025\/06\/image003-1024x576.jpg 1024w, https:\/\/www.radiopiu.net\/wordpress\/wp-content\/uploads\/2025\/06\/image003-768x432.jpg 768w, https:\/\/www.radiopiu.net\/wordpress\/wp-content\/uploads\/2025\/06\/image003-1536x864.jpg 1536w, https:\/\/www.radiopiu.net\/wordpress\/wp-content\/uploads\/2025\/06\/image003.jpg 1920w\" alt=\"\" width=\"247\" height=\"139\" \/><\/a>CORTINA<\/strong><\/p>\n<div class=\"flex flex-col text-sm pb-25\">\n<article class=\"text-token-text-primary w-full focus:outline-none [--shadow-height:45px] has-data-writing-block:pointer-events-none has-data-writing-block:-mt-(--shadow-height) has-data-writing-block:pt-(--shadow-height) [&amp;:has([data-writing-block])&gt;*]:pointer-events-auto scroll-mt-[calc(var(--header-height)+min(200px,max(70px,20svh)))]\" dir=\"auto\" tabindex=\"-1\" data-turn-id=\"request-695fc156-978c-832e-a15d-66ade9765f5f-55\" data-testid=\"conversation-turn-42\" data-scroll-anchor=\"true\" data-turn=\"assistant\">\n<div class=\"text-base my-auto mx-auto pb-10 [--thread-content-margin:--spacing(4)] @w-sm\/main:[--thread-content-margin:--spacing(6)] @w-lg\/main:[--thread-content-margin:--spacing(16)] px-(--thread-content-margin)\">\n<div class=\"[--thread-content-max-width:40rem] @w-lg\/main:[--thread-content-max-width:48rem] mx-auto max-w-(--thread-content-max-width) flex-1 group\/turn-messages focus-visible:outline-hidden relative flex w-full min-w-0 flex-col agent-turn\" tabindex=\"-1\">\n<div class=\"flex max-w-full flex-col grow\">\n<div class=\"min-h-8 text-message relative flex w-full flex-col items-end gap-2 text-start break-words whitespace-normal [.text-message+&amp;]:mt-1\" dir=\"auto\" data-message-author-role=\"assistant\" data-message-id=\"a18b7ebd-a247-48ab-8457-3e355648ae69\" data-message-model-slug=\"gpt-5-2\">\n<div class=\"flex w-full flex-col gap-1 empty:hidden first:pt-[1px]\">\n<div class=\"markdown prose dark:prose-invert w-full break-words dark markdown-new-styling\">\n<p data-start=\"190\" data-end=\"570\">Da un litigio domestico al tentato femminicidio: \u00e8 successo ieri a Cademai, nel condominio di Cortina dove vive Annarita De Zordo ferita\u00a0 dal marito separato Andrea Curtolo, 52 anni. Secondo le prime ricostruzioni dei carabinieri, la discussione tra i due \u2013 gi\u00e0 in fase di divorzio \u2013 sarebbe degenerata improvvisamente, fino all\u2019aggressione armata con un coltello. La donna \u00e8 stata colpita pi\u00f9 volte, ma per fortuna le ferite sono risultate superficiali: \u00e8 stata soccorsa dal Suem e trasferita in elicottero all\u2019ospedale di Belluno, dove \u00e8 ricoverata ma non in pericolo di vita e cosciente. Lo scenario apparso ai soccorritori \u00e8 stato definito comunque molto violento. L?uomo, dopo l\u2019attacco, si \u00e8 costituito spontaneamente ai carabinieri. Per lui si prospetta l\u2019applicazione della nuova legge sul femminicidio, entrata in vigore a dicembre: sarebbe il primo caso in provincia di Belluno ad essere trattato con il nuovo reato autonomo, distinto dal tentato omicidio. Le indagini, coordinate dalla Procura di Belluno, sono in pieno corso: sono stati sequestrati reperti, documenti e raccolte testimonianze per ricostruire la dinamica e il movente. Sul tavolo anche i rapporti economici tra i due: la coppia, separata, gestisce una societ\u00e0, e la divisione delle quote e questioni familiari potrebbero aver alimentato tensioni. Intanto la famiglia del 52enne vive ore di shock: la madre ha accusato un malore e ha richiesto cure mediche. Un episodio che riaccende i riflettori sul dramma della violenza domestica, anche in territori piccoli e comunit\u00e0 dove nessuno se lo aspetterebbe.<\/p>\n<\/div>\n<\/div>\n<\/div>\n<\/div>\n<\/div>\n<\/div>\n<\/article>\n<\/div>\n<hr \/>\n<p>&nbsp;<\/p>\n<blockquote>\n<h3>LEONARDO MARIA DEL VECCHIO INDAGATO PER INCIDENTE E SCAMBIO DI PERSONA<\/h3>\n<\/blockquote>\n<p><strong><a class=\"dt-pswp-item\" href=\"https:\/\/www.radiopiu.net\/wordpress\/wp-content\/uploads\/2024\/12\/leonardo-maria-del-vecchio.jpg\" data-dt-img-description=\"\" data-large_image_width=\"1179\" data-large_image_height=\"920\"><img loading=\"lazy\" decoding=\"async\" class=\" wp-image-425312 alignleft\" src=\"https:\/\/www.radiopiu.net\/wordpress\/wp-content\/uploads\/2024\/12\/leonardo-maria-del-vecchio-300x234.jpg\" alt=\"\" width=\"188\" height=\"147\" srcset=\"https:\/\/www.radiopiu.net\/wordpress\/wp-content\/uploads\/2024\/12\/leonardo-maria-del-vecchio-300x234.jpg 300w, https:\/\/www.radiopiu.net\/wordpress\/wp-content\/uploads\/2024\/12\/leonardo-maria-del-vecchio-1024x799.jpg 1024w, https:\/\/www.radiopiu.net\/wordpress\/wp-content\/uploads\/2024\/12\/leonardo-maria-del-vecchio-768x599.jpg 768w, https:\/\/www.radiopiu.net\/wordpress\/wp-content\/uploads\/2024\/12\/leonardo-maria-del-vecchio.jpg 1179w\" sizes=\"auto, (max-width: 188px) 100vw, 188px\" \/><\/a>REDAZIONE<\/strong> Leonardo Maria Del Vecchio, erede del fondatore di Luxottica, \u00e8 indagato per sostituzione di persona in concorso e omissione di soccorso in relazione a un incidente stradale avvenuto il 16 novembre sulla Tangenziale Est di Milano. L\u2019avviso di garanzia gli \u00e8 stato notificato nel suo attico di Brera dalla Polizia Stradale lombarda. Secondo l\u2019accusa, dopo un violento tamponamento tra la sua Ferrari Purosangue e una BMW, Del Vecchio si sarebbe allontanato dal luogo dell\u2019incidente con l\u2019aiuto di un addetto alla sicurezza, che avrebbe dichiarato falsamente di essere lui il conducente. Testimonianze e immagini delle telecamere avrebbero per\u00f2 smentito la versione. A Del Vecchio sono stati decurtati dieci punti dalla patente. Nell\u2019auto era presente anche Marco Talarico, non indagato.<\/p>\n<p>&nbsp;<\/p>\n<p>&nbsp;<\/p>\n<hr \/>\n<p>&nbsp;<\/p>\n<blockquote>\n<h3>LA FIAMMA OLIMPICA ATTRAVERSA FELTRE<\/h3>\n<\/blockquote>\n<p><strong>DI ALESSIA DALL&#8217;O&#8217;<\/strong><\/p>\n<p><strong>FELTRE <\/strong>Nel pomeriggio di ieri Feltre ha accolto la fiamma olimpica, tappa centrale del percorso bellunese verso Milano-Cortina. Arrivata alle 16.30 alla stazione, la fiaccola ha attraversato il centro storico rinascimentale, trasformato in uno spazio di partecipazione collettiva tra palazzi affrescati, associazioni sportive e rappresentanti istituzionali. Via Mezzaterra e Piazza Maggiore hanno rappresentato il cuore simbolico dell\u2019evento, con una affluenza di pubblico e la presenza del Palio di Feltre, dei quattro quartieri e degli sbandieratori, che hanno conferito solennit\u00e0 alla cerimonia. Numerose le realt\u00e0 sportive e giovanili coinvolte, in un clima di festa condivisa. La staffetta feltrina ha visto alternarsi pi\u00f9 tedofori, con Nicol\u00f2 Bonaga, spadista della Nazionale italiana, protagonista dell\u2019ultimo tratto fino a Piazza Maggiore. L\u2019atleta ha percorso l\u2019ascesa tra applausi e tamburi, sottolineando il valore dello sport come perseveranza e tensione verso obiettivi pi\u00f9 grandi. Suggestivo il passaggio di fiamma con la tedofora indiana Nilam Tathe davanti alle istituzioni e ai bambini con il tricolore. Le autorit\u00e0 cittadine hanno evidenziato il valore educativo e aggregativo dell\u2019evento, che richiama la memoria delle Olimpiadi del 1956 e conferma Feltre come citt\u00e0 dello sport.<\/p>\n<div style=\"width: 848px;\" class=\"wp-video\"><video class=\"wp-video-shortcode\" id=\"video-492693-1\" width=\"848\" height=\"480\" preload=\"metadata\" controls=\"controls\"><source type=\"video\/mp4\" src=\"https:\/\/www.radiopiu.net\/wordpress\/wp-content\/uploads\/2026\/01\/WhatsApp-Video-2026-01-25-at-20.20.13.mp4?_=1\" \/><a href=\"https:\/\/www.radiopiu.net\/wordpress\/wp-content\/uploads\/2026\/01\/WhatsApp-Video-2026-01-25-at-20.20.13.mp4\">https:\/\/www.radiopiu.net\/wordpress\/wp-content\/uploads\/2026\/01\/WhatsApp-Video-2026-01-25-at-20.20.13.mp4<\/a><\/video><\/div>\n<p>&nbsp;<\/p>\n\n\t\t\t<style type='text\/css'>\n\t\t\t\t#gallery-5 {\n\t\t\t\t\tmargin: auto;\n\t\t\t\t}\n\t\t\t\t#gallery-5 .gallery-item {\n\t\t\t\t\tfloat: left;\n\t\t\t\t\tmargin-top: 10px;\n\t\t\t\t\ttext-align: center;\n\t\t\t\t\twidth: 20%;\n\t\t\t\t}\n\t\t\t\t#gallery-5 img {\n\t\t\t\t\tborder: 2px solid #cfcfcf;\n\t\t\t\t}\n\t\t\t\t#gallery-5 .gallery-caption {\n\t\t\t\t\tmargin-left: 0;\n\t\t\t\t}\n\t\t\t\t\/* see gallery_shortcode() in wp-includes\/media.php *\/\n\t\t\t<\/style>\n\t\t<div id='gallery-5' class='dt-gallery-container gallery galleryid-492693 gallery-columns-5 gallery-size-medium'><dl class='gallery-item'>\n\t\t\t\t<dt class='gallery-icon landscape'>\n\t\t\t\t\t<a class=\"rollover rollover-zoom dt-pswp-item\" title=\"044e3d10-d2c9-4425-8d79-ebacddb64e61\" data-dt-img-description=\"\" data-large_image_width=\"2048\" data-large_image_height=\"1536\"href='https:\/\/www.radiopiu.net\/wordpress\/wp-content\/uploads\/2026\/01\/044e3d10-d2c9-4425-8d79-ebacddb64e61.jpg'><img loading=\"lazy\" decoding=\"async\" width=\"300\" height=\"225\" src=\"https:\/\/www.radiopiu.net\/wordpress\/wp-content\/uploads\/2026\/01\/044e3d10-d2c9-4425-8d79-ebacddb64e61-300x225.jpg\" class=\"attachment-medium size-medium\" alt=\"\" srcset=\"https:\/\/www.radiopiu.net\/wordpress\/wp-content\/uploads\/2026\/01\/044e3d10-d2c9-4425-8d79-ebacddb64e61-300x225.jpg 300w, https:\/\/www.radiopiu.net\/wordpress\/wp-content\/uploads\/2026\/01\/044e3d10-d2c9-4425-8d79-ebacddb64e61-1024x768.jpg 1024w, https:\/\/www.radiopiu.net\/wordpress\/wp-content\/uploads\/2026\/01\/044e3d10-d2c9-4425-8d79-ebacddb64e61-768x576.jpg 768w, https:\/\/www.radiopiu.net\/wordpress\/wp-content\/uploads\/2026\/01\/044e3d10-d2c9-4425-8d79-ebacddb64e61-1536x1152.jpg 1536w, https:\/\/www.radiopiu.net\/wordpress\/wp-content\/uploads\/2026\/01\/044e3d10-d2c9-4425-8d79-ebacddb64e61.jpg 2048w\" sizes=\"auto, (max-width: 300px) 100vw, 300px\" \/><\/a>\n\t\t\t\t<\/dt><\/dl><dl class='gallery-item'>\n\t\t\t\t<dt class='gallery-icon landscape'>\n\t\t\t\t\t<a class=\"rollover rollover-zoom dt-pswp-item\" title=\"9f71eec4-9d4e-4d4c-956c-7a4ee8046d15\" data-dt-img-description=\"\" data-large_image_width=\"2048\" data-large_image_height=\"1536\"href='https:\/\/www.radiopiu.net\/wordpress\/wp-content\/uploads\/2026\/01\/9f71eec4-9d4e-4d4c-956c-7a4ee8046d15.jpg'><img loading=\"lazy\" decoding=\"async\" width=\"300\" height=\"225\" src=\"https:\/\/www.radiopiu.net\/wordpress\/wp-content\/uploads\/2026\/01\/9f71eec4-9d4e-4d4c-956c-7a4ee8046d15-300x225.jpg\" class=\"attachment-medium size-medium\" alt=\"\" srcset=\"https:\/\/www.radiopiu.net\/wordpress\/wp-content\/uploads\/2026\/01\/9f71eec4-9d4e-4d4c-956c-7a4ee8046d15-300x225.jpg 300w, https:\/\/www.radiopiu.net\/wordpress\/wp-content\/uploads\/2026\/01\/9f71eec4-9d4e-4d4c-956c-7a4ee8046d15-1024x768.jpg 1024w, https:\/\/www.radiopiu.net\/wordpress\/wp-content\/uploads\/2026\/01\/9f71eec4-9d4e-4d4c-956c-7a4ee8046d15-768x576.jpg 768w, https:\/\/www.radiopiu.net\/wordpress\/wp-content\/uploads\/2026\/01\/9f71eec4-9d4e-4d4c-956c-7a4ee8046d15-1536x1152.jpg 1536w, https:\/\/www.radiopiu.net\/wordpress\/wp-content\/uploads\/2026\/01\/9f71eec4-9d4e-4d4c-956c-7a4ee8046d15.jpg 2048w\" sizes=\"auto, (max-width: 300px) 100vw, 300px\" \/><\/a>\n\t\t\t\t<\/dt><\/dl><dl class='gallery-item'>\n\t\t\t\t<dt class='gallery-icon portrait'>\n\t\t\t\t\t<a class=\"rollover rollover-zoom dt-pswp-item\" title=\"5422809a-cedd-48b0-b70f-739b956e308e\" data-dt-img-description=\"\" data-large_image_width=\"1152\" data-large_image_height=\"2048\"href='https:\/\/www.radiopiu.net\/wordpress\/wp-content\/uploads\/2026\/01\/5422809a-cedd-48b0-b70f-739b956e308e.jpg'><img loading=\"lazy\" decoding=\"async\" width=\"169\" height=\"300\" src=\"https:\/\/www.radiopiu.net\/wordpress\/wp-content\/uploads\/2026\/01\/5422809a-cedd-48b0-b70f-739b956e308e-169x300.jpg\" class=\"attachment-medium size-medium\" alt=\"\" srcset=\"https:\/\/www.radiopiu.net\/wordpress\/wp-content\/uploads\/2026\/01\/5422809a-cedd-48b0-b70f-739b956e308e-169x300.jpg 169w, https:\/\/www.radiopiu.net\/wordpress\/wp-content\/uploads\/2026\/01\/5422809a-cedd-48b0-b70f-739b956e308e-576x1024.jpg 576w, https:\/\/www.radiopiu.net\/wordpress\/wp-content\/uploads\/2026\/01\/5422809a-cedd-48b0-b70f-739b956e308e-768x1365.jpg 768w, https:\/\/www.radiopiu.net\/wordpress\/wp-content\/uploads\/2026\/01\/5422809a-cedd-48b0-b70f-739b956e308e-864x1536.jpg 864w, https:\/\/www.radiopiu.net\/wordpress\/wp-content\/uploads\/2026\/01\/5422809a-cedd-48b0-b70f-739b956e308e.jpg 1152w\" sizes=\"auto, (max-width: 169px) 100vw, 169px\" \/><\/a>\n\t\t\t\t<\/dt><\/dl><dl class='gallery-item'>\n\t\t\t\t<dt class='gallery-icon landscape'>\n\t\t\t\t\t<a class=\"rollover rollover-zoom dt-pswp-item\" title=\"3f5773ee-4b4d-4eaa-bfc6-3ab048b0c40a\" data-dt-img-description=\"\" data-large_image_width=\"2048\" data-large_image_height=\"1536\"href='https:\/\/www.radiopiu.net\/wordpress\/wp-content\/uploads\/2026\/01\/3f5773ee-4b4d-4eaa-bfc6-3ab048b0c40a.jpg'><img loading=\"lazy\" decoding=\"async\" width=\"300\" height=\"225\" src=\"https:\/\/www.radiopiu.net\/wordpress\/wp-content\/uploads\/2026\/01\/3f5773ee-4b4d-4eaa-bfc6-3ab048b0c40a-300x225.jpg\" class=\"attachment-medium size-medium\" alt=\"\" srcset=\"https:\/\/www.radiopiu.net\/wordpress\/wp-content\/uploads\/2026\/01\/3f5773ee-4b4d-4eaa-bfc6-3ab048b0c40a-300x225.jpg 300w, https:\/\/www.radiopiu.net\/wordpress\/wp-content\/uploads\/2026\/01\/3f5773ee-4b4d-4eaa-bfc6-3ab048b0c40a-1024x768.jpg 1024w, https:\/\/www.radiopiu.net\/wordpress\/wp-content\/uploads\/2026\/01\/3f5773ee-4b4d-4eaa-bfc6-3ab048b0c40a-768x576.jpg 768w, https:\/\/www.radiopiu.net\/wordpress\/wp-content\/uploads\/2026\/01\/3f5773ee-4b4d-4eaa-bfc6-3ab048b0c40a-1536x1152.jpg 1536w, https:\/\/www.radiopiu.net\/wordpress\/wp-content\/uploads\/2026\/01\/3f5773ee-4b4d-4eaa-bfc6-3ab048b0c40a.jpg 2048w\" sizes=\"auto, (max-width: 300px) 100vw, 300px\" \/><\/a>\n\t\t\t\t<\/dt><\/dl><dl class='gallery-item'>\n\t\t\t\t<dt class='gallery-icon landscape'>\n\t\t\t\t\t<a class=\"rollover rollover-zoom dt-pswp-item\" title=\"09e32889-5c19-4537-9541-0812be9d7ae2\" data-dt-img-description=\"\" data-large_image_width=\"2048\" data-large_image_height=\"1536\"href='https:\/\/www.radiopiu.net\/wordpress\/wp-content\/uploads\/2026\/01\/09e32889-5c19-4537-9541-0812be9d7ae2.jpg'><img loading=\"lazy\" decoding=\"async\" width=\"300\" height=\"225\" src=\"https:\/\/www.radiopiu.net\/wordpress\/wp-content\/uploads\/2026\/01\/09e32889-5c19-4537-9541-0812be9d7ae2-300x225.jpg\" class=\"attachment-medium size-medium\" alt=\"\" srcset=\"https:\/\/www.radiopiu.net\/wordpress\/wp-content\/uploads\/2026\/01\/09e32889-5c19-4537-9541-0812be9d7ae2-300x225.jpg 300w, https:\/\/www.radiopiu.net\/wordpress\/wp-content\/uploads\/2026\/01\/09e32889-5c19-4537-9541-0812be9d7ae2-1024x768.jpg 1024w, https:\/\/www.radiopiu.net\/wordpress\/wp-content\/uploads\/2026\/01\/09e32889-5c19-4537-9541-0812be9d7ae2-768x576.jpg 768w, https:\/\/www.radiopiu.net\/wordpress\/wp-content\/uploads\/2026\/01\/09e32889-5c19-4537-9541-0812be9d7ae2-1536x1152.jpg 1536w, https:\/\/www.radiopiu.net\/wordpress\/wp-content\/uploads\/2026\/01\/09e32889-5c19-4537-9541-0812be9d7ae2.jpg 2048w\" sizes=\"auto, (max-width: 300px) 100vw, 300px\" \/><\/a>\n\t\t\t\t<\/dt><\/dl><br style=\"clear: both\" \/><dl class='gallery-item'>\n\t\t\t\t<dt class='gallery-icon landscape'>\n\t\t\t\t\t<a class=\"rollover rollover-zoom dt-pswp-item\" title=\"b4a47431-e863-49f6-85a2-d9de96830296\" data-dt-img-description=\"\" data-large_image_width=\"2048\" data-large_image_height=\"1536\"href='https:\/\/www.radiopiu.net\/wordpress\/wp-content\/uploads\/2026\/01\/b4a47431-e863-49f6-85a2-d9de96830296.jpg'><img loading=\"lazy\" decoding=\"async\" width=\"300\" height=\"225\" src=\"https:\/\/www.radiopiu.net\/wordpress\/wp-content\/uploads\/2026\/01\/b4a47431-e863-49f6-85a2-d9de96830296-300x225.jpg\" class=\"attachment-medium size-medium\" alt=\"\" srcset=\"https:\/\/www.radiopiu.net\/wordpress\/wp-content\/uploads\/2026\/01\/b4a47431-e863-49f6-85a2-d9de96830296-300x225.jpg 300w, https:\/\/www.radiopiu.net\/wordpress\/wp-content\/uploads\/2026\/01\/b4a47431-e863-49f6-85a2-d9de96830296-1024x768.jpg 1024w, https:\/\/www.radiopiu.net\/wordpress\/wp-content\/uploads\/2026\/01\/b4a47431-e863-49f6-85a2-d9de96830296-768x576.jpg 768w, https:\/\/www.radiopiu.net\/wordpress\/wp-content\/uploads\/2026\/01\/b4a47431-e863-49f6-85a2-d9de96830296-1536x1152.jpg 1536w, https:\/\/www.radiopiu.net\/wordpress\/wp-content\/uploads\/2026\/01\/b4a47431-e863-49f6-85a2-d9de96830296.jpg 2048w\" sizes=\"auto, (max-width: 300px) 100vw, 300px\" \/><\/a>\n\t\t\t\t<\/dt><\/dl><dl class='gallery-item'>\n\t\t\t\t<dt class='gallery-icon landscape'>\n\t\t\t\t\t<a class=\"rollover rollover-zoom dt-pswp-item\" title=\"a0365c39-04c3-4182-a049-d7331f0075a0\" data-dt-img-description=\"\" data-large_image_width=\"2048\" data-large_image_height=\"1536\"href='https:\/\/www.radiopiu.net\/wordpress\/wp-content\/uploads\/2026\/01\/a0365c39-04c3-4182-a049-d7331f0075a0.jpg'><img loading=\"lazy\" decoding=\"async\" width=\"300\" height=\"225\" src=\"https:\/\/www.radiopiu.net\/wordpress\/wp-content\/uploads\/2026\/01\/a0365c39-04c3-4182-a049-d7331f0075a0-300x225.jpg\" class=\"attachment-medium size-medium\" alt=\"\" srcset=\"https:\/\/www.radiopiu.net\/wordpress\/wp-content\/uploads\/2026\/01\/a0365c39-04c3-4182-a049-d7331f0075a0-300x225.jpg 300w, https:\/\/www.radiopiu.net\/wordpress\/wp-content\/uploads\/2026\/01\/a0365c39-04c3-4182-a049-d7331f0075a0-1024x768.jpg 1024w, https:\/\/www.radiopiu.net\/wordpress\/wp-content\/uploads\/2026\/01\/a0365c39-04c3-4182-a049-d7331f0075a0-768x576.jpg 768w, https:\/\/www.radiopiu.net\/wordpress\/wp-content\/uploads\/2026\/01\/a0365c39-04c3-4182-a049-d7331f0075a0-1536x1152.jpg 1536w, https:\/\/www.radiopiu.net\/wordpress\/wp-content\/uploads\/2026\/01\/a0365c39-04c3-4182-a049-d7331f0075a0.jpg 2048w\" sizes=\"auto, (max-width: 300px) 100vw, 300px\" \/><\/a>\n\t\t\t\t<\/dt><\/dl><dl class='gallery-item'>\n\t\t\t\t<dt class='gallery-icon landscape'>\n\t\t\t\t\t<a class=\"rollover rollover-zoom dt-pswp-item\" title=\"694c9a25-e021-474e-a426-1f003cc5e128\" data-dt-img-description=\"\" data-large_image_width=\"2048\" data-large_image_height=\"1536\"href='https:\/\/www.radiopiu.net\/wordpress\/wp-content\/uploads\/2026\/01\/694c9a25-e021-474e-a426-1f003cc5e128.jpg'><img loading=\"lazy\" decoding=\"async\" width=\"300\" height=\"225\" src=\"https:\/\/www.radiopiu.net\/wordpress\/wp-content\/uploads\/2026\/01\/694c9a25-e021-474e-a426-1f003cc5e128-300x225.jpg\" class=\"attachment-medium size-medium\" alt=\"\" srcset=\"https:\/\/www.radiopiu.net\/wordpress\/wp-content\/uploads\/2026\/01\/694c9a25-e021-474e-a426-1f003cc5e128-300x225.jpg 300w, https:\/\/www.radiopiu.net\/wordpress\/wp-content\/uploads\/2026\/01\/694c9a25-e021-474e-a426-1f003cc5e128-1024x768.jpg 1024w, https:\/\/www.radiopiu.net\/wordpress\/wp-content\/uploads\/2026\/01\/694c9a25-e021-474e-a426-1f003cc5e128-768x576.jpg 768w, https:\/\/www.radiopiu.net\/wordpress\/wp-content\/uploads\/2026\/01\/694c9a25-e021-474e-a426-1f003cc5e128-1536x1152.jpg 1536w, https:\/\/www.radiopiu.net\/wordpress\/wp-content\/uploads\/2026\/01\/694c9a25-e021-474e-a426-1f003cc5e128.jpg 2048w\" sizes=\"auto, (max-width: 300px) 100vw, 300px\" \/><\/a>\n\t\t\t\t<\/dt><\/dl><dl class='gallery-item'>\n\t\t\t\t<dt class='gallery-icon landscape'>\n\t\t\t\t\t<a class=\"rollover rollover-zoom dt-pswp-item\" title=\"cc1ab984-5705-4bba-a03d-0976eb14a109\" data-dt-img-description=\"\" data-large_image_width=\"2048\" data-large_image_height=\"1536\"href='https:\/\/www.radiopiu.net\/wordpress\/wp-content\/uploads\/2026\/01\/cc1ab984-5705-4bba-a03d-0976eb14a109.jpg'><img loading=\"lazy\" decoding=\"async\" width=\"300\" height=\"225\" src=\"https:\/\/www.radiopiu.net\/wordpress\/wp-content\/uploads\/2026\/01\/cc1ab984-5705-4bba-a03d-0976eb14a109-300x225.jpg\" class=\"attachment-medium size-medium\" alt=\"\" srcset=\"https:\/\/www.radiopiu.net\/wordpress\/wp-content\/uploads\/2026\/01\/cc1ab984-5705-4bba-a03d-0976eb14a109-300x225.jpg 300w, https:\/\/www.radiopiu.net\/wordpress\/wp-content\/uploads\/2026\/01\/cc1ab984-5705-4bba-a03d-0976eb14a109-1024x768.jpg 1024w, https:\/\/www.radiopiu.net\/wordpress\/wp-content\/uploads\/2026\/01\/cc1ab984-5705-4bba-a03d-0976eb14a109-768x576.jpg 768w, https:\/\/www.radiopiu.net\/wordpress\/wp-content\/uploads\/2026\/01\/cc1ab984-5705-4bba-a03d-0976eb14a109-1536x1152.jpg 1536w, https:\/\/www.radiopiu.net\/wordpress\/wp-content\/uploads\/2026\/01\/cc1ab984-5705-4bba-a03d-0976eb14a109.jpg 2048w\" sizes=\"auto, (max-width: 300px) 100vw, 300px\" \/><\/a>\n\t\t\t\t<\/dt><\/dl><dl class='gallery-item'>\n\t\t\t\t<dt class='gallery-icon landscape'>\n\t\t\t\t\t<a class=\"rollover rollover-zoom dt-pswp-item\" title=\"5f5f3585-8e43-4653-a8b0-104eb6fe14b6\" data-dt-img-description=\"\" data-large_image_width=\"2048\" data-large_image_height=\"1536\"href='https:\/\/www.radiopiu.net\/wordpress\/wp-content\/uploads\/2026\/01\/5f5f3585-8e43-4653-a8b0-104eb6fe14b6.jpg'><img loading=\"lazy\" decoding=\"async\" width=\"300\" height=\"225\" src=\"https:\/\/www.radiopiu.net\/wordpress\/wp-content\/uploads\/2026\/01\/5f5f3585-8e43-4653-a8b0-104eb6fe14b6-300x225.jpg\" class=\"attachment-medium size-medium\" alt=\"\" srcset=\"https:\/\/www.radiopiu.net\/wordpress\/wp-content\/uploads\/2026\/01\/5f5f3585-8e43-4653-a8b0-104eb6fe14b6-300x225.jpg 300w, https:\/\/www.radiopiu.net\/wordpress\/wp-content\/uploads\/2026\/01\/5f5f3585-8e43-4653-a8b0-104eb6fe14b6-1024x768.jpg 1024w, https:\/\/www.radiopiu.net\/wordpress\/wp-content\/uploads\/2026\/01\/5f5f3585-8e43-4653-a8b0-104eb6fe14b6-768x576.jpg 768w, https:\/\/www.radiopiu.net\/wordpress\/wp-content\/uploads\/2026\/01\/5f5f3585-8e43-4653-a8b0-104eb6fe14b6-1536x1152.jpg 1536w, https:\/\/www.radiopiu.net\/wordpress\/wp-content\/uploads\/2026\/01\/5f5f3585-8e43-4653-a8b0-104eb6fe14b6.jpg 2048w\" sizes=\"auto, (max-width: 300px) 100vw, 300px\" \/><\/a>\n\t\t\t\t<\/dt><\/dl><br style=\"clear: both\" \/>\n\t\t\t<\/div>\n\n<p>&nbsp;<\/p>\n<hr \/>\n<p>&nbsp;<\/p>\n<blockquote>\n<h3>LA FIAMMA OLIMPICA TORNA A CORTINA, TRA MEMORIA E FUTURO<\/h3>\n<\/blockquote>\n<p><strong><img loading=\"lazy\" decoding=\"async\" class=\" wp-image-476894 alignleft\" src=\"https:\/\/www.radiopiu.net\/wordpress\/wp-content\/uploads\/2025\/10\/CORTINA-300x206.jpeg\" alt=\"\" width=\"189\" height=\"130\" srcset=\"https:\/\/www.radiopiu.net\/wordpress\/wp-content\/uploads\/2025\/10\/CORTINA-300x206.jpeg 300w, https:\/\/www.radiopiu.net\/wordpress\/wp-content\/uploads\/2025\/10\/CORTINA-1024x704.jpeg 1024w, https:\/\/www.radiopiu.net\/wordpress\/wp-content\/uploads\/2025\/10\/CORTINA-768x528.jpeg 768w, https:\/\/www.radiopiu.net\/wordpress\/wp-content\/uploads\/2025\/10\/CORTINA-1536x1056.jpeg 1536w, https:\/\/www.radiopiu.net\/wordpress\/wp-content\/uploads\/2025\/10\/CORTINA-2048x1408.jpeg 2048w\" sizes=\"auto, (max-width: 189px) 100vw, 189px\" \/>CORTINA <\/strong>A settant\u2019anni dalle Olimpiadi Invernali del 1956, la Fiamma Olimpica torna a Cortina d\u2019Ampezzo, riaccendendo emozioni e memoria storica in vista dei Giochi Milano Cortina 2026. Un passaggio fortemente simbolico che lega passato e futuro, raccontando l\u2019evoluzione della citt\u00e0 e della sua vocazione internazionale. La Fiamma attraverser\u00e0 luoghi iconici dello sport ampezzano, dagli impianti storici a quelli rinnovati, fino al cuore del centro cittadino, dove si terr\u00e0 la cerimonia finale con la partecipazione del ministro Matteo Salvini. Un gesto che celebra tradizione, innovazione e spirito olimpico, proiettando Cortina verso una nuova stagione di protagonismo globale.<\/p>\n<p>&nbsp;<\/p>\n<p>&nbsp;<\/p>\n<hr \/>\n<p>&nbsp;<\/p>\n<blockquote>\n<h3><strong>LA FIACCOLA OLIMPICA ACCENDE IL RILANCIO DEL BELLUNESE<\/strong><\/h3>\n<\/blockquote>\n<p><strong><a class=\"dt-pswp-item\" href=\"https:\/\/www.radiopiu.net\/wordpress\/wp-content\/uploads\/2025\/04\/LORRAINE-BERTON-2025-scaled.jpg\" data-dt-img-description=\"\" data-large_image_width=\"2560\" data-large_image_height=\"1938\"><img loading=\"lazy\" decoding=\"async\" class=\" wp-image-444482 alignleft\" src=\"https:\/\/www.radiopiu.net\/wordpress\/wp-content\/uploads\/2025\/04\/LORRAINE-BERTON-2025-300x227.jpg\" alt=\"\" width=\"188\" height=\"142\" srcset=\"https:\/\/www.radiopiu.net\/wordpress\/wp-content\/uploads\/2025\/04\/LORRAINE-BERTON-2025-300x227.jpg 300w, https:\/\/www.radiopiu.net\/wordpress\/wp-content\/uploads\/2025\/04\/LORRAINE-BERTON-2025-1024x775.jpg 1024w, https:\/\/www.radiopiu.net\/wordpress\/wp-content\/uploads\/2025\/04\/LORRAINE-BERTON-2025-768x581.jpg 768w, https:\/\/www.radiopiu.net\/wordpress\/wp-content\/uploads\/2025\/04\/LORRAINE-BERTON-2025-1536x1163.jpg 1536w, https:\/\/www.radiopiu.net\/wordpress\/wp-content\/uploads\/2025\/04\/LORRAINE-BERTON-2025-2048x1550.jpg 2048w\" sizes=\"auto, (max-width: 188px) 100vw, 188px\" \/><\/a>BELLUNO <\/strong>Con l\u2019arrivo della fiamma olimpica nel Bellunese si apre una fase nuova per la montagna e le terre alte. Lorraine Berton, presidente di Confindustria Belluno Dolomiti, sottolinea il valore simbolico e concreto di un percorso lungo e complesso che oggi diventa occasione di riscatto e rilancio. Il passaggio della fiamma, che attraverser\u00e0 numerosi comuni fino a Cortina nel 70\u00b0 anniversario dei Giochi del 1956, coinvolger\u00e0 l\u2019intera provincia e sar\u00e0 dedicato soprattutto ai giovani. L\u2019evento segna anche risultati attesi da decenni, come l\u2019apertura delle varianti di Tai e Valle di Cadore e l\u2019avanzamento della variante di Longarone, passi fondamentali per ridurre il gap infrastrutturale. Le Olimpiadi diventano cos\u00ec motore di energia, fiducia e sviluppo per il territorio.<\/p>\n<p>&nbsp;<\/p>\n<p>&nbsp;<\/p>\n<hr \/>\n<p>&nbsp;<\/p>\n<blockquote>\n<h3>ILLUMINAZIONE PUBBLICA A LED: AVANZA LA RIQUALIFICAZIONE ENERGETICA DI BELLUNO<\/h3>\n<\/blockquote>\n<p><strong>BELLUNO <\/strong>Proseguono gli interventi di efficientamento della pubblica illuminazione del Comune di Belluno, realizzati in collaborazione con Edison Next. Nei giorni scorsi i lavori si sono concentrati nel centro storico, dove sono stati sostituiti circa 30-35 punti luce lungo il percorso che domenica 25 gennaio sar\u00e0 attraversato dalla Fiamma olimpica. I nuovi impianti a led garantiscono una migliore qualit\u00e0 dell\u2019illuminazione e una significativa riduzione dei consumi. Il progetto, come sottolineato dal sindaco Oscar De Pellegrin, procede secondo cronoprogramma e si sta estendendo progressivamente alle frazioni. Parallelamente continuano gli interventi lungo la Sinistra Piave e, nelle prossime settimane, le squadre operative saranno potenziate per accelerare i lavori. Il piano complessivo prevede la sostituzione di oltre 5.500 corpi illuminanti, sistemi di telecontrollo e un risparmio energetico superiore al 75%, con una riduzione stimata di circa 700 tonnellate di CO\u2082 all\u2019anno.<\/p>\n\n\t\t\t<style type='text\/css'>\n\t\t\t\t#gallery-6 {\n\t\t\t\t\tmargin: auto;\n\t\t\t\t}\n\t\t\t\t#gallery-6 .gallery-item {\n\t\t\t\t\tfloat: left;\n\t\t\t\t\tmargin-top: 10px;\n\t\t\t\t\ttext-align: center;\n\t\t\t\t\twidth: 33%;\n\t\t\t\t}\n\t\t\t\t#gallery-6 img {\n\t\t\t\t\tborder: 2px solid #cfcfcf;\n\t\t\t\t}\n\t\t\t\t#gallery-6 .gallery-caption {\n\t\t\t\t\tmargin-left: 0;\n\t\t\t\t}\n\t\t\t\t\/* see gallery_shortcode() in wp-includes\/media.php *\/\n\t\t\t<\/style>\n\t\t<div id='gallery-6' class='dt-gallery-container gallery galleryid-492693 gallery-columns-3 gallery-size-medium'><dl class='gallery-item'>\n\t\t\t\t<dt class='gallery-icon landscape'>\n\t\t\t\t\t<a class=\"rollover rollover-zoom dt-pswp-item\" title=\"Illuminazione piazza Martiri\" data-dt-img-description=\"\" data-large_image_width=\"2048\" data-large_image_height=\"1153\"href='https:\/\/www.radiopiu.net\/wordpress\/wp-content\/uploads\/2026\/01\/Illuminazione-piazza-Martiri.jpeg'><img loading=\"lazy\" decoding=\"async\" width=\"300\" height=\"169\" src=\"https:\/\/www.radiopiu.net\/wordpress\/wp-content\/uploads\/2026\/01\/Illuminazione-piazza-Martiri-300x169.jpeg\" class=\"attachment-medium size-medium\" alt=\"\" srcset=\"https:\/\/www.radiopiu.net\/wordpress\/wp-content\/uploads\/2026\/01\/Illuminazione-piazza-Martiri-300x169.jpeg 300w, https:\/\/www.radiopiu.net\/wordpress\/wp-content\/uploads\/2026\/01\/Illuminazione-piazza-Martiri-1024x577.jpeg 1024w, https:\/\/www.radiopiu.net\/wordpress\/wp-content\/uploads\/2026\/01\/Illuminazione-piazza-Martiri-768x432.jpeg 768w, https:\/\/www.radiopiu.net\/wordpress\/wp-content\/uploads\/2026\/01\/Illuminazione-piazza-Martiri-1536x865.jpeg 1536w, https:\/\/www.radiopiu.net\/wordpress\/wp-content\/uploads\/2026\/01\/Illuminazione-piazza-Martiri.jpeg 2048w\" sizes=\"auto, (max-width: 300px) 100vw, 300px\" \/><\/a>\n\t\t\t\t<\/dt><\/dl><dl class='gallery-item'>\n\t\t\t\t<dt class='gallery-icon portrait'>\n\t\t\t\t\t<a class=\"rollover rollover-zoom dt-pswp-item\" title=\"Illuminazione centro storico\" data-dt-img-description=\"\" data-large_image_width=\"1153\" data-large_image_height=\"2048\"href='https:\/\/www.radiopiu.net\/wordpress\/wp-content\/uploads\/2026\/01\/Illuminazione-centro-storico.jpeg'><img loading=\"lazy\" decoding=\"async\" width=\"169\" height=\"300\" src=\"https:\/\/www.radiopiu.net\/wordpress\/wp-content\/uploads\/2026\/01\/Illuminazione-centro-storico-169x300.jpeg\" class=\"attachment-medium size-medium\" alt=\"\" srcset=\"https:\/\/www.radiopiu.net\/wordpress\/wp-content\/uploads\/2026\/01\/Illuminazione-centro-storico-169x300.jpeg 169w, https:\/\/www.radiopiu.net\/wordpress\/wp-content\/uploads\/2026\/01\/Illuminazione-centro-storico-577x1024.jpeg 577w, https:\/\/www.radiopiu.net\/wordpress\/wp-content\/uploads\/2026\/01\/Illuminazione-centro-storico-768x1364.jpeg 768w, https:\/\/www.radiopiu.net\/wordpress\/wp-content\/uploads\/2026\/01\/Illuminazione-centro-storico-865x1536.jpeg 865w, https:\/\/www.radiopiu.net\/wordpress\/wp-content\/uploads\/2026\/01\/Illuminazione-centro-storico.jpeg 1153w\" sizes=\"auto, (max-width: 169px) 100vw, 169px\" \/><\/a>\n\t\t\t\t<\/dt><\/dl><dl class='gallery-item'>\n\t\t\t\t<dt class='gallery-icon landscape'>\n\t\t\t\t\t<a class=\"rollover rollover-zoom dt-pswp-item\" title=\"Illuminazione centro_2\" data-dt-img-description=\"\" data-large_image_width=\"2048\" data-large_image_height=\"1153\"href='https:\/\/www.radiopiu.net\/wordpress\/wp-content\/uploads\/2026\/01\/Illuminazione-centro_2.jpeg'><img loading=\"lazy\" decoding=\"async\" width=\"300\" height=\"169\" src=\"https:\/\/www.radiopiu.net\/wordpress\/wp-content\/uploads\/2026\/01\/Illuminazione-centro_2-300x169.jpeg\" class=\"attachment-medium size-medium\" alt=\"\" srcset=\"https:\/\/www.radiopiu.net\/wordpress\/wp-content\/uploads\/2026\/01\/Illuminazione-centro_2-300x169.jpeg 300w, https:\/\/www.radiopiu.net\/wordpress\/wp-content\/uploads\/2026\/01\/Illuminazione-centro_2-1024x577.jpeg 1024w, https:\/\/www.radiopiu.net\/wordpress\/wp-content\/uploads\/2026\/01\/Illuminazione-centro_2-768x432.jpeg 768w, https:\/\/www.radiopiu.net\/wordpress\/wp-content\/uploads\/2026\/01\/Illuminazione-centro_2-1536x865.jpeg 1536w, https:\/\/www.radiopiu.net\/wordpress\/wp-content\/uploads\/2026\/01\/Illuminazione-centro_2.jpeg 2048w\" sizes=\"auto, (max-width: 300px) 100vw, 300px\" \/><\/a>\n\t\t\t\t<\/dt><\/dl><br style=\"clear: both\" \/>\n\t\t\t<\/div>\n\n<p>&nbsp;<\/p>\n<p>&nbsp;<\/p>\n<hr \/>\n<p>&nbsp;<\/p>\n<blockquote>\n<h3>\u201cPERCH\u00c9 PIANGI?\u201d: GRANDE PARTECIPAZIONE PER L\u2019INCONTRO SULLA GENITORIALIT\u00c0<\/h3>\n<\/blockquote>\n<p><strong><a class=\"dt-pswp-item\" href=\"https:\/\/www.radiopiu.net\/wordpress\/wp-content\/uploads\/2026\/01\/maxresdefault-5.jpg\" data-dt-img-description=\"\" data-large_image_width=\"1280\" data-large_image_height=\"720\"><img loading=\"lazy\" decoding=\"async\" class=\" wp-image-492822 alignleft\" src=\"https:\/\/www.radiopiu.net\/wordpress\/wp-content\/uploads\/2026\/01\/maxresdefault-5-300x169.jpg\" alt=\"\" width=\"220\" height=\"124\" srcset=\"https:\/\/www.radiopiu.net\/wordpress\/wp-content\/uploads\/2026\/01\/maxresdefault-5-300x169.jpg 300w, https:\/\/www.radiopiu.net\/wordpress\/wp-content\/uploads\/2026\/01\/maxresdefault-5-1024x576.jpg 1024w, https:\/\/www.radiopiu.net\/wordpress\/wp-content\/uploads\/2026\/01\/maxresdefault-5-768x432.jpg 768w, https:\/\/www.radiopiu.net\/wordpress\/wp-content\/uploads\/2026\/01\/maxresdefault-5.jpg 1280w\" sizes=\"auto, (max-width: 220px) 100vw, 220px\" \/><\/a>BELLUNO <\/strong>Si \u00e8 svolto sabato il doppio incontro gratuito \u201cPerch\u00e9 piangi? Come comprendere i reali bisogni dei bambini\u201d, con la pedagogista e scrittrice Emily Mignanelli, dedicato a famiglie, educatori e insegnanti. L\u2019iniziativa, inserita nel progetto \u201c1000 Giorni di Magia: educare e crescere insieme\u201d, ha registrato il tutto esaurito sia a Belluno, presso Sala Bianchi, sia a Pieve di Cadore, nella Sala Coletti. Mignanelli ha proposto strumenti educativi semplici e accessibili, frutto di esperienze internazionali e ricerche neuroscientifiche, ribadendo l\u2019importanza della pedagogia preventiva. Soddisfazione da parte delle istituzioni, che hanno sottolineato il valore di un\u2019offerta formativa diffusa sul territorio. Il successo dell\u2019evento conferma il forte bisogno di confronto e supporto sul tema dell\u2019educazione e della crescita nei primi anni di vita.<\/p>\n<p>&nbsp;<\/p>\n<p>&nbsp;<\/p>\n<hr \/>\n<p>&nbsp;<\/p>\n<blockquote>\n<h3>A BRAVE DEAL: UN PATTO TRA GIOVANI E ISTITUZIONI PER IL FUTURO DELLE PREALPI BELLUNESI<\/h3>\n<\/blockquote>\n<p><strong><a class=\"dt-pswp-item\" href=\"https:\/\/www.radiopiu.net\/wordpress\/wp-content\/uploads\/2026\/01\/Brave-deal_23.01.2026.jpeg\" data-dt-img-description=\"\" data-large_image_width=\"1600\" data-large_image_height=\"1200\"><img loading=\"lazy\" decoding=\"async\" class=\" wp-image-492741 alignleft\" src=\"https:\/\/www.radiopiu.net\/wordpress\/wp-content\/uploads\/2026\/01\/Brave-deal_23.01.2026-300x225.jpeg\" alt=\"\" width=\"197\" height=\"148\" srcset=\"https:\/\/www.radiopiu.net\/wordpress\/wp-content\/uploads\/2026\/01\/Brave-deal_23.01.2026-300x225.jpeg 300w, https:\/\/www.radiopiu.net\/wordpress\/wp-content\/uploads\/2026\/01\/Brave-deal_23.01.2026-1024x768.jpeg 1024w, https:\/\/www.radiopiu.net\/wordpress\/wp-content\/uploads\/2026\/01\/Brave-deal_23.01.2026-768x576.jpeg 768w, https:\/\/www.radiopiu.net\/wordpress\/wp-content\/uploads\/2026\/01\/Brave-deal_23.01.2026-1536x1152.jpeg 1536w, https:\/\/www.radiopiu.net\/wordpress\/wp-content\/uploads\/2026\/01\/Brave-deal_23.01.2026.jpeg 1600w\" sizes=\"auto, (max-width: 197px) 100vw, 197px\" \/><\/a>BELLUNO <\/strong>Venerd\u00ec, nella Sala Affreschi del municipio di Borgo Valbelluna a Mel, si \u00e8 svolto l\u2019evento conclusivo del progetto \u201cA Brave Deal\u201d, promosso dal GAL Prealpi e Dolomiti. L\u2019iniziativa, nata per rafforzare il dialogo tra giovani e istituzioni locali, ha coinvolto Regione del Veneto, Universit\u00e0 di Padova, Camera di Commercio di Treviso-Belluno, UNCEM Veneto e Consorzio BIM Piave Belluno. Avviato nel 2025 con un bando sperimentale, il progetto ha selezionato cinque giovani della Val Belluna che hanno seguito il Corso di Alta Formazione GEMMA dell\u2019Universit\u00e0 di Padova, acquisendo competenze sulla gestione etica e innovativa dei territori montani. Successivamente, i partecipanti hanno svolto tirocini extracurriculari presso enti locali e il GAL, sviluppando ricerche territoriali. Il percorso si \u00e8 arricchito con un mese di formazione a Bruxelles su europrogettazione e transizioni ambientali e digitali. Concluso ufficialmente il progetto, i giovani sono ora impegnati in nuove iniziative per lo sviluppo del territorio.<\/p>\n<p>&nbsp;<\/p>\n<p>&nbsp;<\/p>\n<hr \/>\n<p>&nbsp;<\/p>\n<blockquote>\n<h3>PAOLO MORO SUL PODIO MONDIALE: SECONDO POSTO AL WORLD SNOW FESTIVAL DI GRINDELWALD<\/h3>\n<\/blockquote>\n<p><strong>DI ALESSIA DALL&#8217;O&#8217;<\/strong><\/p>\n<p><strong>BORGO VALBELLUNA <\/strong>Lo scultore Paolo Moro di Trichiana ha conquistato il secondo posto alla World Snow Festival di Grindelwald, in Svizzera, insieme ai compagni Pietro Germano, Marina Schmohl e Livio Recla, all\u2019interno dell\u2019unica squadra italiana in gara. Il concorso si \u00e8 svolto dal 19 al 24 gennaio e ha visto sfidarsi team provenienti da tutta Europa e dagli Stati Uniti. L\u2019opera premiata, \u201cIl canto delle Sirene\u201d, ispirata all\u2019Odissea, ha colpito giuria e pubblico per la suggestiva resa scenografica delle luci notturne e per l\u2019imponenza della scultura: gli artisti hanno infatti lavorato su blocchi di neve di 3x3x3 metri. Per Paolo Moro l\u2019avventura sulla neve continua: dal 1\u00b0 febbraio sar\u00e0 protagonista anche al Festival Internazionale delle Sculture su Neve di San Candido, con l\u2019unica squadra italiana composta da artisti bellunesi, in collaborazione con Manuel De Francesch ed Elio Dal Mas.<\/p>\n\n\t\t\t<style type='text\/css'>\n\t\t\t\t#gallery-7 {\n\t\t\t\t\tmargin: auto;\n\t\t\t\t}\n\t\t\t\t#gallery-7 .gallery-item {\n\t\t\t\t\tfloat: left;\n\t\t\t\t\tmargin-top: 10px;\n\t\t\t\t\ttext-align: center;\n\t\t\t\t\twidth: 25%;\n\t\t\t\t}\n\t\t\t\t#gallery-7 img {\n\t\t\t\t\tborder: 2px solid #cfcfcf;\n\t\t\t\t}\n\t\t\t\t#gallery-7 .gallery-caption {\n\t\t\t\t\tmargin-left: 0;\n\t\t\t\t}\n\t\t\t\t\/* see gallery_shortcode() in wp-includes\/media.php *\/\n\t\t\t<\/style>\n\t\t<div id='gallery-7' class='dt-gallery-container gallery galleryid-492693 gallery-columns-4 gallery-size-medium'><dl class='gallery-item'>\n\t\t\t\t<dt class='gallery-icon landscape'>\n\t\t\t\t\t<a class=\"rollover rollover-zoom dt-pswp-item\" title=\"Bozzetto di paolo moro\" data-dt-img-description=\"\" data-large_image_width=\"1600\" data-large_image_height=\"1048\"href='https:\/\/www.radiopiu.net\/wordpress\/wp-content\/uploads\/2026\/01\/Bozzetto-di-paolo-moro.jpeg'><img loading=\"lazy\" decoding=\"async\" width=\"300\" height=\"197\" src=\"https:\/\/www.radiopiu.net\/wordpress\/wp-content\/uploads\/2026\/01\/Bozzetto-di-paolo-moro-300x197.jpeg\" class=\"attachment-medium size-medium\" alt=\"\" srcset=\"https:\/\/www.radiopiu.net\/wordpress\/wp-content\/uploads\/2026\/01\/Bozzetto-di-paolo-moro-300x197.jpeg 300w, https:\/\/www.radiopiu.net\/wordpress\/wp-content\/uploads\/2026\/01\/Bozzetto-di-paolo-moro-1024x671.jpeg 1024w, https:\/\/www.radiopiu.net\/wordpress\/wp-content\/uploads\/2026\/01\/Bozzetto-di-paolo-moro-768x503.jpeg 768w, https:\/\/www.radiopiu.net\/wordpress\/wp-content\/uploads\/2026\/01\/Bozzetto-di-paolo-moro-1536x1006.jpeg 1536w, https:\/\/www.radiopiu.net\/wordpress\/wp-content\/uploads\/2026\/01\/Bozzetto-di-paolo-moro.jpeg 1600w\" sizes=\"auto, (max-width: 300px) 100vw, 300px\" \/><\/a>\n\t\t\t\t<\/dt><\/dl><dl class='gallery-item'>\n\t\t\t\t<dt class='gallery-icon landscape'>\n\t\t\t\t\t<a class=\"rollover rollover-zoom dt-pswp-item\" title=\"Squadra con scultura\" data-dt-img-description=\"\" data-large_image_width=\"2000\" data-large_image_height=\"924\"href='https:\/\/www.radiopiu.net\/wordpress\/wp-content\/uploads\/2026\/01\/Squadra-con-scultura.jpeg'><img loading=\"lazy\" decoding=\"async\" width=\"300\" height=\"139\" src=\"https:\/\/www.radiopiu.net\/wordpress\/wp-content\/uploads\/2026\/01\/Squadra-con-scultura-300x139.jpeg\" class=\"attachment-medium size-medium\" alt=\"\" srcset=\"https:\/\/www.radiopiu.net\/wordpress\/wp-content\/uploads\/2026\/01\/Squadra-con-scultura-300x139.jpeg 300w, https:\/\/www.radiopiu.net\/wordpress\/wp-content\/uploads\/2026\/01\/Squadra-con-scultura-1024x473.jpeg 1024w, https:\/\/www.radiopiu.net\/wordpress\/wp-content\/uploads\/2026\/01\/Squadra-con-scultura-768x355.jpeg 768w, https:\/\/www.radiopiu.net\/wordpress\/wp-content\/uploads\/2026\/01\/Squadra-con-scultura-1536x710.jpeg 1536w, https:\/\/www.radiopiu.net\/wordpress\/wp-content\/uploads\/2026\/01\/Squadra-con-scultura.jpeg 2000w\" sizes=\"auto, (max-width: 300px) 100vw, 300px\" \/><\/a>\n\t\t\t\t<\/dt><\/dl><dl class='gallery-item'>\n\t\t\t\t<dt class='gallery-icon landscape'>\n\t\t\t\t\t<a class=\"rollover rollover-zoom dt-pswp-item\" title=\"Locandina WSF\" data-dt-img-description=\"\" data-large_image_width=\"2048\" data-large_image_height=\"2004\"href='https:\/\/www.radiopiu.net\/wordpress\/wp-content\/uploads\/2026\/01\/Locandina-WSF.jpg'><img loading=\"lazy\" decoding=\"async\" width=\"300\" height=\"294\" src=\"https:\/\/www.radiopiu.net\/wordpress\/wp-content\/uploads\/2026\/01\/Locandina-WSF-300x294.jpg\" class=\"attachment-medium size-medium\" alt=\"\" srcset=\"https:\/\/www.radiopiu.net\/wordpress\/wp-content\/uploads\/2026\/01\/Locandina-WSF-300x294.jpg 300w, https:\/\/www.radiopiu.net\/wordpress\/wp-content\/uploads\/2026\/01\/Locandina-WSF-1024x1002.jpg 1024w, https:\/\/www.radiopiu.net\/wordpress\/wp-content\/uploads\/2026\/01\/Locandina-WSF-768x752.jpg 768w, https:\/\/www.radiopiu.net\/wordpress\/wp-content\/uploads\/2026\/01\/Locandina-WSF-1536x1503.jpg 1536w, https:\/\/www.radiopiu.net\/wordpress\/wp-content\/uploads\/2026\/01\/Locandina-WSF.jpg 2048w\" sizes=\"auto, (max-width: 300px) 100vw, 300px\" \/><\/a>\n\t\t\t\t<\/dt><\/dl><dl class='gallery-item'>\n\t\t\t\t<dt class='gallery-icon landscape'>\n\t\t\t\t\t<a class=\"rollover rollover-zoom dt-pswp-item\" title=\"Premiazioni\" data-dt-img-description=\"\" data-large_image_width=\"2000\" data-large_image_height=\"924\"href='https:\/\/www.radiopiu.net\/wordpress\/wp-content\/uploads\/2026\/01\/Premiazioni.jpeg'><img loading=\"lazy\" decoding=\"async\" width=\"300\" height=\"139\" src=\"https:\/\/www.radiopiu.net\/wordpress\/wp-content\/uploads\/2026\/01\/Premiazioni-300x139.jpeg\" class=\"attachment-medium size-medium\" alt=\"\" srcset=\"https:\/\/www.radiopiu.net\/wordpress\/wp-content\/uploads\/2026\/01\/Premiazioni-300x139.jpeg 300w, https:\/\/www.radiopiu.net\/wordpress\/wp-content\/uploads\/2026\/01\/Premiazioni-1024x473.jpeg 1024w, https:\/\/www.radiopiu.net\/wordpress\/wp-content\/uploads\/2026\/01\/Premiazioni-768x355.jpeg 768w, https:\/\/www.radiopiu.net\/wordpress\/wp-content\/uploads\/2026\/01\/Premiazioni-1536x710.jpeg 1536w, https:\/\/www.radiopiu.net\/wordpress\/wp-content\/uploads\/2026\/01\/Premiazioni.jpeg 2000w\" sizes=\"auto, (max-width: 300px) 100vw, 300px\" \/><\/a>\n\t\t\t\t<\/dt><\/dl><br style=\"clear: both\" \/>\n\t\t\t<\/div>\n\n<p>&nbsp;<\/p>\n<hr \/>\n<p>&nbsp;<\/p>\n<blockquote>\n<h3>MASCORADA INTE SELVA, PRIMO APPUNTAMENTO DEI CARNEVAI DE LE VAI<\/h3>\n<\/blockquote>\n<p><strong>SELVA DI CADORE <\/strong>Grande successo per la Mascorada inte Selva, primo atteso appuntamento dei Carnevai de le Vai, che ha inaugurato la stagione con una partecipazione calorosa e numerosa. L\u2019evento ha coinvolto non solo i figuranti, ma anche tanti spettatori accorsi per assistere a uno spettacolo ricco di tradizione, musica e suggestione. Protagonista della giornata \u00e8 stata la slitta trainata dai cavalli di Zoldo Mountains, che ha accompagnato i musicisti e il Re del Bosco lungo il percorso. Accanto a loro, le figure simboliche del Matazin e del Lach\u00e9 hanno animato la scena, regalando momenti di grande coinvolgimento e richiamando le antiche radici del carnevale valligiano. La giornata, caratterizzata da una fitta nevicata, ha reso l\u2019atmosfera ancora pi\u00f9 scenografica. Il bianco della neve ha esaltato i colori vivaci dei costumi e delle maschere, creando un colpo d\u2019occhio particolarmente affascinante. Tra suoni, movimenti e tradizione, la Mascorada inte Selva si conferma un appuntamento capace di unire comunit\u00e0, cultura e spettacolo, aprendo nel migliore dei modi il calendario dei Carnevai de le Vai.<\/p>\n\n\t\t\t<style type='text\/css'>\n\t\t\t\t#gallery-8 {\n\t\t\t\t\tmargin: auto;\n\t\t\t\t}\n\t\t\t\t#gallery-8 .gallery-item {\n\t\t\t\t\tfloat: left;\n\t\t\t\t\tmargin-top: 10px;\n\t\t\t\t\ttext-align: center;\n\t\t\t\t\twidth: 25%;\n\t\t\t\t}\n\t\t\t\t#gallery-8 img {\n\t\t\t\t\tborder: 2px solid #cfcfcf;\n\t\t\t\t}\n\t\t\t\t#gallery-8 .gallery-caption {\n\t\t\t\t\tmargin-left: 0;\n\t\t\t\t}\n\t\t\t\t\/* see gallery_shortcode() in wp-includes\/media.php *\/\n\t\t\t<\/style>\n\t\t<div id='gallery-8' class='dt-gallery-container gallery galleryid-492693 gallery-columns-4 gallery-size-medium'><dl class='gallery-item'>\n\t\t\t\t<dt class='gallery-icon portrait'>\n\t\t\t\t\t<a class=\"rollover rollover-zoom dt-pswp-item\" title=\"4d892d55-0af9-40ac-a78a-74f8c83d35ce\" data-dt-img-description=\"\" data-large_image_width=\"1500\" data-large_image_height=\"2000\"href='https:\/\/www.radiopiu.net\/wordpress\/wp-content\/uploads\/2026\/01\/4d892d55-0af9-40ac-a78a-74f8c83d35ce.jpg'><img loading=\"lazy\" decoding=\"async\" width=\"225\" height=\"300\" src=\"https:\/\/www.radiopiu.net\/wordpress\/wp-content\/uploads\/2026\/01\/4d892d55-0af9-40ac-a78a-74f8c83d35ce-225x300.jpg\" class=\"attachment-medium size-medium\" alt=\"\" srcset=\"https:\/\/www.radiopiu.net\/wordpress\/wp-content\/uploads\/2026\/01\/4d892d55-0af9-40ac-a78a-74f8c83d35ce-225x300.jpg 225w, https:\/\/www.radiopiu.net\/wordpress\/wp-content\/uploads\/2026\/01\/4d892d55-0af9-40ac-a78a-74f8c83d35ce-768x1024.jpg 768w, https:\/\/www.radiopiu.net\/wordpress\/wp-content\/uploads\/2026\/01\/4d892d55-0af9-40ac-a78a-74f8c83d35ce-1152x1536.jpg 1152w, https:\/\/www.radiopiu.net\/wordpress\/wp-content\/uploads\/2026\/01\/4d892d55-0af9-40ac-a78a-74f8c83d35ce.jpg 1500w\" sizes=\"auto, (max-width: 225px) 100vw, 225px\" \/><\/a>\n\t\t\t\t<\/dt><\/dl><dl class='gallery-item'>\n\t\t\t\t<dt class='gallery-icon portrait'>\n\t\t\t\t\t<a class=\"rollover rollover-zoom dt-pswp-item\" title=\"c819773a-c15c-4ac6-9fb2-2277d1433d96\" data-dt-img-description=\"\" data-large_image_width=\"1500\" data-large_image_height=\"2000\"href='https:\/\/www.radiopiu.net\/wordpress\/wp-content\/uploads\/2026\/01\/c819773a-c15c-4ac6-9fb2-2277d1433d96.jpg'><img loading=\"lazy\" decoding=\"async\" width=\"225\" height=\"300\" src=\"https:\/\/www.radiopiu.net\/wordpress\/wp-content\/uploads\/2026\/01\/c819773a-c15c-4ac6-9fb2-2277d1433d96-225x300.jpg\" class=\"attachment-medium size-medium\" alt=\"\" srcset=\"https:\/\/www.radiopiu.net\/wordpress\/wp-content\/uploads\/2026\/01\/c819773a-c15c-4ac6-9fb2-2277d1433d96-225x300.jpg 225w, https:\/\/www.radiopiu.net\/wordpress\/wp-content\/uploads\/2026\/01\/c819773a-c15c-4ac6-9fb2-2277d1433d96-768x1024.jpg 768w, https:\/\/www.radiopiu.net\/wordpress\/wp-content\/uploads\/2026\/01\/c819773a-c15c-4ac6-9fb2-2277d1433d96-1152x1536.jpg 1152w, https:\/\/www.radiopiu.net\/wordpress\/wp-content\/uploads\/2026\/01\/c819773a-c15c-4ac6-9fb2-2277d1433d96.jpg 1500w\" sizes=\"auto, (max-width: 225px) 100vw, 225px\" \/><\/a>\n\t\t\t\t<\/dt><\/dl><dl class='gallery-item'>\n\t\t\t\t<dt class='gallery-icon portrait'>\n\t\t\t\t\t<a class=\"rollover rollover-zoom dt-pswp-item\" title=\"0a47dfb2-f1dd-4ef5-b5e8-bc48789319ad\" data-dt-img-description=\"\" data-large_image_width=\"1500\" data-large_image_height=\"2000\"href='https:\/\/www.radiopiu.net\/wordpress\/wp-content\/uploads\/2026\/01\/0a47dfb2-f1dd-4ef5-b5e8-bc48789319ad.jpg'><img loading=\"lazy\" decoding=\"async\" width=\"225\" height=\"300\" src=\"https:\/\/www.radiopiu.net\/wordpress\/wp-content\/uploads\/2026\/01\/0a47dfb2-f1dd-4ef5-b5e8-bc48789319ad-225x300.jpg\" class=\"attachment-medium size-medium\" alt=\"\" srcset=\"https:\/\/www.radiopiu.net\/wordpress\/wp-content\/uploads\/2026\/01\/0a47dfb2-f1dd-4ef5-b5e8-bc48789319ad-225x300.jpg 225w, https:\/\/www.radiopiu.net\/wordpress\/wp-content\/uploads\/2026\/01\/0a47dfb2-f1dd-4ef5-b5e8-bc48789319ad-768x1024.jpg 768w, https:\/\/www.radiopiu.net\/wordpress\/wp-content\/uploads\/2026\/01\/0a47dfb2-f1dd-4ef5-b5e8-bc48789319ad-1152x1536.jpg 1152w, https:\/\/www.radiopiu.net\/wordpress\/wp-content\/uploads\/2026\/01\/0a47dfb2-f1dd-4ef5-b5e8-bc48789319ad.jpg 1500w\" sizes=\"auto, (max-width: 225px) 100vw, 225px\" \/><\/a>\n\t\t\t\t<\/dt><\/dl><dl class='gallery-item'>\n\t\t\t\t<dt class='gallery-icon portrait'>\n\t\t\t\t\t<a class=\"rollover rollover-zoom dt-pswp-item\" title=\"b5aadbf4-b60d-4d97-a52e-1f33442ac66d\" data-dt-img-description=\"\" data-large_image_width=\"1500\" data-large_image_height=\"2000\"href='https:\/\/www.radiopiu.net\/wordpress\/wp-content\/uploads\/2026\/01\/b5aadbf4-b60d-4d97-a52e-1f33442ac66d.jpg'><img loading=\"lazy\" decoding=\"async\" width=\"225\" height=\"300\" src=\"https:\/\/www.radiopiu.net\/wordpress\/wp-content\/uploads\/2026\/01\/b5aadbf4-b60d-4d97-a52e-1f33442ac66d-225x300.jpg\" class=\"attachment-medium size-medium\" alt=\"\" srcset=\"https:\/\/www.radiopiu.net\/wordpress\/wp-content\/uploads\/2026\/01\/b5aadbf4-b60d-4d97-a52e-1f33442ac66d-225x300.jpg 225w, https:\/\/www.radiopiu.net\/wordpress\/wp-content\/uploads\/2026\/01\/b5aadbf4-b60d-4d97-a52e-1f33442ac66d-768x1024.jpg 768w, https:\/\/www.radiopiu.net\/wordpress\/wp-content\/uploads\/2026\/01\/b5aadbf4-b60d-4d97-a52e-1f33442ac66d-1152x1536.jpg 1152w, https:\/\/www.radiopiu.net\/wordpress\/wp-content\/uploads\/2026\/01\/b5aadbf4-b60d-4d97-a52e-1f33442ac66d.jpg 1500w\" sizes=\"auto, (max-width: 225px) 100vw, 225px\" \/><\/a>\n\t\t\t\t<\/dt><\/dl><br style=\"clear: both\" \/>\n\t\t\t<\/div>\n\n<p>&nbsp;<\/p>\n<hr \/>\n<p>&nbsp;<\/p>\n<blockquote>\n<h3>OPERAI E IMPIEGATI SEMPRE PIU\u2019 ANZIANI: SOPRATUTTO A ROVIGO, TREVISO E PADOVA<\/h3>\n<\/blockquote>\n<p><a class=\"dt-pswp-item\" href=\"https:\/\/www.radiopiu.net\/wordpress\/wp-content\/uploads\/2026\/01\/aa1.png\" data-dt-img-description=\"\" data-large_image_width=\"1293\" data-large_image_height=\"1477\"><img loading=\"lazy\" decoding=\"async\" class=\"size-medium wp-image-492687 alignleft\" src=\"https:\/\/www.radiopiu.net\/wordpress\/wp-content\/uploads\/2026\/01\/aa1-263x300.png\" alt=\"\" width=\"263\" height=\"300\" srcset=\"https:\/\/www.radiopiu.net\/wordpress\/wp-content\/uploads\/2026\/01\/aa1-263x300.png 263w, https:\/\/www.radiopiu.net\/wordpress\/wp-content\/uploads\/2026\/01\/aa1-896x1024.png 896w, https:\/\/www.radiopiu.net\/wordpress\/wp-content\/uploads\/2026\/01\/aa1-768x877.png 768w, https:\/\/www.radiopiu.net\/wordpress\/wp-content\/uploads\/2026\/01\/aa1.png 1293w\" sizes=\"auto, (max-width: 263px) 100vw, 263px\" \/><\/a>Nel 2024, ultimo anno per cui sono disponibili i dati, l\u2019et\u00e0 media dei lavoratori dipendenti del settore privato presenti in Veneto ha sfiorato i 42 anni. Oggi un dipendente veneto su tre \u2013 pari in termini assoluti a 578.300 persone &#8211; ha superato la soglia dei cinquant\u2019anni. Sul piano territoriale, le situazioni pi\u00f9 critiche si registrano a Rovigo, dove l\u2019et\u00e0 media raggiunge i 42,53 anni, seguita da Treviso (42,24) e Padova (42,16). Per contro, segnaliamo che le province dove l\u2019et\u00e0 \u00e8 pi\u00f9 bassa interessano Belluno e Vicenza (entrambe con 41,71), Venezia (41,66) e Verona (41,24) (vedi Graf. 1). La fotografia \u00e8 stata scattata dall\u2019Ufficio studi della CGIA.<\/p>\n<p><strong>Le piccole imprese e la trappola demografica<\/strong><br \/>\nL\u2019invecchiamento della popolazione non \u00e8 un tema solo demografico: \u00e8 anche un problema economico, soprattutto per le piccole e micro imprese. Anche in Veneto il ricambio generazionale nel mercato del lavoro si \u00e8 inceppato. O quasi. I lavoratori che vanno in pensione non sempre vengono sostituiti da giovani in numero sufficiente, e questo squilibrio sta diventando un vincolo strutturale alla crescita. Per le piccole aziende il primo rischio \u00e8 operativo. La carenza di manodopera riduce la capacit\u00e0 produttiva e rende pi\u00f9 difficile presidiare ruoli chiave, soprattutto nei settori tecnici e manifatturieri. Non si tratta solo di trovare persone, ma di trovare competenze adeguate in tempi compatibili con le esigenze aziendali. Il risultato \u00e8 una maggiore incertezza nei processi e una crescente fragilit\u00e0 organizzativa. A questa dinamica si somma l\u2019aumento dei costi del lavoro. Quando l\u2019offerta di lavoro si restringe, i salari salgono. Le grandi imprese riescono in parte ad assorbire l\u2019impatto, le piccole molto meno.<\/p>\n<p><strong>La perdita del capitale umano invisibile<\/strong><br \/>\nIl problema pi\u00f9 profondo, per\u00f2, \u00e8 la perdita di capitale umano invisibile. Con l\u2019uscita dei lavoratori pi\u00f9 anziani si disperdono competenze tacite, conoscenze di processo, relazioni con clienti e fornitori. \u00c8 un patrimonio che non compare nei bilanci aziendali ma che determina la capacit\u00e0 competitiva dell\u2019impresa. Senza un passaggio generazionale strutturato, molte piccole realt\u00e0 produttive rischiano di perdere in pochi anni ci\u00f2 che hanno costruito in decenni. L\u2019invecchiamento ha effetti anche sull\u2019innovazione. Organizzazioni con un\u2019et\u00e0 media elevata tendono ad adottare pi\u00f9 lentamente nuove tecnologie e modelli organizzativi. La digitalizzazione procede a macchia di leopardo, l\u2019automazione viene rinviata, l\u2019integrazione nelle filiere pi\u00f9 avanzate si indebolisce. In un\u2019economia sempre pi\u00f9 basata su produttivit\u00e0 e conoscenza, questo ritardo diventa cumulativo.<\/p>\n<p><strong><a class=\"dt-pswp-item\" href=\"https:\/\/www.radiopiu.net\/wordpress\/wp-content\/uploads\/2026\/01\/aa2.png\" data-dt-img-description=\"\" data-large_image_width=\"1296\" data-large_image_height=\"793\"><img loading=\"lazy\" decoding=\"async\" class=\"alignleft wp-image-492686 size-medium\" src=\"https:\/\/www.radiopiu.net\/wordpress\/wp-content\/uploads\/2026\/01\/aa2-300x184.png\" alt=\"\" width=\"300\" height=\"184\" srcset=\"https:\/\/www.radiopiu.net\/wordpress\/wp-content\/uploads\/2026\/01\/aa2-300x184.png 300w, https:\/\/www.radiopiu.net\/wordpress\/wp-content\/uploads\/2026\/01\/aa2-1024x627.png 1024w, https:\/\/www.radiopiu.net\/wordpress\/wp-content\/uploads\/2026\/01\/aa2-768x470.png 768w, https:\/\/www.radiopiu.net\/wordpress\/wp-content\/uploads\/2026\/01\/aa2.png 1296w\" sizes=\"auto, (max-width: 300px) 100vw, 300px\" \/><\/a>I settori ad alta intensit\u00e0 di lavoro sono i pi\u00f9 in difficolt\u00e0<\/strong><br \/>\nLe imprese edili, quelle di facchinaggio, l\u2019autotrasporto, i comparti produttivi che sono obbligati a lavorare anche di notte, etc., guardano con crescente preoccupazione all\u2019et\u00e0 media dei propri addetti. Nei cantieri, alla guida di un Tir e in molte fabbriche l\u2019invecchiamento delle maestranze non \u00e8 pi\u00f9 una tendenza, ma una realt\u00e0 strutturale, aggravata da un fatto ormai evidente: i giovani non vogliono pi\u00f9 fare questi mestieri. Il problema non \u00e8 solo demografico, ma economico e produttivo. L\u2019edilizia, ad esempio, \u00e8 un settore che vive di lavoro umano, competenze pratiche ed esperienza diretta. Quando muratori, carpentieri e capicantiere vanno in pensione senza essere sostituiti, la capacit\u00e0 produttiva delle imprese si riduce. I cantieri rallentano, i costi aumentano e diventa sempre pi\u00f9 difficile rispettare tempi e budget.<br \/>\nL\u2019invecchiamento delle maestranze incide anche sui costi. Una forza lavoro anziana \u00e8 pi\u00f9 esposta a infortuni e problemi di salute, con ricadute su assenteismo, premi assicurativi e spese indirette per le imprese. Molti settori ad alta intensit\u00e0 di lavoro anche in Veneto continuano a operare grazie alla disponibilit\u00e0 di manodopera straniera, ma fino a quando potremo ancora fare affidamento su questa risorsa?<\/p>\n<p><strong>Con pochi giovani, pi\u00f9 penalizzate le piccole delle grandi imprese<\/strong><br \/>\nI giovani, se devono scegliere dove lavorare, non hanno tanti dubbi: quasi sempre preferiscono le grandi imprese alle piccole per una combinazione di fattori economici, organizzativi e culturali. Non si tratta solo di una questione di salario, ma di aspettative di carriera, riduzione del rischio e qualit\u00e0 delle opportunit\u00e0 percepite. Le grandi aziende, ad esempio, offrono percorsi di carriera pi\u00f9 strutturati, con ruoli definiti, sistemi di valutazione, formazione interna e possibilit\u00e0 di mobilit\u00e0 orizzontale e verticale. Per un giovane, questo significa poter investire nel proprio capitale umano con maggiore prevedibilit\u00e0 dei rendimenti. Nelle piccole imprese l\u2019apprendimento pu\u00f2 essere intenso ma poco riconoscibile all\u2019esterno e spesso legato a competenze molto specifiche, difficilmente trasferibili. Lavorare per un grande marchio ha un valore simbolico: arricchisce il curriculum, facilita futuri passaggi occupazionali e, in caso di migrazione in un\u2019altra azienda, migliora la posizione contrattuale del lavoratore. Esiste poi una dimensione culturale e generazionale. Dopo gli anni del Covid i giovani attribuiscono sempre pi\u00f9 una grande importanza a welfare aziendale, flessibilit\u00e0 di orario, smart working, attenzione a diversit\u00e0 e sostenibilit\u00e0. Queste politiche sono pi\u00f9 diffuse e visibili nelle grandi imprese, che dispongono di risorse e strutture dedicate che le piccole imprese difficilmente dispongono. In sintesi, l\u2019invecchiamento della popolazione occupata, accentuato dalla scarsit\u00e0 di giovani in ingresso nel mercato del lavoro, sta orientando sempre pi\u00f9 le scelte delle nuove generazioni. Quando sono chiamati a decidere, i giovani privilegiano le grandi imprese, percepite come in grado di garantire maggiori tutele, visibilit\u00e0 e stabilit\u00e0. \u00c8 plausibile che nei prossimi anni questa dinamica si rafforzi ulteriormente, complicando in misura crescente la capacit\u00e0 dei piccoli imprenditori di reclutare manodopera.<\/p>\n<p><strong>Lavoratori anziani al top a Rovigo, Treviso e Padova<\/strong><br \/>\nA livello regionale la Basilicata registra l\u2019et\u00e0 media pi\u00f9 elevata tra i dipendenti privati (42,93 anni), seguita da Molise (42,65) e Umbria (42,55). Il Veneto \u00e8 a met\u00e0 classifica con un\u2019et\u00e0 media di 41,82. Il Friuli Venezia Giulia, invece, detiene il primato per l\u2019incidenza degli over 50 sul totale degli occupati, pari al 35,7 per cento. Nella nostra regione, invece, la quota \u00e8 al 33,3 per cento (vedi Tab. 1). Sul piano provinciale, infine, guida la graduatoria regionale Rovigo con un\u2019et\u00e0 media di 42,53 anni, seguita da Treviso con 42,24 e Padova, che raggiunge 42,16 anni. Rovigo \u00e8 anche la provincia con la quota pi\u00f9 alta in Veneto di ultra cinquantenni con una quota del 34,5 per cento degli occupati (vedi Tab. 2).<\/p>\n<p>&nbsp;<\/p>\n<p>&nbsp;<\/p>\n<hr \/>\n<p>&nbsp;<\/p>\n<blockquote>\n<h3>\u201cBRUNDIB\u00c1R\u201d A TEATRO: I BAMBINI DI OGGI RICORDANO LA MEMORIA E LA PACE<\/h3>\n<\/blockquote>\n<p><strong><a class=\"dt-pswp-item\" href=\"https:\/\/www.radiopiu.net\/wordpress\/wp-content\/uploads\/2022\/07\/LE-MUSE.png\" data-dt-img-description=\"\" data-large_image_width=\"750\" data-large_image_height=\"750\"><img loading=\"lazy\" decoding=\"async\" class=\" wp-image-288787 alignleft\" src=\"https:\/\/www.radiopiu.net\/wordpress\/wp-content\/uploads\/2022\/07\/LE-MUSE-300x300.png\" alt=\"\" width=\"158\" height=\"158\" srcset=\"https:\/\/www.radiopiu.net\/wordpress\/wp-content\/uploads\/2022\/07\/LE-MUSE-300x300.png 300w, https:\/\/www.radiopiu.net\/wordpress\/wp-content\/uploads\/2022\/07\/LE-MUSE-150x150.png 150w, https:\/\/www.radiopiu.net\/wordpress\/wp-content\/uploads\/2022\/07\/LE-MUSE.png 750w\" sizes=\"auto, (max-width: 158px) 100vw, 158px\" \/><\/a>FALCADE <\/strong>L\u2019opera lirica <em data-start=\"155\" data-end=\"166\">Brundib\u00e1r<\/em>, composta nel 1938 da Hans Kr\u00e1sa e rappresentata nel campo di concentramento di Theresienstadt, torna protagonista nelle Dolomiti grazie all\u2019Associazione \u201cLe Muse e le Dolomiti\u201d. Lo spettacolo, in programma per la Giornata della Memoria (27 gennaio 2026) al Teatro Navalge di Moena, coinvolge circa 600 studenti delle scuole di Fiemme, Fassa e Agordino. Attraverso recite scolastiche e laboratori preparatori, i ragazzi approfondiscono storia, arte e valori sociali come fratellanza, resilienza e speranza. L\u2019allestimento include un docufilm sul contesto storico di Terez\u00edn, testimonianze originali come quella di Ela Stein Weissberger e una dedica di Liliana Segre. L\u2019iniziativa permette agli studenti di esibirsi davanti a coetanei locali, rafforzando dialogo e partecipazione. L\u2019obiettivo \u00e8 stimolare una riflessione sul passato, contrastare l\u2019indifferenza e trasmettere l\u2019importanza della pace e della memoria alle nuove generazioni.<\/p>\n<p>&nbsp;<\/p>\n<hr \/>\n<p>&nbsp;<\/p>\n<blockquote>\n<h3>SEDICO SI ACCENDE DI COLORI E MUSICA: IL CARNEVALE 2026 PROMETTE SPETTACOLO E DIVERTIMENTO PER TUTTI<\/h3>\n<\/blockquote>\n<p><strong><a class=\"dt-pswp-item\" href=\"https:\/\/www.radiopiu.net\/wordpress\/wp-content\/uploads\/2026\/01\/carn-sedico-2026-copertina.jpg\" data-dt-img-description=\"\" data-large_image_width=\"955\" data-large_image_height=\"723\"><img loading=\"lazy\" decoding=\"async\" class=\" wp-image-491807 alignleft\" src=\"https:\/\/www.radiopiu.net\/wordpress\/wp-content\/uploads\/2026\/01\/carn-sedico-2026-copertina-300x227.jpg\" alt=\"\" width=\"205\" height=\"155\" srcset=\"https:\/\/www.radiopiu.net\/wordpress\/wp-content\/uploads\/2026\/01\/carn-sedico-2026-copertina-300x227.jpg 300w, https:\/\/www.radiopiu.net\/wordpress\/wp-content\/uploads\/2026\/01\/carn-sedico-2026-copertina-768x581.jpg 768w, https:\/\/www.radiopiu.net\/wordpress\/wp-content\/uploads\/2026\/01\/carn-sedico-2026-copertina.jpg 955w\" sizes=\"auto, (max-width: 205px) 100vw, 205px\" \/><\/a>SEDICO<\/strong> Sedico si prepara a vivere un Carnevale 2026 ricco di eventi per grandi e piccini. Si parte sabato 31 gennaio al Palaskating con il <em data-start=\"213\" data-end=\"229\">Carnival Party<\/em> anni \u201980 e \u201990, animazione, premi per le maschere pi\u00f9 originali e chiosco con panini e cocktail, tutto trasmesso in diretta da Radio Pi\u00f9. Sabato 7 febbraio apre la mostra <em data-start=\"409\" data-end=\"423\">Carnevalarte<\/em> con elaborati delle scuole sul tema \u201cUn Carnevale\u2026 Olimpico\u201d. Domenica 8 febbraio il tradizionale corso mascherato dei carri allegorici sedicensi vedr\u00e0 la partecipazione del Corpo Musicale Comunale e animazione per bambini, sempre in diretta radiofonica. Sabato 14 e domenica 15 febbraio il Carnevale dei Bambini e il secondo corso mascherato proporranno sfilate, Heroebus a tema Avengers, animazione, diretta di Radio Pi\u00f9 e spettacolo pirotecnico. Marted\u00ec 17 febbraio laboratori creativi per bambini. Sempre attivi chioschi, mini luna park, truccabimbi e lotteria con primo premio un buono viaggio da 1.000 euro.<\/p>\n<p><strong>IL PROGRAMMA (2 PAGINE)<\/strong><\/p>\n<a href=\"https:\/\/www.radiopiu.net\/wordpress\/wp-content\/uploads\/2026\/01\/CARNEVALE-FLYER-2026.pdf\" class=\"pdfemb-viewer\" style=\"\" data-width=\"max\" data-height=\"max\" data-toolbar=\"top\" data-toolbar-fixed=\"on\">CARNEVALE FLYER 2026<\/a>\n<p>&nbsp;<\/p>\n<hr \/>\n<p>&nbsp;<\/p>\n<blockquote>\n<h3>CARNEVAI DE LE VAI: LE DOLOMITI AGORDINE IN FESTA TRA MASCHERE E TRADIZIONE<\/h3>\n<\/blockquote>\n<p><strong><a class=\"dt-pswp-item\" href=\"https:\/\/www.radiopiu.net\/wordpress\/wp-content\/uploads\/2026\/01\/af0ded82-5edb-4dfd-bc28-73a34c3d12a7.jpg\" data-dt-img-description=\"\" data-large_image_width=\"1066\" data-large_image_height=\"1600\"><img loading=\"lazy\" decoding=\"async\" class=\" wp-image-492268 alignleft\" src=\"https:\/\/www.radiopiu.net\/wordpress\/wp-content\/uploads\/2026\/01\/af0ded82-5edb-4dfd-bc28-73a34c3d12a7-200x300.jpg\" alt=\"\" width=\"126\" height=\"189\" srcset=\"https:\/\/www.radiopiu.net\/wordpress\/wp-content\/uploads\/2026\/01\/af0ded82-5edb-4dfd-bc28-73a34c3d12a7-200x300.jpg 200w, https:\/\/www.radiopiu.net\/wordpress\/wp-content\/uploads\/2026\/01\/af0ded82-5edb-4dfd-bc28-73a34c3d12a7-682x1024.jpg 682w, https:\/\/www.radiopiu.net\/wordpress\/wp-content\/uploads\/2026\/01\/af0ded82-5edb-4dfd-bc28-73a34c3d12a7-768x1153.jpg 768w, https:\/\/www.radiopiu.net\/wordpress\/wp-content\/uploads\/2026\/01\/af0ded82-5edb-4dfd-bc28-73a34c3d12a7-1023x1536.jpg 1023w, https:\/\/www.radiopiu.net\/wordpress\/wp-content\/uploads\/2026\/01\/af0ded82-5edb-4dfd-bc28-73a34c3d12a7.jpg 1066w\" sizes=\"auto, (max-width: 126px) 100vw, 126px\" \/><\/a>REDAZIONE <\/strong>Dal 25 gennaio al 15 febbraio le Dolomiti Agordine tornano ad animarsi con il <em data-start=\"159\" data-end=\"179\">Carnevai de le Vai<\/em>, rassegna dedicata alle maschere tradizionali che attraversa valli e paesi, unendo folklore, musica e partecipazione popolare. Cinque appuntamenti scandiscono il calendario, da Selva di Cadore a Rivamonte Agordino, da Sottoguda a Laste di Rocca Pietore, fino al gran finale a Canale d\u2019Agordo con <em data-start=\"476\" data-end=\"492\">La Zinghen\u00e9sta<\/em>. Il Carnevale diventa cos\u00ec un viaggio nella memoria collettiva: sfilate colorate, balli, canti, fal\u00f2, momenti conviviali e concorsi per le maschere pi\u00f9 belle coinvolgono residenti e visitatori. Ogni evento valorizza identit\u00e0 locali e antichi rituali, reinterpretati con energia contemporanea. L\u2019invito \u00e8 aperto a tutti: indossare una maschera, tradizionale o di fantasia, e lasciarsi trasportare dall\u2019atmosfera autentica di un Carnevale che racconta la storia delle montagne e delle sue comunit\u00e0, celebrando l\u2019inverno come tempo di incontro e condivisione.<\/p>\n<p>&nbsp;<\/p>\n<p><strong>\u00a0TUTTE LE INFORMAZIONI SULLE TAPPE (2 PAGINE)<\/strong><\/p>\n<a href=\"https:\/\/www.radiopiu.net\/wordpress\/wp-content\/uploads\/2026\/01\/pieghevole-Carnevale-2.pdf\" class=\"pdfemb-viewer\" style=\"\" data-width=\"max\" data-height=\"max\" data-toolbar=\"top\" data-toolbar-fixed=\"on\">pieghevole Carnevale 2<\/a>\n<p>&nbsp;<\/p>\n<p>&nbsp;<\/p>\n<p>&nbsp;<\/p>\n<hr \/>\n<p>&nbsp;<\/p>\n<h1><span style=\"color: #ff6600;\">IERI ALLA RADIO<\/span><\/h1>\n<h2><span style=\"color: #99cc00;\">LA RASSEGNA STAMPA DA L&#8217;AMICO DEL POPOLO <\/span><\/h2>\n<p><strong><a href=\"https:\/\/www.radiopiu.net\/wordpress\/wp-content\/uploads\/2026\/01\/ramazzina-angelo.webp\"><img loading=\"lazy\" decoding=\"async\" class=\" wp-image-492713 alignleft\" src=\"https:\/\/www.radiopiu.net\/wordpress\/wp-content\/uploads\/2026\/01\/ramazzina-angelo.webp\" alt=\"\" width=\"151\" height=\"151\" srcset=\"https:\/\/www.radiopiu.net\/wordpress\/wp-content\/uploads\/2026\/01\/ramazzina-angelo.webp 217w, https:\/\/www.radiopiu.net\/wordpress\/wp-content\/uploads\/2026\/01\/ramazzina-angelo-150x150.webp 150w\" sizes=\"auto, (max-width: 151px) 100vw, 151px\" \/><\/a>DI GIANNI SANTOMASO<\/strong><\/p>\n<p>OSPITE: ANGELO RAMAZZINA<\/p>\n<audio class=\"wp-audio-shortcode\" id=\"audio-492693-5\" preload=\"none\" style=\"width: 100%;\" controls=\"controls\"><source type=\"audio\/mpeg\" src=\"https:\/\/www.radiopiu.net\/wordpress\/wp-content\/uploads\/2026\/01\/RASSEGNA-GIANNI-SITO-2.mp3?_=5\" \/><a href=\"https:\/\/www.radiopiu.net\/wordpress\/wp-content\/uploads\/2026\/01\/RASSEGNA-GIANNI-SITO-2.mp3\">https:\/\/www.radiopiu.net\/wordpress\/wp-content\/uploads\/2026\/01\/RASSEGNA-GIANNI-SITO-2.mp3<\/a><\/audio>\n<p>&nbsp;<\/p>\n<hr \/>\n<p>&nbsp;<\/p>\n<h2><span style=\"color: #33cccc;\">DUE MINUTI PER TE <\/span><\/h2>\n<p><strong><a class=\"dt-pswp-item\" href=\"https:\/\/www.radiopiu.net\/wordpress\/wp-content\/uploads\/2025\/09\/DON-GIORGIO-LISE.jpg\" data-dt-img-description=\"\" data-large_image_width=\"768\" data-large_image_height=\"448\"><img loading=\"lazy\" decoding=\"async\" class=\" wp-image-470788 alignleft\" src=\"https:\/\/www.radiopiu.net\/wordpress\/wp-content\/uploads\/2025\/09\/DON-GIORGIO-LISE-300x175.jpg\" alt=\"\" width=\"183\" height=\"107\" srcset=\"https:\/\/www.radiopiu.net\/wordpress\/wp-content\/uploads\/2025\/09\/DON-GIORGIO-LISE-300x175.jpg 300w, https:\/\/www.radiopiu.net\/wordpress\/wp-content\/uploads\/2025\/09\/DON-GIORGIO-LISE.jpg 768w\" sizes=\"auto, (max-width: 183px) 100vw, 183px\" \/><\/a>IL PENSIERO DELLA DOMENICA DI MONSIGNOR GIORGIO LISE<\/strong><\/p>\n<audio class=\"wp-audio-shortcode\" id=\"audio-492693-6\" preload=\"none\" style=\"width: 100%;\" controls=\"controls\"><source type=\"audio\/mpeg\" src=\"https:\/\/www.radiopiu.net\/wordpress\/wp-content\/uploads\/2026\/01\/DON-GIORGIO-3.mp3?_=6\" \/><a href=\"https:\/\/www.radiopiu.net\/wordpress\/wp-content\/uploads\/2026\/01\/DON-GIORGIO-3.mp3\">https:\/\/www.radiopiu.net\/wordpress\/wp-content\/uploads\/2026\/01\/DON-GIORGIO-3.mp3<\/a><\/audio>\n<p>&nbsp;<\/p>\n<hr \/>\n<p>&nbsp;<\/p>\n<h2><span style=\"color: #cc99ff;\">IL CARNEVALE DI SEDICO 2026, UN PROGRAMMA RICCO DI EVENTI<\/span><\/h2>\n<p><strong><a class=\"dt-pswp-item\" href=\"https:\/\/www.radiopiu.net\/wordpress\/wp-content\/uploads\/2026\/01\/49845698-089e-4f10-9794-876db02a27f3.jpg\" data-dt-img-description=\"\" data-large_image_width=\"1600\" data-large_image_height=\"1200\"><img loading=\"lazy\" decoding=\"async\" class=\" wp-image-492416 alignleft\" src=\"https:\/\/www.radiopiu.net\/wordpress\/wp-content\/uploads\/2026\/01\/49845698-089e-4f10-9794-876db02a27f3-300x225.jpg\" alt=\"\" width=\"165\" height=\"124\" srcset=\"https:\/\/www.radiopiu.net\/wordpress\/wp-content\/uploads\/2026\/01\/49845698-089e-4f10-9794-876db02a27f3-300x225.jpg 300w, https:\/\/www.radiopiu.net\/wordpress\/wp-content\/uploads\/2026\/01\/49845698-089e-4f10-9794-876db02a27f3-1024x768.jpg 1024w, https:\/\/www.radiopiu.net\/wordpress\/wp-content\/uploads\/2026\/01\/49845698-089e-4f10-9794-876db02a27f3-768x576.jpg 768w, https:\/\/www.radiopiu.net\/wordpress\/wp-content\/uploads\/2026\/01\/49845698-089e-4f10-9794-876db02a27f3-1536x1152.jpg 1536w, https:\/\/www.radiopiu.net\/wordpress\/wp-content\/uploads\/2026\/01\/49845698-089e-4f10-9794-876db02a27f3.jpg 1600w\" sizes=\"auto, (max-width: 165px) 100vw, 165px\" \/><\/a>DI MARCO GAZ E MARINA DONA&#8217;<\/strong><\/p>\n<p>OSPITI: Marco Gabrieli e Stefano Triches<\/p>\n<audio class=\"wp-audio-shortcode\" id=\"audio-492693-7\" preload=\"none\" style=\"width: 100%;\" controls=\"controls\"><source type=\"audio\/mpeg\" src=\"https:\/\/www.radiopiu.net\/wordpress\/wp-content\/uploads\/2026\/01\/CARNEVALE-DI-SEDICO-2026-MARCO-GABRIELI-E-STEFANO-TRICHES.mp3?_=7\" \/><a href=\"https:\/\/www.radiopiu.net\/wordpress\/wp-content\/uploads\/2026\/01\/CARNEVALE-DI-SEDICO-2026-MARCO-GABRIELI-E-STEFANO-TRICHES.mp3\">https:\/\/www.radiopiu.net\/wordpress\/wp-content\/uploads\/2026\/01\/CARNEVALE-DI-SEDICO-2026-MARCO-GABRIELI-E-STEFANO-TRICHES.mp3<\/a><\/audio>\n<p>&nbsp;<\/p>\n<hr \/>\n<p>&nbsp;<\/p>\n<h2><span style=\"color: #ffcc00;\">IL 31 GENNAIO A CANALE TORNA LA CASPARETHA<\/span><\/h2>\n<p><strong><a class=\"dt-pswp-item\" href=\"https:\/\/www.radiopiu.net\/wordpress\/wp-content\/uploads\/2026\/01\/d252826e-39a1-45d5-987a-aa7288a3b60e.jpg\" data-dt-img-description=\"\" data-large_image_width=\"2048\" data-large_image_height=\"1152\"><img loading=\"lazy\" decoding=\"async\" class=\" wp-image-490611 alignleft\" src=\"https:\/\/www.radiopiu.net\/wordpress\/wp-content\/uploads\/2026\/01\/d252826e-39a1-45d5-987a-aa7288a3b60e-300x169.jpg\" alt=\"\" width=\"217\" height=\"122\" srcset=\"https:\/\/www.radiopiu.net\/wordpress\/wp-content\/uploads\/2026\/01\/d252826e-39a1-45d5-987a-aa7288a3b60e-300x169.jpg 300w, https:\/\/www.radiopiu.net\/wordpress\/wp-content\/uploads\/2026\/01\/d252826e-39a1-45d5-987a-aa7288a3b60e-1024x576.jpg 1024w, https:\/\/www.radiopiu.net\/wordpress\/wp-content\/uploads\/2026\/01\/d252826e-39a1-45d5-987a-aa7288a3b60e-768x432.jpg 768w, https:\/\/www.radiopiu.net\/wordpress\/wp-content\/uploads\/2026\/01\/d252826e-39a1-45d5-987a-aa7288a3b60e-1536x864.jpg 1536w, https:\/\/www.radiopiu.net\/wordpress\/wp-content\/uploads\/2026\/01\/d252826e-39a1-45d5-987a-aa7288a3b60e.jpg 2048w\" sizes=\"auto, (max-width: 217px) 100vw, 217px\" \/><\/a>DI MIRKO MEZZACASA<\/strong><\/p>\n<p>OSPITI: Emil Tancon, Laura Fontanive e Giulio Serafini<\/p>\n<audio class=\"wp-audio-shortcode\" id=\"audio-492693-8\" preload=\"none\" style=\"width: 100%;\" controls=\"controls\"><source type=\"audio\/mpeg\" src=\"https:\/\/www.radiopiu.net\/wordpress\/wp-content\/uploads\/2026\/01\/CASPARETHA-2026-1.mp3?_=8\" \/><a href=\"https:\/\/www.radiopiu.net\/wordpress\/wp-content\/uploads\/2026\/01\/CASPARETHA-2026-1.mp3\">https:\/\/www.radiopiu.net\/wordpress\/wp-content\/uploads\/2026\/01\/CASPARETHA-2026-1.mp3<\/a><\/audio>\n<p>&nbsp;<\/p>\n<hr \/>\n<p>&nbsp;<\/p>\n<blockquote class=\"wp-embedded-content\" data-secret=\"MC1VOQZMMV\"><p><a href=\"https:\/\/www.radiopiu.net\/wordpress\/piu-siamo-con-marina-settimana-dal-19-al-23-gennaio-2026\/\">PIU&#8217; SIAMO&#8230;CON MARINA &#8211; SETTIMANA DAL 19 AL 23 GENNAIO 2026<\/a><\/p><\/blockquote>\n<p><iframe loading=\"lazy\" class=\"wp-embedded-content\" sandbox=\"allow-scripts\" security=\"restricted\" style=\"position: absolute; visibility: hidden;\" title=\"&#8220;PIU&#8217; SIAMO&#8230;CON MARINA &#8211; SETTIMANA DAL 19 AL 23 GENNAIO 2026&#8221; &#8212; Radio Pi\u00f9\" src=\"https:\/\/www.radiopiu.net\/wordpress\/piu-siamo-con-marina-settimana-dal-19-al-23-gennaio-2026\/embed\/#?secret=82WG7wd51P#?secret=MC1VOQZMMV\" data-secret=\"MC1VOQZMMV\" width=\"600\" height=\"338\" frameborder=\"0\" marginwidth=\"0\" marginheight=\"0\" scrolling=\"no\"><\/iframe><\/p>\n<p>&nbsp;<\/p>\n<hr \/>\n<p>&nbsp;<\/p>\n<p><span style=\"color: #ff0000;\"><img loading=\"lazy\" decoding=\"async\" class=\"wp-image-61958 size-full aligncenter\" src=\"https:\/\/www.radiopiu.net\/wordpress\/wp-content\/uploads\/2018\/09\/appuntamenti.jpeg\" alt=\"\" width=\"800\" height=\"100\" srcset=\"https:\/\/www.radiopiu.net\/wordpress\/wp-content\/uploads\/2018\/09\/appuntamenti.jpeg 800w, https:\/\/www.radiopiu.net\/wordpress\/wp-content\/uploads\/2018\/09\/appuntamenti-300x38.jpeg 300w, https:\/\/www.radiopiu.net\/wordpress\/wp-content\/uploads\/2018\/09\/appuntamenti-768x96.jpeg 768w\" sizes=\"auto, (max-width: 800px) 100vw, 800px\" \/><\/span><\/p>\n<p>&nbsp;<\/p>\n\n\t\t\t<style type='text\/css'>\n\t\t\t\t#gallery-9 {\n\t\t\t\t\tmargin: auto;\n\t\t\t\t}\n\t\t\t\t#gallery-9 .gallery-item {\n\t\t\t\t\tfloat: left;\n\t\t\t\t\tmargin-top: 10px;\n\t\t\t\t\ttext-align: center;\n\t\t\t\t\twidth: 20%;\n\t\t\t\t}\n\t\t\t\t#gallery-9 img {\n\t\t\t\t\tborder: 2px solid #cfcfcf;\n\t\t\t\t}\n\t\t\t\t#gallery-9 .gallery-caption {\n\t\t\t\t\tmargin-left: 0;\n\t\t\t\t}\n\t\t\t\t\/* see gallery_shortcode() in wp-includes\/media.php *\/\n\t\t\t<\/style>\n\t\t<div id='gallery-9' class='dt-gallery-container gallery galleryid-492693 gallery-columns-5 gallery-size-thumbnail'><dl class='gallery-item'>\n\t\t\t\t<dt class='gallery-icon portrait'>\n\t\t\t\t\t<a class=\"rollover rollover-zoom dt-pswp-item\" title=\"locandina mostra loris\" data-dt-img-description=\"\" data-large_image_width=\"595\" data-large_image_height=\"841\"href='https:\/\/www.radiopiu.net\/wordpress\/wp-content\/uploads\/2026\/01\/locandina-mostra-loris.jpg'><img loading=\"lazy\" decoding=\"async\" width=\"150\" height=\"150\" src=\"https:\/\/www.radiopiu.net\/wordpress\/wp-content\/uploads\/2026\/01\/locandina-mostra-loris-150x150.jpg\" class=\"attachment-thumbnail size-thumbnail\" alt=\"\" \/><\/a>\n\t\t\t\t<\/dt><\/dl><dl class='gallery-item'>\n\t\t\t\t<dt class='gallery-icon portrait'>\n\t\t\t\t\t<a class=\"rollover rollover-zoom dt-pswp-item\" title=\"af0ded82-5edb-4dfd-bc28-73a34c3d12a7\" data-dt-img-description=\"\" data-large_image_width=\"1066\" data-large_image_height=\"1600\"href='https:\/\/www.radiopiu.net\/wordpress\/wp-content\/uploads\/2026\/01\/af0ded82-5edb-4dfd-bc28-73a34c3d12a7.jpg'><img loading=\"lazy\" decoding=\"async\" width=\"150\" height=\"150\" src=\"https:\/\/www.radiopiu.net\/wordpress\/wp-content\/uploads\/2026\/01\/af0ded82-5edb-4dfd-bc28-73a34c3d12a7-150x150.jpg\" class=\"attachment-thumbnail size-thumbnail\" alt=\"\" \/><\/a>\n\t\t\t\t<\/dt><\/dl><dl class='gallery-item'>\n\t\t\t\t<dt class='gallery-icon portrait'>\n\t\t\t\t\t<a class=\"rollover rollover-zoom dt-pswp-item\" title=\"c1c94592-13e1-433c-9a57-492a55efdc18\" data-dt-img-description=\"\" data-large_image_width=\"1080\" data-large_image_height=\"1350\"href='https:\/\/www.radiopiu.net\/wordpress\/wp-content\/uploads\/2026\/01\/c1c94592-13e1-433c-9a57-492a55efdc18.jpg'><img loading=\"lazy\" decoding=\"async\" width=\"150\" height=\"150\" src=\"https:\/\/www.radiopiu.net\/wordpress\/wp-content\/uploads\/2026\/01\/c1c94592-13e1-433c-9a57-492a55efdc18-150x150.jpg\" class=\"attachment-thumbnail size-thumbnail\" alt=\"\" \/><\/a>\n\t\t\t\t<\/dt><\/dl><dl class='gallery-item'>\n\t\t\t\t<dt class='gallery-icon portrait'>\n\t\t\t\t\t<a class=\"rollover rollover-zoom dt-pswp-item\" title=\"Aspettando le Olimpiadi - evento a Limana\" data-dt-img-description=\"\" data-large_image_width=\"1240\" data-large_image_height=\"1754\"href='https:\/\/www.radiopiu.net\/wordpress\/wp-content\/uploads\/2026\/01\/Aspettando-le-Olimpiadi-evento-a-Limana.jpg'><img loading=\"lazy\" decoding=\"async\" width=\"150\" height=\"150\" src=\"https:\/\/www.radiopiu.net\/wordpress\/wp-content\/uploads\/2026\/01\/Aspettando-le-Olimpiadi-evento-a-Limana-150x150.jpg\" class=\"attachment-thumbnail size-thumbnail\" alt=\"\" \/><\/a>\n\t\t\t\t<\/dt><\/dl><dl class='gallery-item'>\n\t\t\t\t<dt class='gallery-icon portrait'>\n\t\t\t\t\t<a class=\"rollover rollover-zoom dt-pswp-item\" title=\"4e967043-c873-4f5f-b1c6-d5dbc3a0bb33\" data-dt-img-description=\"\" data-large_image_width=\"1414\" data-large_image_height=\"2000\"href='https:\/\/www.radiopiu.net\/wordpress\/wp-content\/uploads\/2026\/01\/4e967043-c873-4f5f-b1c6-d5dbc3a0bb33.jpg'><img loading=\"lazy\" decoding=\"async\" width=\"150\" height=\"150\" src=\"https:\/\/www.radiopiu.net\/wordpress\/wp-content\/uploads\/2026\/01\/4e967043-c873-4f5f-b1c6-d5dbc3a0bb33-150x150.jpg\" class=\"attachment-thumbnail size-thumbnail\" alt=\"\" \/><\/a>\n\t\t\t\t<\/dt><\/dl><br style=\"clear: both\" \/><dl class='gallery-item'>\n\t\t\t\t<dt class='gallery-icon portrait'>\n\t\t\t\t\t<a class=\"rollover rollover-zoom dt-pswp-item\" title=\"67d99ec1-0291-4462-817b-c043279744e5\" data-dt-img-description=\"\" data-large_image_width=\"1131\" data-large_image_height=\"1600\"href='https:\/\/www.radiopiu.net\/wordpress\/wp-content\/uploads\/2025\/12\/67d99ec1-0291-4462-817b-c043279744e5.jpg'><img loading=\"lazy\" decoding=\"async\" width=\"150\" height=\"150\" src=\"https:\/\/www.radiopiu.net\/wordpress\/wp-content\/uploads\/2025\/12\/67d99ec1-0291-4462-817b-c043279744e5-150x150.jpg\" class=\"attachment-thumbnail size-thumbnail\" alt=\"\" \/><\/a>\n\t\t\t\t<\/dt><\/dl><dl class='gallery-item'>\n\t\t\t\t<dt class='gallery-icon portrait'>\n\t\t\t\t\t<a class=\"rollover rollover-zoom dt-pswp-item\" title=\"SIGNORI\" data-dt-img-description=\"\" data-large_image_width=\"905\" data-large_image_height=\"1280\"href='https:\/\/www.radiopiu.net\/wordpress\/wp-content\/uploads\/2026\/01\/SIGNORI.jpeg'><img loading=\"lazy\" decoding=\"async\" width=\"150\" height=\"150\" src=\"https:\/\/www.radiopiu.net\/wordpress\/wp-content\/uploads\/2026\/01\/SIGNORI-150x150.jpeg\" class=\"attachment-thumbnail size-thumbnail\" alt=\"\" \/><\/a>\n\t\t\t\t<\/dt><\/dl><dl class='gallery-item'>\n\t\t\t\t<dt class='gallery-icon portrait'>\n\t\t\t\t\t<a class=\"rollover rollover-zoom dt-pswp-item\" title=\"1000260928\" data-dt-img-description=\"\" data-large_image_width=\"720\" data-large_image_height=\"874\"href='https:\/\/www.radiopiu.net\/wordpress\/wp-content\/uploads\/2026\/01\/1000260928.jpg'><img loading=\"lazy\" decoding=\"async\" width=\"150\" height=\"150\" src=\"https:\/\/www.radiopiu.net\/wordpress\/wp-content\/uploads\/2026\/01\/1000260928-150x150.jpg\" class=\"attachment-thumbnail size-thumbnail\" alt=\"\" \/><\/a>\n\t\t\t\t<\/dt><\/dl><dl class='gallery-item'>\n\t\t\t\t<dt class='gallery-icon portrait'>\n\t\t\t\t\t<a class=\"rollover rollover-zoom dt-pswp-item\" title=\"Storie di Storia definitivo-1\" data-dt-img-description=\"\" data-large_image_width=\"1240\" data-large_image_height=\"1754\"href='https:\/\/www.radiopiu.net\/wordpress\/wp-content\/uploads\/2026\/01\/Storie-di-Storia-definitivo-1.jpg'><img loading=\"lazy\" decoding=\"async\" width=\"150\" height=\"150\" src=\"https:\/\/www.radiopiu.net\/wordpress\/wp-content\/uploads\/2026\/01\/Storie-di-Storia-definitivo-1-150x150.jpg\" class=\"attachment-thumbnail size-thumbnail\" alt=\"\" \/><\/a>\n\t\t\t\t<\/dt><\/dl><dl class='gallery-item'>\n\t\t\t\t<dt class='gallery-icon portrait'>\n\t\t\t\t\t<a class=\"rollover rollover-zoom dt-pswp-item\" title=\"586740953_1283004097175673_3623727418094522816_n\" data-dt-img-description=\"\" data-large_image_width=\"514\" data-large_image_height=\"720\"href='https:\/\/www.radiopiu.net\/wordpress\/wp-content\/uploads\/2025\/11\/586740953_1283004097175673_3623727418094522816_n.jpg'><img loading=\"lazy\" decoding=\"async\" width=\"150\" height=\"150\" src=\"https:\/\/www.radiopiu.net\/wordpress\/wp-content\/uploads\/2025\/11\/586740953_1283004097175673_3623727418094522816_n-150x150.jpg\" class=\"attachment-thumbnail size-thumbnail\" alt=\"\" \/><\/a>\n\t\t\t\t<\/dt><\/dl><br style=\"clear: both\" \/><dl class='gallery-item'>\n\t\t\t\t<dt class='gallery-icon portrait'>\n\t\t\t\t\t<a class=\"rollover rollover-zoom dt-pswp-item\" title=\"584332528_1279625560846860_1524691345192499574_n\" data-dt-img-description=\"\" data-large_image_width=\"417\" data-large_image_height=\"590\"href='https:\/\/www.radiopiu.net\/wordpress\/wp-content\/uploads\/2025\/11\/584332528_1279625560846860_1524691345192499574_n.jpg'><img loading=\"lazy\" decoding=\"async\" width=\"150\" height=\"150\" src=\"https:\/\/www.radiopiu.net\/wordpress\/wp-content\/uploads\/2025\/11\/584332528_1279625560846860_1524691345192499574_n-150x150.jpg\" class=\"attachment-thumbnail size-thumbnail\" alt=\"\" \/><\/a>\n\t\t\t\t<\/dt><\/dl><dl class='gallery-item'>\n\t\t\t\t<dt class='gallery-icon portrait'>\n\t\t\t\t\t<a class=\"rollover rollover-zoom dt-pswp-item\" title=\"PRES LIBRO\" data-dt-img-description=\"\" data-large_image_width=\"672\" data-large_image_height=\"888\"href='https:\/\/www.radiopiu.net\/wordpress\/wp-content\/uploads\/2026\/01\/PRES-LIBRO.jpg'><img loading=\"lazy\" decoding=\"async\" width=\"150\" height=\"150\" src=\"https:\/\/www.radiopiu.net\/wordpress\/wp-content\/uploads\/2026\/01\/PRES-LIBRO-150x150.jpg\" class=\"attachment-thumbnail size-thumbnail\" alt=\"\" \/><\/a>\n\t\t\t\t<\/dt><\/dl><dl class='gallery-item'>\n\t\t\t\t<dt class='gallery-icon portrait'>\n\t\t\t\t\t<a class=\"rollover rollover-zoom dt-pswp-item\" title=\"e65e010f-2ee0-47e6-9114-dacef690c3d1\" data-dt-img-description=\"\" data-large_image_width=\"1024\" data-large_image_height=\"1280\"href='https:\/\/www.radiopiu.net\/wordpress\/wp-content\/uploads\/2026\/01\/e65e010f-2ee0-47e6-9114-dacef690c3d1.jpg'><img loading=\"lazy\" decoding=\"async\" width=\"150\" height=\"150\" src=\"https:\/\/www.radiopiu.net\/wordpress\/wp-content\/uploads\/2026\/01\/e65e010f-2ee0-47e6-9114-dacef690c3d1-150x150.jpg\" class=\"attachment-thumbnail size-thumbnail\" alt=\"\" \/><\/a>\n\t\t\t\t<\/dt><\/dl>\n\t\t\t\t<br style='clear: both' \/>\n\t\t\t<\/div>\n\n<p>&nbsp;<\/p>\n<p>&nbsp;<\/p>\n<hr \/>\n<p>&nbsp;<\/p>\n<p class=\"mceTemp\"><a class=\"dt-pswp-item\" href=\"https:\/\/www.radiopiu.net\/wordpress\/wp-content\/uploads\/2018\/09\/WhatsApp-Image-2018-09-20-at-16.04.06.jpeg\" data-dt-img-description=\"\" data-large_image_width=\"800\" data-large_image_height=\"100\"><img loading=\"lazy\" decoding=\"async\" class=\"wp-image-61378 size-full aligncenter\" src=\"https:\/\/www.radiopiu.net\/wordpress\/wp-content\/uploads\/2018\/09\/WhatsApp-Image-2018-09-20-at-16.04.06.jpeg\" alt=\"\" width=\"800\" height=\"100\" srcset=\"https:\/\/www.radiopiu.net\/wordpress\/wp-content\/uploads\/2018\/09\/WhatsApp-Image-2018-09-20-at-16.04.06.jpeg 800w, https:\/\/www.radiopiu.net\/wordpress\/wp-content\/uploads\/2018\/09\/WhatsApp-Image-2018-09-20-at-16.04.06-300x38.jpeg 300w, https:\/\/www.radiopiu.net\/wordpress\/wp-content\/uploads\/2018\/09\/WhatsApp-Image-2018-09-20-at-16.04.06-768x96.jpeg 768w\" sizes=\"auto, (max-width: 800px) 100vw, 800px\" \/><\/a><\/p>\n<p>&nbsp;<\/p>\n<p><center><b>OGGI<\/b><\/center>Nella notte e al primo mattino nuvoloso con nuvolosit\u00e0 in attenuazione. In giornata schiarite via via pi\u00f9 ampie a partire da ovest fino a cielo sereno o poco nuvoloso al pomeriggio e alla sera.<br \/>\n<b>Precipitazioni: <\/b>Non esclusa nella notte qualche debole nevicata fino nei fondovalle dolomitici e sui 700\/900 m sulle Prealpi<br \/>\n<b>Temperature: <\/b>Minime in calo, con possibili gelate estese al primo mattino; massime in lieve aumento nelle valli, stazionarie in quota<\/p>\n<hr \/>\n<p><center><b>DOMANI<\/b><\/center>Tempo inizialmente soleggiato, eccetto in caso di locali nubi basse su qualche settore prealpino, freddo ovunque al primo mattino con estese gelate. Al pomeriggio tendenza ad aumento della nuvolosit\u00e0 da ovest, fino a cielo nuvoloso o molto nuvoloso nella notte, con i primi possibili fenomeni sulle Prealpi veronesi.<br \/>\n<b>Precipitazioni: <\/b>Fino al pomeriggio assenti. Tra il tardo pomeriggio e la sera primi deboli fenomeni sulle Prealpi, in estensione verso est nella notte, nevosi attorno ai 1000 m, con limite in rialzo.<br \/>\n<b>Temperature: <\/b>Minime in ulteriore calo nelle valli, stazionarie in quota; massime senza notevoli variazioni, salvo risultare in aumento in alta quota.<\/p>\n<hr \/>\n<p><center><b>MERCOLEDI<\/b><\/center>Condizioni di tempo perturbato, con cielo molto nuvoloso\/coperto e precipitazioni diffuse, nevose nei fondovalle dolomitici pi\u00f9 interni, attorno ai 1000\/1200 m sulle Prealpi e sulle aree dolomitiche pi\u00f9 aperte, temporaneamente anche fino sui 1500 m sulle Prealpi.<\/p>\n<hr \/>\n<p><center><b>GIOVEDI<\/b><\/center>Possibile residuo maltempo fino al mattino, specie sulle Dolomiti, con neve possibile oltre gli 800\/1000 m sulle Dolomiti, 1000\/1200 m sulle Prealpi. In giornata attenuazione della nuvolosit\u00e0 fino a cielo poco nuvoloso al pomeriggio\/sera<\/p>\n<p>&nbsp;<\/p>\n<hr \/>\n<p>&nbsp;<\/p>\n<p class=\"mceTemp\"><a class=\"dt-pswp-item\" href=\"https:\/\/www.radiopiu.net\/wordpress\/wp-content\/uploads\/2018\/09\/sport.jpg\" data-dt-img-description=\"\" data-large_image_width=\"800\" data-large_image_height=\"100\"><img loading=\"lazy\" decoding=\"async\" class=\"aligncenter wp-image-60761 size-full\" src=\"https:\/\/www.radiopiu.net\/wordpress\/wp-content\/uploads\/2018\/09\/sport.jpg\" alt=\"\" width=\"800\" height=\"100\" srcset=\"https:\/\/www.radiopiu.net\/wordpress\/wp-content\/uploads\/2018\/09\/sport.jpg 800w, https:\/\/www.radiopiu.net\/wordpress\/wp-content\/uploads\/2018\/09\/sport-300x38.jpg 300w, https:\/\/www.radiopiu.net\/wordpress\/wp-content\/uploads\/2018\/09\/sport-768x96.jpg 768w\" sizes=\"auto, (max-width: 800px) 100vw, 800px\" \/> <\/a><\/p>\n<p>&nbsp;<\/p>\n<p><span style=\"color: #0000ff;\"><strong>HOCKEY SU GHIACCIO<\/strong><\/span><\/p>\n<blockquote>\n<h3>L&#8217;APPIANO ESPUGNA IL DE TONI DI ALLEGHE, IL FELTRE VINCE ANCORA<\/h3>\n<\/blockquote>\n<p><strong><a class=\"dt-pswp-item\" href=\"https:\/\/www.radiopiu.net\/wordpress\/wp-content\/uploads\/2025\/11\/bf88584c-5af3-4db1-a2c5-c9763c7c771f.jpg\" data-dt-img-description=\"\" data-large_image_width=\"1600\" data-large_image_height=\"988\"><img loading=\"lazy\" decoding=\"async\" class=\" wp-image-480449 alignleft\" src=\"https:\/\/www.radiopiu.net\/wordpress\/wp-content\/uploads\/2025\/11\/bf88584c-5af3-4db1-a2c5-c9763c7c771f-300x185.jpg\" alt=\"\" width=\"222\" height=\"137\" srcset=\"https:\/\/www.radiopiu.net\/wordpress\/wp-content\/uploads\/2025\/11\/bf88584c-5af3-4db1-a2c5-c9763c7c771f-300x185.jpg 300w, https:\/\/www.radiopiu.net\/wordpress\/wp-content\/uploads\/2025\/11\/bf88584c-5af3-4db1-a2c5-c9763c7c771f-1024x632.jpg 1024w, https:\/\/www.radiopiu.net\/wordpress\/wp-content\/uploads\/2025\/11\/bf88584c-5af3-4db1-a2c5-c9763c7c771f-768x474.jpg 768w, https:\/\/www.radiopiu.net\/wordpress\/wp-content\/uploads\/2025\/11\/bf88584c-5af3-4db1-a2c5-c9763c7c771f-1536x948.jpg 1536w, https:\/\/www.radiopiu.net\/wordpress\/wp-content\/uploads\/2025\/11\/bf88584c-5af3-4db1-a2c5-c9763c7c771f.jpg 1600w\" sizes=\"auto, (max-width: 222px) 100vw, 222px\" \/><\/a>DI MARCO GAZ<\/strong><\/p>\n<p><span style=\"color: #0000ff;\"><strong>IHL 3\u00b0 GIONATA SECONDA FASE<\/strong><\/span><\/p>\n<p><span style=\"color: #ff0000;\"><strong>MASTER ROUND<\/strong><\/span><\/p>\n<p><strong>ALLEGHE \u2013 APPIANO 5-6<\/strong><\/p>\n<p>PARZIALI: 2-4, 3-2, 0-0<\/p>\n<p>RETI: pt. 0\u201922\u201d Amici, 7\u201904\u201d Shwingshackl, 8\u201914\u201d Eruzione, 13\u201902\u201d Huhtela, 13\u201921\u201d Alessio, 13\u201939\u201d Eruzione. st. 2\u201950\u201d Martini, 3\u201943\u201d De Toni, 8\u201942\u201d Eruzione, 13\u201914\u201d Messner, 19\u201945\u201d De Toni.<\/p>\n<p>Terza sconfitta consecutiva per l\u2019Alleghe che non riesce a rialzare la testa in questo Master Round. Al De Toni le civette iniziano male ma riescono a raggiungere l\u2019Appiano. Altoatesini che riescono a vincere la partita a fine secondo tempo. Gli agordini non riescono a reagire condizionati anche da alcune decisioni arbitrali che hanno influito sull\u2019andamento del match. Gioved\u00ec biancorossi di nuovo in campo per la trasferta contro la capolista Caldaro. Pronti, via e Appiano subito in vantaggio. Bastano 22\u201d agli altoatesini per sbloccare la gara. De Toni perde un disco in fase difensiva, Eruzione serve Amici che solo davanti al portiere non sbaglia. L\u2019Alleghe prova la reazione con Huhtela ma il tiro viene bloccato. I pirati issano la bandiera al De Toni e nel giro di un minuto trovano due gol in successione. Civette in difficolt\u00e0 che non riescono a tenere il passo degli avversari. Si svegliano gli agordini che sfruttano due diasttenzioni per accorciare le distanze. Il primo gol in powerplay con un siluro di Hutela, la seconda marcatura agordina a firma di Alessio. La risposta altoatesina non si fa attendere ed Eruzione mette la firma sulla doppietta personale. Alleghe che entra in campo pi\u00f9 deciso nella seconda frazione e Martini trova il terzo gol della serata. L\u2019Appiano non rimane a guardare e si fa pericoloso con Eruzione. I biacorossi per\u00f2 completano la rimonta: powerplay a favore delle civette e conclusione vincente in diagonale di De Toni. Al giro di boa i pirati tornano in vantaggio. Diego Iori finisce in panca puniti ed Eruzione batte il golie alleghese. Ennesima penalit\u00e0 per le civette e Appiano che torna al gol con Messner. A fine primo tempo padroni di casa all\u2019arrembaggio trovano in superiorit\u00e0 numerica il gol che riapre la contesa grazie a De Toni. \u00a0Nel terzo le penalit\u00e0 fioccano da entrambi i lati ma il punteggio rimane invariato. Le squadre vengono influite dalle scelte arbitrali e lo spettacolo va sfumando. Nel finale di gara Surenki decide ti giocare con l\u2019uomo di movimento in pi\u00f9. Toglie il portiere ma la mossa non da i frutti sperati.<\/p>\n<p>&nbsp;<\/p>\n<p><span style=\"color: #ff0000;\"><strong>QUALIFICATION ROUND<\/strong><\/span><\/p>\n<p><strong>FELTRE \u2013 DOBBIACO 4-1<\/strong><\/p>\n<p>PARZIALI: 1-1, 0-0, 3-0<\/p>\n<p>RETI: pt. 3\u201933\u201d M. Dall\u2019Agnol, 3\u201956\u201d Lahnaer. tt. 8\u201940\u201d Zampieri, 16\u201948\u201d Da Forno, 19\u201916\u201d M. Dall\u2019Agnol<\/p>\n<p>Terza vittoria consecutiva su altrettante partite giocate nel qualification round per il Feltre. I picchi giocano bene e tengono in mano la gara con il Dobbiaco anche se la vittoria arriva nella terza frazione di gioco. I feltrini viaggiano a punteggio pieno nella seconda fase di campionato e gioved\u00ec sera giocher\u00e0 in trasferta contro il Valpellice. Inizia bene la partita per i picchi che dopo appena 3\u2019 passano in vantaggio con Matteo Dall\u2019Agnol. Passano pochi secondi e il Dobbiaco trova il pareggio su disattenzione difensiva dei padroni di casa. A tenere in mano la partita sono i feltrini che continuano a prendere di mira la porta altoatesina ma senza trovare il gol. nel secondo tempo la storia non cambia e il Feltre si avvicina pi\u00f9 volte alla rete. Nel terzo tempo la squadra feltrina chiude la gara mettendo a segno altre 2 marcature con Zampieri e Da Forno. A chiudere definitivamente la sfida ci pensa Matteo Dall\u2019Agnol.<\/p>\n<p>&nbsp;<\/p>\n<p><span style=\"color: #0000ff;\"><strong>SCI ALPINO<\/strong><\/span><\/p>\n<blockquote>\n<h3>GIOVANNI FRANZONI DOMINA LA STREIF: L\u2019ITALIANO BATTE ODERMATT NELLA DISCESA DI KITZB\u00dcHEL<\/h3>\n<\/blockquote>\n<p><strong><a class=\"dt-pswp-item\" href=\"https:\/\/www.radiopiu.net\/wordpress\/wp-content\/uploads\/2026\/01\/franzoni.png\" data-dt-img-description=\"\" data-large_image_width=\"1144\" data-large_image_height=\"608\"><img loading=\"lazy\" decoding=\"async\" class=\" wp-image-492734 alignleft\" src=\"https:\/\/www.radiopiu.net\/wordpress\/wp-content\/uploads\/2026\/01\/franzoni-300x159.png\" alt=\"\" width=\"211\" height=\"112\" srcset=\"https:\/\/www.radiopiu.net\/wordpress\/wp-content\/uploads\/2026\/01\/franzoni-300x159.png 300w, https:\/\/www.radiopiu.net\/wordpress\/wp-content\/uploads\/2026\/01\/franzoni-1024x544.png 1024w, https:\/\/www.radiopiu.net\/wordpress\/wp-content\/uploads\/2026\/01\/franzoni-768x408.png 768w, https:\/\/www.radiopiu.net\/wordpress\/wp-content\/uploads\/2026\/01\/franzoni.png 1144w\" sizes=\"auto, (max-width: 211px) 100vw, 211px\" \/><\/a>REDAZIONE <\/strong>In una delle gare pi\u00f9 attese della Coppa del Mondo di sci alpino, Giovanni Franzoni ha scritto una pagina storica per lo sport italiano. Sulla mitica pista della Streif a Kitzb\u00fchel, in Austria, il 24enne cresciuto nello Ski College di Falcade ha preceduto il campione svizzero Marco Odermatt, dominatore delle velocit\u00e0 in questa stagione, conquistando la vittoria nella discesa libera maschile con un margine risicato ma decisivo. Il successo di Franzoni segna un trionfo clamoroso nel circuito pi\u00f9 prestigioso dello sci alpino e lo proietta nell\u2019olimpo dei discesisti italiani: \u00e8 infatti soltanto il quinto italiano ad aggiudicarsi una discesa libera a Kitzb\u00fchel, dopo giganti del calibro di Albino Alver\u00e0, Dominik Paris, Peter Fill e Kristian Ghedina. La stagione di Franzoni \u00e8 stata in rapida ascesa: dopo aver ottenuto il primo successo in carriera nel super-G a Wengen, il talento lombardo ha mostrato una padronanza eccezionale sulle piste pi\u00f9 difficili al mondo. La vittoria a Kitzb\u00fchel non \u00e8 solo un risultato sportivo straordinario, ma una consacrazione per un atleta che continua a sorprendere e che ora guarda con fiducia verso le prossime grandi sfide della stagione.<strong><br \/>\n<\/strong><\/p>\n<p><strong>PER LE TRE RADIO BARBARA PAOLAZZI<\/strong><\/p>\n<audio class=\"wp-audio-shortcode\" id=\"audio-492693-9\" preload=\"none\" style=\"width: 100%;\" controls=\"controls\"><source type=\"audio\/mpeg\" src=\"https:\/\/www.radiopiu.net\/wordpress\/wp-content\/uploads\/2026\/01\/PAO-FRAN.mp3?_=9\" \/><a href=\"https:\/\/www.radiopiu.net\/wordpress\/wp-content\/uploads\/2026\/01\/PAO-FRAN.mp3\">https:\/\/www.radiopiu.net\/wordpress\/wp-content\/uploads\/2026\/01\/PAO-FRAN.mp3<\/a><\/audio>\n<p>&nbsp;<\/p>\n<p><span style=\"color: #0000ff;\"><strong>SNOWBOARD<\/strong><\/span><\/p>\n<blockquote>\n<h3>MARCH E DALMASSO SECONDI NEL PARALLELO A SQUADRE IN COPPA DEL MONDO<\/h3>\n<\/blockquote>\n<p><strong><a class=\"dt-pswp-item\" href=\"https:\/\/www.radiopiu.net\/wordpress\/wp-content\/uploads\/2026\/01\/march_dalmasso_simonhohe_podio_1068.jpg\" data-dt-img-description=\"\" data-large_image_width=\"1068\" data-large_image_height=\"584\"><img loading=\"lazy\" decoding=\"async\" class=\" wp-image-492744 alignleft\" src=\"https:\/\/www.radiopiu.net\/wordpress\/wp-content\/uploads\/2026\/01\/march_dalmasso_simonhohe_podio_1068-300x164.jpg\" alt=\"\" width=\"251\" height=\"137\" srcset=\"https:\/\/www.radiopiu.net\/wordpress\/wp-content\/uploads\/2026\/01\/march_dalmasso_simonhohe_podio_1068-300x164.jpg 300w, https:\/\/www.radiopiu.net\/wordpress\/wp-content\/uploads\/2026\/01\/march_dalmasso_simonhohe_podio_1068-1024x560.jpg 1024w, https:\/\/www.radiopiu.net\/wordpress\/wp-content\/uploads\/2026\/01\/march_dalmasso_simonhohe_podio_1068-768x420.jpg 768w, https:\/\/www.radiopiu.net\/wordpress\/wp-content\/uploads\/2026\/01\/march_dalmasso_simonhohe_podio_1068.jpg 1068w\" sizes=\"auto, (max-width: 251px) 100vw, 251px\" \/><\/a>REDAZIONE<\/strong> Aaron March e Lucia Dalmasso hanno conquistato il secondo posto nel parallelo a squadre misto che ha chiuso la tappa di Coppa del Mondo di Simonh\u00f6he, in Austria. La coppia azzurra ha confermato l\u2019Italia sul podio, arrendendosi solo in finale al team Austria 4 formato da Andreas Prommegger e Sabine Payer, mentre il terzo posto \u00e8 andato agli Stati Uniti. Per la squadra azzurra del parallelo si tratta del venticinquesimo podio stagionale, a conferma di un avvio di stagione molto positivo. Si sono invece fermate ai quarti di finale le altre due formazioni italiane in gara: Maurizio Bormolini ed Elisa Caffont, quinti, e Gabriel Messner con Jasmin Coratti, sesti. La Coppa del Mondo proseguir\u00e0 a Rogla, in Slovenia, sabato 31 gennaio con l\u2019ultimo gigante parallelo prima della pausa olimpica. (FOTO: FISI)<\/p>\n<p>&nbsp;<\/p>\n<p><span style=\"color: #0000ff;\"><strong>SCI DI FONDO<\/strong><\/span><\/p>\n<blockquote>\n<h3>MARCIALONGA EPICA TRA NEVE E IMPRESA SPORTIVA. LORENZO BUSIN PRIMO DEGLI ITALIANI<\/h3>\n<\/blockquote>\n<p><strong><a class=\"dt-pswp-item\" href=\"https:\/\/www.radiopiu.net\/wordpress\/wp-content\/uploads\/2026\/01\/f55205e8-cbaf-412d-9773-cf20e2355d62.jpg\" data-dt-img-description=\"\" data-large_image_width=\"1600\" data-large_image_height=\"879\"><img loading=\"lazy\" decoding=\"async\" class=\" wp-image-492819 alignleft\" src=\"https:\/\/www.radiopiu.net\/wordpress\/wp-content\/uploads\/2026\/01\/f55205e8-cbaf-412d-9773-cf20e2355d62-300x165.jpg\" alt=\"\" width=\"213\" height=\"117\" srcset=\"https:\/\/www.radiopiu.net\/wordpress\/wp-content\/uploads\/2026\/01\/f55205e8-cbaf-412d-9773-cf20e2355d62-300x165.jpg 300w, https:\/\/www.radiopiu.net\/wordpress\/wp-content\/uploads\/2026\/01\/f55205e8-cbaf-412d-9773-cf20e2355d62-1024x563.jpg 1024w, https:\/\/www.radiopiu.net\/wordpress\/wp-content\/uploads\/2026\/01\/f55205e8-cbaf-412d-9773-cf20e2355d62-768x422.jpg 768w, https:\/\/www.radiopiu.net\/wordpress\/wp-content\/uploads\/2026\/01\/f55205e8-cbaf-412d-9773-cf20e2355d62-1536x844.jpg 1536w, https:\/\/www.radiopiu.net\/wordpress\/wp-content\/uploads\/2026\/01\/f55205e8-cbaf-412d-9773-cf20e2355d62.jpg 1600w\" sizes=\"auto, (max-width: 213px) 100vw, 213px\" \/><\/a>REDAZIONE <\/strong>Sotto una fitta e incessante nevicata si \u00e8 svolta un\u2019edizione destinata a entrare nella storia della Marcialonga. I 70 chilometri del celebre tracciato hanno messo a durissima prova gli atleti, con condizioni definite da tutti \u201cincredibili\u201d: oltre 10 centimetri di neve fresca in pista e l\u2019assenza quasi totale dei binari hanno trasformato la gara in una vera sfida di resistenza e tecnica. In questo contesto estremo brilla la prova di Lorenzo Busin, che chiude al 33\u00b0 posto assoluto, a soli 1&#8217;36&#8221; dal vincitore, risultando il primo italiano al traguardo di Cavalese. A imporsi \u00e8 il norvegese Stadaas.<\/p>\n<p><strong>L&#8217;INTERVISTA DI MATTIA VALENTINI A LORENZO BUSIN<\/strong><\/p>\n<audio class=\"wp-audio-shortcode\" id=\"audio-492693-10\" preload=\"none\" style=\"width: 100%;\" controls=\"controls\"><source type=\"audio\/mpeg\" src=\"https:\/\/www.radiopiu.net\/wordpress\/wp-content\/uploads\/2026\/01\/BUSIN-MARCIALONGA.mp3?_=10\" \/><a href=\"https:\/\/www.radiopiu.net\/wordpress\/wp-content\/uploads\/2026\/01\/BUSIN-MARCIALONGA.mp3\">https:\/\/www.radiopiu.net\/wordpress\/wp-content\/uploads\/2026\/01\/BUSIN-MARCIALONGA.mp3<\/a><\/audio>\n<p>&nbsp;<\/p>\n<div class=\"page-title-head hgroup\">\n<blockquote>\n<h3 class=\"entry-title\">FESA CUP: VANESSA CAGNATI TRIONFA A GRESSONEY<\/h3>\n<\/blockquote>\n<\/div>\n<p class=\"photoswipe-wrapper\" data-start=\"51\" data-end=\"444\"><a class=\"dt-pswp-item pspw-wrap-ready\" href=\"https:\/\/www.radiopiu.net\/wordpress\/wp-content\/uploads\/2026\/01\/Screenshot-2026-01-26-051643.png\" data-dt-img-description=\"\" data-large_image_width=\"244\" data-large_image_height=\"184\"><img loading=\"lazy\" decoding=\"async\" class=\"size-full wp-image-492925 alignleft\" src=\"https:\/\/www.radiopiu.net\/wordpress\/wp-content\/uploads\/2026\/01\/Screenshot-2026-01-26-051643.png\" alt=\"\" width=\"244\" height=\"184\" \/><\/a>Non si ferma pi\u00f9\u00a0<strong data-start=\"68\" data-end=\"87\">Vanessa Cagnati<\/strong>. Dopo il titolo italiano conquistato a Falcade, la junior cresciuta nello Sci Club Val Biois ha ottenuto il suo\u00a0<strong data-start=\"200\" data-end=\"233\">primo successo internazionale<\/strong>, vincendo la 10 chilometri in classico a cronometro della\u00a0<strong data-start=\"292\" data-end=\"304\">Fesa Cup<\/strong>\u00a0a Gressoney Saint Jean. Ora tesserata per le Fiamme Gialle, Cagnati ha preceduto la svizzera Nina Cantieni e la francese Anouchka Neuville.<\/p>\n<p data-start=\"446\" data-end=\"734\">Buona prova anche per l\u2019altra agordina\u00a0<strong data-start=\"485\" data-end=\"504\">Caterina Milani<\/strong>, diciottesima, reduce dal settimo posto nella sprint del giorno precedente. Per entrambe la trasferta valdostana conferma l\u2019ottimo lavoro svolto in vista dei\u00a0<strong data-start=\"663\" data-end=\"684\">Mondiali Under 20<\/strong>, in programma a marzo a Lillehammer, in Norvegia.<\/p>\n<p data-start=\"736\" data-end=\"979\" data-is-last-node=\"\" data-is-only-node=\"\">Nella prova maschile juniores vittoria dell\u2019italiano\u00a0<strong data-start=\"789\" data-end=\"810\">Daniel Pedranzini<\/strong>, mentre tra i senior doppietta azzurra con\u00a0<strong data-start=\"854\" data-end=\"880\">Giandomenico Salvadori<\/strong>\u00a0davanti a Giovanni Ticc\u00f2. Prossimo appuntamento della Fesa Cup a met\u00e0 febbraio in Repubblica Ceca.<\/p>\n<p>&nbsp;<\/p>\n<blockquote>\n<p data-start=\"0\" data-end=\"82\"><strong data-start=\"0\" data-end=\"82\">SCI ALPINISMO: SCOLA SECONDA IN COPPA ITALIA, DE SILVESTRO SETTIMA IN MONDIALE<\/strong><\/p>\n<\/blockquote>\n<p data-start=\"84\" data-end=\"533\"><a class=\"dt-pswp-item\" href=\"https:\/\/www.radiopiu.net\/wordpress\/wp-content\/uploads\/2026\/01\/Screenshot-2026-01-26-051858.png\" data-dt-img-description=\"\" data-large_image_width=\"239\" data-large_image_height=\"143\"><img loading=\"lazy\" decoding=\"async\" class=\"size-full wp-image-492927 alignleft\" src=\"https:\/\/www.radiopiu.net\/wordpress\/wp-content\/uploads\/2026\/01\/Screenshot-2026-01-26-051858.png\" alt=\"\" width=\"239\" height=\"143\" \/><\/a>Ottima prova per <strong data-start=\"101\" data-end=\"118\">Martina Scola<\/strong> in Coppa Italia. La falcadina dello Sci Nordico Marmolada ha conquistato il <strong data-start=\"195\" data-end=\"221\">secondo posto Under 20<\/strong> nell\u2019Individual disputato a Macugnaga, prova di recupero ai piedi del Monte Rosa. Davanti a lei solo Melissa Bertolina delle Fiamme Oro, con un distacco di 48 secondi. Podio completato dalla lombarda Silvia Boscacci. Positivo anche il bilancio del Comitato Veneto, che rientra con tre secondi posti complessivi.<\/p>\n<p data-start=\"535\" data-end=\"844\" data-is-last-node=\"\" data-is-only-node=\"\">In Coppa del Mondo di sci alpinismo, a La Massana in Andorra, terzo posto nel Vertical maschile per <strong data-start=\"635\" data-end=\"654\">Matteo Sostizzo<\/strong>, al primo podio iridato in carriera. Nella gara femminile, settima posizione per <strong data-start=\"736\" data-end=\"757\">Alba De Silvestro<\/strong>, atleta comeliana del Centro sportivo Esercito. Oggi la tappa si chiude con la Sprint.<\/p>\n<p><strong><span style=\"color: #0000ff;\">CORSA IN MONTAGNA<\/span><\/strong><\/p>\n<div class=\"flex max-w-full flex-col\">\n<div class=\"min-h-8 text-message relative flex w-full flex-col items-end gap-2 text-start break-words whitespace-normal [.text-message+&amp;]:mt-1\" dir=\"auto\" data-message-author-role=\"assistant\" data-message-id=\"11778062-e141-4ff2-821e-6806c23feb81\" data-message-model-slug=\"gpt-5-2\">\n<div class=\"flex w-full flex-col gap-1 empty:hidden first:pt-[1px]\">\n<div class=\"markdown prose dark:prose-invert w-full wrap-break-word dark markdown-new-styling\">\n<blockquote>\n<p data-start=\"0\" data-end=\"63\"><strong data-start=\"0\" data-end=\"63\"><a class=\"dt-pswp-item\" href=\"https:\/\/www.radiopiu.net\/wordpress\/wp-content\/uploads\/2019\/07\/LUCA-CAGNATI-PRIMIERO-MARATHON.jpeg\" data-dt-img-description=\"\" data-large_image_width=\"717\" data-large_image_height=\"720\"><img loading=\"lazy\" decoding=\"async\" class=\"wp-image-90952 alignleft\" src=\"https:\/\/www.radiopiu.net\/wordpress\/wp-content\/uploads\/2019\/07\/LUCA-CAGNATI-PRIMIERO-MARATHON-300x300.jpeg\" alt=\"\" width=\"129\" height=\"129\" srcset=\"https:\/\/www.radiopiu.net\/wordpress\/wp-content\/uploads\/2019\/07\/LUCA-CAGNATI-PRIMIERO-MARATHON-300x300.jpeg 300w, https:\/\/www.radiopiu.net\/wordpress\/wp-content\/uploads\/2019\/07\/LUCA-CAGNATI-PRIMIERO-MARATHON-150x150.jpeg 150w, https:\/\/www.radiopiu.net\/wordpress\/wp-content\/uploads\/2019\/07\/LUCA-CAGNATI-PRIMIERO-MARATHON.jpeg 717w\" sizes=\"auto, (max-width: 129px) 100vw, 129px\" \/><\/a>WINTER NIGHT RUN: CAGNATI SECONDO, ZANELLA TERZO A DOBBIACO<\/strong><\/p>\n<\/blockquote>\n<p data-start=\"65\" data-end=\"460\">Ottima prova sulla neve per <strong data-start=\"93\" data-end=\"109\">Luca Cagnati<\/strong> e <strong data-start=\"112\" data-end=\"131\">Osvaldo Zanella<\/strong> alla decima edizione della <em data-start=\"159\" data-end=\"177\">Winter Night Run<\/em> di Dobbiaco, gara podistica notturna di 12 chilometri. L\u2019atleta di Canale d\u2019Agordo ha chiuso <strong data-start=\"271\" data-end=\"302\">secondo per un solo secondo<\/strong>, battuto in volata dall\u2019altoatesino Samuel Demetz, mentre Zanella, di Laggio di Cadore, ha conquistato il <strong data-start=\"409\" data-end=\"424\">terzo posto<\/strong>, staccato di poco pi\u00f9 di un minuto. Oltre novecento i partecipanti complessivi. \u00abUna gara utile per ritrovare il ritmo\u00bb, ha commentato Cagnati, che punta a tornare in maglia azzurra nel 2026. Archiviata la notturna, lo sguardo \u00e8 ora rivolto alla <em data-start=\"672\" data-end=\"694\">Cortina Dobbiaco Run<\/em>, in programma il 31 maggio.<\/p>\n<\/div>\n<\/div>\n<\/div>\n<\/div>\n<div class=\"flex items-center justify-center\"><\/div>\n<blockquote>\n<p data-start=\"0\" data-end=\"52\"><strong data-start=\"0\" data-end=\"52\">CAMPACCIO: LUCIA ARNOLDO QUINTA E PRIMA PROMESSE<\/strong><\/p>\n<\/blockquote>\n<p data-start=\"54\" data-end=\"376\"><a class=\"dt-pswp-item\" href=\"https:\/\/www.radiopiu.net\/wordpress\/wp-content\/uploads\/2026\/01\/Screenshot-2026-01-26-052411-e1769401472252.png\" data-dt-img-description=\"\" data-large_image_width=\"190\" data-large_image_height=\"210\"><img loading=\"lazy\" decoding=\"async\" class=\" wp-image-492932 alignleft\" src=\"https:\/\/www.radiopiu.net\/wordpress\/wp-content\/uploads\/2026\/01\/Screenshot-2026-01-26-052411-e1769401472252.png\" alt=\"\" width=\"83\" height=\"92\" \/><\/a>Grande prestazione per <strong data-start=\"77\" data-end=\"94\">Lucia Arnoldo<\/strong> al Campaccio di San Giorgio su Legnano, una delle classiche pi\u00f9 prestigiose della corsa campestre. La zoldana dell\u2019Atletica Dolomiti Belluno ha chiuso <strong data-start=\"246\" data-end=\"274\">al quinto posto assoluto<\/strong>, prima della categoria Promesse, confermando l\u2019ottimo momento dopo il piazzamento alle Cinque Mulini.<\/p>\n<p data-start=\"378\" data-end=\"680\">La gara, sui sei chilometri, \u00e8 stata vinta dalla trentina <strong data-start=\"436\" data-end=\"457\">Nadia Battocletti<\/strong>, che ha dominato nonostante una caduta a met\u00e0 percorso, chiudendo in 21 minuti e 10 secondi. Arnoldo ha fermato il cronometro a <strong data-start=\"586\" data-end=\"596\">21\u201952\u201d<\/strong>, risultato di grande valore anche considerando il periodo di carico di allenamenti.<\/p>\n<p data-start=\"682\" data-end=\"891\" data-is-last-node=\"\" data-is-only-node=\"\">Ora l\u2019attenzione \u00e8 rivolta ai <strong data-start=\"712\" data-end=\"744\">Campionati italiani di cross<\/strong>, in programma a inizio marzo a Selinunte. Da segnalare, in chiave bellunese, anche la vittoria di <strong data-start=\"843\" data-end=\"866\">Anna Eliska Milfait<\/strong> nella categoria Ragazze.<\/p>\n<p>&nbsp;<\/p>\n<p><span style=\"color: #0000ff;\"><strong>CALCIO<\/strong><\/span><\/p>\n<blockquote>\n<h3>LA NEVE FERMA IL CALCIO: WEEKEND DI STOP PER L\u2019AGORDINA<\/h3>\n<\/blockquote>\n<p><strong><a class=\"dt-pswp-item\" href=\"https:\/\/www.radiopiu.net\/wordpress\/wp-content\/uploads\/2026\/01\/pallone-neve.jpg\" data-dt-img-description=\"\" data-large_image_width=\"680\" data-large_image_height=\"380\"><img loading=\"lazy\" decoding=\"async\" class=\" wp-image-492834 alignleft\" src=\"https:\/\/www.radiopiu.net\/wordpress\/wp-content\/uploads\/2026\/01\/pallone-neve-300x168.jpg\" alt=\"\" width=\"202\" height=\"113\" srcset=\"https:\/\/www.radiopiu.net\/wordpress\/wp-content\/uploads\/2026\/01\/pallone-neve-300x168.jpg 300w, https:\/\/www.radiopiu.net\/wordpress\/wp-content\/uploads\/2026\/01\/pallone-neve.jpg 680w\" sizes=\"auto, (max-width: 202px) 100vw, 202px\" \/><\/a>DI MARCO GAZ<\/strong><\/p>\n<p><strong>REDAZIONE <\/strong>Fine settimana senza calcio per l\u2019Agordina, costretta ad arrendersi alla neve caduta copiosamente nelle ultime ore sul territorio. Le condizioni meteo avverse hanno portato al rinvio di tutte le gare in programma, sia a livello di prima squadra che del settore giovanile, per garantire la sicurezza di atleti, staff e addetti ai lavori. \u00c8 stata rinviata la partita del campionato di Seconda Categoria, girone R del Veneto, che avrebbe visto l\u2019Agordina impegnata in trasferta contro la Fulgor Farra. I campi resi impraticabili dalla neve e le difficolt\u00e0 negli spostamenti hanno reso impossibile il regolare svolgimento dell\u2019incontro, spingendo le autorit\u00e0 sportive a optare per il rinvio a data da destinarsi. Stessa sorte per la formazione Allievi, che avrebbe dovuto scendere in campo in casa contro il Caorle. Anche in questo caso, le condizioni del terreno di gioco e il rischio legato alle basse temperature hanno consigliato lo stop, nel rispetto delle normative sulla tutela dell\u2019incolumit\u00e0 dei giovani calciatori. Un weekend quindi senza fischio d\u2019inizio per l\u2019Agordina, che ora attende le comunicazioni ufficiali della Federazione per il recupero delle gare. Nel frattempo, societ\u00e0 e tifosi sperano in un rapido miglioramento del meteo per tornare presto a parlare di calcio giocato.<\/p>\n<p>&nbsp;<\/p>\n<blockquote class=\"wp-embedded-content\" data-secret=\"D7amVxUT9Z\"><p><a href=\"https:\/\/www.radiopiu.net\/wordpress\/agordina-in-prima-linea-ogni-domenica-su-radio-piu-il-podcast\/\">AGORDINA IN PRIMA LINEA, OGNI DOMENICA SU RADIO PIU&#8217; &#8211; IL PODCAST<\/a><\/p><\/blockquote>\n<p><iframe loading=\"lazy\" class=\"wp-embedded-content\" sandbox=\"allow-scripts\" security=\"restricted\" style=\"position: absolute; visibility: hidden;\" title=\"&#8220;AGORDINA IN PRIMA LINEA, OGNI DOMENICA SU RADIO PIU&#8217; &#8211; IL PODCAST&#8221; &#8212; Radio Pi\u00f9\" src=\"https:\/\/www.radiopiu.net\/wordpress\/agordina-in-prima-linea-ogni-domenica-su-radio-piu-il-podcast\/embed\/#?secret=V74oMFVZtm#?secret=D7amVxUT9Z\" data-secret=\"D7amVxUT9Z\" width=\"600\" height=\"338\" frameborder=\"0\" marginwidth=\"0\" marginheight=\"0\" scrolling=\"no\"><\/iframe><\/p>\n<p>&nbsp;<\/p>\n<p>&nbsp;<\/p>\n<p>&nbsp;<\/p>\n<p>&nbsp;<\/p>\n<p>&nbsp;<\/p>\n","protected":false},"excerpt":{"rendered":"<p>\u00a0**** GELICIDIO&#8230; ATTENZIONE, PARCHEGGI LUXOTTICA, OGGI SI SCIVOLA LA\u00a0 \u00a0 APP LA\u00a0 APP PER IOS-IPHONE di Nicola Vettorello https:\/\/apps.apple.com\/it\/app\/radio-pi%C3%B9-emittente-agordina\/id1515939845 LA\u00a0 APP RADIO\u00a0 PER ANDROID di Nicola Vettorello https:\/\/play.google.com\/store\/apps\/details?id=net.radiopiu.iniko\u00a0\u00a0\u00a0\u00a0\u00a0 &nbsp; &nbsp; &nbsp; OGGI SU RADIOPI\u00d9: MUSICA, informazione\u00a0 e dirette\u00a0 IL PALINSESTO DI OGGI SU RADIO PI\u00d9: INFORMAZIONE, MUSICA E SPORT Oggi \u00e8 una giornata speciale per&hellip;<\/p>\n","protected":false},"author":4,"featured_media":492852,"comment_status":"closed","ping_status":"closed","sticky":false,"template":"","format":"standard","meta":{"_monsterinsights_skip_tracking":false,"_monsterinsights_sitenote_active":false,"_monsterinsights_sitenote_note":"","_monsterinsights_sitenote_category":0,"footnotes":""},"categories":[51,86,49],"tags":[],"class_list":["post-492693","post","type-post","status-publish","format-standard","has-post-thumbnail","hentry","category-evidenza-top","category-gr","category-news-18","category-51","category-86","category-49","description-off"],"img_url":"https:\/\/www.radiopiu.net\/wordpress\/wp-content\/uploads\/2026\/01\/5885a79a-cdac-49f0-b0ed-93f2a79037b8.jpg","_links":{"self":[{"href":"https:\/\/www.radiopiu.net\/wordpress\/wp-json\/wp\/v2\/posts\/492693","targetHints":{"allow":["GET"]}}],"collection":[{"href":"https:\/\/www.radiopiu.net\/wordpress\/wp-json\/wp\/v2\/posts"}],"about":[{"href":"https:\/\/www.radiopiu.net\/wordpress\/wp-json\/wp\/v2\/types\/post"}],"author":[{"embeddable":true,"href":"https:\/\/www.radiopiu.net\/wordpress\/wp-json\/wp\/v2\/users\/4"}],"replies":[{"embeddable":true,"href":"https:\/\/www.radiopiu.net\/wordpress\/wp-json\/wp\/v2\/comments?post=492693"}],"version-history":[{"count":37,"href":"https:\/\/www.radiopiu.net\/wordpress\/wp-json\/wp\/v2\/posts\/492693\/revisions"}],"predecessor-version":[{"id":492971,"href":"https:\/\/www.radiopiu.net\/wordpress\/wp-json\/wp\/v2\/posts\/492693\/revisions\/492971"}],"wp:featuredmedia":[{"embeddable":true,"href":"https:\/\/www.radiopiu.net\/wordpress\/wp-json\/wp\/v2\/media\/492852"}],"wp:attachment":[{"href":"https:\/\/www.radiopiu.net\/wordpress\/wp-json\/wp\/v2\/media?parent=492693"}],"wp:term":[{"taxonomy":"category","embeddable":true,"href":"https:\/\/www.radiopiu.net\/wordpress\/wp-json\/wp\/v2\/categories?post=492693"},{"taxonomy":"post_tag","embeddable":true,"href":"https:\/\/www.radiopiu.net\/wordpress\/wp-json\/wp\/v2\/tags?post=492693"}],"curies":[{"name":"wp","href":"https:\/\/api.w.org\/{rel}","templated":true}]}}