{"id":492779,"date":"2026-01-24T23:59:28","date_gmt":"2026-01-24T22:59:28","guid":{"rendered":"https:\/\/www.radiopiu.net\/wordpress\/?p=492779"},"modified":"2026-01-24T23:22:20","modified_gmt":"2026-01-24T22:22:20","slug":"furgone-rubato-e-biciclette-sparite-ancora-colpi-a-pedavena","status":"publish","type":"post","link":"https:\/\/www.radiopiu.net\/wordpress\/furgone-rubato-e-biciclette-sparite-ancora-colpi-a-pedavena\/","title":{"rendered":"FURGONE RUBATO E BICICLETTE SPARITE: ANCORA COLPI A PEDAVENA"},"content":{"rendered":"<p>*********<\/p>\n<p>&nbsp;<\/p>\n<p><strong><a href=\"https:\/\/www.radiopiu.net\/wordpress\/wp-content\/uploads\/2026\/01\/negoziogrbike.webp\"><img loading=\"lazy\" decoding=\"async\" class=\"size-medium wp-image-492780 alignleft\" src=\"https:\/\/www.radiopiu.net\/wordpress\/wp-content\/uploads\/2026\/01\/negoziogrbike-300x169.webp\" alt=\"\" width=\"300\" height=\"169\" srcset=\"https:\/\/www.radiopiu.net\/wordpress\/wp-content\/uploads\/2026\/01\/negoziogrbike-300x169.webp 300w, https:\/\/www.radiopiu.net\/wordpress\/wp-content\/uploads\/2026\/01\/negoziogrbike-768x432.webp 768w, https:\/\/www.radiopiu.net\/wordpress\/wp-content\/uploads\/2026\/01\/negoziogrbike.webp 840w\" sizes=\"auto, (max-width: 300px) 100vw, 300px\" \/><\/a>DI ALESSIA DALL&#8217;O&#8217;<\/strong><\/p>\n<p><strong>PEDAVENA <\/strong>Nella notte tra il 23 e il 24 gennaio, attorno alle 2.30, una banda di ladri \u00e8 entrata in azione colpendo due attivit\u00e0 produttive del paese, distanti pochi metri l\u2019una dall\u2019altra: la Falegnameria De Carli e il negozio GR Bike. Un episodio che ricalca un copione ormai fin troppo noto e che riaccende la preoccupazione tra gli imprenditori locali. A denunciare con forza la situazione \u00e8 Gregorio Rech, titolare di GR Bike: \u00ab\u00c8 il quinto furto in meno di un anno, il secondo solo da gennaio. Cos\u00ec non si pu\u00f2 andare avanti: le forze dell\u2019ordine devono fare di pi\u00f9\u00bb. Il bilancio dei danni \u00e8 pesante: \u00abIn dodici mesi siamo arrivati a circa 400 mila euro di merce rubata. Sono la principale attivit\u00e0 presa di mira. In cinque mesi ho subito cinque colpi, l\u2019ultimo appena dieci giorni fa, con il furto di 30 biciclette dal magazzino del noleggio. Ho chiesto aiuto pi\u00f9 volte, ma in queste condizioni faccio davvero fatica a resistere\u00bb.<\/p>\n<p><strong>IL COLPO<\/strong><\/p>\n<p>Il primo obiettivo dei ladri \u00e8 stata la Falegnameria De Carli, in via Enrico Fermi. \u00abUn tempo episodi simili erano sporadici\u00bb, spiega Giulia Sasso, rappresentante dell\u2019azienda. \u00abOggi capitano quasi ogni anno, se non ogni sei mesi. Abbiamo sistemi di videosorveglianza, recinzioni, cancelli e serrature, ma questa volta sono entrati da una zona meno controllata. \u00c8 evidente che ci avevano studiati\u00bb. Dal magazzino sono sparite alcune motoseghe, un estintore e soprattutto un furgone aziendale, poi utilizzato per il successivo colpo. \u00abL\u2019anno scorso ci avevano messo a soqquadro l\u2019ufficio. Il problema non \u00e8 solo ci\u00f2 che rubano, ma i danni enormi che lasciano dietro\u00bb. Le immagini delle telecamere documentano con precisione la sequenza dei fatti. Alle 2.31 i ladri forzano la recinzione della falegnameria, manomettono alcuni lucchetti e si allontanano con il furgone. Pochi minuti pi\u00f9 tardi sono gi\u00e0 in via Vittorio Veneto, davanti a GR Bike, proprio di fronte alla Birreria Pedavena. Uno dei malviventi blocca la porta del negozio, mentre il mezzo viene utilizzato come ariete contro il vetro antiurto. Tra le 2.38 e le 2.39 il vetro cede e l\u2019ingresso viene aperto. L\u2019allarme scatta immediatamente, non appena i ladri mettono dentro \u201cla zampa\u201d nel negozio, ma l\u2019azione \u00e8 fulminea: in pochi minuti vengono rubate almeno 14 biciclette, passate rapidamente di mano in mano e caricate nel furgone con grande frastuono. \u00abUn vicino ha chiamato i carabinieri perch\u00e8 sentiva l\u2019allarme suonare. Io sono arrivato verso le 4, avvisato da un collaboratore: avevo gi\u00e0 ricevuto la notifica sul cellulare, ma in quel momento preciso stavo dormendo e non ho sentito. E\u2019 stata una notte agitata.\u00bb, racconta Rech. \u00abDalle registrazioni risulta che i carabinieri sono arrivati in sette minuti. Quando sono arrivato infatti erano gi\u00e0 l\u00ec. Sono stati rapidi, ma non \u00e8 bastato. Ho subito suggerito di seguire le tracce lasciate dal furgone sulla neve. Alla fine l\u2019ho fatto io, dopo aver svolto le burocrazie della denuncia del fatto.\u00bb.<\/p>\n<p><strong>IL RITROVAMENTO<\/strong><\/p>\n<p>Seguendo quelle tracce lasciate sulla neve, l\u2019imprenditore ha ricostruito autonomamente la via di fuga: il mezzo si \u00e8 diretto lungo la pista ciclabile di Boscherai e poi verso Mugnai.\u00a0 All\u2019alba il furgone \u00e8 stato ritrovato abbandonato in fondo alla ciclovia, con all\u2019interno l\u2019estintore rubato alla falegnameria. Nessuna traccia, invece, per il momento, dei ladri e delle biciclette. \u00abResta tanta amarezza\u00bb, conclude Rech. \u00abForse, seguendo subito le tracce, questa volta li avremmo presi. Ora sto cercando di proteggermi: investir\u00f2 in una videocamera con intelligenza artificiale capace di individuare movimenti e volti sospetti gi\u00e0 dall\u2019esterno. Mi sento un bersaglio, ma far\u00f2 tutto il possibile per difendere la mia attivit\u00e0 che svolgo con tanta passione e vorrei essere aiutato in questo\u00bb.<\/p>\n<p>&nbsp;<\/p>\n<p>&nbsp;<\/p>\n<p>&nbsp;<\/p>\n<p>&nbsp;<\/p>\n<p>&nbsp;<\/p>\n<p>***********<\/p>\n","protected":false},"excerpt":{"rendered":"<p>********* &nbsp; DI ALESSIA DALL&#8217;O&#8217; PEDAVENA Nella notte tra il 23 e il 24 gennaio, attorno alle 2.30, una banda di ladri \u00e8 entrata in azione colpendo due attivit\u00e0 produttive del paese, distanti pochi metri l\u2019una dall\u2019altra: la Falegnameria De Carli e il negozio GR Bike. Un episodio che ricalca un copione ormai fin troppo&hellip;<\/p>\n","protected":false},"author":4,"featured_media":492780,"comment_status":"closed","ping_status":"closed","sticky":false,"template":"","format":"standard","meta":{"_monsterinsights_skip_tracking":false,"_monsterinsights_sitenote_active":false,"_monsterinsights_sitenote_note":"","_monsterinsights_sitenote_category":0,"footnotes":""},"categories":[51,49],"tags":[],"class_list":["post-492779","post","type-post","status-publish","format-standard","has-post-thumbnail","hentry","category-evidenza-top","category-news-18","category-51","category-49","description-off"],"img_url":"https:\/\/www.radiopiu.net\/wordpress\/wp-content\/uploads\/2026\/01\/negoziogrbike.webp","_links":{"self":[{"href":"https:\/\/www.radiopiu.net\/wordpress\/wp-json\/wp\/v2\/posts\/492779","targetHints":{"allow":["GET"]}}],"collection":[{"href":"https:\/\/www.radiopiu.net\/wordpress\/wp-json\/wp\/v2\/posts"}],"about":[{"href":"https:\/\/www.radiopiu.net\/wordpress\/wp-json\/wp\/v2\/types\/post"}],"author":[{"embeddable":true,"href":"https:\/\/www.radiopiu.net\/wordpress\/wp-json\/wp\/v2\/users\/4"}],"replies":[{"embeddable":true,"href":"https:\/\/www.radiopiu.net\/wordpress\/wp-json\/wp\/v2\/comments?post=492779"}],"version-history":[{"count":1,"href":"https:\/\/www.radiopiu.net\/wordpress\/wp-json\/wp\/v2\/posts\/492779\/revisions"}],"predecessor-version":[{"id":492781,"href":"https:\/\/www.radiopiu.net\/wordpress\/wp-json\/wp\/v2\/posts\/492779\/revisions\/492781"}],"wp:featuredmedia":[{"embeddable":true,"href":"https:\/\/www.radiopiu.net\/wordpress\/wp-json\/wp\/v2\/media\/492780"}],"wp:attachment":[{"href":"https:\/\/www.radiopiu.net\/wordpress\/wp-json\/wp\/v2\/media?parent=492779"}],"wp:term":[{"taxonomy":"category","embeddable":true,"href":"https:\/\/www.radiopiu.net\/wordpress\/wp-json\/wp\/v2\/categories?post=492779"},{"taxonomy":"post_tag","embeddable":true,"href":"https:\/\/www.radiopiu.net\/wordpress\/wp-json\/wp\/v2\/tags?post=492779"}],"curies":[{"name":"wp","href":"https:\/\/api.w.org\/{rel}","templated":true}]}}