{"id":492826,"date":"2026-01-26T13:31:39","date_gmt":"2026-01-26T12:31:39","guid":{"rendered":"https:\/\/www.radiopiu.net\/wordpress\/?p=492826"},"modified":"2026-01-25T14:32:57","modified_gmt":"2026-01-25T13:32:57","slug":"i-racconti-di-paolo-soppelsa-puntata-312","status":"publish","type":"post","link":"https:\/\/www.radiopiu.net\/wordpress\/i-racconti-di-paolo-soppelsa-puntata-312\/","title":{"rendered":"I RACCONTI DI PAOLO SOPPELSA &#8211; PUNTATA 312"},"content":{"rendered":"<p>*******<\/p>\n<p>&nbsp;<\/p>\n<p><strong>ANIME DI MONTAGNA<\/strong><\/p>\n<p><strong>AUDIO<\/strong><\/p>\n<audio class=\"wp-audio-shortcode\" id=\"audio-492826-1\" preload=\"none\" style=\"width: 100%;\" controls=\"controls\"><source type=\"audio\/mpeg\" src=\"https:\/\/www.radiopiu.net\/wordpress\/wp-content\/uploads\/2026\/01\/PAOLOS-3.mp3?_=1\" \/><a href=\"https:\/\/www.radiopiu.net\/wordpress\/wp-content\/uploads\/2026\/01\/PAOLOS-3.mp3\">https:\/\/www.radiopiu.net\/wordpress\/wp-content\/uploads\/2026\/01\/PAOLOS-3.mp3<\/a><\/audio>\n<p>&nbsp;<\/p>\n<p><a class=\"dt-pswp-item\" href=\"https:\/\/www.radiopiu.net\/wordpress\/wp-content\/uploads\/2026\/01\/e37b57ec-2de3-4677-9652-1282c1332e9b.jpg\" data-dt-img-description=\"\" data-large_image_width=\"1600\" data-large_image_height=\"1200\"><img loading=\"lazy\" decoding=\"async\" class=\" wp-image-492828 alignleft\" src=\"https:\/\/www.radiopiu.net\/wordpress\/wp-content\/uploads\/2026\/01\/e37b57ec-2de3-4677-9652-1282c1332e9b-300x225.jpg\" alt=\"\" width=\"195\" height=\"146\" srcset=\"https:\/\/www.radiopiu.net\/wordpress\/wp-content\/uploads\/2026\/01\/e37b57ec-2de3-4677-9652-1282c1332e9b-300x225.jpg 300w, https:\/\/www.radiopiu.net\/wordpress\/wp-content\/uploads\/2026\/01\/e37b57ec-2de3-4677-9652-1282c1332e9b-1024x768.jpg 1024w, https:\/\/www.radiopiu.net\/wordpress\/wp-content\/uploads\/2026\/01\/e37b57ec-2de3-4677-9652-1282c1332e9b-768x576.jpg 768w, https:\/\/www.radiopiu.net\/wordpress\/wp-content\/uploads\/2026\/01\/e37b57ec-2de3-4677-9652-1282c1332e9b-1536x1152.jpg 1536w, https:\/\/www.radiopiu.net\/wordpress\/wp-content\/uploads\/2026\/01\/e37b57ec-2de3-4677-9652-1282c1332e9b.jpg 1600w\" sizes=\"auto, (max-width: 195px) 100vw, 195px\" \/><\/a>Vi cerco mentre osservo le montagne e vivo lo scorrere perpetuo delle stagioni. Vi trovo nei profili delle cime, nel canto sommesso del R\u00f9 da Ghisel che scende lungo l\u2019ombroso e verticale canalone del Pelsa. Nella neve che cade leggera imbiancando il tetto del tabi\u00e0. Il vento che muove i rami spogli dei larici addormentati porta con s\u00e9 le vostre voci serene e stanche. Lo scricchiolare improvviso di una trave ricorda i vostri passi affaticati e sghembi. I canaloni severi che solcano i fianchi della grande montagna rammentano i vostri visi segnati dagli anni e dagli inverni. Qui, dove il silenzio \u00e8 forte, tutto parla di voi. Qui, dove c&#8217;era il vostro vivere semplice e faticoso, oggi \u00e8 presente una quiete che chiama i ricordi. Memorie di attimi felici e tristi, di sorrisi e qualche bestemmia, di malinconie dettate dallo scorrere impietoso di quel tempo che aveva piegato le vostre schiene. Ricordi di legna e di fieno, dela cort de la grasa, del muggire della vacca e del grugnire del maiale. Della ciotola di plastica rosa piena di becchime per le tre galline. Memorie che ritornano nitide quando in silenzio attendo che la sera scenda sulla valle. Un ricordare sereno, privo della nostalgia per un tempo e per degli affetti che inevitabilmente non possono ritornare. Avete vissuto qui dove alla met\u00e0 di aprile fioriscono i ciliegi, dove si pu\u00f2 udire il fragore delle valanghe che annunciano la tardiva primavera di montagna. Qui ci sono le vostre anime che all\u2019imbrunire parlano con voce di vento. Vi vedo ancora come un tempo, indaffarati nei vostri lavori sempre faticosi. Sento il suono ritmato e metallico del martello che all&#8217;inizio dell&#8217;estate batteva la falce, sento il suono potente e improvviso prodotto dalla mazza che picchiava con forza sui cunei che aprivano legna di larice. Vi cerco, anime di montagna. Perch\u00e9 ho bisogno della vostra semplicit\u00e0 e saggezza, del vostro conoscere a fondo questa terra che \u00e8 stata la vostra vita. Vi cerco per capire il coraggio che vi \u00e8 servito per affrontare gli anni bui della guerra, per conoscere quanti sacrifici avete dovuto compiere per garantirvi una vita dignitosa. Vi cerco, e vi trovo in quel paio de scarpe da fer che riposano nel tabi\u00e0. Mentre le osservo e le prendo in mano, ritornano i prati in pendenza da falciare, le taie da trascinare col zapin sulla neve ghiacciata d&#8217;inizio inverno. Vi ritrovo quando afferro la faoz con il manico celeste, quando faccio girare le ruote del caret azzurro, l&#8217;ultima innovazione utile per portare a casa il fieno con meno fatica. Vi cerco mentre scende la neve, e vi rivedo tranquilli su \u2018n banca de fornel, a vivere il tempo lento dell&#8217;inverno. Vi cerco perch\u00e9 nulla di ci\u00f2 che \u00e8 stato dev&#8217;essere perso, perch\u00e9 ricordi e insegnamenti devono rimanere per sempre vivi. Vi cerco e vi trovo qui, dove gli inverni sono lunghi e i silenzi potenti. Qui, dove le vostre anime vivono la perfetta quiete delle notti di montagna.<\/p>\n<p>&nbsp;<\/p>\n<p>&nbsp;<\/p>\n<p>&nbsp;<\/p>\n<p>&nbsp;<\/p>\n<p>&nbsp;<\/p>\n<p>&nbsp;<\/p>\n<p>**********<\/p>\n","protected":false},"excerpt":{"rendered":"<p>******* &nbsp; ANIME DI MONTAGNA AUDIO &nbsp; Vi cerco mentre osservo le montagne e vivo lo scorrere perpetuo delle stagioni. Vi trovo nei profili delle cime, nel canto sommesso del R\u00f9 da Ghisel che scende lungo l\u2019ombroso e verticale canalone del Pelsa. Nella neve che cade leggera imbiancando il tetto del tabi\u00e0. Il vento che&hellip;<\/p>\n","protected":false},"author":4,"featured_media":492828,"comment_status":"closed","ping_status":"closed","sticky":false,"template":"","format":"standard","meta":{"_monsterinsights_skip_tracking":false,"_monsterinsights_sitenote_active":false,"_monsterinsights_sitenote_note":"","_monsterinsights_sitenote_category":0,"footnotes":""},"categories":[104,49,112],"tags":[],"class_list":["post-492826","post","type-post","status-publish","format-standard","has-post-thumbnail","hentry","category-evidenza_3","category-news-18","category-racconti-soppelsa","category-104","category-49","category-112","description-off"],"img_url":"https:\/\/www.radiopiu.net\/wordpress\/wp-content\/uploads\/2026\/01\/e37b57ec-2de3-4677-9652-1282c1332e9b.jpg","_links":{"self":[{"href":"https:\/\/www.radiopiu.net\/wordpress\/wp-json\/wp\/v2\/posts\/492826","targetHints":{"allow":["GET"]}}],"collection":[{"href":"https:\/\/www.radiopiu.net\/wordpress\/wp-json\/wp\/v2\/posts"}],"about":[{"href":"https:\/\/www.radiopiu.net\/wordpress\/wp-json\/wp\/v2\/types\/post"}],"author":[{"embeddable":true,"href":"https:\/\/www.radiopiu.net\/wordpress\/wp-json\/wp\/v2\/users\/4"}],"replies":[{"embeddable":true,"href":"https:\/\/www.radiopiu.net\/wordpress\/wp-json\/wp\/v2\/comments?post=492826"}],"version-history":[{"count":1,"href":"https:\/\/www.radiopiu.net\/wordpress\/wp-json\/wp\/v2\/posts\/492826\/revisions"}],"predecessor-version":[{"id":492829,"href":"https:\/\/www.radiopiu.net\/wordpress\/wp-json\/wp\/v2\/posts\/492826\/revisions\/492829"}],"wp:featuredmedia":[{"embeddable":true,"href":"https:\/\/www.radiopiu.net\/wordpress\/wp-json\/wp\/v2\/media\/492828"}],"wp:attachment":[{"href":"https:\/\/www.radiopiu.net\/wordpress\/wp-json\/wp\/v2\/media?parent=492826"}],"wp:term":[{"taxonomy":"category","embeddable":true,"href":"https:\/\/www.radiopiu.net\/wordpress\/wp-json\/wp\/v2\/categories?post=492826"},{"taxonomy":"post_tag","embeddable":true,"href":"https:\/\/www.radiopiu.net\/wordpress\/wp-json\/wp\/v2\/tags?post=492826"}],"curies":[{"name":"wp","href":"https:\/\/api.w.org\/{rel}","templated":true}]}}