{"id":492885,"date":"2026-01-27T05:46:43","date_gmt":"2026-01-27T04:46:43","guid":{"rendered":"https:\/\/www.radiopiu.net\/wordpress\/?p=492885"},"modified":"2026-01-27T10:56:56","modified_gmt":"2026-01-27T09:56:56","slug":"giornale-radiopiu-27-gennaio-2026-direttore-mirko-mezzacasa","status":"publish","type":"post","link":"https:\/\/www.radiopiu.net\/wordpress\/giornale-radiopiu-27-gennaio-2026-direttore-mirko-mezzacasa\/","title":{"rendered":"GIORNALE RADIOPIU 27 GENNAIO 2026 DIRETTORE MIRKO MEZZACASA"},"content":{"rendered":"<div class=\"flex flex-col text-sm pb-25\">\n<article class=\"text-token-text-primary w-full focus:outline-none [--shadow-height:45px] has-data-writing-block:pointer-events-none has-data-writing-block:-mt-(--shadow-height) has-data-writing-block:pt-(--shadow-height) [&amp;:has([data-writing-block])&gt;*]:pointer-events-auto scroll-mt-[calc(var(--header-height)+min(200px,max(70px,20svh)))]\" dir=\"auto\" tabindex=\"-1\" data-turn-id=\"request-WEB:545a5307-a0c9-41c7-9a5f-bf65aefdb8ec-5\" data-testid=\"conversation-turn-12\" data-scroll-anchor=\"true\" data-turn=\"assistant\">\n<div class=\"text-base my-auto mx-auto pb-10 [--thread-content-margin:--spacing(4)] @w-sm\/main:[--thread-content-margin:--spacing(6)] @w-lg\/main:[--thread-content-margin:--spacing(16)] px-(--thread-content-margin)\">\n<div class=\"[--thread-content-max-width:40rem] @w-lg\/main:[--thread-content-max-width:48rem] mx-auto max-w-(--thread-content-max-width) flex-1 group\/turn-messages focus-visible:outline-hidden relative flex w-full min-w-0 flex-col agent-turn\" tabindex=\"-1\">\n<div class=\"z-0 flex min-h-[46px] justify-start\">\n<p>\u00a0****<\/p>\n<\/div>\n<\/div>\n<p>&nbsp;<\/p>\n<div class=\"[--thread-content-max-width:40rem] @w-lg\/main:[--thread-content-max-width:48rem] mx-auto max-w-(--thread-content-max-width) flex-1 group\/turn-messages focus-visible:outline-hidden relative flex w-full min-w-0 flex-col agent-turn\" tabindex=\"-1\">\n<div class=\"z-0 flex min-h-[46px] justify-start\">\n<h1>LA\u00a0 \u00a0 APP<\/h1>\n<p><strong><em><span style=\"color: #ff0000;\">LA\u00a0 APP PER IOS-IPHONE di Nicola Vettorello<\/span><\/em><\/strong><\/p>\n<p><strong><span style=\"color: #0000ff;\"><a style=\"color: #0000ff;\" href=\"https:\/\/apps.apple.com\/it\/app\/radio-pi%C3%B9-emittente-agordina\/id1515939845\">https:\/\/apps.apple.com\/it\/app\/radio-pi%C3%B9-emittente-agordina\/id1515939845<\/a><\/span><\/strong><\/p>\n<p><strong><em style=\"color: #ff0000;\">LA\u00a0 APP RADIO\u00a0 PER ANDROID di Nicola Vettorello<\/em><\/strong><\/p>\n<p><strong><span style=\"color: #0000ff;\"><a style=\"color: #0000ff;\" href=\"https:\/\/play.google.com\/store\/apps\/details?id=net.radiopiu.iniko\" target=\"_blank\" rel=\"noopener noreferrer\">https:\/\/<\/a><a style=\"color: #0000ff;\" href=\"https:\/\/play.google.com\/store\/apps\/details?id=net.radiopiu.iniko\" target=\"_blank\" rel=\"noopener noreferrer\">play.google.com\/store\/apps\/details?id=net.radiopiu.iniko\u00a0\u00a0\u00a0\u00a0\u00a0<\/a><\/span><\/strong><\/p>\n<p>&nbsp;<\/p>\n<div class=\"page-title-head hgroup\"><\/div>\n<p>&nbsp;<\/p>\n<hr \/>\n<blockquote><p>&nbsp;<\/p>\n<div class=\"mceTemp\">\n<h1 data-start=\"0\" data-end=\"60\"><strong data-start=\"0\" data-end=\"60\">OGGI SU RADIOPI\u00d9: <span style=\"color: #000000;\">MUSICA, informazione\u00a0<\/span> e dirette\u00a0 <\/strong><\/h1>\n<\/div>\n<\/blockquote>\n<div class=\"flex flex-col text-sm pb-25\">\n<article class=\"text-token-text-primary w-full focus:outline-none [--shadow-height:45px] has-data-writing-block:pointer-events-none has-data-writing-block:-mt-(--shadow-height) has-data-writing-block:pt-(--shadow-height) [&amp;:has([data-writing-block])&gt;*]:pointer-events-auto scroll-mt-[calc(var(--header-height)+min(200px,max(70px,20svh)))]\" dir=\"auto\" tabindex=\"-1\" data-turn-id=\"da2f8a29-4751-44ac-b06a-20d94aeccf8b\" data-testid=\"conversation-turn-28\" data-scroll-anchor=\"true\" data-turn=\"assistant\">\n<div class=\"text-base my-auto mx-auto pb-10 [--thread-content-margin:--spacing(4)] @w-sm\/main:[--thread-content-margin:--spacing(6)] @w-lg\/main:[--thread-content-margin:--spacing(16)] px-(--thread-content-margin)\">\n<div class=\"[--thread-content-max-width:40rem] @w-lg\/main:[--thread-content-max-width:48rem] mx-auto max-w-(--thread-content-max-width) flex-1 group\/turn-messages focus-visible:outline-hidden relative flex w-full min-w-0 flex-col agent-turn\" tabindex=\"-1\">\n<div class=\"flex max-w-full flex-col grow\">\n<div class=\"min-h-8 text-message relative flex w-full flex-col items-end gap-2 text-start break-words whitespace-normal [.text-message+&amp;]:mt-1\" dir=\"auto\" data-message-author-role=\"assistant\" data-message-id=\"77cb542f-301b-441f-9a5c-c89ea331616b\" data-message-model-slug=\"gpt-5-2\">\n<div class=\"flex w-full flex-col gap-1 empty:hidden first:pt-[1px]\">\n<div class=\"markdown prose dark:prose-invert w-full break-words dark markdown-new-styling\">\n<div id=\"writing-block-77cb542f-301b-441f-9a5c-c89ea331616b\" class=\"group relative z-0 my-4 w-full overflow-visible rounded-2xl bg-token-bg-primary dark:bg-[#2a2a2a] shadow-[0px_0px_0px_1px_rgba(0,0,0,0.07),0px_4px_80px_rgba(0,0,0,0.02)]\" data-writing-block=\"true\">\n<div class=\"writing-block-editor markdown-new-styling relative flow-root pt-(--writing-block-editor-pt) pe-(--writing-block-editor-pr) pb-(--writing-block-editor-pb) ps-(--writing-block-editor-pl)\">\n<div class=\"ProseMirror markdown prose dark:prose-invert w-full min-h-6 break-words focus:outline-none\" contenteditable=\"true\" translate=\"no\" aria-disabled=\"false\"><\/div>\n<\/div>\n<\/div>\n<\/div>\n<\/div>\n<\/div>\n<\/div>\n<div class=\"z-0 flex min-h-[46px] justify-start\">\n<p data-start=\"0\" data-end=\"79\"><a class=\"dt-pswp-item\" href=\"https:\/\/www.radiopiu.net\/wordpress\/wp-content\/uploads\/2026\/01\/52da40fa-467f-47af-bb70-2a59c1440360.png\" data-dt-img-description=\"\" data-large_image_width=\"1536\" data-large_image_height=\"1024\"><img loading=\"lazy\" decoding=\"async\" class=\"size-medium wp-image-493185 alignleft\" src=\"https:\/\/www.radiopiu.net\/wordpress\/wp-content\/uploads\/2026\/01\/52da40fa-467f-47af-bb70-2a59c1440360-300x200.png\" alt=\"\" width=\"300\" height=\"200\" srcset=\"https:\/\/www.radiopiu.net\/wordpress\/wp-content\/uploads\/2026\/01\/52da40fa-467f-47af-bb70-2a59c1440360-300x200.png 300w, https:\/\/www.radiopiu.net\/wordpress\/wp-content\/uploads\/2026\/01\/52da40fa-467f-47af-bb70-2a59c1440360-1024x683.png 1024w, https:\/\/www.radiopiu.net\/wordpress\/wp-content\/uploads\/2026\/01\/52da40fa-467f-47af-bb70-2a59c1440360-768x512.png 768w, https:\/\/www.radiopiu.net\/wordpress\/wp-content\/uploads\/2026\/01\/52da40fa-467f-47af-bb70-2a59c1440360.png 1536w\" sizes=\"auto, (max-width: 300px) 100vw, 300px\" \/><\/a>&#x1f399;&#xfe0f; <strong data-start=\"4\" data-end=\"74\">OGGI ALLA RADIO: UNA GIORNATA PIENA DI VOCI, NOTIZIE E TERRITORIO!<\/strong> &#x1f3a7;<\/p>\n<p class=\"_aupe copyable-text x15bjb6t x1n2onr6\"><span class=\"_aupe copyable-text xkrh14z\">Su Radio Pi\u00f9 oggi il microfono1 non riposa mai: informazione, approfondimenti e dirette per accompagnarvi dalla colazione fino a sera <\/span><span class=\"x19la9d6 x1fc57z9 x6ikm8r x10wlt62 x19co3pv x11tp94h xfibh0p xiy17q3 x1xsqp64 x1lkfr7t xexx8yu xyri2b x18d9i69 x1c1uobl\"><span class=\"xrtxmta x1bhl96m\">&#x1f31e;<\/span><\/span><span class=\"x19la9d6 x1fc57z9 x6ikm8r x10wlt62 x19co3pv x11tp94h xfibh0p xiy17q3 x1xsqp64 x1lkfr7t xexx8yu xyri2b x18d9i69 x1c1uobl\"><span class=\"xrtxmta x1bhl96m\">&#x27a1;&#xfe0f;<\/span><\/span><span class=\"x19la9d6 x1fc57z9 x6ikm8r x10wlt62 x19co3pv x11tp94h xfibh0p xiy17q3 x1xsqp64 x1lkfr7t xexx8yu xyri2b x18d9i69 x1c1uobl\"><span class=\"xrtxmta x1bhl96m\">&#x1f319;<\/span><\/span><span class=\"_aupe copyable-text xkrh14z\"> Si parte alle 8.05 con la Rassegna Stampa, per capire che aria tira nel mondo e qui da noi. Alle 9.30 spazio alla memoria e all\u2019attualit\u00e0 con \u201cOggi come ieri\u201d, insieme a Silvia Baldo: perch\u00e9 il passato ha sempre qualcosa da dirci <\/span><span class=\"x19la9d6 x1fc57z9 x6ikm8r x10wlt62 x19co3pv x11tp94h xfibh0p xiy17q3 x1xsqp64 x1lkfr7t xexx8yu xyri2b x18d9i69 x1c1uobl\"><span class=\"xrtxmta x1bhl96m\">&#x1f4da;<\/span><\/span><span class=\"_aupe copyable-text xkrh14z\"> Alle 10.10 si parla (e si ascolta) ladino con Le Nove in Ladin dal Musla LA VOCE DI VERONICA DA COL, un appuntamento che profuma di identit\u00e0 e tradizione <\/span><span class=\"x19la9d6 x1fc57z9 x6ikm8r x10wlt62 x19co3pv x11tp94h xfibh0p xiy17q3 x1xsqp64 x1lkfr7t xexx8yu xyri2b x18d9i69 x1c1uobl\"><span class=\"xrtxmta x1bhl96m\">&#x1f3d4;&#xfe0f;<\/span><\/span><span class=\"_aupe copyable-text xkrh14z\"> E alle 10.30 FRANCESCO ZILLIO, CON EP CENTER LA TECNOLOGIA ALLA RADIO L\u2019informazione resta protagonista con il Giornale Radio: <\/span><span class=\"x19la9d6 x1fc57z9 x6ikm8r x10wlt62 x19co3pv x11tp94h xfibh0p xiy17q3 x1xsqp64 x1lkfr7t xexx8yu xyri2b x18d9i69 x1c1uobl\"><span class=\"xrtxmta x1bhl96m\">&#x1f55a;<\/span><\/span><span class=\"_aupe copyable-text xkrh14z\"> edizione locale alle 11.00, poi di nuovo alle 16.00 e alle 18.00 <\/span><span class=\"x19la9d6 x1fc57z9 x6ikm8r x10wlt62 x19co3pv x11tp94h xfibh0p xiy17q3 x1xsqp64 x1lkfr7t xexx8yu xyri2b x18d9i69 x1c1uobl\"><span class=\"xrtxmta x1bhl96m\">&#x1f567;<\/span><\/span><span class=\"_aupe copyable-text xkrh14z\"> alle 12.30 il Giornale Radio principale, per non perdere nulla di ci\u00f2 che conta <\/span><span class=\"x19la9d6 x1fc57z9 x6ikm8r x10wlt62 x19co3pv x11tp94h xfibh0p xiy17q3 x1xsqp64 x1lkfr7t xexx8yu xyri2b x18d9i69 x1c1uobl\"><span class=\"xrtxmta x1bhl96m\">&#x1f4f0;<\/span><\/span><span class=\"_aupe copyable-text xkrh14z\"> E attenzione alle dirette speciali <\/span><span class=\"x19la9d6 x1fc57z9 x6ikm8r x10wlt62 x19co3pv x11tp94h xfibh0p xiy17q3 x1xsqp64 x1lkfr7t xexx8yu xyri2b x18d9i69 x1c1uobl\"><span class=\"xrtxmta x1bhl96m\">&#x1f389;<\/span><\/span> <span class=\"x19la9d6 x1fc57z9 x6ikm8r x10wlt62 x19co3pv x11tp94h xfibh0p xiy17q3 x1xsqp64 x1lkfr7t xexx8yu xyri2b x18d9i69 x1c1uobl\"><span class=\"xrtxmta x1bhl96m\">&#x1f4cd;<\/span><\/span><span class=\"_aupe copyable-text xkrh14z\"> Sabato saremo a Canale d\u2019Agordo per La Casparetha <\/span><span class=\"x19la9d6 x1fc57z9 x6ikm8r x10wlt62 x19co3pv x11tp94h xfibh0p xiy17q3 x1xsqp64 x1lkfr7t xexx8yu xyri2b x18d9i69 x1c1uobl\"><span class=\"xrtxmta x1bhl96m\">&#x1f3ad;<\/span><\/span><span class=\"_aupe copyable-text xkrh14z\"> Alle 19.20, Reporter vi porta il Carnevale di Sedico\u2026 rigorosamente in diretta! Insomma: una giornata (e un weekend) da ascoltare tutta d\u2019un fiato <\/span><span class=\"x19la9d6 x1fc57z9 x6ikm8r x10wlt62 x19co3pv x11tp94h xfibh0p xiy17q3 x1xsqp64 x1lkfr7t xexx8yu xyri2b x18d9i69 x1c1uobl\"><span class=\"xrtxmta x1bhl96m\">&#x1f4fb;<\/span><\/span><span class=\"x19la9d6 x1fc57z9 x6ikm8r x10wlt62 x19co3pv x11tp94h xfibh0p xiy17q3 x1xsqp64 x1lkfr7t xexx8yu xyri2b x18d9i69 x1c1uobl\"><span class=\"xrtxmta x1bhl96m\">&#x2764;&#xfe0f;<\/span><\/span><span class=\"_aupe copyable-text xkrh14z\"> LA MUSICA? e che musica\u2026 alle 11.00 GRIGNANI REMIX, ALLE 15.00 ARCADE SHOW CON ELIA CASAGRANDE E IN TEMA OLIMPICO GLI SPECIALI NELLE CURIOSIT\u00e0 DI PAOLA LANCIATO ALLE 11.30 E ALLE 16.30 LO SPORT CON MARCO GAZ&#8230; TUTTO SULL&#8217;AGORDINA CALCIO <\/span><span class=\"_aupe copyable-text xkrh14z\">Restate sintonizzati: Radio Pi\u00f9 \u00e8 gi\u00e0 accesa.\u00a0<\/span><\/p>\n<\/div>\n<p>&nbsp;<\/p>\n<hr \/>\n<div class=\"z-0 flex min-h-[46px] justify-start\">\n<blockquote>\n<h1><\/h1>\n<h1 class=\"_aupe copyable-text x15bjb6t x1n2onr6\" style=\"text-align: left;\"><span class=\"_aupe copyable-text xkrh14z\">1 febbraio\u2026 le agordiniadi, i nostri tedofori\u2026<\/span><\/h1>\n<h1 class=\"_aupe copyable-text x15bjb6t x1n2onr6\" style=\"text-align: left;\"><span class=\"_aupe copyable-text xkrh14z\">stiamo preparando la festa con radiopiu e la proloco di taibon e botol group VI ASPETTIAMO DOMENICA MATTINA ALLE 10.00 ALLO STADIO DI CALCIO IVANO DORIGO.. AD AGORDO. AI TEDOFORI\u2026 E AI PRIMI 100 LA MAGLIETTA CELEBRATIVA<\/span><\/h1>\n<\/blockquote>\n<h1 dir=\"auto\"><\/h1>\n<h1>1 febbraio&#8230; le agordiniadi, i nostri tedofori&#8230;<\/h1>\n<div dir=\"auto\">\n<p><span style=\"color: #ff0000;\"><span style=\"color: #ff0000;\"><strong>stiamo preparando la festa con radiopiu e la proloco di taibon e botol group VI ASPETTIAMO DOMENICA MATTINA ALLE 10.00 ALLO STADIO DI CALCIO IVANO DORIGO.. AD AGORDO. AI TEDOFORI&#8230; E AI PRIMI 100 LA MAGLIETTA CELEBRATIVA<\/strong><\/span><\/span><\/p>\n\n\t\t\t<style type='text\/css'>\n\t\t\t\t#gallery-1 {\n\t\t\t\t\tmargin: auto;\n\t\t\t\t}\n\t\t\t\t#gallery-1 .gallery-item {\n\t\t\t\t\tfloat: left;\n\t\t\t\t\tmargin-top: 10px;\n\t\t\t\t\ttext-align: center;\n\t\t\t\t\twidth: 50%;\n\t\t\t\t}\n\t\t\t\t#gallery-1 img {\n\t\t\t\t\tborder: 2px solid #cfcfcf;\n\t\t\t\t}\n\t\t\t\t#gallery-1 .gallery-caption {\n\t\t\t\t\tmargin-left: 0;\n\t\t\t\t}\n\t\t\t\t\/* see gallery_shortcode() in wp-includes\/media.php *\/\n\t\t\t<\/style>\n\t\t<div id='gallery-1' class='dt-gallery-container gallery galleryid-492885 gallery-columns-2 gallery-size-medium'><dl class='gallery-item'>\n\t\t\t\t<dt class='gallery-icon portrait'>\n\t\t\t\t\t<a class=\"rollover rollover-zoom dt-pswp-item\" title=\"d897924b-27e7-4169-a9be-8772e8f5b081\" data-dt-img-description=\"\" data-large_image_width=\"1152\" data-large_image_height=\"2048\"href='https:\/\/www.radiopiu.net\/wordpress\/wp-content\/uploads\/2026\/01\/d897924b-27e7-4169-a9be-8772e8f5b081.jpg'><img loading=\"lazy\" decoding=\"async\" width=\"169\" height=\"300\" src=\"https:\/\/www.radiopiu.net\/wordpress\/wp-content\/uploads\/2026\/01\/d897924b-27e7-4169-a9be-8772e8f5b081-169x300.jpg\" class=\"attachment-medium size-medium\" alt=\"\" srcset=\"https:\/\/www.radiopiu.net\/wordpress\/wp-content\/uploads\/2026\/01\/d897924b-27e7-4169-a9be-8772e8f5b081-169x300.jpg 169w, https:\/\/www.radiopiu.net\/wordpress\/wp-content\/uploads\/2026\/01\/d897924b-27e7-4169-a9be-8772e8f5b081-576x1024.jpg 576w, https:\/\/www.radiopiu.net\/wordpress\/wp-content\/uploads\/2026\/01\/d897924b-27e7-4169-a9be-8772e8f5b081-768x1365.jpg 768w, https:\/\/www.radiopiu.net\/wordpress\/wp-content\/uploads\/2026\/01\/d897924b-27e7-4169-a9be-8772e8f5b081-864x1536.jpg 864w, https:\/\/www.radiopiu.net\/wordpress\/wp-content\/uploads\/2026\/01\/d897924b-27e7-4169-a9be-8772e8f5b081.jpg 1152w\" sizes=\"auto, (max-width: 169px) 100vw, 169px\" \/><\/a>\n\t\t\t\t<\/dt><\/dl><dl class='gallery-item'>\n\t\t\t\t<dt class='gallery-icon portrait'>\n\t\t\t\t\t<a class=\"rollover rollover-zoom dt-pswp-item\" title=\"a5037fbf-e667-4663-a749-f72ed09aedcc\" data-dt-img-description=\"\" data-large_image_width=\"1152\" data-large_image_height=\"2048\"href='https:\/\/www.radiopiu.net\/wordpress\/wp-content\/uploads\/2026\/01\/a5037fbf-e667-4663-a749-f72ed09aedcc.jpg'><img loading=\"lazy\" decoding=\"async\" width=\"169\" height=\"300\" src=\"https:\/\/www.radiopiu.net\/wordpress\/wp-content\/uploads\/2026\/01\/a5037fbf-e667-4663-a749-f72ed09aedcc-169x300.jpg\" class=\"attachment-medium size-medium\" alt=\"\" srcset=\"https:\/\/www.radiopiu.net\/wordpress\/wp-content\/uploads\/2026\/01\/a5037fbf-e667-4663-a749-f72ed09aedcc-169x300.jpg 169w, https:\/\/www.radiopiu.net\/wordpress\/wp-content\/uploads\/2026\/01\/a5037fbf-e667-4663-a749-f72ed09aedcc-576x1024.jpg 576w, https:\/\/www.radiopiu.net\/wordpress\/wp-content\/uploads\/2026\/01\/a5037fbf-e667-4663-a749-f72ed09aedcc-768x1365.jpg 768w, https:\/\/www.radiopiu.net\/wordpress\/wp-content\/uploads\/2026\/01\/a5037fbf-e667-4663-a749-f72ed09aedcc-864x1536.jpg 864w, https:\/\/www.radiopiu.net\/wordpress\/wp-content\/uploads\/2026\/01\/a5037fbf-e667-4663-a749-f72ed09aedcc.jpg 1152w\" sizes=\"auto, (max-width: 169px) 100vw, 169px\" \/><\/a>\n\t\t\t\t<\/dt><\/dl><br style=\"clear: both\" \/>\n\t\t\t<\/div>\n\n<\/div>\n<p>&nbsp;<\/p>\n\n\t\t\t<style type='text\/css'>\n\t\t\t\t#gallery-2 {\n\t\t\t\t\tmargin: auto;\n\t\t\t\t}\n\t\t\t\t#gallery-2 .gallery-item {\n\t\t\t\t\tfloat: left;\n\t\t\t\t\tmargin-top: 10px;\n\t\t\t\t\ttext-align: center;\n\t\t\t\t\twidth: 33%;\n\t\t\t\t}\n\t\t\t\t#gallery-2 img {\n\t\t\t\t\tborder: 2px solid #cfcfcf;\n\t\t\t\t}\n\t\t\t\t#gallery-2 .gallery-caption {\n\t\t\t\t\tmargin-left: 0;\n\t\t\t\t}\n\t\t\t\t\/* see gallery_shortcode() in wp-includes\/media.php *\/\n\t\t\t<\/style>\n\t\t<div id='gallery-2' class='dt-gallery-container gallery galleryid-492885 gallery-columns-3 gallery-size-thumbnail'><dl class='gallery-item'>\n\t\t\t\t<dt class='gallery-icon landscape'>\n\t\t\t\t\t<a class=\"rollover rollover-zoom dt-pswp-item\" title=\"4331961937675996920\" data-dt-img-description=\"\" data-large_image_width=\"500\" data-large_image_height=\"261\"href='https:\/\/www.radiopiu.net\/wordpress\/wp-content\/uploads\/2026\/01\/4331961937675996920.jpg'><img loading=\"lazy\" decoding=\"async\" width=\"150\" height=\"150\" src=\"https:\/\/www.radiopiu.net\/wordpress\/wp-content\/uploads\/2026\/01\/4331961937675996920-150x150.jpg\" class=\"attachment-thumbnail size-thumbnail\" alt=\"\" \/><\/a>\n\t\t\t\t<\/dt><\/dl><dl class='gallery-item'>\n\t\t\t\t<dt class='gallery-icon landscape'>\n\t\t\t\t\t<a class=\"rollover rollover-zoom dt-pswp-item\" title=\"AGORDINIADI\" data-dt-img-description=\"\" data-large_image_width=\"526\" data-large_image_height=\"526\"href='https:\/\/www.radiopiu.net\/wordpress\/wp-content\/uploads\/2026\/01\/616479862_1307542348057575_3179022967278239786_n.jpg'><img loading=\"lazy\" decoding=\"async\" width=\"150\" height=\"150\" src=\"https:\/\/www.radiopiu.net\/wordpress\/wp-content\/uploads\/2026\/01\/616479862_1307542348057575_3179022967278239786_n-150x150.jpg\" class=\"attachment-thumbnail size-thumbnail\" alt=\"\" srcset=\"https:\/\/www.radiopiu.net\/wordpress\/wp-content\/uploads\/2026\/01\/616479862_1307542348057575_3179022967278239786_n-150x150.jpg 150w, https:\/\/www.radiopiu.net\/wordpress\/wp-content\/uploads\/2026\/01\/616479862_1307542348057575_3179022967278239786_n-300x300.jpg 300w, https:\/\/www.radiopiu.net\/wordpress\/wp-content\/uploads\/2026\/01\/616479862_1307542348057575_3179022967278239786_n.jpg 526w\" sizes=\"auto, (max-width: 150px) 100vw, 150px\" \/><\/a>\n\t\t\t\t<\/dt><\/dl><dl class='gallery-item'>\n\t\t\t\t<dt class='gallery-icon landscape'>\n\t\t\t\t\t<a class=\"rollover rollover-zoom dt-pswp-item\" title=\"512b7811-36a9-4de6-b618-08a2e144850c\" data-dt-img-description=\"\" data-large_image_width=\"2560\" data-large_image_height=\"1920\"href='https:\/\/www.radiopiu.net\/wordpress\/wp-content\/uploads\/2026\/01\/512b7811-36a9-4de6-b618-08a2e144850c-scaled.jpg'><img loading=\"lazy\" decoding=\"async\" width=\"150\" height=\"150\" src=\"https:\/\/www.radiopiu.net\/wordpress\/wp-content\/uploads\/2026\/01\/512b7811-36a9-4de6-b618-08a2e144850c-150x150.jpg\" class=\"attachment-thumbnail size-thumbnail\" alt=\"\" \/><\/a>\n\t\t\t\t<\/dt><\/dl><br style=\"clear: both\" \/>\n\t\t\t<\/div>\n\n<p>&nbsp;<\/p>\n<\/div>\n<div class=\"mt-3 w-full empty:hidden\">\n<div class=\"text-center\">\n<p>&nbsp;<\/p>\n<\/div>\n<\/div>\n<\/div>\n<\/div>\n<\/article>\n<\/div>\n<hr \/>\n<div class=\"x11i5rnm xat24cr x1mh8g0r x1vvkbs xtlvy1s x126k92a\">\n<h1><strong><br \/>\n<span style=\"color: #0000ff;\">N di parom &#8211; L Almanach de la nosta jent<\/span>\u00a0 <\/strong><strong style=\"font-size: 14px;\"><span style=\"color: #ff0000;\">OGNI GIORNO ALLE CINQUE E ALLE NOVE E DIECI\u00a0 DEL MATTINO<\/span> <\/strong><\/h1>\n<h1><strong style=\"font-size: 14px;\">LA PUNTATA DI OGGI, 27 GENNAIO 2026<\/strong><\/h1>\n<audio class=\"wp-audio-shortcode\" id=\"audio-492885-1\" preload=\"none\" style=\"width: 100%;\" controls=\"controls\"><source type=\"audio\/mpeg\" src=\"https:\/\/www.radiopiu.net\/wordpress\/wp-content\/uploads\/2026\/01\/AL2-3.mp3?_=1\" \/><a href=\"https:\/\/www.radiopiu.net\/wordpress\/wp-content\/uploads\/2026\/01\/AL2-3.mp3\">https:\/\/www.radiopiu.net\/wordpress\/wp-content\/uploads\/2026\/01\/AL2-3.mp3<\/a><\/audio>\n<p>&nbsp;<\/p>\n<p>&nbsp;<\/p>\n<\/div>\n<hr \/>\n<div class=\"x11i5rnm xat24cr x1mh8g0r x1vvkbs xtlvy1s x126k92a\">\n<div dir=\"auto\">\n<div dir=\"auto\">\n<h2><strong><span style=\"color: #0000ff;\">EL BAL DEL FIOR, DI GIULIANA DA RONCH<\/span>\u00a0 <span style=\"color: #ff0000;\">ogni giorno alle sette e venti del mattino<\/span><\/strong><\/h2>\n<h2><strong style=\"font-size: 14px;\">LA PUNTATA DI OGGI 27 GENNAIO 2026<\/strong><\/h2>\n<audio class=\"wp-audio-shortcode\" id=\"audio-492885-2\" preload=\"none\" style=\"width: 100%;\" controls=\"controls\"><source type=\"audio\/mpeg\" src=\"https:\/\/www.radiopiu.net\/wordpress\/wp-content\/uploads\/2026\/01\/GMA-3.mp3?_=2\" \/><a href=\"https:\/\/www.radiopiu.net\/wordpress\/wp-content\/uploads\/2026\/01\/GMA-3.mp3\">https:\/\/www.radiopiu.net\/wordpress\/wp-content\/uploads\/2026\/01\/GMA-3.mp3<\/a><\/audio>\n<\/div>\n<\/div>\n<\/div>\n<p>&nbsp;<\/p>\n<div class=\"x11i5rnm xat24cr x1mh8g0r x1vvkbs xtlvy1s x126k92a\">\n<div dir=\"auto\">\n<p><a class=\"dt-pswp-item\" href=\"https:\/\/www.radiopiu.net\/wordpress\/wp-content\/uploads\/2026\/01\/622404310_1315533513925125_8070781270946220050_n.jpg\" data-dt-img-description=\"\" data-large_image_width=\"512\" data-large_image_height=\"640\"><img loading=\"lazy\" decoding=\"async\" class=\"size-medium wp-image-493210 aligncenter\" src=\"https:\/\/www.radiopiu.net\/wordpress\/wp-content\/uploads\/2026\/01\/622404310_1315533513925125_8070781270946220050_n-240x300.jpg\" alt=\"\" width=\"240\" height=\"300\" srcset=\"https:\/\/www.radiopiu.net\/wordpress\/wp-content\/uploads\/2026\/01\/622404310_1315533513925125_8070781270946220050_n-240x300.jpg 240w, https:\/\/www.radiopiu.net\/wordpress\/wp-content\/uploads\/2026\/01\/622404310_1315533513925125_8070781270946220050_n.jpg 512w\" sizes=\"auto, (max-width: 240px) 100vw, 240px\" \/><\/a><\/p>\n<hr \/>\n<\/div>\n<\/div>\n<blockquote>\n<h1><\/h1>\n<\/blockquote>\n<h1 style=\"text-align: center;\"><strong>NOTIZIE DELLA NOTTE LA RASSEGNA STAMPA NAZIONALE, AGGIORNAMENTO OGNI GIORNO ALLE SEI DEL MATTINO\u00a0<\/strong><\/h1>\n<p data-start=\"0\" data-end=\"422\"><strong data-start=\"0\" data-end=\"15\"><a class=\"dt-pswp-item\" href=\"https:\/\/www.radiopiu.net\/wordpress\/wp-content\/uploads\/2026\/01\/1a990cb6-7384-4070-ba62-d79dd93b1a41.png\" data-dt-img-description=\"\" data-large_image_width=\"1536\" data-large_image_height=\"1024\"><img loading=\"lazy\" decoding=\"async\" class=\"size-medium wp-image-493192 alignleft\" src=\"https:\/\/www.radiopiu.net\/wordpress\/wp-content\/uploads\/2026\/01\/1a990cb6-7384-4070-ba62-d79dd93b1a41-300x200.png\" alt=\"\" width=\"300\" height=\"200\" srcset=\"https:\/\/www.radiopiu.net\/wordpress\/wp-content\/uploads\/2026\/01\/1a990cb6-7384-4070-ba62-d79dd93b1a41-300x200.png 300w, https:\/\/www.radiopiu.net\/wordpress\/wp-content\/uploads\/2026\/01\/1a990cb6-7384-4070-ba62-d79dd93b1a41-1024x683.png 1024w, https:\/\/www.radiopiu.net\/wordpress\/wp-content\/uploads\/2026\/01\/1a990cb6-7384-4070-ba62-d79dd93b1a41-768x512.png 768w, https:\/\/www.radiopiu.net\/wordpress\/wp-content\/uploads\/2026\/01\/1a990cb6-7384-4070-ba62-d79dd93b1a41.png 1536w\" sizes=\"auto, (max-width: 300px) 100vw, 300px\" \/><\/a>MINNEAPOLIS<\/strong><br data-start=\"15\" data-end=\"18\" \/>Tiene banco la situazione negli Stati Uniti: il sindaco di Minneapolis ha annunciato che alcuni agenti federali lasceranno la citt\u00e0 gi\u00e0 oggi. Una decisione che arriva dopo giorni di tensioni e polemiche sulla gestione dell\u2019ordine pubblico. Intanto, secondo i media americani, il comandante della Border Patrol \u00e8 stato rimosso dal suo incarico, segnale di un riassetto ai vertici della sicurezza federale.<\/p>\n<p data-start=\"424\" data-end=\"748\"><strong data-start=\"424\" data-end=\"444\">ITALIA \u2013 NISCEMI<\/strong><br data-start=\"444\" data-end=\"447\" \/>\u00c8 emergenza in Sicilia: si allarga il fronte della frana a Niscemi. La situazione \u00e8 peggiorata nelle ultime ore e sono state evacuate circa 1.500 persone, con oltre 300 famiglie costrette a lasciare le abitazioni. La protezione civile parla di rischio elevato e di uno scenario in continua evoluzione.<\/p>\n<p data-start=\"750\" data-end=\"1043\"><strong data-start=\"750\" data-end=\"758\">ROMA<\/strong><br data-start=\"758\" data-end=\"761\" \/>La Conferenza episcopale italiana entra nel dibattito politico: il cardinale Matteo Zuppi invita a votare al referendum e sottolinea l\u2019importanza dell\u2019autonomia dei giudici, definita \u201cessenziale\u201d per la tenuta democratica del Paese. Un intervento che sta suscitando ampio dibattito.<\/p>\n<p data-start=\"1045\" data-end=\"1270\"><strong data-start=\"1045\" data-end=\"1053\">ROMA<\/strong><br data-start=\"1053\" data-end=\"1056\" \/>Caso mediatico-giudiziario: il giudice ha dato ragione ad Alfonso Signorini, bloccando \u201cFalsissimo\u201d, il progetto annunciato da Fabrizio Corona. Accolto il ricorso, con stop alla diffusione dei contenuti contestati.<\/p>\n<p data-start=\"1272\" data-end=\"1490\"><strong data-start=\"1272\" data-end=\"1282\">PARIGI<\/strong><br data-start=\"1282\" data-end=\"1285\" \/>La Camera francese ha approvato il disegno di legge che vieta l\u2019uso dei social network agli under 15. Un provvedimento che punta a tutelare i minori e che potrebbe fare scuola anche in altri Paesi europei.<\/p>\n<p data-start=\"1492\" data-end=\"1711\"><strong data-start=\"1492\" data-end=\"1512\">MILANO \u2013 PECHINO<\/strong><br data-start=\"1512\" data-end=\"1515\" \/>Sul fronte economico, il colosso cinese Anta ha acquistato il 29% di Puma dal gruppo Pinault per 1,8 miliardi di euro. Borse asiatiche contrastate: Hong Kong apre in positivo, Tokyo in lieve calo.<\/p>\n<p>&nbsp;<\/p>\n<h1>IL GIORNALE DELLE SEI DEL MATTINO<\/h1>\n<audio class=\"wp-audio-shortcode\" id=\"audio-492885-3\" preload=\"none\" style=\"width: 100%;\" controls=\"controls\"><source type=\"audio\/mpeg\" src=\"https:\/\/www.radiopiu.net\/wordpress\/wp-content\/uploads\/2026\/01\/GIORNALEDELLESEI-21.mp3?_=3\" \/><a href=\"https:\/\/www.radiopiu.net\/wordpress\/wp-content\/uploads\/2026\/01\/GIORNALEDELLESEI-21.mp3\">https:\/\/www.radiopiu.net\/wordpress\/wp-content\/uploads\/2026\/01\/GIORNALEDELLESEI-21.mp3<\/a><\/audio>\n<p>&nbsp;<\/p>\n<p>&nbsp;<\/p>\n<p>&nbsp;<\/p>\n<p>&nbsp;<\/p>\n<hr \/>\n<p>&nbsp;<\/p>\n<h1 style=\"text-align: center;\"><span style=\"color: #ff0000;\">I podcast informativi del mattino &#8211; audio &#8211;\u00a0<\/span><\/h1>\n<p><strong>OGNI GIORNO ALLE SETTE DEL MATTINO, LA RASSEGNA STAMPA LOCALE FLASH&#8230; PER CHI VA IN FRETTA. I TITOLI DAI GIORNALI E DAL SITO WWW.RADIOPIU.NET <span style=\"color: #0000ff;\">viene pubblicato alle 7.00<\/span> <span style=\"color: #ff0000;\">DIRETTA RADIO\u00a0 <\/span><\/strong><em><span style=\"color: #ff0000;\">per chi va in fretta&#8230; tante notizie in pochi minuti. L&#8217;informazione locale alla radio, ogni ora dalle 7 del mattino alle 19 della sera.<\/span><\/em><\/p>\n<p>&nbsp;<\/p>\n<h1 style=\"text-align: center;\">DALL&#8217;ITALIA<\/h1>\n<p><strong data-start=\"0\" data-end=\"8\"><a class=\"dt-pswp-item\" href=\"https:\/\/www.radiopiu.net\/wordpress\/wp-content\/uploads\/2026\/01\/6e057ac9-54af-47e5-b034-3970a1acfed5.png\" data-dt-img-description=\"\" data-large_image_width=\"1536\" data-large_image_height=\"1024\"><img loading=\"lazy\" decoding=\"async\" class=\"size-medium wp-image-493193 alignleft\" src=\"https:\/\/www.radiopiu.net\/wordpress\/wp-content\/uploads\/2026\/01\/6e057ac9-54af-47e5-b034-3970a1acfed5-300x200.png\" alt=\"\" width=\"300\" height=\"200\" srcset=\"https:\/\/www.radiopiu.net\/wordpress\/wp-content\/uploads\/2026\/01\/6e057ac9-54af-47e5-b034-3970a1acfed5-300x200.png 300w, https:\/\/www.radiopiu.net\/wordpress\/wp-content\/uploads\/2026\/01\/6e057ac9-54af-47e5-b034-3970a1acfed5-1024x683.png 1024w, https:\/\/www.radiopiu.net\/wordpress\/wp-content\/uploads\/2026\/01\/6e057ac9-54af-47e5-b034-3970a1acfed5-768x512.png 768w, https:\/\/www.radiopiu.net\/wordpress\/wp-content\/uploads\/2026\/01\/6e057ac9-54af-47e5-b034-3970a1acfed5.png 1536w\" sizes=\"auto, (max-width: 300px) 100vw, 300px\" \/><\/a>ROMA<\/strong><\/p>\n<div class=\"flex flex-col text-sm pb-25\">\n<article class=\"text-token-text-primary w-full focus:outline-none [--shadow-height:45px] has-data-writing-block:pointer-events-none has-data-writing-block:-mt-(--shadow-height) has-data-writing-block:pt-(--shadow-height) [&amp;:has([data-writing-block])&gt;*]:pointer-events-auto scroll-mt-[calc(var(--header-height)+min(200px,max(70px,20svh)))]\" dir=\"auto\" tabindex=\"-1\" data-turn-id=\"428790e4-b483-4114-b878-284f74afe2de\" data-testid=\"conversation-turn-28\" data-scroll-anchor=\"true\" data-turn=\"assistant\">\n<div class=\"text-base my-auto mx-auto pb-10 [--thread-content-margin:--spacing(4)] @w-sm\/main:[--thread-content-margin:--spacing(6)] @w-lg\/main:[--thread-content-margin:--spacing(16)] px-(--thread-content-margin)\">\n<div class=\"[--thread-content-max-width:40rem] @w-lg\/main:[--thread-content-max-width:48rem] mx-auto max-w-(--thread-content-max-width) flex-1 group\/turn-messages focus-visible:outline-hidden relative flex w-full min-w-0 flex-col agent-turn\" tabindex=\"-1\">\n<div class=\"flex max-w-full flex-col grow\">\n<div class=\"min-h-8 text-message relative flex w-full flex-col items-end gap-2 text-start break-words whitespace-normal [.text-message+&amp;]:mt-1\" dir=\"auto\" data-message-author-role=\"assistant\" data-message-id=\"a97e7e0b-b433-4a69-93db-1fcded133c8a\" data-message-model-slug=\"gpt-5-2\">\n<div class=\"flex w-full flex-col gap-1 empty:hidden first:pt-[1px]\">\n<div class=\"markdown prose dark:prose-invert w-full wrap-break-word dark markdown-new-styling\">\n<p data-start=\"0\" data-end=\"247\">Ergastolo per l\u2019uomo che ha ucciso l\u2019ex compagna a fucilate. La sentenza \u00e8 stata emessa dal tribunale della Capitale: per i giudici si \u00e8 trattato di un omicidio volontario aggravato, punito con la massima pena prevista dall\u2019ordinamento.<\/p>\n<p data-start=\"249\" data-end=\"528\"><strong data-start=\"249\" data-end=\"273\">MEDITERRANEO \u2013 MALTA<\/strong><br data-start=\"273\" data-end=\"276\" \/>Tragedia dell\u2019immigrazione: \u00e8 naufragata una barca con 51 migranti, un solo sopravvissuto, ora ricoverato a Malta. L\u2019organizzazione Alarm Phone denuncia la scomparsa di altre tre imbarcazioni partite nei giorni scorsi. Si teme un bilancio pesantissimo.<\/p>\n<p data-start=\"530\" data-end=\"794\"><strong data-start=\"530\" data-end=\"559\">ANZI \u2013 ANGUILLARA SABAZIA<\/strong><br data-start=\"559\" data-end=\"562\" \/>Nell\u2019inchiesta sulla morte di Andrea Carlomagno \u00e8 stata sequestrata la villa dei genitori ad Anguillara. I carabinieri attendono ora l\u2019esito dell\u2019autopsia per chiarire le cause del decesso e il contesto in cui \u00e8 maturata la vicenda.<\/p>\n<p data-start=\"796\" data-end=\"1022\"><strong data-start=\"796\" data-end=\"808\">GARLASCO<\/strong><br data-start=\"808\" data-end=\"811\" \/>Nuovo capitolo nel caso dell\u2019omicidio di Chiara Poggi: la difesa di Andrea Sempio chiede un incidente probatorio sui computer di Alberto Stasi e della vittima, ritenendo necessari ulteriori accertamenti tecnici.<\/p>\n<p data-start=\"1024\" data-end=\"1278\"><strong data-start=\"1024\" data-end=\"1032\">ROMA<\/strong><br data-start=\"1032\" data-end=\"1035\" \/>Polemica tra magistratura e politica. Il segretario generale dell\u2019ANM Rocco Maruotti si \u00e8 scusato per un post che accostava Minneapolis alla riforma della giustizia. Il ministro Nordio replica: parole che offendono chi amministra la giustizia.<\/p>\n<p data-start=\"1280\" data-end=\"1466\"><strong data-start=\"1280\" data-end=\"1290\">ITALIA<\/strong><br data-start=\"1290\" data-end=\"1293\" \/>Allarme sicurezza a scuola: uno studente si \u00e8 presentato in classe con un coltello realizzato con una stampante 3D. Denunciato il compagno che lo avrebbe fabbricato in casa.<\/p>\n<p data-start=\"1468\" data-end=\"1658\"><strong data-start=\"1468\" data-end=\"1479\">PESCARA<\/strong><br data-start=\"1479\" data-end=\"1482\" \/>Il tribunale del lavoro condanna il ministero dell\u2019Istruzione a risarcire un docente per l\u2019abuso di contratti a termine, riconoscendo l\u2019illegittima reiterazione del precariato.<\/p>\n<p data-start=\"1660\" data-end=\"1821\"><strong data-start=\"1660\" data-end=\"1670\">TORINO<\/strong><br data-start=\"1670\" data-end=\"1673\" \/>Un ragazzo di 19 anni \u00e8 morto mentre tornava in bicicletta dalla discoteca. Le immagini mostrano una caduta autonoma, seguita dall\u2019urto con un\u2019auto.<\/p>\n<p data-start=\"1823\" data-end=\"1983\"><strong data-start=\"1823\" data-end=\"1837\">MONFALCONE<\/strong><br data-start=\"1837\" data-end=\"1840\" \/>Proteste per un cartello anti-migranti installato dal Comune senza delibera n\u00e9 riferimenti normativi: \u201cvietato sedersi\u201d, la scritta contestata.<\/p>\n<p data-start=\"1985\" data-end=\"2287\" data-is-last-node=\"\" data-is-only-node=\"\"><strong data-start=\"1985\" data-end=\"2008\">CRONACA GIUDIZIARIA<\/strong><br data-start=\"2008\" data-end=\"2011\" \/>Accolto il ricorso di Alfonso Signorini: Fabrizio Corona non pu\u00f2 pubblicare la puntata contestata di \u201cFalsissimo\u201d, ma annuncia battaglia legale. Sul caso dei neonati sepolti, la perizia stabilisce che Chiara Petrolini \u00e8 fragile ma capace di intendere e di stare in giudizio.<\/p>\n<\/div>\n<\/div>\n<\/div>\n<\/div>\n<div class=\"z-0 flex min-h-[46px] justify-start\"><\/div>\n<\/div>\n<\/div>\n<\/article>\n<\/div>\n<div class=\"pointer-events-none h-px w-px absolute bottom-0\" aria-hidden=\"true\" data-edge=\"true\"><\/div>\n<p>&nbsp;<\/p>\n<div class=\"flex flex-col text-sm pb-25\">\n<article class=\"text-token-text-primary w-full focus:outline-none [--shadow-height:45px] has-data-writing-block:pointer-events-none has-data-writing-block:-mt-(--shadow-height) has-data-writing-block:pt-(--shadow-height) [&amp;:has([data-writing-block])&gt;*]:pointer-events-auto scroll-mt-[calc(var(--header-height)+min(200px,max(70px,20svh)))]\" dir=\"auto\" tabindex=\"-1\" data-turn-id=\"4725b8e7-448d-49ef-90cd-737bcdd880f6\" data-testid=\"conversation-turn-10\" data-scroll-anchor=\"true\" data-turn=\"assistant\">\n<div class=\"text-base my-auto mx-auto pb-10 [--thread-content-margin:--spacing(4)] @w-sm\/main:[--thread-content-margin:--spacing(6)] @w-lg\/main:[--thread-content-margin:--spacing(16)] px-(--thread-content-margin)\">\n<div class=\"[--thread-content-max-width:40rem] @w-lg\/main:[--thread-content-max-width:48rem] mx-auto max-w-(--thread-content-max-width) flex-1 group\/turn-messages focus-visible:outline-hidden relative flex w-full min-w-0 flex-col agent-turn\" tabindex=\"-1\">\n<hr \/>\n<h1><\/h1>\n<h1><\/h1>\n<h1 style=\"text-align: center;\">DALLA REGIONE VENETO<\/h1>\n<div class=\"flex flex-col text-sm pb-25\">\n<article class=\"text-token-text-primary w-full focus:outline-none [--shadow-height:45px] has-data-writing-block:pointer-events-none has-data-writing-block:-mt-(--shadow-height) has-data-writing-block:pt-(--shadow-height) [&amp;:has([data-writing-block])&gt;*]:pointer-events-auto scroll-mt-[calc(var(--header-height)+min(200px,max(70px,20svh)))]\" dir=\"auto\" tabindex=\"-1\" data-turn-id=\"65eed883-7edd-4ebe-9809-1f448ebb21cd\" data-testid=\"conversation-turn-35\" data-scroll-anchor=\"true\" data-turn=\"assistant\">\n<div class=\"text-base my-auto mx-auto pb-10 [--thread-content-margin:--spacing(4)] @w-sm\/main:[--thread-content-margin:--spacing(6)] @w-lg\/main:[--thread-content-margin:--spacing(16)] px-(--thread-content-margin)\">\n<div class=\"[--thread-content-max-width:40rem] @w-lg\/main:[--thread-content-max-width:48rem] mx-auto max-w-(--thread-content-max-width) flex-1 group\/turn-messages focus-visible:outline-hidden relative flex w-full min-w-0 flex-col agent-turn\" tabindex=\"-1\">\n<div class=\"flex max-w-full flex-col grow\">\n<div class=\"min-h-8 text-message relative flex w-full flex-col items-end gap-2 text-start break-words whitespace-normal [.text-message+&amp;]:mt-1\" dir=\"auto\" data-message-author-role=\"assistant\" data-message-id=\"e1d1e410-da6e-4c98-a896-147bf73b0996\" data-message-model-slug=\"gpt-5-2\">\n<div class=\"flex w-full flex-col gap-1 empty:hidden first:pt-[1px]\">\n<div class=\"markdown prose dark:prose-invert w-full wrap-break-word dark markdown-new-styling\">\n<p data-start=\"0\" data-end=\"284\"><strong data-start=\"0\" data-end=\"11\"><a class=\"dt-pswp-item\" href=\"https:\/\/www.radiopiu.net\/wordpress\/wp-content\/uploads\/2026\/01\/15e432bd-0131-4e7f-9699-dfb121a557b2.png\" data-dt-img-description=\"\" data-large_image_width=\"1536\" data-large_image_height=\"1024\"><img loading=\"lazy\" decoding=\"async\" class=\"size-medium wp-image-493196 alignleft\" src=\"https:\/\/www.radiopiu.net\/wordpress\/wp-content\/uploads\/2026\/01\/15e432bd-0131-4e7f-9699-dfb121a557b2-300x200.png\" alt=\"\" width=\"300\" height=\"200\" srcset=\"https:\/\/www.radiopiu.net\/wordpress\/wp-content\/uploads\/2026\/01\/15e432bd-0131-4e7f-9699-dfb121a557b2-300x200.png 300w, https:\/\/www.radiopiu.net\/wordpress\/wp-content\/uploads\/2026\/01\/15e432bd-0131-4e7f-9699-dfb121a557b2-1024x683.png 1024w, https:\/\/www.radiopiu.net\/wordpress\/wp-content\/uploads\/2026\/01\/15e432bd-0131-4e7f-9699-dfb121a557b2-768x512.png 768w, https:\/\/www.radiopiu.net\/wordpress\/wp-content\/uploads\/2026\/01\/15e432bd-0131-4e7f-9699-dfb121a557b2.png 1536w\" sizes=\"auto, (max-width: 300px) 100vw, 300px\" \/><\/a>VICENZA<\/strong><br data-start=\"11\" data-end=\"14\" \/>Protesta dei sindacati di polizia davanti alla questura: sei nuove assunzioni a fronte di circa trenta pensionamenti. Una situazione definita \u201cpreludio a un disastro annunciato\u201d, con carichi di lavoro crescenti e servizi sempre pi\u00f9 difficili da garantire sul territorio.<\/p>\n<p data-start=\"286\" data-end=\"517\"><strong data-start=\"286\" data-end=\"296\">PADOVA<\/strong><br data-start=\"296\" data-end=\"299\" \/>Maxi sequestro della Guardia di Finanza: oltre sette tonnellate di sigarette di contrabbando trovate su un tir moldavo. Arrestato il conducente. Un\u2019operazione rilevante contro il traffico illecito e l\u2019evasione fiscale.<\/p>\n<p data-start=\"519\" data-end=\"739\"><strong data-start=\"519\" data-end=\"529\">ROVIGO<\/strong><br data-start=\"529\" data-end=\"532\" \/>Smantellato un presunto \u201ccarosello\u201d di aziende creato per non pagare le tasse. La Finanza ha sequestrato beni per circa 800 mila euro e denunciato una famiglia di fiscalisti per bancarotta e autoriciclaggio.<\/p>\n<p data-start=\"958\" data-end=\"1178\"><strong data-start=\"958\" data-end=\"989\">ITALIA \u2013 SICUREZZA OLIMPICA<\/strong><br data-start=\"989\" data-end=\"992\" \/>In vista di Milano-Cortina 2026, il Dipartimento di Pubblica Sicurezza chiarisce che l\u2019Ice non operer\u00e0 in Italia. La composizione della scorta statunitense non \u00e8 ancora stata comunicata.<\/p>\n<p data-start=\"1180\" data-end=\"1361\"><strong data-start=\"1180\" data-end=\"1200\">VENEZIA \u2013 LAGUNA<\/strong><br data-start=\"1200\" data-end=\"1203\" \/>Allarme ambientale: la \u201cnoce di mare\u201d, la Mnemiopsis leidyi, potrebbe rivelarsi pi\u00f9 dannosa del granchio blu, con seri rischi per l\u2019ecosistema e per la pesca.<\/p>\n<p data-start=\"1363\" data-end=\"1543\"><strong data-start=\"1363\" data-end=\"1373\">SANIT\u00c0<\/strong><br data-start=\"1373\" data-end=\"1376\" \/>Storia a lieto fine: Laura, nata con met\u00e0 cuore, diventa madre a 38 anni. Un parto complesso, con cesareo, isterectomia e pacemaker, ha salvato lei e la piccola Atena.<\/p>\n<p data-start=\"1545\" data-end=\"1742\" data-is-last-node=\"\" data-is-only-node=\"\"><strong data-start=\"1545\" data-end=\"1564\">PADOVA \u2013 STORIA<\/strong><br data-start=\"1564\" data-end=\"1567\" \/>Scoperta una pagina curiosa del passato: il primo macchinario per la pasta fresca fu brevettato nel 1604 da Bartolomio Veronese, detto \u201cAbbondanza\u201d. Un primato tutto padovano.<\/p>\n<\/div>\n<\/div>\n<\/div>\n<\/div>\n<div class=\"z-0 flex min-h-[46px] justify-start\"><strong data-start=\"1713\" data-end=\"1723\">VERONA<\/strong><\/div>\n<\/div>\n<\/div>\n<\/article>\n<\/div>\n<p data-start=\"1713\" data-end=\"1788\">Sport: in Serie A il Verona cade in casa, Udinese vince 3 a 1.<\/p>\n<p>&nbsp;<\/p>\n<p>&nbsp;<\/p>\n<p>&nbsp;<\/p>\n<\/div>\n<\/div>\n<\/article>\n<\/div>\n<hr \/>\n<p>&nbsp;<\/p>\n<blockquote>\n<h1><\/h1>\n<h1><a class=\"dt-pswp-item\" href=\"https:\/\/www.radiopiu.net\/wordpress\/wp-content\/uploads\/2024\/05\/La-Val-che-Urla-Mirko-300x169-1.jpg\" data-dt-img-description=\"\" data-large_image_width=\"300\" data-large_image_height=\"169\"><img loading=\"lazy\" decoding=\"async\" class=\" wp-image-388263 alignleft\" src=\"https:\/\/www.radiopiu.net\/wordpress\/wp-content\/uploads\/2024\/05\/La-Val-che-Urla-Mirko-300x169-1.jpg\" alt=\"\" width=\"215\" height=\"121\" \/><\/a>RASSEGNA STAMPA, ORE 7 DEL MATTINO. LE ANTICIPAZIONI<\/h1>\n<p>DI MIRKO MEZZACASA<\/p>\n<p>&nbsp;<\/p><\/blockquote>\n<\/div>\n<\/div>\n<\/div>\n<\/article>\n<\/div>\n<div class=\"flex flex-col text-sm pb-25\">\n<article class=\"text-token-text-primary w-full focus:outline-none [--shadow-height:45px] has-data-writing-block:pointer-events-none has-data-writing-block:-mt-(--shadow-height) has-data-writing-block:pt-(--shadow-height) [&amp;:has([data-writing-block])&gt;*]:pointer-events-auto scroll-mt-[calc(var(--header-height)+min(200px,max(70px,20svh)))]\" dir=\"auto\" tabindex=\"-1\" data-turn-id=\"request-WEB:545a5307-a0c9-41c7-9a5f-bf65aefdb8ec-5\" data-testid=\"conversation-turn-12\" data-scroll-anchor=\"true\" data-turn=\"assistant\">\n<div class=\"text-base my-auto mx-auto pb-10 [--thread-content-margin:--spacing(4)] @w-sm\/main:[--thread-content-margin:--spacing(6)] @w-lg\/main:[--thread-content-margin:--spacing(16)] px-(--thread-content-margin)\">\n<div class=\"[--thread-content-max-width:40rem] @w-lg\/main:[--thread-content-max-width:48rem] mx-auto max-w-(--thread-content-max-width) flex-1 group\/turn-messages focus-visible:outline-hidden relative flex w-full min-w-0 flex-col agent-turn\" tabindex=\"-1\">\n<div class=\"z-0 flex min-h-[46px] justify-start\">\n<audio class=\"wp-audio-shortcode\" id=\"audio-492885-4\" preload=\"none\" style=\"width: 100%;\" controls=\"controls\"><source type=\"audio\/mpeg\" src=\"https:\/\/www.radiopiu.net\/wordpress\/wp-content\/uploads\/2026\/01\/GF07-21.mp3?_=4\" \/><a href=\"https:\/\/www.radiopiu.net\/wordpress\/wp-content\/uploads\/2026\/01\/GF07-21.mp3\">https:\/\/www.radiopiu.net\/wordpress\/wp-content\/uploads\/2026\/01\/GF07-21.mp3<\/a><\/audio>\n<p>&nbsp;<\/p>\n<p>&nbsp;<\/p>\n<hr \/>\n<p>&nbsp;<\/p>\n<p>&nbsp;<\/p>\n<p><strong class=\"photoswipe-wrapper\"><a class=\"dt-pswp-item\" href=\"https:\/\/www.radiopiu.net\/wordpress\/wp-content\/uploads\/2026\/01\/maxresdefault-3.jpg\" data-dt-img-description=\"\" data-large_image_width=\"1280\" data-large_image_height=\"720\"><img loading=\"lazy\" decoding=\"async\" class=\"wp-image-491928 alignleft\" src=\"https:\/\/www.radiopiu.net\/wordpress\/wp-content\/uploads\/2026\/01\/maxresdefault-3-300x169.jpg\" alt=\"\" width=\"188\" height=\"106\" srcset=\"https:\/\/www.radiopiu.net\/wordpress\/wp-content\/uploads\/2026\/01\/maxresdefault-3-300x169.jpg 300w, https:\/\/www.radiopiu.net\/wordpress\/wp-content\/uploads\/2026\/01\/maxresdefault-3-1024x576.jpg 1024w, https:\/\/www.radiopiu.net\/wordpress\/wp-content\/uploads\/2026\/01\/maxresdefault-3-768x432.jpg 768w, https:\/\/www.radiopiu.net\/wordpress\/wp-content\/uploads\/2026\/01\/maxresdefault-3.jpg 1280w\" sizes=\"auto, (max-width: 188px) 100vw, 188px\" \/><\/a>ogni sera alle 19 le anticipazioni alla radio, quello che poi seguirete nel TELEGIORNALE BELLUNESE\u00a0 in onda alle 19.30 sul CANALE 10 del digitale terrestre.\u00a0\u00a0<\/strong><\/p>\n<p>&nbsp;<\/p>\n<p>&nbsp;<\/p>\n<blockquote>\n<h2>ANTICIPAZIONI,\u00a0 DI\u00a0 \u00a0FABIO FIORAVANZI<\/h2>\n<audio class=\"wp-audio-shortcode\" id=\"audio-492885-5\" preload=\"none\" style=\"width: 100%;\" controls=\"controls\"><source type=\"audio\/mpeg\" src=\"https:\/\/www.radiopiu.net\/wordpress\/wp-content\/uploads\/2026\/01\/ANTENNA3-15.mp3?_=5\" \/><a href=\"https:\/\/www.radiopiu.net\/wordpress\/wp-content\/uploads\/2026\/01\/ANTENNA3-15.mp3\">https:\/\/www.radiopiu.net\/wordpress\/wp-content\/uploads\/2026\/01\/ANTENNA3-15.mp3<\/a><\/audio><\/blockquote>\n<\/div>\n<\/div>\n<\/div>\n<\/article>\n<\/div>\n<p>&nbsp;<\/p>\n<div class=\"flex flex-col text-sm pb-25\">\n<article class=\"text-token-text-primary w-full focus:outline-none [--shadow-height:45px] has-data-writing-block:pointer-events-none has-data-writing-block:-mt-(--shadow-height) has-data-writing-block:pt-(--shadow-height) [&amp;:has([data-writing-block])&gt;*]:pointer-events-auto scroll-mt-[calc(var(--header-height)+min(200px,max(70px,20svh)))]\" dir=\"auto\" tabindex=\"-1\" data-turn-id=\"request-WEB:545a5307-a0c9-41c7-9a5f-bf65aefdb8ec-5\" data-testid=\"conversation-turn-12\" data-scroll-anchor=\"true\" data-turn=\"assistant\">\n<div class=\"[--thread-content-max-width:40rem] @w-lg\/main:[--thread-content-max-width:48rem] mx-auto max-w-(--thread-content-max-width) flex-1 group\/turn-messages focus-visible:outline-hidden relative flex w-full min-w-0 flex-col agent-turn\" tabindex=\"-1\">\n<div class=\"z-0 flex min-h-[46px] justify-start\">\n<p>&nbsp;<\/p>\n<hr \/>\n<p>&nbsp;<\/p>\n<h1><span style=\"color: #ff0000;\"><a class=\"dt-pswp-item\" href=\"https:\/\/www.radiopiu.net\/wordpress\/wp-content\/uploads\/2024\/11\/8.jpg\" data-dt-img-description=\"\" data-large_image_width=\"180\" data-large_image_height=\"180\"><img loading=\"lazy\" decoding=\"async\" class=\"size-full wp-image-417910 alignleft\" src=\"https:\/\/www.radiopiu.net\/wordpress\/wp-content\/uploads\/2024\/11\/8.jpg\" alt=\"\" width=\"180\" height=\"180\" srcset=\"https:\/\/www.radiopiu.net\/wordpress\/wp-content\/uploads\/2024\/11\/8.jpg 180w, https:\/\/www.radiopiu.net\/wordpress\/wp-content\/uploads\/2024\/11\/8-150x150.jpg 150w\" sizes=\"auto, (max-width: 180px) 100vw, 180px\" \/><\/a>I podcast informativi del mattino &#8211; video &#8211;\u00a0<\/span><\/h1>\n<h2 style=\"text-align: left;\"><strong>RASSEGNA STAMPA LOCALE, ORE OTTO<\/strong><\/h2>\n<h2><strong><span style=\"color: #0000ff;\">viene\u00a0 <\/span><\/strong><strong><span style=\"color: #0000ff;\">pubblicata alle 8.05 <span style=\"color: #ff0000;\">DIRETTA RADIO\u00a0 \u00a0<\/span><\/span><\/strong><strong>DI MIRKO MEZZACASA<\/strong><\/h2>\n<h1><span style=\"color: #ff0000;\"><strong>VIDEO\u00a0 \u00a0in diretta AGGIORNAMENTO\u00a0 dalle 8 del mattino<\/strong><\/span><\/h1>\n<p>&nbsp;<\/p>\n<p>&nbsp;<\/p>\n<div class=\"flex flex-col text-sm pb-25\">\n<article class=\"text-token-text-primary w-full focus:outline-none [--shadow-height:45px] has-data-writing-block:pointer-events-none has-data-writing-block:-mt-(--shadow-height) has-data-writing-block:pt-(--shadow-height) [&amp;:has([data-writing-block])&gt;*]:pointer-events-auto scroll-mt-[calc(var(--header-height)+min(200px,max(70px,20svh)))]\" dir=\"auto\" tabindex=\"-1\" data-turn-id=\"request-WEB:545a5307-a0c9-41c7-9a5f-bf65aefdb8ec-5\" data-testid=\"conversation-turn-12\" data-scroll-anchor=\"true\" data-turn=\"assistant\">\n<div class=\"text-base my-auto mx-auto pb-10 [--thread-content-margin:--spacing(4)] @w-sm\/main:[--thread-content-margin:--spacing(6)] @w-lg\/main:[--thread-content-margin:--spacing(16)] px-(--thread-content-margin)\">\n<div class=\"[--thread-content-max-width:40rem] @w-lg\/main:[--thread-content-max-width:48rem] mx-auto max-w-(--thread-content-max-width) flex-1 group\/turn-messages focus-visible:outline-hidden relative flex w-full min-w-0 flex-col agent-turn\" tabindex=\"-1\">\n<div class=\"z-0 flex min-h-[46px] justify-start\"><\/div>\n<div><\/div>\n<div>\n\n\t\t\t<style type='text\/css'>\n\t\t\t\t#gallery-3 {\n\t\t\t\t\tmargin: auto;\n\t\t\t\t}\n\t\t\t\t#gallery-3 .gallery-item {\n\t\t\t\t\tfloat: left;\n\t\t\t\t\tmargin-top: 10px;\n\t\t\t\t\ttext-align: center;\n\t\t\t\t\twidth: 50%;\n\t\t\t\t}\n\t\t\t\t#gallery-3 img {\n\t\t\t\t\tborder: 2px solid #cfcfcf;\n\t\t\t\t}\n\t\t\t\t#gallery-3 .gallery-caption {\n\t\t\t\t\tmargin-left: 0;\n\t\t\t\t}\n\t\t\t\t\/* see gallery_shortcode() in wp-includes\/media.php *\/\n\t\t\t<\/style>\n\t\t<div id='gallery-3' class='dt-gallery-container gallery galleryid-492885 gallery-columns-2 gallery-size-medium'><dl class='gallery-item'>\n\t\t\t\t<dt class='gallery-icon landscape'>\n\t\t\t\t\t<a class=\"rollover rollover-zoom dt-pswp-item\" title=\"Screenshot 2026-01-27 051452\" data-dt-img-description=\"\" data-large_image_width=\"827\" data-large_image_height=\"351\"href='https:\/\/www.radiopiu.net\/wordpress\/wp-content\/uploads\/2026\/01\/Screenshot-2026-01-27-051452.png'><img loading=\"lazy\" decoding=\"async\" width=\"300\" height=\"127\" src=\"https:\/\/www.radiopiu.net\/wordpress\/wp-content\/uploads\/2026\/01\/Screenshot-2026-01-27-051452-300x127.png\" class=\"attachment-medium size-medium\" alt=\"\" srcset=\"https:\/\/www.radiopiu.net\/wordpress\/wp-content\/uploads\/2026\/01\/Screenshot-2026-01-27-051452-300x127.png 300w, https:\/\/www.radiopiu.net\/wordpress\/wp-content\/uploads\/2026\/01\/Screenshot-2026-01-27-051452-768x326.png 768w, https:\/\/www.radiopiu.net\/wordpress\/wp-content\/uploads\/2026\/01\/Screenshot-2026-01-27-051452.png 827w\" sizes=\"auto, (max-width: 300px) 100vw, 300px\" \/><\/a>\n\t\t\t\t<\/dt><\/dl><dl class='gallery-item'>\n\t\t\t\t<dt class='gallery-icon landscape'>\n\t\t\t\t\t<a class=\"rollover rollover-zoom dt-pswp-item\" title=\"Screenshot 2026-01-27 051358\" data-dt-img-description=\"\" data-large_image_width=\"818\" data-large_image_height=\"367\"href='https:\/\/www.radiopiu.net\/wordpress\/wp-content\/uploads\/2026\/01\/Screenshot-2026-01-27-051358.png'><img loading=\"lazy\" decoding=\"async\" width=\"300\" height=\"135\" src=\"https:\/\/www.radiopiu.net\/wordpress\/wp-content\/uploads\/2026\/01\/Screenshot-2026-01-27-051358-300x135.png\" class=\"attachment-medium size-medium\" alt=\"\" srcset=\"https:\/\/www.radiopiu.net\/wordpress\/wp-content\/uploads\/2026\/01\/Screenshot-2026-01-27-051358-300x135.png 300w, https:\/\/www.radiopiu.net\/wordpress\/wp-content\/uploads\/2026\/01\/Screenshot-2026-01-27-051358-768x345.png 768w, https:\/\/www.radiopiu.net\/wordpress\/wp-content\/uploads\/2026\/01\/Screenshot-2026-01-27-051358.png 818w\" sizes=\"auto, (max-width: 300px) 100vw, 300px\" \/><\/a>\n\t\t\t\t<\/dt><\/dl><br style=\"clear: both\" \/><dl class='gallery-item'>\n\t\t\t\t<dt class='gallery-icon landscape'>\n\t\t\t\t\t<a class=\"rollover rollover-zoom dt-pswp-item\" title=\"Screenshot 2026-01-27 051303\" data-dt-img-description=\"\" data-large_image_width=\"354\" data-large_image_height=\"241\"href='https:\/\/www.radiopiu.net\/wordpress\/wp-content\/uploads\/2026\/01\/Screenshot-2026-01-27-051303.png'><img loading=\"lazy\" decoding=\"async\" width=\"300\" height=\"204\" src=\"https:\/\/www.radiopiu.net\/wordpress\/wp-content\/uploads\/2026\/01\/Screenshot-2026-01-27-051303-300x204.png\" class=\"attachment-medium size-medium\" alt=\"\" srcset=\"https:\/\/www.radiopiu.net\/wordpress\/wp-content\/uploads\/2026\/01\/Screenshot-2026-01-27-051303-300x204.png 300w, https:\/\/www.radiopiu.net\/wordpress\/wp-content\/uploads\/2026\/01\/Screenshot-2026-01-27-051303.png 354w\" sizes=\"auto, (max-width: 300px) 100vw, 300px\" \/><\/a>\n\t\t\t\t<\/dt><\/dl><dl class='gallery-item'>\n\t\t\t\t<dt class='gallery-icon landscape'>\n\t\t\t\t\t<a class=\"rollover rollover-zoom dt-pswp-item\" title=\"e13ad0a9-0dd7-4718-9ebb-79193c13d193\" data-dt-img-description=\"\" data-large_image_width=\"2048\" data-large_image_height=\"1536\"href='https:\/\/www.radiopiu.net\/wordpress\/wp-content\/uploads\/2026\/01\/e13ad0a9-0dd7-4718-9ebb-79193c13d193.jpg'><img loading=\"lazy\" decoding=\"async\" width=\"300\" height=\"225\" src=\"https:\/\/www.radiopiu.net\/wordpress\/wp-content\/uploads\/2026\/01\/e13ad0a9-0dd7-4718-9ebb-79193c13d193-300x225.jpg\" class=\"attachment-medium size-medium\" alt=\"\" srcset=\"https:\/\/www.radiopiu.net\/wordpress\/wp-content\/uploads\/2026\/01\/e13ad0a9-0dd7-4718-9ebb-79193c13d193-300x225.jpg 300w, https:\/\/www.radiopiu.net\/wordpress\/wp-content\/uploads\/2026\/01\/e13ad0a9-0dd7-4718-9ebb-79193c13d193-1024x768.jpg 1024w, https:\/\/www.radiopiu.net\/wordpress\/wp-content\/uploads\/2026\/01\/e13ad0a9-0dd7-4718-9ebb-79193c13d193-768x576.jpg 768w, https:\/\/www.radiopiu.net\/wordpress\/wp-content\/uploads\/2026\/01\/e13ad0a9-0dd7-4718-9ebb-79193c13d193-1536x1152.jpg 1536w, https:\/\/www.radiopiu.net\/wordpress\/wp-content\/uploads\/2026\/01\/e13ad0a9-0dd7-4718-9ebb-79193c13d193.jpg 2048w\" sizes=\"auto, (max-width: 300px) 100vw, 300px\" \/><\/a>\n\t\t\t\t<\/dt><\/dl><br style=\"clear: both\" \/>\n\t\t\t<\/div>\n\n<\/div>\n<div>\n<p><iframe loading=\"lazy\" title=\"DAL 1983 LA RASSEGNA STAMPA LOCALE di mirko mezzacasa. L&#039;ORIGINALE\" width=\"1200\" height=\"675\" src=\"https:\/\/www.youtube.com\/embed\/unN25cjT81s?feature=oembed\" frameborder=\"0\" allow=\"accelerometer; autoplay; clipboard-write; encrypted-media; gyroscope; picture-in-picture; web-share\" referrerpolicy=\"strict-origin-when-cross-origin\" allowfullscreen><\/iframe><\/p>\n<p>&nbsp;<\/p>\n<p>&nbsp;<\/p>\n<p>&nbsp;<\/p>\n<\/div>\n<div>\n<hr \/>\n<\/div>\n<div>\n<p><strong data-start=\"0\" data-end=\"42\"><a class=\"dt-pswp-item\" href=\"https:\/\/www.radiopiu.net\/wordpress\/wp-content\/uploads\/2026\/01\/Screenshot-2026-01-26-051245-1.png\" data-dt-img-description=\"\" data-large_image_width=\"233\" data-large_image_height=\"177\"><img loading=\"lazy\" decoding=\"async\" class=\"size-full wp-image-493186 alignleft\" src=\"https:\/\/www.radiopiu.net\/wordpress\/wp-content\/uploads\/2026\/01\/Screenshot-2026-01-26-051245-1.png\" alt=\"\" width=\"233\" height=\"177\" \/><\/a><\/strong><\/p>\n<p><strong data-start=\"0\" data-end=\"42\">LAMON, L\u2019ULTIMO SALUTO A IGOR TOLLARDO<\/strong><\/p>\n<p><strong>LAMON\u00a0<\/strong> Igor Tollardo torna nella sua Lamon per l\u2019ultimo saluto. L\u2019albergatore di 58 anni \u00e8 morto domenica all\u2019Unit\u00e0 di cure palliative di Portogruaro, dove era ricoverato per l\u2019aggravarsi della malattia. Domani mattina alle 10.30 si terr\u00e0 la cerimonia funebre a Portogruaro; nel pomeriggio, alle 15.30, il feretro sar\u00e0 trasferito al cimitero di Lamon per l\u2019ultimo commiato.<\/p>\n<p>Tollardo lascia i genitori Bepi e Angelina, la compagna Giulia, i figli Alessandro, Giovanni ed Eliana e i familiari tutti. La famiglia chiede di non inviare fiori: eventuali offerte saranno devolute al CRO di Aviano.<\/p>\n<p>&nbsp;<\/p>\n<p>&nbsp;<\/p>\n<\/div>\n<div>\n<hr \/>\n<\/div>\n<div>\n<h3><a class=\"rollover rollover-zoom dt-pswp-item pspw-wrap-ready this-ready\" title=\"photo_6034983669056867855_x\" href=\"https:\/\/www.radiopiu.net\/wordpress\/wp-content\/uploads\/2026\/01\/photo_6034983669056867855_x.jpg\" data-dt-img-description=\"\" data-large_image_width=\"800\" data-large_image_height=\"600\"><img loading=\"lazy\" decoding=\"async\" class=\"attachment-medium alignleft\" src=\"https:\/\/www.radiopiu.net\/wordpress\/wp-content\/uploads\/2026\/01\/photo_6034983669056867855_x-300x225.jpg\" sizes=\"auto, (max-width: 300px) 100vw, 300px\" srcset=\"https:\/\/www.radiopiu.net\/wordpress\/wp-content\/uploads\/2026\/01\/photo_6034983669056867855_x-300x225.jpg 300w, https:\/\/www.radiopiu.net\/wordpress\/wp-content\/uploads\/2026\/01\/photo_6034983669056867855_x-768x576.jpg 768w, https:\/\/www.radiopiu.net\/wordpress\/wp-content\/uploads\/2026\/01\/photo_6034983669056867855_x.jpg 800w\" alt=\"\" width=\"245\" height=\"184\" \/><\/a>INCIDENTE STRADALE IN VIA DEL BOSCON: TRE AUTO COINVOLTE, TRAFFICO BLOCCATO<\/h3>\n<div class=\"page-title-breadcrumbs\">\n<div class=\"flex max-w-full flex-col grow\">\n<div class=\"min-h-8 text-message relative flex w-full flex-col items-end gap-2 text-start break-words whitespace-normal [.text-message+&amp;]:mt-1\" dir=\"auto\" data-message-author-role=\"assistant\" data-message-id=\"f98c2fd5-5238-4830-824a-ba82c2d16233\" data-message-model-slug=\"gpt-5-2\">\n<p>Intervento dei soccorsi nella serata di ieri, luned\u00ec 26 gennaio,\u00a0intorno alle 19.15 si \u00e8 verificato un incidente stradale in via del Boscon. Nel sinistro sono rimaste coinvolte tre autovetture e uno dei mezzi \u00e8 uscito dalla carreggiata, terminando la corsa nella scarpata adiacente alla strada.Sul posto sono intervenuti i\u00a0<strong data-start=\"457\" data-end=\"498\"><span class=\"hover:entity-accent entity-underline inline cursor-pointer align-baseline\"><span class=\"whitespace-normal\">Vigili del Fuoco<\/span><\/span><\/strong>\u00a0di Belluno, provenienti dalla sede centrale, che hanno provveduto alla messa in sicurezza dei veicoli e dell\u2019area interessata dall\u2019incidente, evitando ulteriori rischi per la circolazione e per le persone coinvolte. Gli occupanti delle auto sono stati assistiti dal personale sanitario, che ha prestato le prime cure direttamente sul posto. Le loro condizioni non hanno richiesto, al momento, interventi di particolare gravit\u00e0. Presenti anche i\u00a0<strong data-start=\"946\" data-end=\"987\"><span class=\"hover:entity-accent entity-underline inline cursor-pointer align-baseline\"><span class=\"whitespace-normal\">Carabinieri<\/span><\/span><\/strong> di Belluno, incaricati dei rilievi per ricostruire la dinamica dell\u2019incidente e regolare la viabilit\u00e0. La circolazione \u00e8 rimasta completamente bloccata in entrambe le direzioni per circa 45 minuti, causando rallentamenti e disagi al traffico serale. La situazione \u00e8 tornata alla normalit\u00e0 intorno alle ore 20, con il completo ripristino della viabilit\u00e0.<\/p>\n<hr \/>\n<hr \/>\n<hr \/>\n<hr \/>\n<hr \/>\n<hr \/>\n<hr \/>\n<hr \/>\n<hr \/>\n<hr \/>\n<hr \/>\n<hr \/>\n<hr \/>\n<hr \/>\n<hr \/>\n<hr \/>\n<hr \/>\n<hr \/>\n<hr \/>\n<hr \/>\n<hr \/>\n<hr \/>\n<hr \/>\n<hr \/>\n<hr \/>\n<hr \/>\n<hr \/>\n<hr \/>\n<hr \/>\n<hr \/>\n<hr \/>\n<hr \/>\n<hr \/>\n<hr \/>\n<hr \/>\n<\/div>\n<\/div>\n<\/div>\n<\/div>\n<\/div>\n<div class=\"[--thread-content-max-width:40rem] @w-lg\/main:[--thread-content-max-width:48rem] mx-auto max-w-(--thread-content-max-width) flex-1 group\/turn-messages focus-visible:outline-hidden relative flex w-full min-w-0 flex-col agent-turn\" tabindex=\"-1\">\n<div><\/div>\n<div>\n<blockquote>\n<h2 class=\"page-title-head hgroup\">SANIT\u00c0 SOTTO ACCUSA: FARMACI SCADUTI E ABUSI, 35 DENUNCE DEL NAS<\/h2>\n<\/blockquote>\n<p><em><a class=\"dt-pswp-item\" href=\"https:\/\/www.radiopiu.net\/wordpress\/wp-content\/uploads\/2026\/01\/ospedale1.jpeg\" data-dt-img-description=\"\" data-large_image_width=\"269\" data-large_image_height=\"148\"><img loading=\"lazy\" decoding=\"async\" class=\"size-full wp-image-492976 alignleft\" src=\"https:\/\/www.radiopiu.net\/wordpress\/wp-content\/uploads\/2026\/01\/ospedale1.jpeg\" alt=\"\" width=\"269\" height=\"148\" \/><\/a>L\u2019attivit\u00e0 del NAS si conferma uno strumento essenziale di prevenzione e repressione, a tutela soprattutto delle fasce pi\u00f9 deboli della popolazione. Un lavoro silenzioso ma decisivo, che nel 2025 ha acceso i riflettori su un sistema che, accanto a tante realt\u00e0 virtuose, continua purtroppo a presentare sacche di illegalit\u00e0 e gravi mancanze.<\/em><\/p>\n<\/div>\n<p>Nel 2025 il Nucleo Antisofisticazioni e Sanit\u00e0 dei Carabinieri di Treviso ha intensificato i controlli su sanit\u00e0 e farmaci, ispezionando oltre 1.000 strutture tra ambito sanitario e farmaceutico. In 878 controlli sono emerse gravi irregolarit\u00e0 che hanno portato a 35 denunce e 224 sanzioni amministrative: farmaci scaduti, maltrattamenti a persone fragili, esercizio abusivo della professione sanitaria, truffe e frodi nelle forniture pubbliche. Nel settore farmaceutico, 170 ispezioni hanno portato a 5 denunce per importazione illegale di medicinali. Complessivamente sono state comminate sanzioni per oltre 258 mila euro e ritirati dal mercato farmaci e dispositivi per oltre 16 mila euro, a tutela della salute pubblica.<\/p>\n<hr \/>\n<\/div>\n<\/div>\n<\/article>\n<\/div>\n<\/div>\n<\/div>\n<div>\n<hr \/>\n<hr \/>\n<hr \/>\n<hr \/>\n<hr \/>\n<hr \/>\n<hr \/>\n<hr \/>\n<hr \/>\n<hr \/>\n<hr \/>\n<hr \/>\n<hr \/>\n<hr \/>\n<hr \/>\n<hr \/>\n<hr \/>\n<hr \/>\n<hr \/>\n<hr \/>\n<hr \/>\n<hr \/>\n<hr \/>\n<hr \/>\n<hr \/>\n<hr \/>\n<hr \/>\n<hr \/>\n<hr \/>\n<hr \/>\n<hr \/>\n<hr \/>\n<hr \/>\n<\/div>\n<p>&nbsp;<\/p>\n<p class=\"text-base my-auto mx-auto pb-10 [--thread-content-margin:--spacing(4)] @w-sm\/main:[--thread-content-margin:--spacing(6)] @w-lg\/main:[--thread-content-margin:--spacing(16)] px-(--thread-content-margin)\"><strong data-start=\"0\" data-end=\"55\"><a class=\"dt-pswp-item\" href=\"https:\/\/www.radiopiu.net\/wordpress\/wp-content\/uploads\/2026\/01\/download-25.jpg\" data-dt-img-description=\"\" data-large_image_width=\"245\" data-large_image_height=\"206\"><img loading=\"lazy\" decoding=\"async\" class=\"wp-image-493187 alignleft\" src=\"https:\/\/www.radiopiu.net\/wordpress\/wp-content\/uploads\/2026\/01\/download-25.jpg\" alt=\"\" width=\"161\" height=\"135\" \/><\/a>ICE CLIMBING, 37ENNE\u00a0 ANCORA GRAVE<\/strong><\/p>\n<p><strong>CADORE<\/strong>Restano gravi le condizioni di Michele De Don\u00e0, 37 anni di Vigo di Cadore, ricoverato in prognosi riservata in Terapia intensiva all\u2019ospedale Ca\u2019 Foncello di Treviso. L\u2019uomo \u00e8 precipitato sabato per circa otto metri da una cascata di ghiaccio a Perarolo, riportando un grave politrauma. Rimasto sospeso nel vuoto per alcuni minuti, \u00e8 stato recuperato dai compagni di cordata e affidato ai soccorsi.Le operazioni sono state rese difficili dal maltempo, che ha impedito l\u2019intervento dell\u2019elicottero. De Don\u00e0 aveva perso conoscenza ed \u00e8 arrivato in ospedale in condizioni critiche. Superate le prime 48 ore, ma senza miglioramenti significativi: non si escludono interventi chirurgici nelle prossime ore.<\/p>\n<hr \/>\n<div>\n<hr \/>\n<hr \/>\n<hr \/>\n<hr \/>\n<hr \/>\n<hr \/>\n<hr \/>\n<hr \/>\n<hr \/>\n<hr \/>\n<hr \/>\n<hr \/>\n<hr \/>\n<hr \/>\n<hr \/>\n<hr \/>\n<hr \/>\n<hr \/>\n<hr \/>\n<hr \/>\n<hr \/>\n<hr \/>\n<hr \/>\n<hr \/>\n<hr \/>\n<hr \/>\n<\/div>\n<div>\n<div class=\"flex flex-col text-sm pb-25\">\n<article class=\"text-token-text-primary w-full focus:outline-none [--shadow-height:45px] has-data-writing-block:pointer-events-none has-data-writing-block:-mt-(--shadow-height) has-data-writing-block:pt-(--shadow-height) [&amp;:has([data-writing-block])&gt;*]:pointer-events-auto scroll-mt-[calc(var(--header-height)+min(200px,max(70px,20svh)))]\" dir=\"auto\" tabindex=\"-1\" data-turn-id=\"c4d0a29e-30c4-40b0-a7a4-6c419658a6b4\" data-testid=\"conversation-turn-8\" data-scroll-anchor=\"true\" data-turn=\"assistant\">\n<div class=\"text-base my-auto mx-auto pb-10 [--thread-content-margin:--spacing(4)] @w-sm\/main:[--thread-content-margin:--spacing(6)] @w-lg\/main:[--thread-content-margin:--spacing(16)] px-(--thread-content-margin)\">\n<div class=\"[--thread-content-max-width:40rem] @w-lg\/main:[--thread-content-max-width:48rem] mx-auto max-w-(--thread-content-max-width) flex-1 group\/turn-messages focus-visible:outline-hidden relative flex w-full min-w-0 flex-col agent-turn\" tabindex=\"-1\">\n<div class=\"z-0 flex min-h-[46px] justify-start\">\n<div class=\"flex flex-col text-sm pb-25\">\n<article class=\"text-token-text-primary w-full focus:outline-none [--shadow-height:45px] has-data-writing-block:pointer-events-none has-data-writing-block:-mt-(--shadow-height) has-data-writing-block:pt-(--shadow-height) [&amp;:has([data-writing-block])&gt;*]:pointer-events-auto scroll-mt-[calc(var(--header-height)+min(200px,max(70px,20svh)))]\" dir=\"auto\" tabindex=\"-1\" data-turn-id=\"c3375c4a-5e61-4f7a-aaa0-04f68b5cab75\" data-testid=\"conversation-turn-12\" data-scroll-anchor=\"true\" data-turn=\"assistant\">\n<div class=\"text-base my-auto mx-auto pb-10 [--thread-content-margin:--spacing(4)] @w-sm\/main:[--thread-content-margin:--spacing(6)] @w-lg\/main:[--thread-content-margin:--spacing(16)] px-(--thread-content-margin)\">\n<div class=\"[--thread-content-max-width:40rem] @w-lg\/main:[--thread-content-max-width:48rem] mx-auto max-w-(--thread-content-max-width) flex-1 group\/turn-messages focus-visible:outline-hidden relative flex w-full min-w-0 flex-col agent-turn\" tabindex=\"-1\">\n<div class=\"mt-3 w-full empty:hidden\">\n<div class=\"text-center\">\n<div class=\"flex flex-col text-sm pb-25\">\n<article class=\"text-token-text-primary w-full focus:outline-none [--shadow-height:45px] has-data-writing-block:pointer-events-none has-data-writing-block:-mt-(--shadow-height) has-data-writing-block:pt-(--shadow-height) [&amp;:has([data-writing-block])&gt;*]:pointer-events-auto scroll-mt-[calc(var(--header-height)+min(200px,max(70px,20svh)))]\" dir=\"auto\" tabindex=\"-1\" data-turn-id=\"693a9266-066a-467c-855a-0fb6e1d22b6c\" data-testid=\"conversation-turn-14\" data-scroll-anchor=\"true\" data-turn=\"assistant\">\n<div class=\"text-base my-auto mx-auto pb-10 [--thread-content-margin:--spacing(4)] @w-sm\/main:[--thread-content-margin:--spacing(6)] @w-lg\/main:[--thread-content-margin:--spacing(16)] px-(--thread-content-margin)\">\n<div class=\"[--thread-content-max-width:40rem] @w-lg\/main:[--thread-content-max-width:48rem] mx-auto max-w-(--thread-content-max-width) flex-1 group\/turn-messages focus-visible:outline-hidden relative flex w-full min-w-0 flex-col agent-turn\" tabindex=\"-1\">\n<div class=\"mt-3 w-full empty:hidden\">\n<div class=\"text-center\">\n<p data-start=\"0\" data-end=\"90\"><strong data-start=\"0\" data-end=\"65\"><br \/>\nOGGI LA GIUDIZIARIA \u2013 RASSEGNA STAMPA DAL CORRIERE DELLE ALPI<\/strong><br data-start=\"65\" data-end=\"68\" \/><em data-start=\"68\" data-end=\"90\">cronache di\u00a0 Gigi Sosso<\/em><\/p>\n<p><em>Tre storie diverse, un\u2019unica fotografia: la droga continua a pesare sulle aule di giustizia del territorio.<\/em><\/p>\n<\/div>\n<\/div>\n<\/div>\n<\/div>\n<\/article>\n<\/div>\n<\/div>\n<\/div>\n<\/div>\n<\/div>\n<\/article>\n<\/div>\n<\/div>\n<\/div>\n<\/div>\n<\/article>\n<\/div>\n<\/div>\n<div>\n<div class=\"flex flex-col text-sm pb-25\">\n<article class=\"text-token-text-primary w-full focus:outline-none [--shadow-height:45px] has-data-writing-block:pointer-events-none has-data-writing-block:-mt-(--shadow-height) has-data-writing-block:pt-(--shadow-height) [&amp;:has([data-writing-block])&gt;*]:pointer-events-auto scroll-mt-[calc(var(--header-height)+min(200px,max(70px,20svh)))]\" dir=\"auto\" tabindex=\"-1\" data-turn-id=\"c4d0a29e-30c4-40b0-a7a4-6c419658a6b4\" data-testid=\"conversation-turn-8\" data-scroll-anchor=\"true\" data-turn=\"assistant\">\n<div class=\"text-base my-auto mx-auto pb-10 [--thread-content-margin:--spacing(4)] @w-sm\/main:[--thread-content-margin:--spacing(6)] @w-lg\/main:[--thread-content-margin:--spacing(16)] px-(--thread-content-margin)\">\n<div class=\"[--thread-content-max-width:40rem] @w-lg\/main:[--thread-content-max-width:48rem] mx-auto max-w-(--thread-content-max-width) flex-1 group\/turn-messages focus-visible:outline-hidden relative flex w-full min-w-0 flex-col agent-turn\" tabindex=\"-1\">\n<div class=\"z-0 flex min-h-[46px] justify-start\">\n<div class=\"flex flex-col text-sm pb-25\">\n<article class=\"text-token-text-primary w-full focus:outline-none [--shadow-height:45px] has-data-writing-block:pointer-events-none has-data-writing-block:-mt-(--shadow-height) has-data-writing-block:pt-(--shadow-height) [&amp;:has([data-writing-block])&gt;*]:pointer-events-auto scroll-mt-[calc(var(--header-height)+min(200px,max(70px,20svh)))]\" dir=\"auto\" tabindex=\"-1\" data-turn-id=\"c3375c4a-5e61-4f7a-aaa0-04f68b5cab75\" data-testid=\"conversation-turn-12\" data-scroll-anchor=\"true\" data-turn=\"assistant\">\n<div class=\"text-base my-auto mx-auto pb-10 [--thread-content-margin:--spacing(4)] @w-sm\/main:[--thread-content-margin:--spacing(6)] @w-lg\/main:[--thread-content-margin:--spacing(16)] px-(--thread-content-margin)\">\n<div class=\"[--thread-content-max-width:40rem] @w-lg\/main:[--thread-content-max-width:48rem] mx-auto max-w-(--thread-content-max-width) flex-1 group\/turn-messages focus-visible:outline-hidden relative flex w-full min-w-0 flex-col agent-turn\" tabindex=\"-1\">\n<div class=\"mt-3 w-full empty:hidden\">\n<div class=\"text-center\">\n<div class=\"flex flex-col text-sm pb-25\">\n<article class=\"text-token-text-primary w-full focus:outline-none [--shadow-height:45px] has-data-writing-block:pointer-events-none has-data-writing-block:-mt-(--shadow-height) has-data-writing-block:pt-(--shadow-height) [&amp;:has([data-writing-block])&gt;*]:pointer-events-auto scroll-mt-[calc(var(--header-height)+min(200px,max(70px,20svh)))]\" dir=\"auto\" tabindex=\"-1\" data-turn-id=\"693a9266-066a-467c-855a-0fb6e1d22b6c\" data-testid=\"conversation-turn-14\" data-scroll-anchor=\"true\" data-turn=\"assistant\">\n<div class=\"text-base my-auto mx-auto pb-10 [--thread-content-margin:--spacing(4)] @w-sm\/main:[--thread-content-margin:--spacing(6)] @w-lg\/main:[--thread-content-margin:--spacing(16)] px-(--thread-content-margin)\">\n<div class=\"[--thread-content-max-width:40rem] @w-lg\/main:[--thread-content-max-width:48rem] mx-auto max-w-(--thread-content-max-width) flex-1 group\/turn-messages focus-visible:outline-hidden relative flex w-full min-w-0 flex-col agent-turn\" tabindex=\"-1\">\n<div class=\"mt-3 w-full empty:hidden\">\n<p class=\"text-center\"><a class=\"dt-pswp-item\" href=\"https:\/\/www.radiopiu.net\/wordpress\/wp-content\/uploads\/2026\/01\/4f2bf9f9-b2d7-43a7-8760-df6920559a10.png\" data-dt-img-description=\"\" data-large_image_width=\"1536\" data-large_image_height=\"1024\"><img loading=\"lazy\" decoding=\"async\" class=\"size-medium wp-image-493189 alignleft\" src=\"https:\/\/www.radiopiu.net\/wordpress\/wp-content\/uploads\/2026\/01\/4f2bf9f9-b2d7-43a7-8760-df6920559a10-300x200.png\" alt=\"\" width=\"300\" height=\"200\" srcset=\"https:\/\/www.radiopiu.net\/wordpress\/wp-content\/uploads\/2026\/01\/4f2bf9f9-b2d7-43a7-8760-df6920559a10-300x200.png 300w, https:\/\/www.radiopiu.net\/wordpress\/wp-content\/uploads\/2026\/01\/4f2bf9f9-b2d7-43a7-8760-df6920559a10-1024x683.png 1024w, https:\/\/www.radiopiu.net\/wordpress\/wp-content\/uploads\/2026\/01\/4f2bf9f9-b2d7-43a7-8760-df6920559a10-768x512.png 768w, https:\/\/www.radiopiu.net\/wordpress\/wp-content\/uploads\/2026\/01\/4f2bf9f9-b2d7-43a7-8760-df6920559a10.png 1536w\" sizes=\"auto, (max-width: 300px) 100vw, 300px\" \/><\/a>Giornata segnata dalla cronaca giudiziaria, oggi sulle pagine del <em data-start=\"158\" data-end=\"179\">Corriere delle Alpi<\/em>, con tre vicende diverse ma unite dal filo rosso della droga e delle conseguenze penali.<strong>A Belluno<\/strong>, un alpino di carriera, L.C., ha patteggiato una condanna a tre anni per detenzione di stupefacenti ai fini di spaccio. In auto gli erano state trovate 13 dosi di cocaina, mentre in casa spuntavano quasi 35 mila euro nascosti sotto il divano, altra droga e tutto il materiale per confezionare le dosi. Grazie al patteggiamento e alla difesa dell\u2019avvocato Massimiliano Paniz, la pena detentiva \u00e8 stata convertita in 2.190 ore di lavori di pubblica utilit\u00e0: niente carcere, ma un lungo impegno nel volontariato.<\/p>\n<p class=\"text-center\"><strong>A Feltre<\/strong>, invece, \u00e8 tornato in cella P.F., al quale era stato concesso l\u2019affidamento in prova ai Servizi sociali dopo un periodo di detenzione a Padova. Ospite di una comunit\u00e0 nel Vicentino, non \u00e8 rientrato come previsto e ha ammesso di essersi fermato dopo aver assunto una dose di cocaina. La violazione delle regole \u00e8 costata cara: misura revocata e trasferimento nel carcere di Vicenza, anche se il periodo gi\u00e0 trascorso in affidamento sar\u00e0 conteggiato come pena espiata.<strong>Infine a Limana,<\/strong> un 32enne incensurato \u00e8 stato denunciato a piede libero per detenzione ai fini di spaccio. Una fonte confidenziale ha fatto scattare l\u2019intervento dell\u2019Antidroga della Squadra mobile: in casa sono stati sequestrati marijuana, funghi allucinogeni, cocaina, ecstasy, hashish, Lsd, bilancini di precisione e materiale per il confezionamento. Le sostanze sono ora al vaglio dei laboratori, mentre gli investigatori cercano di ricostruire la rete dei contatti e i canali di approvvigionamento<\/p>\n<hr \/>\n<\/div>\n<\/div>\n<\/div>\n<\/article>\n<\/div>\n<\/div>\n<\/div>\n<\/div>\n<\/div>\n<\/article>\n<\/div>\n<\/div>\n<\/div>\n<\/div>\n<\/article>\n<\/div>\n<\/div>\n<div>\n<div class=\"pointer-events-none h-px w-px absolute bottom-0\" aria-hidden=\"true\" data-edge=\"true\">\n<hr \/>\n<hr \/>\n<hr \/>\n<hr \/>\n<hr \/>\n<hr \/>\n<hr \/>\n<hr \/>\n<hr \/>\n<hr \/>\n<hr \/>\n<hr \/>\n<hr \/>\n<hr \/>\n<hr \/>\n<\/div>\n<\/div>\n<p>&nbsp;<\/p>\n<div>\n<hr \/>\n<\/div>\n<div><\/div>\n<div>\n<blockquote>\n<h2 data-start=\"0\" data-end=\"94\"><strong data-start=\"13\" data-end=\"94\"><a class=\"dt-pswp-item\" href=\"https:\/\/www.radiopiu.net\/wordpress\/wp-content\/uploads\/2026\/01\/bbbb72bf-7d4e-44c0-9eac-746b02f520df.png\" data-dt-img-description=\"\" data-large_image_width=\"1536\" data-large_image_height=\"1024\"><img loading=\"lazy\" decoding=\"async\" class=\" wp-image-493006 alignleft\" src=\"https:\/\/www.radiopiu.net\/wordpress\/wp-content\/uploads\/2026\/01\/bbbb72bf-7d4e-44c0-9eac-746b02f520df-300x200.png\" alt=\"\" width=\"213\" height=\"142\" srcset=\"https:\/\/www.radiopiu.net\/wordpress\/wp-content\/uploads\/2026\/01\/bbbb72bf-7d4e-44c0-9eac-746b02f520df-300x200.png 300w, https:\/\/www.radiopiu.net\/wordpress\/wp-content\/uploads\/2026\/01\/bbbb72bf-7d4e-44c0-9eac-746b02f520df-1024x683.png 1024w, https:\/\/www.radiopiu.net\/wordpress\/wp-content\/uploads\/2026\/01\/bbbb72bf-7d4e-44c0-9eac-746b02f520df-768x512.png 768w, https:\/\/www.radiopiu.net\/wordpress\/wp-content\/uploads\/2026\/01\/bbbb72bf-7d4e-44c0-9eac-746b02f520df.png 1536w\" sizes=\"auto, (max-width: 213px) 100vw, 213px\" \/><\/a>GIORNATA DEL SACRIFICIO DEGLI ALPINI: IL VENETO RENDE OMAGGIO ALLE PENNE NERE<\/strong><\/h2>\n<\/blockquote>\n<div class=\"flex flex-col text-sm pb-25\">\n<article class=\"text-token-text-primary w-full focus:outline-none [--shadow-height:45px] has-data-writing-block:pointer-events-none has-data-writing-block:-mt-(--shadow-height) has-data-writing-block:pt-(--shadow-height) [&amp;:has([data-writing-block])&gt;*]:pointer-events-auto scroll-mt-[calc(var(--header-height)+min(200px,max(70px,20svh)))]\" dir=\"auto\" tabindex=\"-1\" data-turn-id=\"8435f8d4-23f6-40f7-ac33-d17c408d28f0\" data-testid=\"conversation-turn-20\" data-scroll-anchor=\"true\" data-turn=\"assistant\">\n<div class=\"text-base my-auto mx-auto pb-10 [--thread-content-margin:--spacing(4)] @w-sm\/main:[--thread-content-margin:--spacing(6)] @w-lg\/main:[--thread-content-margin:--spacing(16)] px-(--thread-content-margin)\">\n<div class=\"[--thread-content-max-width:40rem] @w-lg\/main:[--thread-content-max-width:48rem] mx-auto max-w-(--thread-content-max-width) flex-1 group\/turn-messages focus-visible:outline-hidden relative flex w-full min-w-0 flex-col agent-turn\" tabindex=\"-1\">\n<div class=\"flex max-w-full flex-col grow\">\n<div class=\"min-h-8 text-message relative flex w-full flex-col items-end gap-2 text-start break-words whitespace-normal [.text-message+&amp;]:mt-1\" dir=\"auto\" data-message-author-role=\"assistant\" data-message-id=\"7e8224d9-8f55-4b76-8ea0-3c95667a465d\" data-message-model-slug=\"gpt-5-2\">\n<div class=\"flex w-full flex-col gap-1 empty:hidden first:pt-[1px]\">\n<div class=\"markdown prose dark:prose-invert w-full wrap-break-word dark markdown-new-styling\">\n<p><strong>VENEZIA<\/strong> Il Veneto\u00a0 ha\u00a0 celebrato ieri la Giornata nazionale della Memoria e del Sacrificio degli Alpini, rendendo omaggio a una delle espressioni pi\u00f9 autentiche della propria identit\u00e0. Il presidente della Regione, Alberto Stefani, ha espresso riconoscenza alle Penne Nere per il loro valore umano e civile, oltre che storico e militare. Dalle guerre alle missioni di pace, fino all\u2019impegno nel volontariato e nella Protezione civile, gli Alpini continuano a essere un punto di riferimento per le comunit\u00e0. La ricorrenza ricorda la battaglia di Nikolajewka e il sacrificio di chi non torn\u00f2, riaffermando valori di pace, solidariet\u00e0 e servizio. Un orgoglio per il Veneto e per l\u2019Italia.<\/p>\n<\/div>\n<\/div>\n<\/div>\n<\/div>\n<\/div>\n<\/div>\n<\/article>\n<\/div>\n<div class=\"pointer-events-none h-px w-px absolute bottom-0\" aria-hidden=\"true\" data-edge=\"true\"><\/div>\n<div aria-hidden=\"true\" data-edge=\"true\"><\/div>\n<div aria-hidden=\"true\" data-edge=\"true\">\n<hr \/>\n<\/div>\n<\/div>\n<\/article>\n<\/div>\n<blockquote>\n<h1><\/h1>\n<h1>APERTE AL TRAFFICO LE VARIANTI DI TAI E VALLE DI CADORE SULLA SS 51 ALEMAGNA<\/h1>\n<\/blockquote>\n<p aria-hidden=\"true\" data-edge=\"true\"><strong>TAI DI CADORE <\/strong>Con l\u2019apertura al traffico delle varianti di Tai e Valle di Cadore sulla strada statale 51 di Alemagna, Anas raggiunge un traguardo strategico nel potenziamento della viabilit\u00e0 delle Dolomiti Venete, in vista dei Giochi Olimpici e Paralimpici Milano Cortina 2026. Le due opere, inaugurate ufficialmente oggi, rappresentano un investimento complessivo di circa 185 milioni di euro e migliorano in modo significativo l\u2019accessibilit\u00e0 al Cadore e a Cortina d\u2019Ampezzo, principale asse di collegamento verso Nord lungo la Valle del Boite. I cantieri, affidati all\u2019impresa Vianini Lavori, hanno coinvolto oltre 500 addetti e richiesto la realizzazione di due gallerie con la movimentazione di pi\u00f9 di 350.000 metri cubi di materiale, in gran parte riutilizzato secondo criteri di sostenibilit\u00e0 ambientale. La variante di Tai di Cadore, lunga 1,5 chilometri, comprende una galleria di circa 1.000 metri e nuovi svincoli, per un valore di 110 milioni di euro. La variante di Valle di Cadore, lunga 800 metri, elimina una storica strozzatura urbana, migliora la fluidit\u00e0 del traffico e riduce l\u2019impatto sul centro abitato, con un investimento di 75 milioni. Le opere si inseriscono in un programma pi\u00f9 ampio di interventi sulla SS 51, avviato prima dell\u2019evento olimpico, con l\u2019obiettivo di garantire una mobilit\u00e0 pi\u00f9 sicura, moderna e duratura per il territorio montano.<\/p>\n<p aria-hidden=\"true\" data-edge=\"true\"><strong>PER LE TRE RADIO BARBARA PAOLAZZI E NATASHA TAZZARA<\/strong><\/p>\n<audio class=\"wp-audio-shortcode\" id=\"audio-492885-6\" preload=\"none\" style=\"width: 100%;\" controls=\"controls\"><source type=\"audio\/mpeg\" src=\"https:\/\/www.radiopiu.net\/wordpress\/wp-content\/uploads\/2026\/01\/paolazzi-variante.mp3?_=6\" \/><a href=\"https:\/\/www.radiopiu.net\/wordpress\/wp-content\/uploads\/2026\/01\/paolazzi-variante.mp3\">https:\/\/www.radiopiu.net\/wordpress\/wp-content\/uploads\/2026\/01\/paolazzi-variante.mp3<\/a><\/audio>\n<p>&nbsp;<\/p>\n<div style=\"width: 1200px;\" class=\"wp-video\"><video class=\"wp-video-shortcode\" id=\"video-492885-1\" width=\"1200\" height=\"675\" preload=\"metadata\" controls=\"controls\"><source type=\"video\/mp4\" src=\"https:\/\/www.radiopiu.net\/wordpress\/wp-content\/uploads\/2026\/01\/2026-01-26-Apertura-Tai-e-Valle-AD-Anas-Gemme.mp4?_=1\" \/><a href=\"https:\/\/www.radiopiu.net\/wordpress\/wp-content\/uploads\/2026\/01\/2026-01-26-Apertura-Tai-e-Valle-AD-Anas-Gemme.mp4\">https:\/\/www.radiopiu.net\/wordpress\/wp-content\/uploads\/2026\/01\/2026-01-26-Apertura-Tai-e-Valle-AD-Anas-Gemme.mp4<\/a><\/video><\/div>\n<div class=\"flex flex-col text-sm pb-25\">\n<article class=\"text-token-text-primary w-full focus:outline-none [--shadow-height:45px] has-data-writing-block:pointer-events-none has-data-writing-block:-mt-(--shadow-height) has-data-writing-block:pt-(--shadow-height) [&amp;:has([data-writing-block])&gt;*]:pointer-events-auto scroll-mt-[calc(var(--header-height)+min(200px,max(70px,20svh)))]\" dir=\"auto\" tabindex=\"-1\" data-turn-id=\"request-WEB:545a5307-a0c9-41c7-9a5f-bf65aefdb8ec-5\" data-testid=\"conversation-turn-12\" data-scroll-anchor=\"true\" data-turn=\"assistant\">\n<div class=\"text-base my-auto mx-auto pb-10 [--thread-content-margin:--spacing(4)] @w-sm\/main:[--thread-content-margin:--spacing(6)] @w-lg\/main:[--thread-content-margin:--spacing(16)] px-(--thread-content-margin)\">\n<div class=\"[--thread-content-max-width:40rem] @w-lg\/main:[--thread-content-max-width:48rem] mx-auto max-w-(--thread-content-max-width) flex-1 group\/turn-messages focus-visible:outline-hidden relative flex w-full min-w-0 flex-col agent-turn\" tabindex=\"-1\">\n<div aria-hidden=\"true\" data-edge=\"true\">\n<p><strong>FOTO ANAS<\/strong><\/p>\n\n\t\t\t<style type='text\/css'>\n\t\t\t\t#gallery-4 {\n\t\t\t\t\tmargin: auto;\n\t\t\t\t}\n\t\t\t\t#gallery-4 .gallery-item {\n\t\t\t\t\tfloat: left;\n\t\t\t\t\tmargin-top: 10px;\n\t\t\t\t\ttext-align: center;\n\t\t\t\t\twidth: 20%;\n\t\t\t\t}\n\t\t\t\t#gallery-4 img {\n\t\t\t\t\tborder: 2px solid #cfcfcf;\n\t\t\t\t}\n\t\t\t\t#gallery-4 .gallery-caption {\n\t\t\t\t\tmargin-left: 0;\n\t\t\t\t}\n\t\t\t\t\/* see gallery_shortcode() in wp-includes\/media.php *\/\n\t\t\t<\/style>\n\t\t<div id='gallery-4' class='dt-gallery-container gallery galleryid-492885 gallery-columns-5 gallery-size-thumbnail'><dl class='gallery-item'>\n\t\t\t\t<dt class='gallery-icon landscape'>\n\t\t\t\t\t<a class=\"rollover rollover-zoom dt-pswp-item\" title=\"Apertura SS51 Tai di Cadore 2\" data-dt-img-description=\"\" data-large_image_width=\"1600\" data-large_image_height=\"1200\"href='https:\/\/www.radiopiu.net\/wordpress\/wp-content\/uploads\/2026\/01\/Apertura-SS51-Tai-di-Cadore-2.jpg'><img loading=\"lazy\" decoding=\"async\" width=\"150\" height=\"150\" src=\"https:\/\/www.radiopiu.net\/wordpress\/wp-content\/uploads\/2026\/01\/Apertura-SS51-Tai-di-Cadore-2-150x150.jpg\" class=\"attachment-thumbnail size-thumbnail\" alt=\"\" \/><\/a>\n\t\t\t\t<\/dt><\/dl><dl class='gallery-item'>\n\t\t\t\t<dt class='gallery-icon landscape'>\n\t\t\t\t\t<a class=\"rollover rollover-zoom dt-pswp-item\" title=\"Apertura SS51 Tai di Cadore 3\" data-dt-img-description=\"\" data-large_image_width=\"1600\" data-large_image_height=\"1200\"href='https:\/\/www.radiopiu.net\/wordpress\/wp-content\/uploads\/2026\/01\/Apertura-SS51-Tai-di-Cadore-3.jpg'><img loading=\"lazy\" decoding=\"async\" width=\"150\" height=\"150\" src=\"https:\/\/www.radiopiu.net\/wordpress\/wp-content\/uploads\/2026\/01\/Apertura-SS51-Tai-di-Cadore-3-150x150.jpg\" class=\"attachment-thumbnail size-thumbnail\" alt=\"\" \/><\/a>\n\t\t\t\t<\/dt><\/dl><dl class='gallery-item'>\n\t\t\t\t<dt class='gallery-icon landscape'>\n\t\t\t\t\t<a class=\"rollover rollover-zoom dt-pswp-item\" title=\"Apertura SS51 Tai di Cadore\" data-dt-img-description=\"\" data-large_image_width=\"1600\" data-large_image_height=\"1200\"href='https:\/\/www.radiopiu.net\/wordpress\/wp-content\/uploads\/2026\/01\/Apertura-SS51-Tai-di-Cadore.jpg'><img loading=\"lazy\" decoding=\"async\" width=\"150\" height=\"150\" src=\"https:\/\/www.radiopiu.net\/wordpress\/wp-content\/uploads\/2026\/01\/Apertura-SS51-Tai-di-Cadore-150x150.jpg\" class=\"attachment-thumbnail size-thumbnail\" alt=\"\" \/><\/a>\n\t\t\t\t<\/dt><\/dl><dl class='gallery-item'>\n\t\t\t\t<dt class='gallery-icon landscape'>\n\t\t\t\t\t<a class=\"rollover rollover-zoom dt-pswp-item\" title=\"Galleria Tai di Cadore (foto Anas)\" data-dt-img-description=\"\" data-large_image_width=\"2560\" data-large_image_height=\"1920\"href='https:\/\/www.radiopiu.net\/wordpress\/wp-content\/uploads\/2026\/01\/Galleria-Tai-di-Cadore-foto-Anas-scaled.jpg'><img loading=\"lazy\" decoding=\"async\" width=\"150\" height=\"150\" src=\"https:\/\/www.radiopiu.net\/wordpress\/wp-content\/uploads\/2026\/01\/Galleria-Tai-di-Cadore-foto-Anas-150x150.jpg\" class=\"attachment-thumbnail size-thumbnail\" alt=\"\" \/><\/a>\n\t\t\t\t<\/dt><\/dl><dl class='gallery-item'>\n\t\t\t\t<dt class='gallery-icon landscape'>\n\t\t\t\t\t<a class=\"rollover rollover-zoom dt-pswp-item\" title=\"Galleria Tai di Cadore 2 (foto Anas)\" data-dt-img-description=\"\" data-large_image_width=\"2560\" data-large_image_height=\"1920\"href='https:\/\/www.radiopiu.net\/wordpress\/wp-content\/uploads\/2026\/01\/Galleria-Tai-di-Cadore-2-foto-Anas-scaled.jpg'><img loading=\"lazy\" decoding=\"async\" width=\"150\" height=\"150\" src=\"https:\/\/www.radiopiu.net\/wordpress\/wp-content\/uploads\/2026\/01\/Galleria-Tai-di-Cadore-2-foto-Anas-150x150.jpg\" class=\"attachment-thumbnail size-thumbnail\" alt=\"\" \/><\/a>\n\t\t\t\t<\/dt><\/dl><br style=\"clear: both\" \/><dl class='gallery-item'>\n\t\t\t\t<dt class='gallery-icon landscape'>\n\t\t\t\t\t<a class=\"rollover rollover-zoom dt-pswp-item\" title=\"Galleria Valle di Cadore (foto Anas)\" data-dt-img-description=\"\" data-large_image_width=\"2560\" data-large_image_height=\"1920\"href='https:\/\/www.radiopiu.net\/wordpress\/wp-content\/uploads\/2026\/01\/Galleria-Valle-di-Cadore-foto-Anas-scaled.jpg'><img loading=\"lazy\" decoding=\"async\" width=\"150\" height=\"150\" src=\"https:\/\/www.radiopiu.net\/wordpress\/wp-content\/uploads\/2026\/01\/Galleria-Valle-di-Cadore-foto-Anas-150x150.jpg\" class=\"attachment-thumbnail size-thumbnail\" alt=\"\" \/><\/a>\n\t\t\t\t<\/dt><\/dl><dl class='gallery-item'>\n\t\t\t\t<dt class='gallery-icon landscape'>\n\t\t\t\t\t<a class=\"rollover rollover-zoom dt-pswp-item\" title=\"Galleria Valle di Cadore 2 (foto Anas)\" data-dt-img-description=\"\" data-large_image_width=\"2560\" data-large_image_height=\"1920\"href='https:\/\/www.radiopiu.net\/wordpress\/wp-content\/uploads\/2026\/01\/Galleria-Valle-di-Cadore-2-foto-Anas-scaled.jpg'><img loading=\"lazy\" decoding=\"async\" width=\"150\" height=\"150\" src=\"https:\/\/www.radiopiu.net\/wordpress\/wp-content\/uploads\/2026\/01\/Galleria-Valle-di-Cadore-2-foto-Anas-150x150.jpg\" class=\"attachment-thumbnail size-thumbnail\" alt=\"\" \/><\/a>\n\t\t\t\t<\/dt><\/dl><dl class='gallery-item'>\n\t\t\t\t<dt class='gallery-icon landscape'>\n\t\t\t\t\t<a class=\"rollover rollover-zoom dt-pswp-item\" title=\"Imbocco Galleria Valle di Cadore (foto Anas)\" data-dt-img-description=\"\" data-large_image_width=\"2560\" data-large_image_height=\"1920\"href='https:\/\/www.radiopiu.net\/wordpress\/wp-content\/uploads\/2026\/01\/Imbocco-Galleria-Valle-di-Cadore-foto-Anas-scaled.jpg'><img loading=\"lazy\" decoding=\"async\" width=\"150\" height=\"150\" src=\"https:\/\/www.radiopiu.net\/wordpress\/wp-content\/uploads\/2026\/01\/Imbocco-Galleria-Valle-di-Cadore-foto-Anas-150x150.jpg\" class=\"attachment-thumbnail size-thumbnail\" alt=\"\" \/><\/a>\n\t\t\t\t<\/dt><\/dl><dl class='gallery-item'>\n\t\t\t\t<dt class='gallery-icon landscape'>\n\t\t\t\t\t<a class=\"rollover rollover-zoom dt-pswp-item\" title=\"Imbocco Galleria Valle di Cadore 2 (foto Anas)\" data-dt-img-description=\"\" data-large_image_width=\"2560\" data-large_image_height=\"1920\"href='https:\/\/www.radiopiu.net\/wordpress\/wp-content\/uploads\/2026\/01\/Imbocco-Galleria-Valle-di-Cadore-2-foto-Anas-scaled.jpg'><img loading=\"lazy\" decoding=\"async\" width=\"150\" height=\"150\" src=\"https:\/\/www.radiopiu.net\/wordpress\/wp-content\/uploads\/2026\/01\/Imbocco-Galleria-Valle-di-Cadore-2-foto-Anas-150x150.jpg\" class=\"attachment-thumbnail size-thumbnail\" alt=\"\" \/><\/a>\n\t\t\t\t<\/dt><\/dl><dl class='gallery-item'>\n\t\t\t\t<dt class='gallery-icon landscape'>\n\t\t\t\t\t<a class=\"rollover rollover-zoom dt-pswp-item\" title=\"Imbocco Galleria Valle di Cadore 3 (foto Anas)\" data-dt-img-description=\"\" data-large_image_width=\"2560\" data-large_image_height=\"1920\"href='https:\/\/www.radiopiu.net\/wordpress\/wp-content\/uploads\/2026\/01\/Imbocco-Galleria-Valle-di-Cadore-3-foto-Anas-scaled.jpg'><img loading=\"lazy\" decoding=\"async\" width=\"150\" height=\"150\" src=\"https:\/\/www.radiopiu.net\/wordpress\/wp-content\/uploads\/2026\/01\/Imbocco-Galleria-Valle-di-Cadore-3-foto-Anas-150x150.jpg\" class=\"attachment-thumbnail size-thumbnail\" alt=\"\" \/><\/a>\n\t\t\t\t<\/dt><\/dl><br style=\"clear: both\" \/>\n\t\t\t<\/div>\n\n<p>&nbsp;<\/p>\n<\/div>\n<div aria-hidden=\"true\" data-edge=\"true\">\n<h1 class=\"_title post-title entry-title\">PIEVE DI CADORE | INAUGURATE LE GALLERIE DI TAI E DI VALLE<\/h1>\n<p>Intervistati CLAUDIO ANDREA GEMME (AMMINISTRATORE DELEGATO ANAS), MATTEO SALVINI (VICEPRESIDENTE CONSIGLIO MINISTRI), ALBERTO STEFANI (PRESIDENTE REGIONE VENETO) (Servizio di\u00a0<a href=\"https:\/\/antennatre.medianordest.it\/redazione\/Fabio-Fioravanzi\/\">Fabio Fioravanzi<\/a>)<\/p>\n<\/div>\n<div aria-hidden=\"true\" data-edge=\"true\">\n<p><iframe loading=\"lazy\" title=\"INAUGURATE LE GALLERIE DI TAI E DI VALLE | 26\/01\/2026\" width=\"1200\" height=\"675\" src=\"https:\/\/www.youtube.com\/embed\/Heinwfx-3Xo?feature=oembed\" frameborder=\"0\" allow=\"accelerometer; autoplay; clipboard-write; encrypted-media; gyroscope; picture-in-picture; web-share\" referrerpolicy=\"strict-origin-when-cross-origin\" allowfullscreen><\/iframe><\/p>\n<\/div>\n<div aria-hidden=\"true\" data-edge=\"true\"><\/div>\n<div aria-hidden=\"true\" data-edge=\"true\">\n<hr \/>\n<\/div>\n<div aria-hidden=\"true\" data-edge=\"true\"><\/div>\n<\/div>\n<\/div>\n<\/article>\n<\/div>\n<blockquote>\n<h3 aria-hidden=\"true\" data-edge=\"true\">VIA DALLA PROVINCIA PER I LAVORI A PETTE DI GOSALDO<\/h3>\n<\/blockquote>\n<p><strong><a class=\"dt-pswp-item\" href=\"https:\/\/www.radiopiu.net\/wordpress\/wp-content\/uploads\/2022\/01\/280px-DBGosaldoPala3.jpg\" data-dt-img-description=\"\" data-large_image_width=\"280\" data-large_image_height=\"181\"><img loading=\"lazy\" decoding=\"async\" class=\" wp-image-255077 alignleft\" src=\"https:\/\/www.radiopiu.net\/wordpress\/wp-content\/uploads\/2022\/01\/280px-DBGosaldoPala3.jpg\" alt=\"\" width=\"213\" height=\"138\" \/><\/a>GOSALDO<\/strong><\/p>\n<p>DI GIANNI SANTOMASO<\/p>\n<audio class=\"wp-audio-shortcode\" id=\"audio-492885-7\" preload=\"none\" style=\"width: 100%;\" controls=\"controls\"><source type=\"audio\/mpeg\" src=\"https:\/\/www.radiopiu.net\/wordpress\/wp-content\/uploads\/2026\/01\/GIANNI-VIA-DALLA-PROVINCIA-PER-I-LAVORI-A-PETTE-DI-GOSALDO-.mp3?_=7\" \/><a href=\"https:\/\/www.radiopiu.net\/wordpress\/wp-content\/uploads\/2026\/01\/GIANNI-VIA-DALLA-PROVINCIA-PER-I-LAVORI-A-PETTE-DI-GOSALDO-.mp3\">https:\/\/www.radiopiu.net\/wordpress\/wp-content\/uploads\/2026\/01\/GIANNI-VIA-DALLA-PROVINCIA-PER-I-LAVORI-A-PETTE-DI-GOSALDO-.mp3<\/a><\/audio>\n<p>&nbsp;<\/p>\n<hr \/>\n<p>&nbsp;<\/p>\n<blockquote>\n<h3 aria-hidden=\"true\" data-edge=\"true\">INFRASTRUTTURE E OLIMPIADI: LA STRADA GIUSTA PER LE DOLOMITI<\/h3>\n<\/blockquote>\n<p><strong><a class=\"dt-pswp-item\" href=\"https:\/\/www.radiopiu.net\/wordpress\/wp-content\/uploads\/2025\/04\/LORRAINE-BERTON-2025-scaled.jpg\" data-dt-img-description=\"\" data-large_image_width=\"2560\" data-large_image_height=\"1938\"><img loading=\"lazy\" decoding=\"async\" class=\" wp-image-444482 alignleft\" src=\"https:\/\/www.radiopiu.net\/wordpress\/wp-content\/uploads\/2025\/04\/LORRAINE-BERTON-2025-300x227.jpg\" alt=\"\" width=\"167\" height=\"126\" srcset=\"https:\/\/www.radiopiu.net\/wordpress\/wp-content\/uploads\/2025\/04\/LORRAINE-BERTON-2025-300x227.jpg 300w, https:\/\/www.radiopiu.net\/wordpress\/wp-content\/uploads\/2025\/04\/LORRAINE-BERTON-2025-1024x775.jpg 1024w, https:\/\/www.radiopiu.net\/wordpress\/wp-content\/uploads\/2025\/04\/LORRAINE-BERTON-2025-768x581.jpg 768w, https:\/\/www.radiopiu.net\/wordpress\/wp-content\/uploads\/2025\/04\/LORRAINE-BERTON-2025-1536x1163.jpg 1536w, https:\/\/www.radiopiu.net\/wordpress\/wp-content\/uploads\/2025\/04\/LORRAINE-BERTON-2025-2048x1550.jpg 2048w\" sizes=\"auto, (max-width: 167px) 100vw, 167px\" \/><\/a>BELLUNO <\/strong>Lorraine Berton, presidente di Confindustria Belluno Dolomiti, definisce l\u2019apertura delle varianti di Tai e Valle di Cadore un segnale fondamentale per il futuro della montagna. Un risultato ottenuto grazie all\u2019impegno di aziende e lavoratori, protagonisti di una corsa contro il tempo, accolto simbolicamente dal passaggio della fiamma olimpica. Berton sottolinea come Olimpiadi e Mondiali abbiano dato una scossa necessaria dopo decenni di ritardi infrastrutturali. Ora l\u2019obiettivo \u00e8 proseguire con le varianti di San Vito e Longarone, migliorando la viabilit\u00e0 complessiva e garantendo una legacy duratura per famiglie e imprese delle Dolomiti.<\/p>\n<p>&nbsp;<\/p>\n<p>&nbsp;<\/p>\n<hr \/>\n<div class=\"flex flex-col text-sm pb-25\">\n<article class=\"text-token-text-primary w-full focus:outline-none [--shadow-height:45px] has-data-writing-block:pointer-events-none has-data-writing-block:-mt-(--shadow-height) has-data-writing-block:pt-(--shadow-height) [&amp;:has([data-writing-block])&gt;*]:pointer-events-auto scroll-mt-[calc(var(--header-height)+min(200px,max(70px,20svh)))]\" dir=\"auto\" tabindex=\"-1\" data-turn-id=\"request-WEB:545a5307-a0c9-41c7-9a5f-bf65aefdb8ec-5\" data-testid=\"conversation-turn-12\" data-scroll-anchor=\"true\" data-turn=\"assistant\">\n<div class=\"text-base my-auto mx-auto pb-10 [--thread-content-margin:--spacing(4)] @w-sm\/main:[--thread-content-margin:--spacing(6)] @w-lg\/main:[--thread-content-margin:--spacing(16)] px-(--thread-content-margin)\">\n<div class=\"[--thread-content-max-width:40rem] @w-lg\/main:[--thread-content-max-width:48rem] mx-auto max-w-(--thread-content-max-width) flex-1 group\/turn-messages focus-visible:outline-hidden relative flex w-full min-w-0 flex-col agent-turn\" tabindex=\"-1\">\n<blockquote>\n<h1 aria-hidden=\"true\" data-edge=\"true\"><\/h1>\n<h1 aria-hidden=\"true\" data-edge=\"true\">IERI LA FIACCOLA A PIEVE DI CADORE, LA DIRETTA SU RADIO PIU&#8217; E RADIO CLUB 103<\/h1>\n<\/blockquote>\n<\/div>\n<\/div>\n<\/article>\n<\/div>\n<p><iframe loading=\"lazy\" title=\"DA PIEVE DI CADORE IL PASSAGGIO DELLA FIAMMA OLIMPICA\" width=\"1200\" height=\"900\" src=\"https:\/\/www.youtube.com\/embed\/hgm5qcoY2X0?feature=oembed\" frameborder=\"0\" allow=\"accelerometer; autoplay; clipboard-write; encrypted-media; gyroscope; picture-in-picture; web-share\" referrerpolicy=\"strict-origin-when-cross-origin\" allowfullscreen><\/iframe><\/p>\n<div class=\"flex flex-col text-sm pb-25\">\n<article class=\"text-token-text-primary w-full focus:outline-none [--shadow-height:45px] has-data-writing-block:pointer-events-none has-data-writing-block:-mt-(--shadow-height) has-data-writing-block:pt-(--shadow-height) [&amp;:has([data-writing-block])&gt;*]:pointer-events-auto scroll-mt-[calc(var(--header-height)+min(200px,max(70px,20svh)))]\" dir=\"auto\" tabindex=\"-1\" data-turn-id=\"request-WEB:545a5307-a0c9-41c7-9a5f-bf65aefdb8ec-5\" data-testid=\"conversation-turn-12\" data-scroll-anchor=\"true\" data-turn=\"assistant\">\n<div aria-hidden=\"true\" data-edge=\"true\">\n<hr \/>\n<hr \/>\n<hr \/>\n<hr \/>\n<hr \/>\n<hr \/>\n<hr \/>\n<hr \/>\n<hr \/>\n<hr \/>\n<hr \/>\n<hr \/>\n<hr \/>\n<hr \/>\n<hr \/>\n<hr \/>\n<hr \/>\n<hr \/>\n<hr \/>\n<\/div>\n<\/article>\n<\/div>\n<hr \/>\n<blockquote>\n<h3 aria-hidden=\"true\" data-edge=\"true\">LA FIACCOLA OLIMPICA A LONGARONE TRA SPORT, MEMORIA E VIGILI DEL FUOCO<\/h3>\n<\/blockquote>\n<p aria-hidden=\"true\" data-edge=\"true\"><strong>LONGARONE <\/strong>Longarone ha ospitato la 50\u00aa tappa del viaggio della fiaccola olimpica dei Giochi Invernali Milano-Cortina 2026, in una giornata carica di significati sportivi e simbolici. Protagonisti della staffetta due tedofori dei Vigili del fuoco: Maurilio De Zolt e Alessia Scortechini. Alla cerimonia erano presenti alti rappresentanti del Corpo nazionale dei Vigili del fuoco. La scelta di Longarone \u00e8 legata anche al ricordo della tragedia del Vajont del 1963, che vide i Vigili del fuoco tra i primi soccorritori. De Zolt, leggendario fondista plurimedagliato olimpico e mondiale, ha aperto la sfilata. Scortechini, atleta paralimpica di nuoto delle Fiamme Rosse, ha portato la fiaccola forte dei suoi recenti successi internazionali, incarnando i valori di inclusione, impegno e servizio.<\/p>\n<div style=\"width: 1200px;\" class=\"wp-video\"><video class=\"wp-video-shortcode\" id=\"video-492885-2\" width=\"1200\" height=\"675\" preload=\"metadata\" controls=\"controls\"><source type=\"video\/mp4\" src=\"https:\/\/www.radiopiu.net\/wordpress\/wp-content\/uploads\/2026\/01\/Fiaccola-Olimpica-Longarone-3.mp4?_=2\" \/><a href=\"https:\/\/www.radiopiu.net\/wordpress\/wp-content\/uploads\/2026\/01\/Fiaccola-Olimpica-Longarone-3.mp4\">https:\/\/www.radiopiu.net\/wordpress\/wp-content\/uploads\/2026\/01\/Fiaccola-Olimpica-Longarone-3.mp4<\/a><\/video><\/div>\n<p>&nbsp;<\/p>\n\n\t\t\t<style type='text\/css'>\n\t\t\t\t#gallery-5 {\n\t\t\t\t\tmargin: auto;\n\t\t\t\t}\n\t\t\t\t#gallery-5 .gallery-item {\n\t\t\t\t\tfloat: left;\n\t\t\t\t\tmargin-top: 10px;\n\t\t\t\t\ttext-align: center;\n\t\t\t\t\twidth: 20%;\n\t\t\t\t}\n\t\t\t\t#gallery-5 img {\n\t\t\t\t\tborder: 2px solid #cfcfcf;\n\t\t\t\t}\n\t\t\t\t#gallery-5 .gallery-caption {\n\t\t\t\t\tmargin-left: 0;\n\t\t\t\t}\n\t\t\t\t\/* see gallery_shortcode() in wp-includes\/media.php *\/\n\t\t\t<\/style>\n\t\t<div id='gallery-5' class='dt-gallery-container gallery galleryid-492885 gallery-columns-5 gallery-size-medium'><dl class='gallery-item'>\n\t\t\t\t<dt class='gallery-icon landscape'>\n\t\t\t\t\t<a class=\"rollover rollover-zoom dt-pswp-item\" title=\"3190130b-4a59-43f7-bdc2-e029ad25bd75\" data-dt-img-description=\"\" data-large_image_width=\"1280\" data-large_image_height=\"853\"href='https:\/\/www.radiopiu.net\/wordpress\/wp-content\/uploads\/2026\/01\/3190130b-4a59-43f7-bdc2-e029ad25bd75.jpg'><img loading=\"lazy\" decoding=\"async\" width=\"300\" height=\"200\" src=\"https:\/\/www.radiopiu.net\/wordpress\/wp-content\/uploads\/2026\/01\/3190130b-4a59-43f7-bdc2-e029ad25bd75-300x200.jpg\" class=\"attachment-medium size-medium\" alt=\"\" srcset=\"https:\/\/www.radiopiu.net\/wordpress\/wp-content\/uploads\/2026\/01\/3190130b-4a59-43f7-bdc2-e029ad25bd75-300x200.jpg 300w, https:\/\/www.radiopiu.net\/wordpress\/wp-content\/uploads\/2026\/01\/3190130b-4a59-43f7-bdc2-e029ad25bd75-1024x682.jpg 1024w, https:\/\/www.radiopiu.net\/wordpress\/wp-content\/uploads\/2026\/01\/3190130b-4a59-43f7-bdc2-e029ad25bd75-768x512.jpg 768w, https:\/\/www.radiopiu.net\/wordpress\/wp-content\/uploads\/2026\/01\/3190130b-4a59-43f7-bdc2-e029ad25bd75.jpg 1280w\" sizes=\"auto, (max-width: 300px) 100vw, 300px\" \/><\/a>\n\t\t\t\t<\/dt><\/dl><dl class='gallery-item'>\n\t\t\t\t<dt class='gallery-icon landscape'>\n\t\t\t\t\t<a class=\"rollover rollover-zoom dt-pswp-item\" title=\"ecb361fb-62f7-4ee3-8b8d-dec4a286134b\" data-dt-img-description=\"\" data-large_image_width=\"1280\" data-large_image_height=\"853\"href='https:\/\/www.radiopiu.net\/wordpress\/wp-content\/uploads\/2026\/01\/ecb361fb-62f7-4ee3-8b8d-dec4a286134b.jpg'><img loading=\"lazy\" decoding=\"async\" width=\"300\" height=\"200\" src=\"https:\/\/www.radiopiu.net\/wordpress\/wp-content\/uploads\/2026\/01\/ecb361fb-62f7-4ee3-8b8d-dec4a286134b-300x200.jpg\" class=\"attachment-medium size-medium\" alt=\"\" srcset=\"https:\/\/www.radiopiu.net\/wordpress\/wp-content\/uploads\/2026\/01\/ecb361fb-62f7-4ee3-8b8d-dec4a286134b-300x200.jpg 300w, https:\/\/www.radiopiu.net\/wordpress\/wp-content\/uploads\/2026\/01\/ecb361fb-62f7-4ee3-8b8d-dec4a286134b-1024x682.jpg 1024w, https:\/\/www.radiopiu.net\/wordpress\/wp-content\/uploads\/2026\/01\/ecb361fb-62f7-4ee3-8b8d-dec4a286134b-768x512.jpg 768w, https:\/\/www.radiopiu.net\/wordpress\/wp-content\/uploads\/2026\/01\/ecb361fb-62f7-4ee3-8b8d-dec4a286134b.jpg 1280w\" sizes=\"auto, (max-width: 300px) 100vw, 300px\" \/><\/a>\n\t\t\t\t<\/dt><\/dl><dl class='gallery-item'>\n\t\t\t\t<dt class='gallery-icon landscape'>\n\t\t\t\t\t<a class=\"rollover rollover-zoom dt-pswp-item\" title=\"50dbf7b5-7b0c-48ea-9c76-705e0fafa1fa\" data-dt-img-description=\"\" data-large_image_width=\"1280\" data-large_image_height=\"853\"href='https:\/\/www.radiopiu.net\/wordpress\/wp-content\/uploads\/2026\/01\/50dbf7b5-7b0c-48ea-9c76-705e0fafa1fa.jpg'><img loading=\"lazy\" decoding=\"async\" width=\"300\" height=\"200\" src=\"https:\/\/www.radiopiu.net\/wordpress\/wp-content\/uploads\/2026\/01\/50dbf7b5-7b0c-48ea-9c76-705e0fafa1fa-300x200.jpg\" class=\"attachment-medium size-medium\" alt=\"\" srcset=\"https:\/\/www.radiopiu.net\/wordpress\/wp-content\/uploads\/2026\/01\/50dbf7b5-7b0c-48ea-9c76-705e0fafa1fa-300x200.jpg 300w, https:\/\/www.radiopiu.net\/wordpress\/wp-content\/uploads\/2026\/01\/50dbf7b5-7b0c-48ea-9c76-705e0fafa1fa-1024x682.jpg 1024w, https:\/\/www.radiopiu.net\/wordpress\/wp-content\/uploads\/2026\/01\/50dbf7b5-7b0c-48ea-9c76-705e0fafa1fa-768x512.jpg 768w, https:\/\/www.radiopiu.net\/wordpress\/wp-content\/uploads\/2026\/01\/50dbf7b5-7b0c-48ea-9c76-705e0fafa1fa.jpg 1280w\" sizes=\"auto, (max-width: 300px) 100vw, 300px\" \/><\/a>\n\t\t\t\t<\/dt><\/dl><dl class='gallery-item'>\n\t\t\t\t<dt class='gallery-icon landscape'>\n\t\t\t\t\t<a class=\"rollover rollover-zoom dt-pswp-item\" title=\"7693b28a-2e72-4669-a677-315da7cc17c1\" data-dt-img-description=\"\" data-large_image_width=\"1280\" data-large_image_height=\"853\"href='https:\/\/www.radiopiu.net\/wordpress\/wp-content\/uploads\/2026\/01\/7693b28a-2e72-4669-a677-315da7cc17c1.jpg'><img loading=\"lazy\" decoding=\"async\" width=\"300\" height=\"200\" src=\"https:\/\/www.radiopiu.net\/wordpress\/wp-content\/uploads\/2026\/01\/7693b28a-2e72-4669-a677-315da7cc17c1-300x200.jpg\" class=\"attachment-medium size-medium\" alt=\"\" srcset=\"https:\/\/www.radiopiu.net\/wordpress\/wp-content\/uploads\/2026\/01\/7693b28a-2e72-4669-a677-315da7cc17c1-300x200.jpg 300w, https:\/\/www.radiopiu.net\/wordpress\/wp-content\/uploads\/2026\/01\/7693b28a-2e72-4669-a677-315da7cc17c1-1024x682.jpg 1024w, https:\/\/www.radiopiu.net\/wordpress\/wp-content\/uploads\/2026\/01\/7693b28a-2e72-4669-a677-315da7cc17c1-768x512.jpg 768w, https:\/\/www.radiopiu.net\/wordpress\/wp-content\/uploads\/2026\/01\/7693b28a-2e72-4669-a677-315da7cc17c1.jpg 1280w\" sizes=\"auto, (max-width: 300px) 100vw, 300px\" \/><\/a>\n\t\t\t\t<\/dt><\/dl><dl class='gallery-item'>\n\t\t\t\t<dt class='gallery-icon landscape'>\n\t\t\t\t\t<a class=\"rollover rollover-zoom dt-pswp-item\" title=\"87a3fa46-6982-4b48-85c7-8cc0bcf3f8d6\" data-dt-img-description=\"\" data-large_image_width=\"1280\" data-large_image_height=\"853\"href='https:\/\/www.radiopiu.net\/wordpress\/wp-content\/uploads\/2026\/01\/87a3fa46-6982-4b48-85c7-8cc0bcf3f8d6.jpg'><img loading=\"lazy\" decoding=\"async\" width=\"300\" height=\"200\" src=\"https:\/\/www.radiopiu.net\/wordpress\/wp-content\/uploads\/2026\/01\/87a3fa46-6982-4b48-85c7-8cc0bcf3f8d6-300x200.jpg\" class=\"attachment-medium size-medium\" alt=\"\" srcset=\"https:\/\/www.radiopiu.net\/wordpress\/wp-content\/uploads\/2026\/01\/87a3fa46-6982-4b48-85c7-8cc0bcf3f8d6-300x200.jpg 300w, https:\/\/www.radiopiu.net\/wordpress\/wp-content\/uploads\/2026\/01\/87a3fa46-6982-4b48-85c7-8cc0bcf3f8d6-1024x682.jpg 1024w, https:\/\/www.radiopiu.net\/wordpress\/wp-content\/uploads\/2026\/01\/87a3fa46-6982-4b48-85c7-8cc0bcf3f8d6-768x512.jpg 768w, https:\/\/www.radiopiu.net\/wordpress\/wp-content\/uploads\/2026\/01\/87a3fa46-6982-4b48-85c7-8cc0bcf3f8d6.jpg 1280w\" sizes=\"auto, (max-width: 300px) 100vw, 300px\" \/><\/a>\n\t\t\t\t<\/dt><\/dl><br style=\"clear: both\" \/>\n\t\t\t<\/div>\n\n<hr \/>\n<hr \/>\n<hr \/>\n<hr \/>\n<hr \/>\n<hr \/>\n<hr \/>\n<hr \/>\n<hr \/>\n<hr \/>\n<hr \/>\n<hr \/>\n<hr \/>\n<hr \/>\n<hr \/>\n<hr \/>\n<hr \/>\n<hr \/>\n<div class=\"flex flex-col text-sm pb-25\">\n<article class=\"text-token-text-primary w-full focus:outline-none [--shadow-height:45px] has-data-writing-block:pointer-events-none has-data-writing-block:-mt-(--shadow-height) has-data-writing-block:pt-(--shadow-height) [&amp;:has([data-writing-block])&gt;*]:pointer-events-auto scroll-mt-[calc(var(--header-height)+min(200px,max(70px,20svh)))]\" dir=\"auto\" tabindex=\"-1\" data-turn-id=\"request-WEB:545a5307-a0c9-41c7-9a5f-bf65aefdb8ec-5\" data-testid=\"conversation-turn-12\" data-scroll-anchor=\"true\" data-turn=\"assistant\">\n<div class=\"text-base my-auto mx-auto pb-10 [--thread-content-margin:--spacing(4)] @w-sm\/main:[--thread-content-margin:--spacing(6)] @w-lg\/main:[--thread-content-margin:--spacing(16)] px-(--thread-content-margin)\">\n<div class=\"[--thread-content-max-width:40rem] @w-lg\/main:[--thread-content-max-width:48rem] mx-auto max-w-(--thread-content-max-width) flex-1 group\/turn-messages focus-visible:outline-hidden relative flex w-full min-w-0 flex-col agent-turn\" tabindex=\"-1\">\n<div>\n<div aria-hidden=\"true\" data-edge=\"true\">\n<blockquote>\n<h3 data-start=\"0\" data-end=\"68\"><strong data-start=\"0\" data-end=\"68\">\u00a0<\/strong><\/h3>\n<h3 data-start=\"0\" data-end=\"68\"><strong data-start=\"0\" data-end=\"68\">BELLUNO VERSO MILANO CORTINA 2026: DUE INCONTRI SU SPORT E CITT\u00c0<\/strong><\/h3>\n<\/blockquote>\n<p data-start=\"70\" data-end=\"433\">Prosegue il percorso di avvicinamento di <span class=\"hover:entity-accent entity-underline inline cursor-pointer align-baseline\"><span class=\"whitespace-normal\">Belluno<\/span><\/span> ai Giochi Olimpici e Paralimpici di Milano Cortina 2026. Dopo l\u2019emozione del passaggio della Fiamma olimpica, il Comune lancia l\u2019iniziativa \u201cLa parola allo sport\u201d: due appuntamenti di approfondimento dedicati alla storia e all\u2019evoluzione degli impianti sportivi cittadini. Gli incontri si terranno venerd\u00ec 30 gennaio e gioved\u00ec 5 febbraio, alle 18 in Sala Bianchi, e saranno condotti dall\u2019architetto Fulvio Bona, che presenter\u00e0 una ricerca basata su documenti e progetti originali dell\u2019Archivio storico comunale. Al centro delle serate, lo stadio polisportivo di Baldenich e il Palasport De Mas, raccontati come luoghi simbolo dello sviluppo urbano, sociale e sportivo della citt\u00e0. Le iniziative avranno anche valore formativo, con crediti professionali per gli architetti, e rientrano nel calendario di eventi con cui Belluno accompagna la comunit\u00e0 verso l\u2019appuntamento olimpico.<\/p>\n<\/div>\n<div aria-hidden=\"true\" data-edge=\"true\">\n<hr \/>\n<hr \/>\n<hr \/>\n<hr \/>\n<hr \/>\n<hr \/>\n<hr \/>\n<hr \/>\n<hr \/>\n<hr \/>\n<hr \/>\n<hr \/>\n<hr \/>\n<hr \/>\n<hr \/>\n<hr \/>\n<hr \/>\n<hr \/>\n<\/div>\n<div aria-hidden=\"true\" data-edge=\"true\">\n<hr \/>\n<\/div>\n<div aria-hidden=\"true\" data-edge=\"true\"><\/div>\n<div aria-hidden=\"true\" data-edge=\"true\"><\/div>\n<div aria-hidden=\"true\" data-edge=\"true\">\n<div class=\"relative basis-auto flex-col -mb-(--composer-overlap-px) [--composer-overlap-px:28px] grow flex\">\n<div class=\"flex flex-col text-sm pb-25\">\n<article class=\"text-token-text-primary w-full focus:outline-none [--shadow-height:45px] has-data-writing-block:pointer-events-none has-data-writing-block:-mt-(--shadow-height) has-data-writing-block:pt-(--shadow-height) [&amp;:has([data-writing-block])&gt;*]:pointer-events-auto scroll-mt-[calc(var(--header-height)+min(200px,max(70px,20svh)))]\" dir=\"auto\" tabindex=\"-1\" data-turn-id=\"faac6f15-e629-4ec4-84ce-6463b2566a8a\" data-testid=\"conversation-turn-18\" data-scroll-anchor=\"true\" data-turn=\"assistant\">\n<div class=\"text-base my-auto mx-auto pb-10 [--thread-content-margin:--spacing(4)] @w-sm\/main:[--thread-content-margin:--spacing(6)] @w-lg\/main:[--thread-content-margin:--spacing(16)] px-(--thread-content-margin)\">\n<div class=\"[--thread-content-max-width:40rem] @w-lg\/main:[--thread-content-max-width:48rem] mx-auto max-w-(--thread-content-max-width) flex-1 group\/turn-messages focus-visible:outline-hidden relative flex w-full min-w-0 flex-col agent-turn\" tabindex=\"-1\">\n<div class=\"flex max-w-full flex-col grow\">\n<div class=\"min-h-8 text-message relative flex w-full flex-col items-end gap-2 text-start break-words whitespace-normal [.text-message+&amp;]:mt-1\" dir=\"auto\" data-message-author-role=\"assistant\" data-message-id=\"764900c9-f958-42f4-bcb7-d14486c6fa1b\" data-message-model-slug=\"gpt-5-2\">\n<div class=\"flex w-full flex-col gap-1 empty:hidden first:pt-[1px]\">\n<div class=\"streaming-animation markdown prose dark:prose-invert w-full wrap-break-word dark markdown-new-styling\">\n<blockquote>\n<h3 data-start=\"0\" data-end=\"61\"><strong data-start=\"0\" data-end=\"61\"><a class=\"dt-pswp-item\" href=\"https:\/\/www.radiopiu.net\/wordpress\/wp-content\/uploads\/2023\/12\/Roberto-Toigo.jpeg\" data-dt-img-description=\"\" data-large_image_width=\"640\" data-large_image_height=\"640\"><img loading=\"lazy\" decoding=\"async\" class=\"wp-image-364090 alignleft\" src=\"https:\/\/www.radiopiu.net\/wordpress\/wp-content\/uploads\/2023\/12\/Roberto-Toigo-300x300.jpeg\" alt=\"\" width=\"146\" height=\"146\" srcset=\"https:\/\/www.radiopiu.net\/wordpress\/wp-content\/uploads\/2023\/12\/Roberto-Toigo-300x300.jpeg 300w, https:\/\/www.radiopiu.net\/wordpress\/wp-content\/uploads\/2023\/12\/Roberto-Toigo-150x150.jpeg 150w, https:\/\/www.radiopiu.net\/wordpress\/wp-content\/uploads\/2023\/12\/Roberto-Toigo.jpeg 640w\" sizes=\"auto, (max-width: 146px) 100vw, 146px\" \/><\/a>OLIMPIADI, UN\u2019EREDIT\u00c0 STORICA PER IL TERRITORIO BELLUNESE<\/strong><\/h3>\n<\/blockquote>\n<p data-start=\"63\" data-end=\"366\"><strong>BELLUNO<\/strong> Le Olimpiadi lasceranno un\u2019eredit\u00e0 senza precedenti al territorio bellunese, fatta di infrastrutture moderne, maggiore accessibilit\u00e0 e nuove opportunit\u00e0 di valorizzazione. A sottolinearlo \u00e8 Roberto Toigo, segretario generale della UIL Veneto, che invita a \u201cdare spazio anche alle buone notizie\u201d.<\/p>\n<p data-start=\"368\" data-end=\"776\">Secondo Toigo, i lavori sulla viabilit\u00e0 hanno registrato una decisa accelerazione, producendo risultati concreti gi\u00e0 visibili. In particolare, l\u2019apertura al traffico della variante di Valle e della variante di Tai, lungo la strada statale 51 di Alemagna, rappresenta un passaggio fondamentale per migliorare l\u2019accesso a Cortina d\u2019Ampezzo e all\u2019Alto Bellunese in vista dei Giochi Olimpici.<em> \u201cNon c\u2019\u00e8 dubbio \u2013 afferma \u2013 che i cantieri avviati per questo evento internazionale, che porter\u00e0 il nostro territorio sotto gli occhi del mondo, lasceranno un\u2019eredit\u00e0 importante, fatta anche di nuove e moderne infrastrutture. L\u2019inaugurazione di Casa Veneto servir\u00e0 a promuovere e valorizzare le nostre eccellenze\u201d.\u00a0<\/em><\/p>\n<\/div>\n<\/div>\n<\/div>\n<\/div>\n<\/div>\n<\/div>\n<\/article>\n<\/div>\n<\/div>\n<div id=\"thread-bottom-container\" class=\"sticky bottom-0 group\/thread-bottom-container relative isolate z-10 w-full basis-auto has-data-has-thread-error:pt-2 has-data-has-thread-error:[box-shadow:var(--sharp-edge-bottom-shadow)] md:border-transparent md:pt-0 dark:border-white\/20 md:dark:border-transparent print:hidden content-fade single-line flex flex-col\">\n<div class=\"-mt-4 text-token-text-secondary relative w-full overflow-hidden text-center text-xs [view-transition-name:var(--vt-disclaimer)] md:px-[60px]\">\n<div class=\"flex min-h-8 w-full items-center justify-center p-2\">\n<div class=\"pointer-events-auto\">\n<div>\n<hr \/>\n<hr \/>\n<hr \/>\n<hr \/>\n<hr \/>\n<hr \/>\n<hr \/>\n<hr \/>\n<hr \/>\n<hr \/>\n<hr \/>\n<hr \/>\n<hr \/>\n<hr \/>\n<\/div>\n<div><\/div>\n<div>\n<hr \/>\n<\/div>\n<\/div>\n<\/div>\n<\/div>\n<\/div>\n<\/div>\n<\/div>\n<\/div>\n<\/div>\n<\/article>\n<\/div>\n<p>&nbsp;<\/p>\n<blockquote>\n<h3>FELTRE DENTRO O FUORI DALLA NARRAZIONE? PARLIAMONE<\/h3>\n<\/blockquote>\n<p><strong><a class=\"dt-pswp-item\" href=\"https:\/\/www.radiopiu.net\/wordpress\/wp-content\/uploads\/2026\/01\/9505eeed-4ab2-4727-898a-2c3ef0628c76.jpg\" data-dt-img-description=\"\" data-large_image_width=\"900\" data-large_image_height=\"1600\"><img loading=\"lazy\" decoding=\"async\" class=\" wp-image-493146 alignleft\" src=\"https:\/\/www.radiopiu.net\/wordpress\/wp-content\/uploads\/2026\/01\/9505eeed-4ab2-4727-898a-2c3ef0628c76-169x300.jpg\" alt=\"\" width=\"111\" height=\"197\" srcset=\"https:\/\/www.radiopiu.net\/wordpress\/wp-content\/uploads\/2026\/01\/9505eeed-4ab2-4727-898a-2c3ef0628c76-169x300.jpg 169w, https:\/\/www.radiopiu.net\/wordpress\/wp-content\/uploads\/2026\/01\/9505eeed-4ab2-4727-898a-2c3ef0628c76-576x1024.jpg 576w, https:\/\/www.radiopiu.net\/wordpress\/wp-content\/uploads\/2026\/01\/9505eeed-4ab2-4727-898a-2c3ef0628c76-768x1365.jpg 768w, https:\/\/www.radiopiu.net\/wordpress\/wp-content\/uploads\/2026\/01\/9505eeed-4ab2-4727-898a-2c3ef0628c76-864x1536.jpg 864w, https:\/\/www.radiopiu.net\/wordpress\/wp-content\/uploads\/2026\/01\/9505eeed-4ab2-4727-898a-2c3ef0628c76.jpg 900w\" sizes=\"auto, (max-width: 111px) 100vw, 111px\" \/><\/a>DI ALESSIA DALL&#8217;O&#8217;<\/strong><\/p>\n<p><strong>FELTRE <\/strong>La fiamma olimpica \u00e8 arrivata a Feltre il 25 gennaio, regalando alla citt\u00e0 un pomeriggio di grande emozione e partecipazione. Inserita solo in un secondo momento nel percorso ufficiale, Feltre ha vissuto intensamente il passaggio della torcia, partita dalla stazione e giunta in Piazza Maggiore dopo oltre due chilometri, portata da quindici tedofori. Tutti uguali nel protocollo, ma diversi nelle storie: dall\u2019indiana Nilan Tathe, simbolo dell\u2019universalit\u00e0 olimpica, al piccolo Tommaso Cella in carrozzina, esempio autentico di inclusione; dal finanziere Alessandro Alberioli, premiato per un atto di eroismo, allo schermidore Nicol\u00f2 Bonaga e a molti altri sportivi del territorio. Piazza Maggiore si \u00e8 mostrata viva e compatta, con istituzioni, associazioni e cittadini. Tuttavia, la narrazione ufficiale ha privilegiato la presenza di due attori internazionali, oscurando le storie locali. Resta cos\u00ec una riflessione aperta: grande festa riuscita, ma territori protagonisti solo a met\u00e0 nel racconto finale.<\/p>\n<p><strong>L&#8217;ARTICOLO COMPLETO DAL SITO WWW.RADIOPIU.NET<\/strong><\/p>\n<blockquote class=\"wp-embedded-content\" data-secret=\"6K2ZcV1dfE\"><p><a href=\"https:\/\/www.radiopiu.net\/wordpress\/feltre-dentro-o-fuori-dalla-narrazione-parliamone\/\">FELTRE DENTRO O FUORI DALLA NARRAZIONE? PARLIAMONE<\/a><\/p><\/blockquote>\n<p><iframe loading=\"lazy\" class=\"wp-embedded-content\" sandbox=\"allow-scripts\" security=\"restricted\" style=\"position: absolute; visibility: hidden;\" title=\"&#8220;FELTRE DENTRO O FUORI DALLA NARRAZIONE? PARLIAMONE&#8221; &#8212; Radio Pi\u00f9\" src=\"https:\/\/www.radiopiu.net\/wordpress\/feltre-dentro-o-fuori-dalla-narrazione-parliamone\/embed\/#?secret=Pe7CjNQFHF#?secret=6K2ZcV1dfE\" data-secret=\"6K2ZcV1dfE\" width=\"600\" height=\"338\" frameborder=\"0\" marginwidth=\"0\" marginheight=\"0\" scrolling=\"no\"><\/iframe><\/p>\n<hr \/>\n<p>&nbsp;<\/p>\n<blockquote>\n<h3>DILLO A RADIO PIU&#8217;&#8230;ICE IN ITALIA PER MILANO-CORTINA?<\/h3>\n<\/blockquote>\n<p><strong><a href=\"https:\/\/www.radiopiu.net\/wordpress\/wp-content\/uploads\/2026\/01\/ICE-POLICE-scaled.webp\"><img loading=\"lazy\" decoding=\"async\" class=\" wp-image-493156 alignleft\" src=\"https:\/\/www.radiopiu.net\/wordpress\/wp-content\/uploads\/2026\/01\/ICE-POLICE-300x225.webp\" alt=\"\" width=\"175\" height=\"131\" srcset=\"https:\/\/www.radiopiu.net\/wordpress\/wp-content\/uploads\/2026\/01\/ICE-POLICE-300x225.webp 300w, https:\/\/www.radiopiu.net\/wordpress\/wp-content\/uploads\/2026\/01\/ICE-POLICE-1024x768.webp 1024w, https:\/\/www.radiopiu.net\/wordpress\/wp-content\/uploads\/2026\/01\/ICE-POLICE-768x576.webp 768w, https:\/\/www.radiopiu.net\/wordpress\/wp-content\/uploads\/2026\/01\/ICE-POLICE-1536x1152.webp 1536w, https:\/\/www.radiopiu.net\/wordpress\/wp-content\/uploads\/2026\/01\/ICE-POLICE-2048x1536.webp 2048w\" sizes=\"auto, (max-width: 175px) 100vw, 175px\" \/><\/a>RICEVIAMO E PUBBLICHIAMO<\/strong><\/p>\n<p>Secondo indiscrezioni di stampa, agenti dell\u2019ormai famigerata ICE, l\u2019Immigration and Customs Enforcement degli Stati Uniti, responsabile di azioni di inaudita violenza e di vere e proprie esecuzioni nei confronti non solo di immigrati illegali ma anche dei suoi stessi cittadini, sar\u00e0 impiegata in Italia durante le Olimpiadi Milano-Cortina per la sicurezza dei suoi atleti. Il ministro dell\u2019Interno dichiara che non ne sa nulla ma che, comunque, non \u00e8 un problema\u2026Dobbiamo aspettarci di vedere gli agenti dell\u2019ICE a Cortina e nelle altre sedi olimpiche aggirarsi armati fino ai denti e a volto coperto? Avranno licenza di uccidere, protetti da un\u2019immunita\u2019 preventiva? Chi si avviciner\u00e0 a un atleta americano con il telefono in mano per farsi una foto rischier\u00e0 di essere considerato un pericoloso terrorista ed abbattuto?<br \/>\nLecito chiederselo.<\/p>\n<p>Susy Dan<\/p>\n<p>&nbsp;<\/p>\n<h1 class=\"_title post-title entry-title\">PIEVE DI CADORE | GLI AGENTI ICE ALLE OLIMPIADI, SALVINI: \u00abMA QUI SI RISPETTANO LE NOSTRE LEGGI\u00bb<\/h1>\n<p>Intervistati MATTEO SALVINI (Segretario Lega \u2013 Ministro Infrastrutture), ALBERTO STEFANI (Presidente Regione Veneto \u2013 Lega) (Servizio di\u00a0<a href=\"https:\/\/antennatre.medianordest.it\/redazione\/Cristian-Arboit\/\">Cristian Arboit<\/a>)<\/p>\n<p><iframe loading=\"lazy\" title=\"GLI AGENTI ICE ALLE OLIMPIADI, SALVINI: \u00abMA QUI SI RISPETTANO LE NOSTRE LEGGI\u00bb | 26\/01\/2026\" width=\"1200\" height=\"675\" src=\"https:\/\/www.youtube.com\/embed\/EdPklE9dzL0?feature=oembed\" frameborder=\"0\" allow=\"accelerometer; autoplay; clipboard-write; encrypted-media; gyroscope; picture-in-picture; web-share\" referrerpolicy=\"strict-origin-when-cross-origin\" allowfullscreen><\/iframe><\/p>\n<p>&nbsp;<\/p>\n<p>&nbsp;<\/p>\n<hr \/>\n<p>&nbsp;<\/p>\n<blockquote>\n<h2>LA NOTTE CHE INCANTA: VAL DI SAN LUCANO E LA VALLE SOTTO LE STELLE<\/h2>\n<\/blockquote>\n<p>Ci sono notti che non fanno rumore, ma lasciano il segno. Quelle raccontate dagli scatti di <strong data-start=\"173\" data-end=\"192\">Manuel Conedera<\/strong> sono notti cos\u00ec: silenziose, limpide, profonde. La <strong data-start=\"245\" data-end=\"266\">Val di San Lucano<\/strong> e <strong data-start=\"269\" data-end=\"281\">La Valle<\/strong> si mostrano avvolte da una luce fredda e gentile, quella della luna e delle stelle, che disegna i profili delle montagne come fossero scolpiti nel tempo. Le cime innevate emergono dal buio con una forza calma, quasi solenne, mentre il cielo \u2013 punteggiato di stelle \u2013 sembra scendere a parlare con la roccia. Nei fondovalle, poche luci accese raccontano la presenza discreta dell\u2019uomo, minuscola ma viva, in un paesaggio che di notte torna padrone di s\u00e9. \u00c8 un equilibrio perfetto: natura, silenzio, attesa. Queste immagini non sono solo fotografie, ma respiri lunghi. Fermano l\u2019istante in cui tutto rallenta e ricordano quanto sia prezioso alzare lo sguardo, soprattutto quando il mondo dorme. &#x1f4f8; <strong data-start=\"983\" data-end=\"1008\">Foto: Manuel Conedera <\/strong>&#x1f4cd; <strong data-start=\"1014\" data-end=\"1046\">Val di San Lucano \u2013 La Valle<\/strong><\/p>\n<div class=\"relative basis-auto flex-col -mb-(--composer-overlap-px) [--composer-overlap-px:28px] grow flex\">\n<div class=\"flex flex-col text-sm pb-25\">\n<article class=\"text-token-text-primary w-full focus:outline-none [--shadow-height:45px] has-data-writing-block:pointer-events-none has-data-writing-block:-mt-(--shadow-height) has-data-writing-block:pt-(--shadow-height) [&amp;:has([data-writing-block])&gt;*]:pointer-events-auto scroll-mt-[calc(var(--header-height)+min(200px,max(70px,20svh)))]\" dir=\"auto\" tabindex=\"-1\" data-turn-id=\"f997251d-f61f-4b88-b439-827d8b6c1ccb\" data-testid=\"conversation-turn-6\" data-scroll-anchor=\"true\" data-turn=\"assistant\">\n<div class=\"text-base my-auto mx-auto pb-10 [--thread-content-margin:--spacing(4)] @w-sm\/main:[--thread-content-margin:--spacing(6)] @w-lg\/main:[--thread-content-margin:--spacing(16)] px-(--thread-content-margin)\">\n<div class=\"[--thread-content-max-width:40rem] @w-lg\/main:[--thread-content-max-width:48rem] mx-auto max-w-(--thread-content-max-width) flex-1 group\/turn-messages focus-visible:outline-hidden relative flex w-full min-w-0 flex-col agent-turn\" tabindex=\"-1\">\n<div class=\"flex max-w-full flex-col grow\">\n<div class=\"min-h-8 text-message relative flex w-full flex-col items-end gap-2 text-start break-words whitespace-normal [.text-message+&amp;]:mt-1\" dir=\"auto\" data-message-author-role=\"assistant\" data-message-id=\"d21aa19f-c7cf-4ea9-ad01-f5600a1e0ef4\" data-message-model-slug=\"gpt-5-2\">\n<div class=\"flex w-full flex-col gap-1 empty:hidden first:pt-[1px]\">\n<div class=\"markdown prose dark:prose-invert w-full wrap-break-word dark markdown-new-styling\">\n<p data-start=\"1050\" data-end=\"1100\" data-is-last-node=\"\" data-is-only-node=\"\">Una notte cos\u00ec non si guarda soltanto: si ascolta.<\/p>\n<\/div>\n<\/div>\n<\/div>\n<\/div>\n<\/div>\n<\/div>\n<\/article>\n<\/div>\n<\/div>\n<div id=\"thread-bottom-container\" class=\"sticky bottom-0 group\/thread-bottom-container relative isolate z-10 w-full basis-auto has-data-has-thread-error:pt-2 has-data-has-thread-error:[box-shadow:var(--sharp-edge-bottom-shadow)] md:border-transparent md:pt-0 dark:border-white\/20 md:dark:border-transparent print:hidden content-fade single-line flex flex-col\">\n<div id=\"thread-bottom\">\n<div class=\"text-base mx-auto [--thread-content-margin:--spacing(4)] @w-sm\/main:[--thread-content-margin:--spacing(6)] @w-lg\/main:[--thread-content-margin:--spacing(16)] px-(--thread-content-margin)\">\n<div class=\"[--thread-content-max-width:40rem] @w-lg\/main:[--thread-content-max-width:48rem] mx-auto max-w-(--thread-content-max-width) flex-1 mb-4\">\n<div class=\"pointer-events-auto relative z-1 flex h-(--composer-container-height,100%) max-w-full flex-(--composer-container-flex,1) flex-col\">\n<form class=\"group\/composer w-full\" data-type=\"unified-composer\">\n<div class=\"\">\n<div class=\"bg-token-bg-primary corner-superellipse\/1.1 cursor-text overflow-clip bg-clip-padding p-2.5 contain-inline-size motion-safe:transition-colors motion-safe:duration-200 motion-safe:ease-in-out dark:bg-[#303030] grid grid-cols-[auto_1fr_auto] [grid-template-areas:'header_header_header'_'leading_primary_trailing'_'._footer_.'] group-data-expanded\/composer:[grid-template-areas:'header_header_header'_'primary_primary_primary'_'leading_footer_trailing'] shadow-short\" data-composer-surface=\"true\">\n<div class=\"-my-2.5 flex min-h-14 items-center overflow-x-hidden px-1.5 [grid-area:primary] group-data-expanded\/composer:mb-0 group-data-expanded\/composer:px-2.5\"><\/div>\n<\/div>\n<\/div>\n<\/form>\n<\/div>\n<\/div>\n<\/div>\n<\/div>\n<\/div>\n<p><strong>FOTO<\/strong><\/p>\n\n\t\t\t<style type='text\/css'>\n\t\t\t\t#gallery-6 {\n\t\t\t\t\tmargin: auto;\n\t\t\t\t}\n\t\t\t\t#gallery-6 .gallery-item {\n\t\t\t\t\tfloat: left;\n\t\t\t\t\tmargin-top: 10px;\n\t\t\t\t\ttext-align: center;\n\t\t\t\t\twidth: 20%;\n\t\t\t\t}\n\t\t\t\t#gallery-6 img {\n\t\t\t\t\tborder: 2px solid #cfcfcf;\n\t\t\t\t}\n\t\t\t\t#gallery-6 .gallery-caption {\n\t\t\t\t\tmargin-left: 0;\n\t\t\t\t}\n\t\t\t\t\/* see gallery_shortcode() in wp-includes\/media.php *\/\n\t\t\t<\/style>\n\t\t<div id='gallery-6' class='dt-gallery-container gallery galleryid-492885 gallery-columns-5 gallery-size-medium'><dl class='gallery-item'>\n\t\t\t\t<dt class='gallery-icon landscape'>\n\t\t\t\t\t<a class=\"rollover\" href='https:\/\/www.radiopiu.net\/wordpress\/%f0%9f%8c%99-la-notte-che-incanta-val-di-san-lucano-e-la-valle-sotto-le-stelle-%e2%9c%a8\/cc9c1038-214f-4709-8def-5279b96bb073\/'><img loading=\"lazy\" decoding=\"async\" width=\"300\" height=\"200\" src=\"https:\/\/www.radiopiu.net\/wordpress\/wp-content\/uploads\/2026\/01\/cc9c1038-214f-4709-8def-5279b96bb073-300x200.jpg\" class=\"attachment-medium size-medium\" alt=\"\" srcset=\"https:\/\/www.radiopiu.net\/wordpress\/wp-content\/uploads\/2026\/01\/cc9c1038-214f-4709-8def-5279b96bb073-300x200.jpg 300w, https:\/\/www.radiopiu.net\/wordpress\/wp-content\/uploads\/2026\/01\/cc9c1038-214f-4709-8def-5279b96bb073-1024x684.jpg 1024w, https:\/\/www.radiopiu.net\/wordpress\/wp-content\/uploads\/2026\/01\/cc9c1038-214f-4709-8def-5279b96bb073-768x513.jpg 768w, https:\/\/www.radiopiu.net\/wordpress\/wp-content\/uploads\/2026\/01\/cc9c1038-214f-4709-8def-5279b96bb073-1536x1027.jpg 1536w, https:\/\/www.radiopiu.net\/wordpress\/wp-content\/uploads\/2026\/01\/cc9c1038-214f-4709-8def-5279b96bb073.jpg 1616w\" sizes=\"auto, (max-width: 300px) 100vw, 300px\" \/><\/a>\n\t\t\t\t<\/dt><\/dl><dl class='gallery-item'>\n\t\t\t\t<dt class='gallery-icon landscape'>\n\t\t\t\t\t<a class=\"rollover\" href='https:\/\/www.radiopiu.net\/wordpress\/%f0%9f%8c%99-la-notte-che-incanta-val-di-san-lucano-e-la-valle-sotto-le-stelle-%e2%9c%a8\/def4252b-a141-41ba-8c45-f48cfbca6833\/'><img loading=\"lazy\" decoding=\"async\" width=\"300\" height=\"200\" src=\"https:\/\/www.radiopiu.net\/wordpress\/wp-content\/uploads\/2026\/01\/def4252b-a141-41ba-8c45-f48cfbca6833-300x200.jpg\" class=\"attachment-medium size-medium\" alt=\"\" srcset=\"https:\/\/www.radiopiu.net\/wordpress\/wp-content\/uploads\/2026\/01\/def4252b-a141-41ba-8c45-f48cfbca6833-300x200.jpg 300w, https:\/\/www.radiopiu.net\/wordpress\/wp-content\/uploads\/2026\/01\/def4252b-a141-41ba-8c45-f48cfbca6833-1024x684.jpg 1024w, https:\/\/www.radiopiu.net\/wordpress\/wp-content\/uploads\/2026\/01\/def4252b-a141-41ba-8c45-f48cfbca6833-768x513.jpg 768w, https:\/\/www.radiopiu.net\/wordpress\/wp-content\/uploads\/2026\/01\/def4252b-a141-41ba-8c45-f48cfbca6833-1536x1027.jpg 1536w, https:\/\/www.radiopiu.net\/wordpress\/wp-content\/uploads\/2026\/01\/def4252b-a141-41ba-8c45-f48cfbca6833.jpg 1616w\" sizes=\"auto, (max-width: 300px) 100vw, 300px\" \/><\/a>\n\t\t\t\t<\/dt><\/dl><dl class='gallery-item'>\n\t\t\t\t<dt class='gallery-icon landscape'>\n\t\t\t\t\t<a class=\"rollover\" href='https:\/\/www.radiopiu.net\/wordpress\/%f0%9f%8c%99-la-notte-che-incanta-val-di-san-lucano-e-la-valle-sotto-le-stelle-%e2%9c%a8\/3620420c-b8f7-4b45-9380-b79b49505c65\/'><img loading=\"lazy\" decoding=\"async\" width=\"300\" height=\"200\" src=\"https:\/\/www.radiopiu.net\/wordpress\/wp-content\/uploads\/2026\/01\/3620420c-b8f7-4b45-9380-b79b49505c65-300x200.jpg\" class=\"attachment-medium size-medium\" alt=\"\" srcset=\"https:\/\/www.radiopiu.net\/wordpress\/wp-content\/uploads\/2026\/01\/3620420c-b8f7-4b45-9380-b79b49505c65-300x200.jpg 300w, https:\/\/www.radiopiu.net\/wordpress\/wp-content\/uploads\/2026\/01\/3620420c-b8f7-4b45-9380-b79b49505c65-1024x684.jpg 1024w, https:\/\/www.radiopiu.net\/wordpress\/wp-content\/uploads\/2026\/01\/3620420c-b8f7-4b45-9380-b79b49505c65-768x513.jpg 768w, https:\/\/www.radiopiu.net\/wordpress\/wp-content\/uploads\/2026\/01\/3620420c-b8f7-4b45-9380-b79b49505c65-1536x1027.jpg 1536w, https:\/\/www.radiopiu.net\/wordpress\/wp-content\/uploads\/2026\/01\/3620420c-b8f7-4b45-9380-b79b49505c65.jpg 1616w\" sizes=\"auto, (max-width: 300px) 100vw, 300px\" \/><\/a>\n\t\t\t\t<\/dt><\/dl><dl class='gallery-item'>\n\t\t\t\t<dt class='gallery-icon portrait'>\n\t\t\t\t\t<a class=\"rollover\" href='https:\/\/www.radiopiu.net\/wordpress\/%f0%9f%8c%99-la-notte-che-incanta-val-di-san-lucano-e-la-valle-sotto-le-stelle-%e2%9c%a8\/9ec85e51-6929-4558-9267-8448de61019c\/'><img loading=\"lazy\" decoding=\"async\" width=\"200\" height=\"300\" src=\"https:\/\/www.radiopiu.net\/wordpress\/wp-content\/uploads\/2026\/01\/9ec85e51-6929-4558-9267-8448de61019c-200x300.jpg\" class=\"attachment-medium size-medium\" alt=\"\" srcset=\"https:\/\/www.radiopiu.net\/wordpress\/wp-content\/uploads\/2026\/01\/9ec85e51-6929-4558-9267-8448de61019c-200x300.jpg 200w, https:\/\/www.radiopiu.net\/wordpress\/wp-content\/uploads\/2026\/01\/9ec85e51-6929-4558-9267-8448de61019c-684x1024.jpg 684w, https:\/\/www.radiopiu.net\/wordpress\/wp-content\/uploads\/2026\/01\/9ec85e51-6929-4558-9267-8448de61019c-768x1149.jpg 768w, https:\/\/www.radiopiu.net\/wordpress\/wp-content\/uploads\/2026\/01\/9ec85e51-6929-4558-9267-8448de61019c-1027x1536.jpg 1027w, https:\/\/www.radiopiu.net\/wordpress\/wp-content\/uploads\/2026\/01\/9ec85e51-6929-4558-9267-8448de61019c.jpg 1080w\" sizes=\"auto, (max-width: 200px) 100vw, 200px\" \/><\/a>\n\t\t\t\t<\/dt><\/dl><dl class='gallery-item'>\n\t\t\t\t<dt class='gallery-icon portrait'>\n\t\t\t\t\t<a class=\"rollover\" href='https:\/\/www.radiopiu.net\/wordpress\/%f0%9f%8c%99-la-notte-che-incanta-val-di-san-lucano-e-la-valle-sotto-le-stelle-%e2%9c%a8\/ad3b8fb6-9ea2-4279-8911-b03e07dd124a\/'><img loading=\"lazy\" decoding=\"async\" width=\"200\" height=\"300\" src=\"https:\/\/www.radiopiu.net\/wordpress\/wp-content\/uploads\/2026\/01\/ad3b8fb6-9ea2-4279-8911-b03e07dd124a-200x300.jpg\" class=\"attachment-medium size-medium\" alt=\"\" srcset=\"https:\/\/www.radiopiu.net\/wordpress\/wp-content\/uploads\/2026\/01\/ad3b8fb6-9ea2-4279-8911-b03e07dd124a-200x300.jpg 200w, https:\/\/www.radiopiu.net\/wordpress\/wp-content\/uploads\/2026\/01\/ad3b8fb6-9ea2-4279-8911-b03e07dd124a-684x1024.jpg 684w, https:\/\/www.radiopiu.net\/wordpress\/wp-content\/uploads\/2026\/01\/ad3b8fb6-9ea2-4279-8911-b03e07dd124a-768x1149.jpg 768w, https:\/\/www.radiopiu.net\/wordpress\/wp-content\/uploads\/2026\/01\/ad3b8fb6-9ea2-4279-8911-b03e07dd124a-1027x1536.jpg 1027w, https:\/\/www.radiopiu.net\/wordpress\/wp-content\/uploads\/2026\/01\/ad3b8fb6-9ea2-4279-8911-b03e07dd124a.jpg 1080w\" sizes=\"auto, (max-width: 200px) 100vw, 200px\" \/><\/a>\n\t\t\t\t<\/dt><\/dl><br style=\"clear: both\" \/>\n\t\t\t<\/div>\n\n<p>_<\/p>\n<p>&nbsp;<\/p>\n<p>&nbsp;<\/p>\n<p>&nbsp;<\/p>\n<hr \/>\n<p>&nbsp;<\/p>\n<div class=\"flex flex-col text-sm pb-25\">\n<article class=\"text-token-text-primary w-full focus:outline-none [--shadow-height:45px] has-data-writing-block:pointer-events-none has-data-writing-block:-mt-(--shadow-height) has-data-writing-block:pt-(--shadow-height) [&amp;:has([data-writing-block])&gt;*]:pointer-events-auto scroll-mt-[calc(var(--header-height)+min(200px,max(70px,20svh)))]\" dir=\"auto\" tabindex=\"-1\" data-turn-id=\"request-WEB:545a5307-a0c9-41c7-9a5f-bf65aefdb8ec-5\" data-testid=\"conversation-turn-12\" data-scroll-anchor=\"true\" data-turn=\"assistant\">\n<div class=\"text-base my-auto mx-auto pb-10 [--thread-content-margin:--spacing(4)] @w-sm\/main:[--thread-content-margin:--spacing(6)] @w-lg\/main:[--thread-content-margin:--spacing(16)] px-(--thread-content-margin)\">\n<div class=\"[--thread-content-max-width:40rem] @w-lg\/main:[--thread-content-max-width:48rem] mx-auto max-w-(--thread-content-max-width) flex-1 group\/turn-messages focus-visible:outline-hidden relative flex w-full min-w-0 flex-col agent-turn\" tabindex=\"-1\">\n<div>\n<div aria-hidden=\"true\" data-edge=\"true\">\n<div id=\"thread-bottom-container\" class=\"sticky bottom-0 group\/thread-bottom-container relative isolate z-10 w-full basis-auto has-data-has-thread-error:pt-2 has-data-has-thread-error:[box-shadow:var(--sharp-edge-bottom-shadow)] md:border-transparent md:pt-0 dark:border-white\/20 md:dark:border-transparent print:hidden content-fade single-line flex flex-col\">\n<div class=\"-mt-4 text-token-text-secondary relative w-full overflow-hidden text-center text-xs [view-transition-name:var(--vt-disclaimer)] md:px-[60px]\">\n<div class=\"flex min-h-8 w-full items-center justify-center p-2\">\n<div class=\"pointer-events-auto\">\n<div>\n<div class=\"flex flex-col text-sm pb-25\">\n<article class=\"text-token-text-primary w-full focus:outline-none [--shadow-height:45px] has-data-writing-block:pointer-events-none has-data-writing-block:-mt-(--shadow-height) has-data-writing-block:pt-(--shadow-height) [&amp;:has([data-writing-block])&gt;*]:pointer-events-auto [content-visibility:auto] supports-[content-visibility:auto]:[contain-intrinsic-size:auto_100lvh] scroll-mt-[calc(var(--header-height)+min(200px,max(70px,20svh)))]\" dir=\"auto\" tabindex=\"-1\" data-turn-id=\"ed50b622-42f4-42ed-9c42-2a01254e0983\" data-testid=\"conversation-turn-2\" data-scroll-anchor=\"true\" data-turn=\"assistant\">\n<div class=\"text-base my-auto mx-auto pb-10 [--thread-content-margin:--spacing(4)] @w-sm\/main:[--thread-content-margin:--spacing(6)] @w-lg\/main:[--thread-content-margin:--spacing(16)] px-(--thread-content-margin)\">\n<div class=\"[--thread-content-max-width:40rem] @w-lg\/main:[--thread-content-max-width:48rem] mx-auto max-w-(--thread-content-max-width) flex-1 group\/turn-messages focus-visible:outline-hidden relative flex w-full min-w-0 flex-col agent-turn\" tabindex=\"-1\">\n<div class=\"flex max-w-full flex-col grow\">\n<div class=\"min-h-8 text-message relative flex w-full flex-col items-end gap-2 text-start break-words whitespace-normal [.text-message+&amp;]:mt-1\" dir=\"auto\" data-message-author-role=\"assistant\" data-message-id=\"aa60eb00-4e18-46c4-8616-cf43c34d1ff8\" data-message-model-slug=\"gpt-5-2\">\n<div class=\"flex w-full flex-col gap-1 empty:hidden first:pt-[1px]\">\n<div class=\"markdown prose dark:prose-invert w-full wrap-break-word dark markdown-new-styling\">\n<blockquote>\n<h3 data-start=\"0\" data-end=\"57\"><strong data-start=\"0\" data-end=\"57\"><a class=\"dt-pswp-item\" href=\"https:\/\/www.radiopiu.net\/wordpress\/wp-content\/uploads\/2020\/11\/Massimiliano-Paglini-2020-min-scaled.jpg\" data-dt-img-description=\"MASSIMILIANO PAGLINI\" data-large_image_width=\"2560\" data-large_image_height=\"1920\"><img loading=\"lazy\" decoding=\"async\" class=\"wp-image-175135 alignleft\" src=\"https:\/\/www.radiopiu.net\/wordpress\/wp-content\/uploads\/2020\/11\/Massimiliano-Paglini-2020-min-300x225.jpg\" alt=\"\" width=\"163\" height=\"122\" srcset=\"https:\/\/www.radiopiu.net\/wordpress\/wp-content\/uploads\/2020\/11\/Massimiliano-Paglini-2020-min-300x225.jpg 300w, https:\/\/www.radiopiu.net\/wordpress\/wp-content\/uploads\/2020\/11\/Massimiliano-Paglini-2020-min-1024x768.jpg 1024w, https:\/\/www.radiopiu.net\/wordpress\/wp-content\/uploads\/2020\/11\/Massimiliano-Paglini-2020-min-768x576.jpg 768w, https:\/\/www.radiopiu.net\/wordpress\/wp-content\/uploads\/2020\/11\/Massimiliano-Paglini-2020-min-1536x1152.jpg 1536w, https:\/\/www.radiopiu.net\/wordpress\/wp-content\/uploads\/2020\/11\/Massimiliano-Paglini-2020-min-2048x1536.jpg 2048w\" sizes=\"auto, (max-width: 163px) 100vw, 163px\" \/><\/a>AVVIATO IL TAVOLO REGIONALE PER LA SBUROCRATIZZAZIONE<\/strong><\/h3>\n<\/blockquote>\n<p data-start=\"59\" data-end=\"639\" data-is-last-node=\"\" data-is-only-node=\"\"><strong>TREVISO<\/strong> Si \u00e8 svolta a Mestre la prima seduta del Tavolo regionale per la sburocratizzazione, promosso dalla Regione Veneto e coordinato dall\u2019assessore Massimo Bitonci, con l\u2019obiettivo di avviare un confronto stabile con le parti economiche e sociali. Presente anche la Cisl Veneto con il segretario generale Massimiliano Paglini (FOTO) che ha definito il tavolo un primo passo verso un modello partecipativo strutturale. La Cisl propone la nascita di un Consiglio regionale dell\u2019Economia e richiama l\u2019urgenza di investire sulle competenze digitali per evitare nuove forme di esclusione sociale.<\/p>\n<\/div>\n<\/div>\n<\/div>\n<\/div>\n<\/div>\n<\/div>\n<\/article>\n<\/div>\n<\/div>\n<div><\/div>\n<\/div>\n<\/div>\n<\/div>\n<\/div>\n<\/div>\n<\/div>\n<div>\n<hr \/>\n<\/div>\n<\/div>\n<\/div>\n<\/article>\n<\/div>\n<p>&nbsp;<\/p>\n<blockquote>\n<h3 aria-hidden=\"true\" data-edge=\"true\">NASCE A BELLUNO IL PRIMO LABORATORIO DI CASA DOMOTICA PER MIGLIORARE L\u2019INDIPENDENZA DELLE PERSONE CON DISABILIT\u00c0<\/h3>\n<\/blockquote>\n<p><strong>BELLUNO<\/strong> Nasce a Belluno, grazie al Comitato d&#8217;Intesa e al GAL Prealpi e Dolomiti, il primo laboratorio di casa domotica per migliorare l&#8217;indipendenza delle persone con disabilit\u00e0.<\/p>\n<p><strong>DI DANIELE DALVIT<\/strong><\/p>\n<audio class=\"wp-audio-shortcode\" id=\"audio-492885-8\" preload=\"none\" style=\"width: 100%;\" controls=\"controls\"><source type=\"audio\/mpeg\" src=\"https:\/\/www.radiopiu.net\/wordpress\/wp-content\/uploads\/2026\/01\/Servizio-Casa-domotica-Comitato-dIntesa.mp3?_=8\" \/><a href=\"https:\/\/www.radiopiu.net\/wordpress\/wp-content\/uploads\/2026\/01\/Servizio-Casa-domotica-Comitato-dIntesa.mp3\">https:\/\/www.radiopiu.net\/wordpress\/wp-content\/uploads\/2026\/01\/Servizio-Casa-domotica-Comitato-dIntesa.mp3<\/a><\/audio>\n<p>&nbsp;<\/p>\n\n\t\t\t<style type='text\/css'>\n\t\t\t\t#gallery-7 {\n\t\t\t\t\tmargin: auto;\n\t\t\t\t}\n\t\t\t\t#gallery-7 .gallery-item {\n\t\t\t\t\tfloat: left;\n\t\t\t\t\tmargin-top: 10px;\n\t\t\t\t\ttext-align: center;\n\t\t\t\t\twidth: 50%;\n\t\t\t\t}\n\t\t\t\t#gallery-7 img {\n\t\t\t\t\tborder: 2px solid #cfcfcf;\n\t\t\t\t}\n\t\t\t\t#gallery-7 .gallery-caption {\n\t\t\t\t\tmargin-left: 0;\n\t\t\t\t}\n\t\t\t\t\/* see gallery_shortcode() in wp-includes\/media.php *\/\n\t\t\t<\/style>\n\t\t<div id='gallery-7' class='dt-gallery-container gallery galleryid-492885 gallery-columns-2 gallery-size-medium'><dl class='gallery-item'>\n\t\t\t\t<dt class='gallery-icon landscape'>\n\t\t\t\t\t<a class=\"rollover rollover-zoom dt-pswp-item\" title=\"a83a45a5-11a1-4bb6-83c1-60354f7e6031\" data-dt-img-description=\"\" data-large_image_width=\"2048\" data-large_image_height=\"1536\"href='https:\/\/www.radiopiu.net\/wordpress\/wp-content\/uploads\/2026\/01\/a83a45a5-11a1-4bb6-83c1-60354f7e6031.jpg'><img loading=\"lazy\" decoding=\"async\" width=\"300\" height=\"225\" src=\"https:\/\/www.radiopiu.net\/wordpress\/wp-content\/uploads\/2026\/01\/a83a45a5-11a1-4bb6-83c1-60354f7e6031-300x225.jpg\" class=\"attachment-medium size-medium\" alt=\"\" srcset=\"https:\/\/www.radiopiu.net\/wordpress\/wp-content\/uploads\/2026\/01\/a83a45a5-11a1-4bb6-83c1-60354f7e6031-300x225.jpg 300w, https:\/\/www.radiopiu.net\/wordpress\/wp-content\/uploads\/2026\/01\/a83a45a5-11a1-4bb6-83c1-60354f7e6031-1024x768.jpg 1024w, https:\/\/www.radiopiu.net\/wordpress\/wp-content\/uploads\/2026\/01\/a83a45a5-11a1-4bb6-83c1-60354f7e6031-768x576.jpg 768w, https:\/\/www.radiopiu.net\/wordpress\/wp-content\/uploads\/2026\/01\/a83a45a5-11a1-4bb6-83c1-60354f7e6031-1536x1152.jpg 1536w, https:\/\/www.radiopiu.net\/wordpress\/wp-content\/uploads\/2026\/01\/a83a45a5-11a1-4bb6-83c1-60354f7e6031.jpg 2048w\" sizes=\"auto, (max-width: 300px) 100vw, 300px\" \/><\/a>\n\t\t\t\t<\/dt><\/dl><dl class='gallery-item'>\n\t\t\t\t<dt class='gallery-icon landscape'>\n\t\t\t\t\t<a class=\"rollover rollover-zoom dt-pswp-item\" title=\"9b7a3453-e56e-4e3e-b461-a7df1d7a88be\" data-dt-img-description=\"\" data-large_image_width=\"2048\" data-large_image_height=\"1536\"href='https:\/\/www.radiopiu.net\/wordpress\/wp-content\/uploads\/2026\/01\/9b7a3453-e56e-4e3e-b461-a7df1d7a88be.jpg'><img loading=\"lazy\" decoding=\"async\" width=\"300\" height=\"225\" src=\"https:\/\/www.radiopiu.net\/wordpress\/wp-content\/uploads\/2026\/01\/9b7a3453-e56e-4e3e-b461-a7df1d7a88be-300x225.jpg\" class=\"attachment-medium size-medium\" alt=\"\" srcset=\"https:\/\/www.radiopiu.net\/wordpress\/wp-content\/uploads\/2026\/01\/9b7a3453-e56e-4e3e-b461-a7df1d7a88be-300x225.jpg 300w, https:\/\/www.radiopiu.net\/wordpress\/wp-content\/uploads\/2026\/01\/9b7a3453-e56e-4e3e-b461-a7df1d7a88be-1024x768.jpg 1024w, https:\/\/www.radiopiu.net\/wordpress\/wp-content\/uploads\/2026\/01\/9b7a3453-e56e-4e3e-b461-a7df1d7a88be-768x576.jpg 768w, https:\/\/www.radiopiu.net\/wordpress\/wp-content\/uploads\/2026\/01\/9b7a3453-e56e-4e3e-b461-a7df1d7a88be-1536x1152.jpg 1536w, https:\/\/www.radiopiu.net\/wordpress\/wp-content\/uploads\/2026\/01\/9b7a3453-e56e-4e3e-b461-a7df1d7a88be.jpg 2048w\" sizes=\"auto, (max-width: 300px) 100vw, 300px\" \/><\/a>\n\t\t\t\t<\/dt><\/dl><br style=\"clear: both\" \/>\n\t\t\t<\/div>\n\n<p>&nbsp;<\/p>\n<hr \/>\n<p>&nbsp;<\/p>\n<blockquote>\n<h3>FALCADE, SPORT E INCLUSIONE: SUCCESSO PER LA 42\u00aa SETTIMANA BIANCA DELL\u2019ADV CON LE FORZE DELL\u2019ORDINE E ARMATE<\/h3>\n<\/blockquote>\n<p><strong><a class=\"dt-pswp-item\" href=\"https:\/\/www.radiopiu.net\/wordpress\/wp-content\/uploads\/2026\/01\/WhatsApp-Image-2026-01-25-at-18.43.04.jpeg\" data-dt-img-description=\"\" data-large_image_width=\"2048\" data-large_image_height=\"1537\"><img loading=\"lazy\" decoding=\"async\" class=\" wp-image-493130 alignleft\" src=\"https:\/\/www.radiopiu.net\/wordpress\/wp-content\/uploads\/2026\/01\/WhatsApp-Image-2026-01-25-at-18.43.04-300x225.jpeg\" alt=\"\" width=\"205\" height=\"154\" srcset=\"https:\/\/www.radiopiu.net\/wordpress\/wp-content\/uploads\/2026\/01\/WhatsApp-Image-2026-01-25-at-18.43.04-300x225.jpeg 300w, https:\/\/www.radiopiu.net\/wordpress\/wp-content\/uploads\/2026\/01\/WhatsApp-Image-2026-01-25-at-18.43.04-1024x769.jpeg 1024w, https:\/\/www.radiopiu.net\/wordpress\/wp-content\/uploads\/2026\/01\/WhatsApp-Image-2026-01-25-at-18.43.04-768x576.jpeg 768w, https:\/\/www.radiopiu.net\/wordpress\/wp-content\/uploads\/2026\/01\/WhatsApp-Image-2026-01-25-at-18.43.04-1536x1153.jpeg 1536w, https:\/\/www.radiopiu.net\/wordpress\/wp-content\/uploads\/2026\/01\/WhatsApp-Image-2026-01-25-at-18.43.04.jpeg 2048w\" sizes=\"auto, (max-width: 205px) 100vw, 205px\" \/><\/a>DI ALESSIA DALL&#8217;O&#8217;<\/strong><\/p>\n<p><strong>BELLUNO\u00a0<\/strong>Si \u00e8 conclusa con un bilancio pi\u00f9 che positivo la 42\u00aa edizione della Settimana Bianca dell\u2019Associazione Nazionale Disabili Visivi (ADV), svoltasi a Falcade dal 18 al 25 gennaio scorso. Un appuntamento ormai consolidato a livello nazionale, che anche quest\u2019anno ha potuto contare sul supporto determinante del 7\u00b0 Reggimento Alpini della Brigata Alpina \u201cJulia\u201d, dell\u2019Arma dei Carabinieri e del Corpo Nazionale dei Vigili del Fuoco.<br \/>\nDa oltre un decennio, il 7\u00b0 Reggimento Alpini e le altre forze coinvolte sostengono con convinzione la Settimana Bianca dell\u2019ADV, riaffermando il ruolo delle istituzioni nella promozione della crescita sociale e culturale delle persone non vedenti e ipovedenti. Un impegno che si inserisce in un quadro pi\u00f9 ampio di attivit\u00e0 dell\u2019associazione, che conta circa 400 iscritti da tutta Italia.<\/p>\n<p>&nbsp;<\/p>\n<p>&nbsp;<\/p>\n<hr \/>\n<p>&nbsp;<\/p>\n<div class=\"flex flex-col text-sm pb-25\">\n<article class=\"text-token-text-primary w-full focus:outline-none [--shadow-height:45px] has-data-writing-block:pointer-events-none has-data-writing-block:-mt-(--shadow-height) has-data-writing-block:pt-(--shadow-height) [&amp;:has([data-writing-block])&gt;*]:pointer-events-auto scroll-mt-[calc(var(--header-height)+min(200px,max(70px,20svh)))]\" dir=\"auto\" tabindex=\"-1\" data-turn-id=\"request-WEB:545a5307-a0c9-41c7-9a5f-bf65aefdb8ec-5\" data-testid=\"conversation-turn-12\" data-scroll-anchor=\"true\" data-turn=\"assistant\">\n<div class=\"text-base my-auto mx-auto pb-10 [--thread-content-margin:--spacing(4)] @w-sm\/main:[--thread-content-margin:--spacing(6)] @w-lg\/main:[--thread-content-margin:--spacing(16)] px-(--thread-content-margin)\">\n<div class=\"[--thread-content-max-width:40rem] @w-lg\/main:[--thread-content-max-width:48rem] mx-auto max-w-(--thread-content-max-width) flex-1 group\/turn-messages focus-visible:outline-hidden relative flex w-full min-w-0 flex-col agent-turn\" tabindex=\"-1\">\n<div>\n<blockquote>\n<h3>RECOVERY COLLEGE: AL VIA GLI APPUNTAMENTI DEL PRIMO SEMESTRE<\/h3>\n<\/blockquote>\n<p><strong>BELLUNO<\/strong> Prende il via il Recovery College \u201cEco di Voci Cangianti\u201d, promosso dai Centri di Salute Mentale dell\u2019Ulss Dolomiti insieme a numerose associazioni del territorio. Il percorso, aperto alla cittadinanza, propone incontri, laboratori ed esperienze condivise per promuovere benessere, inclusione e una cultura partecipata della salute mentale. Le attivit\u00e0 sono organizzate in due aree: l\u2019area del fare, con laboratori pratici basati su gioco, movimento e creativit\u00e0, e l\u2019area formativa, dedicata al confronto su salute mentale, comunicazione, pregiudizi e percorsi di recovery. Il recovery \u00e8 inteso come un percorso personale verso una vita soddisfacente e autodeterminata, che valorizza risorse, relazioni e partecipazione attiva. Gli appuntamenti si svolgeranno tra gennaio e giugno in diversi comuni della provincia di Belluno, coinvolgendo cittadini, operatori e associazioni. Un\u2019occasione per condividere esperienze, superare stereotipi e rafforzare il legame tra salute mentale e comunit\u00e0.<\/p>\n<a href=\"https:\/\/www.radiopiu.net\/wordpress\/wp-content\/uploads\/2026\/01\/calendario-recovery-college_genn-giu-26.pdf\" class=\"pdfemb-viewer\" style=\"\" data-width=\"max\" data-height=\"max\" data-toolbar=\"top\" data-toolbar-fixed=\"on\">calendario recovery college_genn-giu 26<\/a>\n<\/div>\n<div><\/div>\n<div><\/div>\n<div><\/div>\n<div>\n<hr \/>\n<\/div>\n<div>\n<blockquote>\n<h2 data-start=\"0\" data-end=\"81\"><strong data-start=\"13\" data-end=\"81\"><a class=\"dt-pswp-item\" href=\"https:\/\/www.radiopiu.net\/wordpress\/wp-content\/uploads\/2026\/01\/Screenshot-2026-01-26-094802.png\" data-dt-img-description=\"\" data-large_image_width=\"337\" data-large_image_height=\"231\"><img loading=\"lazy\" decoding=\"async\" class=\" wp-image-493009 alignleft\" src=\"https:\/\/www.radiopiu.net\/wordpress\/wp-content\/uploads\/2026\/01\/Screenshot-2026-01-26-094802-300x206.png\" alt=\"\" width=\"210\" height=\"144\" srcset=\"https:\/\/www.radiopiu.net\/wordpress\/wp-content\/uploads\/2026\/01\/Screenshot-2026-01-26-094802-300x206.png 300w, https:\/\/www.radiopiu.net\/wordpress\/wp-content\/uploads\/2026\/01\/Screenshot-2026-01-26-094802.png 337w\" sizes=\"auto, (max-width: 210px) 100vw, 210px\" \/><\/a>SILICOSI IN VENETO: A PONTE NELLE ALPI IL LIBRO DI EGIDIO PASUCH<\/strong><\/h2>\n<p data-start=\"83\" data-end=\"130\">\n<\/blockquote>\n<p data-start=\"132\" data-end=\"636\" data-is-last-node=\"\" data-is-only-node=\"\">Venerd\u00ec 30 gennaio, alle 20.30, nella sala Savio di Ponte nelle Alpi, sar\u00e0 presentato il libro di Egidio Pasuch <em data-start=\"244\" data-end=\"303\">\u201cSilicosi. L\u2019olocausto dimenticato della montagna veneta\u201d<\/em>. Un\u2019opera che ricostruisce la tragedia della silicosi, malattia professionale che tra gli anni Sessanta e Settanta colp\u00ec migliaia di lavoratori del Bellunese. Attraverso testimonianze e documenti, il volume riporta alla luce una strage silenziosa che ha segnato profondamente le comunit\u00e0 montane. Ingresso libero, presente l\u2019autore.<\/p>\n<\/div>\n<div><\/div>\n<div><\/div>\n<div>\n<hr \/>\n<\/div>\n<div><\/div>\n<div>\n<p><a class=\"dt-pswp-item\" href=\"https:\/\/www.radiopiu.net\/wordpress\/wp-content\/uploads\/2026\/01\/1000265509.jpg\" data-dt-img-description=\"\" data-large_image_width=\"1414\" data-large_image_height=\"1621\"><img loading=\"lazy\" decoding=\"async\" class=\"size-medium wp-image-493203 alignleft\" src=\"https:\/\/www.radiopiu.net\/wordpress\/wp-content\/uploads\/2026\/01\/1000265509-262x300.jpg\" alt=\"\" width=\"262\" height=\"300\" srcset=\"https:\/\/www.radiopiu.net\/wordpress\/wp-content\/uploads\/2026\/01\/1000265509-262x300.jpg 262w, https:\/\/www.radiopiu.net\/wordpress\/wp-content\/uploads\/2026\/01\/1000265509-893x1024.jpg 893w, https:\/\/www.radiopiu.net\/wordpress\/wp-content\/uploads\/2026\/01\/1000265509-768x880.jpg 768w, https:\/\/www.radiopiu.net\/wordpress\/wp-content\/uploads\/2026\/01\/1000265509-1340x1536.jpg 1340w, https:\/\/www.radiopiu.net\/wordpress\/wp-content\/uploads\/2026\/01\/1000265509.jpg 1414w\" sizes=\"auto, (max-width: 262px) 100vw, 262px\" \/><\/a><\/p>\n<h2 data-start=\"0\" data-end=\"62\"><strong data-start=\"0\" data-end=\"62\">BALDENICH, AL VIA GLI INCONTRI SULLA PARTECIPAZIONE CIVICA<\/strong><\/h2>\n<p data-start=\"64\" data-end=\"883\" data-is-last-node=\"\" data-is-only-node=\"\">Prende il via venerd\u00ec 30 gennaio alle 18.30, all\u2019Hotel Europa di Belluno, il ciclo di incontri partecipativi promosso dal Comitato di Quartiere Baldenich24, intitolato \u201cSpazi di incontro, spazi di dialogo, luoghi di partecipazione\u201d. Un appuntamento al mese, da gennaio all\u2019autunno, aperto a tutta la cittadinanza, per rafforzare il dialogo tra cittadini e istituzioni sui temi della vita locale.<\/p>\n<\/div>\n<\/div>\n<div>Il primo incontro \u00e8 dedicato al bilancio comunale e al bilancio partecipativo, con ospite la consigliera comunale Lucia Olivotto, gi\u00e0 assessore al Bilancio, che spiegher\u00e0 come vengono utilizzate le risorse pubbliche e come i cittadini possono incidere sulle scelte dell\u2019amministrazione. L\u2019iniziativa punta a rendere il quartiere un vero laboratorio di democrazia attiva e partecipazione consapevole.<\/div>\n<div><\/div>\n<div><\/div>\n<div><\/div>\n<div><\/div>\n<div><\/div>\n<div><\/div>\n<div class=\"[--thread-content-max-width:40rem] @w-lg\/main:[--thread-content-max-width:48rem] mx-auto max-w-(--thread-content-max-width) flex-1 group\/turn-messages focus-visible:outline-hidden relative flex w-full min-w-0 flex-col agent-turn\" tabindex=\"-1\">\n<div><\/div>\n<\/div>\n<\/div>\n<\/article>\n<\/div>\n<hr \/>\n<p>&nbsp;<\/p>\n<blockquote>\n<h3>LA SLITTA TRA TRADIZIONE E SPORT AL MUSEO ETNOGRAFICO DOLOMITI<\/h3>\n<\/blockquote>\n<p><strong>DI ALESSIA DALL&#8217;O&#8217;<\/strong><\/p>\n<p><strong>CESIOMAGGIORE\u00a0<\/strong>Il Museo Etnografico Dolomiti di Seravella inaugura il 30 gennaio la mostra \u201cLa slitta tra tradizione, gioco e competizione\u201d, in programma fino al 30 aprile. L\u2019esposizione racconta come, nel Bellunese, scivolare sulla neve non fosse solo un gioco, ma parte della vita quotidiana: dalla slitta per trasportare legna, fieno e persone, fino alle prime gare locali e agli sport olimpici. Un percorso che unisce memoria, cultura e sport, in vista delle Olimpiadi Milano-Cortina 2026. In parallelo, \u00e8 gi\u00e0 disponibile il podcast \u201cNevica! Memorie di slitte nelle Dolomiti Bellunesi\u201d, che approfondisce tradizioni e competizioni sulla neve, disponibile sulle principali piattaforme di streaming.<\/p>\n\n\t\t\t<style type='text\/css'>\n\t\t\t\t#gallery-8 {\n\t\t\t\t\tmargin: auto;\n\t\t\t\t}\n\t\t\t\t#gallery-8 .gallery-item {\n\t\t\t\t\tfloat: left;\n\t\t\t\t\tmargin-top: 10px;\n\t\t\t\t\ttext-align: center;\n\t\t\t\t\twidth: 25%;\n\t\t\t\t}\n\t\t\t\t#gallery-8 img {\n\t\t\t\t\tborder: 2px solid #cfcfcf;\n\t\t\t\t}\n\t\t\t\t#gallery-8 .gallery-caption {\n\t\t\t\t\tmargin-left: 0;\n\t\t\t\t}\n\t\t\t\t\/* see gallery_shortcode() in wp-includes\/media.php *\/\n\t\t\t<\/style>\n\t\t<div id='gallery-8' class='dt-gallery-container gallery galleryid-492885 gallery-columns-4 gallery-size-medium'><dl class='gallery-item'>\n\t\t\t\t<dt class='gallery-icon portrait'>\n\t\t\t\t\t<a class=\"rollover rollover-zoom dt-pswp-item\" title=\"FOTO_4 (1)\" data-dt-img-description=\"\" data-large_image_width=\"2010\" data-large_image_height=\"2560\"href='https:\/\/www.radiopiu.net\/wordpress\/wp-content\/uploads\/2026\/01\/FOTO_4-1-scaled.jpg'><img loading=\"lazy\" decoding=\"async\" width=\"236\" height=\"300\" src=\"https:\/\/www.radiopiu.net\/wordpress\/wp-content\/uploads\/2026\/01\/FOTO_4-1-236x300.jpg\" class=\"attachment-medium size-medium\" alt=\"\" srcset=\"https:\/\/www.radiopiu.net\/wordpress\/wp-content\/uploads\/2026\/01\/FOTO_4-1-236x300.jpg 236w, https:\/\/www.radiopiu.net\/wordpress\/wp-content\/uploads\/2026\/01\/FOTO_4-1-804x1024.jpg 804w, https:\/\/www.radiopiu.net\/wordpress\/wp-content\/uploads\/2026\/01\/FOTO_4-1-768x978.jpg 768w, https:\/\/www.radiopiu.net\/wordpress\/wp-content\/uploads\/2026\/01\/FOTO_4-1-1206x1536.jpg 1206w, https:\/\/www.radiopiu.net\/wordpress\/wp-content\/uploads\/2026\/01\/FOTO_4-1-1608x2048.jpg 1608w, https:\/\/www.radiopiu.net\/wordpress\/wp-content\/uploads\/2026\/01\/FOTO_4-1-scaled.jpg 2010w\" sizes=\"auto, (max-width: 236px) 100vw, 236px\" \/><\/a>\n\t\t\t\t<\/dt><\/dl><dl class='gallery-item'>\n\t\t\t\t<dt class='gallery-icon portrait'>\n\t\t\t\t\t<a class=\"rollover rollover-zoom dt-pswp-item\" title=\"FOTO_7 (1)\" data-dt-img-description=\"\" data-large_image_width=\"1749\" data-large_image_height=\"2560\"href='https:\/\/www.radiopiu.net\/wordpress\/wp-content\/uploads\/2026\/01\/FOTO_7-1-scaled.jpg'><img loading=\"lazy\" decoding=\"async\" width=\"205\" height=\"300\" src=\"https:\/\/www.radiopiu.net\/wordpress\/wp-content\/uploads\/2026\/01\/FOTO_7-1-205x300.jpg\" class=\"attachment-medium size-medium\" alt=\"\" srcset=\"https:\/\/www.radiopiu.net\/wordpress\/wp-content\/uploads\/2026\/01\/FOTO_7-1-205x300.jpg 205w, https:\/\/www.radiopiu.net\/wordpress\/wp-content\/uploads\/2026\/01\/FOTO_7-1-700x1024.jpg 700w, https:\/\/www.radiopiu.net\/wordpress\/wp-content\/uploads\/2026\/01\/FOTO_7-1-768x1124.jpg 768w, https:\/\/www.radiopiu.net\/wordpress\/wp-content\/uploads\/2026\/01\/FOTO_7-1-1049x1536.jpg 1049w, https:\/\/www.radiopiu.net\/wordpress\/wp-content\/uploads\/2026\/01\/FOTO_7-1-1399x2048.jpg 1399w, https:\/\/www.radiopiu.net\/wordpress\/wp-content\/uploads\/2026\/01\/FOTO_7-1-scaled.jpg 1749w\" sizes=\"auto, (max-width: 205px) 100vw, 205px\" \/><\/a>\n\t\t\t\t<\/dt><\/dl><dl class='gallery-item'>\n\t\t\t\t<dt class='gallery-icon landscape'>\n\t\t\t\t\t<a class=\"rollover rollover-zoom dt-pswp-item\" title=\"FOTO_8 (1)\" data-dt-img-description=\"\" data-large_image_width=\"2560\" data-large_image_height=\"1791\"href='https:\/\/www.radiopiu.net\/wordpress\/wp-content\/uploads\/2026\/01\/FOTO_8-1-scaled.jpg'><img loading=\"lazy\" decoding=\"async\" width=\"300\" height=\"210\" src=\"https:\/\/www.radiopiu.net\/wordpress\/wp-content\/uploads\/2026\/01\/FOTO_8-1-300x210.jpg\" class=\"attachment-medium size-medium\" alt=\"\" srcset=\"https:\/\/www.radiopiu.net\/wordpress\/wp-content\/uploads\/2026\/01\/FOTO_8-1-300x210.jpg 300w, https:\/\/www.radiopiu.net\/wordpress\/wp-content\/uploads\/2026\/01\/FOTO_8-1-1024x716.jpg 1024w, https:\/\/www.radiopiu.net\/wordpress\/wp-content\/uploads\/2026\/01\/FOTO_8-1-768x537.jpg 768w, https:\/\/www.radiopiu.net\/wordpress\/wp-content\/uploads\/2026\/01\/FOTO_8-1-1536x1075.jpg 1536w, https:\/\/www.radiopiu.net\/wordpress\/wp-content\/uploads\/2026\/01\/FOTO_8-1-2048x1433.jpg 2048w\" sizes=\"auto, (max-width: 300px) 100vw, 300px\" \/><\/a>\n\t\t\t\t<\/dt><\/dl><dl class='gallery-item'>\n\t\t\t\t<dt class='gallery-icon landscape'>\n\t\t\t\t\t<a class=\"rollover rollover-zoom dt-pswp-item\" title=\"images-trn-1-49dc8caf-d7bd-4bfe-8820-c4cfa1482660-99-image\" data-dt-img-description=\"\" data-large_image_width=\"1366\" data-large_image_height=\"768\"href='https:\/\/www.radiopiu.net\/wordpress\/wp-content\/uploads\/2026\/01\/images-trn-1-49dc8caf-d7bd-4bfe-8820-c4cfa1482660-99-image.webp'><img loading=\"lazy\" decoding=\"async\" width=\"300\" height=\"169\" src=\"https:\/\/www.radiopiu.net\/wordpress\/wp-content\/uploads\/2026\/01\/images-trn-1-49dc8caf-d7bd-4bfe-8820-c4cfa1482660-99-image-300x169.webp\" class=\"attachment-medium size-medium\" alt=\"\" srcset=\"https:\/\/www.radiopiu.net\/wordpress\/wp-content\/uploads\/2026\/01\/images-trn-1-49dc8caf-d7bd-4bfe-8820-c4cfa1482660-99-image-300x169.webp 300w, https:\/\/www.radiopiu.net\/wordpress\/wp-content\/uploads\/2026\/01\/images-trn-1-49dc8caf-d7bd-4bfe-8820-c4cfa1482660-99-image-1024x576.webp 1024w, https:\/\/www.radiopiu.net\/wordpress\/wp-content\/uploads\/2026\/01\/images-trn-1-49dc8caf-d7bd-4bfe-8820-c4cfa1482660-99-image-768x432.webp 768w, https:\/\/www.radiopiu.net\/wordpress\/wp-content\/uploads\/2026\/01\/images-trn-1-49dc8caf-d7bd-4bfe-8820-c4cfa1482660-99-image.webp 1366w\" sizes=\"auto, (max-width: 300px) 100vw, 300px\" \/><\/a>\n\t\t\t\t<\/dt><\/dl><br style=\"clear: both\" \/>\n\t\t\t<\/div>\n\n<p>&nbsp;<\/p>\n<p>&nbsp;<\/p>\n<hr \/>\n<p>&nbsp;<\/p>\n<blockquote>\n<h3>\u201cBRUNDIB\u00c1R\u201d A TEATRO: I BAMBINI DI OGGI RICORDANO LA MEMORIA E LA PACE<\/h3>\n<\/blockquote>\n<p><strong><a class=\"dt-pswp-item\" href=\"https:\/\/www.radiopiu.net\/wordpress\/wp-content\/uploads\/2022\/07\/LE-MUSE.png\" data-dt-img-description=\"\" data-large_image_width=\"750\" data-large_image_height=\"750\"><img loading=\"lazy\" decoding=\"async\" class=\" wp-image-288787 alignleft\" src=\"https:\/\/www.radiopiu.net\/wordpress\/wp-content\/uploads\/2022\/07\/LE-MUSE-300x300.png\" alt=\"\" width=\"158\" height=\"158\" srcset=\"https:\/\/www.radiopiu.net\/wordpress\/wp-content\/uploads\/2022\/07\/LE-MUSE-300x300.png 300w, https:\/\/www.radiopiu.net\/wordpress\/wp-content\/uploads\/2022\/07\/LE-MUSE-150x150.png 150w, https:\/\/www.radiopiu.net\/wordpress\/wp-content\/uploads\/2022\/07\/LE-MUSE.png 750w\" sizes=\"auto, (max-width: 158px) 100vw, 158px\" \/><\/a>FALCADE <\/strong>L\u2019opera lirica <em data-start=\"155\" data-end=\"166\">Brundib\u00e1r<\/em>, composta nel 1938 da Hans Kr\u00e1sa e rappresentata nel campo di concentramento di Theresienstadt, torna protagonista nelle Dolomiti grazie all\u2019Associazione \u201cLe Muse e le Dolomiti\u201d. Lo spettacolo, in programma per la Giornata della Memoria (27 gennaio 2026) al Teatro Navalge di Moena, coinvolge circa 600 studenti delle scuole di Fiemme, Fassa e Agordino. Attraverso recite scolastiche e laboratori preparatori, i ragazzi approfondiscono storia, arte e valori sociali come fratellanza, resilienza e speranza. L\u2019allestimento include un docufilm sul contesto storico di Terez\u00edn, testimonianze originali come quella di Ela Stein Weissberger e una dedica di Liliana Segre. L\u2019iniziativa permette agli studenti di esibirsi davanti a coetanei locali, rafforzando dialogo e partecipazione. L\u2019obiettivo \u00e8 stimolare una riflessione sul passato, contrastare l\u2019indifferenza e trasmettere l\u2019importanza della pace e della memoria alle nuove generazioni.<\/p>\n<p>&nbsp;<\/p>\n<hr \/>\n<p>&nbsp;<\/p>\n<blockquote>\n<h2 data-start=\"0\" data-end=\"69\"><strong data-start=\"13\" data-end=\"69\"><a class=\"dt-pswp-item\" href=\"https:\/\/www.radiopiu.net\/wordpress\/wp-content\/uploads\/2026\/01\/Immagine-per-Filippo-Torrigiani.jpg\" data-dt-img-description=\"\" data-large_image_width=\"1024\" data-large_image_height=\"768\"><img loading=\"lazy\" decoding=\"async\" class=\"wp-image-493013 alignleft\" src=\"https:\/\/www.radiopiu.net\/wordpress\/wp-content\/uploads\/2026\/01\/Immagine-per-Filippo-Torrigiani-300x225.jpg\" alt=\"\" width=\"189\" height=\"142\" srcset=\"https:\/\/www.radiopiu.net\/wordpress\/wp-content\/uploads\/2026\/01\/Immagine-per-Filippo-Torrigiani-300x225.jpg 300w, https:\/\/www.radiopiu.net\/wordpress\/wp-content\/uploads\/2026\/01\/Immagine-per-Filippo-Torrigiani-768x576.jpg 768w, https:\/\/www.radiopiu.net\/wordpress\/wp-content\/uploads\/2026\/01\/Immagine-per-Filippo-Torrigiani.jpg 1024w\" sizes=\"auto, (max-width: 189px) 100vw, 189px\" \/><\/a>MAFIE E GIOCO D\u2019AZZARDO: CONFERENZA STAMPA A BELLUNO<\/strong><\/h2>\n<\/blockquote>\n<p data-start=\"71\" data-end=\"118\"><strong>BELLUNO<\/strong> Oggi\u00a0 \u00a0nella sede dell\u2019Ufficio Scolastico di Belluno, si terr\u00e0 la conferenza stampa di presentazione degli incontri \u201cMafie e gioco d\u2019azzardo\u201d, con studenti e cittadinanza. Il ciclo prevede appuntamenti pubblici e scolastici tra Belluno, Feltre e Mel, oltre a un incontro con la Giunta comunale di Belluno. In videocollegamento sar\u00e0 presente Filippo Torrigiani, consulente della Commissione Antimafia, che anticiper\u00e0 dati allarmanti sulla diffusione del gioco d\u2019azzardo in provincia e sul crescente coinvolgimento dei giovani. In sala gli organizzatori del tour provinciale.<\/p>\n<blockquote>\n<p data-start=\"71\" data-end=\"118\"><em>Filippo Torrigiani (foto) \u00e8 stato consulente della Commissione antimafia per tre legislature. Conosce il territorio e i meccanismi criminali. Con lui sviluppiamo una riflessione sulla Toscana e su Firenze in particolare come luoghi del riciclaggio dei soldi sporchi, sia da un punto di vista interno che internazionale.<\/em><\/p>\n<\/blockquote>\n<p>&nbsp;<\/p>\n<hr \/>\n<p>&nbsp;<\/p>\n<blockquote>\n<h2>ROBERTO MURER, UNA VITA\u2026 TRA I VIP<\/h2>\n<\/blockquote>\n<p data-start=\"65\" data-end=\"236\">Roberto Murer. Un mito vivente. Se c\u2019\u00e8 un VIP in giro\u2026 lui c\u2019\u00e8 gi\u00e0. Selfie? Fatto. Chilometri? Macinati. Album dei ricordi? Ormai serve un hard disk. E oggi la notizia \u00e8 ufficiale: il nostro agordino ce l\u2019ha fatta \u2014 comparsa in <span class=\"hover:entity-accent entity-underline inline cursor-pointer align-baseline\"><span class=\"whitespace-normal\">Una nuova vita<\/span><\/span>. Bravo Roberto! Ora sotto con gli atleti olimpici\u2026 e mi raccomando: le foto prima in radio<\/p>\n\n\t\t\t<style type='text\/css'>\n\t\t\t\t#gallery-9 {\n\t\t\t\t\tmargin: auto;\n\t\t\t\t}\n\t\t\t\t#gallery-9 .gallery-item {\n\t\t\t\t\tfloat: left;\n\t\t\t\t\tmargin-top: 10px;\n\t\t\t\t\ttext-align: center;\n\t\t\t\t\twidth: 25%;\n\t\t\t\t}\n\t\t\t\t#gallery-9 img {\n\t\t\t\t\tborder: 2px solid #cfcfcf;\n\t\t\t\t}\n\t\t\t\t#gallery-9 .gallery-caption {\n\t\t\t\t\tmargin-left: 0;\n\t\t\t\t}\n\t\t\t\t\/* see gallery_shortcode() in wp-includes\/media.php *\/\n\t\t\t<\/style>\n\t\t<div id='gallery-9' class='dt-gallery-container gallery galleryid-492885 gallery-columns-4 gallery-size-medium'><dl class='gallery-item'>\n\t\t\t\t<dt class='gallery-icon portrait'>\n\t\t\t\t\t<a class=\"rollover rollover-zoom dt-pswp-item\" title=\"e5bfc594-0285-47c9-9fcd-c2bb605ff566\" data-dt-img-description=\"\" data-large_image_width=\"900\" data-large_image_height=\"1600\"href='https:\/\/www.radiopiu.net\/wordpress\/wp-content\/uploads\/2026\/01\/e5bfc594-0285-47c9-9fcd-c2bb605ff566.jpg'><img loading=\"lazy\" decoding=\"async\" width=\"169\" height=\"300\" src=\"https:\/\/www.radiopiu.net\/wordpress\/wp-content\/uploads\/2026\/01\/e5bfc594-0285-47c9-9fcd-c2bb605ff566-169x300.jpg\" class=\"attachment-medium size-medium\" alt=\"\" srcset=\"https:\/\/www.radiopiu.net\/wordpress\/wp-content\/uploads\/2026\/01\/e5bfc594-0285-47c9-9fcd-c2bb605ff566-169x300.jpg 169w, https:\/\/www.radiopiu.net\/wordpress\/wp-content\/uploads\/2026\/01\/e5bfc594-0285-47c9-9fcd-c2bb605ff566-576x1024.jpg 576w, https:\/\/www.radiopiu.net\/wordpress\/wp-content\/uploads\/2026\/01\/e5bfc594-0285-47c9-9fcd-c2bb605ff566-768x1365.jpg 768w, https:\/\/www.radiopiu.net\/wordpress\/wp-content\/uploads\/2026\/01\/e5bfc594-0285-47c9-9fcd-c2bb605ff566-864x1536.jpg 864w, https:\/\/www.radiopiu.net\/wordpress\/wp-content\/uploads\/2026\/01\/e5bfc594-0285-47c9-9fcd-c2bb605ff566.jpg 900w\" sizes=\"auto, (max-width: 169px) 100vw, 169px\" \/><\/a>\n\t\t\t\t<\/dt><\/dl><dl class='gallery-item'>\n\t\t\t\t<dt class='gallery-icon portrait'>\n\t\t\t\t\t<a class=\"rollover rollover-zoom dt-pswp-item\" title=\"008abb00-507d-410b-aa2f-22f971f10da3\" data-dt-img-description=\"\" data-large_image_width=\"900\" data-large_image_height=\"1600\"href='https:\/\/www.radiopiu.net\/wordpress\/wp-content\/uploads\/2026\/01\/008abb00-507d-410b-aa2f-22f971f10da3.jpg'><img loading=\"lazy\" decoding=\"async\" width=\"169\" height=\"300\" src=\"https:\/\/www.radiopiu.net\/wordpress\/wp-content\/uploads\/2026\/01\/008abb00-507d-410b-aa2f-22f971f10da3-169x300.jpg\" class=\"attachment-medium size-medium\" alt=\"\" srcset=\"https:\/\/www.radiopiu.net\/wordpress\/wp-content\/uploads\/2026\/01\/008abb00-507d-410b-aa2f-22f971f10da3-169x300.jpg 169w, https:\/\/www.radiopiu.net\/wordpress\/wp-content\/uploads\/2026\/01\/008abb00-507d-410b-aa2f-22f971f10da3-576x1024.jpg 576w, https:\/\/www.radiopiu.net\/wordpress\/wp-content\/uploads\/2026\/01\/008abb00-507d-410b-aa2f-22f971f10da3-768x1365.jpg 768w, https:\/\/www.radiopiu.net\/wordpress\/wp-content\/uploads\/2026\/01\/008abb00-507d-410b-aa2f-22f971f10da3-864x1536.jpg 864w, https:\/\/www.radiopiu.net\/wordpress\/wp-content\/uploads\/2026\/01\/008abb00-507d-410b-aa2f-22f971f10da3.jpg 900w\" sizes=\"auto, (max-width: 169px) 100vw, 169px\" \/><\/a>\n\t\t\t\t<\/dt><\/dl><dl class='gallery-item'>\n\t\t\t\t<dt class='gallery-icon portrait'>\n\t\t\t\t\t<a class=\"rollover rollover-zoom dt-pswp-item\" title=\"46233fad-b9ef-430c-8506-972c5d2968e6\" data-dt-img-description=\"\" data-large_image_width=\"900\" data-large_image_height=\"1600\"href='https:\/\/www.radiopiu.net\/wordpress\/wp-content\/uploads\/2026\/01\/46233fad-b9ef-430c-8506-972c5d2968e6.jpg'><img loading=\"lazy\" decoding=\"async\" width=\"169\" height=\"300\" src=\"https:\/\/www.radiopiu.net\/wordpress\/wp-content\/uploads\/2026\/01\/46233fad-b9ef-430c-8506-972c5d2968e6-169x300.jpg\" class=\"attachment-medium size-medium\" alt=\"\" srcset=\"https:\/\/www.radiopiu.net\/wordpress\/wp-content\/uploads\/2026\/01\/46233fad-b9ef-430c-8506-972c5d2968e6-169x300.jpg 169w, https:\/\/www.radiopiu.net\/wordpress\/wp-content\/uploads\/2026\/01\/46233fad-b9ef-430c-8506-972c5d2968e6-576x1024.jpg 576w, https:\/\/www.radiopiu.net\/wordpress\/wp-content\/uploads\/2026\/01\/46233fad-b9ef-430c-8506-972c5d2968e6-768x1365.jpg 768w, https:\/\/www.radiopiu.net\/wordpress\/wp-content\/uploads\/2026\/01\/46233fad-b9ef-430c-8506-972c5d2968e6-864x1536.jpg 864w, https:\/\/www.radiopiu.net\/wordpress\/wp-content\/uploads\/2026\/01\/46233fad-b9ef-430c-8506-972c5d2968e6.jpg 900w\" sizes=\"auto, (max-width: 169px) 100vw, 169px\" \/><\/a>\n\t\t\t\t<\/dt><\/dl><dl class='gallery-item'>\n\t\t\t\t<dt class='gallery-icon portrait'>\n\t\t\t\t\t<a class=\"rollover rollover-zoom dt-pswp-item\" title=\"3a6c8f19-758f-494e-87a9-8c2635febbd9\" data-dt-img-description=\"\" data-large_image_width=\"743\" data-large_image_height=\"1600\"href='https:\/\/www.radiopiu.net\/wordpress\/wp-content\/uploads\/2026\/01\/3a6c8f19-758f-494e-87a9-8c2635febbd9.jpg'><img loading=\"lazy\" decoding=\"async\" width=\"139\" height=\"300\" src=\"https:\/\/www.radiopiu.net\/wordpress\/wp-content\/uploads\/2026\/01\/3a6c8f19-758f-494e-87a9-8c2635febbd9-139x300.jpg\" class=\"attachment-medium size-medium\" alt=\"\" srcset=\"https:\/\/www.radiopiu.net\/wordpress\/wp-content\/uploads\/2026\/01\/3a6c8f19-758f-494e-87a9-8c2635febbd9-139x300.jpg 139w, https:\/\/www.radiopiu.net\/wordpress\/wp-content\/uploads\/2026\/01\/3a6c8f19-758f-494e-87a9-8c2635febbd9-476x1024.jpg 476w, https:\/\/www.radiopiu.net\/wordpress\/wp-content\/uploads\/2026\/01\/3a6c8f19-758f-494e-87a9-8c2635febbd9-713x1536.jpg 713w, https:\/\/www.radiopiu.net\/wordpress\/wp-content\/uploads\/2026\/01\/3a6c8f19-758f-494e-87a9-8c2635febbd9.jpg 743w\" sizes=\"auto, (max-width: 139px) 100vw, 139px\" \/><\/a>\n\t\t\t\t<\/dt><\/dl><br style=\"clear: both\" \/>\n\t\t\t<\/div>\n\n<p data-start=\"65\" data-end=\"236\"><strong data-start=\"66\" data-end=\"107\"><span class=\"hover:entity-accent entity-underline inline cursor-pointer align-baseline\"><span class=\"whitespace-normal\">Una nuova vita<\/span><\/span><\/strong> \u00e8 un docu-reality di La7 che racconta storie vere di persone e famiglie che decidono di cambiare tutto: lavoro, citt\u00e0, abitudini. Lasciano la vita frenetica per ricominciare in luoghi isolati, spesso a contatto con la natura. Niente competizioni, solo scelte radicali, difficolt\u00e0 quotidiane e il desiderio di un\u2019esistenza pi\u00f9 autentica. Un racconto intimo sul coraggio di ricominciare da zero.<\/p>\n<p>&nbsp;<\/p>\n<hr \/>\n<p>&nbsp;<\/p>\n<blockquote>\n<p data-start=\"0\" data-end=\"101\"><strong data-start=\"0\" data-end=\"101\"><a class=\"dt-pswp-item\" href=\"https:\/\/www.radiopiu.net\/wordpress\/wp-content\/uploads\/2026\/01\/download-24.jpg\" data-dt-img-description=\"\" data-large_image_width=\"260\" data-large_image_height=\"194\"><img loading=\"lazy\" decoding=\"async\" class=\"wp-image-493074 alignleft\" src=\"https:\/\/www.radiopiu.net\/wordpress\/wp-content\/uploads\/2026\/01\/download-24.jpg\" alt=\"\" width=\"186\" height=\"139\" \/><\/a>CHIUSURA TOTALE AL TRAFFICO A TAMBRE<\/strong><\/p>\n<\/blockquote>\n<p data-start=\"103\" data-end=\"488\">Scatter\u00e0 dalle ore 7.00 di marted\u00ec 28 gennaio 2026 e rester\u00e0 in vigore fino alle ore 18.00 del 10 maggio 2026 l\u2019interdizione totale al transito su un tratto della viabilit\u00e0 comunale di <span class=\"hover:entity-accent entity-underline inline cursor-pointer align-baseline\"><span class=\"whitespace-normal\">Tambre<\/span><\/span>, per consentire interventi di consolidamento del piano stradale. Lo prevede l\u2019Ordinanza n. 042\/2026, emanata dal Comune e resa operativa da Veneto Strade. Il provvedimento sar\u00e0 valido tutti i giorni, inclusi sabati, domeniche e festivi infrasettimanali, e riguarda l\u2019intero arco orario compreso tra le 7.00 e le 18.00. La chiusura si rende necessaria per garantire lo svolgimento in sicurezza dei lavori e la tutela di utenti della strada e operatori.<\/p>\n<p>&nbsp;<\/p>\n<p>&nbsp;<\/p>\n<hr \/>\n<p>&nbsp;<\/p>\n<blockquote>\n<h3>RIPARTONO A FONZASO I \u201cVENERD\u00cc DELLA CULTURA\u201d: LIBRI, MEMORIA E PARTECIPAZIONE<\/h3>\n<\/blockquote>\n<p><strong><a class=\"dt-pswp-item\" href=\"https:\/\/www.radiopiu.net\/wordpress\/wp-content\/uploads\/2026\/01\/Bibliotecario-per-un-giorno-1024x683-1.jpg\" data-dt-img-description=\"\" data-large_image_width=\"1024\" data-large_image_height=\"683\"><img loading=\"lazy\" decoding=\"async\" class=\" wp-image-493135 alignleft\" src=\"https:\/\/www.radiopiu.net\/wordpress\/wp-content\/uploads\/2026\/01\/Bibliotecario-per-un-giorno-1024x683-1-300x200.jpg\" alt=\"\" width=\"239\" height=\"159\" srcset=\"https:\/\/www.radiopiu.net\/wordpress\/wp-content\/uploads\/2026\/01\/Bibliotecario-per-un-giorno-1024x683-1-300x200.jpg 300w, https:\/\/www.radiopiu.net\/wordpress\/wp-content\/uploads\/2026\/01\/Bibliotecario-per-un-giorno-1024x683-1-768x512.jpg 768w, https:\/\/www.radiopiu.net\/wordpress\/wp-content\/uploads\/2026\/01\/Bibliotecario-per-un-giorno-1024x683-1.jpg 1024w\" sizes=\"auto, (max-width: 239px) 100vw, 239px\" \/><\/a>DI ALESSIA DALL&#8217;O&#8217;<\/strong><\/p>\n<p><strong>FONZASO\u00a0<\/strong>Ripartono <em>I Venerd\u00ec della Cultura<\/em> presso la Biblioteca Civica, che in comunione con il Comune di Fonzaso, rilanciano la rassegna dedicata alla promozione culturale e alla partecipazione di comunit\u00e0.<br \/>\nUna proposta culturale, intesa come bene comune e spazio di confronto aperto, allineato ai temi dell\u2019Agenda ONU 2030, che vede il primo appuntamento in programma venerd\u00ec 6 febbraio alle 20.30 in Sala Municipale con la presentazione del libro <em>L\u2019autista del dottor Lauer<\/em> di Rita Da Pont, ambientato nella Belluno dell\u2019occupazione nazista. Il secondo incontro si terr\u00e0 venerd\u00ec 20 febbraio con lo scrittore Carlo Morriello, che presenter\u00e0 il romanzo <em>Oltre l\u2019ombra dei colori<\/em>, un viaggio tra arte, storia e introspezione nella Napoli di fine Ottocento.<\/p>\n<p>&nbsp;<\/p>\n<p>&nbsp;<\/p>\n<hr \/>\n<p>&nbsp;<\/p>\n<blockquote>\n<h3>SEDICO SI ACCENDE DI COLORI E MUSICA: IL CARNEVALE 2026 PROMETTE SPETTACOLO E DIVERTIMENTO PER TUTTI<\/h3>\n<\/blockquote>\n<p><strong><a class=\"dt-pswp-item\" href=\"https:\/\/www.radiopiu.net\/wordpress\/wp-content\/uploads\/2026\/01\/carn-sedico-2026-copertina.jpg\" data-dt-img-description=\"\" data-large_image_width=\"955\" data-large_image_height=\"723\"><img loading=\"lazy\" decoding=\"async\" class=\" wp-image-491807 alignleft\" src=\"https:\/\/www.radiopiu.net\/wordpress\/wp-content\/uploads\/2026\/01\/carn-sedico-2026-copertina-300x227.jpg\" alt=\"\" width=\"205\" height=\"155\" srcset=\"https:\/\/www.radiopiu.net\/wordpress\/wp-content\/uploads\/2026\/01\/carn-sedico-2026-copertina-300x227.jpg 300w, https:\/\/www.radiopiu.net\/wordpress\/wp-content\/uploads\/2026\/01\/carn-sedico-2026-copertina-768x581.jpg 768w, https:\/\/www.radiopiu.net\/wordpress\/wp-content\/uploads\/2026\/01\/carn-sedico-2026-copertina.jpg 955w\" sizes=\"auto, (max-width: 205px) 100vw, 205px\" \/><\/a>SEDICO<\/strong> Sedico si prepara a vivere un Carnevale 2026 ricco di eventi per grandi e piccini. Si parte sabato 31 gennaio al Palaskating con il <em data-start=\"213\" data-end=\"229\">Carnival Party<\/em> anni \u201980 e \u201990, animazione, premi per le maschere pi\u00f9 originali e chiosco con panini e cocktail, tutto trasmesso in diretta da Radio Pi\u00f9. Sabato 7 febbraio apre la mostra <em data-start=\"409\" data-end=\"423\">Carnevalarte<\/em> con elaborati delle scuole sul tema \u201cUn Carnevale\u2026 Olimpico\u201d. Domenica 8 febbraio il tradizionale corso mascherato dei carri allegorici sedicensi vedr\u00e0 la partecipazione del Corpo Musicale Comunale e animazione per bambini, sempre in diretta radiofonica. Sabato 14 e domenica 15 febbraio il Carnevale dei Bambini e il secondo corso mascherato proporranno sfilate, Heroebus a tema Avengers, animazione, diretta di Radio Pi\u00f9 e spettacolo pirotecnico. Marted\u00ec 17 febbraio laboratori creativi per bambini. Sempre attivi chioschi, mini luna park, truccabimbi e lotteria con primo premio un buono viaggio da 1.000 euro.<\/p>\n<p><strong>IL PROGRAMMA (2 PAGINE)<\/strong><\/p>\n<a href=\"https:\/\/www.radiopiu.net\/wordpress\/wp-content\/uploads\/2026\/01\/CARNEVALE-FLYER-2026.pdf\" class=\"pdfemb-viewer\" style=\"\" data-width=\"max\" data-height=\"max\" data-toolbar=\"top\" data-toolbar-fixed=\"on\">CARNEVALE FLYER 2026<\/a>\n<p>&nbsp;<\/p>\n<hr \/>\n<p>&nbsp;<\/p>\n<blockquote>\n<h3>CARNEVAI DE LE VAI: LE DOLOMITI AGORDINE IN FESTA TRA MASCHERE E TRADIZIONE<\/h3>\n<\/blockquote>\n<p><strong><a class=\"dt-pswp-item\" href=\"https:\/\/www.radiopiu.net\/wordpress\/wp-content\/uploads\/2026\/01\/af0ded82-5edb-4dfd-bc28-73a34c3d12a7.jpg\" data-dt-img-description=\"\" data-large_image_width=\"1066\" data-large_image_height=\"1600\"><img loading=\"lazy\" decoding=\"async\" class=\" wp-image-492268 alignleft\" src=\"https:\/\/www.radiopiu.net\/wordpress\/wp-content\/uploads\/2026\/01\/af0ded82-5edb-4dfd-bc28-73a34c3d12a7-200x300.jpg\" alt=\"\" width=\"126\" height=\"189\" srcset=\"https:\/\/www.radiopiu.net\/wordpress\/wp-content\/uploads\/2026\/01\/af0ded82-5edb-4dfd-bc28-73a34c3d12a7-200x300.jpg 200w, https:\/\/www.radiopiu.net\/wordpress\/wp-content\/uploads\/2026\/01\/af0ded82-5edb-4dfd-bc28-73a34c3d12a7-682x1024.jpg 682w, https:\/\/www.radiopiu.net\/wordpress\/wp-content\/uploads\/2026\/01\/af0ded82-5edb-4dfd-bc28-73a34c3d12a7-768x1153.jpg 768w, https:\/\/www.radiopiu.net\/wordpress\/wp-content\/uploads\/2026\/01\/af0ded82-5edb-4dfd-bc28-73a34c3d12a7-1023x1536.jpg 1023w, https:\/\/www.radiopiu.net\/wordpress\/wp-content\/uploads\/2026\/01\/af0ded82-5edb-4dfd-bc28-73a34c3d12a7.jpg 1066w\" sizes=\"auto, (max-width: 126px) 100vw, 126px\" \/><\/a>REDAZIONE <\/strong>Dal 25 gennaio al 15 febbraio le Dolomiti Agordine tornano ad animarsi con il <em data-start=\"159\" data-end=\"179\">Carnevai de le Vai<\/em>, rassegna dedicata alle maschere tradizionali che attraversa valli e paesi, unendo folklore, musica e partecipazione popolare. Cinque appuntamenti scandiscono il calendario, da Selva di Cadore a Rivamonte Agordino, da Sottoguda a Laste di Rocca Pietore, fino al gran finale a Canale d\u2019Agordo con <em data-start=\"476\" data-end=\"492\">La Zinghen\u00e9sta<\/em>. Il Carnevale diventa cos\u00ec un viaggio nella memoria collettiva: sfilate colorate, balli, canti, fal\u00f2, momenti conviviali e concorsi per le maschere pi\u00f9 belle coinvolgono residenti e visitatori. Ogni evento valorizza identit\u00e0 locali e antichi rituali, reinterpretati con energia contemporanea. L\u2019invito \u00e8 aperto a tutti: indossare una maschera, tradizionale o di fantasia, e lasciarsi trasportare dall\u2019atmosfera autentica di un Carnevale che racconta la storia delle montagne e delle sue comunit\u00e0, celebrando l\u2019inverno come tempo di incontro e condivisione.<\/p>\n<p>&nbsp;<\/p>\n<p><strong>\u00a0TUTTE LE INFORMAZIONI SULLE TAPPE (2 PAGINE)<\/strong><\/p>\n<a href=\"https:\/\/www.radiopiu.net\/wordpress\/wp-content\/uploads\/2026\/01\/pieghevole-Carnevale-2.pdf\" class=\"pdfemb-viewer\" style=\"\" data-width=\"max\" data-height=\"max\" data-toolbar=\"top\" data-toolbar-fixed=\"on\">pieghevole Carnevale 2<\/a>\n<p>&nbsp;<\/p>\n<hr \/>\n<p>&nbsp;<\/p>\n<blockquote>\n<h2><a class=\"dt-pswp-item\" href=\"https:\/\/www.radiopiu.net\/wordpress\/wp-content\/uploads\/2026\/01\/Screenshot-2026-01-26-140210.png\" data-dt-img-description=\"\" data-large_image_width=\"320\" data-large_image_height=\"166\"><img loading=\"lazy\" decoding=\"async\" class=\"size-medium wp-image-493058 alignleft\" src=\"https:\/\/www.radiopiu.net\/wordpress\/wp-content\/uploads\/2026\/01\/Screenshot-2026-01-26-140210-300x156.png\" alt=\"\" width=\"300\" height=\"156\" srcset=\"https:\/\/www.radiopiu.net\/wordpress\/wp-content\/uploads\/2026\/01\/Screenshot-2026-01-26-140210-300x156.png 300w, https:\/\/www.radiopiu.net\/wordpress\/wp-content\/uploads\/2026\/01\/Screenshot-2026-01-26-140210.png 320w\" sizes=\"auto, (max-width: 300px) 100vw, 300px\" \/><\/a>DOLOMITI E PREALPI, NEVE ABBONDANTE IN QUOTA: IL PUNTO SULL\u2019INNEVAMENTO<\/h2>\n<\/blockquote>\n<p>Secondo il bollettino \u201cDolomiti Neve al Suolo\u201d diffuso da <strong data-start=\"58\" data-end=\"127\"><span class=\"hover:entity-accent entity-underline inline cursor-pointer align-baseline\"><span class=\"whitespace-normal\">ARPAV<\/span><\/span> \u2013 Centro Valanghe di Arabba<\/strong>, l\u2019innevamento \u00e8 ben presente sulle Dolomiti e sulle Prealpi venete, soprattutto alle quote pi\u00f9 elevate. Intorno ai 2000 metri, il manto nevoso varia in genere tra 35 e 55 centimetri, con punte fino a 70\u201380 centimetri in diverse localit\u00e0 delle Dolomiti settentrionali e meridionali. Nelle valli e nei fondovalle gli accumuli diminuiscono sensibilmente, fino ad azzerarsi nelle aree pi\u00f9 basse. Sulle Prealpi si registrano buoni spessori in quota, mentre a quote collinari la neve \u00e8 scarsa o assente. ARPAV ricorda che i dati riguardano il manto naturale e invita alla prudenza, vista la forte variabilit\u00e0 locale delle condizioni.<\/p>\n<div class=\"flex flex-col text-sm pb-25\">\n<article class=\"text-token-text-primary w-full focus:outline-none [--shadow-height:45px] has-data-writing-block:pointer-events-none has-data-writing-block:-mt-(--shadow-height) has-data-writing-block:pt-(--shadow-height) [&amp;:has([data-writing-block])&gt;*]:pointer-events-auto scroll-mt-[calc(var(--header-height)+min(200px,max(70px,20svh)))]\" dir=\"auto\" tabindex=\"-1\" data-turn-id=\"05bb7224-5238-424e-a3a3-5683ae66b5c9\" data-testid=\"conversation-turn-8\" data-scroll-anchor=\"true\" data-turn=\"assistant\">\n<div class=\"text-base my-auto mx-auto pb-10 [--thread-content-margin:--spacing(4)] @w-sm\/main:[--thread-content-margin:--spacing(6)] @w-lg\/main:[--thread-content-margin:--spacing(16)] px-(--thread-content-margin)\">\n<div class=\"[--thread-content-max-width:40rem] @w-lg\/main:[--thread-content-max-width:48rem] mx-auto max-w-(--thread-content-max-width) flex-1 group\/turn-messages focus-visible:outline-hidden relative flex w-full min-w-0 flex-col agent-turn\" tabindex=\"-1\">\n<div class=\"z-0 flex min-h-[46px] justify-start\"><\/div>\n<div class=\"mt-3 w-full empty:hidden\">\n<div class=\"text-center\"><\/div>\n<\/div>\n<\/div>\n<\/div>\n<\/article>\n<\/div>\n<p>&nbsp;<\/p>\n<hr \/>\n<p>&nbsp;<\/p>\n<h1><span style=\"color: #ff6600;\">IERI ALLA RADIO<\/span><\/h1>\n<h2><span style=\"color: #008000;\">IERI COME OGGI, CON SILVIA BALDO<\/span><\/h2>\n<p><a class=\"dt-pswp-item\" href=\"https:\/\/www.radiopiu.net\/wordpress\/wp-content\/uploads\/2026\/01\/download-21.jpg\" data-dt-img-description=\"\" data-large_image_width=\"300\" data-large_image_height=\"168\"><img loading=\"lazy\" decoding=\"async\" class=\" wp-image-492989 alignleft\" src=\"https:\/\/www.radiopiu.net\/wordpress\/wp-content\/uploads\/2026\/01\/download-21.jpg\" alt=\"\" width=\"207\" height=\"116\" \/><\/a>AUDIO 26 GENNAIO 2026<\/p>\n<audio class=\"wp-audio-shortcode\" id=\"audio-492885-9\" preload=\"none\" style=\"width: 100%;\" controls=\"controls\"><source type=\"audio\/mpeg\" src=\"https:\/\/www.radiopiu.net\/wordpress\/wp-content\/uploads\/2026\/01\/SIBI1-3.mp3?_=9\" \/><a href=\"https:\/\/www.radiopiu.net\/wordpress\/wp-content\/uploads\/2026\/01\/SIBI1-3.mp3\">https:\/\/www.radiopiu.net\/wordpress\/wp-content\/uploads\/2026\/01\/SIBI1-3.mp3<\/a><\/audio>\n<h2><\/h2>\n<h2>\u00a0LA RACCOLTA COMPLETA <span style=\"color: #0000ff;\"><a style=\"color: #0000ff;\" href=\"https:\/\/www.radiopiu.net\/wordpress\/quartoanno\/\">CLICCA QUI<\/a><\/span><\/h2>\n<p>&nbsp;<\/p>\n<hr \/>\n<blockquote>\n<h2><a href=\"https:\/\/www.radiopiu.net\/wordpress\/wp-content\/uploads\/2026\/01\/hgm5bpnl.bmp\"><img loading=\"lazy\" decoding=\"async\" class=\" wp-image-492983 alignleft\" src=\"https:\/\/www.radiopiu.net\/wordpress\/wp-content\/uploads\/2026\/01\/hgm5bpnl-300x169.jpg\" alt=\"\" width=\"275\" height=\"155\" srcset=\"https:\/\/www.radiopiu.net\/wordpress\/wp-content\/uploads\/2026\/01\/hgm5bpnl-300x169.jpg 300w, https:\/\/www.radiopiu.net\/wordpress\/wp-content\/uploads\/2026\/01\/hgm5bpnl-768x432.jpg 768w, https:\/\/www.radiopiu.net\/wordpress\/wp-content\/uploads\/2026\/01\/hgm5bpnl.bmp 1024w\" sizes=\"auto, (max-width: 275px) 100vw, 275px\" \/><\/a><span style=\"color: #00ccff;\">SALUTE E SOCIETA&#8217; CON IL DOTTOR MARCO CARACCIOLO<\/span><\/h2>\n<h3>Terapia Ormonale e Demenza nelle Donne<\/h3>\n<p>Per anni, medici e pazienti si sono posti la stessa domanda: assumere ormoni durante la menopausa aumenta o diminuisce il rischio di sviluppare demenza? Un nuovo studio pubblicato sulla rivista The Lancet cerca di fare chiarezza su questo dibattito che dura da decenni.<\/p><\/blockquote>\n<p><strong>AUDIO<\/strong><\/p>\n<audio class=\"wp-audio-shortcode\" id=\"audio-492885-10\" preload=\"none\" style=\"width: 100%;\" controls=\"controls\"><source type=\"audio\/mpeg\" src=\"https:\/\/www.radiopiu.net\/wordpress\/wp-content\/uploads\/2026\/01\/SALUTE-2.mp3?_=10\" \/><a href=\"https:\/\/www.radiopiu.net\/wordpress\/wp-content\/uploads\/2026\/01\/SALUTE-2.mp3\">https:\/\/www.radiopiu.net\/wordpress\/wp-content\/uploads\/2026\/01\/SALUTE-2.mp3<\/a><\/audio>\n<h2><\/h2>\n<h2><strong>LA RACCOLTA COMPLETA <\/strong><span style=\"color: #0000ff;\"><a style=\"color: #0000ff;\" href=\"https:\/\/www.radiopiu.net\/wordpress\/saluteesocieta\/\">CLICCA QUI<\/a><\/span><\/h2>\n<p>&nbsp;<\/p>\n<hr \/>\n<p>&nbsp;<\/p>\n<h2><span style=\"color: #808000;\">PERITI MINERARI DALL&#8217;AGORDINO AL MONDO SECONDA EDIZIONE<\/span><\/h2>\n<p><strong>20 EUGENIO FORCELLINI<\/strong><\/p>\n<p><iframe loading=\"lazy\" title=\"20 EUGENIO FORCELLINI\" width=\"1200\" height=\"675\" src=\"https:\/\/www.youtube.com\/embed\/E-NOWrZ1MzU?feature=oembed\" frameborder=\"0\" allow=\"accelerometer; autoplay; clipboard-write; encrypted-media; gyroscope; picture-in-picture; web-share\" referrerpolicy=\"strict-origin-when-cross-origin\" allowfullscreen><\/iframe><\/p>\n<p>&nbsp;<\/p>\n<h2><strong>LA RACCOLTA COMPLETA <span style=\"color: #3366ff;\"><a style=\"color: #3366ff;\" href=\"https:\/\/www.radiopiu.net\/wordpress\/periti-minerari-dallagordino-al-mondo\/\">CLICCA QUI<\/a><\/span><\/strong><\/h2>\n<p>&nbsp;<\/p>\n<hr \/>\n<p>&nbsp;<\/p>\n<h2><span style=\"color: #33cccc;\">I RACCONTI DI PAOLO SOPPELSA<\/span><\/h2>\n<p><strong>ANIME DI MONTAGNA<\/strong><\/p>\n<p><strong>AUDIO<\/strong><\/p>\n<audio class=\"wp-audio-shortcode\" id=\"audio-492885-11\" preload=\"none\" style=\"width: 100%;\" controls=\"controls\"><source type=\"audio\/mpeg\" src=\"https:\/\/www.radiopiu.net\/wordpress\/wp-content\/uploads\/2026\/01\/PAOLOS-3.mp3?_=11\" \/><a href=\"https:\/\/www.radiopiu.net\/wordpress\/wp-content\/uploads\/2026\/01\/PAOLOS-3.mp3\">https:\/\/www.radiopiu.net\/wordpress\/wp-content\/uploads\/2026\/01\/PAOLOS-3.mp3<\/a><\/audio>\n<p>&nbsp;<\/p>\n<p><a class=\"dt-pswp-item\" href=\"https:\/\/www.radiopiu.net\/wordpress\/wp-content\/uploads\/2026\/01\/e37b57ec-2de3-4677-9652-1282c1332e9b.jpg\" data-dt-img-description=\"\" data-large_image_width=\"1600\" data-large_image_height=\"1200\"><img loading=\"lazy\" decoding=\"async\" class=\" wp-image-492828 alignleft\" src=\"https:\/\/www.radiopiu.net\/wordpress\/wp-content\/uploads\/2026\/01\/e37b57ec-2de3-4677-9652-1282c1332e9b-300x225.jpg\" alt=\"\" width=\"195\" height=\"146\" srcset=\"https:\/\/www.radiopiu.net\/wordpress\/wp-content\/uploads\/2026\/01\/e37b57ec-2de3-4677-9652-1282c1332e9b-300x225.jpg 300w, https:\/\/www.radiopiu.net\/wordpress\/wp-content\/uploads\/2026\/01\/e37b57ec-2de3-4677-9652-1282c1332e9b-1024x768.jpg 1024w, https:\/\/www.radiopiu.net\/wordpress\/wp-content\/uploads\/2026\/01\/e37b57ec-2de3-4677-9652-1282c1332e9b-768x576.jpg 768w, https:\/\/www.radiopiu.net\/wordpress\/wp-content\/uploads\/2026\/01\/e37b57ec-2de3-4677-9652-1282c1332e9b-1536x1152.jpg 1536w, https:\/\/www.radiopiu.net\/wordpress\/wp-content\/uploads\/2026\/01\/e37b57ec-2de3-4677-9652-1282c1332e9b.jpg 1600w\" sizes=\"auto, (max-width: 195px) 100vw, 195px\" \/><\/a>Vi cerco mentre osservo le montagne e vivo lo scorrere perpetuo delle stagioni. Vi trovo nei profili delle cime, nel canto sommesso del R\u00f9 da Ghisel che scende lungo l\u2019ombroso e verticale canalone del Pelsa. Nella neve che cade leggera imbiancando il tetto del tabi\u00e0. Il vento che muove i rami spogli dei larici addormentati porta con s\u00e9 le vostre voci serene e stanche. Lo scricchiolare improvviso di una trave ricorda i vostri passi affaticati e sghembi. I canaloni severi che solcano i fianchi della grande montagna rammentano i vostri visi segnati dagli anni e dagli inverni. Qui, dove il silenzio \u00e8 forte, tutto parla di voi. Qui, dove c&#8217;era il vostro vivere semplice e faticoso, oggi \u00e8 presente una quiete che chiama i ricordi. Memorie di attimi felici e tristi, di sorrisi e qualche bestemmia, di malinconie dettate dallo scorrere impietoso di quel tempo che aveva piegato le vostre schiene. Ricordi di legna e di fieno, dela cort de la grasa, del muggire della vacca e del grugnire del maiale. Della ciotola di plastica rosa piena di becchime per le tre galline. Memorie che ritornano nitide quando in silenzio attendo che la sera scenda sulla valle. Un ricordare sereno, privo della nostalgia per un tempo e per degli affetti che inevitabilmente non possono ritornare. Avete vissuto qui dove alla met\u00e0 di aprile fioriscono i ciliegi, dove si pu\u00f2 udire il fragore delle valanghe che annunciano la tardiva primavera di montagna. Qui ci sono le vostre anime che all\u2019imbrunire parlano con voce di vento. Vi vedo ancora come un tempo, indaffarati nei vostri lavori sempre faticosi. Sento il suono ritmato e metallico del martello che all&#8217;inizio dell&#8217;estate batteva la falce, sento il suono potente e improvviso prodotto dalla mazza che picchiava con forza sui cunei che aprivano legna di larice. Vi cerco, anime di montagna. Perch\u00e9 ho bisogno della vostra semplicit\u00e0 e saggezza, del vostro conoscere a fondo questa terra che \u00e8 stata la vostra vita. Vi cerco per capire il coraggio che vi \u00e8 servito per affrontare gli anni bui della guerra, per conoscere quanti sacrifici avete dovuto compiere per garantirvi una vita dignitosa. Vi cerco, e vi trovo in quel paio de scarpe da fer che riposano nel tabi\u00e0. Mentre le osservo e le prendo in mano, ritornano i prati in pendenza da falciare, le taie da trascinare col zapin sulla neve ghiacciata d&#8217;inizio inverno. Vi ritrovo quando afferro la faoz con il manico celeste, quando faccio girare le ruote del caret azzurro, l&#8217;ultima innovazione utile per portare a casa il fieno con meno fatica. Vi cerco mentre scende la neve, e vi rivedo tranquilli su \u2018n banca de fornel, a vivere il tempo lento dell&#8217;inverno. Vi cerco perch\u00e9 nulla di ci\u00f2 che \u00e8 stato dev&#8217;essere perso, perch\u00e9 ricordi e insegnamenti devono rimanere per sempre vivi. Vi cerco e vi trovo qui, dove gli inverni sono lunghi e i silenzi potenti. Qui, dove le vostre anime vivono la perfetta quiete delle notti di montagna.<\/p>\n<p>&nbsp;<\/p>\n<p>&nbsp;<\/p>\n<hr \/>\n<p>&nbsp;<\/p>\n<h2><span style=\"color: #800080;\">LO SPORT DEL LUNEDI&#8217; POMERIGGIO <\/span><\/h2>\n<p><strong><a class=\"dt-pswp-item\" href=\"https:\/\/www.radiopiu.net\/wordpress\/wp-content\/uploads\/2025\/12\/SPORT-RADIO.jpg\" data-dt-img-description=\"\" data-large_image_width=\"1536\" data-large_image_height=\"1075\"><img loading=\"lazy\" decoding=\"async\" class=\" wp-image-483417 alignleft\" src=\"https:\/\/www.radiopiu.net\/wordpress\/wp-content\/uploads\/2025\/12\/SPORT-RADIO-300x210.jpg\" alt=\"\" width=\"161\" height=\"113\" srcset=\"https:\/\/www.radiopiu.net\/wordpress\/wp-content\/uploads\/2025\/12\/SPORT-RADIO-300x210.jpg 300w, https:\/\/www.radiopiu.net\/wordpress\/wp-content\/uploads\/2025\/12\/SPORT-RADIO-1024x717.jpg 1024w, https:\/\/www.radiopiu.net\/wordpress\/wp-content\/uploads\/2025\/12\/SPORT-RADIO-768x538.jpg 768w, https:\/\/www.radiopiu.net\/wordpress\/wp-content\/uploads\/2025\/12\/SPORT-RADIO.jpg 1536w\" sizes=\"auto, (max-width: 161px) 100vw, 161px\" \/><\/a>DI MARCO GAZ<\/strong><\/p>\n<p><span style=\"color: #ff0000;\"><strong>\u00a0<\/strong><\/span><\/p>\n<p><span style=\"color: #ff0000;\"><strong>\u00a0<\/strong><\/span><\/p>\n<p><span style=\"color: #ff0000;\"><strong>PRIMA PARTE<\/strong><\/span><\/p>\n<audio class=\"wp-audio-shortcode\" id=\"audio-492885-12\" preload=\"none\" style=\"width: 100%;\" controls=\"controls\"><source type=\"audio\/mpeg\" src=\"https:\/\/www.radiopiu.net\/wordpress\/wp-content\/uploads\/2026\/01\/POM1-3.mp3?_=12\" \/><a href=\"https:\/\/www.radiopiu.net\/wordpress\/wp-content\/uploads\/2026\/01\/POM1-3.mp3\">https:\/\/www.radiopiu.net\/wordpress\/wp-content\/uploads\/2026\/01\/POM1-3.mp3<\/a><\/audio>\n<p>&nbsp;<\/p>\n<p><span style=\"color: #ff0000;\"><strong>SECONDA PARTE<\/strong><\/span><\/p>\n<audio class=\"wp-audio-shortcode\" id=\"audio-492885-13\" preload=\"none\" style=\"width: 100%;\" controls=\"controls\"><source type=\"audio\/mpeg\" src=\"https:\/\/www.radiopiu.net\/wordpress\/wp-content\/uploads\/2026\/01\/POM2-3.mp3?_=13\" \/><a href=\"https:\/\/www.radiopiu.net\/wordpress\/wp-content\/uploads\/2026\/01\/POM2-3.mp3\">https:\/\/www.radiopiu.net\/wordpress\/wp-content\/uploads\/2026\/01\/POM2-3.mp3<\/a><\/audio>\n<p>&nbsp;<\/p>\n<hr \/>\n<p>&nbsp;<\/p>\n<h2><span style=\"color: #cc99ff;\">IL CARNEVALE DI SEDICO 2026, UN PROGRAMMA RICCO DI EVENTI<\/span><\/h2>\n<p><strong><a class=\"dt-pswp-item\" href=\"https:\/\/www.radiopiu.net\/wordpress\/wp-content\/uploads\/2026\/01\/49845698-089e-4f10-9794-876db02a27f3.jpg\" data-dt-img-description=\"\" data-large_image_width=\"1600\" data-large_image_height=\"1200\"><img loading=\"lazy\" decoding=\"async\" class=\" wp-image-492416 alignleft\" src=\"https:\/\/www.radiopiu.net\/wordpress\/wp-content\/uploads\/2026\/01\/49845698-089e-4f10-9794-876db02a27f3-300x225.jpg\" alt=\"\" width=\"165\" height=\"124\" srcset=\"https:\/\/www.radiopiu.net\/wordpress\/wp-content\/uploads\/2026\/01\/49845698-089e-4f10-9794-876db02a27f3-300x225.jpg 300w, https:\/\/www.radiopiu.net\/wordpress\/wp-content\/uploads\/2026\/01\/49845698-089e-4f10-9794-876db02a27f3-1024x768.jpg 1024w, https:\/\/www.radiopiu.net\/wordpress\/wp-content\/uploads\/2026\/01\/49845698-089e-4f10-9794-876db02a27f3-768x576.jpg 768w, https:\/\/www.radiopiu.net\/wordpress\/wp-content\/uploads\/2026\/01\/49845698-089e-4f10-9794-876db02a27f3-1536x1152.jpg 1536w, https:\/\/www.radiopiu.net\/wordpress\/wp-content\/uploads\/2026\/01\/49845698-089e-4f10-9794-876db02a27f3.jpg 1600w\" sizes=\"auto, (max-width: 165px) 100vw, 165px\" \/><\/a>DI MARCO GAZ E MARINA DONA&#8217;<\/strong><\/p>\n<p>OSPITI: Marco Gabrieli e Stefano Triches<\/p>\n<audio class=\"wp-audio-shortcode\" id=\"audio-492885-14\" preload=\"none\" style=\"width: 100%;\" controls=\"controls\"><source type=\"audio\/mpeg\" src=\"https:\/\/www.radiopiu.net\/wordpress\/wp-content\/uploads\/2026\/01\/CARNEVALE-DI-SEDICO-2026-MARCO-GABRIELI-E-STEFANO-TRICHES.mp3?_=14\" \/><a href=\"https:\/\/www.radiopiu.net\/wordpress\/wp-content\/uploads\/2026\/01\/CARNEVALE-DI-SEDICO-2026-MARCO-GABRIELI-E-STEFANO-TRICHES.mp3\">https:\/\/www.radiopiu.net\/wordpress\/wp-content\/uploads\/2026\/01\/CARNEVALE-DI-SEDICO-2026-MARCO-GABRIELI-E-STEFANO-TRICHES.mp3<\/a><\/audio>\n<p>&nbsp;<\/p>\n<hr \/>\n<p>&nbsp;<\/p>\n<h2><span style=\"color: #ffcc00;\">IL 31 GENNAIO A CANALE TORNA LA CASPARETHA<\/span><\/h2>\n<p><strong><a class=\"dt-pswp-item\" href=\"https:\/\/www.radiopiu.net\/wordpress\/wp-content\/uploads\/2026\/01\/d252826e-39a1-45d5-987a-aa7288a3b60e.jpg\" data-dt-img-description=\"\" data-large_image_width=\"2048\" data-large_image_height=\"1152\"><img loading=\"lazy\" decoding=\"async\" class=\" wp-image-490611 alignleft\" src=\"https:\/\/www.radiopiu.net\/wordpress\/wp-content\/uploads\/2026\/01\/d252826e-39a1-45d5-987a-aa7288a3b60e-300x169.jpg\" alt=\"\" width=\"217\" height=\"122\" srcset=\"https:\/\/www.radiopiu.net\/wordpress\/wp-content\/uploads\/2026\/01\/d252826e-39a1-45d5-987a-aa7288a3b60e-300x169.jpg 300w, https:\/\/www.radiopiu.net\/wordpress\/wp-content\/uploads\/2026\/01\/d252826e-39a1-45d5-987a-aa7288a3b60e-1024x576.jpg 1024w, https:\/\/www.radiopiu.net\/wordpress\/wp-content\/uploads\/2026\/01\/d252826e-39a1-45d5-987a-aa7288a3b60e-768x432.jpg 768w, https:\/\/www.radiopiu.net\/wordpress\/wp-content\/uploads\/2026\/01\/d252826e-39a1-45d5-987a-aa7288a3b60e-1536x864.jpg 1536w, https:\/\/www.radiopiu.net\/wordpress\/wp-content\/uploads\/2026\/01\/d252826e-39a1-45d5-987a-aa7288a3b60e.jpg 2048w\" sizes=\"auto, (max-width: 217px) 100vw, 217px\" \/><\/a>DI MIRKO MEZZACASA<\/strong><\/p>\n<p>OSPITI: Emil Tancon, Laura Fontanive e Giulio Serafini<\/p>\n<audio class=\"wp-audio-shortcode\" id=\"audio-492885-15\" preload=\"none\" style=\"width: 100%;\" controls=\"controls\"><source type=\"audio\/mpeg\" src=\"https:\/\/www.radiopiu.net\/wordpress\/wp-content\/uploads\/2026\/01\/CASPARETHA-2026-1.mp3?_=15\" \/><a href=\"https:\/\/www.radiopiu.net\/wordpress\/wp-content\/uploads\/2026\/01\/CASPARETHA-2026-1.mp3\">https:\/\/www.radiopiu.net\/wordpress\/wp-content\/uploads\/2026\/01\/CASPARETHA-2026-1.mp3<\/a><\/audio>\n<p>&nbsp;<\/p>\n<hr \/>\n<p>&nbsp;<\/p>\n<blockquote class=\"wp-embedded-content\" data-secret=\"gmdbEtUFcp\"><p><a href=\"https:\/\/www.radiopiu.net\/wordpress\/curiosando-il-programmaa\/\">CURIOSANDO&#8230; IL PROGRAMMA DI PAOLA LANCIATO<\/a><\/p><\/blockquote>\n<p><iframe loading=\"lazy\" class=\"wp-embedded-content\" sandbox=\"allow-scripts\" security=\"restricted\" style=\"position: absolute; visibility: hidden;\" title=\"&#8220;CURIOSANDO&#8230; IL PROGRAMMA DI PAOLA LANCIATO&#8221; &#8212; Radio Pi\u00f9\" src=\"https:\/\/www.radiopiu.net\/wordpress\/curiosando-il-programmaa\/embed\/#?secret=n9FxsKZAyB#?secret=gmdbEtUFcp\" data-secret=\"gmdbEtUFcp\" width=\"600\" height=\"338\" frameborder=\"0\" marginwidth=\"0\" marginheight=\"0\" scrolling=\"no\"><\/iframe><\/p>\n<p>&nbsp;<\/p>\n<hr \/>\n<p>&nbsp;<\/p>\n<p><span style=\"color: #ff0000;\"><img loading=\"lazy\" decoding=\"async\" class=\"wp-image-61958 size-full aligncenter\" src=\"https:\/\/www.radiopiu.net\/wordpress\/wp-content\/uploads\/2018\/09\/appuntamenti.jpeg\" alt=\"\" width=\"800\" height=\"100\" srcset=\"https:\/\/www.radiopiu.net\/wordpress\/wp-content\/uploads\/2018\/09\/appuntamenti.jpeg 800w, https:\/\/www.radiopiu.net\/wordpress\/wp-content\/uploads\/2018\/09\/appuntamenti-300x38.jpeg 300w, https:\/\/www.radiopiu.net\/wordpress\/wp-content\/uploads\/2018\/09\/appuntamenti-768x96.jpeg 768w\" sizes=\"auto, (max-width: 800px) 100vw, 800px\" \/><\/span><\/p>\n<p>&nbsp;<\/p>\n\n\t\t\t<style type='text\/css'>\n\t\t\t\t#gallery-10 {\n\t\t\t\t\tmargin: auto;\n\t\t\t\t}\n\t\t\t\t#gallery-10 .gallery-item {\n\t\t\t\t\tfloat: left;\n\t\t\t\t\tmargin-top: 10px;\n\t\t\t\t\ttext-align: center;\n\t\t\t\t\twidth: 20%;\n\t\t\t\t}\n\t\t\t\t#gallery-10 img {\n\t\t\t\t\tborder: 2px solid #cfcfcf;\n\t\t\t\t}\n\t\t\t\t#gallery-10 .gallery-caption {\n\t\t\t\t\tmargin-left: 0;\n\t\t\t\t}\n\t\t\t\t\/* see gallery_shortcode() in wp-includes\/media.php *\/\n\t\t\t<\/style>\n\t\t<div id='gallery-10' class='dt-gallery-container gallery galleryid-492885 gallery-columns-5 gallery-size-thumbnail'><dl class='gallery-item'>\n\t\t\t\t<dt class='gallery-icon portrait'>\n\t\t\t\t\t<a class=\"rollover rollover-zoom dt-pswp-item\" title=\"locandina mostra loris\" data-dt-img-description=\"\" data-large_image_width=\"595\" data-large_image_height=\"841\"href='https:\/\/www.radiopiu.net\/wordpress\/wp-content\/uploads\/2026\/01\/locandina-mostra-loris.jpg'><img loading=\"lazy\" decoding=\"async\" width=\"150\" height=\"150\" src=\"https:\/\/www.radiopiu.net\/wordpress\/wp-content\/uploads\/2026\/01\/locandina-mostra-loris-150x150.jpg\" class=\"attachment-thumbnail size-thumbnail\" alt=\"\" \/><\/a>\n\t\t\t\t<\/dt><\/dl><dl class='gallery-item'>\n\t\t\t\t<dt class='gallery-icon portrait'>\n\t\t\t\t\t<a class=\"rollover rollover-zoom dt-pswp-item\" title=\"af0ded82-5edb-4dfd-bc28-73a34c3d12a7\" data-dt-img-description=\"\" data-large_image_width=\"1066\" data-large_image_height=\"1600\"href='https:\/\/www.radiopiu.net\/wordpress\/wp-content\/uploads\/2026\/01\/af0ded82-5edb-4dfd-bc28-73a34c3d12a7.jpg'><img loading=\"lazy\" decoding=\"async\" width=\"150\" height=\"150\" src=\"https:\/\/www.radiopiu.net\/wordpress\/wp-content\/uploads\/2026\/01\/af0ded82-5edb-4dfd-bc28-73a34c3d12a7-150x150.jpg\" class=\"attachment-thumbnail size-thumbnail\" alt=\"\" \/><\/a>\n\t\t\t\t<\/dt><\/dl><dl class='gallery-item'>\n\t\t\t\t<dt class='gallery-icon portrait'>\n\t\t\t\t\t<a class=\"rollover rollover-zoom dt-pswp-item\" title=\"Aspettando le Olimpiadi - evento a Limana\" data-dt-img-description=\"\" data-large_image_width=\"1240\" data-large_image_height=\"1754\"href='https:\/\/www.radiopiu.net\/wordpress\/wp-content\/uploads\/2026\/01\/Aspettando-le-Olimpiadi-evento-a-Limana.jpg'><img loading=\"lazy\" decoding=\"async\" width=\"150\" height=\"150\" src=\"https:\/\/www.radiopiu.net\/wordpress\/wp-content\/uploads\/2026\/01\/Aspettando-le-Olimpiadi-evento-a-Limana-150x150.jpg\" class=\"attachment-thumbnail size-thumbnail\" alt=\"\" \/><\/a>\n\t\t\t\t<\/dt><\/dl><dl class='gallery-item'>\n\t\t\t\t<dt class='gallery-icon portrait'>\n\t\t\t\t\t<a class=\"rollover rollover-zoom dt-pswp-item\" title=\"4e967043-c873-4f5f-b1c6-d5dbc3a0bb33\" data-dt-img-description=\"\" data-large_image_width=\"1414\" data-large_image_height=\"2000\"href='https:\/\/www.radiopiu.net\/wordpress\/wp-content\/uploads\/2026\/01\/4e967043-c873-4f5f-b1c6-d5dbc3a0bb33.jpg'><img loading=\"lazy\" decoding=\"async\" width=\"150\" height=\"150\" src=\"https:\/\/www.radiopiu.net\/wordpress\/wp-content\/uploads\/2026\/01\/4e967043-c873-4f5f-b1c6-d5dbc3a0bb33-150x150.jpg\" class=\"attachment-thumbnail size-thumbnail\" alt=\"\" \/><\/a>\n\t\t\t\t<\/dt><\/dl><dl class='gallery-item'>\n\t\t\t\t<dt class='gallery-icon portrait'>\n\t\t\t\t\t<a class=\"rollover rollover-zoom dt-pswp-item\" title=\"67d99ec1-0291-4462-817b-c043279744e5\" data-dt-img-description=\"\" data-large_image_width=\"1131\" data-large_image_height=\"1600\"href='https:\/\/www.radiopiu.net\/wordpress\/wp-content\/uploads\/2025\/12\/67d99ec1-0291-4462-817b-c043279744e5.jpg'><img loading=\"lazy\" decoding=\"async\" width=\"150\" height=\"150\" src=\"https:\/\/www.radiopiu.net\/wordpress\/wp-content\/uploads\/2025\/12\/67d99ec1-0291-4462-817b-c043279744e5-150x150.jpg\" class=\"attachment-thumbnail size-thumbnail\" alt=\"\" \/><\/a>\n\t\t\t\t<\/dt><\/dl><br style=\"clear: both\" \/><dl class='gallery-item'>\n\t\t\t\t<dt class='gallery-icon portrait'>\n\t\t\t\t\t<a class=\"rollover rollover-zoom dt-pswp-item\" title=\"SIGNORI\" data-dt-img-description=\"\" data-large_image_width=\"905\" data-large_image_height=\"1280\"href='https:\/\/www.radiopiu.net\/wordpress\/wp-content\/uploads\/2026\/01\/SIGNORI.jpeg'><img loading=\"lazy\" decoding=\"async\" width=\"150\" height=\"150\" src=\"https:\/\/www.radiopiu.net\/wordpress\/wp-content\/uploads\/2026\/01\/SIGNORI-150x150.jpeg\" class=\"attachment-thumbnail size-thumbnail\" alt=\"\" \/><\/a>\n\t\t\t\t<\/dt><\/dl><dl class='gallery-item'>\n\t\t\t\t<dt class='gallery-icon portrait'>\n\t\t\t\t\t<a class=\"rollover rollover-zoom dt-pswp-item\" title=\"1000260928\" data-dt-img-description=\"\" data-large_image_width=\"720\" data-large_image_height=\"874\"href='https:\/\/www.radiopiu.net\/wordpress\/wp-content\/uploads\/2026\/01\/1000260928.jpg'><img loading=\"lazy\" decoding=\"async\" width=\"150\" height=\"150\" src=\"https:\/\/www.radiopiu.net\/wordpress\/wp-content\/uploads\/2026\/01\/1000260928-150x150.jpg\" class=\"attachment-thumbnail size-thumbnail\" alt=\"\" \/><\/a>\n\t\t\t\t<\/dt><\/dl><dl class='gallery-item'>\n\t\t\t\t<dt class='gallery-icon portrait'>\n\t\t\t\t\t<a class=\"rollover rollover-zoom dt-pswp-item\" title=\"Storie di Storia definitivo-1\" data-dt-img-description=\"\" data-large_image_width=\"1240\" data-large_image_height=\"1754\"href='https:\/\/www.radiopiu.net\/wordpress\/wp-content\/uploads\/2026\/01\/Storie-di-Storia-definitivo-1.jpg'><img loading=\"lazy\" decoding=\"async\" width=\"150\" height=\"150\" src=\"https:\/\/www.radiopiu.net\/wordpress\/wp-content\/uploads\/2026\/01\/Storie-di-Storia-definitivo-1-150x150.jpg\" class=\"attachment-thumbnail size-thumbnail\" alt=\"\" \/><\/a>\n\t\t\t\t<\/dt><\/dl><dl class='gallery-item'>\n\t\t\t\t<dt class='gallery-icon portrait'>\n\t\t\t\t\t<a class=\"rollover rollover-zoom dt-pswp-item\" title=\"586740953_1283004097175673_3623727418094522816_n\" data-dt-img-description=\"\" data-large_image_width=\"514\" data-large_image_height=\"720\"href='https:\/\/www.radiopiu.net\/wordpress\/wp-content\/uploads\/2025\/11\/586740953_1283004097175673_3623727418094522816_n.jpg'><img loading=\"lazy\" decoding=\"async\" width=\"150\" height=\"150\" src=\"https:\/\/www.radiopiu.net\/wordpress\/wp-content\/uploads\/2025\/11\/586740953_1283004097175673_3623727418094522816_n-150x150.jpg\" class=\"attachment-thumbnail size-thumbnail\" alt=\"\" \/><\/a>\n\t\t\t\t<\/dt><\/dl><dl class='gallery-item'>\n\t\t\t\t<dt class='gallery-icon portrait'>\n\t\t\t\t\t<a class=\"rollover rollover-zoom dt-pswp-item\" title=\"584332528_1279625560846860_1524691345192499574_n\" data-dt-img-description=\"\" data-large_image_width=\"417\" data-large_image_height=\"590\"href='https:\/\/www.radiopiu.net\/wordpress\/wp-content\/uploads\/2025\/11\/584332528_1279625560846860_1524691345192499574_n.jpg'><img loading=\"lazy\" decoding=\"async\" width=\"150\" height=\"150\" src=\"https:\/\/www.radiopiu.net\/wordpress\/wp-content\/uploads\/2025\/11\/584332528_1279625560846860_1524691345192499574_n-150x150.jpg\" class=\"attachment-thumbnail size-thumbnail\" alt=\"\" \/><\/a>\n\t\t\t\t<\/dt><\/dl><br style=\"clear: both\" \/><dl class='gallery-item'>\n\t\t\t\t<dt class='gallery-icon portrait'>\n\t\t\t\t\t<a class=\"rollover rollover-zoom dt-pswp-item\" title=\"PRES LIBRO\" data-dt-img-description=\"\" data-large_image_width=\"672\" data-large_image_height=\"888\"href='https:\/\/www.radiopiu.net\/wordpress\/wp-content\/uploads\/2026\/01\/PRES-LIBRO.jpg'><img loading=\"lazy\" decoding=\"async\" width=\"150\" height=\"150\" src=\"https:\/\/www.radiopiu.net\/wordpress\/wp-content\/uploads\/2026\/01\/PRES-LIBRO-150x150.jpg\" class=\"attachment-thumbnail size-thumbnail\" alt=\"\" \/><\/a>\n\t\t\t\t<\/dt><\/dl><dl class='gallery-item'>\n\t\t\t\t<dt class='gallery-icon portrait'>\n\t\t\t\t\t<a class=\"rollover rollover-zoom dt-pswp-item\" title=\"e65e010f-2ee0-47e6-9114-dacef690c3d1\" data-dt-img-description=\"\" data-large_image_width=\"1024\" data-large_image_height=\"1280\"href='https:\/\/www.radiopiu.net\/wordpress\/wp-content\/uploads\/2026\/01\/e65e010f-2ee0-47e6-9114-dacef690c3d1.jpg'><img loading=\"lazy\" decoding=\"async\" width=\"150\" height=\"150\" src=\"https:\/\/www.radiopiu.net\/wordpress\/wp-content\/uploads\/2026\/01\/e65e010f-2ee0-47e6-9114-dacef690c3d1-150x150.jpg\" class=\"attachment-thumbnail size-thumbnail\" alt=\"\" \/><\/a>\n\t\t\t\t<\/dt><\/dl>\n\t\t\t\t<br style='clear: both' \/>\n\t\t\t<\/div>\n\n<p>&nbsp;<\/p>\n<p>&nbsp;<\/p>\n<hr \/>\n<p>&nbsp;<\/p>\n<p class=\"mceTemp\"><a class=\"dt-pswp-item\" href=\"https:\/\/www.radiopiu.net\/wordpress\/wp-content\/uploads\/2018\/09\/WhatsApp-Image-2018-09-20-at-16.04.06.jpeg\" data-dt-img-description=\"\" data-large_image_width=\"800\" data-large_image_height=\"100\"><img loading=\"lazy\" decoding=\"async\" class=\"wp-image-61378 size-full aligncenter\" src=\"https:\/\/www.radiopiu.net\/wordpress\/wp-content\/uploads\/2018\/09\/WhatsApp-Image-2018-09-20-at-16.04.06.jpeg\" alt=\"\" width=\"800\" height=\"100\" srcset=\"https:\/\/www.radiopiu.net\/wordpress\/wp-content\/uploads\/2018\/09\/WhatsApp-Image-2018-09-20-at-16.04.06.jpeg 800w, https:\/\/www.radiopiu.net\/wordpress\/wp-content\/uploads\/2018\/09\/WhatsApp-Image-2018-09-20-at-16.04.06-300x38.jpeg 300w, https:\/\/www.radiopiu.net\/wordpress\/wp-content\/uploads\/2018\/09\/WhatsApp-Image-2018-09-20-at-16.04.06-768x96.jpeg 768w\" sizes=\"auto, (max-width: 800px) 100vw, 800px\" \/><\/a><\/p>\n<p>&nbsp;<\/p>\n<p>&nbsp;<\/p>\n<p>&nbsp;<\/p>\n<p><center><b>OGGI<\/b><\/center>Tempo inizialmente soleggiato, eccetto in caso di locali nubi basse su qualche fondovalle prealpino, freddo ovunque al primo mattino con estese gelate. Al pomeriggio tendenza ad aumento della nuvolosit\u00e0 da ovest, fino a cielo nuvoloso o molto nuvoloso dalla sera, con i primi possibili fenomeni sulle Prealpi veronesi.<br \/>\n<b>Precipitazioni: <\/b>Fino al pomeriggio assenti. Dalla sera primi deboli fenomeni sulle Prealpi veronesi, in estensione verso est nella notte, nevosi fino a fondovalle su Dolomiti<\/p>\n<hr \/>\n<p><center><b>DOMANI<\/b><\/center>Condizioni di tempo perturbato, con cielo molto nuvoloso\/coperto e diffuse precipitazioni.<br \/>\n<b>Precipitazioni: <\/b>Dalla notte in rapida estensione da ovest verso est fino a diffuse ovunque al mattino, nevose nei fondovalle dolomitici pi\u00f9 interni, ed inizialmente non escluso in qualche fondovalle prealpino, poi attorno ai 1000\/1200 m sulle Prealpi e sulle aree dolomitiche pi\u00f9 aperte, temporaneamente anche fino sui 1500 m sulle Prealpi durante le ore centrali, in possibile lieve calo verso sera. Nel pomeriggio esaurimento dei fenomeni ad iniziare da Prealpi ovest mentre insisteranno su bellunese fino a sera.<\/p>\n<hr \/>\n<p><center><b>GIOVEDI<\/b><\/center>Nella notte e fino al mattino molto nuvoloso con residue deboli o debolissime precipitazioni, specie sulle Dolomiti, con neve possibile oltre gli 800\/1000 m sulle Dolomiti, 1000\/1200 m sulle Prealpi. Nel pomeriggio ancora molte nubi ma con tendenza a graduale attenuazione della nuvolosit\u00e0 a partire da Prealpi ovest .<\/p>\n<hr \/>\n<p><center><b>VENERDI<\/b><\/center>Tempo stabile con cielo da poco a parzialmente nuvoloso. Temperature in lieve calo, specie le minime a fondovalle con estese e forti gelate.<\/p>\n<p>&nbsp;<\/p>\n<hr \/>\n<p>&nbsp;<\/p>\n<p class=\"mceTemp\"><a class=\"dt-pswp-item\" href=\"https:\/\/www.radiopiu.net\/wordpress\/wp-content\/uploads\/2018\/09\/sport.jpg\" data-dt-img-description=\"\" data-large_image_width=\"800\" data-large_image_height=\"100\"><img loading=\"lazy\" decoding=\"async\" class=\"aligncenter wp-image-60761 size-full\" src=\"https:\/\/www.radiopiu.net\/wordpress\/wp-content\/uploads\/2018\/09\/sport.jpg\" alt=\"\" width=\"800\" height=\"100\" srcset=\"https:\/\/www.radiopiu.net\/wordpress\/wp-content\/uploads\/2018\/09\/sport.jpg 800w, https:\/\/www.radiopiu.net\/wordpress\/wp-content\/uploads\/2018\/09\/sport-300x38.jpg 300w, https:\/\/www.radiopiu.net\/wordpress\/wp-content\/uploads\/2018\/09\/sport-768x96.jpg 768w\" sizes=\"auto, (max-width: 800px) 100vw, 800px\" \/> <\/a><\/p>\n<p><span style=\"color: #0000ff;\"><strong>NUOTO<\/strong><\/span><\/p>\n<div class=\"page-title-head hgroup\">\n<blockquote>\n<h2 class=\"entry-title\">FASCIA A DI CATEGORIA: SPORTIVAMENTE BELLUNO BRILLA A TREVISO<\/h2>\n<\/blockquote>\n<\/div>\n<div class=\"page-title-breadcrumbs\">\n<div class=\"page-title-head hgroup\">\n<h1 class=\"entry-title\"><a class=\"dt-pswp-item\" style=\"font-size: 14px; font-weight: normal;\" href=\"https:\/\/www.radiopiu.net\/wordpress\/wp-content\/uploads\/2026\/01\/Il_gruppo_bellunese_a_Treviso.jpg\" data-dt-img-description=\"\" data-large_image_width=\"1117\" data-large_image_height=\"1300\"><img loading=\"lazy\" decoding=\"async\" class=\" wp-image-493080 alignleft\" src=\"https:\/\/www.radiopiu.net\/wordpress\/wp-content\/uploads\/2026\/01\/Il_gruppo_bellunese_a_Treviso-258x300.jpg\" alt=\"\" width=\"231\" height=\"269\" srcset=\"https:\/\/www.radiopiu.net\/wordpress\/wp-content\/uploads\/2026\/01\/Il_gruppo_bellunese_a_Treviso-258x300.jpg 258w, https:\/\/www.radiopiu.net\/wordpress\/wp-content\/uploads\/2026\/01\/Il_gruppo_bellunese_a_Treviso-880x1024.jpg 880w, https:\/\/www.radiopiu.net\/wordpress\/wp-content\/uploads\/2026\/01\/Il_gruppo_bellunese_a_Treviso-768x894.jpg 768w, https:\/\/www.radiopiu.net\/wordpress\/wp-content\/uploads\/2026\/01\/Il_gruppo_bellunese_a_Treviso.jpg 1117w\" sizes=\"auto, (max-width: 231px) 100vw, 231px\" \/><\/a><\/h1>\n<\/div>\n<\/div>\n<div class=\"flex flex-col text-sm pb-25\">\n<article class=\"text-token-text-primary w-full focus:outline-none [--shadow-height:45px] has-data-writing-block:pointer-events-none has-data-writing-block:-mt-(--shadow-height) has-data-writing-block:pt-(--shadow-height) [&amp;:has([data-writing-block])&gt;*]:pointer-events-auto scroll-mt-[calc(var(--header-height)+min(200px,max(70px,20svh)))]\" dir=\"auto\" tabindex=\"-1\" data-turn-id=\"53e4be06-d7b8-4c25-9d26-74b25a250cdf\" data-testid=\"conversation-turn-22\" data-scroll-anchor=\"true\" data-turn=\"assistant\">\n<div class=\"text-base my-auto mx-auto pb-10 [--thread-content-margin:--spacing(4)] @w-sm\/main:[--thread-content-margin:--spacing(6)] @w-lg\/main:[--thread-content-margin:--spacing(16)] px-(--thread-content-margin)\">\n<div class=\"[--thread-content-max-width:40rem] @w-lg\/main:[--thread-content-max-width:48rem] mx-auto max-w-(--thread-content-max-width) flex-1 group\/turn-messages focus-visible:outline-hidden relative flex w-full min-w-0 flex-col agent-turn\" tabindex=\"-1\">\n<div class=\"flex max-w-full flex-col grow\">\n<div class=\"min-h-8 text-message relative flex w-full flex-col items-end gap-2 text-start break-words whitespace-normal [.text-message+&amp;]:mt-1\" dir=\"auto\" data-message-author-role=\"assistant\" data-message-id=\"11715110-e786-45a3-92bb-4799f2e3bd96\" data-message-model-slug=\"gpt-5-2\">\n<div class=\"flex w-full flex-col gap-1 empty:hidden first:pt-[1px]\">\n<div class=\"markdown prose dark:prose-invert w-full wrap-break-word dark markdown-new-styling\">\n<p data-start=\"0\" data-end=\"284\">Buona la prima per la <strong data-start=\"22\" data-end=\"63\"><span class=\"hover:entity-accent entity-underline inline cursor-pointer align-baseline\"><span class=\"whitespace-normal\">Sportivamente Belluno<\/span><\/span><\/strong> nella gara inaugurale della fascia A di categoria, disputata alla piscina di Treviso. La squadra bellunese, giovane ma gi\u00e0 competitiva, ha mostrato segnali incoraggianti sia nei risultati sia nella crescita del gruppo.<\/p>\n<p data-start=\"286\" data-end=\"542\">Protagonista Alessandro Morra, che ha conquistato due nuovi pass per i Criteri nazionali giovanili nei 200 e 400 misti, confermando il suo ottimo stato di forma. Prestigioso risultato anche per Greta Galanti, qualificata ai Nazionali nei 50 stile libero.<\/p>\n<p data-start=\"544\" data-end=\"891\" data-is-last-node=\"\" data-is-only-node=\"\">Numerosi i primati personali ottenuti dal resto della squadra, con buone prove di Ivessa, Zanon, Longi e degli altri atleti schierati. Al di l\u00e0 dei tempi, lo staff sottolinea la compattezza e la motivazione del gruppo. Il calendario prosegue con la fascia B in gara l\u20198 febbraio a Roncade e il ritorno della fascia A il 15 febbraio a Montebelluna.<\/p>\n<\/div>\n<\/div>\n<\/div>\n<\/div>\n<div class=\"z-0 flex min-h-[46px] justify-start\"><\/div>\n<div class=\"mt-3 w-full empty:hidden\">\n<div class=\"text-center\"><\/div>\n<\/div>\n<\/div>\n<\/div>\n<\/article>\n<\/div>\n<p>&nbsp;<\/p>\n<p><span style=\"color: #0000ff;\"><strong>SCI<\/strong><\/span><\/p>\n<div class=\"flex flex-col text-sm pb-25\">\n<article class=\"text-token-text-primary w-full focus:outline-none [--shadow-height:45px] has-data-writing-block:pointer-events-none has-data-writing-block:-mt-(--shadow-height) has-data-writing-block:pt-(--shadow-height) [&amp;:has([data-writing-block])&gt;*]:pointer-events-auto scroll-mt-[calc(var(--header-height)+min(200px,max(70px,20svh)))]\" dir=\"auto\" tabindex=\"-1\" data-turn-id=\"9045a103-2151-4e8e-813e-45cd3c43d92e\" data-testid=\"conversation-turn-16\" data-scroll-anchor=\"true\" data-turn=\"assistant\">\n<div class=\"text-base my-auto mx-auto pb-10 [--thread-content-margin:--spacing(4)] @w-sm\/main:[--thread-content-margin:--spacing(6)] @w-lg\/main:[--thread-content-margin:--spacing(16)] px-(--thread-content-margin)\">\n<div class=\"[--thread-content-max-width:40rem] @w-lg\/main:[--thread-content-max-width:48rem] mx-auto max-w-(--thread-content-max-width) flex-1 group\/turn-messages focus-visible:outline-hidden relative flex w-full min-w-0 flex-col agent-turn\" tabindex=\"-1\">\n<div class=\"flex max-w-full flex-col grow\">\n<div class=\"min-h-8 text-message relative flex w-full flex-col items-end gap-2 text-start break-words whitespace-normal [.text-message+&amp;]:mt-1\" dir=\"auto\" data-message-author-role=\"assistant\" data-message-id=\"38cd2598-7e4a-4542-bd96-553a4fe33da9\" data-message-model-slug=\"gpt-5-2\">\n<div class=\"flex w-full flex-col gap-1 empty:hidden first:pt-[1px]\">\n<div class=\"markdown prose dark:prose-invert w-full wrap-break-word dark markdown-new-styling\">\n<blockquote>\n<p data-start=\"0\" data-end=\"81\" data-is-last-node=\"\" data-is-only-node=\"\"><strong data-start=\"0\" data-end=\"81\" data-is-last-node=\"\" data-is-only-node=\"\">SCI DI FONDO A PRA\u2019 DEL MORO: PISTA APERTA PER LA TERZA SETTIMANA CONSECUTIVA<\/strong><\/p>\n<\/blockquote>\n<\/div>\n<\/div>\n<\/div>\n<\/div>\n<\/div>\n<\/div>\n<\/article>\n<\/div>\n<p><strong>FELTRE<\/strong> Prosegue per la terza settimana consecutiva l\u2019apertura della pista di sci di fondo di Pra\u2019 del Moro, a <span class=\"hover:entity-accent entity-underline inline cursor-pointer align-baseline\"><span class=\"whitespace-normal\">Feltre<\/span><\/span>. Nonostante la pioggia del fine settimana.\u00a0 Nei giorni scorsi si \u00e8 svolta la gara sociale dell\u2019Enal Sport Villaga, con una sessantina di atleti di tutte le categorie e la partecipazione di altri sci club del territorio, in un clima di sport e convivialit\u00e0. Proseguono inoltre le attivit\u00e0 con le scuole, che coinvolgono oltre duecento studenti. <span style=\"font-family: Arial, serif;\">\u00abL\u2019obiettivo \u00e8 quello di mantenere l\u2019apertura finch\u00e9 che le condizioni lo permetteranno\u00bb spiega il presidente dell\u2019Enal Sport Villaga, Claudio Scopel. \u00abTutto dipender\u00e0 dall\u2019andamento delle temperature e dal meteo, ma le previsioni indicano una settimana relativamente stabile: \u00e8 quindi il momento giusto per approfittarne\u00bb. Il presidente vuole inoltre ringraziare pubblicamente i soci volontari dello sci club che garantiscono il servizio di noleggio: \u00abIl loro contributo \u00e8 fondamentale per permettere a tutti di vivere questa opportunit\u00e0 sportiva\u00bb. <\/span><\/p>\n\n\t\t\t<style type='text\/css'>\n\t\t\t\t#gallery-11 {\n\t\t\t\t\tmargin: auto;\n\t\t\t\t}\n\t\t\t\t#gallery-11 .gallery-item {\n\t\t\t\t\tfloat: left;\n\t\t\t\t\tmargin-top: 10px;\n\t\t\t\t\ttext-align: center;\n\t\t\t\t\twidth: 50%;\n\t\t\t\t}\n\t\t\t\t#gallery-11 img {\n\t\t\t\t\tborder: 2px solid #cfcfcf;\n\t\t\t\t}\n\t\t\t\t#gallery-11 .gallery-caption {\n\t\t\t\t\tmargin-left: 0;\n\t\t\t\t}\n\t\t\t\t\/* see gallery_shortcode() in wp-includes\/media.php *\/\n\t\t\t<\/style>\n\t\t<div id='gallery-11' class='dt-gallery-container gallery galleryid-492885 gallery-columns-2 gallery-size-medium'><dl class='gallery-item'>\n\t\t\t\t<dt class='gallery-icon landscape'>\n\t\t\t\t\t<a class=\"rollover rollover-zoom dt-pswp-item\" title=\"Enal Sport Villaga in attesa della fiaccola olimpica\" data-dt-img-description=\"\" data-large_image_width=\"2000\" data-large_image_height=\"1500\"href='https:\/\/www.radiopiu.net\/wordpress\/wp-content\/uploads\/2026\/01\/Enal-Sport-Villaga-in-attesa-della-fiaccola-olimpica.jpg'><img loading=\"lazy\" decoding=\"async\" width=\"300\" height=\"225\" src=\"https:\/\/www.radiopiu.net\/wordpress\/wp-content\/uploads\/2026\/01\/Enal-Sport-Villaga-in-attesa-della-fiaccola-olimpica-300x225.jpg\" class=\"attachment-medium size-medium\" alt=\"\" srcset=\"https:\/\/www.radiopiu.net\/wordpress\/wp-content\/uploads\/2026\/01\/Enal-Sport-Villaga-in-attesa-della-fiaccola-olimpica-300x225.jpg 300w, https:\/\/www.radiopiu.net\/wordpress\/wp-content\/uploads\/2026\/01\/Enal-Sport-Villaga-in-attesa-della-fiaccola-olimpica-1024x768.jpg 1024w, https:\/\/www.radiopiu.net\/wordpress\/wp-content\/uploads\/2026\/01\/Enal-Sport-Villaga-in-attesa-della-fiaccola-olimpica-768x576.jpg 768w, https:\/\/www.radiopiu.net\/wordpress\/wp-content\/uploads\/2026\/01\/Enal-Sport-Villaga-in-attesa-della-fiaccola-olimpica-1536x1152.jpg 1536w, https:\/\/www.radiopiu.net\/wordpress\/wp-content\/uploads\/2026\/01\/Enal-Sport-Villaga-in-attesa-della-fiaccola-olimpica.jpg 2000w\" sizes=\"auto, (max-width: 300px) 100vw, 300px\" \/><\/a>\n\t\t\t\t<\/dt><\/dl><dl class='gallery-item'>\n\t\t\t\t<dt class='gallery-icon landscape'>\n\t\t\t\t\t<a class=\"rollover rollover-zoom dt-pswp-item\" title=\"Un momento della gara sociale in Pra&#039; del Moro\" data-dt-img-description=\"\" data-large_image_width=\"2400\" data-large_image_height=\"1800\"href='https:\/\/www.radiopiu.net\/wordpress\/wp-content\/uploads\/2026\/01\/Un-momento-della-gara-sociale-in-Pra-del-Moro.jpg'><img loading=\"lazy\" decoding=\"async\" width=\"300\" height=\"225\" src=\"https:\/\/www.radiopiu.net\/wordpress\/wp-content\/uploads\/2026\/01\/Un-momento-della-gara-sociale-in-Pra-del-Moro-300x225.jpg\" class=\"attachment-medium size-medium\" alt=\"\" srcset=\"https:\/\/www.radiopiu.net\/wordpress\/wp-content\/uploads\/2026\/01\/Un-momento-della-gara-sociale-in-Pra-del-Moro-300x225.jpg 300w, https:\/\/www.radiopiu.net\/wordpress\/wp-content\/uploads\/2026\/01\/Un-momento-della-gara-sociale-in-Pra-del-Moro-1024x768.jpg 1024w, https:\/\/www.radiopiu.net\/wordpress\/wp-content\/uploads\/2026\/01\/Un-momento-della-gara-sociale-in-Pra-del-Moro-768x576.jpg 768w, https:\/\/www.radiopiu.net\/wordpress\/wp-content\/uploads\/2026\/01\/Un-momento-della-gara-sociale-in-Pra-del-Moro-1536x1152.jpg 1536w, https:\/\/www.radiopiu.net\/wordpress\/wp-content\/uploads\/2026\/01\/Un-momento-della-gara-sociale-in-Pra-del-Moro-2048x1536.jpg 2048w\" sizes=\"auto, (max-width: 300px) 100vw, 300px\" \/><\/a>\n\t\t\t\t<\/dt><\/dl><br style=\"clear: both\" \/>\n\t\t\t<\/div>\n\n<p>&nbsp;<\/p>\n<p>&nbsp;<\/p>\n<p>&nbsp;<\/p>\n<p>&nbsp;<\/p>\n<p>&nbsp;<\/p>\n<p>&nbsp;<\/p>\n","protected":false},"excerpt":{"rendered":"<p>\u00a0**** &nbsp; LA\u00a0 \u00a0 APP LA\u00a0 APP PER IOS-IPHONE di Nicola Vettorello https:\/\/apps.apple.com\/it\/app\/radio-pi%C3%B9-emittente-agordina\/id1515939845 LA\u00a0 APP RADIO\u00a0 PER ANDROID di Nicola Vettorello https:\/\/play.google.com\/store\/apps\/details?id=net.radiopiu.iniko\u00a0\u00a0\u00a0\u00a0\u00a0 &nbsp; &nbsp; &nbsp; OGGI SU RADIOPI\u00d9: MUSICA, informazione\u00a0 e dirette\u00a0 &#x1f399;&#xfe0f; OGGI ALLA RADIO: UNA GIORNATA PIENA DI VOCI, NOTIZIE E TERRITORIO! &#x1f3a7; Su Radio Pi\u00f9 oggi il microfono1 non riposa mai: informazione,&hellip;<\/p>\n","protected":false},"author":4,"featured_media":493161,"comment_status":"closed","ping_status":"closed","sticky":false,"template":"","format":"standard","meta":{"_monsterinsights_skip_tracking":false,"_monsterinsights_sitenote_active":false,"_monsterinsights_sitenote_note":"","_monsterinsights_sitenote_category":0,"footnotes":""},"categories":[51,86,49],"tags":[],"class_list":["post-492885","post","type-post","status-publish","format-standard","has-post-thumbnail","hentry","category-evidenza-top","category-gr","category-news-18","category-51","category-86","category-49","description-off"],"img_url":"https:\/\/www.radiopiu.net\/wordpress\/wp-content\/uploads\/2026\/01\/87a3fa46-6982-4b48-85c7-8cc0bcf3f8d6.jpg","_links":{"self":[{"href":"https:\/\/www.radiopiu.net\/wordpress\/wp-json\/wp\/v2\/posts\/492885","targetHints":{"allow":["GET"]}}],"collection":[{"href":"https:\/\/www.radiopiu.net\/wordpress\/wp-json\/wp\/v2\/posts"}],"about":[{"href":"https:\/\/www.radiopiu.net\/wordpress\/wp-json\/wp\/v2\/types\/post"}],"author":[{"embeddable":true,"href":"https:\/\/www.radiopiu.net\/wordpress\/wp-json\/wp\/v2\/users\/4"}],"replies":[{"embeddable":true,"href":"https:\/\/www.radiopiu.net\/wordpress\/wp-json\/wp\/v2\/comments?post=492885"}],"version-history":[{"count":37,"href":"https:\/\/www.radiopiu.net\/wordpress\/wp-json\/wp\/v2\/posts\/492885\/revisions"}],"predecessor-version":[{"id":493228,"href":"https:\/\/www.radiopiu.net\/wordpress\/wp-json\/wp\/v2\/posts\/492885\/revisions\/493228"}],"wp:featuredmedia":[{"embeddable":true,"href":"https:\/\/www.radiopiu.net\/wordpress\/wp-json\/wp\/v2\/media\/493161"}],"wp:attachment":[{"href":"https:\/\/www.radiopiu.net\/wordpress\/wp-json\/wp\/v2\/media?parent=492885"}],"wp:term":[{"taxonomy":"category","embeddable":true,"href":"https:\/\/www.radiopiu.net\/wordpress\/wp-json\/wp\/v2\/categories?post=492885"},{"taxonomy":"post_tag","embeddable":true,"href":"https:\/\/www.radiopiu.net\/wordpress\/wp-json\/wp\/v2\/tags?post=492885"}],"curies":[{"name":"wp","href":"https:\/\/api.w.org\/{rel}","templated":true}]}}