{"id":493001,"date":"2026-01-26T09:36:38","date_gmt":"2026-01-26T08:36:38","guid":{"rendered":"https:\/\/www.radiopiu.net\/wordpress\/?p=493001"},"modified":"2026-01-26T09:36:45","modified_gmt":"2026-01-26T08:36:45","slug":"allerta-neve-sulle-dolomiti-bellunesi-strade-a-rischio-ghiaccio-mezzi-operativi-h24","status":"publish","type":"post","link":"https:\/\/www.radiopiu.net\/wordpress\/allerta-neve-sulle-dolomiti-bellunesi-strade-a-rischio-ghiaccio-mezzi-operativi-h24\/","title":{"rendered":"ALLERTA NEVE SULLE DOLOMITI BELLUNESI: STRADE A RISCHIO GHIACCIO, MEZZI OPERATIVI H24"},"content":{"rendered":"<p>***<\/p>\n<p>&nbsp;<\/p>\n<p><a class=\"dt-pswp-item\" href=\"https:\/\/www.radiopiu.net\/wordpress\/wp-content\/uploads\/2026\/01\/Screenshot-2026-01-26-093532.png\" data-dt-img-description=\"\" data-large_image_width=\"1032\" data-large_image_height=\"444\"><img loading=\"lazy\" decoding=\"async\" class=\"size-medium wp-image-493002 alignleft\" src=\"https:\/\/www.radiopiu.net\/wordpress\/wp-content\/uploads\/2026\/01\/Screenshot-2026-01-26-093532-300x129.png\" alt=\"\" width=\"300\" height=\"129\" srcset=\"https:\/\/www.radiopiu.net\/wordpress\/wp-content\/uploads\/2026\/01\/Screenshot-2026-01-26-093532-300x129.png 300w, https:\/\/www.radiopiu.net\/wordpress\/wp-content\/uploads\/2026\/01\/Screenshot-2026-01-26-093532-1024x441.png 1024w, https:\/\/www.radiopiu.net\/wordpress\/wp-content\/uploads\/2026\/01\/Screenshot-2026-01-26-093532-768x330.png 768w, https:\/\/www.radiopiu.net\/wordpress\/wp-content\/uploads\/2026\/01\/Screenshot-2026-01-26-093532.png 1032w\" sizes=\"auto, (max-width: 300px) 100vw, 300px\" \/><\/a>Veneto Strade ha diramato un\u2019allerta neve, segnalando condizioni critiche sulla rete stradale di montagna a causa di gelate persistenti e formazione diffusa di ghiaccio. La situazione richiede la massima attenzione soprattutto nelle aree dolomitiche, dove le temperature rigide e le brinate possono rendere la circolazione particolarmente insidiosa.<\/p>\n<p>Le tratte classificate in Allerta 3, quindi a maggiore criticit\u00e0, comprendono l\u2019Alto Cadore e la Val d\u2019Ansiei, la zona di Cortina d\u2019Ampezzo con i passi dolomitici, il comprensorio del Passo San Pellegrino\u2013Falcade e le arterie di collegamento verso Agordo e la Val di Zoldo. In Allerta 2 rientra invece l\u2019area Longarone\u2013Belluno sud, dove il rischio \u00e8 pi\u00f9 contenuto ma comunque significativo nelle ore pi\u00f9 fredde.<\/p>\n<p>Dal punto di vista meteorologico, sono previste gelate persistenti sui rilievi e brinate fino in Val Belluna, soprattutto al mattino e in serata. In montagna le temperature oscilleranno tra -10 e -3 gradi nelle minime e tra -3 e +1 grado nelle massime. In Val Belluna e nella fascia pedemontana sono attese minime tra -2 e +1 grado e massime fino a 5\u20138 gradi, con vento debole o moderato.<\/p>\n<p>Veneto Strade raccomanda di evitare gli spostamenti non necessari nelle zone pi\u00f9 critiche, ricordando che sono obbligatori pneumatici invernali o catene a bordo. Fondamentale mantenere una guida prudente, prestando attenzione ai tratti ombreggiati e alle carreggiate ghiacciate.<\/p>\n<p>Per garantire la sicurezza e la continuit\u00e0 della viabilit\u00e0, i mezzi spalaneve e spargisale di Veneto Strade sono operativi 24 ore su 24 su oltre 900 chilometri di strade regionali, con monitoraggio costante dell\u2019evoluzione meteo e delle condizioni dell\u2019asfalto.<\/p>\n<div id=\"thread-bottom-container\" class=\"sticky bottom-0 group\/thread-bottom-container relative isolate z-10 w-full basis-auto has-data-has-thread-error:pt-2 has-data-has-thread-error:[box-shadow:var(--sharp-edge-bottom-shadow)] md:border-transparent md:pt-0 dark:border-white\/20 md:dark:border-transparent print:hidden content-fade single-line flex flex-col\">\n<div id=\"thread-bottom\">\n<div class=\"text-base mx-auto [--thread-content-margin:--spacing(4)] @w-sm\/main:[--thread-content-margin:--spacing(6)] @w-lg\/main:[--thread-content-margin:--spacing(16)] px-(--thread-content-margin)\">\n<div class=\"[--thread-content-max-width:40rem] @w-lg\/main:[--thread-content-max-width:48rem] mx-auto max-w-(--thread-content-max-width) flex-1 mb-4\">\n<div class=\"pointer-events-auto relative z-1 flex h-(--composer-container-height,100%) max-w-full flex-(--composer-container-flex,1) flex-col\">\n<form class=\"group\/composer w-full\" data-type=\"unified-composer\">\n<div class=\"\">\n<div class=\"bg-token-bg-primary corner-superellipse\/1.1 cursor-text overflow-clip bg-clip-padding p-2.5 contain-inline-size motion-safe:transition-colors motion-safe:duration-200 motion-safe:ease-in-out dark:bg-[#303030] grid grid-cols-[auto_1fr_auto] [grid-template-areas:'header_header_header'_'leading_primary_trailing'_'._footer_.'] group-data-expanded\/composer:[grid-template-areas:'header_header_header'_'primary_primary_primary'_'leading_footer_trailing'] shadow-short\" data-composer-surface=\"true\">\n<div class=\"flex items-center gap-2 [grid-area:trailing]\">\n<div class=\"ms-auto flex items-center gap-1.5\">\n<div>\n<div>\n<div class=\"relative\">\n<hr \/>\n<\/div>\n<\/div>\n<\/div>\n<\/div>\n<\/div>\n<\/div>\n<\/div>\n<\/form>\n<\/div>\n<\/div>\n<\/div>\n<\/div>\n<\/div>\n","protected":false},"excerpt":{"rendered":"<p>*** &nbsp; Veneto Strade ha diramato un\u2019allerta neve, segnalando condizioni critiche sulla rete stradale di montagna a causa di gelate persistenti e formazione diffusa di ghiaccio. La situazione richiede la massima attenzione soprattutto nelle aree dolomitiche, dove le temperature rigide e le brinate possono rendere la circolazione particolarmente insidiosa. Le tratte classificate in Allerta 3,&hellip;<\/p>\n","protected":false},"author":4,"featured_media":493002,"comment_status":"closed","ping_status":"closed","sticky":false,"template":"","format":"standard","meta":{"_monsterinsights_skip_tracking":false,"_monsterinsights_sitenote_active":false,"_monsterinsights_sitenote_note":"","_monsterinsights_sitenote_category":0,"footnotes":""},"categories":[49],"tags":[],"class_list":["post-493001","post","type-post","status-publish","format-standard","has-post-thumbnail","hentry","category-news-18","category-49","description-off"],"img_url":"https:\/\/www.radiopiu.net\/wordpress\/wp-content\/uploads\/2026\/01\/Screenshot-2026-01-26-093532.png","_links":{"self":[{"href":"https:\/\/www.radiopiu.net\/wordpress\/wp-json\/wp\/v2\/posts\/493001","targetHints":{"allow":["GET"]}}],"collection":[{"href":"https:\/\/www.radiopiu.net\/wordpress\/wp-json\/wp\/v2\/posts"}],"about":[{"href":"https:\/\/www.radiopiu.net\/wordpress\/wp-json\/wp\/v2\/types\/post"}],"author":[{"embeddable":true,"href":"https:\/\/www.radiopiu.net\/wordpress\/wp-json\/wp\/v2\/users\/4"}],"replies":[{"embeddable":true,"href":"https:\/\/www.radiopiu.net\/wordpress\/wp-json\/wp\/v2\/comments?post=493001"}],"version-history":[{"count":1,"href":"https:\/\/www.radiopiu.net\/wordpress\/wp-json\/wp\/v2\/posts\/493001\/revisions"}],"predecessor-version":[{"id":493003,"href":"https:\/\/www.radiopiu.net\/wordpress\/wp-json\/wp\/v2\/posts\/493001\/revisions\/493003"}],"wp:featuredmedia":[{"embeddable":true,"href":"https:\/\/www.radiopiu.net\/wordpress\/wp-json\/wp\/v2\/media\/493002"}],"wp:attachment":[{"href":"https:\/\/www.radiopiu.net\/wordpress\/wp-json\/wp\/v2\/media?parent=493001"}],"wp:term":[{"taxonomy":"category","embeddable":true,"href":"https:\/\/www.radiopiu.net\/wordpress\/wp-json\/wp\/v2\/categories?post=493001"},{"taxonomy":"post_tag","embeddable":true,"href":"https:\/\/www.radiopiu.net\/wordpress\/wp-json\/wp\/v2\/tags?post=493001"}],"curies":[{"name":"wp","href":"https:\/\/api.w.org\/{rel}","templated":true}]}}