{"id":493005,"date":"2026-01-26T09:49:12","date_gmt":"2026-01-26T08:49:12","guid":{"rendered":"https:\/\/www.radiopiu.net\/wordpress\/?p=493005"},"modified":"2026-01-26T09:49:37","modified_gmt":"2026-01-26T08:49:37","slug":"493005-2","status":"publish","type":"post","link":"https:\/\/www.radiopiu.net\/wordpress\/493005-2\/","title":{"rendered":"PENNE NERE, STORIA E VALORI: IL RICORDO NELLA GIORNATA DEL SACRIFICIO"},"content":{"rendered":"<p>**<br \/>\n<strong>VENEZIA<\/strong><\/p>\n<article class=\"text-token-text-primary w-full focus:outline-none [--shadow-height:45px] has-data-writing-block:pointer-events-none has-data-writing-block:-mt-(--shadow-height) has-data-writing-block:pt-(--shadow-height) [&amp;:has([data-writing-block])&gt;*]:pointer-events-auto scroll-mt-[calc(var(--header-height)+min(200px,max(70px,20svh)))]\" dir=\"auto\" tabindex=\"-1\" data-turn-id=\"722babea-d18a-4c16-9ff4-9246ef242158\" data-testid=\"conversation-turn-2\" data-scroll-anchor=\"false\" data-turn=\"assistant\">\n<div class=\"text-base my-auto mx-auto [--thread-content-margin:--spacing(4)] @w-sm\/main:[--thread-content-margin:--spacing(6)] @w-lg\/main:[--thread-content-margin:--spacing(16)] px-(--thread-content-margin)\">\n<div class=\"[--thread-content-max-width:40rem] @w-lg\/main:[--thread-content-max-width:48rem] mx-auto max-w-(--thread-content-max-width) flex-1 group\/turn-messages focus-visible:outline-hidden relative flex w-full min-w-0 flex-col agent-turn\" tabindex=\"-1\">\n<div class=\"flex max-w-full flex-col grow\">\n<div class=\"min-h-8 text-message relative flex w-full flex-col items-end gap-2 text-start break-words whitespace-normal [.text-message+&amp;]:mt-1\" dir=\"auto\" data-message-author-role=\"assistant\" data-message-id=\"e769eccb-b1be-40ab-ac76-73bd7d6c1c9d\" data-message-model-slug=\"gpt-5-2\">\n<div class=\"flex w-full flex-col gap-1 empty:hidden first:pt-[1px]\">\n<div class=\"streaming-animation markdown prose dark:prose-invert w-full wrap-break-word dark markdown-new-styling\">\n<p data-start=\"239\" data-end=\"417\"><a class=\"dt-pswp-item\" href=\"https:\/\/www.radiopiu.net\/wordpress\/wp-content\/uploads\/2026\/01\/bbbb72bf-7d4e-44c0-9eac-746b02f520df.png\" data-dt-img-description=\"\" data-large_image_width=\"1536\" data-large_image_height=\"1024\"><img loading=\"lazy\" decoding=\"async\" class=\"size-medium wp-image-493006 alignleft\" src=\"https:\/\/www.radiopiu.net\/wordpress\/wp-content\/uploads\/2026\/01\/bbbb72bf-7d4e-44c0-9eac-746b02f520df-300x200.png\" alt=\"\" width=\"300\" height=\"200\" srcset=\"https:\/\/www.radiopiu.net\/wordpress\/wp-content\/uploads\/2026\/01\/bbbb72bf-7d4e-44c0-9eac-746b02f520df-300x200.png 300w, https:\/\/www.radiopiu.net\/wordpress\/wp-content\/uploads\/2026\/01\/bbbb72bf-7d4e-44c0-9eac-746b02f520df-1024x683.png 1024w, https:\/\/www.radiopiu.net\/wordpress\/wp-content\/uploads\/2026\/01\/bbbb72bf-7d4e-44c0-9eac-746b02f520df-768x512.png 768w, https:\/\/www.radiopiu.net\/wordpress\/wp-content\/uploads\/2026\/01\/bbbb72bf-7d4e-44c0-9eac-746b02f520df.png 1536w\" sizes=\"auto, (max-width: 300px) 100vw, 300px\" \/><\/a>Il Veneto celebra oggi la Giornata nazionale della Memoria e del Sacrificio degli Alpini, rendendo omaggio a una delle realt\u00e0 pi\u00f9 profonde e riconoscibili della sua identit\u00e0. \u201cGli Alpini sono una delle espressioni pi\u00f9 autentiche della nostra terra e della nostra storia\u201d. Con queste parole il presidente della Regione del Veneto, <span class=\"hover:entity-accent entity-underline inline cursor-pointer align-baseline\"><span class=\"whitespace-normal\">Alberto Stefani<\/span><\/span>, ha voluto esprimere un sentito ringraziamento alle Penne Nere, sottolineandone il valore non solo militare, ma soprattutto umano e civile. Dalla fondazione del Corpo, gli Alpini hanno attraversato pagine decisive della storia italiana: guerre, missioni di pace, ma anche un impegno costante nel volontariato e nella Protezione civile. Una presenza concreta, capillare, che ancora oggi sostiene le comunit\u00e0 locali, spesso nei momenti pi\u00f9 difficili. La ricorrenza richiama alla memoria uno degli episodi pi\u00f9 drammatici della Seconda guerra mondiale: la battaglia di Nikolajewka, durante la tragica ritirata di Russia. Un momento che rappresenta il sacrificio e l\u2019eroismo dei soldati della montagna e di tutti coloro che non fecero ritorno. Ma questa giornata \u00e8 anche un\u2019occasione per riaffermare valori profondi: la pace, la solidariet\u00e0, l\u2019aiuto reciproco. \u201cRicordare i morti aiutando i vivi\u201d non \u00e8 solo un motto, ma una responsabilit\u00e0 che gli Alpini hanno sempre saputo onorare, intervenendo con lo stesso spirito di servizio nelle emergenze, nelle calamit\u00e0 naturali, ovunque ci fosse bisogno. Un orgoglio per il Veneto e per l\u2019intero Paese, che oggi si stringe idealmente attorno alle sue Penne Nere, custodi di memoria, impegno e umanit\u00e0.<\/p>\n<\/div>\n<p data-start=\"239\" data-end=\"417\">___<\/p>\n<\/div>\n<\/div>\n<\/div>\n<\/div>\n<\/div>\n<\/article>\n<article class=\"text-token-text-primary w-full focus:outline-none [--shadow-height:45px] has-data-writing-block:pointer-events-none has-data-writing-block:-mt-(--shadow-height) has-data-writing-block:pt-(--shadow-height) [&amp;:has([data-writing-block])&gt;*]:pointer-events-auto scroll-mt-(--header-height)\" dir=\"auto\" tabindex=\"-1\" data-turn-id=\"73657734-5617-4360-a107-66b72b628840\" data-testid=\"conversation-turn-3\" data-scroll-anchor=\"false\" data-turn=\"user\">\n<div class=\"text-base my-auto mx-auto pt-12 [--thread-content-margin:--spacing(4)] @w-sm\/main:[--thread-content-margin:--spacing(6)] @w-lg\/main:[--thread-content-margin:--spacing(16)] px-(--thread-content-margin)\">\n<div class=\"[--thread-content-max-width:40rem] @w-lg\/main:[--thread-content-max-width:48rem] mx-auto max-w-(--thread-content-max-width) flex-1 group\/turn-messages focus-visible:outline-hidden relative flex w-full min-w-0 flex-col\" tabindex=\"-1\">\n<div class=\"flex max-w-full flex-col grow\">\n<div class=\"min-h-8 text-message relative flex w-full flex-col items-end gap-2 text-start break-words whitespace-normal [.text-message+&amp;]:mt-1\" dir=\"auto\" data-message-author-role=\"user\" data-message-id=\"73657734-5617-4360-a107-66b72b628840\">\n<div class=\"flex w-full flex-col gap-1 empty:hidden items-end rtl:items-start\">\n<div class=\"user-message-bubble-color corner-superellipse\/1.1 relative rounded-[18px] px-4 py-1.5 data-[multiline]:py-3 max-w-[var(--user-chat-width,70%)]\">\n<div class=\"whitespace-pre-wrap\"><\/div>\n<\/div>\n<\/div>\n<\/div>\n<\/div>\n<\/div>\n<\/div>\n<\/article>\n","protected":false},"excerpt":{"rendered":"<p>** VENEZIA Il Veneto celebra oggi la Giornata nazionale della Memoria e del Sacrificio degli Alpini, rendendo omaggio a una delle realt\u00e0 pi\u00f9 profonde e riconoscibili della sua identit\u00e0. \u201cGli Alpini sono una delle espressioni pi\u00f9 autentiche della nostra terra e della nostra storia\u201d. Con queste parole il presidente della Regione del Veneto, Alberto Stefani,&hellip;<\/p>\n","protected":false},"author":4,"featured_media":493006,"comment_status":"closed","ping_status":"closed","sticky":false,"template":"","format":"standard","meta":{"_monsterinsights_skip_tracking":false,"_monsterinsights_sitenote_active":false,"_monsterinsights_sitenote_note":"","_monsterinsights_sitenote_category":0,"footnotes":""},"categories":[104,49],"tags":[],"class_list":["post-493005","post","type-post","status-publish","format-standard","has-post-thumbnail","hentry","category-evidenza_3","category-news-18","category-104","category-49","description-off"],"img_url":"https:\/\/www.radiopiu.net\/wordpress\/wp-content\/uploads\/2026\/01\/bbbb72bf-7d4e-44c0-9eac-746b02f520df.png","_links":{"self":[{"href":"https:\/\/www.radiopiu.net\/wordpress\/wp-json\/wp\/v2\/posts\/493005","targetHints":{"allow":["GET"]}}],"collection":[{"href":"https:\/\/www.radiopiu.net\/wordpress\/wp-json\/wp\/v2\/posts"}],"about":[{"href":"https:\/\/www.radiopiu.net\/wordpress\/wp-json\/wp\/v2\/types\/post"}],"author":[{"embeddable":true,"href":"https:\/\/www.radiopiu.net\/wordpress\/wp-json\/wp\/v2\/users\/4"}],"replies":[{"embeddable":true,"href":"https:\/\/www.radiopiu.net\/wordpress\/wp-json\/wp\/v2\/comments?post=493005"}],"version-history":[{"count":2,"href":"https:\/\/www.radiopiu.net\/wordpress\/wp-json\/wp\/v2\/posts\/493005\/revisions"}],"predecessor-version":[{"id":493008,"href":"https:\/\/www.radiopiu.net\/wordpress\/wp-json\/wp\/v2\/posts\/493005\/revisions\/493008"}],"wp:featuredmedia":[{"embeddable":true,"href":"https:\/\/www.radiopiu.net\/wordpress\/wp-json\/wp\/v2\/media\/493006"}],"wp:attachment":[{"href":"https:\/\/www.radiopiu.net\/wordpress\/wp-json\/wp\/v2\/media?parent=493005"}],"wp:term":[{"taxonomy":"category","embeddable":true,"href":"https:\/\/www.radiopiu.net\/wordpress\/wp-json\/wp\/v2\/categories?post=493005"},{"taxonomy":"post_tag","embeddable":true,"href":"https:\/\/www.radiopiu.net\/wordpress\/wp-json\/wp\/v2\/tags?post=493005"}],"curies":[{"name":"wp","href":"https:\/\/api.w.org\/{rel}","templated":true}]}}