{"id":493016,"date":"2026-01-26T10:15:52","date_gmt":"2026-01-26T09:15:52","guid":{"rendered":"https:\/\/www.radiopiu.net\/wordpress\/?p=493016"},"modified":"2026-01-26T10:17:59","modified_gmt":"2026-01-26T09:17:59","slug":"roberto-murer-una-vita-tra-i-vip","status":"publish","type":"post","link":"https:\/\/www.radiopiu.net\/wordpress\/roberto-murer-una-vita-tra-i-vip\/","title":{"rendered":"ROBERTO MURER, UNA VITA\u2026 TRA I VIP"},"content":{"rendered":"<p>***<\/p>\n<p>&nbsp;<\/p>\n<p data-start=\"65\" data-end=\"236\">Roberto Murer. Un mito vivente. Se c\u2019\u00e8 un VIP in giro\u2026 lui c\u2019\u00e8 gi\u00e0. Selfie? Fatto. Chilometri? Macinati. Album dei ricordi? Ormai serve un hard disk. E oggi la notizia \u00e8 ufficiale: il nostro agordino ce l\u2019ha fatta \u2014 comparsa in <span class=\"hover:entity-accent entity-underline inline cursor-pointer align-baseline\"><span class=\"whitespace-normal\">Una nuova vita<\/span><\/span>. Bravo Roberto! Ora sotto con gli atleti olimpici\u2026 e mi raccomando: le foto prima in radio<\/p>\n\n\t\t\t<style type='text\/css'>\n\t\t\t\t#gallery-1 {\n\t\t\t\t\tmargin: auto;\n\t\t\t\t}\n\t\t\t\t#gallery-1 .gallery-item {\n\t\t\t\t\tfloat: left;\n\t\t\t\t\tmargin-top: 10px;\n\t\t\t\t\ttext-align: center;\n\t\t\t\t\twidth: 25%;\n\t\t\t\t}\n\t\t\t\t#gallery-1 img {\n\t\t\t\t\tborder: 2px solid #cfcfcf;\n\t\t\t\t}\n\t\t\t\t#gallery-1 .gallery-caption {\n\t\t\t\t\tmargin-left: 0;\n\t\t\t\t}\n\t\t\t\t\/* see gallery_shortcode() in wp-includes\/media.php *\/\n\t\t\t<\/style>\n\t\t<div id='gallery-1' class='dt-gallery-container gallery galleryid-493016 gallery-columns-4 gallery-size-medium'><dl class='gallery-item'>\n\t\t\t\t<dt class='gallery-icon portrait'>\n\t\t\t\t\t<a class=\"rollover rollover-zoom dt-pswp-item\" title=\"e5bfc594-0285-47c9-9fcd-c2bb605ff566\" data-dt-img-description=\"\" data-large_image_width=\"900\" data-large_image_height=\"1600\"href='https:\/\/www.radiopiu.net\/wordpress\/wp-content\/uploads\/2026\/01\/e5bfc594-0285-47c9-9fcd-c2bb605ff566.jpg'><img loading=\"lazy\" decoding=\"async\" width=\"169\" height=\"300\" src=\"https:\/\/www.radiopiu.net\/wordpress\/wp-content\/uploads\/2026\/01\/e5bfc594-0285-47c9-9fcd-c2bb605ff566-169x300.jpg\" class=\"attachment-medium size-medium\" alt=\"\" srcset=\"https:\/\/www.radiopiu.net\/wordpress\/wp-content\/uploads\/2026\/01\/e5bfc594-0285-47c9-9fcd-c2bb605ff566-169x300.jpg 169w, https:\/\/www.radiopiu.net\/wordpress\/wp-content\/uploads\/2026\/01\/e5bfc594-0285-47c9-9fcd-c2bb605ff566-576x1024.jpg 576w, https:\/\/www.radiopiu.net\/wordpress\/wp-content\/uploads\/2026\/01\/e5bfc594-0285-47c9-9fcd-c2bb605ff566-768x1365.jpg 768w, https:\/\/www.radiopiu.net\/wordpress\/wp-content\/uploads\/2026\/01\/e5bfc594-0285-47c9-9fcd-c2bb605ff566-864x1536.jpg 864w, https:\/\/www.radiopiu.net\/wordpress\/wp-content\/uploads\/2026\/01\/e5bfc594-0285-47c9-9fcd-c2bb605ff566.jpg 900w\" sizes=\"auto, (max-width: 169px) 100vw, 169px\" \/><\/a>\n\t\t\t\t<\/dt><\/dl><dl class='gallery-item'>\n\t\t\t\t<dt class='gallery-icon portrait'>\n\t\t\t\t\t<a class=\"rollover rollover-zoom dt-pswp-item\" title=\"008abb00-507d-410b-aa2f-22f971f10da3\" data-dt-img-description=\"\" data-large_image_width=\"900\" data-large_image_height=\"1600\"href='https:\/\/www.radiopiu.net\/wordpress\/wp-content\/uploads\/2026\/01\/008abb00-507d-410b-aa2f-22f971f10da3.jpg'><img loading=\"lazy\" decoding=\"async\" width=\"169\" height=\"300\" src=\"https:\/\/www.radiopiu.net\/wordpress\/wp-content\/uploads\/2026\/01\/008abb00-507d-410b-aa2f-22f971f10da3-169x300.jpg\" class=\"attachment-medium size-medium\" alt=\"\" srcset=\"https:\/\/www.radiopiu.net\/wordpress\/wp-content\/uploads\/2026\/01\/008abb00-507d-410b-aa2f-22f971f10da3-169x300.jpg 169w, https:\/\/www.radiopiu.net\/wordpress\/wp-content\/uploads\/2026\/01\/008abb00-507d-410b-aa2f-22f971f10da3-576x1024.jpg 576w, https:\/\/www.radiopiu.net\/wordpress\/wp-content\/uploads\/2026\/01\/008abb00-507d-410b-aa2f-22f971f10da3-768x1365.jpg 768w, https:\/\/www.radiopiu.net\/wordpress\/wp-content\/uploads\/2026\/01\/008abb00-507d-410b-aa2f-22f971f10da3-864x1536.jpg 864w, https:\/\/www.radiopiu.net\/wordpress\/wp-content\/uploads\/2026\/01\/008abb00-507d-410b-aa2f-22f971f10da3.jpg 900w\" sizes=\"auto, (max-width: 169px) 100vw, 169px\" \/><\/a>\n\t\t\t\t<\/dt><\/dl><dl class='gallery-item'>\n\t\t\t\t<dt class='gallery-icon portrait'>\n\t\t\t\t\t<a class=\"rollover rollover-zoom dt-pswp-item\" title=\"46233fad-b9ef-430c-8506-972c5d2968e6\" data-dt-img-description=\"\" data-large_image_width=\"900\" data-large_image_height=\"1600\"href='https:\/\/www.radiopiu.net\/wordpress\/wp-content\/uploads\/2026\/01\/46233fad-b9ef-430c-8506-972c5d2968e6.jpg'><img loading=\"lazy\" decoding=\"async\" width=\"169\" height=\"300\" src=\"https:\/\/www.radiopiu.net\/wordpress\/wp-content\/uploads\/2026\/01\/46233fad-b9ef-430c-8506-972c5d2968e6-169x300.jpg\" class=\"attachment-medium size-medium\" alt=\"\" srcset=\"https:\/\/www.radiopiu.net\/wordpress\/wp-content\/uploads\/2026\/01\/46233fad-b9ef-430c-8506-972c5d2968e6-169x300.jpg 169w, https:\/\/www.radiopiu.net\/wordpress\/wp-content\/uploads\/2026\/01\/46233fad-b9ef-430c-8506-972c5d2968e6-576x1024.jpg 576w, https:\/\/www.radiopiu.net\/wordpress\/wp-content\/uploads\/2026\/01\/46233fad-b9ef-430c-8506-972c5d2968e6-768x1365.jpg 768w, https:\/\/www.radiopiu.net\/wordpress\/wp-content\/uploads\/2026\/01\/46233fad-b9ef-430c-8506-972c5d2968e6-864x1536.jpg 864w, https:\/\/www.radiopiu.net\/wordpress\/wp-content\/uploads\/2026\/01\/46233fad-b9ef-430c-8506-972c5d2968e6.jpg 900w\" sizes=\"auto, (max-width: 169px) 100vw, 169px\" \/><\/a>\n\t\t\t\t<\/dt><\/dl><dl class='gallery-item'>\n\t\t\t\t<dt class='gallery-icon portrait'>\n\t\t\t\t\t<a class=\"rollover rollover-zoom dt-pswp-item\" title=\"3a6c8f19-758f-494e-87a9-8c2635febbd9\" data-dt-img-description=\"\" data-large_image_width=\"743\" data-large_image_height=\"1600\"href='https:\/\/www.radiopiu.net\/wordpress\/wp-content\/uploads\/2026\/01\/3a6c8f19-758f-494e-87a9-8c2635febbd9.jpg'><img loading=\"lazy\" decoding=\"async\" width=\"139\" height=\"300\" src=\"https:\/\/www.radiopiu.net\/wordpress\/wp-content\/uploads\/2026\/01\/3a6c8f19-758f-494e-87a9-8c2635febbd9-139x300.jpg\" class=\"attachment-medium size-medium\" alt=\"\" srcset=\"https:\/\/www.radiopiu.net\/wordpress\/wp-content\/uploads\/2026\/01\/3a6c8f19-758f-494e-87a9-8c2635febbd9-139x300.jpg 139w, https:\/\/www.radiopiu.net\/wordpress\/wp-content\/uploads\/2026\/01\/3a6c8f19-758f-494e-87a9-8c2635febbd9-476x1024.jpg 476w, https:\/\/www.radiopiu.net\/wordpress\/wp-content\/uploads\/2026\/01\/3a6c8f19-758f-494e-87a9-8c2635febbd9-713x1536.jpg 713w, https:\/\/www.radiopiu.net\/wordpress\/wp-content\/uploads\/2026\/01\/3a6c8f19-758f-494e-87a9-8c2635febbd9.jpg 743w\" sizes=\"auto, (max-width: 139px) 100vw, 139px\" \/><\/a>\n\t\t\t\t<\/dt><\/dl><br style=\"clear: both\" \/>\n\t\t\t<\/div>\n\n<p data-start=\"65\" data-end=\"236\"><strong data-start=\"66\" data-end=\"107\"><span class=\"hover:entity-accent entity-underline inline cursor-pointer align-baseline\"><span class=\"whitespace-normal\">Una nuova vita<\/span><\/span><\/strong> \u00e8 un docu-reality di La7 che racconta storie vere di persone e famiglie che decidono di cambiare tutto: lavoro, citt\u00e0, abitudini. Lasciano la vita frenetica per ricominciare in luoghi isolati, spesso a contatto con la natura. Niente competizioni, solo scelte radicali, difficolt\u00e0 quotidiane e il desiderio di un\u2019esistenza pi\u00f9 autentica. Un racconto intimo sul coraggio di ricominciare da zero.<\/p>\n<p><a class=\"dt-pswp-item\" href=\"https:\/\/www.radiopiu.net\/wordpress\/wp-content\/uploads\/2026\/01\/Cover_Horizontal-2112x1188-1-una-nuova-vita.jpg\" data-dt-img-description=\"\" data-large_image_width=\"2112\" data-large_image_height=\"1188\"><img loading=\"lazy\" decoding=\"async\" class=\"size-medium wp-image-493017 aligncenter\" src=\"https:\/\/www.radiopiu.net\/wordpress\/wp-content\/uploads\/2026\/01\/Cover_Horizontal-2112x1188-1-una-nuova-vita-300x169.jpg\" alt=\"\" width=\"300\" height=\"169\" srcset=\"https:\/\/www.radiopiu.net\/wordpress\/wp-content\/uploads\/2026\/01\/Cover_Horizontal-2112x1188-1-una-nuova-vita-300x169.jpg 300w, https:\/\/www.radiopiu.net\/wordpress\/wp-content\/uploads\/2026\/01\/Cover_Horizontal-2112x1188-1-una-nuova-vita-1024x576.jpg 1024w, https:\/\/www.radiopiu.net\/wordpress\/wp-content\/uploads\/2026\/01\/Cover_Horizontal-2112x1188-1-una-nuova-vita-768x432.jpg 768w, https:\/\/www.radiopiu.net\/wordpress\/wp-content\/uploads\/2026\/01\/Cover_Horizontal-2112x1188-1-una-nuova-vita-1536x864.jpg 1536w, https:\/\/www.radiopiu.net\/wordpress\/wp-content\/uploads\/2026\/01\/Cover_Horizontal-2112x1188-1-una-nuova-vita-2048x1152.jpg 2048w\" sizes=\"auto, (max-width: 300px) 100vw, 300px\" \/><\/a><\/p>\n","protected":false},"excerpt":{"rendered":"<p>*** &nbsp; Roberto Murer. Un mito vivente. Se c\u2019\u00e8 un VIP in giro\u2026 lui c\u2019\u00e8 gi\u00e0. Selfie? Fatto. Chilometri? Macinati. Album dei ricordi? Ormai serve un hard disk. E oggi la notizia \u00e8 ufficiale: il nostro agordino ce l\u2019ha fatta \u2014 comparsa in Una nuova vita. Bravo Roberto! Ora sotto con gli atleti olimpici\u2026 e&hellip;<\/p>\n","protected":false},"author":4,"featured_media":493022,"comment_status":"closed","ping_status":"closed","sticky":false,"template":"","format":"standard","meta":{"_monsterinsights_skip_tracking":false,"_monsterinsights_sitenote_active":false,"_monsterinsights_sitenote_note":"","_monsterinsights_sitenote_category":0,"footnotes":""},"categories":[49],"tags":[],"class_list":["post-493016","post","type-post","status-publish","format-standard","has-post-thumbnail","hentry","category-news-18","category-49","description-off"],"img_url":"https:\/\/www.radiopiu.net\/wordpress\/wp-content\/uploads\/2026\/01\/Screenshot-2026-01-26-101538.png","_links":{"self":[{"href":"https:\/\/www.radiopiu.net\/wordpress\/wp-json\/wp\/v2\/posts\/493016","targetHints":{"allow":["GET"]}}],"collection":[{"href":"https:\/\/www.radiopiu.net\/wordpress\/wp-json\/wp\/v2\/posts"}],"about":[{"href":"https:\/\/www.radiopiu.net\/wordpress\/wp-json\/wp\/v2\/types\/post"}],"author":[{"embeddable":true,"href":"https:\/\/www.radiopiu.net\/wordpress\/wp-json\/wp\/v2\/users\/4"}],"replies":[{"embeddable":true,"href":"https:\/\/www.radiopiu.net\/wordpress\/wp-json\/wp\/v2\/comments?post=493016"}],"version-history":[{"count":2,"href":"https:\/\/www.radiopiu.net\/wordpress\/wp-json\/wp\/v2\/posts\/493016\/revisions"}],"predecessor-version":[{"id":493024,"href":"https:\/\/www.radiopiu.net\/wordpress\/wp-json\/wp\/v2\/posts\/493016\/revisions\/493024"}],"wp:featuredmedia":[{"embeddable":true,"href":"https:\/\/www.radiopiu.net\/wordpress\/wp-json\/wp\/v2\/media\/493022"}],"wp:attachment":[{"href":"https:\/\/www.radiopiu.net\/wordpress\/wp-json\/wp\/v2\/media?parent=493016"}],"wp:term":[{"taxonomy":"category","embeddable":true,"href":"https:\/\/www.radiopiu.net\/wordpress\/wp-json\/wp\/v2\/categories?post=493016"},{"taxonomy":"post_tag","embeddable":true,"href":"https:\/\/www.radiopiu.net\/wordpress\/wp-json\/wp\/v2\/tags?post=493016"}],"curies":[{"name":"wp","href":"https:\/\/api.w.org\/{rel}","templated":true}]}}