{"id":493065,"date":"2026-01-27T05:43:29","date_gmt":"2026-01-27T04:43:29","guid":{"rendered":"https:\/\/www.radiopiu.net\/wordpress\/?p=493065"},"modified":"2026-01-27T05:55:05","modified_gmt":"2026-01-27T04:55:05","slug":"11-giorni-alle-olimpiadi-aprono-le-varianti-della-ss-51-alemagna-in-veneto-alla-presenza-del-ministro-salvini","status":"publish","type":"post","link":"https:\/\/www.radiopiu.net\/wordpress\/11-giorni-alle-olimpiadi-aprono-le-varianti-della-ss-51-alemagna-in-veneto-alla-presenza-del-ministro-salvini\/","title":{"rendered":"-11 GIORNI ALLE OLIMPIADI: APRONO LE VARIANTI DELLA SS 51 ALEMAGNA IN VENETO, ALLA PRESENZA DEL MINISTRO SALVINI"},"content":{"rendered":"<p>***<\/p>\n<p><a class=\"dt-pswp-item\" href=\"https:\/\/www.radiopiu.net\/wordpress\/wp-content\/uploads\/2026\/01\/download-22.jpg\" data-dt-img-description=\"\" data-large_image_width=\"315\" data-large_image_height=\"160\"><img loading=\"lazy\" decoding=\"async\" class=\"size-medium wp-image-493066 alignleft\" src=\"https:\/\/www.radiopiu.net\/wordpress\/wp-content\/uploads\/2026\/01\/download-22-300x152.jpg\" alt=\"\" width=\"300\" height=\"152\" srcset=\"https:\/\/www.radiopiu.net\/wordpress\/wp-content\/uploads\/2026\/01\/download-22-300x152.jpg 300w, https:\/\/www.radiopiu.net\/wordpress\/wp-content\/uploads\/2026\/01\/download-22.jpg 315w\" sizes=\"auto, (max-width: 300px) 100vw, 300px\" \/><\/a>A undici giorni dall\u2019avvio dei Giochi Olimpici e Paralimpici di Milano Cortina 2026, il Veneto compie un passo decisivo sul fronte delle infrastrutture strategiche. Oggi, alla presenza del Ministro delle Infrastrutture e dei Trasporti Matteo Salvini, aprono ufficialmente al traffico le varianti di Tai di Cadore e Valle di Cadore lungo la SS 51 \u201cdi Alemagna\u201d, uno degli assi viari fondamentali di accesso a Cortina d\u2019Ampezzo e al sistema dolomitico.<\/p>\n<p>Un intervento atteso da anni, che rafforza la sicurezza stradale, migliora la fluidit\u00e0 dei collegamenti e tutela i centri abitati attraversati, rappresentando una delle eredit\u00e0 infrastrutturali pi\u00f9 concrete dei Giochi.<\/p>\n<p>La Variante di Tai di Cadore consente di bypassare l\u2019abitato grazie a un nuovo tracciato di circa 1,2 chilometri, di cui oltre 800 metri in galleria naturale. L\u2019opera alleggerisce in modo significativo il traffico nel centro urbano, in particolare quello pesante, restituendo al paese maggiore sicurezza e qualit\u00e0 della vita. Il nuovo assetto viabilistico riorganizza i collegamenti attraverso rotatorie e svincoli che migliorano l\u2019innesto tra la SS 51, la SS 51 bis e la viabilit\u00e0 locale. La galleria, realizzata in un contesto geologico complesso, \u00e8 dotata di impianti moderni di illuminazione, ventilazione e sicurezza, oltre a un\u2019infrastruttura digitale che guarda a una mobilit\u00e0 pi\u00f9 efficiente e connessa.<\/p>\n<p>La Variante di Valle di Cadore interviene invece su uno dei punti storicamente pi\u00f9 critici della SS 51, dove oggi il traffico \u00e8 rallentato da restringimenti, senso unico alternato e regolazione semaforica nel cuore del paese. Il nuovo tracciato, lungo circa 800 metri, di cui 613 in galleria, elimina questo collo di bottiglia, separando nettamente il traffico di attraversamento dalla vita quotidiana dell\u2019abitato. Ne deriva un miglioramento strutturale della sicurezza stradale, una maggiore continuit\u00e0 dei flussi verso Cortina e Belluno e una riduzione sensibile dell\u2019impatto del traffico sulla popolazione residente, anche grazie a nuove intersezioni e a una rotatoria che rendono la viabilit\u00e0 pi\u00f9 ordinata e leggibile.<\/p>\n<p>Entrambe le opere sono dotate di impianti tecnologici avanzati, collegate alla rete Smart Road e accompagnate da un sistema di monitoraggio ambientale su aria, acqua, flora e fauna, a conferma di un approccio infrastrutturale attento all\u2019equilibrio tra sviluppo, sostenibilit\u00e0 e tutela del territorio.<\/p>\n<p>&nbsp;<\/p>\n<hr \/>\n<p>&nbsp;<\/p>\n","protected":false},"excerpt":{"rendered":"<p>*** A undici giorni dall\u2019avvio dei Giochi Olimpici e Paralimpici di Milano Cortina 2026, il Veneto compie un passo decisivo sul fronte delle infrastrutture strategiche. Oggi, alla presenza del Ministro delle Infrastrutture e dei Trasporti Matteo Salvini, aprono ufficialmente al traffico le varianti di Tai di Cadore e Valle di Cadore lungo la SS 51&hellip;<\/p>\n","protected":false},"author":4,"featured_media":493066,"comment_status":"closed","ping_status":"closed","sticky":false,"template":"","format":"standard","meta":{"_monsterinsights_skip_tracking":false,"_monsterinsights_sitenote_active":false,"_monsterinsights_sitenote_note":"","_monsterinsights_sitenote_category":0,"footnotes":""},"categories":[51,49],"tags":[],"class_list":["post-493065","post","type-post","status-publish","format-standard","has-post-thumbnail","hentry","category-evidenza-top","category-news-18","category-51","category-49","description-off"],"img_url":"https:\/\/www.radiopiu.net\/wordpress\/wp-content\/uploads\/2026\/01\/download-22.jpg","_links":{"self":[{"href":"https:\/\/www.radiopiu.net\/wordpress\/wp-json\/wp\/v2\/posts\/493065","targetHints":{"allow":["GET"]}}],"collection":[{"href":"https:\/\/www.radiopiu.net\/wordpress\/wp-json\/wp\/v2\/posts"}],"about":[{"href":"https:\/\/www.radiopiu.net\/wordpress\/wp-json\/wp\/v2\/types\/post"}],"author":[{"embeddable":true,"href":"https:\/\/www.radiopiu.net\/wordpress\/wp-json\/wp\/v2\/users\/4"}],"replies":[{"embeddable":true,"href":"https:\/\/www.radiopiu.net\/wordpress\/wp-json\/wp\/v2\/comments?post=493065"}],"version-history":[{"count":1,"href":"https:\/\/www.radiopiu.net\/wordpress\/wp-json\/wp\/v2\/posts\/493065\/revisions"}],"predecessor-version":[{"id":493067,"href":"https:\/\/www.radiopiu.net\/wordpress\/wp-json\/wp\/v2\/posts\/493065\/revisions\/493067"}],"wp:featuredmedia":[{"embeddable":true,"href":"https:\/\/www.radiopiu.net\/wordpress\/wp-json\/wp\/v2\/media\/493066"}],"wp:attachment":[{"href":"https:\/\/www.radiopiu.net\/wordpress\/wp-json\/wp\/v2\/media?parent=493065"}],"wp:term":[{"taxonomy":"category","embeddable":true,"href":"https:\/\/www.radiopiu.net\/wordpress\/wp-json\/wp\/v2\/categories?post=493065"},{"taxonomy":"post_tag","embeddable":true,"href":"https:\/\/www.radiopiu.net\/wordpress\/wp-json\/wp\/v2\/tags?post=493065"}],"curies":[{"name":"wp","href":"https:\/\/api.w.org\/{rel}","templated":true}]}}