{"id":493076,"date":"2026-01-27T05:39:10","date_gmt":"2026-01-27T04:39:10","guid":{"rendered":"https:\/\/www.radiopiu.net\/wordpress\/?p=493076"},"modified":"2026-01-27T05:56:04","modified_gmt":"2026-01-27T04:56:04","slug":"chiusura-totale-al-traffico-a-tambre","status":"publish","type":"post","link":"https:\/\/www.radiopiu.net\/wordpress\/chiusura-totale-al-traffico-a-tambre\/","title":{"rendered":"CHIUSURA TOTALE AL TRAFFICO A TAMBRE"},"content":{"rendered":"<p>***<\/p>\n<blockquote>\n<p data-start=\"0\" data-end=\"101\"><strong data-start=\"0\" data-end=\"101\"><a class=\"dt-pswp-item\" href=\"https:\/\/www.radiopiu.net\/wordpress\/wp-content\/uploads\/2026\/01\/download-24.jpg\" data-dt-img-description=\"\" data-large_image_width=\"260\" data-large_image_height=\"194\"><img loading=\"lazy\" decoding=\"async\" class=\"wp-image-493074 alignleft\" src=\"https:\/\/www.radiopiu.net\/wordpress\/wp-content\/uploads\/2026\/01\/download-24.jpg\" alt=\"\" width=\"186\" height=\"139\" \/><\/a><\/strong><\/p>\n<\/blockquote>\n<p data-start=\"103\" data-end=\"488\">Scatter\u00e0 dalle ore 7.00 di marted\u00ec 28 gennaio 2026 e rester\u00e0 in vigore fino alle ore 18.00 del 10 maggio 2026 l\u2019interdizione totale al transito su un tratto della viabilit\u00e0 comunale di <span class=\"hover:entity-accent entity-underline inline cursor-pointer align-baseline\"><span class=\"whitespace-normal\">Tambre<\/span><\/span>, per consentire interventi di consolidamento del piano stradale. Lo prevede l\u2019Ordinanza n. 042\/2026, emanata dal Comune e resa operativa da Veneto Strade. Il provvedimento sar\u00e0 valido tutti i giorni, inclusi sabati, domeniche e festivi infrasettimanali, e riguarda l\u2019intero arco orario compreso tra le 7.00 e le 18.00. La chiusura si rende necessaria per garantire lo svolgimento in sicurezza dei lavori e la tutela di utenti della strada e operatori.<\/p>\n<p data-start=\"103\" data-end=\"488\">\n<p data-start=\"103\" data-end=\"488\">\n<p data-start=\"103\" data-end=\"488\">\n<hr \/>\n<p>&nbsp;<\/p>\n","protected":false},"excerpt":{"rendered":"<p>*** Scatter\u00e0 dalle ore 7.00 di marted\u00ec 28 gennaio 2026 e rester\u00e0 in vigore fino alle ore 18.00 del 10 maggio 2026 l\u2019interdizione totale al transito su un tratto della viabilit\u00e0 comunale di Tambre, per consentire interventi di consolidamento del piano stradale. Lo prevede l\u2019Ordinanza n. 042\/2026, emanata dal Comune e resa operativa da Veneto&hellip;<\/p>\n","protected":false},"author":4,"featured_media":493074,"comment_status":"closed","ping_status":"closed","sticky":false,"template":"","format":"standard","meta":{"_monsterinsights_skip_tracking":false,"_monsterinsights_sitenote_active":false,"_monsterinsights_sitenote_note":"","_monsterinsights_sitenote_category":0,"footnotes":""},"categories":[51,49],"tags":[],"class_list":["post-493076","post","type-post","status-publish","format-standard","has-post-thumbnail","hentry","category-evidenza-top","category-news-18","category-51","category-49","description-off"],"img_url":"https:\/\/www.radiopiu.net\/wordpress\/wp-content\/uploads\/2026\/01\/download-24.jpg","_links":{"self":[{"href":"https:\/\/www.radiopiu.net\/wordpress\/wp-json\/wp\/v2\/posts\/493076","targetHints":{"allow":["GET"]}}],"collection":[{"href":"https:\/\/www.radiopiu.net\/wordpress\/wp-json\/wp\/v2\/posts"}],"about":[{"href":"https:\/\/www.radiopiu.net\/wordpress\/wp-json\/wp\/v2\/types\/post"}],"author":[{"embeddable":true,"href":"https:\/\/www.radiopiu.net\/wordpress\/wp-json\/wp\/v2\/users\/4"}],"replies":[{"embeddable":true,"href":"https:\/\/www.radiopiu.net\/wordpress\/wp-json\/wp\/v2\/comments?post=493076"}],"version-history":[{"count":1,"href":"https:\/\/www.radiopiu.net\/wordpress\/wp-json\/wp\/v2\/posts\/493076\/revisions"}],"predecessor-version":[{"id":493077,"href":"https:\/\/www.radiopiu.net\/wordpress\/wp-json\/wp\/v2\/posts\/493076\/revisions\/493077"}],"wp:featuredmedia":[{"embeddable":true,"href":"https:\/\/www.radiopiu.net\/wordpress\/wp-json\/wp\/v2\/media\/493074"}],"wp:attachment":[{"href":"https:\/\/www.radiopiu.net\/wordpress\/wp-json\/wp\/v2\/media?parent=493076"}],"wp:term":[{"taxonomy":"category","embeddable":true,"href":"https:\/\/www.radiopiu.net\/wordpress\/wp-json\/wp\/v2\/categories?post=493076"},{"taxonomy":"post_tag","embeddable":true,"href":"https:\/\/www.radiopiu.net\/wordpress\/wp-json\/wp\/v2\/tags?post=493076"}],"curies":[{"name":"wp","href":"https:\/\/api.w.org\/{rel}","templated":true}]}}