{"id":493079,"date":"2026-01-26T15:02:11","date_gmt":"2026-01-26T14:02:11","guid":{"rendered":"https:\/\/www.radiopiu.net\/wordpress\/?p=493079"},"modified":"2026-01-26T15:02:11","modified_gmt":"2026-01-26T14:02:11","slug":"fascia-a-di-categoria-sportivamente-belluno-brilla-a-treviso","status":"publish","type":"post","link":"https:\/\/www.radiopiu.net\/wordpress\/fascia-a-di-categoria-sportivamente-belluno-brilla-a-treviso\/","title":{"rendered":"FASCIA A DI CATEGORIA: SPORTIVAMENTE BELLUNO BRILLA A TREVISO"},"content":{"rendered":"<p>***<\/p>\n<p data-start=\"67\" data-end=\"498\"><a class=\"dt-pswp-item\" href=\"https:\/\/www.radiopiu.net\/wordpress\/wp-content\/uploads\/2026\/01\/Il_gruppo_bellunese_a_Treviso.jpg\" data-dt-img-description=\"\" data-large_image_width=\"1117\" data-large_image_height=\"1300\"><img loading=\"lazy\" decoding=\"async\" class=\"size-medium wp-image-493080 alignleft\" src=\"https:\/\/www.radiopiu.net\/wordpress\/wp-content\/uploads\/2026\/01\/Il_gruppo_bellunese_a_Treviso-258x300.jpg\" alt=\"\" width=\"258\" height=\"300\" srcset=\"https:\/\/www.radiopiu.net\/wordpress\/wp-content\/uploads\/2026\/01\/Il_gruppo_bellunese_a_Treviso-258x300.jpg 258w, https:\/\/www.radiopiu.net\/wordpress\/wp-content\/uploads\/2026\/01\/Il_gruppo_bellunese_a_Treviso-880x1024.jpg 880w, https:\/\/www.radiopiu.net\/wordpress\/wp-content\/uploads\/2026\/01\/Il_gruppo_bellunese_a_Treviso-768x894.jpg 768w, https:\/\/www.radiopiu.net\/wordpress\/wp-content\/uploads\/2026\/01\/Il_gruppo_bellunese_a_Treviso.jpg 1117w\" sizes=\"auto, (max-width: 258px) 100vw, 258px\" \/><\/a>Buona la prima per la <strong data-start=\"89\" data-end=\"130\"><span class=\"hover:entity-accent entity-underline inline cursor-pointer align-baseline\"><span class=\"whitespace-normal\">Sportivamente Belluno<\/span><\/span><\/strong> nella giornata inaugurale delle gare riservate alla fascia A di categoria, disputata alla piscina di <strong data-start=\"232\" data-end=\"273\"><span class=\"hover:entity-accent entity-underline inline cursor-pointer align-baseline\"><span class=\"whitespace-normal\">Treviso<\/span><\/span><\/strong> con programma completo. La societ\u00e0 bellunese si \u00e8 presentata ai blocchi con una squadra giovane, ma gi\u00e0 capace di offrire segnali molto positivi, sia sul piano dei risultati sia in termini di crescita complessiva del gruppo.<\/p>\n<p data-start=\"500\" data-end=\"853\">A trascinare il team sono stati ancora una volta i risultati di Alessandro Morra, autore di una prova di spessore che gli ha fruttato altri due pass per i Criteri nazionali giovanili. Il nuotatore bellunese ha centrato l\u2019obiettivo nei 200 misti, chiusi in 2\u201915\u201d26, e nei 400 misti, conclusi in 4\u201950\u201d60, confermando un percorso di costante miglioramento.<\/p>\n<p data-start=\"855\" data-end=\"1122\">Ottima anche la prestazione di Greta Galanti, protagonista nei 50 stile libero con il tempo di 27\u201d61, crono che vale un prestigioso pass per i Campionati nazionali. Risultati che hanno dato slancio all\u2019intera squadra, capace di raccogliere numerosi primati personali.<\/p>\n<p data-start=\"1124\" data-end=\"1598\">Tra le prove di rilievo figurano quelle di Laura Ivessa nei 200, 400 e 1500 stile libero, di Rodolfo Zanon nei 50, 100 e 200 farfalla e nei 400 misti, e di Niccol\u00f2 Longi nei 50 e 100 stile libero, nel dorso e nei 200 misti. Buone indicazioni sono arrivate anche da Samuele Sommacal, Levi Cervo Riccardo, Alex Brianti, Elisa Thomas, Minerva Dall\u2019O\u2019, Dora Bortoluzzi, Matthias De Boni, Elisa Petten\u00f2 e Anna Simon, tutti scesi in vasca con determinazione e spirito competitivo.<\/p>\n<p data-start=\"1600\" data-end=\"1841\">Al di l\u00e0 dei riscontri cronometrici, lo staff tecnico guarda soprattutto all\u2019atteggiamento mostrato dal gruppo: compattezza, motivazione e grande voglia di crescere, elementi fondamentali per affrontare al meglio il prosieguo della stagione.<\/p>\n<p data-start=\"1843\" data-end=\"2109\">Il calendario prevede ora un doppio appuntamento: l\u20198 febbraio a Roncade sar\u00e0 la volta degli atleti di fascia B, mentre la fascia A torner\u00e0 in vasca il 15 febbraio a Montebelluna, per proseguire un percorso all\u2019insegna della continuit\u00e0 e della passione per il nuoto.<\/p>\n<hr data-start=\"2111\" data-end=\"2114\" \/>\n<h3 data-start=\"2116\" data-end=\"2168\"><strong data-start=\"2120\" data-end=\"2168\">RISULTATI DI RILIEVO \u2013 SPORTIVAMENTE BELLUNO<\/strong><\/h3>\n<div class=\"TyagGW_tableContainer\">\n<div class=\"group TyagGW_tableWrapper flex flex-col-reverse w-fit\" tabindex=\"-1\">\n<table class=\"w-fit min-w-(--thread-content-width)\" data-start=\"2170\" data-end=\"2936\">\n<thead data-start=\"2170\" data-end=\"2232\">\n<tr data-start=\"2170\" data-end=\"2232\">\n<th data-start=\"2170\" data-end=\"2192\" data-col-size=\"sm\">ATLETA<\/th>\n<th data-start=\"2192\" data-end=\"2212\" data-col-size=\"sm\">GARA<\/th>\n<th data-start=\"2212\" data-end=\"2224\" data-col-size=\"sm\">TEMPO<\/th>\n<th data-start=\"2224\" data-end=\"2232\" data-col-size=\"sm\">NOTE<\/th>\n<\/tr>\n<\/thead>\n<tbody data-start=\"2296\" data-end=\"2936\">\n<tr data-start=\"2296\" data-end=\"2368\">\n<td data-start=\"2296\" data-end=\"2318\" data-col-size=\"sm\">Alessandro Morra<\/td>\n<td data-col-size=\"sm\" data-start=\"2318\" data-end=\"2338\">200 misti<\/td>\n<td data-col-size=\"sm\" data-start=\"2338\" data-end=\"2350\">2\u201915\u201d26<\/td>\n<td data-col-size=\"sm\" data-start=\"2350\" data-end=\"2368\">Pass Nazionali<\/td>\n<\/tr>\n<tr data-start=\"2369\" data-end=\"2441\">\n<td data-start=\"2369\" data-end=\"2391\" data-col-size=\"sm\">Alessandro Morra<\/td>\n<td data-col-size=\"sm\" data-start=\"2391\" data-end=\"2411\">400 misti<\/td>\n<td data-col-size=\"sm\" data-start=\"2411\" data-end=\"2423\">4\u201950\u201d60<\/td>\n<td data-col-size=\"sm\" data-start=\"2423\" data-end=\"2441\">Pass Nazionali<\/td>\n<\/tr>\n<tr data-start=\"2442\" data-end=\"2514\">\n<td data-start=\"2442\" data-end=\"2464\" data-col-size=\"sm\">Greta Galanti<\/td>\n<td data-col-size=\"sm\" data-start=\"2464\" data-end=\"2484\">50 stile libero<\/td>\n<td data-col-size=\"sm\" data-start=\"2484\" data-end=\"2496\">27\u201d61<\/td>\n<td data-col-size=\"sm\" data-start=\"2496\" data-end=\"2514\">Pass Nazionali<\/td>\n<\/tr>\n<tr data-start=\"2515\" data-end=\"2582\">\n<td data-start=\"2515\" data-end=\"2537\" data-col-size=\"sm\">Laura Ivessa<\/td>\n<td data-col-size=\"sm\" data-start=\"2537\" data-end=\"2557\">200 sl<\/td>\n<td data-col-size=\"sm\" data-start=\"2557\" data-end=\"2577\">Primato personale<\/td>\n<td data-col-size=\"sm\" data-start=\"2577\" data-end=\"2582\">\u2014<\/td>\n<\/tr>\n<tr data-start=\"2583\" data-end=\"2650\">\n<td data-start=\"2583\" data-end=\"2605\" data-col-size=\"sm\">Laura Ivessa<\/td>\n<td data-col-size=\"sm\" data-start=\"2605\" data-end=\"2625\">400 sl<\/td>\n<td data-col-size=\"sm\" data-start=\"2625\" data-end=\"2645\">Primato personale<\/td>\n<td data-col-size=\"sm\" data-start=\"2645\" data-end=\"2650\">\u2014<\/td>\n<\/tr>\n<tr data-start=\"2651\" data-end=\"2718\">\n<td data-start=\"2651\" data-end=\"2673\" data-col-size=\"sm\">Laura Ivessa<\/td>\n<td data-col-size=\"sm\" data-start=\"2673\" data-end=\"2693\">1500 sl<\/td>\n<td data-col-size=\"sm\" data-start=\"2693\" data-end=\"2713\">Primato personale<\/td>\n<td data-col-size=\"sm\" data-start=\"2713\" data-end=\"2718\">\u2014<\/td>\n<\/tr>\n<tr data-start=\"2719\" data-end=\"2788\">\n<td data-start=\"2719\" data-end=\"2741\" data-col-size=\"sm\">Rodolfo Zanon<\/td>\n<td data-col-size=\"sm\" data-start=\"2741\" data-end=\"2763\">50-100-200 farfalla<\/td>\n<td data-col-size=\"sm\" data-start=\"2763\" data-end=\"2783\">Primati personali<\/td>\n<td data-col-size=\"sm\" data-start=\"2783\" data-end=\"2788\">\u2014<\/td>\n<\/tr>\n<tr data-start=\"2789\" data-end=\"2856\">\n<td data-start=\"2789\" data-end=\"2811\" data-col-size=\"sm\">Rodolfo Zanon<\/td>\n<td data-col-size=\"sm\" data-start=\"2811\" data-end=\"2831\">400 misti<\/td>\n<td data-col-size=\"sm\" data-start=\"2831\" data-end=\"2851\">Primato personale<\/td>\n<td data-col-size=\"sm\" data-start=\"2851\" data-end=\"2856\">\u2014<\/td>\n<\/tr>\n<tr data-start=\"2857\" data-end=\"2936\">\n<td data-start=\"2857\" data-end=\"2879\" data-col-size=\"sm\">Niccol\u00f2 Longi<\/td>\n<td data-col-size=\"sm\" data-start=\"2879\" data-end=\"2911\">50-100 sl \/ dorso \/ 200 misti<\/td>\n<td data-col-size=\"sm\" data-start=\"2911\" data-end=\"2931\">Primati personali<\/td>\n<td data-col-size=\"sm\" data-start=\"2931\" data-end=\"2936\">\u2014<\/td>\n<\/tr>\n<\/tbody>\n<\/table>\n<\/div>\n<\/div>\n<hr data-start=\"2938\" data-end=\"2941\" \/>\n<h3 data-start=\"2943\" data-end=\"2972\"><strong data-start=\"2947\" data-end=\"2972\">PROSSIMI APPUNTAMENTI<\/strong><\/h3>\n<div class=\"TyagGW_tableContainer\">\n<div class=\"group TyagGW_tableWrapper flex flex-col-reverse w-fit\" tabindex=\"-1\">\n<table class=\"w-fit min-w-(--thread-content-width)\" data-start=\"2974\" data-end=\"3111\">\n<thead data-start=\"2974\" data-end=\"2998\">\n<tr data-start=\"2974\" data-end=\"2998\">\n<th data-start=\"2974\" data-end=\"2981\" data-col-size=\"sm\">DATA<\/th>\n<th data-start=\"2981\" data-end=\"2988\" data-col-size=\"sm\">SEDE<\/th>\n<th data-start=\"2988\" data-end=\"2998\" data-col-size=\"sm\">FASCIA<\/th>\n<\/tr>\n<\/thead>\n<tbody data-start=\"3024\" data-end=\"3111\">\n<tr data-start=\"3024\" data-end=\"3064\">\n<td data-start=\"3024\" data-end=\"3042\" data-col-size=\"sm\">8 febbraio 2026<\/td>\n<td data-col-size=\"sm\" data-start=\"3042\" data-end=\"3052\">Roncade<\/td>\n<td data-col-size=\"sm\" data-start=\"3052\" data-end=\"3064\">Fascia B<\/td>\n<\/tr>\n<tr data-start=\"3065\" data-end=\"3111\">\n<td data-start=\"3065\" data-end=\"3084\" data-col-size=\"sm\">15 febbraio 2026<\/td>\n<td data-col-size=\"sm\" data-start=\"3084\" data-end=\"3099\">Montebelluna<\/td>\n<td data-col-size=\"sm\" data-start=\"3099\" data-end=\"3111\">Fascia A<\/td>\n<\/tr>\n<\/tbody>\n<\/table>\n<\/div>\n<\/div>\n","protected":false},"excerpt":{"rendered":"<p>*** Buona la prima per la Sportivamente Belluno nella giornata inaugurale delle gare riservate alla fascia A di categoria, disputata alla piscina di Treviso con programma completo. La societ\u00e0 bellunese si \u00e8 presentata ai blocchi con una squadra giovane, ma gi\u00e0 capace di offrire segnali molto positivi, sia sul piano dei risultati sia in termini&hellip;<\/p>\n","protected":false},"author":4,"featured_media":493080,"comment_status":"closed","ping_status":"closed","sticky":false,"template":"","format":"standard","meta":{"_monsterinsights_skip_tracking":false,"_monsterinsights_sitenote_active":false,"_monsterinsights_sitenote_note":"","_monsterinsights_sitenote_category":0,"footnotes":""},"categories":[49],"tags":[],"class_list":["post-493079","post","type-post","status-publish","format-standard","has-post-thumbnail","hentry","category-news-18","category-49","description-off"],"img_url":"https:\/\/www.radiopiu.net\/wordpress\/wp-content\/uploads\/2026\/01\/Il_gruppo_bellunese_a_Treviso.jpg","_links":{"self":[{"href":"https:\/\/www.radiopiu.net\/wordpress\/wp-json\/wp\/v2\/posts\/493079","targetHints":{"allow":["GET"]}}],"collection":[{"href":"https:\/\/www.radiopiu.net\/wordpress\/wp-json\/wp\/v2\/posts"}],"about":[{"href":"https:\/\/www.radiopiu.net\/wordpress\/wp-json\/wp\/v2\/types\/post"}],"author":[{"embeddable":true,"href":"https:\/\/www.radiopiu.net\/wordpress\/wp-json\/wp\/v2\/users\/4"}],"replies":[{"embeddable":true,"href":"https:\/\/www.radiopiu.net\/wordpress\/wp-json\/wp\/v2\/comments?post=493079"}],"version-history":[{"count":1,"href":"https:\/\/www.radiopiu.net\/wordpress\/wp-json\/wp\/v2\/posts\/493079\/revisions"}],"predecessor-version":[{"id":493081,"href":"https:\/\/www.radiopiu.net\/wordpress\/wp-json\/wp\/v2\/posts\/493079\/revisions\/493081"}],"wp:featuredmedia":[{"embeddable":true,"href":"https:\/\/www.radiopiu.net\/wordpress\/wp-json\/wp\/v2\/media\/493080"}],"wp:attachment":[{"href":"https:\/\/www.radiopiu.net\/wordpress\/wp-json\/wp\/v2\/media?parent=493079"}],"wp:term":[{"taxonomy":"category","embeddable":true,"href":"https:\/\/www.radiopiu.net\/wordpress\/wp-json\/wp\/v2\/categories?post=493079"},{"taxonomy":"post_tag","embeddable":true,"href":"https:\/\/www.radiopiu.net\/wordpress\/wp-json\/wp\/v2\/tags?post=493079"}],"curies":[{"name":"wp","href":"https:\/\/api.w.org\/{rel}","templated":true}]}}