{"id":493129,"date":"2026-01-27T05:40:56","date_gmt":"2026-01-27T04:40:56","guid":{"rendered":"https:\/\/www.radiopiu.net\/wordpress\/?p=493129"},"modified":"2026-01-27T05:55:49","modified_gmt":"2026-01-27T04:55:49","slug":"falcade-sport-e-inclusione-successo-per-la-42a-settimana-bianca-delladv-con-le-forze-dellordine-e-armate","status":"publish","type":"post","link":"https:\/\/www.radiopiu.net\/wordpress\/falcade-sport-e-inclusione-successo-per-la-42a-settimana-bianca-delladv-con-le-forze-dellordine-e-armate\/","title":{"rendered":"FALCADE, SPORT E INCLUSIONE: SUCCESSO PER LA 42\u00aa SETTIMANA BIANCA DELL\u2019ADV CON LE FORZE DELL\u2019ORDINE E ARMATE"},"content":{"rendered":"<p>**********<\/p>\n<p>&nbsp;<\/p>\n<p><strong><a class=\"dt-pswp-item\" href=\"https:\/\/www.radiopiu.net\/wordpress\/wp-content\/uploads\/2026\/01\/WhatsApp-Image-2026-01-25-at-18.43.04.jpeg\" data-dt-img-description=\"\" data-large_image_width=\"2048\" data-large_image_height=\"1537\"><img loading=\"lazy\" decoding=\"async\" class=\" wp-image-493130 alignleft\" src=\"https:\/\/www.radiopiu.net\/wordpress\/wp-content\/uploads\/2026\/01\/WhatsApp-Image-2026-01-25-at-18.43.04-300x225.jpeg\" alt=\"\" width=\"205\" height=\"154\" srcset=\"https:\/\/www.radiopiu.net\/wordpress\/wp-content\/uploads\/2026\/01\/WhatsApp-Image-2026-01-25-at-18.43.04-300x225.jpeg 300w, https:\/\/www.radiopiu.net\/wordpress\/wp-content\/uploads\/2026\/01\/WhatsApp-Image-2026-01-25-at-18.43.04-1024x769.jpeg 1024w, https:\/\/www.radiopiu.net\/wordpress\/wp-content\/uploads\/2026\/01\/WhatsApp-Image-2026-01-25-at-18.43.04-768x576.jpeg 768w, https:\/\/www.radiopiu.net\/wordpress\/wp-content\/uploads\/2026\/01\/WhatsApp-Image-2026-01-25-at-18.43.04-1536x1153.jpeg 1536w, https:\/\/www.radiopiu.net\/wordpress\/wp-content\/uploads\/2026\/01\/WhatsApp-Image-2026-01-25-at-18.43.04.jpeg 2048w\" sizes=\"auto, (max-width: 205px) 100vw, 205px\" \/><\/a>DI ALESSIA DALL&#8217;O&#8217;<\/strong><\/p>\n<p><strong>BELLUNO <\/strong>Si \u00e8 conclusa con un bilancio pi\u00f9 che positivo la 42\u00aa edizione della Settimana Bianca dell\u2019Associazione Nazionale Disabili Visivi (ADV), svoltasi a Falcade dal 18 al 25 gennaio. Un appuntamento ormai consolidato a livello nazionale, che anche quest\u2019anno ha potuto contare sul supporto determinante del 7\u00b0 Reggimento Alpini della Brigata Alpina \u201cJulia\u201d, dell\u2019Arma dei Carabinieri e del Corpo Nazionale dei Vigili del Fuoco.<\/p>\n<p><strong>UNA MONTAGNA DI SPORT ANCHE PER CIECHI ED IPOVEDENTI<\/strong><\/p>\n<p>L\u2019edizione 2026 ha coinvolto circa 90 tra non vedenti e ipovedenti, oltre agli accompagnatori, provenienti da diverse regioni italiane, con una partecipazione tale da riempire interamente una struttura ricettiva del paese. Numeri che confermano la rilevanza nazionale dell\u2019iniziativa e il suo ruolo centrale nella promozione dello sport inclusivo in ambiente montano. A fianco dei partecipanti, un imponente dispiegamento di circa 89 guide specializzate, una per ciascun non vedente e, in alcuni casi, una ogni due ipovedenti, a garanzia di sicurezza, autonomia e qualit\u00e0 dell\u2019esperienza sportiva.<\/p>\n<p><strong>SCI DI FONDO, DISCESA E TREKKING TRA I RIFUGI<\/strong><\/p>\n<p>Durante la settimana sono state proposte diverse discipline: sci di fondo al Centro Fondo \u201cPietro Scola\u201d di Falcade, sci alpino sulle piste dei comprensori di Falcade, Lusia e San Pellegrino e attivit\u00e0 di trekking sulla neve lungo itinerari selezionati tra Falcade, Agordo e Canale d\u2019Agordo. Nello sci di fondo, favorito dalla presenza dei binari in pista, la guida affianca l\u2019atleta comunicando passo dopo passo curvature, salite e discese; nello sci alpino, invece, la guida precede l\u2019atleta impartendo comandi vocali precisi, fondamentali in una disciplina che richiede rapidit\u00e0 e reattivit\u00e0. Le escursioni, della durata massima di un paio d\u2019ore, sono state svolte con l\u2019ausilio di ramponcini e con soste presso rifugi della zona, offrendo un\u2019esperienza completa e accessibile.<\/p>\n<p><strong>IL RINGRAZIAMENTO DI STEFANIA LEONE, PRESIDENTE ADV<\/strong><\/p>\n<p>A sottolineare la complessit\u00e0 e il valore dell\u2019iniziativa \u00e8 la presidente dell\u2019ADV, Stefania Leone, in carica dall\u2019ottobre 2024: \u00abLa risposta \u00e8 stata molto buona, il meccanismo \u00e8 rodato e consolidato. Falcade ci accoglie da anni con grande disponibilit\u00e0 e anche questa volta il territorio ha risposto con calore e professionalit\u00e0\u00bb. Fondamentale, come sempre, il ruolo delle guide specializzate, fornite grazie alla collaborazione dei comandi di Belluno, Agordo, Moena, Treviso e delle aree limitrofe. \u00abCarabinieri, Carabinieri forestali, Vigili del Fuoco, Alpini dell\u2019Esercito, Guardia di Finanza e Polizia &#8211; ha spiegato Leone &#8211; hanno reso possibile un\u2019organizzazione con una guida per ogni atleta nelle discipline dello sci, condizione indispensabile per garantire sicurezza e qualit\u00e0 dell\u2019esperienza\u00bb.<\/p>\n<p><strong><a class=\"dt-pswp-item\" href=\"https:\/\/www.radiopiu.net\/wordpress\/wp-content\/uploads\/2026\/01\/WhatsApp-Image-2026-01-22-at-11.50.15-2.jpeg\" data-dt-img-description=\"\" data-large_image_width=\"1537\" data-large_image_height=\"2048\"><img loading=\"lazy\" decoding=\"async\" class=\"size-medium wp-image-493131 alignright\" src=\"https:\/\/www.radiopiu.net\/wordpress\/wp-content\/uploads\/2026\/01\/WhatsApp-Image-2026-01-22-at-11.50.15-2-225x300.jpeg\" alt=\"\" width=\"225\" height=\"300\" srcset=\"https:\/\/www.radiopiu.net\/wordpress\/wp-content\/uploads\/2026\/01\/WhatsApp-Image-2026-01-22-at-11.50.15-2-225x300.jpeg 225w, https:\/\/www.radiopiu.net\/wordpress\/wp-content\/uploads\/2026\/01\/WhatsApp-Image-2026-01-22-at-11.50.15-2-769x1024.jpeg 769w, https:\/\/www.radiopiu.net\/wordpress\/wp-content\/uploads\/2026\/01\/WhatsApp-Image-2026-01-22-at-11.50.15-2-768x1023.jpeg 768w, https:\/\/www.radiopiu.net\/wordpress\/wp-content\/uploads\/2026\/01\/WhatsApp-Image-2026-01-22-at-11.50.15-2-1153x1536.jpeg 1153w, https:\/\/www.radiopiu.net\/wordpress\/wp-content\/uploads\/2026\/01\/WhatsApp-Image-2026-01-22-at-11.50.15-2.jpeg 1537w\" sizes=\"auto, (max-width: 225px) 100vw, 225px\" \/><\/a>L\u2019ATTENZIONE PER I GIOVANI E NUOVI SOCI<\/strong><\/p>\n<p>Particolare attenzione \u00e8 stata riservata ai nuovi partecipanti e ai pi\u00f9 giovani, inclusi bambini e ragazzi, coinvolti in modo graduale e mirato. \u00abMolti di loro sono rimasti colpiti dalla naturalezza e dalla grande professionalit\u00e0 delle guide &#8211; ha aggiunto la presidente &#8211; senza le quali questa attivit\u00e0 non sarebbe possibile. Io stessa, trent\u2019anni fa, partii timorosa perch\u00e8 era qualcosa di nuovo. Grazie alle mani a cui sono stata affidata ho preso subito passione e ancora oggi pratico e mi diverto. All\u2019inizio sembra impossibile, finch\u00e8 non lo fai per davvero!\u00bb. Un valore aggiunto dell\u2019edizione 2026 \u00e8 stato inoltre il coinvolgimento di giovani maestri di sci in tirocinio e di studenti delle scuole superiori del Bellunese, chiamati ad affiancare e osservare le attivit\u00e0. \u00ab\u00c8 importante che i giovani comprendano cosa significhi sciare per una persona cieca o ipovedente, perch\u00e9 \u00e8 anche cos\u00ec che si costruisce una vera cultura dell\u2019inclusione\u00bb, ha sottolineato Leone.<\/p>\n<p><strong>IN PISTA CON ATTENZIONE<\/strong><\/p>\n<p>Non sono mancati gli aspetti organizzativi pi\u00f9 delicati, dalla gestione quotidiana dei cambi di programma alla sicurezza sulle piste, dove i partecipanti sciano con pettorine identificative per essere immediatamente riconoscibili. \u00ab\u00c8 un\u2019attivit\u00e0 complessa e molto delicata, in particolare lo sci di discesa, ma anche la pi\u00f9 strutturata e longeva a livello europeo. Considerando inoltre l\u2019impegno delle forze dell\u2019ordine nelle imminenti Olimpiadi, il fatto di essere riusciti a portarla a termine non era affatto scontato. Per questo il bilancio finale \u00e8 decisamente positivo\u00bb. Da oltre un decennio, il 7\u00b0 Reggimento Alpini e le altre forze coinvolte sostengono con convinzione la Settimana Bianca dell\u2019ADV, riaffermando il ruolo delle istituzioni nella promozione della crescita sociale e culturale delle persone non vedenti e ipovedenti. Un impegno che si inserisce in un quadro pi\u00f9 ampio di attivit\u00e0 dell\u2019associazione, che conta circa 400 iscritti da tutta Italia: dalle settimane invernali e marine alle attivit\u00e0 di trekking, viaggi, escursioni e ai tavoli tecnici su accessibilit\u00e0, mobilit\u00e0 e autonomia personale e partecipazione ai tavoli di lavoro delle nuove leggi, per un\u2019Italia sempre pi\u00f9 inclusiva e a misura di tutti i cittadini.<\/p>\n<p>&nbsp;<\/p>\n<p>&nbsp;<\/p>\n<p>&nbsp;<\/p>\n<p>&nbsp;<\/p>\n<p>&nbsp;<\/p>\n<p>&nbsp;<\/p>\n<p>*********<\/p>\n","protected":false},"excerpt":{"rendered":"<p>********** &nbsp; DI ALESSIA DALL&#8217;O&#8217; BELLUNO Si \u00e8 conclusa con un bilancio pi\u00f9 che positivo la 42\u00aa edizione della Settimana Bianca dell\u2019Associazione Nazionale Disabili Visivi (ADV), svoltasi a Falcade dal 18 al 25 gennaio. Un appuntamento ormai consolidato a livello nazionale, che anche quest\u2019anno ha potuto contare sul supporto determinante del 7\u00b0 Reggimento Alpini della&hellip;<\/p>\n","protected":false},"author":4,"featured_media":493130,"comment_status":"closed","ping_status":"closed","sticky":false,"template":"","format":"standard","meta":{"_monsterinsights_skip_tracking":false,"_monsterinsights_sitenote_active":false,"_monsterinsights_sitenote_note":"","_monsterinsights_sitenote_category":0,"footnotes":""},"categories":[51,49],"tags":[],"class_list":["post-493129","post","type-post","status-publish","format-standard","has-post-thumbnail","hentry","category-evidenza-top","category-news-18","category-51","category-49","description-off"],"img_url":"https:\/\/www.radiopiu.net\/wordpress\/wp-content\/uploads\/2026\/01\/WhatsApp-Image-2026-01-25-at-18.43.04.jpeg","_links":{"self":[{"href":"https:\/\/www.radiopiu.net\/wordpress\/wp-json\/wp\/v2\/posts\/493129","targetHints":{"allow":["GET"]}}],"collection":[{"href":"https:\/\/www.radiopiu.net\/wordpress\/wp-json\/wp\/v2\/posts"}],"about":[{"href":"https:\/\/www.radiopiu.net\/wordpress\/wp-json\/wp\/v2\/types\/post"}],"author":[{"embeddable":true,"href":"https:\/\/www.radiopiu.net\/wordpress\/wp-json\/wp\/v2\/users\/4"}],"replies":[{"embeddable":true,"href":"https:\/\/www.radiopiu.net\/wordpress\/wp-json\/wp\/v2\/comments?post=493129"}],"version-history":[{"count":1,"href":"https:\/\/www.radiopiu.net\/wordpress\/wp-json\/wp\/v2\/posts\/493129\/revisions"}],"predecessor-version":[{"id":493132,"href":"https:\/\/www.radiopiu.net\/wordpress\/wp-json\/wp\/v2\/posts\/493129\/revisions\/493132"}],"wp:featuredmedia":[{"embeddable":true,"href":"https:\/\/www.radiopiu.net\/wordpress\/wp-json\/wp\/v2\/media\/493130"}],"wp:attachment":[{"href":"https:\/\/www.radiopiu.net\/wordpress\/wp-json\/wp\/v2\/media?parent=493129"}],"wp:term":[{"taxonomy":"category","embeddable":true,"href":"https:\/\/www.radiopiu.net\/wordpress\/wp-json\/wp\/v2\/categories?post=493129"},{"taxonomy":"post_tag","embeddable":true,"href":"https:\/\/www.radiopiu.net\/wordpress\/wp-json\/wp\/v2\/tags?post=493129"}],"curies":[{"name":"wp","href":"https:\/\/api.w.org\/{rel}","templated":true}]}}