{"id":493134,"date":"2026-01-26T19:04:00","date_gmt":"2026-01-26T18:04:00","guid":{"rendered":"https:\/\/www.radiopiu.net\/wordpress\/?p=493134"},"modified":"2026-01-26T19:05:12","modified_gmt":"2026-01-26T18:05:12","slug":"ripartono-a-fonzaso-i-venerdi-della-cultura-libri-memoria-e-partecipazione","status":"publish","type":"post","link":"https:\/\/www.radiopiu.net\/wordpress\/ripartono-a-fonzaso-i-venerdi-della-cultura-libri-memoria-e-partecipazione\/","title":{"rendered":"RIPARTONO A FONZASO I \u201cVENERD\u00cc DELLA CULTURA\u201d: LIBRI, MEMORIA E PARTECIPAZIONE"},"content":{"rendered":"<p>**********<\/p>\n<p>&nbsp;<\/p>\n<p><strong><a class=\"dt-pswp-item\" href=\"https:\/\/www.radiopiu.net\/wordpress\/wp-content\/uploads\/2026\/01\/Bibliotecario-per-un-giorno-1024x683-1.jpg\" data-dt-img-description=\"\" data-large_image_width=\"1024\" data-large_image_height=\"683\"><img loading=\"lazy\" decoding=\"async\" class=\" wp-image-493135 alignleft\" src=\"https:\/\/www.radiopiu.net\/wordpress\/wp-content\/uploads\/2026\/01\/Bibliotecario-per-un-giorno-1024x683-1-300x200.jpg\" alt=\"\" width=\"239\" height=\"159\" srcset=\"https:\/\/www.radiopiu.net\/wordpress\/wp-content\/uploads\/2026\/01\/Bibliotecario-per-un-giorno-1024x683-1-300x200.jpg 300w, https:\/\/www.radiopiu.net\/wordpress\/wp-content\/uploads\/2026\/01\/Bibliotecario-per-un-giorno-1024x683-1-768x512.jpg 768w, https:\/\/www.radiopiu.net\/wordpress\/wp-content\/uploads\/2026\/01\/Bibliotecario-per-un-giorno-1024x683-1.jpg 1024w\" sizes=\"auto, (max-width: 239px) 100vw, 239px\" \/><\/a>DI ALESSIA DALL&#8217;O&#8217;<\/strong><\/p>\n<p><strong>FONZASO <\/strong>Dopo la pausa delle festivit\u00e0 natalizie, tornano a Fonzaso <em>I Venerd\u00ec della Cultura<\/em>, la rassegna promossa dal Comune di Fonzaso attraverso la Biblioteca Civica con l\u2019obiettivo di favorire l\u2019accesso alla cultura e stimolare una cittadinanza sempre pi\u00f9 consapevole e partecipe.<\/p>\n<p><strong>IL CICLO DI INCONTRI<\/strong><\/p>\n<p>Prende cos\u00ec il via un ciclo di incontri che si inserisce nel solco degli obiettivi dell\u2019Agenda ONU 2030, che riconosce nell\u2019arte e nella creativit\u00e0 strumenti fondamentali per promuovere salute, equit\u00e0 e qualit\u00e0 della vita a tutte le et\u00e0. Una proposta che punta a una visione innovativa e inclusiva della cultura, intesa come bene comune e spazio di confronto aperto.<\/p>\n<p><strong>GLI APPUNTAMENTI DI FEBBRAIO<\/strong><\/p>\n<p>Il primo appuntamento \u00e8 in programma venerd\u00ec 6 febbraio 2026 alle ore 20.30, presso la Sala del Municipio, con la presentazione del libro <em>L\u2019autista del dottor Lauer<\/em>, a cura di Rita Da Pont. Il romanzo affonda le radici nella storia locale e nazionale, prendendo spunto da personaggi e vicende realmente accadute durante la Seconda Guerra Mondiale, nel periodo in cui Belluno faceva parte della cosiddetta <em>Operationszone Alpenvorland<\/em>, la zona di operazione nazista che comprendeva anche le province di Trento e Bolzano. La narrazione si sviluppa a Belluno tra il settembre del 1943 e la primavera del 1945 e ha per protagonisti Maria e Giovanni, giovani coniugi che vivono con il piccolo Giorgio nell\u2019atmosfera cupa dell\u2019occupazione nazista. Una quotidianit\u00e0 segnata dalla paura, dall\u2019attesa e dall\u2019assenza di vie di fuga, mentre la pace sembra un traguardo irraggiungibile. Sullo sfondo emerge la figura enigmatica del dottor Hubert Lauer: chi \u00e8 davvero quest\u2019uomo e quali segreti nasconde? Il secondo incontro si terr\u00e0 venerd\u00ec 20 febbraio 2026 e vedr\u00e0 come ospite lo scrittore Carlo Morriello, napoletano di nascita ma residente in Veneto da oltre trent\u2019anni. Morriello presenter\u00e0 la sua opera prima <em>Oltre l\u2019ombra dei colori<\/em>, un romanzo che ha richiesto tre anni di lavoro e che intreccia arte, psicologia e storia napoletana. Il libro racconta il percorso di Michele Castaldo, giovane artista segnato dalla recente perdita della madre, chiamato a realizzare un affresco nel monastero di Santa Chiara in sole tre settimane. Un incarico che si trasforma in un viaggio interiore e simbolico, tra segreti del passato, eventi inattesi e il ritorno di un amore mai dimenticato. Sullo sfondo, la Napoli di fine Ottocento, misteriosa e affascinante, dove sacro e profano si mescolano.<\/p>\n<p>&nbsp;<\/p>\n<p>&nbsp;<\/p>\n<p>&nbsp;<\/p>\n<p>&nbsp;<\/p>\n<p>***********<\/p>\n","protected":false},"excerpt":{"rendered":"<p>********** &nbsp; DI ALESSIA DALL&#8217;O&#8217; FONZASO Dopo la pausa delle festivit\u00e0 natalizie, tornano a Fonzaso I Venerd\u00ec della Cultura, la rassegna promossa dal Comune di Fonzaso attraverso la Biblioteca Civica con l\u2019obiettivo di favorire l\u2019accesso alla cultura e stimolare una cittadinanza sempre pi\u00f9 consapevole e partecipe. IL CICLO DI INCONTRI Prende cos\u00ec il via un&hellip;<\/p>\n","protected":false},"author":4,"featured_media":493135,"comment_status":"closed","ping_status":"closed","sticky":false,"template":"","format":"standard","meta":{"_monsterinsights_skip_tracking":false,"_monsterinsights_sitenote_active":false,"_monsterinsights_sitenote_note":"","_monsterinsights_sitenote_category":0,"footnotes":""},"categories":[49],"tags":[],"class_list":["post-493134","post","type-post","status-publish","format-standard","has-post-thumbnail","hentry","category-news-18","category-49","description-off"],"img_url":"https:\/\/www.radiopiu.net\/wordpress\/wp-content\/uploads\/2026\/01\/Bibliotecario-per-un-giorno-1024x683-1.jpg","_links":{"self":[{"href":"https:\/\/www.radiopiu.net\/wordpress\/wp-json\/wp\/v2\/posts\/493134","targetHints":{"allow":["GET"]}}],"collection":[{"href":"https:\/\/www.radiopiu.net\/wordpress\/wp-json\/wp\/v2\/posts"}],"about":[{"href":"https:\/\/www.radiopiu.net\/wordpress\/wp-json\/wp\/v2\/types\/post"}],"author":[{"embeddable":true,"href":"https:\/\/www.radiopiu.net\/wordpress\/wp-json\/wp\/v2\/users\/4"}],"replies":[{"embeddable":true,"href":"https:\/\/www.radiopiu.net\/wordpress\/wp-json\/wp\/v2\/comments?post=493134"}],"version-history":[{"count":2,"href":"https:\/\/www.radiopiu.net\/wordpress\/wp-json\/wp\/v2\/posts\/493134\/revisions"}],"predecessor-version":[{"id":493137,"href":"https:\/\/www.radiopiu.net\/wordpress\/wp-json\/wp\/v2\/posts\/493134\/revisions\/493137"}],"wp:featuredmedia":[{"embeddable":true,"href":"https:\/\/www.radiopiu.net\/wordpress\/wp-json\/wp\/v2\/media\/493135"}],"wp:attachment":[{"href":"https:\/\/www.radiopiu.net\/wordpress\/wp-json\/wp\/v2\/media?parent=493134"}],"wp:term":[{"taxonomy":"category","embeddable":true,"href":"https:\/\/www.radiopiu.net\/wordpress\/wp-json\/wp\/v2\/categories?post=493134"},{"taxonomy":"post_tag","embeddable":true,"href":"https:\/\/www.radiopiu.net\/wordpress\/wp-json\/wp\/v2\/tags?post=493134"}],"curies":[{"name":"wp","href":"https:\/\/api.w.org\/{rel}","templated":true}]}}