{"id":493169,"date":"2026-01-28T05:44:46","date_gmt":"2026-01-28T04:44:46","guid":{"rendered":"https:\/\/www.radiopiu.net\/wordpress\/?p=493169"},"modified":"2026-01-28T11:08:16","modified_gmt":"2026-01-28T10:08:16","slug":"giornale-radiopiu-28-gennaio-2026-direttore-mirko-mezzacasa","status":"publish","type":"post","link":"https:\/\/www.radiopiu.net\/wordpress\/giornale-radiopiu-28-gennaio-2026-direttore-mirko-mezzacasa\/","title":{"rendered":"GIORNALE RADIOPIU 28 GENNAIO 2026 DIRETTORE MIRKO MEZZACASA"},"content":{"rendered":"<div class=\"flex flex-col text-sm pb-25\">\n<article class=\"text-token-text-primary w-full focus:outline-none [--shadow-height:45px] has-data-writing-block:pointer-events-none has-data-writing-block:-mt-(--shadow-height) has-data-writing-block:pt-(--shadow-height) [&amp;:has([data-writing-block])&gt;*]:pointer-events-auto scroll-mt-[calc(var(--header-height)+min(200px,max(70px,20svh)))]\" dir=\"auto\" tabindex=\"-1\" data-turn-id=\"request-WEB:545a5307-a0c9-41c7-9a5f-bf65aefdb8ec-5\" data-testid=\"conversation-turn-12\" data-scroll-anchor=\"true\" data-turn=\"assistant\">\n<div class=\"text-base my-auto mx-auto pb-10 [--thread-content-margin:--spacing(4)] @w-sm\/main:[--thread-content-margin:--spacing(6)] @w-lg\/main:[--thread-content-margin:--spacing(16)] px-(--thread-content-margin)\">\n<div class=\"[--thread-content-max-width:40rem] @w-lg\/main:[--thread-content-max-width:48rem] mx-auto max-w-(--thread-content-max-width) flex-1 group\/turn-messages focus-visible:outline-hidden relative flex w-full min-w-0 flex-col agent-turn\" tabindex=\"-1\">\n<div class=\"z-0 flex min-h-[46px] justify-start\">\n<p>\u00a0****<\/p>\n<\/div>\n<\/div>\n<p>AGGIORNAMENTO ORE 10.-00<br \/>\nPRUDENZA: INCIDENTE A MASARE&#8217; DI ALLEGHE REGIONALE 203 AGORDINA<\/p>\n<blockquote>\n<h3><\/h3>\n<h3><a class=\"dt-pswp-item\" href=\"https:\/\/www.radiopiu.net\/wordpress\/wp-content\/uploads\/2026\/01\/Screenshot-2026-01-28-093411.png\" data-dt-img-description=\"\" data-large_image_width=\"424\" data-large_image_height=\"264\"><img loading=\"lazy\" decoding=\"async\" class=\"aligncenter wp-image-493420 size-full\" src=\"https:\/\/www.radiopiu.net\/wordpress\/wp-content\/uploads\/2026\/01\/Screenshot-2026-01-28-093411.png\" alt=\"\" width=\"424\" height=\"264\" srcset=\"https:\/\/www.radiopiu.net\/wordpress\/wp-content\/uploads\/2026\/01\/Screenshot-2026-01-28-093411.png 424w, https:\/\/www.radiopiu.net\/wordpress\/wp-content\/uploads\/2026\/01\/Screenshot-2026-01-28-093411-300x187.png 300w\" sizes=\"auto, (max-width: 424px) 100vw, 424px\" \/><\/a><\/h3>\n<h3><\/h3>\n<h3>NEVE IN PROVINCIA DI BELLUNO, LE FOTO DA VPB (telegram viabilit\u00e0 provincia belluno)<\/h3>\n<\/blockquote>\n\n\t\t\t<style type='text\/css'>\n\t\t\t\t#gallery-1 {\n\t\t\t\t\tmargin: auto;\n\t\t\t\t}\n\t\t\t\t#gallery-1 .gallery-item {\n\t\t\t\t\tfloat: left;\n\t\t\t\t\tmargin-top: 10px;\n\t\t\t\t\ttext-align: center;\n\t\t\t\t\twidth: 14%;\n\t\t\t\t}\n\t\t\t\t#gallery-1 img {\n\t\t\t\t\tborder: 2px solid #cfcfcf;\n\t\t\t\t}\n\t\t\t\t#gallery-1 .gallery-caption {\n\t\t\t\t\tmargin-left: 0;\n\t\t\t\t}\n\t\t\t\t\/* see gallery_shortcode() in wp-includes\/media.php *\/\n\t\t\t<\/style>\n\t\t<div id='gallery-1' class='dt-gallery-container gallery galleryid-493169 gallery-columns-7 gallery-size-thumbnail'><dl class='gallery-item'>\n\t\t\t\t<dt class='gallery-icon portrait'>\n\t\t\t\t\t<a class=\"rollover rollover-zoom dt-pswp-item\" title=\"photo_6039609812691127583_y\" data-dt-img-description=\"\" data-large_image_width=\"964\" data-large_image_height=\"1280\"href='https:\/\/www.radiopiu.net\/wordpress\/wp-content\/uploads\/2026\/01\/photo_6039609812691127583_y.jpg'><img loading=\"lazy\" decoding=\"async\" width=\"150\" height=\"150\" src=\"https:\/\/www.radiopiu.net\/wordpress\/wp-content\/uploads\/2026\/01\/photo_6039609812691127583_y-150x150.jpg\" class=\"attachment-thumbnail size-thumbnail\" alt=\"\" aria-describedby=\"gallery-1-493415\" \/><\/a>\n\t\t\t\t<\/dt>\n\t\t\t\t\t<dd class='wp-caption-text gallery-caption' id='gallery-1-493415'>\n\t\t\t\t\tTangenziale agordo 8.45\n\t\t\t\t\t<\/dd><\/dl><dl class='gallery-item'>\n\t\t\t\t<dt class='gallery-icon portrait'>\n\t\t\t\t\t<a class=\"rollover rollover-zoom dt-pswp-item\" title=\"photo_6039609812691127591_y\" data-dt-img-description=\"\" data-large_image_width=\"720\" data-large_image_height=\"1280\"href='https:\/\/www.radiopiu.net\/wordpress\/wp-content\/uploads\/2026\/01\/photo_6039609812691127591_y.jpg'><img loading=\"lazy\" decoding=\"async\" width=\"150\" height=\"150\" src=\"https:\/\/www.radiopiu.net\/wordpress\/wp-content\/uploads\/2026\/01\/photo_6039609812691127591_y-150x150.jpg\" class=\"attachment-thumbnail size-thumbnail\" alt=\"\" aria-describedby=\"gallery-1-493416\" \/><\/a>\n\t\t\t\t<\/dt>\n\t\t\t\t\t<dd class='wp-caption-text gallery-caption' id='gallery-1-493416'>\n\t\t\t\t\tFaltre 9.15\n\t\t\t\t\t<\/dd><\/dl><dl class='gallery-item'>\n\t\t\t\t<dt class='gallery-icon portrait'>\n\t\t\t\t\t<a class=\"rollover rollover-zoom dt-pswp-item\" title=\"photo_6039609812691127593_y\" data-dt-img-description=\"\" data-large_image_width=\"960\" data-large_image_height=\"1280\"href='https:\/\/www.radiopiu.net\/wordpress\/wp-content\/uploads\/2026\/01\/photo_6039609812691127593_y.jpg'><img loading=\"lazy\" decoding=\"async\" width=\"150\" height=\"150\" src=\"https:\/\/www.radiopiu.net\/wordpress\/wp-content\/uploads\/2026\/01\/photo_6039609812691127593_y-150x150.jpg\" class=\"attachment-thumbnail size-thumbnail\" alt=\"\" aria-describedby=\"gallery-1-493417\" \/><\/a>\n\t\t\t\t<\/dt>\n\t\t\t\t\t<dd class='wp-caption-text gallery-caption' id='gallery-1-493417'>\n\t\t\t\t\tPieve di Cadore 9.15\n\t\t\t\t\t<\/dd><\/dl><dl class='gallery-item'>\n\t\t\t\t<dt class='gallery-icon landscape'>\n\t\t\t\t\t<a class=\"rollover rollover-zoom dt-pswp-item\" title=\"photo_6039609812691127595_y\" data-dt-img-description=\"\" data-large_image_width=\"1280\" data-large_image_height=\"960\"href='https:\/\/www.radiopiu.net\/wordpress\/wp-content\/uploads\/2026\/01\/photo_6039609812691127595_y.jpg'><img loading=\"lazy\" decoding=\"async\" width=\"150\" height=\"150\" src=\"https:\/\/www.radiopiu.net\/wordpress\/wp-content\/uploads\/2026\/01\/photo_6039609812691127595_y-150x150.jpg\" class=\"attachment-thumbnail size-thumbnail\" alt=\"\" aria-describedby=\"gallery-1-493418\" \/><\/a>\n\t\t\t\t<\/dt>\n\t\t\t\t\t<dd class='wp-caption-text gallery-caption' id='gallery-1-493418'>\n\t\t\t\t\tAgordo piscina 9.30\n\t\t\t\t\t<\/dd><\/dl><dl class='gallery-item'>\n\t\t\t\t<dt class='gallery-icon landscape'>\n\t\t\t\t\t<a class=\"rollover rollover-zoom dt-pswp-item\" title=\"photo_6039609812691127545_y\" data-dt-img-description=\"\" data-large_image_width=\"1280\" data-large_image_height=\"590\"href='https:\/\/www.radiopiu.net\/wordpress\/wp-content\/uploads\/2026\/01\/photo_6039609812691127545_y.jpg'><img loading=\"lazy\" decoding=\"async\" width=\"150\" height=\"150\" src=\"https:\/\/www.radiopiu.net\/wordpress\/wp-content\/uploads\/2026\/01\/photo_6039609812691127545_y-150x150.jpg\" class=\"attachment-thumbnail size-thumbnail\" alt=\"\" aria-describedby=\"gallery-1-493391\" \/><\/a>\n\t\t\t\t<\/dt>\n\t\t\t\t\t<dd class='wp-caption-text gallery-caption' id='gallery-1-493391'>\n\t\t\t\t\tvalparola veneto strade 8.00\n\t\t\t\t\t<\/dd><\/dl><dl class='gallery-item'>\n\t\t\t\t<dt class='gallery-icon portrait'>\n\t\t\t\t\t<a class=\"rollover rollover-zoom dt-pswp-item\" title=\"c500293d-9fb0-4580-96e9-092235538e45\" data-dt-img-description=\"\" data-large_image_width=\"958\" data-large_image_height=\"1280\"href='https:\/\/www.radiopiu.net\/wordpress\/wp-content\/uploads\/2026\/01\/c500293d-9fb0-4580-96e9-092235538e45.jpg'><img loading=\"lazy\" decoding=\"async\" width=\"150\" height=\"150\" src=\"https:\/\/www.radiopiu.net\/wordpress\/wp-content\/uploads\/2026\/01\/c500293d-9fb0-4580-96e9-092235538e45-150x150.jpg\" class=\"attachment-thumbnail size-thumbnail\" alt=\"\" aria-describedby=\"gallery-1-493389\" \/><\/a>\n\t\t\t\t<\/dt>\n\t\t\t\t\t<dd class='wp-caption-text gallery-caption' id='gallery-1-493389'>\n\t\t\t\t\tFalcade 07.30\n\t\t\t\t\t<\/dd><\/dl><dl class='gallery-item'>\n\t\t\t\t<dt class='gallery-icon landscape'>\n\t\t\t\t\t<a class=\"rollover rollover-zoom dt-pswp-item\" title=\"Screenshot 2026-01-28 072623\" data-dt-img-description=\"\" data-large_image_width=\"508\" data-large_image_height=\"286\"href='https:\/\/www.radiopiu.net\/wordpress\/wp-content\/uploads\/2026\/01\/Screenshot-2026-01-28-072623.png'><img loading=\"lazy\" decoding=\"async\" width=\"150\" height=\"150\" src=\"https:\/\/www.radiopiu.net\/wordpress\/wp-content\/uploads\/2026\/01\/Screenshot-2026-01-28-072623-150x150.png\" class=\"attachment-thumbnail size-thumbnail\" alt=\"\" aria-describedby=\"gallery-1-493383\" \/><\/a>\n\t\t\t\t<\/dt>\n\t\t\t\t\t<dd class='wp-caption-text gallery-caption' id='gallery-1-493383'>\n\t\t\t\t\tFonzaso  700\n\t\t\t\t\t<\/dd><\/dl><br style=\"clear: both\" \/>\n\t\t\t<\/div>\n\n<p>&nbsp;<\/p>\n<div class=\"[--thread-content-max-width:40rem] @w-lg\/main:[--thread-content-max-width:48rem] mx-auto max-w-(--thread-content-max-width) flex-1 group\/turn-messages focus-visible:outline-hidden relative flex w-full min-w-0 flex-col agent-turn\" tabindex=\"-1\">\n<div class=\"z-0 flex min-h-[46px] justify-start\">\n<h1><img decoding=\"async\" src=\"https:\/\/www.radiopiu.net\/wordpress\/wp-content\/uploads\/2026\/01\/e6df836e-edf3-4940-b3b5-d183a16a5b54.png\" \/><\/h1>\n<h1><\/h1>\n<div class=\"page-title-head hgroup\">\n<h1 class=\"entry-title\">META ED ESSILORLUXOTTICA NEL MIRINO DI UNA MAXI CAUSA BREVETTUALE SUGLI OCCHIALI AI<\/h1>\n<\/div>\n<div class=\"page-title-breadcrumbs\">\n<p data-start=\"77\" data-end=\"505\"><strong data-start=\"77\" data-end=\"122\">Secondo Milano Finanza (milanofinanza.it)<\/strong>, Meta Platforms ed EssilorLuxottica sono finite nel mirino di una nuova causa brevettuale negli Stati Uniti. La denuncia \u00e8 stata presentata da Solos Technology, societ\u00e0 di Hong Kong specializzata in occhiali con intelligenza artificiale, che accusa i due gruppi \u2013 insieme a Oakley \u2013 di aver violato consapevolmente brevetti ritenuti fondamentali per lo sviluppo degli smart glasses. Solos chiede un risarcimento di <strong data-start=\"539\" data-end=\"571\">svariati miliardi di dollari<\/strong>, sostenendo che i ricavi degli occhiali Ray-Ban Meta potrebbero arrivare a 10 miliardi entro il 2030, e punta anche a un\u2019ingiunzione che potrebbe bloccare la vendita di alcuni modelli. La causa riguarda tecnologie chiave come audio integrato, sensori, software e interazione uomo-macchina. Il contenzioso si inserisce in un clima di crescente conflittualit\u00e0 legale nel settore degli smart glasses. Tuttavia, secondo gli analisti di Equita e Banca Akros, l\u2019impatto potenziale \u00e8 al momento <strong data-start=\"1061\" data-end=\"1073\">limitato<\/strong>, trattandosi di controversie frequenti nel settore tech, spesso risolte con accordi transattivi senza effetti rilevanti sul mercato azionario.<\/p>\n<p data-start=\"77\" data-end=\"505\"><strong>articolo MILANO FINANZA:<\/strong> <span style=\"color: #0000ff;\"><a style=\"color: #0000ff;\" href=\"https:\/\/www.milanofinanza.it\/fashion\/meta-ed-essilorluxottica-citate-in-giudizio-negli-usa-per-presunta-violazione-di-brevetti-202601261150401172\">CLICCA QUI<\/a><\/span><\/p>\n<p data-start=\"77\" data-end=\"505\"><a class=\"dt-pswp-item\" href=\"https:\/\/www.radiopiu.net\/wordpress\/wp-content\/uploads\/2026\/01\/Screenshot-2026-01-28-085213.png\" data-dt-img-description=\"\" data-large_image_width=\"462\" data-large_image_height=\"181\"><img loading=\"lazy\" decoding=\"async\" class=\"alignnone size-medium wp-image-493399\" src=\"https:\/\/www.radiopiu.net\/wordpress\/wp-content\/uploads\/2026\/01\/Screenshot-2026-01-28-085213-300x118.png\" alt=\"\" width=\"300\" height=\"118\" srcset=\"https:\/\/www.radiopiu.net\/wordpress\/wp-content\/uploads\/2026\/01\/Screenshot-2026-01-28-085213-300x118.png 300w, https:\/\/www.radiopiu.net\/wordpress\/wp-content\/uploads\/2026\/01\/Screenshot-2026-01-28-085213.png 462w\" sizes=\"auto, (max-width: 300px) 100vw, 300px\" \/><\/a><\/p>\n<\/div>\n<\/div>\n<hr \/>\n<div class=\"z-0 flex min-h-[46px] justify-start\">\n<h1><\/h1>\n<h1><\/h1>\n<h1><\/h1>\n<h1>LA\u00a0 \u00a0 APP<\/h1>\n<p><strong><em><span style=\"color: #ff0000;\">LA\u00a0 APP PER IOS-IPHONE di Nicola Vettorello<\/span><\/em><\/strong><\/p>\n<p><strong><span style=\"color: #0000ff;\"><a style=\"color: #0000ff;\" href=\"https:\/\/apps.apple.com\/it\/app\/radio-pi%C3%B9-emittente-agordina\/id1515939845\">https:\/\/apps.apple.com\/it\/app\/radio-pi%C3%B9-emittente-agordina\/id1515939845<\/a><\/span><\/strong><\/p>\n<p><strong><em style=\"color: #ff0000;\">LA\u00a0 APP RADIO\u00a0 PER ANDROID di Nicola Vettorello<\/em><\/strong><\/p>\n<p><strong><span style=\"color: #0000ff;\"><a style=\"color: #0000ff;\" href=\"https:\/\/play.google.com\/store\/apps\/details?id=net.radiopiu.iniko\" target=\"_blank\" rel=\"noopener noreferrer\">https:\/\/<\/a><a style=\"color: #0000ff;\" href=\"https:\/\/play.google.com\/store\/apps\/details?id=net.radiopiu.iniko\" target=\"_blank\" rel=\"noopener noreferrer\">play.google.com\/store\/apps\/details?id=net.radiopiu.iniko\u00a0\u00a0\u00a0\u00a0\u00a0<\/a><\/span><\/strong><\/p>\n<p>&nbsp;<\/p>\n<div class=\"page-title-head hgroup\"><\/div>\n<p>&nbsp;<\/p>\n<hr \/>\n<blockquote><p>&nbsp;<\/p>\n<div class=\"mceTemp\">\n<h1 data-start=\"0\" data-end=\"60\"><strong data-start=\"0\" data-end=\"60\">OGGI SU RADIOPI\u00d9: <span style=\"color: #000000;\">MUSICA, informazione\u00a0<\/span> e dirette\u00a0<\/strong><\/h1>\n<\/div>\n<\/blockquote>\n<div class=\"flex flex-col text-sm pb-25\">\n<article class=\"text-token-text-primary w-full focus:outline-none [--shadow-height:45px] has-data-writing-block:pointer-events-none has-data-writing-block:-mt-(--shadow-height) has-data-writing-block:pt-(--shadow-height) [&amp;:has([data-writing-block])&gt;*]:pointer-events-auto scroll-mt-[calc(var(--header-height)+min(200px,max(70px,20svh)))]\" dir=\"auto\" tabindex=\"-1\" data-turn-id=\"da2f8a29-4751-44ac-b06a-20d94aeccf8b\" data-testid=\"conversation-turn-28\" data-scroll-anchor=\"true\" data-turn=\"assistant\">\n<div class=\"text-base my-auto mx-auto pb-10 [--thread-content-margin:--spacing(4)] @w-sm\/main:[--thread-content-margin:--spacing(6)] @w-lg\/main:[--thread-content-margin:--spacing(16)] px-(--thread-content-margin)\">\n<div class=\"[--thread-content-max-width:40rem] @w-lg\/main:[--thread-content-max-width:48rem] mx-auto max-w-(--thread-content-max-width) flex-1 group\/turn-messages focus-visible:outline-hidden relative flex w-full min-w-0 flex-col agent-turn\" tabindex=\"-1\">\n<div class=\"z-0 flex min-h-[46px] justify-start\">\n<div class=\"flex flex-col text-sm pb-25\">\n<article class=\"text-token-text-primary w-full focus:outline-none [--shadow-height:45px] has-data-writing-block:pointer-events-none has-data-writing-block:-mt-(--shadow-height) has-data-writing-block:pt-(--shadow-height) [&amp;:has([data-writing-block])&gt;*]:pointer-events-auto scroll-mt-[calc(var(--header-height)+min(200px,max(70px,20svh)))]\" dir=\"auto\" tabindex=\"-1\" data-turn-id=\"6f9c1ce5-8440-4a53-925f-408d27e10143\" data-testid=\"conversation-turn-101\" data-scroll-anchor=\"true\" data-turn=\"assistant\">\n<div class=\"text-base my-auto mx-auto pb-10 [--thread-content-margin:--spacing(4)] @w-sm\/main:[--thread-content-margin:--spacing(6)] @w-lg\/main:[--thread-content-margin:--spacing(16)] px-(--thread-content-margin)\">\n<div class=\"[--thread-content-max-width:40rem] @w-lg\/main:[--thread-content-max-width:48rem] mx-auto max-w-(--thread-content-max-width) flex-1 group\/turn-messages focus-visible:outline-hidden relative flex w-full min-w-0 flex-col agent-turn\" tabindex=\"-1\">\n<div class=\"flex max-w-full flex-col grow\">\n<div class=\"min-h-8 text-message relative flex w-full flex-col items-end gap-2 text-start break-words whitespace-normal [.text-message+&amp;]:mt-1\" dir=\"auto\" data-message-author-role=\"assistant\" data-message-id=\"b8e265b9-e4dc-439e-a47c-5c2df9d8f38b\" data-message-model-slug=\"gpt-5-2\">\n<div class=\"flex w-full flex-col gap-1 empty:hidden first:pt-[1px]\">\n<div class=\"markdown prose dark:prose-invert w-full wrap-break-word dark markdown-new-styling\">\n<p data-start=\"108\" data-end=\"360\"><a class=\"dt-pswp-item\" href=\"https:\/\/www.radiopiu.net\/wordpress\/wp-content\/uploads\/2026\/01\/b011d91f-2425-4dfe-a496-f6b629b50c8e.png\" data-dt-img-description=\"\" data-large_image_width=\"1536\" data-large_image_height=\"1024\"><img loading=\"lazy\" decoding=\"async\" class=\"size-medium wp-image-493335 alignleft\" src=\"https:\/\/www.radiopiu.net\/wordpress\/wp-content\/uploads\/2026\/01\/b011d91f-2425-4dfe-a496-f6b629b50c8e-300x200.png\" alt=\"\" width=\"300\" height=\"200\" srcset=\"https:\/\/www.radiopiu.net\/wordpress\/wp-content\/uploads\/2026\/01\/b011d91f-2425-4dfe-a496-f6b629b50c8e-300x200.png 300w, https:\/\/www.radiopiu.net\/wordpress\/wp-content\/uploads\/2026\/01\/b011d91f-2425-4dfe-a496-f6b629b50c8e-1024x683.png 1024w, https:\/\/www.radiopiu.net\/wordpress\/wp-content\/uploads\/2026\/01\/b011d91f-2425-4dfe-a496-f6b629b50c8e-768x512.png 768w, https:\/\/www.radiopiu.net\/wordpress\/wp-content\/uploads\/2026\/01\/b011d91f-2425-4dfe-a496-f6b629b50c8e.png 1536w\" sizes=\"auto, (max-width: 300px) 100vw, 300px\" \/><\/a>La mattina inizia piano, <strong data-start=\"133\" data-end=\"146\">alle 8.05<\/strong>, con la Rassegna Stampa: le notizie giuste, raccontate con calma, per svegliarsi senza fretta.<br data-start=\"241\" data-end=\"244\" \/><strong data-start=\"244\" data-end=\"257\">Alle 8.30<\/strong> arriva \u201cPi\u00f9 Siamo\u201d con Marina, chiacchiere leggere, sorrisi e quel clima di casa che fa bene al cuore. &#x1f4d6; <strong data-start=\"365\" data-end=\"378\">Alle 9.30<\/strong> camminiamo sulle orme di Liana Cavallet: Giovanni Soppelsa ci accompagna nella magia de <em data-start=\"467\" data-end=\"479\">\u201cL\u2019Iliade\u201d<\/em> di Omero, in una nuova versione tutta da scoprire. &#x2728; <strong data-start=\"534\" data-end=\"548\">Alle 10.10<\/strong> spazio all\u2019approfondimento di Alessia Dall\u2019O\u2019, con lo special project GEA Feltre, per capire meglio il mondo che ci circonda. Subito dopo, <strong data-start=\"690\" data-end=\"704\">alle 10.30<\/strong>, come ogni mercoled\u00ec, la professoressa Maria Rosa Salmazo torna con <em data-start=\"773\" data-end=\"814\">\u201cSe non la smetti ti mando dal preside\u201d<\/em>, insieme al Gruppo Walber: riflessioni, scuola e vita, raccontate con intelligenza e umanit\u00e0. &#x1f3d4; <strong data-start=\"913\" data-end=\"927\">Alle 11.30<\/strong> ci lasciamo sorprendere dalle Curiosit\u00e0 Olimpiche di Paola Lanciato, tra storie, aneddoti e sogni a cinque cerchi &#x1f3b6; Nel pomeriggio Radio Pi\u00f9 continua a farti compagnia con Batticinque, Alessio e Marina: musica, parole e sorrisi nello scontro generazionale-musicale che unisce, diverte e scalda l\u2019aria.&#x1f49b; Radio Pi\u00f9 \u00e8 qui: per accompagnarti, coccolarti e non lasciarti mai solo.<\/p>\n<\/div>\n<\/div>\n<\/div>\n<\/div>\n<div class=\"z-0 flex min-h-[46px] justify-start\"><\/div>\n<\/div>\n<\/div>\n<\/article>\n<\/div>\n<blockquote>\n<h1 class=\"_aupe copyable-text x15bjb6t x1n2onr6\"><span class=\"_aupe copyable-text xkrh14z\">1 febbraio\u2026 le agordiniadi, i nostri tedofori\u2026<\/span><\/h1>\n<h1 class=\"_aupe copyable-text x15bjb6t x1n2onr6\"><span class=\"_aupe copyable-text xkrh14z\">stiamo preparando la festa con radiopiu e la proloco di taibon e botol group VI ASPETTIAMO DOMENICA MATTINA ALLE 10.00 ALLO STADIO DI CALCIO IVANO DORIGO.. AD AGORDO. AI TEDOFORI\u2026 E AI PRIMI 100 LA MAGLIETTA CELEBRATIVA<\/span><\/h1>\n<\/blockquote>\n\n\t\t\t<style type='text\/css'>\n\t\t\t\t#gallery-2 {\n\t\t\t\t\tmargin: auto;\n\t\t\t\t}\n\t\t\t\t#gallery-2 .gallery-item {\n\t\t\t\t\tfloat: left;\n\t\t\t\t\tmargin-top: 10px;\n\t\t\t\t\ttext-align: center;\n\t\t\t\t\twidth: 33%;\n\t\t\t\t}\n\t\t\t\t#gallery-2 img {\n\t\t\t\t\tborder: 2px solid #cfcfcf;\n\t\t\t\t}\n\t\t\t\t#gallery-2 .gallery-caption {\n\t\t\t\t\tmargin-left: 0;\n\t\t\t\t}\n\t\t\t\t\/* see gallery_shortcode() in wp-includes\/media.php *\/\n\t\t\t<\/style>\n\t\t<div id='gallery-2' class='dt-gallery-container gallery galleryid-493169 gallery-columns-3 gallery-size-thumbnail'><dl class='gallery-item'>\n\t\t\t\t<dt class='gallery-icon landscape'>\n\t\t\t\t\t<a class=\"rollover rollover-zoom dt-pswp-item\" title=\"4331961937675996920\" data-dt-img-description=\"\" data-large_image_width=\"500\" data-large_image_height=\"261\"href='https:\/\/www.radiopiu.net\/wordpress\/wp-content\/uploads\/2026\/01\/4331961937675996920.jpg'><img loading=\"lazy\" decoding=\"async\" width=\"150\" height=\"150\" src=\"https:\/\/www.radiopiu.net\/wordpress\/wp-content\/uploads\/2026\/01\/4331961937675996920-150x150.jpg\" class=\"attachment-thumbnail size-thumbnail\" alt=\"\" \/><\/a>\n\t\t\t\t<\/dt><\/dl><dl class='gallery-item'>\n\t\t\t\t<dt class='gallery-icon landscape'>\n\t\t\t\t\t<a class=\"rollover rollover-zoom dt-pswp-item\" title=\"AGORDINIADI\" data-dt-img-description=\"\" data-large_image_width=\"526\" data-large_image_height=\"526\"href='https:\/\/www.radiopiu.net\/wordpress\/wp-content\/uploads\/2026\/01\/616479862_1307542348057575_3179022967278239786_n.jpg'><img loading=\"lazy\" decoding=\"async\" width=\"150\" height=\"150\" src=\"https:\/\/www.radiopiu.net\/wordpress\/wp-content\/uploads\/2026\/01\/616479862_1307542348057575_3179022967278239786_n-150x150.jpg\" class=\"attachment-thumbnail size-thumbnail\" alt=\"\" srcset=\"https:\/\/www.radiopiu.net\/wordpress\/wp-content\/uploads\/2026\/01\/616479862_1307542348057575_3179022967278239786_n-150x150.jpg 150w, https:\/\/www.radiopiu.net\/wordpress\/wp-content\/uploads\/2026\/01\/616479862_1307542348057575_3179022967278239786_n-300x300.jpg 300w, https:\/\/www.radiopiu.net\/wordpress\/wp-content\/uploads\/2026\/01\/616479862_1307542348057575_3179022967278239786_n.jpg 526w\" sizes=\"auto, (max-width: 150px) 100vw, 150px\" \/><\/a>\n\t\t\t\t<\/dt><\/dl><dl class='gallery-item'>\n\t\t\t\t<dt class='gallery-icon landscape'>\n\t\t\t\t\t<a class=\"rollover rollover-zoom dt-pswp-item\" title=\"512b7811-36a9-4de6-b618-08a2e144850c\" data-dt-img-description=\"\" data-large_image_width=\"2560\" data-large_image_height=\"1920\"href='https:\/\/www.radiopiu.net\/wordpress\/wp-content\/uploads\/2026\/01\/512b7811-36a9-4de6-b618-08a2e144850c-scaled.jpg'><img loading=\"lazy\" decoding=\"async\" width=\"150\" height=\"150\" src=\"https:\/\/www.radiopiu.net\/wordpress\/wp-content\/uploads\/2026\/01\/512b7811-36a9-4de6-b618-08a2e144850c-150x150.jpg\" class=\"attachment-thumbnail size-thumbnail\" alt=\"\" \/><\/a>\n\t\t\t\t<\/dt><\/dl><br style=\"clear: both\" \/>\n\t\t\t<\/div>\n\n<p>&nbsp;<\/p>\n<\/div>\n<div class=\"mt-3 w-full empty:hidden\">\n<div class=\"text-center\">\n<p>&nbsp;<\/p>\n<\/div>\n<\/div>\n<\/div>\n<\/div>\n<\/article>\n<\/div>\n<hr \/>\n<div class=\"x11i5rnm xat24cr x1mh8g0r x1vvkbs xtlvy1s x126k92a\">\n<h1><strong><br \/>\n<span style=\"color: #0000ff;\">N di parom &#8211; L Almanach de la nosta jent<\/span><\/strong><strong style=\"font-size: 14px;\"><span style=\"color: #ff0000;\">OGNI GIORNO ALLE CINQUE E ALLE NOVE E DIECI\u00a0 DEL MATTINO<\/span><\/strong><\/h1>\n<h1><strong style=\"font-size: 14px;\">LA PUNTATA DI OGGI, 28 GENNAIO 2026<\/strong><\/h1>\n<audio class=\"wp-audio-shortcode\" id=\"audio-493169-1\" preload=\"none\" style=\"width: 100%;\" controls=\"controls\"><source type=\"audio\/mpeg\" src=\"https:\/\/www.radiopiu.net\/wordpress\/wp-content\/uploads\/2026\/01\/AL3-3.mp3?_=1\" \/><a href=\"https:\/\/www.radiopiu.net\/wordpress\/wp-content\/uploads\/2026\/01\/AL3-3.mp3\">https:\/\/www.radiopiu.net\/wordpress\/wp-content\/uploads\/2026\/01\/AL3-3.mp3<\/a><\/audio>\n<p>&nbsp;<\/p>\n<\/div>\n<hr \/>\n<div class=\"x11i5rnm xat24cr x1mh8g0r x1vvkbs xtlvy1s x126k92a\">\n<div dir=\"auto\">\n<div dir=\"auto\">\n<h2><strong><span style=\"color: #0000ff;\">EL BAL DEL FIOR, DI GIULIANA DA RONCH<\/span>\u00a0 <span style=\"color: #ff0000;\">ogni giorno alle sette e venti del mattino<\/span><\/strong><\/h2>\n<h2><strong style=\"font-size: 14px;\">LA PUNTATA DI OGGI 28 GENNAIO 2026<\/strong><\/h2>\n<audio class=\"wp-audio-shortcode\" id=\"audio-493169-2\" preload=\"none\" style=\"width: 100%;\" controls=\"controls\"><source type=\"audio\/mpeg\" src=\"https:\/\/www.radiopiu.net\/wordpress\/wp-content\/uploads\/2026\/01\/GME-3.mp3?_=2\" \/><a href=\"https:\/\/www.radiopiu.net\/wordpress\/wp-content\/uploads\/2026\/01\/GME-3.mp3\">https:\/\/www.radiopiu.net\/wordpress\/wp-content\/uploads\/2026\/01\/GME-3.mp3<\/a><\/audio>\n<\/div>\n<\/div>\n<\/div>\n<p>&nbsp;<\/p>\n<div class=\"x11i5rnm xat24cr x1mh8g0r x1vvkbs xtlvy1s x126k92a\">\n<div dir=\"auto\">\n<hr \/>\n<\/div>\n<\/div>\n<blockquote>\n<h1><\/h1>\n<\/blockquote>\n<h1 style=\"text-align: center;\"><strong>NOTIZIE DELLA NOTTE LA RASSEGNA STAMPA NAZIONALE, AGGIORNAMENTO OGNI GIORNO ALLE SEI DEL MATTINO\u00a0\u00a0<\/strong><\/h1>\n<p>&nbsp;<\/p>\n<p data-start=\"179\" data-end=\"606\"><strong data-start=\"179\" data-end=\"208\"><a class=\"dt-pswp-item\" href=\"https:\/\/www.radiopiu.net\/wordpress\/wp-content\/uploads\/2026\/01\/85d9d30f-bcde-42e9-9b37-b89d1d676db6.png\" data-dt-img-description=\"\" data-large_image_width=\"1536\" data-large_image_height=\"1024\"><img loading=\"lazy\" decoding=\"async\" class=\"size-medium wp-image-493354 alignleft\" src=\"https:\/\/www.radiopiu.net\/wordpress\/wp-content\/uploads\/2026\/01\/85d9d30f-bcde-42e9-9b37-b89d1d676db6-300x200.png\" alt=\"\" width=\"300\" height=\"200\" srcset=\"https:\/\/www.radiopiu.net\/wordpress\/wp-content\/uploads\/2026\/01\/85d9d30f-bcde-42e9-9b37-b89d1d676db6-300x200.png 300w, https:\/\/www.radiopiu.net\/wordpress\/wp-content\/uploads\/2026\/01\/85d9d30f-bcde-42e9-9b37-b89d1d676db6-1024x683.png 1024w, https:\/\/www.radiopiu.net\/wordpress\/wp-content\/uploads\/2026\/01\/85d9d30f-bcde-42e9-9b37-b89d1d676db6-768x512.png 768w, https:\/\/www.radiopiu.net\/wordpress\/wp-content\/uploads\/2026\/01\/85d9d30f-bcde-42e9-9b37-b89d1d676db6.png 1536w\" sizes=\"auto, (max-width: 300px) 100vw, 300px\" \/><\/a>MINNEAPOLIS \u2013 STATI UNITI<\/strong><br data-start=\"208\" data-end=\"211\" \/>Momenti di forte tensione negli Stati Uniti. Una deputata democratica \u00e8 stata spruzzata con una sostanza sconosciuta mentre parlava in pubblico a Minneapolis. L\u2019episodio \u00e8 avvenuto durante una manifestazione ed \u00e8 ora al vaglio delle autorit\u00e0 federali. Nella stessa citt\u00e0, secondo la CNN, due agenti federali avrebbero sparato a un uomo, Pretti, in un altro intervento ancora oggetto di indagine.<\/p>\n<p data-start=\"608\" data-end=\"874\"><strong data-start=\"608\" data-end=\"636\">WASHINGTON \u2013 STATI UNITI<\/strong><br data-start=\"636\" data-end=\"639\" \/>Il presidente Donald Trump torna all\u2019attacco: definisce i manifestanti anti ICE \u201cinsurrezionalisti pagati\u201d e \u201cmalati\u201d, alzando ulteriormente il livello dello scontro politico e sociale sul tema dell\u2019immigrazione e delle forze federali.<\/p>\n<p data-start=\"876\" data-end=\"1106\"><strong data-start=\"876\" data-end=\"907\">MINNEAPOLIS \u2013 ECUADOR \/ USA<\/strong><br data-start=\"907\" data-end=\"910\" \/>L\u2019Ecuador denuncia un presunto tentativo di incursione di un agente ICE all\u2019interno del proprio consolato a Minneapolis. Un fatto grave sul piano diplomatico, ora al centro di verifiche ufficiali.<\/p>\n<p data-start=\"1108\" data-end=\"1354\"><strong data-start=\"1108\" data-end=\"1135\">TEHERAN \u2013 IRAN \/ ITALIA<\/strong><br data-start=\"1135\" data-end=\"1138\" \/>Tensione diplomatica tra Iran e Italia. Teheran convoca l\u2019ambasciatrice italiana Paola Amadei, manifestando irritazione per recenti posizioni di Roma. Il caso apre un nuovo fronte di frizione nei rapporti bilaterali.<\/p>\n<p data-start=\"1356\" data-end=\"1552\"><strong data-start=\"1356\" data-end=\"1393\">CRANS-MONTANA \u2013 SVIZZERA \/ ITALIA<\/strong><br data-start=\"1393\" data-end=\"1396\" \/>La Svizzera apre alla collaborazione con l\u2019Italia: via libera alle squadre investigative comuni per rafforzare la cooperazione giudiziaria transfrontaliera.<\/p>\n<p data-start=\"1554\" data-end=\"1686\"><strong data-start=\"1554\" data-end=\"1574\">SAVOIA \u2013 FRANCIA<\/strong><br data-start=\"1574\" data-end=\"1577\" \/>Incendio in un hotel di una localit\u00e0 sciistica: evacuate 83 persone. Nessun ferito grave, ma grande spavento.<\/p>\n<p data-start=\"1688\" data-end=\"1804\"><strong data-start=\"1688\" data-end=\"1719\">TOKYO \/ HONG KONG \u2013 MERCATI<\/strong><br data-start=\"1719\" data-end=\"1722\" \/>Borse asiatiche contrastate: Tokyo apre in calo, Hong Kong in territorio positivo.<\/p>\n<p data-start=\"1806\" data-end=\"1982\"><strong data-start=\"1806\" data-end=\"1823\">ROMA \u2013 ITALIA<\/strong><br data-start=\"1823\" data-end=\"1826\" \/>Sul fronte interno, la ministra Bongiorno rilancia sul ddl contro la violenza sessuale: pi\u00f9 sanzioni e nuove aggravanti. Dure le critiche delle opposizioni.<\/p>\n<h1>IL GIORNALE DELLE SEI DEL MATTINO<\/h1>\n<audio class=\"wp-audio-shortcode\" id=\"audio-493169-3\" preload=\"none\" style=\"width: 100%;\" controls=\"controls\"><source type=\"audio\/mpeg\" src=\"https:\/\/www.radiopiu.net\/wordpress\/wp-content\/uploads\/2026\/01\/GIORNALEDELLESEI-22.mp3?_=3\" \/><a href=\"https:\/\/www.radiopiu.net\/wordpress\/wp-content\/uploads\/2026\/01\/GIORNALEDELLESEI-22.mp3\">https:\/\/www.radiopiu.net\/wordpress\/wp-content\/uploads\/2026\/01\/GIORNALEDELLESEI-22.mp3<\/a><\/audio>\n<p>&nbsp;<\/p>\n<p>&nbsp;<\/p>\n<p>&nbsp;<\/p>\n<p>&nbsp;<\/p>\n<hr \/>\n<p>&nbsp;<\/p>\n<h1 style=\"text-align: center;\"><span style=\"color: #ff0000;\">I podcast informativi del mattino &#8211; audio &#8211;\u00a0<\/span><\/h1>\n<p><strong>OGNI GIORNO ALLE SETTE DEL MATTINO, LA RASSEGNA STAMPA LOCALE FLASH&#8230; PER CHI VA IN FRETTA. I TITOLI DAI GIORNALI E DAL SITO WWW.RADIOPIU.NET <span style=\"color: #0000ff;\">viene pubblicato alle 7.00<\/span> <span style=\"color: #ff0000;\">DIRETTA RADIO\u00a0 <\/span><\/strong><em><span style=\"color: #ff0000;\">per chi va in fretta&#8230; tante notizie in pochi minuti. L&#8217;informazione locale alla radio, ogni ora dalle 7 del mattino alle 19 della sera.<\/span><\/em><\/p>\n<p>&nbsp;<\/p>\n<h1 style=\"text-align: center;\">DALL&#8217;ITALIA<\/h1>\n<p data-start=\"135\" data-end=\"145\"><strong data-start=\"135\" data-end=\"145\"><a class=\"dt-pswp-item\" href=\"https:\/\/www.radiopiu.net\/wordpress\/wp-content\/uploads\/2026\/01\/50ef0212-4107-4425-9599-58144e074ad0.png\" data-dt-img-description=\"\" data-large_image_width=\"1536\" data-large_image_height=\"1024\"><img loading=\"lazy\" decoding=\"async\" class=\"size-medium wp-image-493355 alignleft\" src=\"https:\/\/www.radiopiu.net\/wordpress\/wp-content\/uploads\/2026\/01\/50ef0212-4107-4425-9599-58144e074ad0-300x200.png\" alt=\"\" width=\"300\" height=\"200\" srcset=\"https:\/\/www.radiopiu.net\/wordpress\/wp-content\/uploads\/2026\/01\/50ef0212-4107-4425-9599-58144e074ad0-300x200.png 300w, https:\/\/www.radiopiu.net\/wordpress\/wp-content\/uploads\/2026\/01\/50ef0212-4107-4425-9599-58144e074ad0-1024x683.png 1024w, https:\/\/www.radiopiu.net\/wordpress\/wp-content\/uploads\/2026\/01\/50ef0212-4107-4425-9599-58144e074ad0-768x512.png 768w, https:\/\/www.radiopiu.net\/wordpress\/wp-content\/uploads\/2026\/01\/50ef0212-4107-4425-9599-58144e074ad0.png 1536w\" sizes=\"auto, (max-width: 300px) 100vw, 300px\" \/><\/a>TORINO<\/strong>Apre la cronaca nera la morte del diciannovenne derubato mentre rientrava in bicicletta dalla discoteca. Il giovane \u00e8 stato lasciato in fin di vita dopo l\u2019aggressione. Gli sciacalli sono stati identificati. La vicenda riaccende l\u2019allarme sicurezza nelle grandi citt\u00e0 e il tema della violenza giovanile.<\/p>\n<p data-start=\"451\" data-end=\"462\"><strong data-start=\"451\" data-end=\"462\">NISCEMI<\/strong>Emergenza in Sicilia: la frana che sta interessando l\u2019intera collina era prevedibile secondo i geologi. Altre abitazioni sono a rischio e per alcune famiglie si prospetta la delocalizzazione definitiva. La Protezione civile parla di dissesto diffuso. Dal fronte politico l\u2019invito a destinare fondi infrastrutturali alle aree colpite dal maltempo.<\/p>\n<p data-start=\"812\" data-end=\"825\"><strong data-start=\"812\" data-end=\"825\">BENEVENTO<\/strong>Tragedia nei cieli: precipitato un elicottero ultraleggero. Una persona \u00e8 morta, un\u2019altra \u00e8 rimasta gravemente ferita. Sono in corso gli accertamenti per chiarire le cause dell\u2019incidente.<\/p>\n<p data-start=\"1016\" data-end=\"1030\"><strong data-start=\"1016\" data-end=\"1030\">SENIGALLIA<\/strong>Caso sanitario che scuote l\u2019opinione pubblica: un paziente oncologico \u00e8 morto dopo essere rimasto per ore senza barella al pronto soccorso, costretto a sdraiarsi a terra per mancanza di posti letto. Aperte verifiche sulle responsabilit\u00e0.<\/p>\n<p data-start=\"1271\" data-end=\"1279\"><strong data-start=\"1271\" data-end=\"1279\">ROMA<\/strong>Arriva la condanna all\u2019ergastolo per Gianluca Molinaro, responsabile del femminicidio di Manuela Petrangeli, uccisa a fucilate nel luglio 2024. Confermata la piena capacit\u00e0 di intendere e volere.<\/p>\n<p data-start=\"1690\" data-end=\"1700\"><strong data-start=\"1690\" data-end=\"1700\">ITALIA<\/strong>Tensione sul caso Almasri: la Corte internazionale solleva dubbi sulla reale disponibilit\u00e0 dell\u2019Italia a cooperare. Intanto i caregiver scendono in piazza contro il ddl Locatelli: chiedono diritti, tutele e una retribuzione dignitosa.<\/p>\n<p data-start=\"1938\" data-end=\"1947\"><strong data-start=\"1938\" data-end=\"1947\">ISTAT<\/strong>Chiude il quadro sociale l\u2019indagine Istat: in quarant\u2019anni l\u2019uso del dialetto in famiglia \u00e8 crollato dal 32% a meno del 10%. Cambia la lingua, cambia l\u2019identit\u00e0 del Paese.<\/p>\n<p>&nbsp;<\/p>\n<p>&nbsp;<\/p>\n<div class=\"flex flex-col text-sm pb-25\">\n<article class=\"text-token-text-primary w-full focus:outline-none [--shadow-height:45px] has-data-writing-block:pointer-events-none has-data-writing-block:-mt-(--shadow-height) has-data-writing-block:pt-(--shadow-height) [&amp;:has([data-writing-block])&gt;*]:pointer-events-auto scroll-mt-[calc(var(--header-height)+min(200px,max(70px,20svh)))]\" dir=\"auto\" tabindex=\"-1\" data-turn-id=\"4725b8e7-448d-49ef-90cd-737bcdd880f6\" data-testid=\"conversation-turn-10\" data-scroll-anchor=\"true\" data-turn=\"assistant\">\n<div class=\"text-base my-auto mx-auto pb-10 [--thread-content-margin:--spacing(4)] @w-sm\/main:[--thread-content-margin:--spacing(6)] @w-lg\/main:[--thread-content-margin:--spacing(16)] px-(--thread-content-margin)\">\n<div class=\"[--thread-content-max-width:40rem] @w-lg\/main:[--thread-content-max-width:48rem] mx-auto max-w-(--thread-content-max-width) flex-1 group\/turn-messages focus-visible:outline-hidden relative flex w-full min-w-0 flex-col agent-turn\" tabindex=\"-1\">\n<hr \/>\n<h1><\/h1>\n<h1><\/h1>\n<h1 style=\"text-align: center;\">DALLA REGIONE VENETO<\/h1>\n<p data-start=\"216\" data-end=\"513\"><strong data-start=\"216\" data-end=\"226\"><a class=\"dt-pswp-item\" href=\"https:\/\/www.radiopiu.net\/wordpress\/wp-content\/uploads\/2026\/01\/c723571c-2254-4abf-8b6a-90f7fca016fc.png\" data-dt-img-description=\"\" data-large_image_width=\"1536\" data-large_image_height=\"1024\"><img loading=\"lazy\" decoding=\"async\" class=\"size-medium wp-image-493356 alignleft\" src=\"https:\/\/www.radiopiu.net\/wordpress\/wp-content\/uploads\/2026\/01\/c723571c-2254-4abf-8b6a-90f7fca016fc-300x200.png\" alt=\"\" width=\"300\" height=\"200\" srcset=\"https:\/\/www.radiopiu.net\/wordpress\/wp-content\/uploads\/2026\/01\/c723571c-2254-4abf-8b6a-90f7fca016fc-300x200.png 300w, https:\/\/www.radiopiu.net\/wordpress\/wp-content\/uploads\/2026\/01\/c723571c-2254-4abf-8b6a-90f7fca016fc-1024x683.png 1024w, https:\/\/www.radiopiu.net\/wordpress\/wp-content\/uploads\/2026\/01\/c723571c-2254-4abf-8b6a-90f7fca016fc-768x512.png 768w, https:\/\/www.radiopiu.net\/wordpress\/wp-content\/uploads\/2026\/01\/c723571c-2254-4abf-8b6a-90f7fca016fc.png 1536w\" sizes=\"auto, (max-width: 300px) 100vw, 300px\" \/><\/a>VERONA <\/strong>Giornata della Memoria segnata da un atto vandalico: a Verona \u00e8 stato imbrattato un monumento dedicato alla Shoah. La Comunit\u00e0 ebraica ha espresso ferma indignazione, definendo l\u2019episodio grave e offensivo, soprattutto in una giornata simbolo del ricordo delle vittime dell\u2019Olocausto.<\/p>\n<p data-start=\"515\" data-end=\"793\"><strong data-start=\"515\" data-end=\"526\">VENEZIA <\/strong>Al Ghetto Nuovo si \u00e8 svolta la cerimonia ufficiale per la Giornata della Memoria, con la partecipazione della comunit\u00e0 ebraica e dei vertici regionali. Un momento solenne per ricordare la deportazione e lo sterminio, e ribadire l\u2019impegno contro ogni forma di odio.<\/p>\n<p data-start=\"795\" data-end=\"1030\"><strong data-start=\"795\" data-end=\"805\">PADOVA <\/strong>All\u2019Universit\u00e0 \u00e8 stata collocata una pietra d\u2019inciampo in memoria di Leopold Goetz, laureato nel 1941, deportato e morto ad Auschwitz. Un gesto che restituisce un nome e una storia a una vittima della persecuzione nazista.<\/p>\n<p data-start=\"1032\" data-end=\"1258\"><strong data-start=\"1032\" data-end=\"1042\">PADOVA <\/strong>Maxi operazione della Guardia di Finanza: sequestrate oltre sette tonnellate di sigarette di contrabbando su un tir moldavo. Arrestato il conducente. Un colpo rilevante al traffico illecito e all\u2019evasione fiscale.<\/p>\n<p data-start=\"1260\" data-end=\"1481\"><strong data-start=\"1260\" data-end=\"1271\">VICENZA <\/strong>Sit-in dei sindacati di polizia davanti alla questura: denunciate gravi carenze di organico, con sei assunzioni a fronte di trenta pensionamenti. \u201cCos\u00ec non si regge il sistema sicurezza\u201d, l\u2019allarme lanciato.<\/p>\n<p data-start=\"1483\" data-end=\"1623\"><strong data-start=\"1483\" data-end=\"1495\">VERONESE <\/strong>Paura per due bambine di 4 e 5 anni investite sulle strisce pedonali mentre andavano all\u2019asilo. Non sono in gravi condizioni.<\/p>\n<p data-start=\"1784\" data-end=\"1929\"><strong data-start=\"1784\" data-end=\"1805\">LAGUNA DI VENEZIA<\/strong><br data-start=\"1805\" data-end=\"1808\" \/>Nuovo allarme ambientale: la \u201cnoce di mare\u201d minaccia l\u2019ecosistema lagunare, con possibili gravi conseguenze per la pesca.<\/p>\n<p>&nbsp;<\/p>\n<p>&nbsp;<\/p>\n<\/div>\n<\/div>\n<\/article>\n<\/div>\n<hr \/>\n<p>&nbsp;<\/p>\n<blockquote>\n<h1><\/h1>\n<h1><a class=\"dt-pswp-item\" href=\"https:\/\/www.radiopiu.net\/wordpress\/wp-content\/uploads\/2024\/05\/La-Val-che-Urla-Mirko-300x169-1.jpg\" data-dt-img-description=\"\" data-large_image_width=\"300\" data-large_image_height=\"169\"><img loading=\"lazy\" decoding=\"async\" class=\" wp-image-388263 alignleft\" src=\"https:\/\/www.radiopiu.net\/wordpress\/wp-content\/uploads\/2024\/05\/La-Val-che-Urla-Mirko-300x169-1.jpg\" alt=\"\" width=\"215\" height=\"121\" \/><\/a>RASSEGNA STAMPA, ORE 7 DEL MATTINO. LE ANTICIPAZIONI<\/h1>\n<p>DI MIRKO MEZZACASA<\/p><\/blockquote>\n<\/div>\n<\/div>\n<\/div>\n<\/article>\n<\/div>\n<div class=\"flex flex-col text-sm pb-25\">\n<article class=\"text-token-text-primary w-full focus:outline-none [--shadow-height:45px] has-data-writing-block:pointer-events-none has-data-writing-block:-mt-(--shadow-height) has-data-writing-block:pt-(--shadow-height) [&amp;:has([data-writing-block])&gt;*]:pointer-events-auto scroll-mt-[calc(var(--header-height)+min(200px,max(70px,20svh)))]\" dir=\"auto\" tabindex=\"-1\" data-turn-id=\"request-WEB:545a5307-a0c9-41c7-9a5f-bf65aefdb8ec-5\" data-testid=\"conversation-turn-12\" data-scroll-anchor=\"true\" data-turn=\"assistant\">\n<div class=\"text-base my-auto mx-auto pb-10 [--thread-content-margin:--spacing(4)] @w-sm\/main:[--thread-content-margin:--spacing(6)] @w-lg\/main:[--thread-content-margin:--spacing(16)] px-(--thread-content-margin)\">\n<div class=\"[--thread-content-max-width:40rem] @w-lg\/main:[--thread-content-max-width:48rem] mx-auto max-w-(--thread-content-max-width) flex-1 group\/turn-messages focus-visible:outline-hidden relative flex w-full min-w-0 flex-col agent-turn\" tabindex=\"-1\">\n<div class=\"z-0 flex min-h-[46px] justify-start\">\n<audio class=\"wp-audio-shortcode\" id=\"audio-493169-4\" preload=\"none\" style=\"width: 100%;\" controls=\"controls\"><source type=\"audio\/mpeg\" src=\"https:\/\/www.radiopiu.net\/wordpress\/wp-content\/uploads\/2026\/01\/GF07-22.mp3?_=4\" \/><a href=\"https:\/\/www.radiopiu.net\/wordpress\/wp-content\/uploads\/2026\/01\/GF07-22.mp3\">https:\/\/www.radiopiu.net\/wordpress\/wp-content\/uploads\/2026\/01\/GF07-22.mp3<\/a><\/audio>\n<p>&nbsp;<\/p>\n<p>&nbsp;<\/p>\n<p>&nbsp;<\/p>\n<hr \/>\n<p>&nbsp;<\/p>\n<p>&nbsp;<\/p>\n<p><strong class=\"photoswipe-wrapper\"><a class=\"dt-pswp-item\" href=\"https:\/\/www.radiopiu.net\/wordpress\/wp-content\/uploads\/2026\/01\/file-2.jpg\" data-dt-img-description=\"\" data-large_image_width=\"640\" data-large_image_height=\"640\"><img loading=\"lazy\" decoding=\"async\" class=\"wp-image-492076 alignleft\" src=\"https:\/\/www.radiopiu.net\/wordpress\/wp-content\/uploads\/2026\/01\/file-2-300x300.jpg\" alt=\"\" width=\"175\" height=\"175\" srcset=\"https:\/\/www.radiopiu.net\/wordpress\/wp-content\/uploads\/2026\/01\/file-2-300x300.jpg 300w, https:\/\/www.radiopiu.net\/wordpress\/wp-content\/uploads\/2026\/01\/file-2-150x150.jpg 150w, https:\/\/www.radiopiu.net\/wordpress\/wp-content\/uploads\/2026\/01\/file-2.jpg 640w\" sizes=\"auto, (max-width: 175px) 100vw, 175px\" \/><\/a>ogni sera alle 19 le anticipazioni alla radio, quello che poi seguirete nel TELEGIORNALE BELLUNESE\u00a0 in onda alle 19.30 sul CANALE 10 del digitale terrestre.\u00a0\u00a0<\/strong><\/p>\n<p>&nbsp;<\/p>\n<blockquote>\n<h2>ANTICIPAZIONI,\u00a0 DI\u00a0 \u00a0TIZIANA BOLOGNANI<\/h2>\n<\/blockquote>\n<\/div>\n<\/div>\n<\/div>\n<\/article>\n<\/div>\n<div class=\"flex flex-col text-sm pb-25\">\n<article class=\"text-token-text-primary w-full focus:outline-none [--shadow-height:45px] has-data-writing-block:pointer-events-none has-data-writing-block:-mt-(--shadow-height) has-data-writing-block:pt-(--shadow-height) [&amp;:has([data-writing-block])&gt;*]:pointer-events-auto scroll-mt-[calc(var(--header-height)+min(200px,max(70px,20svh)))]\" dir=\"auto\" tabindex=\"-1\" data-turn-id=\"request-WEB:545a5307-a0c9-41c7-9a5f-bf65aefdb8ec-5\" data-testid=\"conversation-turn-12\" data-scroll-anchor=\"true\" data-turn=\"assistant\">\n<div class=\"text-base my-auto mx-auto pb-10 [--thread-content-margin:--spacing(4)] @w-sm\/main:[--thread-content-margin:--spacing(6)] @w-lg\/main:[--thread-content-margin:--spacing(16)] px-(--thread-content-margin)\">\n<div class=\"[--thread-content-max-width:40rem] @w-lg\/main:[--thread-content-max-width:48rem] mx-auto max-w-(--thread-content-max-width) flex-1 group\/turn-messages focus-visible:outline-hidden relative flex w-full min-w-0 flex-col agent-turn\" tabindex=\"-1\">\n<div class=\"z-0 flex min-h-[46px] justify-start\">\n<audio class=\"wp-audio-shortcode\" id=\"audio-493169-5\" preload=\"none\" style=\"width: 100%;\" controls=\"controls\"><source type=\"audio\/mpeg\" src=\"https:\/\/www.radiopiu.net\/wordpress\/wp-content\/uploads\/2026\/01\/ANTENNA3-16.mp3?_=5\" \/><a href=\"https:\/\/www.radiopiu.net\/wordpress\/wp-content\/uploads\/2026\/01\/ANTENNA3-16.mp3\">https:\/\/www.radiopiu.net\/wordpress\/wp-content\/uploads\/2026\/01\/ANTENNA3-16.mp3<\/a><\/audio>\n<p>&nbsp;<\/p>\n<hr \/>\n<p>&nbsp;<\/p>\n<h1><span style=\"color: #ff0000;\"><a class=\"dt-pswp-item\" href=\"https:\/\/www.radiopiu.net\/wordpress\/wp-content\/uploads\/2024\/11\/8.jpg\" data-dt-img-description=\"\" data-large_image_width=\"180\" data-large_image_height=\"180\"><img loading=\"lazy\" decoding=\"async\" class=\"size-full wp-image-417910 alignleft\" src=\"https:\/\/www.radiopiu.net\/wordpress\/wp-content\/uploads\/2024\/11\/8.jpg\" alt=\"\" width=\"180\" height=\"180\" srcset=\"https:\/\/www.radiopiu.net\/wordpress\/wp-content\/uploads\/2024\/11\/8.jpg 180w, https:\/\/www.radiopiu.net\/wordpress\/wp-content\/uploads\/2024\/11\/8-150x150.jpg 150w\" sizes=\"auto, (max-width: 180px) 100vw, 180px\" \/><\/a>I podcast informativi del mattino &#8211; video &#8211;\u00a0<\/span><\/h1>\n<h2 style=\"text-align: left;\"><strong>RASSEGNA STAMPA LOCALE, ORE OTTO<\/strong><\/h2>\n<h2><strong><span style=\"color: #0000ff;\">viene\u00a0 <\/span><\/strong><strong><span style=\"color: #0000ff;\">pubblicata alle 8.05 <span style=\"color: #ff0000;\">DIRETTA RADIO\u00a0 \u00a0<\/span><\/span><\/strong><strong>DI MIRKO MEZZACASA<\/strong><\/h2>\n<h1><span style=\"color: #ff0000;\"><strong>VIDEO\u00a0 \u00a0in diretta AGGIORNAMENTO\u00a0 dalle 8 del mattino<\/strong><\/span><\/h1>\n<p>&nbsp;<\/p>\n<div class=\"flex flex-col text-sm pb-25\">\n<article class=\"text-token-text-primary w-full focus:outline-none [--shadow-height:45px] has-data-writing-block:pointer-events-none has-data-writing-block:-mt-(--shadow-height) has-data-writing-block:pt-(--shadow-height) [&amp;:has([data-writing-block])&gt;*]:pointer-events-auto scroll-mt-[calc(var(--header-height)+min(200px,max(70px,20svh)))]\" dir=\"auto\" tabindex=\"-1\" data-turn-id=\"request-WEB:545a5307-a0c9-41c7-9a5f-bf65aefdb8ec-5\" data-testid=\"conversation-turn-12\" data-scroll-anchor=\"true\" data-turn=\"assistant\">\n<div class=\"text-base my-auto mx-auto pb-10 [--thread-content-margin:--spacing(4)] @w-sm\/main:[--thread-content-margin:--spacing(6)] @w-lg\/main:[--thread-content-margin:--spacing(16)] px-(--thread-content-margin)\">\n<div class=\"[--thread-content-max-width:40rem] @w-lg\/main:[--thread-content-max-width:48rem] mx-auto max-w-(--thread-content-max-width) flex-1 group\/turn-messages focus-visible:outline-hidden relative flex w-full min-w-0 flex-col agent-turn\" tabindex=\"-1\">\n<div class=\"z-0 flex min-h-[46px] justify-start\">\n\n\t\t\t<style type='text\/css'>\n\t\t\t\t#gallery-3 {\n\t\t\t\t\tmargin: auto;\n\t\t\t\t}\n\t\t\t\t#gallery-3 .gallery-item {\n\t\t\t\t\tfloat: left;\n\t\t\t\t\tmargin-top: 10px;\n\t\t\t\t\ttext-align: center;\n\t\t\t\t\twidth: 33%;\n\t\t\t\t}\n\t\t\t\t#gallery-3 img {\n\t\t\t\t\tborder: 2px solid #cfcfcf;\n\t\t\t\t}\n\t\t\t\t#gallery-3 .gallery-caption {\n\t\t\t\t\tmargin-left: 0;\n\t\t\t\t}\n\t\t\t\t\/* see gallery_shortcode() in wp-includes\/media.php *\/\n\t\t\t<\/style>\n\t\t<div id='gallery-3' class='dt-gallery-container gallery galleryid-493169 gallery-columns-3 gallery-size-medium'><dl class='gallery-item'>\n\t\t\t\t<dt class='gallery-icon landscape'>\n\t\t\t\t\t<a class=\"rollover rollover-zoom dt-pswp-item\" title=\"Screenshot 2026-01-28 052418\" data-dt-img-description=\"\" data-large_image_width=\"651\" data-large_image_height=\"319\"href='https:\/\/www.radiopiu.net\/wordpress\/wp-content\/uploads\/2026\/01\/Screenshot-2026-01-28-052418.png'><img loading=\"lazy\" decoding=\"async\" width=\"300\" height=\"147\" src=\"https:\/\/www.radiopiu.net\/wordpress\/wp-content\/uploads\/2026\/01\/Screenshot-2026-01-28-052418-300x147.png\" class=\"attachment-medium size-medium\" alt=\"\" srcset=\"https:\/\/www.radiopiu.net\/wordpress\/wp-content\/uploads\/2026\/01\/Screenshot-2026-01-28-052418-300x147.png 300w, https:\/\/www.radiopiu.net\/wordpress\/wp-content\/uploads\/2026\/01\/Screenshot-2026-01-28-052418.png 651w\" sizes=\"auto, (max-width: 300px) 100vw, 300px\" \/><\/a>\n\t\t\t\t<\/dt><\/dl><dl class='gallery-item'>\n\t\t\t\t<dt class='gallery-icon landscape'>\n\t\t\t\t\t<a class=\"rollover rollover-zoom dt-pswp-item\" title=\"Screenshot 2026-01-28 052401\" data-dt-img-description=\"\" data-large_image_width=\"442\" data-large_image_height=\"262\"href='https:\/\/www.radiopiu.net\/wordpress\/wp-content\/uploads\/2026\/01\/Screenshot-2026-01-28-052401.png'><img loading=\"lazy\" decoding=\"async\" width=\"300\" height=\"178\" src=\"https:\/\/www.radiopiu.net\/wordpress\/wp-content\/uploads\/2026\/01\/Screenshot-2026-01-28-052401-300x178.png\" class=\"attachment-medium size-medium\" alt=\"\" srcset=\"https:\/\/www.radiopiu.net\/wordpress\/wp-content\/uploads\/2026\/01\/Screenshot-2026-01-28-052401-300x178.png 300w, https:\/\/www.radiopiu.net\/wordpress\/wp-content\/uploads\/2026\/01\/Screenshot-2026-01-28-052401.png 442w\" sizes=\"auto, (max-width: 300px) 100vw, 300px\" \/><\/a>\n\t\t\t\t<\/dt><\/dl><dl class='gallery-item'>\n\t\t\t\t<dt class='gallery-icon landscape'>\n\t\t\t\t\t<a class=\"rollover rollover-zoom dt-pswp-item\" title=\"Screenshot 2026-01-28 050250\" data-dt-img-description=\"\" data-large_image_width=\"562\" data-large_image_height=\"277\"href='https:\/\/www.radiopiu.net\/wordpress\/wp-content\/uploads\/2026\/01\/Screenshot-2026-01-28-050250.png'><img loading=\"lazy\" decoding=\"async\" width=\"300\" height=\"148\" src=\"https:\/\/www.radiopiu.net\/wordpress\/wp-content\/uploads\/2026\/01\/Screenshot-2026-01-28-050250-300x148.png\" class=\"attachment-medium size-medium\" alt=\"\" srcset=\"https:\/\/www.radiopiu.net\/wordpress\/wp-content\/uploads\/2026\/01\/Screenshot-2026-01-28-050250-300x148.png 300w, https:\/\/www.radiopiu.net\/wordpress\/wp-content\/uploads\/2026\/01\/Screenshot-2026-01-28-050250.png 562w\" sizes=\"auto, (max-width: 300px) 100vw, 300px\" \/><\/a>\n\t\t\t\t<\/dt><\/dl><br style=\"clear: both\" \/>\n\t\t\t<\/div>\n\n<\/div>\n<div>\n<p><iframe loading=\"lazy\" title=\"DAL 1983 LA RASSEGNA STAMPA LOCALE di mirko mezzacasa. L&#039;ORIGINALE\" width=\"1200\" height=\"675\" src=\"https:\/\/www.youtube.com\/embed\/8RHOdTzTDvw?feature=oembed\" frameborder=\"0\" allow=\"accelerometer; autoplay; clipboard-write; encrypted-media; gyroscope; picture-in-picture; web-share\" referrerpolicy=\"strict-origin-when-cross-origin\" allowfullscreen><\/iframe><\/p>\n<\/div>\n<div>\n<hr \/>\n<\/div>\n<\/div>\n<\/div>\n<\/article>\n<\/div>\n<\/div>\n<\/div>\n<\/div>\n<\/article>\n<\/div>\n<p>&nbsp;<\/p>\n<p>&nbsp;<\/p>\n<p>&nbsp;<\/p>\n<blockquote>\n<p data-start=\"0\" data-end=\"101\"><strong data-start=\"0\" data-end=\"101\"><a class=\"dt-pswp-item\" href=\"https:\/\/www.radiopiu.net\/wordpress\/wp-content\/uploads\/2026\/01\/download-24.jpg\" data-dt-img-description=\"\" data-large_image_width=\"260\" data-large_image_height=\"194\"><img loading=\"lazy\" decoding=\"async\" class=\"wp-image-493074 alignleft\" src=\"https:\/\/www.radiopiu.net\/wordpress\/wp-content\/uploads\/2026\/01\/download-24.jpg\" alt=\"\" width=\"186\" height=\"139\" \/><\/a>CHIUSURA TOTALE AL TRAFFICO A TAMBRE<\/strong><\/p>\n<\/blockquote>\n<p data-start=\"103\" data-end=\"488\">Scatter\u00e0 dalle ore 7.00 di marted\u00ec 28 gennaio 2026 e rester\u00e0 in vigore fino alle ore 18.00 del 10 maggio 2026 l\u2019interdizione totale al transito su un tratto della viabilit\u00e0 comunale di <span class=\"hover:entity-accent entity-underline inline cursor-pointer align-baseline\"><span class=\"whitespace-normal\">Tambre<\/span><\/span>, per consentire interventi di consolidamento del piano stradale. Lo prevede l\u2019Ordinanza n. 042\/2026, emanata dal Comune e resa operativa da Veneto Strade. Il provvedimento sar\u00e0 valido tutti i giorni, inclusi sabati, domeniche e festivi infrasettimanali, e riguarda l\u2019intero arco orario compreso tra le 7.00 e le 18.00. La chiusura si rende necessaria per garantire lo svolgimento in sicurezza dei lavori e la tutela di utenti della strada eoperatori<\/p>\n<hr \/>\n<p>&nbsp;<\/p>\n<p>&nbsp;<\/p>\n<p>&nbsp;<\/p>\n<p><strong data-start=\"0\" data-end=\"74\"><a class=\"dt-pswp-item\" href=\"https:\/\/www.radiopiu.net\/wordpress\/wp-content\/uploads\/2026\/01\/Screenshot-2026-01-28-050642.png\" data-dt-img-description=\"\" data-large_image_width=\"278\" data-large_image_height=\"250\"><img loading=\"lazy\" decoding=\"async\" class=\"wp-image-493338 alignleft\" src=\"https:\/\/www.radiopiu.net\/wordpress\/wp-content\/uploads\/2026\/01\/Screenshot-2026-01-28-050642.png\" alt=\"\" width=\"136\" height=\"122\" \/><\/a>PALIO IN LUTTO: ADDIO A SAVERIO SPADA, VOLTO STORICO DI VETTOR MUFFONI<\/strong><strong>FELTRE\u00a0<\/strong> Il Palio \u00a0piange Saverio Spada, scomparso all\u2019et\u00e0 di 88 anni, figura iconica della manifestazione. Per decenni ha impersonato il nobile Vettor Muffoni, diventando un simbolo riconosciuto da tutta la citt\u00e0. Spada lascia la moglie Bruna e i figli Nicola e Giovanni. Il funerale si terr\u00e0 oggi alle 14.30 nella chiesa di Santa Maria degli Angeli, luogo a lui caro per l\u2019impegno parrocchiale e sportivo. Il presidente del Palio Eugenio Tamburrino lo ricorda come una delle persone che hanno legato e rappresentato la storia stessa della rievocazione, lasciando un segno profondo nella memoria collettiva di Feltre.<\/p>\n<p>&nbsp;<\/p>\n<p>&nbsp;<\/p>\n<hr \/>\n<p>&nbsp;<\/p>\n<blockquote>\n<h3>IN ARRIVO PIOGGE ABBONDANTI E NEVE IN MONTAGNA<\/h3>\n<\/blockquote>\n<p><strong><a class=\"dt-pswp-item\" href=\"https:\/\/www.radiopiu.net\/wordpress\/wp-content\/uploads\/2021\/03\/Neve-02_Archivio-DOLOM.IT_-scaled.jpg\" data-dt-img-description=\"\" data-large_image_width=\"2560\" data-large_image_height=\"1920\"><img loading=\"lazy\" decoding=\"async\" class=\" wp-image-197628 alignleft\" src=\"https:\/\/www.radiopiu.net\/wordpress\/wp-content\/uploads\/2021\/03\/Neve-02_Archivio-DOLOM.IT_-300x225.jpg\" alt=\"\" width=\"175\" height=\"131\" srcset=\"https:\/\/www.radiopiu.net\/wordpress\/wp-content\/uploads\/2021\/03\/Neve-02_Archivio-DOLOM.IT_-300x225.jpg 300w, https:\/\/www.radiopiu.net\/wordpress\/wp-content\/uploads\/2021\/03\/Neve-02_Archivio-DOLOM.IT_-1024x768.jpg 1024w, https:\/\/www.radiopiu.net\/wordpress\/wp-content\/uploads\/2021\/03\/Neve-02_Archivio-DOLOM.IT_-768x576.jpg 768w, https:\/\/www.radiopiu.net\/wordpress\/wp-content\/uploads\/2021\/03\/Neve-02_Archivio-DOLOM.IT_-1536x1152.jpg 1536w, https:\/\/www.radiopiu.net\/wordpress\/wp-content\/uploads\/2021\/03\/Neve-02_Archivio-DOLOM.IT_-2048x1536.jpg 2048w\" sizes=\"auto, (max-width: 175px) 100vw, 175px\" \/><\/a>VENEZIA <\/strong>Oggi il tempo sar\u00e0 perturbato con precipitazioni diffuse anche consistenti (30-40 mm), localmente abbondanti (50-70mm) specie sulle zone prealpine, pedemontane, sulla pianura e sulla costa nordorientale. In montagna nevicher\u00e0 inizialmente fino a gran parte dei fondovalle (400-700 m di quota) con limite in rialzo fino a 1200\/1500 metri sulle Prealpi e a 900\/1200 metri sulle Dolomiti, e localmente pi\u00f9 in basso nei settori pi\u00f9 chiusi. Alla luce di queste previsioni, il Centro funzionale decentrato della Protezione civile del Veneto ha dichiarato lo stato di attenzione per nevicate fino alle 8 di domani nelle zone montane. E\u2019 prevista inoltre criticit\u00e0 gialla (stato di attenzione) per rischio idrogeologico ed idraulico nella zona VENE-F (Basso Piave, Sile, Bacino scolante in laguna) fino alle 14 di domani. La criticit\u00e0 idraulica \u00e8 riferita alla sola asta del Sile.<\/p>\n<p>&nbsp;<\/p>\n<p>&nbsp;<\/p>\n<div class=\"flex flex-col text-sm pb-25\">\n<article class=\"text-token-text-primary w-full focus:outline-none [--shadow-height:45px] has-data-writing-block:pointer-events-none has-data-writing-block:-mt-(--shadow-height) has-data-writing-block:pt-(--shadow-height) [&amp;:has([data-writing-block])&gt;*]:pointer-events-auto scroll-mt-[calc(var(--header-height)+min(200px,max(70px,20svh)))]\" dir=\"auto\" tabindex=\"-1\" data-turn-id=\"6bb58046-889e-486d-b93c-e08ac338fe83\" data-testid=\"conversation-turn-114\" data-scroll-anchor=\"true\" data-turn=\"assistant\">\n<div class=\"text-base my-auto mx-auto pb-10 [--thread-content-margin:--spacing(4)] @w-sm\/main:[--thread-content-margin:--spacing(6)] @w-lg\/main:[--thread-content-margin:--spacing(16)] px-(--thread-content-margin)\">\n<div class=\"[--thread-content-max-width:40rem] @w-lg\/main:[--thread-content-max-width:48rem] mx-auto max-w-(--thread-content-max-width) flex-1 group\/turn-messages focus-visible:outline-hidden relative flex w-full min-w-0 flex-col agent-turn\" tabindex=\"-1\">\n<div class=\"flex max-w-full flex-col grow\">\n<div class=\"min-h-8 text-message relative flex w-full flex-col items-end gap-2 text-start break-words whitespace-normal [.text-message+&amp;]:mt-1\" dir=\"auto\" data-message-author-role=\"assistant\" data-message-id=\"87b26ad8-7897-4ab9-88e8-8a36779dc8b5\" data-message-model-slug=\"gpt-5-2\">\n<div class=\"flex w-full flex-col gap-1 empty:hidden first:pt-[1px]\">\n<div><\/div>\n<\/div>\n<\/div>\n<\/div>\n<div class=\"z-0 flex min-h-[46px] justify-start\">\n<hr \/>\n<div class=\"page-title-head hgroup\">\n<h1 class=\"entry-title\">POSTE, CONTROLLI DELLO SPISAL NEGLI UFFICI DI ALLEGHE E AGORDO<\/h1>\n<\/div>\n<p data-start=\"68\" data-end=\"96\"><strong>AGORDO \u2013 ALLEGHE<\/strong><\/p>\n<p class=\"photoswipe-wrapper\" data-start=\"98\" data-end=\"620\"><a class=\"dt-pswp-item pspw-wrap-ready\" href=\"https:\/\/www.radiopiu.net\/wordpress\/wp-content\/uploads\/2026\/01\/Screenshot-2026-01-28-051531.png\" data-dt-img-description=\"\" data-large_image_width=\"599\" data-large_image_height=\"373\"><img loading=\"lazy\" decoding=\"async\" class=\"size-medium wp-image-493343 alignleft\" src=\"https:\/\/www.radiopiu.net\/wordpress\/wp-content\/uploads\/2026\/01\/Screenshot-2026-01-28-051531-300x187.png\" sizes=\"auto, (max-width: 300px) 100vw, 300px\" srcset=\"https:\/\/www.radiopiu.net\/wordpress\/wp-content\/uploads\/2026\/01\/Screenshot-2026-01-28-051531-300x187.png 300w, https:\/\/www.radiopiu.net\/wordpress\/wp-content\/uploads\/2026\/01\/Screenshot-2026-01-28-051531.png 599w\" alt=\"\" width=\"300\" height=\"187\" \/><\/a>Ispezione dello Spisal dell\u2019Ulss 1 Dolomiti negli uffici del recapito di Poste Italiane ad Alleghe e Agordo, dopo le segnalazioni e le denunce presentate dalla Slc Cgil, tramite il referente regionale Adriano Musolino.<\/p>\n<p data-start=\"98\" data-end=\"620\"><em>Lo Spisal ha documentato la situazione pare non migliorata rispetto al passato. E\u2019 stato dato un mese di tempo a Poste Italiane per spostare i portalettere di Agordo e Alleghe nella nuova struttura di Taibon<\/em><\/p>\n<p data-start=\"98\" data-end=\"620\">L\u2019intervento arriva a seguito delle criticit\u00e0 denunciate dal sindacato sulle condizioni di lavoro del personale, costretto \u2013 secondo quanto segnalato \u2013 a operare tra sacchi di corrispondenza inevasa, in alcuni casi lasciati anche all\u2019esterno degli edifici per mancanza di spazi adeguati.<\/p>\n<p data-start=\"622\" data-end=\"1041\">Una situazione che, per la Slc Cgil, rappresenta un rischio sia per la sicurezza dei lavoratori sia per il corretto svolgimento del servizio postale, con ritardi nella consegna della corrispondenza e carichi di lavoro sempre pi\u00f9 difficili da gestire. Alla base delle criticit\u00e0 ci sarebbe anche una carenza di personale, che rende complicato smaltire la posta accumulata e garantire condizioni operative a norma.<\/p>\n<p data-start=\"1043\" data-end=\"1381\" data-is-last-node=\"\" data-is-only-node=\"\">Il sindacato ha ribadito la necessit\u00e0 di interventi rapidi da parte dell\u2019azienda per migliorare l\u2019organizzazione degli spazi,. L\u2019esito dei sopralluoghi dello Spisal sar\u00e0 ora determinante per valutare eventuali prescrizioni e azioni correttive.<\/p>\n<p class=\"photoswipe-wrapper\" data-start=\"98\" data-end=\"620\">dello Spisal sar\u00e0 ora determinante per valutare eventuali prescrizioni e azioni correttive.<\/p>\n<hr \/>\n<div class=\"flex flex-col text-sm pb-25\">\n<article class=\"text-token-text-primary w-full focus:outline-none [--shadow-height:45px] has-data-writing-block:pointer-events-none has-data-writing-block:-mt-(--shadow-height) has-data-writing-block:pt-(--shadow-height) [&amp;:has([data-writing-block])&gt;*]:pointer-events-auto scroll-mt-[calc(var(--header-height)+min(200px,max(70px,20svh)))]\" dir=\"auto\" tabindex=\"-1\" data-turn-id=\"cd4b2d0d-2765-4e3c-b4bf-65d8cdd6e240\" data-testid=\"conversation-turn-110\" data-scroll-anchor=\"true\" data-turn=\"assistant\">\n<div class=\"text-base my-auto mx-auto pb-10 [--thread-content-margin:--spacing(4)] @w-sm\/main:[--thread-content-margin:--spacing(6)] @w-lg\/main:[--thread-content-margin:--spacing(16)] px-(--thread-content-margin)\">\n<div class=\"[--thread-content-max-width:40rem] @w-lg\/main:[--thread-content-max-width:48rem] mx-auto max-w-(--thread-content-max-width) flex-1 group\/turn-messages focus-visible:outline-hidden relative flex w-full min-w-0 flex-col agent-turn\" tabindex=\"-1\"><\/div>\n<\/div>\n<\/article>\n<\/div>\n<div class=\"pointer-events-none h-px w-px absolute bottom-0\" aria-hidden=\"true\" data-edge=\"true\">\n<div class=\"flex flex-col text-sm pb-25\">\n<article class=\"text-token-text-primary w-full focus:outline-none [--shadow-height:45px] has-data-writing-block:pointer-events-none has-data-writing-block:-mt-(--shadow-height) has-data-writing-block:pt-(--shadow-height) [&amp;:has([data-writing-block])&gt;*]:pointer-events-auto scroll-mt-[calc(var(--header-height)+min(200px,max(70px,20svh)))]\" dir=\"auto\" tabindex=\"-1\" data-turn-id=\"cd4b2d0d-2765-4e3c-b4bf-65d8cdd6e240\" data-testid=\"conversation-turn-110\" data-scroll-anchor=\"true\" data-turn=\"assistant\">\n<div class=\"text-base my-auto mx-auto pb-10 [--thread-content-margin:--spacing(4)] @w-sm\/main:[--thread-content-margin:--spacing(6)] @w-lg\/main:[--thread-content-margin:--spacing(16)] px-(--thread-content-margin)\">\n<div class=\"[--thread-content-max-width:40rem] @w-lg\/main:[--thread-content-max-width:48rem] mx-auto max-w-(--thread-content-max-width) flex-1 group\/turn-messages focus-visible:outline-hidden relative flex w-full min-w-0 flex-col agent-turn\" tabindex=\"-1\">\n<blockquote>\n<h2 data-start=\"71\" data-end=\"669\">LIVINALLONGO, UN POZZO IN UGANDA NEL RICORDO DI LARA DE CASSAN<\/h2>\n<\/blockquote>\n<p><strong>di LORENZO SORATROI<\/strong><\/p>\n<div class=\"flex flex-col text-sm pb-25\">\n<article class=\"text-token-text-primary w-full focus:outline-none [--shadow-height:45px] has-data-writing-block:pointer-events-none has-data-writing-block:-mt-(--shadow-height) has-data-writing-block:pt-(--shadow-height) [&amp;:has([data-writing-block])&gt;*]:pointer-events-auto scroll-mt-[calc(var(--header-height)+min(200px,max(70px,20svh)))]\" dir=\"auto\" tabindex=\"-1\" data-turn-id=\"70548dd9-4326-4d11-9a2e-0059d6e7b56b\" data-testid=\"conversation-turn-124\" data-scroll-anchor=\"true\" data-turn=\"assistant\">\n<div class=\"text-base my-auto mx-auto pb-10 [--thread-content-margin:--spacing(4)] @w-sm\/main:[--thread-content-margin:--spacing(6)] @w-lg\/main:[--thread-content-margin:--spacing(16)] px-(--thread-content-margin)\">\n<div class=\"[--thread-content-max-width:40rem] @w-lg\/main:[--thread-content-max-width:48rem] mx-auto max-w-(--thread-content-max-width) flex-1 group\/turn-messages focus-visible:outline-hidden relative flex w-full min-w-0 flex-col agent-turn\" tabindex=\"-1\">\n<div class=\"flex max-w-full flex-col grow\">\n<div class=\"min-h-8 text-message relative flex w-full flex-col items-end gap-2 text-start break-words whitespace-normal [.text-message+&amp;]:mt-1\" dir=\"auto\" data-message-author-role=\"assistant\" data-message-id=\"a0eacb55-5dbd-4988-b0e4-ca88766924f7\" data-message-model-slug=\"gpt-5-2\">\n<div class=\"flex w-full flex-col gap-1 empty:hidden first:pt-[1px]\">\n<div class=\"markdown prose dark:prose-invert w-full wrap-break-word dark markdown-new-styling\">\n<p data-start=\"68\" data-end=\"379\"><img loading=\"lazy\" decoding=\"async\" class=\"alignleft\" src=\"https:\/\/www.radiopiu.net\/wordpress\/wp-content\/uploads\/2026\/01\/e3cc4431-6a22-433b-a24f-0ae39fa42db5-300x238-1.jpg\" width=\"171\" height=\"136\" \/>A Livinallongo la solidariet\u00e0 diventa memoria viva. Grazie all\u2019iniziativa dell\u2019associazione <strong data-start=\"160\" data-end=\"184\">Insieme si Pu\u00f2 Fodom<\/strong>, sar\u00e0 realizzato un <strong data-start=\"205\" data-end=\"245\">pozzo per l\u2019acqua potabile in Uganda<\/strong>, nella regione poverissima della Karamoja, dedicato a <strong data-start=\"300\" data-end=\"318\">Lara De Cassan<\/strong>, giovane albergatrice di Arabba scomparsa lo scorso autunno. Il progetto, gi\u00e0 previsto tra le attivit\u00e0 solidali del 2025, ha preso nuovo slancio dopo la sua morte, trasformando il dolore in un gesto concreto di aiuto. In poche settimane la raccolta fondi ha superato <strong data-start=\"587\" data-end=\"601\">8.500 euro<\/strong>, grazie a donazioni arrivate anche da fuori valle, da amici, clienti e associazioni. I fondi sono gi\u00e0 stati inviati e i lavori partiranno a breve. Con le offerte in eccesso saranno sostenute altre iniziative umanitarie. \u00abCos\u00ec il sorriso di Lara continuer\u00e0 a vivere\u00bb, dicono dall\u2019associazione, \u00abnegli occhi di chi avr\u00e0 finalmente acqua e speranza\u00bb.<\/p>\n<p>AUDIO<\/p>\n<audio class=\"wp-audio-shortcode\" id=\"audio-493169-6\" preload=\"none\" style=\"width: 100%;\" controls=\"controls\"><source type=\"audio\/mpeg\" src=\"https:\/\/www.radiopiu.net\/wordpress\/wp-content\/uploads\/2026\/01\/LARA-LORENZO.mp3?_=6\" \/><a href=\"https:\/\/www.radiopiu.net\/wordpress\/wp-content\/uploads\/2026\/01\/LARA-LORENZO.mp3\">https:\/\/www.radiopiu.net\/wordpress\/wp-content\/uploads\/2026\/01\/LARA-LORENZO.mp3<\/a><\/audio>\n<\/div>\n<\/div>\n<\/div>\n<\/div>\n<\/div>\n<\/div>\n<\/article>\n<\/div>\n<\/div>\n<\/div>\n<\/article>\n<\/div>\n<div class=\"pointer-events-none h-px w-px absolute bottom-0\" aria-hidden=\"true\" data-edge=\"true\"><\/div>\n<\/div>\n<p data-start=\"1043\" data-end=\"1381\" data-is-last-node=\"\" data-is-only-node=\"\">\n<\/div>\n<div class=\"mt-3 w-full empty:hidden\">\n<div class=\"text-center\"><\/div>\n<\/div>\n<\/div>\n<\/div>\n<\/article>\n<\/div>\n<hr \/>\n<p>&nbsp;<\/p>\n<p><span style=\"color: #ff0000;\"><strong>OGGI LA GIUDIZIARIA<\/strong><\/span><br \/>\n<span style=\"color: #ff0000;\"><strong>DAL CORRIERE DELLA ALPI<\/strong><\/span><br \/>\n<span style=\"color: #ff0000;\"><strong>DI GIGI SOSSO<\/strong><\/span><\/p>\n<p>&nbsp;<\/p>\n<div class=\"flex flex-col text-sm pb-25\">\n<article class=\"text-token-text-primary w-full focus:outline-none [--shadow-height:45px] has-data-writing-block:pointer-events-none has-data-writing-block:-mt-(--shadow-height) has-data-writing-block:pt-(--shadow-height) [&amp;:has([data-writing-block])&gt;*]:pointer-events-auto scroll-mt-[calc(var(--header-height)+min(200px,max(70px,20svh)))]\" dir=\"auto\" tabindex=\"-1\" data-turn-id=\"cd4b2d0d-2765-4e3c-b4bf-65d8cdd6e240\" data-testid=\"conversation-turn-110\" data-scroll-anchor=\"true\" data-turn=\"assistant\">\n<div class=\"text-base my-auto mx-auto pb-10 [--thread-content-margin:--spacing(4)] @w-sm\/main:[--thread-content-margin:--spacing(6)] @w-lg\/main:[--thread-content-margin:--spacing(16)] px-(--thread-content-margin)\">\n<div class=\"[--thread-content-max-width:40rem] @w-lg\/main:[--thread-content-max-width:48rem] mx-auto max-w-(--thread-content-max-width) flex-1 group\/turn-messages focus-visible:outline-hidden relative flex w-full min-w-0 flex-col agent-turn\" tabindex=\"-1\">\n<div class=\"flex max-w-full flex-col grow\">\n<div class=\"min-h-8 text-message relative flex w-full flex-col items-end gap-2 text-start break-words whitespace-normal [.text-message+&amp;]:mt-1\" dir=\"auto\" data-message-author-role=\"assistant\" data-message-id=\"6b5d513c-21f6-4330-b34b-54c160177a2d\" data-message-model-slug=\"gpt-5-2\">\n<div class=\"flex w-full flex-col gap-1 empty:hidden first:pt-[1px]\">\n<blockquote>\n<p data-start=\"0\" data-end=\"67\"><strong data-start=\"0\" data-end=\"67\"><a class=\"dt-pswp-item\" href=\"https:\/\/www.radiopiu.net\/wordpress\/wp-content\/uploads\/2026\/01\/305868b6-7bea-4165-9858-66f784f3fba2.png\" data-dt-img-description=\"\" data-large_image_width=\"1536\" data-large_image_height=\"1024\"><img loading=\"lazy\" decoding=\"async\" class=\"size-medium wp-image-493358 alignleft\" src=\"https:\/\/www.radiopiu.net\/wordpress\/wp-content\/uploads\/2026\/01\/305868b6-7bea-4165-9858-66f784f3fba2-300x200.png\" alt=\"\" width=\"300\" height=\"200\" srcset=\"https:\/\/www.radiopiu.net\/wordpress\/wp-content\/uploads\/2026\/01\/305868b6-7bea-4165-9858-66f784f3fba2-300x200.png 300w, https:\/\/www.radiopiu.net\/wordpress\/wp-content\/uploads\/2026\/01\/305868b6-7bea-4165-9858-66f784f3fba2-1024x683.png 1024w, https:\/\/www.radiopiu.net\/wordpress\/wp-content\/uploads\/2026\/01\/305868b6-7bea-4165-9858-66f784f3fba2-768x512.png 768w, https:\/\/www.radiopiu.net\/wordpress\/wp-content\/uploads\/2026\/01\/305868b6-7bea-4165-9858-66f784f3fba2.png 1536w\" sizes=\"auto, (max-width: 300px) 100vw, 300px\" \/><\/a>MOLESTIE IN ASCENSORE: COLLEGA A PROCESSO PER VIOLENZA SESSUALE<\/strong><\/p>\n<\/blockquote>\n<p class=\"markdown prose dark:prose-invert w-full wrap-break-word dark markdown-new-styling\"><strong>BELLUNO\u00a0<\/strong> Un uomo, G.D.R., \u00e8 stato rinviato a giudizio a Belluno con l\u2019accusa di violenza sessuale per aver palpeggiato una collega in ascensore durante l\u2019orario di lavoro. La donna ha sporto denuncia e si costituir\u00e0 parte civile nel processo. L\u2019udienza preliminare si \u00e8 svolta a porte chiuse davanti al giudice Paolo Velo, che ha fissato la prossima data al 9 giugno. Non ci sarebbero testimoni diretti, come spesso accade in questo tipo di reati. La difesa e la parte civile potrebbero valutare un accordo, ma il procedimento penale va avanti: la pena prevista va da sei a dodici anni di reclusione.<\/p>\n<p><strong data-start=\"0\" data-end=\"78\">CODICE ROSSO ARCHIVIATO: NON LUOGO A PROCEDERE PER PRESUNTI MALTRATTAMENTI<\/strong><\/p>\n<p><strong>BELLUNO\u00a0 <\/strong>Si \u00e8 chiuso con un non luogo a procedere il procedimento per presunti maltrattamenti in famiglia a carico di O.H., cittadino kosovaro, a Belluno. La moglie lo aveva inizialmente denunciato, ma in seguito ha ritrattato, chiarendo meglio i fatti dopo aver superato difficolt\u00e0 linguistiche. Davanti al giudice per le udienze preliminari Paolo Velo, e su richiesta del pubblico ministero Claudio Fabris, il caso \u00e8 stato archiviato. L\u2019uomo, difeso dall\u2019avvocato Tullio Tandura, \u00e8 stato quindi prosciolto: nessun rinvio a giudizio e procedimento definitivamente chiuso.<\/p>\n<\/div>\n<\/div>\n<\/div>\n<blockquote>\n<h3 data-start=\"0\" data-end=\"70\"><strong data-start=\"0\" data-end=\"70\">SPACCIO DI COCAINA NEL FELTRINO: PATTEGGIA DUE ANNI E QUATTRO MESI<\/strong><\/h3>\n<\/blockquote>\n<p class=\"z-0 flex min-h-[46px] justify-start\"><strong>FELTRE\u00a0<\/strong> Un cittadino nigeriano residente a Montebelluna ha patteggiato due anni e quattro mesi di reclusione e 1.600 euro di multa per detenzione di cocaina ai fini di spaccio. Era stato arrestato dai carabinieri di Feltre dopo essere stato fermato nei pressi di un bar di Anz\u00f9, dove avrebbe dovuto incontrare un cliente. In auto gli sono stati trovati 31,5 grammi di cocaina gi\u00e0 suddivisi in dosi. Durante il controllo ha tentato la fuga, ingaggiando una breve colluttazione nella quale un militare \u00e8 rimasto lievemente ferito. Dopo l\u2019arresto e il carcere a Baldenich, l\u2019uomo era stato scarcerato con divieto di dimora in provincia di Belluno, misura rispettata fino al patteggiamento disposto dal giudice.<\/p>\n<blockquote>\n<h3 data-start=\"0\" data-end=\"69\"><strong data-start=\"0\" data-end=\"69\">ESTORSIONE E DROGA: VENTENNE ARRESTATO, RISCHIA OLTRE CINQUE ANNI<\/strong><\/h3>\n<\/blockquote>\n<p class=\"z-0 flex min-h-[46px] justify-start\"><strong>FELTRE<\/strong> \u00c8 detenuto nel carcere di Baldenich il 20enne M Ei, arrestato dai carabinieri per estorsione, droga e resistenza. Il giovane avrebbe chiesto per mesi denaro a un coetaneo di Trichiana: l\u2019ultima richiesta, 200 euro, ha fatto scattare una trappola dei militari in borghese, che lo hanno bloccato in flagranza dopo un tentativo di fuga. In casa sono stati trovati 110 grammi di cocaina, un bilancino e materiale per il confezionamento. Difeso dall\u2019avvocato Enrico Rech, rischia una condanna superiore ai cinque anni, mentre le indagini restano aperte.<\/p>\n<hr \/>\n<hr \/>\n<hr \/>\n<hr \/>\n<hr \/>\n<hr \/>\n<hr \/>\n<hr \/>\n<hr \/>\n<hr \/>\n<hr \/>\n<hr \/>\n<hr \/>\n<hr \/>\n<hr \/>\n<hr \/>\n<hr \/>\n<hr \/>\n<hr \/>\n<hr \/>\n<hr \/>\n<hr \/>\n<hr \/>\n<hr \/>\n<hr \/>\n<hr \/>\n<hr \/>\n<hr \/>\n<hr \/>\n<hr \/>\n<\/div>\n<\/div>\n<\/article>\n<\/div>\n<div class=\"pointer-events-none h-px w-px absolute bottom-0\" aria-hidden=\"true\" data-edge=\"true\"><\/div>\n<hr \/>\n<p>&nbsp;<\/p>\n<div class=\"page-title-head hgroup\">\n<blockquote>\n<h2 class=\"entry-title\">CASA VENETO APRE A CORTINA, CUORE DELLE OLIMPIADI<\/h2>\n<\/blockquote>\n<\/div>\n<p data-start=\"55\" data-end=\"681\" data-is-last-node=\"\" data-is-only-node=\"\"><a class=\"dt-pswp-item\" href=\"https:\/\/www.radiopiu.net\/wordpress\/wp-content\/uploads\/2026\/01\/c4338e27-2033-4aaa-988e-fc600cc8dbab.jpg\" data-dt-img-description=\"\" data-large_image_width=\"1600\" data-large_image_height=\"900\"><img loading=\"lazy\" decoding=\"async\" class=\"size-medium wp-image-493240 alignleft\" src=\"https:\/\/www.radiopiu.net\/wordpress\/wp-content\/uploads\/2026\/01\/c4338e27-2033-4aaa-988e-fc600cc8dbab-300x169.jpg\" alt=\"\" width=\"300\" height=\"169\" srcset=\"https:\/\/www.radiopiu.net\/wordpress\/wp-content\/uploads\/2026\/01\/c4338e27-2033-4aaa-988e-fc600cc8dbab-300x169.jpg 300w, https:\/\/www.radiopiu.net\/wordpress\/wp-content\/uploads\/2026\/01\/c4338e27-2033-4aaa-988e-fc600cc8dbab-1024x576.jpg 1024w, https:\/\/www.radiopiu.net\/wordpress\/wp-content\/uploads\/2026\/01\/c4338e27-2033-4aaa-988e-fc600cc8dbab-768x432.jpg 768w, https:\/\/www.radiopiu.net\/wordpress\/wp-content\/uploads\/2026\/01\/c4338e27-2033-4aaa-988e-fc600cc8dbab-1536x864.jpg 1536w, https:\/\/www.radiopiu.net\/wordpress\/wp-content\/uploads\/2026\/01\/c4338e27-2033-4aaa-988e-fc600cc8dbab.jpg 1600w\" sizes=\"auto, (max-width: 300px) 100vw, 300px\" \/><\/a>Taglio del nastro ieri sera a Cortina d\u2019Ampezzo per <strong data-start=\"129\" data-end=\"144\">Casa Veneto<\/strong>, ospitata alla Casa delle Regole, che accoglier\u00e0 eventi e iniziative per tutto il periodo olimpico. Sar\u00e0 il centro della promozione delle eccellenze venete e bellunesi, dall\u2019impresa allo sport, dal turismo all\u2019enogastronomia. Un luogo simbolo della legacy olimpica, come sottolineato dal presidente regionale Alberto Stefani e dal sindaco Gianluca Lorenzi. Casa Veneto sar\u00e0 anche la sede del format radiofonico <strong data-start=\"558\" data-end=\"606\">\u201cCortina come Olimpia. Lo sport prende voce\u201d<\/strong>, con Radio Pi\u00f9 e Radio Club 103, in onda durante Olimpiadi e Paralimpiadi.<\/p>\n<p>DI DANIELE DALVIT<\/p>\n<audio class=\"wp-audio-shortcode\" id=\"audio-493169-7\" preload=\"none\" style=\"width: 100%;\" controls=\"controls\"><source type=\"audio\/mpeg\" src=\"https:\/\/www.radiopiu.net\/wordpress\/wp-content\/uploads\/2026\/01\/Servizio-Inaugurazione-Casa-Veneto-Cortina.mp3?_=7\" \/><a href=\"https:\/\/www.radiopiu.net\/wordpress\/wp-content\/uploads\/2026\/01\/Servizio-Inaugurazione-Casa-Veneto-Cortina.mp3\">https:\/\/www.radiopiu.net\/wordpress\/wp-content\/uploads\/2026\/01\/Servizio-Inaugurazione-Casa-Veneto-Cortina.mp3<\/a><\/audio>\n<p>&nbsp;<\/p>\n<p>&nbsp;<\/p>\n<hr \/>\n<p>&nbsp;<\/p>\n<h1 class=\"_title post-title entry-title\">CORTINA D\u2019AMPEZZO | GLI USA SMENTISCONO IL VIMINALE: AGENTI ICE ALLE OLIMPIADI<\/h1>\n<p>ALESSANDRO ZAN (Europarlamentare Partito Democratico), NICOLA FRATOIANNI (Segretario Alleanza Verdi Sinistra), GIOVANNI MANILDO (Capogruppo Partito Democratico Regione Veneto ) (Servizio di\u00a0<a href=\"https:\/\/antennatre.medianordest.it\/redazione\/Cristian-Arboit\/\">Cristian Arboit<\/a>)<\/p>\n<p><iframe loading=\"lazy\" title=\"GLI USA SMENTISCONO IL VIMINALE: AGENTI ICE ALLE OLIMPIADI | 27\/01\/2026\" width=\"1200\" height=\"675\" src=\"https:\/\/www.youtube.com\/embed\/NpT2XVaKfME?feature=oembed\" frameborder=\"0\" allow=\"accelerometer; autoplay; clipboard-write; encrypted-media; gyroscope; picture-in-picture; web-share\" referrerpolicy=\"strict-origin-when-cross-origin\" allowfullscreen><\/iframe><\/p>\n<hr \/>\n<p>&nbsp;<\/p>\n<blockquote>\n<h3>CORTINA RIACCOGLIE LA FIAMMA OLIMPICA TRA MEMORIA E FUTURO<\/h3>\n<\/blockquote>\n<p><strong>CORTINA <\/strong>Cortina d\u2019Ampezzo ha vissuto una serata intensa e partecipata con l\u2019arrivo della Fiamma Olimpica, accolta luned\u00ec lungo il percorso della staffetta e poi nel cuore del paese, in Largo delle Poste. Qui la comunit\u00e0 si \u00e8 riunita per la cerimonia conclusiva, tra musica, immagini, racconti e momenti di forte valore simbolico. Centrale il richiamo ai 70 anni dalle Olimpiadi Invernali del 1956, celebrati con la Banda Musicale di Cortina, una lettura dedicata alla storia olimpica ampezzana e la presentazione del poster ufficiale \u201cAnniversary 1956\u20132026\u201d. Il momento pi\u00f9 emozionante \u00e8 stato l\u2019arrivo degli ultimi tedofori e l\u2019accensione del braciere da parte di Carlo Calz\u00e0, Manuela Angeli e Bruno Alberti, testimoni viventi dello spirito olimpico. Il Sindaco Gianluca Lorenzi ha sottolineato il valore del legame tra passato e presente, ringraziando istituzioni, operatori e cittadini. Una serata che ha unito memoria, partecipazione e attesa per Milano Cortina 2026.<\/p>\n\n\t\t\t<style type='text\/css'>\n\t\t\t\t#gallery-4 {\n\t\t\t\t\tmargin: auto;\n\t\t\t\t}\n\t\t\t\t#gallery-4 .gallery-item {\n\t\t\t\t\tfloat: left;\n\t\t\t\t\tmargin-top: 10px;\n\t\t\t\t\ttext-align: center;\n\t\t\t\t\twidth: 33%;\n\t\t\t\t}\n\t\t\t\t#gallery-4 img {\n\t\t\t\t\tborder: 2px solid #cfcfcf;\n\t\t\t\t}\n\t\t\t\t#gallery-4 .gallery-caption {\n\t\t\t\t\tmargin-left: 0;\n\t\t\t\t}\n\t\t\t\t\/* see gallery_shortcode() in wp-includes\/media.php *\/\n\t\t\t<\/style>\n\t\t<div id='gallery-4' class='dt-gallery-container gallery galleryid-493169 gallery-columns-3 gallery-size-medium'><dl class='gallery-item'>\n\t\t\t\t<dt class='gallery-icon landscape'>\n\t\t\t\t\t<a class=\"rollover rollover-zoom dt-pswp-item\" title=\"La lanterna con la Fiamma a Cortina\" data-dt-img-description=\"\" data-large_image_width=\"1647\" data-large_image_height=\"1235\"href='https:\/\/www.radiopiu.net\/wordpress\/wp-content\/uploads\/2026\/01\/La-lanterna-con-la-Fiamma-a-Cortina.jpg'><img loading=\"lazy\" decoding=\"async\" width=\"300\" height=\"225\" src=\"https:\/\/www.radiopiu.net\/wordpress\/wp-content\/uploads\/2026\/01\/La-lanterna-con-la-Fiamma-a-Cortina-300x225.jpg\" class=\"attachment-medium size-medium\" alt=\"\" srcset=\"https:\/\/www.radiopiu.net\/wordpress\/wp-content\/uploads\/2026\/01\/La-lanterna-con-la-Fiamma-a-Cortina-300x225.jpg 300w, https:\/\/www.radiopiu.net\/wordpress\/wp-content\/uploads\/2026\/01\/La-lanterna-con-la-Fiamma-a-Cortina-1024x768.jpg 1024w, https:\/\/www.radiopiu.net\/wordpress\/wp-content\/uploads\/2026\/01\/La-lanterna-con-la-Fiamma-a-Cortina-768x576.jpg 768w, https:\/\/www.radiopiu.net\/wordpress\/wp-content\/uploads\/2026\/01\/La-lanterna-con-la-Fiamma-a-Cortina-1536x1152.jpg 1536w, https:\/\/www.radiopiu.net\/wordpress\/wp-content\/uploads\/2026\/01\/La-lanterna-con-la-Fiamma-a-Cortina.jpg 1647w\" sizes=\"auto, (max-width: 300px) 100vw, 300px\" \/><\/a>\n\t\t\t\t<\/dt><\/dl><dl class='gallery-item'>\n\t\t\t\t<dt class='gallery-icon landscape'>\n\t\t\t\t\t<a class=\"rollover rollover-zoom dt-pswp-item\" title=\"Lorenzi e Varnier svelano il poster di Rovero\" data-dt-img-description=\"\" data-large_image_width=\"1358\" data-large_image_height=\"764\"href='https:\/\/www.radiopiu.net\/wordpress\/wp-content\/uploads\/2026\/01\/Lorenzi-e-Varnier-svelano-il-poster-di-Rovero.png'><img loading=\"lazy\" decoding=\"async\" width=\"300\" height=\"169\" src=\"https:\/\/www.radiopiu.net\/wordpress\/wp-content\/uploads\/2026\/01\/Lorenzi-e-Varnier-svelano-il-poster-di-Rovero-300x169.png\" class=\"attachment-medium size-medium\" alt=\"\" srcset=\"https:\/\/www.radiopiu.net\/wordpress\/wp-content\/uploads\/2026\/01\/Lorenzi-e-Varnier-svelano-il-poster-di-Rovero-300x169.png 300w, https:\/\/www.radiopiu.net\/wordpress\/wp-content\/uploads\/2026\/01\/Lorenzi-e-Varnier-svelano-il-poster-di-Rovero-1024x576.png 1024w, https:\/\/www.radiopiu.net\/wordpress\/wp-content\/uploads\/2026\/01\/Lorenzi-e-Varnier-svelano-il-poster-di-Rovero-768x432.png 768w, https:\/\/www.radiopiu.net\/wordpress\/wp-content\/uploads\/2026\/01\/Lorenzi-e-Varnier-svelano-il-poster-di-Rovero.png 1358w\" sizes=\"auto, (max-width: 300px) 100vw, 300px\" \/><\/a>\n\t\t\t\t<\/dt><\/dl><dl class='gallery-item'>\n\t\t\t\t<dt class='gallery-icon landscape'>\n\t\t\t\t\t<a class=\"rollover rollover-zoom dt-pswp-item\" title=\"Saluti finali\" data-dt-img-description=\"\" data-large_image_width=\"2560\" data-large_image_height=\"1870\"href='https:\/\/www.radiopiu.net\/wordpress\/wp-content\/uploads\/2026\/01\/Saluti-finali-scaled.jpg'><img loading=\"lazy\" decoding=\"async\" width=\"300\" height=\"219\" src=\"https:\/\/www.radiopiu.net\/wordpress\/wp-content\/uploads\/2026\/01\/Saluti-finali-300x219.jpg\" class=\"attachment-medium size-medium\" alt=\"\" srcset=\"https:\/\/www.radiopiu.net\/wordpress\/wp-content\/uploads\/2026\/01\/Saluti-finali-300x219.jpg 300w, https:\/\/www.radiopiu.net\/wordpress\/wp-content\/uploads\/2026\/01\/Saluti-finali-1024x748.jpg 1024w, https:\/\/www.radiopiu.net\/wordpress\/wp-content\/uploads\/2026\/01\/Saluti-finali-768x561.jpg 768w, https:\/\/www.radiopiu.net\/wordpress\/wp-content\/uploads\/2026\/01\/Saluti-finali-1536x1122.jpg 1536w, https:\/\/www.radiopiu.net\/wordpress\/wp-content\/uploads\/2026\/01\/Saluti-finali-2048x1496.jpg 2048w\" sizes=\"auto, (max-width: 300px) 100vw, 300px\" \/><\/a>\n\t\t\t\t<\/dt><\/dl><br style=\"clear: both\" \/>\n\t\t\t<\/div>\n\n<p>&nbsp;<\/p>\n<p>&nbsp;<\/p>\n<hr \/>\n<p>&nbsp;<\/p>\n<blockquote>\n<h3>RETE ELETTRICA PRONTA PER MILANO-CORTINA 2026<\/h3>\n<\/blockquote>\n<p>In Cadore e nella conca ampezzana \u00e8 pronta la nuova rete elettrica in vista delle Olimpiadi Milano-Cortina 2026. E-Distribuzione, del Gruppo Enel, ha completato interventi per oltre 16 milioni di euro, realizzando una rete pi\u00f9 moderna, sicura e resiliente a servizio di Cortina e di oltre venti comuni del territorio. Costruite nuove cabine primarie e secondarie, posati pi\u00f9 di 26 chilometri di linee interrate e rimosse numerose linee aeree, con benefici per sicurezza, ambiente e affidabilit\u00e0. Quattro delle nuove cabine secondarie sono dedicate alla fornitura di altrettanti siti olimpici &#8211; Pista da Bob, Stadio del Ghiaccio, Villaggio Olimpico e Pista Olimpia &#8211; mentre le rimanenti sono destinate a potenziare la rete territoriale.\u00a0 L\u2019infrastruttura garantir\u00e0 continuit\u00e0 del servizio durante i Giochi e rappresenta un\u2019importante eredit\u00e0 per il futuro del Cadore.<\/p>\n\n\t\t\t<style type='text\/css'>\n\t\t\t\t#gallery-5 {\n\t\t\t\t\tmargin: auto;\n\t\t\t\t}\n\t\t\t\t#gallery-5 .gallery-item {\n\t\t\t\t\tfloat: left;\n\t\t\t\t\tmargin-top: 10px;\n\t\t\t\t\ttext-align: center;\n\t\t\t\t\twidth: 33%;\n\t\t\t\t}\n\t\t\t\t#gallery-5 img {\n\t\t\t\t\tborder: 2px solid #cfcfcf;\n\t\t\t\t}\n\t\t\t\t#gallery-5 .gallery-caption {\n\t\t\t\t\tmargin-left: 0;\n\t\t\t\t}\n\t\t\t\t\/* see gallery_shortcode() in wp-includes\/media.php *\/\n\t\t\t<\/style>\n\t\t<div id='gallery-5' class='dt-gallery-container gallery galleryid-493169 gallery-columns-3 gallery-size-medium'><dl class='gallery-item'>\n\t\t\t\t<dt class='gallery-icon portrait'>\n\t\t\t\t\t<a class=\"rollover rollover-zoom dt-pswp-item\" title=\"ENEL\" data-dt-img-description=\"\" data-large_image_width=\"1500\" data-large_image_height=\"2000\"href='https:\/\/www.radiopiu.net\/wordpress\/wp-content\/uploads\/2026\/01\/Tecnici-E-Distribuzione-al-lavoro-su-linea-aerea-rotated.jpg'><img loading=\"lazy\" decoding=\"async\" width=\"225\" height=\"300\" src=\"https:\/\/www.radiopiu.net\/wordpress\/wp-content\/uploads\/2026\/01\/Tecnici-E-Distribuzione-al-lavoro-su-linea-aerea-225x300.jpg\" class=\"attachment-medium size-medium\" alt=\"\" srcset=\"https:\/\/www.radiopiu.net\/wordpress\/wp-content\/uploads\/2026\/01\/Tecnici-E-Distribuzione-al-lavoro-su-linea-aerea-225x300.jpg 225w, https:\/\/www.radiopiu.net\/wordpress\/wp-content\/uploads\/2026\/01\/Tecnici-E-Distribuzione-al-lavoro-su-linea-aerea-768x1024.jpg 768w, https:\/\/www.radiopiu.net\/wordpress\/wp-content\/uploads\/2026\/01\/Tecnici-E-Distribuzione-al-lavoro-su-linea-aerea-1152x1536.jpg 1152w, https:\/\/www.radiopiu.net\/wordpress\/wp-content\/uploads\/2026\/01\/Tecnici-E-Distribuzione-al-lavoro-su-linea-aerea-rotated.jpg 1500w\" sizes=\"auto, (max-width: 225px) 100vw, 225px\" \/><\/a>\n\t\t\t\t<\/dt><\/dl><dl class='gallery-item'>\n\t\t\t\t<dt class='gallery-icon landscape'>\n\t\t\t\t\t<a class=\"rollover rollover-zoom dt-pswp-item\" title=\"ENEL\" data-dt-img-description=\"\" data-large_image_width=\"2000\" data-large_image_height=\"1125\"href='https:\/\/www.radiopiu.net\/wordpress\/wp-content\/uploads\/2026\/01\/E-Distribuzione-cabina-primaria-di-Arabba-1.jpg'><img loading=\"lazy\" decoding=\"async\" width=\"300\" height=\"169\" src=\"https:\/\/www.radiopiu.net\/wordpress\/wp-content\/uploads\/2026\/01\/E-Distribuzione-cabina-primaria-di-Arabba-1-300x169.jpg\" class=\"attachment-medium size-medium\" alt=\"\" srcset=\"https:\/\/www.radiopiu.net\/wordpress\/wp-content\/uploads\/2026\/01\/E-Distribuzione-cabina-primaria-di-Arabba-1-300x169.jpg 300w, https:\/\/www.radiopiu.net\/wordpress\/wp-content\/uploads\/2026\/01\/E-Distribuzione-cabina-primaria-di-Arabba-1-1024x576.jpg 1024w, https:\/\/www.radiopiu.net\/wordpress\/wp-content\/uploads\/2026\/01\/E-Distribuzione-cabina-primaria-di-Arabba-1-768x432.jpg 768w, https:\/\/www.radiopiu.net\/wordpress\/wp-content\/uploads\/2026\/01\/E-Distribuzione-cabina-primaria-di-Arabba-1-1536x864.jpg 1536w, https:\/\/www.radiopiu.net\/wordpress\/wp-content\/uploads\/2026\/01\/E-Distribuzione-cabina-primaria-di-Arabba-1.jpg 2000w\" sizes=\"auto, (max-width: 300px) 100vw, 300px\" \/><\/a>\n\t\t\t\t<\/dt><\/dl><dl class='gallery-item'>\n\t\t\t\t<dt class='gallery-icon landscape'>\n\t\t\t\t\t<a class=\"rollover rollover-zoom dt-pswp-item\" title=\"ENEL\" data-dt-img-description=\"\" data-large_image_width=\"2000\" data-large_image_height=\"1500\"href='https:\/\/www.radiopiu.net\/wordpress\/wp-content\/uploads\/2026\/01\/Cabina-secondaria-Palazzo-del-Ghiaccio.jpg'><img loading=\"lazy\" decoding=\"async\" width=\"300\" height=\"225\" src=\"https:\/\/www.radiopiu.net\/wordpress\/wp-content\/uploads\/2026\/01\/Cabina-secondaria-Palazzo-del-Ghiaccio-300x225.jpg\" class=\"attachment-medium size-medium\" alt=\"\" srcset=\"https:\/\/www.radiopiu.net\/wordpress\/wp-content\/uploads\/2026\/01\/Cabina-secondaria-Palazzo-del-Ghiaccio-300x225.jpg 300w, https:\/\/www.radiopiu.net\/wordpress\/wp-content\/uploads\/2026\/01\/Cabina-secondaria-Palazzo-del-Ghiaccio-1024x768.jpg 1024w, https:\/\/www.radiopiu.net\/wordpress\/wp-content\/uploads\/2026\/01\/Cabina-secondaria-Palazzo-del-Ghiaccio-768x576.jpg 768w, https:\/\/www.radiopiu.net\/wordpress\/wp-content\/uploads\/2026\/01\/Cabina-secondaria-Palazzo-del-Ghiaccio-1536x1152.jpg 1536w, https:\/\/www.radiopiu.net\/wordpress\/wp-content\/uploads\/2026\/01\/Cabina-secondaria-Palazzo-del-Ghiaccio.jpg 2000w\" sizes=\"auto, (max-width: 300px) 100vw, 300px\" \/><\/a>\n\t\t\t\t<\/dt><\/dl><br style=\"clear: both\" \/>\n\t\t\t<\/div>\n\n<p>&nbsp;<\/p>\n<p>&nbsp;<\/p>\n<hr \/>\n<p>&nbsp;<\/p>\n<h1 class=\"_title post-title entry-title\">CORTINA D\u2019AMPEZZO | L\u2019OLIMPIADE INVERNALE E\u2019 ENTRATA NEL VIVO: LARGO AI VALORI DELLO SPORT<\/h1>\n<p>\u2013 Intervistati GIANLUCA LORENZI (SINDACO DI CORTINA D\u2019AMPEZZO), ALBERTO STEFANI (PRESIDENTE REGIONE VENETO), LUCAS PAVANETTO (VICE PRESIDENTE REGIONE VENETO), ROBERTA DE ZANNA (CONSIGLIERA MINORANZA COMUNE DI CORTINA D\u2019AMPEZZO) (Servizio di\u00a0<a href=\"https:\/\/antennatre.medianordest.it\/redazione\/Tiziana-Bolognani\/\">Tiziana Bolognani<\/a>)<\/p>\n<p><iframe loading=\"lazy\" title=\"L&#039;OLIMPIADE INVERNALE E&#039; ENTRATA NEL VIVO: LARGO AI VALORI DELLO SPORT  | 27\/01\/2026\" width=\"1200\" height=\"675\" src=\"https:\/\/www.youtube.com\/embed\/pV99WczSJsI?feature=oembed\" frameborder=\"0\" allow=\"accelerometer; autoplay; clipboard-write; encrypted-media; gyroscope; picture-in-picture; web-share\" referrerpolicy=\"strict-origin-when-cross-origin\" allowfullscreen><\/iframe><\/p>\n<p>&nbsp;<\/p>\n<hr \/>\n<p>&nbsp;<\/p>\n<div class=\"page-title-head hgroup\">\n<h1 class=\"entry-title\">NOIALTRI, LE FAMIGLIE DENUNCIANO: \u00abCENTRO DIURNO NON A NORMA\u00bb<\/h1>\n<\/div>\n<div class=\"page-title-breadcrumbs\"><a class=\"dt-pswp-item pspw-wrap-ready\" href=\"https:\/\/www.radiopiu.net\/wordpress\/wp-content\/uploads\/2021\/12\/1567244878192_Dario_Dal_Magro_p.png.jpg\" data-dt-img-description=\"\" data-large_image_width=\"350\" data-large_image_height=\"200\"><img loading=\"lazy\" decoding=\"async\" class=\" wp-image-251309 alignleft\" src=\"https:\/\/www.radiopiu.net\/wordpress\/wp-content\/uploads\/2021\/12\/1567244878192_Dario_Dal_Magro_p.png-300x171.jpg\" sizes=\"auto, (max-width: 223px) 100vw, 223px\" srcset=\"https:\/\/www.radiopiu.net\/wordpress\/wp-content\/uploads\/2021\/12\/1567244878192_Dario_Dal_Magro_p.png-300x171.jpg 300w, https:\/\/www.radiopiu.net\/wordpress\/wp-content\/uploads\/2021\/12\/1567244878192_Dario_Dal_Magro_p.png.jpg 350w\" alt=\"\" width=\"223\" height=\"127\" \/><\/a>Le famiglie dei ragazzi che frequentano il centro diurno Noialtri di Mel lanciano un appello pubblico e una denuncia formale: la sede non \u00e8 a norma e la situazione va avanti da oltre due anni senza soluzioni concrete. In una lettera indirizzata al consigliere comunale Dario Dal Magro (foto), i familiari ringraziano per la mozione presentata in Consiglio, ma denunciano l\u2019inerzia delle istituzioni. L\u2019impegno a individuare una nuova struttura idonea, affidato al sindaco di Borgo Valbelluna Stefano Cesa, non ha prodotto risultati. Oggi il servizio prosegue solo grazie a deroghe dell\u2019Ulss, ritenute ormai un abuso per mantenere attivi spazi non conformi. Le famiglie parlano di indifferenza istituzionale e chiedono spazi dignitosi, non favori: dalla ristrutturazione di edifici esistenti a una nuova sede modulare. Il messaggio \u00e8 chiaro: i tempi sono scaduti e la disabilit\u00e0 deve tornare una priorit\u00e0 reale.<\/div>\n<p>&nbsp;<\/p>\n<hr \/>\n<p>&nbsp;<\/p>\n<p>&nbsp;<\/p>\n<p>&nbsp;<\/p>\n<blockquote>\n<h3 data-start=\"0\" data-end=\"78\"><strong data-start=\"0\" data-end=\"78\">LIVINALLONGO, IL SINDACO NAGLER: \u00abCASE AI GIOVANI, STOP ALLA SPECULAZIONE\u00bb<\/strong><\/h3>\n<\/blockquote>\n<p data-start=\"80\" data-end=\"413\"><strong>DI LORENZO SORATROI\u00a0<\/strong><\/p>\n<p data-start=\"80\" data-end=\"413\"><strong><br \/>\n<a class=\"dt-pswp-item\" href=\"https:\/\/www.radiopiu.net\/wordpress\/wp-content\/uploads\/2026\/01\/Screenshot-2026-01-28-052226.png\" data-dt-img-description=\"\" data-large_image_width=\"325\" data-large_image_height=\"234\"><img loading=\"lazy\" decoding=\"async\" class=\" wp-image-493348 alignleft\" src=\"https:\/\/www.radiopiu.net\/wordpress\/wp-content\/uploads\/2026\/01\/Screenshot-2026-01-28-052226-300x216.png\" alt=\"\" width=\"192\" height=\"138\" srcset=\"https:\/\/www.radiopiu.net\/wordpress\/wp-content\/uploads\/2026\/01\/Screenshot-2026-01-28-052226-300x216.png 300w, https:\/\/www.radiopiu.net\/wordpress\/wp-content\/uploads\/2026\/01\/Screenshot-2026-01-28-052226.png 325w\" sizes=\"auto, (max-width: 192px) 100vw, 192px\" \/><\/a>LIVINALLONGO<\/strong> Il sindaco di Livinallongo Oscar Nagler replica alle critiche dell\u2019opposizione sulle nuove norme per i fabbricati rurali, difendendo la variante urbanistica approvata dal Consiglio. \u00abNon ci sono decisioni calate dall\u2019alto \u2013 chiarisce \u2013 ma regole di salvaguardia per frenare la speculazione e aiutare i giovani fodomi a trovare casa\u00bb. Secondo Nagler, i vincoli sulle <em data-start=\"447\" data-end=\"454\">majon<\/em> saranno valutati <strong data-start=\"472\" data-end=\"489\">caso per caso<\/strong>, privilegiando l\u2019interesse comunale e la prima casa. Smentite anche le accuse su divieti eccessivi: \u00abFalse le affermazioni su stufe, imposte e perequazione. Le regole servono a tutelare l\u2019architettura tradizionale e a evitare operazioni speculative dei foresti\u00bb. L\u2019obiettivo, conclude il sindaco, \u00e8 chiaro: \u00abChiudere la stalla prima che scappino tutti i buoi e garantire un futuro abitativo alle famiglie locali\u00bb.<\/p>\n<p>AUDIO<\/p>\n<p>&nbsp;<\/p>\n<p>&nbsp;<\/p>\n<p>&nbsp;<\/p>\n<hr \/>\n<p>&nbsp;<\/p>\n<blockquote>\n<h3><a class=\"dt-pswp-item\" href=\"https:\/\/www.radiopiu.net\/wordpress\/wp-content\/uploads\/2026\/01\/9091cffe-53dc-47cc-b493-4bbb2455de62.jpg\" data-dt-img-description=\"\" data-large_image_width=\"844\" data-large_image_height=\"1224\"><img loading=\"lazy\" decoding=\"async\" class=\" wp-image-493310 alignleft\" src=\"https:\/\/www.radiopiu.net\/wordpress\/wp-content\/uploads\/2026\/01\/9091cffe-53dc-47cc-b493-4bbb2455de62-207x300.jpg\" alt=\"\" width=\"116\" height=\"168\" srcset=\"https:\/\/www.radiopiu.net\/wordpress\/wp-content\/uploads\/2026\/01\/9091cffe-53dc-47cc-b493-4bbb2455de62-207x300.jpg 207w, https:\/\/www.radiopiu.net\/wordpress\/wp-content\/uploads\/2026\/01\/9091cffe-53dc-47cc-b493-4bbb2455de62-706x1024.jpg 706w, https:\/\/www.radiopiu.net\/wordpress\/wp-content\/uploads\/2026\/01\/9091cffe-53dc-47cc-b493-4bbb2455de62-768x1114.jpg 768w, https:\/\/www.radiopiu.net\/wordpress\/wp-content\/uploads\/2026\/01\/9091cffe-53dc-47cc-b493-4bbb2455de62.jpg 844w\" sizes=\"auto, (max-width: 116px) 100vw, 116px\" \/><\/a>BELLUNO RICORDA LA SHOAH NEL GIORNO DELLA MEMORIA<\/h3>\n<\/blockquote>\n<p><strong>BELLUNO <\/strong>In occasione del Giorno della Memoria, istituito dalla Legge 20 luglio 2000 n. 211, la Giunta Comunale di Belluno rinnova il proprio impegno nel ricordare gli orrori della Shoah. L\u2019Amministrazione sottolinea l\u2019importanza di una riflessione rigorosa, condivisa e non ideologica sulle responsabilit\u00e0 storiche del passato, affinch\u00e9 la memoria diventi strumento di consapevolezza civile. Viene ribadito il valore assoluto della persona umana e della sua dignit\u00e0, condannando con fermezza ogni forma di discriminazione fondata sull\u2019odio razziale. Un richiamo esplicito \u00e8 rivolto all\u2019articolo 3 della Costituzione Italiana, fondamento di uguaglianza, rispetto e convivenza democratica.<\/p>\n<p>&nbsp;<\/p>\n<p>&nbsp;<\/p>\n<hr \/>\n<p>&nbsp;<\/p>\n<blockquote>\n<h3>IL COMUNE DI SAN TOMASO INCASSA 46 MILA EURO DALLA VENDITA DI UN LOTTO BOSCHIVO<\/h3>\n<\/blockquote>\n<p><strong><a class=\"dt-pswp-item\" href=\"https:\/\/www.radiopiu.net\/wordpress\/wp-content\/uploads\/2021\/07\/SAN-TOMASO-AGORDINO.png\" data-dt-img-description=\"\" data-large_image_width=\"1906\" data-large_image_height=\"1514\"><img loading=\"lazy\" decoding=\"async\" class=\" wp-image-224233 alignleft\" src=\"https:\/\/www.radiopiu.net\/wordpress\/wp-content\/uploads\/2021\/07\/SAN-TOMASO-AGORDINO-300x238.png\" alt=\"\" width=\"164\" height=\"130\" srcset=\"https:\/\/www.radiopiu.net\/wordpress\/wp-content\/uploads\/2021\/07\/SAN-TOMASO-AGORDINO-300x238.png 300w, https:\/\/www.radiopiu.net\/wordpress\/wp-content\/uploads\/2021\/07\/SAN-TOMASO-AGORDINO-1024x813.png 1024w, https:\/\/www.radiopiu.net\/wordpress\/wp-content\/uploads\/2021\/07\/SAN-TOMASO-AGORDINO-768x610.png 768w, https:\/\/www.radiopiu.net\/wordpress\/wp-content\/uploads\/2021\/07\/SAN-TOMASO-AGORDINO-1536x1220.png 1536w, https:\/\/www.radiopiu.net\/wordpress\/wp-content\/uploads\/2021\/07\/SAN-TOMASO-AGORDINO.png 1906w\" sizes=\"auto, (max-width: 164px) 100vw, 164px\" \/><\/a>SAN TOMASO<\/strong><\/p>\n<p>DI GIANNI SANTOMASO<\/p>\n<audio class=\"wp-audio-shortcode\" id=\"audio-493169-8\" preload=\"none\" style=\"width: 100%;\" controls=\"controls\"><source type=\"audio\/mpeg\" src=\"https:\/\/www.radiopiu.net\/wordpress\/wp-content\/uploads\/2026\/01\/GIANNI-IL-COMUNE-DI-SAN-TOMASO-INCASSA-46-MILA-EURO-DALLA-VENDITA-DI-UN-LOTTO-BOSCHIVO.mp3?_=8\" \/><a href=\"https:\/\/www.radiopiu.net\/wordpress\/wp-content\/uploads\/2026\/01\/GIANNI-IL-COMUNE-DI-SAN-TOMASO-INCASSA-46-MILA-EURO-DALLA-VENDITA-DI-UN-LOTTO-BOSCHIVO.mp3\">https:\/\/www.radiopiu.net\/wordpress\/wp-content\/uploads\/2026\/01\/GIANNI-IL-COMUNE-DI-SAN-TOMASO-INCASSA-46-MILA-EURO-DALLA-VENDITA-DI-UN-LOTTO-BOSCHIVO.mp3<\/a><\/audio>\n<p>&nbsp;<\/p>\n<hr \/>\n<p>&nbsp;<\/p>\n<blockquote>\n<h3>RINNOVATO IL CONTRATTO REGIONALE PER IL SETTORE ALIMENTARE IN VENETO<\/h3>\n<\/blockquote>\n<p><strong><a class=\"dt-pswp-item\" href=\"https:\/\/www.radiopiu.net\/wordpress\/wp-content\/uploads\/2026\/01\/20026-01-27_ccrl-alimentare.jpeg\" data-dt-img-description=\"\" data-large_image_width=\"1600\" data-large_image_height=\"1200\"><img loading=\"lazy\" decoding=\"async\" class=\" wp-image-493288 alignleft\" src=\"https:\/\/www.radiopiu.net\/wordpress\/wp-content\/uploads\/2026\/01\/20026-01-27_ccrl-alimentare-300x225.jpeg\" alt=\"\" width=\"181\" height=\"136\" srcset=\"https:\/\/www.radiopiu.net\/wordpress\/wp-content\/uploads\/2026\/01\/20026-01-27_ccrl-alimentare-300x225.jpeg 300w, https:\/\/www.radiopiu.net\/wordpress\/wp-content\/uploads\/2026\/01\/20026-01-27_ccrl-alimentare-1024x768.jpeg 1024w, https:\/\/www.radiopiu.net\/wordpress\/wp-content\/uploads\/2026\/01\/20026-01-27_ccrl-alimentare-768x576.jpeg 768w, https:\/\/www.radiopiu.net\/wordpress\/wp-content\/uploads\/2026\/01\/20026-01-27_ccrl-alimentare-1536x1152.jpeg 1536w, https:\/\/www.radiopiu.net\/wordpress\/wp-content\/uploads\/2026\/01\/20026-01-27_ccrl-alimentare.jpeg 1600w\" sizes=\"auto, (max-width: 181px) 100vw, 181px\" \/><\/a>MESTRE (VE) <\/strong>Il 26 gennaio 2026 \u00e8 stato sottoscritto il nuovo Contratto Collettivo Regionale di Lavoro per il settore alimentare artigiano e affini in Veneto, valido dal 1\u00b0 gennaio 2026 al 31 dicembre 2028. L\u2019accordo, firmato dalle associazioni datoriali e dalle organizzazioni sindacali regionali, rappresenta un passo rilevante per accompagnare l\u2019evoluzione del comparto, rafforzando competitivit\u00e0 e tutele. Il rinnovo interviene su organizzazione del lavoro, bilateralit\u00e0, previdenza, welfare e premialit\u00e0, valorizzando il ruolo degli organismi bilaterali. Tra le novit\u00e0 principali figurano la Banca ore solidale e la nuova prestazione EBAV per il sostegno alle spese energetiche dei dipendenti. Confermato l\u2019impegno sulla previdenza complementare con contributi rafforzati, soprattutto per gli under 35. Sul piano economico sono previsti interventi di welfare, la strutturalit\u00e0 dell\u2019ERT e l\u2019introduzione del Premio di Risultato Veneto, a conferma della centralit\u00e0 della contrattazione regionale e del valore del lavoro.<\/p>\n<p>&nbsp;<\/p>\n<p>&nbsp;<\/p>\n<hr \/>\n<p>&nbsp;<\/p>\n<blockquote>\n<h2 data-start=\"0\" data-end=\"57\"><strong data-start=\"0\" data-end=\"57\">SEDICO \u2013 INCONTRO CON L\u2019AUTRICE, UN MESSAGGIO DI PACE<\/strong><\/h2>\n<\/blockquote>\n<p data-start=\"59\" data-end=\"631\" data-is-last-node=\"\" data-is-only-node=\"\">Gli studenti delle classi prime e seconde delle scuole medie di Sedico e Sospirolo hanno incontrato la scrittrice <strong data-start=\"224\" data-end=\"248\">Nicoletta Bortolotti<\/strong> al Polo culturale di Sedico e alla biblioteca di Sospirolo, nell\u2019ambito del progetto \u201cIncontro con l\u2019autore\u201d. Al centro il romanzo <em data-start=\"380\" data-end=\"444\">\u201cSulle onde della libert\u00e0. Una storia di amicizia a Gaza City\u201d<\/em>, che racconta il legame tra due ragazzi, uno palestinese e uno israeliano, uniti dallo sport e dalla voglia di superare gli stereotipi. Dieci classi sono state coinvolte in un percorso di lettura, riflessione e approfondimento sul Medio Oriente, sulla conoscenza di s\u00e9 e sulla scrittura. L\u2019autrice ha dialogato con i ragazzi, raccontando il proprio percorso e invitandoli a \u201ccercare la loro onda\u201d. Dall\u2019incontro \u00e8 emerso un forte messaggio di speranza e pace, che i ragazzi sono chiamati a portare nel loro quotidiano.<\/p>\n\n\t\t\t<style type='text\/css'>\n\t\t\t\t#gallery-6 {\n\t\t\t\t\tmargin: auto;\n\t\t\t\t}\n\t\t\t\t#gallery-6 .gallery-item {\n\t\t\t\t\tfloat: left;\n\t\t\t\t\tmargin-top: 10px;\n\t\t\t\t\ttext-align: center;\n\t\t\t\t\twidth: 50%;\n\t\t\t\t}\n\t\t\t\t#gallery-6 img {\n\t\t\t\t\tborder: 2px solid #cfcfcf;\n\t\t\t\t}\n\t\t\t\t#gallery-6 .gallery-caption {\n\t\t\t\t\tmargin-left: 0;\n\t\t\t\t}\n\t\t\t\t\/* see gallery_shortcode() in wp-includes\/media.php *\/\n\t\t\t<\/style>\n\t\t<div id='gallery-6' class='dt-gallery-container gallery galleryid-493169 gallery-columns-2 gallery-size-medium'><dl class='gallery-item'>\n\t\t\t\t<dt class='gallery-icon landscape'>\n\t\t\t\t\t<a class=\"rollover rollover-zoom dt-pswp-item\" title=\"Gli alunni delle medie di Sedico assistono all&#039;incontro con Nicoletta Bort...olotti\" data-dt-img-description=\"\" data-large_image_width=\"1280\" data-large_image_height=\"960\"href='https:\/\/www.radiopiu.net\/wordpress\/wp-content\/uploads\/2026\/01\/Gli-alunni-delle-medie-di-Sedico-assistono-allincontro-con-Nicoletta-Bort.olotti.jpg'><img loading=\"lazy\" decoding=\"async\" width=\"300\" height=\"225\" src=\"https:\/\/www.radiopiu.net\/wordpress\/wp-content\/uploads\/2026\/01\/Gli-alunni-delle-medie-di-Sedico-assistono-allincontro-con-Nicoletta-Bort.olotti-300x225.jpg\" class=\"attachment-medium size-medium\" alt=\"\" srcset=\"https:\/\/www.radiopiu.net\/wordpress\/wp-content\/uploads\/2026\/01\/Gli-alunni-delle-medie-di-Sedico-assistono-allincontro-con-Nicoletta-Bort.olotti-300x225.jpg 300w, https:\/\/www.radiopiu.net\/wordpress\/wp-content\/uploads\/2026\/01\/Gli-alunni-delle-medie-di-Sedico-assistono-allincontro-con-Nicoletta-Bort.olotti-1024x768.jpg 1024w, https:\/\/www.radiopiu.net\/wordpress\/wp-content\/uploads\/2026\/01\/Gli-alunni-delle-medie-di-Sedico-assistono-allincontro-con-Nicoletta-Bort.olotti-768x576.jpg 768w, https:\/\/www.radiopiu.net\/wordpress\/wp-content\/uploads\/2026\/01\/Gli-alunni-delle-medie-di-Sedico-assistono-allincontro-con-Nicoletta-Bort.olotti.jpg 1280w\" sizes=\"auto, (max-width: 300px) 100vw, 300px\" \/><\/a>\n\t\t\t\t<\/dt><\/dl><dl class='gallery-item'>\n\t\t\t\t<dt class='gallery-icon landscape'>\n\t\t\t\t\t<a class=\"rollover rollover-zoom dt-pswp-item\" title=\"Nicoletta Bortolotti\" data-dt-img-description=\"\" data-large_image_width=\"1280\" data-large_image_height=\"960\"href='https:\/\/www.radiopiu.net\/wordpress\/wp-content\/uploads\/2026\/01\/Nicoletta-Bortolotti.jpg'><img loading=\"lazy\" decoding=\"async\" width=\"300\" height=\"225\" src=\"https:\/\/www.radiopiu.net\/wordpress\/wp-content\/uploads\/2026\/01\/Nicoletta-Bortolotti-300x225.jpg\" class=\"attachment-medium size-medium\" alt=\"\" srcset=\"https:\/\/www.radiopiu.net\/wordpress\/wp-content\/uploads\/2026\/01\/Nicoletta-Bortolotti-300x225.jpg 300w, https:\/\/www.radiopiu.net\/wordpress\/wp-content\/uploads\/2026\/01\/Nicoletta-Bortolotti-1024x768.jpg 1024w, https:\/\/www.radiopiu.net\/wordpress\/wp-content\/uploads\/2026\/01\/Nicoletta-Bortolotti-768x576.jpg 768w, https:\/\/www.radiopiu.net\/wordpress\/wp-content\/uploads\/2026\/01\/Nicoletta-Bortolotti.jpg 1280w\" sizes=\"auto, (max-width: 300px) 100vw, 300px\" \/><\/a>\n\t\t\t\t<\/dt><\/dl><br style=\"clear: both\" \/>\n\t\t\t<\/div>\n\n<p>&nbsp;<\/p>\n<hr \/>\n<p>&nbsp;<\/p>\n<blockquote>\n<h3><a class=\"dt-pswp-item\" href=\"https:\/\/www.radiopiu.net\/wordpress\/wp-content\/uploads\/2026\/01\/download-26.jpg\" data-dt-img-description=\"\" data-large_image_width=\"229\" data-large_image_height=\"221\"><img loading=\"lazy\" decoding=\"async\" class=\" wp-image-493256 alignleft\" src=\"https:\/\/www.radiopiu.net\/wordpress\/wp-content\/uploads\/2026\/01\/download-26.jpg\" alt=\"\" width=\"173\" height=\"167\" \/><\/a>A MONSIGNOR ENRICO DAL COVOLO LA CITTADINANZA ONORARIA DI FELTRE<\/h3>\n<\/blockquote>\n<p><strong>DI ALESSIA DALL&#8217;O&#8217;<\/strong><\/p>\n<p><strong>FELTRE<\/strong> La citt\u00e0 si prepara a rendere omaggio a Monsignor Enrico dal Covolo, che ricever\u00e0 la cittadinanza onoraria, uno dei riconoscimenti pi\u00f9 alti conferiti dal Comune, nel corso della cerimonia ufficiale in programma sabato prossimo, 31 gennaio presso la\u00a0 Galleria Rizzarda. Un riconoscimento che la sindaco di Feltre, Viviana Fusaro non dimenica di sottolineare che \u00e8 dedicata a uno dei suoi figli pi\u00f9 noti, per il legame mai interrotto con il territorio e per l\u2019impegno concreto a favore della comunit\u00e0 feltrina, dalla valorizzazione del Santuario dei Santi Vittore e Corona fino alle iniziative culturali ed educative.<\/p>\n<p>&nbsp;<\/p>\n<hr \/>\n<p>&nbsp;<\/p>\n<blockquote>\n<h3>VENETO, REFERENTE REGIONALE PER PROMOZIONE TURISTICA OLIMPICA MILANO CORTINA 2026<\/h3>\n<\/blockquote>\n<p><strong><a class=\"dt-pswp-item\" href=\"https:\/\/www.radiopiu.net\/wordpress\/wp-content\/uploads\/2022\/01\/220122-Downhill-SofiaGoggia-\u00a9Pentaphoto-CortinaSkiWorldCup-2022-4-scaled.jpg\" data-dt-img-description=\"\" data-large_image_width=\"2560\" data-large_image_height=\"1707\"><img loading=\"lazy\" decoding=\"async\" class=\" wp-image-255625 alignleft\" src=\"https:\/\/www.radiopiu.net\/wordpress\/wp-content\/uploads\/2022\/01\/220122-Downhill-SofiaGoggia-\u00a9Pentaphoto-CortinaSkiWorldCup-2022-4-300x200.jpg\" alt=\"\" width=\"179\" height=\"119\" srcset=\"https:\/\/www.radiopiu.net\/wordpress\/wp-content\/uploads\/2022\/01\/220122-Downhill-SofiaGoggia-\u00a9Pentaphoto-CortinaSkiWorldCup-2022-4-300x200.jpg 300w, https:\/\/www.radiopiu.net\/wordpress\/wp-content\/uploads\/2022\/01\/220122-Downhill-SofiaGoggia-\u00a9Pentaphoto-CortinaSkiWorldCup-2022-4-1024x683.jpg 1024w, https:\/\/www.radiopiu.net\/wordpress\/wp-content\/uploads\/2022\/01\/220122-Downhill-SofiaGoggia-\u00a9Pentaphoto-CortinaSkiWorldCup-2022-4-768x512.jpg 768w, https:\/\/www.radiopiu.net\/wordpress\/wp-content\/uploads\/2022\/01\/220122-Downhill-SofiaGoggia-\u00a9Pentaphoto-CortinaSkiWorldCup-2022-4-1536x1024.jpg 1536w, https:\/\/www.radiopiu.net\/wordpress\/wp-content\/uploads\/2022\/01\/220122-Downhill-SofiaGoggia-\u00a9Pentaphoto-CortinaSkiWorldCup-2022-4-2048x1365.jpg 2048w\" sizes=\"auto, (max-width: 179px) 100vw, 179px\" \/><\/a>VENEZIA <\/strong>La Giunta regionale del Veneto ha nominato il dottor Giuliano Vantaggi referente regionale per il coordinamento delle attivit\u00e0 di promozione turistica legate ai Giochi Olimpici e Paralimpici Invernali di Milano Cortina 2026, in raccordo con la Fondazione DMO Dolomiti Bellunesi. La decisione riconosce il ruolo strategico del Bellunese nel percorso olimpico e punta a costruire una legacy duratura oltre l\u2019evento sportivo. Le Olimpiadi sono considerate una leva di sviluppo per rafforzare economia montana, attrattivit\u00e0 turistica e qualit\u00e0 dell\u2019offerta. Vantaggi coordiner\u00e0 le iniziative regionali, come \u201cCasa Veneto\u201d, con le azioni locali. Gli assessori Pavanetto e Bond sottolineano l\u2019importanza di una promozione unitaria e di lungo periodo per generare benefici stabili, contrastare lo spopolamento e valorizzare il territorio.<\/p>\n<p>&nbsp;<\/p>\n<p>&nbsp;<\/p>\n<hr \/>\n<p>&nbsp;<\/p>\n<blockquote>\n<h3><a class=\"dt-pswp-item\" href=\"https:\/\/www.radiopiu.net\/wordpress\/wp-content\/uploads\/2026\/01\/Cs27.01.2026_2-1.jpeg\" data-dt-img-description=\"\" data-large_image_width=\"1600\" data-large_image_height=\"1200\"><img loading=\"lazy\" decoding=\"async\" class=\" wp-image-493260 alignleft\" src=\"https:\/\/www.radiopiu.net\/wordpress\/wp-content\/uploads\/2026\/01\/Cs27.01.2026_2-1-300x225.jpeg\" alt=\"\" width=\"264\" height=\"198\" srcset=\"https:\/\/www.radiopiu.net\/wordpress\/wp-content\/uploads\/2026\/01\/Cs27.01.2026_2-1-300x225.jpeg 300w, https:\/\/www.radiopiu.net\/wordpress\/wp-content\/uploads\/2026\/01\/Cs27.01.2026_2-1-1024x768.jpeg 1024w, https:\/\/www.radiopiu.net\/wordpress\/wp-content\/uploads\/2026\/01\/Cs27.01.2026_2-1-768x576.jpeg 768w, https:\/\/www.radiopiu.net\/wordpress\/wp-content\/uploads\/2026\/01\/Cs27.01.2026_2-1-1536x1152.jpeg 1536w, https:\/\/www.radiopiu.net\/wordpress\/wp-content\/uploads\/2026\/01\/Cs27.01.2026_2-1.jpeg 1600w\" sizes=\"auto, (max-width: 264px) 100vw, 264px\" \/><\/a>CONCERTO DEI DIK DIK: CONSEGNATO ALL\u2019ASSOCIAZIONE CUCCHINI L\u2019ASSEGNO DA 8MILA EURO<\/h3>\n<\/blockquote>\n<p><strong>BELLUNO<\/strong> \u2013 La musica che diventa solidariet\u00e0. \u00c8 stato presentato il risultato concreto del concerto dei Dik Dik, andato in scena lo scorso 27 dicembre al Teatro Buzzati: 8.000 euro devoluti all\u2019Associazione Cucchini, frutto dell\u2019incasso della serata al netto delle spese organizzative. L\u2019incontro \u00e8 stato l\u2019occasione per la consegna ufficiale dell\u2019assegno, simbolo di un\u2019iniziativa che ha unito spettacolo, partecipazione del pubblico e impegno sociale. Un risultato significativo, reso possibile grazie alla grande risposta della comunit\u00e0 e al lavoro congiunto di organizzatori, volontari e artisti. Il concerto, molto partecipato, aveva richiamato al Buzzati un pubblico numeroso, confermando ancora una volta come eventi culturali di qualit\u00e0 possano trasformarsi in strumenti concreti di sostegno al territorio. I Dik Dik, con la loro storia e il loro repertorio, hanno saputo coinvolgere pi\u00f9 generazioni, contribuendo a una serata di musica ma anche di forte valore umano. L\u2019Associazione Cucchini, destinataria della donazione, potr\u00e0 ora utilizzare le risorse raccolte per proseguire le proprie attivit\u00e0 a favore delle persone pi\u00f9 fragili, rafforzando progetti e servizi di assistenza sul territorio.<\/p>\n<p>&nbsp;<\/p>\n<hr \/>\n<p>&nbsp;<\/p>\n<blockquote>\n<h3>REPORT: IL PROGETTO PER AVVICINARE I GIOVANI AL MONDO DEL LAVORO<\/h3>\n<\/blockquote>\n<p><strong><a class=\"dt-pswp-item\" href=\"https:\/\/www.radiopiu.net\/wordpress\/wp-content\/uploads\/2026\/01\/GEA.png\" data-dt-img-description=\"\" data-large_image_width=\"1288\" data-large_image_height=\"493\"><img loading=\"lazy\" decoding=\"async\" class=\"size-medium wp-image-493315 alignleft\" src=\"https:\/\/www.radiopiu.net\/wordpress\/wp-content\/uploads\/2026\/01\/GEA-300x115.png\" alt=\"\" width=\"300\" height=\"115\" srcset=\"https:\/\/www.radiopiu.net\/wordpress\/wp-content\/uploads\/2026\/01\/GEA-300x115.png 300w, https:\/\/www.radiopiu.net\/wordpress\/wp-content\/uploads\/2026\/01\/GEA-1024x392.png 1024w, https:\/\/www.radiopiu.net\/wordpress\/wp-content\/uploads\/2026\/01\/GEA-768x294.png 768w, https:\/\/www.radiopiu.net\/wordpress\/wp-content\/uploads\/2026\/01\/GEA.png 1288w\" sizes=\"auto, (max-width: 300px) 100vw, 300px\" \/><\/a>DI ALESSIA DALL&#8217;O&#8217;<\/strong><\/p>\n<p><strong>FELTRE <\/strong>Nel report di approfondimento di oggi siamo a Feltre, dove incontriamo Alberto Botte, facilitatore del progetto G.E.A. \u2013 Giovani Energie in Azione, giunto alla sua seconda edizione. Un\u2019iniziativa promossa da ENAC Veneto e coordinata insieme a Veronica Da Canal, che dalla sede feltrina segue da vicino i giovani del territorio accompagnandoli verso il mondo del lavoro. Per informazioni sul progetto G.E.A. \u2013 Giovani Energie in Azione \u00e8 possibile scrivere a gea@enacveneto.it<\/p>\n<p><strong>LO SPECIALE ALLA RADIO<\/strong><\/p>\n<audio class=\"wp-audio-shortcode\" id=\"audio-493169-9\" preload=\"none\" style=\"width: 100%;\" controls=\"controls\"><source type=\"audio\/mpeg\" src=\"https:\/\/www.radiopiu.net\/wordpress\/wp-content\/uploads\/2026\/01\/REPORTER-PROGETTO-GEA-FELTRE-ALESSIA.mp3?_=9\" \/><a href=\"https:\/\/www.radiopiu.net\/wordpress\/wp-content\/uploads\/2026\/01\/REPORTER-PROGETTO-GEA-FELTRE-ALESSIA.mp3\">https:\/\/www.radiopiu.net\/wordpress\/wp-content\/uploads\/2026\/01\/REPORTER-PROGETTO-GEA-FELTRE-ALESSIA.mp3<\/a><\/audio>\n<p>&nbsp;<\/p>\n<hr \/>\n<p>&nbsp;<\/p>\n<blockquote>\n<h3><a class=\"dt-pswp-item\" href=\"https:\/\/www.radiopiu.net\/wordpress\/wp-content\/uploads\/2026\/01\/Screenshot-2026-01-27-145743.png\" data-dt-img-description=\"\" data-large_image_width=\"1427\" data-large_image_height=\"760\"><img loading=\"lazy\" decoding=\"async\" class=\"size-medium wp-image-493264 alignleft\" src=\"https:\/\/www.radiopiu.net\/wordpress\/wp-content\/uploads\/2026\/01\/Screenshot-2026-01-27-145743-300x160.png\" alt=\"\" width=\"300\" height=\"160\" srcset=\"https:\/\/www.radiopiu.net\/wordpress\/wp-content\/uploads\/2026\/01\/Screenshot-2026-01-27-145743-300x160.png 300w, https:\/\/www.radiopiu.net\/wordpress\/wp-content\/uploads\/2026\/01\/Screenshot-2026-01-27-145743-1024x545.png 1024w, https:\/\/www.radiopiu.net\/wordpress\/wp-content\/uploads\/2026\/01\/Screenshot-2026-01-27-145743-768x409.png 768w, https:\/\/www.radiopiu.net\/wordpress\/wp-content\/uploads\/2026\/01\/Screenshot-2026-01-27-145743.png 1427w\" sizes=\"auto, (max-width: 300px) 100vw, 300px\" \/><\/a>VALPE AMBIENTE CERCA ADDETTI AL SERVIZIO CLIENTI: APERTE LE CANDIDATURE<\/h3>\n<\/blockquote>\n<p><strong>BELLUNO<\/strong> Valpe Ambiente S.r.l. ha pubblicato un avviso di selezione per la formazione di una graduatoria finalizzata all\u2019eventuale assunzione di Addetti al Servizio Clienti, destinati alla gestione degli sportelli pubblici legati ai servizi di raccolta rifiuti sul territorio. La figura ricercata svolger\u00e0 un ruolo dinamico e articolato, tra attivit\u00e0 di front office a contatto con l\u2019utenza e back office amministrativo, con gestione dati, aggiornamento database, reportistica e monitoraggio della qualit\u00e0 del servizio. \u00c8 previsto un costante confronto con uffici aziendali ed enti comunali. Tra i requisiti indispensabili figurano una laurea triennale o magistrale, esperienza nella gestione clienti, buona conoscenza di Excel, disponibilit\u00e0 agli spostamenti e spiccate capacit\u00e0 relazionali e organizzative. Costituiscono titoli preferenziali competenze in ambito ambientale, conoscenza del sistema di raccolta porta a porta e domicilio nel territorio servito. Il contratto prevede orario full time (38 ore settimanali), CCNL Servizi Ambientali, 14\u00aa mensilit\u00e0, buoni pasto, welfare aziendale e premio di risultato. Le candidature devono essere presentate esclusivamente online entro le ore 12.00 del 12 febbraio 2026, complete di curriculum, documenti richiesti e autocertificazioni. Al termine della selezione sar\u00e0 pubblicata una graduatoria valida per 12 mesi sul sito aziendale. Tutte le informazioni e i dettagli sono disponibili sul sito www.valpeambiente.it, sezione Lavora con noi.<\/p>\n<p>&nbsp;<\/p>\n<p>&nbsp;<\/p>\n<hr \/>\n<p>&nbsp;<\/p>\n<blockquote>\n<h3>IL MIELE DELLE DOLOMITI BELLUNESI DOP SBARCA IN 800 MCDONALD&#8217;S ITALIANI<\/h3>\n<\/blockquote>\n<p><strong><a class=\"dt-pswp-item\" href=\"https:\/\/www.radiopiu.net\/wordpress\/wp-content\/uploads\/2019\/10\/miele.jpg\" data-dt-img-description=\"\" data-large_image_width=\"800\" data-large_image_height=\"600\"><img loading=\"lazy\" decoding=\"async\" class=\" wp-image-103171 alignleft\" src=\"https:\/\/www.radiopiu.net\/wordpress\/wp-content\/uploads\/2019\/10\/miele-300x225.jpg\" alt=\"\" width=\"199\" height=\"149\" srcset=\"https:\/\/www.radiopiu.net\/wordpress\/wp-content\/uploads\/2019\/10\/miele-300x225.jpg 300w, https:\/\/www.radiopiu.net\/wordpress\/wp-content\/uploads\/2019\/10\/miele-768x576.jpg 768w, https:\/\/www.radiopiu.net\/wordpress\/wp-content\/uploads\/2019\/10\/miele.jpg 800w\" sizes=\"auto, (max-width: 199px) 100vw, 199px\" \/><\/a>ROMA <\/strong>Il Miele delle Dolomiti Bellunesi DOP arriver\u00e0 presto sulle tavole di oltre 800 ristoranti McDonald\u2019s in Italia, grazie all\u2019iniziativa \u201cAlleanza per le Api\u201d, promossa da Fondazione Qualivita e Federazione Apicoltori Italiani. Otto tonnellate di miele d\u2019acacia biologico, pari a due milioni di bustine, saranno distribuite in tutta Italia, valorizzando il lavoro degli apicoltori bellunesi e sostenendo la filiera. L\u2019iniziativa, presentata al Ministero dell\u2019Agricoltura, punta a sensibilizzare sull\u2019importanza delle api e della biodiversit\u00e0. Secondo il senatore Luca De Carlo, si tratta di un riconoscimento del valore del prodotto locale, con prospettive future per un miele DOP-bio di alta gamma.<\/p>\n<p>&nbsp;<\/p>\n<p>&nbsp;<\/p>\n<hr \/>\n<p>&nbsp;<\/p>\n<blockquote>\n<h3>REFERENDUM DI MARZO 2026, APERTE LE DISPONIBILIT\u00c0 PER GLI SCRUTATORI A FELTRE<\/h3>\n<\/blockquote>\n<p><strong><a class=\"dt-pswp-item\" href=\"https:\/\/www.radiopiu.net\/wordpress\/wp-content\/uploads\/2026\/01\/seggio.jpg\" data-dt-img-description=\"\" data-large_image_width=\"835\" data-large_image_height=\"437\"><img loading=\"lazy\" decoding=\"async\" class=\" wp-image-493322 alignleft\" src=\"https:\/\/www.radiopiu.net\/wordpress\/wp-content\/uploads\/2026\/01\/seggio-300x157.jpg\" alt=\"\" width=\"187\" height=\"98\" srcset=\"https:\/\/www.radiopiu.net\/wordpress\/wp-content\/uploads\/2026\/01\/seggio-300x157.jpg 300w, https:\/\/www.radiopiu.net\/wordpress\/wp-content\/uploads\/2026\/01\/seggio-768x402.jpg 768w, https:\/\/www.radiopiu.net\/wordpress\/wp-content\/uploads\/2026\/01\/seggio.jpg 835w\" sizes=\"auto, (max-width: 187px) 100vw, 187px\" \/><\/a>DI ALESSIA DALL&#8217;O&#8217;<\/strong><\/p>\n<p><strong>FELTRE\u00a0<\/strong>Anche Comune di Feltre ha avviato in data 27 gennaio la procedura per la nomina degli scrutatori in vista del referendum in programma domenica 22 e luned\u00ec 23 marzo 2026. L\u2019Ufficio Elettorale comunale ha diffuso in queste ore un avviso rivolto ai cittadini gi\u00e0 iscritti all\u2019albo degli scrutatori, invitandoli a manifestare la propria disponibilit\u00e0 a svolgere la mansione nei seggi.<\/p>\n<p>&nbsp;<\/p>\n<p>&nbsp;<\/p>\n<hr \/>\n<p>&nbsp;<\/p>\n<div class=\"[--thread-content-max-width:40rem] @w-lg\/main:[--thread-content-max-width:48rem] mx-auto max-w-(--thread-content-max-width) flex-1 group\/turn-messages focus-visible:outline-hidden relative flex w-full min-w-0 flex-col agent-turn\" tabindex=\"-1\">\n<div>\n<p class=\"photoswipe-wrapper\"><a class=\"dt-pswp-item pspw-wrap-ready\" href=\"https:\/\/www.radiopiu.net\/wordpress\/wp-content\/uploads\/2026\/01\/1000265509.jpg\" data-dt-img-description=\"\" data-large_image_width=\"1414\" data-large_image_height=\"1621\"><img loading=\"lazy\" decoding=\"async\" class=\" wp-image-493203 alignleft\" src=\"https:\/\/www.radiopiu.net\/wordpress\/wp-content\/uploads\/2026\/01\/1000265509-262x300.jpg\" sizes=\"auto, (max-width: 262px) 100vw, 262px\" srcset=\"https:\/\/www.radiopiu.net\/wordpress\/wp-content\/uploads\/2026\/01\/1000265509-262x300.jpg 262w, https:\/\/www.radiopiu.net\/wordpress\/wp-content\/uploads\/2026\/01\/1000265509-893x1024.jpg 893w, https:\/\/www.radiopiu.net\/wordpress\/wp-content\/uploads\/2026\/01\/1000265509-768x880.jpg 768w, https:\/\/www.radiopiu.net\/wordpress\/wp-content\/uploads\/2026\/01\/1000265509-1340x1536.jpg 1340w, https:\/\/www.radiopiu.net\/wordpress\/wp-content\/uploads\/2026\/01\/1000265509.jpg 1414w\" alt=\"\" width=\"157\" height=\"180\" \/><\/a><\/p>\n<h2 data-start=\"0\" data-end=\"62\"><strong data-start=\"0\" data-end=\"62\">BALDENICH, AL VIA GLI INCONTRI SULLA PARTECIPAZIONE CIVICA<\/strong><\/h2>\n<p data-start=\"64\" data-end=\"883\" data-is-last-node=\"\" data-is-only-node=\"\">Prende il via venerd\u00ec 30 gennaio alle 18.30, all\u2019Hotel Europa di Belluno, il ciclo di incontri partecipativi promosso dal Comitato di Quartiere Baldenich24, intitolato \u201cSpazi di incontro, spazi di dialogo, luoghi di partecipazione\u201d. Un appuntamento al mese, da gennaio all\u2019autunno, aperto a tutta la cittadinanza, per rafforzare il dialogo tra cittadini e istituzioni sui temi della vita locale.<\/p>\n<\/div>\n<\/div>\n<div>Il primo incontro \u00e8 dedicato al bilancio comunale e al bilancio partecipativo, con ospite la consigliera comunale Lucia Olivotto, gi\u00e0 assessore al Bilancio, che spiegher\u00e0 come vengono utilizzate le risorse pubbliche e come i cittadini possono incidere sulle scelte dell\u2019amministrazione. L\u2019iniziativa punta a rendere il quartiere un vero laboratorio di democrazia attiva e partecipazione consapevole.<\/div>\n<p>&nbsp;<\/p>\n<p>&nbsp;<\/p>\n<hr \/>\n<p>&nbsp;<\/p>\n<blockquote>\n<h3><a class=\"dt-pswp-item\" href=\"https:\/\/www.radiopiu.net\/wordpress\/wp-content\/uploads\/2026\/01\/Screenshot-2026-01-27-144628.png\" data-dt-img-description=\"\" data-large_image_width=\"309\" data-large_image_height=\"224\"><img loading=\"lazy\" decoding=\"async\" class=\" wp-image-493251 alignleft\" src=\"https:\/\/www.radiopiu.net\/wordpress\/wp-content\/uploads\/2026\/01\/Screenshot-2026-01-27-144628-300x217.png\" alt=\"\" width=\"214\" height=\"155\" srcset=\"https:\/\/www.radiopiu.net\/wordpress\/wp-content\/uploads\/2026\/01\/Screenshot-2026-01-27-144628-300x217.png 300w, https:\/\/www.radiopiu.net\/wordpress\/wp-content\/uploads\/2026\/01\/Screenshot-2026-01-27-144628.png 309w\" sizes=\"auto, (max-width: 214px) 100vw, 214px\" \/><\/a>LIMANA, ASPETTANDO LE OLIMPIADI TRA MEMORIA E FUTURO<\/h3>\n<\/blockquote>\n<p><strong>LIMANA<\/strong> Venerd\u00ec\u00a0 alle 18.30, nella Sala De Fanti del Municipio, l\u2019incontro pubblico \u201cAspettando le Olimpiadi. Tra passato, presente e futuro\u201d, dedicato ai valori dello sport e allo spirito olimpico. L\u2019iniziativa, promossa dal Comune con Biblioteca comunale, Fondazione Cortina, CONI e Comitato Italiano Paralimpico, proporr\u00e0 testimonianze, racconti e aneddoti del mondo olimpico e paralimpico. Interverranno atleti e tecnici che hanno fatto la storia dello sport italiano, dal bob allo sci di fondo, fino al wheelchair curling. Un\u2019occasione aperta a tutta la cittadinanza per riflettere sull\u2019eredit\u00e0 dei Giochi e sullo sport come strumento di inclusione e crescita.<\/p>\n<p>&nbsp;<\/p>\n<p>&nbsp;<\/p>\n<hr \/>\n<p>&nbsp;<\/p>\n<blockquote>\n<h3>PUB COLDAI: INVERNO A TUTTO DIVERTIMENTO TRA KARAOKE E DJ SET<\/h3>\n<\/blockquote>\n<p><strong><a class=\"dt-pswp-item\" href=\"https:\/\/www.radiopiu.net\/wordpress\/wp-content\/uploads\/2026\/01\/PUB-COLDAI.jpg\" data-dt-img-description=\"\" data-large_image_width=\"1198\" data-large_image_height=\"801\"><img loading=\"lazy\" decoding=\"async\" class=\" wp-image-493279 alignleft\" src=\"https:\/\/www.radiopiu.net\/wordpress\/wp-content\/uploads\/2026\/01\/PUB-COLDAI-300x201.jpg\" alt=\"\" width=\"225\" height=\"151\" srcset=\"https:\/\/www.radiopiu.net\/wordpress\/wp-content\/uploads\/2026\/01\/PUB-COLDAI-300x201.jpg 300w, https:\/\/www.radiopiu.net\/wordpress\/wp-content\/uploads\/2026\/01\/PUB-COLDAI-1024x685.jpg 1024w, https:\/\/www.radiopiu.net\/wordpress\/wp-content\/uploads\/2026\/01\/PUB-COLDAI-768x513.jpg 768w, https:\/\/www.radiopiu.net\/wordpress\/wp-content\/uploads\/2026\/01\/PUB-COLDAI.jpg 1198w\" sizes=\"auto, (max-width: 225px) 100vw, 225px\" \/><\/a>ALLEGHE <\/strong>Il Pub Coldai continua a essere uno dei punti di riferimento della stagione invernale, confermandosi luogo ideale per chi cerca buona musica, convivialit\u00e0 e sapori autentici. Il prossimo fine settimana si preannuncia imperdibile grazie a un doppio appuntamento pensato per far divertire pubblico di tutte le et\u00e0. Venerd\u00ec sera spazio al karaoke, un\u2019occasione perfetta per mettersi alla prova al microfono, cantare i propri brani preferiti e condividere momenti di allegria in compagnia. Sabato il divertimento raddoppia: si parte ancora con il karaoke e si prosegue con un coinvolgente DJ set che animer\u00e0 la serata fino a tarda notte, trasformando il pub in una vera e propria pista da ballo. Come sempre, la cucina del Pub Coldai rester\u00e0 aperta per tutta la serata, pronta a deliziare gli ospiti con le specialit\u00e0 tipiche della zona e le immancabili pizze in pala appena sfornate. Un weekend da vivere, tra musica, gusto e tanta voglia di stare insieme.<\/p>\n<p>&nbsp;<\/p>\n<p>&nbsp;<\/p>\n<hr \/>\n<p>&nbsp;<\/p>\n<blockquote>\n<h3>RIPARTONO A FONZASO I \u201cVENERD\u00cc DELLA CULTURA\u201d: LIBRI, MEMORIA E PARTECIPAZIONE<\/h3>\n<\/blockquote>\n<p><strong><a class=\"dt-pswp-item\" href=\"https:\/\/www.radiopiu.net\/wordpress\/wp-content\/uploads\/2026\/01\/Bibliotecario-per-un-giorno-1024x683-1.jpg\" data-dt-img-description=\"\" data-large_image_width=\"1024\" data-large_image_height=\"683\"><img loading=\"lazy\" decoding=\"async\" class=\" wp-image-493135 alignleft\" src=\"https:\/\/www.radiopiu.net\/wordpress\/wp-content\/uploads\/2026\/01\/Bibliotecario-per-un-giorno-1024x683-1-300x200.jpg\" alt=\"\" width=\"239\" height=\"159\" srcset=\"https:\/\/www.radiopiu.net\/wordpress\/wp-content\/uploads\/2026\/01\/Bibliotecario-per-un-giorno-1024x683-1-300x200.jpg 300w, https:\/\/www.radiopiu.net\/wordpress\/wp-content\/uploads\/2026\/01\/Bibliotecario-per-un-giorno-1024x683-1-768x512.jpg 768w, https:\/\/www.radiopiu.net\/wordpress\/wp-content\/uploads\/2026\/01\/Bibliotecario-per-un-giorno-1024x683-1.jpg 1024w\" sizes=\"auto, (max-width: 239px) 100vw, 239px\" \/><\/a>DI ALESSIA DALL&#8217;O&#8217;<\/strong><\/p>\n<p><strong>FONZASO\u00a0<\/strong>Ripartono <em>I Venerd\u00ec della Cultura<\/em> presso la Biblioteca Civica, che in comunione con il Comune di Fonzaso, rilanciano la rassegna dedicata alla promozione culturale e alla partecipazione di comunit\u00e0.<br \/>\nUna proposta culturale, intesa come bene comune e spazio di confronto aperto, allineato ai temi dell\u2019Agenda ONU 2030, che vede il primo appuntamento in programma venerd\u00ec 6 febbraio alle 20.30 in Sala Municipale con la presentazione del libro <em>L\u2019autista del dottor Lauer<\/em> di Rita Da Pont, ambientato nella Belluno dell\u2019occupazione nazista. Il secondo incontro si terr\u00e0 venerd\u00ec 20 febbraio con lo scrittore Carlo Morriello, che presenter\u00e0 il romanzo <em>Oltre l\u2019ombra dei colori<\/em>, un viaggio tra arte, storia e introspezione nella Napoli di fine Ottocento.<\/p>\n<p>&nbsp;<\/p>\n<p>&nbsp;<\/p>\n<hr \/>\n<p>&nbsp;<\/p>\n<blockquote>\n<h3>SEDICO SI ACCENDE DI COLORI E MUSICA: IL CARNEVALE 2026 PROMETTE SPETTACOLO E DIVERTIMENTO PER TUTTI<\/h3>\n<\/blockquote>\n<p><strong><a class=\"dt-pswp-item\" href=\"https:\/\/www.radiopiu.net\/wordpress\/wp-content\/uploads\/2026\/01\/carn-sedico-2026-copertina.jpg\" data-dt-img-description=\"\" data-large_image_width=\"955\" data-large_image_height=\"723\"><img loading=\"lazy\" decoding=\"async\" class=\" wp-image-491807 alignleft\" src=\"https:\/\/www.radiopiu.net\/wordpress\/wp-content\/uploads\/2026\/01\/carn-sedico-2026-copertina-300x227.jpg\" alt=\"\" width=\"205\" height=\"155\" srcset=\"https:\/\/www.radiopiu.net\/wordpress\/wp-content\/uploads\/2026\/01\/carn-sedico-2026-copertina-300x227.jpg 300w, https:\/\/www.radiopiu.net\/wordpress\/wp-content\/uploads\/2026\/01\/carn-sedico-2026-copertina-768x581.jpg 768w, https:\/\/www.radiopiu.net\/wordpress\/wp-content\/uploads\/2026\/01\/carn-sedico-2026-copertina.jpg 955w\" sizes=\"auto, (max-width: 205px) 100vw, 205px\" \/><\/a>SEDICO<\/strong> Sedico si prepara a vivere un Carnevale 2026 ricco di eventi per grandi e piccini. Si parte sabato 31 gennaio al Palaskating con il <em data-start=\"213\" data-end=\"229\">Carnival Party<\/em> anni \u201980 e \u201990, animazione, premi per le maschere pi\u00f9 originali e chiosco con panini e cocktail, tutto trasmesso in diretta da Radio Pi\u00f9. Sabato 7 febbraio apre la mostra <em data-start=\"409\" data-end=\"423\">Carnevalarte<\/em> con elaborati delle scuole sul tema \u201cUn Carnevale\u2026 Olimpico\u201d. Domenica 8 febbraio il tradizionale corso mascherato dei carri allegorici sedicensi vedr\u00e0 la partecipazione del Corpo Musicale Comunale e animazione per bambini, sempre in diretta radiofonica. Sabato 14 e domenica 15 febbraio il Carnevale dei Bambini e il secondo corso mascherato proporranno sfilate, Heroebus a tema Avengers, animazione, diretta di Radio Pi\u00f9 e spettacolo pirotecnico. Marted\u00ec 17 febbraio laboratori creativi per bambini. Sempre attivi chioschi, mini luna park, truccabimbi e lotteria con primo premio un buono viaggio da 1.000 euro.<\/p>\n<p><strong>IL PROGRAMMA (2 PAGINE)<\/strong><\/p>\n<a href=\"https:\/\/www.radiopiu.net\/wordpress\/wp-content\/uploads\/2026\/01\/CARNEVALE-FLYER-2026.pdf\" class=\"pdfemb-viewer\" style=\"\" data-width=\"max\" data-height=\"max\" data-toolbar=\"top\" data-toolbar-fixed=\"on\">CARNEVALE FLYER 2026<\/a>\n<p>&nbsp;<\/p>\n<hr \/>\n<p>&nbsp;<\/p>\n<blockquote>\n<h3>CARNEVAI DE LE VAI: LE DOLOMITI AGORDINE IN FESTA TRA MASCHERE E TRADIZIONE<\/h3>\n<\/blockquote>\n<p><strong><a class=\"dt-pswp-item\" href=\"https:\/\/www.radiopiu.net\/wordpress\/wp-content\/uploads\/2026\/01\/af0ded82-5edb-4dfd-bc28-73a34c3d12a7.jpg\" data-dt-img-description=\"\" data-large_image_width=\"1066\" data-large_image_height=\"1600\"><img loading=\"lazy\" decoding=\"async\" class=\" wp-image-492268 alignleft\" src=\"https:\/\/www.radiopiu.net\/wordpress\/wp-content\/uploads\/2026\/01\/af0ded82-5edb-4dfd-bc28-73a34c3d12a7-200x300.jpg\" alt=\"\" width=\"126\" height=\"189\" srcset=\"https:\/\/www.radiopiu.net\/wordpress\/wp-content\/uploads\/2026\/01\/af0ded82-5edb-4dfd-bc28-73a34c3d12a7-200x300.jpg 200w, https:\/\/www.radiopiu.net\/wordpress\/wp-content\/uploads\/2026\/01\/af0ded82-5edb-4dfd-bc28-73a34c3d12a7-682x1024.jpg 682w, https:\/\/www.radiopiu.net\/wordpress\/wp-content\/uploads\/2026\/01\/af0ded82-5edb-4dfd-bc28-73a34c3d12a7-768x1153.jpg 768w, https:\/\/www.radiopiu.net\/wordpress\/wp-content\/uploads\/2026\/01\/af0ded82-5edb-4dfd-bc28-73a34c3d12a7-1023x1536.jpg 1023w, https:\/\/www.radiopiu.net\/wordpress\/wp-content\/uploads\/2026\/01\/af0ded82-5edb-4dfd-bc28-73a34c3d12a7.jpg 1066w\" sizes=\"auto, (max-width: 126px) 100vw, 126px\" \/><\/a>REDAZIONE <\/strong>Dal 25 gennaio al 15 febbraio le Dolomiti Agordine tornano ad animarsi con il <em data-start=\"159\" data-end=\"179\">Carnevai de le Vai<\/em>, rassegna dedicata alle maschere tradizionali che attraversa valli e paesi, unendo folklore, musica e partecipazione popolare. Cinque appuntamenti scandiscono il calendario, da Selva di Cadore a Rivamonte Agordino, da Sottoguda a Laste di Rocca Pietore, fino al gran finale a Canale d\u2019Agordo con <em data-start=\"476\" data-end=\"492\">La Zinghen\u00e9sta<\/em>. Il Carnevale diventa cos\u00ec un viaggio nella memoria collettiva: sfilate colorate, balli, canti, fal\u00f2, momenti conviviali e concorsi per le maschere pi\u00f9 belle coinvolgono residenti e visitatori. Ogni evento valorizza identit\u00e0 locali e antichi rituali, reinterpretati con energia contemporanea. L\u2019invito \u00e8 aperto a tutti: indossare una maschera, tradizionale o di fantasia, e lasciarsi trasportare dall\u2019atmosfera autentica di un Carnevale che racconta la storia delle montagne e delle sue comunit\u00e0, celebrando l\u2019inverno come tempo di incontro e condivisione.<\/p>\n<p>&nbsp;<\/p>\n<p><strong>\u00a0TUTTE LE INFORMAZIONI SULLE TAPPE (2 PAGINE)<\/strong><\/p>\n<a href=\"https:\/\/www.radiopiu.net\/wordpress\/wp-content\/uploads\/2026\/01\/pieghevole-Carnevale-2.pdf\" class=\"pdfemb-viewer\" style=\"\" data-width=\"max\" data-height=\"max\" data-toolbar=\"top\" data-toolbar-fixed=\"on\">pieghevole Carnevale 2<\/a>\n<p>&nbsp;<\/p>\n<hr \/>\n<p>&nbsp;<\/p>\n<blockquote>\n<h3>GRILL HOUSE SELVA DI CADORE: SAPORI E ATMOSFERA IN STILE OKTOBERFEST<\/h3>\n<\/blockquote>\n<p><strong><a class=\"dt-pswp-item\" href=\"https:\/\/www.radiopiu.net\/wordpress\/wp-content\/uploads\/2026\/01\/b66a107f-bd8e-4b07-ad51-8cd3220c4e16.jpg\" data-dt-img-description=\"\" data-large_image_width=\"1179\" data-large_image_height=\"655\"><img loading=\"lazy\" decoding=\"async\" class=\" wp-image-493284 alignleft\" src=\"https:\/\/www.radiopiu.net\/wordpress\/wp-content\/uploads\/2026\/01\/b66a107f-bd8e-4b07-ad51-8cd3220c4e16-300x167.jpg\" alt=\"\" width=\"198\" height=\"110\" srcset=\"https:\/\/www.radiopiu.net\/wordpress\/wp-content\/uploads\/2026\/01\/b66a107f-bd8e-4b07-ad51-8cd3220c4e16-300x167.jpg 300w, https:\/\/www.radiopiu.net\/wordpress\/wp-content\/uploads\/2026\/01\/b66a107f-bd8e-4b07-ad51-8cd3220c4e16-1024x569.jpg 1024w, https:\/\/www.radiopiu.net\/wordpress\/wp-content\/uploads\/2026\/01\/b66a107f-bd8e-4b07-ad51-8cd3220c4e16-768x427.jpg 768w, https:\/\/www.radiopiu.net\/wordpress\/wp-content\/uploads\/2026\/01\/b66a107f-bd8e-4b07-ad51-8cd3220c4e16.jpg 1179w\" sizes=\"auto, (max-width: 198px) 100vw, 198px\" \/><\/a>SELVA DI CADORE <\/strong>Grill House Selva di Cadore \u00e8 il luogo ideale per chi desidera vivere un\u2019esperienza gastronomica accogliente e conviviale, ispirata al pieno stile Oktoberfest. Il ristorante propone una ricca variet\u00e0 di piatti, con grandi classici del barbecue come costine succulente e hamburger saporiti, affiancati da piccoli piatti e spuntini perfetti anche per le ore serali. Ampia la scelta di bevande, che spazia dalla birra al vino, fino a cocktail e liquori selezionati. Il locale \u00e8 adatto alle famiglie, grazie a un men\u00f9 dedicato ai bambini.<\/p>\n<p>&nbsp;<\/p>\n<p>&nbsp;<\/p>\n<hr \/>\n<p>&nbsp;<\/p>\n<h1><span style=\"color: #ff6600;\">IERI ALLA RADIO<\/span><\/h1>\n<h2><span style=\"color: #008000;\">IERI COME OGGI, CON SILVIA BALDO<\/span><\/h2>\n<p><strong><a class=\"dt-pswp-item\" href=\"https:\/\/www.radiopiu.net\/wordpress\/wp-content\/uploads\/2022\/01\/Giornata-della-Memoria-4.jpg\" data-dt-img-description=\"\" data-large_image_width=\"1000\" data-large_image_height=\"563\"><img loading=\"lazy\" decoding=\"async\" class=\" wp-image-256368 alignleft\" src=\"https:\/\/www.radiopiu.net\/wordpress\/wp-content\/uploads\/2022\/01\/Giornata-della-Memoria-4-300x169.jpg\" alt=\"\" width=\"193\" height=\"109\" srcset=\"https:\/\/www.radiopiu.net\/wordpress\/wp-content\/uploads\/2022\/01\/Giornata-della-Memoria-4-300x169.jpg 300w, https:\/\/www.radiopiu.net\/wordpress\/wp-content\/uploads\/2022\/01\/Giornata-della-Memoria-4-768x432.jpg 768w, https:\/\/www.radiopiu.net\/wordpress\/wp-content\/uploads\/2022\/01\/Giornata-della-Memoria-4.jpg 1000w\" sizes=\"auto, (max-width: 193px) 100vw, 193px\" \/><\/a>27 GENNAIO<\/strong><\/p>\n<audio class=\"wp-audio-shortcode\" id=\"audio-493169-10\" preload=\"none\" style=\"width: 100%;\" controls=\"controls\"><source type=\"audio\/mpeg\" src=\"https:\/\/www.radiopiu.net\/wordpress\/wp-content\/uploads\/2026\/01\/SIBI2-3.mp3?_=10\" \/><a href=\"https:\/\/www.radiopiu.net\/wordpress\/wp-content\/uploads\/2026\/01\/SIBI2-3.mp3\">https:\/\/www.radiopiu.net\/wordpress\/wp-content\/uploads\/2026\/01\/SIBI2-3.mp3<\/a><\/audio>\n<p>&nbsp;<\/p>\n<h2>\u00a0LA RACCOLTA COMPLETA <span style=\"color: #0000ff;\"><a style=\"color: #0000ff;\" href=\"https:\/\/www.radiopiu.net\/wordpress\/quartoanno\/\">CLICCA QUI<\/a><\/span><\/h2>\n<p>&nbsp;<\/p>\n<hr \/>\n<p>&nbsp;<\/p>\n<h2><span style=\"color: #ff00ff;\">&#8220;DINTORN E FORA VIA&#8221;\u00a0 IL PROGRAMMA\u00a0 A CURA DEL MUSLA\u00a0\u00a0<strong>\u00a0<\/strong><\/span><\/h2>\n<p><strong><a class=\"dt-pswp-item\" href=\"https:\/\/www.radiopiu.net\/wordpress\/wp-content\/uploads\/2026\/01\/GIORNALE-2026.jpg\" data-dt-img-description=\"\" data-large_image_width=\"1280\" data-large_image_height=\"960\"><img loading=\"lazy\" decoding=\"async\" class=\" wp-image-493306 alignleft\" src=\"https:\/\/www.radiopiu.net\/wordpress\/wp-content\/uploads\/2026\/01\/GIORNALE-2026-300x225.jpg\" alt=\"\" width=\"128\" height=\"96\" srcset=\"https:\/\/www.radiopiu.net\/wordpress\/wp-content\/uploads\/2026\/01\/GIORNALE-2026-300x225.jpg 300w, https:\/\/www.radiopiu.net\/wordpress\/wp-content\/uploads\/2026\/01\/GIORNALE-2026-1024x768.jpg 1024w, https:\/\/www.radiopiu.net\/wordpress\/wp-content\/uploads\/2026\/01\/GIORNALE-2026-768x576.jpg 768w, https:\/\/www.radiopiu.net\/wordpress\/wp-content\/uploads\/2026\/01\/GIORNALE-2026.jpg 1280w\" sizes=\"auto, (max-width: 128px) 100vw, 128px\" \/><\/a>PUNTATA DEL 27 GENNAIO 2026 VERONICA DA COL<\/strong><\/p>\n<audio class=\"wp-audio-shortcode\" id=\"audio-493169-11\" preload=\"none\" style=\"width: 100%;\" controls=\"controls\"><source type=\"audio\/mpeg\" src=\"https:\/\/www.radiopiu.net\/wordpress\/wp-content\/uploads\/2026\/01\/MUSLA-6.mp3?_=11\" \/><a href=\"https:\/\/www.radiopiu.net\/wordpress\/wp-content\/uploads\/2026\/01\/MUSLA-6.mp3\">https:\/\/www.radiopiu.net\/wordpress\/wp-content\/uploads\/2026\/01\/MUSLA-6.mp3<\/a><\/audio>\n<p>&nbsp;<\/p>\n<h2><strong>LA RACCOLTA COMPLETA <a href=\"https:\/\/www.radiopiu.net\/wordpress\/musla\/\"><span style=\"color: #3366ff;\">CLICCA QUI<\/span><\/a><\/strong><\/h2>\n<p>&nbsp;<\/p>\n<hr \/>\n<p>&nbsp;<\/p>\n<h2><span style=\"color: #008000;\">SPECIALE EP CENTER<\/span><\/h2>\n<p><strong>NON TRASCURIAMO LA MANUTENZIONE<\/strong><\/p>\n<p>IN STUDIO FRANCESCO ZILLIO<\/p>\n<p><iframe loading=\"lazy\" title=\"NON TRASCURIAMO LA MANUTENZIONE\" width=\"1200\" height=\"675\" src=\"https:\/\/www.youtube.com\/embed\/g_Vx-31MlnE?feature=oembed\" frameborder=\"0\" allow=\"accelerometer; autoplay; clipboard-write; encrypted-media; gyroscope; picture-in-picture; web-share\" referrerpolicy=\"strict-origin-when-cross-origin\" allowfullscreen><\/iframe><\/p>\n<p>&nbsp;<\/p>\n<hr \/>\n<p>&nbsp;<\/p>\n<h2><span style=\"color: #cc99ff;\">IL CARNEVALE DI SEDICO 2026, UN PROGRAMMA RICCO DI EVENTI<\/span><\/h2>\n<p><strong><a class=\"dt-pswp-item\" href=\"https:\/\/www.radiopiu.net\/wordpress\/wp-content\/uploads\/2026\/01\/49845698-089e-4f10-9794-876db02a27f3.jpg\" data-dt-img-description=\"\" data-large_image_width=\"1600\" data-large_image_height=\"1200\"><img loading=\"lazy\" decoding=\"async\" class=\" wp-image-492416 alignleft\" src=\"https:\/\/www.radiopiu.net\/wordpress\/wp-content\/uploads\/2026\/01\/49845698-089e-4f10-9794-876db02a27f3-300x225.jpg\" alt=\"\" width=\"165\" height=\"124\" srcset=\"https:\/\/www.radiopiu.net\/wordpress\/wp-content\/uploads\/2026\/01\/49845698-089e-4f10-9794-876db02a27f3-300x225.jpg 300w, https:\/\/www.radiopiu.net\/wordpress\/wp-content\/uploads\/2026\/01\/49845698-089e-4f10-9794-876db02a27f3-1024x768.jpg 1024w, https:\/\/www.radiopiu.net\/wordpress\/wp-content\/uploads\/2026\/01\/49845698-089e-4f10-9794-876db02a27f3-768x576.jpg 768w, https:\/\/www.radiopiu.net\/wordpress\/wp-content\/uploads\/2026\/01\/49845698-089e-4f10-9794-876db02a27f3-1536x1152.jpg 1536w, https:\/\/www.radiopiu.net\/wordpress\/wp-content\/uploads\/2026\/01\/49845698-089e-4f10-9794-876db02a27f3.jpg 1600w\" sizes=\"auto, (max-width: 165px) 100vw, 165px\" \/><\/a>DI MARCO GAZ E MARINA DONA&#8217;<\/strong><\/p>\n<p>OSPITI: Marco Gabrieli e Stefano Triches<\/p>\n<audio class=\"wp-audio-shortcode\" id=\"audio-493169-12\" preload=\"none\" style=\"width: 100%;\" controls=\"controls\"><source type=\"audio\/mpeg\" src=\"https:\/\/www.radiopiu.net\/wordpress\/wp-content\/uploads\/2026\/01\/CARNEVALE-DI-SEDICO-2026-MARCO-GABRIELI-E-STEFANO-TRICHES.mp3?_=12\" \/><a href=\"https:\/\/www.radiopiu.net\/wordpress\/wp-content\/uploads\/2026\/01\/CARNEVALE-DI-SEDICO-2026-MARCO-GABRIELI-E-STEFANO-TRICHES.mp3\">https:\/\/www.radiopiu.net\/wordpress\/wp-content\/uploads\/2026\/01\/CARNEVALE-DI-SEDICO-2026-MARCO-GABRIELI-E-STEFANO-TRICHES.mp3<\/a><\/audio>\n<p>&nbsp;<\/p>\n<hr \/>\n<p>&nbsp;<\/p>\n<h2><span style=\"color: #ffcc00;\">IL 31 GENNAIO A CANALE TORNA LA CASPARETHA<\/span><\/h2>\n<p><strong><a class=\"dt-pswp-item\" href=\"https:\/\/www.radiopiu.net\/wordpress\/wp-content\/uploads\/2026\/01\/d252826e-39a1-45d5-987a-aa7288a3b60e.jpg\" data-dt-img-description=\"\" data-large_image_width=\"2048\" data-large_image_height=\"1152\"><img loading=\"lazy\" decoding=\"async\" class=\" wp-image-490611 alignleft\" src=\"https:\/\/www.radiopiu.net\/wordpress\/wp-content\/uploads\/2026\/01\/d252826e-39a1-45d5-987a-aa7288a3b60e-300x169.jpg\" alt=\"\" width=\"217\" height=\"122\" srcset=\"https:\/\/www.radiopiu.net\/wordpress\/wp-content\/uploads\/2026\/01\/d252826e-39a1-45d5-987a-aa7288a3b60e-300x169.jpg 300w, https:\/\/www.radiopiu.net\/wordpress\/wp-content\/uploads\/2026\/01\/d252826e-39a1-45d5-987a-aa7288a3b60e-1024x576.jpg 1024w, https:\/\/www.radiopiu.net\/wordpress\/wp-content\/uploads\/2026\/01\/d252826e-39a1-45d5-987a-aa7288a3b60e-768x432.jpg 768w, https:\/\/www.radiopiu.net\/wordpress\/wp-content\/uploads\/2026\/01\/d252826e-39a1-45d5-987a-aa7288a3b60e-1536x864.jpg 1536w, https:\/\/www.radiopiu.net\/wordpress\/wp-content\/uploads\/2026\/01\/d252826e-39a1-45d5-987a-aa7288a3b60e.jpg 2048w\" sizes=\"auto, (max-width: 217px) 100vw, 217px\" \/><\/a>DI MIRKO MEZZACASA<\/strong><\/p>\n<p>OSPITI: Emil Tancon, Laura Fontanive e Giulio Serafini<\/p>\n<audio class=\"wp-audio-shortcode\" id=\"audio-493169-13\" preload=\"none\" style=\"width: 100%;\" controls=\"controls\"><source type=\"audio\/mpeg\" src=\"https:\/\/www.radiopiu.net\/wordpress\/wp-content\/uploads\/2026\/01\/CASPARETHA-2026-1.mp3?_=13\" \/><a href=\"https:\/\/www.radiopiu.net\/wordpress\/wp-content\/uploads\/2026\/01\/CASPARETHA-2026-1.mp3\">https:\/\/www.radiopiu.net\/wordpress\/wp-content\/uploads\/2026\/01\/CASPARETHA-2026-1.mp3<\/a><\/audio>\n<p>&nbsp;<\/p>\n<hr \/>\n<p>&nbsp;<\/p>\n<blockquote class=\"wp-embedded-content\" data-secret=\"EMIpDIXyya\"><p><a href=\"https:\/\/www.radiopiu.net\/wordpress\/curiosando-il-programmaa\/\">CURIOSANDO&#8230; IL PROGRAMMA DI PAOLA LANCIATO<\/a><\/p><\/blockquote>\n<p><iframe loading=\"lazy\" class=\"wp-embedded-content\" sandbox=\"allow-scripts\" security=\"restricted\" style=\"position: absolute; visibility: hidden;\" title=\"&#8220;CURIOSANDO&#8230; IL PROGRAMMA DI PAOLA LANCIATO&#8221; &#8212; Radio Pi\u00f9\" src=\"https:\/\/www.radiopiu.net\/wordpress\/curiosando-il-programmaa\/embed\/#?secret=zer5ip2kSu#?secret=EMIpDIXyya\" data-secret=\"EMIpDIXyya\" width=\"600\" height=\"338\" frameborder=\"0\" marginwidth=\"0\" marginheight=\"0\" scrolling=\"no\"><\/iframe><\/p>\n<p>&nbsp;<\/p>\n<hr \/>\n<p>&nbsp;<\/p>\n<h2><span style=\"color: #99cc00;\">DEGUSTAZIONE DI VINI FRIULANI DA DOLOMITI BEER &amp; WINE SHOP DI SEDICO<\/span><\/h2>\n<p><strong><a class=\"dt-pswp-item\" href=\"https:\/\/www.radiopiu.net\/wordpress\/wp-content\/uploads\/2025\/07\/vino-bianco.jpg\" data-dt-img-description=\"\" data-large_image_width=\"1280\" data-large_image_height=\"853\"><img loading=\"lazy\" decoding=\"async\" class=\" wp-image-462136 alignleft\" src=\"https:\/\/www.radiopiu.net\/wordpress\/wp-content\/uploads\/2025\/07\/vino-bianco-300x200.jpg\" alt=\"\" width=\"173\" height=\"115\" srcset=\"https:\/\/www.radiopiu.net\/wordpress\/wp-content\/uploads\/2025\/07\/vino-bianco-300x200.jpg 300w, https:\/\/www.radiopiu.net\/wordpress\/wp-content\/uploads\/2025\/07\/vino-bianco-1024x682.jpg 1024w, https:\/\/www.radiopiu.net\/wordpress\/wp-content\/uploads\/2025\/07\/vino-bianco-768x512.jpg 768w, https:\/\/www.radiopiu.net\/wordpress\/wp-content\/uploads\/2025\/07\/vino-bianco.jpg 1280w\" sizes=\"auto, (max-width: 173px) 100vw, 173px\" \/><\/a>SEDICO<\/strong> Tornano le degustazioni di vini da Dolomiti Beer &amp; Wine Shop di Sedico. Domani, a partire dalle 17, gli amanti del buon vino potranno degustare gratuitamente le selezioni dell&#8217;Azienda Caccese del Friuli.<\/p>\n<p><strong>L&#8217;INVITO DI VALENTINA<\/strong><\/p>\n<audio class=\"wp-audio-shortcode\" id=\"audio-493169-14\" preload=\"none\" style=\"width: 100%;\" controls=\"controls\"><source type=\"audio\/mpeg\" src=\"https:\/\/www.radiopiu.net\/wordpress\/wp-content\/uploads\/2026\/01\/29-GENN.mp3?_=14\" \/><a href=\"https:\/\/www.radiopiu.net\/wordpress\/wp-content\/uploads\/2026\/01\/29-GENN.mp3\">https:\/\/www.radiopiu.net\/wordpress\/wp-content\/uploads\/2026\/01\/29-GENN.mp3<\/a><\/audio>\n<p>&nbsp;<\/p>\n<hr \/>\n<p>&nbsp;<\/p>\n<blockquote>\n<h1>PER TUTTI, SEMPLICEMENTE GIGI<\/h1>\n<\/blockquote>\n\n\t\t\t<style type='text\/css'>\n\t\t\t\t#gallery-7 {\n\t\t\t\t\tmargin: auto;\n\t\t\t\t}\n\t\t\t\t#gallery-7 .gallery-item {\n\t\t\t\t\tfloat: left;\n\t\t\t\t\tmargin-top: 10px;\n\t\t\t\t\ttext-align: center;\n\t\t\t\t\twidth: 33%;\n\t\t\t\t}\n\t\t\t\t#gallery-7 img {\n\t\t\t\t\tborder: 2px solid #cfcfcf;\n\t\t\t\t}\n\t\t\t\t#gallery-7 .gallery-caption {\n\t\t\t\t\tmargin-left: 0;\n\t\t\t\t}\n\t\t\t\t\/* see gallery_shortcode() in wp-includes\/media.php *\/\n\t\t\t<\/style>\n\t\t<div id='gallery-7' class='dt-gallery-container gallery galleryid-493169 gallery-columns-3 gallery-size-thumbnail'><dl class='gallery-item'>\n\t\t\t\t<dt class='gallery-icon portrait'>\n\t\t\t\t\t<a class=\"rollover rollover-zoom dt-pswp-item\" title=\"gigi corazza\" data-dt-img-description=\"\" data-large_image_width=\"225\" data-large_image_height=\"300\"href='https:\/\/www.radiopiu.net\/wordpress\/wp-content\/uploads\/2026\/01\/83328715_1352995378205331_6643394180104060928_o-225x300-1.jpg'><img loading=\"lazy\" decoding=\"async\" width=\"150\" height=\"150\" src=\"https:\/\/www.radiopiu.net\/wordpress\/wp-content\/uploads\/2026\/01\/83328715_1352995378205331_6643394180104060928_o-225x300-1-150x150.jpg\" class=\"attachment-thumbnail size-thumbnail\" alt=\"\" \/><\/a>\n\t\t\t\t<\/dt><\/dl><dl class='gallery-item'>\n\t\t\t\t<dt class='gallery-icon landscape'>\n\t\t\t\t\t<a class=\"rollover rollover-zoom dt-pswp-item\" title=\"gigi corazza\" data-dt-img-description=\"\" data-large_image_width=\"150\" data-large_image_height=\"150\"href='https:\/\/www.radiopiu.net\/wordpress\/wp-content\/uploads\/2026\/01\/67751573_1199764700195067_8521680668244049920_n-150x150-1.jpg'><img loading=\"lazy\" decoding=\"async\" width=\"150\" height=\"150\" src=\"https:\/\/www.radiopiu.net\/wordpress\/wp-content\/uploads\/2026\/01\/67751573_1199764700195067_8521680668244049920_n-150x150-1.jpg\" class=\"attachment-thumbnail size-thumbnail\" alt=\"\" \/><\/a>\n\t\t\t\t<\/dt><\/dl><dl class='gallery-item'>\n\t\t\t\t<dt class='gallery-icon portrait'>\n\t\t\t\t\t<a class=\"rollover rollover-zoom dt-pswp-item\" title=\"gigi corazza-252x300\" data-dt-img-description=\"\" data-large_image_width=\"252\" data-large_image_height=\"300\"href='https:\/\/www.radiopiu.net\/wordpress\/wp-content\/uploads\/2026\/01\/67121460_10219339214020531_6381892205774110720_n-252x300-1.jpg'><img loading=\"lazy\" decoding=\"async\" width=\"150\" height=\"150\" src=\"https:\/\/www.radiopiu.net\/wordpress\/wp-content\/uploads\/2026\/01\/67121460_10219339214020531_6381892205774110720_n-252x300-1-150x150.jpg\" class=\"attachment-thumbnail size-thumbnail\" alt=\"\" \/><\/a>\n\t\t\t\t<\/dt><\/dl><br style=\"clear: both\" \/>\n\t\t\t<\/div>\n\n<p>&nbsp;<\/p>\n<p>Questa poesia \u00e8 un ricordo dedicato a <strong data-start=\"1679\" data-end=\"1696\">Luigi Corazza<\/strong>, per tutti semplicemente <strong data-start=\"1722\" data-end=\"1730\">Gigi<\/strong>. Un uomo giusto, generoso, silenzioso nei gesti ma grande nei valori. A cinque anni dalla sua scomparsa, lo ricordiamo non con il dolore, ma con la gratitudine di chi ha avuto il privilegio di conoscerlo. Perch\u00e9 Gigi non \u00e8 lontano: continua a vivere nei cuori e nelle azioni di chi lo ha amato.<\/p>\n<p><strong>RICORDO<\/strong><\/p>\n<p><strong> di John Francis Della Pietra<\/strong><\/p>\n<p>\u00c8 passato gi\u00e0 un lustro<br \/>\nUomo giusto<br \/>\nT ha chiamato a se il signore<br \/>\nNel suo imperscrutabile amore<br \/>\nHa giudicato<br \/>\nE ben apprezzato<br \/>\nLa tua terrena vita<br \/>\nE l ha voluta trasformare in eterna ed infinita<br \/>\nLass\u00f9 nel paradiso<br \/>\nAdesso splende il tuo sorriso<br \/>\nQuaggi\u00f9 ci piace rimembrare<br \/>\nPer tutto quello che per il prossimo hai saputo fare<br \/>\nPer i tuoi silenti<br \/>\nMa intensi<br \/>\nValori<br \/>\nChe permangono ancor oggi nei nostri cuori<br \/>\nCon passione hai lavorato<br \/>\nMolte persone hai aiutato<br \/>\nCon dovizia<br \/>\nE sana amicizia<br \/>\nMa non c abbandoniamo al pianto<br \/>\nConoscerti ed averti fra noi \u00e8 stato un vanto<br \/>\nNon ti sentiamo lontano<br \/>\nTi sappiamo sotto la protezione della sua divina mano<br \/>\nDio con te sar\u00e0 indulgente<br \/>\nE ti ha messo lass\u00f9 fra la buona gente<br \/>\nOgni tanto libero di scorrazzare<br \/>\nSui celestiali passi un p\u00f2 a rombare<br \/>\nO sulle perenni nevi<br \/>\nA scivolare coi tuoi passi cheti e lievi<br \/>\nTi chieder\u00e0 pure talora di faticare<br \/>\nMa a te mai t \u00e8 saputo pesare<br \/>\nTutti quegl angeli da rifocillare<br \/>\nAvrai un bel da fare<br \/>\nA preparare<br \/>\nSi sappiamo con professionalit\u00e0 e gioia ti saprai destreggiare<br \/>\nCome vedi sei sempre in noi presente<br \/>\nEd in tantissima gente<br \/>\n\u00c8 un piacere poterti ricordare<br \/>\nEd onorare<br \/>\nCaro amico Luigi<br \/>\nPer tutti amichevolmente Gigi<\/p>\n<p>&nbsp;<\/p>\n<p>&nbsp;<\/p>\n<p>&nbsp;<\/p>\n<hr \/>\n<p>&nbsp;<\/p>\n<p><span style=\"color: #ff0000;\"><img loading=\"lazy\" decoding=\"async\" class=\"wp-image-61958 size-full aligncenter\" src=\"https:\/\/www.radiopiu.net\/wordpress\/wp-content\/uploads\/2018\/09\/appuntamenti.jpeg\" alt=\"\" width=\"800\" height=\"100\" srcset=\"https:\/\/www.radiopiu.net\/wordpress\/wp-content\/uploads\/2018\/09\/appuntamenti.jpeg 800w, https:\/\/www.radiopiu.net\/wordpress\/wp-content\/uploads\/2018\/09\/appuntamenti-300x38.jpeg 300w, https:\/\/www.radiopiu.net\/wordpress\/wp-content\/uploads\/2018\/09\/appuntamenti-768x96.jpeg 768w\" sizes=\"auto, (max-width: 800px) 100vw, 800px\" \/><\/span><\/p>\n<p>&nbsp;<\/p>\n\n\t\t\t<style type='text\/css'>\n\t\t\t\t#gallery-8 {\n\t\t\t\t\tmargin: auto;\n\t\t\t\t}\n\t\t\t\t#gallery-8 .gallery-item {\n\t\t\t\t\tfloat: left;\n\t\t\t\t\tmargin-top: 10px;\n\t\t\t\t\ttext-align: center;\n\t\t\t\t\twidth: 20%;\n\t\t\t\t}\n\t\t\t\t#gallery-8 img {\n\t\t\t\t\tborder: 2px solid #cfcfcf;\n\t\t\t\t}\n\t\t\t\t#gallery-8 .gallery-caption {\n\t\t\t\t\tmargin-left: 0;\n\t\t\t\t}\n\t\t\t\t\/* see gallery_shortcode() in wp-includes\/media.php *\/\n\t\t\t<\/style>\n\t\t<div id='gallery-8' class='dt-gallery-container gallery galleryid-493169 gallery-columns-5 gallery-size-thumbnail'><dl class='gallery-item'>\n\t\t\t\t<dt class='gallery-icon portrait'>\n\t\t\t\t\t<a class=\"rollover rollover-zoom dt-pswp-item\" title=\"locandina mostra loris\" data-dt-img-description=\"\" data-large_image_width=\"595\" data-large_image_height=\"841\"href='https:\/\/www.radiopiu.net\/wordpress\/wp-content\/uploads\/2026\/01\/locandina-mostra-loris.jpg'><img loading=\"lazy\" decoding=\"async\" width=\"150\" height=\"150\" src=\"https:\/\/www.radiopiu.net\/wordpress\/wp-content\/uploads\/2026\/01\/locandina-mostra-loris-150x150.jpg\" class=\"attachment-thumbnail size-thumbnail\" alt=\"\" \/><\/a>\n\t\t\t\t<\/dt><\/dl><dl class='gallery-item'>\n\t\t\t\t<dt class='gallery-icon portrait'>\n\t\t\t\t\t<a class=\"rollover rollover-zoom dt-pswp-item\" title=\"af0ded82-5edb-4dfd-bc28-73a34c3d12a7\" data-dt-img-description=\"\" data-large_image_width=\"1066\" data-large_image_height=\"1600\"href='https:\/\/www.radiopiu.net\/wordpress\/wp-content\/uploads\/2026\/01\/af0ded82-5edb-4dfd-bc28-73a34c3d12a7.jpg'><img loading=\"lazy\" decoding=\"async\" width=\"150\" height=\"150\" src=\"https:\/\/www.radiopiu.net\/wordpress\/wp-content\/uploads\/2026\/01\/af0ded82-5edb-4dfd-bc28-73a34c3d12a7-150x150.jpg\" class=\"attachment-thumbnail size-thumbnail\" alt=\"\" \/><\/a>\n\t\t\t\t<\/dt><\/dl><dl class='gallery-item'>\n\t\t\t\t<dt class='gallery-icon portrait'>\n\t\t\t\t\t<a class=\"rollover rollover-zoom dt-pswp-item\" title=\"Aspettando le Olimpiadi - evento a Limana\" data-dt-img-description=\"\" data-large_image_width=\"1240\" data-large_image_height=\"1754\"href='https:\/\/www.radiopiu.net\/wordpress\/wp-content\/uploads\/2026\/01\/Aspettando-le-Olimpiadi-evento-a-Limana.jpg'><img loading=\"lazy\" decoding=\"async\" width=\"150\" height=\"150\" src=\"https:\/\/www.radiopiu.net\/wordpress\/wp-content\/uploads\/2026\/01\/Aspettando-le-Olimpiadi-evento-a-Limana-150x150.jpg\" class=\"attachment-thumbnail size-thumbnail\" alt=\"\" \/><\/a>\n\t\t\t\t<\/dt><\/dl><dl class='gallery-item'>\n\t\t\t\t<dt class='gallery-icon portrait'>\n\t\t\t\t\t<a class=\"rollover rollover-zoom dt-pswp-item\" title=\"4e967043-c873-4f5f-b1c6-d5dbc3a0bb33\" data-dt-img-description=\"\" data-large_image_width=\"1414\" data-large_image_height=\"2000\"href='https:\/\/www.radiopiu.net\/wordpress\/wp-content\/uploads\/2026\/01\/4e967043-c873-4f5f-b1c6-d5dbc3a0bb33.jpg'><img loading=\"lazy\" decoding=\"async\" width=\"150\" height=\"150\" src=\"https:\/\/www.radiopiu.net\/wordpress\/wp-content\/uploads\/2026\/01\/4e967043-c873-4f5f-b1c6-d5dbc3a0bb33-150x150.jpg\" class=\"attachment-thumbnail size-thumbnail\" alt=\"\" \/><\/a>\n\t\t\t\t<\/dt><\/dl><dl class='gallery-item'>\n\t\t\t\t<dt class='gallery-icon portrait'>\n\t\t\t\t\t<a class=\"rollover rollover-zoom dt-pswp-item\" title=\"67d99ec1-0291-4462-817b-c043279744e5\" data-dt-img-description=\"\" data-large_image_width=\"1131\" data-large_image_height=\"1600\"href='https:\/\/www.radiopiu.net\/wordpress\/wp-content\/uploads\/2025\/12\/67d99ec1-0291-4462-817b-c043279744e5.jpg'><img loading=\"lazy\" decoding=\"async\" width=\"150\" height=\"150\" src=\"https:\/\/www.radiopiu.net\/wordpress\/wp-content\/uploads\/2025\/12\/67d99ec1-0291-4462-817b-c043279744e5-150x150.jpg\" class=\"attachment-thumbnail size-thumbnail\" alt=\"\" \/><\/a>\n\t\t\t\t<\/dt><\/dl><br style=\"clear: both\" \/><dl class='gallery-item'>\n\t\t\t\t<dt class='gallery-icon portrait'>\n\t\t\t\t\t<a class=\"rollover rollover-zoom dt-pswp-item\" title=\"SIGNORI\" data-dt-img-description=\"\" data-large_image_width=\"905\" data-large_image_height=\"1280\"href='https:\/\/www.radiopiu.net\/wordpress\/wp-content\/uploads\/2026\/01\/SIGNORI.jpeg'><img loading=\"lazy\" decoding=\"async\" width=\"150\" height=\"150\" src=\"https:\/\/www.radiopiu.net\/wordpress\/wp-content\/uploads\/2026\/01\/SIGNORI-150x150.jpeg\" class=\"attachment-thumbnail size-thumbnail\" alt=\"\" \/><\/a>\n\t\t\t\t<\/dt><\/dl><dl class='gallery-item'>\n\t\t\t\t<dt class='gallery-icon portrait'>\n\t\t\t\t\t<a class=\"rollover rollover-zoom dt-pswp-item\" title=\"1000260928\" data-dt-img-description=\"\" data-large_image_width=\"720\" data-large_image_height=\"874\"href='https:\/\/www.radiopiu.net\/wordpress\/wp-content\/uploads\/2026\/01\/1000260928.jpg'><img loading=\"lazy\" decoding=\"async\" width=\"150\" height=\"150\" src=\"https:\/\/www.radiopiu.net\/wordpress\/wp-content\/uploads\/2026\/01\/1000260928-150x150.jpg\" class=\"attachment-thumbnail size-thumbnail\" alt=\"\" \/><\/a>\n\t\t\t\t<\/dt><\/dl><dl class='gallery-item'>\n\t\t\t\t<dt class='gallery-icon portrait'>\n\t\t\t\t\t<a class=\"rollover rollover-zoom dt-pswp-item\" title=\"Storie di Storia definitivo-1\" data-dt-img-description=\"\" data-large_image_width=\"1240\" data-large_image_height=\"1754\"href='https:\/\/www.radiopiu.net\/wordpress\/wp-content\/uploads\/2026\/01\/Storie-di-Storia-definitivo-1.jpg'><img loading=\"lazy\" decoding=\"async\" width=\"150\" height=\"150\" src=\"https:\/\/www.radiopiu.net\/wordpress\/wp-content\/uploads\/2026\/01\/Storie-di-Storia-definitivo-1-150x150.jpg\" class=\"attachment-thumbnail size-thumbnail\" alt=\"\" \/><\/a>\n\t\t\t\t<\/dt><\/dl><dl class='gallery-item'>\n\t\t\t\t<dt class='gallery-icon portrait'>\n\t\t\t\t\t<a class=\"rollover rollover-zoom dt-pswp-item\" title=\"586740953_1283004097175673_3623727418094522816_n\" data-dt-img-description=\"\" data-large_image_width=\"514\" data-large_image_height=\"720\"href='https:\/\/www.radiopiu.net\/wordpress\/wp-content\/uploads\/2025\/11\/586740953_1283004097175673_3623727418094522816_n.jpg'><img loading=\"lazy\" decoding=\"async\" width=\"150\" height=\"150\" src=\"https:\/\/www.radiopiu.net\/wordpress\/wp-content\/uploads\/2025\/11\/586740953_1283004097175673_3623727418094522816_n-150x150.jpg\" class=\"attachment-thumbnail size-thumbnail\" alt=\"\" \/><\/a>\n\t\t\t\t<\/dt><\/dl><dl class='gallery-item'>\n\t\t\t\t<dt class='gallery-icon portrait'>\n\t\t\t\t\t<a class=\"rollover rollover-zoom dt-pswp-item\" title=\"584332528_1279625560846860_1524691345192499574_n\" data-dt-img-description=\"\" data-large_image_width=\"417\" data-large_image_height=\"590\"href='https:\/\/www.radiopiu.net\/wordpress\/wp-content\/uploads\/2025\/11\/584332528_1279625560846860_1524691345192499574_n.jpg'><img loading=\"lazy\" decoding=\"async\" width=\"150\" height=\"150\" src=\"https:\/\/www.radiopiu.net\/wordpress\/wp-content\/uploads\/2025\/11\/584332528_1279625560846860_1524691345192499574_n-150x150.jpg\" class=\"attachment-thumbnail size-thumbnail\" alt=\"\" \/><\/a>\n\t\t\t\t<\/dt><\/dl><br style=\"clear: both\" \/><dl class='gallery-item'>\n\t\t\t\t<dt class='gallery-icon portrait'>\n\t\t\t\t\t<a class=\"rollover rollover-zoom dt-pswp-item\" title=\"PRES LIBRO\" data-dt-img-description=\"\" data-large_image_width=\"672\" data-large_image_height=\"888\"href='https:\/\/www.radiopiu.net\/wordpress\/wp-content\/uploads\/2026\/01\/PRES-LIBRO.jpg'><img loading=\"lazy\" decoding=\"async\" width=\"150\" height=\"150\" src=\"https:\/\/www.radiopiu.net\/wordpress\/wp-content\/uploads\/2026\/01\/PRES-LIBRO-150x150.jpg\" class=\"attachment-thumbnail size-thumbnail\" alt=\"\" \/><\/a>\n\t\t\t\t<\/dt><\/dl><dl class='gallery-item'>\n\t\t\t\t<dt class='gallery-icon portrait'>\n\t\t\t\t\t<a class=\"rollover rollover-zoom dt-pswp-item\" title=\"e65e010f-2ee0-47e6-9114-dacef690c3d1\" data-dt-img-description=\"\" data-large_image_width=\"1024\" data-large_image_height=\"1280\"href='https:\/\/www.radiopiu.net\/wordpress\/wp-content\/uploads\/2026\/01\/e65e010f-2ee0-47e6-9114-dacef690c3d1.jpg'><img loading=\"lazy\" decoding=\"async\" width=\"150\" height=\"150\" src=\"https:\/\/www.radiopiu.net\/wordpress\/wp-content\/uploads\/2026\/01\/e65e010f-2ee0-47e6-9114-dacef690c3d1-150x150.jpg\" class=\"attachment-thumbnail size-thumbnail\" alt=\"\" \/><\/a>\n\t\t\t\t<\/dt><\/dl>\n\t\t\t\t<br style='clear: both' \/>\n\t\t\t<\/div>\n\n<p>&nbsp;<\/p>\n<p>&nbsp;<\/p>\n<hr \/>\n<p>&nbsp;<\/p>\n<p class=\"mceTemp\"><a class=\"dt-pswp-item\" href=\"https:\/\/www.radiopiu.net\/wordpress\/wp-content\/uploads\/2018\/09\/WhatsApp-Image-2018-09-20-at-16.04.06.jpeg\" data-dt-img-description=\"\" data-large_image_width=\"800\" data-large_image_height=\"100\"><img loading=\"lazy\" decoding=\"async\" class=\"wp-image-61378 size-full aligncenter\" src=\"https:\/\/www.radiopiu.net\/wordpress\/wp-content\/uploads\/2018\/09\/WhatsApp-Image-2018-09-20-at-16.04.06.jpeg\" alt=\"\" width=\"800\" height=\"100\" srcset=\"https:\/\/www.radiopiu.net\/wordpress\/wp-content\/uploads\/2018\/09\/WhatsApp-Image-2018-09-20-at-16.04.06.jpeg 800w, https:\/\/www.radiopiu.net\/wordpress\/wp-content\/uploads\/2018\/09\/WhatsApp-Image-2018-09-20-at-16.04.06-300x38.jpeg 300w, https:\/\/www.radiopiu.net\/wordpress\/wp-content\/uploads\/2018\/09\/WhatsApp-Image-2018-09-20-at-16.04.06-768x96.jpeg 768w\" sizes=\"auto, (max-width: 800px) 100vw, 800px\" \/><\/a><\/p>\n<p>&nbsp;<\/p>\n<p><center><b>OGGI<\/b><\/center>Tempo perturbato, con cielo molto nuvoloso\/coperto e diffuse precipitazioni per tutta ala giornata.<br \/>\n<b>Precipitazioni: <\/b>Dalla notte in rapida estensione da ovest verso est fino a diffuse ovunque al mattino, persistenti fino a sera, generalmente deboli su Dolomiti, moderate su Prealpi dove risulteranno abbondanti a fine giornata. Nevose nei fondovalle dolomitici pi\u00f9 interni, ed inizialmente durante la notte e al primo mattino in qualche fondovalle prealpino, poi attorno ai 1000\/1200 m sulle Prealpi e sulle aree dolomitiche pi\u00f9 aperte, temporaneamente anche fino sui 1500 m sulle Prealpi durante le ore centrali e fino a sera, in possibile calo in tarda serata.<br \/>\n<b>Temperature: <\/b>Minime in aumento, massime in calo nelle valli.<\/p>\n<hr \/>\n<p><center><b>DOMANI<\/b><\/center>Cielo per lo pi\u00f9 nuvoloso o molto nuvoloso con qualche irregolare schiarita verso sera.<br \/>\n<b>Precipitazioni: <\/b>Nella notte e fino al mattino residue deboli precipitazioni, specie su bellunese, con neve oltre gli 800\/1000 m sulle Dolomiti, 1000\/1200 m sulle Prealpi. Nel pomeriggio via via meno probabili ma non del tutto escluso ancora qualche fiocco<br \/>\n<b>Temperature: <\/b>In lieve calo, specie su Prealpi.<\/p>\n<hr \/>\n<p><center><b>VENERDI<\/b><\/center>Cielo per lo pi\u00f9 nuvoloso seppur con la possibilit\u00e0 di qualche schiarita a tratti. Temperature stazionarie o in lieve calo, specie le minime a fondovalle.<\/p>\n<hr \/>\n<p><center><b>SABATO<\/b><\/center>Cielo da poco a parzialmente nuvoloso, probabilmente pi\u00f9 soleggiato rispetto a venerd\u00ec. Temperature minime in calo nelle valli specie in caso di notte serena con forti gelate, massime stazionarie o in lieve aumento<\/p>\n<p>&nbsp;<\/p>\n<hr \/>\n<p>&nbsp;<\/p>\n<p class=\"mceTemp\"><a class=\"dt-pswp-item\" href=\"https:\/\/www.radiopiu.net\/wordpress\/wp-content\/uploads\/2018\/09\/sport.jpg\" data-dt-img-description=\"\" data-large_image_width=\"800\" data-large_image_height=\"100\"><img loading=\"lazy\" decoding=\"async\" class=\"aligncenter wp-image-60761 size-full\" src=\"https:\/\/www.radiopiu.net\/wordpress\/wp-content\/uploads\/2018\/09\/sport.jpg\" alt=\"\" width=\"800\" height=\"100\" srcset=\"https:\/\/www.radiopiu.net\/wordpress\/wp-content\/uploads\/2018\/09\/sport.jpg 800w, https:\/\/www.radiopiu.net\/wordpress\/wp-content\/uploads\/2018\/09\/sport-300x38.jpg 300w, https:\/\/www.radiopiu.net\/wordpress\/wp-content\/uploads\/2018\/09\/sport-768x96.jpg 768w\" sizes=\"auto, (max-width: 800px) 100vw, 800px\" \/> <\/a><\/p>\n<p><span style=\"color: #0000ff;\"><b>\u00a0<\/b><\/span><\/p>\n<p><span style=\"color: #0000ff;\"><strong>CALCIO A 5<\/strong><\/span><\/p>\n<blockquote>\n<h3>AL PALASPORT DE MAS GIORNALISTI E COMUNE IN CAMPO PER LA PARTITA DEL SORRISO<\/h3>\n<\/blockquote>\n<p><strong><a class=\"dt-pswp-item\" href=\"https:\/\/www.radiopiu.net\/wordpress\/wp-content\/uploads\/2026\/01\/4cfcba1d-1111-44c9-b6cb-d262dd4a446c.jpg\" data-dt-img-description=\"\" data-large_image_width=\"1600\" data-large_image_height=\"1200\"><img loading=\"lazy\" decoding=\"async\" class=\" wp-image-493275 alignleft\" src=\"https:\/\/www.radiopiu.net\/wordpress\/wp-content\/uploads\/2026\/01\/4cfcba1d-1111-44c9-b6cb-d262dd4a446c-300x225.jpg\" alt=\"\" width=\"184\" height=\"138\" srcset=\"https:\/\/www.radiopiu.net\/wordpress\/wp-content\/uploads\/2026\/01\/4cfcba1d-1111-44c9-b6cb-d262dd4a446c-300x225.jpg 300w, https:\/\/www.radiopiu.net\/wordpress\/wp-content\/uploads\/2026\/01\/4cfcba1d-1111-44c9-b6cb-d262dd4a446c-1024x768.jpg 1024w, https:\/\/www.radiopiu.net\/wordpress\/wp-content\/uploads\/2026\/01\/4cfcba1d-1111-44c9-b6cb-d262dd4a446c-768x576.jpg 768w, https:\/\/www.radiopiu.net\/wordpress\/wp-content\/uploads\/2026\/01\/4cfcba1d-1111-44c9-b6cb-d262dd4a446c-1536x1152.jpg 1536w, https:\/\/www.radiopiu.net\/wordpress\/wp-content\/uploads\/2026\/01\/4cfcba1d-1111-44c9-b6cb-d262dd4a446c.jpg 1600w\" sizes=\"auto, (max-width: 184px) 100vw, 184px\" \/><\/a>BELLUNO<\/strong> Tutti insieme per \u201cInsieme si Pu\u00f2\u201d: appuntamento tra sport \u2013 poco \u2013 e divertimento \u2013 assicurato \u2013 sabato sera al Palasport De Mas di Belluno per la quarta edizione della Partita del Sorriso. A sfidare una selezione del Comune di Belluno sar\u00e0 la squadra dei giornalisti bellunesi.<\/p>\n<p><strong>DI DANIELE DALVIT<\/strong><\/p>\n<audio class=\"wp-audio-shortcode\" id=\"audio-493169-15\" preload=\"none\" style=\"width: 100%;\" controls=\"controls\"><source type=\"audio\/mpeg\" src=\"https:\/\/www.radiopiu.net\/wordpress\/wp-content\/uploads\/2026\/01\/Servizio-Presentazione-Partita-del-sorriso-2026.mp3?_=15\" \/><a href=\"https:\/\/www.radiopiu.net\/wordpress\/wp-content\/uploads\/2026\/01\/Servizio-Presentazione-Partita-del-sorriso-2026.mp3\">https:\/\/www.radiopiu.net\/wordpress\/wp-content\/uploads\/2026\/01\/Servizio-Presentazione-Partita-del-sorriso-2026.mp3<\/a><\/audio>\n<p>&nbsp;<\/p>\n<p><span style=\"color: #0000ff;\"><strong>SPORT PARALIMPICI<\/strong><\/span><\/p>\n<blockquote>\n<h3>MORENO PESCE TEDOFORO DELLA FIAMMA OLIMPICA MILANO CORTINA 2026<\/h3>\n<\/blockquote>\n<p><a class=\"dt-pswp-item\" href=\"https:\/\/www.radiopiu.net\/wordpress\/wp-content\/uploads\/2026\/01\/PHOTO-2026-01-27-10-31-43.jpeg\" data-dt-img-description=\"\" data-large_image_width=\"640\" data-large_image_height=\"427\"><img loading=\"lazy\" decoding=\"async\" class=\" wp-image-493296 alignleft\" src=\"https:\/\/www.radiopiu.net\/wordpress\/wp-content\/uploads\/2026\/01\/PHOTO-2026-01-27-10-31-43-300x200.jpeg\" alt=\"\" width=\"182\" height=\"121\" srcset=\"https:\/\/www.radiopiu.net\/wordpress\/wp-content\/uploads\/2026\/01\/PHOTO-2026-01-27-10-31-43-300x200.jpeg 300w, https:\/\/www.radiopiu.net\/wordpress\/wp-content\/uploads\/2026\/01\/PHOTO-2026-01-27-10-31-43.jpeg 640w\" sizes=\"auto, (max-width: 182px) 100vw, 182px\" \/><\/a>Moreno Pesce, atleta paralimpico veneto e Cavaliere della Repubblica Italiana, sar\u00e0 tra i protagonisti del Viaggio della Fiamma Olimpica verso i Giochi Olimpici e Paralimpici Invernali di Milano Cortina 2026. domenica\u00a0 1\u00b0 febbraio 2026, alle ore 17.33, porter\u00e0 la Fiamma a Mandello del Lario come tedoforo numero 97, cifra simbolica che richiama l\u2019anno del grave incidente motociclistico che ha segnato l\u2019inizio della sua \u201cseconda vita\u201d. Per Pesce, la Fiamma rappresenta rinascita, forza e speranza. Il viaggio, dopo Cortina d\u2019Ampezzo, proseguir\u00e0 in Lombardia unendo territori e persone. Attraverso lo sport e il progetto Team3Gambe, Pesce testimonia valori di inclusione, resilienza e superamento dei limiti.<\/p>\n<p>&nbsp;<\/p>\n<p>&nbsp;<\/p>\n<p>&nbsp;<\/p>\n<p>&nbsp;<\/p>\n<p>&nbsp;<\/p>\n<p>&nbsp;<\/p>\n<p>&nbsp;<\/p>\n<p>&nbsp;<\/p>\n<p>&nbsp;<\/p>\n","protected":false},"excerpt":{"rendered":"<p>\u00a0**** AGGIORNAMENTO ORE 10.-00 PRUDENZA: INCIDENTE A MASARE&#8217; DI ALLEGHE REGIONALE 203 AGORDINA NEVE IN PROVINCIA DI BELLUNO, LE FOTO DA VPB (telegram viabilit\u00e0 provincia belluno) &nbsp; META ED ESSILORLUXOTTICA NEL MIRINO DI UNA MAXI CAUSA BREVETTUALE SUGLI OCCHIALI AI Secondo Milano Finanza (milanofinanza.it), Meta Platforms ed EssilorLuxottica sono finite nel mirino di una nuova&hellip;<\/p>\n","protected":false},"author":4,"featured_media":493362,"comment_status":"closed","ping_status":"closed","sticky":false,"template":"","format":"standard","meta":{"_monsterinsights_skip_tracking":false,"_monsterinsights_sitenote_active":false,"_monsterinsights_sitenote_note":"","_monsterinsights_sitenote_category":0,"footnotes":""},"categories":[51,86,49],"tags":[],"class_list":["post-493169","post","type-post","status-publish","format-standard","has-post-thumbnail","hentry","category-evidenza-top","category-gr","category-news-18","category-51","category-86","category-49","description-off"],"img_url":"https:\/\/www.radiopiu.net\/wordpress\/wp-content\/uploads\/2026\/01\/e6df836e-edf3-4940-b3b5-d183a16a5b54.png","_links":{"self":[{"href":"https:\/\/www.radiopiu.net\/wordpress\/wp-json\/wp\/v2\/posts\/493169","targetHints":{"allow":["GET"]}}],"collection":[{"href":"https:\/\/www.radiopiu.net\/wordpress\/wp-json\/wp\/v2\/posts"}],"about":[{"href":"https:\/\/www.radiopiu.net\/wordpress\/wp-json\/wp\/v2\/types\/post"}],"author":[{"embeddable":true,"href":"https:\/\/www.radiopiu.net\/wordpress\/wp-json\/wp\/v2\/users\/4"}],"replies":[{"embeddable":true,"href":"https:\/\/www.radiopiu.net\/wordpress\/wp-json\/wp\/v2\/comments?post=493169"}],"version-history":[{"count":55,"href":"https:\/\/www.radiopiu.net\/wordpress\/wp-json\/wp\/v2\/posts\/493169\/revisions"}],"predecessor-version":[{"id":493452,"href":"https:\/\/www.radiopiu.net\/wordpress\/wp-json\/wp\/v2\/posts\/493169\/revisions\/493452"}],"wp:featuredmedia":[{"embeddable":true,"href":"https:\/\/www.radiopiu.net\/wordpress\/wp-json\/wp\/v2\/media\/493362"}],"wp:attachment":[{"href":"https:\/\/www.radiopiu.net\/wordpress\/wp-json\/wp\/v2\/media?parent=493169"}],"wp:term":[{"taxonomy":"category","embeddable":true,"href":"https:\/\/www.radiopiu.net\/wordpress\/wp-json\/wp\/v2\/categories?post=493169"},{"taxonomy":"post_tag","embeddable":true,"href":"https:\/\/www.radiopiu.net\/wordpress\/wp-json\/wp\/v2\/tags?post=493169"}],"curies":[{"name":"wp","href":"https:\/\/api.w.org\/{rel}","templated":true}]}}