{"id":493188,"date":"2026-01-27T05:45:23","date_gmt":"2026-01-27T04:45:23","guid":{"rendered":"https:\/\/www.radiopiu.net\/wordpress\/?p=493188"},"modified":"2026-01-27T05:53:50","modified_gmt":"2026-01-27T04:53:50","slug":"torna-in-carcere-dopo-laffidamento-violate-le-regole-per-la-droga","status":"publish","type":"post","link":"https:\/\/www.radiopiu.net\/wordpress\/torna-in-carcere-dopo-laffidamento-violate-le-regole-per-la-droga\/","title":{"rendered":"TORNA IN CARCERE DOPO L\u2019AFFIDAMENTO: VIOLATE LE REGOLE PER LA DROGA"},"content":{"rendered":"<p>***<\/p>\n<blockquote>\n<h2 data-start=\"0\" data-end=\"90\"><strong data-start=\"0\" data-end=\"65\">OGGI LA GIUDIZIARIA \u2013 RASSEGNA STAMPA DAL CORRIERE DELLE ALPI<\/strong><br data-start=\"65\" data-end=\"68\" \/><em data-start=\"68\" data-end=\"90\">cronache di\u00a0 Gigi Sosso<\/em><\/h2>\n<p><em>Tre storie diverse, un\u2019unica fotografia: la droga continua a pesare sulle aule di giustizia del territorio.<\/em><\/p><\/blockquote>\n<p data-start=\"92\" data-end=\"268\"><a class=\"dt-pswp-item\" href=\"https:\/\/www.radiopiu.net\/wordpress\/wp-content\/uploads\/2026\/01\/4f2bf9f9-b2d7-43a7-8760-df6920559a10.png\" data-dt-img-description=\"\" data-large_image_width=\"1536\" data-large_image_height=\"1024\"><img loading=\"lazy\" decoding=\"async\" class=\"size-medium wp-image-493189 alignleft\" src=\"https:\/\/www.radiopiu.net\/wordpress\/wp-content\/uploads\/2026\/01\/4f2bf9f9-b2d7-43a7-8760-df6920559a10-300x200.png\" alt=\"\" width=\"300\" height=\"200\" srcset=\"https:\/\/www.radiopiu.net\/wordpress\/wp-content\/uploads\/2026\/01\/4f2bf9f9-b2d7-43a7-8760-df6920559a10-300x200.png 300w, https:\/\/www.radiopiu.net\/wordpress\/wp-content\/uploads\/2026\/01\/4f2bf9f9-b2d7-43a7-8760-df6920559a10-1024x683.png 1024w, https:\/\/www.radiopiu.net\/wordpress\/wp-content\/uploads\/2026\/01\/4f2bf9f9-b2d7-43a7-8760-df6920559a10-768x512.png 768w, https:\/\/www.radiopiu.net\/wordpress\/wp-content\/uploads\/2026\/01\/4f2bf9f9-b2d7-43a7-8760-df6920559a10.png 1536w\" sizes=\"auto, (max-width: 300px) 100vw, 300px\" \/><\/a>Giornata segnata dalla cronaca giudiziaria, oggi sulle pagine del <em data-start=\"158\" data-end=\"179\">Corriere delle Alpi<\/em>, con tre vicende diverse ma unite dal filo rosso della droga e delle conseguenze penali.<\/p>\n<p data-start=\"270\" data-end=\"789\"><strong>A Belluno<\/strong>, un alpino di carriera, L.C., ha patteggiato una condanna a tre anni per detenzione di stupefacenti ai fini di spaccio. In auto gli erano state trovate 13 dosi di cocaina, mentre in casa spuntavano quasi 35 mila euro nascosti sotto il divano, altra droga e tutto il materiale per confezionare le dosi. Grazie al patteggiamento e alla difesa dell\u2019avvocato Massimiliano Paniz, la pena detentiva \u00e8 stata convertita in 2.190 ore di lavori di pubblica utilit\u00e0: niente carcere, ma un lungo impegno nel volontariato.<\/p>\n<p data-start=\"791\" data-end=\"1266\"><strong>A Feltre<\/strong>, invece, \u00e8 tornato in cella P.F., al quale era stato concesso l\u2019affidamento in prova ai Servizi sociali dopo un periodo di detenzione a Padova. Ospite di una comunit\u00e0 nel Vicentino, non \u00e8 rientrato come previsto e ha ammesso di essersi fermato dopo aver assunto una dose di cocaina. La violazione delle regole \u00e8 costata cara: misura revocata e trasferimento nel carcere di Vicenza, anche se il periodo gi\u00e0 trascorso in affidamento sar\u00e0 conteggiato come pena espiata.<\/p>\n<p data-start=\"1268\" data-end=\"1772\"><strong>Infine a Limana,<\/strong> un 32enne incensurato \u00e8 stato denunciato a piede libero per detenzione ai fini di spaccio. Una fonte confidenziale ha fatto scattare l\u2019intervento dell\u2019Antidroga della Squadra mobile: in casa sono stati sequestrati marijuana, funghi allucinogeni, cocaina, ecstasy, hashish, Lsd, bilancini di precisione e materiale per il confezionamento. Le sostanze sono ora al vaglio dei laboratori, mentre gli investigatori cercano di ricostruire la rete dei contatti e i canali di approvvigionamento.<\/p>\n<p data-start=\"1774\" data-end=\"1881\" data-is-last-node=\"\" data-is-only-node=\"\">\n<hr \/>\n<p data-start=\"1774\" data-end=\"1881\" data-is-last-node=\"\" data-is-only-node=\"\">\n","protected":false},"excerpt":{"rendered":"<p>*** OGGI LA GIUDIZIARIA \u2013 RASSEGNA STAMPA DAL CORRIERE DELLE ALPIcronache di\u00a0 Gigi Sosso Tre storie diverse, un\u2019unica fotografia: la droga continua a pesare sulle aule di giustizia del territorio. Giornata segnata dalla cronaca giudiziaria, oggi sulle pagine del Corriere delle Alpi, con tre vicende diverse ma unite dal filo rosso della droga e delle&hellip;<\/p>\n","protected":false},"author":4,"featured_media":493189,"comment_status":"closed","ping_status":"closed","sticky":false,"template":"","format":"standard","meta":{"_monsterinsights_skip_tracking":false,"_monsterinsights_sitenote_active":false,"_monsterinsights_sitenote_note":"","_monsterinsights_sitenote_category":0,"footnotes":""},"categories":[51,49],"tags":[],"class_list":["post-493188","post","type-post","status-publish","format-standard","has-post-thumbnail","hentry","category-evidenza-top","category-news-18","category-51","category-49","description-off"],"img_url":"https:\/\/www.radiopiu.net\/wordpress\/wp-content\/uploads\/2026\/01\/4f2bf9f9-b2d7-43a7-8760-df6920559a10.png","_links":{"self":[{"href":"https:\/\/www.radiopiu.net\/wordpress\/wp-json\/wp\/v2\/posts\/493188","targetHints":{"allow":["GET"]}}],"collection":[{"href":"https:\/\/www.radiopiu.net\/wordpress\/wp-json\/wp\/v2\/posts"}],"about":[{"href":"https:\/\/www.radiopiu.net\/wordpress\/wp-json\/wp\/v2\/types\/post"}],"author":[{"embeddable":true,"href":"https:\/\/www.radiopiu.net\/wordpress\/wp-json\/wp\/v2\/users\/4"}],"replies":[{"embeddable":true,"href":"https:\/\/www.radiopiu.net\/wordpress\/wp-json\/wp\/v2\/comments?post=493188"}],"version-history":[{"count":2,"href":"https:\/\/www.radiopiu.net\/wordpress\/wp-json\/wp\/v2\/posts\/493188\/revisions"}],"predecessor-version":[{"id":493191,"href":"https:\/\/www.radiopiu.net\/wordpress\/wp-json\/wp\/v2\/posts\/493188\/revisions\/493191"}],"wp:featuredmedia":[{"embeddable":true,"href":"https:\/\/www.radiopiu.net\/wordpress\/wp-json\/wp\/v2\/media\/493189"}],"wp:attachment":[{"href":"https:\/\/www.radiopiu.net\/wordpress\/wp-json\/wp\/v2\/media?parent=493188"}],"wp:term":[{"taxonomy":"category","embeddable":true,"href":"https:\/\/www.radiopiu.net\/wordpress\/wp-json\/wp\/v2\/categories?post=493188"},{"taxonomy":"post_tag","embeddable":true,"href":"https:\/\/www.radiopiu.net\/wordpress\/wp-json\/wp\/v2\/tags?post=493188"}],"curies":[{"name":"wp","href":"https:\/\/api.w.org\/{rel}","templated":true}]}}