{"id":493269,"date":"2026-01-28T05:50:14","date_gmt":"2026-01-28T04:50:14","guid":{"rendered":"https:\/\/www.radiopiu.net\/wordpress\/?p=493269"},"modified":"2026-01-28T05:55:24","modified_gmt":"2026-01-28T04:55:24","slug":"in-arrivo-piogge-abbondanti-e-neve-in-montagna","status":"publish","type":"post","link":"https:\/\/www.radiopiu.net\/wordpress\/in-arrivo-piogge-abbondanti-e-neve-in-montagna\/","title":{"rendered":"IN ARRIVO PIOGGE ABBONDANTI E NEVE IN MONTAGNA"},"content":{"rendered":"<p>*********<\/p>\n<p>&nbsp;<\/p>\n<p><strong><a class=\"dt-pswp-item\" href=\"https:\/\/www.radiopiu.net\/wordpress\/wp-content\/uploads\/2021\/03\/Neve-02_Archivio-DOLOM.IT_-scaled.jpg\" data-dt-img-description=\"\" data-large_image_width=\"2560\" data-large_image_height=\"1920\"><img loading=\"lazy\" decoding=\"async\" class=\" wp-image-197628 alignleft\" src=\"https:\/\/www.radiopiu.net\/wordpress\/wp-content\/uploads\/2021\/03\/Neve-02_Archivio-DOLOM.IT_-300x225.jpg\" alt=\"\" width=\"175\" height=\"131\" srcset=\"https:\/\/www.radiopiu.net\/wordpress\/wp-content\/uploads\/2021\/03\/Neve-02_Archivio-DOLOM.IT_-300x225.jpg 300w, https:\/\/www.radiopiu.net\/wordpress\/wp-content\/uploads\/2021\/03\/Neve-02_Archivio-DOLOM.IT_-1024x768.jpg 1024w, https:\/\/www.radiopiu.net\/wordpress\/wp-content\/uploads\/2021\/03\/Neve-02_Archivio-DOLOM.IT_-768x576.jpg 768w, https:\/\/www.radiopiu.net\/wordpress\/wp-content\/uploads\/2021\/03\/Neve-02_Archivio-DOLOM.IT_-1536x1152.jpg 1536w, https:\/\/www.radiopiu.net\/wordpress\/wp-content\/uploads\/2021\/03\/Neve-02_Archivio-DOLOM.IT_-2048x1536.jpg 2048w\" sizes=\"auto, (max-width: 175px) 100vw, 175px\" \/><\/a>VENEZIA <\/strong>Mercoled\u00ec 28 gennaio il tempo sar\u00e0 perturbato con precipitazioni diffuse anche consistenti (30-40 mm), localmente abbondanti (50-70mm) specie sulle zone prealpine, pedemontane, sulla pianura e sulla costa nordorientale. In montagna nevicher\u00e0 inizialmente fino a gran parte dei fondovalle (400-700 m di quota) con limite in rialzo fino a 1200\/1500 metri sulle Prealpi e a 900\/1200 metri sulle Dolomiti, e localmente pi\u00f9 in basso nei settori pi\u00f9 chiusi. Alla luce di queste previsioni, il Centro funzionale decentrato della Protezione civile del Veneto ha dichiarato lo stato di attenzione per nevicate dalla mezzanotte di oggi e fino alle 8 di gioved\u00ec 29 gennaio nelle zone montane. E\u2019 prevista inoltre criticit\u00e0 gialla (stato di attenzione) per rischio idrogeologico ed idraulico nella zona VENE-F (Basso Piave, Sile, Bacino scolante in laguna) dalle 8 di domani alle 14 di gioved\u00ec. La criticit\u00e0 idraulica \u00e8 riferita alla sola asta del Sile.<\/p>\n<p>&nbsp;<\/p>\n<p>&nbsp;<\/p>\n<p>*********<\/p>\n","protected":false},"excerpt":{"rendered":"<p>********* &nbsp; VENEZIA Mercoled\u00ec 28 gennaio il tempo sar\u00e0 perturbato con precipitazioni diffuse anche consistenti (30-40 mm), localmente abbondanti (50-70mm) specie sulle zone prealpine, pedemontane, sulla pianura e sulla costa nordorientale. In montagna nevicher\u00e0 inizialmente fino a gran parte dei fondovalle (400-700 m di quota) con limite in rialzo fino a 1200\/1500 metri sulle Prealpi&hellip;<\/p>\n","protected":false},"author":4,"featured_media":197628,"comment_status":"closed","ping_status":"closed","sticky":false,"template":"","format":"standard","meta":{"_monsterinsights_skip_tracking":false,"_monsterinsights_sitenote_active":false,"_monsterinsights_sitenote_note":"","_monsterinsights_sitenote_category":0,"footnotes":""},"categories":[104,49],"tags":[],"class_list":["post-493269","post","type-post","status-publish","format-standard","has-post-thumbnail","hentry","category-evidenza_3","category-news-18","category-104","category-49","description-off"],"img_url":"https:\/\/www.radiopiu.net\/wordpress\/wp-content\/uploads\/2021\/03\/Neve-02_Archivio-DOLOM.IT_-scaled.jpg","_links":{"self":[{"href":"https:\/\/www.radiopiu.net\/wordpress\/wp-json\/wp\/v2\/posts\/493269","targetHints":{"allow":["GET"]}}],"collection":[{"href":"https:\/\/www.radiopiu.net\/wordpress\/wp-json\/wp\/v2\/posts"}],"about":[{"href":"https:\/\/www.radiopiu.net\/wordpress\/wp-json\/wp\/v2\/types\/post"}],"author":[{"embeddable":true,"href":"https:\/\/www.radiopiu.net\/wordpress\/wp-json\/wp\/v2\/users\/4"}],"replies":[{"embeddable":true,"href":"https:\/\/www.radiopiu.net\/wordpress\/wp-json\/wp\/v2\/comments?post=493269"}],"version-history":[{"count":1,"href":"https:\/\/www.radiopiu.net\/wordpress\/wp-json\/wp\/v2\/posts\/493269\/revisions"}],"predecessor-version":[{"id":493270,"href":"https:\/\/www.radiopiu.net\/wordpress\/wp-json\/wp\/v2\/posts\/493269\/revisions\/493270"}],"wp:featuredmedia":[{"embeddable":true,"href":"https:\/\/www.radiopiu.net\/wordpress\/wp-json\/wp\/v2\/media\/197628"}],"wp:attachment":[{"href":"https:\/\/www.radiopiu.net\/wordpress\/wp-json\/wp\/v2\/media?parent=493269"}],"wp:term":[{"taxonomy":"category","embeddable":true,"href":"https:\/\/www.radiopiu.net\/wordpress\/wp-json\/wp\/v2\/categories?post=493269"},{"taxonomy":"post_tag","embeddable":true,"href":"https:\/\/www.radiopiu.net\/wordpress\/wp-json\/wp\/v2\/tags?post=493269"}],"curies":[{"name":"wp","href":"https:\/\/api.w.org\/{rel}","templated":true}]}}