{"id":493287,"date":"2026-01-27T16:32:45","date_gmt":"2026-01-27T15:32:45","guid":{"rendered":"https:\/\/www.radiopiu.net\/wordpress\/?p=493287"},"modified":"2026-01-27T16:32:45","modified_gmt":"2026-01-27T15:32:45","slug":"rinnovato-il-contratto-regionale-per-il-settore-alimentare-in-veneto","status":"publish","type":"post","link":"https:\/\/www.radiopiu.net\/wordpress\/rinnovato-il-contratto-regionale-per-il-settore-alimentare-in-veneto\/","title":{"rendered":"RINNOVATO IL CONTRATTO REGIONALE PER IL SETTORE ALIMENTARE IN VENETO"},"content":{"rendered":"<p>********<\/p>\n<p>&nbsp;<\/p>\n<p><strong><a class=\"dt-pswp-item\" href=\"https:\/\/www.radiopiu.net\/wordpress\/wp-content\/uploads\/2026\/01\/20026-01-27_ccrl-alimentare.jpeg\" data-dt-img-description=\"\" data-large_image_width=\"1600\" data-large_image_height=\"1200\"><img loading=\"lazy\" decoding=\"async\" class=\" wp-image-493288 alignleft\" src=\"https:\/\/www.radiopiu.net\/wordpress\/wp-content\/uploads\/2026\/01\/20026-01-27_ccrl-alimentare-300x225.jpeg\" alt=\"\" width=\"203\" height=\"152\" srcset=\"https:\/\/www.radiopiu.net\/wordpress\/wp-content\/uploads\/2026\/01\/20026-01-27_ccrl-alimentare-300x225.jpeg 300w, https:\/\/www.radiopiu.net\/wordpress\/wp-content\/uploads\/2026\/01\/20026-01-27_ccrl-alimentare-1024x768.jpeg 1024w, https:\/\/www.radiopiu.net\/wordpress\/wp-content\/uploads\/2026\/01\/20026-01-27_ccrl-alimentare-768x576.jpeg 768w, https:\/\/www.radiopiu.net\/wordpress\/wp-content\/uploads\/2026\/01\/20026-01-27_ccrl-alimentare-1536x1152.jpeg 1536w, https:\/\/www.radiopiu.net\/wordpress\/wp-content\/uploads\/2026\/01\/20026-01-27_ccrl-alimentare.jpeg 1600w\" sizes=\"auto, (max-width: 203px) 100vw, 203px\" \/><\/a>MESTRE (VE)\u00a0 <\/strong>Il giorno 26 gennaio 2026 \u00e8 stato sottoscritto da Confartigianato Imprese Veneto, CNA Veneto e Casartigiani Veneto e dalle Organizzazioni sindacali FAI-CISL, FLAI-CGIL e UILA-UIL del Veneto il nuovo Contratto Collettivo Regionale di Lavoro per i dipendenti del settore alimentare artigiano, del settore alimentare non artigiano fino a 15 dipendenti, del settore panificazione e delle altre attivit\u00e0 ricomprese nella sfera di applicazione contrattuale. Il contratto decorre dal 1\u00b0 gennaio 2026 e avr\u00e0 validit\u00e0 fino al 31 dicembre 2028, rappresentando un passaggio importante per rafforzare e aggiornare gli strumenti contrattuali regionali, in grado di accompagnare l\u2019evoluzione del comparto, sostenendo al contempo competitivit\u00e0 delle imprese e tutele per lavoratrici e lavoratori. Tra i contenuti di maggiore rilievo, le Parti hanno confermato e riorganizzato un impianto di misure che intervengono su organizzazione del lavoro, bilateralit\u00e0, previdenza, welfare contrattuale e premialit\u00e0, valorizzando il ruolo dell\u2019Osservatorio regionale e della Commissione bilaterale di categoria, quali sedi di confronto e monitoraggio. Particolare attenzione \u00e8 stata riservata alla dimensione sociale, con l\u2019introduzione della Banca ore solidale, che consente di mettere a disposizione ferie e permessi a favore di lavoratori che si trovino in situazioni di necessit\u00e0 e assistenza, secondo le modalit\u00e0 previste dal CCRL. Nell\u2019ambito della bilateralit\u00e0, le Parti hanno inoltre concordato l\u2019attivazione di una nuova prestazione EBAV D26 \u201cBollette energia dipendenti\u201d, che prevede \u2013 a partire dall\u2019anno di competenza 2026 \u2013 un contributo annuale pari a \u20ac 200,00 per i lavoratori con ISEE fino a \u20ac 23.000,00, a fronte di spese per energia elettrica o gas. Un ulteriore intervento significativo riguarda la previdenza complementare, tema sempre pi\u00f9 centrale anche in ottica di tutela e stabilit\u00e0 futura. Per incentivare l\u2019adesione dei lavoratori ai fondi negoziali dell\u2019artigianato, il rinnovo conferma il contributo a carico delle imprese pari all\u20191,8% della retribuzione utile ai fini TFR per tutti i dipendenti gi\u00e0 iscritti o che aderiranno successivamente alla previdenza complementare con il conferimento del TFR. Sono state inoltre rimodulate e rafforzate le prestazioni EBAV a favore di imprese e lavoratori in caso di adesione del dipendente alla previdenza complementare, con un sostegno economico ulteriormente incrementato per gli under 35. Sul piano economico, per l\u2019annualit\u00e0 2025 \u00e8 previsto un intervento una tantum di welfare aziendale su base contrattuale, con importi fino a 340 euro annui a favore di tutti i lavoratori e lavoratrici dei settori coinvolti. Viene inoltre reso strutturale l\u2019elemento retributivo regionale (ERT) e per il triennio 2026-2028 viene introdotto il nuovo Premio di Risultato Veneto (PRV), legato a parametri oggettivi di produttivit\u00e0 e andamento aziendale, che potr\u00e0 beneficiare della detassazione prevista dalla normativa vigente e che sar\u00e0 erogato in tre tranche: 350 euro nel 2027, 370 euro nel 2028 e 390 euro nel 2029, con la possibilit\u00e0 da parte dei lavoratori di convertirlo in welfare, usufruendo di un incremento aggiuntivo del valore pari a 20 euro. Il rinnovo del CCRL e l\u2019introduzione del PRV confermano la volont\u00e0 delle Parti di utilizzare la contrattazione regionale come strumento concreto per governare i cambiamenti del settore, sostenere la produttivit\u00e0 e valorizzare il lavoro, rafforzando al contempo welfare e misure di supporto alle famiglie. <em>\u201cL\u2019accordo sottoscritto \u00e8 l\u2019esito delle fattive e produttive relazioni sindacali in atto nella nostra regione. Siamo infatti riusciti a definire un rinnovo coerente con le esigenze del settore, capace di valorizzare il lavoro in un comparto strategico che rappresenta un patrimonio economico e sociale <\/em>\u2013 hanno dichiarato il Presidente Cristiano Gaggion e il Vicepresidente Ruggero Garlani della Federazione Regionale Alimentazione di Confartigianato, assieme alla Presidente Regionale di Categoria di CNA Catia Olivetto e al Presidente di Casartigiani del Veneto Franco Storer \u2013 <em>La scelta di introdurre il Premio di Risultato Veneto va nella direzione di legare, in modo trasparente e misurabile, una parte della retribuzione ai risultati dell\u2019impresa, riconoscendo l\u2019impegno delle persone e sostenendo, allo stesso tempo, la capacit\u00e0 delle aziende di investire e crescere in un contesto economico ancora complesso. \u00c8 un segnale di responsabilit\u00e0 condivisa, che rafforza la cultura della produttivit\u00e0 e della collaborazione e contribuisce a rendere il settore pi\u00f9 stabile e attrattivo, anche per chi si avvicina oggi a questi mestieri\u201d<\/em>. I Segretari Regionali di FAI-CISL, Andrea Zanin, di FLAI-CGIL, Giosu\u00e8 Mattei e di UILA-UIL, Daniele Mirandola, hanno sottolineato che <em>\u201c<\/em><em>il rinnovo rappresenta un risultato importante, frutto di un confronto serio che conferma il buon livello delle relazioni sindacali maturato nel tempo. Si tratta di un segnale chiaro, che evidenzia che la contrattazione integrativa \u00e8 uno strumento concreto, capace di migliorare realmente le condizioni di lavoro e di redistribuire attraverso il salario di secondo livello un pezzo del valore prodotto. Soprattutto in un contesto economico segnato in generale dall\u2019aumento del costo della vita, dei costi energetici e dei servizi, da una inflazione reale ancora a livelli troppo elevati. L\u2019accordo dimostra come sia possibile tenere insieme competitivit\u00e0 delle imprese, diritti, sicurezza e salario. \u00c8 questa la strada che intendiamo continuare a percorrere rafforzando la contrattazione e mettendo sempre al centro il lavoro e la dignit\u00e0 delle persone\u201d<\/em>.<\/p>\n<p>&nbsp;<\/p>\n<p>&nbsp;<\/p>\n<p>&nbsp;<\/p>\n<p>&nbsp;<\/p>\n<p>&nbsp;<\/p>\n<p>*********<\/p>\n","protected":false},"excerpt":{"rendered":"<p>******** &nbsp; MESTRE (VE)\u00a0 Il giorno 26 gennaio 2026 \u00e8 stato sottoscritto da Confartigianato Imprese Veneto, CNA Veneto e Casartigiani Veneto e dalle Organizzazioni sindacali FAI-CISL, FLAI-CGIL e UILA-UIL del Veneto il nuovo Contratto Collettivo Regionale di Lavoro per i dipendenti del settore alimentare artigiano, del settore alimentare non artigiano fino a 15 dipendenti, del&hellip;<\/p>\n","protected":false},"author":4,"featured_media":493288,"comment_status":"closed","ping_status":"closed","sticky":false,"template":"","format":"standard","meta":{"_monsterinsights_skip_tracking":false,"_monsterinsights_sitenote_active":false,"_monsterinsights_sitenote_note":"","_monsterinsights_sitenote_category":0,"footnotes":""},"categories":[51,49],"tags":[],"class_list":["post-493287","post","type-post","status-publish","format-standard","has-post-thumbnail","hentry","category-evidenza-top","category-news-18","category-51","category-49","description-off"],"img_url":"https:\/\/www.radiopiu.net\/wordpress\/wp-content\/uploads\/2026\/01\/20026-01-27_ccrl-alimentare.jpeg","_links":{"self":[{"href":"https:\/\/www.radiopiu.net\/wordpress\/wp-json\/wp\/v2\/posts\/493287","targetHints":{"allow":["GET"]}}],"collection":[{"href":"https:\/\/www.radiopiu.net\/wordpress\/wp-json\/wp\/v2\/posts"}],"about":[{"href":"https:\/\/www.radiopiu.net\/wordpress\/wp-json\/wp\/v2\/types\/post"}],"author":[{"embeddable":true,"href":"https:\/\/www.radiopiu.net\/wordpress\/wp-json\/wp\/v2\/users\/4"}],"replies":[{"embeddable":true,"href":"https:\/\/www.radiopiu.net\/wordpress\/wp-json\/wp\/v2\/comments?post=493287"}],"version-history":[{"count":1,"href":"https:\/\/www.radiopiu.net\/wordpress\/wp-json\/wp\/v2\/posts\/493287\/revisions"}],"predecessor-version":[{"id":493289,"href":"https:\/\/www.radiopiu.net\/wordpress\/wp-json\/wp\/v2\/posts\/493287\/revisions\/493289"}],"wp:featuredmedia":[{"embeddable":true,"href":"https:\/\/www.radiopiu.net\/wordpress\/wp-json\/wp\/v2\/media\/493288"}],"wp:attachment":[{"href":"https:\/\/www.radiopiu.net\/wordpress\/wp-json\/wp\/v2\/media?parent=493287"}],"wp:term":[{"taxonomy":"category","embeddable":true,"href":"https:\/\/www.radiopiu.net\/wordpress\/wp-json\/wp\/v2\/categories?post=493287"},{"taxonomy":"post_tag","embeddable":true,"href":"https:\/\/www.radiopiu.net\/wordpress\/wp-json\/wp\/v2\/tags?post=493287"}],"curies":[{"name":"wp","href":"https:\/\/api.w.org\/{rel}","templated":true}]}}