{"id":493314,"date":"2026-01-27T23:59:08","date_gmt":"2026-01-27T22:59:08","guid":{"rendered":"https:\/\/www.radiopiu.net\/wordpress\/?p=493314"},"modified":"2026-01-28T16:36:13","modified_gmt":"2026-01-28T15:36:13","slug":"report-il-progetto-per-avvicinare-i-giovani-al-mondo-del-lavoro","status":"publish","type":"post","link":"https:\/\/www.radiopiu.net\/wordpress\/report-il-progetto-per-avvicinare-i-giovani-al-mondo-del-lavoro\/","title":{"rendered":"REPORT: IL PROGETTO PER AVVICINARE I GIOVANI AL MONDO DEL LAVORO"},"content":{"rendered":"<p>*********<\/p>\n<p>&nbsp;<\/p>\n<p><strong><a class=\"dt-pswp-item\" href=\"https:\/\/www.radiopiu.net\/wordpress\/wp-content\/uploads\/2026\/01\/GEA.png\" data-dt-img-description=\"\" data-large_image_width=\"1288\" data-large_image_height=\"493\"><img loading=\"lazy\" decoding=\"async\" class=\"size-medium wp-image-493315 alignleft\" src=\"https:\/\/www.radiopiu.net\/wordpress\/wp-content\/uploads\/2026\/01\/GEA-300x115.png\" alt=\"\" width=\"300\" height=\"115\" srcset=\"https:\/\/www.radiopiu.net\/wordpress\/wp-content\/uploads\/2026\/01\/GEA-300x115.png 300w, https:\/\/www.radiopiu.net\/wordpress\/wp-content\/uploads\/2026\/01\/GEA-1024x392.png 1024w, https:\/\/www.radiopiu.net\/wordpress\/wp-content\/uploads\/2026\/01\/GEA-768x294.png 768w, https:\/\/www.radiopiu.net\/wordpress\/wp-content\/uploads\/2026\/01\/GEA.png 1288w\" sizes=\"auto, (max-width: 300px) 100vw, 300px\" \/><\/a>DI ALESSIA DALL&#8217;O&#8217;<\/strong><\/p>\n<p><strong>FELTRE <\/strong>Nel report di approfondimento di oggi siamo a Feltre, dove incontriamo Alberto Botte, facilitatore del progetto G.E.A. \u2013 Giovani Energie in Azione, giunto alla sua seconda edizione. Un\u2019iniziativa promossa da ENAC Veneto e coordinata insieme a Veronica Da Canal, che dalla sede feltrina segue da vicino i giovani del territorio accompagnandoli verso il mondo del lavoro. Per informazioni sul progetto G.E.A. \u2013 Giovani Energie in Azione \u00e8 possibile scrivere a gea@enacveneto.it<\/p>\n<p><strong>Un progetto pensato per i giovani senza occupazione<\/strong><\/p>\n<p>G.E.A. si rivolge in modo specifico ai giovani tra i 18 e i 29 anni della provincia di Belluno che attualmente non hanno un\u2019occupazione. \u00abConsigliamo di contattarci anche nel caso in cui si abbiano contratti a chiamata di poche ore, perch\u00e9 rientrano comunque, valutando caso per caso, una categoria che potrebbe avere i requisiti del progetto\u00bb spiega Alberto. L\u2019obiettivo \u00e8 offrire strumenti concreti, competenze e soprattutto occasioni reali di inserimento lavorativo, anche direttamente in azienda.<\/p>\n<p><strong>Veneto: un contesto favorevole, ma che richiede competenze<\/strong><\/p>\n<p>Sebbene il quadro occupazionale sia complessivamente positivo, molti giovani continuano a vivere un distacco dal mondo del lavoro, un sistema profondamente cambiato che richiede competenze, e consapevolezza spesso non intercettati dai percorsi tradizionali.<br \/>\nIl Veneto registra tassi di occupazione giovanile tra i pi\u00f9 alti d\u2019Italia, con valori superiori al 60% nella fascia 18-34 anni. In provincia di Belluno la domanda \u00e8 sostenuta in particolare dai settori turistico e manifatturiero.\u00a0 In questo scenario, il progetto si propone come un ponte tra i talenti di ciascuno e le opportunit\u00e0 del mercato.<\/p>\n<p><strong>Percorsi personalizzati tra formazione e lavoro<\/strong><\/p>\n<p>\u00abIl mondo del lavoro oggi richiede sempre pi\u00f9 skills\u00bb, sottolinea Botte. \u00abAttraverso un programma eterogeneo e innovativo cerchiamo di offrire ai giovani diverse possibilit\u00e0, lasciando loro la libert\u00e0 di scegliere il percorso pi\u00f9 adatto\u00bb. Il primo passo \u00e8 sempre un colloquio conoscitivo con la referente Rebecca Broccon, per approfondire interessi e obiettivi lavorativi. Da qui nasce un percorso su misura, che pu\u00f2 includere tirocini retribuiti fino a 500\u20ac in aziende del territorio, corsi di formazione su varie materie e ambiti, oltre a eventi, seminari e percorsi esperienziali dedicati alla scoperta dei propri talenti. All\u2019interno di G.E.A. trovano spazio anche concorsi per trasformare idee in progetti concreti e, su richiesta, esperienze all\u2019estero, pensate per arricchire il curriculum e aprire lo sguardo a una dimensione internazionale.<\/p>\n<p><strong>Storie di giovani che restano sul territorio<\/strong><\/p>\n<p>Dalla prima edizione del progetto \u00e8 nato, ad esempio, il podcast \u201c<em>Boce, fone che?<\/em>\u201d, un dialogo tra giovani pensato per offrire spunti e ispirazioni a chi \u00e8 alla ricerca della propria strada. Ma sono numerose le storie che raccontano l\u2019impatto concreto di G.E.A. \u00abMi viene in mente un ragazzo che voleva lasciare Feltre perch\u00e9 cercava una professione di nicchia\u00bbracconta Botte. \u00abIn poche settimane siamo riusciti ad attivare un tirocinio e oggi lavora stabilmente in quell\u2019azienda. Non sempre la strada \u00e8 immediata, ma con il tempo e il giusto supporto si pu\u00f2 arrivare all\u2019obiettivo\u00bb.<\/p>\n<p><strong>LO SPACIALE ALLA RADIO<\/strong><\/p>\n<audio class=\"wp-audio-shortcode\" id=\"audio-493314-1\" preload=\"none\" style=\"width: 100%;\" controls=\"controls\"><source type=\"audio\/mpeg\" src=\"https:\/\/www.radiopiu.net\/wordpress\/wp-content\/uploads\/2026\/01\/REPORTER-PROGETTO-GEA-FELTRE-ALESSIA.mp3?_=1\" \/><a href=\"https:\/\/www.radiopiu.net\/wordpress\/wp-content\/uploads\/2026\/01\/REPORTER-PROGETTO-GEA-FELTRE-ALESSIA.mp3\">https:\/\/www.radiopiu.net\/wordpress\/wp-content\/uploads\/2026\/01\/REPORTER-PROGETTO-GEA-FELTRE-ALESSIA.mp3<\/a><\/audio>\n<p>&nbsp;<\/p>\n<p>&nbsp;<\/p>\n<p>&nbsp;<\/p>\n<p>&nbsp;<\/p>\n<p>**********<\/p>\n","protected":false},"excerpt":{"rendered":"<p>********* &nbsp; DI ALESSIA DALL&#8217;O&#8217; FELTRE Nel report di approfondimento di oggi siamo a Feltre, dove incontriamo Alberto Botte, facilitatore del progetto G.E.A. \u2013 Giovani Energie in Azione, giunto alla sua seconda edizione. Un\u2019iniziativa promossa da ENAC Veneto e coordinata insieme a Veronica Da Canal, che dalla sede feltrina segue da vicino i giovani del&hellip;<\/p>\n","protected":false},"author":4,"featured_media":493315,"comment_status":"closed","ping_status":"closed","sticky":false,"template":"","format":"standard","meta":{"_monsterinsights_skip_tracking":false,"_monsterinsights_sitenote_active":false,"_monsterinsights_sitenote_note":"","_monsterinsights_sitenote_category":0,"footnotes":""},"categories":[51,49],"tags":[],"class_list":["post-493314","post","type-post","status-publish","format-standard","has-post-thumbnail","hentry","category-evidenza-top","category-news-18","category-51","category-49","description-off"],"img_url":"https:\/\/www.radiopiu.net\/wordpress\/wp-content\/uploads\/2026\/01\/GEA.png","_links":{"self":[{"href":"https:\/\/www.radiopiu.net\/wordpress\/wp-json\/wp\/v2\/posts\/493314","targetHints":{"allow":["GET"]}}],"collection":[{"href":"https:\/\/www.radiopiu.net\/wordpress\/wp-json\/wp\/v2\/posts"}],"about":[{"href":"https:\/\/www.radiopiu.net\/wordpress\/wp-json\/wp\/v2\/types\/post"}],"author":[{"embeddable":true,"href":"https:\/\/www.radiopiu.net\/wordpress\/wp-json\/wp\/v2\/users\/4"}],"replies":[{"embeddable":true,"href":"https:\/\/www.radiopiu.net\/wordpress\/wp-json\/wp\/v2\/comments?post=493314"}],"version-history":[{"count":2,"href":"https:\/\/www.radiopiu.net\/wordpress\/wp-json\/wp\/v2\/posts\/493314\/revisions"}],"predecessor-version":[{"id":493491,"href":"https:\/\/www.radiopiu.net\/wordpress\/wp-json\/wp\/v2\/posts\/493314\/revisions\/493491"}],"wp:featuredmedia":[{"embeddable":true,"href":"https:\/\/www.radiopiu.net\/wordpress\/wp-json\/wp\/v2\/media\/493315"}],"wp:attachment":[{"href":"https:\/\/www.radiopiu.net\/wordpress\/wp-json\/wp\/v2\/media?parent=493314"}],"wp:term":[{"taxonomy":"category","embeddable":true,"href":"https:\/\/www.radiopiu.net\/wordpress\/wp-json\/wp\/v2\/categories?post=493314"},{"taxonomy":"post_tag","embeddable":true,"href":"https:\/\/www.radiopiu.net\/wordpress\/wp-json\/wp\/v2\/tags?post=493314"}],"curies":[{"name":"wp","href":"https:\/\/api.w.org\/{rel}","templated":true}]}}