{"id":493317,"date":"2026-01-27T19:29:21","date_gmt":"2026-01-27T18:29:21","guid":{"rendered":"https:\/\/www.radiopiu.net\/wordpress\/?p=493317"},"modified":"2026-01-28T05:54:00","modified_gmt":"2026-01-28T04:54:00","slug":"a-monsignor-enrico-dal-covolo-la-cittadinanza-onoraria-di-feltre","status":"publish","type":"post","link":"https:\/\/www.radiopiu.net\/wordpress\/a-monsignor-enrico-dal-covolo-la-cittadinanza-onoraria-di-feltre\/","title":{"rendered":"A MONSIGNOR ENRICO DAL COVOLO LA CITTADINANZA ONORARIA DI FELTRE"},"content":{"rendered":"<p>*********<\/p>\n<p>&nbsp;<\/p>\n<p><strong><a class=\"dt-pswp-item\" href=\"https:\/\/www.radiopiu.net\/wordpress\/wp-content\/uploads\/2026\/01\/Dalcovolo1.jpg\" data-dt-img-description=\"\" data-large_image_width=\"965\" data-large_image_height=\"500\"><img loading=\"lazy\" decoding=\"async\" class=\" wp-image-493318 alignleft\" src=\"https:\/\/www.radiopiu.net\/wordpress\/wp-content\/uploads\/2026\/01\/Dalcovolo1-300x155.jpg\" alt=\"\" width=\"230\" height=\"119\" srcset=\"https:\/\/www.radiopiu.net\/wordpress\/wp-content\/uploads\/2026\/01\/Dalcovolo1-300x155.jpg 300w, https:\/\/www.radiopiu.net\/wordpress\/wp-content\/uploads\/2026\/01\/Dalcovolo1-768x398.jpg 768w, https:\/\/www.radiopiu.net\/wordpress\/wp-content\/uploads\/2026\/01\/Dalcovolo1.jpg 965w\" sizes=\"auto, (max-width: 230px) 100vw, 230px\" \/><\/a>DI ALESSIA DALL&#8217;O&#8217;<\/strong><\/p>\n<p><strong>FELTRE <\/strong>Feltre si prepara a rendere omaggio a uno dei suoi figli pi\u00f9 illustri. Monsignor Enrico dal Covolo ricever\u00e0 la cittadinanza onoraria, uno dei riconoscimenti pi\u00f9 alti conferiti dalla Citt\u00e0, nel corso della cerimonia ufficiale in programma sabato prossimo, 31 gennaio alla Galleria Rizzarda.<\/p>\n<p><strong>LA CITTADINANZA ONORARIA: RADICI CHE NON SI DIMENTICANO<\/strong><\/p>\n<p>Un gesto che va oltre il valore simbolico e che intende sancire un legame mai spezzato tra il noto religioso e la sua citt\u00e0 natale. Nonostante un percorso che lo ha portato a ricoprire incarichi di primo piano nel mondo ecclesiastico e accademico, monsignor dal Covolo ha infatti continuato negli anni a mantenere uno sguardo attento su Feltre, traducendo questo legame in iniziative concrete a favore del territorio. \u00abLa cittadinanza onoraria non premia solo un percorso personale di valore, ma soprattutto un legame autentico con il territorio e con la sua storia. Con questo gesto Feltre dice grazie a chi, anche da lontano, non ha mai smesso di sentirsi parte della nostra comunit\u00e0\u00bb sottolinea la sindaco di Feltre Viviana Fusaro. \u00abUn riconoscimento che vuole essere, prima di tutto, un grazie pubblico a chi, pur lontano per lavoro, non ha mai smesso di sentirsi parte della comunit\u00e0 feltrina \u2013 aggiunge l\u2019assessore Maurizio Zatta \u2013. A monsignor dal Covolo va la nostra gratitudine per il suo ruolo attivo nella comunit\u00e0 e la mia personale ammirazione per l\u2019attivit\u00e0 educativa che, anche come salesiano, conduce con e per i giovani\u00bb.<\/p>\n<p><strong>MONSIGNOR DAL COVOLO PER FELTRE<\/strong><\/p>\n<p>Numerosi i contributi che nel tempo hanno segnato questo rapporto. \u00c8 anche grazie all\u2019intervento diretto di monsignor dal Covolo se nel 2010 il Santuario dei Santi Vittore e Corona ha potuto accogliere la reliquia insigne di San Vittore, concessa dall\u2019Arcivescovo di Praga in occasione del centenario del martirio. A lui si deve inoltre il lungo e articolato percorso che ha portato al conferimento del titolo di Basilica allo stesso Santuario,riconoscimento che ha avuto ricadute positive non solo sul piano religioso, ma anche per il pregio culturale e turistico del luogo. Nel suo impegno non sono mancati l\u2019attenzione al mondo giovanile e la valorizzazione delle radici culturali feltrine: dal Premio dei Santi Vittore e Corona, promosso coinvolgendo importanti realt\u00e0 salesiane del Triveneto, fino al costante richiamo alla figura di Vittorino da Feltre, presentato a generazioni di studenti come riferimento della pedagogia moderna. Un lavoro che ha contribuito a mantenere viva la memoria storica della citt\u00e0 ben oltre i confini locali. Nel 2011, in occasione dei cinquecento anni dall\u2019incendio di Feltre, a monsignor dal Covolo fu affidato anche il compito di presiedere i principali eventi religiosi\u00a0 e civili legati alle celebrazioni, dando ulteriore visibilit\u00e0 alla Citt\u00e0 in contesti nazionali<\/p>\n<p>&nbsp;<\/p>\n<p>&nbsp;<\/p>\n<p>&nbsp;<\/p>\n<p>&nbsp;<\/p>\n<p>*********<\/p>\n","protected":false},"excerpt":{"rendered":"<p>********* &nbsp; DI ALESSIA DALL&#8217;O&#8217; FELTRE Feltre si prepara a rendere omaggio a uno dei suoi figli pi\u00f9 illustri. Monsignor Enrico dal Covolo ricever\u00e0 la cittadinanza onoraria, uno dei riconoscimenti pi\u00f9 alti conferiti dalla Citt\u00e0, nel corso della cerimonia ufficiale in programma sabato prossimo, 31 gennaio alla Galleria Rizzarda. LA CITTADINANZA ONORARIA: RADICI CHE NON&hellip;<\/p>\n","protected":false},"author":4,"featured_media":493318,"comment_status":"closed","ping_status":"closed","sticky":false,"template":"","format":"standard","meta":{"_monsterinsights_skip_tracking":false,"_monsterinsights_sitenote_active":false,"_monsterinsights_sitenote_note":"","_monsterinsights_sitenote_category":0,"footnotes":""},"categories":[51,49],"tags":[],"class_list":["post-493317","post","type-post","status-publish","format-standard","has-post-thumbnail","hentry","category-evidenza-top","category-news-18","category-51","category-49","description-off"],"img_url":"https:\/\/www.radiopiu.net\/wordpress\/wp-content\/uploads\/2026\/01\/Dalcovolo1.jpg","_links":{"self":[{"href":"https:\/\/www.radiopiu.net\/wordpress\/wp-json\/wp\/v2\/posts\/493317","targetHints":{"allow":["GET"]}}],"collection":[{"href":"https:\/\/www.radiopiu.net\/wordpress\/wp-json\/wp\/v2\/posts"}],"about":[{"href":"https:\/\/www.radiopiu.net\/wordpress\/wp-json\/wp\/v2\/types\/post"}],"author":[{"embeddable":true,"href":"https:\/\/www.radiopiu.net\/wordpress\/wp-json\/wp\/v2\/users\/4"}],"replies":[{"embeddable":true,"href":"https:\/\/www.radiopiu.net\/wordpress\/wp-json\/wp\/v2\/comments?post=493317"}],"version-history":[{"count":1,"href":"https:\/\/www.radiopiu.net\/wordpress\/wp-json\/wp\/v2\/posts\/493317\/revisions"}],"predecessor-version":[{"id":493319,"href":"https:\/\/www.radiopiu.net\/wordpress\/wp-json\/wp\/v2\/posts\/493317\/revisions\/493319"}],"wp:featuredmedia":[{"embeddable":true,"href":"https:\/\/www.radiopiu.net\/wordpress\/wp-json\/wp\/v2\/media\/493318"}],"wp:attachment":[{"href":"https:\/\/www.radiopiu.net\/wordpress\/wp-json\/wp\/v2\/media?parent=493317"}],"wp:term":[{"taxonomy":"category","embeddable":true,"href":"https:\/\/www.radiopiu.net\/wordpress\/wp-json\/wp\/v2\/categories?post=493317"},{"taxonomy":"post_tag","embeddable":true,"href":"https:\/\/www.radiopiu.net\/wordpress\/wp-json\/wp\/v2\/tags?post=493317"}],"curies":[{"name":"wp","href":"https:\/\/api.w.org\/{rel}","templated":true}]}}