{"id":493321,"date":"2026-01-27T19:32:18","date_gmt":"2026-01-27T18:32:18","guid":{"rendered":"https:\/\/www.radiopiu.net\/wordpress\/?p=493321"},"modified":"2026-01-27T19:32:18","modified_gmt":"2026-01-27T18:32:18","slug":"referendum-di-marzo-2026-aperte-le-disponibilita-per-gli-scrutatori-a-feltre","status":"publish","type":"post","link":"https:\/\/www.radiopiu.net\/wordpress\/referendum-di-marzo-2026-aperte-le-disponibilita-per-gli-scrutatori-a-feltre\/","title":{"rendered":"REFERENDUM DI MARZO 2026, APERTE LE DISPONIBILIT\u00c0 PER GLI SCRUTATORI A FELTRE"},"content":{"rendered":"<p>*********<\/p>\n<p>&nbsp;<\/p>\n<p><strong><a class=\"dt-pswp-item\" href=\"https:\/\/www.radiopiu.net\/wordpress\/wp-content\/uploads\/2026\/01\/seggio.jpg\" data-dt-img-description=\"\" data-large_image_width=\"835\" data-large_image_height=\"437\"><img loading=\"lazy\" decoding=\"async\" class=\" wp-image-493322 alignleft\" src=\"https:\/\/www.radiopiu.net\/wordpress\/wp-content\/uploads\/2026\/01\/seggio-300x157.jpg\" alt=\"\" width=\"248\" height=\"130\" srcset=\"https:\/\/www.radiopiu.net\/wordpress\/wp-content\/uploads\/2026\/01\/seggio-300x157.jpg 300w, https:\/\/www.radiopiu.net\/wordpress\/wp-content\/uploads\/2026\/01\/seggio-768x402.jpg 768w, https:\/\/www.radiopiu.net\/wordpress\/wp-content\/uploads\/2026\/01\/seggio.jpg 835w\" sizes=\"auto, (max-width: 248px) 100vw, 248px\" \/><\/a>DI ALESSIA DALL&#8217;O&#8217;<\/strong><\/p>\n<p><strong>FELTRE <\/strong>Il Comune di Feltre ha avviato in data 27 gennaio la procedura per la nomina degli scrutatori in vista del referendum in programma domenica 22 e luned\u00ec 23 marzo 2026. L\u2019Ufficio Elettorale comunale ha diffuso in queste ore un avviso rivolto ai cittadini gi\u00e0 iscritti all\u2019albo degli scrutatori, invitandoli a manifestare la propria disponibilit\u00e0 a svolgere la mansione nei seggi.<\/p>\n<p><strong>INDICAZIONI PER CITTADINI RICHIEDENTI<\/strong><\/p>\n<p>La segnalazione dovr\u00e0 essere inviata esclusivamente tramite posta elettronica entro e non oltre le ore 12.00 di gioved\u00ec 19 febbraio 2026 all\u2019indirizzo elettorale@comune.feltre.bl.it. Nell\u2019oggetto della mail dovr\u00e0 essere indicata la dicitura: <em>\u201cDichiarazione di disponibilit\u00e0 a svolgere la funzione di scrutatore per il Referendum del 22 e 23 marzo 2026\u201d<\/em>. Nel corpo del messaggio, i richiedenti dovranno riportare una dichiarazione contenente cognome, nome, luogo e data di nascita, attestando di essere gi\u00e0 iscritti all\u2019albo degli scrutatori del Comune di Feltre e di chiedere l\u2019assegnazione dell\u2019incarico in occasione delle consultazioni referendarie. La Commissione Elettorale comunale terr\u00e0 conto in via prioritaria delle disponibilit\u00e0 pervenute nella fase di individuazione degli scrutatori da impiegare nei seggi. In caso di esubero di richieste, le dichiarazioni verranno accolte seguendo l\u2019ordine cronologico di arrivo. Gli interessati riceveranno successivamente una comunicazione via email con tutte le informazioni operative.<\/p>\n<p><strong>INFORMAZIONI<\/strong><\/p>\n<p>Per eventuali chiarimenti \u00e8 possibile contattare l\u2019Ufficio Elettorale Comunale, con sede in Piazzetta delle Biade 1 a Feltre, telefonando al numero 0439 885221 o scrivendo allo stesso indirizzo email. L\u2019ufficio \u00e8 aperto dal luned\u00ec al venerd\u00ec dalle 9.00 alle 13.00, oltre ai rientri pomeridiani del marted\u00ec (14.30-16.00) e del gioved\u00ec (16.00-18.00).<\/p>\n<p>&nbsp;<\/p>\n<p>&nbsp;<\/p>\n<p>&nbsp;<\/p>\n<p>&nbsp;<\/p>\n<p>&nbsp;<\/p>\n<p>&nbsp;<\/p>\n<p>**********<\/p>\n","protected":false},"excerpt":{"rendered":"<p>********* &nbsp; DI ALESSIA DALL&#8217;O&#8217; FELTRE Il Comune di Feltre ha avviato in data 27 gennaio la procedura per la nomina degli scrutatori in vista del referendum in programma domenica 22 e luned\u00ec 23 marzo 2026. L\u2019Ufficio Elettorale comunale ha diffuso in queste ore un avviso rivolto ai cittadini gi\u00e0 iscritti all\u2019albo degli scrutatori, invitandoli&hellip;<\/p>\n","protected":false},"author":4,"featured_media":493322,"comment_status":"closed","ping_status":"closed","sticky":false,"template":"","format":"standard","meta":{"_monsterinsights_skip_tracking":false,"_monsterinsights_sitenote_active":false,"_monsterinsights_sitenote_note":"","_monsterinsights_sitenote_category":0,"footnotes":""},"categories":[49],"tags":[],"class_list":["post-493321","post","type-post","status-publish","format-standard","has-post-thumbnail","hentry","category-news-18","category-49","description-off"],"img_url":"https:\/\/www.radiopiu.net\/wordpress\/wp-content\/uploads\/2026\/01\/seggio.jpg","_links":{"self":[{"href":"https:\/\/www.radiopiu.net\/wordpress\/wp-json\/wp\/v2\/posts\/493321","targetHints":{"allow":["GET"]}}],"collection":[{"href":"https:\/\/www.radiopiu.net\/wordpress\/wp-json\/wp\/v2\/posts"}],"about":[{"href":"https:\/\/www.radiopiu.net\/wordpress\/wp-json\/wp\/v2\/types\/post"}],"author":[{"embeddable":true,"href":"https:\/\/www.radiopiu.net\/wordpress\/wp-json\/wp\/v2\/users\/4"}],"replies":[{"embeddable":true,"href":"https:\/\/www.radiopiu.net\/wordpress\/wp-json\/wp\/v2\/comments?post=493321"}],"version-history":[{"count":1,"href":"https:\/\/www.radiopiu.net\/wordpress\/wp-json\/wp\/v2\/posts\/493321\/revisions"}],"predecessor-version":[{"id":493323,"href":"https:\/\/www.radiopiu.net\/wordpress\/wp-json\/wp\/v2\/posts\/493321\/revisions\/493323"}],"wp:featuredmedia":[{"embeddable":true,"href":"https:\/\/www.radiopiu.net\/wordpress\/wp-json\/wp\/v2\/media\/493322"}],"wp:attachment":[{"href":"https:\/\/www.radiopiu.net\/wordpress\/wp-json\/wp\/v2\/media?parent=493321"}],"wp:term":[{"taxonomy":"category","embeddable":true,"href":"https:\/\/www.radiopiu.net\/wordpress\/wp-json\/wp\/v2\/categories?post=493321"},{"taxonomy":"post_tag","embeddable":true,"href":"https:\/\/www.radiopiu.net\/wordpress\/wp-json\/wp\/v2\/tags?post=493321"}],"curies":[{"name":"wp","href":"https:\/\/api.w.org\/{rel}","templated":true}]}}