{"id":493330,"date":"2026-01-29T05:49:49","date_gmt":"2026-01-29T04:49:49","guid":{"rendered":"https:\/\/www.radiopiu.net\/wordpress\/?p=493330"},"modified":"2026-01-29T11:33:23","modified_gmt":"2026-01-29T10:33:23","slug":"giornale-radiopiu-29-gennaio-2026-direttore-mirko-mezzacasa","status":"publish","type":"post","link":"https:\/\/www.radiopiu.net\/wordpress\/giornale-radiopiu-29-gennaio-2026-direttore-mirko-mezzacasa\/","title":{"rendered":"GIORNALE RADIOPIU 29 GENNAIO 2026 DIRETTORE MIRKO MEZZACASA"},"content":{"rendered":"<div class=\"flex flex-col text-sm pb-25\">\n<article class=\"text-token-text-primary w-full focus:outline-none [--shadow-height:45px] has-data-writing-block:pointer-events-none has-data-writing-block:-mt-(--shadow-height) has-data-writing-block:pt-(--shadow-height) [&amp;:has([data-writing-block])&gt;*]:pointer-events-auto scroll-mt-[calc(var(--header-height)+min(200px,max(70px,20svh)))]\" dir=\"auto\" tabindex=\"-1\" data-turn-id=\"request-WEB:545a5307-a0c9-41c7-9a5f-bf65aefdb8ec-5\" data-testid=\"conversation-turn-12\" data-scroll-anchor=\"true\" data-turn=\"assistant\">\n<div class=\"text-base my-auto mx-auto pb-10 [--thread-content-margin:--spacing(4)] @w-sm\/main:[--thread-content-margin:--spacing(6)] @w-lg\/main:[--thread-content-margin:--spacing(16)] px-(--thread-content-margin)\">\n<div class=\"[--thread-content-max-width:40rem] @w-lg\/main:[--thread-content-max-width:48rem] mx-auto max-w-(--thread-content-max-width) flex-1 group\/turn-messages focus-visible:outline-hidden relative flex w-full min-w-0 flex-col agent-turn\" tabindex=\"-1\">\n<div class=\"z-0 flex min-h-[46px] justify-start\">\n<p>\u00a0****<\/p>\n<p>&nbsp;<\/p>\n<h1><span style=\"color: #ff0000;\">SUPERSKI&#8230; DI PAESE come una volta. brava Sveva<\/span><\/h1>\n<\/div>\n<\/div>\n<p><a class=\"dt-pswp-item\" href=\"https:\/\/www.radiopiu.net\/wordpress\/wp-content\/uploads\/2026\/01\/Screenshot-2026-01-29-045357.png\" data-dt-img-description=\"\" data-large_image_width=\"388\" data-large_image_height=\"184\"><img loading=\"lazy\" decoding=\"async\" class=\"alignnone size-medium wp-image-493560\" src=\"https:\/\/www.radiopiu.net\/wordpress\/wp-content\/uploads\/2026\/01\/Screenshot-2026-01-29-045357-300x142.png\" alt=\"\" width=\"300\" height=\"142\" srcset=\"https:\/\/www.radiopiu.net\/wordpress\/wp-content\/uploads\/2026\/01\/Screenshot-2026-01-29-045357-300x142.png 300w, https:\/\/www.radiopiu.net\/wordpress\/wp-content\/uploads\/2026\/01\/Screenshot-2026-01-29-045357.png 388w\" sizes=\"auto, (max-width: 300px) 100vw, 300px\" \/><\/a><\/p>\n<div style=\"width: 848px;\" class=\"wp-video\"><video class=\"wp-video-shortcode\" id=\"video-493330-1\" width=\"848\" height=\"480\" preload=\"metadata\" controls=\"controls\"><source type=\"video\/mp4\" src=\"https:\/\/www.radiopiu.net\/wordpress\/wp-content\/uploads\/2026\/01\/WhatsApp-Video-2026-01-28-at-21.20.50.mp4?_=1\" \/><a href=\"https:\/\/www.radiopiu.net\/wordpress\/wp-content\/uploads\/2026\/01\/WhatsApp-Video-2026-01-28-at-21.20.50.mp4\">https:\/\/www.radiopiu.net\/wordpress\/wp-content\/uploads\/2026\/01\/WhatsApp-Video-2026-01-28-at-21.20.50.mp4<\/a><\/video><\/div>\n<div class=\"[--thread-content-max-width:40rem] @w-lg\/main:[--thread-content-max-width:48rem] mx-auto max-w-(--thread-content-max-width) flex-1 group\/turn-messages focus-visible:outline-hidden relative flex w-full min-w-0 flex-col agent-turn\" tabindex=\"-1\">\n<div class=\"z-0 flex min-h-[46px] justify-start\">\n<h1><\/h1>\n<h1>LA\u00a0 \u00a0 APP<\/h1>\n<p><strong><em><span style=\"color: #ff0000;\">LA\u00a0 APP PER IOS-IPHONE di Nicola Vettorello<\/span><\/em><\/strong><\/p>\n<p><strong><span style=\"color: #0000ff;\"><a style=\"color: #0000ff;\" href=\"https:\/\/apps.apple.com\/it\/app\/radio-pi%C3%B9-emittente-agordina\/id1515939845\">https:\/\/apps.apple.com\/it\/app\/radio-pi%C3%B9-emittente-agordina\/id1515939845<\/a><\/span><\/strong><\/p>\n<p><strong><em style=\"color: #ff0000;\">LA\u00a0 APP RADIO\u00a0 PER ANDROID di Nicola Vettorello<\/em><\/strong><\/p>\n<p><strong><span style=\"color: #0000ff;\"><a style=\"color: #0000ff;\" href=\"https:\/\/play.google.com\/store\/apps\/details?id=net.radiopiu.iniko\" target=\"_blank\" rel=\"noopener noreferrer\">https:\/\/<\/a><a style=\"color: #0000ff;\" href=\"https:\/\/play.google.com\/store\/apps\/details?id=net.radiopiu.iniko\" target=\"_blank\" rel=\"noopener noreferrer\">play.google.com\/store\/apps\/details?id=net.radiopiu.iniko\u00a0\u00a0\u00a0\u00a0\u00a0<\/a><\/span><\/strong><\/p>\n<p>&nbsp;<\/p>\n<div class=\"page-title-head hgroup\"><\/div>\n<p>&nbsp;<\/p>\n<hr \/>\n<blockquote><p>&nbsp;<\/p>\n<div class=\"mceTemp\">\n<h1 data-start=\"0\" data-end=\"60\"><\/h1>\n<\/div>\n<\/blockquote>\n<h1 data-start=\"0\" data-end=\"36\"><strong data-start=\"0\" data-end=\"36\">IL GIOVED\u00cc DI RADIO PI\u00d9 IN BREVE<\/strong><\/h1>\n<article class=\"text-token-text-primary w-full focus:outline-none [--shadow-height:45px] has-data-writing-block:pointer-events-none has-data-writing-block:-mt-(--shadow-height) has-data-writing-block:pt-(--shadow-height) [&amp;:has([data-writing-block])&gt;*]:pointer-events-auto scroll-mt-[calc(var(--header-height)+min(200px,max(70px,20svh)))]\" dir=\"auto\" tabindex=\"-1\" data-turn-id=\"55813d5f-80b4-4d52-b548-5347622e8a44\" data-testid=\"conversation-turn-6\" data-scroll-anchor=\"false\" data-turn=\"assistant\">\n<div class=\"text-base my-auto mx-auto [--thread-content-margin:--spacing(4)] @w-sm\/main:[--thread-content-margin:--spacing(6)] @w-lg\/main:[--thread-content-margin:--spacing(16)] px-(--thread-content-margin)\">\n<div class=\"[--thread-content-max-width:40rem] @w-lg\/main:[--thread-content-max-width:48rem] mx-auto max-w-(--thread-content-max-width) flex-1 group\/turn-messages focus-visible:outline-hidden relative flex w-full min-w-0 flex-col agent-turn\" tabindex=\"-1\">\n<div class=\"flex max-w-full flex-col grow\">\n<div class=\"min-h-8 text-message relative flex w-full flex-col items-end gap-2 text-start break-words whitespace-normal [.text-message+&amp;]:mt-1\" dir=\"auto\" data-message-author-role=\"assistant\" data-message-id=\"74054b33-dbc6-4887-9ac9-ff6e64801923\" data-message-model-slug=\"gpt-5-2\">\n<div class=\"flex w-full flex-col gap-1 empty:hidden first:pt-[1px]\">\n<div class=\"markdown prose dark:prose-invert w-full wrap-break-word dark markdown-new-styling\">\n<blockquote>\n<p data-start=\"160\" data-end=\"309\"><a class=\"dt-pswp-item\" href=\"https:\/\/www.radiopiu.net\/wordpress\/wp-content\/uploads\/2026\/01\/3d8a004c-6fbf-46a1-9710-618fb0d6ad18-1.png\" data-dt-img-description=\"\" data-large_image_width=\"1536\" data-large_image_height=\"1024\"><img loading=\"lazy\" decoding=\"async\" class=\"size-medium wp-image-493565 aligncenter\" src=\"https:\/\/www.radiopiu.net\/wordpress\/wp-content\/uploads\/2026\/01\/3d8a004c-6fbf-46a1-9710-618fb0d6ad18-1-300x200.png\" alt=\"\" width=\"300\" height=\"200\" srcset=\"https:\/\/www.radiopiu.net\/wordpress\/wp-content\/uploads\/2026\/01\/3d8a004c-6fbf-46a1-9710-618fb0d6ad18-1-300x200.png 300w, https:\/\/www.radiopiu.net\/wordpress\/wp-content\/uploads\/2026\/01\/3d8a004c-6fbf-46a1-9710-618fb0d6ad18-1-1024x683.png 1024w, https:\/\/www.radiopiu.net\/wordpress\/wp-content\/uploads\/2026\/01\/3d8a004c-6fbf-46a1-9710-618fb0d6ad18-1-768x512.png 768w, https:\/\/www.radiopiu.net\/wordpress\/wp-content\/uploads\/2026\/01\/3d8a004c-6fbf-46a1-9710-618fb0d6ad18-1.png 1536w\" sizes=\"auto, (max-width: 300px) 100vw, 300px\" \/><\/a>Il gioved\u00ec su Radio Pi\u00f9 non \u00e8 un giorno qualunque: \u00e8 una vera e propria maratona di voci, musica, storie e buonumore. Insomma, impossibile annoiarsi. Si parte di buon\u2019ora con l\u2019informazione che non manca mai: alle <strong data-start=\"375\" data-end=\"402\">8.05 la rassegna stampa<\/strong> per capire cosa succede nel mondo (e dintorni), seguita da tanta musica per carburare la giornata <span style=\"color: #0000ff;\">ALLE 9.30 CON SILVIA BALDO, OGGI COME IERI<\/span>\u00a0 Alle <strong data-start=\"507\" data-end=\"515\">9.45<\/strong> Claudia Cattadori ci prende per mano e ci accompagna <strong data-start=\"569\" data-end=\"608\">nei luoghi dei libri e degli autori<\/strong>, perch\u00e9 leggere \u2013 anche via radio \u2013 \u00e8 sempre un bel viaggio. Alle <strong data-start=\"676\" data-end=\"685\">10.10<\/strong> spazio al sorriso con <em data-start=\"708\" data-end=\"731\">\u201cIn sei in radio se\u2026\u201d<\/em>: curiosit\u00e0, chicche e spunti pescati direttamente dalle pagine Facebook. Subito dopo, alle <strong data-start=\"823\" data-end=\"832\">10.30<\/strong>, Maria Rita Gentilin \u00e8 ospite dello <strong data-start=\"869\" data-end=\"898\">Speciale SPI CGIL Belluno<\/strong>, in compagnia di Mirko Mezzacasa. Il pomeriggio continua con ritmo: alle <span style=\"color: #ff0000;\"><strong>11.10 ARCADE SHOW\u00a0 CON ELIA CASAGRANDE NEW<\/strong><\/span> <strong data-start=\"973\" data-end=\"982\">15.10<\/strong> torna <em data-start=\"989\" data-end=\"999\">UEEEEBBB<\/em>, il programma mensile che mette insieme simpatia e professionalit\u00e0 grazie alla coppia collaudata Antonio Fiabane e Marina Don\u00e0. E poi musica, sempre musica: <em data-start=\"1160\" data-end=\"1171\">Pi\u00f9 siamo<\/em> alle <strong data-start=\"1177\" data-end=\"1185\">8.30<\/strong>, <em data-start=\"1187\" data-end=\"1206\">La musica di Alex<\/em>, il <strong data-start=\"1211\" data-end=\"1234\">country delle 13.30<\/strong> e, questa sera, <strong data-start=\"1251\" data-end=\"1290\">le classifiche con Mirco Bencivenni<\/strong>. <span style=\"color: #ff0000;\">\u00a0<\/span>Non pu\u00f2 mancare l\u2019informazione: <strong data-start=\"1350\" data-end=\"1368\">GR delle 12.30<\/strong>, le <strong data-start=\"1373\" data-end=\"1418\">anticipazioni del TG di Antenna 3 alle 19<\/strong> con Tiziana Bolognani\u2026 perch\u00e9 restare aggiornati \u00e8 una cosa seria, ma farlo in buona compagnia \u00e8 meglio. Gran finale con lo sport: alle <strong data-start=\"1556\" data-end=\"1565\">20.30<\/strong> riflettori puntati sull\u2019hockey con <strong data-start=\"1601\" data-end=\"1619\">Alleghe Hockey<\/strong> alla Raiffeisen Arena di Caldaro. <strong data-start=\"1654\" data-end=\"1690\">Diretta radiofonica su Radio Pi\u00f9<\/strong> con <em data-start=\"1695\" data-end=\"1721\">\u201cHockey al punto giusto\u201d<\/em>: in studio Marco Gaz, da Caldaro gli interventi di Federico Paganin. Insomma, il gioved\u00ec su Radio Pi\u00f9 c\u2019\u00e8 proprio tutto: informazione, musica, cultura, sport e tanta voglia di stare insieme. Accendete la radio\u2026 al resto pensiamo noi &#x1f3a7;&#x1f4fb;<\/p>\n<\/blockquote>\n<\/div>\n<\/div>\n<\/div>\n<\/div>\n<\/div>\n<\/div>\n<\/article>\n<div class=\"flex flex-col text-sm pb-25\">\n<article class=\"text-token-text-primary w-full focus:outline-none [--shadow-height:45px] has-data-writing-block:pointer-events-none has-data-writing-block:-mt-(--shadow-height) has-data-writing-block:pt-(--shadow-height) [&amp;:has([data-writing-block])&gt;*]:pointer-events-auto scroll-mt-[calc(var(--header-height)+min(200px,max(70px,20svh)))]\" dir=\"auto\" tabindex=\"-1\" data-turn-id=\"da2f8a29-4751-44ac-b06a-20d94aeccf8b\" data-testid=\"conversation-turn-28\" data-scroll-anchor=\"true\" data-turn=\"assistant\">\n<div class=\"text-base my-auto mx-auto pb-10 [--thread-content-margin:--spacing(4)] @w-sm\/main:[--thread-content-margin:--spacing(6)] @w-lg\/main:[--thread-content-margin:--spacing(16)] px-(--thread-content-margin)\">\n<div class=\"[--thread-content-max-width:40rem] @w-lg\/main:[--thread-content-max-width:48rem] mx-auto max-w-(--thread-content-max-width) flex-1 group\/turn-messages focus-visible:outline-hidden relative flex w-full min-w-0 flex-col agent-turn\" tabindex=\"-1\">\n<div class=\"z-0 flex min-h-[46px] justify-start\">\n<h1 dir=\"auto\"><\/h1>\n<blockquote>\n<h1 class=\"_aupe copyable-text x15bjb6t x1n2onr6\"><span class=\"_aupe copyable-text xkrh14z\">1 febbraio\u2026 le agordiniadi, i nostri tedofori\u2026<\/span><\/h1>\n<audio class=\"wp-audio-shortcode\" id=\"audio-493330-1\" preload=\"none\" style=\"width: 100%;\" controls=\"controls\"><source type=\"audio\/mpeg\" src=\"https:\/\/www.radiopiu.net\/wordpress\/wp-content\/uploads\/2026\/01\/SPOT-AGORDINIADI.mp3?_=1\" \/><a href=\"https:\/\/www.radiopiu.net\/wordpress\/wp-content\/uploads\/2026\/01\/SPOT-AGORDINIADI.mp3\">https:\/\/www.radiopiu.net\/wordpress\/wp-content\/uploads\/2026\/01\/SPOT-AGORDINIADI.mp3<\/a><\/audio>\n<h3 class=\"_aupe copyable-text x15bjb6t x1n2onr6\"><span class=\"_aupe copyable-text xkrh14z\">stiamo preparando la festa con radiopiu e la proloco di taibon e botol group VI ASPETTIAMO DOMENICA MATTINA ALLE 10.00 ALLO STADIO DI CALCIO IVANO DORIGO.. AD AGORDO. AI TEDOFORI\u2026 E AI PRIMI 100 LA MAGLIETTA CELEBRATIVA<\/span><\/h3>\n<\/blockquote>\n\n\t\t\t<style type='text\/css'>\n\t\t\t\t#gallery-1 {\n\t\t\t\t\tmargin: auto;\n\t\t\t\t}\n\t\t\t\t#gallery-1 .gallery-item {\n\t\t\t\t\tfloat: left;\n\t\t\t\t\tmargin-top: 10px;\n\t\t\t\t\ttext-align: center;\n\t\t\t\t\twidth: 33%;\n\t\t\t\t}\n\t\t\t\t#gallery-1 img {\n\t\t\t\t\tborder: 2px solid #cfcfcf;\n\t\t\t\t}\n\t\t\t\t#gallery-1 .gallery-caption {\n\t\t\t\t\tmargin-left: 0;\n\t\t\t\t}\n\t\t\t\t\/* see gallery_shortcode() in wp-includes\/media.php *\/\n\t\t\t<\/style>\n\t\t<div id='gallery-1' class='dt-gallery-container gallery galleryid-493330 gallery-columns-3 gallery-size-thumbnail'><dl class='gallery-item'>\n\t\t\t\t<dt class='gallery-icon landscape'>\n\t\t\t\t\t<a class=\"rollover rollover-zoom dt-pswp-item\" title=\"4331961937675996920\" data-dt-img-description=\"\" data-large_image_width=\"500\" data-large_image_height=\"261\"href='https:\/\/www.radiopiu.net\/wordpress\/wp-content\/uploads\/2026\/01\/4331961937675996920.jpg'><img loading=\"lazy\" decoding=\"async\" width=\"150\" height=\"150\" src=\"https:\/\/www.radiopiu.net\/wordpress\/wp-content\/uploads\/2026\/01\/4331961937675996920-150x150.jpg\" class=\"attachment-thumbnail size-thumbnail\" alt=\"\" \/><\/a>\n\t\t\t\t<\/dt><\/dl><dl class='gallery-item'>\n\t\t\t\t<dt class='gallery-icon landscape'>\n\t\t\t\t\t<a class=\"rollover rollover-zoom dt-pswp-item\" title=\"AGORDINIADI\" data-dt-img-description=\"\" data-large_image_width=\"526\" data-large_image_height=\"526\"href='https:\/\/www.radiopiu.net\/wordpress\/wp-content\/uploads\/2026\/01\/616479862_1307542348057575_3179022967278239786_n.jpg'><img loading=\"lazy\" decoding=\"async\" width=\"150\" height=\"150\" src=\"https:\/\/www.radiopiu.net\/wordpress\/wp-content\/uploads\/2026\/01\/616479862_1307542348057575_3179022967278239786_n-150x150.jpg\" class=\"attachment-thumbnail size-thumbnail\" alt=\"\" srcset=\"https:\/\/www.radiopiu.net\/wordpress\/wp-content\/uploads\/2026\/01\/616479862_1307542348057575_3179022967278239786_n-150x150.jpg 150w, https:\/\/www.radiopiu.net\/wordpress\/wp-content\/uploads\/2026\/01\/616479862_1307542348057575_3179022967278239786_n-300x300.jpg 300w, https:\/\/www.radiopiu.net\/wordpress\/wp-content\/uploads\/2026\/01\/616479862_1307542348057575_3179022967278239786_n.jpg 526w\" sizes=\"auto, (max-width: 150px) 100vw, 150px\" \/><\/a>\n\t\t\t\t<\/dt><\/dl><dl class='gallery-item'>\n\t\t\t\t<dt class='gallery-icon landscape'>\n\t\t\t\t\t<a class=\"rollover rollover-zoom dt-pswp-item\" title=\"512b7811-36a9-4de6-b618-08a2e144850c\" data-dt-img-description=\"\" data-large_image_width=\"2560\" data-large_image_height=\"1920\"href='https:\/\/www.radiopiu.net\/wordpress\/wp-content\/uploads\/2026\/01\/512b7811-36a9-4de6-b618-08a2e144850c-scaled.jpg'><img loading=\"lazy\" decoding=\"async\" width=\"150\" height=\"150\" src=\"https:\/\/www.radiopiu.net\/wordpress\/wp-content\/uploads\/2026\/01\/512b7811-36a9-4de6-b618-08a2e144850c-150x150.jpg\" class=\"attachment-thumbnail size-thumbnail\" alt=\"\" \/><\/a>\n\t\t\t\t<\/dt><\/dl><br style=\"clear: both\" \/>\n\t\t\t<\/div>\n\n<p>&nbsp;<\/p>\n<\/div>\n<div class=\"mt-3 w-full empty:hidden\">\n<div class=\"text-center\">\n<p>&nbsp;<\/p>\n<\/div>\n<\/div>\n<\/div>\n<\/div>\n<\/article>\n<\/div>\n<hr \/>\n<div class=\"x11i5rnm xat24cr x1mh8g0r x1vvkbs xtlvy1s x126k92a\">\n<h1><strong><br \/>\n<span style=\"color: #0000ff;\">N di parom &#8211; L Almanach de la nosta jent<\/span>\u00a0 <\/strong><strong style=\"font-size: 14px;\"><span style=\"color: #ff0000;\">OGNI GIORNO ALLE CINQUE E ALLE NOVE E DIECI\u00a0 DEL MATTINO<\/span> <\/strong><\/h1>\n<h1><strong style=\"font-size: 14px;\">LA PUNTATA DI OGGI, 29 GENNAIO 2026<\/strong><\/h1>\n<audio class=\"wp-audio-shortcode\" id=\"audio-493330-2\" preload=\"none\" style=\"width: 100%;\" controls=\"controls\"><source type=\"audio\/mpeg\" src=\"https:\/\/www.radiopiu.net\/wordpress\/wp-content\/uploads\/2026\/01\/AL4-3.mp3?_=2\" \/><a href=\"https:\/\/www.radiopiu.net\/wordpress\/wp-content\/uploads\/2026\/01\/AL4-3.mp3\">https:\/\/www.radiopiu.net\/wordpress\/wp-content\/uploads\/2026\/01\/AL4-3.mp3<\/a><\/audio>\n<p>&nbsp;<\/p>\n<\/div>\n<hr \/>\n<div class=\"x11i5rnm xat24cr x1mh8g0r x1vvkbs xtlvy1s x126k92a\">\n<div dir=\"auto\">\n<div dir=\"auto\">\n<h2><strong><span style=\"color: #0000ff;\">EL BAL DEL FIOR, DI GIULIANA DA RONCH<\/span>\u00a0 <span style=\"color: #ff0000;\">ogni giorno alle sette e venti del mattino<\/span><\/strong><\/h2>\n<h2><strong style=\"font-size: 14px;\">LA PUNTATA DI OGGI 29 GENNAIO 2026<\/strong><\/h2>\n<\/div>\n<\/div>\n<\/div>\n<audio class=\"wp-audio-shortcode\" id=\"audio-493330-3\" preload=\"none\" style=\"width: 100%;\" controls=\"controls\"><source type=\"audio\/mpeg\" src=\"https:\/\/www.radiopiu.net\/wordpress\/wp-content\/uploads\/2026\/01\/GGI-3.mp3?_=3\" \/><a href=\"https:\/\/www.radiopiu.net\/wordpress\/wp-content\/uploads\/2026\/01\/GGI-3.mp3\">https:\/\/www.radiopiu.net\/wordpress\/wp-content\/uploads\/2026\/01\/GGI-3.mp3<\/a><\/audio>\n<p>&nbsp;<\/p>\n<div class=\"x11i5rnm xat24cr x1mh8g0r x1vvkbs xtlvy1s x126k92a\">\n<div dir=\"auto\">\n<hr \/>\n<\/div>\n<\/div>\n<blockquote>\n<h1><\/h1>\n<\/blockquote>\n<h1 style=\"text-align: center;\"><strong>NOTIZIE DELLA NOTTE LA RASSEGNA STAMPA NAZIONALE, AGGIORNAMENTO OGNI GIORNO ALLE SEI DEL MATTINO\u00a0\u00a0<\/strong><\/h1>\n<div class=\"flex flex-col text-sm pb-25\">\n<article class=\"text-token-text-primary w-full focus:outline-none [--shadow-height:45px] has-data-writing-block:pointer-events-none has-data-writing-block:-mt-(--shadow-height) has-data-writing-block:pt-(--shadow-height) [&amp;:has([data-writing-block])&gt;*]:pointer-events-auto scroll-mt-[calc(var(--header-height)+min(200px,max(70px,20svh)))]\" dir=\"auto\" tabindex=\"-1\" data-turn-id=\"ab558b1f-7d08-4c13-97eb-82b183abfd55\" data-testid=\"conversation-turn-34\" data-scroll-anchor=\"true\" data-turn=\"assistant\">\n<div class=\"text-base my-auto mx-auto pb-10 [--thread-content-margin:--spacing(4)] @w-sm\/main:[--thread-content-margin:--spacing(6)] @w-lg\/main:[--thread-content-margin:--spacing(16)] px-(--thread-content-margin)\">\n<div class=\"[--thread-content-max-width:40rem] @w-lg\/main:[--thread-content-max-width:48rem] mx-auto max-w-(--thread-content-max-width) flex-1 group\/turn-messages focus-visible:outline-hidden relative flex w-full min-w-0 flex-col agent-turn\" tabindex=\"-1\">\n<div class=\"flex max-w-full flex-col grow\">\n<div class=\"min-h-8 text-message relative flex w-full flex-col items-end gap-2 text-start break-words whitespace-normal [.text-message+&amp;]:mt-1\" dir=\"auto\" data-message-author-role=\"assistant\" data-message-id=\"6a2605aa-8e39-4040-a3a1-f953034cb6de\" data-message-model-slug=\"gpt-5-2\">\n<div class=\"flex w-full flex-col gap-1 empty:hidden first:pt-[1px]\">\n<div class=\"markdown prose dark:prose-invert w-full wrap-break-word dark markdown-new-styling\">\n<p data-start=\"0\" data-end=\"478\"><strong data-start=\"0\" data-end=\"9\"><a class=\"dt-pswp-item\" href=\"https:\/\/www.radiopiu.net\/wordpress\/wp-content\/uploads\/2026\/01\/c5bfe754-67d1-4194-9a3e-79ccd452fe4c.png\" data-dt-img-description=\"\" data-large_image_width=\"1536\" data-large_image_height=\"1024\"><img loading=\"lazy\" decoding=\"async\" class=\"size-medium wp-image-493578 aligncenter\" src=\"https:\/\/www.radiopiu.net\/wordpress\/wp-content\/uploads\/2026\/01\/c5bfe754-67d1-4194-9a3e-79ccd452fe4c-300x200.png\" alt=\"\" width=\"300\" height=\"200\" srcset=\"https:\/\/www.radiopiu.net\/wordpress\/wp-content\/uploads\/2026\/01\/c5bfe754-67d1-4194-9a3e-79ccd452fe4c-300x200.png 300w, https:\/\/www.radiopiu.net\/wordpress\/wp-content\/uploads\/2026\/01\/c5bfe754-67d1-4194-9a3e-79ccd452fe4c-1024x683.png 1024w, https:\/\/www.radiopiu.net\/wordpress\/wp-content\/uploads\/2026\/01\/c5bfe754-67d1-4194-9a3e-79ccd452fe4c-768x512.png 768w, https:\/\/www.radiopiu.net\/wordpress\/wp-content\/uploads\/2026\/01\/c5bfe754-67d1-4194-9a3e-79ccd452fe4c.png 1536w\" sizes=\"auto, (max-width: 300px) 100vw, 300px\" \/><\/a><br \/>\nMONDO<\/strong> \u2013 Notte intensa sul fronte dell\u2019attualit\u00e0 internazionale, tra economia, geopolitica, sicurezza e cronaca. In Asia, <strong data-start=\"125\" data-end=\"136\">Samsung<\/strong> chiude il quarto trimestre con utili e fatturato ai massimi storici, spinta soprattutto dal settore tecnologico e dai semiconduttori. Sul piano diplomatico, il presidente cinese <strong data-start=\"315\" data-end=\"329\">Xi Jinping<\/strong> ha incontrato a Pechino il premier britannico <strong data-start=\"376\" data-end=\"392\">Keir Starmer<\/strong>, in un colloquio che segna un passaggio delicato nei rapporti tra Cina e Regno Unito.<\/p>\n<p data-start=\"480\" data-end=\"887\">Da <strong data-start=\"483\" data-end=\"492\">Mosca<\/strong>, la Russia chiede ufficialmente danni all\u2019Unione Europea dopo il congelamento dei beni russi all\u2019estero, mentre sul fronte ucraino nuovi attacchi con droni russi nel sud del Paese hanno provocato almeno tre morti. In <strong data-start=\"710\" data-end=\"727\">Medio Oriente<\/strong>, crescono le tensioni tra Stati Uniti e Iran: Donald Trump avverte Teheran che \u201cil tempo stringe\u201d, mentre la risposta iraniana promette una reazione durissima.<\/p>\n<p data-start=\"889\" data-end=\"1151\">Negli <strong data-start=\"895\" data-end=\"910\">Stati Uniti<\/strong>, la Federal Reserve decide di lasciare invariati i tassi di interesse, una scelta letta come una sfida politica alle pressioni di Trump. Sempre negli Usa, la deputata Ilhan Omar denuncia un aumento delle minacce di morte nei suoi confronti.<\/p>\n<p data-start=\"1153\" data-end=\"1556\">In <strong data-start=\"1156\" data-end=\"1174\">America Latina<\/strong>, due deputati sono rimasti feriti a Sinaloa, in Messico, uno in gravi condizioni, mentre dal Venezuela la vicepresidente Delcy Rodr\u00edguez invita l\u2019opposizione a \u201crestare a Washington\u201d. In <strong data-start=\"1362\" data-end=\"1372\">Italia<\/strong>, segnalata una lieve scossa di terremoto di magnitudo 2.9 al confine tra Abruzzo e Lazio. Sul fronte giudiziario, il Tar respinge i ricorsi sul referendum e conferma la data del voto.<\/p>\n<\/div>\n<\/div>\n<\/div>\n<\/div>\n<\/div>\n<\/div>\n<\/article>\n<\/div>\n<h1>IL GIORNALE DELLE SEI DEL MATTINO<\/h1>\n<audio class=\"wp-audio-shortcode\" id=\"audio-493330-4\" preload=\"none\" style=\"width: 100%;\" controls=\"controls\"><source type=\"audio\/mpeg\" src=\"https:\/\/www.radiopiu.net\/wordpress\/wp-content\/uploads\/2026\/01\/GIORNALEDELLESEI-23.mp3?_=4\" \/><a href=\"https:\/\/www.radiopiu.net\/wordpress\/wp-content\/uploads\/2026\/01\/GIORNALEDELLESEI-23.mp3\">https:\/\/www.radiopiu.net\/wordpress\/wp-content\/uploads\/2026\/01\/GIORNALEDELLESEI-23.mp3<\/a><\/audio>\n<p>&nbsp;<\/p>\n<p>&nbsp;<\/p>\n<p>&nbsp;<\/p>\n<p>&nbsp;<\/p>\n<hr \/>\n<p>&nbsp;<\/p>\n<h1 style=\"text-align: center;\"><span style=\"color: #ff0000;\">I podcast informativi del mattino &#8211; audio &#8211;\u00a0<\/span><\/h1>\n<p><strong>OGNI GIORNO ALLE SETTE DEL MATTINO, LA RASSEGNA STAMPA LOCALE FLASH&#8230; PER CHI VA IN FRETTA. I TITOLI DAI GIORNALI E DAL SITO WWW.RADIOPIU.NET <span style=\"color: #0000ff;\">viene pubblicato alle 7.00<\/span> <span style=\"color: #ff0000;\">DIRETTA RADIO\u00a0 <\/span><\/strong><em><span style=\"color: #ff0000;\">per chi va in fretta&#8230; tante notizie in pochi minuti. L&#8217;informazione locale alla radio, ogni ora dalle 7 del mattino alle 19 della sera.<\/span><\/em><\/p>\n<p>&nbsp;<\/p>\n<h1 style=\"text-align: center;\">DALL&#8217;ITALIA<\/h1>\n<div class=\"flex flex-col text-sm pb-25\">\n<article class=\"text-token-text-primary w-full focus:outline-none [--shadow-height:45px] has-data-writing-block:pointer-events-none has-data-writing-block:-mt-(--shadow-height) has-data-writing-block:pt-(--shadow-height) [&amp;:has([data-writing-block])&gt;*]:pointer-events-auto scroll-mt-[calc(var(--header-height)+min(200px,max(70px,20svh)))]\" dir=\"auto\" tabindex=\"-1\" data-turn-id=\"6361bcac-440b-46f8-ad1c-645693c5f0d4\" data-testid=\"conversation-turn-38\" data-scroll-anchor=\"true\" data-turn=\"assistant\">\n<div class=\"text-base my-auto mx-auto pb-10 [--thread-content-margin:--spacing(4)] @w-sm\/main:[--thread-content-margin:--spacing(6)] @w-lg\/main:[--thread-content-margin:--spacing(16)] px-(--thread-content-margin)\">\n<div class=\"[--thread-content-max-width:40rem] @w-lg\/main:[--thread-content-max-width:48rem] mx-auto max-w-(--thread-content-max-width) flex-1 group\/turn-messages focus-visible:outline-hidden relative flex w-full min-w-0 flex-col agent-turn\" tabindex=\"-1\">\n<div class=\"flex max-w-full flex-col grow\">\n<div class=\"min-h-8 text-message relative flex w-full flex-col items-end gap-2 text-start break-words whitespace-normal [.text-message+&amp;]:mt-1\" dir=\"auto\" data-message-author-role=\"assistant\" data-message-id=\"95d02c43-f598-4b8c-b6c5-5b2f8f0bb20c\" data-message-model-slug=\"gpt-5-2\">\n<div class=\"flex w-full flex-col gap-1 empty:hidden first:pt-[1px]\">\n<div class=\"markdown prose dark:prose-invert w-full wrap-break-word dark markdown-new-styling\">\n<p data-start=\"0\" data-end=\"338\"><strong data-start=\"0\" data-end=\"10\"><a class=\"dt-pswp-item\" href=\"https:\/\/www.radiopiu.net\/wordpress\/wp-content\/uploads\/2026\/01\/8901cd14-e49d-4e88-ab01-8462977497c1.png\" data-dt-img-description=\"\" data-large_image_width=\"1536\" data-large_image_height=\"1024\"><img loading=\"lazy\" decoding=\"async\" class=\"size-medium wp-image-493579 aligncenter\" src=\"https:\/\/www.radiopiu.net\/wordpress\/wp-content\/uploads\/2026\/01\/8901cd14-e49d-4e88-ab01-8462977497c1-300x200.png\" alt=\"\" width=\"300\" height=\"200\" srcset=\"https:\/\/www.radiopiu.net\/wordpress\/wp-content\/uploads\/2026\/01\/8901cd14-e49d-4e88-ab01-8462977497c1-300x200.png 300w, https:\/\/www.radiopiu.net\/wordpress\/wp-content\/uploads\/2026\/01\/8901cd14-e49d-4e88-ab01-8462977497c1-1024x683.png 1024w, https:\/\/www.radiopiu.net\/wordpress\/wp-content\/uploads\/2026\/01\/8901cd14-e49d-4e88-ab01-8462977497c1-768x512.png 768w, https:\/\/www.radiopiu.net\/wordpress\/wp-content\/uploads\/2026\/01\/8901cd14-e49d-4e88-ab01-8462977497c1.png 1536w\" sizes=\"auto, (max-width: 300px) 100vw, 300px\" \/><\/a><br \/>\nITALIA<\/strong> \u2013 Giornata segnata da gravi fatti di cronaca, giudiziari e di sicurezza in diverse parti del Paese. A <strong data-start=\"113\" data-end=\"121\">Bari<\/strong>, un uomo di 47 anni \u00e8 stato arrestato dopo aver staccato le apparecchiature che tenevano in vita la madre anziana, dichiarando ai medici di \u201crimettersi alla volont\u00e0 di Dio\u201d. La donna versa in condizioni gravissime.<\/p>\n<p data-start=\"340\" data-end=\"647\">Nel <strong data-start=\"344\" data-end=\"356\">Torinese<\/strong>, \u00e8 morta la donna ferita dal figlio con una sparachiodi: l\u2019ennesimo episodio di violenza domestica che riaccende l\u2019attenzione sul disagio familiare. Intanto prosegue l\u2019inchiesta sull\u2019incidente aereo di <strong data-start=\"559\" data-end=\"576\">Crans-Montana<\/strong>, con l\u2019ipotesi di mancati controlli che ora coinvolge anche il Comune.<\/p>\n<p data-start=\"649\" data-end=\"888\">Ad <strong data-start=\"652\" data-end=\"666\">Anguillara<\/strong>, dopo il femminicidio di Federica Torzullo, il figlio della vittima \u00e8 stato affidato ai nonni materni. I carabinieri e il RIS stanno analizzando GPS e automobile dell\u2019indagato Carlomagno per ricostruire gli spostamenti.<\/p>\n<p data-start=\"890\" data-end=\"1218\">A <strong data-start=\"892\" data-end=\"902\">Torino<\/strong>, tensione nel mondo universitario: vietato un evento dell\u2019artista Aska, con conseguente occupazione della sede dell\u2019ateneo dopo un\u2019assemblea studentesca. In <strong data-start=\"1060\" data-end=\"1072\">Calabria<\/strong>, a Cotronei, una discoteca abusiva in vetta alla Sila per 2.000 persone ha portato a nove denunce, strade e seggiovie bloccate e forti polemiche.<\/p>\n<p data-start=\"1220\" data-end=\"1482\">Alla <strong data-start=\"1225\" data-end=\"1235\">Spezia<\/strong>, dopo l\u2019uccisione di uno studente, via libera ai metal detector mobili nelle scuole \u201cse necessario\u201d. Sul fronte dell\u2019ordine pubblico, il Viminale ha vietato le trasferte ai tifosi di Lazio e Napoli fino a fine stagione dopo gli scontri sull\u2019A1.<\/p>\n<p data-start=\"1484\" data-end=\"1772\">A <strong data-start=\"1486\" data-end=\"1498\">Brindisi<\/strong>, il Gip ha respinto l\u2019archiviazione per la morte di una giornalista: disposti nuovi accertamenti sui telefoni di due uomini. Disagi anche ai trasporti: nel <strong data-start=\"1655\" data-end=\"1668\">Bolognese<\/strong> un treno merci ha urtato un uomo sui binari, non grave, ma con stop temporaneo alla linea per Milano.<\/p>\n<p data-start=\"1774\" data-end=\"2078\">Infine, a <strong data-start=\"1784\" data-end=\"1794\">Milano<\/strong>, l\u2019uomo ucciso da un agente durante un intervento era ritenuto uno dei capi dello spaccio: il poliziotto ha riferito di aver sparato dopo essere stato minacciato con una pistola. Una giornata che fotografa un Paese alle prese con emergenze di sicurezza, giustizia e tensioni sociali.<\/p>\n<\/div>\n<\/div>\n<\/div>\n<\/div>\n<\/div>\n<\/div>\n<\/article>\n<\/div>\n<div class=\"pointer-events-none h-px w-px absolute bottom-0\" aria-hidden=\"true\" data-edge=\"true\"><\/div>\n<p>&nbsp;<\/p>\n<div class=\"flex flex-col text-sm pb-25\">\n<article class=\"text-token-text-primary w-full focus:outline-none [--shadow-height:45px] has-data-writing-block:pointer-events-none has-data-writing-block:-mt-(--shadow-height) has-data-writing-block:pt-(--shadow-height) [&amp;:has([data-writing-block])&gt;*]:pointer-events-auto scroll-mt-[calc(var(--header-height)+min(200px,max(70px,20svh)))]\" dir=\"auto\" tabindex=\"-1\" data-turn-id=\"4725b8e7-448d-49ef-90cd-737bcdd880f6\" data-testid=\"conversation-turn-10\" data-scroll-anchor=\"true\" data-turn=\"assistant\">\n<div class=\"text-base my-auto mx-auto pb-10 [--thread-content-margin:--spacing(4)] @w-sm\/main:[--thread-content-margin:--spacing(6)] @w-lg\/main:[--thread-content-margin:--spacing(16)] px-(--thread-content-margin)\">\n<div class=\"[--thread-content-max-width:40rem] @w-lg\/main:[--thread-content-max-width:48rem] mx-auto max-w-(--thread-content-max-width) flex-1 group\/turn-messages focus-visible:outline-hidden relative flex w-full min-w-0 flex-col agent-turn\" tabindex=\"-1\">\n<hr \/>\n<h1><\/h1>\n<h1><\/h1>\n<h1 style=\"text-align: center;\">DALLA REGIONE VENETO<\/h1>\n<p data-start=\"0\" data-end=\"311\"><strong data-start=\"0\" data-end=\"10\"><a class=\"dt-pswp-item\" href=\"https:\/\/www.radiopiu.net\/wordpress\/wp-content\/uploads\/2026\/01\/Notizie-Veneto_-eventi-recenti-in-sintesi.png\" data-dt-img-description=\"\" data-large_image_width=\"1536\" data-large_image_height=\"1024\"><img loading=\"lazy\" decoding=\"async\" class=\"size-medium wp-image-493581 aligncenter\" src=\"https:\/\/www.radiopiu.net\/wordpress\/wp-content\/uploads\/2026\/01\/Notizie-Veneto_-eventi-recenti-in-sintesi-300x200.png\" alt=\"\" width=\"300\" height=\"200\" srcset=\"https:\/\/www.radiopiu.net\/wordpress\/wp-content\/uploads\/2026\/01\/Notizie-Veneto_-eventi-recenti-in-sintesi-300x200.png 300w, https:\/\/www.radiopiu.net\/wordpress\/wp-content\/uploads\/2026\/01\/Notizie-Veneto_-eventi-recenti-in-sintesi-1024x683.png 1024w, https:\/\/www.radiopiu.net\/wordpress\/wp-content\/uploads\/2026\/01\/Notizie-Veneto_-eventi-recenti-in-sintesi-768x512.png 768w, https:\/\/www.radiopiu.net\/wordpress\/wp-content\/uploads\/2026\/01\/Notizie-Veneto_-eventi-recenti-in-sintesi.png 1536w\" sizes=\"auto, (max-width: 300px) 100vw, 300px\" \/><\/a><\/strong><\/p>\n<p data-start=\"158\" data-end=\"376\"><strong data-start=\"158\" data-end=\"168\">PADOVA<\/strong> \u2013 Chiesto l\u2019ergastolo per l\u2019uomo accusato di aver ucciso il vicino di casa e di essersi poi scattato un selfie accanto al corpo. Il processo \u00e8 alle battute finali e la sentenza \u00e8 attesa per il mese di marzo.<\/p>\n<p data-start=\"378\" data-end=\"744\"><strong data-start=\"378\" data-end=\"388\">PADOVA<\/strong> \u2013 Clima di forte tensione nel sistema carcerario. Un detenuto, in fase di trasferimento, si \u00e8 tolto la vita nelle ultime ore. Le associazioni parlano di un suicidio \u201cannunciato\u201d e hanno organizzato un presidio di protesta contro le politiche sui trasferimenti, convocando una mobilitazione del terzo settore impegnato nella tutela dei diritti dei reclusi.<\/p>\n<p data-start=\"746\" data-end=\"964\"><strong data-start=\"746\" data-end=\"756\">PADOVA<\/strong> \u2013 In ambito giudiziario, obbligo di dimora per un ventenne accusato di aver truffato un\u2019anziana insieme a un minorenne. I due si sarebbero finti carabinieri per farsi consegnare gioielli e oggetti di valore.<\/p>\n<p data-start=\"966\" data-end=\"1217\"><strong data-start=\"966\" data-end=\"976\">VENETO<\/strong> \u2013 Dati positivi dalla sanit\u00e0: il 76% delle donne aderisce allo screening per il tumore alla mammella, una percentuale superiore alla media nazionale. L\u2019assessore Lanzarin sottolinea anche il rafforzamento della presa in carico territoriale.<\/p>\n<p data-start=\"1219\" data-end=\"1461\"><strong data-start=\"1219\" data-end=\"1229\">PADOVA<\/strong> \u2013 Eseguito con successo un trapianto di fegato con tecnica completamente robotica. L\u2019organo \u00e8 stato mantenuto in perfusione durante l\u2019impianto, una procedura innovativa che rappresenta un passo avanti nella chirurgia dei trapianti.<\/p>\n<p data-start=\"1463\" data-end=\"1678\"><strong data-start=\"1463\" data-end=\"1473\">VERONA<\/strong> \u2013 In vista di Milano-Cortina 2026, sar\u00e0 istituita una zona gialla attorno all\u2019Arena il 22 febbraio e il 6 marzo. Previsti divieti di transito e accessi pedonali contingentati in occasione delle cerimonie.<\/p>\n<p data-start=\"1680\" data-end=\"1889\"><strong data-start=\"1680\" data-end=\"1690\">VENETO<\/strong> \u2013 Lo sport come motore economico: il progetto Triathlon Experience promette oltre due milioni di euro di indotto turistico, puntando sulla destagionalizzazione e sulla valorizzazione del territorio.<\/p>\n<p data-start=\"0\" data-end=\"311\"><strong data-start=\"0\" data-end=\"10\">\u00a0<\/strong><\/p>\n<p>&nbsp;<\/p>\n<\/div>\n<\/div>\n<\/article>\n<\/div>\n<hr \/>\n<p>&nbsp;<\/p>\n<blockquote>\n<h1><\/h1>\n<h1><a class=\"dt-pswp-item\" href=\"https:\/\/www.radiopiu.net\/wordpress\/wp-content\/uploads\/2024\/05\/La-Val-che-Urla-Mirko-300x169-1.jpg\" data-dt-img-description=\"\" data-large_image_width=\"300\" data-large_image_height=\"169\"><img loading=\"lazy\" decoding=\"async\" class=\"wp-image-388263 aligncenter\" src=\"https:\/\/www.radiopiu.net\/wordpress\/wp-content\/uploads\/2024\/05\/La-Val-che-Urla-Mirko-300x169-1.jpg\" alt=\"\" width=\"215\" height=\"121\" \/><\/a><\/h1>\n<h1>RASSEGNA STAMPA, ORE 7 DEL MATTINO. LE ANTICIPAZIONI<\/h1>\n<\/blockquote>\n<p>DI MIRKO MEZZACASA<\/p>\n<audio class=\"wp-audio-shortcode\" id=\"audio-493330-5\" preload=\"none\" style=\"width: 100%;\" controls=\"controls\"><source type=\"audio\/mpeg\" src=\"https:\/\/www.radiopiu.net\/wordpress\/wp-content\/uploads\/2026\/01\/GF07-23.mp3?_=5\" \/><a href=\"https:\/\/www.radiopiu.net\/wordpress\/wp-content\/uploads\/2026\/01\/GF07-23.mp3\">https:\/\/www.radiopiu.net\/wordpress\/wp-content\/uploads\/2026\/01\/GF07-23.mp3<\/a><\/audio>\n<\/div>\n<\/div>\n<\/div>\n<\/article>\n<\/div>\n<div class=\"flex flex-col text-sm pb-25\">\n<article class=\"text-token-text-primary w-full focus:outline-none [--shadow-height:45px] has-data-writing-block:pointer-events-none has-data-writing-block:-mt-(--shadow-height) has-data-writing-block:pt-(--shadow-height) [&amp;:has([data-writing-block])&gt;*]:pointer-events-auto scroll-mt-[calc(var(--header-height)+min(200px,max(70px,20svh)))]\" dir=\"auto\" tabindex=\"-1\" data-turn-id=\"request-WEB:545a5307-a0c9-41c7-9a5f-bf65aefdb8ec-5\" data-testid=\"conversation-turn-12\" data-scroll-anchor=\"true\" data-turn=\"assistant\">\n<div class=\"text-base my-auto mx-auto pb-10 [--thread-content-margin:--spacing(4)] @w-sm\/main:[--thread-content-margin:--spacing(6)] @w-lg\/main:[--thread-content-margin:--spacing(16)] px-(--thread-content-margin)\">\n<div class=\"[--thread-content-max-width:40rem] @w-lg\/main:[--thread-content-max-width:48rem] mx-auto max-w-(--thread-content-max-width) flex-1 group\/turn-messages focus-visible:outline-hidden relative flex w-full min-w-0 flex-col agent-turn\" tabindex=\"-1\">\n<div class=\"z-0 flex min-h-[46px] justify-start\">\n<p>&nbsp;<\/p>\n<p>&nbsp;<\/p>\n<hr \/>\n<p>&nbsp;<\/p>\n<p>&nbsp;<\/p>\n<p><strong class=\"photoswipe-wrapper\"><a class=\"dt-pswp-item\" href=\"https:\/\/www.radiopiu.net\/wordpress\/wp-content\/uploads\/2026\/01\/file-2.jpg\" data-dt-img-description=\"\" data-large_image_width=\"640\" data-large_image_height=\"640\"><img loading=\"lazy\" decoding=\"async\" class=\"wp-image-492076 aligncenter\" src=\"https:\/\/www.radiopiu.net\/wordpress\/wp-content\/uploads\/2026\/01\/file-2-300x300.jpg\" alt=\"\" width=\"175\" height=\"175\" srcset=\"https:\/\/www.radiopiu.net\/wordpress\/wp-content\/uploads\/2026\/01\/file-2-300x300.jpg 300w, https:\/\/www.radiopiu.net\/wordpress\/wp-content\/uploads\/2026\/01\/file-2-150x150.jpg 150w, https:\/\/www.radiopiu.net\/wordpress\/wp-content\/uploads\/2026\/01\/file-2.jpg 640w\" sizes=\"auto, (max-width: 175px) 100vw, 175px\" \/><\/a><\/strong><\/p>\n<p><strong class=\"photoswipe-wrapper\">ogni sera alle 19 le anticipazioni alla radio, quello che poi seguirete nel TELEGIORNALE BELLUNESE\u00a0 in onda alle 19.30 sul CANALE 10 del digitale terrestre.\u00a0\u00a0<\/strong><\/p>\n<blockquote>\n<h2>ANTICIPAZIONI,\u00a0 DI\u00a0 \u00a0TIZIANA BOLOGNANI<\/h2>\n<\/blockquote>\n<\/div>\n<\/div>\n<\/div>\n<\/article>\n<\/div>\n<div class=\"flex flex-col text-sm pb-25\">\n<article class=\"text-token-text-primary w-full focus:outline-none [--shadow-height:45px] has-data-writing-block:pointer-events-none has-data-writing-block:-mt-(--shadow-height) has-data-writing-block:pt-(--shadow-height) [&amp;:has([data-writing-block])&gt;*]:pointer-events-auto scroll-mt-[calc(var(--header-height)+min(200px,max(70px,20svh)))]\" dir=\"auto\" tabindex=\"-1\" data-turn-id=\"request-WEB:545a5307-a0c9-41c7-9a5f-bf65aefdb8ec-5\" data-testid=\"conversation-turn-12\" data-scroll-anchor=\"true\" data-turn=\"assistant\">\n<div class=\"text-base my-auto mx-auto pb-10 [--thread-content-margin:--spacing(4)] @w-sm\/main:[--thread-content-margin:--spacing(6)] @w-lg\/main:[--thread-content-margin:--spacing(16)] px-(--thread-content-margin)\">\n<div class=\"[--thread-content-max-width:40rem] @w-lg\/main:[--thread-content-max-width:48rem] mx-auto max-w-(--thread-content-max-width) flex-1 group\/turn-messages focus-visible:outline-hidden relative flex w-full min-w-0 flex-col agent-turn\" tabindex=\"-1\">\n<div class=\"z-0 flex min-h-[46px] justify-start\">\n<audio class=\"wp-audio-shortcode\" id=\"audio-493330-6\" preload=\"none\" style=\"width: 100%;\" controls=\"controls\"><source type=\"audio\/mpeg\" src=\"https:\/\/www.radiopiu.net\/wordpress\/wp-content\/uploads\/2026\/01\/ANTENNA3-17.mp3?_=6\" \/><a href=\"https:\/\/www.radiopiu.net\/wordpress\/wp-content\/uploads\/2026\/01\/ANTENNA3-17.mp3\">https:\/\/www.radiopiu.net\/wordpress\/wp-content\/uploads\/2026\/01\/ANTENNA3-17.mp3<\/a><\/audio>\n<p>&nbsp;<\/p>\n<hr \/>\n<p>&nbsp;<\/p>\n<h1><span style=\"color: #ff0000;\"><a class=\"dt-pswp-item\" href=\"https:\/\/www.radiopiu.net\/wordpress\/wp-content\/uploads\/2024\/11\/8.jpg\" data-dt-img-description=\"\" data-large_image_width=\"180\" data-large_image_height=\"180\"><img loading=\"lazy\" decoding=\"async\" class=\"size-full wp-image-417910 aligncenter\" src=\"https:\/\/www.radiopiu.net\/wordpress\/wp-content\/uploads\/2024\/11\/8.jpg\" alt=\"\" width=\"180\" height=\"180\" srcset=\"https:\/\/www.radiopiu.net\/wordpress\/wp-content\/uploads\/2024\/11\/8.jpg 180w, https:\/\/www.radiopiu.net\/wordpress\/wp-content\/uploads\/2024\/11\/8-150x150.jpg 150w\" sizes=\"auto, (max-width: 180px) 100vw, 180px\" \/><\/a><\/span><\/h1>\n<h1><span style=\"color: #ff0000;\">I podcast informativi del mattino &#8211; video &#8211;\u00a0<\/span><\/h1>\n<h2 style=\"text-align: left;\"><strong>RASSEGNA STAMPA LOCALE, ORE OTTO<\/strong><\/h2>\n<h2><strong><span style=\"color: #0000ff;\">viene\u00a0 <\/span><\/strong><strong><span style=\"color: #0000ff;\">pubblicata alle 8.05 <span style=\"color: #ff0000;\">DIRETTA RADIO\u00a0 \u00a0<\/span><\/span><\/strong><strong>DI MIRKO MEZZACASA<\/strong><\/h2>\n<h1><span style=\"color: #ff0000;\"><strong>VIDEO\u00a0 \u00a0in diretta AGGIORNAMENTO\u00a0 dalle 8 del mattino<\/strong><\/span><\/h1>\n<p>&nbsp;<\/p>\n<div class=\"flex flex-col text-sm pb-25\">\n<article class=\"text-token-text-primary w-full focus:outline-none [--shadow-height:45px] has-data-writing-block:pointer-events-none has-data-writing-block:-mt-(--shadow-height) has-data-writing-block:pt-(--shadow-height) [&amp;:has([data-writing-block])&gt;*]:pointer-events-auto scroll-mt-[calc(var(--header-height)+min(200px,max(70px,20svh)))]\" dir=\"auto\" tabindex=\"-1\" data-turn-id=\"request-WEB:545a5307-a0c9-41c7-9a5f-bf65aefdb8ec-5\" data-testid=\"conversation-turn-12\" data-scroll-anchor=\"true\" data-turn=\"assistant\">\n<div class=\"text-base my-auto mx-auto pb-10 [--thread-content-margin:--spacing(4)] @w-sm\/main:[--thread-content-margin:--spacing(6)] @w-lg\/main:[--thread-content-margin:--spacing(16)] px-(--thread-content-margin)\">\n<div class=\"[--thread-content-max-width:40rem] @w-lg\/main:[--thread-content-max-width:48rem] mx-auto max-w-(--thread-content-max-width) flex-1 group\/turn-messages focus-visible:outline-hidden relative flex w-full min-w-0 flex-col agent-turn\" tabindex=\"-1\">\n<div class=\"z-0 flex min-h-[46px] justify-start\">\n\n\t\t\t<style type='text\/css'>\n\t\t\t\t#gallery-2 {\n\t\t\t\t\tmargin: auto;\n\t\t\t\t}\n\t\t\t\t#gallery-2 .gallery-item {\n\t\t\t\t\tfloat: left;\n\t\t\t\t\tmargin-top: 10px;\n\t\t\t\t\ttext-align: center;\n\t\t\t\t\twidth: 33%;\n\t\t\t\t}\n\t\t\t\t#gallery-2 img {\n\t\t\t\t\tborder: 2px solid #cfcfcf;\n\t\t\t\t}\n\t\t\t\t#gallery-2 .gallery-caption {\n\t\t\t\t\tmargin-left: 0;\n\t\t\t\t}\n\t\t\t\t\/* see gallery_shortcode() in wp-includes\/media.php *\/\n\t\t\t<\/style>\n\t\t<div id='gallery-2' class='dt-gallery-container gallery galleryid-493330 gallery-columns-3 gallery-size-medium'><dl class='gallery-item'>\n\t\t\t\t<dt class='gallery-icon landscape'>\n\t\t\t\t\t<a class=\"rollover rollover-zoom dt-pswp-item\" title=\"Screenshot 2026-01-29 050626\" data-dt-img-description=\"\" data-large_image_width=\"815\" data-large_image_height=\"413\"href='https:\/\/www.radiopiu.net\/wordpress\/wp-content\/uploads\/2026\/01\/Screenshot-2026-01-29-050626.png'><img loading=\"lazy\" decoding=\"async\" width=\"300\" height=\"152\" src=\"https:\/\/www.radiopiu.net\/wordpress\/wp-content\/uploads\/2026\/01\/Screenshot-2026-01-29-050626-300x152.png\" class=\"attachment-medium size-medium\" alt=\"\" srcset=\"https:\/\/www.radiopiu.net\/wordpress\/wp-content\/uploads\/2026\/01\/Screenshot-2026-01-29-050626-300x152.png 300w, https:\/\/www.radiopiu.net\/wordpress\/wp-content\/uploads\/2026\/01\/Screenshot-2026-01-29-050626-768x389.png 768w, https:\/\/www.radiopiu.net\/wordpress\/wp-content\/uploads\/2026\/01\/Screenshot-2026-01-29-050626.png 815w\" sizes=\"auto, (max-width: 300px) 100vw, 300px\" \/><\/a>\n\t\t\t\t<\/dt><\/dl><dl class='gallery-item'>\n\t\t\t\t<dt class='gallery-icon landscape'>\n\t\t\t\t\t<a class=\"rollover rollover-zoom dt-pswp-item\" title=\"Screenshot 2026-01-29 052516\" data-dt-img-description=\"\" data-large_image_width=\"550\" data-large_image_height=\"272\"href='https:\/\/www.radiopiu.net\/wordpress\/wp-content\/uploads\/2026\/01\/Screenshot-2026-01-29-052516.png'><img loading=\"lazy\" decoding=\"async\" width=\"300\" height=\"148\" src=\"https:\/\/www.radiopiu.net\/wordpress\/wp-content\/uploads\/2026\/01\/Screenshot-2026-01-29-052516-300x148.png\" class=\"attachment-medium size-medium\" alt=\"\" srcset=\"https:\/\/www.radiopiu.net\/wordpress\/wp-content\/uploads\/2026\/01\/Screenshot-2026-01-29-052516-300x148.png 300w, https:\/\/www.radiopiu.net\/wordpress\/wp-content\/uploads\/2026\/01\/Screenshot-2026-01-29-052516.png 550w\" sizes=\"auto, (max-width: 300px) 100vw, 300px\" \/><\/a>\n\t\t\t\t<\/dt><\/dl><dl class='gallery-item'>\n\t\t\t\t<dt class='gallery-icon landscape'>\n\t\t\t\t\t<a class=\"rollover rollover-zoom dt-pswp-item\" title=\"Screenshot 2026-01-29 052428\" data-dt-img-description=\"\" data-large_image_width=\"555\" data-large_image_height=\"320\"href='https:\/\/www.radiopiu.net\/wordpress\/wp-content\/uploads\/2026\/01\/Screenshot-2026-01-29-052428.png'><img loading=\"lazy\" decoding=\"async\" width=\"300\" height=\"173\" src=\"https:\/\/www.radiopiu.net\/wordpress\/wp-content\/uploads\/2026\/01\/Screenshot-2026-01-29-052428-300x173.png\" class=\"attachment-medium size-medium\" alt=\"\" srcset=\"https:\/\/www.radiopiu.net\/wordpress\/wp-content\/uploads\/2026\/01\/Screenshot-2026-01-29-052428-300x173.png 300w, https:\/\/www.radiopiu.net\/wordpress\/wp-content\/uploads\/2026\/01\/Screenshot-2026-01-29-052428.png 555w\" sizes=\"auto, (max-width: 300px) 100vw, 300px\" \/><\/a>\n\t\t\t\t<\/dt><\/dl><br style=\"clear: both\" \/>\n\t\t\t<\/div>\n\n<\/div>\n<div>\n<p><iframe loading=\"lazy\" title=\"DAL 1983 LA RASSEGNA STAMPA LOCALE di mirko mezzacasa. L&#039;ORIGINALE\" width=\"1200\" height=\"675\" src=\"https:\/\/www.youtube.com\/embed\/2wt_ZdkzYZ8?feature=oembed\" frameborder=\"0\" allow=\"accelerometer; autoplay; clipboard-write; encrypted-media; gyroscope; picture-in-picture; web-share\" referrerpolicy=\"strict-origin-when-cross-origin\" allowfullscreen><\/iframe><\/p>\n<\/div>\n<div>\n<hr \/>\n<\/div>\n<\/div>\n<\/div>\n<\/article>\n<\/div>\n<\/div>\n<\/div>\n<\/div>\n<\/article>\n<\/div>\n<p>&nbsp;<\/p>\n<blockquote>\n<p data-start=\"0\" data-end=\"101\"><strong data-start=\"0\" data-end=\"101\"><a class=\"dt-pswp-item\" href=\"https:\/\/www.radiopiu.net\/wordpress\/wp-content\/uploads\/2026\/01\/download-24.jpg\" data-dt-img-description=\"\" data-large_image_width=\"260\" data-large_image_height=\"194\"><img loading=\"lazy\" decoding=\"async\" class=\"wp-image-493074 aligncenter\" src=\"https:\/\/www.radiopiu.net\/wordpress\/wp-content\/uploads\/2026\/01\/download-24.jpg\" alt=\"\" width=\"186\" height=\"139\" \/><\/a><\/strong><\/p>\n<h2 data-start=\"0\" data-end=\"101\"><strong data-start=\"0\" data-end=\"101\">CHIUSURA TOTALE AL TRAFFICO A TAMBRE<\/strong><\/h2>\n<\/blockquote>\n<p data-start=\"103\" data-end=\"488\">Scatter\u00e0 dalle ore 7.00 di marted\u00ec 28 gennaio 2026 e rester\u00e0 in vigore fino alle ore 18.00 del 10 maggio 2026 l\u2019interdizione totale al transito su un tratto della viabilit\u00e0 comunale di <span class=\"hover:entity-accent entity-underline inline cursor-pointer align-baseline\"><span class=\"whitespace-normal\">Tambre<\/span><\/span>, per consentire interventi di consolidamento del piano stradale. Lo prevede l\u2019Ordinanza n. 042\/2026, emanata dal Comune e resa operativa da Veneto Strade. Il provvedimento sar\u00e0 valido tutti i giorni, inclusi sabati, domeniche e festivi infrasettimanali, e riguarda l\u2019intero arco orario compreso tra le 7.00 e le 18.00. La chiusura si rende necessaria per garantire lo svolgimento in sicurezza dei lavori e la tutela di utenti della strada e operatori.<\/p>\n<p><span style=\"color: #ff0000;\"><strong>PASSO FEDAIA, CHIUSO LATO TRENTO<\/strong><\/span><\/p>\n<p><a class=\"dt-pswp-item\" href=\"https:\/\/www.radiopiu.net\/wordpress\/wp-content\/uploads\/2026\/01\/photo_6041861612504812697_w.jpg\" data-dt-img-description=\"\" data-large_image_width=\"2560\" data-large_image_height=\"1920\"><img loading=\"lazy\" decoding=\"async\" class=\"size-medium wp-image-493626 aligncenter\" src=\"https:\/\/www.radiopiu.net\/wordpress\/wp-content\/uploads\/2026\/01\/photo_6041861612504812697_w-300x225.jpg\" alt=\"\" width=\"300\" height=\"225\" srcset=\"https:\/\/www.radiopiu.net\/wordpress\/wp-content\/uploads\/2026\/01\/photo_6041861612504812697_w-300x225.jpg 300w, https:\/\/www.radiopiu.net\/wordpress\/wp-content\/uploads\/2026\/01\/photo_6041861612504812697_w-1024x768.jpg 1024w, https:\/\/www.radiopiu.net\/wordpress\/wp-content\/uploads\/2026\/01\/photo_6041861612504812697_w-768x576.jpg 768w, https:\/\/www.radiopiu.net\/wordpress\/wp-content\/uploads\/2026\/01\/photo_6041861612504812697_w-1536x1152.jpg 1536w, https:\/\/www.radiopiu.net\/wordpress\/wp-content\/uploads\/2026\/01\/photo_6041861612504812697_w-2048x1536.jpg 2048w\" sizes=\"auto, (max-width: 300px) 100vw, 300px\" \/><\/a><br \/>\n<span style=\"color: #ff0000;\"><strong>PASSO FEDAIA, APERTO LATO BELLUNO VENETO STRADE<\/strong><\/span><\/p>\n<p><a class=\"dt-pswp-item\" href=\"https:\/\/www.radiopiu.net\/wordpress\/wp-content\/uploads\/2026\/01\/photo_6042099154261052780_y.jpg\" data-dt-img-description=\"\" data-large_image_width=\"720\" data-large_image_height=\"1280\"><img loading=\"lazy\" decoding=\"async\" class=\"size-medium wp-image-493634 aligncenter\" src=\"https:\/\/www.radiopiu.net\/wordpress\/wp-content\/uploads\/2026\/01\/photo_6042099154261052780_y-169x300.jpg\" alt=\"\" width=\"169\" height=\"300\" srcset=\"https:\/\/www.radiopiu.net\/wordpress\/wp-content\/uploads\/2026\/01\/photo_6042099154261052780_y-169x300.jpg 169w, https:\/\/www.radiopiu.net\/wordpress\/wp-content\/uploads\/2026\/01\/photo_6042099154261052780_y-576x1024.jpg 576w, https:\/\/www.radiopiu.net\/wordpress\/wp-content\/uploads\/2026\/01\/photo_6042099154261052780_y.jpg 720w\" sizes=\"auto, (max-width: 169px) 100vw, 169px\" \/><\/a><\/p>\n<hr \/>\n<p>&nbsp;<\/p>\n<blockquote>\n<h3><a class=\"dt-pswp-item\" href=\"https:\/\/www.radiopiu.net\/wordpress\/wp-content\/uploads\/2026\/01\/instabilita.jpg\" data-dt-img-description=\"\" data-large_image_width=\"1280\" data-large_image_height=\"768\"><img loading=\"lazy\" decoding=\"async\" class=\"wp-image-493459 aligncenter\" src=\"https:\/\/www.radiopiu.net\/wordpress\/wp-content\/uploads\/2026\/01\/instabilita-300x180.jpg\" alt=\"\" width=\"257\" height=\"154\" srcset=\"https:\/\/www.radiopiu.net\/wordpress\/wp-content\/uploads\/2026\/01\/instabilita-300x180.jpg 300w, https:\/\/www.radiopiu.net\/wordpress\/wp-content\/uploads\/2026\/01\/instabilita-1024x614.jpg 1024w, https:\/\/www.radiopiu.net\/wordpress\/wp-content\/uploads\/2026\/01\/instabilita-768x461.jpg 768w, https:\/\/www.radiopiu.net\/wordpress\/wp-content\/uploads\/2026\/01\/instabilita.jpg 1280w\" sizes=\"auto, (max-width: 257px) 100vw, 257px\" \/><\/a><\/h3>\n<h3>MALTEMPO IN VENETO: ALLERTA IDRAULICA E RISCHIO VALANGHE TRA PREALPI E DOLOMITI<\/h3>\n<\/blockquote>\n<p><strong>VENEZIA<\/strong> Oggi\u00a0sono attese ancora precipitazioni, specie nel Bellunese, con nevicate fino ai fondovalle dolomitici e intorno ai 1000 m sulle Prealpi, in graduale esaurimento nel pomeriggio. La Protezione civile ha dichiarato la fase di attenzione per rischio idraulico nelle zone Vene-B, Vene-E e Vene-F, con possibile innalzamento dei corsi d\u2019acqua e locali allagamenti. Attenzione anche al rischio valanghe nelle zone montane del Bellunese.<\/p>\n<p>&nbsp;<\/p>\n<div class=\"page-title-head hgroup\">\n<h1 class=\"entry-title\">MONTAGNA SOTTO LA NEVE, ATTENZIONE AL MANTO INSTABILE<\/h1>\n<\/div>\n<div class=\"page-title-breadcrumbs\"><a class=\"dt-pswp-item pspw-wrap-ready\" href=\"https:\/\/www.radiopiu.net\/wordpress\/wp-content\/uploads\/2026\/01\/849d0f44-4621-4213-a63e-dc9c35a4a326.png\" data-dt-img-description=\"\" data-large_image_width=\"1536\" data-large_image_height=\"1024\"><img loading=\"lazy\" decoding=\"async\" class=\" wp-image-493615 alignleft\" src=\"https:\/\/www.radiopiu.net\/wordpress\/wp-content\/uploads\/2026\/01\/849d0f44-4621-4213-a63e-dc9c35a4a326-300x200.png\" sizes=\"auto, (max-width: 255px) 100vw, 255px\" srcset=\"https:\/\/www.radiopiu.net\/wordpress\/wp-content\/uploads\/2026\/01\/849d0f44-4621-4213-a63e-dc9c35a4a326-300x200.png 300w, https:\/\/www.radiopiu.net\/wordpress\/wp-content\/uploads\/2026\/01\/849d0f44-4621-4213-a63e-dc9c35a4a326-1024x683.png 1024w, https:\/\/www.radiopiu.net\/wordpress\/wp-content\/uploads\/2026\/01\/849d0f44-4621-4213-a63e-dc9c35a4a326-768x512.png 768w, https:\/\/www.radiopiu.net\/wordpress\/wp-content\/uploads\/2026\/01\/849d0f44-4621-4213-a63e-dc9c35a4a326.png 1536w\" alt=\"\" width=\"255\" height=\"170\" \/><\/a>La neve \u00e8 tornata a imbiancare in modo consistente Dolomiti e Prealpi venete. Secondo il bollettino ARPAV \u2013 Centro Valanghe di Arabba, aggiornato al 29 gennaio alle 8, alle quote di\u00a0<strong data-start=\"254\" data-end=\"268\">2000 metri<\/strong>\u00a0sulle Dolomiti si registrano\u00a0<strong data-start=\"298\" data-end=\"343\">spessori compresi tra 40 e 100 centimetri<\/strong>, con punte elevate tra Cortina, Falzarego, Arabba, Zoldo e Val Visdende. Nelle\u00a0<strong data-start=\"423\" data-end=\"434\">Prealpi<\/strong>, attorno ai\u00a0<strong data-start=\"447\" data-end=\"461\">1600 metri<\/strong>, il manto nevoso varia mediamente tra\u00a0<strong data-start=\"500\" data-end=\"529\">60 e oltre 100 centimetri<\/strong>\u00a0nelle zone pi\u00f9 esposte. Nelle ultime 24 ore sono caduti\u00a0<strong data-start=\"587\" data-end=\"622\">15\u201325 centimetri di neve fresca<\/strong>\u00a0in quota, con apporti localmente influenzati dal vento. La neve \u00e8 presente anche a fondovalle in diverse localit\u00e0 del Bellunese, mentre resta assente o solo a tratti alle quote pi\u00f9 basse. ARPAV ricorda che i dati si riferiscono al manto nevoso naturale e non alla praticabilit\u00e0 delle piste, invitando alla prudenza in ambiente montano per le condizioni di instabilit\u00e0 del manto<\/div>\n<p>&nbsp;<\/p>\n<hr \/>\n<p>&nbsp;<\/p>\n<blockquote>\n<h3>NEVICATE INTENSE IN PROVINCIA DI BELLUNO: OLTRE 30 INTERVENTI DEI VIGILI DEL FUOCO<\/h3>\n<\/blockquote>\n<p><strong>REDAZIONE<\/strong> I Vigili del Fuoco della provincia di Belluno sono stati impegnati in pi\u00f9 di 30 interventi a seguito delle abbondanti nevicate che hanno interessato il territorio. Gran parte degli interventi ha riguardato il recupero di camion e autovetture in difficolt\u00e0, rimasti bloccati o finiti fuori strada a causa della neve. Le aree maggiormente colpite si sono concentrate tra il Cadore e Cortina d\u2019Ampezzo, dove le condizioni del manto nevoso hanno creato criticit\u00e0 alla circolazione. Le squadre dei Vigili del Fuoco hanno operato costantemente per garantire la sicurezza stradale e soccorrere gli automobilisti in difficolt\u00e0. Le operazioni sono proseguite anche nelle ore successive per garantire la piena sicurezza della viabilit\u00e0.<\/p>\n\n\t\t\t<style type='text\/css'>\n\t\t\t\t#gallery-3 {\n\t\t\t\t\tmargin: auto;\n\t\t\t\t}\n\t\t\t\t#gallery-3 .gallery-item {\n\t\t\t\t\tfloat: left;\n\t\t\t\t\tmargin-top: 10px;\n\t\t\t\t\ttext-align: center;\n\t\t\t\t\twidth: 33%;\n\t\t\t\t}\n\t\t\t\t#gallery-3 img {\n\t\t\t\t\tborder: 2px solid #cfcfcf;\n\t\t\t\t}\n\t\t\t\t#gallery-3 .gallery-caption {\n\t\t\t\t\tmargin-left: 0;\n\t\t\t\t}\n\t\t\t\t\/* see gallery_shortcode() in wp-includes\/media.php *\/\n\t\t\t<\/style>\n\t\t<div id='gallery-3' class='dt-gallery-container gallery galleryid-493330 gallery-columns-3 gallery-size-medium'><dl class='gallery-item'>\n\t\t\t\t<dt class='gallery-icon landscape'>\n\t\t\t\t\t<a class=\"rollover rollover-zoom dt-pswp-item\" title=\"a307f1f7-e76a-450e-9632-7d6f3a29ba58\" data-dt-img-description=\"\" data-large_image_width=\"1280\" data-large_image_height=\"720\"href='https:\/\/www.radiopiu.net\/wordpress\/wp-content\/uploads\/2026\/01\/a307f1f7-e76a-450e-9632-7d6f3a29ba58.jpg'><img loading=\"lazy\" decoding=\"async\" width=\"300\" height=\"169\" src=\"https:\/\/www.radiopiu.net\/wordpress\/wp-content\/uploads\/2026\/01\/a307f1f7-e76a-450e-9632-7d6f3a29ba58-300x169.jpg\" class=\"attachment-medium size-medium\" alt=\"\" srcset=\"https:\/\/www.radiopiu.net\/wordpress\/wp-content\/uploads\/2026\/01\/a307f1f7-e76a-450e-9632-7d6f3a29ba58-300x169.jpg 300w, https:\/\/www.radiopiu.net\/wordpress\/wp-content\/uploads\/2026\/01\/a307f1f7-e76a-450e-9632-7d6f3a29ba58-1024x576.jpg 1024w, https:\/\/www.radiopiu.net\/wordpress\/wp-content\/uploads\/2026\/01\/a307f1f7-e76a-450e-9632-7d6f3a29ba58-768x432.jpg 768w, https:\/\/www.radiopiu.net\/wordpress\/wp-content\/uploads\/2026\/01\/a307f1f7-e76a-450e-9632-7d6f3a29ba58.jpg 1280w\" sizes=\"auto, (max-width: 300px) 100vw, 300px\" \/><\/a>\n\t\t\t\t<\/dt><\/dl><dl class='gallery-item'>\n\t\t\t\t<dt class='gallery-icon portrait'>\n\t\t\t\t\t<a class=\"rollover rollover-zoom dt-pswp-item\" title=\"859056d6-f05f-46d7-8041-1972fa26c98e\" data-dt-img-description=\"\" data-large_image_width=\"720\" data-large_image_height=\"1280\"href='https:\/\/www.radiopiu.net\/wordpress\/wp-content\/uploads\/2026\/01\/859056d6-f05f-46d7-8041-1972fa26c98e.jpg'><img loading=\"lazy\" decoding=\"async\" width=\"169\" height=\"300\" src=\"https:\/\/www.radiopiu.net\/wordpress\/wp-content\/uploads\/2026\/01\/859056d6-f05f-46d7-8041-1972fa26c98e-169x300.jpg\" class=\"attachment-medium size-medium\" alt=\"\" srcset=\"https:\/\/www.radiopiu.net\/wordpress\/wp-content\/uploads\/2026\/01\/859056d6-f05f-46d7-8041-1972fa26c98e-169x300.jpg 169w, https:\/\/www.radiopiu.net\/wordpress\/wp-content\/uploads\/2026\/01\/859056d6-f05f-46d7-8041-1972fa26c98e-576x1024.jpg 576w, https:\/\/www.radiopiu.net\/wordpress\/wp-content\/uploads\/2026\/01\/859056d6-f05f-46d7-8041-1972fa26c98e.jpg 720w\" sizes=\"auto, (max-width: 169px) 100vw, 169px\" \/><\/a>\n\t\t\t\t<\/dt><\/dl><dl class='gallery-item'>\n\t\t\t\t<dt class='gallery-icon landscape'>\n\t\t\t\t\t<a class=\"rollover rollover-zoom dt-pswp-item\" title=\"a44f5b2d-d8ff-48e6-9ed6-85763210d90d\" data-dt-img-description=\"\" data-large_image_width=\"1280\" data-large_image_height=\"720\"href='https:\/\/www.radiopiu.net\/wordpress\/wp-content\/uploads\/2026\/01\/a44f5b2d-d8ff-48e6-9ed6-85763210d90d.jpg'><img loading=\"lazy\" decoding=\"async\" width=\"300\" height=\"169\" src=\"https:\/\/www.radiopiu.net\/wordpress\/wp-content\/uploads\/2026\/01\/a44f5b2d-d8ff-48e6-9ed6-85763210d90d-300x169.jpg\" class=\"attachment-medium size-medium\" alt=\"\" srcset=\"https:\/\/www.radiopiu.net\/wordpress\/wp-content\/uploads\/2026\/01\/a44f5b2d-d8ff-48e6-9ed6-85763210d90d-300x169.jpg 300w, https:\/\/www.radiopiu.net\/wordpress\/wp-content\/uploads\/2026\/01\/a44f5b2d-d8ff-48e6-9ed6-85763210d90d-1024x576.jpg 1024w, https:\/\/www.radiopiu.net\/wordpress\/wp-content\/uploads\/2026\/01\/a44f5b2d-d8ff-48e6-9ed6-85763210d90d-768x432.jpg 768w, https:\/\/www.radiopiu.net\/wordpress\/wp-content\/uploads\/2026\/01\/a44f5b2d-d8ff-48e6-9ed6-85763210d90d.jpg 1280w\" sizes=\"auto, (max-width: 300px) 100vw, 300px\" \/><\/a>\n\t\t\t\t<\/dt><\/dl><br style=\"clear: both\" \/>\n\t\t\t<\/div>\n\n<p>&nbsp;<\/p>\n<hr \/>\n<p>&nbsp;<\/p>\n<blockquote>\n<h3>NEVE NELL\u2019ALTO BELLUNESE: VIABILIT\u00c0 ANAS REGOLARE, CRITICIT\u00c0 IN AMBITO URBANO<\/h3>\n<\/blockquote>\n<p><strong><a class=\"dt-pswp-item\" href=\"https:\/\/www.radiopiu.net\/wordpress\/wp-content\/uploads\/2021\/01\/NEVE-STRADA.jpg\" data-dt-img-description=\"\" data-large_image_width=\"1920\" data-large_image_height=\"871\"><img loading=\"lazy\" decoding=\"async\" class=\"wp-image-182703 aligncenter\" src=\"https:\/\/www.radiopiu.net\/wordpress\/wp-content\/uploads\/2021\/01\/NEVE-STRADA-300x136.jpg\" alt=\"\" width=\"236\" height=\"107\" srcset=\"https:\/\/www.radiopiu.net\/wordpress\/wp-content\/uploads\/2021\/01\/NEVE-STRADA-300x136.jpg 300w, https:\/\/www.radiopiu.net\/wordpress\/wp-content\/uploads\/2021\/01\/NEVE-STRADA-1024x465.jpg 1024w, https:\/\/www.radiopiu.net\/wordpress\/wp-content\/uploads\/2021\/01\/NEVE-STRADA-768x348.jpg 768w, https:\/\/www.radiopiu.net\/wordpress\/wp-content\/uploads\/2021\/01\/NEVE-STRADA-1536x697.jpg 1536w, https:\/\/www.radiopiu.net\/wordpress\/wp-content\/uploads\/2021\/01\/NEVE-STRADA.jpg 1920w\" sizes=\"auto, (max-width: 236px) 100vw, 236px\" \/><\/a><\/strong><\/p>\n<p><strong>VENEZIA<\/strong> Nella giornata di ieri la viabilit\u00e0 lungo la rete stradale Anas dell\u2019alta provincia di Belluno \u00e8 rimasta complessivamente regolare, nonostante le intense nevicate che hanno interessato l\u2019area montana. Anas ha operato in modo continuativo con attivit\u00e0 di sgombero neve e prevenzione del ghiaccio, applicando il piano neve condiviso con Prefettura, Forze dell\u2019Ordine ed enti gestori. Oltre 70 mezzi, tra personale Anas e imprese locali, sono stati impegnati sulle principali direttrici. Le criticit\u00e0 si sono concentrate in ambito urbano, in particolare a Cortina d\u2019Ampezzo, dove la sosta irregolare ha rallentato le operazioni. Segnalati anche veicoli, soprattutto mezzi pesanti, privi di dotazioni invernali, fermi in carreggiata per montare le catene, con interventi dei Vigili del Fuoco. Anas ha rinnovato l\u2019invito a rispettare le ordinanze e viaggiare equipaggiati.<\/p>\n<p>&nbsp;<\/p>\n<p>&nbsp;<\/p>\n<hr \/>\n<p>&nbsp;<\/p>\n<blockquote>\n<h3>STRADA DOPO STRADA, SENZA MAI MOLLARE<\/h3>\n<\/blockquote>\n<p><strong><a class=\"dt-pswp-item\" href=\"https:\/\/www.radiopiu.net\/wordpress\/wp-content\/uploads\/2026\/01\/6039609812691127743.jpg\" data-dt-img-description=\"\" data-large_image_width=\"1280\" data-large_image_height=\"988\"><img loading=\"lazy\" decoding=\"async\" class=\"wp-image-493528 aligncenter\" src=\"https:\/\/www.radiopiu.net\/wordpress\/wp-content\/uploads\/2026\/01\/6039609812691127743-300x232.jpg\" alt=\"\" width=\"224\" height=\"173\" srcset=\"https:\/\/www.radiopiu.net\/wordpress\/wp-content\/uploads\/2026\/01\/6039609812691127743-300x232.jpg 300w, https:\/\/www.radiopiu.net\/wordpress\/wp-content\/uploads\/2026\/01\/6039609812691127743-1024x790.jpg 1024w, https:\/\/www.radiopiu.net\/wordpress\/wp-content\/uploads\/2026\/01\/6039609812691127743-768x593.jpg 768w, https:\/\/www.radiopiu.net\/wordpress\/wp-content\/uploads\/2026\/01\/6039609812691127743.jpg 1280w\" sizes=\"auto, (max-width: 224px) 100vw, 224px\" \/><\/a><\/strong><\/p>\n<p><strong>REDAZIONE<\/strong> Sulla chat Telegram Viabilit\u00e0 Provincia di Belluno \u00e8 arrivato un messaggio semplice ma potente: \u201cGrazie per il vostro lavoro\u201d, accompagnato dall\u2019immagine di uno sgombraneve tra i fiocchi. In un periodo di emergenza, tra strade chiuse e disagi, \u00e8 facile concentrarsi sulle difficolt\u00e0 e sulle critiche. Eppure dietro ogni intervento ci sono uomini e donne reperibili 24 ore su 24, che affrontano freddo, pioggia, buio e stanchezza per garantire sicurezza, ripristinare collegamenti e proteggere il territorio. Il loro impegno, spesso lontano dai riflettori e senza clamore, merita riconoscimento. Questo grazie corale a maestranze di Veneto Strade, operai comunali e ditte private non cancella le difficolt\u00e0, ma illumina chi le affronta quotidianamente. \u00c8 un riconoscimento del lavoro silenzioso, continuo e instancabile che ci permette di vivere pi\u00f9 sicuri e meno fragili. Un semplice grazie che racchiude gratitudine, rispetto e consapevolezza del valore di chi opera in prima linea.<\/p>\n<p>&nbsp;<\/p>\n<hr \/>\n<p>&nbsp;<\/p>\n<h1 class=\"_title post-title entry-title\">BELLUNO | MALTEMPO: TIR E PULLMAN SENZA CATENE, TRAFFICO IN TILT NELLE TERRE ALTE<\/h1>\n<p>\u2013 Intervistati MATTEO CARRETTO (COMANDANTE PROVINCIALE VIGILI DEL FUOCO BELLUNO) (Servizio di\u00a0<a href=\"https:\/\/antennatre.medianordest.it\/redazione\/Tiziana-Bolognani\/\">Tiziana Bolognani<\/a>)<\/p>\n<p><iframe loading=\"lazy\" title=\"MALTEMPO: TIR E PULLMAN SENZA CATENE, TRAFFICO IN TILT NELLE TERRE ALTE | 28\/01\/2026\" width=\"1200\" height=\"675\" src=\"https:\/\/www.youtube.com\/embed\/fqwDqXM94L8?feature=oembed\" frameborder=\"0\" allow=\"accelerometer; autoplay; clipboard-write; encrypted-media; gyroscope; picture-in-picture; web-share\" referrerpolicy=\"strict-origin-when-cross-origin\" allowfullscreen><\/iframe><\/p>\n<hr \/>\n<p>&nbsp;<\/p>\n<blockquote>\n<h3>SORPASSO IN GALLERIA DEI CASTEI &#8220;QUI NON CONTROLLA MAI NESSUNO&#8221;<\/h3>\n<\/blockquote>\n<p><strong>REDAZIONE<\/strong> Il fenomeno esiste ed \u00e8 riconoscibile subito: entra in galleria e capisce che l\u00ec vale tutto. Nessuno controlla mai, telecamere non ce ne sono, autovelox nemmeno per sbaglio. Quindi perch\u00e9 perdere tempo? Il cartello di divieto diventa un\u2019opinione, la linea continua un suggerimento affettuoso. Parte il pensiero magico: <em data-start=\"449\" data-end=\"474\">toglietevi che passo io<\/em>. Non per arroganza, per efficienza. Gli altri vanno piano senza un motivo chiaro, lui invece ce l\u2019ha: ha fretta. Il sorpasso non \u00e8 una manovra, \u00e8 una filosofia di vita fondata sulla certezza che finch\u00e9 non succede niente, aveva ragione lui. E se poi succede qualcosa, tranquilli: sar\u00e0 colpa della strada, del destino, della galleria buia. Mai dell\u2019idea brillante avuta tre secondi prima.<\/p>\n<div style=\"width: 848px;\" class=\"wp-video\"><video class=\"wp-video-shortcode\" id=\"video-493330-2\" width=\"848\" height=\"480\" preload=\"metadata\" controls=\"controls\"><source type=\"video\/mp4\" src=\"https:\/\/www.radiopiu.net\/wordpress\/wp-content\/uploads\/2026\/01\/WhatsApp-Video-2026-01-28-at-10.17.07.mp4?_=2\" \/><a href=\"https:\/\/www.radiopiu.net\/wordpress\/wp-content\/uploads\/2026\/01\/WhatsApp-Video-2026-01-28-at-10.17.07.mp4\">https:\/\/www.radiopiu.net\/wordpress\/wp-content\/uploads\/2026\/01\/WhatsApp-Video-2026-01-28-at-10.17.07.mp4<\/a><\/video><\/div>\n<p>&nbsp;<\/p>\n<p>&nbsp;<\/p>\n<hr \/>\n<p>&nbsp;<\/p>\n<p>&nbsp;<\/p>\n<div class=\"flex flex-col text-sm pb-25\">\n<article class=\"text-token-text-primary w-full focus:outline-none [--shadow-height:45px] has-data-writing-block:pointer-events-none has-data-writing-block:-mt-(--shadow-height) has-data-writing-block:pt-(--shadow-height) [&amp;:has([data-writing-block])&gt;*]:pointer-events-auto scroll-mt-[calc(var(--header-height)+min(200px,max(70px,20svh)))]\" dir=\"auto\" tabindex=\"-1\" data-turn-id=\"8cd744ac-2bcc-4303-9544-64611d8312a6\" data-testid=\"conversation-turn-22\" data-scroll-anchor=\"true\" data-turn=\"assistant\">\n<div class=\"text-base my-auto mx-auto pb-10 [--thread-content-margin:--spacing(4)] @w-sm\/main:[--thread-content-margin:--spacing(6)] @w-lg\/main:[--thread-content-margin:--spacing(16)] px-(--thread-content-margin)\">\n<div class=\"[--thread-content-max-width:40rem] @w-lg\/main:[--thread-content-max-width:48rem] mx-auto max-w-(--thread-content-max-width) flex-1 group\/turn-messages focus-visible:outline-hidden relative flex w-full min-w-0 flex-col agent-turn\" tabindex=\"-1\">\n<div class=\"flex max-w-full flex-col grow\">\n<div class=\"min-h-8 text-message relative flex w-full flex-col items-end gap-2 text-start break-words whitespace-normal [.text-message+&amp;]:mt-1\" dir=\"auto\" data-message-author-role=\"assistant\" data-message-id=\"6cb609e3-e09b-4674-bdd9-c207e9acc4ef\" data-message-model-slug=\"gpt-5-2\">\n<div class=\"flex w-full flex-col gap-1 empty:hidden first:pt-[1px]\">\n<div class=\"markdown prose dark:prose-invert w-full wrap-break-word dark markdown-new-styling\">\n<blockquote>\n<p data-start=\"0\" data-end=\"53\"><strong data-start=\"0\" data-end=\"53\">NEVE SUL MONTE RITE, BLACKOUT E STOP A RADIO E TV<\/strong><\/p>\n<\/blockquote>\n<p data-start=\"55\" data-end=\"315\"><a class=\"dt-pswp-item\" href=\"https:\/\/www.radiopiu.net\/wordpress\/wp-content\/uploads\/2026\/01\/download-27.jpg\" data-dt-img-description=\"\" data-large_image_width=\"194\" data-large_image_height=\"259\"><img loading=\"lazy\" decoding=\"async\" class=\"size-full wp-image-493569 aligncenter\" src=\"https:\/\/www.radiopiu.net\/wordpress\/wp-content\/uploads\/2026\/01\/download-27.jpg\" alt=\"\" width=\"194\" height=\"259\" \/><\/a><\/p>\n<p data-start=\"55\" data-end=\"315\">La forte nevicata caduta ieri tra i 1500 e i 2000 metri sul monte Rite, sopra Cibiana, ha provocato un guasto alla linea elettrica che alimenta i ripetitori radio e il radar della Protezione civile, uno dei siti di trasmissione pi\u00f9 importanti delle Dolomiti. Il blackout \u00e8 stato rilevato poco dopo le 15. I tecnici di E-Distribuzione sono intervenuti con elicottero, mezzi cingolati e a piedi, individuando il guasto causato dalla neve, ma maltempo e terreno impraticabile hanno ritardato la riparazione. Per oltre 24 ore radio e tv di parte del Cadore sono rimaste senza segnale. Disagi anche a Cibiana. Escluso il sabotaggio: si tratta di un problema che si ripresenta quasi ogni anno con le prime grandi nevicate.<\/p>\n<\/div>\n<\/div>\n<\/div>\n<\/div>\n<div class=\"z-0 flex min-h-[46px] justify-start\"><\/div>\n<\/div>\n<\/div>\n<\/article>\n<\/div>\n<p>&nbsp;<\/p>\n<hr \/>\n<p>&nbsp;<\/p>\n<div class=\"page-title-head hgroup\">\n<h1 class=\"entry-title\">TENTATI FURTI TRA SAFFORZE E PONTE NELLE ALPI, BOTTINO ZERO<\/h1>\n<\/div>\n<div class=\"page-title-breadcrumbs\">\n<p>&nbsp;<\/p>\n<div class=\"flex flex-col text-sm pb-25\">\n<article class=\"text-token-text-primary w-full focus:outline-none [--shadow-height:45px] has-data-writing-block:pointer-events-none has-data-writing-block:-mt-(--shadow-height) has-data-writing-block:pt-(--shadow-height) [&amp;:has([data-writing-block])&gt;*]:pointer-events-auto scroll-mt-[calc(var(--header-height)+min(200px,max(70px,20svh)))]\" dir=\"auto\" tabindex=\"-1\" data-turn-id=\"ea91fb86-b09b-4cc6-8194-bb774550ae44\" data-testid=\"conversation-turn-16\" data-scroll-anchor=\"true\" data-turn=\"assistant\">\n<div class=\"text-base my-auto mx-auto pb-10 [--thread-content-margin:--spacing(4)] @w-sm\/main:[--thread-content-margin:--spacing(6)] @w-lg\/main:[--thread-content-margin:--spacing(16)] px-(--thread-content-margin)\">\n<div class=\"[--thread-content-max-width:40rem] @w-lg\/main:[--thread-content-max-width:48rem] mx-auto max-w-(--thread-content-max-width) flex-1 group\/turn-messages focus-visible:outline-hidden relative flex w-full min-w-0 flex-col agent-turn\" tabindex=\"-1\">\n<div class=\"flex max-w-full flex-col grow\">\n<div class=\"min-h-8 text-message relative flex w-full flex-col items-end gap-2 text-start break-words whitespace-normal [.text-message+&amp;]:mt-1\" dir=\"auto\" data-message-author-role=\"assistant\" data-message-id=\"9594ccf1-9da8-4a78-a95d-b63d57898915\" data-message-model-slug=\"gpt-5-2\">\n<div class=\"flex w-full flex-col gap-1 empty:hidden first:pt-[1px]\">\n<div class=\"markdown prose dark:prose-invert w-full wrap-break-word dark markdown-new-styling\">\n<p data-start=\"65\" data-end=\"385\"><a class=\"dt-pswp-item\" href=\"https:\/\/www.radiopiu.net\/wordpress\/wp-content\/uploads\/2026\/01\/33561f0d-712e-4744-95b9-a695b9d0fe62.png\" data-dt-img-description=\"\" data-large_image_width=\"1536\" data-large_image_height=\"1024\"><img loading=\"lazy\" decoding=\"async\" class=\"size-medium wp-image-493567 aligncenter\" src=\"https:\/\/www.radiopiu.net\/wordpress\/wp-content\/uploads\/2026\/01\/33561f0d-712e-4744-95b9-a695b9d0fe62-300x200.png\" alt=\"\" width=\"300\" height=\"200\" srcset=\"https:\/\/www.radiopiu.net\/wordpress\/wp-content\/uploads\/2026\/01\/33561f0d-712e-4744-95b9-a695b9d0fe62-300x200.png 300w, https:\/\/www.radiopiu.net\/wordpress\/wp-content\/uploads\/2026\/01\/33561f0d-712e-4744-95b9-a695b9d0fe62-1024x683.png 1024w, https:\/\/www.radiopiu.net\/wordpress\/wp-content\/uploads\/2026\/01\/33561f0d-712e-4744-95b9-a695b9d0fe62-768x512.png 768w, https:\/\/www.radiopiu.net\/wordpress\/wp-content\/uploads\/2026\/01\/33561f0d-712e-4744-95b9-a695b9d0fe62.png 1536w\" sizes=\"auto, (max-width: 300px) 100vw, 300px\" \/><\/a><\/p>\n<p data-start=\"65\" data-end=\"385\"><strong>PONTE NELLE ALPI<\/strong>\u00a0 Raid ladresco l\u2019altra sera tra Safforze e Ponte nelle Alpi, ma il colpo \u00e8 andato a vuoto. In un caso il malvivente si \u00e8 trovato faccia a faccia con il padrone di casa ed \u00e8 fuggito dopo una breve colluttazione, durante la quale ha estratto una pistola finta, probabilmente una scacciacani. Nessun ferito e nessun bottino. Un secondo tentativo, avvenuto poco dopo tra Nuova Erto e le zone vicine, \u00e8 fallito per cause indipendenti dalla volont\u00e0 del ladro. Entrambi gli episodi sono stati denunciati ai carabinieri di Belluno, che hanno avviato le indagini e stanno analizzando le immagini delle telecamere di videosorveglianza.Il soggetto non sembra un professionista, ma resta potenzialmente pericoloso. Le forze dell\u2019ordine invitano i cittadini a prestare attenzione, evitando di tenere in casa contanti o oggetti di valore, soprattutto nelle ore serali.<\/p>\n<\/div>\n<\/div>\n<\/div>\n<\/div>\n<\/div>\n<\/div>\n<\/article>\n<\/div>\n<\/div>\n<p>&nbsp;<\/p>\n<blockquote>\n<h2 data-start=\"0\" data-end=\"47\"><strong data-start=\"0\" data-end=\"47\">FELTRE, ALLERTA FURTI TRA MUGNAI E PEDAVENA\u00a0<\/strong><\/h2>\n<p><a class=\"dt-pswp-item\" href=\"https:\/\/www.radiopiu.net\/wordpress\/wp-content\/uploads\/2026\/01\/Screenshot-2026-01-29-052233.png\" data-dt-img-description=\"\" data-large_image_width=\"269\" data-large_image_height=\"202\"><img loading=\"lazy\" decoding=\"async\" class=\"size-full wp-image-493570 aligncenter\" src=\"https:\/\/www.radiopiu.net\/wordpress\/wp-content\/uploads\/2026\/01\/Screenshot-2026-01-29-052233.png\" alt=\"\" width=\"269\" height=\"202\" \/><\/a><\/p><\/blockquote>\n<p data-start=\"49\" data-end=\"229\">Nuova ondata di furti e tentativi di intrusione nelle abitazioni di Feltre. Negli ultimi giorni i ladri hanno preso di mira in particolare la zona compresa tra Mugnai e Pedavena. Nel tardo pomeriggio di ieri \u00e8 scattato l\u2019allarme di una casa in via Paterlacca, mentre marted\u00ec si erano registrati altri episodi in via Fosse e lungo la Culiada. Cresce l\u2019attenzione tra i residenti, invitati a segnalare movimenti sospetti e a rafforzare le misure di sicurezza.<\/p>\n<p>&nbsp;<\/p>\n<p>&nbsp;<\/p>\n<hr \/>\n<p>&nbsp;<\/p>\n<p>&nbsp;<\/p>\n<div class=\"page-title-head hgroup\">\n<h1 class=\"entry-title\">AUTO SABOTATE, PAURA E MISTERO NEL CUORE DI LIVINALLONGO<\/h1>\n<\/div>\n<div class=\"page-title-breadcrumbs\">\n<p><img loading=\"lazy\" decoding=\"async\" class=\"aligncenter\" src=\"https:\/\/www.radiopiu.net\/wordpress\/wp-content\/uploads\/2026\/01\/tagliate-gomme-2.jpg\" width=\"309\" height=\"174\" \/><\/p>\n<p data-start=\"62\" data-end=\"370\"><strong>LIVINALLONGO<\/strong> Clima di forte preoccupazione a Livinallongo, dove da settimane si susseguono episodi di vandalismo alle auto parcheggiate. Gomme squarciate e, in alcuni casi ancora pi\u00f9 gravi, ruote pericolosamente sbullonate: atti che mettono a rischio l\u2019incolumit\u00e0 delle persone e che non trovano ancora una spiegazione.<\/p>\n<p data-start=\"62\" data-end=\"370\">Tra le vittime anche le suore dell\u2019ordine \u201cI Discepoli del Vangelo\u201d, residenti da anni in paese, e la <a class=\"dt-pswp-item\" href=\"https:\/\/www.radiopiu.net\/wordpress\/wp-content\/uploads\/2023\/09\/nagler.png\" data-dt-img-description=\"\" data-large_image_width=\"455\" data-large_image_height=\"256\"><img loading=\"lazy\" decoding=\"async\" class=\"size-medium wp-image-353266 alignleft\" src=\"https:\/\/www.radiopiu.net\/wordpress\/wp-content\/uploads\/2023\/09\/nagler-300x169.png\" alt=\"\" width=\"300\" height=\"169\" srcset=\"https:\/\/www.radiopiu.net\/wordpress\/wp-content\/uploads\/2023\/09\/nagler-300x169.png 300w, https:\/\/www.radiopiu.net\/wordpress\/wp-content\/uploads\/2023\/09\/nagler.png 455w\" sizes=\"auto, (max-width: 300px) 100vw, 300px\" \/><\/a>famiglia del vicesindaco Gabriele Delmonego. I fatti si sono verificati in zone diverse, dalla canonica di San Giovanni fino alla frazione turistica di Arabba, e si sono ripetuti nel tempo, dall\u2019inizio della stagione invernale fino alla scorsa settimana. Il sindaco Oscar Nagler ha confermato la denuncia ai carabinieri contro ignoti.<\/p>\n<p data-start=\"62\" data-end=\"370\"><strong>dalla rassegna stampa, 8.10 L&#8217;intervento del sindaco, OSCAR NAGLER<\/strong><\/p>\n<audio class=\"wp-audio-shortcode\" id=\"audio-493330-7\" preload=\"none\" style=\"width: 100%;\" controls=\"controls\"><source type=\"audio\/mpeg\" src=\"https:\/\/www.radiopiu.net\/wordpress\/wp-content\/uploads\/2026\/01\/nagler.mp3?_=7\" \/><a href=\"https:\/\/www.radiopiu.net\/wordpress\/wp-content\/uploads\/2026\/01\/nagler.mp3\">https:\/\/www.radiopiu.net\/wordpress\/wp-content\/uploads\/2026\/01\/nagler.mp3<\/a><\/audio>\n<\/div>\n<p>&nbsp;<\/p>\n<hr \/>\n<p>&nbsp;<\/p>\n<blockquote>\n<h3>SCOSSA DI TERREMOTO A BORSO DEL GRAPPA<\/h3>\n<\/blockquote>\n<p><strong>REDAZIONE <\/strong>Una lieve scossa di terremoto \u00e8 stata registrata nel pomeriggio di ieri nell\u2019area di Borso del Grappa, in provincia di Treviso. Il sisma, di magnitudo 1.7, \u00e8 avvenuto alle ore 16:14 con epicentro localizzato circa 2 chilometri a nord-ovest del centro abitato. La profondit\u00e0 stimata \u00e8 di 6,3 chilometri.<\/p>\n\n\t\t\t<style type='text\/css'>\n\t\t\t\t#gallery-4 {\n\t\t\t\t\tmargin: auto;\n\t\t\t\t}\n\t\t\t\t#gallery-4 .gallery-item {\n\t\t\t\t\tfloat: left;\n\t\t\t\t\tmargin-top: 10px;\n\t\t\t\t\ttext-align: center;\n\t\t\t\t\twidth: 100%;\n\t\t\t\t}\n\t\t\t\t#gallery-4 img {\n\t\t\t\t\tborder: 2px solid #cfcfcf;\n\t\t\t\t}\n\t\t\t\t#gallery-4 .gallery-caption {\n\t\t\t\t\tmargin-left: 0;\n\t\t\t\t}\n\t\t\t\t\/* see gallery_shortcode() in wp-includes\/media.php *\/\n\t\t\t<\/style>\n\t\t<div id='gallery-4' class='dt-gallery-container gallery galleryid-493330 gallery-columns-1 gallery-size-medium'><dl class='gallery-item'>\n\t\t\t\t<dt class='gallery-icon portrait'>\n\t\t\t\t\t<a class=\"rollover rollover-zoom dt-pswp-item\" title=\"3284204b-450e-4658-9ee5-4559bd5bd8b1\" data-dt-img-description=\"\" data-large_image_width=\"1389\" data-large_image_height=\"2048\"href='https:\/\/www.radiopiu.net\/wordpress\/wp-content\/uploads\/2026\/01\/3284204b-450e-4658-9ee5-4559bd5bd8b1.jpg'><img loading=\"lazy\" decoding=\"async\" width=\"203\" height=\"300\" src=\"https:\/\/www.radiopiu.net\/wordpress\/wp-content\/uploads\/2026\/01\/3284204b-450e-4658-9ee5-4559bd5bd8b1-203x300.jpg\" class=\"attachment-medium size-medium\" alt=\"\" srcset=\"https:\/\/www.radiopiu.net\/wordpress\/wp-content\/uploads\/2026\/01\/3284204b-450e-4658-9ee5-4559bd5bd8b1-203x300.jpg 203w, https:\/\/www.radiopiu.net\/wordpress\/wp-content\/uploads\/2026\/01\/3284204b-450e-4658-9ee5-4559bd5bd8b1-695x1024.jpg 695w, https:\/\/www.radiopiu.net\/wordpress\/wp-content\/uploads\/2026\/01\/3284204b-450e-4658-9ee5-4559bd5bd8b1-768x1132.jpg 768w, https:\/\/www.radiopiu.net\/wordpress\/wp-content\/uploads\/2026\/01\/3284204b-450e-4658-9ee5-4559bd5bd8b1-1042x1536.jpg 1042w, https:\/\/www.radiopiu.net\/wordpress\/wp-content\/uploads\/2026\/01\/3284204b-450e-4658-9ee5-4559bd5bd8b1.jpg 1389w\" sizes=\"auto, (max-width: 203px) 100vw, 203px\" \/><\/a>\n\t\t\t\t<\/dt><\/dl><br style=\"clear: both\" \/>\n\t\t\t<\/div>\n\n<hr \/>\n<p>&nbsp;<\/p>\n<p><strong>OGGI LA GIUDIZIARIA<\/strong><\/p>\n<p><strong>SINTESI &#8211; CORRIERE DELLE ALPI<\/strong><\/p>\n<p><strong>GIGI SOSSO<\/strong><\/p>\n<div class=\"flex flex-col text-sm pb-25\">\n<article class=\"text-token-text-primary w-full focus:outline-none [--shadow-height:45px] has-data-writing-block:pointer-events-none has-data-writing-block:-mt-(--shadow-height) has-data-writing-block:pt-(--shadow-height) [&amp;:has([data-writing-block])&gt;*]:pointer-events-auto scroll-mt-[calc(var(--header-height)+min(200px,max(70px,20svh)))]\" dir=\"auto\" tabindex=\"-1\" data-turn-id=\"046400cd-6aad-4205-b472-b6ccf9ab94e7\" data-testid=\"conversation-turn-14\" data-scroll-anchor=\"true\" data-turn=\"assistant\">\n<div class=\"text-base my-auto mx-auto pb-10 [--thread-content-margin:--spacing(4)] @w-sm\/main:[--thread-content-margin:--spacing(6)] @w-lg\/main:[--thread-content-margin:--spacing(16)] px-(--thread-content-margin)\">\n<div class=\"[--thread-content-max-width:40rem] @w-lg\/main:[--thread-content-max-width:48rem] mx-auto max-w-(--thread-content-max-width) flex-1 group\/turn-messages focus-visible:outline-hidden relative flex w-full min-w-0 flex-col agent-turn\" tabindex=\"-1\">\n<div class=\"flex max-w-full flex-col grow\">\n<div class=\"min-h-8 text-message relative flex w-full flex-col items-end gap-2 text-start break-words whitespace-normal [.text-message+&amp;]:mt-1\" dir=\"auto\" data-message-author-role=\"assistant\" data-message-id=\"be86d6e4-0291-44fd-a9e3-09e182b3d201\" data-message-model-slug=\"gpt-5-2\">\n<div class=\"flex w-full flex-col gap-1 empty:hidden first:pt-[1px]\">\n<div class=\"markdown prose dark:prose-invert w-full wrap-break-word dark markdown-new-styling\">\n<blockquote>\n<h3 data-start=\"0\" data-end=\"79\"><strong data-start=\"0\" data-end=\"79\">CALCIATORE IN ARGENTINA, PROCESSO DA RIFARE PER VIOLENZA SESSUALE DI GRUPPO<\/strong><\/h3>\n<\/blockquote>\n<p data-start=\"81\" data-end=\"416\">Santiago Guido Visentin, ex difensore del Belluno calcio, si trova in Argentina ed \u00e8 tecnicamente latitante dopo la condanna definitiva a sei anni di reclusione per violenza sessuale di gruppo emessa dal Tribunale di Verona. La Cassazione ha rigettato il ricorso e Visentin avrebbe smesso di giocare a calcio per timore dell\u2019arresto. A Belluno, per gli stessi fatti, era stato assolto insieme a Federico De Min e Matteo Verdicchio, ma la sentenza \u00e8 stata annullata per un vizio di composizione del collegio giudicante. Il processo riparte da zero. La vicenda risale al Ferragosto 2020, durante una festa in una villa a Visome. La giovane denunciante sostiene di essere stata aggredita dai tre, che respingono ogni accusa. Un testimone oculare fornisce una versione favorevole agli imputati. La Procura chiede di modificare il capo d\u2019imputazione; resta aperta la questione se risentire la parte civile. Le prossime udienze sono fissate per il 1\u00b0 aprile, 23 aprile e 21 maggio.<\/p>\n<\/div>\n<\/div>\n<\/div>\n<\/div>\n<div class=\"z-0 flex min-h-[46px] justify-start\"><\/div>\n<\/div>\n<\/div>\n<\/article>\n<\/div>\n<h2 style=\"text-align: center;\" data-start=\"0\" data-end=\"58\"><strong data-start=\"0\" data-end=\"58\">RAPINA A UN\u2019ANZIANA, PROCESSO DA RIFARE DOPO NOVE ANNI<\/strong><\/h2>\n<p data-start=\"60\" data-end=\"300\">\u00c8 ripreso ieri, a distanza di nove anni dai fatti, il processo per la rapina in casa ai danni di un\u2019anziana a Formegan di Santa Giustina. Imputato Muse Morina, gi\u00e0 condannato in passato a cinque anni e un mese, ma ora di nuovo a giudizio. In aula la vittima, Liliana Tessaro, ha raccontato la sera del 23 gennaio 2017: tre uomini con il volto coperto la trascinarono in casa e la minacciarono con una pistola. Il bottino fu modesto: contanti, documenti, gioielli e bigiotteria. Le indagini partirono da telecamere e intercettazioni, portando a diversi arresti. Alcuni imputati hanno patteggiato o sono stati condannati, uno assolto. Un altro resta latitante.<\/p>\n<hr \/>\n<p>&nbsp;<\/p>\n<blockquote>\n<h3>FELTRE, INTERVENTI SU CHIESE E LA BASILICA-SANTUARIO: PRESENTATO IL PIANO DEI LAVORI PER QUASI DUE MILIONI DI EURO<\/h3>\n<p><strong><a class=\"dt-pswp-item\" href=\"https:\/\/www.radiopiu.net\/wordpress\/wp-content\/uploads\/2026\/01\/images-trn-1-3a40b909-c0cf-4553-a828-6a9ade764084-99-image.jpg\" data-dt-img-description=\"\" data-large_image_width=\"1772\" data-large_image_height=\"1181\"><img loading=\"lazy\" decoding=\"async\" class=\"wp-image-493533 aligncenter\" src=\"https:\/\/www.radiopiu.net\/wordpress\/wp-content\/uploads\/2026\/01\/images-trn-1-3a40b909-c0cf-4553-a828-6a9ade764084-99-image-300x200.jpg\" alt=\"\" width=\"185\" height=\"123\" srcset=\"https:\/\/www.radiopiu.net\/wordpress\/wp-content\/uploads\/2026\/01\/images-trn-1-3a40b909-c0cf-4553-a828-6a9ade764084-99-image-300x200.jpg 300w, https:\/\/www.radiopiu.net\/wordpress\/wp-content\/uploads\/2026\/01\/images-trn-1-3a40b909-c0cf-4553-a828-6a9ade764084-99-image-1024x682.jpg 1024w, https:\/\/www.radiopiu.net\/wordpress\/wp-content\/uploads\/2026\/01\/images-trn-1-3a40b909-c0cf-4553-a828-6a9ade764084-99-image-768x512.jpg 768w, https:\/\/www.radiopiu.net\/wordpress\/wp-content\/uploads\/2026\/01\/images-trn-1-3a40b909-c0cf-4553-a828-6a9ade764084-99-image-1536x1024.jpg 1536w, https:\/\/www.radiopiu.net\/wordpress\/wp-content\/uploads\/2026\/01\/images-trn-1-3a40b909-c0cf-4553-a828-6a9ade764084-99-image.jpg 1772w\" sizes=\"auto, (max-width: 185px) 100vw, 185px\" \/><\/a><\/strong><\/p><\/blockquote>\n<p><strong>DI ALESSIA DALL&#8217;O&#8217;<\/strong><\/p>\n<p><strong>FELTRE\u00a0<\/strong>Il Comune di Feltre ha presentato gli interventi previsti nei prossimi mesi sui luoghi di culto del territorio, grazie al contributo del Fondo Comuni di Confine per un totale di interventi di circa 1milione e700 mila euro. Gli interventi riguardano, tra gli altri, San Benedetto di Celarda, Sant\u2019Agata di Vellai, San Biagio a Prenna, la Santissima Trinit\u00e0 in centro storico e il Santuario dei Santi Vittore e Corona, che ha ottenuto un contributo di un milione di euro per importanti lavori di messa in sicurezza e restauro.<\/p>\n<p>&nbsp;<\/p>\n<p>&nbsp;<\/p>\n<hr \/>\n<p>&nbsp;<\/p>\n<blockquote>\n<h3>FINE DEL COMMISSARIAMENTO DI FRATELLI D\u2019ITALIA A BELLUNO<\/h3>\n<p><strong><a class=\"dt-pswp-item\" href=\"https:\/\/www.radiopiu.net\/wordpress\/wp-content\/uploads\/2026\/01\/a19a4a37-dca4-4338-ac2c-8deb07955540.jpg\" data-dt-img-description=\"\" data-large_image_width=\"1599\" data-large_image_height=\"1066\"><img loading=\"lazy\" decoding=\"async\" class=\"wp-image-493470 aligncenter\" src=\"https:\/\/www.radiopiu.net\/wordpress\/wp-content\/uploads\/2026\/01\/a19a4a37-dca4-4338-ac2c-8deb07955540-300x200.jpg\" alt=\"\" width=\"194\" height=\"129\" srcset=\"https:\/\/www.radiopiu.net\/wordpress\/wp-content\/uploads\/2026\/01\/a19a4a37-dca4-4338-ac2c-8deb07955540-300x200.jpg 300w, https:\/\/www.radiopiu.net\/wordpress\/wp-content\/uploads\/2026\/01\/a19a4a37-dca4-4338-ac2c-8deb07955540-1024x683.jpg 1024w, https:\/\/www.radiopiu.net\/wordpress\/wp-content\/uploads\/2026\/01\/a19a4a37-dca4-4338-ac2c-8deb07955540-768x512.jpg 768w, https:\/\/www.radiopiu.net\/wordpress\/wp-content\/uploads\/2026\/01\/a19a4a37-dca4-4338-ac2c-8deb07955540-1536x1024.jpg 1536w, https:\/\/www.radiopiu.net\/wordpress\/wp-content\/uploads\/2026\/01\/a19a4a37-dca4-4338-ac2c-8deb07955540.jpg 1599w\" sizes=\"auto, (max-width: 194px) 100vw, 194px\" \/><\/a><\/strong><\/p><\/blockquote>\n<p><strong>BELLUNO <\/strong>Con una comunicazione del 27 gennaio 2026, la Presidenza nazionale di Fratelli d\u2019Italia ha ufficialmente concluso il commissariamento provinciale di Belluno, restituendo il coordinamento alla Presidente eletta al congresso, Silvia Calligaro. La decisione segue la fine del periodo elettorale e l\u2019assenza di condizioni politiche che ne giustificassero la proroga. Calligaro ha ribadito l\u2019obiettivo di rafforzare un partito organizzato, radicato e attento alle priorit\u00e0 locali, valorizzando amministratori e comunit\u00e0. Il commissario uscente Alessandro Urz\u00ec ha espresso soddisfazione per i risultati ottenuti, sottolineando la crescita del partito nel Veneto e il ruolo strategico dei suoi rappresentanti. Ora il partito guarda alle prossime sfide con unit\u00e0 e visione condivisa.<\/p>\n<p>&nbsp;<\/p>\n<h2 class=\"_title post-title entry-title\">BELLUNO | FDI, CALLIGARO TORNA AL VERTICE. LUCHETTA ENTRA NEL PARTITO POPOLARE DEL NORD<\/h2>\n<p class=\"_title post-title entry-title\">\u00a0(Servizio di <a href=\"https:\/\/antennatre.medianordest.it\/redazione\/Tiziana-Bolognani\/\">Tiziana Bolognani<\/a>)<\/p>\n<p><iframe loading=\"lazy\" title=\"FDI, CALLIGARO TORNA AL VERTICE. LUCHETTA ENTRA NEL PARTITO POPOLARE DEL NORD | 28\/01\/2026\" width=\"1200\" height=\"675\" src=\"https:\/\/www.youtube.com\/embed\/nNYaczusp2A?feature=oembed\" frameborder=\"0\" allow=\"accelerometer; autoplay; clipboard-write; encrypted-media; gyroscope; picture-in-picture; web-share\" referrerpolicy=\"strict-origin-when-cross-origin\" allowfullscreen><\/iframe><\/p>\n<p>&nbsp;<\/p>\n<hr \/>\n<p>&nbsp;<\/p>\n<blockquote>\n<h3>SOSTEGNO ALLA MOBILIT\u00c0 DEI RESIDENTI DELL\u2019ALTO BELLUNESE DURANTE I GIOCHI<\/h3>\n<\/blockquote>\n<p><strong><a class=\"dt-pswp-item\" href=\"https:\/\/www.radiopiu.net\/wordpress\/wp-content\/uploads\/2020\/06\/palazzo_piloni_belluno.jpg\" data-dt-img-description=\"\" data-large_image_width=\"1000\" data-large_image_height=\"667\"><img loading=\"lazy\" decoding=\"async\" class=\"wp-image-144771 aligncenter\" src=\"https:\/\/www.radiopiu.net\/wordpress\/wp-content\/uploads\/2020\/06\/palazzo_piloni_belluno-300x200.jpg\" alt=\"\" width=\"215\" height=\"143\" srcset=\"https:\/\/www.radiopiu.net\/wordpress\/wp-content\/uploads\/2020\/06\/palazzo_piloni_belluno-300x200.jpg 300w, https:\/\/www.radiopiu.net\/wordpress\/wp-content\/uploads\/2020\/06\/palazzo_piloni_belluno-768x512.jpg 768w, https:\/\/www.radiopiu.net\/wordpress\/wp-content\/uploads\/2020\/06\/palazzo_piloni_belluno.jpg 1000w\" sizes=\"auto, (max-width: 215px) 100vw, 215px\" \/><\/a><\/strong><\/p>\n<p><strong>BELLUNO <\/strong>La Provincia di Belluno attiva un aiuto economico per tutelare il diritto alla mobilit\u00e0 dei residenti dell\u2019alto bellunese durante il potenziamento della linea 30 Calalzo\u2013Cortina, in vigore dal 23 gennaio al 17 marzo 2026. In questo periodo, con fino a quattro corse l\u2019ora, la tariffazione chilometrica \u00e8 sospesa e sostituita da un biglietto giornaliero fisso da 10 euro, che penalizza gli utenti occasionali non abbonati. Per questo \u00e8 stato istituito un fondo provinciale di 10.000 euro per rimborsare integralmente fino a cinque biglietti a persona ai residenti dei comuni interessati. Il contributo sar\u00e0 erogato fino a esaurimento risorse, in ordine cronologico di richiesta, previa conservazione dei titoli di viaggio. La misura intende sostenere chi si muove per esigenze essenziali, garantendo equit\u00e0 e attenzione al territorio durante il periodo olimpico.<\/p>\n<p><strong>PER LE TRE RADIO BARBARA PAOLAZZI<\/strong><\/p>\n<audio class=\"wp-audio-shortcode\" id=\"audio-493330-8\" preload=\"none\" style=\"width: 100%;\" controls=\"controls\"><source type=\"audio\/mpeg\" src=\"https:\/\/www.radiopiu.net\/wordpress\/wp-content\/uploads\/2026\/01\/PAOLAZZI-PROVINCIA.mp3?_=8\" \/><a href=\"https:\/\/www.radiopiu.net\/wordpress\/wp-content\/uploads\/2026\/01\/PAOLAZZI-PROVINCIA.mp3\">https:\/\/www.radiopiu.net\/wordpress\/wp-content\/uploads\/2026\/01\/PAOLAZZI-PROVINCIA.mp3<\/a><\/audio>\n<p>&nbsp;<\/p>\n<p>&nbsp;<\/p>\n<hr \/>\n<p>&nbsp;<\/p>\n<blockquote>\n<h3>MILANO CORTINA 2026, GIOCHI SOSTENIBILI E MODELLO DI RESPONSABILIT\u00c0<\/h3>\n<\/blockquote>\n<p><strong>REDAZIONE <\/strong>A pochi giorni dall\u2019apertura dei Giochi, Milano Cortina 2026 si conferma un grande evento internazionale fondato su equilibrio finanziario e visione strategica. Un\u2019analisi di S&amp;P certifica la sostenibilit\u00e0 dell\u2019impianto economico, con costi pari a circa lo 0,3% del PIL italiano 2025, inferiori a quelli di Expo 2015. La scelta del Governo, del MIT e di SIMICO di concentrare le risorse su infrastrutture strategiche ha permesso di tutelare i bilanci locali senza ricorrere a nuovo debito. Le opere realizzate restano come eredit\u00e0 per i territori, mentre turismo e servizi genereranno nuove entrate. Milano Cortina 2026 dimostra che grandi eventi possono rafforzare il Paese senza gravare sulle future generazioni.<\/p>\n<p>&nbsp;<\/p>\n<p>&nbsp;<\/p>\n<hr \/>\n<p>&nbsp;<\/p>\n<blockquote>\n<h3>PARALIMPIADI 2026 E INCLUSIONE: IL RUOLO CHIAVE DEI FISIOTERAPISTI<\/h3>\n<\/blockquote>\n<p><strong><a class=\"dt-pswp-item\" href=\"https:\/\/www.radiopiu.net\/wordpress\/wp-content\/uploads\/2026\/01\/Laura-Melotti-presidente-OFI-Veneto-Settentrionale.jpg\" data-dt-img-description=\"\" data-large_image_width=\"1527\" data-large_image_height=\"1534\"><img loading=\"lazy\" decoding=\"async\" class=\"wp-image-493472 aligncenter\" src=\"https:\/\/www.radiopiu.net\/wordpress\/wp-content\/uploads\/2026\/01\/Laura-Melotti-presidente-OFI-Veneto-Settentrionale-300x300.jpg\" alt=\"\" width=\"154\" height=\"154\" srcset=\"https:\/\/www.radiopiu.net\/wordpress\/wp-content\/uploads\/2026\/01\/Laura-Melotti-presidente-OFI-Veneto-Settentrionale-300x300.jpg 300w, https:\/\/www.radiopiu.net\/wordpress\/wp-content\/uploads\/2026\/01\/Laura-Melotti-presidente-OFI-Veneto-Settentrionale-1019x1024.jpg 1019w, https:\/\/www.radiopiu.net\/wordpress\/wp-content\/uploads\/2026\/01\/Laura-Melotti-presidente-OFI-Veneto-Settentrionale-150x150.jpg 150w, https:\/\/www.radiopiu.net\/wordpress\/wp-content\/uploads\/2026\/01\/Laura-Melotti-presidente-OFI-Veneto-Settentrionale-768x772.jpg 768w, https:\/\/www.radiopiu.net\/wordpress\/wp-content\/uploads\/2026\/01\/Laura-Melotti-presidente-OFI-Veneto-Settentrionale.jpg 1527w\" sizes=\"auto, (max-width: 154px) 100vw, 154px\" \/><\/a><\/strong><\/p>\n<p><strong>TREVISO <\/strong>L\u2019Ordine dei Fisioterapisti del Veneto Settentrionale promuove il convegno \u201cParalimpiadi 2026: il fisioterapista al fianco degli atleti\u201d, in programma a Verona il 21 febbraio, per entrare nel clima olimpico e rafforzare il dialogo sulle politiche inclusive nello sport. L\u2019incontro coinvolger\u00e0 istituzioni sanitarie, universit\u00e0, amministratori, Comitato Paralimpico, atleti e professionisti, con l\u2019obiettivo di creare reti virtuose e durature. La presidente Laura Melotti sottolinea il valore sociale di salute, sport e prevenzione, evidenziando la crescente centralit\u00e0 della professione. Tra gli ospiti, campioni olimpici e paralimpici che porteranno esperienze dirette. Il 2026 sar\u00e0 un anno chiave per consolidare una visione strategica della fisioterapia, essenziale per rispondere ai bisogni di salute di una popolazione sempre pi\u00f9 anziana.<\/p>\n<p>&nbsp;<\/p>\n<p>&nbsp;<\/p>\n<hr \/>\n<p>&nbsp;<\/p>\n<blockquote>\n<h3>POLISPORTIVO E PALASPORT DE MAS: LA STORIA DEGLI IMPIANTI SPORTIVI DI BELLUNO<\/h3>\n<\/blockquote>\n<p><strong><a class=\"dt-pswp-item\" href=\"https:\/\/www.radiopiu.net\/wordpress\/wp-content\/uploads\/2026\/01\/PALASPORT-DE-MAS.png\" data-dt-img-description=\"\" data-large_image_width=\"912\" data-large_image_height=\"486\"><img loading=\"lazy\" decoding=\"async\" class=\"wp-image-493484 aligncenter\" src=\"https:\/\/www.radiopiu.net\/wordpress\/wp-content\/uploads\/2026\/01\/PALASPORT-DE-MAS-300x160.png\" alt=\"\" width=\"219\" height=\"117\" srcset=\"https:\/\/www.radiopiu.net\/wordpress\/wp-content\/uploads\/2026\/01\/PALASPORT-DE-MAS-300x160.png 300w, https:\/\/www.radiopiu.net\/wordpress\/wp-content\/uploads\/2026\/01\/PALASPORT-DE-MAS-768x409.png 768w, https:\/\/www.radiopiu.net\/wordpress\/wp-content\/uploads\/2026\/01\/PALASPORT-DE-MAS.png 912w\" sizes=\"auto, (max-width: 219px) 100vw, 219px\" \/><\/a><\/strong><\/p>\n<p><strong>BELLUNO<\/strong> Polisportivo e Palasport De Mas: saranno questi gli impianti sportivi al centro delle conferenze promosse dal Comune di Belluno che racconteranno la nascita, la storia e l&#8217;evoluzione di queste strutture sportive del capoluogo.<\/p>\n<p><strong>DI DANIELE DALVIT<\/strong><\/p>\n<audio class=\"wp-audio-shortcode\" id=\"audio-493330-9\" preload=\"none\" style=\"width: 100%;\" controls=\"controls\"><source type=\"audio\/mpeg\" src=\"https:\/\/www.radiopiu.net\/wordpress\/wp-content\/uploads\/2026\/01\/Servizio-Incontri-storia-impianti-sportivi.mp3?_=9\" \/><a href=\"https:\/\/www.radiopiu.net\/wordpress\/wp-content\/uploads\/2026\/01\/Servizio-Incontri-storia-impianti-sportivi.mp3\">https:\/\/www.radiopiu.net\/wordpress\/wp-content\/uploads\/2026\/01\/Servizio-Incontri-storia-impianti-sportivi.mp3<\/a><\/audio>\n<p>&nbsp;<\/p>\n<hr \/>\n<p>&nbsp;<\/p>\n<blockquote>\n<h3>MARCO D\u2019AMBROS NOMINATO VICEPRESIDENTE DEL GAL ALTO BELLUNESE<\/h3>\n<\/blockquote>\n<p><strong><a class=\"dt-pswp-item\" href=\"https:\/\/www.radiopiu.net\/wordpress\/wp-content\/uploads\/2024\/12\/SCR-20241224-mnlj.png\" data-dt-img-description=\"\" data-large_image_width=\"456\" data-large_image_height=\"198\"><img loading=\"lazy\" decoding=\"async\" class=\"wp-image-426599 aligncenter\" src=\"https:\/\/www.radiopiu.net\/wordpress\/wp-content\/uploads\/2024\/12\/SCR-20241224-mnlj-300x130.png\" alt=\"\" width=\"240\" height=\"104\" srcset=\"https:\/\/www.radiopiu.net\/wordpress\/wp-content\/uploads\/2024\/12\/SCR-20241224-mnlj-300x130.png 300w, https:\/\/www.radiopiu.net\/wordpress\/wp-content\/uploads\/2024\/12\/SCR-20241224-mnlj.png 456w\" sizes=\"auto, (max-width: 240px) 100vw, 240px\" \/><\/a><\/strong><\/p>\n<p><strong>BELLUNO <\/strong>Nel corso del primo incontro dell\u2019anno dell\u2019Ufficio di Presidenza del GAL, svoltosi luned\u00ec 12 gennaio, il presidente Mauro Soppelsa ha nominato Marco D\u2019Ambros vicepresidente del Gruppo di Azione Locale Alto Bellunese. Sindaco di Lorenzago di Cadore e vicepresidente dell\u2019Unione Montana Centro Cadore, D\u2019Ambros \u00e8 entrato nell\u2019Ufficio di Presidenza a fine 2025 come rappresentante della componente pubblica del partenariato, su nomina dell\u2019Assemblea dei Soci che ha confermato Soppelsa per un secondo mandato triennale. Nel nuovo ruolo svolger\u00e0 anche funzioni vicarie, rappresentando il GAL in caso di assenza del presidente. D\u2019Ambros ha espresso gratitudine per la fiducia ricevuta, sottolineando l\u2019impegno a lavorare per il bene comune delle comunit\u00e0 montane e lo sviluppo dei territori.<\/p>\n<p>&nbsp;<\/p>\n<p>&nbsp;<\/p>\n<hr \/>\n<p>&nbsp;<\/p>\n<blockquote>\n<h3>CONFARTIGIANATO BELLUNO: ATTENZIONE A MESSAGGI FUORVIANTI SULLE STUFE A BIOMASSE<\/h3>\n<\/blockquote>\n<p><strong><a class=\"dt-pswp-item\" href=\"https:\/\/www.radiopiu.net\/wordpress\/wp-content\/uploads\/2026\/01\/BALDAN-Luca-2.jpg\" data-dt-img-description=\"\" data-large_image_width=\"1252\" data-large_image_height=\"1670\"><img loading=\"lazy\" decoding=\"async\" class=\"wp-image-493476 aligncenter\" src=\"https:\/\/www.radiopiu.net\/wordpress\/wp-content\/uploads\/2026\/01\/BALDAN-Luca-2-225x300.jpg\" alt=\"\" width=\"152\" height=\"203\" srcset=\"https:\/\/www.radiopiu.net\/wordpress\/wp-content\/uploads\/2026\/01\/BALDAN-Luca-2-225x300.jpg 225w, https:\/\/www.radiopiu.net\/wordpress\/wp-content\/uploads\/2026\/01\/BALDAN-Luca-2-768x1024.jpg 768w, https:\/\/www.radiopiu.net\/wordpress\/wp-content\/uploads\/2026\/01\/BALDAN-Luca-2-1152x1536.jpg 1152w, https:\/\/www.radiopiu.net\/wordpress\/wp-content\/uploads\/2026\/01\/BALDAN-Luca-2.jpg 1252w\" sizes=\"auto, (max-width: 152px) 100vw, 152px\" \/><\/a><\/strong><\/p>\n<p><strong>BELLUNO<\/strong> \u00c8 stato diffuso nella giornata di ieri sui canali social un video pubblicitario relativo ad un dispositivo che permetterebbe di installare delle stufe a biomasse senza lo scarico a tetto e che avrebbe l\u2019obiettivo di migliorare la prestazione ambientale dell\u2019impianto stesso. La Confartigianato di Belluno segnala che tale messaggio \u00e8 del tutto fuorviante, in quanto riguardante l\u2019aspetto della singola apparecchiatura e non, invece, la possibilit\u00e0 di installare un impianto senza canna fumaria. Il Presidente della categoria fumisti e spazzacamini Luca Baldan interviene sul tema: \u201cRaccomandiamo, come di consueto, l\u2019importanza di rivolgersi al proprio installatore di fiducia in quanto l\u2019impianto \u00e8 un sistema e non pu\u00f2 essere ridotto ad un singolo componente. Ricordo inoltre che gli installatori sono imprese con un responsabile tecnico che ha abilitazioni e certificazioni a garanzia della sicurezza e dell\u2019efficienza\u201d. Il video in questione parla di un&#8217;installazione avvenuta ad Agordo.<\/p>\n<p><strong>PER VEDERE IL VIDEO <a href=\"https:\/\/www.facebook.com\/share\/r\/1JuSZHu4wW\/?mibextid=wwXIfr\"><span style=\"color: #3366ff;\">CLICCA QUI<\/span><\/a><\/strong><\/p>\n<p>&nbsp;<\/p>\n<p>&nbsp;<\/p>\n<hr \/>\n<p>&nbsp;<\/p>\n<blockquote>\n<h3>LA OXFORD SCHOOL DOLOMITI E IL CILP ASSIEME PER LE LETTURE<\/h3>\n<\/blockquote>\n<p><strong><a class=\"dt-pswp-item\" href=\"https:\/\/www.radiopiu.net\/wordpress\/wp-content\/uploads\/2022\/01\/CLAUDIA-SOPPELSA.jpeg\" data-dt-img-description=\"\" data-large_image_width=\"1600\" data-large_image_height=\"901\"><img loading=\"lazy\" decoding=\"async\" class=\"wp-image-254995 aligncenter\" src=\"https:\/\/www.radiopiu.net\/wordpress\/wp-content\/uploads\/2022\/01\/CLAUDIA-SOPPELSA-300x169.jpeg\" alt=\"\" width=\"222\" height=\"125\" srcset=\"https:\/\/www.radiopiu.net\/wordpress\/wp-content\/uploads\/2022\/01\/CLAUDIA-SOPPELSA-300x169.jpeg 300w, https:\/\/www.radiopiu.net\/wordpress\/wp-content\/uploads\/2022\/01\/CLAUDIA-SOPPELSA-1024x577.jpeg 1024w, https:\/\/www.radiopiu.net\/wordpress\/wp-content\/uploads\/2022\/01\/CLAUDIA-SOPPELSA-768x432.jpeg 768w, https:\/\/www.radiopiu.net\/wordpress\/wp-content\/uploads\/2022\/01\/CLAUDIA-SOPPELSA-1536x865.jpeg 1536w, https:\/\/www.radiopiu.net\/wordpress\/wp-content\/uploads\/2022\/01\/CLAUDIA-SOPPELSA.jpeg 1600w\" sizes=\"auto, (max-width: 222px) 100vw, 222px\" \/><\/a>FELTRE<\/strong><\/p>\n<p>DI GIANNI SANTOMASO<\/p>\n<audio class=\"wp-audio-shortcode\" id=\"audio-493330-10\" preload=\"none\" style=\"width: 100%;\" controls=\"controls\"><source type=\"audio\/mpeg\" src=\"https:\/\/www.radiopiu.net\/wordpress\/wp-content\/uploads\/2026\/01\/GIANNI-LA-OXFORD-SCHOOL-DOLOMITI-E-IL-CILP-ASSIEME-PER-LE-LETTURE.mp3?_=10\" \/><a href=\"https:\/\/www.radiopiu.net\/wordpress\/wp-content\/uploads\/2026\/01\/GIANNI-LA-OXFORD-SCHOOL-DOLOMITI-E-IL-CILP-ASSIEME-PER-LE-LETTURE.mp3\">https:\/\/www.radiopiu.net\/wordpress\/wp-content\/uploads\/2026\/01\/GIANNI-LA-OXFORD-SCHOOL-DOLOMITI-E-IL-CILP-ASSIEME-PER-LE-LETTURE.mp3<\/a><\/audio>\n<p>&nbsp;<\/p>\n<h2><span style=\"color: #ff99cc;\">L&#8217;INTERVISTA: CLAUDIA &#8220;MAGIC TEACHER&#8221; SOPPELSA<\/span><\/h2>\n<p><strong><a class=\"dt-pswp-item\" href=\"https:\/\/www.radiopiu.net\/wordpress\/wp-content\/uploads\/2026\/01\/CLAUDIA-MAGIC-SOPPELSA.jpeg\" data-dt-img-description=\"\" data-large_image_width=\"1684\" data-large_image_height=\"1030\"><img loading=\"lazy\" decoding=\"async\" class=\" wp-image-493505 alignleft\" src=\"https:\/\/www.radiopiu.net\/wordpress\/wp-content\/uploads\/2026\/01\/CLAUDIA-MAGIC-SOPPELSA-300x183.jpeg\" alt=\"\" width=\"182\" height=\"111\" srcset=\"https:\/\/www.radiopiu.net\/wordpress\/wp-content\/uploads\/2026\/01\/CLAUDIA-MAGIC-SOPPELSA-300x183.jpeg 300w, https:\/\/www.radiopiu.net\/wordpress\/wp-content\/uploads\/2026\/01\/CLAUDIA-MAGIC-SOPPELSA-1024x626.jpeg 1024w, https:\/\/www.radiopiu.net\/wordpress\/wp-content\/uploads\/2026\/01\/CLAUDIA-MAGIC-SOPPELSA-768x470.jpeg 768w, https:\/\/www.radiopiu.net\/wordpress\/wp-content\/uploads\/2026\/01\/CLAUDIA-MAGIC-SOPPELSA-1536x939.jpeg 1536w, https:\/\/www.radiopiu.net\/wordpress\/wp-content\/uploads\/2026\/01\/CLAUDIA-MAGIC-SOPPELSA.jpeg 1684w\" sizes=\"auto, (max-width: 182px) 100vw, 182px\" \/><\/a>DI LUISA ALCHINI<\/strong><\/p>\n<p>OSPITE: Claudia Soppelsa<\/p>\n<audio class=\"wp-audio-shortcode\" id=\"audio-493330-11\" preload=\"none\" style=\"width: 100%;\" controls=\"controls\"><source type=\"audio\/mpeg\" src=\"https:\/\/www.radiopiu.net\/wordpress\/wp-content\/uploads\/2026\/01\/Claudia-Soppelsa-magic-techer.mp3?_=11\" \/><a href=\"https:\/\/www.radiopiu.net\/wordpress\/wp-content\/uploads\/2026\/01\/Claudia-Soppelsa-magic-techer.mp3\">https:\/\/www.radiopiu.net\/wordpress\/wp-content\/uploads\/2026\/01\/Claudia-Soppelsa-magic-techer.mp3<\/a><\/audio>\n<p>&nbsp;<\/p>\n<hr \/>\n<p>&nbsp;<\/p>\n<blockquote>\n<h3>\u201cMUR \u00c0 SEC\u201d: A IGNE UN LABORATORIO PER SALVARE I MURI A SECCO E LA MEMORIA DEL TERRITORIO<\/h3>\n<\/blockquote>\n<p><strong><a class=\"dt-pswp-item\" href=\"https:\/\/www.radiopiu.net\/wordpress\/wp-content\/uploads\/2026\/01\/65c4b7bd-1e28-4933-9cb4-e158b4cff5aa.jpg\" data-dt-img-description=\"\" data-large_image_width=\"1600\" data-large_image_height=\"1048\"><img loading=\"lazy\" decoding=\"async\" class=\"wp-image-493519 aligncenter\" src=\"https:\/\/www.radiopiu.net\/wordpress\/wp-content\/uploads\/2026\/01\/65c4b7bd-1e28-4933-9cb4-e158b4cff5aa-300x197.jpg\" alt=\"\" width=\"218\" height=\"143\" srcset=\"https:\/\/www.radiopiu.net\/wordpress\/wp-content\/uploads\/2026\/01\/65c4b7bd-1e28-4933-9cb4-e158b4cff5aa-300x197.jpg 300w, https:\/\/www.radiopiu.net\/wordpress\/wp-content\/uploads\/2026\/01\/65c4b7bd-1e28-4933-9cb4-e158b4cff5aa-1024x671.jpg 1024w, https:\/\/www.radiopiu.net\/wordpress\/wp-content\/uploads\/2026\/01\/65c4b7bd-1e28-4933-9cb4-e158b4cff5aa-768x503.jpg 768w, https:\/\/www.radiopiu.net\/wordpress\/wp-content\/uploads\/2026\/01\/65c4b7bd-1e28-4933-9cb4-e158b4cff5aa-1536x1006.jpg 1536w, https:\/\/www.radiopiu.net\/wordpress\/wp-content\/uploads\/2026\/01\/65c4b7bd-1e28-4933-9cb4-e158b4cff5aa.jpg 1600w\" sizes=\"auto, (max-width: 218px) 100vw, 218px\" \/><\/a><\/strong><\/p>\n<p><strong>LONGARONE <\/strong>A Igne, in localit\u00e0 Villa (sui Coi), si \u00e8 concluso un laboratorio dedicato alla manutenzione e ricostruzione dei muri a secco, elemento identitario del paesaggio delle Dolomiti bellunesi, riconosciuto dall\u2019UNESCO come patrimonio culturale immateriale. L\u2019iniziativa, ideata dalla consigliera comunale Liliana De Bona e patrocinata dal Comune di Longarone, ha coinvolto la Scuola CFS di Sedico, architetti, studiosi del territorio e maestri scalpellini. Il corso ha riscosso grande interesse, attirando partecipanti locali e provenienti da altre zone, e ha favorito un\u2019esperienza intergenerazionale basata sulla condivisione e sulla cura collettiva del paesaggio. Oltre alla trasmissione di antiche tecniche costruttive, l\u2019attivit\u00e0 ha permesso il ripristino di un sentiero di uso civico, rafforzando il legame tra comunit\u00e0, storia e territorio. Visto il successo, il laboratorio sar\u00e0 riproposto in primavera in altre frazioni del Comune.<\/p>\n<p>&nbsp;<\/p>\n<p>&nbsp;<\/p>\n<hr \/>\n<p>&nbsp;<\/p>\n<blockquote>\n<h3>MESSE DI SAN BIAGIO IN ULSS DOLOMITI<\/h3>\n<\/blockquote>\n<p><strong><a class=\"dt-pswp-item\" href=\"https:\/\/www.radiopiu.net\/wordpress\/wp-content\/uploads\/2026\/01\/SCR-20260128-nkvu.jpeg\" data-dt-img-description=\"\" data-large_image_width=\"1460\" data-large_image_height=\"990\"><img loading=\"lazy\" decoding=\"async\" class=\"wp-image-493468 aligncenter\" src=\"https:\/\/www.radiopiu.net\/wordpress\/wp-content\/uploads\/2026\/01\/SCR-20260128-nkvu-300x203.jpeg\" alt=\"\" width=\"179\" height=\"121\" srcset=\"https:\/\/www.radiopiu.net\/wordpress\/wp-content\/uploads\/2026\/01\/SCR-20260128-nkvu-300x203.jpeg 300w, https:\/\/www.radiopiu.net\/wordpress\/wp-content\/uploads\/2026\/01\/SCR-20260128-nkvu-1024x694.jpeg 1024w, https:\/\/www.radiopiu.net\/wordpress\/wp-content\/uploads\/2026\/01\/SCR-20260128-nkvu-768x521.jpeg 768w, https:\/\/www.radiopiu.net\/wordpress\/wp-content\/uploads\/2026\/01\/SCR-20260128-nkvu.jpeg 1460w\" sizes=\"auto, (max-width: 179px) 100vw, 179px\" \/><\/a><\/strong><\/p>\n<p><strong>BELLUNO <\/strong>Come ogni anno, in occasione della festa di San Biagio, patrono degli otorinolaringoiatri e protettore della gola, le Unit\u00e0 Operative di Otorinolaringoiatria dell\u2019Ulss Dolomiti promuovono due momenti di preghiera dedicati a pazienti e operatori sanitari. Le celebrazioni si svolgeranno il 30 gennaio alle ore 17.00 presso il reparto di Otorinolaringoiatria dell\u2019Ospedale di Feltre, al secondo piano del Padiglione Dalla Palma, e il 3 febbraio alle ore 18.30 presso il reparto di Otorinolaringoiatria dell\u2019Ospedale di Belluno, al quarto piano del blocco A. Le messe sono organizzate rispettivamente dalle ORL di Feltre e Belluno. L\u2019iniziativa rafforza vicinanza comunitaria del servizio sanitario locale.<\/p>\n<p>&nbsp;<\/p>\n<p>&nbsp;<\/p>\n<hr \/>\n<p>&nbsp;<\/p>\n<blockquote>\n<h3>TRUFFE \u201cMORDI E FUGGI\u201d: SERATA INFORMATIVA<\/h3>\n<\/blockquote>\n<p><strong><a class=\"dt-pswp-item\" href=\"https:\/\/www.radiopiu.net\/wordpress\/wp-content\/uploads\/2026\/01\/SCR-20260128-onvb.png\" data-dt-img-description=\"\" data-large_image_width=\"1500\" data-large_image_height=\"1176\"><img loading=\"lazy\" decoding=\"async\" class=\"wp-image-493487 aligncenter\" src=\"https:\/\/www.radiopiu.net\/wordpress\/wp-content\/uploads\/2026\/01\/SCR-20260128-onvb-300x235.png\" alt=\"\" width=\"149\" height=\"116\" srcset=\"https:\/\/www.radiopiu.net\/wordpress\/wp-content\/uploads\/2026\/01\/SCR-20260128-onvb-300x235.png 300w, https:\/\/www.radiopiu.net\/wordpress\/wp-content\/uploads\/2026\/01\/SCR-20260128-onvb-1024x803.png 1024w, https:\/\/www.radiopiu.net\/wordpress\/wp-content\/uploads\/2026\/01\/SCR-20260128-onvb-768x602.png 768w, https:\/\/www.radiopiu.net\/wordpress\/wp-content\/uploads\/2026\/01\/SCR-20260128-onvb.png 1500w\" sizes=\"auto, (max-width: 149px) 100vw, 149px\" \/><\/a><\/strong><\/p>\n<p><strong>BELLUNO <\/strong>Il Rotary Club Belluno, in collaborazione con l\u2019Ordine degli Avvocati e con il patrocinio del Comune di Belluno, organizza l\u2019incontro \u201cI soliti ignoti. Le nuove frontiere delle truffe mordi e fuggi\u201d. La serata, guidata dalla Pubblico Ministero Roberta Gallego, si terr\u00e0 luned\u00ec 2 febbraio alle ore 18.00 nella Sala Bianchi di Belluno. L\u2019accesso \u00e8 libero e gratuito, senza prenotazione, fino a esaurimento posti. L\u2019iniziativa mira a fornire strumenti concreti di prevenzione e sensibilizzare la comunit\u00e0 sui nuovi raggiri. Per gli avvocati \u00e8 previsto il riconoscimento di due crediti formativi. Secondo il presidente Luca Luchetta, l\u2019evento rappresenta un\u2019importante occasione di aggiornamento pratico e informativo per cittadini e professionisti.<\/p>\n<p>&nbsp;<\/p>\n<p>&nbsp;<\/p>\n<hr \/>\n<p>&nbsp;<\/p>\n<blockquote>\n<h3 class=\"photoswipe-wrapper\"><a class=\"dt-pswp-item pspw-wrap-ready\" href=\"https:\/\/www.radiopiu.net\/wordpress\/wp-content\/uploads\/2026\/01\/Screenshot-2026-01-27-145743.png\" data-dt-img-description=\"\" data-large_image_width=\"1427\" data-large_image_height=\"760\"><img loading=\"lazy\" decoding=\"async\" class=\"size-medium wp-image-493264 aligncenter\" src=\"https:\/\/www.radiopiu.net\/wordpress\/wp-content\/uploads\/2026\/01\/Screenshot-2026-01-27-145743-300x160.png\" sizes=\"auto, (max-width: 300px) 100vw, 300px\" srcset=\"https:\/\/www.radiopiu.net\/wordpress\/wp-content\/uploads\/2026\/01\/Screenshot-2026-01-27-145743-300x160.png 300w, https:\/\/www.radiopiu.net\/wordpress\/wp-content\/uploads\/2026\/01\/Screenshot-2026-01-27-145743-1024x545.png 1024w, https:\/\/www.radiopiu.net\/wordpress\/wp-content\/uploads\/2026\/01\/Screenshot-2026-01-27-145743-768x409.png 768w, https:\/\/www.radiopiu.net\/wordpress\/wp-content\/uploads\/2026\/01\/Screenshot-2026-01-27-145743.png 1427w\" alt=\"\" width=\"300\" height=\"160\" \/><\/a><\/h3>\n<h3 class=\"photoswipe-wrapper\">VALPE AMBIENTE CERCA ADDETTI AL SERVIZIO CLIENTI: APERTE LE CANDIDATURE<\/h3>\n<\/blockquote>\n<p><strong>BELLUNO<\/strong>\u00a0Valpe Ambiente S.r.l. ha pubblicato un avviso di selezione per la formazione di una graduatoria finalizzata all\u2019eventuale assunzione di Addetti al Servizio Clienti, destinati alla gestione degli sportelli pubblici legati ai servizi di raccolta rifiuti sul territorio. La figura ricercata svolger\u00e0 un ruolo dinamico e articolato, tra attivit\u00e0 di front office a contatto con l\u2019utenza e back office amministrativo, con gestione dati, aggiornamento database, reportistica e monitoraggio della qualit\u00e0 del servizio. \u00c8 previsto un costante confronto con uffici aziendali ed enti comunali. Tra i requisiti indispensabili figurano una laurea triennale o magistrale, esperienza nella gestione clienti, buona conoscenza di Excel, disponibilit\u00e0 agli spostamenti e spiccate capacit\u00e0 relazionali e organizzative. Costituiscono titoli preferenziali competenze in ambito ambientale, conoscenza del sistema di raccolta porta a porta e domicilio nel territorio servito. Il contratto prevede orario full time (38 ore settimanali), CCNL Servizi Ambientali, 14\u00aa mensilit\u00e0, buoni pasto, welfare aziendale e premio di risultato. Le candidature devono essere presentate esclusivamente online entro le ore 12.00 del 12 febbraio 2026, complete di curriculum, documenti richiesti e autocertificazioni. Al termine della selezione sar\u00e0 pubblicata una graduatoria valida per 12 mesi sul sito aziendale. Tutte le informazioni e i dettagli sono disponibili sul sito www.valpeambiente.it, sezione Lavora con noi.<\/p>\n<p>&nbsp;<\/p>\n<p>&nbsp;<\/p>\n<hr \/>\n<p>&nbsp;<\/p>\n<div class=\"[--thread-content-max-width:40rem] @w-lg\/main:[--thread-content-max-width:48rem] mx-auto max-w-(--thread-content-max-width) flex-1 group\/turn-messages focus-visible:outline-hidden relative flex w-full min-w-0 flex-col agent-turn\" tabindex=\"-1\">\n<div>\n<p class=\"photoswipe-wrapper\"><a class=\"dt-pswp-item pspw-wrap-ready\" href=\"https:\/\/www.radiopiu.net\/wordpress\/wp-content\/uploads\/2026\/01\/1000265509.jpg\" data-dt-img-description=\"\" data-large_image_width=\"1414\" data-large_image_height=\"1621\"><img loading=\"lazy\" decoding=\"async\" class=\"wp-image-493203 aligncenter\" src=\"https:\/\/www.radiopiu.net\/wordpress\/wp-content\/uploads\/2026\/01\/1000265509-262x300.jpg\" sizes=\"auto, (max-width: 262px) 100vw, 262px\" srcset=\"https:\/\/www.radiopiu.net\/wordpress\/wp-content\/uploads\/2026\/01\/1000265509-262x300.jpg 262w, https:\/\/www.radiopiu.net\/wordpress\/wp-content\/uploads\/2026\/01\/1000265509-893x1024.jpg 893w, https:\/\/www.radiopiu.net\/wordpress\/wp-content\/uploads\/2026\/01\/1000265509-768x880.jpg 768w, https:\/\/www.radiopiu.net\/wordpress\/wp-content\/uploads\/2026\/01\/1000265509-1340x1536.jpg 1340w, https:\/\/www.radiopiu.net\/wordpress\/wp-content\/uploads\/2026\/01\/1000265509.jpg 1414w\" alt=\"\" width=\"157\" height=\"180\" \/><\/a><\/p>\n<h2 data-start=\"0\" data-end=\"62\"><strong data-start=\"0\" data-end=\"62\">BALDENICH, AL VIA GLI INCONTRI SULLA PARTECIPAZIONE CIVICA<\/strong><\/h2>\n<p data-start=\"64\" data-end=\"883\" data-is-last-node=\"\" data-is-only-node=\"\">Prende il via domani alle 18.30, all\u2019Hotel Europa di Belluno, il ciclo di incontri partecipativi promosso dal Comitato di Quartiere Baldenich24, intitolato \u201cSpazi di incontro, spazi di dialogo, luoghi di partecipazione\u201d. Un appuntamento al mese, da gennaio all\u2019autunno, aperto a tutta la cittadinanza, per rafforzare il dialogo tra cittadini e istituzioni sui temi della vita locale.<\/p>\n<\/div>\n<\/div>\n<div>Il primo incontro \u00e8 dedicato al bilancio comunale e al bilancio partecipativo, con ospite la consigliera comunale Lucia Olivotto, gi\u00e0 assessore al Bilancio, che spiegher\u00e0 come vengono utilizzate le risorse pubbliche e come i cittadini possono incidere sulle scelte dell\u2019amministrazione. L\u2019iniziativa punta a rendere il quartiere un vero laboratorio di democrazia attiva e partecipazione consapevole.<\/div>\n<p>&nbsp;<\/p>\n<p>&nbsp;<\/p>\n<hr \/>\n<p>&nbsp;<\/p>\n<blockquote>\n<h3>AREE INTERNE, NON PERIFERIE: IL SAGGIO DI ANDREA FERRAZZI<\/h3>\n<\/blockquote>\n<p><strong><a class=\"dt-pswp-item\" href=\"https:\/\/www.radiopiu.net\/wordpress\/wp-content\/uploads\/2026\/01\/Screenshot-2026-01-28-085722.png\" data-dt-img-description=\"\" data-large_image_width=\"561\" data-large_image_height=\"344\"><img loading=\"lazy\" decoding=\"async\" class=\"wp-image-493406 aligncenter\" src=\"https:\/\/www.radiopiu.net\/wordpress\/wp-content\/uploads\/2026\/01\/Screenshot-2026-01-28-085722-300x184.png\" alt=\"\" width=\"204\" height=\"125\" srcset=\"https:\/\/www.radiopiu.net\/wordpress\/wp-content\/uploads\/2026\/01\/Screenshot-2026-01-28-085722-300x184.png 300w, https:\/\/www.radiopiu.net\/wordpress\/wp-content\/uploads\/2026\/01\/Screenshot-2026-01-28-085722.png 561w\" sizes=\"auto, (max-width: 204px) 100vw, 204px\" \/><\/a><\/strong><\/p>\n<p><strong>BORGO VALBELLUNA <\/strong>Marted\u00ec 3 febbraio 2026 alle 20.30, la Sala degli Affreschi del Municipio di Mel, a Borgo Valbelluna, ospiter\u00e0 la prima presentazione pubblica del libro <em>Il futuro ad alta quota. Montagne, aree interne, periferie<\/em> di Andrea Ferrazzi, edito da Rubbettino. L\u2019incontro, promosso da ArtDolomites APS con il patrocinio del Comune, propone una riflessione sul divario tra centri decisionali e territori marginali. Nel saggio, montagne e aree interne vengono rilette come luoghi di opportunit\u00e0, capaci di tornare centrali grazie a scelte coraggiose e a una rinnovata fiducia collettiva. Dopo i saluti istituzionali, il dialogo con l\u2019autore coinvolger\u00e0 esponenti del mondo accademico e imprenditoriale, concludendosi con l\u2019intervento dell\u2019assessore regionale Dario Bond. L\u2019evento invita a considerare le terre alte non come periferie, ma come protagoniste del futuro.<\/p>\n<p>&nbsp;<\/p>\n<p>&nbsp;<\/p>\n<hr \/>\n<p>&nbsp;<\/p>\n<blockquote>\n<h3><a class=\"dt-pswp-item\" href=\"https:\/\/www.radiopiu.net\/wordpress\/wp-content\/uploads\/2026\/01\/Screenshot-2026-01-27-144628.png\" data-dt-img-description=\"\" data-large_image_width=\"309\" data-large_image_height=\"224\"><img loading=\"lazy\" decoding=\"async\" class=\"wp-image-493251 aligncenter\" src=\"https:\/\/www.radiopiu.net\/wordpress\/wp-content\/uploads\/2026\/01\/Screenshot-2026-01-27-144628-300x217.png\" alt=\"\" width=\"214\" height=\"155\" srcset=\"https:\/\/www.radiopiu.net\/wordpress\/wp-content\/uploads\/2026\/01\/Screenshot-2026-01-27-144628-300x217.png 300w, https:\/\/www.radiopiu.net\/wordpress\/wp-content\/uploads\/2026\/01\/Screenshot-2026-01-27-144628.png 309w\" sizes=\"auto, (max-width: 214px) 100vw, 214px\" \/><\/a><\/h3>\n<h3>LIMANA, ASPETTANDO LE OLIMPIADI TRA MEMORIA E FUTURO<\/h3>\n<\/blockquote>\n<p><strong>LIMANA<\/strong> Domani alle 18.30, nella Sala De Fanti del Municipio, l\u2019incontro pubblico \u201cAspettando le Olimpiadi. Tra passato, presente e futuro\u201d, dedicato ai valori dello sport e allo spirito olimpico. L\u2019iniziativa, promossa dal Comune con Biblioteca comunale, Fondazione Cortina, CONI e Comitato Italiano Paralimpico, proporr\u00e0 testimonianze, racconti e aneddoti del mondo olimpico e paralimpico. Interverranno atleti e tecnici che hanno fatto la storia dello sport italiano, dal bob allo sci di fondo, fino al wheelchair curling. Un\u2019occasione aperta a tutta la cittadinanza per riflettere sull\u2019eredit\u00e0 dei Giochi e sullo sport come strumento di inclusione e crescita.<\/p>\n<p>&nbsp;<\/p>\n<p>&nbsp;<\/p>\n<hr \/>\n<p>&nbsp;<\/p>\n<blockquote>\n<h3>BELLUNO, IL TEATRO PARLA AI PI\u00d9 PICCOLI: DOMENICA 1 FEBBRAIO \u201cL\u2019ORSETTO GIOELE\u201d AL BUZZATI<\/h3>\n<h3><a class=\"dt-pswp-item\" href=\"https:\/\/www.radiopiu.net\/wordpress\/wp-content\/uploads\/2026\/01\/f4_ORSETTO-GIOELE-1.jpg\" data-dt-img-description=\"\" data-large_image_width=\"1536\" data-large_image_height=\"2048\"><img loading=\"lazy\" decoding=\"async\" class=\"wp-image-493538 aligncenter\" src=\"https:\/\/www.radiopiu.net\/wordpress\/wp-content\/uploads\/2026\/01\/f4_ORSETTO-GIOELE-1-225x300.jpg\" alt=\"\" width=\"121\" height=\"161\" srcset=\"https:\/\/www.radiopiu.net\/wordpress\/wp-content\/uploads\/2026\/01\/f4_ORSETTO-GIOELE-1-225x300.jpg 225w, https:\/\/www.radiopiu.net\/wordpress\/wp-content\/uploads\/2026\/01\/f4_ORSETTO-GIOELE-1-768x1024.jpg 768w, https:\/\/www.radiopiu.net\/wordpress\/wp-content\/uploads\/2026\/01\/f4_ORSETTO-GIOELE-1-1152x1536.jpg 1152w, https:\/\/www.radiopiu.net\/wordpress\/wp-content\/uploads\/2026\/01\/f4_ORSETTO-GIOELE-1.jpg 1536w\" sizes=\"auto, (max-width: 121px) 100vw, 121px\" \/><\/a><\/h3>\n<\/blockquote>\n<p><strong>DI ALESSIA DALL&#8217;O&#8217;<\/strong><\/p>\n<p><strong>BELLUNO\u00a0 <\/strong>Prosegue la stagione teatrale \u201cComincio dai tre \u2013 Famiglie a teatro\u201d al Buzzati di Belluno. Il prossimo appuntamento \u00e8 per domenica 1 febbraio alle 17 con \u201cL\u2019Orsetto Gioele\u201d, spettacolo della compagnia Fratelli di Taglia, ideale per bambini dai tre anni in su. Una storia tra fantasia e gioco che parla di ambiente e futuro, pensata per un pomeriggio di teatro da vivere in famiglia.<\/p>\n<p>&nbsp;<\/p>\n<p>&nbsp;<\/p>\n<hr \/>\n<p>&nbsp;<\/p>\n<blockquote>\n<h3>PUB COLDAI: INVERNO A TUTTO DIVERTIMENTO TRA KARAOKE E DJ SET<\/h3>\n<\/blockquote>\n<p><strong><a class=\"dt-pswp-item\" href=\"https:\/\/www.radiopiu.net\/wordpress\/wp-content\/uploads\/2026\/01\/PUB-COLDAI.jpg\" data-dt-img-description=\"\" data-large_image_width=\"1198\" data-large_image_height=\"801\"><img loading=\"lazy\" decoding=\"async\" class=\"wp-image-493279 aligncenter\" src=\"https:\/\/www.radiopiu.net\/wordpress\/wp-content\/uploads\/2026\/01\/PUB-COLDAI-300x201.jpg\" alt=\"\" width=\"225\" height=\"151\" srcset=\"https:\/\/www.radiopiu.net\/wordpress\/wp-content\/uploads\/2026\/01\/PUB-COLDAI-300x201.jpg 300w, https:\/\/www.radiopiu.net\/wordpress\/wp-content\/uploads\/2026\/01\/PUB-COLDAI-1024x685.jpg 1024w, https:\/\/www.radiopiu.net\/wordpress\/wp-content\/uploads\/2026\/01\/PUB-COLDAI-768x513.jpg 768w, https:\/\/www.radiopiu.net\/wordpress\/wp-content\/uploads\/2026\/01\/PUB-COLDAI.jpg 1198w\" sizes=\"auto, (max-width: 225px) 100vw, 225px\" \/><\/a><\/strong><\/p>\n<p><strong>ALLEGHE <\/strong>Il Pub Coldai continua a essere uno dei punti di riferimento della stagione invernale, confermandosi luogo ideale per chi cerca buona musica, convivialit\u00e0 e sapori autentici. Il prossimo fine settimana si preannuncia imperdibile grazie a un doppio appuntamento pensato per far divertire pubblico di tutte le et\u00e0. Venerd\u00ec sera spazio al karaoke, un\u2019occasione perfetta per mettersi alla prova al microfono, cantare i propri brani preferiti e condividere momenti di allegria in compagnia. Sabato il divertimento raddoppia: si parte ancora con il karaoke e si prosegue con un coinvolgente DJ set che animer\u00e0 la serata fino a tarda notte, trasformando il pub in una vera e propria pista da ballo. Come sempre, la cucina del Pub Coldai rester\u00e0 aperta per tutta la serata, pronta a deliziare gli ospiti con le specialit\u00e0 tipiche della zona e le immancabili pizze in pala appena sfornate. Un weekend da vivere, tra musica, gusto e tanta voglia di stare insieme.<\/p>\n<p>&nbsp;<\/p>\n<p>&nbsp;<\/p>\n<hr \/>\n<p>&nbsp;<\/p>\n<blockquote>\n<h3>RIPARTONO A FONZASO I \u201cVENERD\u00cc DELLA CULTURA\u201d: LIBRI, MEMORIA E PARTECIPAZIONE<\/h3>\n<\/blockquote>\n<p><strong><a class=\"dt-pswp-item\" href=\"https:\/\/www.radiopiu.net\/wordpress\/wp-content\/uploads\/2026\/01\/Bibliotecario-per-un-giorno-1024x683-1.jpg\" data-dt-img-description=\"\" data-large_image_width=\"1024\" data-large_image_height=\"683\"><img loading=\"lazy\" decoding=\"async\" class=\"wp-image-493135 aligncenter\" src=\"https:\/\/www.radiopiu.net\/wordpress\/wp-content\/uploads\/2026\/01\/Bibliotecario-per-un-giorno-1024x683-1-300x200.jpg\" alt=\"\" width=\"239\" height=\"159\" srcset=\"https:\/\/www.radiopiu.net\/wordpress\/wp-content\/uploads\/2026\/01\/Bibliotecario-per-un-giorno-1024x683-1-300x200.jpg 300w, https:\/\/www.radiopiu.net\/wordpress\/wp-content\/uploads\/2026\/01\/Bibliotecario-per-un-giorno-1024x683-1-768x512.jpg 768w, https:\/\/www.radiopiu.net\/wordpress\/wp-content\/uploads\/2026\/01\/Bibliotecario-per-un-giorno-1024x683-1.jpg 1024w\" sizes=\"auto, (max-width: 239px) 100vw, 239px\" \/><\/a>DI ALESSIA DALL&#8217;O&#8217;<\/strong><\/p>\n<p><strong>FONZASO\u00a0<\/strong>Ripartono <em>I Venerd\u00ec della Cultura<\/em> presso la Biblioteca Civica, che in comunione con il Comune di Fonzaso, rilanciano la rassegna dedicata alla promozione culturale e alla partecipazione di comunit\u00e0.<br \/>\nUna proposta culturale, intesa come bene comune e spazio di confronto aperto, allineato ai temi dell\u2019Agenda ONU 2030, che vede il primo appuntamento in programma venerd\u00ec 6 febbraio alle 20.30 in Sala Municipale con la presentazione del libro <em>L\u2019autista del dottor Lauer<\/em> di Rita Da Pont, ambientato nella Belluno dell\u2019occupazione nazista. Il secondo incontro si terr\u00e0 venerd\u00ec 20 febbraio con lo scrittore Carlo Morriello, che presenter\u00e0 il romanzo <em>Oltre l\u2019ombra dei colori<\/em>, un viaggio tra arte, storia e introspezione nella Napoli di fine Ottocento.<\/p>\n<p>&nbsp;<\/p>\n<p>&nbsp;<\/p>\n<hr \/>\n<p>&nbsp;<\/p>\n<blockquote>\n<h3>SEDICO SI ACCENDE DI COLORI E MUSICA: IL CARNEVALE 2026 PROMETTE SPETTACOLO E DIVERTIMENTO PER TUTTI<\/h3>\n<\/blockquote>\n<p><strong><a class=\"dt-pswp-item\" href=\"https:\/\/www.radiopiu.net\/wordpress\/wp-content\/uploads\/2026\/01\/carn-sedico-2026-copertina.jpg\" data-dt-img-description=\"\" data-large_image_width=\"955\" data-large_image_height=\"723\"><img loading=\"lazy\" decoding=\"async\" class=\"wp-image-491807 aligncenter\" src=\"https:\/\/www.radiopiu.net\/wordpress\/wp-content\/uploads\/2026\/01\/carn-sedico-2026-copertina-300x227.jpg\" alt=\"\" width=\"205\" height=\"155\" srcset=\"https:\/\/www.radiopiu.net\/wordpress\/wp-content\/uploads\/2026\/01\/carn-sedico-2026-copertina-300x227.jpg 300w, https:\/\/www.radiopiu.net\/wordpress\/wp-content\/uploads\/2026\/01\/carn-sedico-2026-copertina-768x581.jpg 768w, https:\/\/www.radiopiu.net\/wordpress\/wp-content\/uploads\/2026\/01\/carn-sedico-2026-copertina.jpg 955w\" sizes=\"auto, (max-width: 205px) 100vw, 205px\" \/><\/a><\/strong><\/p>\n<p><strong>SEDICO<\/strong> Sedico si prepara a vivere un Carnevale 2026 ricco di eventi per grandi e piccini. Si parte sabato 31 gennaio al Palaskating con il <em data-start=\"213\" data-end=\"229\">Carnival Party<\/em> anni \u201980 e \u201990, animazione, premi per le maschere pi\u00f9 originali e chiosco con panini e cocktail, tutto trasmesso in diretta da Radio Pi\u00f9. Sabato 7 febbraio apre la mostra <em data-start=\"409\" data-end=\"423\">Carnevalarte<\/em> con elaborati delle scuole sul tema \u201cUn Carnevale\u2026 Olimpico\u201d. Domenica 8 febbraio il tradizionale corso mascherato dei carri allegorici sedicensi vedr\u00e0 la partecipazione del Corpo Musicale Comunale e animazione per bambini, sempre in diretta radiofonica. Sabato 14 e domenica 15 febbraio il Carnevale dei Bambini e il secondo corso mascherato proporranno sfilate, Heroebus a tema Avengers, animazione, diretta di Radio Pi\u00f9 e spettacolo pirotecnico. Marted\u00ec 17 febbraio laboratori creativi per bambini. Sempre attivi chioschi, mini luna park, truccabimbi e lotteria con primo premio un buono viaggio da 1.000 euro.<\/p>\n<p><strong>IL PROGRAMMA (2 PAGINE)<\/strong><\/p>\n<a href=\"https:\/\/www.radiopiu.net\/wordpress\/wp-content\/uploads\/2026\/01\/CARNEVALE-FLYER-2026.pdf\" class=\"pdfemb-viewer\" style=\"\" data-width=\"max\" data-height=\"max\" data-toolbar=\"top\" data-toolbar-fixed=\"on\">CARNEVALE FLYER 2026<\/a>\n<p>&nbsp;<\/p>\n<hr \/>\n<p>&nbsp;<\/p>\n<blockquote>\n<h3>CARNEVAI DE LE VAI: LE DOLOMITI AGORDINE IN FESTA TRA MASCHERE E TRADIZIONE<\/h3>\n<\/blockquote>\n<p><strong><a class=\"dt-pswp-item\" href=\"https:\/\/www.radiopiu.net\/wordpress\/wp-content\/uploads\/2026\/01\/af0ded82-5edb-4dfd-bc28-73a34c3d12a7.jpg\" data-dt-img-description=\"\" data-large_image_width=\"1066\" data-large_image_height=\"1600\"><img loading=\"lazy\" decoding=\"async\" class=\"wp-image-492268 aligncenter\" src=\"https:\/\/www.radiopiu.net\/wordpress\/wp-content\/uploads\/2026\/01\/af0ded82-5edb-4dfd-bc28-73a34c3d12a7-200x300.jpg\" alt=\"\" width=\"126\" height=\"189\" srcset=\"https:\/\/www.radiopiu.net\/wordpress\/wp-content\/uploads\/2026\/01\/af0ded82-5edb-4dfd-bc28-73a34c3d12a7-200x300.jpg 200w, https:\/\/www.radiopiu.net\/wordpress\/wp-content\/uploads\/2026\/01\/af0ded82-5edb-4dfd-bc28-73a34c3d12a7-682x1024.jpg 682w, https:\/\/www.radiopiu.net\/wordpress\/wp-content\/uploads\/2026\/01\/af0ded82-5edb-4dfd-bc28-73a34c3d12a7-768x1153.jpg 768w, https:\/\/www.radiopiu.net\/wordpress\/wp-content\/uploads\/2026\/01\/af0ded82-5edb-4dfd-bc28-73a34c3d12a7-1023x1536.jpg 1023w, https:\/\/www.radiopiu.net\/wordpress\/wp-content\/uploads\/2026\/01\/af0ded82-5edb-4dfd-bc28-73a34c3d12a7.jpg 1066w\" sizes=\"auto, (max-width: 126px) 100vw, 126px\" \/><\/a><\/strong><\/p>\n<p><strong>REDAZIONE <\/strong>Dal 25 gennaio al 15 febbraio le Dolomiti Agordine tornano ad animarsi con il <em data-start=\"159\" data-end=\"179\">Carnevai de le Vai<\/em>, rassegna dedicata alle maschere tradizionali che attraversa valli e paesi, unendo folklore, musica e partecipazione popolare. Cinque appuntamenti scandiscono il calendario, da Selva di Cadore a Rivamonte Agordino, da Sottoguda a Laste di Rocca Pietore, fino al gran finale a Canale d\u2019Agordo con <em data-start=\"476\" data-end=\"492\">La Zinghen\u00e9sta<\/em>. Il Carnevale diventa cos\u00ec un viaggio nella memoria collettiva: sfilate colorate, balli, canti, fal\u00f2, momenti conviviali e concorsi per le maschere pi\u00f9 belle coinvolgono residenti e visitatori. Ogni evento valorizza identit\u00e0 locali e antichi rituali, reinterpretati con energia contemporanea. L\u2019invito \u00e8 aperto a tutti: indossare una maschera, tradizionale o di fantasia, e lasciarsi trasportare dall\u2019atmosfera autentica di un Carnevale che racconta la storia delle montagne e delle sue comunit\u00e0, celebrando l\u2019inverno come tempo di incontro e condivisione.<\/p>\n<p>&nbsp;<\/p>\n<p><strong>\u00a0TUTTE LE INFORMAZIONI SULLE TAPPE (2 PAGINE)<\/strong><\/p>\n<a href=\"https:\/\/www.radiopiu.net\/wordpress\/wp-content\/uploads\/2026\/01\/pieghevole-Carnevale-2.pdf\" class=\"pdfemb-viewer\" style=\"\" data-width=\"max\" data-height=\"max\" data-toolbar=\"top\" data-toolbar-fixed=\"on\">pieghevole Carnevale 2<\/a>\n<p>&nbsp;<\/p>\n<hr \/>\n<p>&nbsp;<\/p>\n<blockquote>\n<h3>GRILL HOUSE SELVA DI CADORE: SAPORI E ATMOSFERA IN STILE OKTOBERFEST<\/h3>\n<\/blockquote>\n<p><strong><a class=\"dt-pswp-item\" href=\"https:\/\/www.radiopiu.net\/wordpress\/wp-content\/uploads\/2026\/01\/b66a107f-bd8e-4b07-ad51-8cd3220c4e16.jpg\" data-dt-img-description=\"\" data-large_image_width=\"1179\" data-large_image_height=\"655\"><img loading=\"lazy\" decoding=\"async\" class=\"wp-image-493284 aligncenter\" src=\"https:\/\/www.radiopiu.net\/wordpress\/wp-content\/uploads\/2026\/01\/b66a107f-bd8e-4b07-ad51-8cd3220c4e16-300x167.jpg\" alt=\"\" width=\"198\" height=\"110\" srcset=\"https:\/\/www.radiopiu.net\/wordpress\/wp-content\/uploads\/2026\/01\/b66a107f-bd8e-4b07-ad51-8cd3220c4e16-300x167.jpg 300w, https:\/\/www.radiopiu.net\/wordpress\/wp-content\/uploads\/2026\/01\/b66a107f-bd8e-4b07-ad51-8cd3220c4e16-1024x569.jpg 1024w, https:\/\/www.radiopiu.net\/wordpress\/wp-content\/uploads\/2026\/01\/b66a107f-bd8e-4b07-ad51-8cd3220c4e16-768x427.jpg 768w, https:\/\/www.radiopiu.net\/wordpress\/wp-content\/uploads\/2026\/01\/b66a107f-bd8e-4b07-ad51-8cd3220c4e16.jpg 1179w\" sizes=\"auto, (max-width: 198px) 100vw, 198px\" \/><\/a><\/strong><\/p>\n<p><strong>SELVA DI CADORE <\/strong>Grill House Selva di Cadore \u00e8 il luogo ideale per chi desidera vivere un\u2019esperienza gastronomica accogliente e conviviale, ispirata al pieno stile Oktoberfest. Il ristorante propone una ricca variet\u00e0 di piatti, con grandi classici del barbecue come costine succulente e hamburger saporiti, affiancati da piccoli piatti e spuntini perfetti anche per le ore serali. Ampia la scelta di bevande, che spazia dalla birra al vino, fino a cocktail e liquori selezionati. Il locale \u00e8 adatto alle famiglie, grazie a un men\u00f9 dedicato ai bambini.<\/p>\n<p>&nbsp;<\/p>\n<p>&nbsp;<\/p>\n<hr \/>\n<p>&nbsp;<\/p>\n<h2><span style=\"color: #ff0000;\">L&#8217;OPINIONE&#8230;DI FRANCO PIACENTINI<\/span><\/h2>\n<p><a class=\"dt-pswp-item\" href=\"https:\/\/www.radiopiu.net\/wordpress\/wp-content\/uploads\/2024\/01\/240110-CortinaSkiWorldCup-LavoriPista-5.jpg\" data-dt-img-description=\"\" data-large_image_width=\"1600\" data-large_image_height=\"1200\"><img loading=\"lazy\" decoding=\"async\" class=\"wp-image-369405 aligncenter\" src=\"https:\/\/www.radiopiu.net\/wordpress\/wp-content\/uploads\/2024\/01\/240110-CortinaSkiWorldCup-LavoriPista-5-300x225.jpg\" alt=\"\" width=\"203\" height=\"152\" srcset=\"https:\/\/www.radiopiu.net\/wordpress\/wp-content\/uploads\/2024\/01\/240110-CortinaSkiWorldCup-LavoriPista-5-300x225.jpg 300w, https:\/\/www.radiopiu.net\/wordpress\/wp-content\/uploads\/2024\/01\/240110-CortinaSkiWorldCup-LavoriPista-5-1024x768.jpg 1024w, https:\/\/www.radiopiu.net\/wordpress\/wp-content\/uploads\/2024\/01\/240110-CortinaSkiWorldCup-LavoriPista-5-768x576.jpg 768w, https:\/\/www.radiopiu.net\/wordpress\/wp-content\/uploads\/2024\/01\/240110-CortinaSkiWorldCup-LavoriPista-5-1536x1152.jpg 1536w, https:\/\/www.radiopiu.net\/wordpress\/wp-content\/uploads\/2024\/01\/240110-CortinaSkiWorldCup-LavoriPista-5.jpg 1600w\" sizes=\"auto, (max-width: 203px) 100vw, 203px\" \/><\/a><\/p>\n<p>L&#8217;obiettivo anche delle Olimpiadi Invernali Milano \u2013 Cortina 2026 \u00e8 (dovrebbe essere) la valorizzazione dello sport inteso come momento di fratellanza, finalizzato all&#8217;abbattimento delle barriere tra i popoli. Per De Coubertin le Olimpiadi erano (sono) una straordinaria opportunit\u00e0 per lealmente confrontarsi nelle gare. Alla base della competizione fra atleti, ci sono i valori olimpici: amicizia, lealt\u00e0, solidariet\u00e0, impegno, rispetto, pace, uguaglianza. Dalle voci degli organizzatori e di alcuni politici, emerge una eccessiva strumentale valorizzazione degli appuntamenti olimpici di febbraio e di marzo 2026, volutamente dimenticando che saranno due occasioni solo per i ricchi. Assistere in presenza ai giochi olimpici nei luoghi delle gare, per i prezzi elevatissimi dei biglietti d\u2019entrata e per gli altissimi costi alberghieri, sar\u00e0 impossibile per i meno abbienti. Uno schiaffo a migliaia di persone non ricche che si vedranno sbarrate le porte delle loro aspettative di presenza ai giochi olimpici invernali 2026. Oltre a questa ingiustizia per le persone meno abbienti e ai negativi impatti ambientali, complice anche il governo nazionale, questi giochi olimpici si caratterizzeranno per una \u201cforte militarizzazione\u201d del servizio d\u2019ordine, con dietro le quinte l\u2019ICE \u2013 USA che utilizza con eccessiva disinvoltura le armi. Un preoccupante \u201cquadro olimpico\u201d, purtroppo, sottovalutato da un buon numero di pubbliche istituzioni: giunta regionale e governo nazionale tra queste.<\/p>\n<p>Franco Piacentini<\/p>\n<p>&nbsp;<\/p>\n<p>&nbsp;<\/p>\n<hr \/>\n<p>&nbsp;<\/p>\n<h1><span style=\"color: #ff6600;\">IERI ALLA RADIO<\/span><\/h1>\n<h2><span style=\"color: #ff00ff;\"><a class=\"dt-pswp-item\" href=\"https:\/\/www.radiopiu.net\/wordpress\/wp-content\/uploads\/2025\/07\/primo-piano-gli-studenti-che-scrivono-e-leggono-gli-fogli-di-risposta-degli-esami-di-esercitazione-in-aula-della-scuola-con-lo-stress_73622-858-300x200-1.jpg\" data-dt-img-description=\"\" data-large_image_width=\"300\" data-large_image_height=\"200\"><img loading=\"lazy\" decoding=\"async\" class=\"wp-image-458570 aligncenter\" src=\"https:\/\/www.radiopiu.net\/wordpress\/wp-content\/uploads\/2025\/07\/primo-piano-gli-studenti-che-scrivono-e-leggono-gli-fogli-di-risposta-degli-esami-di-esercitazione-in-aula-della-scuola-con-lo-stress_73622-858-300x200-1.jpg\" alt=\"\" width=\"171\" height=\"114\" \/><\/a><\/span><\/h2>\n<h2><span style=\"color: #ff00ff;\">SE NON LA SMETTI TI MANDO DAL PRESIDE<\/span><\/h2>\n<p><strong>DI MIRKO MEZZACASA<\/strong><\/p>\n<p>CON LA PROF MARIA ROSA SALMAZO<\/p>\n<p><strong>PUNTATA DEL 28 GENNAIO 2026<\/strong><\/p>\n<audio class=\"wp-audio-shortcode\" id=\"audio-493330-12\" preload=\"none\" style=\"width: 100%;\" controls=\"controls\"><source type=\"audio\/mpeg\" src=\"https:\/\/www.radiopiu.net\/wordpress\/wp-content\/uploads\/2026\/01\/PRESIDE-3.mp3?_=12\" \/><a href=\"https:\/\/www.radiopiu.net\/wordpress\/wp-content\/uploads\/2026\/01\/PRESIDE-3.mp3\">https:\/\/www.radiopiu.net\/wordpress\/wp-content\/uploads\/2026\/01\/PRESIDE-3.mp3<\/a><\/audio>\n<p>&nbsp;<\/p>\n<hr \/>\n<p>&nbsp;<\/p>\n<h2><span style=\"color: #808000;\">LIBER&#8230; SULLE ORME DI LIANA CAVALLET<\/span><\/h2>\n<p><strong><a class=\"dt-pswp-item\" href=\"https:\/\/www.radiopiu.net\/wordpress\/wp-content\/uploads\/2026\/01\/8682721e-d224-4f66-adb0-c65571802846.jpg\" data-dt-img-description=\"\" data-large_image_width=\"375\" data-large_image_height=\"509\"><img loading=\"lazy\" decoding=\"async\" class=\"wp-image-493500 aligncenter\" src=\"https:\/\/www.radiopiu.net\/wordpress\/wp-content\/uploads\/2026\/01\/8682721e-d224-4f66-adb0-c65571802846-221x300.jpg\" alt=\"\" width=\"106\" height=\"144\" srcset=\"https:\/\/www.radiopiu.net\/wordpress\/wp-content\/uploads\/2026\/01\/8682721e-d224-4f66-adb0-c65571802846-221x300.jpg 221w, https:\/\/www.radiopiu.net\/wordpress\/wp-content\/uploads\/2026\/01\/8682721e-d224-4f66-adb0-c65571802846.jpg 375w\" sizes=\"auto, (max-width: 106px) 100vw, 106px\" \/><\/a><\/strong><\/p>\n<p><strong><span style=\"color: #ff0000;\">PUNTATA 18 Giovanni Soppelsa recensisce &#8220;L&#8217;Iliade&#8221; di Omero<\/span><\/strong><\/p>\n<audio class=\"wp-audio-shortcode\" id=\"audio-493330-13\" preload=\"none\" style=\"width: 100%;\" controls=\"controls\"><source type=\"audio\/mpeg\" src=\"https:\/\/www.radiopiu.net\/wordpress\/wp-content\/uploads\/2026\/01\/LIANA-2.mp3?_=13\" \/><a href=\"https:\/\/www.radiopiu.net\/wordpress\/wp-content\/uploads\/2026\/01\/LIANA-2.mp3\">https:\/\/www.radiopiu.net\/wordpress\/wp-content\/uploads\/2026\/01\/LIANA-2.mp3<\/a><\/audio>\n<p>&nbsp;<\/p>\n<h2><strong>LA RACCOLTA COMPLETA <a href=\"https:\/\/www.radiopiu.net\/wordpress\/liber2025\/\"><span style=\"color: #3366ff;\">CLICCA QUI<\/span><\/a><\/strong><\/h2>\n<p>&nbsp;<\/p>\n<hr \/>\n<p>&nbsp;<\/p>\n<h2><span style=\"color: #99cc00;\">BATTI CINQUE&#8230;CON MARINA ED ALESSIO<\/span><\/h2>\n<p><strong><a class=\"dt-pswp-item\" href=\"https:\/\/www.radiopiu.net\/wordpress\/wp-content\/uploads\/2024\/10\/2b41afd1-2910-40a2-aa8e-1f6263104f30.jpg\" data-dt-img-description=\"\" data-large_image_width=\"2048\" data-large_image_height=\"1536\"><img loading=\"lazy\" decoding=\"async\" class=\"wp-image-415813 aligncenter\" src=\"https:\/\/www.radiopiu.net\/wordpress\/wp-content\/uploads\/2024\/10\/2b41afd1-2910-40a2-aa8e-1f6263104f30-300x225.jpg\" alt=\"\" width=\"135\" height=\"101\" srcset=\"https:\/\/www.radiopiu.net\/wordpress\/wp-content\/uploads\/2024\/10\/2b41afd1-2910-40a2-aa8e-1f6263104f30-300x225.jpg 300w, https:\/\/www.radiopiu.net\/wordpress\/wp-content\/uploads\/2024\/10\/2b41afd1-2910-40a2-aa8e-1f6263104f30-1024x768.jpg 1024w, https:\/\/www.radiopiu.net\/wordpress\/wp-content\/uploads\/2024\/10\/2b41afd1-2910-40a2-aa8e-1f6263104f30-768x576.jpg 768w, https:\/\/www.radiopiu.net\/wordpress\/wp-content\/uploads\/2024\/10\/2b41afd1-2910-40a2-aa8e-1f6263104f30-1536x1152.jpg 1536w, https:\/\/www.radiopiu.net\/wordpress\/wp-content\/uploads\/2024\/10\/2b41afd1-2910-40a2-aa8e-1f6263104f30.jpg 2048w\" sizes=\"auto, (max-width: 135px) 100vw, 135px\" \/><\/a><\/strong><\/p>\n<p><strong>REDAZIONE<\/strong> Un confronto tra generazioni, lo si pu\u00f2 definire cos\u00ec il nuovo programma pomeridiano di Radio Pi\u00f9. &#8220;Batti Cinque&#8221; il titolo del contenitore in onda il mercoled\u00ec dalle 15 a cadenza quindicinale. In studio Marina ed Alessio<\/p>\n<p><span style=\"color: #ff0000;\"><strong>\u00a0<\/strong><\/span><\/p>\n<p><span style=\"color: #ff0000;\"><strong>PUNTATA 34 PRIMA PARTE<\/strong><\/span><\/p>\n<audio class=\"wp-audio-shortcode\" id=\"audio-493330-14\" preload=\"none\" style=\"width: 100%;\" controls=\"controls\"><source type=\"audio\/mpeg\" src=\"https:\/\/www.radiopiu.net\/wordpress\/wp-content\/uploads\/2026\/01\/BATTI-5-VENTOTTESIMA-PUNTATA-1-1.mp3?_=14\" \/><a href=\"https:\/\/www.radiopiu.net\/wordpress\/wp-content\/uploads\/2026\/01\/BATTI-5-VENTOTTESIMA-PUNTATA-1-1.mp3\">https:\/\/www.radiopiu.net\/wordpress\/wp-content\/uploads\/2026\/01\/BATTI-5-VENTOTTESIMA-PUNTATA-1-1.mp3<\/a><\/audio>\n<p><span style=\"color: #ff0000;\">\u00a0<\/span><\/p>\n<p><span style=\"color: #ff0000;\"><strong>SECONDA PARTE<\/strong><\/span><\/p>\n<audio class=\"wp-audio-shortcode\" id=\"audio-493330-15\" preload=\"none\" style=\"width: 100%;\" controls=\"controls\"><source type=\"audio\/mpeg\" src=\"https:\/\/www.radiopiu.net\/wordpress\/wp-content\/uploads\/2026\/01\/BATTI-5-VENTOTTESIMA-PUNTATA-2-1.mp3?_=15\" \/><a href=\"https:\/\/www.radiopiu.net\/wordpress\/wp-content\/uploads\/2026\/01\/BATTI-5-VENTOTTESIMA-PUNTATA-2-1.mp3\">https:\/\/www.radiopiu.net\/wordpress\/wp-content\/uploads\/2026\/01\/BATTI-5-VENTOTTESIMA-PUNTATA-2-1.mp3<\/a><\/audio>\n<p><span style=\"color: #ff0000;\">\u00a0<\/span><\/p>\n<p><span style=\"color: #ff0000;\"><strong>TERZA PARTE<\/strong><\/span><\/p>\n<audio class=\"wp-audio-shortcode\" id=\"audio-493330-16\" preload=\"none\" style=\"width: 100%;\" controls=\"controls\"><source type=\"audio\/mpeg\" src=\"https:\/\/www.radiopiu.net\/wordpress\/wp-content\/uploads\/2026\/01\/BATTI-5-VENTOTTESIMA-PUNTATA-3-1.mp3?_=16\" \/><a href=\"https:\/\/www.radiopiu.net\/wordpress\/wp-content\/uploads\/2026\/01\/BATTI-5-VENTOTTESIMA-PUNTATA-3-1.mp3\">https:\/\/www.radiopiu.net\/wordpress\/wp-content\/uploads\/2026\/01\/BATTI-5-VENTOTTESIMA-PUNTATA-3-1.mp3<\/a><\/audio>\n<p>&nbsp;<\/p>\n<h2><strong>LA RACCOLTA COMPLETA <a href=\"https:\/\/www.radiopiu.net\/wordpress\/batti-cinque-con-marina-ed-alessio-la-raccolta\/\"><span style=\"color: #3366ff;\">CLICCA QUI<\/span><\/a><\/strong><\/h2>\n<p>&nbsp;<\/p>\n<hr \/>\n<audio class=\"wp-audio-shortcode\" id=\"audio-493330-17\" preload=\"none\" style=\"width: 100%;\" controls=\"controls\"><source type=\"audio\/mpeg\" src=\"https:\/\/www.radiopiu.net\/wordpress\/wp-content\/uploads\/2026\/01\/Claudia-Soppelsa-magic-techer.mp3?_=17\" \/><a href=\"https:\/\/www.radiopiu.net\/wordpress\/wp-content\/uploads\/2026\/01\/Claudia-Soppelsa-magic-techer.mp3\">https:\/\/www.radiopiu.net\/wordpress\/wp-content\/uploads\/2026\/01\/Claudia-Soppelsa-magic-techer.mp3<\/a><\/audio>\n<p>&nbsp;<\/p>\n<hr \/>\n<p>&nbsp;<\/p>\n<h2><span style=\"color: #00ccff;\">REPORT: IL PROGETTO PER AVVICINARE I GIOVANI AL MONDO DEL LAVORO<\/span><\/h2>\n<p><strong><a class=\"dt-pswp-item\" href=\"https:\/\/www.radiopiu.net\/wordpress\/wp-content\/uploads\/2026\/01\/GEA.png\" data-dt-img-description=\"\" data-large_image_width=\"1288\" data-large_image_height=\"493\"><img loading=\"lazy\" decoding=\"async\" class=\"size-medium wp-image-493315 aligncenter\" src=\"https:\/\/www.radiopiu.net\/wordpress\/wp-content\/uploads\/2026\/01\/GEA-300x115.png\" alt=\"\" width=\"300\" height=\"115\" srcset=\"https:\/\/www.radiopiu.net\/wordpress\/wp-content\/uploads\/2026\/01\/GEA-300x115.png 300w, https:\/\/www.radiopiu.net\/wordpress\/wp-content\/uploads\/2026\/01\/GEA-1024x392.png 1024w, https:\/\/www.radiopiu.net\/wordpress\/wp-content\/uploads\/2026\/01\/GEA-768x294.png 768w, https:\/\/www.radiopiu.net\/wordpress\/wp-content\/uploads\/2026\/01\/GEA.png 1288w\" sizes=\"auto, (max-width: 300px) 100vw, 300px\" \/><\/a>DI ALESSIA DALL&#8217;O&#8217;<\/strong><\/p>\n<p><strong>FELTRE <\/strong>Nel report di approfondimento di oggi siamo a Feltre, dove incontriamo Alberto Botte, facilitatore del progetto G.E.A. \u2013 Giovani Energie in Azione, giunto alla sua seconda edizione. Un\u2019iniziativa promossa da ENAC Veneto e coordinata insieme a Veronica Da Canal, che dalla sede feltrina segue da vicino i giovani del territorio accompagnandoli verso il mondo del lavoro. Per informazioni sul progetto G.E.A. \u2013 Giovani Energie in Azione \u00e8 possibile scrivere a gea@enacveneto.it<\/p>\n<p><strong>LO SPECIALE ALLA RADIO<\/strong><\/p>\n<audio class=\"wp-audio-shortcode\" id=\"audio-493330-18\" preload=\"none\" style=\"width: 100%;\" controls=\"controls\"><source type=\"audio\/mpeg\" src=\"https:\/\/www.radiopiu.net\/wordpress\/wp-content\/uploads\/2026\/01\/REPORTER-PROGETTO-GEA-FELTRE-ALESSIA.mp3?_=18\" \/><a href=\"https:\/\/www.radiopiu.net\/wordpress\/wp-content\/uploads\/2026\/01\/REPORTER-PROGETTO-GEA-FELTRE-ALESSIA.mp3\">https:\/\/www.radiopiu.net\/wordpress\/wp-content\/uploads\/2026\/01\/REPORTER-PROGETTO-GEA-FELTRE-ALESSIA.mp3<\/a><\/audio>\n<p>&nbsp;<\/p>\n<hr \/>\n<p>&nbsp;<\/p>\n<h2><span style=\"color: #cc99ff;\">IL CARNEVALE DI SEDICO 2026, UN PROGRAMMA RICCO DI EVENTI<\/span><\/h2>\n<p><strong><a class=\"dt-pswp-item\" href=\"https:\/\/www.radiopiu.net\/wordpress\/wp-content\/uploads\/2026\/01\/49845698-089e-4f10-9794-876db02a27f3.jpg\" data-dt-img-description=\"\" data-large_image_width=\"1600\" data-large_image_height=\"1200\"><img loading=\"lazy\" decoding=\"async\" class=\"wp-image-492416 aligncenter\" src=\"https:\/\/www.radiopiu.net\/wordpress\/wp-content\/uploads\/2026\/01\/49845698-089e-4f10-9794-876db02a27f3-300x225.jpg\" alt=\"\" width=\"165\" height=\"124\" srcset=\"https:\/\/www.radiopiu.net\/wordpress\/wp-content\/uploads\/2026\/01\/49845698-089e-4f10-9794-876db02a27f3-300x225.jpg 300w, https:\/\/www.radiopiu.net\/wordpress\/wp-content\/uploads\/2026\/01\/49845698-089e-4f10-9794-876db02a27f3-1024x768.jpg 1024w, https:\/\/www.radiopiu.net\/wordpress\/wp-content\/uploads\/2026\/01\/49845698-089e-4f10-9794-876db02a27f3-768x576.jpg 768w, https:\/\/www.radiopiu.net\/wordpress\/wp-content\/uploads\/2026\/01\/49845698-089e-4f10-9794-876db02a27f3-1536x1152.jpg 1536w, https:\/\/www.radiopiu.net\/wordpress\/wp-content\/uploads\/2026\/01\/49845698-089e-4f10-9794-876db02a27f3.jpg 1600w\" sizes=\"auto, (max-width: 165px) 100vw, 165px\" \/><\/a>DI MARCO GAZ E MARINA DONA&#8217;<\/strong><\/p>\n<p>OSPITI: Marco Gabrieli e Stefano Triches<\/p>\n<audio class=\"wp-audio-shortcode\" id=\"audio-493330-19\" preload=\"none\" style=\"width: 100%;\" controls=\"controls\"><source type=\"audio\/mpeg\" src=\"https:\/\/www.radiopiu.net\/wordpress\/wp-content\/uploads\/2026\/01\/CARNEVALE-DI-SEDICO-2026-MARCO-GABRIELI-E-STEFANO-TRICHES.mp3?_=19\" \/><a href=\"https:\/\/www.radiopiu.net\/wordpress\/wp-content\/uploads\/2026\/01\/CARNEVALE-DI-SEDICO-2026-MARCO-GABRIELI-E-STEFANO-TRICHES.mp3\">https:\/\/www.radiopiu.net\/wordpress\/wp-content\/uploads\/2026\/01\/CARNEVALE-DI-SEDICO-2026-MARCO-GABRIELI-E-STEFANO-TRICHES.mp3<\/a><\/audio>\n<p>&nbsp;<\/p>\n<hr \/>\n<p>&nbsp;<\/p>\n<h2><span style=\"color: #ffcc00;\">IL 31 GENNAIO A CANALE TORNA LA CASPARETHA<\/span><\/h2>\n<p><strong><a class=\"dt-pswp-item\" href=\"https:\/\/www.radiopiu.net\/wordpress\/wp-content\/uploads\/2026\/01\/d252826e-39a1-45d5-987a-aa7288a3b60e.jpg\" data-dt-img-description=\"\" data-large_image_width=\"2048\" data-large_image_height=\"1152\"><img loading=\"lazy\" decoding=\"async\" class=\"wp-image-490611 aligncenter\" src=\"https:\/\/www.radiopiu.net\/wordpress\/wp-content\/uploads\/2026\/01\/d252826e-39a1-45d5-987a-aa7288a3b60e-300x169.jpg\" alt=\"\" width=\"217\" height=\"122\" srcset=\"https:\/\/www.radiopiu.net\/wordpress\/wp-content\/uploads\/2026\/01\/d252826e-39a1-45d5-987a-aa7288a3b60e-300x169.jpg 300w, https:\/\/www.radiopiu.net\/wordpress\/wp-content\/uploads\/2026\/01\/d252826e-39a1-45d5-987a-aa7288a3b60e-1024x576.jpg 1024w, https:\/\/www.radiopiu.net\/wordpress\/wp-content\/uploads\/2026\/01\/d252826e-39a1-45d5-987a-aa7288a3b60e-768x432.jpg 768w, https:\/\/www.radiopiu.net\/wordpress\/wp-content\/uploads\/2026\/01\/d252826e-39a1-45d5-987a-aa7288a3b60e-1536x864.jpg 1536w, https:\/\/www.radiopiu.net\/wordpress\/wp-content\/uploads\/2026\/01\/d252826e-39a1-45d5-987a-aa7288a3b60e.jpg 2048w\" sizes=\"auto, (max-width: 217px) 100vw, 217px\" \/><\/a>DI MIRKO MEZZACASA<\/strong><\/p>\n<p>OSPITI: Emil Tancon, Laura Fontanive e Giulio Serafini<\/p>\n<audio class=\"wp-audio-shortcode\" id=\"audio-493330-20\" preload=\"none\" style=\"width: 100%;\" controls=\"controls\"><source type=\"audio\/mpeg\" src=\"https:\/\/www.radiopiu.net\/wordpress\/wp-content\/uploads\/2026\/01\/CASPARETHA-2026-1.mp3?_=20\" \/><a href=\"https:\/\/www.radiopiu.net\/wordpress\/wp-content\/uploads\/2026\/01\/CASPARETHA-2026-1.mp3\">https:\/\/www.radiopiu.net\/wordpress\/wp-content\/uploads\/2026\/01\/CASPARETHA-2026-1.mp3<\/a><\/audio>\n<p>&nbsp;<\/p>\n<hr \/>\n<p>&nbsp;<\/p>\n<blockquote class=\"wp-embedded-content\" data-secret=\"ung5qGEP9c\"><p><a href=\"https:\/\/www.radiopiu.net\/wordpress\/curiosando-il-programmaa\/\">CURIOSANDO&#8230; IL PROGRAMMA DI PAOLA LANCIATO<\/a><\/p><\/blockquote>\n<p><iframe loading=\"lazy\" class=\"wp-embedded-content\" sandbox=\"allow-scripts\" security=\"restricted\" style=\"position: absolute; visibility: hidden;\" title=\"&#8220;CURIOSANDO&#8230; IL PROGRAMMA DI PAOLA LANCIATO&#8221; &#8212; Radio Pi\u00f9\" src=\"https:\/\/www.radiopiu.net\/wordpress\/curiosando-il-programmaa\/embed\/#?secret=lqUu6fSFN6#?secret=ung5qGEP9c\" data-secret=\"ung5qGEP9c\" width=\"600\" height=\"338\" frameborder=\"0\" marginwidth=\"0\" marginheight=\"0\" scrolling=\"no\"><\/iframe><\/p>\n<p>&nbsp;<\/p>\n<hr \/>\n<p>&nbsp;<\/p>\n<h2><span style=\"color: #99cc00;\">DEGUSTAZIONE DI VINI FRIULANI DA DOLOMITI BEER &amp; WINE SHOP DI SEDICO<\/span><\/h2>\n<p><strong><a class=\"dt-pswp-item\" href=\"https:\/\/www.radiopiu.net\/wordpress\/wp-content\/uploads\/2025\/07\/vino-bianco.jpg\" data-dt-img-description=\"\" data-large_image_width=\"1280\" data-large_image_height=\"853\"><img loading=\"lazy\" decoding=\"async\" class=\"wp-image-462136 aligncenter\" src=\"https:\/\/www.radiopiu.net\/wordpress\/wp-content\/uploads\/2025\/07\/vino-bianco-300x200.jpg\" alt=\"\" width=\"173\" height=\"115\" srcset=\"https:\/\/www.radiopiu.net\/wordpress\/wp-content\/uploads\/2025\/07\/vino-bianco-300x200.jpg 300w, https:\/\/www.radiopiu.net\/wordpress\/wp-content\/uploads\/2025\/07\/vino-bianco-1024x682.jpg 1024w, https:\/\/www.radiopiu.net\/wordpress\/wp-content\/uploads\/2025\/07\/vino-bianco-768x512.jpg 768w, https:\/\/www.radiopiu.net\/wordpress\/wp-content\/uploads\/2025\/07\/vino-bianco.jpg 1280w\" sizes=\"auto, (max-width: 173px) 100vw, 173px\" \/><\/a>SEDICO<\/strong> Tornano le degustazioni di vini da Dolomiti Beer &amp; Wine Shop di Sedico. Oggi, a partire dalle 17, gli amanti del buon vino potranno degustare gratuitamente le selezioni dell&#8217;Azienda Caccese del Friuli.<\/p>\n<p><strong>L&#8217;INVITO DI VALENTINA<\/strong><\/p>\n<audio class=\"wp-audio-shortcode\" id=\"audio-493330-21\" preload=\"none\" style=\"width: 100%;\" controls=\"controls\"><source type=\"audio\/mpeg\" src=\"https:\/\/www.radiopiu.net\/wordpress\/wp-content\/uploads\/2026\/01\/29-GENN.mp3?_=21\" \/><a href=\"https:\/\/www.radiopiu.net\/wordpress\/wp-content\/uploads\/2026\/01\/29-GENN.mp3\">https:\/\/www.radiopiu.net\/wordpress\/wp-content\/uploads\/2026\/01\/29-GENN.mp3<\/a><\/audio>\n<p>&nbsp;<\/p>\n<hr \/>\n<p>&nbsp;<\/p>\n<p><span style=\"color: #ff0000;\"><img loading=\"lazy\" decoding=\"async\" class=\"wp-image-61958 size-full aligncenter\" src=\"https:\/\/www.radiopiu.net\/wordpress\/wp-content\/uploads\/2018\/09\/appuntamenti.jpeg\" alt=\"\" width=\"800\" height=\"100\" srcset=\"https:\/\/www.radiopiu.net\/wordpress\/wp-content\/uploads\/2018\/09\/appuntamenti.jpeg 800w, https:\/\/www.radiopiu.net\/wordpress\/wp-content\/uploads\/2018\/09\/appuntamenti-300x38.jpeg 300w, https:\/\/www.radiopiu.net\/wordpress\/wp-content\/uploads\/2018\/09\/appuntamenti-768x96.jpeg 768w\" sizes=\"auto, (max-width: 800px) 100vw, 800px\" \/><\/span><\/p>\n<p>&nbsp;<\/p>\n\n\t\t\t<style type='text\/css'>\n\t\t\t\t#gallery-5 {\n\t\t\t\t\tmargin: auto;\n\t\t\t\t}\n\t\t\t\t#gallery-5 .gallery-item {\n\t\t\t\t\tfloat: left;\n\t\t\t\t\tmargin-top: 10px;\n\t\t\t\t\ttext-align: center;\n\t\t\t\t\twidth: 20%;\n\t\t\t\t}\n\t\t\t\t#gallery-5 img {\n\t\t\t\t\tborder: 2px solid #cfcfcf;\n\t\t\t\t}\n\t\t\t\t#gallery-5 .gallery-caption {\n\t\t\t\t\tmargin-left: 0;\n\t\t\t\t}\n\t\t\t\t\/* see gallery_shortcode() in wp-includes\/media.php *\/\n\t\t\t<\/style>\n\t\t<div id='gallery-5' class='dt-gallery-container gallery galleryid-493330 gallery-columns-5 gallery-size-thumbnail'><dl class='gallery-item'>\n\t\t\t\t<dt class='gallery-icon portrait'>\n\t\t\t\t\t<a class=\"rollover rollover-zoom dt-pswp-item\" title=\"locandina mostra loris\" data-dt-img-description=\"\" data-large_image_width=\"595\" data-large_image_height=\"841\"href='https:\/\/www.radiopiu.net\/wordpress\/wp-content\/uploads\/2026\/01\/locandina-mostra-loris.jpg'><img loading=\"lazy\" decoding=\"async\" width=\"150\" height=\"150\" src=\"https:\/\/www.radiopiu.net\/wordpress\/wp-content\/uploads\/2026\/01\/locandina-mostra-loris-150x150.jpg\" class=\"attachment-thumbnail size-thumbnail\" alt=\"\" \/><\/a>\n\t\t\t\t<\/dt><\/dl><dl class='gallery-item'>\n\t\t\t\t<dt class='gallery-icon portrait'>\n\t\t\t\t\t<a class=\"rollover rollover-zoom dt-pswp-item\" title=\"af0ded82-5edb-4dfd-bc28-73a34c3d12a7\" data-dt-img-description=\"\" data-large_image_width=\"1066\" data-large_image_height=\"1600\"href='https:\/\/www.radiopiu.net\/wordpress\/wp-content\/uploads\/2026\/01\/af0ded82-5edb-4dfd-bc28-73a34c3d12a7.jpg'><img loading=\"lazy\" decoding=\"async\" width=\"150\" height=\"150\" src=\"https:\/\/www.radiopiu.net\/wordpress\/wp-content\/uploads\/2026\/01\/af0ded82-5edb-4dfd-bc28-73a34c3d12a7-150x150.jpg\" class=\"attachment-thumbnail size-thumbnail\" alt=\"\" \/><\/a>\n\t\t\t\t<\/dt><\/dl><dl class='gallery-item'>\n\t\t\t\t<dt class='gallery-icon portrait'>\n\t\t\t\t\t<a class=\"rollover rollover-zoom dt-pswp-item\" title=\"Aspettando le Olimpiadi - evento a Limana\" data-dt-img-description=\"\" data-large_image_width=\"1240\" data-large_image_height=\"1754\"href='https:\/\/www.radiopiu.net\/wordpress\/wp-content\/uploads\/2026\/01\/Aspettando-le-Olimpiadi-evento-a-Limana.jpg'><img loading=\"lazy\" decoding=\"async\" width=\"150\" height=\"150\" src=\"https:\/\/www.radiopiu.net\/wordpress\/wp-content\/uploads\/2026\/01\/Aspettando-le-Olimpiadi-evento-a-Limana-150x150.jpg\" class=\"attachment-thumbnail size-thumbnail\" alt=\"\" \/><\/a>\n\t\t\t\t<\/dt><\/dl><dl class='gallery-item'>\n\t\t\t\t<dt class='gallery-icon portrait'>\n\t\t\t\t\t<a class=\"rollover rollover-zoom dt-pswp-item\" title=\"4e967043-c873-4f5f-b1c6-d5dbc3a0bb33\" data-dt-img-description=\"\" data-large_image_width=\"1414\" data-large_image_height=\"2000\"href='https:\/\/www.radiopiu.net\/wordpress\/wp-content\/uploads\/2026\/01\/4e967043-c873-4f5f-b1c6-d5dbc3a0bb33.jpg'><img loading=\"lazy\" decoding=\"async\" width=\"150\" height=\"150\" src=\"https:\/\/www.radiopiu.net\/wordpress\/wp-content\/uploads\/2026\/01\/4e967043-c873-4f5f-b1c6-d5dbc3a0bb33-150x150.jpg\" class=\"attachment-thumbnail size-thumbnail\" alt=\"\" \/><\/a>\n\t\t\t\t<\/dt><\/dl><dl class='gallery-item'>\n\t\t\t\t<dt class='gallery-icon portrait'>\n\t\t\t\t\t<a class=\"rollover rollover-zoom dt-pswp-item\" title=\"67d99ec1-0291-4462-817b-c043279744e5\" data-dt-img-description=\"\" data-large_image_width=\"1131\" data-large_image_height=\"1600\"href='https:\/\/www.radiopiu.net\/wordpress\/wp-content\/uploads\/2025\/12\/67d99ec1-0291-4462-817b-c043279744e5.jpg'><img loading=\"lazy\" decoding=\"async\" width=\"150\" height=\"150\" src=\"https:\/\/www.radiopiu.net\/wordpress\/wp-content\/uploads\/2025\/12\/67d99ec1-0291-4462-817b-c043279744e5-150x150.jpg\" class=\"attachment-thumbnail size-thumbnail\" alt=\"\" \/><\/a>\n\t\t\t\t<\/dt><\/dl><br style=\"clear: both\" \/><dl class='gallery-item'>\n\t\t\t\t<dt class='gallery-icon portrait'>\n\t\t\t\t\t<a class=\"rollover rollover-zoom dt-pswp-item\" title=\"SIGNORI\" data-dt-img-description=\"\" data-large_image_width=\"905\" data-large_image_height=\"1280\"href='https:\/\/www.radiopiu.net\/wordpress\/wp-content\/uploads\/2026\/01\/SIGNORI.jpeg'><img loading=\"lazy\" decoding=\"async\" width=\"150\" height=\"150\" src=\"https:\/\/www.radiopiu.net\/wordpress\/wp-content\/uploads\/2026\/01\/SIGNORI-150x150.jpeg\" class=\"attachment-thumbnail size-thumbnail\" alt=\"\" \/><\/a>\n\t\t\t\t<\/dt><\/dl><dl class='gallery-item'>\n\t\t\t\t<dt class='gallery-icon portrait'>\n\t\t\t\t\t<a class=\"rollover rollover-zoom dt-pswp-item\" title=\"1000260928\" data-dt-img-description=\"\" data-large_image_width=\"720\" data-large_image_height=\"874\"href='https:\/\/www.radiopiu.net\/wordpress\/wp-content\/uploads\/2026\/01\/1000260928.jpg'><img loading=\"lazy\" decoding=\"async\" width=\"150\" height=\"150\" src=\"https:\/\/www.radiopiu.net\/wordpress\/wp-content\/uploads\/2026\/01\/1000260928-150x150.jpg\" class=\"attachment-thumbnail size-thumbnail\" alt=\"\" \/><\/a>\n\t\t\t\t<\/dt><\/dl><dl class='gallery-item'>\n\t\t\t\t<dt class='gallery-icon portrait'>\n\t\t\t\t\t<a class=\"rollover rollover-zoom dt-pswp-item\" title=\"Storie di Storia definitivo-1\" data-dt-img-description=\"\" data-large_image_width=\"1240\" data-large_image_height=\"1754\"href='https:\/\/www.radiopiu.net\/wordpress\/wp-content\/uploads\/2026\/01\/Storie-di-Storia-definitivo-1.jpg'><img loading=\"lazy\" decoding=\"async\" width=\"150\" height=\"150\" src=\"https:\/\/www.radiopiu.net\/wordpress\/wp-content\/uploads\/2026\/01\/Storie-di-Storia-definitivo-1-150x150.jpg\" class=\"attachment-thumbnail size-thumbnail\" alt=\"\" \/><\/a>\n\t\t\t\t<\/dt><\/dl><dl class='gallery-item'>\n\t\t\t\t<dt class='gallery-icon portrait'>\n\t\t\t\t\t<a class=\"rollover rollover-zoom dt-pswp-item\" title=\"586740953_1283004097175673_3623727418094522816_n\" data-dt-img-description=\"\" data-large_image_width=\"514\" data-large_image_height=\"720\"href='https:\/\/www.radiopiu.net\/wordpress\/wp-content\/uploads\/2025\/11\/586740953_1283004097175673_3623727418094522816_n.jpg'><img loading=\"lazy\" decoding=\"async\" width=\"150\" height=\"150\" src=\"https:\/\/www.radiopiu.net\/wordpress\/wp-content\/uploads\/2025\/11\/586740953_1283004097175673_3623727418094522816_n-150x150.jpg\" class=\"attachment-thumbnail size-thumbnail\" alt=\"\" \/><\/a>\n\t\t\t\t<\/dt><\/dl><dl class='gallery-item'>\n\t\t\t\t<dt class='gallery-icon portrait'>\n\t\t\t\t\t<a class=\"rollover rollover-zoom dt-pswp-item\" title=\"584332528_1279625560846860_1524691345192499574_n\" data-dt-img-description=\"\" data-large_image_width=\"417\" data-large_image_height=\"590\"href='https:\/\/www.radiopiu.net\/wordpress\/wp-content\/uploads\/2025\/11\/584332528_1279625560846860_1524691345192499574_n.jpg'><img loading=\"lazy\" decoding=\"async\" width=\"150\" height=\"150\" src=\"https:\/\/www.radiopiu.net\/wordpress\/wp-content\/uploads\/2025\/11\/584332528_1279625560846860_1524691345192499574_n-150x150.jpg\" class=\"attachment-thumbnail size-thumbnail\" alt=\"\" \/><\/a>\n\t\t\t\t<\/dt><\/dl><br style=\"clear: both\" \/><dl class='gallery-item'>\n\t\t\t\t<dt class='gallery-icon portrait'>\n\t\t\t\t\t<a class=\"rollover rollover-zoom dt-pswp-item\" title=\"I-SOLITI-IGNOTI\" data-dt-img-description=\"\" data-large_image_width=\"1200\" data-large_image_height=\"1697\"href='https:\/\/www.radiopiu.net\/wordpress\/wp-content\/uploads\/2026\/01\/I-SOLITI-IGNOTI.jpg'><img loading=\"lazy\" decoding=\"async\" width=\"150\" height=\"150\" src=\"https:\/\/www.radiopiu.net\/wordpress\/wp-content\/uploads\/2026\/01\/I-SOLITI-IGNOTI-150x150.jpg\" class=\"attachment-thumbnail size-thumbnail\" alt=\"\" \/><\/a>\n\t\t\t\t<\/dt><\/dl><dl class='gallery-item'>\n\t\t\t\t<dt class='gallery-icon portrait'>\n\t\t\t\t\t<a class=\"rollover rollover-zoom dt-pswp-item\" title=\"PRES LIBRO\" data-dt-img-description=\"\" data-large_image_width=\"672\" data-large_image_height=\"888\"href='https:\/\/www.radiopiu.net\/wordpress\/wp-content\/uploads\/2026\/01\/PRES-LIBRO.jpg'><img loading=\"lazy\" decoding=\"async\" width=\"150\" height=\"150\" src=\"https:\/\/www.radiopiu.net\/wordpress\/wp-content\/uploads\/2026\/01\/PRES-LIBRO-150x150.jpg\" class=\"attachment-thumbnail size-thumbnail\" alt=\"\" \/><\/a>\n\t\t\t\t<\/dt><\/dl><dl class='gallery-item'>\n\t\t\t\t<dt class='gallery-icon portrait'>\n\t\t\t\t\t<a class=\"rollover rollover-zoom dt-pswp-item\" title=\"e65e010f-2ee0-47e6-9114-dacef690c3d1\" data-dt-img-description=\"\" data-large_image_width=\"1024\" data-large_image_height=\"1280\"href='https:\/\/www.radiopiu.net\/wordpress\/wp-content\/uploads\/2026\/01\/e65e010f-2ee0-47e6-9114-dacef690c3d1.jpg'><img loading=\"lazy\" decoding=\"async\" width=\"150\" height=\"150\" src=\"https:\/\/www.radiopiu.net\/wordpress\/wp-content\/uploads\/2026\/01\/e65e010f-2ee0-47e6-9114-dacef690c3d1-150x150.jpg\" class=\"attachment-thumbnail size-thumbnail\" alt=\"\" \/><\/a>\n\t\t\t\t<\/dt><\/dl>\n\t\t\t\t<br style='clear: both' \/>\n\t\t\t<\/div>\n\n<p>&nbsp;<\/p>\n<p>&nbsp;<\/p>\n<hr \/>\n<p>&nbsp;<\/p>\n<p class=\"mceTemp\"><a class=\"dt-pswp-item\" href=\"https:\/\/www.radiopiu.net\/wordpress\/wp-content\/uploads\/2018\/09\/WhatsApp-Image-2018-09-20-at-16.04.06.jpeg\" data-dt-img-description=\"\" data-large_image_width=\"800\" data-large_image_height=\"100\"><img loading=\"lazy\" decoding=\"async\" class=\"wp-image-61378 size-full aligncenter\" src=\"https:\/\/www.radiopiu.net\/wordpress\/wp-content\/uploads\/2018\/09\/WhatsApp-Image-2018-09-20-at-16.04.06.jpeg\" alt=\"\" width=\"800\" height=\"100\" srcset=\"https:\/\/www.radiopiu.net\/wordpress\/wp-content\/uploads\/2018\/09\/WhatsApp-Image-2018-09-20-at-16.04.06.jpeg 800w, https:\/\/www.radiopiu.net\/wordpress\/wp-content\/uploads\/2018\/09\/WhatsApp-Image-2018-09-20-at-16.04.06-300x38.jpeg 300w, https:\/\/www.radiopiu.net\/wordpress\/wp-content\/uploads\/2018\/09\/WhatsApp-Image-2018-09-20-at-16.04.06-768x96.jpeg 768w\" sizes=\"auto, (max-width: 800px) 100vw, 800px\" \/><\/a><\/p>\n<p>&nbsp;<\/p>\n<p><center><b>OGGI<\/b><\/center>Cielo per lo pi\u00f9 nuvoloso o molto nuvoloso con qualche irregolare schiarita verso sera e su Prealpi ovest.<br \/>\n<b>Precipitazioni: <\/b>Nella notte e fino al mattino deboli precipitazioni, diffuse su bellunese, sparse su Prealpi occidentali, con neve oltre gli 800\/1000 m sulle Dolomiti, 1000\/1200 m sulle Prealpi. Dal pomeriggio via via meno probabili ma non del tutto escluso ancora qualche fiocco.<br \/>\n<b>Temperature: <\/b>In lieve calo, specie su Prealpi.<\/p>\n<hr \/>\n<p><center><b>DOMANI<\/b><\/center>Tra notte e mattino cielo per lo pi\u00f9 nuvoloso, nel pomeriggio possibile qualche irregolare schiarita via via pi\u00f9 probabile verso sera<br \/>\n<b>Precipitazioni: <\/b>Generalmente assenti seppur non del tutto escluso qualche fiocco qua e l\u00e0 oltre i 1000 m<br \/>\nTemperature stazionarie o in lieve calo, specie le minime a fondovalle.<\/p>\n<hr \/>\n<p><center><b>SABATO<\/b><\/center>Nuvolosit\u00e0 variabile con cielo da poco a parzialmente nuvoloso. probabilmente un p\u00f2 pi\u00f9 soleggiato rispetto a venerdi. Precipitazioni assenti. Temperature minime in calo nelle valli specie in caso di notte serena con forti gelate, massime stazionarie o in lieve aumento.<\/p>\n<hr \/>\n<p><center><b>DOMENICA<\/b><\/center>Nuvolosit\u00e0 variabile con schiarite al mattino e nubi in aumento nel pomeriggio fino a nuvoloso. Precipitazioni generalmente assenti. Temperature minime in calo, massime stazionarie.<\/p>\n<p>&nbsp;<\/p>\n<blockquote class=\"wp-embedded-content\" data-secret=\"GhHRThju69\"><p><a href=\"https:\/\/www.radiopiu.net\/wordpress\/dolomiti-imbiancate-fino-a-80-centimetri-di-neve-in-quota-inverno-pieno-su-alpi-e-prealpi\/\">DOLOMITI IMBIANCATE: FINO A 80 CENTIMETRI DI NEVE IN QUOTA, INVERNO PIENO SU ALPI E PREALPI<\/a><\/p><\/blockquote>\n<p><iframe loading=\"lazy\" class=\"wp-embedded-content\" sandbox=\"allow-scripts\" security=\"restricted\" style=\"position: absolute; visibility: hidden;\" title=\"&#8220;DOLOMITI IMBIANCATE: FINO A 80 CENTIMETRI DI NEVE IN QUOTA, INVERNO PIENO SU ALPI E PREALPI&#8221; &#8212; Radio Pi\u00f9\" src=\"https:\/\/www.radiopiu.net\/wordpress\/dolomiti-imbiancate-fino-a-80-centimetri-di-neve-in-quota-inverno-pieno-su-alpi-e-prealpi\/embed\/#?secret=YOyUAgD6kv#?secret=GhHRThju69\" data-secret=\"GhHRThju69\" width=\"600\" height=\"338\" frameborder=\"0\" marginwidth=\"0\" marginheight=\"0\" scrolling=\"no\"><\/iframe><\/p>\n<p>&nbsp;<\/p>\n<hr \/>\n<p>&nbsp;<\/p>\n<p class=\"mceTemp\"><a class=\"dt-pswp-item\" href=\"https:\/\/www.radiopiu.net\/wordpress\/wp-content\/uploads\/2018\/09\/sport.jpg\" data-dt-img-description=\"\" data-large_image_width=\"800\" data-large_image_height=\"100\"><img loading=\"lazy\" decoding=\"async\" class=\"aligncenter wp-image-60761 size-full\" src=\"https:\/\/www.radiopiu.net\/wordpress\/wp-content\/uploads\/2018\/09\/sport.jpg\" alt=\"\" width=\"800\" height=\"100\" srcset=\"https:\/\/www.radiopiu.net\/wordpress\/wp-content\/uploads\/2018\/09\/sport.jpg 800w, https:\/\/www.radiopiu.net\/wordpress\/wp-content\/uploads\/2018\/09\/sport-300x38.jpg 300w, https:\/\/www.radiopiu.net\/wordpress\/wp-content\/uploads\/2018\/09\/sport-768x96.jpg 768w\" sizes=\"auto, (max-width: 800px) 100vw, 800px\" \/> <\/a><\/p>\n<p><span style=\"color: #0000ff;\"><b>\u00a0<\/b><\/span><\/p>\n<p><span style=\"color: #0000ff;\"><strong>HOCKEY SU GHIACCIO<\/strong><\/span><\/p>\n<blockquote>\n<h3>L\u2019ALLEGHE FA VISITA ALLA CAPOLISTA CALDARO<\/h3>\n<\/blockquote>\n<p><strong><a class=\"dt-pswp-item\" href=\"https:\/\/www.radiopiu.net\/wordpress\/wp-content\/uploads\/2026\/01\/a256105a-94ea-48f4-b7ca-5df1e3132c55.jpeg\" data-dt-img-description=\"\" data-large_image_width=\"1200\" data-large_image_height=\"628\"><img loading=\"lazy\" decoding=\"async\" class=\"size-medium wp-image-493412 aligncenter\" src=\"https:\/\/www.radiopiu.net\/wordpress\/wp-content\/uploads\/2026\/01\/a256105a-94ea-48f4-b7ca-5df1e3132c55-300x157.jpeg\" alt=\"\" width=\"300\" height=\"157\" srcset=\"https:\/\/www.radiopiu.net\/wordpress\/wp-content\/uploads\/2026\/01\/a256105a-94ea-48f4-b7ca-5df1e3132c55-300x157.jpeg 300w, https:\/\/www.radiopiu.net\/wordpress\/wp-content\/uploads\/2026\/01\/a256105a-94ea-48f4-b7ca-5df1e3132c55-1024x536.jpeg 1024w, https:\/\/www.radiopiu.net\/wordpress\/wp-content\/uploads\/2026\/01\/a256105a-94ea-48f4-b7ca-5df1e3132c55-768x402.jpeg 768w, https:\/\/www.radiopiu.net\/wordpress\/wp-content\/uploads\/2026\/01\/a256105a-94ea-48f4-b7ca-5df1e3132c55.jpeg 1200w\" sizes=\"auto, (max-width: 300px) 100vw, 300px\" \/><\/a><\/strong><\/p>\n<p><strong>DI ROBERTO MIANA, PORTAVOCE DELL\u2019ALLEGHE HOCKEY<\/strong><\/p>\n<p>Quarta giornata del Master Round del campionato IHL di hockey su ghiaccio. Gioved\u00ec 29 Gennaio alle 20:30 le Civette giocano sul ghiaccio di Caldaro.<br \/>\nL\u2019ultimo turno \u00e8 stato ancora una volta amaro per l\u2019ALLEGHE, sconfitto sul ghiaccio amico 5-6 dall\u2019Appiano. In un match ricco di emozioni ma anche dubbie decisioni arbitrali.<br \/>\nNei primi minuti di gare le Civette non sono scese mentalmente sul ghiaccio e gli ospiti ne hanno approfittato portandosi avanti di tre marcature (0-1)(0-2)(0-3). A questo punto gli Alleghesi, con uno scatto di orgoglio, sono riusciti a rientrare in partita grazie ad Atte Huhtela (1-3) e Giacomo Alessio (2-3) che in 19 secondi hanno riacceso il match, prima per\u00f2 dell\u2019immediato quarto gol dei Pirati (2-4). In apertura di secondo tempo, in meno di un minuto, l\u2019Alleghe ha avuto la forza e la bravura di pareggiare i conti con le reti di Marwin Martini (3-4) e Edgar De Toni (4-4). L\u2019Appiano per\u00f2, complici alcuni episodi contestati, \u00e8 riuscito a riportarsi nuovamente sul doppio vantaggio (4-5)(4-6). Proprio sul finale di tempo la seconda rete personale di Edgar De Toni ha riacceso il \u201cDe Toni\u201d (5-6). Nell\u2019ultimo drittel l\u2019Appiano ha eretto un muro invalicabile davanti alla propria porta e, complice la stanchezza che si \u00e8 fatta sentire negli Agordini, il risultato non \u00e8 pi\u00f9 cambiato, palesando la terza sconfitta consecutiva per i Biancorossi in questa seconda fase di campionato.<br \/>\nLa classifica del Master Round vede il Caldaro in testa con 26 punti, seguito dall\u2019Aosta a 20, Appiano e Varese appaiate a 16, Alleghe 15 e Pergine 14 punti.<br \/>\nIl CALDARO continua senza sosta la sua marcia in testa alla classifica. Nell\u2019ultima gara ha battuto autorevolmente 4-1 il Varese. Basso Atesini che si dimostrano ancora una volta squadra solidissima in difesa e con un attacco in grado di segnare indifferentemente con tutti i propri giocatori.<br \/>\nSono trenta i PRECEDENTI giocati in IHL tra Alleghe e Caldaro. Il bilancio \u00e8 di 6 successi delle Civette contro 24 affermazioni dei Lucci. Nei due incroci stagionali \u00e8 stato rispettato il fattore campo: vittoria del Caldaro 5-1 alla Raiffeisen Arena e dell\u2019Alleghe 6-2 al \u201cDe Toni\u201d.<\/p>\n<p><strong>SV KALTERN CALDARO ROTHBLAAS &#8211; ALLEGHE HOCKEY<\/strong><br \/>\nGioved\u00ec 29 Gennaio ore 20:30 Raiffeisen Arena di Caldaro (BZ). Arbitri: Fabio Tirelli e Alessandro Scalzeri con giudici di linea Andrea Carrito e Anna Callovini. Collegamenti in DIRETTA RADIOFONICA su Radio Pi\u00f9 (www.radiopiu.net) con \u201chockey al punto giusto\u201d, in studio Marco Gaz e da Caldaro interventi di Federico Paganin<\/p>\n<p>&nbsp;<\/p>\n<p><span style=\"color: #0000ff;\"><strong>NUOTO<\/strong><\/span><\/p>\n<blockquote>\n<h3>AGORDO OSPITA IL CAMPIONATO REGIONALE CSI DI NUOTO<\/h3>\n<\/blockquote>\n<p><a class=\"dt-pswp-item\" href=\"https:\/\/www.radiopiu.net\/wordpress\/wp-content\/uploads\/2026\/01\/Lignano-Campionato-Nazionale-di-Nuoto-CSI-1.jpg\" data-dt-img-description=\"\" data-large_image_width=\"2048\" data-large_image_height=\"1366\"><img loading=\"lazy\" decoding=\"async\" class=\"wp-image-493466 aligncenter\" src=\"https:\/\/www.radiopiu.net\/wordpress\/wp-content\/uploads\/2026\/01\/Lignano-Campionato-Nazionale-di-Nuoto-CSI-1-300x200.jpg\" alt=\"\" width=\"213\" height=\"142\" srcset=\"https:\/\/www.radiopiu.net\/wordpress\/wp-content\/uploads\/2026\/01\/Lignano-Campionato-Nazionale-di-Nuoto-CSI-1-300x200.jpg 300w, https:\/\/www.radiopiu.net\/wordpress\/wp-content\/uploads\/2026\/01\/Lignano-Campionato-Nazionale-di-Nuoto-CSI-1-1024x683.jpg 1024w, https:\/\/www.radiopiu.net\/wordpress\/wp-content\/uploads\/2026\/01\/Lignano-Campionato-Nazionale-di-Nuoto-CSI-1-768x512.jpg 768w, https:\/\/www.radiopiu.net\/wordpress\/wp-content\/uploads\/2026\/01\/Lignano-Campionato-Nazionale-di-Nuoto-CSI-1-1536x1025.jpg 1536w, https:\/\/www.radiopiu.net\/wordpress\/wp-content\/uploads\/2026\/01\/Lignano-Campionato-Nazionale-di-Nuoto-CSI-1.jpg 2048w\" sizes=\"auto, (max-width: 213px) 100vw, 213px\" \/><\/a>Sabato 7 febbraio la piscina di Agordo sar\u00e0 teatro del Campionato regionale di nuoto CSI, appuntamento di rilievo per il movimento natatorio veneto. Alla manifestazione potranno partecipare tutte le societ\u00e0 del Veneto regolarmente affiliate al Centro Sportivo Italiano e in regola con il tesseramento per l\u2019anno sportivo in corso, senza limiti nel numero di atleti iscritti. \u00c8 prevista inoltre la partecipazione di atleti CSI provenienti da altre Regioni, purch\u00e9 autorizzati e in possesso dei requisiti richiesti. L\u2019evento assume un\u2019importanza strategica perch\u00e9 valido come prova di qualificazione al Campionato Nazionale CSI di Nuoto 2026, in programma a Lignano Sabbiadoro dal 3 al 7 giugno. L\u2019organizzazione \u00e8 curata dalla societ\u00e0 Attivamente Agordino.<\/p>\n<p>&nbsp;<\/p>\n<p><span style=\"color: #0000ff;\"><strong>MOTORI<\/strong><\/span><\/p>\n<blockquote>\n<h3>AF09 ICE DRIVE: EMOZIONI PURE SUL GHIACCIO DEL TONALE<\/h3>\n<\/blockquote>\n<p><strong><a class=\"dt-pswp-item\" href=\"https:\/\/www.radiopiu.net\/wordpress\/wp-content\/uploads\/2026\/01\/FONT.png\" data-dt-img-description=\"\" data-large_image_width=\"763\" data-large_image_height=\"407\"><img loading=\"lazy\" decoding=\"async\" class=\"wp-image-491098 aligncenter\" src=\"https:\/\/www.radiopiu.net\/wordpress\/wp-content\/uploads\/2026\/01\/FONT-300x160.png\" alt=\"\" width=\"210\" height=\"112\" srcset=\"https:\/\/www.radiopiu.net\/wordpress\/wp-content\/uploads\/2026\/01\/FONT-300x160.png 300w, https:\/\/www.radiopiu.net\/wordpress\/wp-content\/uploads\/2026\/01\/FONT.png 763w\" sizes=\"auto, (max-width: 210px) 100vw, 210px\" \/><\/a><\/strong><\/p>\n<p>&nbsp;<\/p>\n<p><strong>REDAZIONE<\/strong> AF09 Ice Drive non \u00e8 un semplice corso di guida, ma un\u2019esperienza esclusiva dedicata a chi vive l\u2019auto come una vera passione. Sul suggestivo scenario innevato del Passo del Tonale prende vita un weekend immersivo tra adrenalina, tecnica e condivisione. Guidati dal pilota professionista Andrea Fontana e dal suo team, i partecipanti imparano o affinano le tecniche della guida di traverso su ghiaccio, sviluppando controllo e sensibilit\u00e0 su fondi a bassissima aderenza. Il programma prevede sessioni in pista, momenti formativi e una gara finale che mette alla prova le abilit\u00e0 acquisite. A completare l\u2019esperienza, il concerto nell\u2019Ice Dome e l\u2019escursione in motoslitta con cena tipica. Cuore dell\u2019evento \u00e8 la pista ghiaccio Val di Sole, 1520 metri di emozioni anche in notturna. Sono ancora disponibili 4 posti.<\/p>\n<p><strong>PER LA BROCHURE DELL&#8217;EVENTO <a href=\"https:\/\/andreafontana09.us19.list-manage.com\/track\/click?u=0d3a50951ab94033b52804bdf&amp;id=e8b8377d7e&amp;e=eff35e7032\"><span style=\"color: #3366ff;\">CLICCA QUI<\/span><\/a><\/strong><\/p>\n<p>&nbsp;<\/p>\n<p>&nbsp;<\/p>\n<p>&nbsp;<\/p>\n<p>&nbsp;<\/p>\n<p>&nbsp;<\/p>\n","protected":false},"excerpt":{"rendered":"<p>\u00a0**** &nbsp; SUPERSKI&#8230; DI PAESE come una volta. brava Sveva LA\u00a0 \u00a0 APP LA\u00a0 APP PER IOS-IPHONE di Nicola Vettorello https:\/\/apps.apple.com\/it\/app\/radio-pi%C3%B9-emittente-agordina\/id1515939845 LA\u00a0 APP RADIO\u00a0 PER ANDROID di Nicola Vettorello https:\/\/play.google.com\/store\/apps\/details?id=net.radiopiu.iniko\u00a0\u00a0\u00a0\u00a0\u00a0 &nbsp; &nbsp; &nbsp; IL GIOVED\u00cc DI RADIO PI\u00d9 IN BREVE Il gioved\u00ec su Radio Pi\u00f9 non \u00e8 un giorno qualunque: \u00e8 una vera e propria&hellip;<\/p>\n","protected":false},"author":4,"featured_media":493583,"comment_status":"closed","ping_status":"closed","sticky":false,"template":"","format":"standard","meta":{"_monsterinsights_skip_tracking":false,"_monsterinsights_sitenote_active":false,"_monsterinsights_sitenote_note":"","_monsterinsights_sitenote_category":0,"footnotes":""},"categories":[51,86,49],"tags":[],"class_list":["post-493330","post","type-post","status-publish","format-standard","has-post-thumbnail","hentry","category-evidenza-top","category-gr","category-news-18","category-51","category-86","category-49","description-off"],"img_url":"https:\/\/www.radiopiu.net\/wordpress\/wp-content\/uploads\/2026\/01\/ff7ce0ed-2a16-4ed3-8258-5c33d0578bca.png","_links":{"self":[{"href":"https:\/\/www.radiopiu.net\/wordpress\/wp-json\/wp\/v2\/posts\/493330","targetHints":{"allow":["GET"]}}],"collection":[{"href":"https:\/\/www.radiopiu.net\/wordpress\/wp-json\/wp\/v2\/posts"}],"about":[{"href":"https:\/\/www.radiopiu.net\/wordpress\/wp-json\/wp\/v2\/types\/post"}],"author":[{"embeddable":true,"href":"https:\/\/www.radiopiu.net\/wordpress\/wp-json\/wp\/v2\/users\/4"}],"replies":[{"embeddable":true,"href":"https:\/\/www.radiopiu.net\/wordpress\/wp-json\/wp\/v2\/comments?post=493330"}],"version-history":[{"count":49,"href":"https:\/\/www.radiopiu.net\/wordpress\/wp-json\/wp\/v2\/posts\/493330\/revisions"}],"predecessor-version":[{"id":493635,"href":"https:\/\/www.radiopiu.net\/wordpress\/wp-json\/wp\/v2\/posts\/493330\/revisions\/493635"}],"wp:featuredmedia":[{"embeddable":true,"href":"https:\/\/www.radiopiu.net\/wordpress\/wp-json\/wp\/v2\/media\/493583"}],"wp:attachment":[{"href":"https:\/\/www.radiopiu.net\/wordpress\/wp-json\/wp\/v2\/media?parent=493330"}],"wp:term":[{"taxonomy":"category","embeddable":true,"href":"https:\/\/www.radiopiu.net\/wordpress\/wp-json\/wp\/v2\/categories?post=493330"},{"taxonomy":"post_tag","embeddable":true,"href":"https:\/\/www.radiopiu.net\/wordpress\/wp-json\/wp\/v2\/tags?post=493330"}],"curies":[{"name":"wp","href":"https:\/\/api.w.org\/{rel}","templated":true}]}}