{"id":493339,"date":"2026-01-28T05:12:18","date_gmt":"2026-01-28T04:12:18","guid":{"rendered":"https:\/\/www.radiopiu.net\/wordpress\/?p=493339"},"modified":"2026-01-28T05:53:28","modified_gmt":"2026-01-28T04:53:28","slug":"noialtri-le-famiglie-denunciano-centro-diurno-non-a-norma","status":"publish","type":"post","link":"https:\/\/www.radiopiu.net\/wordpress\/noialtri-le-famiglie-denunciano-centro-diurno-non-a-norma\/","title":{"rendered":"NOIALTRI, LE FAMIGLIE DENUNCIANO: \u00abCENTRO DIURNO NON A NORMA\u00bb"},"content":{"rendered":"<p>***<\/p>\n<div class=\"flex flex-col text-sm pb-25\">\n<article class=\"text-token-text-primary w-full focus:outline-none [--shadow-height:45px] has-data-writing-block:pointer-events-none has-data-writing-block:-mt-(--shadow-height) has-data-writing-block:pt-(--shadow-height) [&amp;:has([data-writing-block])&gt;*]:pointer-events-auto scroll-mt-[calc(var(--header-height)+min(200px,max(70px,20svh)))]\" dir=\"auto\" tabindex=\"-1\" data-turn-id=\"cdab0536-14eb-4659-9d6b-ef2ad293db15\" data-testid=\"conversation-turn-118\" data-scroll-anchor=\"true\" data-turn=\"assistant\">\n<div class=\"text-base my-auto mx-auto pb-10 [--thread-content-margin:--spacing(4)] @w-sm\/main:[--thread-content-margin:--spacing(6)] @w-lg\/main:[--thread-content-margin:--spacing(16)] px-(--thread-content-margin)\">\n<div class=\"[--thread-content-max-width:40rem] @w-lg\/main:[--thread-content-max-width:48rem] mx-auto max-w-(--thread-content-max-width) flex-1 group\/turn-messages focus-visible:outline-hidden relative flex w-full min-w-0 flex-col agent-turn\" tabindex=\"-1\">\n<div class=\"flex max-w-full flex-col grow\">\n<div class=\"min-h-8 text-message relative flex w-full flex-col items-end gap-2 text-start break-words whitespace-normal [.text-message+&amp;]:mt-1\" dir=\"auto\" data-message-author-role=\"assistant\" data-message-id=\"5b4df174-b0bc-4773-a732-dfd3a35d7ba1\" data-message-model-slug=\"gpt-5-2\">\n<div class=\"flex w-full flex-col gap-1 empty:hidden first:pt-[1px]\">\n<div class=\"markdown prose dark:prose-invert w-full wrap-break-word dark markdown-new-styling\">\n<p data-start=\"67\" data-end=\"1018\" data-is-last-node=\"\" data-is-only-node=\"\"><a class=\"dt-pswp-item\" href=\"https:\/\/www.radiopiu.net\/wordpress\/wp-content\/uploads\/2021\/12\/1567244878192_Dario_Dal_Magro_p.png.jpg\" data-dt-img-description=\"\" data-large_image_width=\"350\" data-large_image_height=\"200\"><img loading=\"lazy\" decoding=\"async\" class=\" wp-image-251309 alignleft\" src=\"https:\/\/www.radiopiu.net\/wordpress\/wp-content\/uploads\/2021\/12\/1567244878192_Dario_Dal_Magro_p.png-300x171.jpg\" alt=\"\" width=\"223\" height=\"127\" srcset=\"https:\/\/www.radiopiu.net\/wordpress\/wp-content\/uploads\/2021\/12\/1567244878192_Dario_Dal_Magro_p.png-300x171.jpg 300w, https:\/\/www.radiopiu.net\/wordpress\/wp-content\/uploads\/2021\/12\/1567244878192_Dario_Dal_Magro_p.png.jpg 350w\" sizes=\"auto, (max-width: 223px) 100vw, 223px\" \/><\/a>Le famiglie dei ragazzi che frequentano il centro diurno Noialtri di Mel lanciano un appello pubblico e una denuncia formale: la sede non \u00e8 a norma e la situazione va avanti da oltre due anni senza soluzioni concrete. In una lettera indirizzata al consigliere comunale Dario Dal Magro (foto), i familiari ringraziano per la mozione presentata in Consiglio, ma denunciano l\u2019inerzia delle istituzioni. L\u2019impegno a individuare una nuova struttura idonea, affidato al sindaco di Borgo Valbelluna Stefano Cesa, non ha prodotto risultati. Oggi il servizio prosegue solo grazie a deroghe dell\u2019Ulss, ritenute ormai un abuso per mantenere attivi spazi non conformi. Le famiglie parlano di indifferenza istituzionale e chiedono spazi dignitosi, non favori: dalla ristrutturazione di edifici esistenti a una nuova sede modulare. Il messaggio \u00e8 chiaro: i tempi sono scaduti e la disabilit\u00e0 deve tornare una priorit\u00e0 reale.<\/p>\n<\/div>\n<\/div>\n<\/div>\n<\/div>\n<div class=\"z-0 flex min-h-[46px] justify-start\"><\/div>\n<div class=\"mt-3 w-full empty:hidden\">\n<div class=\"text-center\">\n___<\/div>\n<\/div>\n<\/div>\n<\/div>\n<\/article>\n<\/div>\n<div class=\"pointer-events-none h-px w-px absolute bottom-0\" aria-hidden=\"true\" data-edge=\"true\"><\/div>\n","protected":false},"excerpt":{"rendered":"<p>*** Le famiglie dei ragazzi che frequentano il centro diurno Noialtri di Mel lanciano un appello pubblico e una denuncia formale: la sede non \u00e8 a norma e la situazione va avanti da oltre due anni senza soluzioni concrete. In una lettera indirizzata al consigliere comunale Dario Dal Magro (foto), i familiari ringraziano per la&hellip;<\/p>\n","protected":false},"author":4,"featured_media":493340,"comment_status":"closed","ping_status":"closed","sticky":false,"template":"","format":"standard","meta":{"_monsterinsights_skip_tracking":false,"_monsterinsights_sitenote_active":false,"_monsterinsights_sitenote_note":"","_monsterinsights_sitenote_category":0,"footnotes":""},"categories":[51,49],"tags":[],"class_list":["post-493339","post","type-post","status-publish","format-standard","has-post-thumbnail","hentry","category-evidenza-top","category-news-18","category-51","category-49","description-off"],"img_url":"https:\/\/www.radiopiu.net\/wordpress\/wp-content\/uploads\/2026\/01\/Screenshot-2026-01-28-051208.png","_links":{"self":[{"href":"https:\/\/www.radiopiu.net\/wordpress\/wp-json\/wp\/v2\/posts\/493339","targetHints":{"allow":["GET"]}}],"collection":[{"href":"https:\/\/www.radiopiu.net\/wordpress\/wp-json\/wp\/v2\/posts"}],"about":[{"href":"https:\/\/www.radiopiu.net\/wordpress\/wp-json\/wp\/v2\/types\/post"}],"author":[{"embeddable":true,"href":"https:\/\/www.radiopiu.net\/wordpress\/wp-json\/wp\/v2\/users\/4"}],"replies":[{"embeddable":true,"href":"https:\/\/www.radiopiu.net\/wordpress\/wp-json\/wp\/v2\/comments?post=493339"}],"version-history":[{"count":1,"href":"https:\/\/www.radiopiu.net\/wordpress\/wp-json\/wp\/v2\/posts\/493339\/revisions"}],"predecessor-version":[{"id":493341,"href":"https:\/\/www.radiopiu.net\/wordpress\/wp-json\/wp\/v2\/posts\/493339\/revisions\/493341"}],"wp:featuredmedia":[{"embeddable":true,"href":"https:\/\/www.radiopiu.net\/wordpress\/wp-json\/wp\/v2\/media\/493340"}],"wp:attachment":[{"href":"https:\/\/www.radiopiu.net\/wordpress\/wp-json\/wp\/v2\/media?parent=493339"}],"wp:term":[{"taxonomy":"category","embeddable":true,"href":"https:\/\/www.radiopiu.net\/wordpress\/wp-json\/wp\/v2\/categories?post=493339"},{"taxonomy":"post_tag","embeddable":true,"href":"https:\/\/www.radiopiu.net\/wordpress\/wp-json\/wp\/v2\/tags?post=493339"}],"curies":[{"name":"wp","href":"https:\/\/api.w.org\/{rel}","templated":true}]}}