{"id":493405,"date":"2026-01-28T08:59:00","date_gmt":"2026-01-28T07:59:00","guid":{"rendered":"https:\/\/www.radiopiu.net\/wordpress\/?p=493405"},"modified":"2026-01-28T09:00:06","modified_gmt":"2026-01-28T08:00:06","slug":"493405-2","status":"publish","type":"post","link":"https:\/\/www.radiopiu.net\/wordpress\/493405-2\/","title":{"rendered":"AREE INTERNE, NON PERIFERIE: IL SAGGIO DI ANDREA FERRAZZI"},"content":{"rendered":"<p>***<\/p>\n<blockquote>\n<ul data-start=\"78\" data-end=\"608\">\n<li data-start=\"535\" data-end=\"608\">\n<p data-start=\"537\" data-end=\"608\"><em><strong data-start=\"537\" data-end=\"608\">ARTDOLOMITES PORTA A MEL IL DIBATTITO SUL FUTURO DELLE AREE INTERNE<\/strong><\/em><\/p>\n<\/li>\n<\/ul>\n<\/blockquote>\n<p><strong>BORGO VALBELLUNA<\/strong><\/p>\n<article class=\"text-token-text-primary w-full focus:outline-none [--shadow-height:45px] has-data-writing-block:pointer-events-none has-data-writing-block:-mt-(--shadow-height) has-data-writing-block:pt-(--shadow-height) [&amp;:has([data-writing-block])&gt;*]:pointer-events-auto scroll-mt-[calc(var(--header-height)+min(200px,max(70px,20svh)))]\" dir=\"auto\" tabindex=\"-1\" data-turn-id=\"ad0ec41f-4ad2-4861-a769-9cc2b3826acc\" data-testid=\"conversation-turn-199\" data-scroll-anchor=\"false\" data-turn=\"assistant\">\n<div class=\"text-base my-auto mx-auto [--thread-content-margin:--spacing(4)] @w-sm\/main:[--thread-content-margin:--spacing(6)] @w-lg\/main:[--thread-content-margin:--spacing(16)] px-(--thread-content-margin)\">\n<div class=\"[--thread-content-max-width:40rem] @w-lg\/main:[--thread-content-max-width:48rem] mx-auto max-w-(--thread-content-max-width) flex-1 group\/turn-messages focus-visible:outline-hidden relative flex w-full min-w-0 flex-col agent-turn\" tabindex=\"-1\">\n<div class=\"flex max-w-full flex-col grow\">\n<div class=\"min-h-8 text-message relative flex w-full flex-col items-end gap-2 text-start break-words whitespace-normal [.text-message+&amp;]:mt-1\" dir=\"auto\" data-message-author-role=\"assistant\" data-message-id=\"46cab048-10dc-40a1-9bcb-c301b85607e7\" data-message-model-slug=\"gpt-5-2\">\n<div class=\"flex w-full flex-col gap-1 empty:hidden first:pt-[1px]\">\n<div class=\"markdown prose dark:prose-invert w-full wrap-break-word dark markdown-new-styling\">\n<p data-start=\"0\" data-end=\"482\"><a class=\"dt-pswp-item\" href=\"https:\/\/www.radiopiu.net\/wordpress\/wp-content\/uploads\/2026\/01\/Screenshot-2026-01-28-085722.png\" data-dt-img-description=\"\" data-large_image_width=\"561\" data-large_image_height=\"344\"><img loading=\"lazy\" decoding=\"async\" class=\"size-medium wp-image-493406 alignleft\" src=\"https:\/\/www.radiopiu.net\/wordpress\/wp-content\/uploads\/2026\/01\/Screenshot-2026-01-28-085722-300x184.png\" alt=\"\" width=\"300\" height=\"184\" srcset=\"https:\/\/www.radiopiu.net\/wordpress\/wp-content\/uploads\/2026\/01\/Screenshot-2026-01-28-085722-300x184.png 300w, https:\/\/www.radiopiu.net\/wordpress\/wp-content\/uploads\/2026\/01\/Screenshot-2026-01-28-085722.png 561w\" sizes=\"auto, (max-width: 300px) 100vw, 300px\" \/><\/a>A Mel si accendono i riflettori sul futuro delle terre alte. Marted\u00ec 3 febbraio 2026, alle 20.30, la Sala degli Affreschi del Municipio di Mel, a Borgo Valbelluna, ospiter\u00e0 la prima presentazione pubblica del libro <span class=\"hover:entity-accent entity-underline inline cursor-pointer align-baseline\"><span class=\"whitespace-normal\">Il futuro ad alta quota. Montagne, aree interne, periferie<\/span><\/span> di <span class=\"hover:entity-accent entity-underline inline cursor-pointer align-baseline\"><span class=\"whitespace-normal\">Andrea Ferrazzi<\/span><\/span>, edito da Rubbettino. Un appuntamento che unisce riflessione culturale e visione politica, promosso dall\u2019Associazione ArtDolomites APS con il patrocinio del Comune. Nel suo saggio, Ferrazzi affronta uno dei nodi centrali del dibattito contemporaneo: la distanza crescente tra i centri decisionali e le aree considerate marginali. Montagne e territori interni, spesso raccontati come luoghi del passato o del declino, vengono invece riletti come spazi di possibilit\u00e0, capaci di tornare protagonisti se sostenuti da scelte coraggiose e da una nuova fiducia collettiva. La chiave interpretativa proposta dall\u2019autore \u00e8 <a class=\"dt-pswp-item\" href=\"https:\/\/www.radiopiu.net\/wordpress\/wp-content\/uploads\/2025\/04\/download-10.jpg\" data-dt-img-description=\"\" data-large_image_width=\"220\" data-large_image_height=\"220\"><img loading=\"lazy\" decoding=\"async\" class=\"size-full wp-image-445318 alignright\" src=\"https:\/\/www.radiopiu.net\/wordpress\/wp-content\/uploads\/2025\/04\/download-10.jpg\" alt=\"\" width=\"220\" height=\"220\" srcset=\"https:\/\/www.radiopiu.net\/wordpress\/wp-content\/uploads\/2025\/04\/download-10.jpg 220w, https:\/\/www.radiopiu.net\/wordpress\/wp-content\/uploads\/2025\/04\/download-10-150x150.jpg 150w\" sizes=\"auto, (max-width: 220px) 100vw, 220px\" \/><\/a>netta: nostalgia e fiducia.<\/p>\n<blockquote>\n<h3 data-start=\"0\" data-end=\"482\">TRA NOSTALGIA E FIDUCIA: LE TERRE ALTE CHE VOGLIONO CONTARE<\/h3>\n<\/blockquote>\n<p data-start=\"0\" data-end=\"482\">Dove prevale la prima, l\u2019innovazione si blocca; dove cresce la seconda, si aprono scenari di sviluppo, attrattivit\u00e0 e qualit\u00e0 della vita. La serata si aprir\u00e0 con i saluti istituzionali del sindaco di Borgo Valbelluna Stefano Cesa, della vicepresidente di ArtDolomites Debora Lotto, della presidente di <span class=\"hover:entity-accent entity-underline inline cursor-pointer align-baseline\"><span class=\"whitespace-normal\">Confindustria Belluno Dolomiti<\/span><\/span> Lorraine Berton e del presidente della Provincia di Belluno Roberto Padrin. A seguire, il dialogo con l\u2019autore vedr\u00e0 protagonisti Giulio Buciuni, professore associato al Trinity College di Dublino e coordinatore scientifico di Fondazione Nord Est, e Michele Da Rold, presidente del Gruppo Giovani Imprenditori di Confindustria Belluno Dolomiti, portando punti di vista accademici e imprenditoriali a confronto. Le conclusioni saranno affidate all\u2019assessore regionale del Veneto Dario Bond, con delega ad Agricoltura, Foreste e Montagna, a sottolineare il legame tra visione culturale e politiche pubbliche. Una presentazione che \u00e8 anche un invito a guardare alle montagne non come periferie da difendere, ma come luoghi che vogliono contare. E che chiedono, oggi pi\u00f9 che mai, ascolto, progettualit\u00e0 e fiducia.<\/p>\n<\/div>\n<\/div>\n<\/div>\n<\/div>\n<\/div>\n<\/div>\n<\/article>\n<div class=\"z-0 flex min-h-[46px] justify-start\"><\/div>\n<div><\/div>\n<div><\/div>\n<div>___<\/div>\n","protected":false},"excerpt":{"rendered":"<p>*** ARTDOLOMITES PORTA A MEL IL DIBATTITO SUL FUTURO DELLE AREE INTERNE BORGO VALBELLUNA A Mel si accendono i riflettori sul futuro delle terre alte. Marted\u00ec 3 febbraio 2026, alle 20.30, la Sala degli Affreschi del Municipio di Mel, a Borgo Valbelluna, ospiter\u00e0 la prima presentazione pubblica del libro Il futuro ad alta quota. Montagne,&hellip;<\/p>\n","protected":false},"author":4,"featured_media":493406,"comment_status":"closed","ping_status":"closed","sticky":false,"template":"","format":"standard","meta":{"_monsterinsights_skip_tracking":false,"_monsterinsights_sitenote_active":false,"_monsterinsights_sitenote_note":"","_monsterinsights_sitenote_category":0,"footnotes":""},"categories":[49],"tags":[],"class_list":["post-493405","post","type-post","status-publish","format-standard","has-post-thumbnail","hentry","category-news-18","category-49","description-off"],"img_url":"https:\/\/www.radiopiu.net\/wordpress\/wp-content\/uploads\/2026\/01\/Screenshot-2026-01-28-085722.png","_links":{"self":[{"href":"https:\/\/www.radiopiu.net\/wordpress\/wp-json\/wp\/v2\/posts\/493405","targetHints":{"allow":["GET"]}}],"collection":[{"href":"https:\/\/www.radiopiu.net\/wordpress\/wp-json\/wp\/v2\/posts"}],"about":[{"href":"https:\/\/www.radiopiu.net\/wordpress\/wp-json\/wp\/v2\/types\/post"}],"author":[{"embeddable":true,"href":"https:\/\/www.radiopiu.net\/wordpress\/wp-json\/wp\/v2\/users\/4"}],"replies":[{"embeddable":true,"href":"https:\/\/www.radiopiu.net\/wordpress\/wp-json\/wp\/v2\/comments?post=493405"}],"version-history":[{"count":3,"href":"https:\/\/www.radiopiu.net\/wordpress\/wp-json\/wp\/v2\/posts\/493405\/revisions"}],"predecessor-version":[{"id":493409,"href":"https:\/\/www.radiopiu.net\/wordpress\/wp-json\/wp\/v2\/posts\/493405\/revisions\/493409"}],"wp:featuredmedia":[{"embeddable":true,"href":"https:\/\/www.radiopiu.net\/wordpress\/wp-json\/wp\/v2\/media\/493406"}],"wp:attachment":[{"href":"https:\/\/www.radiopiu.net\/wordpress\/wp-json\/wp\/v2\/media?parent=493405"}],"wp:term":[{"taxonomy":"category","embeddable":true,"href":"https:\/\/www.radiopiu.net\/wordpress\/wp-json\/wp\/v2\/categories?post=493405"},{"taxonomy":"post_tag","embeddable":true,"href":"https:\/\/www.radiopiu.net\/wordpress\/wp-json\/wp\/v2\/tags?post=493405"}],"curies":[{"name":"wp","href":"https:\/\/api.w.org\/{rel}","templated":true}]}}