{"id":493456,"date":"2026-01-28T14:56:24","date_gmt":"2026-01-28T13:56:24","guid":{"rendered":"https:\/\/www.radiopiu.net\/wordpress\/?p=493456"},"modified":"2026-01-28T14:58:30","modified_gmt":"2026-01-28T13:58:30","slug":"maltempo-in-veneto-allerta-idraulica-e-rischio-valanghe-tra-prealpi-e-dolomiti","status":"publish","type":"post","link":"https:\/\/www.radiopiu.net\/wordpress\/maltempo-in-veneto-allerta-idraulica-e-rischio-valanghe-tra-prealpi-e-dolomiti\/","title":{"rendered":"MALTEMPO IN VENETO: ALLERTA IDRAULICA E RISCHIO VALANGHE TRA PREALPI E DOLOMITI"},"content":{"rendered":"<p>**<\/p>\n<p><a class=\"dt-pswp-item\" href=\"https:\/\/www.radiopiu.net\/wordpress\/wp-content\/uploads\/2026\/01\/instabilita.jpg\" data-dt-img-description=\"\" data-large_image_width=\"1280\" data-large_image_height=\"768\"><img loading=\"lazy\" decoding=\"async\" class=\"size-medium wp-image-493459 alignleft\" src=\"https:\/\/www.radiopiu.net\/wordpress\/wp-content\/uploads\/2026\/01\/instabilita-300x180.jpg\" alt=\"\" width=\"300\" height=\"180\" srcset=\"https:\/\/www.radiopiu.net\/wordpress\/wp-content\/uploads\/2026\/01\/instabilita-300x180.jpg 300w, https:\/\/www.radiopiu.net\/wordpress\/wp-content\/uploads\/2026\/01\/instabilita-1024x614.jpg 1024w, https:\/\/www.radiopiu.net\/wordpress\/wp-content\/uploads\/2026\/01\/instabilita-768x461.jpg 768w, https:\/\/www.radiopiu.net\/wordpress\/wp-content\/uploads\/2026\/01\/instabilita.jpg 1280w\" sizes=\"auto, (max-width: 300px) 100vw, 300px\" \/><\/a>Nel pomeriggio di oggi, 28 gennaio, il tempo sar\u00e0 inizialmente perturbato con precipitazioni specie sui settori centro-orientali di Prealpi e pianura e sulle Dolomiti, mentre saranno in graduale diradamento su quelli occidentali e meridionali della regione. Sulle zone montane il limite della neve sar\u00e0 in temporaneo rialzo specie sulle Prealpi (1200\/1500 m) e sui settori pi\u00f9 aperti delle Dolomiti, in contenuto nuovo abbassamento dalla serata. Domani gioved\u00ec 29 gennaio il tempo sar\u00e0 debolmente perturbato al mattino specie nel Bellunese, con precipitazioni a tratti diffuse sulle Dolomiti e sparse sulle Prealpi, le nevicate si estenderanno fino a gran parte dei fondovalle dolomitici e intorno ai 1000m su Prealpi, in diradamento nel pomeriggio. In considerazione di queste previsioni, il Centro funzionale decentrato della Protezione civile del Veneto ha dichiarato la fase di attenzione per rischio idraulico nelle zone VENE-B (Alto Brenta-Bacchiglione-Alpone), VENE-E (Basso Brenta-Bacchiglione) e VENE-F (Basso Piave-Sile-Bacino scolante in laguna); in quest\u2019ultima zona l\u2019allerta sar\u00e0 gialla anche per criticit\u00e0 idrogeologica, fino alle 14 di domani 29 gennaio. Sulle zone di allerta Vene-B, Vene-E, Vene-F \u00e8 atteso un innalzamento dei livelli dei corsi d\u2019acqua principali, anche prossimo o superiore alla prima soglia e generalmente contenuto all\u2019interno dell\u2019alveo; \u00e8 stato gi\u00e0 registrato su alcune sezioni della rete principale il superamento del primo livello di guardia. Su Vene-F saranno possibili l\u2019innalzamento dei livelli della rete idrografica secondaria e il rigurgito dei sistemi di smaltimento delle acque piovane con allagamenti di locali interrati e\/o sottopassi. Inoltre, in riferimento alla situazione nivometeorologica prevista dal Bollettino odierno del Centro Valanghe di Arabba, \u00e8 dichiarata la fase di attenzione per rischio valanghe nelle aree antropizzate delle zone MONT-1 e MONT-2 (fascia montana e prealpina del Bellunese) a partire dal oggi alle 12. Dove i cumuli di neve fresca saranno maggiori, nelle situazioni pi\u00f9 esposte non si esclude che singole valanghe possano interessare le vie di comunicazione in quota e i passi dolomitici.<\/p>\n","protected":false},"excerpt":{"rendered":"<p>** Nel pomeriggio di oggi, 28 gennaio, il tempo sar\u00e0 inizialmente perturbato con precipitazioni specie sui settori centro-orientali di Prealpi e pianura e sulle Dolomiti, mentre saranno in graduale diradamento su quelli occidentali e meridionali della regione. Sulle zone montane il limite della neve sar\u00e0 in temporaneo rialzo specie sulle Prealpi (1200\/1500 m) e sui&hellip;<\/p>\n","protected":false},"author":4,"featured_media":57488,"comment_status":"closed","ping_status":"closed","sticky":false,"template":"","format":"standard","meta":{"_monsterinsights_skip_tracking":false,"_monsterinsights_sitenote_active":false,"_monsterinsights_sitenote_note":"","_monsterinsights_sitenote_category":0,"footnotes":""},"categories":[51,49],"tags":[],"class_list":["post-493456","post","type-post","status-publish","format-standard","has-post-thumbnail","hentry","category-evidenza-top","category-news-18","category-51","category-49","description-off"],"img_url":"https:\/\/www.radiopiu.net\/wordpress\/wp-content\/uploads\/2018\/08\/instabilita.jpg","_links":{"self":[{"href":"https:\/\/www.radiopiu.net\/wordpress\/wp-json\/wp\/v2\/posts\/493456","targetHints":{"allow":["GET"]}}],"collection":[{"href":"https:\/\/www.radiopiu.net\/wordpress\/wp-json\/wp\/v2\/posts"}],"about":[{"href":"https:\/\/www.radiopiu.net\/wordpress\/wp-json\/wp\/v2\/types\/post"}],"author":[{"embeddable":true,"href":"https:\/\/www.radiopiu.net\/wordpress\/wp-json\/wp\/v2\/users\/4"}],"replies":[{"embeddable":true,"href":"https:\/\/www.radiopiu.net\/wordpress\/wp-json\/wp\/v2\/comments?post=493456"}],"version-history":[{"count":2,"href":"https:\/\/www.radiopiu.net\/wordpress\/wp-json\/wp\/v2\/posts\/493456\/revisions"}],"predecessor-version":[{"id":493460,"href":"https:\/\/www.radiopiu.net\/wordpress\/wp-json\/wp\/v2\/posts\/493456\/revisions\/493460"}],"wp:featuredmedia":[{"embeddable":true,"href":"https:\/\/www.radiopiu.net\/wordpress\/wp-json\/wp\/v2\/media\/57488"}],"wp:attachment":[{"href":"https:\/\/www.radiopiu.net\/wordpress\/wp-json\/wp\/v2\/media?parent=493456"}],"wp:term":[{"taxonomy":"category","embeddable":true,"href":"https:\/\/www.radiopiu.net\/wordpress\/wp-json\/wp\/v2\/categories?post=493456"},{"taxonomy":"post_tag","embeddable":true,"href":"https:\/\/www.radiopiu.net\/wordpress\/wp-json\/wp\/v2\/tags?post=493456"}],"curies":[{"name":"wp","href":"https:\/\/api.w.org\/{rel}","templated":true}]}}