{"id":493511,"date":"2026-01-29T05:44:39","date_gmt":"2026-01-29T04:44:39","guid":{"rendered":"https:\/\/www.radiopiu.net\/wordpress\/?p=493511"},"modified":"2026-01-29T05:54:27","modified_gmt":"2026-01-29T04:54:27","slug":"neve-nellalto-bellunese-viabilita-anas-regolare-criticita-in-ambito-urbano","status":"publish","type":"post","link":"https:\/\/www.radiopiu.net\/wordpress\/neve-nellalto-bellunese-viabilita-anas-regolare-criticita-in-ambito-urbano\/","title":{"rendered":"NEVE NELL\u2019ALTO BELLUNESE: VIABILIT\u00c0 ANAS REGOLARE, CRITICIT\u00c0 IN AMBITO URBANO"},"content":{"rendered":"<p>**********<\/p>\n<p>&nbsp;<\/p>\n<p><strong><a class=\"dt-pswp-item\" href=\"https:\/\/www.radiopiu.net\/wordpress\/wp-content\/uploads\/2021\/01\/NEVE-STRADA.jpg\" data-dt-img-description=\"\" data-large_image_width=\"1920\" data-large_image_height=\"871\"><img loading=\"lazy\" decoding=\"async\" class=\" wp-image-182703 alignleft\" src=\"https:\/\/www.radiopiu.net\/wordpress\/wp-content\/uploads\/2021\/01\/NEVE-STRADA-300x136.jpg\" alt=\"\" width=\"236\" height=\"107\" srcset=\"https:\/\/www.radiopiu.net\/wordpress\/wp-content\/uploads\/2021\/01\/NEVE-STRADA-300x136.jpg 300w, https:\/\/www.radiopiu.net\/wordpress\/wp-content\/uploads\/2021\/01\/NEVE-STRADA-1024x465.jpg 1024w, https:\/\/www.radiopiu.net\/wordpress\/wp-content\/uploads\/2021\/01\/NEVE-STRADA-768x348.jpg 768w, https:\/\/www.radiopiu.net\/wordpress\/wp-content\/uploads\/2021\/01\/NEVE-STRADA-1536x697.jpg 1536w, https:\/\/www.radiopiu.net\/wordpress\/wp-content\/uploads\/2021\/01\/NEVE-STRADA.jpg 1920w\" sizes=\"auto, (max-width: 236px) 100vw, 236px\" \/><\/a>VENEZIA <\/strong>La viabilit\u00e0 lungo la rete stradale Anas dell\u2019alta provincia di Belluno \u00e8 al momento regolare nonostante le nevicate sostenute che stanno interessando l\u2019area montana. Anas sta effettuando le attivit\u00e0 di prevenzione antighiaccio e sgombero neve lungo la rete di competenza secondo il \u201cpiano neve\u201d condiviso con gli altri Enti Gestori, Forze di Polizia e Prefettura di Belluno, assicurando la transitabilit\u00e0 e il presidio costante delle maggiori direttrici di traffico. I mezzi Anas sono operativi sui principali tratti dell\u2019alta provincia di Belluno con oltre 70 mezzi governati dal personale Anas e da imprese locali. Situazioni di difficolt\u00e0 localizzata si segnalano esclusivamente in ambito urbano, soprattutto nel centro abitato di Cortina d\u2019Ampezzo, dove la presenza di veicoli in sosta irregolare lungo la carreggiata continua a ostacolare lo svolgimento delle operazioni di sgombero neve. Il fenomeno persiste nonostante l\u2019attivit\u00e0 di informazione e coordinamento svolta in sede di Comitato Operativo Viabilit\u00e0 (COV) presso la Prefettura di Belluno, finalizzata a contrastare la sosta selvaggia e a garantire la piena operativit\u00e0 dei mezzi spazzaneve. In sede di COV, Anas ha richiesto di valutare congiuntamente se sussistano gli estremi per configurare, a carico degli automobilisti che ostacolano le operazioni nonostante i ripetuti avvisi e le azioni delle Forze dell\u2019Ordine, ipotesi riconducibili all\u2019interruzione di pubblico servizio. Si segnalano inoltre numerosi casi di veicoli, in particolare mezzi pesanti, privi delle dotazioni invernali obbligatorie, che, sfuggiti ai filtraggi predisposti dalla Prefettura, arrestano la marcia direttamente in carreggiata per procedere al montaggio delle catene, con conseguenti rallentamenti alla circolazione e alle operazioni di spazzamento neve e prevenzione ghiaccio. Oltre una decina sono gli interventi dei Vigili del Fuoco per la rimozione veicoli. Il fenomeno \u00e8 stato riscontrato anche su viabilit\u00e0 non di competenza Anas dove, anche nei giorni scorsi si sono viste significative ripercussioni sulla viabilit\u00e0 statale nonostante il tempestivo intervento del gestore e delle Forze di Polizia. Anas rinnova l\u2019invito agli automobilisti a viaggiare esclusivamente con mezzi equipaggiati per le condizioni invernali, a rispettare le ordinanze in vigore e a sostare esclusivamente al di fuori delle carreggiate, al fine di non intralciare le operazioni di sgombero neve e garantire la sicurezza della circolazione per tutti gli utenti della strada.<\/p>\n<p>&nbsp;<\/p>\n<p>&nbsp;<\/p>\n<p>&nbsp;<\/p>\n<p>&nbsp;<\/p>\n<p>*********<\/p>\n","protected":false},"excerpt":{"rendered":"<p>********** &nbsp; VENEZIA La viabilit\u00e0 lungo la rete stradale Anas dell\u2019alta provincia di Belluno \u00e8 al momento regolare nonostante le nevicate sostenute che stanno interessando l\u2019area montana. Anas sta effettuando le attivit\u00e0 di prevenzione antighiaccio e sgombero neve lungo la rete di competenza secondo il \u201cpiano neve\u201d condiviso con gli altri Enti Gestori, Forze di&hellip;<\/p>\n","protected":false},"author":4,"featured_media":182703,"comment_status":"closed","ping_status":"closed","sticky":false,"template":"","format":"standard","meta":{"_monsterinsights_skip_tracking":false,"_monsterinsights_sitenote_active":false,"_monsterinsights_sitenote_note":"","_monsterinsights_sitenote_category":0,"footnotes":""},"categories":[51,49],"tags":[],"class_list":["post-493511","post","type-post","status-publish","format-standard","has-post-thumbnail","hentry","category-evidenza-top","category-news-18","category-51","category-49","description-off"],"img_url":"https:\/\/www.radiopiu.net\/wordpress\/wp-content\/uploads\/2021\/01\/NEVE-STRADA.jpg","_links":{"self":[{"href":"https:\/\/www.radiopiu.net\/wordpress\/wp-json\/wp\/v2\/posts\/493511","targetHints":{"allow":["GET"]}}],"collection":[{"href":"https:\/\/www.radiopiu.net\/wordpress\/wp-json\/wp\/v2\/posts"}],"about":[{"href":"https:\/\/www.radiopiu.net\/wordpress\/wp-json\/wp\/v2\/types\/post"}],"author":[{"embeddable":true,"href":"https:\/\/www.radiopiu.net\/wordpress\/wp-json\/wp\/v2\/users\/4"}],"replies":[{"embeddable":true,"href":"https:\/\/www.radiopiu.net\/wordpress\/wp-json\/wp\/v2\/comments?post=493511"}],"version-history":[{"count":1,"href":"https:\/\/www.radiopiu.net\/wordpress\/wp-json\/wp\/v2\/posts\/493511\/revisions"}],"predecessor-version":[{"id":493512,"href":"https:\/\/www.radiopiu.net\/wordpress\/wp-json\/wp\/v2\/posts\/493511\/revisions\/493512"}],"wp:featuredmedia":[{"embeddable":true,"href":"https:\/\/www.radiopiu.net\/wordpress\/wp-json\/wp\/v2\/media\/182703"}],"wp:attachment":[{"href":"https:\/\/www.radiopiu.net\/wordpress\/wp-json\/wp\/v2\/media?parent=493511"}],"wp:term":[{"taxonomy":"category","embeddable":true,"href":"https:\/\/www.radiopiu.net\/wordpress\/wp-json\/wp\/v2\/categories?post=493511"},{"taxonomy":"post_tag","embeddable":true,"href":"https:\/\/www.radiopiu.net\/wordpress\/wp-json\/wp\/v2\/tags?post=493511"}],"curies":[{"name":"wp","href":"https:\/\/api.w.org\/{rel}","templated":true}]}}