{"id":493521,"date":"2026-01-29T05:42:21","date_gmt":"2026-01-29T04:42:21","guid":{"rendered":"https:\/\/www.radiopiu.net\/wordpress\/?p=493521"},"modified":"2026-01-29T05:55:00","modified_gmt":"2026-01-29T04:55:00","slug":"scossa-di-terremoto-a-borso-del-grappa","status":"publish","type":"post","link":"https:\/\/www.radiopiu.net\/wordpress\/scossa-di-terremoto-a-borso-del-grappa\/","title":{"rendered":"SCOSSA DI TERREMOTO A BORSO DEL GRAPPA"},"content":{"rendered":"<p>*******<\/p>\n<p>&nbsp;<\/p>\n<p><strong>REDAZIONE <\/strong>Una lieve scossa di terremoto \u00e8 stata registrata nel pomeriggio di oggi nell\u2019area di Borso del Grappa, in provincia di Treviso. Il sisma, di magnitudo 1.7, \u00e8 avvenuto alle ore 16:14 con epicentro localizzato circa 2 chilometri a nord-ovest del centro abitato. La profondit\u00e0 stimata \u00e8 di 6,3 chilometri.<\/p>\n\n\t\t\t<style type='text\/css'>\n\t\t\t\t#gallery-1 {\n\t\t\t\t\tmargin: auto;\n\t\t\t\t}\n\t\t\t\t#gallery-1 .gallery-item {\n\t\t\t\t\tfloat: left;\n\t\t\t\t\tmargin-top: 10px;\n\t\t\t\t\ttext-align: center;\n\t\t\t\t\twidth: 100%;\n\t\t\t\t}\n\t\t\t\t#gallery-1 img {\n\t\t\t\t\tborder: 2px solid #cfcfcf;\n\t\t\t\t}\n\t\t\t\t#gallery-1 .gallery-caption {\n\t\t\t\t\tmargin-left: 0;\n\t\t\t\t}\n\t\t\t\t\/* see gallery_shortcode() in wp-includes\/media.php *\/\n\t\t\t<\/style>\n\t\t<div id='gallery-1' class='dt-gallery-container gallery galleryid-493521 gallery-columns-1 gallery-size-medium'><dl class='gallery-item'>\n\t\t\t\t<dt class='gallery-icon portrait'>\n\t\t\t\t\t<a class=\"rollover rollover-zoom dt-pswp-item\" title=\"3284204b-450e-4658-9ee5-4559bd5bd8b1\" data-dt-img-description=\"\" data-large_image_width=\"1389\" data-large_image_height=\"2048\"href='https:\/\/www.radiopiu.net\/wordpress\/wp-content\/uploads\/2026\/01\/3284204b-450e-4658-9ee5-4559bd5bd8b1.jpg'><img loading=\"lazy\" decoding=\"async\" width=\"203\" height=\"300\" src=\"https:\/\/www.radiopiu.net\/wordpress\/wp-content\/uploads\/2026\/01\/3284204b-450e-4658-9ee5-4559bd5bd8b1-203x300.jpg\" class=\"attachment-medium size-medium\" alt=\"\" srcset=\"https:\/\/www.radiopiu.net\/wordpress\/wp-content\/uploads\/2026\/01\/3284204b-450e-4658-9ee5-4559bd5bd8b1-203x300.jpg 203w, https:\/\/www.radiopiu.net\/wordpress\/wp-content\/uploads\/2026\/01\/3284204b-450e-4658-9ee5-4559bd5bd8b1-695x1024.jpg 695w, https:\/\/www.radiopiu.net\/wordpress\/wp-content\/uploads\/2026\/01\/3284204b-450e-4658-9ee5-4559bd5bd8b1-768x1132.jpg 768w, https:\/\/www.radiopiu.net\/wordpress\/wp-content\/uploads\/2026\/01\/3284204b-450e-4658-9ee5-4559bd5bd8b1-1042x1536.jpg 1042w, https:\/\/www.radiopiu.net\/wordpress\/wp-content\/uploads\/2026\/01\/3284204b-450e-4658-9ee5-4559bd5bd8b1.jpg 1389w\" sizes=\"auto, (max-width: 203px) 100vw, 203px\" \/><\/a>\n\t\t\t\t<\/dt><\/dl><br style=\"clear: both\" \/>\n\t\t\t<\/div>\n\n","protected":false},"excerpt":{"rendered":"<p>******* &nbsp; REDAZIONE Una lieve scossa di terremoto \u00e8 stata registrata nel pomeriggio di oggi nell\u2019area di Borso del Grappa, in provincia di Treviso. Il sisma, di magnitudo 1.7, \u00e8 avvenuto alle ore 16:14 con epicentro localizzato circa 2 chilometri a nord-ovest del centro abitato. La profondit\u00e0 stimata \u00e8 di 6,3 chilometri.<\/p>\n","protected":false},"author":4,"featured_media":124960,"comment_status":"closed","ping_status":"closed","sticky":false,"template":"","format":"standard","meta":{"_monsterinsights_skip_tracking":false,"_monsterinsights_sitenote_active":false,"_monsterinsights_sitenote_note":"","_monsterinsights_sitenote_category":0,"footnotes":""},"categories":[51,49],"tags":[],"class_list":["post-493521","post","type-post","status-publish","format-standard","has-post-thumbnail","hentry","category-evidenza-top","category-news-18","category-51","category-49","description-off"],"img_url":"https:\/\/www.radiopiu.net\/wordpress\/wp-content\/uploads\/2020\/03\/download-44.jpg","_links":{"self":[{"href":"https:\/\/www.radiopiu.net\/wordpress\/wp-json\/wp\/v2\/posts\/493521","targetHints":{"allow":["GET"]}}],"collection":[{"href":"https:\/\/www.radiopiu.net\/wordpress\/wp-json\/wp\/v2\/posts"}],"about":[{"href":"https:\/\/www.radiopiu.net\/wordpress\/wp-json\/wp\/v2\/types\/post"}],"author":[{"embeddable":true,"href":"https:\/\/www.radiopiu.net\/wordpress\/wp-json\/wp\/v2\/users\/4"}],"replies":[{"embeddable":true,"href":"https:\/\/www.radiopiu.net\/wordpress\/wp-json\/wp\/v2\/comments?post=493521"}],"version-history":[{"count":2,"href":"https:\/\/www.radiopiu.net\/wordpress\/wp-json\/wp\/v2\/posts\/493521\/revisions"}],"predecessor-version":[{"id":493524,"href":"https:\/\/www.radiopiu.net\/wordpress\/wp-json\/wp\/v2\/posts\/493521\/revisions\/493524"}],"wp:featuredmedia":[{"embeddable":true,"href":"https:\/\/www.radiopiu.net\/wordpress\/wp-json\/wp\/v2\/media\/124960"}],"wp:attachment":[{"href":"https:\/\/www.radiopiu.net\/wordpress\/wp-json\/wp\/v2\/media?parent=493521"}],"wp:term":[{"taxonomy":"category","embeddable":true,"href":"https:\/\/www.radiopiu.net\/wordpress\/wp-json\/wp\/v2\/categories?post=493521"},{"taxonomy":"post_tag","embeddable":true,"href":"https:\/\/www.radiopiu.net\/wordpress\/wp-json\/wp\/v2\/tags?post=493521"}],"curies":[{"name":"wp","href":"https:\/\/api.w.org\/{rel}","templated":true}]}}