{"id":493526,"date":"2026-01-29T05:45:30","date_gmt":"2026-01-29T04:45:30","guid":{"rendered":"https:\/\/www.radiopiu.net\/wordpress\/?p=493526"},"modified":"2026-01-29T05:54:16","modified_gmt":"2026-01-29T04:54:16","slug":"493526-2","status":"publish","type":"post","link":"https:\/\/www.radiopiu.net\/wordpress\/493526-2\/","title":{"rendered":"STRADA DOPO STRADA, SENZA MAI MOLLARE"},"content":{"rendered":"<p>***<\/p>\n<p>mirko mezzacasa<\/p>\n<article class=\"text-token-text-primary w-full focus:outline-none [--shadow-height:45px] has-data-writing-block:pointer-events-none has-data-writing-block:-mt-(--shadow-height) has-data-writing-block:pt-(--shadow-height) [&amp;:has([data-writing-block])&gt;*]:pointer-events-auto scroll-mt-[calc(var(--header-height)+min(200px,max(70px,20svh)))]\" dir=\"auto\" tabindex=\"-1\" data-turn-id=\"8f7d3c8e-e84d-44fa-a4e3-56f66081bcca\" data-testid=\"conversation-turn-2\" data-scroll-anchor=\"false\" data-turn=\"assistant\">\n<div class=\"text-base my-auto mx-auto [--thread-content-margin:--spacing(4)] @w-sm\/main:[--thread-content-margin:--spacing(6)] @w-lg\/main:[--thread-content-margin:--spacing(16)] px-(--thread-content-margin)\">\n<div class=\"[--thread-content-max-width:40rem] @w-lg\/main:[--thread-content-max-width:48rem] mx-auto max-w-(--thread-content-max-width) flex-1 group\/turn-messages focus-visible:outline-hidden relative flex w-full min-w-0 flex-col agent-turn\" tabindex=\"-1\">\n<div class=\"flex max-w-full flex-col grow\">\n<div class=\"min-h-8 text-message relative flex w-full flex-col items-end gap-2 text-start break-words whitespace-normal [.text-message+&amp;]:mt-1\" dir=\"auto\" data-message-author-role=\"assistant\" data-message-id=\"cf59121c-4d8f-4f9d-b147-5cae1d7bbcc6\" data-message-model-slug=\"gpt-5-2\">\n<div class=\"flex w-full flex-col gap-1 empty:hidden first:pt-[1px]\">\n<div class=\"streaming-animation markdown prose dark:prose-invert w-full wrap-break-word dark markdown-new-styling\">\n<p data-start=\"114\" data-end=\"420\"><img loading=\"lazy\" decoding=\"async\" class=\"alignleft\" src=\"https:\/\/www.radiopiu.net\/wordpress\/wp-content\/uploads\/2026\/01\/6039609812691127743.jpg\" width=\"306\" height=\"236\" \/>Tra i tanti messaggi che scorrono ogni giorno sulla chat Telegram <em data-start=\"180\" data-end=\"218\">Viabilit\u00e0 Provincia di Belluno (Vpb)<\/em>, oggi ce n\u2019\u00e8 stato uno semplice, ma potentissimo: <strong data-start=\"269\" data-end=\"302\">\u201cGrazie per il vostro lavoro\u201d<\/strong>. Poche parole, eppure capaci di fermare il rumore, di farsi notare pi\u00f9 di mille segnalazioni, pi\u00f9 di mille lamentele. Accanto alla frase il mezzo sgombraneve che si fa strada tra i fiocchi. Perch\u00e9 \u00e8 vero: spesso siamo portati a criticare. \u00c8 umano farlo quando una strada \u00e8 chiusa, quando un disagio ci tocca da vicino, quando l\u2019emergenza sembra non finire mai. Ma proprio in questi giorni, in queste ore cos\u00ec delicate, \u00e8 giusto \u2013 anzi doveroso \u2013 fermarsi un attimo e guardare oltre il problema immediato. Dietro ogni intervento, dietro ogni segnalazione, dietro ogni strada messa in sicurezza, ci sono <strong data-start=\"835\" data-end=\"877\">uomini e donne reperibili 24 ore su 24<\/strong>, presenti dall\u2019inizio alla fine dell\u2019emergenza. Persone che lavorano mentre molti dormono, che affrontano freddo, pioggia, buio, rischio e stanchezza con un solo obiettivo: <strong data-start=\"1051\" data-end=\"1141\">garantire sicurezza, ripristinare collegamenti, proteggere il territorio e chi lo vive<\/strong>. L\u2019emergenza non \u00e8 ancora finita. E proprio per questo il loro impegno vale doppio. Va allora un <strong data-start=\"1241\" data-end=\"1258\">grazie corale<\/strong>, sentito, autentico, alle maestranze di <strong data-start=\"1299\" data-end=\"1316\">Veneto Strade<\/strong>, agli <strong data-start=\"1323\" data-end=\"1342\">operai comunali<\/strong>, alle <strong data-start=\"1349\" data-end=\"1366\">ditte private<\/strong> che stanno dando tutto, spesso lontano dai riflettori, senza clamore, con professionalit\u00e0 e senso del dovere. Questo grazie non cancella le difficolt\u00e0, ma le illumina. Non risolve i problemi, ma riconosce chi ogni giorno li affronta. \u00c8 un grazie che nasce dalla consapevolezza che senza questo lavoro silenzioso, continuo, instancabile, saremmo tutti pi\u00f9 fragili. E allora s\u00ec: <strong data-start=\"1746\" data-end=\"1764\">grazie davvero<\/strong>.<\/p>\n<p>___<\/p>\n<\/div>\n<\/div>\n<\/div>\n<\/div>\n<div class=\"z-0 flex min-h-[46px] justify-start\"><\/div>\n<\/div>\n<\/div>\n<\/article>\n","protected":false},"excerpt":{"rendered":"<p>*** mirko mezzacasa Tra i tanti messaggi che scorrono ogni giorno sulla chat Telegram Viabilit\u00e0 Provincia di Belluno (Vpb), oggi ce n\u2019\u00e8 stato uno semplice, ma potentissimo: \u201cGrazie per il vostro lavoro\u201d. Poche parole, eppure capaci di fermare il rumore, di farsi notare pi\u00f9 di mille segnalazioni, pi\u00f9 di mille lamentele. Accanto alla frase il&hellip;<\/p>\n","protected":false},"author":4,"featured_media":493529,"comment_status":"closed","ping_status":"closed","sticky":false,"template":"","format":"standard","meta":{"_monsterinsights_skip_tracking":false,"_monsterinsights_sitenote_active":false,"_monsterinsights_sitenote_note":"","_monsterinsights_sitenote_category":0,"footnotes":""},"categories":[51,49],"tags":[],"class_list":["post-493526","post","type-post","status-publish","format-standard","has-post-thumbnail","hentry","category-evidenza-top","category-news-18","category-51","category-49","description-off"],"img_url":"https:\/\/www.radiopiu.net\/wordpress\/wp-content\/uploads\/2026\/01\/624095427_17944705524105820_216403852730360076_n.jpg","_links":{"self":[{"href":"https:\/\/www.radiopiu.net\/wordpress\/wp-json\/wp\/v2\/posts\/493526","targetHints":{"allow":["GET"]}}],"collection":[{"href":"https:\/\/www.radiopiu.net\/wordpress\/wp-json\/wp\/v2\/posts"}],"about":[{"href":"https:\/\/www.radiopiu.net\/wordpress\/wp-json\/wp\/v2\/types\/post"}],"author":[{"embeddable":true,"href":"https:\/\/www.radiopiu.net\/wordpress\/wp-json\/wp\/v2\/users\/4"}],"replies":[{"embeddable":true,"href":"https:\/\/www.radiopiu.net\/wordpress\/wp-json\/wp\/v2\/comments?post=493526"}],"version-history":[{"count":2,"href":"https:\/\/www.radiopiu.net\/wordpress\/wp-json\/wp\/v2\/posts\/493526\/revisions"}],"predecessor-version":[{"id":493531,"href":"https:\/\/www.radiopiu.net\/wordpress\/wp-json\/wp\/v2\/posts\/493526\/revisions\/493531"}],"wp:featuredmedia":[{"embeddable":true,"href":"https:\/\/www.radiopiu.net\/wordpress\/wp-json\/wp\/v2\/media\/493529"}],"wp:attachment":[{"href":"https:\/\/www.radiopiu.net\/wordpress\/wp-json\/wp\/v2\/media?parent=493526"}],"wp:term":[{"taxonomy":"category","embeddable":true,"href":"https:\/\/www.radiopiu.net\/wordpress\/wp-json\/wp\/v2\/categories?post=493526"},{"taxonomy":"post_tag","embeddable":true,"href":"https:\/\/www.radiopiu.net\/wordpress\/wp-json\/wp\/v2\/tags?post=493526"}],"curies":[{"name":"wp","href":"https:\/\/api.w.org\/{rel}","templated":true}]}}