{"id":493556,"date":"2026-01-30T05:57:40","date_gmt":"2026-01-30T04:57:40","guid":{"rendered":"https:\/\/www.radiopiu.net\/wordpress\/?p=493556"},"modified":"2026-01-30T07:58:02","modified_gmt":"2026-01-30T06:58:02","slug":"giornale-radiopiu-30-gennaio-2026-direttore-mirko-mezzacasa","status":"publish","type":"post","link":"https:\/\/www.radiopiu.net\/wordpress\/giornale-radiopiu-30-gennaio-2026-direttore-mirko-mezzacasa\/","title":{"rendered":"GIORNALE RADIOPIU 30 GENNAIO 2026 DIRETTORE MIRKO MEZZACASA"},"content":{"rendered":"<div class=\"flex flex-col text-sm pb-25\">\n<article class=\"text-token-text-primary w-full focus:outline-none [--shadow-height:45px] has-data-writing-block:pointer-events-none has-data-writing-block:-mt-(--shadow-height) has-data-writing-block:pt-(--shadow-height) [&amp;:has([data-writing-block])&gt;*]:pointer-events-auto scroll-mt-[calc(var(--header-height)+min(200px,max(70px,20svh)))]\" dir=\"auto\" tabindex=\"-1\" data-turn-id=\"request-WEB:545a5307-a0c9-41c7-9a5f-bf65aefdb8ec-5\" data-testid=\"conversation-turn-12\" data-scroll-anchor=\"true\" data-turn=\"assistant\">\n<div class=\"text-base my-auto mx-auto pb-10 [--thread-content-margin:--spacing(4)] @w-sm\/main:[--thread-content-margin:--spacing(6)] @w-lg\/main:[--thread-content-margin:--spacing(16)] px-(--thread-content-margin)\">\n<div class=\"[--thread-content-max-width:40rem] @w-lg\/main:[--thread-content-max-width:48rem] mx-auto max-w-(--thread-content-max-width) flex-1 group\/turn-messages focus-visible:outline-hidden relative flex w-full min-w-0 flex-col agent-turn\" tabindex=\"-1\">\n<div class=\"z-0 flex min-h-[46px] justify-start\">\n<p>\u00a0****<\/p>\n<\/div>\n<\/div>\n<p>&nbsp;<\/p>\n<div class=\"[--thread-content-max-width:40rem] @w-lg\/main:[--thread-content-max-width:48rem] mx-auto max-w-(--thread-content-max-width) flex-1 group\/turn-messages focus-visible:outline-hidden relative flex w-full min-w-0 flex-col agent-turn\" tabindex=\"-1\">\n<div class=\"z-0 flex min-h-[46px] justify-start\">\n<h1>LA\u00a0 \u00a0 APP<\/h1>\n<p><strong><em><span style=\"color: #ff0000;\">LA\u00a0 APP PER IOS-IPHONE di Nicola Vettorello<\/span><\/em><\/strong><\/p>\n<p><strong><span style=\"color: #0000ff;\"><a style=\"color: #0000ff;\" href=\"https:\/\/apps.apple.com\/it\/app\/radio-pi%C3%B9-emittente-agordina\/id1515939845\">https:\/\/apps.apple.com\/it\/app\/radio-pi%C3%B9-emittente-agordina\/id1515939845<\/a><\/span><\/strong><\/p>\n<p><strong><em style=\"color: #ff0000;\">LA\u00a0 APP RADIO\u00a0 PER ANDROID di Nicola Vettorello<\/em><\/strong><\/p>\n<p><strong><span style=\"color: #0000ff;\"><a style=\"color: #0000ff;\" href=\"https:\/\/play.google.com\/store\/apps\/details?id=net.radiopiu.iniko\" target=\"_blank\" rel=\"noopener noreferrer\">https:\/\/<\/a><a style=\"color: #0000ff;\" href=\"https:\/\/play.google.com\/store\/apps\/details?id=net.radiopiu.iniko\" target=\"_blank\" rel=\"noopener noreferrer\">play.google.com\/store\/apps\/details?id=net.radiopiu.iniko\u00a0\u00a0\u00a0\u00a0\u00a0<\/a><\/span><\/strong><\/p>\n<p>&nbsp;<\/p>\n<div class=\"page-title-head hgroup\"><\/div>\n<p>&nbsp;<\/p>\n<hr \/>\n<blockquote><p>&nbsp;<\/p>\n<div class=\"mceTemp\">\n<h1 data-start=\"0\" data-end=\"60\"><strong data-start=\"0\" data-end=\"60\">OGGI SU RADIOPI\u00d9: <span style=\"color: #000000;\">MUSICA, informazione\u00a0<\/span> e dirette\u00a0 <\/strong><\/h1>\n<\/div>\n<\/blockquote>\n<div class=\"flex flex-col text-sm pb-25\">\n<article class=\"text-token-text-primary w-full focus:outline-none [--shadow-height:45px] has-data-writing-block:pointer-events-none has-data-writing-block:-mt-(--shadow-height) has-data-writing-block:pt-(--shadow-height) [&amp;:has([data-writing-block])&gt;*]:pointer-events-auto scroll-mt-[calc(var(--header-height)+min(200px,max(70px,20svh)))]\" dir=\"auto\" tabindex=\"-1\" data-turn-id=\"da2f8a29-4751-44ac-b06a-20d94aeccf8b\" data-testid=\"conversation-turn-28\" data-scroll-anchor=\"true\" data-turn=\"assistant\">\n<div class=\"text-base my-auto mx-auto pb-10 [--thread-content-margin:--spacing(4)] @w-sm\/main:[--thread-content-margin:--spacing(6)] @w-lg\/main:[--thread-content-margin:--spacing(16)] px-(--thread-content-margin)\">\n<div class=\"[--thread-content-max-width:40rem] @w-lg\/main:[--thread-content-max-width:48rem] mx-auto max-w-(--thread-content-max-width) flex-1 group\/turn-messages focus-visible:outline-hidden relative flex w-full min-w-0 flex-col agent-turn\" tabindex=\"-1\">\n<div class=\"flex max-w-full flex-col grow\">\n<div class=\"min-h-8 text-message relative flex w-full flex-col items-end gap-2 text-start break-words whitespace-normal [.text-message+&amp;]:mt-1\" dir=\"auto\" data-message-author-role=\"assistant\" data-message-id=\"77cb542f-301b-441f-9a5c-c89ea331616b\" data-message-model-slug=\"gpt-5-2\">\n<div class=\"flex w-full flex-col gap-1 empty:hidden first:pt-[1px]\">\n<div class=\"markdown prose dark:prose-invert w-full break-words dark markdown-new-styling\">\n<div id=\"writing-block-77cb542f-301b-441f-9a5c-c89ea331616b\" class=\"group relative z-0 my-4 w-full overflow-visible rounded-2xl bg-token-bg-primary dark:bg-[#2a2a2a] shadow-[0px_0px_0px_1px_rgba(0,0,0,0.07),0px_4px_80px_rgba(0,0,0,0.02)]\" data-writing-block=\"true\">\n<div class=\"writing-block-editor markdown-new-styling relative flow-root pt-(--writing-block-editor-pt) pe-(--writing-block-editor-pr) pb-(--writing-block-editor-pb) ps-(--writing-block-editor-pl)\">\n<div class=\"ProseMirror markdown prose dark:prose-invert w-full min-h-6 break-words focus:outline-none\" contenteditable=\"true\" translate=\"no\" aria-disabled=\"false\"><\/div>\n<\/div>\n<\/div>\n<\/div>\n<\/div>\n<\/div>\n<\/div>\n<div class=\"z-0 flex min-h-[46px] justify-start\">\n<p data-start=\"107\" data-end=\"189\"><strong data-start=\"107\" data-end=\"189\">DOMANI, E&#8217; IL GIORNO DELLA CASPARETHA A CANALE D&#8217;AGORDO, DIRETTA SUI CANALI SOCIAL DI RADIOPIU. QUESTA SERA ALLE 19.20 LO SPECIALE REPORTER, ALLA RADIO VI RACCONTIAMO COSA SUCCEDERA&#8217; DOMANI, IN CENTRO A CANALE D&#8217;AGORDO<br \/>\nDOMANI SERA A SEDICO S&#8217;APRE IL CARNEVALE 2026 DI SEDICO&#8230; RADIO PIU&#8217; SARA&#8217; PRESENTE AL PALASKATING DI SEDICO, CON LA PRIMA DELLE DIRETTE PREVISTE. DOMANI SERA DJ FRANCESCO E MORENO TOCCHETTO&#8230; DIRETTA SU TUTTI I CANALI DI RADIOPIU IN TUTTA LA PROVINCIA, IN TUTTO IL VENETO, DA CORTINA A TRENTO\u00a0<\/strong><\/p>\n<p data-start=\"191\" data-end=\"415\"><a class=\"dt-pswp-item\" href=\"https:\/\/www.radiopiu.net\/wordpress\/wp-content\/uploads\/2026\/01\/1b2c2aec-e711-4f2b-9f91-95615b626843.png\" data-dt-img-description=\"\" data-large_image_width=\"1536\" data-large_image_height=\"1024\"><img loading=\"lazy\" decoding=\"async\" class=\"size-medium wp-image-493780 aligncenter\" src=\"https:\/\/www.radiopiu.net\/wordpress\/wp-content\/uploads\/2026\/01\/1b2c2aec-e711-4f2b-9f91-95615b626843-300x200.png\" alt=\"\" width=\"300\" height=\"200\" srcset=\"https:\/\/www.radiopiu.net\/wordpress\/wp-content\/uploads\/2026\/01\/1b2c2aec-e711-4f2b-9f91-95615b626843-300x200.png 300w, https:\/\/www.radiopiu.net\/wordpress\/wp-content\/uploads\/2026\/01\/1b2c2aec-e711-4f2b-9f91-95615b626843-1024x683.png 1024w, https:\/\/www.radiopiu.net\/wordpress\/wp-content\/uploads\/2026\/01\/1b2c2aec-e711-4f2b-9f91-95615b626843-768x512.png 768w, https:\/\/www.radiopiu.net\/wordpress\/wp-content\/uploads\/2026\/01\/1b2c2aec-e711-4f2b-9f91-95615b626843.png 1536w\" sizes=\"auto, (max-width: 300px) 100vw, 300px\" \/><\/a><\/p>\n<p data-start=\"191\" data-end=\"415\">Il venerd\u00ec su Radio Pi\u00f9 non \u00e8 un giorno qualunque: \u00e8 un viaggio. Un viaggio che parte dalle parole, attraversa la musica, fa tappa nell\u2019informazione e arriva dritto all\u2019aperitivo, con il sorriso acceso e le cuffie ben salde. Nel pomeriggio, l\u2019aria si colora di lettere grazie a <strong data-start=\"470\" data-end=\"483\">Music ABC<\/strong>, un\u2019idea firmata da <strong data-start=\"504\" data-end=\"517\">David Ben<\/strong> e <strong data-start=\"520\" data-end=\"535\">Marina Don\u00e0<\/strong>: l\u2019alfabeto diventa colonna sonora e ogni lettera \u00e8 una scusa buona per scoprire, ricordare e sorridere. Da l\u00ec si prosegue senza frenare con <strong data-start=\"677\" data-end=\"699\">Weekend Marina c\u2019\u00e8<\/strong>, tra leggerezza e ritmo, per poi lasciarsi trasportare dalle <strong data-start=\"761\" data-end=\"788\">hit di Mirco Bencivenni<\/strong> e dalla musica da aperitivo firmata <strong data-start=\"825\" data-end=\"836\">DJ Jack<\/strong>, perfetta per iniziare a pensare al fine settimana\u2026 anche se \u00e8 ancora venerd\u00ec. La mattina, per\u00f2, non \u00e8 da meno. \u00c8 ricca, densa, informata. Alle <strong data-start=\"982\" data-end=\"991\">10.30<\/strong> spazio all\u2019informazione con <strong data-start=\"1020\" data-end=\"1036\">Oda e Aurora<\/strong> per <strong data-start=\"1041\" data-end=\"1066\">Le Muse e Le Dolomiti<\/strong>, precedute dalle notizie del <strong data-start=\"1096\" data-end=\"1105\">Musla<\/strong>, raccontate con passione da <strong data-start=\"1134\" data-end=\"1156\">Michela Dell\u2019Osbel<\/strong>.\u00a0 E non perderti OGGI COME IERI\u00a0 con Silvia Baldo il lunedi, martedi, giovedi e\u00a0 venerdi e in replica serale\u00a0 Alle 11 marina a michela dalla Nevegal Tour con Amazing Calendar\u00a0 Il venerd\u00ec \u00e8 anche il giorno di <strong data-start=\"1278\" data-end=\"1289\">Premier<\/strong>, con le novit\u00e0 musicali selezionate da <strong data-start=\"1329\" data-end=\"1342\">Marco Gaz<\/strong>, in onda alle <strong data-start=\"1357\" data-end=\"1365\">9.30<\/strong> e alle <strong data-start=\"1373\" data-end=\"1382\">13.20<\/strong>. E per chi ama guardarsi un po\u2019 indietro, <strong data-start=\"1425\" data-end=\"1442\">Loris Scussel<\/strong> apre il cassetto dei ricordi con <strong data-start=\"1476\" data-end=\"1510\">Collage \u2013 Operazione Nostalgia<\/strong>, un tuffo nel passato che profuma di vinili e grandi emozioni. E quando il sole comincia a scendere, Radio Pi\u00f9 diventa\u2026 <strong data-start=\"1632\" data-end=\"1640\">Live<\/strong>. Appuntamento alle <strong data-start=\"1660\" data-end=\"1703\">18.00 alla Baita Le Peschiere di Taibon<\/strong>, per la presentazione del libro di <strong data-start=\"1739\" data-end=\"1762\">Andrea De Bernardin<\/strong>: parole, storie e persone, come piace a noi. Insomma, il venerd\u00ec su Radio Pi\u00f9 non si ascolta soltanto. <strong data-start=\"1869\" data-end=\"1881\">Si vive.<\/strong> &#x1f3a7;&#x1f4fb;<\/p>\n<h1 dir=\"auto\"><\/h1>\n<blockquote>\n<h1 class=\"_aupe copyable-text x15bjb6t x1n2onr6\"><span class=\"_aupe copyable-text xkrh14z\">1 febbraio\u2026 le agordiniadi, i nostri tedofori\u2026<\/span><\/h1>\n<h1 class=\"_aupe copyable-text x15bjb6t x1n2onr6\"><span class=\"_aupe copyable-text xkrh14z\">stiamo preparando la festa con radiopiu e la proloco di taibon e botol group VI ASPETTIAMO DOMENICA MATTINA ALLE 10.00 ALLO STADIO DI CALCIO IVANO DORIGO.. AD AGORDO. AI TEDOFORI\u2026 E AI PRIMI 100 LA MAGLIETTA CELEBRATIVA<\/span><\/h1>\n<\/blockquote>\n\n\t\t\t<style type='text\/css'>\n\t\t\t\t#gallery-1 {\n\t\t\t\t\tmargin: auto;\n\t\t\t\t}\n\t\t\t\t#gallery-1 .gallery-item {\n\t\t\t\t\tfloat: left;\n\t\t\t\t\tmargin-top: 10px;\n\t\t\t\t\ttext-align: center;\n\t\t\t\t\twidth: 33%;\n\t\t\t\t}\n\t\t\t\t#gallery-1 img {\n\t\t\t\t\tborder: 2px solid #cfcfcf;\n\t\t\t\t}\n\t\t\t\t#gallery-1 .gallery-caption {\n\t\t\t\t\tmargin-left: 0;\n\t\t\t\t}\n\t\t\t\t\/* see gallery_shortcode() in wp-includes\/media.php *\/\n\t\t\t<\/style>\n\t\t<div id='gallery-1' class='dt-gallery-container gallery galleryid-493556 gallery-columns-3 gallery-size-thumbnail'><dl class='gallery-item'>\n\t\t\t\t<dt class='gallery-icon landscape'>\n\t\t\t\t\t<a class=\"rollover rollover-zoom dt-pswp-item\" title=\"4331961937675996920\" data-dt-img-description=\"\" data-large_image_width=\"500\" data-large_image_height=\"261\"href='https:\/\/www.radiopiu.net\/wordpress\/wp-content\/uploads\/2026\/01\/4331961937675996920.jpg'><img loading=\"lazy\" decoding=\"async\" width=\"150\" height=\"150\" src=\"https:\/\/www.radiopiu.net\/wordpress\/wp-content\/uploads\/2026\/01\/4331961937675996920-150x150.jpg\" class=\"attachment-thumbnail size-thumbnail\" alt=\"\" \/><\/a>\n\t\t\t\t<\/dt><\/dl><dl class='gallery-item'>\n\t\t\t\t<dt class='gallery-icon landscape'>\n\t\t\t\t\t<a class=\"rollover rollover-zoom dt-pswp-item\" title=\"AGORDINIADI\" data-dt-img-description=\"\" data-large_image_width=\"526\" data-large_image_height=\"526\"href='https:\/\/www.radiopiu.net\/wordpress\/wp-content\/uploads\/2026\/01\/616479862_1307542348057575_3179022967278239786_n.jpg'><img loading=\"lazy\" decoding=\"async\" width=\"150\" height=\"150\" src=\"https:\/\/www.radiopiu.net\/wordpress\/wp-content\/uploads\/2026\/01\/616479862_1307542348057575_3179022967278239786_n-150x150.jpg\" class=\"attachment-thumbnail size-thumbnail\" alt=\"\" srcset=\"https:\/\/www.radiopiu.net\/wordpress\/wp-content\/uploads\/2026\/01\/616479862_1307542348057575_3179022967278239786_n-150x150.jpg 150w, https:\/\/www.radiopiu.net\/wordpress\/wp-content\/uploads\/2026\/01\/616479862_1307542348057575_3179022967278239786_n-300x300.jpg 300w, https:\/\/www.radiopiu.net\/wordpress\/wp-content\/uploads\/2026\/01\/616479862_1307542348057575_3179022967278239786_n.jpg 526w\" sizes=\"auto, (max-width: 150px) 100vw, 150px\" \/><\/a>\n\t\t\t\t<\/dt><\/dl><dl class='gallery-item'>\n\t\t\t\t<dt class='gallery-icon landscape'>\n\t\t\t\t\t<a class=\"rollover rollover-zoom dt-pswp-item\" title=\"512b7811-36a9-4de6-b618-08a2e144850c\" data-dt-img-description=\"\" data-large_image_width=\"2560\" data-large_image_height=\"1920\"href='https:\/\/www.radiopiu.net\/wordpress\/wp-content\/uploads\/2026\/01\/512b7811-36a9-4de6-b618-08a2e144850c-scaled.jpg'><img loading=\"lazy\" decoding=\"async\" width=\"150\" height=\"150\" src=\"https:\/\/www.radiopiu.net\/wordpress\/wp-content\/uploads\/2026\/01\/512b7811-36a9-4de6-b618-08a2e144850c-150x150.jpg\" class=\"attachment-thumbnail size-thumbnail\" alt=\"\" \/><\/a>\n\t\t\t\t<\/dt><\/dl><br style=\"clear: both\" \/>\n\t\t\t<\/div>\n\n<p>&nbsp;<\/p>\n<\/div>\n<div class=\"mt-3 w-full empty:hidden\">\n<div class=\"text-center\">\n<p>&nbsp;<\/p>\n<\/div>\n<\/div>\n<\/div>\n<\/div>\n<\/article>\n<\/div>\n<hr \/>\n<div class=\"x11i5rnm xat24cr x1mh8g0r x1vvkbs xtlvy1s x126k92a\">\n<h1><strong><br \/>\n<span style=\"color: #0000ff;\">N di parom &#8211; L Almanach de la nosta jent<\/span>\u00a0 <\/strong><strong style=\"font-size: 14px;\"><span style=\"color: #ff0000;\">OGNI GIORNO ALLE CINQUE E ALLE NOVE E DIECI\u00a0 DEL MATTINO<\/span> <\/strong><\/h1>\n<h1><strong style=\"font-size: 14px;\">LA PUNTATA DI OGGI, 30 GENNAIO 2026<\/strong><\/h1>\n<audio class=\"wp-audio-shortcode\" id=\"audio-493556-1\" preload=\"none\" style=\"width: 100%;\" controls=\"controls\"><source type=\"audio\/mpeg\" src=\"https:\/\/www.radiopiu.net\/wordpress\/wp-content\/uploads\/2026\/01\/AL5-3.mp3?_=1\" \/><a href=\"https:\/\/www.radiopiu.net\/wordpress\/wp-content\/uploads\/2026\/01\/AL5-3.mp3\">https:\/\/www.radiopiu.net\/wordpress\/wp-content\/uploads\/2026\/01\/AL5-3.mp3<\/a><\/audio>\n<p>&nbsp;<\/p>\n<\/div>\n<hr \/>\n<div class=\"x11i5rnm xat24cr x1mh8g0r x1vvkbs xtlvy1s x126k92a\">\n<div dir=\"auto\">\n<div dir=\"auto\">\n<h2><strong><span style=\"color: #0000ff;\">EL BAL DEL FIOR, DI GIULIANA DA RONCH<\/span>\u00a0 <span style=\"color: #ff0000;\">ogni giorno alle sette e venti del mattino<\/span><\/strong><\/h2>\n<h2><strong style=\"font-size: 14px;\">LA PUNTATA DI OGGI 30 GENNAIO 2026<\/strong><\/h2>\n<audio class=\"wp-audio-shortcode\" id=\"audio-493556-2\" preload=\"none\" style=\"width: 100%;\" controls=\"controls\"><source type=\"audio\/mpeg\" src=\"https:\/\/www.radiopiu.net\/wordpress\/wp-content\/uploads\/2026\/01\/GVE-3.mp3?_=2\" \/><a href=\"https:\/\/www.radiopiu.net\/wordpress\/wp-content\/uploads\/2026\/01\/GVE-3.mp3\">https:\/\/www.radiopiu.net\/wordpress\/wp-content\/uploads\/2026\/01\/GVE-3.mp3<\/a><\/audio>\n<\/div>\n<\/div>\n<\/div>\n<p>&nbsp;<\/p>\n<div class=\"x11i5rnm xat24cr x1mh8g0r x1vvkbs xtlvy1s x126k92a\">\n<div dir=\"auto\">\n<hr \/>\n<\/div>\n<\/div>\n<blockquote>\n<h1><\/h1>\n<\/blockquote>\n<h1 style=\"text-align: center;\"><strong>NOTIZIE DELLA NOTTE LA RASSEGNA STAMPA NAZIONALE, AGGIORNAMENTO OGNI GIORNO ALLE SEI DEL MATTINO\u00a0 \u00a0<\/strong><\/h1>\n<p>&nbsp;<\/p>\n<p><a class=\"dt-pswp-item\" href=\"https:\/\/www.radiopiu.net\/wordpress\/wp-content\/uploads\/2026\/01\/fa2eb7c8-368e-4f92-ab33-24bc0a9d6f7d.png\" data-dt-img-description=\"\" data-large_image_width=\"1536\" data-large_image_height=\"1024\"><img loading=\"lazy\" decoding=\"async\" class=\"size-medium wp-image-493807 aligncenter\" src=\"https:\/\/www.radiopiu.net\/wordpress\/wp-content\/uploads\/2026\/01\/fa2eb7c8-368e-4f92-ab33-24bc0a9d6f7d-300x200.png\" alt=\"\" width=\"300\" height=\"200\" srcset=\"https:\/\/www.radiopiu.net\/wordpress\/wp-content\/uploads\/2026\/01\/fa2eb7c8-368e-4f92-ab33-24bc0a9d6f7d-300x200.png 300w, https:\/\/www.radiopiu.net\/wordpress\/wp-content\/uploads\/2026\/01\/fa2eb7c8-368e-4f92-ab33-24bc0a9d6f7d-1024x683.png 1024w, https:\/\/www.radiopiu.net\/wordpress\/wp-content\/uploads\/2026\/01\/fa2eb7c8-368e-4f92-ab33-24bc0a9d6f7d-768x512.png 768w, https:\/\/www.radiopiu.net\/wordpress\/wp-content\/uploads\/2026\/01\/fa2eb7c8-368e-4f92-ab33-24bc0a9d6f7d.png 1536w\" sizes=\"auto, (max-width: 300px) 100vw, 300px\" \/><\/a><\/p>\n<p data-start=\"63\" data-end=\"281\"><strong data-start=\"63\" data-end=\"71\">CUBA<\/strong> \u2013 Il governo cubano ha denunciato un <strong data-start=\"109\" data-end=\"169\">\u201catto di brutale aggressione\u201d da parte degli Stati Uniti<\/strong>, accusando Washington di ostilit\u00e0 e violazione della sovranit\u00e0 nazionale.<\/p>\n<p data-start=\"283\" data-end=\"477\"><strong data-start=\"283\" data-end=\"292\">MOSCA<\/strong> \u2013 Le forze russe affermano di aver <strong data-start=\"328\" data-end=\"358\">distrutto 18 droni ucraini<\/strong> durante operazioni notturne, parte dell\u2019escalation in corso nel conflitto tra Russia e Ucraina. (fonti internazionali)<\/p>\n<p data-start=\"479\" data-end=\"782\"><strong data-start=\"479\" data-end=\"500\">MINNEAPOLIS (USA)<\/strong> \u2013 In seguito a scontri e tensioni con le forze federali, il dibattito politico negli Stati Uniti resta acceso. Dopo critiche su polizia e immigrazione, la proposta di non ritirare gli agenti dell\u2019ICE dal Minnesota resta al centro delle discussioni a Washington. (fonti ANSA\/ultime)<\/p>\n<p data-start=\"784\" data-end=\"1009\"><strong data-start=\"784\" data-end=\"792\">IRAN<\/strong> \u2013 Il presidente statunitense ha dichiarato che sarebbe <strong data-start=\"848\" data-end=\"889\">fantastico non dover attaccare l\u2019Iran<\/strong>, ribadendo una posizione di cautela ma anche di fermezza nelle relazioni internazionali. (fonti notizie internazionali)<\/p>\n<p data-start=\"1011\" data-end=\"1210\"><strong data-start=\"1011\" data-end=\"1024\">VENEZUELA<\/strong> \u2013 La vicepresidente Delcy Rodr\u00edguez annuncia la <strong data-start=\"1073\" data-end=\"1102\">prima esportazione di gas<\/strong>, un passo simbolico per l\u2019economia nazionale e la cooperazione energetica regionale. (fonti internazionali)<\/p>\n<p data-start=\"1212\" data-end=\"1431\"><strong data-start=\"1212\" data-end=\"1223\">MESSICO<\/strong> \u2013 Dopo un agguato che ha visto ferito un deputato, il governo invia <strong data-start=\"1292\" data-end=\"1333\">1.600 militari nello stato di Sinaloa<\/strong> per rafforzare la sicurezza e contrastare la violenza della criminalit\u00e0 organizzata. (fonti ANSA)<\/p>\n<p data-start=\"1433\" data-end=\"1616\"><strong data-start=\"1433\" data-end=\"1445\">ECONOMIA<\/strong> \u2013 Il <strong data-start=\"1451\" data-end=\"1490\">prezzo dell\u2019oro continua a scendere<\/strong>, con quotazioni in calo a quota 5.137,3 dollari, riflettendo un contesto di mercato globale incerto. (mercati internazionali)<\/p>\n<p data-start=\"1618\" data-end=\"1825\"><strong data-start=\"1618\" data-end=\"1632\">AUTOMOTIVE<\/strong> \u2013 La <strong data-start=\"1638\" data-end=\"1662\">Suzuki supera Nissan<\/strong>, diventando il terzo costruttore automobilistico giapponese per volumi di vendita, un segnale importante nella dinamica competitiva dell\u2019industria. (settore auto)<\/p>\n<h1>IL GIORNALE DELLE SEI DEL MATTINO<\/h1>\n<audio class=\"wp-audio-shortcode\" id=\"audio-493556-3\" preload=\"none\" style=\"width: 100%;\" controls=\"controls\"><source type=\"audio\/mpeg\" src=\"https:\/\/www.radiopiu.net\/wordpress\/wp-content\/uploads\/2026\/01\/GIORNALEDELLESEI-25.mp3?_=3\" \/><a href=\"https:\/\/www.radiopiu.net\/wordpress\/wp-content\/uploads\/2026\/01\/GIORNALEDELLESEI-25.mp3\">https:\/\/www.radiopiu.net\/wordpress\/wp-content\/uploads\/2026\/01\/GIORNALEDELLESEI-25.mp3<\/a><\/audio>\n<p>&nbsp;<\/p>\n<p>&nbsp;<\/p>\n<p>&nbsp;<\/p>\n<p>&nbsp;<\/p>\n<hr \/>\n<p>&nbsp;<\/p>\n<h1 style=\"text-align: center;\"><span style=\"color: #ff0000;\">I podcast informativi del mattino &#8211; audio &#8211;\u00a0<\/span><\/h1>\n<p><strong>OGNI GIORNO ALLE SETTE DEL MATTINO, LA RASSEGNA STAMPA LOCALE FLASH&#8230; PER CHI VA IN FRETTA. I TITOLI DAI GIORNALI E DAL SITO WWW.RADIOPIU.NET <span style=\"color: #0000ff;\">viene pubblicato alle 7.00<\/span> <span style=\"color: #ff0000;\">DIRETTA RADIO\u00a0 <\/span><\/strong><em><span style=\"color: #ff0000;\">per chi va in fretta&#8230; tante notizie in pochi minuti. L&#8217;informazione locale alla radio, ogni ora dalle 7 del mattino alle 19 della sera.<\/span><\/em><\/p>\n<p>&nbsp;<\/p>\n<h1 style=\"text-align: center;\">DALL&#8217;ITALIA<\/h1>\n<p><a class=\"dt-pswp-item\" href=\"https:\/\/www.radiopiu.net\/wordpress\/wp-content\/uploads\/2026\/01\/77751b5d-756f-4450-812f-c2721b7007bc.png\" data-dt-img-description=\"\" data-large_image_width=\"1536\" data-large_image_height=\"1024\"><img loading=\"lazy\" decoding=\"async\" class=\"size-medium wp-image-493808 aligncenter\" src=\"https:\/\/www.radiopiu.net\/wordpress\/wp-content\/uploads\/2026\/01\/77751b5d-756f-4450-812f-c2721b7007bc-300x200.png\" alt=\"\" width=\"300\" height=\"200\" srcset=\"https:\/\/www.radiopiu.net\/wordpress\/wp-content\/uploads\/2026\/01\/77751b5d-756f-4450-812f-c2721b7007bc-300x200.png 300w, https:\/\/www.radiopiu.net\/wordpress\/wp-content\/uploads\/2026\/01\/77751b5d-756f-4450-812f-c2721b7007bc-1024x683.png 1024w, https:\/\/www.radiopiu.net\/wordpress\/wp-content\/uploads\/2026\/01\/77751b5d-756f-4450-812f-c2721b7007bc-768x512.png 768w, https:\/\/www.radiopiu.net\/wordpress\/wp-content\/uploads\/2026\/01\/77751b5d-756f-4450-812f-c2721b7007bc.png 1536w\" sizes=\"auto, (max-width: 300px) 100vw, 300px\" \/><\/a><\/p>\n<p data-start=\"162\" data-end=\"523\"><strong data-start=\"162\" data-end=\"173\">NEBRODI<\/strong><br data-start=\"173\" data-end=\"176\" \/>Giallo ancora irrisolto sui monti Nebrodi, dove tre persone sono state trovate morte. Gli inquirenti attendono gli esiti delle autopsie e dei rilievi balistici per chiarire se si sia trattato di un tragico errore durante una battuta di caccia o di un omicidio-suicidio maturato dopo una lite. Le indagini proseguono senza escludere alcuna ipotesi.<\/p>\n<p data-start=\"525\" data-end=\"779\"><strong data-start=\"525\" data-end=\"535\">MILANO<\/strong><br data-start=\"535\" data-end=\"538\" \/>Si indaga per omicidio sulla morte di un ex banchiere ucraino. Gli investigatori avrebbero individuato due persone viste nei pressi del luogo del delitto. L\u2019inchiesta \u00e8 in pieno sviluppo e punta a ricostruire le ultime ore di vita dell\u2019uomo.<\/p>\n<p data-start=\"781\" data-end=\"1091\"><strong data-start=\"781\" data-end=\"798\">CRANS-MONTANA<\/strong><br data-start=\"798\" data-end=\"801\" \/>Sale a quattro il numero degli indagati per il rogo che ha causato la morte di Emanuele Galeppini. Il presidente della Repubblica Sergio Mattarella ha incontrato il padre della vittima. Intanto Eleonora Palmieri, rimasta ferita nell\u2019incendio, ha lasciato l\u2019ospedale ringraziando i sanitari.<\/p>\n<p data-start=\"1093\" data-end=\"1401\"><strong data-start=\"1093\" data-end=\"1101\">ROMA<\/strong><br data-start=\"1101\" data-end=\"1104\" \/>\u00c8 stata ritrovata e sta bene la ragazza di 19 anni scomparsa nei giorni scorsi. Sul fronte della cosiddetta \u201cfamiglia del bosco\u201d, \u00e8 stata richiesta la revoca dell\u2019assistente sociale. Domani \u00e8 attesa una perizia psicologica, mentre gli esperti parlano di un nucleo familiare profondamente lacerato.<\/p>\n<p data-start=\"1403\" data-end=\"1656\"><strong data-start=\"1403\" data-end=\"1418\">GIOIA TAURO<\/strong><br data-start=\"1418\" data-end=\"1421\" \/>La Guardia di Finanza ha sequestrato un vero e proprio arsenale nella Piana di Gioia Tauro: trovati mitra Uzi di fabbricazione israeliana e pistole mitragliatrici Skorpion. Indagini in corso sui canali di approvvigionamento delle armi.<\/p>\n<p data-start=\"1658\" data-end=\"1909\"><strong data-start=\"1658\" data-end=\"1677\">SCUOLA \u2013 ITALIA<\/strong><br data-start=\"1677\" data-end=\"1680\" \/>Due studenti giocano con un coltello in classe: uno finisce in questura, l\u2019altro riporta una lieve ferita a un dito. Non si tratterebbe di un\u2019aggressione. Intanto firmata la circolare che introduce il metal detector nelle scuole.<\/p>\n<p data-start=\"1911\" data-end=\"2096\"><strong data-start=\"1911\" data-end=\"1921\">NAPOLI<\/strong><br data-start=\"1921\" data-end=\"1924\" \/>\u201cLargo Maradona\u201d nei Quartieri Spagnoli diventa un\u2019area pubblica attrezzata con panchine e chioschi. Il sindaco Manfredi: \u00abRestituiamo ordine e dignit\u00e0 a un luogo simbolo\u00bb.<\/p>\n<p data-start=\"2098\" data-end=\"2314\"><strong data-start=\"2098\" data-end=\"2109\">NISCEMI<\/strong><br data-start=\"2109\" data-end=\"2112\" \/>Dopo il disastro causato dal maltempo, il governo annuncia lo stop alle rate dei mutui. L\u2019Abi pronta a sospendere i pagamenti. Ciciliano paragona il movimento franoso per estensione a quello del Vajont.<\/p>\n<p data-start=\"2316\" data-end=\"2496\"><strong data-start=\"2316\" data-end=\"2327\">FIRENZE<\/strong><br data-start=\"2327\" data-end=\"2330\" \/>Camion a fuoco in galleria sull\u2019A1: riaperto il tratto autostradale, ma restano fino a 10 chilometri di coda. A incendiarsi un mezzo frigo per il trasporto di frutta.<\/p>\n<p data-start=\"2498\" data-end=\"2666\"><strong data-start=\"2498\" data-end=\"2510\">CAMPANIA<\/strong><br data-start=\"2510\" data-end=\"2513\" \/>Maxi operazione contro il traffico illecito di rifiuti: 12 misure cautelari tra Napoli, Salerno e Caserta in un\u2019indagine coordinata dalla Dda di Salerno.<\/p>\n<p>&nbsp;<\/p>\n<div class=\"flex flex-col text-sm pb-25\">\n<article class=\"text-token-text-primary w-full focus:outline-none [--shadow-height:45px] has-data-writing-block:pointer-events-none has-data-writing-block:-mt-(--shadow-height) has-data-writing-block:pt-(--shadow-height) [&amp;:has([data-writing-block])&gt;*]:pointer-events-auto scroll-mt-[calc(var(--header-height)+min(200px,max(70px,20svh)))]\" dir=\"auto\" tabindex=\"-1\" data-turn-id=\"4725b8e7-448d-49ef-90cd-737bcdd880f6\" data-testid=\"conversation-turn-10\" data-scroll-anchor=\"true\" data-turn=\"assistant\">\n<div class=\"text-base my-auto mx-auto pb-10 [--thread-content-margin:--spacing(4)] @w-sm\/main:[--thread-content-margin:--spacing(6)] @w-lg\/main:[--thread-content-margin:--spacing(16)] px-(--thread-content-margin)\">\n<div class=\"[--thread-content-max-width:40rem] @w-lg\/main:[--thread-content-max-width:48rem] mx-auto max-w-(--thread-content-max-width) flex-1 group\/turn-messages focus-visible:outline-hidden relative flex w-full min-w-0 flex-col agent-turn\" tabindex=\"-1\">\n<hr \/>\n<h1><\/h1>\n<h1><\/h1>\n<h1 style=\"text-align: center;\">DALLA REGIONE VENETO<\/h1>\n<p><a class=\"dt-pswp-item\" href=\"https:\/\/www.radiopiu.net\/wordpress\/wp-content\/uploads\/2026\/01\/77743483-ade6-4f8c-bdb5-85138e380c8e.png\" data-dt-img-description=\"\" data-large_image_width=\"1536\" data-large_image_height=\"1024\"><img loading=\"lazy\" decoding=\"async\" class=\"size-medium wp-image-493809 aligncenter\" src=\"https:\/\/www.radiopiu.net\/wordpress\/wp-content\/uploads\/2026\/01\/77743483-ade6-4f8c-bdb5-85138e380c8e-300x200.png\" alt=\"\" width=\"300\" height=\"200\" srcset=\"https:\/\/www.radiopiu.net\/wordpress\/wp-content\/uploads\/2026\/01\/77743483-ade6-4f8c-bdb5-85138e380c8e-300x200.png 300w, https:\/\/www.radiopiu.net\/wordpress\/wp-content\/uploads\/2026\/01\/77743483-ade6-4f8c-bdb5-85138e380c8e-1024x683.png 1024w, https:\/\/www.radiopiu.net\/wordpress\/wp-content\/uploads\/2026\/01\/77743483-ade6-4f8c-bdb5-85138e380c8e-768x512.png 768w, https:\/\/www.radiopiu.net\/wordpress\/wp-content\/uploads\/2026\/01\/77743483-ade6-4f8c-bdb5-85138e380c8e.png 1536w\" sizes=\"auto, (max-width: 300px) 100vw, 300px\" \/><\/a><\/p>\n<article class=\"text-token-text-primary w-full focus:outline-none [--shadow-height:45px] has-data-writing-block:pointer-events-none has-data-writing-block:-mt-(--shadow-height) has-data-writing-block:pt-(--shadow-height) [&amp;:has([data-writing-block])&gt;*]:pointer-events-auto scroll-mt-[calc(var(--header-height)+min(200px,max(70px,20svh)))]\" dir=\"auto\" tabindex=\"-1\" data-turn-id=\"b228d283-38a6-4fd2-9e26-acb12f92c950\" data-testid=\"conversation-turn-182\" data-scroll-anchor=\"false\" data-turn=\"assistant\">\n<div class=\"text-base my-auto mx-auto [--thread-content-margin:--spacing(4)] @w-sm\/main:[--thread-content-margin:--spacing(6)] @w-lg\/main:[--thread-content-margin:--spacing(16)] px-(--thread-content-margin)\">\n<div class=\"[--thread-content-max-width:40rem] @w-lg\/main:[--thread-content-max-width:48rem] mx-auto max-w-(--thread-content-max-width) flex-1 group\/turn-messages focus-visible:outline-hidden relative flex w-full min-w-0 flex-col agent-turn\" tabindex=\"-1\">\n<div class=\"flex max-w-full flex-col grow\">\n<div class=\"min-h-8 text-message relative flex w-full flex-col items-end gap-2 text-start break-words whitespace-normal [.text-message+&amp;]:mt-1\" dir=\"auto\" data-message-author-role=\"assistant\" data-message-id=\"e16ed786-f28f-4176-9243-969ed1d0896c\" data-message-model-slug=\"gpt-5-2\">\n<div class=\"flex w-full flex-col gap-1 empty:hidden first:pt-[1px]\">\n<div class=\"streaming-animation markdown prose dark:prose-invert w-full wrap-break-word dark markdown-new-styling\">\n<p data-start=\"37\" data-end=\"290\"><strong data-start=\"37\" data-end=\"47\">PADOVA<\/strong><br data-start=\"47\" data-end=\"50\" \/>\u00c8 uno dei fatti pi\u00f9 gravi sul fronte giudiziario: chiesto l\u2019ergastolo per l\u2019uomo accusato di aver ucciso il vicino di casa e di essersi scattato un selfie accanto al corpo. Il processo \u00e8 alle battute finali e la sentenza \u00e8 attesa per marzo.<\/p>\n<p data-start=\"292\" data-end=\"475\"><strong data-start=\"292\" data-end=\"320\">VERONESE \u2013 AUTOSTRADA A4<\/strong><br data-start=\"320\" data-end=\"323\" \/>Un morto e un ferito grave in un incidente che ha coinvolto due automobili. Lunghe ripercussioni sul traffico e intervento dei soccorsi in codice rosso.<\/p>\n<p data-start=\"738\" data-end=\"951\"><strong data-start=\"738\" data-end=\"749\">VICENZA<\/strong><br data-start=\"749\" data-end=\"752\" \/>Paura in Municipio: \u00e8 crollato dell\u2019intonaco dal soffitto di un ufficio della Ragioneria. Nessun ferito, ma il sindacato Cub parla di \u201ctragedia sfiorata\u201d e chiede verifiche immediate sulla sicurezza.<\/p>\n<p data-start=\"953\" data-end=\"1161\"><strong data-start=\"953\" data-end=\"964\">VENEZIA<\/strong><br data-start=\"964\" data-end=\"967\" \/>Trent\u2019anni fa il rogo doloso del Teatro La Fenice: una notte che segn\u00f2 la citt\u00e0. Oggi il ricordo va alla distruzione, alla lunga ricostruzione e alla riapertura che divenne simbolo di rinascita.<\/p>\n<p data-start=\"1163\" data-end=\"1323\"><strong data-start=\"1163\" data-end=\"1173\">PADOVA<\/strong><br data-start=\"1173\" data-end=\"1176\" \/>Curioso intervento della polizia: un\u2019auto in zona pedonale con una gallina a bordo. A bordo anche un coltello e un bancomat: accertamenti in corso.<\/p>\n<p data-start=\"1325\" data-end=\"1491\" data-is-last-node=\"\" data-is-only-node=\"\"><strong data-start=\"1325\" data-end=\"1335\">VERONA<\/strong><br data-start=\"1335\" data-end=\"1338\" \/>Verso Milano-Cortina 2026: istituite zone gialle attorno all\u2019Arena il 22 febbraio e il 6 marzo, con divieti di transito e accessi pedonali contingentati.<\/p>\n<\/div>\n<\/div>\n<\/div>\n<\/div>\n<\/div>\n<\/div>\n<\/article>\n<p>&nbsp;<\/p>\n<\/div>\n<\/div>\n<\/article>\n<\/div>\n<hr \/>\n<p>&nbsp;<\/p>\n<blockquote>\n<h1><\/h1>\n<h1><a class=\"dt-pswp-item\" href=\"https:\/\/www.radiopiu.net\/wordpress\/wp-content\/uploads\/2024\/05\/La-Val-che-Urla-Mirko-300x169-1.jpg\" data-dt-img-description=\"\" data-large_image_width=\"300\" data-large_image_height=\"169\"><img loading=\"lazy\" decoding=\"async\" class=\"wp-image-388263 aligncenter\" src=\"https:\/\/www.radiopiu.net\/wordpress\/wp-content\/uploads\/2024\/05\/La-Val-che-Urla-Mirko-300x169-1.jpg\" alt=\"\" width=\"215\" height=\"121\" \/><\/a><\/h1>\n<h1>RASSEGNA STAMPA, ORE 7 DEL MATTINO. LE ANTICIPAZIONI<\/h1>\n<p>DI MIRKO MEZZACASA<\/p>\n<audio class=\"wp-audio-shortcode\" id=\"audio-493556-4\" preload=\"none\" style=\"width: 100%;\" controls=\"controls\"><source type=\"audio\/mpeg\" src=\"https:\/\/www.radiopiu.net\/wordpress\/wp-content\/uploads\/2026\/01\/GF07-24.mp3?_=4\" \/><a href=\"https:\/\/www.radiopiu.net\/wordpress\/wp-content\/uploads\/2026\/01\/GF07-24.mp3\">https:\/\/www.radiopiu.net\/wordpress\/wp-content\/uploads\/2026\/01\/GF07-24.mp3<\/a><\/audio>\n<p>&nbsp;<\/p><\/blockquote>\n<\/div>\n<\/div>\n<\/div>\n<\/article>\n<\/div>\n<div class=\"flex flex-col text-sm pb-25\">\n<article class=\"text-token-text-primary w-full focus:outline-none [--shadow-height:45px] has-data-writing-block:pointer-events-none has-data-writing-block:-mt-(--shadow-height) has-data-writing-block:pt-(--shadow-height) [&amp;:has([data-writing-block])&gt;*]:pointer-events-auto scroll-mt-[calc(var(--header-height)+min(200px,max(70px,20svh)))]\" dir=\"auto\" tabindex=\"-1\" data-turn-id=\"request-WEB:545a5307-a0c9-41c7-9a5f-bf65aefdb8ec-5\" data-testid=\"conversation-turn-12\" data-scroll-anchor=\"true\" data-turn=\"assistant\">\n<div class=\"text-base my-auto mx-auto pb-10 [--thread-content-margin:--spacing(4)] @w-sm\/main:[--thread-content-margin:--spacing(6)] @w-lg\/main:[--thread-content-margin:--spacing(16)] px-(--thread-content-margin)\">\n<div class=\"[--thread-content-max-width:40rem] @w-lg\/main:[--thread-content-max-width:48rem] mx-auto max-w-(--thread-content-max-width) flex-1 group\/turn-messages focus-visible:outline-hidden relative flex w-full min-w-0 flex-col agent-turn\" tabindex=\"-1\">\n<div class=\"z-0 flex min-h-[46px] justify-start\">\n<p><a class=\"dt-pswp-item\" href=\"https:\/\/www.radiopiu.net\/wordpress\/wp-content\/uploads\/2026\/01\/1a48654c-6c0a-4143-bb09-7a6d3965d096.png\" data-dt-img-description=\"\" data-large_image_width=\"1536\" data-large_image_height=\"1024\"><img loading=\"lazy\" decoding=\"async\" class=\"size-medium wp-image-493816 aligncenter\" src=\"https:\/\/www.radiopiu.net\/wordpress\/wp-content\/uploads\/2026\/01\/1a48654c-6c0a-4143-bb09-7a6d3965d096-300x200.png\" alt=\"\" width=\"300\" height=\"200\" srcset=\"https:\/\/www.radiopiu.net\/wordpress\/wp-content\/uploads\/2026\/01\/1a48654c-6c0a-4143-bb09-7a6d3965d096-300x200.png 300w, https:\/\/www.radiopiu.net\/wordpress\/wp-content\/uploads\/2026\/01\/1a48654c-6c0a-4143-bb09-7a6d3965d096-1024x683.png 1024w, https:\/\/www.radiopiu.net\/wordpress\/wp-content\/uploads\/2026\/01\/1a48654c-6c0a-4143-bb09-7a6d3965d096-768x512.png 768w, https:\/\/www.radiopiu.net\/wordpress\/wp-content\/uploads\/2026\/01\/1a48654c-6c0a-4143-bb09-7a6d3965d096.png 1536w\" sizes=\"auto, (max-width: 300px) 100vw, 300px\" \/><\/a><\/p>\n<hr \/>\n<p>&nbsp;<\/p>\n<p>&nbsp;<\/p>\n<p><strong class=\"photoswipe-wrapper\"><a class=\"dt-pswp-item\" href=\"https:\/\/www.radiopiu.net\/wordpress\/wp-content\/uploads\/2026\/01\/file-2.jpg\" data-dt-img-description=\"\" data-large_image_width=\"640\" data-large_image_height=\"640\"><img loading=\"lazy\" decoding=\"async\" class=\"wp-image-492076 aligncenter\" src=\"https:\/\/www.radiopiu.net\/wordpress\/wp-content\/uploads\/2026\/01\/file-2-300x300.jpg\" alt=\"\" width=\"175\" height=\"175\" srcset=\"https:\/\/www.radiopiu.net\/wordpress\/wp-content\/uploads\/2026\/01\/file-2-300x300.jpg 300w, https:\/\/www.radiopiu.net\/wordpress\/wp-content\/uploads\/2026\/01\/file-2-150x150.jpg 150w, https:\/\/www.radiopiu.net\/wordpress\/wp-content\/uploads\/2026\/01\/file-2.jpg 640w\" sizes=\"auto, (max-width: 175px) 100vw, 175px\" \/><\/a><\/strong><\/p>\n<p><strong class=\"photoswipe-wrapper\">ogni sera alle 19 le anticipazioni alla radio, quello che poi seguirete nel TELEGIORNALE BELLUNESE\u00a0 in onda alle 19.30 sul CANALE 10 del digitale terrestre.\u00a0\u00a0<\/strong><\/p>\n<h2>ANTICIPAZIONI,\u00a0 DI\u00a0 \u00a0TIZIANA BOLOGNANI<\/h2>\n<audio class=\"wp-audio-shortcode\" id=\"audio-493556-5\" preload=\"none\" style=\"width: 100%;\" controls=\"controls\"><source type=\"audio\/mpeg\" src=\"https:\/\/www.radiopiu.net\/wordpress\/wp-content\/uploads\/2026\/01\/ANTENNA3-18.mp3?_=5\" \/><a href=\"https:\/\/www.radiopiu.net\/wordpress\/wp-content\/uploads\/2026\/01\/ANTENNA3-18.mp3\">https:\/\/www.radiopiu.net\/wordpress\/wp-content\/uploads\/2026\/01\/ANTENNA3-18.mp3<\/a><\/audio>\n<\/div>\n<\/div>\n<\/div>\n<\/article>\n<\/div>\n<div class=\"flex flex-col text-sm pb-25\">\n<article class=\"text-token-text-primary w-full focus:outline-none [--shadow-height:45px] has-data-writing-block:pointer-events-none has-data-writing-block:-mt-(--shadow-height) has-data-writing-block:pt-(--shadow-height) [&amp;:has([data-writing-block])&gt;*]:pointer-events-auto scroll-mt-[calc(var(--header-height)+min(200px,max(70px,20svh)))]\" dir=\"auto\" tabindex=\"-1\" data-turn-id=\"request-WEB:545a5307-a0c9-41c7-9a5f-bf65aefdb8ec-5\" data-testid=\"conversation-turn-12\" data-scroll-anchor=\"true\" data-turn=\"assistant\">\n<div class=\"text-base my-auto mx-auto pb-10 [--thread-content-margin:--spacing(4)] @w-sm\/main:[--thread-content-margin:--spacing(6)] @w-lg\/main:[--thread-content-margin:--spacing(16)] px-(--thread-content-margin)\">\n<div class=\"[--thread-content-max-width:40rem] @w-lg\/main:[--thread-content-max-width:48rem] mx-auto max-w-(--thread-content-max-width) flex-1 group\/turn-messages focus-visible:outline-hidden relative flex w-full min-w-0 flex-col agent-turn\" tabindex=\"-1\">\n<div class=\"z-0 flex min-h-[46px] justify-start\">\n<p>&nbsp;<\/p>\n<p>&nbsp;<\/p>\n<hr \/>\n<p>&nbsp;<\/p>\n<h1><span style=\"color: #ff0000;\"><a class=\"dt-pswp-item\" href=\"https:\/\/www.radiopiu.net\/wordpress\/wp-content\/uploads\/2024\/11\/8.jpg\" data-dt-img-description=\"\" data-large_image_width=\"180\" data-large_image_height=\"180\"><img loading=\"lazy\" decoding=\"async\" class=\"size-full wp-image-417910 aligncenter\" src=\"https:\/\/www.radiopiu.net\/wordpress\/wp-content\/uploads\/2024\/11\/8.jpg\" alt=\"\" width=\"180\" height=\"180\" srcset=\"https:\/\/www.radiopiu.net\/wordpress\/wp-content\/uploads\/2024\/11\/8.jpg 180w, https:\/\/www.radiopiu.net\/wordpress\/wp-content\/uploads\/2024\/11\/8-150x150.jpg 150w\" sizes=\"auto, (max-width: 180px) 100vw, 180px\" \/><\/a><\/span><\/h1>\n<h1><span style=\"color: #ff0000;\">I podcast informativi del mattino &#8211; video &#8211;\u00a0<\/span><\/h1>\n<h2 style=\"text-align: left;\"><strong>RASSEGNA STAMPA LOCALE, ORE OTTO<\/strong><\/h2>\n<h2><strong><span style=\"color: #0000ff;\">viene\u00a0 <\/span><\/strong><strong><span style=\"color: #0000ff;\">pubblicata alle 8.05 <span style=\"color: #ff0000;\">DIRETTA RADIO\u00a0 \u00a0<\/span><\/span><\/strong><strong>DI MIRKO MEZZACASA<\/strong><\/h2>\n<h1><span style=\"color: #ff0000;\"><strong>VIDEO\u00a0 \u00a0in diretta AGGIORNAMENTO\u00a0 dalle 8 del mattino<\/strong><\/span><\/h1>\n<\/div>\n<\/div>\n<\/div>\n<\/article>\n<\/div>\n\n\t\t\t<style type='text\/css'>\n\t\t\t\t#gallery-2 {\n\t\t\t\t\tmargin: auto;\n\t\t\t\t}\n\t\t\t\t#gallery-2 .gallery-item {\n\t\t\t\t\tfloat: left;\n\t\t\t\t\tmargin-top: 10px;\n\t\t\t\t\ttext-align: center;\n\t\t\t\t\twidth: 33%;\n\t\t\t\t}\n\t\t\t\t#gallery-2 img {\n\t\t\t\t\tborder: 2px solid #cfcfcf;\n\t\t\t\t}\n\t\t\t\t#gallery-2 .gallery-caption {\n\t\t\t\t\tmargin-left: 0;\n\t\t\t\t}\n\t\t\t\t\/* see gallery_shortcode() in wp-includes\/media.php *\/\n\t\t\t<\/style>\n\t\t<div id='gallery-2' class='dt-gallery-container gallery galleryid-493556 gallery-columns-3 gallery-size-medium'><dl class='gallery-item'>\n\t\t\t\t<dt class='gallery-icon landscape'>\n\t\t\t\t\t<a class=\"rollover rollover-zoom dt-pswp-item\" title=\"Screenshot 2026-01-30 051618\" data-dt-img-description=\"\" data-large_image_width=\"612\" data-large_image_height=\"295\"href='https:\/\/www.radiopiu.net\/wordpress\/wp-content\/uploads\/2026\/01\/Screenshot-2026-01-30-051618.png'><img loading=\"lazy\" decoding=\"async\" width=\"300\" height=\"145\" src=\"https:\/\/www.radiopiu.net\/wordpress\/wp-content\/uploads\/2026\/01\/Screenshot-2026-01-30-051618-300x145.png\" class=\"attachment-medium size-medium\" alt=\"\" srcset=\"https:\/\/www.radiopiu.net\/wordpress\/wp-content\/uploads\/2026\/01\/Screenshot-2026-01-30-051618-300x145.png 300w, https:\/\/www.radiopiu.net\/wordpress\/wp-content\/uploads\/2026\/01\/Screenshot-2026-01-30-051618.png 612w\" sizes=\"auto, (max-width: 300px) 100vw, 300px\" \/><\/a>\n\t\t\t\t<\/dt><\/dl><dl class='gallery-item'>\n\t\t\t\t<dt class='gallery-icon landscape'>\n\t\t\t\t\t<a class=\"rollover rollover-zoom dt-pswp-item\" title=\"Screenshot 2026-01-30 052049\" data-dt-img-description=\"\" data-large_image_width=\"396\" data-large_image_height=\"225\"href='https:\/\/www.radiopiu.net\/wordpress\/wp-content\/uploads\/2026\/01\/Screenshot-2026-01-30-052049.png'><img loading=\"lazy\" decoding=\"async\" width=\"300\" height=\"170\" src=\"https:\/\/www.radiopiu.net\/wordpress\/wp-content\/uploads\/2026\/01\/Screenshot-2026-01-30-052049-300x170.png\" class=\"attachment-medium size-medium\" alt=\"\" srcset=\"https:\/\/www.radiopiu.net\/wordpress\/wp-content\/uploads\/2026\/01\/Screenshot-2026-01-30-052049-300x170.png 300w, https:\/\/www.radiopiu.net\/wordpress\/wp-content\/uploads\/2026\/01\/Screenshot-2026-01-30-052049.png 396w\" sizes=\"auto, (max-width: 300px) 100vw, 300px\" \/><\/a>\n\t\t\t\t<\/dt><\/dl><dl class='gallery-item'>\n\t\t\t\t<dt class='gallery-icon landscape'>\n\t\t\t\t\t<a class=\"rollover rollover-zoom dt-pswp-item\" title=\"Screenshot 2026-01-30 052919\" data-dt-img-description=\"\" data-large_image_width=\"1165\" data-large_image_height=\"404\"href='https:\/\/www.radiopiu.net\/wordpress\/wp-content\/uploads\/2026\/01\/Screenshot-2026-01-30-052919.png'><img loading=\"lazy\" decoding=\"async\" width=\"300\" height=\"104\" src=\"https:\/\/www.radiopiu.net\/wordpress\/wp-content\/uploads\/2026\/01\/Screenshot-2026-01-30-052919-300x104.png\" class=\"attachment-medium size-medium\" alt=\"\" srcset=\"https:\/\/www.radiopiu.net\/wordpress\/wp-content\/uploads\/2026\/01\/Screenshot-2026-01-30-052919-300x104.png 300w, https:\/\/www.radiopiu.net\/wordpress\/wp-content\/uploads\/2026\/01\/Screenshot-2026-01-30-052919-1024x355.png 1024w, https:\/\/www.radiopiu.net\/wordpress\/wp-content\/uploads\/2026\/01\/Screenshot-2026-01-30-052919-768x266.png 768w, https:\/\/www.radiopiu.net\/wordpress\/wp-content\/uploads\/2026\/01\/Screenshot-2026-01-30-052919.png 1165w\" sizes=\"auto, (max-width: 300px) 100vw, 300px\" \/><\/a>\n\t\t\t\t<\/dt><\/dl><br style=\"clear: both\" \/>\n\t\t\t<\/div>\n\n<p><iframe loading=\"lazy\" title=\"DAL 1983 LA RASSEGNA STAMPA LOCALE di mirko mezzacasa. L&#039;ORIGINALE\" width=\"1200\" height=\"675\" src=\"https:\/\/www.youtube.com\/embed\/trlLafDh0-8?feature=oembed\" frameborder=\"0\" allow=\"accelerometer; autoplay; clipboard-write; encrypted-media; gyroscope; picture-in-picture; web-share\" referrerpolicy=\"strict-origin-when-cross-origin\" allowfullscreen><\/iframe><\/p>\n<hr \/>\n<p>&nbsp;<\/p>\n<blockquote>\n<h3>BAMBINO LASCIATO A PIEDI DAL BUS, GIOVANI&amp;FUTURO SCRIVE ALLA PROVINCIA: \u201cEPISODIO INACCETTABILE\u201d<\/h3>\n<\/blockquote>\n<p><a class=\"dt-pswp-item\" href=\"https:\/\/www.radiopiu.net\/wordpress\/wp-content\/uploads\/2026\/01\/4825161d-505b-4a91-b038-50920923b342.png\" data-dt-img-description=\"\" data-large_image_width=\"1536\" data-large_image_height=\"1024\"><img loading=\"lazy\" decoding=\"async\" class=\"size-medium wp-image-493640 aligncenter\" src=\"https:\/\/www.radiopiu.net\/wordpress\/wp-content\/uploads\/2026\/01\/4825161d-505b-4a91-b038-50920923b342-300x200.png\" alt=\"\" width=\"300\" height=\"200\" srcset=\"https:\/\/www.radiopiu.net\/wordpress\/wp-content\/uploads\/2026\/01\/4825161d-505b-4a91-b038-50920923b342-300x200.png 300w, https:\/\/www.radiopiu.net\/wordpress\/wp-content\/uploads\/2026\/01\/4825161d-505b-4a91-b038-50920923b342-1024x683.png 1024w, https:\/\/www.radiopiu.net\/wordpress\/wp-content\/uploads\/2026\/01\/4825161d-505b-4a91-b038-50920923b342-768x512.png 768w, https:\/\/www.radiopiu.net\/wordpress\/wp-content\/uploads\/2026\/01\/4825161d-505b-4a91-b038-50920923b342.png 1536w\" sizes=\"auto, (max-width: 300px) 100vw, 300px\" \/><\/a><\/p>\n<p><strong>BELLUNO\u00a0<\/strong>Dopo il caso di un bambino di 11 anni costretto a percorrere sei chilometri a piedi tra Calalzo e Cortina in pieno inverno, l\u2019associazione Giovani&amp;Futuro ha preso posizione, scrivendo alla Provincia di Belluno e chiedendo chiarimenti al consigliere delegato ai Trasporti, Massimo Bortoluzzi. L\u2019episodio, legato alle nuove disposizioni tariffarie per il trasporto olimpico, ha visto il minore fatto scendere dall\u2019autobus perch\u00e9 in possesso di un biglietto ordinario, nonostante la madre fosse disposta a pagare una sanzione. Luca Frescura e Thomas Menia Corbanese, presidente e vicepresidente dell\u2019associazione, hanno definito l\u2019accaduto \u201cinaccettabile\u201d e \u201cuna gravissima mancanza di responsabilit\u00e0 e umanit\u00e0\u201d, sottolineando che la sicurezza dei minori deve prevalere su ogni procedura. Nella lettera, Giovani&amp;Futuro chiede chiarimenti sulle sanzioni verso Dolomiti Bus S.p.A., sul rispetto del contratto di servizio e sugli esiti di un\u2019istruttoria avviata a giugno 2023. L\u2019associazione ribadisce vicinanza al bambino e alla famiglia e si propone di raccogliere segnalazioni di disservizi dal trasporto pubblico.<\/p>\n<p>&nbsp;<\/p>\n<hr \/>\n<p>&nbsp;<\/p>\n<blockquote>\n<h3>BORTOLUZZI PROMETTE VERIFICHE DOPO IL CASO DEL BAMBINO LASCIATO A PIEDI TRA CALALZO E CORTINA<\/h3>\n<\/blockquote>\n<p><strong><a class=\"dt-pswp-item\" href=\"https:\/\/www.radiopiu.net\/wordpress\/wp-content\/uploads\/2025\/11\/DolomitiBus_02-300x127-1.png\" data-dt-img-description=\"\" data-large_image_width=\"300\" data-large_image_height=\"127\"><img loading=\"lazy\" decoding=\"async\" class=\"size-full wp-image-479209 aligncenter\" src=\"https:\/\/www.radiopiu.net\/wordpress\/wp-content\/uploads\/2025\/11\/DolomitiBus_02-300x127-1.png\" alt=\"\" width=\"300\" height=\"127\" \/><\/a> <\/strong><\/p>\n<p><strong>\u00a0<\/strong><\/p>\n<p><strong>BELLUNO <\/strong>Un bambino di 11 anni \u00e8 stato costretto a percorrere sei chilometri a piedi tra Calalzo e Cortina in pieno inverno dopo essere stato fatto scendere dall\u2019autobus perch\u00e9 in possesso di un biglietto ordinario, non conforme alle nuove disposizioni tariffarie. L\u2019episodio, denunciato dall\u2019associazione Giovani&amp;Futuro, ha suscitato forte indignazione per il rischio cui \u00e8 stato esposto il minore. Massimo Bortoluzzi, consigliere provinciale con delega ai Trasporti, ha risposto assicurando di aver gi\u00e0 chiesto spiegazioni a Dolomiti Bus S.p.A. e di aver avviato accertamenti.<\/p>\n<p data-start=\"102\" data-end=\"479\"><strong>MASSIMO BORTOLUZZI, DELEGATO AI TRASPORTI DELLA PROVINCIA DI BELLUNO<\/strong><\/p>\n<audio class=\"wp-audio-shortcode\" id=\"audio-493556-6\" preload=\"none\" style=\"width: 100%;\" controls=\"controls\"><source type=\"audio\/mpeg\" src=\"https:\/\/www.radiopiu.net\/wordpress\/wp-content\/uploads\/2026\/01\/BORTOLUZZI-BAMBINO-1.mp3?_=6\" \/><a href=\"https:\/\/www.radiopiu.net\/wordpress\/wp-content\/uploads\/2026\/01\/BORTOLUZZI-BAMBINO-1.mp3\">https:\/\/www.radiopiu.net\/wordpress\/wp-content\/uploads\/2026\/01\/BORTOLUZZI-BAMBINO-1.mp3<\/a><\/audio>\n<p>&nbsp;<\/p>\n<hr \/>\n<p>&nbsp;<\/p>\n<blockquote>\n<h3>TRASPORTO PUBBLICO E DIRITTO ALLO STUDIO: UNO STUDENTE LASCIATO A PIEDI, UN FATTO INACCETTABILE<\/h3>\n<\/blockquote>\n<p><a class=\"dt-pswp-item\" href=\"https:\/\/www.radiopiu.net\/wordpress\/wp-content\/uploads\/2026\/01\/cca5cdb1-edcc-497b-a7f2-920c744499b5.jpg\" data-dt-img-description=\"\" data-large_image_width=\"1536\" data-large_image_height=\"1024\"><img loading=\"lazy\" decoding=\"async\" class=\"size-medium wp-image-493729 aligncenter\" src=\"https:\/\/www.radiopiu.net\/wordpress\/wp-content\/uploads\/2026\/01\/cca5cdb1-edcc-497b-a7f2-920c744499b5-300x200.jpg\" alt=\"\" width=\"300\" height=\"200\" srcset=\"https:\/\/www.radiopiu.net\/wordpress\/wp-content\/uploads\/2026\/01\/cca5cdb1-edcc-497b-a7f2-920c744499b5-300x200.jpg 300w, https:\/\/www.radiopiu.net\/wordpress\/wp-content\/uploads\/2026\/01\/cca5cdb1-edcc-497b-a7f2-920c744499b5-1024x683.jpg 1024w, https:\/\/www.radiopiu.net\/wordpress\/wp-content\/uploads\/2026\/01\/cca5cdb1-edcc-497b-a7f2-920c744499b5-768x512.jpg 768w, https:\/\/www.radiopiu.net\/wordpress\/wp-content\/uploads\/2026\/01\/cca5cdb1-edcc-497b-a7f2-920c744499b5.jpg 1536w\" sizes=\"auto, (max-width: 300px) 100vw, 300px\" \/><\/a><\/p>\n<p><strong>REDAZIONE<\/strong> Quanto accaduto a Vodo di Cadore, in provincia di Belluno, solleva interrogativi seri sul rapporto tra trasporto pubblico e diritto allo studio. Un ragazzo di 11 anni \u00e8 stato costretto a percorrere circa sei chilometri a piedi, in pieno inverno e sotto la neve, per rientrare a casa perch\u00e9 ritenuto privo del titolo di viaggio adeguato. L\u2019episodio si \u00e8 verificato su una linea extraurbana utilizzata quotidianamente da studenti, un contesto che rende l\u2019accaduto ancora pi\u00f9 grave. Il giovane, secondo quanto riportato, non era senza biglietto: aveva con s\u00e9 il carnet ordinario da 2,50 euro in uso nella provincia di Belluno, ma il servizio gli sarebbe stato negato perch\u00e9 non in possesso del nuovo biglietto da 10 euro introdotto in relazione ai Giochi Olimpici. La Rete degli Studenti Medi di Belluno parla di una situazione inaccettabile, denunciando costi del trasporto gi\u00e0 elevati e politiche che finiscono per penalizzare le famiglie e limitare concretamente l\u2019accesso alla scuola. Dolomiti Bus ha annunciato un\u2019indagine interna, ma resta la richiesta di risposte immediate e concrete: garantire un trasporto pubblico sicuro, accessibile ed economicamente sostenibile per tutti gli studenti non \u00e8 un\u2019opzione, ma un dovere.<\/p>\n<p>&nbsp;<\/p>\n<p>&nbsp;<\/p>\n<hr \/>\n<p>&nbsp;<\/p>\n<blockquote>\n<h3>BAMBINO FATTO SCENDERE DALL\u2019AUTOBUS: DOLOMITI BUS APRE ACCERTAMENTI<\/h3>\n<\/blockquote>\n<p><a class=\"dt-pswp-item\" href=\"https:\/\/www.radiopiu.net\/wordpress\/wp-content\/uploads\/2024\/09\/Progetto-senza-titolo.png\" data-dt-img-description=\"\" data-large_image_width=\"2048\" data-large_image_height=\"866\"><img loading=\"lazy\" decoding=\"async\" class=\"size-medium wp-image-409348 aligncenter\" src=\"https:\/\/www.radiopiu.net\/wordpress\/wp-content\/uploads\/2024\/09\/Progetto-senza-titolo-300x127.png\" alt=\"\" width=\"300\" height=\"127\" srcset=\"https:\/\/www.radiopiu.net\/wordpress\/wp-content\/uploads\/2024\/09\/Progetto-senza-titolo-300x127.png 300w, https:\/\/www.radiopiu.net\/wordpress\/wp-content\/uploads\/2024\/09\/Progetto-senza-titolo-1024x433.png 1024w, https:\/\/www.radiopiu.net\/wordpress\/wp-content\/uploads\/2024\/09\/Progetto-senza-titolo-768x325.png 768w, https:\/\/www.radiopiu.net\/wordpress\/wp-content\/uploads\/2024\/09\/Progetto-senza-titolo-1536x650.png 1536w, https:\/\/www.radiopiu.net\/wordpress\/wp-content\/uploads\/2024\/09\/Progetto-senza-titolo.png 2048w\" sizes=\"auto, (max-width: 300px) 100vw, 300px\" \/><\/a><\/p>\n<p><strong>BELLUNO <\/strong>In relazione all\u2019episodio segnalato in data odierna, Dolomiti Bus esprime anzitutto sollievo avendo appreso dalla famiglia del bambino che per lui non ci sono state serie conseguenze e sta bene. La corsa in questione \u00e8 stata effettuata a seguito di regolare autorizzazione dall\u2019azienda La Linea S.p.A. alla quale Dolomiti Bus, titolare del contratto di servizio principale, ha immediatamente esteso la contestazione e chiesto chiarimenti. La societ\u00e0 che ha effettuato il servizio ha comunicato di aver avviato degli approfondimenti e che il conducente interessato, suo dipendente, \u00e8 stato prudenzialmente sospeso dal servizio. Dolomiti Bus, costantemente impegnata a garantire i pi\u00f9 elevati standard di sicurezza e tutela dei passeggeri, ha essa stessa attivato una commissione per il rigoroso accertamento dei fatti accaduti. I mezzi in servizio sono dotati di impianti di videosorveglianza e le relative registrazioni potranno essere utilizzate per l\u2019accertamento dei fatti. Ulteriori elementi potranno essere forniti in ragione degli accertamenti in corso.<\/p>\n<p>&nbsp;<\/p>\n<hr \/>\n<p>&nbsp;<\/p>\n<blockquote>\n<h2 class=\"_title post-title entry-title\">BAMBINO DI 11 ANNI LASCIATO A TERRA DAL BUS: INTERROGAZIONE AL MINISTRO VALDITARA<\/h2>\n<\/blockquote>\n<p>Intervistati CHIARA BALBINOT AVVOCATA E NONNA DEL BAMBINO (AL TELEFONO) (Servizio di\u00a0<a href=\"https:\/\/antennatre.medianordest.it\/redazione\/Tiziana-Bolognani\/\">Tiziana Bolognani<\/a>)<\/p>\n<p><iframe loading=\"lazy\" title=\"BAMBINO DI 11 ANNI LASCIATO A TERRA DAL BUS: INTERROGAZIONE AL MINISTRO VALDITARA | 29\/01\/2026\" width=\"1200\" height=\"675\" src=\"https:\/\/www.youtube.com\/embed\/AAZKxoMgu6o?feature=oembed\" frameborder=\"0\" allow=\"accelerometer; autoplay; clipboard-write; encrypted-media; gyroscope; picture-in-picture; web-share\" referrerpolicy=\"strict-origin-when-cross-origin\" allowfullscreen><\/iframe><\/p>\n<p>&nbsp;<\/p>\n<p>&nbsp;<\/p>\n<hr \/>\n<p>&nbsp;<\/p>\n<div class=\"page-title-head hgroup\">\n<h1 class=\"entry-title\">INFARTO IN CENTRO A LONGARONE: ADDIO A GIOVANNI OLIVIER<\/h1>\n<\/div>\n<div class=\"page-title-breadcrumbs\"><\/div>\n<p><a class=\"dt-pswp-item pspw-wrap-ready\" href=\"https:\/\/www.radiopiu.net\/wordpress\/wp-content\/uploads\/2026\/01\/77b71688-f4eb-490c-8eaf-36043d78f0d8.png\" data-dt-img-description=\"\" data-large_image_width=\"1024\" data-large_image_height=\"1024\"><img loading=\"lazy\" decoding=\"async\" class=\"size-medium wp-image-493792 aligncenter\" src=\"https:\/\/www.radiopiu.net\/wordpress\/wp-content\/uploads\/2026\/01\/77b71688-f4eb-490c-8eaf-36043d78f0d8-300x300.png\" sizes=\"auto, (max-width: 300px) 100vw, 300px\" srcset=\"https:\/\/www.radiopiu.net\/wordpress\/wp-content\/uploads\/2026\/01\/77b71688-f4eb-490c-8eaf-36043d78f0d8-300x300.png 300w, https:\/\/www.radiopiu.net\/wordpress\/wp-content\/uploads\/2026\/01\/77b71688-f4eb-490c-8eaf-36043d78f0d8-150x150.png 150w, https:\/\/www.radiopiu.net\/wordpress\/wp-content\/uploads\/2026\/01\/77b71688-f4eb-490c-8eaf-36043d78f0d8-768x768.png 768w, https:\/\/www.radiopiu.net\/wordpress\/wp-content\/uploads\/2026\/01\/77b71688-f4eb-490c-8eaf-36043d78f0d8.png 1024w\" alt=\"\" width=\"300\" height=\"300\" \/><\/a><\/p>\n<p><strong>LONGARONE<\/strong>\u00a0Un malore improvviso ha stroncato ieri mattina\u00a0<strong data-start=\"108\" data-end=\"128\">Giovanni Olivier<\/strong>, figura molto conosciuta e stimata a Longarone. L\u2019uomo si trovava in centro con due amici quando, non sentendosi bene, ha deciso di rientrare a casa. Poco dopo si \u00e8 accasciato sul marciapiede nei pressi dell\u2019Utap. Immediato l\u2019allarme: un infermiere ha tentato la rianimazione con il defibrillatore, poi sono intervenuti i sanitari del 118. Nonostante i tentativi durati quasi un\u2019ora, per Olivier non c\u2019\u00e8 stato nulla da fare. Lascia la moglie Caterina e i figli Stefano ed Erika. I funerali si terranno luned\u00ec alle 14 nella chiesa di Longarone, con rosario domenica alle 18. Storico commerciante e uomo profondamente legato alla comunit\u00e0, Olivier era un punto di riferimento per il paese. Il sindaco Roberto Padrin lo ricorda come una presenza costante e generosa nella vita civile. Una scomparsa che lascia un grande vuoto a Longarone.<\/p>\n<p>&nbsp;<\/p>\n<p>&nbsp;<\/p>\n<hr \/>\n<p>&nbsp;<\/p>\n<blockquote>\n<h3>DOPPIO INFORTUNIO SUL LAVORO A CORTINA, INTERVENTI DEL SUEM 118 ANCHE A LAMON<\/h3>\n<\/blockquote>\n<p><strong><a class=\"dt-pswp-item\" href=\"https:\/\/www.radiopiu.net\/wordpress\/wp-content\/uploads\/2023\/08\/th-10.jpg\" data-dt-img-description=\"\" data-large_image_width=\"273\" data-large_image_height=\"180\"><img loading=\"lazy\" decoding=\"async\" class=\"size-full wp-image-349551 aligncenter\" src=\"https:\/\/www.radiopiu.net\/wordpress\/wp-content\/uploads\/2023\/08\/th-10.jpg\" alt=\"\" width=\"273\" height=\"180\" \/> <\/a><\/strong><strong>\u00a0<\/strong><\/p>\n<p><strong>CORTINA <\/strong>Ieri alle 10.56 i soccorsi sono intervenuti per un infortunio lavorativo che ha coinvolto un uomo di 41 anni, residente a Chieri. Nello stesso contesto \u00e8 stato assistito anche un giovane di 22 anni, residente a Pinerolo. Entrambi hanno riportato traumi di lieve entit\u00e0 e sono stati trasportati in ospedale con codice verde per gli accertamenti del caso. In precedenza, alle 7.02 del mattino, il SUEM era intervenuto a Lamon per un incidente stradale che ha coinvolto un uomo di 50 anni residente a Mira. Anche in questo caso si \u00e8 trattato di un trauma di lieve entit\u00e0: l\u2019uomo \u00e8 stato soccorso da un\u2019ambulanza e trasferito al Pronto Soccorso di Feltre.<\/p>\n<p>&nbsp;<\/p>\n<p>&nbsp;<\/p>\n<hr \/>\n<p>&nbsp;<\/p>\n<blockquote>\n<h3>POSTE ITALIANE: NESSUNA CONTESTAZIONE DA SPISAL, IN ARRIVO LA NUOVA SEDE DEI PORTALETTERE DELL\u2019AGORDINO<\/h3>\n<\/blockquote>\n<p><a class=\"dt-pswp-item\" href=\"https:\/\/www.radiopiu.net\/wordpress\/wp-content\/uploads\/2024\/09\/87-poste-italiane-porta-lettere-postino.jpg\" data-dt-img-description=\"\" data-large_image_width=\"945\" data-large_image_height=\"561\"><img loading=\"lazy\" decoding=\"async\" class=\"alignnone wp-image-409371 aligncenter\" src=\"https:\/\/www.radiopiu.net\/wordpress\/wp-content\/uploads\/2024\/09\/87-poste-italiane-porta-lettere-postino-300x178.jpg\" alt=\"\" width=\"197\" height=\"117\" srcset=\"https:\/\/www.radiopiu.net\/wordpress\/wp-content\/uploads\/2024\/09\/87-poste-italiane-porta-lettere-postino-300x178.jpg 300w, https:\/\/www.radiopiu.net\/wordpress\/wp-content\/uploads\/2024\/09\/87-poste-italiane-porta-lettere-postino-768x456.jpg 768w, https:\/\/www.radiopiu.net\/wordpress\/wp-content\/uploads\/2024\/09\/87-poste-italiane-porta-lettere-postino.jpg 945w\" sizes=\"auto, (max-width: 197px) 100vw, 197px\" \/><\/a><\/p>\n<p>&nbsp;<\/p>\n<p><strong>RICEVIAMO E PUBBLICHIAMO LA RISPOSTA DA PARTE DI POSTE ITALIANE IN SEGUITO ALL&#8217;ARTICOLO RIGUARDANTE LA VISITA SPISAL AGLI UFFICI DI ALLEGHE ED AGORDO<\/strong><\/p>\n<p>In riferimento all\u2019articolo \u201c<i>Poste, Spisal in visita ad Alleghe e Agordo<\/i>\u201d Poste Italiane desidera precisare che al momento nessuna contestazione \u00e8 stata sollevata nei confronti dell\u2019azienda per quanto riguarda le lavorazioni attualmente collocate negli uffici postali delle due localit\u00e0. Si coglie l\u2019occasione per ricordare che Poste Italiane sta lavorando alla nuova sede dei portalettere\u00a0dell\u2019Agordino gi\u00e0 da tempo e che l\u2019attivit\u00e0 rientra nell\u2019ambito di una precisa programmazione\u00a0aziendale. I lavori sono in fase di conclusione in via Strapont a Taibon Agordino e gi\u00e0 dalle prossime\u00a0settimane sar\u00e0 possibile trasferire dipendenti e lavorazioni di lettere e pacchi in spazi ancora pi\u00f9\u00a0ampi ed accoglienti ed adeguati alle nuove esigenze del servizio. Poste Italiane, in questo modo,\u00a0conferma e rafforza la sua presenza su tutto il territorio della provincia di Belluno.<\/p>\n<p>&nbsp;<\/p>\n<p>&nbsp;<\/p>\n<hr \/>\n<p>&nbsp;<\/p>\n<blockquote>\n<h2 data-start=\"0\" data-end=\"69\"><strong data-start=\"0\" data-end=\"69\">SOSPIROLO, POSTE CHIUSE PER AMMODERNAMENTO: RIAPERTURA IL 2 MARZO\u00a0<\/strong><\/h2>\n<\/blockquote>\n<p data-start=\"71\" data-end=\"601\" data-is-last-node=\"\" data-is-only-node=\"\"><strong><a class=\"dt-pswp-item\" href=\"https:\/\/www.radiopiu.net\/wordpress\/wp-content\/uploads\/2020\/05\/images-1.jpg\" data-dt-img-description=\"\" data-large_image_width=\"275\" data-large_image_height=\"183\"><img loading=\"lazy\" decoding=\"async\" class=\"size-full wp-image-137672 aligncenter\" src=\"https:\/\/www.radiopiu.net\/wordpress\/wp-content\/uploads\/2020\/05\/images-1.jpg\" alt=\"\" width=\"275\" height=\"183\" \/><\/a><br \/>\nSOSPIROLO <\/strong>Sono in corso i lavori di ammodernamento dell\u2019ufficio postale di Sospirolo, chiuso da luned\u00ec insieme al servizio Postamat. Poste Italiane investir\u00e0 circa un mese di lavori, con riapertura prevista il 2 marzo, nell\u2019ambito del progetto \u201cPolis\u201d per migliorare servizi e accoglienza nei piccoli comuni. Il vicesindaco Mario Troian parla di segnale positivo, ma non mancheranno i disagi, soprattutto per anziani e residenti con difficolt\u00e0 di spostamento. Nel frattempo, i servizi sono garantiti dagli uffici di Mas di Sedico e Belluno.<\/p>\n<div class=\"flex flex-col text-sm pb-25\">\n<article class=\"text-token-text-primary w-full focus:outline-none [--shadow-height:45px] has-data-writing-block:pointer-events-none has-data-writing-block:-mt-(--shadow-height) has-data-writing-block:pt-(--shadow-height) [&amp;:has([data-writing-block])&gt;*]:pointer-events-auto scroll-mt-[calc(var(--header-height)+min(200px,max(70px,20svh)))]\" dir=\"auto\" tabindex=\"-1\" data-turn-id=\"92a9a51d-e595-4fe0-8672-0d7e438c95da\" data-testid=\"conversation-turn-150\" data-scroll-anchor=\"true\" data-turn=\"assistant\">\n<div class=\"text-base my-auto mx-auto pb-10 [--thread-content-margin:--spacing(4)] @w-sm\/main:[--thread-content-margin:--spacing(6)] @w-lg\/main:[--thread-content-margin:--spacing(16)] px-(--thread-content-margin)\">\n<div class=\"[--thread-content-max-width:40rem] @w-lg\/main:[--thread-content-max-width:48rem] mx-auto max-w-(--thread-content-max-width) flex-1 group\/turn-messages focus-visible:outline-hidden relative flex w-full min-w-0 flex-col agent-turn\" tabindex=\"-1\">\n<div class=\"z-0 flex min-h-[46px] justify-start\"><\/div>\n<div class=\"mt-3 w-full empty:hidden\">\n<div class=\"text-center\"><\/div>\n<\/div>\n<\/div>\n<\/div>\n<\/article>\n<\/div>\n<p>&nbsp;<\/p>\n<hr \/>\n<p>&nbsp;<\/p>\n<blockquote>\n<h2 data-start=\"0\" data-end=\"92\"><strong data-start=\"0\" data-end=\"92\">CLIVET, OK AL NUOVO CONTRATTO INTEGRATIVO: PREMI PI\u00d9 ALTI E TUTELE PER LE MALATTIE GRAVI\u00a0<\/strong><\/h2>\n<\/blockquote>\n<p data-start=\"94\" data-end=\"459\"><strong><a class=\"dt-pswp-item\" href=\"https:\/\/www.radiopiu.net\/wordpress\/wp-content\/uploads\/2020\/06\/433c9c35-6ae0-457b-8ef5-04072dcbe41d.jpg\" data-dt-img-description=\"\" data-large_image_width=\"2048\" data-large_image_height=\"1024\"><img loading=\"lazy\" decoding=\"async\" class=\"size-medium wp-image-145610 aligncenter\" src=\"https:\/\/www.radiopiu.net\/wordpress\/wp-content\/uploads\/2020\/06\/433c9c35-6ae0-457b-8ef5-04072dcbe41d-300x150.jpg\" alt=\"\" width=\"300\" height=\"150\" srcset=\"https:\/\/www.radiopiu.net\/wordpress\/wp-content\/uploads\/2020\/06\/433c9c35-6ae0-457b-8ef5-04072dcbe41d-300x150.jpg 300w, https:\/\/www.radiopiu.net\/wordpress\/wp-content\/uploads\/2020\/06\/433c9c35-6ae0-457b-8ef5-04072dcbe41d-1024x512.jpg 1024w, https:\/\/www.radiopiu.net\/wordpress\/wp-content\/uploads\/2020\/06\/433c9c35-6ae0-457b-8ef5-04072dcbe41d-768x384.jpg 768w, https:\/\/www.radiopiu.net\/wordpress\/wp-content\/uploads\/2020\/06\/433c9c35-6ae0-457b-8ef5-04072dcbe41d-1536x768.jpg 1536w, https:\/\/www.radiopiu.net\/wordpress\/wp-content\/uploads\/2020\/06\/433c9c35-6ae0-457b-8ef5-04072dcbe41d.jpg 2048w\" sizes=\"auto, (max-width: 300px) 100vw, 300px\" \/><\/a><br \/>\nFELTRE<\/strong> Via libera a larghissima maggioranza al nuovo contratto integrativo 2026-2028 della Clivet di Villapaiera a Feltre, votato da circa 800 lavoratori. L\u2019accordo introduce importanti novit\u00e0: il premio di risultato potr\u00e0 arrivare fino a 1.800 euro l\u2019anno, legato a obiettivi di risultati, qualit\u00e0, efficienza e presenze, includendo anche maternit\u00e0 e congedi parentali. Punto centrale dell\u2019intesa \u00e8 la tutela per le malattie gravi: dopo il periodo di comporto, i lavoratori potranno accedere a un\u2019aspettativa retribuita all\u201980% fino a 24 mesi. Una misura definita da sindacati e azienda una scelta di civilt\u00e0 e un modello innovativo per il territorio.<\/p>\n<div class=\"flex flex-col text-sm pb-25\">\n<article class=\"text-token-text-primary w-full focus:outline-none [--shadow-height:45px] has-data-writing-block:pointer-events-none has-data-writing-block:-mt-(--shadow-height) has-data-writing-block:pt-(--shadow-height) [&amp;:has([data-writing-block])&gt;*]:pointer-events-auto scroll-mt-[calc(var(--header-height)+min(200px,max(70px,20svh)))]\" dir=\"auto\" tabindex=\"-1\" data-turn-id=\"416d9af0-39c6-48f3-8d95-238ed0ef6239\" data-testid=\"conversation-turn-146\" data-scroll-anchor=\"true\" data-turn=\"assistant\">\n<div class=\"text-base my-auto mx-auto pb-10 [--thread-content-margin:--spacing(4)] @w-sm\/main:[--thread-content-margin:--spacing(6)] @w-lg\/main:[--thread-content-margin:--spacing(16)] px-(--thread-content-margin)\">\n<div class=\"[--thread-content-max-width:40rem] @w-lg\/main:[--thread-content-max-width:48rem] mx-auto max-w-(--thread-content-max-width) flex-1 group\/turn-messages focus-visible:outline-hidden relative flex w-full min-w-0 flex-col agent-turn\" tabindex=\"-1\">\n<div class=\"flex max-w-full flex-col grow\">\n<div class=\"min-h-8 text-message relative flex w-full flex-col items-end gap-2 text-start break-words whitespace-normal [.text-message+&amp;]:mt-1\" dir=\"auto\" data-message-author-role=\"assistant\" data-message-id=\"6272df06-91be-4cbd-b3a1-830c1c015579\" data-message-model-slug=\"gpt-5-2\">\n<div class=\"flex w-full flex-col gap-1 empty:hidden first:pt-[1px]\">\n<div class=\"markdown prose dark:prose-invert w-full wrap-break-word dark markdown-new-styling\">\n<p data-start=\"80\" data-end=\"418\">\n<\/div>\n<\/div>\n<\/div>\n<\/div>\n<\/div>\n<\/div>\n<\/article>\n<\/div>\n<div class=\"pointer-events-none h-px w-px absolute bottom-0\" aria-hidden=\"true\" data-edge=\"true\"><\/div>\n<p>&nbsp;<\/p>\n<hr \/>\n<p>&nbsp;<\/p>\n<blockquote>\n<h3>PROROGATA LA CASSA INTEGRAZIONE EDIM, TRE MESI PER TROVARE UN ACQUIRENTE<\/h3>\n<\/blockquote>\n<p><a class=\"dt-pswp-item\" href=\"https:\/\/www.radiopiu.net\/wordpress\/wp-content\/uploads\/2026\/01\/edim.jpg\" data-dt-img-description=\"\" data-large_image_width=\"810\" data-large_image_height=\"480\"><img loading=\"lazy\" decoding=\"async\" class=\"size-medium wp-image-493665 aligncenter\" src=\"https:\/\/www.radiopiu.net\/wordpress\/wp-content\/uploads\/2026\/01\/edim-300x178.jpg\" alt=\"\" width=\"300\" height=\"178\" srcset=\"https:\/\/www.radiopiu.net\/wordpress\/wp-content\/uploads\/2026\/01\/edim-300x178.jpg 300w, https:\/\/www.radiopiu.net\/wordpress\/wp-content\/uploads\/2026\/01\/edim-768x455.jpg 768w, https:\/\/www.radiopiu.net\/wordpress\/wp-content\/uploads\/2026\/01\/edim.jpg 810w\" sizes=\"auto, (max-width: 300px) 100vw, 300px\" \/><\/a><\/p>\n<p>&nbsp;<\/p>\n<p><strong>FELTRE\u00a0<\/strong>Ieri, al Ministero del Lavoro, \u00e8 stato firmato l\u2019accordo che estende fino al 5 maggio la cassa integrazione straordinaria per i 186 dipendenti Edim, tra gli stabilimenti di Villasanta (Monza Brianza) e Setteville (Belluno). La proroga garantisce la copertura salariale oltre la precedente scadenza del 3 febbraio e coincide con il termine della composizione negoziata della crisi, entro cui va trovato un acquirente per assicurare la continuit\u00e0 produttiva. Sindacati e istituzioni considerano la Cigs uno strumento essenziale per mantenere attiva la fabbrica durante la ricerca di investitori. Un advisor incaricato ha contattato circa 300 potenziali soggetti, ma finora senza manifestazioni concrete di interesse. Il contesto resta critico: pesano la stagnazione dell\u2019automotive europeo, la crisi del gruppo Bosch, dazi, tensioni geopolitiche e concorrenza extra-UE a basso costo, fattori che hanno ridotto volumi e prospettive di mercato.<\/p>\n<p>&nbsp;<\/p>\n<hr \/>\n<p>&nbsp;<\/p>\n<div class=\"page-title-head hgroup\">\n<h1 class=\"entry-title\">LEGA CONTRO LA LEGGE DELRIO: \u201cPROVINCE SVUOTATE, SI BOICOTTINO LE ELEZIONI\u201d<\/h1>\n<\/div>\n<div class=\"page-title-breadcrumbs\">\n<div class=\"flex max-w-full flex-col grow\">\n<div class=\"min-h-8 text-message relative flex w-full flex-col items-end gap-2 text-start break-words whitespace-normal [.text-message+&amp;]:mt-1\" dir=\"auto\" data-message-author-role=\"assistant\" data-message-id=\"ecc0a62d-6e41-4c32-946f-15172b45480e\" data-message-model-slug=\"gpt-5-2\">\n<div class=\"flex w-full flex-col gap-1 empty:hidden first:pt-[1px]\">\n<div class=\"markdown prose dark:prose-invert w-full wrap-break-word dark markdown-new-styling\">\n<p data-start=\"81\" data-end=\"400\"><img loading=\"lazy\" decoding=\"async\" class=\"aligncenter\" src=\"https:\/\/www.radiopiu.net\/wordpress\/wp-content\/uploads\/2021\/03\/ANDREA-DE-BERNARDIN.jpg\" width=\"321\" height=\"181\" \/><\/p>\n<p data-start=\"81\" data-end=\"400\">La Lega attacca duramente la legge Delrio, che ha trasformato le Province in enti di secondo grado, privi di reali poteri. Secondo il segretario provinciale <strong data-start=\"238\" data-end=\"261\">Andrea De Bernardin<\/strong>, non cambia nulla chi sar\u00e0 il prossimo presidente: i problemi resteranno identici, perch\u00e9 l\u2019ente \u00e8 stato svuotato di funzioni e risorse. Il voto, riservato solo agli amministratori comunali, viene definito una distorsione democratica che grava ulteriormente sui sindaci, gi\u00e0 alle prese con le emergenze dei propri Comuni. Da qui la provocazione: <strong data-start=\"611\" data-end=\"649\">boicottare le elezioni provinciali<\/strong> per denunciare una riforma giudicata fallimentare. De Bernardin parla di una Provincia \u201cn\u00e9 viva n\u00e9 morta\u201d, bloccata in un limbo istituzionale pericoloso per il territorio. Meglio, sostiene, un commissario governativo da contestare apertamente che accettare passivamente un sistema inefficace. Intanto resta l\u2019incertezza sulle elezioni: il presidente uscente Roberto Padrin deve indire il voto entro il 6 febbraio, ma non \u00e8 ancora chiaro se si voter\u00e0 solo per il presidente o anche per il consiglio provinciale.<\/p>\n<p data-start=\"81\" data-end=\"400\"><strong>ANDREA DE BERNARDIN<\/strong><\/p>\n<audio class=\"wp-audio-shortcode\" id=\"audio-493556-7\" preload=\"none\" style=\"width: 100%;\" controls=\"controls\"><source type=\"audio\/mpeg\" src=\"https:\/\/www.radiopiu.net\/wordpress\/wp-content\/uploads\/2026\/01\/andrea-lega.mp3?_=7\" \/><a href=\"https:\/\/www.radiopiu.net\/wordpress\/wp-content\/uploads\/2026\/01\/andrea-lega.mp3\">https:\/\/www.radiopiu.net\/wordpress\/wp-content\/uploads\/2026\/01\/andrea-lega.mp3<\/a><\/audio>\n<p>&nbsp;<\/p>\n<hr \/>\n<blockquote>\n<h2><\/h2>\n<h2>DEL VECCHIO: \u201cHO VOTATO RENZI E MELONI, MA CREDO IN UN\u2019EUROPA UNITA\u201d<\/h2>\n<\/blockquote>\n<p><strong>Ieri sera, su la7 <span style=\"color: #0000ff;\"><a style=\"color: #0000ff;\" href=\"https:\/\/www.la7.it\/otto-e-mezzo\/video\/chi-e-leonardo-maria-del-vecchio-la-risposta-dellimprenditore-sono-una-persona-che-si-concentra-sul-29-01-2026-630444\">l&#8217;intervista<\/a><\/span><\/strong><\/p>\n<p><img decoding=\"async\" class=\"aligncenter\" src=\"https:\/\/www.radiopiu.net\/wordpress\/wp-content\/uploads\/2026\/01\/Screenshot-2026-01-30-054419.png\" \/><\/p>\n<p>&nbsp;<\/p>\n<p><em><strong>&#8220;Chi \u00e8 Leonardo Maria Del Vecchio? La risposta dell&#8217;imprenditore: &#8220;Sono una persona che si concentra sul fare&#8221;<\/strong><\/em><\/p>\n<p>UN PASSAGGIO&#8230; AUDIO<\/p>\n<audio class=\"wp-audio-shortcode\" id=\"audio-493556-8\" preload=\"none\" style=\"width: 100%;\" controls=\"controls\"><source type=\"audio\/mpeg\" src=\"https:\/\/www.radiopiu.net\/wordpress\/wp-content\/uploads\/2026\/01\/leonardo.mp3?_=8\" \/><a href=\"https:\/\/www.radiopiu.net\/wordpress\/wp-content\/uploads\/2026\/01\/leonardo.mp3\">https:\/\/www.radiopiu.net\/wordpress\/wp-content\/uploads\/2026\/01\/leonardo.mp3<\/a><\/audio>\n<div class=\"flex flex-col text-sm pb-25\">\n<article class=\"text-token-text-primary w-full focus:outline-none [--shadow-height:45px] has-data-writing-block:pointer-events-none has-data-writing-block:-mt-(--shadow-height) has-data-writing-block:pt-(--shadow-height) [&amp;:has([data-writing-block])&gt;*]:pointer-events-auto scroll-mt-[calc(var(--header-height)+min(200px,max(70px,20svh)))]\" dir=\"auto\" tabindex=\"-1\" data-turn-id=\"8fc9d1fc-fc5f-4d27-aaaa-9318c2c2d401\" data-testid=\"conversation-turn-168\" data-scroll-anchor=\"true\" data-turn=\"assistant\">\n<div class=\"text-base my-auto mx-auto pb-10 [--thread-content-margin:--spacing(4)] @w-sm\/main:[--thread-content-margin:--spacing(6)] @w-lg\/main:[--thread-content-margin:--spacing(16)] px-(--thread-content-margin)\">\n<div class=\"[--thread-content-max-width:40rem] @w-lg\/main:[--thread-content-max-width:48rem] mx-auto max-w-(--thread-content-max-width) flex-1 group\/turn-messages focus-visible:outline-hidden relative flex w-full min-w-0 flex-col agent-turn\" tabindex=\"-1\">\n<div class=\"flex max-w-full flex-col grow\">\n<div class=\"min-h-8 text-message relative flex w-full flex-col items-end gap-2 text-start break-words whitespace-normal [.text-message+&amp;]:mt-1\" dir=\"auto\" data-message-author-role=\"assistant\" data-message-id=\"3e9f5d85-cba7-4934-95ae-143edfe4393e\" data-message-model-slug=\"gpt-5-2\">\n<div class=\"flex w-full flex-col gap-1 empty:hidden first:pt-[1px]\">\n<div class=\"markdown prose dark:prose-invert w-full wrap-break-word dark markdown-new-styling\">\n<p data-start=\"13\" data-end=\"287\">Nel corso di una lunga intervista a <em data-start=\"49\" data-end=\"63\">Otto e mezzo<\/em> su La7 con Lilli Gruber, l\u2019imprenditore <strong data-start=\"104\" data-end=\"134\">Leonardo Maria Del Vecchio<\/strong>, presidente di LMDV Capital, ha affrontato temi che spaziano dall\u2019eredit\u00e0 familiare alla politica, fino all\u2019editoria e alla sua visione imprenditoriale. Del Vecchio ha spiegato di aver accettato senza riserve l\u2019eredit\u00e0 del padre, sottolineando la complessit\u00e0 della successione rispetto ad altri casi noti, come quello di Berlusconi. Ha ricordato il proprio percorso professionale, iniziato a 21 anni, rivendicando i valori trasmessi dal padre: centralit\u00e0 delle persone e valore umano nelle aziende. Sul fronte politico ha dichiarato di aver votato in passato sia Renzi sia Meloni, apprezzando la stabilit\u00e0 attuale come fattore che favorisce gli investimenti, ribadendo per\u00f2 il suo sostegno a un\u2019Europa pi\u00f9 unita. Ampio spazio all\u2019editoria: Del Vecchio si dice convinto sostenitore dell\u2019informazione libera e del pluralismo, spiegando le scelte che lo hanno portato a investire nel <em data-start=\"1018\" data-end=\"1028\">Giornale<\/em> e il progetto di costruire una vera media company. Infine ha toccato anche temi personali, dall\u2019ipotesi futura di investire nella televisione fino all\u2019incidente stradale a Milano, chiarendo la propria versione dei fatti. Un\u2019intervista che delinea il profilo di un imprenditore giovane, ambizioso e deciso a lasciare un segno oltre l\u2019industria tradizionale.<\/p>\n<\/div>\n<\/div>\n<\/div>\n<\/div>\n<div class=\"z-0 flex min-h-[46px] justify-start\"><\/div>\n<div class=\"mt-3 w-full empty:hidden\">\n<div class=\"text-center\"><\/div>\n<\/div>\n<\/div>\n<\/div>\n<\/article>\n<\/div>\n<p>&nbsp;<\/p>\n<p>&nbsp;<\/p>\n<hr \/>\n<\/div>\n<\/div>\n<\/div>\n<\/div>\n<div class=\"mt-3 w-full empty:hidden\">\n<div class=\"text-center\"><\/div>\n<\/div>\n<\/div>\n<p>&nbsp;<\/p>\n<div class=\"flex flex-col text-sm pb-25\">\n<article class=\"text-token-text-primary w-full focus:outline-none [--shadow-height:45px] has-data-writing-block:pointer-events-none has-data-writing-block:-mt-(--shadow-height) has-data-writing-block:pt-(--shadow-height) [&amp;:has([data-writing-block])&gt;*]:pointer-events-auto scroll-mt-[calc(var(--header-height)+min(200px,max(70px,20svh)))]\" dir=\"auto\" tabindex=\"-1\" data-turn-id=\"04219383-f9ca-4f24-acc4-5779d827e1cf\" data-testid=\"conversation-turn-131\" data-scroll-anchor=\"true\" data-turn=\"assistant\">\n<div class=\"text-base my-auto mx-auto pb-10 [--thread-content-margin:--spacing(4)] @w-sm\/main:[--thread-content-margin:--spacing(6)] @w-lg\/main:[--thread-content-margin:--spacing(16)] px-(--thread-content-margin)\">\n<div class=\"[--thread-content-max-width:40rem] @w-lg\/main:[--thread-content-max-width:48rem] mx-auto max-w-(--thread-content-max-width) flex-1 group\/turn-messages focus-visible:outline-hidden relative flex w-full min-w-0 flex-col agent-turn\" tabindex=\"-1\">\n<div class=\"flex max-w-full flex-col grow\">\n<div class=\"min-h-8 text-message relative flex w-full flex-col items-end gap-2 text-start break-words whitespace-normal [.text-message+&amp;]:mt-1\" dir=\"auto\" data-message-author-role=\"assistant\" data-message-id=\"c3603d09-2915-48bd-854c-29caf9c511e0\" data-message-model-slug=\"gpt-5-2\">\n<div class=\"flex w-full flex-col gap-1 empty:hidden first:pt-[1px]\">\n<div class=\"markdown prose dark:prose-invert w-full wrap-break-word dark markdown-new-styling\">\n<blockquote>\n<p style=\"text-align: center;\" data-start=\"0\" data-end=\"70\"><strong data-start=\"0\" data-end=\"70\">ATTI OSCENI IN STRADA: MESSA ALLA PROVA E LAVORI SOCIALMENTE UTILI<\/strong><\/p>\n<\/blockquote>\n<\/div>\n<\/div>\n<\/div>\n<\/div>\n<div class=\"mt-3 w-full empty:hidden\">\n<div class=\"text-center\">\n<p class=\"photoswipe-wrapper\"><a class=\"dt-pswp-item pspw-wrap-ready\" href=\"https:\/\/www.radiopiu.net\/wordpress\/wp-content\/uploads\/2026\/01\/b50b7192-7cec-4a41-8ce8-3b646759ece6.png\" data-dt-img-description=\"\" data-large_image_width=\"1536\" data-large_image_height=\"1024\"><img loading=\"lazy\" decoding=\"async\" class=\"size-medium wp-image-493800 aligncenter\" src=\"https:\/\/www.radiopiu.net\/wordpress\/wp-content\/uploads\/2026\/01\/b50b7192-7cec-4a41-8ce8-3b646759ece6-300x200.png\" sizes=\"auto, (max-width: 300px) 100vw, 300px\" srcset=\"https:\/\/www.radiopiu.net\/wordpress\/wp-content\/uploads\/2026\/01\/b50b7192-7cec-4a41-8ce8-3b646759ece6-300x200.png 300w, https:\/\/www.radiopiu.net\/wordpress\/wp-content\/uploads\/2026\/01\/b50b7192-7cec-4a41-8ce8-3b646759ece6-1024x683.png 1024w, https:\/\/www.radiopiu.net\/wordpress\/wp-content\/uploads\/2026\/01\/b50b7192-7cec-4a41-8ce8-3b646759ece6-768x512.png 768w, https:\/\/www.radiopiu.net\/wordpress\/wp-content\/uploads\/2026\/01\/b50b7192-7cec-4a41-8ce8-3b646759ece6.png 1536w\" alt=\"\" width=\"300\" height=\"200\" \/><\/a><\/p>\n<p data-start=\"54\" data-end=\"255\">Dalla pagina giudiziaria del\u00a0<span class=\"hover:entity-accent entity-underline inline cursor-pointer align-baseline\"><span class=\"whitespace-normal\">Corriere delle Alpi<\/span><\/span>, a firma di\u00a0<span class=\"hover:entity-accent entity-underline inline cursor-pointer align-baseline\"><span class=\"whitespace-normal\">Gigi Sosso<\/span><\/span>, emerge un quadro variegato di vicende finite davanti ai giudici di Belluno. Tiene banco il caso di un uomo accusato di atti osceni in luogo pubblico aggravati, per essersi esposto davanti a una donna vicino a un asilo: il processo \u00e8 stato sospeso con la messa alla prova e 120 ore di lavori socialmente utili. Se l\u2019esito sar\u00e0 positivo, il reato verr\u00e0 cancellato. Verso l\u2019assoluzione una madre accusata di sottrazione di minore all\u2019estero: il marito ha ritirato la querela e anche il pubblico ministero ha chiesto il proscioglimento. Restano dubbi sull\u2019effettivo espatrio, forse mai avvenuto. A processo anche un bellunese accusato per un solo grammo di eroina, in un\u2019indagine nata da una morte per overdose: l\u2019imputato nega ogni cessione. Infine, un pizzaiolo della Val di Zoldo dovr\u00e0 rispondere di minaccia aggravata dopo una lite in cucina, per aver agitato un coltello durante una discussione di lavoro.<\/p>\n<\/div>\n<\/div>\n<\/div>\n<\/div>\n<\/article>\n<\/div>\n<div class=\"pointer-events-none h-px w-px absolute bottom-0\" aria-hidden=\"true\" data-edge=\"true\">\n<div class=\"flex flex-col text-sm pb-25\">\n<article class=\"text-token-text-primary w-full focus:outline-none [--shadow-height:45px] has-data-writing-block:pointer-events-none has-data-writing-block:-mt-(--shadow-height) has-data-writing-block:pt-(--shadow-height) [&amp;:has([data-writing-block])&gt;*]:pointer-events-auto scroll-mt-[calc(var(--header-height)+min(200px,max(70px,20svh)))]\" dir=\"auto\" tabindex=\"-1\" data-turn-id=\"d0b82e3f-f60b-4339-be78-890c5740ded9\" data-testid=\"conversation-turn-152\" data-scroll-anchor=\"true\" data-turn=\"assistant\">\n<div class=\"text-base my-auto mx-auto pb-10 [--thread-content-margin:--spacing(4)] @w-sm\/main:[--thread-content-margin:--spacing(6)] @w-lg\/main:[--thread-content-margin:--spacing(16)] px-(--thread-content-margin)\">\n<div class=\"[--thread-content-max-width:40rem] @w-lg\/main:[--thread-content-max-width:48rem] mx-auto max-w-(--thread-content-max-width) flex-1 group\/turn-messages focus-visible:outline-hidden relative flex w-full min-w-0 flex-col agent-turn\" tabindex=\"-1\">\n<div class=\"mt-3 w-full empty:hidden\">\n<div class=\"text-center\"><\/div>\n<\/div>\n<\/div>\n<\/div>\n<\/article>\n<\/div>\n<\/div>\n<p>&nbsp;<\/p>\n<hr \/>\n<p>&nbsp;<\/p>\n<blockquote>\n<h3>EX SALMERIE ZANNETTELLI, AVVIATO L\u2019ITER PER IL RECUPERO: APPROVATO IL PROGETTO DI FATTIBILIT\u00c0<\/h3>\n<\/blockquote>\n<p><a class=\"dt-pswp-item\" href=\"https:\/\/www.radiopiu.net\/wordpress\/wp-content\/uploads\/2026\/01\/20240308_113444-scaled.jpg\" data-dt-img-description=\"\" data-large_image_width=\"2560\" data-large_image_height=\"1920\"><img loading=\"lazy\" decoding=\"async\" class=\" wp-image-493748 aligncenter\" src=\"https:\/\/www.radiopiu.net\/wordpress\/wp-content\/uploads\/2026\/01\/20240308_113444-300x225.jpg\" alt=\"\" width=\"179\" height=\"134\" srcset=\"https:\/\/www.radiopiu.net\/wordpress\/wp-content\/uploads\/2026\/01\/20240308_113444-300x225.jpg 300w, https:\/\/www.radiopiu.net\/wordpress\/wp-content\/uploads\/2026\/01\/20240308_113444-1024x768.jpg 1024w, https:\/\/www.radiopiu.net\/wordpress\/wp-content\/uploads\/2026\/01\/20240308_113444-768x576.jpg 768w, https:\/\/www.radiopiu.net\/wordpress\/wp-content\/uploads\/2026\/01\/20240308_113444-1536x1152.jpg 1536w, https:\/\/www.radiopiu.net\/wordpress\/wp-content\/uploads\/2026\/01\/20240308_113444-2048x1536.jpg 2048w\" sizes=\"auto, (max-width: 179px) 100vw, 179px\" \/><\/a><\/p>\n<p><strong>DI ALESSIA DALL&#8217;O&#8217;<\/strong><\/p>\n<p><strong>FELTRE\u00a0<\/strong>\u00c8 ufficialmente partito l\u2019iter per il recupero e la messa in sicurezza delle salmerie dell\u2019ex caserma Zannettelli. Nei giorni scorsi la Giunta comunale di Feltre ha infatti approvato il progetto di fattibilit\u00e0 tecnico-economica, secondo stralcio dell\u2019intervento di rigenerazione urbana dell\u2019area, finanziato con 760 mila euro dai Fondi Comuni di Confine della programmazione 2019\u20132027. Il progetto riguarda il restauro conservativo del fabbricato storico situato nella parte nord del complesso: un edificio a due piani fuori terra, con copertura a doppia falda e sviluppo longitudinale di circa 55 metri. L\u2019obiettivo principale \u00e8 la messa in sicurezza strutturale, in vista di una futura destinazione museale, espositiva e istituzionale<\/p>\n<p>&nbsp;<\/p>\n<p>&nbsp;<\/p>\n<hr \/>\n<p>&nbsp;<\/p>\n<blockquote>\n<h3><strong>OLIMPIADI MILANO-CORTINA 2026: L\u2019ASSOCIAZIONE ARTICOLO 6 CHIEDE TUTELE PER LE MINORANZE LINGUISTICHE<\/strong><\/h3>\n<\/blockquote>\n<p><strong><a class=\"dt-pswp-item\" href=\"https:\/\/www.radiopiu.net\/wordpress\/wp-content\/uploads\/2025\/05\/17.07.2016-stele-valli-ladine-passo-Sella-1024x768-1.jpg\" data-dt-img-description=\"\" data-large_image_width=\"1024\" data-large_image_height=\"768\"><img loading=\"lazy\" decoding=\"async\" class=\"size-medium wp-image-448099 aligncenter\" src=\"https:\/\/www.radiopiu.net\/wordpress\/wp-content\/uploads\/2025\/05\/17.07.2016-stele-valli-ladine-passo-Sella-1024x768-1-300x225.jpg\" alt=\"\" width=\"300\" height=\"225\" srcset=\"https:\/\/www.radiopiu.net\/wordpress\/wp-content\/uploads\/2025\/05\/17.07.2016-stele-valli-ladine-passo-Sella-1024x768-1-300x225.jpg 300w, https:\/\/www.radiopiu.net\/wordpress\/wp-content\/uploads\/2025\/05\/17.07.2016-stele-valli-ladine-passo-Sella-1024x768-1-768x576.jpg 768w, https:\/\/www.radiopiu.net\/wordpress\/wp-content\/uploads\/2025\/05\/17.07.2016-stele-valli-ladine-passo-Sella-1024x768-1.jpg 1024w\" sizes=\"auto, (max-width: 300px) 100vw, 300px\" \/><\/a><\/strong><\/p>\n<p><strong><br \/>\nREDAZIONE <\/strong>L\u2019Associazione Nazionale Articolo 6, che rappresenta le dodici minoranze linguistiche storiche italiane riconosciute dalla Legge 482\/1999, sollecita la Fondazione Milano Cortina 2026 e il Ministero per gli Affari Regionali a garantire visibilit\u00e0 e tutela delle lingue minoritarie durante i Giochi Olimpici e Paralimpici. I territori interessati, come Cortina d\u2019Ampezzo, le valli ladine e Anterselva, custodiscono patrimoni linguistici secolari, parlati quotidianamente da decine di migliaia di cittadini. L\u2019associazione chiede segnali e materiali informativi bilingui o plurilingue, integrazione di elementi culturali locali nelle cerimonie, presenza delle lingue sui siti web ufficiali e nei villaggi olimpici, e la conformit\u00e0 normativa con Costituzione, Legge 482\/1999 e standard europei. Secondo i dati ISTAT 2024, le lingue minoritarie rischiano erosione e visibilit\u00e0 pubblica \u00e8 essenziale per la sopravvivenza. Articolo 6 sottolinea che valorizzare la diversit\u00e0 linguistica non \u00e8 solo un obbligo giuridico, ma un\u2019opportunit\u00e0 culturale e turistica per l\u2019Italia, osservata da miliardi di spettatori in tutto il mondo.<\/p>\n<p>&nbsp;<\/p>\n<p>&nbsp;<\/p>\n<hr \/>\n<p>&nbsp;<\/p>\n<blockquote>\n<h2>DUE FOTO, DUE STORIE: PASSO FEDAIA TRA APERTURE E CHIUSURE<\/h2>\n<\/blockquote>\n\n\t\t\t<style type='text\/css'>\n\t\t\t\t#gallery-3 {\n\t\t\t\t\tmargin: auto;\n\t\t\t\t}\n\t\t\t\t#gallery-3 .gallery-item {\n\t\t\t\t\tfloat: left;\n\t\t\t\t\tmargin-top: 10px;\n\t\t\t\t\ttext-align: center;\n\t\t\t\t\twidth: 50%;\n\t\t\t\t}\n\t\t\t\t#gallery-3 img {\n\t\t\t\t\tborder: 2px solid #cfcfcf;\n\t\t\t\t}\n\t\t\t\t#gallery-3 .gallery-caption {\n\t\t\t\t\tmargin-left: 0;\n\t\t\t\t}\n\t\t\t\t\/* see gallery_shortcode() in wp-includes\/media.php *\/\n\t\t\t<\/style>\n\t\t<div id='gallery-3' class='dt-gallery-container gallery galleryid-493556 gallery-columns-2 gallery-size-medium'><dl class='gallery-item'>\n\t\t\t\t<dt class='gallery-icon portrait'>\n\t\t\t\t\t<a class=\"rollover rollover-zoom dt-pswp-item\" title=\"photo_6042099154261052780_y\" data-dt-img-description=\"\" data-large_image_width=\"720\" data-large_image_height=\"1280\"href='https:\/\/www.radiopiu.net\/wordpress\/wp-content\/uploads\/2026\/01\/photo_6042099154261052780_y.jpg'><img loading=\"lazy\" decoding=\"async\" width=\"169\" height=\"300\" src=\"https:\/\/www.radiopiu.net\/wordpress\/wp-content\/uploads\/2026\/01\/photo_6042099154261052780_y-169x300.jpg\" class=\"attachment-medium size-medium\" alt=\"\" aria-describedby=\"gallery-3-493634\" srcset=\"https:\/\/www.radiopiu.net\/wordpress\/wp-content\/uploads\/2026\/01\/photo_6042099154261052780_y-169x300.jpg 169w, https:\/\/www.radiopiu.net\/wordpress\/wp-content\/uploads\/2026\/01\/photo_6042099154261052780_y-576x1024.jpg 576w, https:\/\/www.radiopiu.net\/wordpress\/wp-content\/uploads\/2026\/01\/photo_6042099154261052780_y.jpg 720w\" sizes=\"auto, (max-width: 169px) 100vw, 169px\" \/><\/a>\n\t\t\t\t<\/dt>\n\t\t\t\t\t<dd class='wp-caption-text gallery-caption' id='gallery-3-493634'>\n\t\t\t\t\tLATO BELLUNO VENETO STRADE \n\t\t\t\t\t<\/dd><\/dl><dl class='gallery-item'>\n\t\t\t\t<dt class='gallery-icon landscape'>\n\t\t\t\t\t<a class=\"rollover rollover-zoom dt-pswp-item\" title=\"photo_6041861612504812697_w\" data-dt-img-description=\"\" data-large_image_width=\"2560\" data-large_image_height=\"1920\"href='https:\/\/www.radiopiu.net\/wordpress\/wp-content\/uploads\/2026\/01\/photo_6041861612504812697_w.jpg'><img loading=\"lazy\" decoding=\"async\" width=\"300\" height=\"225\" src=\"https:\/\/www.radiopiu.net\/wordpress\/wp-content\/uploads\/2026\/01\/photo_6041861612504812697_w-300x225.jpg\" class=\"attachment-medium size-medium\" alt=\"\" aria-describedby=\"gallery-3-493626\" srcset=\"https:\/\/www.radiopiu.net\/wordpress\/wp-content\/uploads\/2026\/01\/photo_6041861612504812697_w-300x225.jpg 300w, https:\/\/www.radiopiu.net\/wordpress\/wp-content\/uploads\/2026\/01\/photo_6041861612504812697_w-1024x768.jpg 1024w, https:\/\/www.radiopiu.net\/wordpress\/wp-content\/uploads\/2026\/01\/photo_6041861612504812697_w-768x576.jpg 768w, https:\/\/www.radiopiu.net\/wordpress\/wp-content\/uploads\/2026\/01\/photo_6041861612504812697_w-1536x1152.jpg 1536w, https:\/\/www.radiopiu.net\/wordpress\/wp-content\/uploads\/2026\/01\/photo_6041861612504812697_w-2048x1536.jpg 2048w\" sizes=\"auto, (max-width: 300px) 100vw, 300px\" \/><\/a>\n\t\t\t\t<\/dt>\n\t\t\t\t\t<dd class='wp-caption-text gallery-caption' id='gallery-3-493626'>\n\t\t\t\t\tLATO TRENTO PROVINCIA AUTONOMA\n\t\t\t\t\t<\/dd><\/dl><br style=\"clear: both\" \/>\n\t\t\t<\/div>\n\n<p><strong>REDAZIONE<\/strong><br \/>\n<span style=\"color: #ff0000;\">Un consiglio e un auspicio: Che la Provincia Autonoma di Trento si organizzi con i giusti canali per una comunicazione completa oggi totalmente assente con utenti che scoprono della chiusura solo una\u00a0 volta in cima al passo.<\/span><\/p>\n<p>&nbsp;<\/p>\n<p>&nbsp;<\/p>\n<hr \/>\n<p>&nbsp;<\/p>\n<blockquote>\n<h3>LINEA 30 CALALZO-CORTINA, CGIL CHIEDE TARIFE EQUITATIVE<\/h3>\n<\/blockquote>\n<p><a class=\"dt-pswp-item\" href=\"https:\/\/www.radiopiu.net\/wordpress\/wp-content\/uploads\/2023\/03\/filt-cgil.png\" data-dt-img-description=\"\" data-large_image_width=\"182\" data-large_image_height=\"236\"><img loading=\"lazy\" decoding=\"async\" class=\"wp-image-326003 aligncenter\" src=\"https:\/\/www.radiopiu.net\/wordpress\/wp-content\/uploads\/2023\/03\/filt-cgil.png\" alt=\"\" width=\"98\" height=\"127\" \/><\/a><\/p>\n<p><strong>BELLUNO <\/strong>La Cgil Belluno, Spi Cgil e Filt Cgil denunciano l\u2019iniquit\u00e0 della nuova tariffa di 10 euro imposta sulla linea 30 Calalzo-Cortina, anche durante i Giochi Olimpici, ritenendo il rimborso successivo un onere ingiusto per gli utenti. L\u2019anticipazione della somma penalizza soprattutto anziani, pensionati e persone con redditi bassi, oltre a chi ha difficolt\u00e0 con i pagamenti elettronici. Pur apprezzando la tempestivit\u00e0 della Provincia nell\u2019intervenire a sostegno delle fasce pi\u00f9 deboli, il meccanismo attuale rischia di allontanare i cittadini dal trasporto pubblico e di limitare la mobilit\u00e0 quotidiana. La Cgil chiede quindi il ripristino dei biglietti a tariffa chilometrica per i residenti e invita Dolomiti Bus a maggiore sensibilit\u00e0 e rispetto verso utenti, lavoratori e giovani, sottolineando come la mancanza di programmazione coordinata penalizzi ancora una volta il territorio bellunese.<\/p>\n<p>&nbsp;<\/p>\n<p>&nbsp;<\/p>\n<hr \/>\n<p>&nbsp;<\/p>\n<blockquote>\n<h3><strong>SOSTITUZIONE SCIOVIA ERTE: DOCUMENTAZIONE ANCORA INCOMPLETA<\/strong><\/h3>\n<\/blockquote>\n<p><a class=\"dt-pswp-item\" href=\"https:\/\/www.radiopiu.net\/wordpress\/wp-content\/uploads\/2022\/04\/nevegal.jpg\" data-dt-img-description=\"\" data-large_image_width=\"1920\" data-large_image_height=\"1080\"><img loading=\"lazy\" decoding=\"async\" class=\"wp-image-270873 aligncenter\" src=\"https:\/\/www.radiopiu.net\/wordpress\/wp-content\/uploads\/2022\/04\/nevegal-300x169.jpg\" alt=\"\" width=\"192\" height=\"108\" srcset=\"https:\/\/www.radiopiu.net\/wordpress\/wp-content\/uploads\/2022\/04\/nevegal-300x169.jpg 300w, https:\/\/www.radiopiu.net\/wordpress\/wp-content\/uploads\/2022\/04\/nevegal-1024x576.jpg 1024w, https:\/\/www.radiopiu.net\/wordpress\/wp-content\/uploads\/2022\/04\/nevegal-768x432.jpg 768w, https:\/\/www.radiopiu.net\/wordpress\/wp-content\/uploads\/2022\/04\/nevegal-1536x864.jpg 1536w, https:\/\/www.radiopiu.net\/wordpress\/wp-content\/uploads\/2022\/04\/nevegal.jpg 1920w\" sizes=\"auto, (max-width: 192px) 100vw, 192px\" \/><\/a><\/p>\n<p><strong>BELLUNO <\/strong>La conferenza di servizi, composta da Comune di Belluno, Regione Veneto, Arpav Valanghe e Provincia, segnala che la pratica per la sostituzione della sciovia Le Erte a Nevegal resta incompleta. Nonostante dilazioni e disponibilit\u00e0 tecnica, Dolomiti Skiline non ha fornito tutta la documentazione richiesta dalla normativa regionale sugli impianti a fune e dalle norme di settore. L\u2019istanza risale al 1\u00b0 settembre 2025 e, nonostante integrazioni e proroghe, gli enti non possono ancora esprimere parere positivo. Il consigliere provinciale Marzio Sovilla evidenzia come l\u2019impegno degli enti rischi di essere vanificato dalla mancata comprensione delle normative da parte della societ\u00e0, sottolineando l\u2019importanza turistica della sciovia e la necessit\u00e0 di un progetto solido e conforme per procedere con i lavori.<\/p>\n<p>&nbsp;<\/p>\n<p>&nbsp;<\/p>\n<hr \/>\n<p>&nbsp;<\/p>\n<div class=\"page-title-head hgroup\">\n<blockquote>\n<h3 class=\"entry-title\">FELTRE E ALLEGHE IN ROSA PER IL GIRO D\u2019ITALIA<\/h3>\n<\/blockquote>\n<\/div>\n<div class=\"page-title-breadcrumbs\">A cento giorni dalla partenza del Giro d\u2019Italia 109, anche Feltre e Alleghe hanno aderito all\u2019iniziativa \u201cCitt\u00e0 in Rosa\u201d, illuminando luoghi simbolo in vista della tappa tutta bellunese del 29 maggio. Feltre, sede di partenza, ha acceso di rosa la Torre del Castello di Alboino, mentre Alleghe, arrivo di tappa, ha valorizzato la chiesa di San Biagio. La frazione attraverser\u00e0 le Dolomiti, con passi iconici come Duran, Giau e Falzarego, prima dell\u2019arrivo ai Piani di Pezz\u00e8. Un evento sportivo ma anche una grande occasione di promozione turistica e identit\u00e0 per il territorio.<\/div>\n<p>&nbsp;<\/p>\n<blockquote>\n<h3>FELTRE SI TINGE DI ROSA: TORRE ILLUMINATA A -100 GIORNI DAL GIRO D\u2019ITALIA<\/h3>\n<\/blockquote>\n<p><a class=\"dt-pswp-item\" href=\"https:\/\/www.radiopiu.net\/wordpress\/wp-content\/uploads\/2026\/01\/001-1-scaled.jpg\" data-dt-img-description=\"\" data-large_image_width=\"2560\" data-large_image_height=\"1706\"><img loading=\"lazy\" decoding=\"async\" class=\" wp-image-493756 aligncenter\" src=\"https:\/\/www.radiopiu.net\/wordpress\/wp-content\/uploads\/2026\/01\/001-1-300x200.jpg\" alt=\"\" width=\"218\" height=\"145\" srcset=\"https:\/\/www.radiopiu.net\/wordpress\/wp-content\/uploads\/2026\/01\/001-1-300x200.jpg 300w, https:\/\/www.radiopiu.net\/wordpress\/wp-content\/uploads\/2026\/01\/001-1-1024x683.jpg 1024w, https:\/\/www.radiopiu.net\/wordpress\/wp-content\/uploads\/2026\/01\/001-1-768x512.jpg 768w, https:\/\/www.radiopiu.net\/wordpress\/wp-content\/uploads\/2026\/01\/001-1-1536x1024.jpg 1536w, https:\/\/www.radiopiu.net\/wordpress\/wp-content\/uploads\/2026\/01\/001-1-2048x1365.jpg 2048w\" sizes=\"auto, (max-width: 218px) 100vw, 218px\" \/><\/a><\/p>\n<p><strong>DI ALESSIA DALL&#8217;O&#8217;<\/strong><\/p>\n<p><strong>FELTRE <\/strong>La torre del Castello di Alboino si \u00e8 tinta di un rosa brillante, per entrare ufficialmente nel clima del Giro d\u2019Italia. Lo scorso 28 gennaio la torre feltrina si \u00e8 illuminata di rosa, aderendo all\u2019iniziativa nazionale che ha coinvolto 41 citt\u00e0 di tappa per celebrare i 100 giorni alla partenza della Corsa Rosa.<br \/>\nUn gesto simbolico ma dal forte valore comunicativo: l\u2019immagine della Torre illuminata \u00e8 entrata infatti nel circuito ufficiale di RCS, riportando Feltre sotto i riflettori del grande sport. Un\u2019anticipazione di ci\u00f2 che accadr\u00e0 il 29 maggio, quando la citt\u00e0 sar\u00e0 protagonista della tappa dolomitica Feltre\u2013Alleghe\/Piani di Pezz\u00e8, snodo chiave per la classifica finale del Giro 2026.<\/p>\n<h1>ARCHIVIO RADIOPIU<\/h1>\n<blockquote class=\"wp-embedded-content\" data-secret=\"NdWVsywwTX\"><p><a href=\"https:\/\/www.radiopiu.net\/wordpress\/alleghe-ritorno\/\">FELTRE E ALLEGHE IN ROSA PER IL GIRO D\u2019ITALIA<\/a><\/p><\/blockquote>\n<p><iframe loading=\"lazy\" class=\"wp-embedded-content\" sandbox=\"allow-scripts\" security=\"restricted\" style=\"position: absolute; visibility: hidden;\" title=\"&#8220;FELTRE E ALLEGHE IN ROSA PER IL GIRO D\u2019ITALIA&#8221; &#8212; Radio Pi\u00f9\" src=\"https:\/\/www.radiopiu.net\/wordpress\/alleghe-ritorno\/embed\/#?secret=rukMRiXstB#?secret=NdWVsywwTX\" data-secret=\"NdWVsywwTX\" width=\"600\" height=\"338\" frameborder=\"0\" marginwidth=\"0\" marginheight=\"0\" scrolling=\"no\"><\/iframe><\/p>\n<hr \/>\n<p>&nbsp;<\/p>\n<blockquote>\n<h3>SINISTRA PIAVE ALPINA, PROGETTO DA 360MILA EURO PER BIODIVERSIT\u00c0 E PASCOLI<\/h3>\n<\/blockquote>\n<p><strong><a class=\"dt-pswp-item\" href=\"https:\/\/www.radiopiu.net\/wordpress\/wp-content\/uploads\/2023\/10\/IMG_20231020_123623-scaled.jpg\" data-dt-img-description=\"\" data-large_image_width=\"2560\" data-large_image_height=\"1920\"><img loading=\"lazy\" decoding=\"async\" class=\"size-medium wp-image-357611 aligncenter\" src=\"https:\/\/www.radiopiu.net\/wordpress\/wp-content\/uploads\/2023\/10\/IMG_20231020_123623-300x225.jpg\" alt=\"\" width=\"300\" height=\"225\" srcset=\"https:\/\/www.radiopiu.net\/wordpress\/wp-content\/uploads\/2023\/10\/IMG_20231020_123623-300x225.jpg 300w, https:\/\/www.radiopiu.net\/wordpress\/wp-content\/uploads\/2023\/10\/IMG_20231020_123623-1024x768.jpg 1024w, https:\/\/www.radiopiu.net\/wordpress\/wp-content\/uploads\/2023\/10\/IMG_20231020_123623-768x576.jpg 768w, https:\/\/www.radiopiu.net\/wordpress\/wp-content\/uploads\/2023\/10\/IMG_20231020_123623-1536x1152.jpg 1536w, https:\/\/www.radiopiu.net\/wordpress\/wp-content\/uploads\/2023\/10\/IMG_20231020_123623-2048x1536.jpg 2048w\" sizes=\"auto, (max-width: 300px) 100vw, 300px\" \/><\/a>\u00a0<\/strong><\/p>\n<p><strong>LIMANA <\/strong>Il Comune di Limana, capofila con Borgo Valbelluna, Universit\u00e0 di Padova e numerosi partner locali, avvia il progetto \u201cSinistra Piave Alpina\u201d finanziato dal bando Capitale Naturale 2025 di Fondazione Cariverona. L\u2019iniziativa, da oltre 360mila euro, punta a tutelare e ripristinare ecosistemi fragili delle Prealpi come torbiere, praterie e pozze d\u2019alpeggio, contrastando abbandono e cambiamenti climatici. Previsti recupero dei pascoli invasi dagli arbusti e messa in sicurezza delle risorse idriche per fauna e bestiame. Cuore innovativo sono centraline meteo e sensori IoT per monitorare microclima e acqua, supportando gli allevatori. Il progetto include anche sentieri ed educazione ambientale, coinvolgendo comunit\u00e0 e realt\u00e0 produttive locali.<\/p>\n<p>&nbsp;<\/p>\n<p>&nbsp;<\/p>\n<hr \/>\n<p>&nbsp;<\/p>\n<blockquote>\n<h3>ADDIO ALLA CARTA D\u2019IDENTIT\u00c0 CARTACEA: DAL 3 AGOSTO 2026 SOLO FORMATO ELETTRONICO<\/h3>\n<\/blockquote>\n<p><a class=\"dt-pswp-item\" href=\"https:\/\/www.radiopiu.net\/wordpress\/wp-content\/uploads\/2026\/01\/b9be3cba-eadf-42a4-a0aa-87c287b1d66a.jpg\" data-dt-img-description=\"\" data-large_image_width=\"1200\" data-large_image_height=\"800\"><img loading=\"lazy\" decoding=\"async\" class=\"size-medium wp-image-493678 aligncenter\" src=\"https:\/\/www.radiopiu.net\/wordpress\/wp-content\/uploads\/2026\/01\/b9be3cba-eadf-42a4-a0aa-87c287b1d66a-300x200.jpg\" alt=\"\" width=\"300\" height=\"200\" srcset=\"https:\/\/www.radiopiu.net\/wordpress\/wp-content\/uploads\/2026\/01\/b9be3cba-eadf-42a4-a0aa-87c287b1d66a-300x200.jpg 300w, https:\/\/www.radiopiu.net\/wordpress\/wp-content\/uploads\/2026\/01\/b9be3cba-eadf-42a4-a0aa-87c287b1d66a-1024x683.jpg 1024w, https:\/\/www.radiopiu.net\/wordpress\/wp-content\/uploads\/2026\/01\/b9be3cba-eadf-42a4-a0aa-87c287b1d66a-768x512.jpg 768w, https:\/\/www.radiopiu.net\/wordpress\/wp-content\/uploads\/2026\/01\/b9be3cba-eadf-42a4-a0aa-87c287b1d66a.jpg 1200w\" sizes=\"auto, (max-width: 300px) 100vw, 300px\" \/><\/a><\/p>\n<p>&nbsp;<\/p>\n<p><strong>BELLUNO<\/strong> Dal 3 agosto 2026 le carte di identit\u00e0 cartacee non saranno pi\u00f9 valide: in vista dell&#8217;appuntamento, i comuni avvisano i cittadini di prenotare per tempo il rinnovo, per ottenere la carta d&#8217;identit\u00e0 elettronica.<\/p>\n<p><strong>DI DANIELE DALVIT<\/strong><\/p>\n<audio class=\"wp-audio-shortcode\" id=\"audio-493556-9\" preload=\"none\" style=\"width: 100%;\" controls=\"controls\"><source type=\"audio\/mpeg\" src=\"https:\/\/www.radiopiu.net\/wordpress\/wp-content\/uploads\/2026\/01\/Servizio-Carte-identita-cartacee-in-scadenza.mp3?_=9\" \/><a href=\"https:\/\/www.radiopiu.net\/wordpress\/wp-content\/uploads\/2026\/01\/Servizio-Carte-identita-cartacee-in-scadenza.mp3\">https:\/\/www.radiopiu.net\/wordpress\/wp-content\/uploads\/2026\/01\/Servizio-Carte-identita-cartacee-in-scadenza.mp3<\/a><\/audio>\n<p>&nbsp;<\/p>\n<hr \/>\n<p>&nbsp;<\/p>\n<blockquote>\n<h3>VOLONTARIATO A SCUOLA: PROGETTO DI SENSIBILIZZAZIONE NEL BELLUNESE<\/h3>\n<\/blockquote>\n<p><strong><a class=\"dt-pswp-item\" href=\"https:\/\/www.radiopiu.net\/wordpress\/wp-content\/uploads\/2026\/01\/Scuole-2.jpeg\" data-dt-img-description=\"\" data-large_image_width=\"1536\" data-large_image_height=\"1096\"><img loading=\"lazy\" decoding=\"async\" class=\" wp-image-493689 aligncenter\" src=\"https:\/\/www.radiopiu.net\/wordpress\/wp-content\/uploads\/2026\/01\/Scuole-2-300x214.jpeg\" alt=\"\" width=\"178\" height=\"127\" srcset=\"https:\/\/www.radiopiu.net\/wordpress\/wp-content\/uploads\/2026\/01\/Scuole-2-300x214.jpeg 300w, https:\/\/www.radiopiu.net\/wordpress\/wp-content\/uploads\/2026\/01\/Scuole-2-1024x731.jpeg 1024w, https:\/\/www.radiopiu.net\/wordpress\/wp-content\/uploads\/2026\/01\/Scuole-2-768x548.jpeg 768w, https:\/\/www.radiopiu.net\/wordpress\/wp-content\/uploads\/2026\/01\/Scuole-2.jpeg 1536w\" sizes=\"auto, (max-width: 178px) 100vw, 178px\" \/><\/a><\/strong><\/p>\n<p><strong>BELLUNO <\/strong>Sul territorio bellunese prende il via un progetto di sensibilizzazione nelle scuole, promosso dal Csv Belluno Treviso, con l\u2019obiettivo di diffondere cultura della solidariet\u00e0 e della gratuit\u00e0. Gli interventi, realizzati dallo staff del Csv o da volontari locali, utilizzano metodologie interattive e non formali sviluppate nel Laboratorio Scuola Volontariato, avvicinando gli studenti ai valori del volontariato e alle associazioni del territorio, anche durante i doposcuola. La prima fase coinvolge 55 alunni delle scuole primarie di Badilet e Mur di Cadola, in collaborazione con la cooperativa Societ\u00e0 Nuova. Gli incontri prevedono una prima introduzione al volontariato e, successivamente, interventi mensili delle associazioni locali, come Aleator Aps, Samarcanda e Agedo, su tematiche culturali, sociali e di inclusione. Il progetto, iniziato a fine 2025, proseguir\u00e0 fino al termine dell\u2019anno scolastico, puntando a rendere gli incontri stimolanti e vicini alla realt\u00e0 del territorio.<\/p>\n<p>&nbsp;<\/p>\n<p>&nbsp;<\/p>\n<hr \/>\n<p>&nbsp;<\/p>\n<blockquote>\n<h3>FESTA PER I 60 ANNI DI LORENZA ALLA FABBRICA DI PEDAVENA<\/h3>\n<\/blockquote>\n<p><strong>AGORDO <\/strong>Una giornata di gioia, condivisione e sorrisi ha accompagnato i festeggiamenti per i 60 anni di Lorenza Case, che si sono svolti nella suggestiva cornice della Fabbrica Pedavena La Valle Agordina. Lorenza, frequentatrice del Centro Diurno \u201cAltro Senso\u201d di Agordo, ha voluto celebrare questo importante traguardo circondata dalle persone a lei pi\u00f9 care. All\u2019evento hanno partecipato amici, familiari, compagni del centro ed educatori, creando un clima caloroso e autentico, nel segno dell\u2019amicizia e dell\u2019inclusione. Un compleanno che non \u00e8 stato solo una celebrazione personale, ma una vera festa, capace di raccontare il significato pi\u00f9 profondo dello stare insieme.<\/p>\n\n\t\t\t<style type='text\/css'>\n\t\t\t\t#gallery-4 {\n\t\t\t\t\tmargin: auto;\n\t\t\t\t}\n\t\t\t\t#gallery-4 .gallery-item {\n\t\t\t\t\tfloat: left;\n\t\t\t\t\tmargin-top: 10px;\n\t\t\t\t\ttext-align: center;\n\t\t\t\t\twidth: 33%;\n\t\t\t\t}\n\t\t\t\t#gallery-4 img {\n\t\t\t\t\tborder: 2px solid #cfcfcf;\n\t\t\t\t}\n\t\t\t\t#gallery-4 .gallery-caption {\n\t\t\t\t\tmargin-left: 0;\n\t\t\t\t}\n\t\t\t\t\/* see gallery_shortcode() in wp-includes\/media.php *\/\n\t\t\t<\/style>\n\t\t<div id='gallery-4' class='dt-gallery-container gallery galleryid-493556 gallery-columns-3 gallery-size-medium'><dl class='gallery-item'>\n\t\t\t\t<dt class='gallery-icon landscape'>\n\t\t\t\t\t<a class=\"rollover rollover-zoom dt-pswp-item\" title=\"109398fc-e8b3-44bf-81dc-f7f3609eed30\" data-dt-img-description=\"\" data-large_image_width=\"2048\" data-large_image_height=\"1152\"href='https:\/\/www.radiopiu.net\/wordpress\/wp-content\/uploads\/2026\/01\/109398fc-e8b3-44bf-81dc-f7f3609eed30.jpg'><img loading=\"lazy\" decoding=\"async\" width=\"300\" height=\"169\" src=\"https:\/\/www.radiopiu.net\/wordpress\/wp-content\/uploads\/2026\/01\/109398fc-e8b3-44bf-81dc-f7f3609eed30-300x169.jpg\" class=\"attachment-medium size-medium\" alt=\"\" srcset=\"https:\/\/www.radiopiu.net\/wordpress\/wp-content\/uploads\/2026\/01\/109398fc-e8b3-44bf-81dc-f7f3609eed30-300x169.jpg 300w, https:\/\/www.radiopiu.net\/wordpress\/wp-content\/uploads\/2026\/01\/109398fc-e8b3-44bf-81dc-f7f3609eed30-1024x576.jpg 1024w, https:\/\/www.radiopiu.net\/wordpress\/wp-content\/uploads\/2026\/01\/109398fc-e8b3-44bf-81dc-f7f3609eed30-768x432.jpg 768w, https:\/\/www.radiopiu.net\/wordpress\/wp-content\/uploads\/2026\/01\/109398fc-e8b3-44bf-81dc-f7f3609eed30-1536x864.jpg 1536w, https:\/\/www.radiopiu.net\/wordpress\/wp-content\/uploads\/2026\/01\/109398fc-e8b3-44bf-81dc-f7f3609eed30.jpg 2048w\" sizes=\"auto, (max-width: 300px) 100vw, 300px\" \/><\/a>\n\t\t\t\t<\/dt><\/dl><dl class='gallery-item'>\n\t\t\t\t<dt class='gallery-icon landscape'>\n\t\t\t\t\t<a class=\"rollover rollover-zoom dt-pswp-item\" title=\"1d80301b-2c1b-4d8e-b4c6-c9bcf2eba170\" data-dt-img-description=\"\" data-large_image_width=\"2048\" data-large_image_height=\"1152\"href='https:\/\/www.radiopiu.net\/wordpress\/wp-content\/uploads\/2026\/01\/1d80301b-2c1b-4d8e-b4c6-c9bcf2eba170.jpg'><img loading=\"lazy\" decoding=\"async\" width=\"300\" height=\"169\" src=\"https:\/\/www.radiopiu.net\/wordpress\/wp-content\/uploads\/2026\/01\/1d80301b-2c1b-4d8e-b4c6-c9bcf2eba170-300x169.jpg\" class=\"attachment-medium size-medium\" alt=\"\" srcset=\"https:\/\/www.radiopiu.net\/wordpress\/wp-content\/uploads\/2026\/01\/1d80301b-2c1b-4d8e-b4c6-c9bcf2eba170-300x169.jpg 300w, https:\/\/www.radiopiu.net\/wordpress\/wp-content\/uploads\/2026\/01\/1d80301b-2c1b-4d8e-b4c6-c9bcf2eba170-1024x576.jpg 1024w, https:\/\/www.radiopiu.net\/wordpress\/wp-content\/uploads\/2026\/01\/1d80301b-2c1b-4d8e-b4c6-c9bcf2eba170-768x432.jpg 768w, https:\/\/www.radiopiu.net\/wordpress\/wp-content\/uploads\/2026\/01\/1d80301b-2c1b-4d8e-b4c6-c9bcf2eba170-1536x864.jpg 1536w, https:\/\/www.radiopiu.net\/wordpress\/wp-content\/uploads\/2026\/01\/1d80301b-2c1b-4d8e-b4c6-c9bcf2eba170.jpg 2048w\" sizes=\"auto, (max-width: 300px) 100vw, 300px\" \/><\/a>\n\t\t\t\t<\/dt><\/dl><dl class='gallery-item'>\n\t\t\t\t<dt class='gallery-icon landscape'>\n\t\t\t\t\t<a class=\"rollover rollover-zoom dt-pswp-item\" title=\"3adad898-46bd-4d32-a129-39b55c41aceb\" data-dt-img-description=\"\" data-large_image_width=\"2048\" data-large_image_height=\"1152\"href='https:\/\/www.radiopiu.net\/wordpress\/wp-content\/uploads\/2026\/01\/3adad898-46bd-4d32-a129-39b55c41aceb.jpg'><img loading=\"lazy\" decoding=\"async\" width=\"300\" height=\"169\" src=\"https:\/\/www.radiopiu.net\/wordpress\/wp-content\/uploads\/2026\/01\/3adad898-46bd-4d32-a129-39b55c41aceb-300x169.jpg\" class=\"attachment-medium size-medium\" alt=\"\" srcset=\"https:\/\/www.radiopiu.net\/wordpress\/wp-content\/uploads\/2026\/01\/3adad898-46bd-4d32-a129-39b55c41aceb-300x169.jpg 300w, https:\/\/www.radiopiu.net\/wordpress\/wp-content\/uploads\/2026\/01\/3adad898-46bd-4d32-a129-39b55c41aceb-1024x576.jpg 1024w, https:\/\/www.radiopiu.net\/wordpress\/wp-content\/uploads\/2026\/01\/3adad898-46bd-4d32-a129-39b55c41aceb-768x432.jpg 768w, https:\/\/www.radiopiu.net\/wordpress\/wp-content\/uploads\/2026\/01\/3adad898-46bd-4d32-a129-39b55c41aceb-1536x864.jpg 1536w, https:\/\/www.radiopiu.net\/wordpress\/wp-content\/uploads\/2026\/01\/3adad898-46bd-4d32-a129-39b55c41aceb.jpg 2048w\" sizes=\"auto, (max-width: 300px) 100vw, 300px\" \/><\/a>\n\t\t\t\t<\/dt><\/dl><br style=\"clear: both\" \/><dl class='gallery-item'>\n\t\t\t\t<dt class='gallery-icon landscape'>\n\t\t\t\t\t<a class=\"rollover rollover-zoom dt-pswp-item\" title=\"5e8f8864-ddab-41c5-8f5f-9a1cc2533998\" data-dt-img-description=\"\" data-large_image_width=\"2048\" data-large_image_height=\"1152\"href='https:\/\/www.radiopiu.net\/wordpress\/wp-content\/uploads\/2026\/01\/5e8f8864-ddab-41c5-8f5f-9a1cc2533998.jpg'><img loading=\"lazy\" decoding=\"async\" width=\"300\" height=\"169\" src=\"https:\/\/www.radiopiu.net\/wordpress\/wp-content\/uploads\/2026\/01\/5e8f8864-ddab-41c5-8f5f-9a1cc2533998-300x169.jpg\" class=\"attachment-medium size-medium\" alt=\"\" srcset=\"https:\/\/www.radiopiu.net\/wordpress\/wp-content\/uploads\/2026\/01\/5e8f8864-ddab-41c5-8f5f-9a1cc2533998-300x169.jpg 300w, https:\/\/www.radiopiu.net\/wordpress\/wp-content\/uploads\/2026\/01\/5e8f8864-ddab-41c5-8f5f-9a1cc2533998-1024x576.jpg 1024w, https:\/\/www.radiopiu.net\/wordpress\/wp-content\/uploads\/2026\/01\/5e8f8864-ddab-41c5-8f5f-9a1cc2533998-768x432.jpg 768w, https:\/\/www.radiopiu.net\/wordpress\/wp-content\/uploads\/2026\/01\/5e8f8864-ddab-41c5-8f5f-9a1cc2533998-1536x864.jpg 1536w, https:\/\/www.radiopiu.net\/wordpress\/wp-content\/uploads\/2026\/01\/5e8f8864-ddab-41c5-8f5f-9a1cc2533998.jpg 2048w\" sizes=\"auto, (max-width: 300px) 100vw, 300px\" \/><\/a>\n\t\t\t\t<\/dt><\/dl><dl class='gallery-item'>\n\t\t\t\t<dt class='gallery-icon landscape'>\n\t\t\t\t\t<a class=\"rollover rollover-zoom dt-pswp-item\" title=\"149b6b9a-2f05-404e-9a45-e7649be7f222\" data-dt-img-description=\"\" data-large_image_width=\"2048\" data-large_image_height=\"1152\"href='https:\/\/www.radiopiu.net\/wordpress\/wp-content\/uploads\/2026\/01\/149b6b9a-2f05-404e-9a45-e7649be7f222.jpg'><img loading=\"lazy\" decoding=\"async\" width=\"300\" height=\"169\" src=\"https:\/\/www.radiopiu.net\/wordpress\/wp-content\/uploads\/2026\/01\/149b6b9a-2f05-404e-9a45-e7649be7f222-300x169.jpg\" class=\"attachment-medium size-medium\" alt=\"\" srcset=\"https:\/\/www.radiopiu.net\/wordpress\/wp-content\/uploads\/2026\/01\/149b6b9a-2f05-404e-9a45-e7649be7f222-300x169.jpg 300w, https:\/\/www.radiopiu.net\/wordpress\/wp-content\/uploads\/2026\/01\/149b6b9a-2f05-404e-9a45-e7649be7f222-1024x576.jpg 1024w, https:\/\/www.radiopiu.net\/wordpress\/wp-content\/uploads\/2026\/01\/149b6b9a-2f05-404e-9a45-e7649be7f222-768x432.jpg 768w, https:\/\/www.radiopiu.net\/wordpress\/wp-content\/uploads\/2026\/01\/149b6b9a-2f05-404e-9a45-e7649be7f222-1536x864.jpg 1536w, https:\/\/www.radiopiu.net\/wordpress\/wp-content\/uploads\/2026\/01\/149b6b9a-2f05-404e-9a45-e7649be7f222.jpg 2048w\" sizes=\"auto, (max-width: 300px) 100vw, 300px\" \/><\/a>\n\t\t\t\t<\/dt><\/dl>\n\t\t\t\t<br style='clear: both' \/>\n\t\t\t<\/div>\n\n<p>&nbsp;<\/p>\n<hr \/>\n<p>&nbsp;<\/p>\n<blockquote>\n<h3>IL PRIMO LAMPO AZZURRO: MARCELLO DE DORIGO, LA STORIA DI UN CAMPIONE CHE SFID\u00d2 IL NORD<\/h3>\n<\/blockquote>\n<h3 class=\"photoswipe-wrapper\"><a class=\"dt-pswp-item\" href=\"https:\/\/www.radiopiu.net\/wordpress\/wp-content\/uploads\/2026\/01\/Screenshot-2026-01-29-103939.png\" data-dt-img-description=\"\" data-large_image_width=\"657\" data-large_image_height=\"586\"><img loading=\"lazy\" decoding=\"async\" class=\" wp-image-493622 aligncenter\" src=\"https:\/\/www.radiopiu.net\/wordpress\/wp-content\/uploads\/2026\/01\/Screenshot-2026-01-29-103939-300x268.png\" alt=\"\" width=\"193\" height=\"172\" srcset=\"https:\/\/www.radiopiu.net\/wordpress\/wp-content\/uploads\/2026\/01\/Screenshot-2026-01-29-103939-300x268.png 300w, https:\/\/www.radiopiu.net\/wordpress\/wp-content\/uploads\/2026\/01\/Screenshot-2026-01-29-103939.png 657w\" sizes=\"auto, (max-width: 193px) 100vw, 193px\" \/><\/a><\/h3>\n<p><strong>REDAZIONE <\/strong>Marcello \u201cCeli\u201d De Dorigo, nato a Laste di Rocca Pietore il 2 giugno 1937, \u00e8 una figura storica dello sci di fondo italiano. Cresciuto in un ambiente montano autentico, un\u00ec talento, sacrificio e determinazione per raggiungere risultati fino ad allora ritenuti impossibili per un atleta italiano. Il 17 febbraio 1963, a Seefeld, realizz\u00f2 un\u2019impresa leggendaria, dimostrando che anche gli italiani potevano competere con i dominatori nordici di questo sport. Questo successo lo proiett\u00f2 tra i favoriti per le Olimpiadi di Innsbruck del 1964, ma pochi mesi dopo una tragica vicenda durante un allenamento in Svezia interruppe prematuramente la sua carriera e la sua vita. Il libro <em>Il primo lampo azzurro<\/em>, di Andrea Franco e Sergio Giuntini, racconta la sua storia con rigore e passione, restituendo non solo il campione, ma l\u2019uomo: determinato, caparbio e visionario. De Dorigo resta un simbolo di coraggio, innovazione e superamento dei limiti, aprendo la strada a intere generazioni di fondisti italiani.<\/p>\n<p>&nbsp;<\/p>\n<p>&nbsp;<\/p>\n<hr \/>\n<p>&nbsp;<\/p>\n<h3 class=\"photoswipe-wrapper\"><a class=\"dt-pswp-item pspw-wrap-ready\" href=\"https:\/\/www.radiopiu.net\/wordpress\/wp-content\/uploads\/2026\/01\/Screenshot-2026-01-27-145743.png\" data-dt-img-description=\"\" data-large_image_width=\"1427\" data-large_image_height=\"760\"><img loading=\"lazy\" decoding=\"async\" class=\"size-medium wp-image-493264 aligncenter\" src=\"https:\/\/www.radiopiu.net\/wordpress\/wp-content\/uploads\/2026\/01\/Screenshot-2026-01-27-145743-300x160.png\" sizes=\"auto, (max-width: 300px) 100vw, 300px\" srcset=\"https:\/\/www.radiopiu.net\/wordpress\/wp-content\/uploads\/2026\/01\/Screenshot-2026-01-27-145743-300x160.png 300w, https:\/\/www.radiopiu.net\/wordpress\/wp-content\/uploads\/2026\/01\/Screenshot-2026-01-27-145743-1024x545.png 1024w, https:\/\/www.radiopiu.net\/wordpress\/wp-content\/uploads\/2026\/01\/Screenshot-2026-01-27-145743-768x409.png 768w, https:\/\/www.radiopiu.net\/wordpress\/wp-content\/uploads\/2026\/01\/Screenshot-2026-01-27-145743.png 1427w\" alt=\"\" width=\"300\" height=\"160\" \/><\/a><\/h3>\n<blockquote>\n<h3 class=\"photoswipe-wrapper\">VALPE AMBIENTE CERCA ADDETTI AL SERVIZIO CLIENTI: APERTE LE CANDIDATURE<\/h3>\n<\/blockquote>\n<p><strong>BELLUNO<\/strong>\u00a0Valpe Ambiente S.r.l. ha pubblicato un avviso di selezione per la formazione di una graduatoria finalizzata all\u2019eventuale assunzione di Addetti al Servizio Clienti, destinati alla gestione degli sportelli pubblici legati ai servizi di raccolta rifiuti sul territorio. La figura ricercata svolger\u00e0 un ruolo dinamico e articolato, tra attivit\u00e0 di front office a contatto con l\u2019utenza e back office amministrativo, con gestione dati, aggiornamento database, reportistica e monitoraggio della qualit\u00e0 del servizio. \u00c8 previsto un costante confronto con uffici aziendali ed enti comunali. Tra i requisiti indispensabili figurano una laurea triennale o magistrale, esperienza nella gestione clienti, buona conoscenza di Excel, disponibilit\u00e0 agli spostamenti e spiccate capacit\u00e0 relazionali e organizzative. Costituiscono titoli preferenziali competenze in ambito ambientale, conoscenza del sistema di raccolta porta a porta e domicilio nel territorio servito. Il contratto prevede orario full time (38 ore settimanali), CCNL Servizi Ambientali, 14\u00aa mensilit\u00e0, buoni pasto, welfare aziendale e premio di risultato. Le candidature devono essere presentate esclusivamente online entro le ore 12.00 del 12 febbraio 2026, complete di curriculum, documenti richiesti e autocertificazioni. Al termine della selezione sar\u00e0 pubblicata una graduatoria valida per 12 mesi sul sito aziendale. Tutte le informazioni e i dettagli sono disponibili sul sito www.valpeambiente.it, sezione Lavora con noi.<\/p>\n<p>&nbsp;<\/p>\n<p>&nbsp;<\/p>\n<hr \/>\n<p>&nbsp;<\/p>\n<blockquote>\n<h3>ALLA BAITA LE PESCHIERE LA PRESENTAZIONE DEL NUOVO LIBRO DI ANDREA DE BERNARDIN<\/h3>\n<\/blockquote>\n<p><a class=\"dt-pswp-item\" href=\"https:\/\/www.radiopiu.net\/wordpress\/wp-content\/uploads\/2026\/01\/382879bb-4892-4005-b1d3-970c8160d0d0.jpg\" data-dt-img-description=\"\" data-large_image_width=\"1131\" data-large_image_height=\"1600\"><img loading=\"lazy\" decoding=\"async\" class=\"wp-image-493647 aligncenter\" src=\"https:\/\/www.radiopiu.net\/wordpress\/wp-content\/uploads\/2026\/01\/382879bb-4892-4005-b1d3-970c8160d0d0-212x300.jpg\" alt=\"\" width=\"134\" height=\"190\" srcset=\"https:\/\/www.radiopiu.net\/wordpress\/wp-content\/uploads\/2026\/01\/382879bb-4892-4005-b1d3-970c8160d0d0-212x300.jpg 212w, https:\/\/www.radiopiu.net\/wordpress\/wp-content\/uploads\/2026\/01\/382879bb-4892-4005-b1d3-970c8160d0d0-724x1024.jpg 724w, https:\/\/www.radiopiu.net\/wordpress\/wp-content\/uploads\/2026\/01\/382879bb-4892-4005-b1d3-970c8160d0d0-768x1086.jpg 768w, https:\/\/www.radiopiu.net\/wordpress\/wp-content\/uploads\/2026\/01\/382879bb-4892-4005-b1d3-970c8160d0d0-1086x1536.jpg 1086w, https:\/\/www.radiopiu.net\/wordpress\/wp-content\/uploads\/2026\/01\/382879bb-4892-4005-b1d3-970c8160d0d0.jpg 1131w\" sizes=\"auto, (max-width: 134px) 100vw, 134px\" \/><\/a><\/p>\n<p>&nbsp;<\/p>\n<p><strong>REDAZIONE <\/strong>Oggi alle ore 18, presso la Baita Le Peschiere in Valle di San Lucano, a Taibon Agordino, si terr\u00e0 la presentazione del nuovo libro di Andrea De Bernardin <em data-start=\"254\" data-end=\"307\">Fuga dalla montagna. Elogio funebre o nuovo futuro?<\/em>. Un appuntamento aperto al pubblico, a ingresso libero, che invita a riflettere su uno dei temi pi\u00f9 urgenti e spesso dati per scontati: lo spopolamento delle aree montane. Il volume affronta con sguardo critico e documentato l\u2019idea che l\u2019abbandono della montagna sia un fenomeno inevitabile. De Bernardin propone invece una lettura alternativa, fatta di domande scomode, responsabilit\u00e0 collettive e possibili scenari futuri. A dialogare con l\u2019autore sar\u00e0 Mirco Mezzacasa, che guider\u00e0 il confronto con il pubblico, stimolando un dibattito aperto e partecipato. L\u2019incontro rappresenta un\u2019occasione preziosa per pensare la montagna non come un luogo del passato, ma come uno spazio vivo, capace di reinventarsi e offrire nuove prospettive.<\/p>\n<p><strong>ANDREA DE BERNARDIN<\/strong><\/p>\n<audio class=\"wp-audio-shortcode\" id=\"audio-493556-10\" preload=\"none\" style=\"width: 100%;\" controls=\"controls\"><source type=\"audio\/mpeg\" src=\"https:\/\/www.radiopiu.net\/wordpress\/wp-content\/uploads\/2026\/01\/DE-BERNARDIN-LIBRO.mp3?_=10\" \/><a href=\"https:\/\/www.radiopiu.net\/wordpress\/wp-content\/uploads\/2026\/01\/DE-BERNARDIN-LIBRO.mp3\">https:\/\/www.radiopiu.net\/wordpress\/wp-content\/uploads\/2026\/01\/DE-BERNARDIN-LIBRO.mp3<\/a><\/audio>\n<p>&nbsp;<\/p>\n<p>&nbsp;<\/p>\n<hr \/>\n<p>&nbsp;<\/p>\n<blockquote>\n<h3>PASSO FINESTRA, STORIE DI SENTIERI: A CESIOMAGGIORE IL SECONDO ATTO<\/h3>\n<\/blockquote>\n<p><strong>DI ALESSIA DALL&#8217;O&#8217;<\/strong><\/p>\n<p><strong>CESIOMAGGIORE<\/strong> Il Passo Finestra, antico confine di Stato tra la Serenissima Repubblica di Venezia e l\u2019Impero Asburgico, torna al centro di una serata di racconto e musica dedicata alla memoria delle montagne e dei loro sentieri. Venerd\u00ec 30 gennaio, alle 20.30, gli impianti sportivi di Pradenich a Cesiomaggiore ospiteranno il secondo atto di <em>\u201cPasso Finestra, storie di sentieri\u201d<\/em>. Dopo il positivo riscontro della prima edizione, svoltasi in una sala rivelatasi troppo piccola per accogliere tutto il pubblico, la serata viene ora riproposta in una nuova versione e in uno spazio pi\u00f9 ampio.<br \/>\nL\u2019incontro prende spunto dal volume di Teddy Soppelsa <em>Le montagne di Mario<\/em> e propone un percorso di riscoperta del valore storico e culturale dei sentieri, intesi non solo come vie di passaggio ma come luoghi di incontro, scambio e identit\u00e0. L\u2019iniziativa \u00e8 organizzata dal Gruppo Tutela Ambiente Montano (TAM) della sezione CAI di Feltre, in collaborazione con il Comune di Cesiomaggiore.<\/p>\n\n\t\t\t<style type='text\/css'>\n\t\t\t\t#gallery-5 {\n\t\t\t\t\tmargin: auto;\n\t\t\t\t}\n\t\t\t\t#gallery-5 .gallery-item {\n\t\t\t\t\tfloat: left;\n\t\t\t\t\tmargin-top: 10px;\n\t\t\t\t\ttext-align: center;\n\t\t\t\t\twidth: 50%;\n\t\t\t\t}\n\t\t\t\t#gallery-5 img {\n\t\t\t\t\tborder: 2px solid #cfcfcf;\n\t\t\t\t}\n\t\t\t\t#gallery-5 .gallery-caption {\n\t\t\t\t\tmargin-left: 0;\n\t\t\t\t}\n\t\t\t\t\/* see gallery_shortcode() in wp-includes\/media.php *\/\n\t\t\t<\/style>\n\t\t<div id='gallery-5' class='dt-gallery-container gallery galleryid-493556 gallery-columns-2 gallery-size-medium'><dl class='gallery-item'>\n\t\t\t\t<dt class='gallery-icon portrait'>\n\t\t\t\t\t<a class=\"rollover rollover-zoom dt-pswp-item\" title=\"Mario al rifugio Boz con escursionisti Alta Via 2 (2)\" data-dt-img-description=\"\" data-large_image_width=\"1570\" data-large_image_height=\"2434\"href='https:\/\/www.radiopiu.net\/wordpress\/wp-content\/uploads\/2026\/01\/Mario-al-rifugio-Boz-con-escursionisti-Alta-Via-2-2.jpeg'><img loading=\"lazy\" decoding=\"async\" width=\"194\" height=\"300\" src=\"https:\/\/www.radiopiu.net\/wordpress\/wp-content\/uploads\/2026\/01\/Mario-al-rifugio-Boz-con-escursionisti-Alta-Via-2-2-194x300.jpeg\" class=\"attachment-medium size-medium\" alt=\"\" srcset=\"https:\/\/www.radiopiu.net\/wordpress\/wp-content\/uploads\/2026\/01\/Mario-al-rifugio-Boz-con-escursionisti-Alta-Via-2-2-194x300.jpeg 194w, https:\/\/www.radiopiu.net\/wordpress\/wp-content\/uploads\/2026\/01\/Mario-al-rifugio-Boz-con-escursionisti-Alta-Via-2-2-661x1024.jpeg 661w, https:\/\/www.radiopiu.net\/wordpress\/wp-content\/uploads\/2026\/01\/Mario-al-rifugio-Boz-con-escursionisti-Alta-Via-2-2-768x1191.jpeg 768w, https:\/\/www.radiopiu.net\/wordpress\/wp-content\/uploads\/2026\/01\/Mario-al-rifugio-Boz-con-escursionisti-Alta-Via-2-2-991x1536.jpeg 991w, https:\/\/www.radiopiu.net\/wordpress\/wp-content\/uploads\/2026\/01\/Mario-al-rifugio-Boz-con-escursionisti-Alta-Via-2-2-1321x2048.jpeg 1321w, https:\/\/www.radiopiu.net\/wordpress\/wp-content\/uploads\/2026\/01\/Mario-al-rifugio-Boz-con-escursionisti-Alta-Via-2-2.jpeg 1570w\" sizes=\"auto, (max-width: 194px) 100vw, 194px\" \/><\/a>\n\t\t\t\t<\/dt><\/dl><dl class='gallery-item'>\n\t\t\t\t<dt class='gallery-icon landscape'>\n\t\t\t\t\t<a class=\"rollover rollover-zoom dt-pswp-item\" title=\"Teddy Soppelsa img Passo Finestra\" data-dt-img-description=\"\" data-large_image_width=\"1600\" data-large_image_height=\"1066\"href='https:\/\/www.radiopiu.net\/wordpress\/wp-content\/uploads\/2026\/01\/Teddy-Soppelsa-img-Passo-Finestra.jpeg'><img loading=\"lazy\" decoding=\"async\" width=\"300\" height=\"200\" src=\"https:\/\/www.radiopiu.net\/wordpress\/wp-content\/uploads\/2026\/01\/Teddy-Soppelsa-img-Passo-Finestra-300x200.jpeg\" class=\"attachment-medium size-medium\" alt=\"\" srcset=\"https:\/\/www.radiopiu.net\/wordpress\/wp-content\/uploads\/2026\/01\/Teddy-Soppelsa-img-Passo-Finestra-300x200.jpeg 300w, https:\/\/www.radiopiu.net\/wordpress\/wp-content\/uploads\/2026\/01\/Teddy-Soppelsa-img-Passo-Finestra-1024x682.jpeg 1024w, https:\/\/www.radiopiu.net\/wordpress\/wp-content\/uploads\/2026\/01\/Teddy-Soppelsa-img-Passo-Finestra-768x512.jpeg 768w, https:\/\/www.radiopiu.net\/wordpress\/wp-content\/uploads\/2026\/01\/Teddy-Soppelsa-img-Passo-Finestra-1536x1023.jpeg 1536w, https:\/\/www.radiopiu.net\/wordpress\/wp-content\/uploads\/2026\/01\/Teddy-Soppelsa-img-Passo-Finestra.jpeg 1600w\" sizes=\"auto, (max-width: 300px) 100vw, 300px\" \/><\/a>\n\t\t\t\t<\/dt><\/dl><br style=\"clear: both\" \/>\n\t\t\t<\/div>\n\n<p>&nbsp;<\/p>\n<p>&nbsp;<\/p>\n<hr \/>\n<p>&nbsp;<\/p>\n<div class=\"[--thread-content-max-width:40rem] @w-lg\/main:[--thread-content-max-width:48rem] mx-auto max-w-(--thread-content-max-width) flex-1 group\/turn-messages focus-visible:outline-hidden relative flex w-full min-w-0 flex-col agent-turn\" tabindex=\"-1\">\n<div>\n<p class=\"photoswipe-wrapper\"><a class=\"dt-pswp-item pspw-wrap-ready\" href=\"https:\/\/www.radiopiu.net\/wordpress\/wp-content\/uploads\/2026\/01\/1000265509.jpg\" data-dt-img-description=\"\" data-large_image_width=\"1414\" data-large_image_height=\"1621\"><img loading=\"lazy\" decoding=\"async\" class=\"wp-image-493203 aligncenter\" src=\"https:\/\/www.radiopiu.net\/wordpress\/wp-content\/uploads\/2026\/01\/1000265509-262x300.jpg\" sizes=\"auto, (max-width: 262px) 100vw, 262px\" srcset=\"https:\/\/www.radiopiu.net\/wordpress\/wp-content\/uploads\/2026\/01\/1000265509-262x300.jpg 262w, https:\/\/www.radiopiu.net\/wordpress\/wp-content\/uploads\/2026\/01\/1000265509-893x1024.jpg 893w, https:\/\/www.radiopiu.net\/wordpress\/wp-content\/uploads\/2026\/01\/1000265509-768x880.jpg 768w, https:\/\/www.radiopiu.net\/wordpress\/wp-content\/uploads\/2026\/01\/1000265509-1340x1536.jpg 1340w, https:\/\/www.radiopiu.net\/wordpress\/wp-content\/uploads\/2026\/01\/1000265509.jpg 1414w\" alt=\"\" width=\"157\" height=\"180\" \/><\/a><\/p>\n<p>&nbsp;<\/p>\n<h2 data-start=\"0\" data-end=\"62\"><strong data-start=\"0\" data-end=\"62\">BALDENICH, AL VIA GLI INCONTRI SULLA PARTECIPAZIONE CIVICA<\/strong><\/h2>\n<p data-start=\"64\" data-end=\"883\" data-is-last-node=\"\" data-is-only-node=\"\">Prende il via oggi alle 18.30, all\u2019Hotel Europa di Belluno, il ciclo di incontri partecipativi promosso dal Comitato di Quartiere Baldenich24, intitolato \u201cSpazi di incontro, spazi di dialogo, luoghi di partecipazione\u201d. Un appuntamento al mese, da gennaio all\u2019autunno, aperto a tutta la cittadinanza, per rafforzare il dialogo tra cittadini e istituzioni sui temi della vita locale.<\/p>\n<\/div>\n<\/div>\n<div>Il primo incontro \u00e8 dedicato al bilancio comunale e al bilancio partecipativo, con ospite la consigliera comunale Lucia Olivotto, gi\u00e0 assessore al Bilancio, che spiegher\u00e0 come vengono utilizzate le risorse pubbliche e come i cittadini possono incidere sulle scelte dell\u2019amministrazione. L\u2019iniziativa punta a rendere il quartiere un vero laboratorio di democrazia attiva e partecipazione consapevole.<\/div>\n<p>&nbsp;<\/p>\n<p>&nbsp;<\/p>\n<hr \/>\n<p>&nbsp;<\/p>\n<blockquote>\n<h3>CONOSCI IL TUO CUORE, LA SERATA INFORMATIVA CON LA CITTADINANZA DI ULSS1 DOLOMITI<\/h3>\n<\/blockquote>\n<p><a class=\"dt-pswp-item\" href=\"https:\/\/www.radiopiu.net\/wordpress\/wp-content\/uploads\/2026\/01\/SCR-20260129-qesw.png\" data-dt-img-description=\"\" data-large_image_width=\"1784\" data-large_image_height=\"1386\"><img loading=\"lazy\" decoding=\"async\" class=\" wp-image-493753 aligncenter\" src=\"https:\/\/www.radiopiu.net\/wordpress\/wp-content\/uploads\/2026\/01\/SCR-20260129-qesw-300x233.png\" alt=\"\" width=\"174\" height=\"135\" srcset=\"https:\/\/www.radiopiu.net\/wordpress\/wp-content\/uploads\/2026\/01\/SCR-20260129-qesw-300x233.png 300w, https:\/\/www.radiopiu.net\/wordpress\/wp-content\/uploads\/2026\/01\/SCR-20260129-qesw-1024x796.png 1024w, https:\/\/www.radiopiu.net\/wordpress\/wp-content\/uploads\/2026\/01\/SCR-20260129-qesw-768x597.png 768w, https:\/\/www.radiopiu.net\/wordpress\/wp-content\/uploads\/2026\/01\/SCR-20260129-qesw-1536x1193.png 1536w, https:\/\/www.radiopiu.net\/wordpress\/wp-content\/uploads\/2026\/01\/SCR-20260129-qesw.png 1784w\" sizes=\"auto, (max-width: 174px) 100vw, 174px\" \/><\/a><\/p>\n<p><strong>DI ALESSIA DALL&#8217;O&#8217;<\/strong><\/p>\n<p><strong>FELTRE <\/strong>Prosegue il ciclo di incontri \u201cI Mercoled\u00ec della Salute\u201d, promosso dall\u2019Ulss 1 Dolomiti, con un nuovo appuntamento dedicato alla prevenzione cardiovascolare. Mercoled\u00ec 4 febbraio, alle 17.30, la Sala Convegni dell\u2019Ospedale di Feltre ospiter\u00e0 l\u2019incontro dal titolo \u201cConosci il tuo cuore. Fattori di rischio e prevenzione\u201d, pensato per informare e sensibilizzare la popolazione sull\u2019importanza della salute cardiaca e sui corretti stili di vita. All\u2019incontro interverranno il direttore della Cardiologia di Feltre, Mauro Fantinel, con il collega Christian Piergentili, il medico di Assistenza Primaria, Flavio Valiante, ed Elena Soravia, del Dipartimento di Prevenzione.<\/p>\n<p>&nbsp;<\/p>\n<p>&nbsp;<\/p>\n<hr \/>\n<p>&nbsp;<\/p>\n<blockquote>\n<h3>AREE INTERNE, NON PERIFERIE: IL SAGGIO DI ANDREA FERRAZZI<\/h3>\n<\/blockquote>\n<p><strong><a class=\"dt-pswp-item\" href=\"https:\/\/www.radiopiu.net\/wordpress\/wp-content\/uploads\/2026\/01\/Screenshot-2026-01-28-085722.png\" data-dt-img-description=\"\" data-large_image_width=\"561\" data-large_image_height=\"344\"><img loading=\"lazy\" decoding=\"async\" class=\"wp-image-493406 aligncenter\" src=\"https:\/\/www.radiopiu.net\/wordpress\/wp-content\/uploads\/2026\/01\/Screenshot-2026-01-28-085722-300x184.png\" alt=\"\" width=\"204\" height=\"125\" srcset=\"https:\/\/www.radiopiu.net\/wordpress\/wp-content\/uploads\/2026\/01\/Screenshot-2026-01-28-085722-300x184.png 300w, https:\/\/www.radiopiu.net\/wordpress\/wp-content\/uploads\/2026\/01\/Screenshot-2026-01-28-085722.png 561w\" sizes=\"auto, (max-width: 204px) 100vw, 204px\" \/><\/a><\/strong><\/p>\n<p>&nbsp;<\/p>\n<p><strong>BORGO VALBELLUNA <\/strong>Marted\u00ec 3 febbraio 2026 alle 20.30, la Sala degli Affreschi del Municipio di Mel, a Borgo Valbelluna, ospiter\u00e0 la prima presentazione pubblica del libro <em>Il futuro ad alta quota. Montagne, aree interne, periferie<\/em> di Andrea Ferrazzi, edito da Rubbettino. L\u2019incontro, promosso da ArtDolomites APS con il patrocinio del Comune, propone una riflessione sul divario tra centri decisionali e territori marginali. Nel saggio, montagne e aree interne vengono rilette come luoghi di opportunit\u00e0, capaci di tornare centrali grazie a scelte coraggiose e a una rinnovata fiducia collettiva. Dopo i saluti istituzionali, il dialogo con l\u2019autore coinvolger\u00e0 esponenti del mondo accademico e imprenditoriale, concludendosi con l\u2019intervento dell\u2019assessore regionale Dario Bond. L\u2019evento invita a considerare le terre alte non come periferie, ma come protagoniste del futuro.<\/p>\n<p>&nbsp;<\/p>\n<p>&nbsp;<\/p>\n<hr \/>\n<p>&nbsp;<\/p>\n<h3><a class=\"dt-pswp-item\" href=\"https:\/\/www.radiopiu.net\/wordpress\/wp-content\/uploads\/2026\/01\/Screenshot-2026-01-27-144628.png\" data-dt-img-description=\"\" data-large_image_width=\"309\" data-large_image_height=\"224\"><img loading=\"lazy\" decoding=\"async\" class=\"wp-image-493251 aligncenter\" src=\"https:\/\/www.radiopiu.net\/wordpress\/wp-content\/uploads\/2026\/01\/Screenshot-2026-01-27-144628-300x217.png\" alt=\"\" width=\"214\" height=\"155\" srcset=\"https:\/\/www.radiopiu.net\/wordpress\/wp-content\/uploads\/2026\/01\/Screenshot-2026-01-27-144628-300x217.png 300w, https:\/\/www.radiopiu.net\/wordpress\/wp-content\/uploads\/2026\/01\/Screenshot-2026-01-27-144628.png 309w\" sizes=\"auto, (max-width: 214px) 100vw, 214px\" \/><\/a><\/h3>\n<h3><\/h3>\n<blockquote>\n<h3>LIMANA, ASPETTANDO LE OLIMPIADI TRA MEMORIA E FUTURO<\/h3>\n<\/blockquote>\n<p><strong>LIMANA<\/strong> Oggi alle 18.30, nella Sala De Fanti del Municipio, l\u2019incontro pubblico \u201cAspettando le Olimpiadi. Tra passato, presente e futuro\u201d, dedicato ai valori dello sport e allo spirito olimpico. L\u2019iniziativa, promossa dal Comune con Biblioteca comunale, Fondazione Cortina, CONI e Comitato Italiano Paralimpico, proporr\u00e0 testimonianze, racconti e aneddoti del mondo olimpico e paralimpico. Interverranno atleti e tecnici che hanno fatto la storia dello sport italiano, dal bob allo sci di fondo, fino al wheelchair curling. Un\u2019occasione aperta a tutta la cittadinanza per riflettere sull\u2019eredit\u00e0 dei Giochi e sullo sport come strumento di inclusione e crescita.<\/p>\n<p>&nbsp;<\/p>\n<p>&nbsp;<\/p>\n<hr \/>\n<p>&nbsp;<\/p>\n<h3><a class=\"dt-pswp-item\" href=\"https:\/\/www.radiopiu.net\/wordpress\/wp-content\/uploads\/2026\/01\/f4_ORSETTO-GIOELE-1.jpg\" data-dt-img-description=\"\" data-large_image_width=\"1536\" data-large_image_height=\"2048\"><img loading=\"lazy\" decoding=\"async\" class=\"wp-image-493538 aligncenter\" src=\"https:\/\/www.radiopiu.net\/wordpress\/wp-content\/uploads\/2026\/01\/f4_ORSETTO-GIOELE-1-225x300.jpg\" alt=\"\" width=\"121\" height=\"161\" srcset=\"https:\/\/www.radiopiu.net\/wordpress\/wp-content\/uploads\/2026\/01\/f4_ORSETTO-GIOELE-1-225x300.jpg 225w, https:\/\/www.radiopiu.net\/wordpress\/wp-content\/uploads\/2026\/01\/f4_ORSETTO-GIOELE-1-768x1024.jpg 768w, https:\/\/www.radiopiu.net\/wordpress\/wp-content\/uploads\/2026\/01\/f4_ORSETTO-GIOELE-1-1152x1536.jpg 1152w, https:\/\/www.radiopiu.net\/wordpress\/wp-content\/uploads\/2026\/01\/f4_ORSETTO-GIOELE-1.jpg 1536w\" sizes=\"auto, (max-width: 121px) 100vw, 121px\" \/><\/a><\/h3>\n<blockquote>\n<h3>BELLUNO, IL TEATRO PARLA AI PI\u00d9 PICCOLI: DOMENICA 1 FEBBRAIO \u201cL\u2019ORSETTO GIOELE\u201d AL BUZZATI<\/h3>\n<\/blockquote>\n<p><strong>DI ALESSIA DALL&#8217;O&#8217;<\/strong><\/p>\n<p><strong>BELLUNO\u00a0 <\/strong>Prosegue la stagione teatrale \u201cComincio dai tre \u2013 Famiglie a teatro\u201d al Buzzati di Belluno. Il prossimo appuntamento \u00e8 per domenica 1 febbraio alle 17 con \u201cL\u2019Orsetto Gioele\u201d, spettacolo della compagnia Fratelli di Taglia, ideale per bambini dai tre anni in su. Una storia tra fantasia e gioco che parla di ambiente e futuro, pensata per un pomeriggio di teatro da vivere in famiglia.<\/p>\n<p>&nbsp;<\/p>\n<p>&nbsp;<\/p>\n<hr \/>\n<p>&nbsp;<\/p>\n<blockquote>\n<h3>PUB COLDAI: INVERNO A TUTTO DIVERTIMENTO TRA KARAOKE E DJ SET<\/h3>\n<\/blockquote>\n<p><strong><a class=\"dt-pswp-item\" href=\"https:\/\/www.radiopiu.net\/wordpress\/wp-content\/uploads\/2026\/01\/PUB-COLDAI.jpg\" data-dt-img-description=\"\" data-large_image_width=\"1198\" data-large_image_height=\"801\"><img loading=\"lazy\" decoding=\"async\" class=\"wp-image-493279 aligncenter\" src=\"https:\/\/www.radiopiu.net\/wordpress\/wp-content\/uploads\/2026\/01\/PUB-COLDAI-300x201.jpg\" alt=\"\" width=\"225\" height=\"151\" srcset=\"https:\/\/www.radiopiu.net\/wordpress\/wp-content\/uploads\/2026\/01\/PUB-COLDAI-300x201.jpg 300w, https:\/\/www.radiopiu.net\/wordpress\/wp-content\/uploads\/2026\/01\/PUB-COLDAI-1024x685.jpg 1024w, https:\/\/www.radiopiu.net\/wordpress\/wp-content\/uploads\/2026\/01\/PUB-COLDAI-768x513.jpg 768w, https:\/\/www.radiopiu.net\/wordpress\/wp-content\/uploads\/2026\/01\/PUB-COLDAI.jpg 1198w\" sizes=\"auto, (max-width: 225px) 100vw, 225px\" \/><\/a><\/strong><\/p>\n<p>&nbsp;<\/p>\n<p><strong>ALLEGHE <\/strong>Il Pub Coldai continua a essere uno dei punti di riferimento della stagione invernale, confermandosi luogo ideale per chi cerca buona musica, convivialit\u00e0 e sapori autentici. Il prossimo fine settimana si preannuncia imperdibile grazie a un doppio appuntamento pensato per far divertire pubblico di tutte le et\u00e0. Venerd\u00ec sera spazio al karaoke, un\u2019occasione perfetta per mettersi alla prova al microfono, cantare i propri brani preferiti e condividere momenti di allegria in compagnia. Sabato il divertimento raddoppia: si parte ancora con il karaoke e si prosegue con un coinvolgente DJ set che animer\u00e0 la serata fino a tarda notte, trasformando il pub in una vera e propria pista da ballo. Come sempre, la cucina del Pub Coldai rester\u00e0 aperta per tutta la serata, pronta a deliziare gli ospiti con le specialit\u00e0 tipiche della zona e le immancabili pizze in pala appena sfornate. Un weekend da vivere, tra musica, gusto e tanta voglia di stare insieme.<\/p>\n<p>&nbsp;<\/p>\n<p>&nbsp;<\/p>\n<hr \/>\n<p>&nbsp;<\/p>\n<blockquote>\n<h3>RIPARTONO A FONZASO I \u201cVENERD\u00cc DELLA CULTURA\u201d: LIBRI, MEMORIA E PARTECIPAZIONE<\/h3>\n<\/blockquote>\n<p><strong><a class=\"dt-pswp-item\" href=\"https:\/\/www.radiopiu.net\/wordpress\/wp-content\/uploads\/2026\/01\/Bibliotecario-per-un-giorno-1024x683-1.jpg\" data-dt-img-description=\"\" data-large_image_width=\"1024\" data-large_image_height=\"683\"><img loading=\"lazy\" decoding=\"async\" class=\"wp-image-493135 aligncenter\" src=\"https:\/\/www.radiopiu.net\/wordpress\/wp-content\/uploads\/2026\/01\/Bibliotecario-per-un-giorno-1024x683-1-300x200.jpg\" alt=\"\" width=\"239\" height=\"159\" srcset=\"https:\/\/www.radiopiu.net\/wordpress\/wp-content\/uploads\/2026\/01\/Bibliotecario-per-un-giorno-1024x683-1-300x200.jpg 300w, https:\/\/www.radiopiu.net\/wordpress\/wp-content\/uploads\/2026\/01\/Bibliotecario-per-un-giorno-1024x683-1-768x512.jpg 768w, https:\/\/www.radiopiu.net\/wordpress\/wp-content\/uploads\/2026\/01\/Bibliotecario-per-un-giorno-1024x683-1.jpg 1024w\" sizes=\"auto, (max-width: 239px) 100vw, 239px\" \/><\/a><\/strong><\/p>\n<p><strong>DI ALESSIA DALL&#8217;O&#8217;<\/strong><\/p>\n<p><strong>FONZASO\u00a0<\/strong>Ripartono <em>I Venerd\u00ec della Cultura<\/em> presso la Biblioteca Civica, che in comunione con il Comune di Fonzaso, rilanciano la rassegna dedicata alla promozione culturale e alla partecipazione di comunit\u00e0.<br \/>\nUna proposta culturale, intesa come bene comune e spazio di confronto aperto, allineato ai temi dell\u2019Agenda ONU 2030, che vede il primo appuntamento in programma venerd\u00ec 6 febbraio alle 20.30 in Sala Municipale con la presentazione del libro <em>L\u2019autista del dottor Lauer<\/em> di Rita Da Pont, ambientato nella Belluno dell\u2019occupazione nazista. Il secondo incontro si terr\u00e0 venerd\u00ec 20 febbraio con lo scrittore Carlo Morriello, che presenter\u00e0 il romanzo <em>Oltre l\u2019ombra dei colori<\/em>, un viaggio tra arte, storia e introspezione nella Napoli di fine Ottocento.<\/p>\n<p>&nbsp;<\/p>\n<p>&nbsp;<\/p>\n<hr \/>\n<p>&nbsp;<\/p>\n<blockquote>\n<h3>SEDICO SI ACCENDE DI COLORI E MUSICA: IL CARNEVALE 2026 PROMETTE SPETTACOLO E DIVERTIMENTO PER TUTTI<\/h3>\n<\/blockquote>\n<p><strong><a class=\"dt-pswp-item\" href=\"https:\/\/www.radiopiu.net\/wordpress\/wp-content\/uploads\/2026\/01\/carn-sedico-2026-copertina.jpg\" data-dt-img-description=\"\" data-large_image_width=\"955\" data-large_image_height=\"723\"><img loading=\"lazy\" decoding=\"async\" class=\"wp-image-491807 aligncenter\" src=\"https:\/\/www.radiopiu.net\/wordpress\/wp-content\/uploads\/2026\/01\/carn-sedico-2026-copertina-300x227.jpg\" alt=\"\" width=\"205\" height=\"155\" srcset=\"https:\/\/www.radiopiu.net\/wordpress\/wp-content\/uploads\/2026\/01\/carn-sedico-2026-copertina-300x227.jpg 300w, https:\/\/www.radiopiu.net\/wordpress\/wp-content\/uploads\/2026\/01\/carn-sedico-2026-copertina-768x581.jpg 768w, https:\/\/www.radiopiu.net\/wordpress\/wp-content\/uploads\/2026\/01\/carn-sedico-2026-copertina.jpg 955w\" sizes=\"auto, (max-width: 205px) 100vw, 205px\" \/><\/a><\/strong><\/p>\n<p><strong>SEDICO<\/strong> Sedico si prepara a vivere un Carnevale 2026 ricco di eventi per grandi e piccini. Si parte sabato 31 gennaio al Palaskating con il <em data-start=\"213\" data-end=\"229\">Carnival Party<\/em> anni \u201980 e \u201990, animazione, premi per le maschere pi\u00f9 originali e chiosco con panini e cocktail, tutto trasmesso in diretta da Radio Pi\u00f9. Sabato 7 febbraio apre la mostra <em data-start=\"409\" data-end=\"423\">Carnevalarte<\/em> con elaborati delle scuole sul tema \u201cUn Carnevale\u2026 Olimpico\u201d. Domenica 8 febbraio il tradizionale corso mascherato dei carri allegorici sedicensi vedr\u00e0 la partecipazione del Corpo Musicale Comunale e animazione per bambini, sempre in diretta radiofonica. Sabato 14 e domenica 15 febbraio il Carnevale dei Bambini e il secondo corso mascherato proporranno sfilate, Heroebus a tema Avengers, animazione, diretta di Radio Pi\u00f9 e spettacolo pirotecnico. Marted\u00ec 17 febbraio laboratori creativi per bambini. Sempre attivi chioschi, mini luna park, truccabimbi e lotteria con primo premio un buono viaggio da 1.000 euro.<\/p>\n<p><strong>IL PROGRAMMA (2 PAGINE)<\/strong><\/p>\n<a href=\"https:\/\/www.radiopiu.net\/wordpress\/wp-content\/uploads\/2026\/01\/CARNEVALE-FLYER-2026.pdf\" class=\"pdfemb-viewer\" style=\"\" data-width=\"max\" data-height=\"max\" data-toolbar=\"top\" data-toolbar-fixed=\"on\">CARNEVALE FLYER 2026<\/a>\n<p>&nbsp;<\/p>\n<hr \/>\n<p>&nbsp;<\/p>\n<blockquote>\n<h3>CARNEVAI DE LE VAI: LE DOLOMITI AGORDINE IN FESTA TRA MASCHERE E TRADIZIONE<\/h3>\n<\/blockquote>\n<p><strong><a class=\"dt-pswp-item\" href=\"https:\/\/www.radiopiu.net\/wordpress\/wp-content\/uploads\/2026\/01\/af0ded82-5edb-4dfd-bc28-73a34c3d12a7.jpg\" data-dt-img-description=\"\" data-large_image_width=\"1066\" data-large_image_height=\"1600\"><img loading=\"lazy\" decoding=\"async\" class=\"wp-image-492268 aligncenter\" src=\"https:\/\/www.radiopiu.net\/wordpress\/wp-content\/uploads\/2026\/01\/af0ded82-5edb-4dfd-bc28-73a34c3d12a7-200x300.jpg\" alt=\"\" width=\"126\" height=\"189\" srcset=\"https:\/\/www.radiopiu.net\/wordpress\/wp-content\/uploads\/2026\/01\/af0ded82-5edb-4dfd-bc28-73a34c3d12a7-200x300.jpg 200w, https:\/\/www.radiopiu.net\/wordpress\/wp-content\/uploads\/2026\/01\/af0ded82-5edb-4dfd-bc28-73a34c3d12a7-682x1024.jpg 682w, https:\/\/www.radiopiu.net\/wordpress\/wp-content\/uploads\/2026\/01\/af0ded82-5edb-4dfd-bc28-73a34c3d12a7-768x1153.jpg 768w, https:\/\/www.radiopiu.net\/wordpress\/wp-content\/uploads\/2026\/01\/af0ded82-5edb-4dfd-bc28-73a34c3d12a7-1023x1536.jpg 1023w, https:\/\/www.radiopiu.net\/wordpress\/wp-content\/uploads\/2026\/01\/af0ded82-5edb-4dfd-bc28-73a34c3d12a7.jpg 1066w\" sizes=\"auto, (max-width: 126px) 100vw, 126px\" \/><\/a><\/strong><\/p>\n<p>&nbsp;<\/p>\n<p><strong>REDAZIONE <\/strong>Dal 25 gennaio al 15 febbraio le Dolomiti Agordine tornano ad animarsi con il <em data-start=\"159\" data-end=\"179\">Carnevai de le Vai<\/em>, rassegna dedicata alle maschere tradizionali che attraversa valli e paesi, unendo folklore, musica e partecipazione popolare. Cinque appuntamenti scandiscono il calendario, da Selva di Cadore a Rivamonte Agordino, da Sottoguda a Laste di Rocca Pietore, fino al gran finale a Canale d\u2019Agordo con <em data-start=\"476\" data-end=\"492\">La Zinghen\u00e9sta<\/em>. Il Carnevale diventa cos\u00ec un viaggio nella memoria collettiva: sfilate colorate, balli, canti, fal\u00f2, momenti conviviali e concorsi per le maschere pi\u00f9 belle coinvolgono residenti e visitatori. Ogni evento valorizza identit\u00e0 locali e antichi rituali, reinterpretati con energia contemporanea. L\u2019invito \u00e8 aperto a tutti: indossare una maschera, tradizionale o di fantasia, e lasciarsi trasportare dall\u2019atmosfera autentica di un Carnevale che racconta la storia delle montagne e delle sue comunit\u00e0, celebrando l\u2019inverno come tempo di incontro e condivisione.<\/p>\n<p>&nbsp;<\/p>\n<p><strong>\u00a0TUTTE LE INFORMAZIONI SULLE TAPPE (2 PAGINE)<\/strong><\/p>\n<a href=\"https:\/\/www.radiopiu.net\/wordpress\/wp-content\/uploads\/2026\/01\/pieghevole-Carnevale-2.pdf\" class=\"pdfemb-viewer\" style=\"\" data-width=\"max\" data-height=\"max\" data-toolbar=\"top\" data-toolbar-fixed=\"on\">pieghevole Carnevale 2<\/a>\n<p>&nbsp;<\/p>\n<hr \/>\n<p>&nbsp;<\/p>\n<blockquote>\n<h3>GRILL HOUSE SELVA DI CADORE: SAPORI E ATMOSFERA IN STILE OKTOBERFEST<\/h3>\n<\/blockquote>\n<p><strong><a class=\"dt-pswp-item\" href=\"https:\/\/www.radiopiu.net\/wordpress\/wp-content\/uploads\/2026\/01\/b66a107f-bd8e-4b07-ad51-8cd3220c4e16.jpg\" data-dt-img-description=\"\" data-large_image_width=\"1179\" data-large_image_height=\"655\"><img loading=\"lazy\" decoding=\"async\" class=\"wp-image-493284 aligncenter\" src=\"https:\/\/www.radiopiu.net\/wordpress\/wp-content\/uploads\/2026\/01\/b66a107f-bd8e-4b07-ad51-8cd3220c4e16-300x167.jpg\" alt=\"\" width=\"198\" height=\"110\" srcset=\"https:\/\/www.radiopiu.net\/wordpress\/wp-content\/uploads\/2026\/01\/b66a107f-bd8e-4b07-ad51-8cd3220c4e16-300x167.jpg 300w, https:\/\/www.radiopiu.net\/wordpress\/wp-content\/uploads\/2026\/01\/b66a107f-bd8e-4b07-ad51-8cd3220c4e16-1024x569.jpg 1024w, https:\/\/www.radiopiu.net\/wordpress\/wp-content\/uploads\/2026\/01\/b66a107f-bd8e-4b07-ad51-8cd3220c4e16-768x427.jpg 768w, https:\/\/www.radiopiu.net\/wordpress\/wp-content\/uploads\/2026\/01\/b66a107f-bd8e-4b07-ad51-8cd3220c4e16.jpg 1179w\" sizes=\"auto, (max-width: 198px) 100vw, 198px\" \/><\/a><\/strong><\/p>\n<p>&nbsp;<\/p>\n<p><strong>SELVA DI CADORE <\/strong>Grill House Selva di Cadore \u00e8 il luogo ideale per chi desidera vivere un\u2019esperienza gastronomica accogliente e conviviale, ispirata al pieno stile Oktoberfest. Il ristorante propone una ricca variet\u00e0 di piatti, con grandi classici del barbecue come costine succulente e hamburger saporiti, affiancati da piccoli piatti e spuntini perfetti anche per le ore serali. Ampia la scelta di bevande, che spazia dalla birra al vino, fino a cocktail e liquori selezionati. Il locale \u00e8 adatto alle famiglie, grazie a un men\u00f9 dedicato ai bambini.<\/p>\n<p>&nbsp;<\/p>\n<blockquote class=\"wp-embedded-content\" data-secret=\"K9HqEUCMsk\"><p><a href=\"https:\/\/www.radiopiu.net\/wordpress\/puntata-105\/\">FIABANE E IL CORPO SCOLPITO: IL NUDO LIGNEO TRA ARTE, MATERIA ED EROS<\/a><\/p><\/blockquote>\n<p><iframe loading=\"lazy\" class=\"wp-embedded-content\" sandbox=\"allow-scripts\" security=\"restricted\" style=\"position: absolute; visibility: hidden;\" title=\"&#8220;FIABANE E IL CORPO SCOLPITO: IL NUDO LIGNEO TRA ARTE, MATERIA ED EROS&#8221; &#8212; Radio Pi\u00f9\" src=\"https:\/\/www.radiopiu.net\/wordpress\/puntata-105\/embed\/#?secret=aRt63ZmbXM#?secret=K9HqEUCMsk\" data-secret=\"K9HqEUCMsk\" width=\"600\" height=\"338\" frameborder=\"0\" marginwidth=\"0\" marginheight=\"0\" scrolling=\"no\"><\/iframe><\/p>\n<hr \/>\n<p>&nbsp;<\/p>\n<h1 style=\"text-align: center;\"><span style=\"color: #ff6600;\">IERI ALLA RADIO<\/span><\/h1>\n<h2 style=\"text-align: center;\"><span style=\"color: #ff99cc;\">OGGI COME IERI, QUARTO ANNO. CON SILVIA BALDO<\/span><\/h2>\n<p><strong><a class=\"dt-pswp-item\" href=\"https:\/\/www.radiopiu.net\/wordpress\/wp-content\/uploads\/2026\/01\/festival_sanremo_imagefullwide.jpg\" data-dt-img-description=\"\" data-large_image_width=\"1170\" data-large_image_height=\"732\"><img loading=\"lazy\" decoding=\"async\" class=\"wp-image-493703 aligncenter\" src=\"https:\/\/www.radiopiu.net\/wordpress\/wp-content\/uploads\/2026\/01\/festival_sanremo_imagefullwide-300x188.jpg\" alt=\"\" width=\"150\" height=\"94\" srcset=\"https:\/\/www.radiopiu.net\/wordpress\/wp-content\/uploads\/2026\/01\/festival_sanremo_imagefullwide-300x188.jpg 300w, https:\/\/www.radiopiu.net\/wordpress\/wp-content\/uploads\/2026\/01\/festival_sanremo_imagefullwide-1024x641.jpg 1024w, https:\/\/www.radiopiu.net\/wordpress\/wp-content\/uploads\/2026\/01\/festival_sanremo_imagefullwide-768x480.jpg 768w, https:\/\/www.radiopiu.net\/wordpress\/wp-content\/uploads\/2026\/01\/festival_sanremo_imagefullwide.jpg 1170w\" sizes=\"auto, (max-width: 150px) 100vw, 150px\" \/><\/a>29 GENNAIO<\/strong><\/p>\n<audio class=\"wp-audio-shortcode\" id=\"audio-493556-11\" preload=\"none\" style=\"width: 100%;\" controls=\"controls\"><source type=\"audio\/mpeg\" src=\"https:\/\/www.radiopiu.net\/wordpress\/wp-content\/uploads\/2026\/01\/SIBI3-3.mp3?_=11\" \/><a href=\"https:\/\/www.radiopiu.net\/wordpress\/wp-content\/uploads\/2026\/01\/SIBI3-3.mp3\">https:\/\/www.radiopiu.net\/wordpress\/wp-content\/uploads\/2026\/01\/SIBI3-3.mp3<\/a><\/audio>\n<p>&nbsp;<\/p>\n<h2><strong>LA RACCOLTA COMPLETA <a href=\"https:\/\/www.radiopiu.net\/wordpress\/quartoanno29gen\/\"><span style=\"color: #3366ff;\">CLICCA QUI<\/span><\/a><\/strong><\/h2>\n<p>&nbsp;<\/p>\n<hr \/>\n<p>&nbsp;<\/p>\n<h2 style=\"text-align: center;\"><span style=\"color: #ff0000;\">SPECIALE SPI CGIL &#8211; 29 GENNAIO 2026<\/span><\/h2>\n<p><strong><a class=\"dt-pswp-item\" href=\"https:\/\/www.radiopiu.net\/wordpress\/wp-content\/uploads\/2023\/02\/SPI-CGIL.png\" data-dt-img-description=\"\" data-large_image_width=\"278\" data-large_image_height=\"244\"><img loading=\"lazy\" decoding=\"async\" class=\"wp-image-322694 aligncenter\" src=\"https:\/\/www.radiopiu.net\/wordpress\/wp-content\/uploads\/2023\/02\/SPI-CGIL.png\" alt=\"\" width=\"136\" height=\"119\" \/><\/a><\/strong><\/p>\n<p><strong>DI MIRKO MEZZACASA<\/strong><\/p>\n<p>OSPITE: Maria Rita Gentilin<\/p>\n<audio class=\"wp-audio-shortcode\" id=\"audio-493556-12\" preload=\"none\" style=\"width: 100%;\" controls=\"controls\"><source type=\"audio\/mpeg\" src=\"https:\/\/www.radiopiu.net\/wordpress\/wp-content\/uploads\/2026\/01\/spi-gennaio-28-quin.mp3?_=12\" \/><a href=\"https:\/\/www.radiopiu.net\/wordpress\/wp-content\/uploads\/2026\/01\/spi-gennaio-28-quin.mp3\">https:\/\/www.radiopiu.net\/wordpress\/wp-content\/uploads\/2026\/01\/spi-gennaio-28-quin.mp3<\/a><\/audio>\n<p>&nbsp;<\/p>\n<hr \/>\n<p>&nbsp;<\/p>\n<h2 style=\"text-align: center;\"><span style=\"color: #00ccff;\">&#8220;VIAGGI D&#8217;AUTORE&#8221; PUNTATA 11 ANTHONY DOERR<\/span><\/h2>\n<p>AUDIO<\/p>\n<audio class=\"wp-audio-shortcode\" id=\"audio-493556-13\" preload=\"none\" style=\"width: 100%;\" controls=\"controls\"><source type=\"audio\/mpeg\" src=\"https:\/\/www.radiopiu.net\/wordpress\/wp-content\/uploads\/2026\/01\/CLAUDIA-5.mp3?_=13\" \/><a href=\"https:\/\/www.radiopiu.net\/wordpress\/wp-content\/uploads\/2026\/01\/CLAUDIA-5.mp3\">https:\/\/www.radiopiu.net\/wordpress\/wp-content\/uploads\/2026\/01\/CLAUDIA-5.mp3<\/a><\/audio>\n<p>&nbsp;<\/p>\n<p><a class=\"dt-pswp-item\" href=\"https:\/\/www.radiopiu.net\/wordpress\/wp-content\/uploads\/2026\/01\/fae2a664-4269-469d-9ff3-020afb1b8860.jpg\" data-dt-img-description=\"\" data-large_image_width=\"299\" data-large_image_height=\"168\"><img loading=\"lazy\" decoding=\"async\" class=\"size-full wp-image-493713 aligncenter\" src=\"https:\/\/www.radiopiu.net\/wordpress\/wp-content\/uploads\/2026\/01\/fae2a664-4269-469d-9ff3-020afb1b8860.jpg\" alt=\"\" width=\"299\" height=\"168\" \/><\/a><\/p>\n<p>&nbsp;<\/p>\n<h1>LA RACCOLTA COMPLETA <span style=\"color: #0000ff;\"><a style=\"color: #0000ff;\" href=\"https:\/\/www.radiopiu.net\/wordpress\/viaggi-dautore\/\">CLICCA QUI<\/a><\/span><\/h1>\n<p>&nbsp;<\/p>\n<hr \/>\n<p>&nbsp;<\/p>\n<h2 style=\"text-align: center;\"><span style=\"color: #800080;\">SEI IN RADIO&#8230; SE di MARINA DONA&#8217;<\/span><\/h2>\n<p><strong>PUNTATA 42\u00a0 \u00a0 \u00a0 \u00a0 \u00a0 \u00a0AUDIO<\/strong><br \/>\n<span style=\"color: #ff0000;\"><strong> \u00a0 \u00a0 \u00a0DA&#8230;DOLOMITI MAGIA DOLIMITI<\/strong><\/span><\/p>\n<audio class=\"wp-audio-shortcode\" id=\"audio-493556-14\" preload=\"none\" style=\"width: 100%;\" controls=\"controls\"><source type=\"audio\/mpeg\" src=\"https:\/\/www.radiopiu.net\/wordpress\/wp-content\/uploads\/2026\/01\/SEISE-3.mp3?_=14\" \/><a href=\"https:\/\/www.radiopiu.net\/wordpress\/wp-content\/uploads\/2026\/01\/SEISE-3.mp3\">https:\/\/www.radiopiu.net\/wordpress\/wp-content\/uploads\/2026\/01\/SEISE-3.mp3<\/a><\/audio>\n<p>&nbsp;<\/p>\n<p><a class=\"dt-pswp-item\" href=\"https:\/\/www.radiopiu.net\/wordpress\/wp-content\/uploads\/2026\/01\/52620e1a-ebd5-4672-9a95-7a1c2abfbe1e.jpg\" data-dt-img-description=\"\" data-large_image_width=\"1224\" data-large_image_height=\"1688\"><img loading=\"lazy\" decoding=\"async\" class=\"size-medium wp-image-493718 aligncenter\" src=\"https:\/\/www.radiopiu.net\/wordpress\/wp-content\/uploads\/2026\/01\/52620e1a-ebd5-4672-9a95-7a1c2abfbe1e-218x300.jpg\" alt=\"\" width=\"218\" height=\"300\" srcset=\"https:\/\/www.radiopiu.net\/wordpress\/wp-content\/uploads\/2026\/01\/52620e1a-ebd5-4672-9a95-7a1c2abfbe1e-218x300.jpg 218w, https:\/\/www.radiopiu.net\/wordpress\/wp-content\/uploads\/2026\/01\/52620e1a-ebd5-4672-9a95-7a1c2abfbe1e-743x1024.jpg 743w, https:\/\/www.radiopiu.net\/wordpress\/wp-content\/uploads\/2026\/01\/52620e1a-ebd5-4672-9a95-7a1c2abfbe1e-768x1059.jpg 768w, https:\/\/www.radiopiu.net\/wordpress\/wp-content\/uploads\/2026\/01\/52620e1a-ebd5-4672-9a95-7a1c2abfbe1e-1114x1536.jpg 1114w, https:\/\/www.radiopiu.net\/wordpress\/wp-content\/uploads\/2026\/01\/52620e1a-ebd5-4672-9a95-7a1c2abfbe1e.jpg 1224w\" sizes=\"auto, (max-width: 218px) 100vw, 218px\" \/><\/a><\/p>\n<p>&nbsp;<\/p>\n<h2><strong>LA RACCOLTA COMPLETA <a href=\"https:\/\/www.radiopiu.net\/wordpress\/sei-in-radio-se-29-gen\/\"><span style=\"color: #3366ff;\">CLICCA QUI<\/span><\/a><\/strong><\/h2>\n<p>&nbsp;<\/p>\n<hr \/>\n<p>&nbsp;<\/p>\n<h2 style=\"text-align: center;\"><span style=\"color: #008000;\">ARCADE SHOW..ELIA ALLA RADIO<\/span><\/h2>\n<p align=\"JUSTIFY\"><a class=\"dt-pswp-item\" href=\"https:\/\/www.radiopiu.net\/wordpress\/wp-content\/uploads\/2025\/02\/LOGO-ELIA.png\" data-dt-img-description=\"\" data-large_image_width=\"851\" data-large_image_height=\"774\"><img loading=\"lazy\" decoding=\"async\" class=\" wp-image-436960 aligncenter\" src=\"https:\/\/www.radiopiu.net\/wordpress\/wp-content\/uploads\/2025\/02\/LOGO-ELIA-300x273.png\" alt=\"\" width=\"180\" height=\"164\" srcset=\"https:\/\/www.radiopiu.net\/wordpress\/wp-content\/uploads\/2025\/02\/LOGO-ELIA-300x273.png 300w, https:\/\/www.radiopiu.net\/wordpress\/wp-content\/uploads\/2025\/02\/LOGO-ELIA-768x699.png 768w, https:\/\/www.radiopiu.net\/wordpress\/wp-content\/uploads\/2025\/02\/LOGO-ELIA.png 851w\" sizes=\"auto, (max-width: 180px) 100vw, 180px\" \/><\/a><\/p>\n<p align=\"JUSTIFY\">Arcade show, Entra nella sala giochi ufficiale di RadioPi\u00f9! Inserisci la moneta e gioca insieme a noi! Attualit\u00e0, cinema, sport, social, spensieratezza e soprattutto musica! Il primo show like a game radiofonico in italia, condotto da Elia.<\/p>\n<p align=\"JUSTIFY\"><strong>PUNTATA 44\/1<\/strong><\/p>\n<audio class=\"wp-audio-shortcode\" id=\"audio-493556-15\" preload=\"none\" style=\"width: 100%;\" controls=\"controls\"><source type=\"audio\/mpeg\" src=\"https:\/\/www.radiopiu.net\/wordpress\/wp-content\/uploads\/2026\/01\/ELIA1-1.mp3?_=15\" \/><a href=\"https:\/\/www.radiopiu.net\/wordpress\/wp-content\/uploads\/2026\/01\/ELIA1-1.mp3\">https:\/\/www.radiopiu.net\/wordpress\/wp-content\/uploads\/2026\/01\/ELIA1-1.mp3<\/a><\/audio>\n<p>&nbsp;<\/p>\n<p align=\"JUSTIFY\"><strong>PUNTATA 44\/2<\/strong><\/p>\n<audio class=\"wp-audio-shortcode\" id=\"audio-493556-16\" preload=\"none\" style=\"width: 100%;\" controls=\"controls\"><source type=\"audio\/mpeg\" src=\"https:\/\/www.radiopiu.net\/wordpress\/wp-content\/uploads\/2026\/01\/ELIA2-1.mp3?_=16\" \/><a href=\"https:\/\/www.radiopiu.net\/wordpress\/wp-content\/uploads\/2026\/01\/ELIA2-1.mp3\">https:\/\/www.radiopiu.net\/wordpress\/wp-content\/uploads\/2026\/01\/ELIA2-1.mp3<\/a><\/audio>\n<p>&nbsp;<\/p>\n<p align=\"JUSTIFY\"><strong>PUNTATA 44\/3<\/strong><\/p>\n<audio class=\"wp-audio-shortcode\" id=\"audio-493556-17\" preload=\"none\" style=\"width: 100%;\" controls=\"controls\"><source type=\"audio\/mpeg\" src=\"https:\/\/www.radiopiu.net\/wordpress\/wp-content\/uploads\/2026\/01\/ELIA3-1.mp3?_=17\" \/><a href=\"https:\/\/www.radiopiu.net\/wordpress\/wp-content\/uploads\/2026\/01\/ELIA3-1.mp3\">https:\/\/www.radiopiu.net\/wordpress\/wp-content\/uploads\/2026\/01\/ELIA3-1.mp3<\/a><\/audio>\n<p>&nbsp;<\/p>\n<h2><strong>LA RACCOLTA COMPLETA <span style=\"color: #3366ff;\">CLICCA QUI<\/span><\/strong><\/h2>\n<p>&nbsp;<\/p>\n<hr \/>\n<p>&nbsp;<\/p>\n<h2 style=\"text-align: center;\"><span style=\"color: #993300;\">UEB&#8230;CON MARINA DONA&#8217; E ANTONIO FIABANE<\/span><\/h2>\n<p>&nbsp;<\/p>\n<p><strong><a class=\"dt-pswp-item\" href=\"https:\/\/www.radiopiu.net\/wordpress\/wp-content\/uploads\/2025\/02\/20dc0fef-0481-4aa9-ad8a-7e742e4ef644.jpg\" data-dt-img-description=\"\" data-large_image_width=\"1080\" data-large_image_height=\"636\"><img loading=\"lazy\" decoding=\"async\" class=\"wp-image-437007 aligncenter\" src=\"https:\/\/www.radiopiu.net\/wordpress\/wp-content\/uploads\/2025\/02\/20dc0fef-0481-4aa9-ad8a-7e742e4ef644-300x177.jpg\" alt=\"\" width=\"241\" height=\"142\" srcset=\"https:\/\/www.radiopiu.net\/wordpress\/wp-content\/uploads\/2025\/02\/20dc0fef-0481-4aa9-ad8a-7e742e4ef644-300x177.jpg 300w, https:\/\/www.radiopiu.net\/wordpress\/wp-content\/uploads\/2025\/02\/20dc0fef-0481-4aa9-ad8a-7e742e4ef644-1024x603.jpg 1024w, https:\/\/www.radiopiu.net\/wordpress\/wp-content\/uploads\/2025\/02\/20dc0fef-0481-4aa9-ad8a-7e742e4ef644-768x452.jpg 768w, https:\/\/www.radiopiu.net\/wordpress\/wp-content\/uploads\/2025\/02\/20dc0fef-0481-4aa9-ad8a-7e742e4ef644.jpg 1080w\" sizes=\"auto, (max-width: 241px) 100vw, 241px\" \/><\/a>UN PROGRAMMA DI MARINA DONA&#8217; E ANTONIO FIABANE<\/strong><\/p>\n<p>&nbsp;<\/p>\n<p><span style=\"color: #ff0000;\"><strong>PUNTATA DEL 29 GENNAIO 2026 &#8211; PRIMA PARTE<\/strong><\/span><\/p>\n<audio class=\"wp-audio-shortcode\" id=\"audio-493556-18\" preload=\"none\" style=\"width: 100%;\" controls=\"controls\"><source type=\"audio\/mpeg\" src=\"https:\/\/www.radiopiu.net\/wordpress\/wp-content\/uploads\/2025\/12\/TIME1-3.mp3?_=18\" \/><a href=\"https:\/\/www.radiopiu.net\/wordpress\/wp-content\/uploads\/2025\/12\/TIME1-3.mp3\">https:\/\/www.radiopiu.net\/wordpress\/wp-content\/uploads\/2025\/12\/TIME1-3.mp3<\/a><\/audio>\n<p><span style=\"color: #ff0000;\">\u00a0<\/span><\/p>\n<p><span style=\"color: #ff0000;\"><strong>SECONDA PARTE<\/strong><\/span><\/p>\n<audio class=\"wp-audio-shortcode\" id=\"audio-493556-19\" preload=\"none\" style=\"width: 100%;\" controls=\"controls\"><source type=\"audio\/mpeg\" src=\"https:\/\/www.radiopiu.net\/wordpress\/wp-content\/uploads\/2025\/12\/TIME2-3.mp3?_=19\" \/><a href=\"https:\/\/www.radiopiu.net\/wordpress\/wp-content\/uploads\/2025\/12\/TIME2-3.mp3\">https:\/\/www.radiopiu.net\/wordpress\/wp-content\/uploads\/2025\/12\/TIME2-3.mp3<\/a><\/audio>\n<p><span style=\"color: #ff0000;\">\u00a0<\/span><\/p>\n<p><span style=\"color: #ff0000;\"><strong>TERZA PARTE<\/strong><\/span><\/p>\n<audio class=\"wp-audio-shortcode\" id=\"audio-493556-20\" preload=\"none\" style=\"width: 100%;\" controls=\"controls\"><source type=\"audio\/mpeg\" src=\"https:\/\/www.radiopiu.net\/wordpress\/wp-content\/uploads\/2025\/12\/TIME3-3.mp3?_=20\" \/><a href=\"https:\/\/www.radiopiu.net\/wordpress\/wp-content\/uploads\/2025\/12\/TIME3-3.mp3\">https:\/\/www.radiopiu.net\/wordpress\/wp-content\/uploads\/2025\/12\/TIME3-3.mp3<\/a><\/audio>\n<p>&nbsp;<\/p>\n<h2><strong>LA RACCOLTA COMPLETA <a href=\"https:\/\/www.radiopiu.net\/wordpress\/ueb-con-marina-dona-e-antonio-fiabane-la-raccolta\/\"><span style=\"color: #3366ff;\">CLICCA QUI<\/span><\/a><\/strong><\/h2>\n<p>&nbsp;<\/p>\n<hr \/>\n<p>&nbsp;<\/p>\n<h2 style=\"text-align: center;\"><span style=\"color: #cc99ff;\">IL CARNEVALE DI SEDICO 2026, UN PROGRAMMA RICCO DI EVENTI<\/span><\/h2>\n<p><strong><a class=\"dt-pswp-item\" href=\"https:\/\/www.radiopiu.net\/wordpress\/wp-content\/uploads\/2026\/01\/49845698-089e-4f10-9794-876db02a27f3.jpg\" data-dt-img-description=\"\" data-large_image_width=\"1600\" data-large_image_height=\"1200\"><img loading=\"lazy\" decoding=\"async\" class=\"wp-image-492416 aligncenter\" src=\"https:\/\/www.radiopiu.net\/wordpress\/wp-content\/uploads\/2026\/01\/49845698-089e-4f10-9794-876db02a27f3-300x225.jpg\" alt=\"\" width=\"165\" height=\"124\" srcset=\"https:\/\/www.radiopiu.net\/wordpress\/wp-content\/uploads\/2026\/01\/49845698-089e-4f10-9794-876db02a27f3-300x225.jpg 300w, https:\/\/www.radiopiu.net\/wordpress\/wp-content\/uploads\/2026\/01\/49845698-089e-4f10-9794-876db02a27f3-1024x768.jpg 1024w, https:\/\/www.radiopiu.net\/wordpress\/wp-content\/uploads\/2026\/01\/49845698-089e-4f10-9794-876db02a27f3-768x576.jpg 768w, https:\/\/www.radiopiu.net\/wordpress\/wp-content\/uploads\/2026\/01\/49845698-089e-4f10-9794-876db02a27f3-1536x1152.jpg 1536w, https:\/\/www.radiopiu.net\/wordpress\/wp-content\/uploads\/2026\/01\/49845698-089e-4f10-9794-876db02a27f3.jpg 1600w\" sizes=\"auto, (max-width: 165px) 100vw, 165px\" \/><\/a><\/strong><\/p>\n<p><strong>DI MARCO GAZ E MARINA DONA&#8217;<\/strong><\/p>\n<p>OSPITI: Marco Gabrieli e Stefano Triches<\/p>\n<audio class=\"wp-audio-shortcode\" id=\"audio-493556-21\" preload=\"none\" style=\"width: 100%;\" controls=\"controls\"><source type=\"audio\/mpeg\" src=\"https:\/\/www.radiopiu.net\/wordpress\/wp-content\/uploads\/2026\/01\/CARNEVALE-DI-SEDICO-2026-MARCO-GABRIELI-E-STEFANO-TRICHES.mp3?_=21\" \/><a href=\"https:\/\/www.radiopiu.net\/wordpress\/wp-content\/uploads\/2026\/01\/CARNEVALE-DI-SEDICO-2026-MARCO-GABRIELI-E-STEFANO-TRICHES.mp3\">https:\/\/www.radiopiu.net\/wordpress\/wp-content\/uploads\/2026\/01\/CARNEVALE-DI-SEDICO-2026-MARCO-GABRIELI-E-STEFANO-TRICHES.mp3<\/a><\/audio>\n<p>&nbsp;<\/p>\n<hr \/>\n<p>&nbsp;<\/p>\n<h2 style=\"text-align: center;\"><span style=\"color: #ffcc00;\">IL 31 GENNAIO A CANALE TORNA LA CASPARETHA<\/span><\/h2>\n<p><strong><a class=\"dt-pswp-item\" href=\"https:\/\/www.radiopiu.net\/wordpress\/wp-content\/uploads\/2026\/01\/d252826e-39a1-45d5-987a-aa7288a3b60e.jpg\" data-dt-img-description=\"\" data-large_image_width=\"2048\" data-large_image_height=\"1152\"><img loading=\"lazy\" decoding=\"async\" class=\"wp-image-490611 aligncenter\" src=\"https:\/\/www.radiopiu.net\/wordpress\/wp-content\/uploads\/2026\/01\/d252826e-39a1-45d5-987a-aa7288a3b60e-300x169.jpg\" alt=\"\" width=\"217\" height=\"122\" srcset=\"https:\/\/www.radiopiu.net\/wordpress\/wp-content\/uploads\/2026\/01\/d252826e-39a1-45d5-987a-aa7288a3b60e-300x169.jpg 300w, https:\/\/www.radiopiu.net\/wordpress\/wp-content\/uploads\/2026\/01\/d252826e-39a1-45d5-987a-aa7288a3b60e-1024x576.jpg 1024w, https:\/\/www.radiopiu.net\/wordpress\/wp-content\/uploads\/2026\/01\/d252826e-39a1-45d5-987a-aa7288a3b60e-768x432.jpg 768w, https:\/\/www.radiopiu.net\/wordpress\/wp-content\/uploads\/2026\/01\/d252826e-39a1-45d5-987a-aa7288a3b60e-1536x864.jpg 1536w, https:\/\/www.radiopiu.net\/wordpress\/wp-content\/uploads\/2026\/01\/d252826e-39a1-45d5-987a-aa7288a3b60e.jpg 2048w\" sizes=\"auto, (max-width: 217px) 100vw, 217px\" \/><\/a><\/strong><\/p>\n<p><strong>DI MIRKO MEZZACASA<\/strong><\/p>\n<p>OSPITI: Emil Tancon, Laura Fontanive e Giulio Serafini<\/p>\n<audio class=\"wp-audio-shortcode\" id=\"audio-493556-22\" preload=\"none\" style=\"width: 100%;\" controls=\"controls\"><source type=\"audio\/mpeg\" src=\"https:\/\/www.radiopiu.net\/wordpress\/wp-content\/uploads\/2026\/01\/CASPARETHA-2026-1.mp3?_=22\" \/><a href=\"https:\/\/www.radiopiu.net\/wordpress\/wp-content\/uploads\/2026\/01\/CASPARETHA-2026-1.mp3\">https:\/\/www.radiopiu.net\/wordpress\/wp-content\/uploads\/2026\/01\/CASPARETHA-2026-1.mp3<\/a><\/audio>\n<p>&nbsp;<\/p>\n<hr \/>\n<p>&nbsp;<\/p>\n<blockquote class=\"wp-embedded-content\" data-secret=\"fhDU2ylIsy\"><p><a href=\"https:\/\/www.radiopiu.net\/wordpress\/curiosando-il-programmaa\/\">CURIOSANDO&#8230; IL PROGRAMMA DI PAOLA LANCIATO<\/a><\/p><\/blockquote>\n<p><iframe loading=\"lazy\" class=\"wp-embedded-content\" sandbox=\"allow-scripts\" security=\"restricted\" style=\"position: absolute; visibility: hidden;\" title=\"&#8220;CURIOSANDO&#8230; IL PROGRAMMA DI PAOLA LANCIATO&#8221; &#8212; Radio Pi\u00f9\" src=\"https:\/\/www.radiopiu.net\/wordpress\/curiosando-il-programmaa\/embed\/#?secret=4TA613cX01#?secret=fhDU2ylIsy\" data-secret=\"fhDU2ylIsy\" width=\"600\" height=\"338\" frameborder=\"0\" marginwidth=\"0\" marginheight=\"0\" scrolling=\"no\"><\/iframe><\/p>\n<p>&nbsp;<\/p>\n<hr \/>\n<p>&nbsp;<\/p>\n<p><span style=\"color: #ff0000;\"><img loading=\"lazy\" decoding=\"async\" class=\"wp-image-61958 size-full aligncenter\" src=\"https:\/\/www.radiopiu.net\/wordpress\/wp-content\/uploads\/2018\/09\/appuntamenti.jpeg\" alt=\"\" width=\"800\" height=\"100\" srcset=\"https:\/\/www.radiopiu.net\/wordpress\/wp-content\/uploads\/2018\/09\/appuntamenti.jpeg 800w, https:\/\/www.radiopiu.net\/wordpress\/wp-content\/uploads\/2018\/09\/appuntamenti-300x38.jpeg 300w, https:\/\/www.radiopiu.net\/wordpress\/wp-content\/uploads\/2018\/09\/appuntamenti-768x96.jpeg 768w\" sizes=\"auto, (max-width: 800px) 100vw, 800px\" \/><\/span><\/p>\n<p>&nbsp;<\/p>\n\n\t\t\t<style type='text\/css'>\n\t\t\t\t#gallery-6 {\n\t\t\t\t\tmargin: auto;\n\t\t\t\t}\n\t\t\t\t#gallery-6 .gallery-item {\n\t\t\t\t\tfloat: left;\n\t\t\t\t\tmargin-top: 10px;\n\t\t\t\t\ttext-align: center;\n\t\t\t\t\twidth: 20%;\n\t\t\t\t}\n\t\t\t\t#gallery-6 img {\n\t\t\t\t\tborder: 2px solid #cfcfcf;\n\t\t\t\t}\n\t\t\t\t#gallery-6 .gallery-caption {\n\t\t\t\t\tmargin-left: 0;\n\t\t\t\t}\n\t\t\t\t\/* see gallery_shortcode() in wp-includes\/media.php *\/\n\t\t\t<\/style>\n\t\t<div id='gallery-6' class='dt-gallery-container gallery galleryid-493556 gallery-columns-5 gallery-size-thumbnail'><dl class='gallery-item'>\n\t\t\t\t<dt class='gallery-icon portrait'>\n\t\t\t\t\t<a class=\"rollover rollover-zoom dt-pswp-item\" title=\"382879bb-4892-4005-b1d3-970c8160d0d0\" data-dt-img-description=\"\" data-large_image_width=\"1131\" data-large_image_height=\"1600\"href='https:\/\/www.radiopiu.net\/wordpress\/wp-content\/uploads\/2026\/01\/382879bb-4892-4005-b1d3-970c8160d0d0.jpg'><img loading=\"lazy\" decoding=\"async\" width=\"150\" height=\"150\" src=\"https:\/\/www.radiopiu.net\/wordpress\/wp-content\/uploads\/2026\/01\/382879bb-4892-4005-b1d3-970c8160d0d0-150x150.jpg\" class=\"attachment-thumbnail size-thumbnail\" alt=\"\" \/><\/a>\n\t\t\t\t<\/dt><\/dl><dl class='gallery-item'>\n\t\t\t\t<dt class='gallery-icon portrait'>\n\t\t\t\t\t<a class=\"rollover rollover-zoom dt-pswp-item\" title=\"L&#039;Altra_Zumelle\" data-dt-img-description=\"\" data-large_image_width=\"1414\" data-large_image_height=\"2000\"href='https:\/\/www.radiopiu.net\/wordpress\/wp-content\/uploads\/2026\/01\/LAltra_Zumelle.jpeg'><img loading=\"lazy\" decoding=\"async\" width=\"150\" height=\"150\" src=\"https:\/\/www.radiopiu.net\/wordpress\/wp-content\/uploads\/2026\/01\/LAltra_Zumelle-150x150.jpeg\" class=\"attachment-thumbnail size-thumbnail\" alt=\"\" \/><\/a>\n\t\t\t\t<\/dt><\/dl><dl class='gallery-item'>\n\t\t\t\t<dt class='gallery-icon portrait'>\n\t\t\t\t\t<a class=\"rollover rollover-zoom dt-pswp-item\" title=\"locandina mostra loris\" data-dt-img-description=\"\" data-large_image_width=\"595\" data-large_image_height=\"841\"href='https:\/\/www.radiopiu.net\/wordpress\/wp-content\/uploads\/2026\/01\/locandina-mostra-loris.jpg'><img loading=\"lazy\" decoding=\"async\" width=\"150\" height=\"150\" src=\"https:\/\/www.radiopiu.net\/wordpress\/wp-content\/uploads\/2026\/01\/locandina-mostra-loris-150x150.jpg\" class=\"attachment-thumbnail size-thumbnail\" alt=\"\" \/><\/a>\n\t\t\t\t<\/dt><\/dl><dl class='gallery-item'>\n\t\t\t\t<dt class='gallery-icon portrait'>\n\t\t\t\t\t<a class=\"rollover rollover-zoom dt-pswp-item\" title=\"af0ded82-5edb-4dfd-bc28-73a34c3d12a7\" data-dt-img-description=\"\" data-large_image_width=\"1066\" data-large_image_height=\"1600\"href='https:\/\/www.radiopiu.net\/wordpress\/wp-content\/uploads\/2026\/01\/af0ded82-5edb-4dfd-bc28-73a34c3d12a7.jpg'><img loading=\"lazy\" decoding=\"async\" width=\"150\" height=\"150\" src=\"https:\/\/www.radiopiu.net\/wordpress\/wp-content\/uploads\/2026\/01\/af0ded82-5edb-4dfd-bc28-73a34c3d12a7-150x150.jpg\" class=\"attachment-thumbnail size-thumbnail\" alt=\"\" \/><\/a>\n\t\t\t\t<\/dt><\/dl><dl class='gallery-item'>\n\t\t\t\t<dt class='gallery-icon portrait'>\n\t\t\t\t\t<a class=\"rollover rollover-zoom dt-pswp-item\" title=\"Aspettando le Olimpiadi - evento a Limana\" data-dt-img-description=\"\" data-large_image_width=\"1240\" data-large_image_height=\"1754\"href='https:\/\/www.radiopiu.net\/wordpress\/wp-content\/uploads\/2026\/01\/Aspettando-le-Olimpiadi-evento-a-Limana.jpg'><img loading=\"lazy\" decoding=\"async\" width=\"150\" height=\"150\" src=\"https:\/\/www.radiopiu.net\/wordpress\/wp-content\/uploads\/2026\/01\/Aspettando-le-Olimpiadi-evento-a-Limana-150x150.jpg\" class=\"attachment-thumbnail size-thumbnail\" alt=\"\" \/><\/a>\n\t\t\t\t<\/dt><\/dl><br style=\"clear: both\" \/><dl class='gallery-item'>\n\t\t\t\t<dt class='gallery-icon portrait'>\n\t\t\t\t\t<a class=\"rollover rollover-zoom dt-pswp-item\" title=\"4e967043-c873-4f5f-b1c6-d5dbc3a0bb33\" data-dt-img-description=\"\" data-large_image_width=\"1414\" data-large_image_height=\"2000\"href='https:\/\/www.radiopiu.net\/wordpress\/wp-content\/uploads\/2026\/01\/4e967043-c873-4f5f-b1c6-d5dbc3a0bb33.jpg'><img loading=\"lazy\" decoding=\"async\" width=\"150\" height=\"150\" src=\"https:\/\/www.radiopiu.net\/wordpress\/wp-content\/uploads\/2026\/01\/4e967043-c873-4f5f-b1c6-d5dbc3a0bb33-150x150.jpg\" class=\"attachment-thumbnail size-thumbnail\" alt=\"\" \/><\/a>\n\t\t\t\t<\/dt><\/dl><dl class='gallery-item'>\n\t\t\t\t<dt class='gallery-icon portrait'>\n\t\t\t\t\t<a class=\"rollover rollover-zoom dt-pswp-item\" title=\"67d99ec1-0291-4462-817b-c043279744e5\" data-dt-img-description=\"\" data-large_image_width=\"1131\" data-large_image_height=\"1600\"href='https:\/\/www.radiopiu.net\/wordpress\/wp-content\/uploads\/2025\/12\/67d99ec1-0291-4462-817b-c043279744e5.jpg'><img loading=\"lazy\" decoding=\"async\" width=\"150\" height=\"150\" src=\"https:\/\/www.radiopiu.net\/wordpress\/wp-content\/uploads\/2025\/12\/67d99ec1-0291-4462-817b-c043279744e5-150x150.jpg\" class=\"attachment-thumbnail size-thumbnail\" alt=\"\" \/><\/a>\n\t\t\t\t<\/dt><\/dl><dl class='gallery-item'>\n\t\t\t\t<dt class='gallery-icon portrait'>\n\t\t\t\t\t<a class=\"rollover rollover-zoom dt-pswp-item\" title=\"SIGNORI\" data-dt-img-description=\"\" data-large_image_width=\"905\" data-large_image_height=\"1280\"href='https:\/\/www.radiopiu.net\/wordpress\/wp-content\/uploads\/2026\/01\/SIGNORI.jpeg'><img loading=\"lazy\" decoding=\"async\" width=\"150\" height=\"150\" src=\"https:\/\/www.radiopiu.net\/wordpress\/wp-content\/uploads\/2026\/01\/SIGNORI-150x150.jpeg\" class=\"attachment-thumbnail size-thumbnail\" alt=\"\" \/><\/a>\n\t\t\t\t<\/dt><\/dl><dl class='gallery-item'>\n\t\t\t\t<dt class='gallery-icon portrait'>\n\t\t\t\t\t<a class=\"rollover rollover-zoom dt-pswp-item\" title=\"1000260928\" data-dt-img-description=\"\" data-large_image_width=\"720\" data-large_image_height=\"874\"href='https:\/\/www.radiopiu.net\/wordpress\/wp-content\/uploads\/2026\/01\/1000260928.jpg'><img loading=\"lazy\" decoding=\"async\" width=\"150\" height=\"150\" src=\"https:\/\/www.radiopiu.net\/wordpress\/wp-content\/uploads\/2026\/01\/1000260928-150x150.jpg\" class=\"attachment-thumbnail size-thumbnail\" alt=\"\" \/><\/a>\n\t\t\t\t<\/dt><\/dl><dl class='gallery-item'>\n\t\t\t\t<dt class='gallery-icon portrait'>\n\t\t\t\t\t<a class=\"rollover rollover-zoom dt-pswp-item\" title=\"Storie di Storia definitivo-1\" data-dt-img-description=\"\" data-large_image_width=\"1240\" data-large_image_height=\"1754\"href='https:\/\/www.radiopiu.net\/wordpress\/wp-content\/uploads\/2026\/01\/Storie-di-Storia-definitivo-1.jpg'><img loading=\"lazy\" decoding=\"async\" width=\"150\" height=\"150\" src=\"https:\/\/www.radiopiu.net\/wordpress\/wp-content\/uploads\/2026\/01\/Storie-di-Storia-definitivo-1-150x150.jpg\" class=\"attachment-thumbnail size-thumbnail\" alt=\"\" \/><\/a>\n\t\t\t\t<\/dt><\/dl><br style=\"clear: both\" \/><dl class='gallery-item'>\n\t\t\t\t<dt class='gallery-icon portrait'>\n\t\t\t\t\t<a class=\"rollover rollover-zoom dt-pswp-item\" title=\"586740953_1283004097175673_3623727418094522816_n\" data-dt-img-description=\"\" data-large_image_width=\"514\" data-large_image_height=\"720\"href='https:\/\/www.radiopiu.net\/wordpress\/wp-content\/uploads\/2025\/11\/586740953_1283004097175673_3623727418094522816_n.jpg'><img loading=\"lazy\" decoding=\"async\" width=\"150\" height=\"150\" src=\"https:\/\/www.radiopiu.net\/wordpress\/wp-content\/uploads\/2025\/11\/586740953_1283004097175673_3623727418094522816_n-150x150.jpg\" class=\"attachment-thumbnail size-thumbnail\" alt=\"\" \/><\/a>\n\t\t\t\t<\/dt><\/dl><dl class='gallery-item'>\n\t\t\t\t<dt class='gallery-icon portrait'>\n\t\t\t\t\t<a class=\"rollover rollover-zoom dt-pswp-item\" title=\"584332528_1279625560846860_1524691345192499574_n\" data-dt-img-description=\"\" data-large_image_width=\"417\" data-large_image_height=\"590\"href='https:\/\/www.radiopiu.net\/wordpress\/wp-content\/uploads\/2025\/11\/584332528_1279625560846860_1524691345192499574_n.jpg'><img loading=\"lazy\" decoding=\"async\" width=\"150\" height=\"150\" src=\"https:\/\/www.radiopiu.net\/wordpress\/wp-content\/uploads\/2025\/11\/584332528_1279625560846860_1524691345192499574_n-150x150.jpg\" class=\"attachment-thumbnail size-thumbnail\" alt=\"\" \/><\/a>\n\t\t\t\t<\/dt><\/dl><dl class='gallery-item'>\n\t\t\t\t<dt class='gallery-icon portrait'>\n\t\t\t\t\t<a class=\"rollover rollover-zoom dt-pswp-item\" title=\"I-SOLITI-IGNOTI\" data-dt-img-description=\"\" data-large_image_width=\"1200\" data-large_image_height=\"1697\"href='https:\/\/www.radiopiu.net\/wordpress\/wp-content\/uploads\/2026\/01\/I-SOLITI-IGNOTI.jpg'><img loading=\"lazy\" decoding=\"async\" width=\"150\" height=\"150\" src=\"https:\/\/www.radiopiu.net\/wordpress\/wp-content\/uploads\/2026\/01\/I-SOLITI-IGNOTI-150x150.jpg\" class=\"attachment-thumbnail size-thumbnail\" alt=\"\" \/><\/a>\n\t\t\t\t<\/dt><\/dl><dl class='gallery-item'>\n\t\t\t\t<dt class='gallery-icon portrait'>\n\t\t\t\t\t<a class=\"rollover rollover-zoom dt-pswp-item\" title=\"PRES LIBRO\" data-dt-img-description=\"\" data-large_image_width=\"672\" data-large_image_height=\"888\"href='https:\/\/www.radiopiu.net\/wordpress\/wp-content\/uploads\/2026\/01\/PRES-LIBRO.jpg'><img loading=\"lazy\" decoding=\"async\" width=\"150\" height=\"150\" src=\"https:\/\/www.radiopiu.net\/wordpress\/wp-content\/uploads\/2026\/01\/PRES-LIBRO-150x150.jpg\" class=\"attachment-thumbnail size-thumbnail\" alt=\"\" \/><\/a>\n\t\t\t\t<\/dt><\/dl><dl class='gallery-item'>\n\t\t\t\t<dt class='gallery-icon portrait'>\n\t\t\t\t\t<a class=\"rollover rollover-zoom dt-pswp-item\" title=\"e65e010f-2ee0-47e6-9114-dacef690c3d1\" data-dt-img-description=\"\" data-large_image_width=\"1024\" data-large_image_height=\"1280\"href='https:\/\/www.radiopiu.net\/wordpress\/wp-content\/uploads\/2026\/01\/e65e010f-2ee0-47e6-9114-dacef690c3d1.jpg'><img loading=\"lazy\" decoding=\"async\" width=\"150\" height=\"150\" src=\"https:\/\/www.radiopiu.net\/wordpress\/wp-content\/uploads\/2026\/01\/e65e010f-2ee0-47e6-9114-dacef690c3d1-150x150.jpg\" class=\"attachment-thumbnail size-thumbnail\" alt=\"\" \/><\/a>\n\t\t\t\t<\/dt><\/dl><br style=\"clear: both\" \/>\n\t\t\t<\/div>\n\n<p>&nbsp;<\/p>\n<p>&nbsp;<\/p>\n<hr \/>\n<p>&nbsp;<\/p>\n<p class=\"mceTemp\"><a class=\"dt-pswp-item\" href=\"https:\/\/www.radiopiu.net\/wordpress\/wp-content\/uploads\/2018\/09\/WhatsApp-Image-2018-09-20-at-16.04.06.jpeg\" data-dt-img-description=\"\" data-large_image_width=\"800\" data-large_image_height=\"100\"><img loading=\"lazy\" decoding=\"async\" class=\"wp-image-61378 size-full aligncenter\" src=\"https:\/\/www.radiopiu.net\/wordpress\/wp-content\/uploads\/2018\/09\/WhatsApp-Image-2018-09-20-at-16.04.06.jpeg\" alt=\"\" width=\"800\" height=\"100\" srcset=\"https:\/\/www.radiopiu.net\/wordpress\/wp-content\/uploads\/2018\/09\/WhatsApp-Image-2018-09-20-at-16.04.06.jpeg 800w, https:\/\/www.radiopiu.net\/wordpress\/wp-content\/uploads\/2018\/09\/WhatsApp-Image-2018-09-20-at-16.04.06-300x38.jpeg 300w, https:\/\/www.radiopiu.net\/wordpress\/wp-content\/uploads\/2018\/09\/WhatsApp-Image-2018-09-20-at-16.04.06-768x96.jpeg 768w\" sizes=\"auto, (max-width: 800px) 100vw, 800px\" \/><\/a><\/p>\n<p>&nbsp;<\/p>\n<p><center><b>OGGI<\/b><\/center>Tra notte e mattino cielo per lo pi\u00f9 nuvoloso anche per estese nubi basse in molte valli, poi irregolari schiarite specie in quota e su Dolomiti. Dal mezzogiorno schiarite via via pi\u00f9 probabili specie in quota con cielo parzialmente nuvoloso.<br \/>\n<b>Precipitazioni: <\/b>Generalmente assenti seppur non del tutto escluso qualche fiocco qua e l\u00e0 oltre i 1000 m<br \/>\n<b>Temperature: <\/b>Temperature stazionarie o in lieve calo, specie le minime a fondovalle.<\/p>\n<hr \/>\n<p><center><b>DOMANI<\/b><\/center>Nuvolosit\u00e0 variabile. Tra notte e mattino probabili nubi basse in molte valli specie su Prealpi. In giornata ampie schiarite su Dolomiti con cielo da poco a tratti parzialmente nuvoloso per nubi alte, qualche nube in pi\u00f9 su Prealpi specie occidentali. Nel pomeriggio e verso sera possibile aumento delle nubi da ovest.<br \/>\n<b>Precipitazioni: <\/b>Assenti.<br \/>\nTemperature minime in calo nelle valli specie in caso di notte serena con forti gelate, massime stazionarie o in lieve aumento.<\/p>\n<hr \/>\n<p><center><b>DOMENICA<\/b><\/center>Al mattino poco nuvoloso su Dolomiti, qualche nube in pi\u00f9 su Prealpi, specie occidentali con schiarite da met\u00e0 mattinata. Nel pomeriggio\/sera poco nuvoloso su Dolomiti, parzialmente nuvoloso su Prealpi. Temperature minime in calo nelle valli, massime stazionarie.<\/p>\n<hr \/>\n<p><center><b>LUNEDI<\/b><\/center>Fino al primo mattino nubi basse anche estese su Prealpi. Al mattino poco nuvoloso su Dolomiti poi nubi in graduale aumento a partire da Prealpi ovest fino a nuvoloso ovunque entro sera. In tarda serata possibili prime deboli precipitazioni su Prealpi ovest. temperature in calo.<\/p>\n<p>&nbsp;<\/p>\n<blockquote class=\"wp-embedded-content\" data-secret=\"UGTJlS1IOH\"><p><a href=\"https:\/\/www.radiopiu.net\/wordpress\/montagna-sotto-la-neve-attenzione-al-manto-instabile\/\">MONTAGNA SOTTO LA NEVE, ATTENZIONE AL MANTO INSTABILE<\/a><\/p><\/blockquote>\n<p><iframe loading=\"lazy\" class=\"wp-embedded-content\" sandbox=\"allow-scripts\" security=\"restricted\" style=\"position: absolute; visibility: hidden;\" title=\"&#8220;MONTAGNA SOTTO LA NEVE, ATTENZIONE AL MANTO INSTABILE&#8221; &#8212; Radio Pi\u00f9\" src=\"https:\/\/www.radiopiu.net\/wordpress\/montagna-sotto-la-neve-attenzione-al-manto-instabile\/embed\/#?secret=iMHWNNOgMr#?secret=UGTJlS1IOH\" data-secret=\"UGTJlS1IOH\" width=\"600\" height=\"338\" frameborder=\"0\" marginwidth=\"0\" marginheight=\"0\" scrolling=\"no\"><\/iframe><\/p>\n<p>&nbsp;<\/p>\n<hr \/>\n<p>&nbsp;<\/p>\n<p class=\"mceTemp\"><a class=\"dt-pswp-item\" href=\"https:\/\/www.radiopiu.net\/wordpress\/wp-content\/uploads\/2018\/09\/sport.jpg\" data-dt-img-description=\"\" data-large_image_width=\"800\" data-large_image_height=\"100\"><img loading=\"lazy\" decoding=\"async\" class=\"aligncenter wp-image-60761 size-full\" src=\"https:\/\/www.radiopiu.net\/wordpress\/wp-content\/uploads\/2018\/09\/sport.jpg\" alt=\"\" width=\"800\" height=\"100\" srcset=\"https:\/\/www.radiopiu.net\/wordpress\/wp-content\/uploads\/2018\/09\/sport.jpg 800w, https:\/\/www.radiopiu.net\/wordpress\/wp-content\/uploads\/2018\/09\/sport-300x38.jpg 300w, https:\/\/www.radiopiu.net\/wordpress\/wp-content\/uploads\/2018\/09\/sport-768x96.jpg 768w\" sizes=\"auto, (max-width: 800px) 100vw, 800px\" \/> <\/a><\/p>\n<p><span style=\"color: #0000ff;\"><b>\u00a0<\/b><\/span><\/p>\n<p><span style=\"color: #0000ff;\"><strong>HOCKEY SU GHIACCIO<\/strong><\/span><\/p>\n<blockquote>\n<h3>A CALDARO ANCORA UNA SCONFITTA PER L&#8217;ALLEGHE. IL FELTRE SUPERA IL VALPELLICE<\/h3>\n<\/blockquote>\n<p><a class=\"dt-pswp-item\" href=\"https:\/\/www.radiopiu.net\/wordpress\/wp-content\/uploads\/2018\/12\/HOCKEY-BBB.jpg\" data-dt-img-description=\"\" data-large_image_width=\"1920\" data-large_image_height=\"1200\"><img loading=\"lazy\" decoding=\"async\" class=\" wp-image-70532 aligncenter\" src=\"https:\/\/www.radiopiu.net\/wordpress\/wp-content\/uploads\/2018\/12\/HOCKEY-BBB-300x188.jpg\" alt=\"\" width=\"254\" height=\"159\" srcset=\"https:\/\/www.radiopiu.net\/wordpress\/wp-content\/uploads\/2018\/12\/HOCKEY-BBB-300x188.jpg 300w, https:\/\/www.radiopiu.net\/wordpress\/wp-content\/uploads\/2018\/12\/HOCKEY-BBB-768x480.jpg 768w, https:\/\/www.radiopiu.net\/wordpress\/wp-content\/uploads\/2018\/12\/HOCKEY-BBB-1024x640.jpg 1024w, https:\/\/www.radiopiu.net\/wordpress\/wp-content\/uploads\/2018\/12\/HOCKEY-BBB.jpg 1920w\" sizes=\"auto, (max-width: 254px) 100vw, 254px\" \/><\/a><\/p>\n<p>&nbsp;<\/p>\n<p><strong>DI MARCO GAZ<\/strong><\/p>\n<p><span style=\"color: #3366ff;\"><strong>IHL 4\u00b0 GIONATA SECONDA FASE<\/strong><\/span><\/p>\n<p><span style=\"color: #ff0000;\"><strong>MASTER ROUND<\/strong><\/span><\/p>\n<p><strong>CALDARO \u2013 ALLEGHE 4-1<\/strong><\/p>\n<p>PARZIALI: 0-0, 3-1, 1-0<\/p>\n<p>RETI: st. 0\u201920\u201d Wieser, 4\u201918\u201d Alessio, 5&#8217;37\u201d Alanne, 12\u201906\u201d Saha. tt. 1\u201958\u201d Erlacher<\/p>\n<p>L\u2019Alleghe torna da Caldaro con una sconfitta ma consapevole di aver dato il massimo. Le civette perdono la quarta partita consecutiva del Master Round ma la classifica \u00e8 corta e possono ancora sperare in una buona posizione per i playoff. I lucci si scaldano nella prima frazione poi ingranano la marcia giusta e con il minimo sforzo incamera la vittoria. Ora qualche ora di riposo prima di tornare in campo: sabato sera i biancorossi saranno al de Toni contro il Varese. \u00a0Partita che parte con grande intensit\u00e0: le due squadre non se le mandano a dire e danno spettacolo fin dai primi minuti. Il Caldaro sembra farsi pericoloso un po&#8217; di pi\u00f9 rispetto alle civette. L\u2019Alleghe stenta ad ingranare la marcia giusta anche a causa di alcune penalit\u00e0 inflitte dagli arbitri. Lucci che provano a sbloccare il risultato ma il golie alleghese non lascia passare nulla. Nel finale di primo tempo gli agordini rinascono ma a salvare la porta altoatesina ci pensa il portiere. Nel secondo drittel il Caldaro sblocca subito la sfida. Tiro parato dal portiere agordino, disco che arriva a Wieser che insacca. Provano a rispondere le civette ma ancora una volta \u00e8 il portiere avversario a fare la differenza. Ci pensa Alessio a trovare il pertugio per infilale il puck alle spalle di Rohregger. Al primo contropiede i lucci si riportano in vantaggio con Alanne che batte l\u2019incolpevole Lancedelli. L\u2019Alleghe paga cari gli errori difensivi: Angoletta perde il disco e Saha si invola verso la porta che sigla la rete del 3 a 1. Il Caldaro cala poker ad inizio terzo tempo. Dopo una serie di conclusioni andate a vuoto ci pensa Erlacher a gonfiare la rete alleghese. Biancorossi che non demordono e ci provano con Huhtela ma il tiro sibila a lato. Anche Iori prova la conclusione ma il disco non centra i pali. \u00c8 un assedio degli agordini che le provano tutte per rimettere in piedi la sfida. A complicare la vita agli alleghesi ci pensano anche gli arbitri concedendo due superiorit\u00e0 ai padroni di casa nel giro di poco tempo. Biancorossi che continuano a premere ma il secondo gol non arriva. Il tempo scorre velocemente e il Caldaro si aggiudica la vittoria.<\/p>\n<p>&nbsp;<\/p>\n<p><span style=\"color: #ff0000;\"><strong>QUALIFICATION ROUND<\/strong><\/span><\/p>\n<p><strong>VALPELLICE \u2013 FELTRE 2-3 dot<\/strong><\/p>\n<p>PARZIALI: 1-0, 0-0, 1-2, 0-1<\/p>\n<p>RETI: pt. 5\u201916\u201d Pozzi. tt. 0\u201932\u201d M. Dall\u2019Agnol, 11\u201941\u201d Long, 12\u201948\u201d Broch. ot. 1\u201945\u201d Zampieri<\/p>\n<p>Continua la striscia positiva del Feltre che incamera la quarta vittoria consecutiva del Qualification Round. I picchi superano il Valpellice all\u2019overtime dopo una sfida combattuta che ha visto i feltrini andare sotto due volte, pareggiare i conti e capovolgere il risultato all\u2019extratime. Prima posizione in classifica per il Feltre che sabato giocher\u00e0 in casa con il Fiemme.\u00a0 Parte forte la squadra piemontese che si fa subito pericoloso dalle parti della gabbia avversaria. Dopo 5\u2019 il Valpellice trova il gol con Pozzi. Il Feltre non resta a guardare e prova a rispondere ma alla prima sirena i padroni di casa sono ancora in vantaggio. Le squadre giocano a viso aperto nel secondo tempo con tanti capovolgimenti di fronte. Le reti rimangono inviolate e si va all\u2019ultimo riposo con i padroni di casa ancora in vantaggio. Il pareggio feltrino arriva ad inizio terzo tempo grazie a Matteo Dall\u2019Agnol. Piemontesi che rispondono con Long ma i picchi non ci tanno e trovano di nuovo il pareggio con Broch. Si va all\u2019overtime e ad avere la meglio sono i bellunesi che chiudono la sfida con Zampieri<\/p>\n<p>&nbsp;<\/p>\n<blockquote>\n<h3>PIOGGIA DI PELUCHE AL DE TONI: VINCE LA SOLIDARIET\u00c0. CONSEGNATI I PUPAZZI LANCIATI DAGLI SPALTI<\/h3>\n<\/blockquote>\n<p><strong>AGORDO<\/strong> L\u2019onda di solidariet\u00e0 scivolata sul ghiaccio dell\u2019Alleghe Hockey non si \u00e8 fermata al fischio finale. I peluche lanciati sul campo durante la sfida contro l\u2019Aosta sono stati raccolti, contati e accuratamente sanificati. Oltre mille pupazzi sono stati consegnati al Pronto Soccorso di Agordo, primo passo di un percorso di aiuto dedicato ai pi\u00f9 piccoli. Dopo le procedure igieniche, i giocattoli verranno distribuiti ai bambini meno fortunati del reparto di Pediatria. Un gesto semplice ma potente, capace di trasformare una partita in una festa di generosit\u00e0, coinvolgendo tifosi, volontari e personale sanitario. L\u2019iniziativa conferma il forte legame tra sport, territorio e solidariet\u00e0, regalando sorrisi concreti a chi sta affrontando momenti delicati lontano da casa. Un gol per tutta la comunit\u00e0 locale.<\/p>\n<p><strong>IL VIDEO DELLA CONSEGNA<\/strong><\/p>\n<div style=\"width: 768px;\" class=\"wp-video\"><video class=\"wp-video-shortcode\" id=\"video-493556-1\" width=\"768\" height=\"432\" preload=\"metadata\" controls=\"controls\"><source type=\"video\/mp4\" src=\"https:\/\/www.radiopiu.net\/wordpress\/wp-content\/uploads\/2026\/01\/PELUCHE.mp4?_=1\" \/><a href=\"https:\/\/www.radiopiu.net\/wordpress\/wp-content\/uploads\/2026\/01\/PELUCHE.mp4\">https:\/\/www.radiopiu.net\/wordpress\/wp-content\/uploads\/2026\/01\/PELUCHE.mp4<\/a><\/video><\/div>\n<p>&nbsp;<\/p>\n<p><span style=\"color: #0000ff;\"><strong>CORSA IN MONTAGNA<\/strong><\/span><\/p>\n<blockquote>\n<h3>TRANSCIVETTA, ALPENPLUS DIVENTA TITLE SPONSOR: NUOVA ERA PER LA STORICA CORSA DOLOMITICA<\/h3>\n<\/blockquote>\n<p><a class=\"dt-pswp-item\" href=\"https:\/\/www.radiopiu.net\/wordpress\/wp-content\/uploads\/2026\/01\/Transcivetta-2022_-DEVIS-ZASSO-a-dx-e-Alessandro-Rombaldi.jpg\" data-dt-img-description=\"\" data-large_image_width=\"2000\" data-large_image_height=\"1333\"><img loading=\"lazy\" decoding=\"async\" class=\"size-medium wp-image-493661 aligncenter\" src=\"https:\/\/www.radiopiu.net\/wordpress\/wp-content\/uploads\/2026\/01\/Transcivetta-2022_-DEVIS-ZASSO-a-dx-e-Alessandro-Rombaldi-300x200.jpg\" alt=\"\" width=\"300\" height=\"200\" srcset=\"https:\/\/www.radiopiu.net\/wordpress\/wp-content\/uploads\/2026\/01\/Transcivetta-2022_-DEVIS-ZASSO-a-dx-e-Alessandro-Rombaldi-300x200.jpg 300w, https:\/\/www.radiopiu.net\/wordpress\/wp-content\/uploads\/2026\/01\/Transcivetta-2022_-DEVIS-ZASSO-a-dx-e-Alessandro-Rombaldi-1024x682.jpg 1024w, https:\/\/www.radiopiu.net\/wordpress\/wp-content\/uploads\/2026\/01\/Transcivetta-2022_-DEVIS-ZASSO-a-dx-e-Alessandro-Rombaldi-768x512.jpg 768w, https:\/\/www.radiopiu.net\/wordpress\/wp-content\/uploads\/2026\/01\/Transcivetta-2022_-DEVIS-ZASSO-a-dx-e-Alessandro-Rombaldi-1536x1024.jpg 1536w, https:\/\/www.radiopiu.net\/wordpress\/wp-content\/uploads\/2026\/01\/Transcivetta-2022_-DEVIS-ZASSO-a-dx-e-Alessandro-Rombaldi.jpg 2000w\" sizes=\"auto, (max-width: 300px) 100vw, 300px\" \/><\/a><\/p>\n<p>&nbsp;<\/p>\n<p><strong>ALLEGHE <\/strong>La storica gara di corsa in montagna Transcivetta sulle Dolomiti Bellunesi inaugura il 2026 con una partnership triennale con Alpenplus, azienda locale di articoli sportivi e outdoor. Da quest\u2019anno l\u2019evento assumer\u00e0 il nome ufficiale \u201cTranscivetta Alpenplus\u201d. Andrea Da Pian, coordinatore organizzativo, sottolinea l\u2019impegno condiviso con Alpenplus nel valorizzare la montagna e migliorare l\u2019esperienza dei concorrenti. Atilio e Devis Zasso, fondatori e veterani della gara, cureranno in particolare il pacco gara, che includer\u00e0 maglia tecnica innovativa e asciugamano in microfibra. La 44\u00aa edizione si terr\u00e0 il 19 luglio sul percorso classico di 23 km e 1.950 metri di dislivello, da Listolade ai Piani di Pezz\u00e8, passando per Vazzoler, Tissi e Coldai. Le iscrizioni aprono l\u20191 febbraio: quota di 90 euro a coppia fino al 31 marzo, 100 euro successivamente, con limite massimo di 800 coppie, modalit\u00e0 competitiva o non competitiva.<\/p>\n<p>&nbsp;<\/p>\n<p><span style=\"color: #0000ff;\"><strong>PATTINAGGIO<br \/>\n<\/strong><\/span><\/p>\n<div class=\"page-title-head hgroup\">\n<h1 class=\"entry-title\">ICE CRYSTAL CUP: OTTIMI RISULTATI PER L\u2019AGORDINO GHIACCIO A BOLZANO<\/h1>\n<\/div>\n<p data-start=\"73\" data-end=\"392\">Weekend di soddisfazioni per l\u2019<strong data-start=\"104\" data-end=\"133\">Agordino Ghiaccio e Sport<\/strong>, impegnata alla\u00a0<strong data-start=\"182\" data-end=\"201\">Ice Crystal Cup<\/strong>\u00a0di pattinaggio artistico, andata in scena a Bolzano. Le atlete della fascia\u00a0<strong data-start=\"278\" data-end=\"288\">Bronze<\/strong>\u00a0hanno ben figurato, conquistando piazzamenti importanti e salendo anche sul gradino pi\u00f9 alto del podio. Grande risultato nella\u00a0<strong data-start=\"417\" data-end=\"455\">categoria Principianti A femminile<\/strong>, dove\u00a0<strong data-start=\"462\" data-end=\"478\">Rita Masiero<\/strong>\u00a0ha conquistato il\u00a0<strong data-start=\"497\" data-end=\"512\">primo posto<\/strong>, imponendosi con una prova solida e convincente. Vittoria anche nella\u00a0<strong data-start=\"583\" data-end=\"613\">categoria Interpretativo B<\/strong>\u00a0per\u00a0<strong data-start=\"618\" data-end=\"634\">Irene De Pra<\/strong>, che ha saputo distinguersi per eleganza e interpretazione. Buoni piazzamenti anche nelle altre categorie. Nella\u00a0<strong data-start=\"749\" data-end=\"769\">categoria Novice<\/strong>,\u00a0<strong data-start=\"771\" data-end=\"792\">Stephanie Tibolla<\/strong>\u00a0ha chiuso al\u00a0<strong data-start=\"806\" data-end=\"822\">quarto posto<\/strong>, sfiorando il podio. Tra le\u00a0<strong data-start=\"851\" data-end=\"867\">Esordienti A<\/strong>,\u00a0<strong data-start=\"869\" data-end=\"886\">Livia Appamea<\/strong>\u00a0si \u00e8 classificata\u00a0<strong data-start=\"905\" data-end=\"915\">ottava<\/strong>, mentre\u00a0<strong data-start=\"924\" data-end=\"941\">Jasmine Pini\u00e8<\/strong>\u00a0ha ottenuto l\u2019<strong data-start=\"956\" data-end=\"980\">undicesima posizione<\/strong>. Nella\u00a0<strong data-start=\"988\" data-end=\"1014\">categoria Esordienti B<\/strong>,\u00a0<strong data-start=\"1016\" data-end=\"1033\">Irene Masiero<\/strong>\u00a0ha chiuso\u00a0<strong data-start=\"1044\" data-end=\"1054\">ottava<\/strong>\u00a0e\u00a0<strong data-start=\"1057\" data-end=\"1078\">Marianna Veggiato<\/strong>\u00a0<strong data-start=\"1079\" data-end=\"1089\">decima<\/strong>. Nella\u00a0<strong data-start=\"1098\" data-end=\"1131\">categoria Principianti A Open<\/strong>,\u00a0<strong data-start=\"1133\" data-end=\"1155\">Vanessa Casagrande<\/strong>\u00a0ha raggiunto l\u2019<strong data-start=\"1171\" data-end=\"1191\">undicesimo posto<\/strong>, mentre nella\u00a0<strong data-start=\"1206\" data-end=\"1236\">categoria Junior femminile<\/strong>\u00a0<strong data-start=\"1237\" data-end=\"1254\">Gaia Serafini<\/strong>\u00a0si \u00e8 classificata\u00a0<strong data-start=\"1273\" data-end=\"1283\">decima<\/strong>. Un bilancio complessivamente positivo per la societ\u00e0 agordina, che continua a crescere e a portare sul ghiaccio talento, impegno e passione, confermandosi una realt\u00e0 solida nel panorama del pattinaggio artistico regionale.<\/p>\n<div id=\"gallery-1\" class=\"dt-gallery-container gallery galleryid-493782 gallery-columns-2 gallery-size-medium\">\n<dl class=\"gallery-item\">\n<dt class=\"gallery-icon portrait\"><a class=\"rollover rollover-zoom dt-pswp-item pspw-wrap-ready this-ready\" title=\"donload\" href=\"https:\/\/www.radiopiu.net\/wordpress\/wp-content\/uploads\/2026\/01\/donload.jpg\" data-dt-img-description=\"\" data-large_image_width=\"1536\" data-large_image_height=\"2040\"><img loading=\"lazy\" decoding=\"async\" class=\"attachment-medium size-medium\" src=\"https:\/\/www.radiopiu.net\/wordpress\/wp-content\/uploads\/2026\/01\/donload-226x300.jpg\" sizes=\"auto, (max-width: 226px) 100vw, 226px\" srcset=\"https:\/\/www.radiopiu.net\/wordpress\/wp-content\/uploads\/2026\/01\/donload-226x300.jpg 226w, https:\/\/www.radiopiu.net\/wordpress\/wp-content\/uploads\/2026\/01\/donload-771x1024.jpg 771w, https:\/\/www.radiopiu.net\/wordpress\/wp-content\/uploads\/2026\/01\/donload-768x1020.jpg 768w, https:\/\/www.radiopiu.net\/wordpress\/wp-content\/uploads\/2026\/01\/donload-1157x1536.jpg 1157w, https:\/\/www.radiopiu.net\/wordpress\/wp-content\/uploads\/2026\/01\/donload.jpg 1536w\" alt=\"\" width=\"226\" height=\"300\" \/><i><\/i><\/a><\/dt>\n<\/dl>\n<dl class=\"gallery-item\">\n<dt class=\"gallery-icon landscape\"><a class=\"rollover rollover-zoom dt-pswp-item pspw-wrap-ready this-ready\" title=\"744fccf0-c0a6-41fe-b146-29cf02742b1a\" href=\"https:\/\/www.radiopiu.net\/wordpress\/wp-content\/uploads\/2026\/01\/744fccf0-c0a6-41fe-b146-29cf02742b1a.jpg\" data-dt-img-description=\"\" data-large_image_width=\"2048\" data-large_image_height=\"1536\"><img loading=\"lazy\" decoding=\"async\" class=\"attachment-medium size-medium\" src=\"https:\/\/www.radiopiu.net\/wordpress\/wp-content\/uploads\/2026\/01\/744fccf0-c0a6-41fe-b146-29cf02742b1a-300x225.jpg\" sizes=\"auto, (max-width: 300px) 100vw, 300px\" srcset=\"https:\/\/www.radiopiu.net\/wordpress\/wp-content\/uploads\/2026\/01\/744fccf0-c0a6-41fe-b146-29cf02742b1a-300x225.jpg 300w, https:\/\/www.radiopiu.net\/wordpress\/wp-content\/uploads\/2026\/01\/744fccf0-c0a6-41fe-b146-29cf02742b1a-1024x768.jpg 1024w, https:\/\/www.radiopiu.net\/wordpress\/wp-content\/uploads\/2026\/01\/744fccf0-c0a6-41fe-b146-29cf02742b1a-768x576.jpg 768w, https:\/\/www.radiopiu.net\/wordpress\/wp-content\/uploads\/2026\/01\/744fccf0-c0a6-41fe-b146-29cf02742b1a-1536x1152.jpg 1536w, https:\/\/www.radiopiu.net\/wordpress\/wp-content\/uploads\/2026\/01\/744fccf0-c0a6-41fe-b146-29cf02742b1a.jpg 2048w\" alt=\"\" width=\"300\" height=\"225\" aria-describedby=\"gallery-1-493784\" \/><\/a><\/dt>\n<\/dl>\n<\/div>\n<p><span style=\"color: #0000ff;\"><strong>\u00a0<\/strong><\/span><\/p>\n","protected":false},"excerpt":{"rendered":"<p>\u00a0**** &nbsp; LA\u00a0 \u00a0 APP LA\u00a0 APP PER IOS-IPHONE di Nicola Vettorello https:\/\/apps.apple.com\/it\/app\/radio-pi%C3%B9-emittente-agordina\/id1515939845 LA\u00a0 APP RADIO\u00a0 PER ANDROID di Nicola Vettorello https:\/\/play.google.com\/store\/apps\/details?id=net.radiopiu.iniko\u00a0\u00a0\u00a0\u00a0\u00a0 &nbsp; &nbsp; &nbsp; OGGI SU RADIOPI\u00d9: MUSICA, informazione\u00a0 e dirette\u00a0 DOMANI, E&#8217; IL GIORNO DELLA CASPARETHA A CANALE D&#8217;AGORDO, DIRETTA SUI CANALI SOCIAL DI RADIOPIU. QUESTA SERA ALLE 19.20 LO SPECIALE REPORTER, ALLA&hellip;<\/p>\n","protected":false},"author":4,"featured_media":493813,"comment_status":"closed","ping_status":"closed","sticky":false,"template":"","format":"standard","meta":{"_monsterinsights_skip_tracking":false,"_monsterinsights_sitenote_active":false,"_monsterinsights_sitenote_note":"","_monsterinsights_sitenote_category":0,"footnotes":""},"categories":[104,86,49],"tags":[],"class_list":["post-493556","post","type-post","status-publish","format-standard","has-post-thumbnail","hentry","category-evidenza_3","category-gr","category-news-18","category-104","category-86","category-49","description-off"],"img_url":"https:\/\/www.radiopiu.net\/wordpress\/wp-content\/uploads\/2026\/01\/e7666642-e345-440c-a064-b764ab8f4051.png","_links":{"self":[{"href":"https:\/\/www.radiopiu.net\/wordpress\/wp-json\/wp\/v2\/posts\/493556","targetHints":{"allow":["GET"]}}],"collection":[{"href":"https:\/\/www.radiopiu.net\/wordpress\/wp-json\/wp\/v2\/posts"}],"about":[{"href":"https:\/\/www.radiopiu.net\/wordpress\/wp-json\/wp\/v2\/types\/post"}],"author":[{"embeddable":true,"href":"https:\/\/www.radiopiu.net\/wordpress\/wp-json\/wp\/v2\/users\/4"}],"replies":[{"embeddable":true,"href":"https:\/\/www.radiopiu.net\/wordpress\/wp-json\/wp\/v2\/comments?post=493556"}],"version-history":[{"count":46,"href":"https:\/\/www.radiopiu.net\/wordpress\/wp-json\/wp\/v2\/posts\/493556\/revisions"}],"predecessor-version":[{"id":493853,"href":"https:\/\/www.radiopiu.net\/wordpress\/wp-json\/wp\/v2\/posts\/493556\/revisions\/493853"}],"wp:featuredmedia":[{"embeddable":true,"href":"https:\/\/www.radiopiu.net\/wordpress\/wp-json\/wp\/v2\/media\/493813"}],"wp:attachment":[{"href":"https:\/\/www.radiopiu.net\/wordpress\/wp-json\/wp\/v2\/media?parent=493556"}],"wp:term":[{"taxonomy":"category","embeddable":true,"href":"https:\/\/www.radiopiu.net\/wordpress\/wp-json\/wp\/v2\/categories?post=493556"},{"taxonomy":"post_tag","embeddable":true,"href":"https:\/\/www.radiopiu.net\/wordpress\/wp-json\/wp\/v2\/tags?post=493556"}],"curies":[{"name":"wp","href":"https:\/\/api.w.org\/{rel}","templated":true}]}}