{"id":493566,"date":"2026-01-29T05:48:23","date_gmt":"2026-01-29T04:48:23","guid":{"rendered":"https:\/\/www.radiopiu.net\/wordpress\/?p=493566"},"modified":"2026-01-29T05:53:47","modified_gmt":"2026-01-29T04:53:47","slug":"tentati-furti-tra-safforze-e-ponte-nelle-alpi-bottino-zero","status":"publish","type":"post","link":"https:\/\/www.radiopiu.net\/wordpress\/tentati-furti-tra-safforze-e-ponte-nelle-alpi-bottino-zero\/","title":{"rendered":"TENTATI FURTI TRA SAFFORZE E PONTE NELLE ALPI, BOTTINO ZERO"},"content":{"rendered":"<p>**<\/p>\n<div class=\"flex flex-col text-sm pb-25\">\n<article class=\"text-token-text-primary w-full focus:outline-none [--shadow-height:45px] has-data-writing-block:pointer-events-none has-data-writing-block:-mt-(--shadow-height) has-data-writing-block:pt-(--shadow-height) [&amp;:has([data-writing-block])&gt;*]:pointer-events-auto scroll-mt-[calc(var(--header-height)+min(200px,max(70px,20svh)))]\" dir=\"auto\" tabindex=\"-1\" data-turn-id=\"ea91fb86-b09b-4cc6-8194-bb774550ae44\" data-testid=\"conversation-turn-16\" data-scroll-anchor=\"true\" data-turn=\"assistant\">\n<div class=\"text-base my-auto mx-auto pb-10 [--thread-content-margin:--spacing(4)] @w-sm\/main:[--thread-content-margin:--spacing(6)] @w-lg\/main:[--thread-content-margin:--spacing(16)] px-(--thread-content-margin)\">\n<div class=\"[--thread-content-max-width:40rem] @w-lg\/main:[--thread-content-max-width:48rem] mx-auto max-w-(--thread-content-max-width) flex-1 group\/turn-messages focus-visible:outline-hidden relative flex w-full min-w-0 flex-col agent-turn\" tabindex=\"-1\">\n<div class=\"flex max-w-full flex-col grow\">\n<div class=\"min-h-8 text-message relative flex w-full flex-col items-end gap-2 text-start break-words whitespace-normal [.text-message+&amp;]:mt-1\" dir=\"auto\" data-message-author-role=\"assistant\" data-message-id=\"9594ccf1-9da8-4a78-a95d-b63d57898915\" data-message-model-slug=\"gpt-5-2\">\n<div class=\"flex w-full flex-col gap-1 empty:hidden first:pt-[1px]\">\n<div class=\"markdown prose dark:prose-invert w-full wrap-break-word dark markdown-new-styling\">\n<p data-start=\"65\" data-end=\"385\"><a class=\"dt-pswp-item\" href=\"https:\/\/www.radiopiu.net\/wordpress\/wp-content\/uploads\/2026\/01\/33561f0d-712e-4744-95b9-a695b9d0fe62.png\" data-dt-img-description=\"\" data-large_image_width=\"1536\" data-large_image_height=\"1024\"><img loading=\"lazy\" decoding=\"async\" class=\"size-medium wp-image-493567 aligncenter\" src=\"https:\/\/www.radiopiu.net\/wordpress\/wp-content\/uploads\/2026\/01\/33561f0d-712e-4744-95b9-a695b9d0fe62-300x200.png\" alt=\"\" width=\"300\" height=\"200\" srcset=\"https:\/\/www.radiopiu.net\/wordpress\/wp-content\/uploads\/2026\/01\/33561f0d-712e-4744-95b9-a695b9d0fe62-300x200.png 300w, https:\/\/www.radiopiu.net\/wordpress\/wp-content\/uploads\/2026\/01\/33561f0d-712e-4744-95b9-a695b9d0fe62-1024x683.png 1024w, https:\/\/www.radiopiu.net\/wordpress\/wp-content\/uploads\/2026\/01\/33561f0d-712e-4744-95b9-a695b9d0fe62-768x512.png 768w, https:\/\/www.radiopiu.net\/wordpress\/wp-content\/uploads\/2026\/01\/33561f0d-712e-4744-95b9-a695b9d0fe62.png 1536w\" sizes=\"auto, (max-width: 300px) 100vw, 300px\" \/><\/a><\/p>\n<p data-start=\"65\" data-end=\"385\"><strong>PONTE NELLE ALPI<\/strong>\u00a0 Raid ladresco l\u2019altra sera tra Safforze e Ponte nelle Alpi, ma il colpo \u00e8 andato a vuoto. In un caso il malvivente si \u00e8 trovato faccia a faccia con il padrone di casa ed \u00e8 fuggito dopo una breve colluttazione, durante la quale ha estratto una pistola finta, probabilmente una scacciacani. Nessun ferito e nessun bottino.<\/p>\n<p data-start=\"387\" data-end=\"690\">Un secondo tentativo, avvenuto poco dopo tra Nuova Erto e le zone vicine, \u00e8 fallito per cause indipendenti dalla volont\u00e0 del ladro. Entrambi gli episodi sono stati denunciati ai carabinieri di Belluno, che hanno avviato le indagini e stanno analizzando le immagini delle telecamere di videosorveglianza.<\/p>\n<p data-start=\"692\" data-end=\"921\">Il soggetto non sembra un professionista, ma resta potenzialmente pericoloso. Le forze dell\u2019ordine invitano i cittadini a prestare attenzione, evitando di tenere in casa contanti o oggetti di valore, soprattutto nelle ore serali.<\/p>\n<blockquote>\n<h2 data-start=\"0\" data-end=\"47\"><\/h2>\n<h2 data-start=\"0\" data-end=\"47\"><strong data-start=\"0\" data-end=\"47\">FELTRE, ALLERTA FURTI TRA MUGNAI E PEDAVENA<\/strong><\/h2>\n<\/blockquote>\n<p data-start=\"49\" data-end=\"229\"><a class=\"dt-pswp-item\" href=\"https:\/\/www.radiopiu.net\/wordpress\/wp-content\/uploads\/2026\/01\/Screenshot-2026-01-29-052233.png\" data-dt-img-description=\"\" data-large_image_width=\"269\" data-large_image_height=\"202\"><img loading=\"lazy\" decoding=\"async\" class=\"size-full wp-image-493570 aligncenter\" src=\"https:\/\/www.radiopiu.net\/wordpress\/wp-content\/uploads\/2026\/01\/Screenshot-2026-01-29-052233.png\" alt=\"\" width=\"269\" height=\"202\" \/><\/a><\/p>\n<p data-start=\"49\" data-end=\"229\"><strong>FELTRE<\/strong> Nuova ondata di furti e tentativi di intrusione nelle abitazioni di Feltre. Negli ultimi giorni i ladri hanno preso di mira in particolare la zona compresa tra Mugnai e Pedavena. Nel tardo pomeriggio di ieri \u00e8 scattato l\u2019allarme di una casa in via Paterlacca, mentre marted\u00ec si erano registrati altri episodi in via Fosse e lungo la Culiada. Cresce l\u2019attenzione tra i residenti, invitati a segnalare movimenti sospetti e a rafforzare le misure di sicurezza.<\/p>\n<p>&nbsp;<\/p>\n<\/div>\n<\/div>\n<\/div>\n<\/div>\n<div class=\"z-0 flex min-h-[46px] justify-start\">\n<p>_______<\/p>\n<\/div>\n<div class=\"mt-3 w-full empty:hidden\">\n<div class=\"text-center\"><\/div>\n<\/div>\n<\/div>\n<\/div>\n<\/article>\n<\/div>\n<div class=\"pointer-events-none h-px w-px absolute bottom-0\" aria-hidden=\"true\" data-edge=\"true\"><\/div>\n","protected":false},"excerpt":{"rendered":"<p>** PONTE NELLE ALPI\u00a0 Raid ladresco l\u2019altra sera tra Safforze e Ponte nelle Alpi, ma il colpo \u00e8 andato a vuoto. In un caso il malvivente si \u00e8 trovato faccia a faccia con il padrone di casa ed \u00e8 fuggito dopo una breve colluttazione, durante la quale ha estratto una pistola finta, probabilmente una scacciacani.&hellip;<\/p>\n","protected":false},"author":4,"featured_media":493567,"comment_status":"closed","ping_status":"closed","sticky":false,"template":"","format":"standard","meta":{"_monsterinsights_skip_tracking":false,"_monsterinsights_sitenote_active":false,"_monsterinsights_sitenote_note":"","_monsterinsights_sitenote_category":0,"footnotes":""},"categories":[51,49],"tags":[],"class_list":["post-493566","post","type-post","status-publish","format-standard","has-post-thumbnail","hentry","category-evidenza-top","category-news-18","category-51","category-49","description-off"],"img_url":"https:\/\/www.radiopiu.net\/wordpress\/wp-content\/uploads\/2026\/01\/33561f0d-712e-4744-95b9-a695b9d0fe62.png","_links":{"self":[{"href":"https:\/\/www.radiopiu.net\/wordpress\/wp-json\/wp\/v2\/posts\/493566","targetHints":{"allow":["GET"]}}],"collection":[{"href":"https:\/\/www.radiopiu.net\/wordpress\/wp-json\/wp\/v2\/posts"}],"about":[{"href":"https:\/\/www.radiopiu.net\/wordpress\/wp-json\/wp\/v2\/types\/post"}],"author":[{"embeddable":true,"href":"https:\/\/www.radiopiu.net\/wordpress\/wp-json\/wp\/v2\/users\/4"}],"replies":[{"embeddable":true,"href":"https:\/\/www.radiopiu.net\/wordpress\/wp-json\/wp\/v2\/comments?post=493566"}],"version-history":[{"count":2,"href":"https:\/\/www.radiopiu.net\/wordpress\/wp-json\/wp\/v2\/posts\/493566\/revisions"}],"predecessor-version":[{"id":493571,"href":"https:\/\/www.radiopiu.net\/wordpress\/wp-json\/wp\/v2\/posts\/493566\/revisions\/493571"}],"wp:featuredmedia":[{"embeddable":true,"href":"https:\/\/www.radiopiu.net\/wordpress\/wp-json\/wp\/v2\/media\/493567"}],"wp:attachment":[{"href":"https:\/\/www.radiopiu.net\/wordpress\/wp-json\/wp\/v2\/media?parent=493566"}],"wp:term":[{"taxonomy":"category","embeddable":true,"href":"https:\/\/www.radiopiu.net\/wordpress\/wp-json\/wp\/v2\/categories?post=493566"},{"taxonomy":"post_tag","embeddable":true,"href":"https:\/\/www.radiopiu.net\/wordpress\/wp-json\/wp\/v2\/tags?post=493566"}],"curies":[{"name":"wp","href":"https:\/\/api.w.org\/{rel}","templated":true}]}}