{"id":493613,"date":"2026-01-29T18:32:35","date_gmt":"2026-01-29T17:32:35","guid":{"rendered":"https:\/\/www.radiopiu.net\/wordpress\/?p=493613"},"modified":"2026-01-29T18:38:26","modified_gmt":"2026-01-29T17:38:26","slug":"montagna-sotto-la-neve-attenzione-al-manto-instabile","status":"publish","type":"post","link":"https:\/\/www.radiopiu.net\/wordpress\/montagna-sotto-la-neve-attenzione-al-manto-instabile\/","title":{"rendered":"MONTAGNA SOTTO LA NEVE, ATTENZIONE AL MANTO INSTABILE"},"content":{"rendered":"<p>***<\/p>\n<p>&nbsp;<\/p>\n<p data-start=\"72\" data-end=\"553\"><a class=\"dt-pswp-item\" href=\"https:\/\/www.radiopiu.net\/wordpress\/wp-content\/uploads\/2026\/01\/849d0f44-4621-4213-a63e-dc9c35a4a326.png\" data-dt-img-description=\"\" data-large_image_width=\"1536\" data-large_image_height=\"1024\"><img loading=\"lazy\" decoding=\"async\" class=\" wp-image-493615 alignleft\" src=\"https:\/\/www.radiopiu.net\/wordpress\/wp-content\/uploads\/2026\/01\/849d0f44-4621-4213-a63e-dc9c35a4a326-300x200.png\" alt=\"\" width=\"255\" height=\"170\" srcset=\"https:\/\/www.radiopiu.net\/wordpress\/wp-content\/uploads\/2026\/01\/849d0f44-4621-4213-a63e-dc9c35a4a326-300x200.png 300w, https:\/\/www.radiopiu.net\/wordpress\/wp-content\/uploads\/2026\/01\/849d0f44-4621-4213-a63e-dc9c35a4a326-1024x683.png 1024w, https:\/\/www.radiopiu.net\/wordpress\/wp-content\/uploads\/2026\/01\/849d0f44-4621-4213-a63e-dc9c35a4a326-768x512.png 768w, https:\/\/www.radiopiu.net\/wordpress\/wp-content\/uploads\/2026\/01\/849d0f44-4621-4213-a63e-dc9c35a4a326.png 1536w\" sizes=\"auto, (max-width: 255px) 100vw, 255px\" \/><\/a>La neve \u00e8 tornata a imbiancare in modo consistente Dolomiti e Prealpi venete. Secondo il bollettino ARPAV \u2013 Centro Valanghe di Arabba, aggiornato al 29 gennaio alle 8, alle quote di <strong data-start=\"254\" data-end=\"268\">2000 metri<\/strong> sulle Dolomiti si registrano <strong data-start=\"298\" data-end=\"343\">spessori compresi tra 40 e 100 centimetri<\/strong>, con punte elevate tra Cortina, Falzarego, Arabba, Zoldo e Val Visdende. Nelle <strong data-start=\"423\" data-end=\"434\">Prealpi<\/strong>, attorno ai <strong data-start=\"447\" data-end=\"461\">1600 metri<\/strong>, il manto nevoso varia mediamente tra <strong data-start=\"500\" data-end=\"529\">60 e oltre 100 centimetri<\/strong> nelle zone pi\u00f9 esposte. Nelle ultime 24 ore sono caduti <strong data-start=\"587\" data-end=\"622\">15\u201325 centimetri di neve fresca<\/strong> in quota, con apporti localmente influenzati dal vento. La neve \u00e8 presente anche a fondovalle in diverse localit\u00e0 del Bellunese, mentre resta assente o solo a tratti alle quote pi\u00f9 basse. ARPAV ricorda che i dati si riferiscono al manto nevoso naturale e non alla praticabilit\u00e0 delle piste, invitando alla prudenza in ambiente montano per le condizioni di instabilit\u00e0 del manto<\/p>\n<p data-start=\"555\" data-end=\"1039\"><a href=\"https:\/\/www.radiopiu.net\/wordpress\/wp-content\/uploads\/2026\/01\/2026_01_29_Dolomiti-Neve-al-Suolo.pdf\" class=\"pdfemb-viewer\" style=\"\" data-width=\"max\" data-height=\"max\" data-toolbar=\"top\" data-toolbar-fixed=\"on\">2026_01_29_Dolomiti Neve al Suolo<\/a>\n<p data-start=\"555\" data-end=\"1039\">\n<hr \/>\n<p data-start=\"555\" data-end=\"1039\">\n","protected":false},"excerpt":{"rendered":"<p>*** &nbsp; La neve \u00e8 tornata a imbiancare in modo consistente Dolomiti e Prealpi venete. Secondo il bollettino ARPAV \u2013 Centro Valanghe di Arabba, aggiornato al 29 gennaio alle 8, alle quote di 2000 metri sulle Dolomiti si registrano spessori compresi tra 40 e 100 centimetri, con punte elevate tra Cortina, Falzarego, Arabba, Zoldo e&hellip;<\/p>\n","protected":false},"author":4,"featured_media":493615,"comment_status":"closed","ping_status":"closed","sticky":false,"template":"","format":"standard","meta":{"_monsterinsights_skip_tracking":false,"_monsterinsights_sitenote_active":false,"_monsterinsights_sitenote_note":"","_monsterinsights_sitenote_category":0,"footnotes":""},"categories":[51,49],"tags":[],"class_list":["post-493613","post","type-post","status-publish","format-standard","has-post-thumbnail","hentry","category-evidenza-top","category-news-18","category-51","category-49","description-off"],"img_url":"https:\/\/www.radiopiu.net\/wordpress\/wp-content\/uploads\/2026\/01\/849d0f44-4621-4213-a63e-dc9c35a4a326.png","_links":{"self":[{"href":"https:\/\/www.radiopiu.net\/wordpress\/wp-json\/wp\/v2\/posts\/493613","targetHints":{"allow":["GET"]}}],"collection":[{"href":"https:\/\/www.radiopiu.net\/wordpress\/wp-json\/wp\/v2\/posts"}],"about":[{"href":"https:\/\/www.radiopiu.net\/wordpress\/wp-json\/wp\/v2\/types\/post"}],"author":[{"embeddable":true,"href":"https:\/\/www.radiopiu.net\/wordpress\/wp-json\/wp\/v2\/users\/4"}],"replies":[{"embeddable":true,"href":"https:\/\/www.radiopiu.net\/wordpress\/wp-json\/wp\/v2\/comments?post=493613"}],"version-history":[{"count":1,"href":"https:\/\/www.radiopiu.net\/wordpress\/wp-json\/wp\/v2\/posts\/493613\/revisions"}],"predecessor-version":[{"id":493616,"href":"https:\/\/www.radiopiu.net\/wordpress\/wp-json\/wp\/v2\/posts\/493613\/revisions\/493616"}],"wp:featuredmedia":[{"embeddable":true,"href":"https:\/\/www.radiopiu.net\/wordpress\/wp-json\/wp\/v2\/media\/493615"}],"wp:attachment":[{"href":"https:\/\/www.radiopiu.net\/wordpress\/wp-json\/wp\/v2\/media?parent=493613"}],"wp:term":[{"taxonomy":"category","embeddable":true,"href":"https:\/\/www.radiopiu.net\/wordpress\/wp-json\/wp\/v2\/categories?post=493613"},{"taxonomy":"post_tag","embeddable":true,"href":"https:\/\/www.radiopiu.net\/wordpress\/wp-json\/wp\/v2\/tags?post=493613"}],"curies":[{"name":"wp","href":"https:\/\/api.w.org\/{rel}","templated":true}]}}