{"id":493639,"date":"2026-01-29T18:25:59","date_gmt":"2026-01-29T17:25:59","guid":{"rendered":"https:\/\/www.radiopiu.net\/wordpress\/?p=493639"},"modified":"2026-01-30T06:01:06","modified_gmt":"2026-01-30T05:01:06","slug":"bambino-lasciato-a-piedi-dal-bus-giovanifuturo-scrive-alla-provincia-episodio-inaccettabile","status":"publish","type":"post","link":"https:\/\/www.radiopiu.net\/wordpress\/bambino-lasciato-a-piedi-dal-bus-giovanifuturo-scrive-alla-provincia-episodio-inaccettabile\/","title":{"rendered":"BAMBINO LASCIATO A PIEDI DAL BUS, GIOVANI&#038;FUTURO SCRIVE ALLA PROVINCIA: \u201cEPISODIO INACCETTABILE\u201d"},"content":{"rendered":"<p>**<\/p>\n<p>&nbsp;<\/p>\n<p>&nbsp;<\/p>\n<p>&nbsp;<\/p>\n<div class=\"flex flex-col text-sm pb-25\">\n<article class=\"text-token-text-primary w-full focus:outline-none [--shadow-height:45px] has-data-writing-block:pointer-events-none has-data-writing-block:-mt-(--shadow-height) has-data-writing-block:pt-(--shadow-height) [&amp;:has([data-writing-block])&gt;*]:pointer-events-auto scroll-mt-[calc(var(--header-height)+min(200px,max(70px,20svh)))]\" dir=\"auto\" tabindex=\"-1\" data-turn-id=\"bf704d3f-f894-429f-9311-e9dd0187d8c7\" data-testid=\"conversation-turn-105\" data-scroll-anchor=\"true\" data-turn=\"assistant\">\n<div class=\"text-base my-auto mx-auto pb-10 [--thread-content-margin:--spacing(4)] @w-sm\/main:[--thread-content-margin:--spacing(6)] @w-lg\/main:[--thread-content-margin:--spacing(16)] px-(--thread-content-margin)\">\n<div class=\"[--thread-content-max-width:40rem] @w-lg\/main:[--thread-content-max-width:48rem] mx-auto max-w-(--thread-content-max-width) flex-1 group\/turn-messages focus-visible:outline-hidden relative flex w-full min-w-0 flex-col agent-turn\" tabindex=\"-1\">\n<div class=\"flex max-w-full flex-col grow\">\n<div class=\"min-h-8 text-message relative flex w-full flex-col items-end gap-2 text-start break-words whitespace-normal [.text-message+&amp;]:mt-1\" dir=\"auto\" data-message-author-role=\"assistant\" data-message-id=\"a340f05c-9517-4710-8810-85884409f165\" data-message-model-slug=\"gpt-5-2\">\n<div class=\"flex w-full flex-col gap-1 empty:hidden first:pt-[1px]\">\n<div class=\"markdown prose dark:prose-invert w-full wrap-break-word dark markdown-new-styling\">\n<p data-start=\"102\" data-end=\"479\"><a class=\"dt-pswp-item\" href=\"https:\/\/www.radiopiu.net\/wordpress\/wp-content\/uploads\/2026\/01\/4825161d-505b-4a91-b038-50920923b342.png\" data-dt-img-description=\"\" data-large_image_width=\"1536\" data-large_image_height=\"1024\"><img loading=\"lazy\" decoding=\"async\" class=\"size-medium wp-image-493640 aligncenter\" src=\"https:\/\/www.radiopiu.net\/wordpress\/wp-content\/uploads\/2026\/01\/4825161d-505b-4a91-b038-50920923b342-300x200.png\" alt=\"\" width=\"300\" height=\"200\" srcset=\"https:\/\/www.radiopiu.net\/wordpress\/wp-content\/uploads\/2026\/01\/4825161d-505b-4a91-b038-50920923b342-300x200.png 300w, https:\/\/www.radiopiu.net\/wordpress\/wp-content\/uploads\/2026\/01\/4825161d-505b-4a91-b038-50920923b342-1024x683.png 1024w, https:\/\/www.radiopiu.net\/wordpress\/wp-content\/uploads\/2026\/01\/4825161d-505b-4a91-b038-50920923b342-768x512.png 768w, https:\/\/www.radiopiu.net\/wordpress\/wp-content\/uploads\/2026\/01\/4825161d-505b-4a91-b038-50920923b342.png 1536w\" sizes=\"auto, (max-width: 300px) 100vw, 300px\" \/><\/a><\/p>\n<p data-start=\"102\" data-end=\"479\">Dopo il caso del bambino di 11 anni lasciato a piedi lungo la tratta Calalzo\u2013Cortina, costretto a percorrere circa sei chilometri a piedi in pieno inverno , l\u2019associazione Giovani&amp;Futuro interviene con una presa di posizione netta e formale, scrivendo alla Provincia di Belluno e chiedendo chiarimenti urgenti al consigliere delegato ai Trasporti Massimo Bortoluzzi. L\u2019episodio, emerso nei giorni scorsi, sarebbe legato all\u2019applicazione delle nuove disposizioni tariffarie introdotte in relazione al trasporto olimpico (ndr: la Provincia ha stanziato ieri 10.000 euro, questa la dichiarazione di Massimo Bortoluzzi: &#8220;Linea 30, dalla Provincia un fondo di 10mila euro per i residente nell&#8217;Alto Bellunese&#8221;). Secondo quanto riportato dal Gazzettino di Belluno di oggi a firma di Silvia Moranduzzo, il minore sarebbe stato fatto scendere dall\u2019autobus perch\u00e9 in possesso di un biglietto chilometrico ordinario e non del nuovo titolo di viaggio previsto, nonostante la disponibilit\u00e0 della madre a pagare un\u2019eventuale sanzione. <em>\u00abEsprimiamo la pi\u00f9 ferma indignazione per quanto accaduto \u2013 dichiarano Luca <a class=\"dt-pswp-item\" href=\"https:\/\/www.radiopiu.net\/wordpress\/wp-content\/uploads\/2026\/01\/Screenshot-2026-01-29-142426.png\" data-dt-img-description=\"\" data-large_image_width=\"427\" data-large_image_height=\"264\"><img loading=\"lazy\" decoding=\"async\" class=\"size-medium wp-image-493641 alignright\" src=\"https:\/\/www.radiopiu.net\/wordpress\/wp-content\/uploads\/2026\/01\/Screenshot-2026-01-29-142426-300x185.png\" alt=\"\" width=\"300\" height=\"185\" srcset=\"https:\/\/www.radiopiu.net\/wordpress\/wp-content\/uploads\/2026\/01\/Screenshot-2026-01-29-142426-300x185.png 300w, https:\/\/www.radiopiu.net\/wordpress\/wp-content\/uploads\/2026\/01\/Screenshot-2026-01-29-142426.png 427w\" sizes=\"auto, (max-width: 300px) 100vw, 300px\" \/><\/a>Frescura e Thomas Menia Corbanese, presidente e vicepresidente nazionale di Giovani&amp;Futuro \u2013. Parliamo di un bambino che avrebbe dovuto affrontare sei chilometri a piedi nel tardo pomeriggio, con temperature rigide. \u00c8 inaccettabile che un minore venga esposto a una situazione di potenziale pericolo per una questione puramente amministrativa\u00bb. <\/em>Secondo l\u2019associazione, l\u2019accaduto va ben oltre il concetto di disservizio: <em>\u00abSi tratta di una gravissima mancanza di responsabilit\u00e0 e di umanit\u00e0. Nessuna procedura pu\u00f2 prevalere sulla sicurezza e sull\u2019incolumit\u00e0 di un bambino. Il trasporto pubblico deve garantire mobilit\u00e0 e tutela, non diventare un ostacolo per le fasce pi\u00f9 fragili\u00bb. <\/em>Nella lettera inviata alla Provincia, Giovani&amp;Futuro chiede inoltre chiarimenti sull\u2019applicazione delle sanzioni previste dal contratto di servizio del trasporto pubblico locale nei confronti di Dolomiti Bus S.p.A., in particolare per corse saltate o modificate. Gli esponenti ricordano che, a giugno, era stata avviata un\u2019istruttoria relativa al 2023 e chiedono se si sia conclusa e con quali risultati. <em>\u00abSe la stessa rigidit\u00e0 riservata a un bambino di 11 anni verr\u00e0 applicata anche nella valutazione dell\u2019operato del gestore \u2013 concludono \u2013 gli esiti dell\u2019istruttoria potrebbero essere inequivocabili. Andremo avanti senza paura, anche a costo di restare isolati, sempre dalla parte di studenti, lavoratori e utenti\u00bb. <\/em>L\u2019associazione ha infine espresso vicinanza al bambino e alla sua famiglia, ribadendo la disponibilit\u00e0 a raccogliere segnalazioni e disservizi da parte degli utenti del trasporto pubblico locale.<\/p>\n<blockquote>\n<h3 data-start=\"102\" data-end=\"479\">BAMBINO LASCIATO A PIEDI TRA CALALZO E CORTINA, BORTOLUZZI PROMETTE VERIFICHE<\/h3>\n<\/blockquote>\n<p><strong><a class=\"dt-pswp-item\" href=\"https:\/\/www.radiopiu.net\/wordpress\/wp-content\/uploads\/2025\/11\/DolomitiBus_02-300x127-1.png\" data-dt-img-description=\"\" data-large_image_width=\"300\" data-large_image_height=\"127\"><img loading=\"lazy\" decoding=\"async\" class=\"size-full wp-image-479209 aligncenter\" src=\"https:\/\/www.radiopiu.net\/wordpress\/wp-content\/uploads\/2025\/11\/DolomitiBus_02-300x127-1.png\" alt=\"\" width=\"300\" height=\"127\" \/><\/a> <\/strong><\/p>\n<p><strong>\u00a0<\/strong><\/p>\n<p><strong>BELLUNO <\/strong>Un bambino di 11 anni \u00e8 stato costretto a percorrere sei chilometri a piedi tra Calalzo e Cortina in pieno inverno dopo essere stato fatto scendere dall\u2019autobus perch\u00e9 in possesso di un biglietto ordinario, non conforme alle nuove disposizioni tariffarie. L\u2019episodio, denunciato dall\u2019associazione Giovani&amp;Futuro, ha suscitato forte indignazione per il rischio cui \u00e8 stato esposto il minore. Massimo Bortoluzzi, consigliere provinciale con delega ai Trasporti, ha risposto assicurando di aver gi\u00e0 chiesto spiegazioni a Dolomiti Bus S.p.A. e di aver avviato accertamenti.<\/p>\n<p data-start=\"102\" data-end=\"479\"><strong>MASSIMO BORTOLUZZI, DELEGATO AI TRASPORTI DELLA PROVINCIA DI BELLUNO<\/strong><\/p>\n<audio class=\"wp-audio-shortcode\" id=\"audio-493639-1\" preload=\"none\" style=\"width: 100%;\" controls=\"controls\"><source type=\"audio\/mpeg\" src=\"https:\/\/www.radiopiu.net\/wordpress\/wp-content\/uploads\/2026\/01\/BORTOLUZZI-BAMBINO-1.mp3?_=1\" \/><a href=\"https:\/\/www.radiopiu.net\/wordpress\/wp-content\/uploads\/2026\/01\/BORTOLUZZI-BAMBINO-1.mp3\">https:\/\/www.radiopiu.net\/wordpress\/wp-content\/uploads\/2026\/01\/BORTOLUZZI-BAMBINO-1.mp3<\/a><\/audio>\n<p>&nbsp;<\/p>\n<blockquote>\n<h3>TRASPORTO PUBBLICO E DIRITTO ALLO STUDIO: UNO STUDENTE LASCIATO A PIEDI, UN FATTO INACCETTABILE<\/h3>\n<\/blockquote>\n<p><a class=\"dt-pswp-item\" href=\"https:\/\/www.radiopiu.net\/wordpress\/wp-content\/uploads\/2026\/01\/cca5cdb1-edcc-497b-a7f2-920c744499b5.jpg\" data-dt-img-description=\"\" data-large_image_width=\"1536\" data-large_image_height=\"1024\"><img loading=\"lazy\" decoding=\"async\" class=\"size-medium wp-image-493729 aligncenter\" src=\"https:\/\/www.radiopiu.net\/wordpress\/wp-content\/uploads\/2026\/01\/cca5cdb1-edcc-497b-a7f2-920c744499b5-300x200.jpg\" alt=\"\" width=\"300\" height=\"200\" srcset=\"https:\/\/www.radiopiu.net\/wordpress\/wp-content\/uploads\/2026\/01\/cca5cdb1-edcc-497b-a7f2-920c744499b5-300x200.jpg 300w, https:\/\/www.radiopiu.net\/wordpress\/wp-content\/uploads\/2026\/01\/cca5cdb1-edcc-497b-a7f2-920c744499b5-1024x683.jpg 1024w, https:\/\/www.radiopiu.net\/wordpress\/wp-content\/uploads\/2026\/01\/cca5cdb1-edcc-497b-a7f2-920c744499b5-768x512.jpg 768w, https:\/\/www.radiopiu.net\/wordpress\/wp-content\/uploads\/2026\/01\/cca5cdb1-edcc-497b-a7f2-920c744499b5.jpg 1536w\" sizes=\"auto, (max-width: 300px) 100vw, 300px\" \/><\/a><\/p>\n<\/div>\n<div class=\"markdown prose dark:prose-invert w-full wrap-break-word dark markdown-new-styling\">Quanto accaduto a Vodo di Cadore, in provincia di Belluno, solleva interrogativi seri sul rapporto tra trasporto pubblico e diritto allo studio. Un ragazzo di 11 anni \u00e8 stato costretto a percorrere circa sei chilometri a piedi, in pieno inverno e sotto la neve, per rientrare a casa perch\u00e9 ritenuto privo del titolo di viaggio adeguato. L\u2019episodio si \u00e8 verificato su una linea extraurbana utilizzata quotidianamente da studenti, un contesto che rende l\u2019accaduto ancora pi\u00f9 grave. Il giovane, secondo quanto riportato, non era senza biglietto: aveva con s\u00e9 il carnet ordinario da 2,50 euro in uso nella provincia di Belluno, ma il servizio gli sarebbe stato negato perch\u00e9 non in possesso del nuovo biglietto da 10 euro introdotto in relazione ai Giochi Olimpici. La Rete degli Studenti Medi di Belluno parla di una situazione inaccettabile, denunciando costi del trasporto gi\u00e0 elevati e politiche che finiscono per penalizzare le famiglie e limitare concretamente l\u2019accesso alla scuola. Dolomiti Bus ha annunciato un\u2019indagine interna, ma resta la richiesta di risposte immediate e concrete: garantire un trasporto pubblico sicuro, accessibile ed economicamente sostenibile per tutti gli studenti non \u00e8 un\u2019opzione, ma un dovere.<\/div>\n<div class=\"markdown prose dark:prose-invert w-full wrap-break-word dark markdown-new-styling\">\n<p>&nbsp;<\/p>\n<blockquote>\n<h3>BAMBINO FATTO SCENDERE DALL\u2019AUTOBUS: DOLOMITI BUS APRE ACCERTAMENTI<\/h3>\n<\/blockquote>\n<p><a class=\"dt-pswp-item\" href=\"https:\/\/www.radiopiu.net\/wordpress\/wp-content\/uploads\/2024\/09\/Progetto-senza-titolo.png\" data-dt-img-description=\"\" data-large_image_width=\"2048\" data-large_image_height=\"866\"><img loading=\"lazy\" decoding=\"async\" class=\"size-medium wp-image-409348 aligncenter\" src=\"https:\/\/www.radiopiu.net\/wordpress\/wp-content\/uploads\/2024\/09\/Progetto-senza-titolo-300x127.png\" alt=\"\" width=\"300\" height=\"127\" srcset=\"https:\/\/www.radiopiu.net\/wordpress\/wp-content\/uploads\/2024\/09\/Progetto-senza-titolo-300x127.png 300w, https:\/\/www.radiopiu.net\/wordpress\/wp-content\/uploads\/2024\/09\/Progetto-senza-titolo-1024x433.png 1024w, https:\/\/www.radiopiu.net\/wordpress\/wp-content\/uploads\/2024\/09\/Progetto-senza-titolo-768x325.png 768w, https:\/\/www.radiopiu.net\/wordpress\/wp-content\/uploads\/2024\/09\/Progetto-senza-titolo-1536x650.png 1536w, https:\/\/www.radiopiu.net\/wordpress\/wp-content\/uploads\/2024\/09\/Progetto-senza-titolo.png 2048w\" sizes=\"auto, (max-width: 300px) 100vw, 300px\" \/><\/a><\/p>\n<p><strong>BELLUNO <\/strong>In relazione all\u2019episodio segnalato in data odierna, Dolomiti Bus esprime anzitutto sollievo avendo appreso dalla famiglia del bambino che per lui non ci sono state serie conseguenze e sta bene. La corsa in questione \u00e8 stata effettuata a seguito di regolare autorizzazione dall\u2019azienda La Linea S.p.A. alla quale Dolomiti Bus, titolare del contratto di servizio principale, ha immediatamente esteso la contestazione e chiesto chiarimenti. La societ\u00e0 che ha effettuato il servizio ha comunicato di aver avviato degli approfondimenti e che il conducente interessato, suo dipendente, \u00e8 stato prudenzialmente sospeso dal servizio. Dolomiti Bus, costantemente impegnata a garantire i pi\u00f9 elevati standard di sicurezza e tutela dei passeggeri, ha essa stessa attivato una commissione per il rigoroso accertamento dei fatti accaduti. I mezzi in servizio sono dotati di impianti di videosorveglianza e le relative registrazioni potranno essere utilizzate per l\u2019accertamento dei fatti. Ulteriori elementi potranno essere forniti in ragione degli accertamenti in corso.<\/p>\n<p>&nbsp;<\/p>\n<p>&nbsp;<\/p>\n<p>___<\/p>\n<\/div>\n<\/div>\n<\/div>\n<\/div>\n<div class=\"z-0 flex min-h-[46px] justify-start\"><\/div>\n<div class=\"mt-3 w-full empty:hidden\">\n<div class=\"text-center\"><\/div>\n<\/div>\n<\/div>\n<\/div>\n<\/article>\n<\/div>\n<div class=\"pointer-events-none h-px w-px absolute bottom-0\" aria-hidden=\"true\" data-edge=\"true\"><\/div>\n","protected":false},"excerpt":{"rendered":"<p>** &nbsp; &nbsp; &nbsp; Dopo il caso del bambino di 11 anni lasciato a piedi lungo la tratta Calalzo\u2013Cortina, costretto a percorrere circa sei chilometri a piedi in pieno inverno , l\u2019associazione Giovani&amp;Futuro interviene con una presa di posizione netta e formale, scrivendo alla Provincia di Belluno e chiedendo chiarimenti urgenti al consigliere delegato ai&hellip;<\/p>\n","protected":false},"author":4,"featured_media":493640,"comment_status":"closed","ping_status":"closed","sticky":false,"template":"","format":"standard","meta":{"_monsterinsights_skip_tracking":false,"_monsterinsights_sitenote_active":false,"_monsterinsights_sitenote_note":"","_monsterinsights_sitenote_category":0,"footnotes":""},"categories":[51,49],"tags":[],"class_list":["post-493639","post","type-post","status-publish","format-standard","has-post-thumbnail","hentry","category-evidenza-top","category-news-18","category-51","category-49","description-off"],"img_url":"https:\/\/www.radiopiu.net\/wordpress\/wp-content\/uploads\/2026\/01\/4825161d-505b-4a91-b038-50920923b342.png","_links":{"self":[{"href":"https:\/\/www.radiopiu.net\/wordpress\/wp-json\/wp\/v2\/posts\/493639","targetHints":{"allow":["GET"]}}],"collection":[{"href":"https:\/\/www.radiopiu.net\/wordpress\/wp-json\/wp\/v2\/posts"}],"about":[{"href":"https:\/\/www.radiopiu.net\/wordpress\/wp-json\/wp\/v2\/types\/post"}],"author":[{"embeddable":true,"href":"https:\/\/www.radiopiu.net\/wordpress\/wp-json\/wp\/v2\/users\/4"}],"replies":[{"embeddable":true,"href":"https:\/\/www.radiopiu.net\/wordpress\/wp-json\/wp\/v2\/comments?post=493639"}],"version-history":[{"count":7,"href":"https:\/\/www.radiopiu.net\/wordpress\/wp-json\/wp\/v2\/posts\/493639\/revisions"}],"predecessor-version":[{"id":493734,"href":"https:\/\/www.radiopiu.net\/wordpress\/wp-json\/wp\/v2\/posts\/493639\/revisions\/493734"}],"wp:featuredmedia":[{"embeddable":true,"href":"https:\/\/www.radiopiu.net\/wordpress\/wp-json\/wp\/v2\/media\/493640"}],"wp:attachment":[{"href":"https:\/\/www.radiopiu.net\/wordpress\/wp-json\/wp\/v2\/media?parent=493639"}],"wp:term":[{"taxonomy":"category","embeddable":true,"href":"https:\/\/www.radiopiu.net\/wordpress\/wp-json\/wp\/v2\/categories?post=493639"},{"taxonomy":"post_tag","embeddable":true,"href":"https:\/\/www.radiopiu.net\/wordpress\/wp-json\/wp\/v2\/tags?post=493639"}],"curies":[{"name":"wp","href":"https:\/\/api.w.org\/{rel}","templated":true}]}}