{"id":493664,"date":"2026-01-29T18:31:48","date_gmt":"2026-01-29T17:31:48","guid":{"rendered":"https:\/\/www.radiopiu.net\/wordpress\/?p=493664"},"modified":"2026-01-29T18:38:41","modified_gmt":"2026-01-29T17:38:41","slug":"prorogata-la-cassa-integrazione-edim-tre-mesi-per-trovare-un-acquirente","status":"publish","type":"post","link":"https:\/\/www.radiopiu.net\/wordpress\/prorogata-la-cassa-integrazione-edim-tre-mesi-per-trovare-un-acquirente\/","title":{"rendered":"PROROGATA LA CASSA INTEGRAZIONE EDIM, TRE MESI PER TROVARE UN ACQUIRENTE"},"content":{"rendered":"<p>********<\/p>\n<p>&nbsp;<\/p>\n<p><a class=\"dt-pswp-item\" href=\"https:\/\/www.radiopiu.net\/wordpress\/wp-content\/uploads\/2026\/01\/edim.jpg\" data-dt-img-description=\"\" data-large_image_width=\"810\" data-large_image_height=\"480\"><img loading=\"lazy\" decoding=\"async\" class=\"size-medium wp-image-493665 aligncenter\" src=\"https:\/\/www.radiopiu.net\/wordpress\/wp-content\/uploads\/2026\/01\/edim-300x178.jpg\" alt=\"\" width=\"300\" height=\"178\" srcset=\"https:\/\/www.radiopiu.net\/wordpress\/wp-content\/uploads\/2026\/01\/edim-300x178.jpg 300w, https:\/\/www.radiopiu.net\/wordpress\/wp-content\/uploads\/2026\/01\/edim-768x455.jpg 768w, https:\/\/www.radiopiu.net\/wordpress\/wp-content\/uploads\/2026\/01\/edim.jpg 810w\" sizes=\"auto, (max-width: 300px) 100vw, 300px\" \/><\/a><\/p>\n<p>&nbsp;<\/p>\n<p><strong>FELTRE <\/strong>\u00c8 stato firmato oggi, 29 gennaio, al termine di un incontro in videoconferenza al Ministero del Lavoro e delle Politiche Sociali, l\u2019accordo che proroga fino al 5 maggio la Cassa integrazione straordinaria per i dipendenti di Edim. A siglare il documento, i rappresentanti del Ministero, delle Regioni Lombardia e Veneto, dell\u2019azienda, delle organizzazioni sindacali Fiom, Fim, Uilm e Ugl, delle associazioni datoriali e della RSU. Si tratta di un passaggio fondamentale per garantire ai 186 lavoratori &#8211; 137 nello stabilimento di Villasanta (Monza Brianza) e 49 nello stabilimento di Setteville (Belluno) &#8211; una copertura salariale oltre il 3 febbraio, data in cui sarebbe scaduta la Cigs. Ma il tentativo di salvataggio dell\u2019azienda del Gruppo Bosch \u00e8 una corsa contro il tempo: il periodo di Composizione negoziata della crisi (CNC) scade il 5 maggio. Il che significa che ci sono solo tre mesi di tempo per individuare un possibile acquirente a garanzia della continuit\u00e0 produttiva. \u201cL\u2019obiettivo di tutte le parti &#8211; sottolinea Mauro Zuglian della Fim Cisl Belluno Treviso &#8211; \u00e8 individuare un acquirente che garantisca la continuit\u00e0 produttiva dello stabilimento: la cassa integrazione \u00e8 quindi indispensabile per finalizzare questo percorso e arrivare alla vendita con la fabbrica ancora operativa. Il tempo a disposizione per individuare una soluzione \u00e8 per\u00f2 limitato. L\u2019azienda ha affidato il mandato per la vendita a un advisor, che ha contattato circa 300 player del settore. Per il momento sembra che nessun soggetto abbia dimostrato un interesse concreto\u201d. \u201cLa proroga della Cigs &#8211; si legge nell\u2019accordo firmato oggi &#8211; insieme alla prosecuzione della CNC, \u00e8 uno strumento indispensabile per sostenere e portare a compimento il percorso di vendita dell\u2019azienda o di suoi rami, con l\u2019obiettivo di trasformare l\u2019attuale piano di riequilibrio temporaneo in un reale progetto di continuit\u00e0 produttiva, seppur sotto una nuova configurazione proprietaria e industriale\u201d. L\u2019azienda, nel corso dell\u2019incontro, ha ribadito la criticit\u00e0 del contesto in cui si trova a operare Edim, spiegando come il piano 2025 abbia risentito della stagnazione del settore automotive europeo, aggravata dalla crisi del Gruppo Bosch. L\u2019aumento dei dazi, le tensioni geopolitiche e la concorrenza dei produttori a basso costo extra-UE &#8211; in particolare cinesi &#8211; hanno ulteriormente ridotto i volumi e le prospettive di mercato.<\/p>\n<p>&nbsp;<\/p>\n<p>&nbsp;<\/p>\n<p>&nbsp;<\/p>\n<p>&nbsp;<\/p>\n<p>*********<\/p>\n","protected":false},"excerpt":{"rendered":"<p>******** &nbsp; &nbsp; FELTRE \u00c8 stato firmato oggi, 29 gennaio, al termine di un incontro in videoconferenza al Ministero del Lavoro e delle Politiche Sociali, l\u2019accordo che proroga fino al 5 maggio la Cassa integrazione straordinaria per i dipendenti di Edim. A siglare il documento, i rappresentanti del Ministero, delle Regioni Lombardia e Veneto, dell\u2019azienda,&hellip;<\/p>\n","protected":false},"author":4,"featured_media":493665,"comment_status":"closed","ping_status":"closed","sticky":false,"template":"","format":"standard","meta":{"_monsterinsights_skip_tracking":false,"_monsterinsights_sitenote_active":false,"_monsterinsights_sitenote_note":"","_monsterinsights_sitenote_category":0,"footnotes":""},"categories":[51,49],"tags":[],"class_list":["post-493664","post","type-post","status-publish","format-standard","has-post-thumbnail","hentry","category-evidenza-top","category-news-18","category-51","category-49","description-off"],"img_url":"https:\/\/www.radiopiu.net\/wordpress\/wp-content\/uploads\/2026\/01\/edim.jpg","_links":{"self":[{"href":"https:\/\/www.radiopiu.net\/wordpress\/wp-json\/wp\/v2\/posts\/493664","targetHints":{"allow":["GET"]}}],"collection":[{"href":"https:\/\/www.radiopiu.net\/wordpress\/wp-json\/wp\/v2\/posts"}],"about":[{"href":"https:\/\/www.radiopiu.net\/wordpress\/wp-json\/wp\/v2\/types\/post"}],"author":[{"embeddable":true,"href":"https:\/\/www.radiopiu.net\/wordpress\/wp-json\/wp\/v2\/users\/4"}],"replies":[{"embeddable":true,"href":"https:\/\/www.radiopiu.net\/wordpress\/wp-json\/wp\/v2\/comments?post=493664"}],"version-history":[{"count":1,"href":"https:\/\/www.radiopiu.net\/wordpress\/wp-json\/wp\/v2\/posts\/493664\/revisions"}],"predecessor-version":[{"id":493666,"href":"https:\/\/www.radiopiu.net\/wordpress\/wp-json\/wp\/v2\/posts\/493664\/revisions\/493666"}],"wp:featuredmedia":[{"embeddable":true,"href":"https:\/\/www.radiopiu.net\/wordpress\/wp-json\/wp\/v2\/media\/493665"}],"wp:attachment":[{"href":"https:\/\/www.radiopiu.net\/wordpress\/wp-json\/wp\/v2\/media?parent=493664"}],"wp:term":[{"taxonomy":"category","embeddable":true,"href":"https:\/\/www.radiopiu.net\/wordpress\/wp-json\/wp\/v2\/categories?post=493664"},{"taxonomy":"post_tag","embeddable":true,"href":"https:\/\/www.radiopiu.net\/wordpress\/wp-json\/wp\/v2\/tags?post=493664"}],"curies":[{"name":"wp","href":"https:\/\/api.w.org\/{rel}","templated":true}]}}