{"id":493742,"date":"2026-01-29T18:27:28","date_gmt":"2026-01-29T17:27:28","guid":{"rendered":"https:\/\/www.radiopiu.net\/wordpress\/?p=493742"},"modified":"2026-01-29T18:39:19","modified_gmt":"2026-01-29T17:39:19","slug":"passo-finestra-storie-di-sentieri-a-cesiomaggiore-il-secondo-atto","status":"publish","type":"post","link":"https:\/\/www.radiopiu.net\/wordpress\/passo-finestra-storie-di-sentieri-a-cesiomaggiore-il-secondo-atto\/","title":{"rendered":"PASSO FINESTRA, STORIE DI SENTIERI: A CESIOMAGGIORE IL SECONDO ATTO"},"content":{"rendered":"<p>*********<\/p>\n<p>&nbsp;<\/p>\n<p><strong>DI ALESSIA DALL&#8217;O&#8217;<\/strong><\/p>\n<p><strong>CESIOMAGGIORE <\/strong>Il Passo Finestra, antico confine di Stato tra la Serenissima Repubblica di Venezia e l\u2019Impero Asburgico, torna al centro di una serata di racconto e musica dedicata alla memoria delle montagne e dei loro sentieri. Domani, venerd\u00ec 30 gennaio, alle 20.30, gli impianti sportivi di Pradenich a Cesiomaggiore ospiteranno il secondo atto di <em>\u201cPasso Finestra, storie di sentieri\u201d<\/em>. Dopo il positivo riscontro della prima edizione, svoltasi in una sala rivelatasi troppo piccola per accogliere tutto il pubblico, la serata viene ora riproposta in una nuova versione e in uno spazio pi\u00f9 ampio. L\u2019iniziativa \u00e8 organizzata dal Gruppo Tutela Ambiente Montano (TAM) della sezione CAI di Feltre, in collaborazione con il Comune di Cesiomaggiore.<\/p>\n<p><strong>MARIO \u201cSCUDELIN\u201d<\/strong><\/p>\n<p>L\u2019incontro prende spunto dal volume di Teddy Soppelsa <em>Le montagne di Mario<\/em> (Cierre Edizioni) e propone un percorso di riscoperta del valore storico e culturale dei sentieri, intesi non solo come vie di passaggio ma come luoghi di incontro, scambio e identit\u00e0. Un invito a osservare la montagna con occhi nuovi, nella consapevolezza che ogni passo porta con s\u00e9 una storia che continua nel tempo. <em>Le montagne di Mario<\/em> non \u00e8 una biografia tradizionale ma una narrazione affettuosa che l\u2019autore cesiolino ha voluto dedicare a Mario Meneguz, detto Scudel\u00ecn. Un uomo profondamente legato alla Val Canz\u00f3i, dove \u00e8 nato e ha vissuto tutta la vita, diventando una presenza silenziosa ma centrale per quel territorio. Boscaiolo e malgaro, fu anche il primo gestore del rifugio Bruno B\u00f2z in localit\u00e0 Neva, contribuendo a farne un punto di riferimento per escursionisti e soci del CAI Feltre. Conosciuto e stimato tra gli anni Sessanta e Novanta da chi frequentava la valle, incarnava un modo autentico di vivere la montagna, fatto di lavoro, rispetto per la natura, semplicit\u00e0 e relazioni umane profonde, tanto da essere ricordato ancora oggi come uno dei veri custodi della sua valle.<\/p>\n<p><strong>IL PROGRAMMA DELLA SERATA<\/strong><\/p>\n<p>Il racconto sar\u00e0 condotto e curato da Teddy Soppelsa, guida ambientale escursionistica, scrittore e attento osservatore della montagna. Nato e residente a Cesiomaggiore, nella vallata feltrina tra le Dolomiti Bellunesi, Soppelsa scrive di montagna e alpinismo, dando voce alle storie di chi vive e lavora in quota, ma anche al mondo vegetale e animale che anima questi territori. Da sempre impegnato nella creazione di progetti culturali capaci di unire emozione e conoscenza, ama camminare sui sentieri delle montagne marginali, terre selvatiche e non addomesticate, d\u2019estate e d\u2019inverno, meglio se in compagnia. Per lui, la montagna non \u00e8 solo un luogo, ma uno sguardo sulla vita.<br \/>\nAd accompagnare il percorso narrativo ci saranno le letture di Francesco Padovani, mentre la Valter Feltrin Band proporr\u00e0 alcuni brani inediti ispirati alle montagne della Val Canzoi, intrecciando musica e parole.<\/p>\n\n\t\t\t<style type='text\/css'>\n\t\t\t\t#gallery-1 {\n\t\t\t\t\tmargin: auto;\n\t\t\t\t}\n\t\t\t\t#gallery-1 .gallery-item {\n\t\t\t\t\tfloat: left;\n\t\t\t\t\tmargin-top: 10px;\n\t\t\t\t\ttext-align: center;\n\t\t\t\t\twidth: 50%;\n\t\t\t\t}\n\t\t\t\t#gallery-1 img {\n\t\t\t\t\tborder: 2px solid #cfcfcf;\n\t\t\t\t}\n\t\t\t\t#gallery-1 .gallery-caption {\n\t\t\t\t\tmargin-left: 0;\n\t\t\t\t}\n\t\t\t\t\/* see gallery_shortcode() in wp-includes\/media.php *\/\n\t\t\t<\/style>\n\t\t<div id='gallery-1' class='dt-gallery-container gallery galleryid-493742 gallery-columns-2 gallery-size-medium'><dl class='gallery-item'>\n\t\t\t\t<dt class='gallery-icon portrait'>\n\t\t\t\t\t<a class=\"rollover rollover-zoom dt-pswp-item\" title=\"Mario al rifugio Boz con escursionisti Alta Via 2 (2)\" data-dt-img-description=\"\" data-large_image_width=\"1570\" data-large_image_height=\"2434\"href='https:\/\/www.radiopiu.net\/wordpress\/wp-content\/uploads\/2026\/01\/Mario-al-rifugio-Boz-con-escursionisti-Alta-Via-2-2.jpeg'><img loading=\"lazy\" decoding=\"async\" width=\"194\" height=\"300\" src=\"https:\/\/www.radiopiu.net\/wordpress\/wp-content\/uploads\/2026\/01\/Mario-al-rifugio-Boz-con-escursionisti-Alta-Via-2-2-194x300.jpeg\" class=\"attachment-medium size-medium\" alt=\"\" srcset=\"https:\/\/www.radiopiu.net\/wordpress\/wp-content\/uploads\/2026\/01\/Mario-al-rifugio-Boz-con-escursionisti-Alta-Via-2-2-194x300.jpeg 194w, https:\/\/www.radiopiu.net\/wordpress\/wp-content\/uploads\/2026\/01\/Mario-al-rifugio-Boz-con-escursionisti-Alta-Via-2-2-661x1024.jpeg 661w, https:\/\/www.radiopiu.net\/wordpress\/wp-content\/uploads\/2026\/01\/Mario-al-rifugio-Boz-con-escursionisti-Alta-Via-2-2-768x1191.jpeg 768w, https:\/\/www.radiopiu.net\/wordpress\/wp-content\/uploads\/2026\/01\/Mario-al-rifugio-Boz-con-escursionisti-Alta-Via-2-2-991x1536.jpeg 991w, https:\/\/www.radiopiu.net\/wordpress\/wp-content\/uploads\/2026\/01\/Mario-al-rifugio-Boz-con-escursionisti-Alta-Via-2-2-1321x2048.jpeg 1321w, https:\/\/www.radiopiu.net\/wordpress\/wp-content\/uploads\/2026\/01\/Mario-al-rifugio-Boz-con-escursionisti-Alta-Via-2-2.jpeg 1570w\" sizes=\"auto, (max-width: 194px) 100vw, 194px\" \/><\/a>\n\t\t\t\t<\/dt><\/dl><dl class='gallery-item'>\n\t\t\t\t<dt class='gallery-icon landscape'>\n\t\t\t\t\t<a class=\"rollover rollover-zoom dt-pswp-item\" title=\"Teddy Soppelsa img Passo Finestra\" data-dt-img-description=\"\" data-large_image_width=\"1600\" data-large_image_height=\"1066\"href='https:\/\/www.radiopiu.net\/wordpress\/wp-content\/uploads\/2026\/01\/Teddy-Soppelsa-img-Passo-Finestra.jpeg'><img loading=\"lazy\" decoding=\"async\" width=\"300\" height=\"200\" src=\"https:\/\/www.radiopiu.net\/wordpress\/wp-content\/uploads\/2026\/01\/Teddy-Soppelsa-img-Passo-Finestra-300x200.jpeg\" class=\"attachment-medium size-medium\" alt=\"\" srcset=\"https:\/\/www.radiopiu.net\/wordpress\/wp-content\/uploads\/2026\/01\/Teddy-Soppelsa-img-Passo-Finestra-300x200.jpeg 300w, https:\/\/www.radiopiu.net\/wordpress\/wp-content\/uploads\/2026\/01\/Teddy-Soppelsa-img-Passo-Finestra-1024x682.jpeg 1024w, https:\/\/www.radiopiu.net\/wordpress\/wp-content\/uploads\/2026\/01\/Teddy-Soppelsa-img-Passo-Finestra-768x512.jpeg 768w, https:\/\/www.radiopiu.net\/wordpress\/wp-content\/uploads\/2026\/01\/Teddy-Soppelsa-img-Passo-Finestra-1536x1023.jpeg 1536w, https:\/\/www.radiopiu.net\/wordpress\/wp-content\/uploads\/2026\/01\/Teddy-Soppelsa-img-Passo-Finestra.jpeg 1600w\" sizes=\"auto, (max-width: 300px) 100vw, 300px\" \/><\/a>\n\t\t\t\t<\/dt><\/dl><br style=\"clear: both\" \/>\n\t\t\t<\/div>\n\n<p>&nbsp;<\/p>\n<p>&nbsp;<\/p>\n<p>&nbsp;<\/p>\n<p>**********<\/p>\n","protected":false},"excerpt":{"rendered":"<p>********* &nbsp; DI ALESSIA DALL&#8217;O&#8217; CESIOMAGGIORE Il Passo Finestra, antico confine di Stato tra la Serenissima Repubblica di Venezia e l\u2019Impero Asburgico, torna al centro di una serata di racconto e musica dedicata alla memoria delle montagne e dei loro sentieri. Domani, venerd\u00ec 30 gennaio, alle 20.30, gli impianti sportivi di Pradenich a Cesiomaggiore ospiteranno&hellip;<\/p>\n","protected":false},"author":4,"featured_media":493744,"comment_status":"closed","ping_status":"closed","sticky":false,"template":"","format":"standard","meta":{"_monsterinsights_skip_tracking":false,"_monsterinsights_sitenote_active":false,"_monsterinsights_sitenote_note":"","_monsterinsights_sitenote_category":0,"footnotes":""},"categories":[51,49],"tags":[],"class_list":["post-493742","post","type-post","status-publish","format-standard","has-post-thumbnail","hentry","category-evidenza-top","category-news-18","category-51","category-49","description-off"],"img_url":"https:\/\/www.radiopiu.net\/wordpress\/wp-content\/uploads\/2026\/01\/Teddy-Soppelsa-img-Passo-Finestra.jpeg","_links":{"self":[{"href":"https:\/\/www.radiopiu.net\/wordpress\/wp-json\/wp\/v2\/posts\/493742","targetHints":{"allow":["GET"]}}],"collection":[{"href":"https:\/\/www.radiopiu.net\/wordpress\/wp-json\/wp\/v2\/posts"}],"about":[{"href":"https:\/\/www.radiopiu.net\/wordpress\/wp-json\/wp\/v2\/types\/post"}],"author":[{"embeddable":true,"href":"https:\/\/www.radiopiu.net\/wordpress\/wp-json\/wp\/v2\/users\/4"}],"replies":[{"embeddable":true,"href":"https:\/\/www.radiopiu.net\/wordpress\/wp-json\/wp\/v2\/comments?post=493742"}],"version-history":[{"count":1,"href":"https:\/\/www.radiopiu.net\/wordpress\/wp-json\/wp\/v2\/posts\/493742\/revisions"}],"predecessor-version":[{"id":493745,"href":"https:\/\/www.radiopiu.net\/wordpress\/wp-json\/wp\/v2\/posts\/493742\/revisions\/493745"}],"wp:featuredmedia":[{"embeddable":true,"href":"https:\/\/www.radiopiu.net\/wordpress\/wp-json\/wp\/v2\/media\/493744"}],"wp:attachment":[{"href":"https:\/\/www.radiopiu.net\/wordpress\/wp-json\/wp\/v2\/media?parent=493742"}],"wp:term":[{"taxonomy":"category","embeddable":true,"href":"https:\/\/www.radiopiu.net\/wordpress\/wp-json\/wp\/v2\/categories?post=493742"},{"taxonomy":"post_tag","embeddable":true,"href":"https:\/\/www.radiopiu.net\/wordpress\/wp-json\/wp\/v2\/tags?post=493742"}],"curies":[{"name":"wp","href":"https:\/\/api.w.org\/{rel}","templated":true}]}}