{"id":493795,"date":"2026-01-30T05:22:46","date_gmt":"2026-01-30T04:22:46","guid":{"rendered":"https:\/\/www.radiopiu.net\/wordpress\/?p=493795"},"modified":"2026-01-30T05:22:46","modified_gmt":"2026-01-30T04:22:46","slug":"493795-2","status":"publish","type":"post","link":"https:\/\/www.radiopiu.net\/wordpress\/493795-2\/","title":{"rendered":""},"content":{"rendered":"<p>***<\/p>\n<div class=\"flex flex-col text-sm pb-25\">\n<article class=\"text-token-text-primary w-full focus:outline-none [--shadow-height:45px] has-data-writing-block:pointer-events-none has-data-writing-block:-mt-(--shadow-height) has-data-writing-block:pt-(--shadow-height) [&amp;:has([data-writing-block])&gt;*]:pointer-events-auto scroll-mt-[calc(var(--header-height)+min(200px,max(70px,20svh)))]\" dir=\"auto\" tabindex=\"-1\" data-turn-id=\"d775b73b-903c-46cb-9967-f1a56a7ce3ae\" data-testid=\"conversation-turn-148\" data-scroll-anchor=\"true\" data-turn=\"assistant\">\n<div class=\"text-base my-auto mx-auto pb-10 [--thread-content-margin:--spacing(4)] @w-sm\/main:[--thread-content-margin:--spacing(6)] @w-lg\/main:[--thread-content-margin:--spacing(16)] px-(--thread-content-margin)\">\n<div class=\"[--thread-content-max-width:40rem] @w-lg\/main:[--thread-content-max-width:48rem] mx-auto max-w-(--thread-content-max-width) flex-1 group\/turn-messages focus-visible:outline-hidden relative flex w-full min-w-0 flex-col agent-turn\" tabindex=\"-1\">\n<div class=\"flex max-w-full flex-col grow\">\n<div class=\"min-h-8 text-message relative flex w-full flex-col items-end gap-2 text-start break-words whitespace-normal [.text-message+&amp;]:mt-1\" dir=\"auto\" data-message-author-role=\"assistant\" data-message-id=\"537e63e7-6e99-410f-b6c8-563a1b0e3aca\" data-message-model-slug=\"gpt-5-2\">\n<div class=\"flex w-full flex-col gap-1 empty:hidden first:pt-[1px]\">\n<div class=\"markdown prose dark:prose-invert w-full wrap-break-word dark markdown-new-styling\">\n<p data-start=\"0\" data-end=\"90\"><strong data-start=\"0\" data-end=\"90\">LAVORO TRA TUTELE E INCERTEZZE: CLIVET E EDIM BOSCH, DUE FACCE DELL\u2019INDUSTRIA FELTRINA<\/strong><\/p>\n<p data-start=\"0\" data-end=\"90\"><img loading=\"lazy\" decoding=\"async\" class=\"aligncenter\" src=\"https:\/\/www.radiopiu.net\/wordpress\/wp-content\/uploads\/2022\/05\/foto_Clivet-1-scaled.jpg\" width=\"199\" height=\"112\" \/><\/p>\n<p data-start=\"92\" data-end=\"787\">\n<p data-start=\"92\" data-end=\"787\"><strong>FELTRE<\/strong> il lavoro racconta due storie molto diverse. Alla Clivet di Villapaiera \u00e8 stato approvato a larghissima maggioranza il nuovo contratto integrativo 2026-2028, votato da circa 800 lavoratori. L\u2019accordo introduce un premio di risultato che pu\u00f2 arrivare fino a 1.800 euro l\u2019anno, legato a obiettivi di produttivit\u00e0, qualit\u00e0 ed efficienza, con un\u2019attenzione particolare alle famiglie: maternit\u00e0 e congedi parentali vengono infatti considerati come presenza. La novit\u00e0 pi\u00f9 rilevante riguarda per\u00f2 la tutela per le malattie gravi, con la possibilit\u00e0 di un\u2019aspettativa retribuita all\u201980% fino a 24 mesi oltre il periodo di comporto, una misura definita dai sindacati una vera scelta di civilt\u00e0.<\/p>\n<p data-start=\"789\" data-end=\"1243\" data-is-last-node=\"\" data-is-only-node=\"\">Di segno opposto la situazione alla Edim Bosch. \u00c8 stata rinnovata la richiesta di cassa integrazione fino al 5 maggio per i 186 lavoratori degli stabilimenti di Quero e Villasanta, in attesa di un possibile acquirente. Oggi i dipendenti attivi sono 120, mentre oltre 180 hanno gi\u00e0 lasciato l\u2019azienda. La cassa integrazione resta uno strumento indispensabile per mantenere aperta la fabbrica, ma al momento non ci sono ancora segnali concreti di rilancio.<\/p>\n<\/div>\n<\/div>\n<\/div>\n<\/div>\n<div class=\"z-0 flex min-h-[46px] justify-start\"><\/div>\n<div class=\"mt-3 w-full empty:hidden\">\n<div class=\"text-center\"><\/div>\n<\/div>\n<\/div>\n<\/div>\n<\/article>\n<\/div>\n<div class=\"pointer-events-none h-px w-px absolute bottom-0\" aria-hidden=\"true\" data-edge=\"true\">\n<hr \/>\n<\/div>\n","protected":false},"excerpt":{"rendered":"<p>*** LAVORO TRA TUTELE E INCERTEZZE: CLIVET E EDIM BOSCH, DUE FACCE DELL\u2019INDUSTRIA FELTRINA FELTRE il lavoro racconta due storie molto diverse. Alla Clivet di Villapaiera \u00e8 stato approvato a larghissima maggioranza il nuovo contratto integrativo 2026-2028, votato da circa 800 lavoratori. L\u2019accordo introduce un premio di risultato che pu\u00f2 arrivare fino a 1.800 euro&hellip;<\/p>\n","protected":false},"author":4,"featured_media":278859,"comment_status":"closed","ping_status":"closed","sticky":false,"template":"","format":"standard","meta":{"_monsterinsights_skip_tracking":false,"_monsterinsights_sitenote_active":false,"_monsterinsights_sitenote_note":"","_monsterinsights_sitenote_category":0,"footnotes":""},"categories":[49],"tags":[],"class_list":["post-493795","post","type-post","status-publish","format-standard","has-post-thumbnail","hentry","category-news-18","category-49","description-off"],"img_url":"https:\/\/www.radiopiu.net\/wordpress\/wp-content\/uploads\/2022\/05\/foto_Clivet-1-scaled.jpg","_links":{"self":[{"href":"https:\/\/www.radiopiu.net\/wordpress\/wp-json\/wp\/v2\/posts\/493795","targetHints":{"allow":["GET"]}}],"collection":[{"href":"https:\/\/www.radiopiu.net\/wordpress\/wp-json\/wp\/v2\/posts"}],"about":[{"href":"https:\/\/www.radiopiu.net\/wordpress\/wp-json\/wp\/v2\/types\/post"}],"author":[{"embeddable":true,"href":"https:\/\/www.radiopiu.net\/wordpress\/wp-json\/wp\/v2\/users\/4"}],"replies":[{"embeddable":true,"href":"https:\/\/www.radiopiu.net\/wordpress\/wp-json\/wp\/v2\/comments?post=493795"}],"version-history":[{"count":1,"href":"https:\/\/www.radiopiu.net\/wordpress\/wp-json\/wp\/v2\/posts\/493795\/revisions"}],"predecessor-version":[{"id":493796,"href":"https:\/\/www.radiopiu.net\/wordpress\/wp-json\/wp\/v2\/posts\/493795\/revisions\/493796"}],"wp:featuredmedia":[{"embeddable":true,"href":"https:\/\/www.radiopiu.net\/wordpress\/wp-json\/wp\/v2\/media\/278859"}],"wp:attachment":[{"href":"https:\/\/www.radiopiu.net\/wordpress\/wp-json\/wp\/v2\/media?parent=493795"}],"wp:term":[{"taxonomy":"category","embeddable":true,"href":"https:\/\/www.radiopiu.net\/wordpress\/wp-json\/wp\/v2\/categories?post=493795"},{"taxonomy":"post_tag","embeddable":true,"href":"https:\/\/www.radiopiu.net\/wordpress\/wp-json\/wp\/v2\/tags?post=493795"}],"curies":[{"name":"wp","href":"https:\/\/api.w.org\/{rel}","templated":true}]}}