{"id":493845,"date":"2026-01-30T00:00:44","date_gmt":"2026-01-29T23:00:44","guid":{"rendered":"https:\/\/www.radiopiu.net\/wordpress\/?p=493845"},"modified":"2026-01-30T07:28:35","modified_gmt":"2026-01-30T06:28:35","slug":"questa-sera-alle-18-baita-alle-peschiere-taibon-agordino","status":"publish","type":"post","link":"https:\/\/www.radiopiu.net\/wordpress\/questa-sera-alle-18-baita-alle-peschiere-taibon-agordino\/","title":{"rendered":"QUESTA SERA ALLE 18 BAITA ALLE PESCHIERE, TAIBON AGORDINO"},"content":{"rendered":"<p>***<\/p>\n<p>OGGI IN VALLE DI SAN LUCANO LA PRESENTAZIONE DEL LIBRO DI ANDREA DE BERNARDIN<\/p>\n<h2 data-start=\"120\" data-end=\"164\"><a class=\"dt-pswp-item\" href=\"https:\/\/www.radiopiu.net\/wordpress\/wp-content\/uploads\/2026\/01\/bd70f3ac-8ac8-46e2-8e77-f6e98311e6aa.jpg\" data-dt-img-description=\"\" data-large_image_width=\"1152\" data-large_image_height=\"2048\"><img loading=\"lazy\" decoding=\"async\" class=\"size-medium wp-image-493846 aligncenter\" src=\"https:\/\/www.radiopiu.net\/wordpress\/wp-content\/uploads\/2026\/01\/bd70f3ac-8ac8-46e2-8e77-f6e98311e6aa-169x300.jpg\" alt=\"\" width=\"169\" height=\"300\" srcset=\"https:\/\/www.radiopiu.net\/wordpress\/wp-content\/uploads\/2026\/01\/bd70f3ac-8ac8-46e2-8e77-f6e98311e6aa-169x300.jpg 169w, https:\/\/www.radiopiu.net\/wordpress\/wp-content\/uploads\/2026\/01\/bd70f3ac-8ac8-46e2-8e77-f6e98311e6aa-576x1024.jpg 576w, https:\/\/www.radiopiu.net\/wordpress\/wp-content\/uploads\/2026\/01\/bd70f3ac-8ac8-46e2-8e77-f6e98311e6aa-768x1365.jpg 768w, https:\/\/www.radiopiu.net\/wordpress\/wp-content\/uploads\/2026\/01\/bd70f3ac-8ac8-46e2-8e77-f6e98311e6aa-864x1536.jpg 864w, https:\/\/www.radiopiu.net\/wordpress\/wp-content\/uploads\/2026\/01\/bd70f3ac-8ac8-46e2-8e77-f6e98311e6aa.jpg 1152w\" sizes=\"auto, (max-width: 169px) 100vw, 169px\" \/><\/a><\/h2>\n<h2 data-start=\"120\" data-end=\"164\">PROFILO DELL\u2019AUTORE \u2013 ANDREA DE BERNARDIN<\/h2>\n<p data-start=\"166\" data-end=\"687\">Andrea De Bernardin \u00e8 nato e cresciuto ai piedi della Marmolada, un territorio che ha segnato profondamente il suo percorso umano, culturale e politico. Da quasi trent\u2019anni gestisce il Museo della Grande Guerra di Passo Fedaia ed \u00e8 stato sindaco di Rocca Pietore per tre mandati consecutivi, dal 2009 al 2024. Studioso appassionato di storia, in particolare della montagna dolomitica e delle sue comunit\u00e0, ha fatto della memoria e dell\u2019identit\u00e0 delle terre alte il fulcro della propria attivit\u00e0 di ricerca e divulgazione.<\/p>\n<p data-start=\"689\" data-end=\"1054\">Autore di numerose pubblicazioni, ha indagato i temi della guerra in montagna, della trasformazione sociale delle valli alpine, del cambiamento climatico e dello spopolamento. Collabora con riviste e studi dedicati alla storia e alle tradizioni ladine, con uno sguardo che unisce rigore documentale ed esperienza diretta di amministratore e abitante della montagna.<\/p>\n<hr data-start=\"1056\" data-end=\"1059\" \/>\n<h2 data-start=\"1061\" data-end=\"1089\">PRESENTAZIONE DEL LIBRO<\/h2>\n<p data-start=\"1090\" data-end=\"1162\"><strong data-start=\"1090\" data-end=\"1145\">FUGA DALLA MONTAGNA. ELOGIO FUNEBRE O NUOVO FUTURO?<\/strong><br data-start=\"1145\" data-end=\"1148\" \/><em data-start=\"1148\" data-end=\"1162\">Edizioni DBS<\/em><\/p>\n<p data-start=\"1164\" data-end=\"1518\">Questo libro non \u00e8 un atto di nostalgia, n\u00e9 un lamento sul passato che non ritorna. \u00c8 una riflessione lucida, documentata e spesso scomoda su ci\u00f2 che sta accadendo alle montagne italiane. Andrea De Bernardin parte dalla propria esperienza personale e amministrativa per affrontare uno dei nodi cruciali del nostro tempo: lo spopolamento delle terre alte.<\/p>\n<p data-start=\"1520\" data-end=\"1976\">Attraverso dati demografici, confronti storici, analisi territoriali e casi concreti \u2013 in particolare quello agordino \u2013 l\u2019autore smonta l\u2019idea che l\u2019abbandono della montagna sia un destino inevitabile. Il libro attraversa temi come il cambiamento climatico, l\u2019abbandono dei territori, le politiche pubbliche, il rapporto tra pianura e montagna, fino ad arrivare a una domanda centrale: la montagna \u00e8 davvero finita o pu\u00f2 ancora essere uno spazio di futuro?<\/p>\n<p data-start=\"1978\" data-end=\"2220\">\u201cFuga dalla montagna\u201d \u00e8 un libro che chiama in causa responsabilit\u00e0 collettive, scelte politiche e culturali, ma anche possibilit\u00e0 concrete di rinascita. Un testo che non offre soluzioni facili, ma strumenti per pensare, discutere e decidere.<\/p>\n<hr \/>\n<p data-start=\"1978\" data-end=\"2220\">\n","protected":false},"excerpt":{"rendered":"<p>*** OGGI IN VALLE DI SAN LUCANO LA PRESENTAZIONE DEL LIBRO DI ANDREA DE BERNARDIN PROFILO DELL\u2019AUTORE \u2013 ANDREA DE BERNARDIN Andrea De Bernardin \u00e8 nato e cresciuto ai piedi della Marmolada, un territorio che ha segnato profondamente il suo percorso umano, culturale e politico. Da quasi trent\u2019anni gestisce il Museo della Grande Guerra di&hellip;<\/p>\n","protected":false},"author":4,"featured_media":493846,"comment_status":"closed","ping_status":"closed","sticky":false,"template":"","format":"standard","meta":{"_monsterinsights_skip_tracking":false,"_monsterinsights_sitenote_active":false,"_monsterinsights_sitenote_note":"","_monsterinsights_sitenote_category":0,"footnotes":""},"categories":[49],"tags":[],"class_list":["post-493845","post","type-post","status-publish","format-standard","has-post-thumbnail","hentry","category-news-18","category-49","description-off"],"img_url":"https:\/\/www.radiopiu.net\/wordpress\/wp-content\/uploads\/2026\/01\/bd70f3ac-8ac8-46e2-8e77-f6e98311e6aa.jpg","_links":{"self":[{"href":"https:\/\/www.radiopiu.net\/wordpress\/wp-json\/wp\/v2\/posts\/493845","targetHints":{"allow":["GET"]}}],"collection":[{"href":"https:\/\/www.radiopiu.net\/wordpress\/wp-json\/wp\/v2\/posts"}],"about":[{"href":"https:\/\/www.radiopiu.net\/wordpress\/wp-json\/wp\/v2\/types\/post"}],"author":[{"embeddable":true,"href":"https:\/\/www.radiopiu.net\/wordpress\/wp-json\/wp\/v2\/users\/4"}],"replies":[{"embeddable":true,"href":"https:\/\/www.radiopiu.net\/wordpress\/wp-json\/wp\/v2\/comments?post=493845"}],"version-history":[{"count":1,"href":"https:\/\/www.radiopiu.net\/wordpress\/wp-json\/wp\/v2\/posts\/493845\/revisions"}],"predecessor-version":[{"id":493847,"href":"https:\/\/www.radiopiu.net\/wordpress\/wp-json\/wp\/v2\/posts\/493845\/revisions\/493847"}],"wp:featuredmedia":[{"embeddable":true,"href":"https:\/\/www.radiopiu.net\/wordpress\/wp-json\/wp\/v2\/media\/493846"}],"wp:attachment":[{"href":"https:\/\/www.radiopiu.net\/wordpress\/wp-json\/wp\/v2\/media?parent=493845"}],"wp:term":[{"taxonomy":"category","embeddable":true,"href":"https:\/\/www.radiopiu.net\/wordpress\/wp-json\/wp\/v2\/categories?post=493845"},{"taxonomy":"post_tag","embeddable":true,"href":"https:\/\/www.radiopiu.net\/wordpress\/wp-json\/wp\/v2\/tags?post=493845"}],"curies":[{"name":"wp","href":"https:\/\/api.w.org\/{rel}","templated":true}]}}