{"id":493860,"date":"2026-01-31T05:51:30","date_gmt":"2026-01-31T04:51:30","guid":{"rendered":"https:\/\/www.radiopiu.net\/wordpress\/?p=493860"},"modified":"2026-01-31T06:05:51","modified_gmt":"2026-01-31T05:05:51","slug":"controlli-su-bici-e-monopattini-scattano-le-sanzioni-per-la-sicurezza-stradale","status":"publish","type":"post","link":"https:\/\/www.radiopiu.net\/wordpress\/controlli-su-bici-e-monopattini-scattano-le-sanzioni-per-la-sicurezza-stradale\/","title":{"rendered":"CONTROLLI SU BICI E MONOPATTINI: SCATTANO LE SANZIONI PER LA SICUREZZA STRADALE"},"content":{"rendered":"<p><strong>***<\/strong><\/p>\n<p><strong>BELLUNO<\/strong><\/p>\n<div class=\"flex flex-col text-sm pb-25\">\n<article class=\"text-token-text-primary w-full focus:outline-none [--shadow-height:45px] has-data-writing-block:pointer-events-none has-data-writing-block:-mt-(--shadow-height) has-data-writing-block:pt-(--shadow-height) [&amp;:has([data-writing-block])&gt;*]:pointer-events-auto scroll-mt-[calc(var(--header-height)+min(200px,max(70px,20svh)))]\" dir=\"auto\" tabindex=\"-1\" data-turn-id=\"819a70f7-80c0-439a-bf5f-306c75d67bd3\" data-testid=\"conversation-turn-231\" data-scroll-anchor=\"true\" data-turn=\"assistant\">\n<div class=\"text-base my-auto mx-auto pb-10 [--thread-content-margin:--spacing(4)] @w-sm\/main:[--thread-content-margin:--spacing(6)] @w-lg\/main:[--thread-content-margin:--spacing(16)] px-(--thread-content-margin)\">\n<div class=\"[--thread-content-max-width:40rem] @w-lg\/main:[--thread-content-max-width:48rem] mx-auto max-w-(--thread-content-max-width) flex-1 group\/turn-messages focus-visible:outline-hidden relative flex w-full min-w-0 flex-col agent-turn\" tabindex=\"-1\">\n<div class=\"flex max-w-full flex-col grow\">\n<div class=\"min-h-8 text-message relative flex w-full flex-col items-end gap-2 text-start break-words whitespace-normal [.text-message+&amp;]:mt-1\" dir=\"auto\" data-message-author-role=\"assistant\" data-message-id=\"03aee4ff-58ab-48a1-a57c-2a81d5681269\" data-message-model-slug=\"gpt-5-2\">\n<div class=\"flex w-full flex-col gap-1 empty:hidden first:pt-[1px]\">\n<div class=\"markdown prose dark:prose-invert w-full wrap-break-word dark markdown-new-styling\">\n<p data-start=\"85\" data-end=\"539\"><a class=\"dt-pswp-item\" href=\"https:\/\/www.radiopiu.net\/wordpress\/wp-content\/uploads\/2026\/01\/Campagna-controlli-gennaio.jpeg\" data-dt-img-description=\"\" data-large_image_width=\"2048\" data-large_image_height=\"1536\"><img loading=\"lazy\" decoding=\"async\" class=\"size-medium wp-image-493861 alignleft\" src=\"https:\/\/www.radiopiu.net\/wordpress\/wp-content\/uploads\/2026\/01\/Campagna-controlli-gennaio-300x225.jpeg\" alt=\"\" width=\"300\" height=\"225\" srcset=\"https:\/\/www.radiopiu.net\/wordpress\/wp-content\/uploads\/2026\/01\/Campagna-controlli-gennaio-300x225.jpeg 300w, https:\/\/www.radiopiu.net\/wordpress\/wp-content\/uploads\/2026\/01\/Campagna-controlli-gennaio-1024x768.jpeg 1024w, https:\/\/www.radiopiu.net\/wordpress\/wp-content\/uploads\/2026\/01\/Campagna-controlli-gennaio-768x576.jpeg 768w, https:\/\/www.radiopiu.net\/wordpress\/wp-content\/uploads\/2026\/01\/Campagna-controlli-gennaio-1536x1152.jpeg 1536w, https:\/\/www.radiopiu.net\/wordpress\/wp-content\/uploads\/2026\/01\/Campagna-controlli-gennaio.jpeg 2048w\" sizes=\"auto, (max-width: 300px) 100vw, 300px\" \/><\/a>Un mese di controlli capillari su tutto il territorio comunale, con particolare attenzione agli utenti pi\u00f9 vulnerabili della strada: \u00e8 il bilancio dell\u2019attivit\u00e0 svolta dalla Polizia locale nel mese di gennaio, nell\u2019ambito di una campagna mirata sulla mobilit\u00e0 sostenibile. Un periodo non casuale, segnato da poche ore di luce e da condizioni meteo spesso difficili, che rendono ancora pi\u00f9 delicato muoversi in citt\u00e0 su biciclette e monopattini elettrici. Nel corso delle verifiche sono scattate diverse sanzioni, soprattutto per la mancanza del casco alla guida dei monopattini e per l\u2019assenza degli indicatori di direzione, dispositivi fondamentali per segnalare correttamente le manovre e prevenire incidenti. Infrazioni che incidono direttamente sulla sicurezza personale e su quella degli altri utenti della strada. \u00abLa sicurezza stradale non riguarda solo auto e limiti di velocit\u00e0 \u2013 sottolinea il sindaco Oscar De Pellegrin \u2013 ma coinvolge sempre di pi\u00f9 chi si muove in bicicletta o utilizza i monopattini elettrici. Sono mezzi ormai entrati nella quotidianit\u00e0 e proprio per questo \u00e8 fondamentale continuare a fare chiarezza sulle regole\u00bb. Gli agenti del Comando di via D\u2019Inc\u00e0 hanno operato attraverso posti di controllo fissi e verifiche itineranti nelle zone pi\u00f9 trafficate e lungo i principali percorsi urbani. Oltre al comportamento dei conducenti, \u00e8 stato controllato lo stato dei mezzi, con particolare attenzione a luci, catadiottri e dotazioni obbligatorie per garantire la visibilit\u00e0 serale. \u00abQuesto tipo di controlli proseguir\u00e0 anche nei prossimi mesi \u2013 spiega il comandante della Polizia locale Antonio Codemo \u2013 perch\u00e9 il rispetto delle regole \u00e8 essenziale non solo per chi utilizza questi mezzi, ma per la sicurezza di tutta la collettivit\u00e0\u00bb. L\u2019iniziativa si inserisce in un pi\u00f9 ampio programma di prevenzione e sensibilizzazione, con l\u2019obiettivo di accompagnare la crescita della mobilit\u00e0 sostenibile con comportamenti responsabili e consapevoli.<\/p>\n<p>__<\/p>\n<\/div>\n<\/div>\n<\/div>\n<\/div>\n<div class=\"z-0 flex min-h-[46px] justify-start\"><\/div>\n<div class=\"mt-3 w-full empty:hidden\">\n<div class=\"text-center\"><\/div>\n<\/div>\n<\/div>\n<\/div>\n<\/article>\n<\/div>\n<div class=\"pointer-events-none h-px w-px absolute bottom-0\" aria-hidden=\"true\" data-edge=\"true\"><\/div>\n","protected":false},"excerpt":{"rendered":"<p>*** BELLUNO Un mese di controlli capillari su tutto il territorio comunale, con particolare attenzione agli utenti pi\u00f9 vulnerabili della strada: \u00e8 il bilancio dell\u2019attivit\u00e0 svolta dalla Polizia locale nel mese di gennaio, nell\u2019ambito di una campagna mirata sulla mobilit\u00e0 sostenibile. Un periodo non casuale, segnato da poche ore di luce e da condizioni meteo&hellip;<\/p>\n","protected":false},"author":4,"featured_media":493861,"comment_status":"closed","ping_status":"closed","sticky":false,"template":"","format":"standard","meta":{"_monsterinsights_skip_tracking":false,"_monsterinsights_sitenote_active":false,"_monsterinsights_sitenote_note":"","_monsterinsights_sitenote_category":0,"footnotes":""},"categories":[51,49],"tags":[],"class_list":["post-493860","post","type-post","status-publish","format-standard","has-post-thumbnail","hentry","category-evidenza-top","category-news-18","category-51","category-49","description-off"],"img_url":"https:\/\/www.radiopiu.net\/wordpress\/wp-content\/uploads\/2026\/01\/Campagna-controlli-gennaio.jpeg","_links":{"self":[{"href":"https:\/\/www.radiopiu.net\/wordpress\/wp-json\/wp\/v2\/posts\/493860","targetHints":{"allow":["GET"]}}],"collection":[{"href":"https:\/\/www.radiopiu.net\/wordpress\/wp-json\/wp\/v2\/posts"}],"about":[{"href":"https:\/\/www.radiopiu.net\/wordpress\/wp-json\/wp\/v2\/types\/post"}],"author":[{"embeddable":true,"href":"https:\/\/www.radiopiu.net\/wordpress\/wp-json\/wp\/v2\/users\/4"}],"replies":[{"embeddable":true,"href":"https:\/\/www.radiopiu.net\/wordpress\/wp-json\/wp\/v2\/comments?post=493860"}],"version-history":[{"count":1,"href":"https:\/\/www.radiopiu.net\/wordpress\/wp-json\/wp\/v2\/posts\/493860\/revisions"}],"predecessor-version":[{"id":493862,"href":"https:\/\/www.radiopiu.net\/wordpress\/wp-json\/wp\/v2\/posts\/493860\/revisions\/493862"}],"wp:featuredmedia":[{"embeddable":true,"href":"https:\/\/www.radiopiu.net\/wordpress\/wp-json\/wp\/v2\/media\/493861"}],"wp:attachment":[{"href":"https:\/\/www.radiopiu.net\/wordpress\/wp-json\/wp\/v2\/media?parent=493860"}],"wp:term":[{"taxonomy":"category","embeddable":true,"href":"https:\/\/www.radiopiu.net\/wordpress\/wp-json\/wp\/v2\/categories?post=493860"},{"taxonomy":"post_tag","embeddable":true,"href":"https:\/\/www.radiopiu.net\/wordpress\/wp-json\/wp\/v2\/tags?post=493860"}],"curies":[{"name":"wp","href":"https:\/\/api.w.org\/{rel}","templated":true}]}}