{"id":493867,"date":"2026-01-30T15:28:31","date_gmt":"2026-01-30T14:28:31","guid":{"rendered":"https:\/\/www.radiopiu.net\/wordpress\/?p=493867"},"modified":"2026-01-31T06:07:00","modified_gmt":"2026-01-31T05:07:00","slug":"iscrizioni-da-record-per-kailas-fuga-dolomiti-extreme-trail-2026","status":"publish","type":"post","link":"https:\/\/www.radiopiu.net\/wordpress\/iscrizioni-da-record-per-kailas-fuga-dolomiti-extreme-trail-2026\/","title":{"rendered":"ISCRIZIONI DA RECORD PER KAILAS FUGA DOLOMITI EXTREME TRAIL 2026"},"content":{"rendered":"<p>********<\/p>\n<p>&nbsp;<\/p>\n<p><a class=\"dt-pswp-item\" href=\"https:\/\/www.radiopiu.net\/wordpress\/wp-content\/uploads\/2026\/01\/RobertoDePellegrin_DXT-2023-sullo-sfondo-il-monte-PELMO.jpg\" data-dt-img-description=\"\" data-large_image_width=\"2000\" data-large_image_height=\"1333\"><img loading=\"lazy\" decoding=\"async\" class=\" wp-image-493868 aligncenter\" src=\"https:\/\/www.radiopiu.net\/wordpress\/wp-content\/uploads\/2026\/01\/RobertoDePellegrin_DXT-2023-sullo-sfondo-il-monte-PELMO-300x200.jpg\" alt=\"\" width=\"185\" height=\"123\" srcset=\"https:\/\/www.radiopiu.net\/wordpress\/wp-content\/uploads\/2026\/01\/RobertoDePellegrin_DXT-2023-sullo-sfondo-il-monte-PELMO-300x200.jpg 300w, https:\/\/www.radiopiu.net\/wordpress\/wp-content\/uploads\/2026\/01\/RobertoDePellegrin_DXT-2023-sullo-sfondo-il-monte-PELMO-1024x682.jpg 1024w, https:\/\/www.radiopiu.net\/wordpress\/wp-content\/uploads\/2026\/01\/RobertoDePellegrin_DXT-2023-sullo-sfondo-il-monte-PELMO-768x512.jpg 768w, https:\/\/www.radiopiu.net\/wordpress\/wp-content\/uploads\/2026\/01\/RobertoDePellegrin_DXT-2023-sullo-sfondo-il-monte-PELMO-1536x1024.jpg 1536w, https:\/\/www.radiopiu.net\/wordpress\/wp-content\/uploads\/2026\/01\/RobertoDePellegrin_DXT-2023-sullo-sfondo-il-monte-PELMO.jpg 2000w\" sizes=\"auto, (max-width: 185px) 100vw, 185px\" \/><\/a><\/p>\n<p>&nbsp;<\/p>\n<p><strong>VAL DI ZOLDO <\/strong>Anche in questo inverno 2026 KAILAS FUGA Dolomiti Extreme Trail continua a correre veloce. A tre mesi dall\u2019apertura delle iscrizioni, l\u2019evento di trail running che si disputa in Val di Zoldo, nel cuore delle Dolomiti Bellunesi patrimonio dell\u2019umanit\u00e0 UNESCO, fa registrare numeri importanti per quanto riguarda le adesioni, in linea con quanto accaduto negli ultimi anni. Al momento le iscrizioni hanno superato quota 2.200 e confermano l\u2019alto gradimento che la manifestazione dolomitica, conosciuta e apprezzata per il suo elevato tasso tecnico (non a caso \u201cExtreme\u201d), riscuote presso il pubblico straniero. Gli atleti fin qui iscritti, infatti, per oltre il 50% sono stranieri e le nazioni rappresentate sono 60. \u00abCi stiamo avvicinando al numero record di 69 nazioni presenti stabilito lo scorso anno, con l\u2019auspicio di poterlo battere. Gli stranieri al momento costituiscono il 52% degli iscritti totali e questo dato non pu\u00f2 che farci piacere, considerato che KAILAS FUGA Dolomiti Extreme Trail vuole essere anche un\u2019opportunit\u00e0 di promozione per la nostra valle\u00bb dicono Corrado De Rocco e Paolo Franchi, coordinatori dello staff organizzativo di KAILAS FUGA Dolomiti Extreme Trail. \u00abStanno crescendo, in particolare, gli iscritti alle gare pi\u00f9 lunghe: la 103K, con un aumento del 10%, la 72K, che ha fatto registrare un sorprendente +46%, e la gara storica, la prima nata, cio\u00e8 la 55K, con un ottimo +30%\u00bb. KAILAS FUGA Dolomiti Extreme Trail, che nel 2026 celebrer\u00e0 la tredicesima edizione, si disputer\u00e0 dal 12 al 14 giugno. Tra poche ore ci sar\u00e0 il cambio quota, il secondo dopo quello dell\u20191 novembre. Chi volesse approfittare di un costo vantaggioso per le diverse distanze ha tempo fino alla mezzanotte di sabato 31 gennaio. Da domenica 1 febbraio scatteranno le nuove quote, in vigore fino al 30 aprile.<\/p>\n<p>&nbsp;<\/p>\n<p>&nbsp;<\/p>\n<p>&nbsp;<\/p>\n<p>*********<\/p>\n","protected":false},"excerpt":{"rendered":"<p>******** &nbsp; &nbsp; VAL DI ZOLDO Anche in questo inverno 2026 KAILAS FUGA Dolomiti Extreme Trail continua a correre veloce. A tre mesi dall\u2019apertura delle iscrizioni, l\u2019evento di trail running che si disputa in Val di Zoldo, nel cuore delle Dolomiti Bellunesi patrimonio dell\u2019umanit\u00e0 UNESCO, fa registrare numeri importanti per quanto riguarda le adesioni, in&hellip;<\/p>\n","protected":false},"author":4,"featured_media":493868,"comment_status":"closed","ping_status":"closed","sticky":false,"template":"","format":"standard","meta":{"_monsterinsights_skip_tracking":false,"_monsterinsights_sitenote_active":false,"_monsterinsights_sitenote_note":"","_monsterinsights_sitenote_category":0,"footnotes":""},"categories":[104,49],"tags":[],"class_list":["post-493867","post","type-post","status-publish","format-standard","has-post-thumbnail","hentry","category-evidenza_3","category-news-18","category-104","category-49","description-off"],"img_url":"https:\/\/www.radiopiu.net\/wordpress\/wp-content\/uploads\/2026\/01\/RobertoDePellegrin_DXT-2023-sullo-sfondo-il-monte-PELMO.jpg","_links":{"self":[{"href":"https:\/\/www.radiopiu.net\/wordpress\/wp-json\/wp\/v2\/posts\/493867","targetHints":{"allow":["GET"]}}],"collection":[{"href":"https:\/\/www.radiopiu.net\/wordpress\/wp-json\/wp\/v2\/posts"}],"about":[{"href":"https:\/\/www.radiopiu.net\/wordpress\/wp-json\/wp\/v2\/types\/post"}],"author":[{"embeddable":true,"href":"https:\/\/www.radiopiu.net\/wordpress\/wp-json\/wp\/v2\/users\/4"}],"replies":[{"embeddable":true,"href":"https:\/\/www.radiopiu.net\/wordpress\/wp-json\/wp\/v2\/comments?post=493867"}],"version-history":[{"count":1,"href":"https:\/\/www.radiopiu.net\/wordpress\/wp-json\/wp\/v2\/posts\/493867\/revisions"}],"predecessor-version":[{"id":493869,"href":"https:\/\/www.radiopiu.net\/wordpress\/wp-json\/wp\/v2\/posts\/493867\/revisions\/493869"}],"wp:featuredmedia":[{"embeddable":true,"href":"https:\/\/www.radiopiu.net\/wordpress\/wp-json\/wp\/v2\/media\/493868"}],"wp:attachment":[{"href":"https:\/\/www.radiopiu.net\/wordpress\/wp-json\/wp\/v2\/media?parent=493867"}],"wp:term":[{"taxonomy":"category","embeddable":true,"href":"https:\/\/www.radiopiu.net\/wordpress\/wp-json\/wp\/v2\/categories?post=493867"},{"taxonomy":"post_tag","embeddable":true,"href":"https:\/\/www.radiopiu.net\/wordpress\/wp-json\/wp\/v2\/tags?post=493867"}],"curies":[{"name":"wp","href":"https:\/\/api.w.org\/{rel}","templated":true}]}}